{"id":981,"date":"2020-02-07T11:45:05","date_gmt":"2020-02-07T11:45:05","guid":{"rendered":"https:\/\/madridsindical.es\/archivo\/?p=981"},"modified":"2025-11-06T12:26:14","modified_gmt":"2025-11-06T12:26:14","slug":"amparocliment","status":"publish","type":"post","link":"https:\/\/madridsindical.es\/archivo\/2020\/02\/07\/amparocliment\/","title":{"rendered":"Entrevista a Amparo Climent, actriz, guionista y directora"},"content":{"rendered":"\t\t<div data-elementor-type=\"wp-post\" data-elementor-id=\"981\" class=\"elementor elementor-981\">\n\t\t\t\t\t\t<section class=\"elementor-section elementor-top-section elementor-element elementor-element-534ae02 elementor-section-boxed elementor-section-height-default elementor-section-height-default\" data-id=\"534ae02\" data-element_type=\"section\">\n\t\t\t\t\t\t<div class=\"elementor-container elementor-column-gap-default\">\n\t\t\t\t\t<div class=\"elementor-column elementor-col-100 elementor-top-column elementor-element elementor-element-3a20972\" data-id=\"3a20972\" data-element_type=\"column\">\n\t\t\t<div class=\"elementor-widget-wrap elementor-element-populated\">\n\t\t\t\t\t\t<div class=\"elementor-element elementor-element-fad84b2 elementor-widget elementor-widget-heading\" data-id=\"fad84b2\" data-element_type=\"widget\" data-widget_type=\"heading.default\">\n\t\t\t\t<div class=\"elementor-widget-container\">\n\t\t\t\t\t<h1 class=\"elementor-heading-title elementor-size-xl\">\u201cEl ensa\u00f1amiento franquista contra las mujeres republicanas fue terror\u00edfico\u201d<\/h1>\t\t\t\t<\/div>\n\t\t\t\t<\/div>\n\t\t\t\t\t<\/div>\n\t\t<\/div>\n\t\t\t\t\t<\/div>\n\t\t<\/section>\n\t\t\t\t<section class=\"elementor-section elementor-top-section elementor-element elementor-element-3a67a9f elementor-section-boxed elementor-section-height-default elementor-section-height-default\" data-id=\"3a67a9f\" data-element_type=\"section\">\n\t\t\t\t\t\t<div class=\"elementor-container elementor-column-gap-default\">\n\t\t\t\t\t<div class=\"elementor-column elementor-col-100 elementor-top-column elementor-element elementor-element-ef094a5\" data-id=\"ef094a5\" data-element_type=\"column\">\n\t\t\t<div class=\"elementor-widget-wrap elementor-element-populated\">\n\t\t\t\t\t\t<section class=\"elementor-section elementor-inner-section elementor-element elementor-element-8de834b elementor-section-boxed elementor-section-height-default elementor-section-height-default\" data-id=\"8de834b\" data-element_type=\"section\">\n\t\t\t\t\t\t<div class=\"elementor-container elementor-column-gap-default\">\n\t\t\t\t\t<div class=\"elementor-column elementor-col-50 elementor-inner-column elementor-element elementor-element-e553930\" data-id=\"e553930\" data-element_type=\"column\">\n\t\t\t<div class=\"elementor-widget-wrap elementor-element-populated\">\n\t\t\t\t\t\t<div class=\"elementor-element elementor-element-73d9711 elementor-widget elementor-widget-image\" data-id=\"73d9711\" data-element_type=\"widget\" data-widget_type=\"image.default\">\n\t\t\t\t<div class=\"elementor-widget-container\">\n\t\t\t\t\t\t\t\t\t\t\t\t\t\t\t<img fetchpriority=\"high\" decoding=\"async\" width=\"683\" height=\"1024\" src=\"https:\/\/madridsindical.es\/archivo\/wp-content\/uploads\/2020\/02\/1581074346720_002IMG_2501-01-683x1024.jpeg\" class=\"attachment-large size-large wp-image-982\" alt=\"\" srcset=\"https:\/\/madridsindical.es\/archivo\/wp-content\/uploads\/2020\/02\/1581074346720_002IMG_2501-01-683x1024.jpeg 683w, https:\/\/madridsindical.es\/archivo\/wp-content\/uploads\/2020\/02\/1581074346720_002IMG_2501-01-200x300.jpeg 200w, https:\/\/madridsindical.es\/archivo\/wp-content\/uploads\/2020\/02\/1581074346720_002IMG_2501-01-768x1152.jpeg 768w, https:\/\/madridsindical.es\/archivo\/wp-content\/uploads\/2020\/02\/1581074346720_002IMG_2501-01-1024x1536.jpeg 1024w, https:\/\/madridsindical.es\/archivo\/wp-content\/uploads\/2020\/02\/1581074346720_002IMG_2501-01-1365x2048.jpeg 1365w, https:\/\/madridsindical.es\/archivo\/wp-content\/uploads\/2020\/02\/1581074346720_002IMG_2501-01-367x550.jpeg 367w, https:\/\/madridsindical.es\/archivo\/wp-content\/uploads\/2020\/02\/1581074346720_002IMG_2501-01-333x500.jpeg 333w, https:\/\/madridsindical.es\/archivo\/wp-content\/uploads\/2020\/02\/1581074346720_002IMG_2501-01-scaled.jpeg 1707w\" sizes=\"(max-width: 683px) 100vw, 683px\" \/>\t\t\t\t\t\t\t\t\t\t\t\t\t\t\t<\/div>\n\t\t\t\t<\/div>\n\t\t\t\t\t<\/div>\n\t\t<\/div>\n\t\t\t\t<div class=\"elementor-column elementor-col-50 elementor-inner-column elementor-element elementor-element-790e362\" data-id=\"790e362\" data-element_type=\"column\">\n\t\t\t<div class=\"elementor-widget-wrap elementor-element-populated\">\n\t\t\t\t\t\t<div class=\"elementor-element elementor-element-77c1999 elementor-widget elementor-widget-text-editor\" data-id=\"77c1999\" data-element_type=\"widget\" data-widget_type=\"text-editor.default\">\n\t\t\t\t<div class=\"elementor-widget-container\">\n\t\t\t\t\t\t\t\t\t<h3><b>\u201cLas cartas perdidas\u201d, escrita y dirigida por la actriz y directora valenciana, rinde homenaje a las mujeres v\u00edctimas de la represi\u00f3n fascista a partir del golpe de estado de 1936.<\/b><\/h3><div><b>\u00a0<\/b><\/div>\t\t\t\t\t\t\t\t<\/div>\n\t\t\t\t<\/div>\n\t\t\t\t<div class=\"elementor-element elementor-element-b7dadd7 elementor-widget elementor-widget-text-editor\" data-id=\"b7dadd7\" data-element_type=\"widget\" data-widget_type=\"text-editor.default\">\n\t\t\t\t<div class=\"elementor-widget-container\">\n\t\t\t\t\t\t\t\t\t<h3><b>La obra se represent\u00f3 en el escenario del Auditorio Marcelino Camacho el pasado viernes 14 de febrero<\/b><\/h3><div><b>\u00a0<\/b><\/div><div><b>\u00a0<\/b><\/div><div><b>\u00a0<\/b><\/div><div><b>\u00a0<\/b><\/div>\t\t\t\t\t\t\t\t<\/div>\n\t\t\t\t<\/div>\n\t\t\t\t<div class=\"elementor-element elementor-element-9c7e4bf elementor-widget elementor-widget-text-editor\" data-id=\"9c7e4bf\" data-element_type=\"widget\" data-widget_type=\"text-editor.default\">\n\t\t\t\t<div class=\"elementor-widget-container\">\n\t\t\t\t\t\t\t\t\t<h3><em><b>&nbsp;<\/b><\/em><\/h3>\n<h4><em style=\"font-size: 1.875em;\"><b>\u201cTenemos que saber la verdad de lo que pas\u00f3 para que los cimientos de nuestro futuro sean s\u00f3lidos\u201d<\/b><\/em><br><\/h4>\t\t\t\t\t\t\t\t<\/div>\n\t\t\t\t<\/div>\n\t\t\t\t\t<\/div>\n\t\t<\/div>\n\t\t\t\t\t<\/div>\n\t\t<\/section>\n\t\t\t\t\t<\/div>\n\t\t<\/div>\n\t\t\t\t\t<\/div>\n\t\t<\/section>\n\t\t\t\t<section class=\"elementor-section elementor-top-section elementor-element elementor-element-81d9ad3 elementor-section-boxed elementor-section-height-default elementor-section-height-default\" data-id=\"81d9ad3\" data-element_type=\"section\">\n\t\t\t\t\t\t<div class=\"elementor-container elementor-column-gap-default\">\n\t\t\t\t\t<div class=\"elementor-column elementor-col-100 elementor-top-column elementor-element elementor-element-fadcbde\" data-id=\"fadcbde\" data-element_type=\"column\">\n\t\t\t<div class=\"elementor-widget-wrap elementor-element-populated\">\n\t\t\t\t\t\t<section class=\"elementor-section elementor-inner-section elementor-element elementor-element-7e0bf20 elementor-section-boxed elementor-section-height-default elementor-section-height-default\" data-id=\"7e0bf20\" data-element_type=\"section\">\n\t\t\t\t\t\t<div class=\"elementor-container elementor-column-gap-default\">\n\t\t\t\t\t<div class=\"elementor-column elementor-col-50 elementor-inner-column elementor-element elementor-element-eeb944d\" data-id=\"eeb944d\" data-element_type=\"column\">\n\t\t\t<div class=\"elementor-widget-wrap elementor-element-populated\">\n\t\t\t\t\t\t<div class=\"elementor-element elementor-element-a6f29fa elementor-widget elementor-widget-text-editor\" data-id=\"a6f29fa\" data-element_type=\"widget\" data-widget_type=\"text-editor.default\">\n\t\t\t\t<div class=\"elementor-widget-container\">\n\t\t\t\t\t\t\t\t\t<p><strong>Entrevista: <a href=\"http:\/\/@Alexacostabrava\" data-wplink-url-error=\"true\">Alejandra Acosta<\/a> \/\/ Fotos: <a href=\"http:\/\/@frlorente\" data-wplink-url-error=\"true\">Fran Lorente<\/a><\/strong><\/p><p>\u00a0<\/p><p><b>Madrid Sindical<\/b><span style=\"font-weight: 400;\">: <strong>\u00bfC\u00f3mo surge el proyecto de \u201cLas cartas perdidas\u201d?<\/strong><\/span><\/p><p><b>Amparo Climent<\/b><span style=\"font-weight: 400;\">: Llevaba tiempo queriendo hacer algo sobre las mujeres republicanas. Como en 2019 se cumpl\u00edan ochenta a\u00f1os del exilio tras la guerra civil pens\u00e9 que era un buen momento para sacar a la luz su historia, tantos a\u00f1os silenciada, y se me ocurri\u00f3 desarrollar un relato tomando como punto de partida una carta.\u00a0<\/span><\/p>\t\t\t\t\t\t\t\t<\/div>\n\t\t\t\t<\/div>\n\t\t\t\t\t<\/div>\n\t\t<\/div>\n\t\t\t\t<div class=\"elementor-column elementor-col-50 elementor-inner-column elementor-element elementor-element-104f6f0\" data-id=\"104f6f0\" data-element_type=\"column\">\n\t\t\t<div class=\"elementor-widget-wrap elementor-element-populated\">\n\t\t\t\t\t\t<div class=\"elementor-element elementor-element-67a3cb3 elementor-widget elementor-widget-video\" data-id=\"67a3cb3\" data-element_type=\"widget\" data-settings=\"{&quot;youtube_url&quot;:&quot;https:\\\/\\\/www.youtube.com\\\/watch?v=M9tindWza4s&amp;feature=emb_title&quot;,&quot;video_type&quot;:&quot;youtube&quot;,&quot;controls&quot;:&quot;yes&quot;}\" data-widget_type=\"video.default\">\n\t\t\t\t<div class=\"elementor-widget-container\">\n\t\t\t\t\t\t\t<div class=\"elementor-wrapper elementor-open-inline\">\n\t\t\t<div class=\"elementor-video\"><\/div>\t\t<\/div>\n\t\t\t\t\t\t<\/div>\n\t\t\t\t<\/div>\n\t\t\t\t\t<\/div>\n\t\t<\/div>\n\t\t\t\t\t<\/div>\n\t\t<\/section>\n\t\t\t\t\t<\/div>\n\t\t<\/div>\n\t\t\t\t\t<\/div>\n\t\t<\/section>\n\t\t\t\t<section class=\"elementor-section elementor-top-section elementor-element elementor-element-428a13b elementor-section-boxed elementor-section-height-default elementor-section-height-default\" data-id=\"428a13b\" data-element_type=\"section\">\n\t\t\t\t\t\t<div class=\"elementor-container elementor-column-gap-default\">\n\t\t\t\t\t<div class=\"elementor-column elementor-col-100 elementor-top-column elementor-element elementor-element-0564347\" data-id=\"0564347\" data-element_type=\"column\">\n\t\t\t<div class=\"elementor-widget-wrap elementor-element-populated\">\n\t\t\t\t\t\t<div class=\"elementor-element elementor-element-95e13ba elementor-widget elementor-widget-text-editor\" data-id=\"95e13ba\" data-element_type=\"widget\" data-widget_type=\"text-editor.default\">\n\t\t\t\t<div class=\"elementor-widget-container\">\n\t\t\t\t\t\t\t\t\t<p><b>MS:<\/b><strong> \u00bfUna carta real?<\/strong><\/p><p><b>AC:<\/b><span style=\"font-weight: 400;\"> Hay tres cartas originales de mujeres y ni\u00f1os que est\u00e1n en el exilio en Francia que se leen en la obra. <\/span><span style=\"font-weight: 400;\">Son estremecedoras porque nos acercan al enorme sufrimiento por el que pasaron. Pero adem\u00e1s de las que se escribieron y llegaron a su destino habr\u00eda otras muchas que nunca llegaron o que no pudieron o no se atrevieron a escribir. Por eso el t\u00edtulo de\u00a0 \u201cLas cartas perdidas\u201d. He imaginado qu\u00e9 carta escribir\u00eda una mujer presa que va a ser fusilada, a qui\u00e9n se la escribir\u00eda, qu\u00e9 querr\u00eda transmitir.\u00a0<\/span><\/p><p><b>MS:<\/b><strong> El espect\u00e1culo se plantea desde la perspectiva de g\u00e9nero e incluye cartas de mujeres lesbianas. \u00bfSe ha encontrado con alg\u00fan caso documentado?<\/strong><\/p><p><b>AC:<\/b><span style=\"font-weight: 400;\"> Es muy dif\u00edcil encontrar una carta real de una mujer lesbiana a su pareja o a su amante. Pero s\u00ed he querido recrear el sentimiento de mujeres que amaban a otras mujeres y que iban a ser fusiladas, y lo incorpor\u00e9 a la obra.<\/span><\/p><blockquote><h4 style=\"text-align: right;\"><em><b>En la obra se leen cartas originales de mujeres y ni\u00f1os en el exilio<\/b><\/em><\/h4><\/blockquote><p><b>MS: <\/b><span style=\"font-weight: 400;\"><strong>La represi\u00f3n en Espa\u00f1a durante la contienda, y m\u00e1s a\u00fan en la posguerra, fue especialmente salvaje y cruel contra las mujeres, pero salvo casos excepcionales como el de las trece rosas, no se ha hablado mucho de ello<\/strong>.\u00a0<\/span><\/p><p><b>AC: <\/b><span style=\"font-weight: 400;\">Si se contara toda la verdad la gente no se la creer\u00eda.<\/span> <span style=\"font-weight: 400;\">El ensa\u00f1amiento contra las mujeres republicanas durante la contienda civil espa\u00f1ola y la posguerra fue terror\u00edfico, por no hablar del retroceso cultural y social al que condenaron a todas las espa\u00f1olas y que todav\u00eda estamos pagando.\u00a0<\/span><\/p>\t\t\t\t\t\t\t\t<\/div>\n\t\t\t\t<\/div>\n\t\t\t\t\t<\/div>\n\t\t<\/div>\n\t\t\t\t\t<\/div>\n\t\t<\/section>\n\t\t\t\t<section class=\"elementor-section elementor-top-section elementor-element elementor-element-9cc8e75 elementor-section-boxed elementor-section-height-default elementor-section-height-default\" data-id=\"9cc8e75\" data-element_type=\"section\">\n\t\t\t\t\t\t<div class=\"elementor-container elementor-column-gap-default\">\n\t\t\t\t\t<div class=\"elementor-column elementor-col-100 elementor-top-column elementor-element elementor-element-23a4730\" data-id=\"23a4730\" data-element_type=\"column\">\n\t\t\t<div class=\"elementor-widget-wrap elementor-element-populated\">\n\t\t\t\t\t\t<section class=\"elementor-section elementor-inner-section elementor-element elementor-element-3d6cdb0 elementor-section-boxed elementor-section-height-default elementor-section-height-default\" data-id=\"3d6cdb0\" data-element_type=\"section\">\n\t\t\t\t\t\t<div class=\"elementor-container elementor-column-gap-default\">\n\t\t\t\t\t<div class=\"elementor-column elementor-col-50 elementor-inner-column elementor-element elementor-element-08ddb42\" data-id=\"08ddb42\" data-element_type=\"column\">\n\t\t\t<div class=\"elementor-widget-wrap elementor-element-populated\">\n\t\t\t\t\t\t<div class=\"elementor-element elementor-element-c1d5498 elementor-widget elementor-widget-text-editor\" data-id=\"c1d5498\" data-element_type=\"widget\" data-widget_type=\"text-editor.default\">\n\t\t\t\t<div class=\"elementor-widget-container\">\n\t\t\t\t\t\t\t\t\t<p><b>MS:<\/b><strong> \u00bfQu\u00e9 pretend\u00edan conseguir con ellos los responsables de tanta barbarie?<\/strong><\/p><p><b>AC: <\/b><span style=\"font-weight: 400;\">Las mujeres hab\u00edan logrado durante la Rep\u00fablica avances impensables que los sectores reaccionarios no estaban dispuestos a permitir. Ten\u00edan que volver a ponerlas en su sitio, que para ellos era el del sometimiento absoluto. No s\u00f3lo hab\u00eda que matarlas, violarlas y quitarles a los hijos, sino infligirles todo tipo de vejaciones: les rapaban el pelo y les daban aceite de ricino para que se cagaran, pase\u00e1ndolas as\u00ed por las calles para que las viera todo el mundo, un espanto.\u00a0<\/span><\/p><p><b>MS:<\/b><strong> Los hechos que narra son de una gran intensidad emocional. \u00bfC\u00f3mo reacciona el p\u00fablico?<\/strong><\/p><p><b>AC:<\/b><span style=\"font-weight: 400;\"> Acaba muy impactado. Hay j\u00f3venes que al terminar la funci\u00f3n nos dicen que ignoraban completamente que eso hubiese ocurrido. Nadie les ha contado nunca que eso hab\u00eda pasado, incluso nos preguntan si es verdad o ficci\u00f3n. Y quieren saber m\u00e1s. A veces nos quedamos charlando una hora m\u00e1s despu\u00e9s de la funci\u00f3n.\u00a0<\/span><\/p><p><b>MS:<\/b><strong> Tiene que ser dif\u00edcil representar todo ese sufrimiento\u00a0<\/strong><\/p><p><b>AC:<\/b><span style=\"font-weight: 400;\"> Lo es. Las actrices percibimos la emoci\u00f3n, el sobrecogedor silencio y las l\u00e1grimas, porque hay gente que no para de llorar durante toda la funci\u00f3n. Se emocionan mucho. Y nosotras tambi\u00e9n. Casi no te sale la voz. Supone un gran esfuerzo de contenci\u00f3n interpretativa.<\/span><\/p><blockquote><h4 style=\"text-align: right;\"><em><b>El espect\u00e1culo se plantea desde la perspectiva de g\u00e9nero e incluye cartas de mujeres lesbianas<\/b><\/em><\/h4><\/blockquote>\t\t\t\t\t\t\t\t<\/div>\n\t\t\t\t<\/div>\n\t\t\t\t\t<\/div>\n\t\t<\/div>\n\t\t\t\t<div class=\"elementor-column elementor-col-50 elementor-inner-column elementor-element elementor-element-0f933c7\" data-id=\"0f933c7\" data-element_type=\"column\">\n\t\t\t<div class=\"elementor-widget-wrap elementor-element-populated\">\n\t\t\t\t\t\t<div class=\"elementor-element elementor-element-99f94aa elementor-widget elementor-widget-image\" data-id=\"99f94aa\" data-element_type=\"widget\" data-widget_type=\"image.default\">\n\t\t\t\t<div class=\"elementor-widget-container\">\n\t\t\t\t\t\t\t\t\t\t\t\t\t\t\t<img decoding=\"async\" width=\"683\" height=\"1024\" src=\"https:\/\/madridsindical.es\/archivo\/wp-content\/uploads\/2020\/02\/001IMG_2468-01-683x1024.jpeg\" class=\"attachment-large size-large wp-image-984\" alt=\"\" srcset=\"https:\/\/madridsindical.es\/archivo\/wp-content\/uploads\/2020\/02\/001IMG_2468-01-683x1024.jpeg 683w, https:\/\/madridsindical.es\/archivo\/wp-content\/uploads\/2020\/02\/001IMG_2468-01-200x300.jpeg 200w, https:\/\/madridsindical.es\/archivo\/wp-content\/uploads\/2020\/02\/001IMG_2468-01-768x1152.jpeg 768w, https:\/\/madridsindical.es\/archivo\/wp-content\/uploads\/2020\/02\/001IMG_2468-01-1024x1536.jpeg 1024w, https:\/\/madridsindical.es\/archivo\/wp-content\/uploads\/2020\/02\/001IMG_2468-01-1365x2048.jpeg 1365w, https:\/\/madridsindical.es\/archivo\/wp-content\/uploads\/2020\/02\/001IMG_2468-01-367x550.jpeg 367w, https:\/\/madridsindical.es\/archivo\/wp-content\/uploads\/2020\/02\/001IMG_2468-01-333x500.jpeg 333w, https:\/\/madridsindical.es\/archivo\/wp-content\/uploads\/2020\/02\/001IMG_2468-01-scaled.jpeg 1707w\" sizes=\"(max-width: 683px) 100vw, 683px\" \/>\t\t\t\t\t\t\t\t\t\t\t\t\t\t\t<\/div>\n\t\t\t\t<\/div>\n\t\t\t\t\t<\/div>\n\t\t<\/div>\n\t\t\t\t\t<\/div>\n\t\t<\/section>\n\t\t\t\t\t<\/div>\n\t\t<\/div>\n\t\t\t\t\t<\/div>\n\t\t<\/section>\n\t\t\t\t<section class=\"elementor-section elementor-top-section elementor-element elementor-element-50007aa elementor-section-boxed elementor-section-height-default elementor-section-height-default\" data-id=\"50007aa\" data-element_type=\"section\">\n\t\t\t\t\t\t<div class=\"elementor-container elementor-column-gap-default\">\n\t\t\t\t\t<div class=\"elementor-column elementor-col-100 elementor-top-column elementor-element elementor-element-ee18379\" data-id=\"ee18379\" data-element_type=\"column\">\n\t\t\t<div class=\"elementor-widget-wrap elementor-element-populated\">\n\t\t\t\t\t\t<div class=\"elementor-element elementor-element-b5c8281 elementor-widget elementor-widget-text-editor\" data-id=\"b5c8281\" data-element_type=\"widget\" data-widget_type=\"text-editor.default\">\n\t\t\t\t<div class=\"elementor-widget-container\">\n\t\t\t\t\t\t\t\t\t<p><b>MS:<\/b><strong> \u00bfAlguna reacci\u00f3n que te haya sorprendido?<\/strong><\/p><p><b>AC:<\/b><span style=\"font-weight: 400;\"> En una de las \u00faltimas representaciones se me acerc\u00f3 un joven y me coment\u00f3, muy apurado porque afectaba a su familia, que su abuela les contaba que ella misma hab\u00eda insultado y tirado piedras a las mujeres que paseaban rapadas despu\u00e9s de la guerra. El chico se hab\u00eda quedado noqueado despu\u00e9s de ver la representaci\u00f3n.\u00a0<\/span><\/p><blockquote><h4><em><b>\u201cHay j\u00f3venes que nos dicen que ignoraban completamente que eso hubiese ocurrido. Y quieren saber m\u00e1s\u201d<\/b><\/em><\/h4><\/blockquote><p>\u00a0<\/p><p><b>MS:<\/b><strong> \u00bfUsted es presidenta de la Asociaci\u00f3n Arte y Memoria e impulsora del Festival Internacional de Cine por la Memoria Democr\u00e1tica.\u00a0\u00bfQu\u00e9 les dir\u00eda a quienes mantienen que no es bueno recordar el pasado porque abre heridas?<\/strong><\/p><p><b>AC:<\/b><span style=\"font-weight: 400;\"> Que es justo lo contrario. No se trata de recordar por el hecho de hacerlo. Recuperar la memoria es fundamental para asumir nuestro pasado y avanzar hacia una convivencia en paz. Tenemos que saber la verdad de lo que pas\u00f3 para que los cimientos de nuestro futuro sean s\u00f3lidos. Lo que mantiene las heridas abiertas son las v\u00edctimas que contin\u00faan en las cunetas o en las fosas comunes.\u00a0<\/span><\/p><p><b>MS:<\/b><strong> \u00bfTiene otros proyectos relacionados con la memoria hist\u00f3rica?<\/strong><\/p><p><b>AC:<\/b><span style=\"font-weight: 400;\"> S\u00ed. Un largometraje y un documental, pero no puedo adelantar nada\u2026<\/span><\/p><p><em><b>\u201cLas cartas perdidas\u201d. Auditorio Marcelino Camacho (c\/ Lope de Vega, 40). Viernes 14 de febrero, a las 19,30 horas. Escrita y dirigida por Amparo Climent. Int\u00e9rpretes: Amparo Climent, Miriam Tejedor y Gloria Vega. M\u00fasica y voz: Miriam Eshoe. Entrada libre hasta completar el aforo.\u00a0<\/b><\/em><\/p>\t\t\t\t\t\t\t\t<\/div>\n\t\t\t\t<\/div>\n\t\t\t\t\t<\/div>\n\t\t<\/div>\n\t\t\t\t\t<\/div>\n\t\t<\/section>\n\t\t\t\t<section class=\"elementor-section elementor-top-section elementor-element elementor-element-c385956 elementor-section-boxed elementor-section-height-default elementor-section-height-default\" data-id=\"c385956\" data-element_type=\"section\">\n\t\t\t\t\t\t<div class=\"elementor-container elementor-column-gap-default\">\n\t\t\t\t\t<div class=\"elementor-column elementor-col-100 elementor-top-column elementor-element elementor-element-bee6542\" data-id=\"bee6542\" data-element_type=\"column\">\n\t\t\t<div class=\"elementor-widget-wrap elementor-element-populated\">\n\t\t\t\t\t\t<div class=\"elementor-element elementor-element-87fa1bf elementor-widget elementor-widget-image\" data-id=\"87fa1bf\" data-element_type=\"widget\" data-widget_type=\"image.default\">\n\t\t\t\t<div class=\"elementor-widget-container\">\n\t\t\t\t\t\t\t\t\t\t\t\t\t\t\t<img decoding=\"async\" width=\"717\" height=\"928\" src=\"https:\/\/madridsindical.es\/archivo\/wp-content\/uploads\/2020\/02\/14022020-car.png\" class=\"attachment-large size-large wp-image-983\" alt=\"\" srcset=\"https:\/\/madridsindical.es\/archivo\/wp-content\/uploads\/2020\/02\/14022020-car.png 717w, https:\/\/madridsindical.es\/archivo\/wp-content\/uploads\/2020\/02\/14022020-car-232x300.png 232w, https:\/\/madridsindical.es\/archivo\/wp-content\/uploads\/2020\/02\/14022020-car-425x550.png 425w, https:\/\/madridsindical.es\/archivo\/wp-content\/uploads\/2020\/02\/14022020-car-386x500.png 386w\" sizes=\"(max-width: 717px) 100vw, 717px\" \/>\t\t\t\t\t\t\t\t\t\t\t\t\t\t\t<\/div>\n\t\t\t\t<\/div>\n\t\t\t\t\t<\/div>\n\t\t<\/div>\n\t\t\t\t\t<\/div>\n\t\t<\/section>\n\t\t\t\t<\/div>\n\t\t","protected":false},"excerpt":{"rendered":"<p>\u201cEl ensa\u00f1amiento franquista contra las mujeres republicanas fue terror\u00edfico\u201d \u201cLas cartas perdidas\u201d, escrita y dirigida por la actriz y directora valenciana, rinde homenaje a las mujeres v\u00edctimas de la represi\u00f3n fascista a partir del golpe de estado de 1936. \u00a0 La obra se represent\u00f3 en el escenario del Auditorio Marcelino Camacho el pasado viernes 14 de febrero \u00a0\u00a0\u00a0\u00a0 &nbsp; \u201cTenemos que saber la verdad de lo que pas\u00f3 para que los cimientos de nuestro futuro<span class=\"more-link\"><a href=\"https:\/\/madridsindical.es\/archivo\/2020\/02\/07\/amparocliment\/\">Contin\u00faa leyendo<\/a><\/span><\/p>\n","protected":false},"author":1,"featured_media":0,"comment_status":"closed","ping_status":"closed","sticky":false,"template":"","format":"standard","meta":{"footnotes":""},"categories":[3],"tags":[29,47],"class_list":["entry","author-madridsindical","post-981","post","type-post","status-publish","format-standard","category-entrevistas","tag-amparo-climent","tag-archivo"],"aioseo_notices":[],"_links":{"self":[{"href":"https:\/\/madridsindical.es\/archivo\/wp-json\/wp\/v2\/posts\/981","targetHints":{"allow":["GET"]}}],"collection":[{"href":"https:\/\/madridsindical.es\/archivo\/wp-json\/wp\/v2\/posts"}],"about":[{"href":"https:\/\/madridsindical.es\/archivo\/wp-json\/wp\/v2\/types\/post"}],"author":[{"embeddable":true,"href":"https:\/\/madridsindical.es\/archivo\/wp-json\/wp\/v2\/users\/1"}],"replies":[{"embeddable":true,"href":"https:\/\/madridsindical.es\/archivo\/wp-json\/wp\/v2\/comments?post=981"}],"version-history":[{"count":12,"href":"https:\/\/madridsindical.es\/archivo\/wp-json\/wp\/v2\/posts\/981\/revisions"}],"predecessor-version":[{"id":1053,"href":"https:\/\/madridsindical.es\/archivo\/wp-json\/wp\/v2\/posts\/981\/revisions\/1053"}],"wp:attachment":[{"href":"https:\/\/madridsindical.es\/archivo\/wp-json\/wp\/v2\/media?parent=981"}],"wp:term":[{"taxonomy":"category","embeddable":true,"href":"https:\/\/madridsindical.es\/archivo\/wp-json\/wp\/v2\/categories?post=981"},{"taxonomy":"post_tag","embeddable":true,"href":"https:\/\/madridsindical.es\/archivo\/wp-json\/wp\/v2\/tags?post=981"}],"curies":[{"name":"wp","href":"https:\/\/api.w.org\/{rel}","templated":true}]}}