{"id":910,"date":"2019-11-15T13:43:42","date_gmt":"2019-11-15T13:43:42","guid":{"rendered":"https:\/\/madridsindical.es\/archivo\/?p=910"},"modified":"2025-11-06T12:26:14","modified_gmt":"2025-11-06T12:26:14","slug":"es-urgente-revertir-las-reformas-laborales","status":"publish","type":"post","link":"https:\/\/madridsindical.es\/archivo\/2019\/11\/15\/es-urgente-revertir-las-reformas-laborales\/","title":{"rendered":"\u201cEs urgente revertir las reformas laborales\u201d"},"content":{"rendered":"<p><strong>Segundo d\u00eda del III Congreso sobre Trabajo, Econom\u00eda y Sociedad: repensar la econom\u00eda con las trabajadoras y trabajadores<\/strong><\/p>\n<blockquote><p><strong>Mari Cruz Vicente, sindicalista: \u201cLas subidas salariales llegan cuatro a\u00f1os tarde\u201d<\/strong><\/p>\n<p><strong>Joaqu\u00edn P\u00e9rez Rey, jurista: \u201cNo hay trabajo decente sin negociaci\u00f3n colectiva\u201d<\/strong><\/p>\n<p><strong>Antonio Catal\u00e1n, empresario: \u201cLa reforma laboral ha permitido a los empresarios coger del cuello a los trabajadores\u201d<\/strong><\/p>\n<p><strong>Jorge Ux\u00f3, economista: \u201cLa reforma laboral no ha tenido ning\u00fan efecto beneficioso ni ha relanzado la econom\u00eda\u201d<\/strong><\/p><\/blockquote>\n<p>La <strong>secretaria de Acci\u00f3n Sindical de CCOO, Mari Cruz Vicente<\/strong>, ha declarado hoy que \u201ces urgente\u201d revertir las reformas laborales \u201cporque cuestionan la negociaci\u00f3n colectiva como instrumento regulador de las relaciones laborales, las condiciones de trabajo y la fijaci\u00f3n de salario\u201d. Se\u00f1al\u00f3 tambi\u00e9n que \u201clas subidas salariales han llegado cuatro a\u00f1os tarde\u201d. Lo ha hecho en el III Congreso sobre Trabajo, Econom\u00eda y Sociedad, organizado por CCOO y que se est\u00e1 celebrando desde ayer en la sede sindical de la Uni\u00f3n de Madrid.<\/p>\n<p><strong>Mari Cruz Vicente<\/strong> ha participado en la mesa redonda dedicada \u00edntegramente a la negociaci\u00f3n colectiva como clave para una sociedad igualitaria. Junto a ella han estado <strong>Antonio Catal\u00e1n<\/strong>, empresario y presidente de AC Hotels; <strong>Joaqu\u00edn P\u00e9rez Rey<\/strong>, profesor de Derecho del Trabajo de la Universidad de Castilla La Mancha (UCLM), y<strong> Jorge Ux\u00f3<\/strong>, profesor de Econom\u00eda de la misma Universidad (UCLM) y miembro del equipo econ\u00f3mico de Unidas Podemos. Ha moderado el debate <strong>Pedro Delgado<\/strong>, secretario de Cultura y Pol\u00edtica del Conocimiento de CCOO de Madrid.<\/p>\n<p><strong><img fetchpriority=\"high\" decoding=\"async\" class=\"alignleft wp-image-912 size-full\" src=\"https:\/\/madridsindical.es\/archivo\/wp-content\/uploads\/2019\/11\/001IMG_3249-e1573825338609.jpg\" alt=\"\" width=\"600\" height=\"365\" \/>Negociaci\u00f3n amordazada<\/strong><\/p>\n<p>Lo que ha quedado claro en este Congreso, en el que han participado especialistas reconocidos en diversos campos, desde la econom\u00eda al derecho, adem\u00e1s de l\u00edderes sindicales y del mundo de la empresa, es que la negociaci\u00f3n colectiva ha sido instrumentalizada por el poder pol\u00edtico, vali\u00e9ndose de las reformas laborales, para debilitar a los sindicatos y situar a Espa\u00f1a en la globalizaci\u00f3n neoliberal.<\/p>\n<p>\u201cUna negociaci\u00f3n colectiva amordazada desde la ley no es de recibo y nos separa del programa constitucional\u201d, denuncia el jurista<strong> Joaqu\u00edn P\u00e9rez Rey.<\/strong> \u201cLa construcci\u00f3n de un espacio colectivo de negociaci\u00f3n\u201d, arguye, \u201ces uno de los instrumentos m\u00e1s poderosos para garantizar que la libertad y la igualdad del individuo de los grupos en que se integra sean reales y efectivas\u201d. Esto es, \u201cno hay trabajo decente sin negociaci\u00f3n colectiva\u201d.<\/p>\n<p>El veterano empresario hotelero Antonio Catal\u00e1n se ha sumado, sin pa\u00f1os calientes, a las cr\u00edticas a la reforma laboral, que ha permitido a los empresarios \u201ccoger a los trabajadores del cuello\u201d. Catal\u00e1n ha defendido que hay que pagar m\u00e1s a los trabajadores \u201cporque nadie puede\u00a0vivir con 900 euros\u201d y ha calificado de imprescindible el papel de los sindicatos.<\/p>\n<p><strong>Trabajadores pobres<\/strong><\/p>\n<p>Por su parte, <strong>Jorge Ux\u00f3<\/strong> se refiri\u00f3 a uno de los problemas m\u00e1s graves que afecta a la clase trabajadora y es el debilitamiento del v\u00ednculo entre tener un empleo y garantizarse unos ingresos suficientes y estables. La consecuencia ha sido la extensi\u00f3n del fen\u00f3meno de los trabajadores pobres, que en Espa\u00f1a alcanza al 15% de los salariados, que a pesar de tener un empleo sus ingresos est\u00e1n por debajo del umbral de la pobreza. Esto, sumado a las pol\u00edticas de austeridad y el recorte de las prestaciones sociales agrava la brecha de la desigualdad. Destac\u00f3, adem\u00e1s, que la reforma laboral \u201cno ha tenido ning\u00fan efecto beneficioso ni ha relanzado la econom\u00eda\u201d.<\/p>\n<p>Finalmente, apunt\u00f3, entre los factores que explican la p\u00e9rdida del peso de los salarios en la renta, el debilitamiento de la negociaci\u00f3n colectiva y de capacidad de la actuaci\u00f3n sindical.<\/p>\n<p><img decoding=\"async\" class=\"alignleft wp-image-913 size-full\" src=\"https:\/\/madridsindical.es\/archivo\/wp-content\/uploads\/2019\/11\/g037IMG_3735-e1573825397401.jpg\" alt=\"\" width=\"600\" height=\"400\" \/>El Congreso se ha cerrado con una mesa redonda en la que han intervenido <strong>Cristina Faciaben<\/strong>, secretaria Internacional de CCOO; <strong>Raymond Torres<\/strong>, director de Coyuntura y An\u00e1lisis Internacional de Funcas (Fundaci\u00f3n de las Cajas de Ahorros), y <strong>Joaqu\u00edn Nieto<\/strong>, director de la Oficina OIT-Madrid<\/p>\n<h2 ><a href=\"https:\/\/madridsindical.es\/archivo\/2019\/11\/14\/ccoo-se-prepara-para-recuperar-los-derechos-arrebatados-a-la-clase-trabajadora\/\">-CCOO se prepara para recuperar los derechos arrebatados a la clase trabajadora<\/a><\/h2>\n<h2><a href=\"https:\/\/madridsindical.es\/archivo\/iii-congreso-economia-trabajo-y-sociedad-repensar-la-economia\/\">-Entrevistas en v\u00eddeo<\/a><\/h2>\n","protected":false},"excerpt":{"rendered":"<p>Segundo d\u00eda del III Congreso sobre Trabajo, Econom\u00eda y Sociedad: repensar la econom\u00eda con las trabajadoras y trabajadores Mari Cruz Vicente, sindicalista: \u201cLas subidas salariales llegan cuatro a\u00f1os tarde\u201d Joaqu\u00edn P\u00e9rez Rey, jurista: \u201cNo hay trabajo decente sin negociaci\u00f3n colectiva\u201d Antonio Catal\u00e1n, empresario: \u201cLa reforma laboral ha permitido a los empresarios coger del cuello a los trabajadores\u201d Jorge Ux\u00f3, economista: \u201cLa reforma laboral no ha tenido ning\u00fan efecto beneficioso ni ha relanzado la econom\u00eda\u201d La<span class=\"more-link\"><a href=\"https:\/\/madridsindical.es\/archivo\/2019\/11\/15\/es-urgente-revertir-las-reformas-laborales\/\">Contin\u00faa leyendo<\/a><\/span><\/p>\n","protected":false},"author":1,"featured_media":911,"comment_status":"closed","ping_status":"closed","sticky":false,"template":"","format":"standard","meta":{"footnotes":""},"categories":[25],"tags":[47],"class_list":["entry","author-madridsindical","post-910","post","type-post","status-publish","format-standard","has-post-thumbnail","category-actualidad","tag-archivo"],"aioseo_notices":[],"_links":{"self":[{"href":"https:\/\/madridsindical.es\/archivo\/wp-json\/wp\/v2\/posts\/910","targetHints":{"allow":["GET"]}}],"collection":[{"href":"https:\/\/madridsindical.es\/archivo\/wp-json\/wp\/v2\/posts"}],"about":[{"href":"https:\/\/madridsindical.es\/archivo\/wp-json\/wp\/v2\/types\/post"}],"author":[{"embeddable":true,"href":"https:\/\/madridsindical.es\/archivo\/wp-json\/wp\/v2\/users\/1"}],"replies":[{"embeddable":true,"href":"https:\/\/madridsindical.es\/archivo\/wp-json\/wp\/v2\/comments?post=910"}],"version-history":[{"count":4,"href":"https:\/\/madridsindical.es\/archivo\/wp-json\/wp\/v2\/posts\/910\/revisions"}],"predecessor-version":[{"id":923,"href":"https:\/\/madridsindical.es\/archivo\/wp-json\/wp\/v2\/posts\/910\/revisions\/923"}],"wp:featuredmedia":[{"embeddable":true,"href":"https:\/\/madridsindical.es\/archivo\/wp-json\/wp\/v2\/media\/911"}],"wp:attachment":[{"href":"https:\/\/madridsindical.es\/archivo\/wp-json\/wp\/v2\/media?parent=910"}],"wp:term":[{"taxonomy":"category","embeddable":true,"href":"https:\/\/madridsindical.es\/archivo\/wp-json\/wp\/v2\/categories?post=910"},{"taxonomy":"post_tag","embeddable":true,"href":"https:\/\/madridsindical.es\/archivo\/wp-json\/wp\/v2\/tags?post=910"}],"curies":[{"name":"wp","href":"https:\/\/api.w.org\/{rel}","templated":true}]}}