{"id":68,"date":"2019-07-15T12:01:08","date_gmt":"2019-07-15T12:01:08","guid":{"rendered":"https:\/\/madridsindical.es\/archivo\/?p=68"},"modified":"2025-11-06T12:26:15","modified_gmt":"2025-11-06T12:26:15","slug":"que-pasa-con-madrid","status":"publish","type":"post","link":"https:\/\/madridsindical.es\/archivo\/2019\/07\/15\/que-pasa-con-madrid\/","title":{"rendered":"Reportaje: La ciudad segregada"},"content":{"rendered":"\t\t<div data-elementor-type=\"wp-post\" data-elementor-id=\"68\" class=\"elementor elementor-68\">\n\t\t\t\t\t\t<section class=\"elementor-section elementor-top-section elementor-element elementor-element-78b8ea3e elementor-section-boxed elementor-section-height-default elementor-section-height-default\" data-id=\"78b8ea3e\" data-element_type=\"section\">\n\t\t\t\t\t\t<div class=\"elementor-container elementor-column-gap-default\">\n\t\t\t\t\t<div class=\"elementor-column elementor-col-100 elementor-top-column elementor-element elementor-element-75cdd4d1\" data-id=\"75cdd4d1\" data-element_type=\"column\">\n\t\t\t<div class=\"elementor-widget-wrap elementor-element-populated\">\n\t\t\t\t\t\t<div class=\"elementor-element elementor-element-e7e7b34 elementor-widget elementor-widget-heading\" data-id=\"e7e7b34\" data-element_type=\"widget\" data-widget_type=\"heading.default\">\n\t\t\t\t<div class=\"elementor-widget-container\">\n\t\t\t\t\t<h2 class=\"elementor-heading-title elementor-size-xxl\">Qu\u00e9 pasa con Madrid<\/h2>\t\t\t\t<\/div>\n\t\t\t\t<\/div>\n\t\t\t\t<div class=\"elementor-element elementor-element-20701537 elementor-widget elementor-widget-text-editor\" data-id=\"20701537\" data-element_type=\"widget\" data-widget_type=\"text-editor.default\">\n\t\t\t\t<div class=\"elementor-widget-container\">\n\t\t\t\t\t\t\t\t\t<h2 style=\"text-align: center;\"><strong><img fetchpriority=\"high\" decoding=\"async\" class=\"alignnone size-large wp-image-223\" src=\"https:\/\/madridsindical.es\/archivo\/wp-content\/uploads\/2019\/07\/marmp-1024x800.jpg\" alt=\"\" width=\"1024\" height=\"800\" srcset=\"https:\/\/madridsindical.es\/archivo\/wp-content\/uploads\/2019\/07\/marmp-1024x800.jpg 1024w, https:\/\/madridsindical.es\/archivo\/wp-content\/uploads\/2019\/07\/marmp-300x234.jpg 300w, https:\/\/madridsindical.es\/archivo\/wp-content\/uploads\/2019\/07\/marmp-768x600.jpg 768w, https:\/\/madridsindical.es\/archivo\/wp-content\/uploads\/2019\/07\/marmp-465x363.jpg 465w, https:\/\/madridsindical.es\/archivo\/wp-content\/uploads\/2019\/07\/marmp-640x500.jpg 640w, https:\/\/madridsindical.es\/archivo\/wp-content\/uploads\/2019\/07\/marmp.jpg 1137w\" sizes=\"(max-width: 1024px) 100vw, 1024px\" \/>La regi\u00f3n m\u00e1s pr\u00f3spera de Espa\u00f1a es tambi\u00e9n la m\u00e1s desigual y segregada<\/strong><\/h2><blockquote><h4 style=\"text-align: right;\"><span style=\"color: #000000;\"><strong>La pobreza y la segregaci\u00f3n en la regi\u00f3n de Madrid se intensifican, los servicios p\u00fablicos se deterioran, la desigualdad se acrecienta y el desequilibrio territorial se agrava. Y ello a pesar de tratarse de la regi\u00f3n m\u00e1s rica de Espa\u00f1a y una de las m\u00e1s pr\u00f3speras de Europa, que hace tiempo dej\u00f3 atr\u00e1s la recesi\u00f3n y crece por encima de la media nacional. \u00bfDe d\u00f3nde viene esta brecha intrarregional? \u00bfC\u00f3mo hacerle frente?<\/strong><\/span><\/h4><\/blockquote><p>Texto: Alejandra Acosta \/\/ Fotos: Fran Lorente<\/p><p>\u00bfEs posible corregir las<strong> perversidades de los planes urban\u00edsticos<\/strong> que perpet\u00faan la brecha entre el Noroeste de Madrid, por un lado, y el Sureste, por otro? \u00bfHay alternativa a un modelo econ\u00f3mico de <strong>baja fiscalidad<\/strong> que atrae inversi\u00f3n pero deja tirada a m\u00e1s del 20% de la poblaci\u00f3n? \u00bfO el viejo muro invisible que divide la regi\u00f3n y la capital en dos est\u00e1 cimentado y bien cimentado? Vayamos por partes.<\/p><p>La <strong>Comunidad de Madrid<\/strong> ocupa un territorio peque\u00f1o \u20138.000 kil\u00f3metros cuadrados\u2013 donde residen 6,5 millones de personas. Su Producto Interior Bruto (PIB) per c\u00e1pita es de 34.916 euros, un <strong>35% superior a la media del pa\u00eds<\/strong>, con una esperanza de vida que supera los 85 a\u00f1os, la mayor de Europa, seg\u00fan Eurostat, el Portal de Datos Abiertos de la Uni\u00f3n Europea.<\/p><p><img decoding=\"async\" class=\"wp-image-174 size-large aligncenter\" src=\"https:\/\/madridsindical.es\/archivo\/wp-content\/uploads\/2019\/07\/munis-1024x584.jpg\" alt=\"\" width=\"1024\" height=\"584\" srcset=\"https:\/\/madridsindical.es\/archivo\/wp-content\/uploads\/2019\/07\/munis-1024x584.jpg 1024w, https:\/\/madridsindical.es\/archivo\/wp-content\/uploads\/2019\/07\/munis-300x171.jpg 300w, https:\/\/madridsindical.es\/archivo\/wp-content\/uploads\/2019\/07\/munis-768x438.jpg 768w, https:\/\/madridsindical.es\/archivo\/wp-content\/uploads\/2019\/07\/munis-465x265.jpg 465w, https:\/\/madridsindical.es\/archivo\/wp-content\/uploads\/2019\/07\/munis-695x397.jpg 695w, https:\/\/madridsindical.es\/archivo\/wp-content\/uploads\/2019\/07\/munis.jpg 1325w\" sizes=\"(max-width: 1024px) 100vw, 1024px\" \/><\/p><p><strong>Los m\u00e1s ricos de Espa\u00f1a\u2026<\/strong><\/p><p><strong>De los diez municipios espa\u00f1oles de m\u00e1s de 20.000 habitantes con mayor renta anual per c\u00e1pita siete son madrile\u00f1os: Pozuelo de Alarc\u00f3n, Boadilla del Monte, Las Rozas, Majadahonda, Torrelodones, Alcobendas y Tres Cantos<\/strong>. Todo un r\u00e9cord para una comunidad aut\u00f3noma uniprovincial. Igualmente, en la lista de los diez barrios con la renta m\u00e1s alta por habitante aparecen siete localizados en la <strong>ciudad de Madrid<\/strong>: <strong>El Viso, Recoletos, Castellana, Piovera, Nueva Espa\u00f1a, Almagro y Ni\u00f1o Jes\u00fas-Los Jer\u00f3nimos.<\/strong><\/p><p>En cada hogar de Pozuelo entran anualmente de media 51.000 euros m\u00e1s que en uno de Parla. Con un simple garbeo por cualquiera de estas localidades y barrios se percibe el poder\u00edo econ\u00f3mico. Proliferan las <strong>urbanizaciones cada vez m\u00e1s inexpugnables<\/strong> \u2013como pueblos en el interior de otro pueblo, a modo de <strong>matrioshkas<\/strong>\u2013 en cuyo interior se resguardan aut\u00e9nticas mansiones rodeadas de inmensos y cuidados jardines, sus calles son espaciosas y est\u00e1n impolutas y bien iluminadas, abundan los parques infantiles y los coches de alta gama \u2018crecen\u2019 como hongos en un bosque despu\u00e9s de una semana de lluvia. Algunos de los modelos aparcados en la calle el d\u00eda que se realiz\u00f3 el reportaje fotogr\u00e1fico para este art\u00edculo cuestan entre 200.000 y 300.000 euros. Aqu\u00ed una ardilla podr\u00eda recorrer la zona de seto en seto e incluso de chapuz\u00f3n en chapuz\u00f3n de piscina en piscina, como <strong>Burt Lancaster<\/strong> atravesando a brazadas su acomodada urbanizaci\u00f3n en la pel\u00edcula <strong><em>\u201cEl nadador\u201d<\/em><\/strong>.<\/p><p><a href=\"https:\/\/madridsindical.es\/archivo\/2019\/07\/18\/fotos-la-ciudad-segregada\/\" target=\"_blank\" rel=\"noopener\"><strong>\u2192\u2192Fotos: La ciudad segregada<\/strong> <img decoding=\"async\" class=\"aligncenter wp-image-405 size-large\" src=\"https:\/\/madridsindical.es\/archivo\/wp-content\/uploads\/2019\/07\/IMG_4364logofoto-1024x620.jpg\" alt=\"\" width=\"1024\" height=\"620\" srcset=\"https:\/\/madridsindical.es\/archivo\/wp-content\/uploads\/2019\/07\/IMG_4364logofoto-1024x620.jpg 1024w, https:\/\/madridsindical.es\/archivo\/wp-content\/uploads\/2019\/07\/IMG_4364logofoto-300x182.jpg 300w, https:\/\/madridsindical.es\/archivo\/wp-content\/uploads\/2019\/07\/IMG_4364logofoto-768x465.jpg 768w, https:\/\/madridsindical.es\/archivo\/wp-content\/uploads\/2019\/07\/IMG_4364logofoto-465x282.jpg 465w, https:\/\/madridsindical.es\/archivo\/wp-content\/uploads\/2019\/07\/IMG_4364logofoto-695x421.jpg 695w, https:\/\/madridsindical.es\/archivo\/wp-content\/uploads\/2019\/07\/IMG_4364logofoto.jpg 1200w\" sizes=\"(max-width: 1024px) 100vw, 1024px\" \/><\/a>Lo que sorprende no es tanto el <strong>alto nivel de vida<\/strong> \u2013aunque s\u00ed el exceso y la ostentaci\u00f3n\u2013 en una regi\u00f3n muy atractiva para la inversi\u00f3n, en la que se concentra el <strong>40% de los puestos de trabajo de m\u00e1s calidad de Espa\u00f1a<\/strong>, en la que se localizan las sedes de las <strong>empresas tecnol\u00f3gicas m\u00e1s punteras<\/strong>, de las grandes <strong>consultoras y multinacionales<\/strong>, que tiene <strong>quince universidades<\/strong> y que cuenta a su favor con el formidable potencial que supone albergar la capital del Estado. Lo que asombra, y escandaliza, es que toda esa enorme riqueza que genera est\u00e9 tan <strong>rematadamente mal repartida<\/strong>, generando <strong>desigualdad<\/strong> se mire por donde se mire: de ingresos, tasa de paro y calidad del empleo, infraestructuras, nivel educativo y de acceso a servicios p\u00fablicos y vivienda, transporte, limpieza, zonas verdes \u2026 Y hasta en esperanza de vida.<\/p><p><strong>\u2026 Y los m\u00e1s pobres<\/strong><\/p><p>Porque si en Madrid encontramos los pueblos y barrios m\u00e1s ricos de Espa\u00f1a, tambi\u00e9n algunos de los m\u00e1s pobres. <strong>San Crist\u00f3bal de los \u00c1ngeles<\/strong>, en el distrito de <strong>Villaverde<\/strong>, es el s\u00e9ptimo barrio m\u00e1s desfavorecido de los situados en las grandes zonas urbanas del pa\u00eds, con una renta media anual por habitante de 6.477 euros, cinco veces menor, por ejemplo, que la del <strong>barrio de Almagro<\/strong> (30.989), en el distrito de <strong>Chamber\u00ed<\/strong>. Todos estos datos est\u00e1n incluidos en los indicadores del proyecto <strong>Urban Audit<\/strong>, que recoge informaci\u00f3n sobre las condiciones de vida de las principales ciudades de la Uni\u00f3n Europea, y han sido publicados recientemente por el Instituto Nacional de Estad\u00edstica (INE).<\/p><figure id=\"attachment_178\" aria-describedby=\"caption-attachment-178\" style=\"width: 1024px\" class=\"wp-caption aligncenter\"><img loading=\"lazy\" decoding=\"async\" class=\"size-large wp-image-178\" src=\"https:\/\/madridsindical.es\/archivo\/wp-content\/uploads\/2019\/07\/IMG_4627-1024x683.jpg\" alt=\"\" width=\"1024\" height=\"683\" srcset=\"https:\/\/madridsindical.es\/archivo\/wp-content\/uploads\/2019\/07\/IMG_4627-1024x683.jpg 1024w, https:\/\/madridsindical.es\/archivo\/wp-content\/uploads\/2019\/07\/IMG_4627-300x200.jpg 300w, https:\/\/madridsindical.es\/archivo\/wp-content\/uploads\/2019\/07\/IMG_4627-768x512.jpg 768w, https:\/\/madridsindical.es\/archivo\/wp-content\/uploads\/2019\/07\/IMG_4627-465x310.jpg 465w, https:\/\/madridsindical.es\/archivo\/wp-content\/uploads\/2019\/07\/IMG_4627-695x463.jpg 695w, https:\/\/madridsindical.es\/archivo\/wp-content\/uploads\/2019\/07\/IMG_4627.jpg 1200w\" sizes=\"(max-width: 1024px) 100vw, 1024px\" \/><figcaption id=\"caption-attachment-178\" class=\"wp-caption-text\">Barrio pobre de Madrid: San Cristobal industrial<\/figcaption><\/figure><p><strong>San Crist\u00f3bal<\/strong> es uno de los barrios de la ciudad para los que <strong>CCOO ha planteado al Ayuntamiento intervenciones especiales<\/strong>. \u201cHemos reclamado escuelas infantiles, la mejora de servicios b\u00e1sicos como los de limpieza, y la revitalizaci\u00f3n del pol\u00edgono industrial de Villaverde, pero en los \u00faltimos cuatro a\u00f1os tampoco se ha solucionado nada. Se ha seguido priorizando la almendra central. Los vecinos se sienten abandonados y est\u00e1n muy decepcionados\u201d, asegura la <strong>secretaria de Coordinaci\u00f3n de CCOO de la Comarca de Madrid<\/strong>, <strong>Isabel Rodr\u00edguez.<\/strong><\/p><p>En barrios como \u00e9ste nuestra ardilla tendr\u00eda que recorrer los bloques de pisos sujet\u00e1ndose a los cables de luz y telefon\u00eda que cuelgan en completo desorden de sus deterioradas fachadas, sin m\u00e1s divertimento que olfatear la basura desperdigada en las calles o amontonada en torno a rebosantes contenedores.<\/p><figure id=\"attachment_203\" aria-describedby=\"caption-attachment-203\" style=\"width: 634px\" class=\"wp-caption alignleft\"><img loading=\"lazy\" decoding=\"async\" class=\"wp-image-203\" src=\"https:\/\/madridsindical.es\/archivo\/wp-content\/uploads\/2019\/07\/IMG_4014-812x1024.jpg\" alt=\"\" width=\"634\" height=\"800\" srcset=\"https:\/\/madridsindical.es\/archivo\/wp-content\/uploads\/2019\/07\/IMG_4014-812x1024.jpg 812w, https:\/\/madridsindical.es\/archivo\/wp-content\/uploads\/2019\/07\/IMG_4014-238x300.jpg 238w, https:\/\/madridsindical.es\/archivo\/wp-content\/uploads\/2019\/07\/IMG_4014-768x969.jpg 768w, https:\/\/madridsindical.es\/archivo\/wp-content\/uploads\/2019\/07\/IMG_4014-436x550.jpg 436w, https:\/\/madridsindical.es\/archivo\/wp-content\/uploads\/2019\/07\/IMG_4014-396x500.jpg 396w, https:\/\/madridsindical.es\/archivo\/wp-content\/uploads\/2019\/07\/IMG_4014.jpg 951w\" sizes=\"(max-width: 634px) 100vw, 634px\" \/><figcaption id=\"caption-attachment-203\" class=\"wp-caption-text\">Un edificio de viviendas en Parla<\/figcaption><\/figure><p>Si tomamos como referencia dos importantes localidades de la regi\u00f3n, <strong>Pozuelo, situada al oeste, y Parla, en el sur<\/strong>, la brecha es <strong>sangrante<\/strong>, a pesar de que les separan s\u00f3lo 36 kil\u00f3metros. Respecto a Parla, en cada hogar de Pozuelo entran anualmente <strong>de media 51.000 euros m\u00e1s<\/strong>; un jubilado\/a de Pozuelo cobra de media 400 euros mensuales m\u00e1s de pensi\u00f3n y la tasa de paro en Pozuelo (6,30%) es casi tres veces menor que en Parla (17,30%). Otro dato que revela la radiograf\u00eda socioecon\u00f3mica de ambas poblaciones es el hecho de que la inmensa mayor\u00eda (79%) de la poblaci\u00f3n escolar en Pozuelo curse la ense\u00f1anza obligatoria en un centro privado, mientras que en la de Parla el 85 % lo hace en uno p\u00fablico. El nivel educativo es siempre un indicador elevado en las zonas ricas. As\u00ed, Pozuelo registra la segunda mayor proporci\u00f3n de vecinos\/as con estudios universitarios de toda Espa\u00f1a. Y aunque nadie discute que la educaci\u00f3n p\u00fablica es uno de los pilares fundamentales para la cohesi\u00f3n social y la lucha contra la desigualdad, en la Comunidad madrile\u00f1a est\u00e1 siendo desmantelada.<\/p><p><strong>A la cola en educaci\u00f3n<\/strong><\/p><p>\u201cLa educaci\u00f3n en Madrid es una m\u00e1quina de producir desigualdad social\u201d, denuncia la <strong>secretaria general de ense\u00f1anza de CCOO de Madrid, Isabel Galv\u00edn<\/strong>. No exagera. Madrid es la comunidad aut\u00f3noma que menos gasta por alumno\/a, <strong>4.593 euros anuales<\/strong>, la mitad de lo que destina el Pa\u00eds Vasco (8.973 euros) teniendo Euskadi un PIB per c\u00e1pita inferior al madrile\u00f1o.<\/p><blockquote><h3 style=\"text-align: right;\"><strong>\u201cLa educaci\u00f3n en Madrid\u00a0<\/strong><\/h3><h3 style=\"text-align: right;\"><strong>es una m\u00e1quina de producir\u00a0<\/strong><\/h3><h3 style=\"text-align: right;\"><strong>desigualdad social\u201d<\/strong><\/h3><\/blockquote><p>Hay que aclarar que cuando hablamos del menor gasto en educaci\u00f3n nos referimos al que sale de las arcas p\u00fablicas. Porque resulta que las familias madrile\u00f1as son las que m\u00e1s gastan en la educaci\u00f3n de sus hijos e hijas: un 57% m\u00e1s que la media nacional. Claro que es poco probable que el 46% de las familias que tiene dificultades para llegar a fin de mes, para encender la calefacci\u00f3n o para comprar carne y pescado, pueda reservar algo de presupuesto para reforzar la formaci\u00f3n de sus hijos. De nuevo, la pobreza se hereda y perpet\u00faa.<\/p><p>En un estudio paneuropeo de las capitales pol\u00edticas o econ\u00f3micas de 13 de los pa\u00edses del continente, \u201cSegregaci\u00f3n socioecon\u00f3mica en las capitales europeas\u201d, Madrid figura como la m\u00e1s segregada de todas. El <strong>catedr\u00e1tico de Sociolog\u00eda Urbana de la Universidad Complutense, Jes\u00fas Leal<\/strong>, se\u00f1ala tambi\u00e9n la educaci\u00f3n como uno de los factores principales que ha contribuido a ello.\u201cLa divisi\u00f3n brutal que tenemos aqu\u00ed entre colegios privados y p\u00fablicos es t\u00edpicamente espa\u00f1ola y extremadamente madrile\u00f1a. Fuera no te la encuentras. Hay que escarbar un poco para saber por qu\u00e9 llegamos a esto, y <strong>la Iglesia tiene mucho que ver<\/strong>\u201d.<\/p><p>El acceso a la ense\u00f1anza superior tampoco es la misma para la gente del norte que para la del sur, ni el tipo de carrera, ni la posibilidad de entrar en una escuela de negocios o en una universidad privada. \u201cYa hay empresas que s\u00f3lo contratan a quienes han pasado por esos centros privados\u201d, observa Leal.<\/p><p><strong>Pol\u00edticas neoliberales<\/strong><\/p><p>El<strong> secretario general de CCOO de Madrid, Jaime Cedr\u00fan<\/strong>, apunta a las <strong>pol\u00edticas neoliberales del PP<\/strong>: \u201cEst\u00e1n basadas en la <strong>desregulaci\u00f3n y la mercantilizaci\u00f3n de los servicios p\u00fablicos<\/strong> y han sido devastadoras para la clase trabajadora\u201d. En t\u00e9rminos de desigualdad, a\u00f1ade la<strong> secretaria sindical de Pol\u00edtica Social y Diversidad<\/strong>, <strong>Ana Gonz\u00e1lez Blanco<\/strong>, \u201cregistramos valores muy superiores a la media nacional y que confirman que la riqueza que se crea se est\u00e1 repartiendo de forma totalmente desequilibrada e injusta\u201d.<\/p><figure id=\"attachment_187\" aria-describedby=\"caption-attachment-187\" style=\"width: 1024px\" class=\"wp-caption aligncenter\"><img loading=\"lazy\" decoding=\"async\" class=\"wp-image-187 size-large\" src=\"https:\/\/madridsindical.es\/archivo\/wp-content\/uploads\/2019\/07\/IMG_4052-1-1024x614.jpg\" alt=\"\" width=\"1024\" height=\"614\" srcset=\"https:\/\/madridsindical.es\/archivo\/wp-content\/uploads\/2019\/07\/IMG_4052-1-1024x614.jpg 1024w, https:\/\/madridsindical.es\/archivo\/wp-content\/uploads\/2019\/07\/IMG_4052-1-300x180.jpg 300w, https:\/\/madridsindical.es\/archivo\/wp-content\/uploads\/2019\/07\/IMG_4052-1-768x461.jpg 768w, https:\/\/madridsindical.es\/archivo\/wp-content\/uploads\/2019\/07\/IMG_4052-1-465x279.jpg 465w, https:\/\/madridsindical.es\/archivo\/wp-content\/uploads\/2019\/07\/IMG_4052-1-695x417.jpg 695w, https:\/\/madridsindical.es\/archivo\/wp-content\/uploads\/2019\/07\/IMG_4052-1.jpg 1200w\" sizes=\"(max-width: 1024px) 100vw, 1024px\" \/><figcaption id=\"caption-attachment-187\" class=\"wp-caption-text\">Personas esperando la apertura de un comedor social en Madrid<\/figcaption><\/figure><p><a href=\"https:\/\/madrid.ccoo.es\/noticia:382270--CCOO_reclama_cambios_ante_el_%E2%80%9Canomalo%E2%80%9D_modelo_productivo_madrileno\" target=\"_blank\" rel=\"noopener\">El <strong>Informe Socioecon\u00f3mico<\/strong> realizado por <strong>CCOO de Madrid<\/strong> <\/a>detalla que la tasa de pobreza en la regi\u00f3n alcanza en estos momentos al 20,6% de la poblaci\u00f3n y que hay <strong>350.000 personas<\/strong> en situaci\u00f3n de pobreza severa (150.000 son ni\u00f1os y ni\u00f1as). \u201cHay un riesgo evidente de que esta grave situaci\u00f3n se instale en nuestra sociedad como un componente estructural\u201d, advierte <strong>Jaime Cedr\u00fan<\/strong>.<\/p><p>\u201cEstamos abonando el terreno para que se incremente la violencia\u201d, advierte <strong>Jes\u00fas Leal<\/strong>. \u201cUna ciudad segregada a la larga crea conflicto\u201d.<\/p><p>Sea como fuere, para entender el Madrid de hoy hay que remontarse al pasado y preguntarse c\u00f3mo se ha construido y dise\u00f1ado, qui\u00e9n decide y por qu\u00e9, despu\u00e9s de todo, esta cuesti\u00f3n es la m\u00e1s ideol\u00f3gica y la que m\u00e1s influye en la vida de los habitantes de un territorio, aunque rara vez se cuele en el debate p\u00fablico.<\/p><figure id=\"attachment_200\" aria-describedby=\"caption-attachment-200\" style=\"width: 1024px\" class=\"wp-caption aligncenter\"><img loading=\"lazy\" decoding=\"async\" class=\"wp-image-200 size-large\" src=\"https:\/\/madridsindical.es\/archivo\/wp-content\/uploads\/2019\/07\/IMG_2002-1024x683.jpg\" alt=\"\" width=\"1024\" height=\"683\" srcset=\"https:\/\/madridsindical.es\/archivo\/wp-content\/uploads\/2019\/07\/IMG_2002-1024x683.jpg 1024w, https:\/\/madridsindical.es\/archivo\/wp-content\/uploads\/2019\/07\/IMG_2002-300x200.jpg 300w, https:\/\/madridsindical.es\/archivo\/wp-content\/uploads\/2019\/07\/IMG_2002-768x512.jpg 768w, https:\/\/madridsindical.es\/archivo\/wp-content\/uploads\/2019\/07\/IMG_2002-465x310.jpg 465w, https:\/\/madridsindical.es\/archivo\/wp-content\/uploads\/2019\/07\/IMG_2002-695x463.jpg 695w, https:\/\/madridsindical.es\/archivo\/wp-content\/uploads\/2019\/07\/IMG_2002.jpg 1200w\" sizes=\"(max-width: 1024px) 100vw, 1024px\" \/><figcaption id=\"caption-attachment-200\" class=\"wp-caption-text\">Camarero en la Plaza Mayor de Madrid<\/figcaption><\/figure><p><strong>Frontera planificada<\/strong><\/p><p>\u201cHay que ir hacia atr\u00e1s\u201d, propone el arquitecto <strong>Daniel Morcillo<\/strong>, ex concejal del del Ayuntamiento de Madrid y en la actualidad jefe del Departamento de Rehabilitaci\u00f3n de la Empresa Municipal de la Vivienda y Suelo (EMVS). Retrocedemos bastante, hasta <strong>1946<\/strong>, cuando se aprob\u00f3 el <strong>Plan General de Ordenaci\u00f3n Urbana, de Pedro Bigador<\/strong>.<\/p><blockquote><h3 style=\"text-align: right;\">Madrid encabeza la clasificaci\u00f3n\u00a0<\/h3><h3 style=\"text-align: right;\">en un estudio de segregaci\u00f3n\u00a0<\/h3><h3 style=\"text-align: right;\">en 13 capitales de Europa<\/h3><\/blockquote><p>El llamado <strong>Plan Bigador<\/strong> \u201cfue el punto de partida del desequilibrio territorial de Madrid\u201d, explica Morcillo. \u201cLa ciudad necesitaba entonces mucha <strong>mano de obra<\/strong> para poder desarrollar la econom\u00eda a la que aspiraba la <strong>autarqu\u00eda franquista<\/strong>. Pero el r\u00e9gimen no se fiaba de esa poblaci\u00f3n y planifica una frontera tras la que ubica ocho poblados de manera que est\u00e9n lo relativamente cerca de los lugares de trabajo, pero lo suficientemente aislados para <strong>poderlos controlar militar y policialmente<\/strong>. Y esa estructura se mantiene. No ha habido pol\u00edticas desde la transici\u00f3n democr\u00e1tica que hayan contribuido a construir otro tipo de ciudad\u201d. Y lo mismo pasa a nivel de la Comunidad. \u201cEs como una superposici\u00f3n de planos. Cojas el que cojas encuentras desigualdad y desequilibrio territorial\u201d, se lamenta.<\/p><figure id=\"attachment_188\" aria-describedby=\"caption-attachment-188\" style=\"width: 500px\" class=\"wp-caption alignleft\"><img loading=\"lazy\" decoding=\"async\" class=\"wp-image-188\" src=\"https:\/\/madridsindical.es\/archivo\/wp-content\/uploads\/2019\/07\/Plan-Bidagor-300x300.jpg\" alt=\"\" width=\"500\" height=\"501\" srcset=\"https:\/\/madridsindical.es\/archivo\/wp-content\/uploads\/2019\/07\/Plan-Bidagor-300x300.jpg 300w, https:\/\/madridsindical.es\/archivo\/wp-content\/uploads\/2019\/07\/Plan-Bidagor-150x150.jpg 150w, https:\/\/madridsindical.es\/archivo\/wp-content\/uploads\/2019\/07\/Plan-Bidagor-768x770.jpg 768w, https:\/\/madridsindical.es\/archivo\/wp-content\/uploads\/2019\/07\/Plan-Bidagor-1022x1024.jpg 1022w, https:\/\/madridsindical.es\/archivo\/wp-content\/uploads\/2019\/07\/Plan-Bidagor-465x466.jpg 465w, https:\/\/madridsindical.es\/archivo\/wp-content\/uploads\/2019\/07\/Plan-Bidagor-499x500.jpg 499w, https:\/\/madridsindical.es\/archivo\/wp-content\/uploads\/2019\/07\/Plan-Bidagor.jpg 1853w\" sizes=\"(max-width: 500px) 100vw, 500px\" \/><figcaption id=\"caption-attachment-188\" class=\"wp-caption-text\">Mapa del Plan Bigador (Fuente: Fernando Roch, \u00abUn siglo de vivieda social 1903-2003\u00bb, Ministerio de Fomento)<\/figcaption><\/figure><p>Jes\u00fas Leal tambi\u00e9n ve en el <strong>Plan Bigador el origen de la desigualdad<\/strong> que arrastra Madrid. \u201cEse Plan se va reforzando y Madrid crece en los a\u00f1os sesenta con una marcada diferencia entre el centro y la periferia, entre el norte y el sur, separados por una frontera invisible, la de la verg\u00fcenza\u201d.<\/p><p>El <strong>catedr\u00e1tico de Urbanismo Fernando Roch<\/strong> expone en un art\u00edculo que el Plan Bigador sanciona dos estatutos diferentes de ciudadan\u00eda: \u201cAs\u00ed era posible, al mismo tiempo, la conservaci\u00f3n del Madrid de siempre como un espacio libre de <strong>\u2018contaminaci\u00f3n social\u2019<\/strong> y la resoluci\u00f3n del problema de dar empleo al creciente aumento de poblaci\u00f3n modesta, como se dec\u00eda eufem\u00edsticamente\u201d. Est\u00e1 claro que la ciudad se dise\u00f1\u00f3 considerando a esta poblaci\u00f3n \u2018modesta\u2019 una <strong>amenaza para las clases altas<\/strong>.<\/p><p>Y aqu\u00ed surge la pregunta de si los gobiernos de la Comunidad y el Ayuntamiento de Madrid, cuya obligaci\u00f3n es precisamente gobernar, es decir, <strong>garantizar unas condiciones de vida dignas<\/strong> a toda la ciudadan\u00eda y un reparto justo de la riqueza, est\u00e1n dispuestos a hacer frente al inmenso poder del mercado capitalista y de las \u00e9lites empresariales y financieras, y a promover un modelo econ\u00f3mico y fiscal que no deje a m\u00e1s del 20% de la poblaci\u00f3n completamente tirada. Hasta ahora <strong>ning\u00fan gobierno lo ha intentado<\/strong>.<\/p><h4><strong>Chamart\u00edn y Canalejas<\/strong><\/h4><p>\u201cSiendo realistas\u201d, esgrime <strong>Daniel Morcillo<\/strong>, \u201cno estamos en un momento revolucionario como algunos pretenden, sino en un momento de expansi\u00f3n del capital\u201d. Dos de las intervenciones urban\u00edsticas previstas, la de <strong>Madrid Nuevo Norte<\/strong> (<strong>Operaci\u00f3n Chamart\u00edn<\/strong>) y la de <strong>Canalejas<\/strong> son buenos exponentes de ello.<\/p><h3 style=\"text-align: right;\">\u201cUna ciudad segregada a la larga\u00a0<\/h3><h3 style=\"text-align: right;\">genera conflicto y violencia\u201d<\/h3><p>Morcillo califica de \u201cerror garrafal\u201d del Ayuntamiento dejar que el sector privado colonice el entorno de la <strong>estaci\u00f3n de Chamart\u00edn<\/strong>. \u201cLe estamos regalando las plusval\u00edas, porque no es solo lo que vale el suelo, sino el enorme valor a\u00f1adido de esa ubicaci\u00f3n, junto a las estaciones y a cinco minutos del aeropuerto, en un entorno donde se producen los grandes intercambios econ\u00f3micos\u201d. <a href=\"https:\/\/www.eldiario.es\/madrid\/Ayuntamiento-AXA-ACS-convertir-protegida_0_906759557.html\" target=\"_blank\" rel=\"noopener noreferrer\"><strong>El diario.es contaba recientemente<\/strong><\/a> en una noticia que <strong>ACS<\/strong> hab\u00eda obtenido una jugosa plusval\u00eda de uno de los siete terrenos con los que el Ayuntamiento le hab\u00eda pagado en 2016 por las obras realizadas en el <strong>Paseo de la Direcci\u00f3n<\/strong>: la parcela, en una ubicaci\u00f3n privilegiada, muy cerca de <strong>Plaza de Castilla<\/strong>, se tas\u00f3 en 94 millones y la constructora lo vendi\u00f3 dos a\u00f1os despu\u00e9s por 140 millones. No ha sido el \u00fanico pelotazo. Y ahora ACS ha vuelto a hacer caja vendiendo otras cuatro parcelas m\u00e1s.<\/p><figure id=\"attachment_74\" aria-describedby=\"caption-attachment-74\" style=\"width: 1200px\" class=\"wp-caption aligncenter\"><img loading=\"lazy\" decoding=\"async\" class=\"wp-image-74 size-full\" src=\"https:\/\/madridsindical.es\/archivo\/wp-content\/uploads\/2019\/07\/IMG_3339.jpg\" alt=\"\" width=\"1200\" height=\"800\" srcset=\"https:\/\/madridsindical.es\/archivo\/wp-content\/uploads\/2019\/07\/IMG_3339.jpg 1200w, https:\/\/madridsindical.es\/archivo\/wp-content\/uploads\/2019\/07\/IMG_3339-300x200.jpg 300w, https:\/\/madridsindical.es\/archivo\/wp-content\/uploads\/2019\/07\/IMG_3339-768x512.jpg 768w, https:\/\/madridsindical.es\/archivo\/wp-content\/uploads\/2019\/07\/IMG_3339-1024x683.jpg 1024w, https:\/\/madridsindical.es\/archivo\/wp-content\/uploads\/2019\/07\/IMG_3339-465x310.jpg 465w, https:\/\/madridsindical.es\/archivo\/wp-content\/uploads\/2019\/07\/IMG_3339-695x463.jpg 695w\" sizes=\"(max-width: 1200px) 100vw, 1200px\" \/><figcaption id=\"caption-attachment-74\" class=\"wp-caption-text\">Terrenos de la Operaci\u00f3n Chamart\u00edn<\/figcaption><\/figure><p>Para <strong>Jes\u00fas Leal, Madrid Nuevo Norte<\/strong>, con un mill\u00f3n de metros cuadrados de oficinas, va a poner <strong>la guinda al desequilibrio territorial de Madrid<\/strong>. \u201cDe nuevo se van a concentrar ah\u00ed los mejores empleos y las mejores oportunidades. Y ya hay un flujo brutal de veh\u00edculos del sur al norte por las ma\u00f1anas y en sentido contrario por las tardes. Las carreteras est\u00e1n atascadas y el transporte p\u00fablico colapsado, lo que supone una inversi\u00f3n incalculable en tiempo perdido\u201d. Otro r\u00e9cord para los madrile\u00f1os del sur: son los europeos que m\u00e1s tiempo dedican a <strong>llegar a sus puestos de trabajo<\/strong>. Un tiempo que, como indica Daniel Morcillo, podr\u00edan dedicar a formarse, sindicarse o atender a su familia.<\/p><h3 style=\"text-align: right;\">\u201cEs un error garrafal dejar\u00a0<\/h3><h3 style=\"text-align: right;\">que el sector privado colonice\u00a0<\/h3><h3 style=\"text-align: right;\">el entorno de la estaci\u00f3n de Chamart\u00edn\u201d<\/h3><figure id=\"attachment_197\" aria-describedby=\"caption-attachment-197\" style=\"width: 1024px\" class=\"wp-caption aligncenter\"><img loading=\"lazy\" decoding=\"async\" class=\"wp-image-197 size-large\" src=\"https:\/\/madridsindical.es\/archivo\/wp-content\/uploads\/2019\/07\/IMG_1892-1024x608.jpg\" alt=\"\" width=\"1024\" height=\"608\" srcset=\"https:\/\/madridsindical.es\/archivo\/wp-content\/uploads\/2019\/07\/IMG_1892-1024x608.jpg 1024w, https:\/\/madridsindical.es\/archivo\/wp-content\/uploads\/2019\/07\/IMG_1892-300x178.jpg 300w, https:\/\/madridsindical.es\/archivo\/wp-content\/uploads\/2019\/07\/IMG_1892-768x456.jpg 768w, https:\/\/madridsindical.es\/archivo\/wp-content\/uploads\/2019\/07\/IMG_1892-465x276.jpg 465w, https:\/\/madridsindical.es\/archivo\/wp-content\/uploads\/2019\/07\/IMG_1892-695x413.jpg 695w, https:\/\/madridsindical.es\/archivo\/wp-content\/uploads\/2019\/07\/IMG_1892.jpg 1200w\" sizes=\"(max-width: 1024px) 100vw, 1024px\" \/><figcaption id=\"caption-attachment-197\" class=\"wp-caption-text\">Un turista frente a un cartel en el edificio Canalejas en el centro de Madrid<\/figcaption><\/figure><p>En cuanto a la <strong>Operaci\u00f3n Canalejas<\/strong>, que va a convertir un espacio hist\u00f3rico del centro por excelencia de la capital en un <strong>exponente de lujo m\u00e1s exclusivo<\/strong>, Morcillo critica que los esfuerzos se centren en potenciar los servicios tur\u00edsticos a coste de olvidar otros sectores de la econom\u00eda. \u201cAl nuevo Canalejas podr\u00e1 entrar todo el mundo\u201d, ironiza, \u201cunos como curritos a poner las copas que otros se van a tomar, y no precisamente los madrile\u00f1os de a pie\u201d. Recuerda adem\u00e1s que el modelo tur\u00edstico de Madrid ha disparado los alquileres y ha conducido a la <strong>gentrificaci\u00f3n<\/strong> del centro.<\/p><h3 style=\"text-align: right;\">\u201cEl Plan de Ordenaci\u00f3n Urbana de 1946\u00a0<\/h3><h3 style=\"text-align: right;\">fue el punto de partida del desequilibrio\u00a0<\/h3><h3 style=\"text-align: right;\">territorial de Madrid\u201d<\/h3><p>\u201cHabr\u00eda que empezar a pensar c\u00f3mo desarrollar el sureste\u201d, concluye. \u201cTal vez la <strong>Operaci\u00f3n Campamento<\/strong> no sea tan descabellada. Reformul\u00e1ndola y con un buen planteamiento, e implantando determinadas estructuras econ\u00f3micas en el sur, se podr\u00eda reequilibrar Madrid. Pero seguimos pensando que el desarrollo consiste es construir casas\u201d.<\/p>\t\t\t\t\t\t\t\t<\/div>\n\t\t\t\t<\/div>\n\t\t\t\t<div class=\"elementor-element elementor-element-5b9a379 elementor-align-center elementor-widget elementor-widget-button\" data-id=\"5b9a379\" data-element_type=\"widget\" data-widget_type=\"button.default\">\n\t\t\t\t<div class=\"elementor-widget-container\">\n\t\t\t\t\t\t\t\t\t<div class=\"elementor-button-wrapper\">\n\t\t\t\t\t<a class=\"elementor-button elementor-button-link elementor-size-xs\" href=\"https:\/\/madridsindical.es\/archivo\/2019\/07\/18\/fotos-la-ciudad-segregada\/\">\n\t\t\t\t\t\t<span class=\"elementor-button-content-wrapper\">\n\t\t\t\t\t\t<span class=\"elementor-button-icon\">\n\t\t\t\t<i aria-hidden=\"true\" class=\"fas fa-camera\"><\/i>\t\t\t<\/span>\n\t\t\t\t\t\t\t\t\t<span class=\"elementor-button-text\">Fotos: La ciudad segregada<\/span>\n\t\t\t\t\t<\/span>\n\t\t\t\t\t<\/a>\n\t\t\t\t<\/div>\n\t\t\t\t\t\t\t\t<\/div>\n\t\t\t\t<\/div>\n\t\t\t\t\t<\/div>\n\t\t<\/div>\n\t\t\t\t\t<\/div>\n\t\t<\/section>\n\t\t\t\t<section class=\"elementor-section elementor-top-section elementor-element elementor-element-5189774 elementor-section-boxed elementor-section-height-default elementor-section-height-default\" data-id=\"5189774\" data-element_type=\"section\">\n\t\t\t\t\t\t<div class=\"elementor-container elementor-column-gap-default\">\n\t\t\t\t\t<div class=\"elementor-column elementor-col-100 elementor-top-column elementor-element elementor-element-018a082\" data-id=\"018a082\" data-element_type=\"column\">\n\t\t\t<div class=\"elementor-widget-wrap elementor-element-populated\">\n\t\t\t\t\t\t<div class=\"elementor-element elementor-element-9d3ab32 elementor-widget-divider--view-line elementor-widget elementor-widget-divider\" data-id=\"9d3ab32\" data-element_type=\"widget\" data-widget_type=\"divider.default\">\n\t\t\t\t<div class=\"elementor-widget-container\">\n\t\t\t\t\t\t\t<div class=\"elementor-divider\">\n\t\t\t<span class=\"elementor-divider-separator\">\n\t\t\t\t\t\t<\/span>\n\t\t<\/div>\n\t\t\t\t\t\t<\/div>\n\t\t\t\t<\/div>\n\t\t\t\t<div class=\"elementor-element elementor-element-cd0f75e elementor-widget elementor-widget-text-editor\" data-id=\"cd0f75e\" data-element_type=\"widget\" data-widget_type=\"text-editor.default\">\n\t\t\t\t<div class=\"elementor-widget-container\">\n\t\t\t\t\t\t\t\t\t<h4><strong>Las reivindicaciones de CCOO en las comarcas<\/strong><\/h4>\t\t\t\t\t\t\t\t<\/div>\n\t\t\t\t<\/div>\n\t\t\t\t<div class=\"elementor-element elementor-element-82174fa elementor-widget elementor-widget-text-editor\" data-id=\"82174fa\" data-element_type=\"widget\" data-widget_type=\"text-editor.default\">\n\t\t\t\t<div class=\"elementor-widget-container\">\n\t\t\t\t\t\t\t\t\t<p><span style=\"font-weight: bold;\">-Comarca Sur.<\/span><\/p><p><span style=\"font-weight: bold;\">Ra\u00fal Cordero<\/span>, secretario general: \u201cNos hemos convertido en un territorio abandonado por las pol\u00edticas p\u00fablicas y sin atractivo para el capital privado. La ausencia de un\u00a0<span style=\"font-weight: bold;\">Plan Regional de Estrategia Territorial<\/span>, atascado desde los a\u00f1os 90, ha entregado el desarrollo de la regi\u00f3n a las inercias del mercado. Aqu\u00ed se sit\u00faan las dos ciudades madrile\u00f1as,\u00a0<span style=\"font-weight: bold;\">Fuenlabrada y Parla<\/span>, con la media de pensiones m\u00e1s bajas y con el mayor n\u00famero de perceptores de la<span style=\"font-weight: bold;\">\u00a0Renta M\u00ednima de Inserci\u00f3n<\/span>. Sin embargo, tenemos algunas de las ciudades m\u00e1s j\u00f3venes de Europa, dos universidades p\u00fablicas con varios campus y un enorme potencial de talento y capacidad de trabajo que podr\u00eda despegar con inversiones p\u00fablicas. El sur sigue manteniendo\u00a0<span style=\"font-weight: bold;\">tejido industrial,<\/span>\u00a0puede liderar la transici\u00f3n hacia una econom\u00eda descarbonizada y desarrollar con dignidad los sectores de cuidados y educaci\u00f3n gracias a las necesidades de nuestro perfil de poblaci\u00f3n\u201d.<\/p><h3 style=\"line-height: 1.33333em; margin-bottom: 15px; background-color: #ffffff; text-align: right;\">Los habitantes del sur de la regi\u00f3n de Madrid son los europeos que m\u00e1s tiempo\u00a0 tienen que gastar en llegar al trabajo<\/h3>\t\t\t\t\t\t\t\t<\/div>\n\t\t\t\t<\/div>\n\t\t\t\t\t<\/div>\n\t\t<\/div>\n\t\t\t\t\t<\/div>\n\t\t<\/section>\n\t\t\t\t<section class=\"elementor-section elementor-top-section elementor-element elementor-element-3757c3b elementor-section-boxed elementor-section-height-default elementor-section-height-default\" data-id=\"3757c3b\" data-element_type=\"section\">\n\t\t\t\t\t\t<div class=\"elementor-container elementor-column-gap-default\">\n\t\t\t\t\t<div class=\"elementor-column elementor-col-100 elementor-top-column elementor-element elementor-element-6b2d2f7\" data-id=\"6b2d2f7\" data-element_type=\"column\">\n\t\t\t<div class=\"elementor-widget-wrap elementor-element-populated\">\n\t\t\t\t\t\t<div class=\"elementor-element elementor-element-73e06c5 elementor-widget elementor-widget-text-editor\" data-id=\"73e06c5\" data-element_type=\"widget\" data-widget_type=\"text-editor.default\">\n\t\t\t\t<div class=\"elementor-widget-container\">\n\t\t\t\t\t\t\t\t\t<p><span style=\"font-weight: bold;\">-Comarca Oeste.<\/span><\/p><p style=\"margin-bottom: 1em;\"><span style=\"font-weight: bold;\">Ram\u00f3n Gonz\u00e1lez<\/span>, secretario general: \u201cA esta comarca pertenecen dos grandes municipios,\u00a0<span style=\"font-weight: bold;\">M\u00f3stoles y Alcorc\u00f3n<\/span>, con muy poco tejido industrial en la actualidad. Ciudades que nacieron sin apenas planificaci\u00f3n y que han repetido el error en los \u00faltimos desarrollos urban\u00edsticos al construir sin prever dotaciones p\u00fablicas b\u00e1sicas. El elevado precio de la vivienda provoca la expansi\u00f3n y el crecimiento de poblaci\u00f3n, joven sobre todo, de pueblos como\u00a0<span style=\"font-weight: bold;\">Arroyomolinos y Navalcarnero<\/span>, una vez m\u00e1s sin dotaciones p\u00fablicas y con serias carencias de transporte p\u00fablico. Este \u00faltimo grupo de municipios sufre una falta de inversi\u00f3n regional hist\u00f3rica, acentuada con los sucesivos gobiernos del PP, interesados en cubrir esa carencia de servicios p\u00fablicos con negocios privados, en especial los de educaci\u00f3n, sanitarios y asistenciales. Nuestra propuesta es crear un frente com\u00fan de municipios con propuestas supramunicipales para equilibrar la desigualdad territorial planificada por la derecha regional\u201d.<\/p><h3 style=\"line-height: 1.33333em; margin-bottom: 15px; background-color: #ffffff; text-align: right;\">\u201cSeguimos pensando que el desarrollo consiste en construir casas\u201d<\/h3>\t\t\t\t\t\t\t\t<\/div>\n\t\t\t\t<\/div>\n\t\t\t\t\t<\/div>\n\t\t<\/div>\n\t\t\t\t\t<\/div>\n\t\t<\/section>\n\t\t\t\t<section class=\"elementor-section elementor-top-section elementor-element elementor-element-080da02 elementor-section-boxed elementor-section-height-default elementor-section-height-default\" data-id=\"080da02\" data-element_type=\"section\">\n\t\t\t\t\t\t<div class=\"elementor-container elementor-column-gap-default\">\n\t\t\t\t\t<div class=\"elementor-column elementor-col-100 elementor-top-column elementor-element elementor-element-6f1fd05\" data-id=\"6f1fd05\" data-element_type=\"column\">\n\t\t\t<div class=\"elementor-widget-wrap elementor-element-populated\">\n\t\t\t\t\t\t<div class=\"elementor-element elementor-element-f689452 elementor-widget elementor-widget-text-editor\" data-id=\"f689452\" data-element_type=\"widget\" data-widget_type=\"text-editor.default\">\n\t\t\t\t<div class=\"elementor-widget-container\">\n\t\t\t\t\t\t\t\t\t<p><span style=\"font-weight: bold;\">-Comarca Henares.<\/span><\/p>\n<p style=\"margin-bottom: 1em;\"><span style=\"font-weight: bold;\">Vicente Garc\u00eda<\/span>, secretario general: \u201cLideramos el tiempo de demora en listas de espera en la sanidad, las tasas de abandono escolar y somos noticia diariamente por los atascos en las conexiones con la capital y por las incidencias en Cercan\u00edas. Siendo el&nbsp;<span style=\"font-weight: bold;\">Corredor del Henares<\/span>&nbsp;uno de los principales ejes industriales,&nbsp;<span style=\"font-weight: bold;\">Alcal\u00e1<\/span>&nbsp;adolece de un intercambiador modal de transportes, de un parque empresarial y de otras infraestructuras propias de ciudades de su tama\u00f1o. Seguimos esperando el prometido carril bus-vao y los apeaderos de Renfe que den servicio a los pol\u00edgonos industriales donde trabajan miles de personas, como es el caso de&nbsp;<span style=\"font-weight: bold;\">Coslada y San Fernando<\/span>. Y una vez m\u00e1s nuestros municipios repiten patrones de crecimiento que van a generar una nueva burbuja inmobiliaria intentando convertir suelo productivo en residencial\u201d.<\/p>\t\t\t\t\t\t\t\t<\/div>\n\t\t\t\t<\/div>\n\t\t\t\t\t<\/div>\n\t\t<\/div>\n\t\t\t\t\t<\/div>\n\t\t<\/section>\n\t\t\t\t<section class=\"elementor-section elementor-top-section elementor-element elementor-element-40237e1 elementor-section-boxed elementor-section-height-default elementor-section-height-default\" data-id=\"40237e1\" data-element_type=\"section\">\n\t\t\t\t\t\t<div class=\"elementor-container elementor-column-gap-default\">\n\t\t\t\t\t<div class=\"elementor-column elementor-col-100 elementor-top-column elementor-element elementor-element-0da4b0c\" data-id=\"0da4b0c\" data-element_type=\"column\">\n\t\t\t<div class=\"elementor-widget-wrap elementor-element-populated\">\n\t\t\t\t\t\t<div class=\"elementor-element elementor-element-164dfcb elementor-widget elementor-widget-text-editor\" data-id=\"164dfcb\" data-element_type=\"widget\" data-widget_type=\"text-editor.default\">\n\t\t\t\t<div class=\"elementor-widget-container\">\n\t\t\t\t\t\t\t\t\t<p><span style=\"font-weight: bold;\">-Sierra de Guadarrama.<\/span><\/p><p style=\"margin-bottom: 1em;\"><span style=\"font-weight: bold;\">Pepe Guadarrama<\/span>, secretaria general: \u201cEsta comarca incluye algunos de los municipios m\u00e1s ricos de la regi\u00f3n, como\u00a0<span style=\"font-weight: bold;\">Pozuelo<\/span>, con una renta disponible de 55.500 euros, pero no se libra de la desigualdad. Por ejemplo, en\u00a0<span style=\"font-weight: bold;\">San Mart\u00edn de Valdeiglesias<\/span>\u00a0la renta disponible apenas supera los 18.000 euros. Y hay localidades peque\u00f1as como las de la\u00a0<span style=\"font-weight: bold;\">Sierra Norte<\/span>\u00a0mal comunicadas y donde el empleo es extraordinariamente estacional y precario. Es urgente la puesta en marcha de iniciativas que generen actividad econ\u00f3mica y puestos de trabajo para igualar las condiciones de vida de sus habitantes independientemente de cu\u00e1l sea su lugar de residencia\u201d.<\/p>\t\t\t\t\t\t\t\t<\/div>\n\t\t\t\t<\/div>\n\t\t\t\t\t<\/div>\n\t\t<\/div>\n\t\t\t\t\t<\/div>\n\t\t<\/section>\n\t\t\t\t<section class=\"elementor-section elementor-top-section elementor-element elementor-element-fca33a0 elementor-section-boxed elementor-section-height-default elementor-section-height-default\" data-id=\"fca33a0\" data-element_type=\"section\">\n\t\t\t\t\t\t<div class=\"elementor-container elementor-column-gap-default\">\n\t\t\t\t\t<div class=\"elementor-column elementor-col-100 elementor-top-column elementor-element elementor-element-2b13c3d\" data-id=\"2b13c3d\" data-element_type=\"column\">\n\t\t\t<div class=\"elementor-widget-wrap elementor-element-populated\">\n\t\t\t\t\t\t<div class=\"elementor-element elementor-element-29d861f elementor-widget elementor-widget-text-editor\" data-id=\"29d861f\" data-element_type=\"widget\" data-widget_type=\"text-editor.default\">\n\t\t\t\t<div class=\"elementor-widget-container\">\n\t\t\t\t\t\t\t\t\t<p><span style=\"font-weight: bold;\">-Comarca Las Vegas.<\/span><\/p>\n<p><span style=\"font-weight: bold;\">Jes\u00fas Quir\u00f3s,<\/span>&nbsp;secretario general: \u201cEsta comarca ha sido abandonada por los gobiernos regionales.&nbsp;<span style=\"font-weight: bold;\">No hemos recibido inversiones<\/span>. Desde algunos municipios no hay m\u00e1s opci\u00f3n que el transporte privado hasta llegar a localidades m\u00e1s grandes y la falta de infraestructuras es alarmante. En estas condiciones es dif\u00edcil que las empresas se instalen en esta \u00e1rea regional. CCOO reivindica para esta comarca el desarrollo de la plataforma log\u00edstica de&nbsp;<span style=\"font-weight: bold;\">Arganda del Rey<\/span>&nbsp;y de los planes industriales de&nbsp;<span style=\"font-weight: bold;\">Aranjuez<\/span>\u201d.<\/p>\t\t\t\t\t\t\t\t<\/div>\n\t\t\t\t<\/div>\n\t\t\t\t\t<\/div>\n\t\t<\/div>\n\t\t\t\t\t<\/div>\n\t\t<\/section>\n\t\t\t\t<section class=\"elementor-section elementor-top-section elementor-element elementor-element-728749c elementor-section-boxed elementor-section-height-default elementor-section-height-default\" data-id=\"728749c\" data-element_type=\"section\">\n\t\t\t\t\t\t<div class=\"elementor-container elementor-column-gap-default\">\n\t\t\t\t\t<div class=\"elementor-column elementor-col-100 elementor-top-column elementor-element elementor-element-8191872\" data-id=\"8191872\" data-element_type=\"column\" data-settings=\"{&quot;background_background&quot;:&quot;classic&quot;}\">\n\t\t\t<div class=\"elementor-widget-wrap elementor-element-populated\">\n\t\t\t\t\t\t<div class=\"elementor-element elementor-element-4046a0f elementor-widget-divider--view-line elementor-widget elementor-widget-divider\" data-id=\"4046a0f\" data-element_type=\"widget\" data-widget_type=\"divider.default\">\n\t\t\t\t<div class=\"elementor-widget-container\">\n\t\t\t\t\t\t\t<div class=\"elementor-divider\">\n\t\t\t<span class=\"elementor-divider-separator\">\n\t\t\t\t\t\t<\/span>\n\t\t<\/div>\n\t\t\t\t\t\t<\/div>\n\t\t\t\t<\/div>\n\t\t\t\t<div class=\"elementor-element elementor-element-60e3c3c elementor-widget elementor-widget-text-editor\" data-id=\"60e3c3c\" data-element_type=\"widget\" data-widget_type=\"text-editor.default\">\n\t\t\t\t<div class=\"elementor-widget-container\">\n\t\t\t\t\t\t\t\t\t<p><strong>OPINI\u00d3N \/ JAIME CEDR\u00daN, SECRETARIO GENERAL DE CCOO DE MADRID<\/strong><\/p><h3><strong>El coste de la segregaci\u00f3n<\/strong><\/h3><p>La distribuci\u00f3n espacial de nuestra regi\u00f3n y de la ciudad de Madrid no es casual, sino que obedece a un modelo perfectamente pensado e impuesto por las \u00e9lites del r\u00e9gimen franquista a finales de los a\u00f1os 40: el sureste de la ciudad y de la regi\u00f3n para las clases obreras; el noroeste para una nueva clase de propietarios\/empresarios, y el centro, para la hist\u00f3rica \u2018alta sociedad\u2019 madrile\u00f1a al estar ah\u00ed concentrados \u2018sus\u2019 barrios desde el siglo XIX.<\/p><p>Esta estructura se ha consolidado y ampliado de tal forma que en la actualidad Madrid encabeza la lista de las capitales m\u00e1s desiguales y segregadas de Europa al conjugar en un mismo territorio elevados niveles de riqueza con bolsas de pobreza y de exclusi\u00f3n social. Es lo que ocurre cuando las pol\u00edticas urban\u00edsticas y de desarrollo de la actividad econ\u00f3mica se dejan en manos de los intereses del capital. Ve\u00e1moslo a trav\u00e9s de una importante cuesti\u00f3n como es la vivienda p\u00fablica. El 85% de la misma se ha concentrado durante las dos \u00faltimas d\u00e9cadas en el sudeste al no haber entrado en las consideraciones pol\u00edticas el valor de la integraci\u00f3n y la mezcla social.<\/p><p>El coste de la segregaci\u00f3n no es s\u00f3lo econ\u00f3mico, tambi\u00e9n causa perjuicios en el orden social al favorecer la creaci\u00f3n de guetos, un caldo de cultivo para los conflictos sociales y tambi\u00e9n para la aparici\u00f3n de formaciones de extrema derecha.<\/p><p>Los nuevos gobiernos regional y locales de la Comunidad de Madrid deber\u00edan recuperar el protagonismo de la gesti\u00f3n y poner en macha con car\u00e1cter urgente pol\u00edticas de reequilibrio territorial. El sur tambi\u00e9n existe y necesita inversi\u00f3n en infraestructuras tecnol\u00f3gicas y del transporte para atraer tejido empresarial. Sin olvidar el mejor ant\u00eddoto contra la desigualdad: educaci\u00f3n p\u00fablica de calidad y apuesta por la investigaci\u00f3n, adem\u00e1s de abordar el nuevo desequilibrio de la regi\u00f3n despoblada<\/p>\t\t\t\t\t\t\t\t<\/div>\n\t\t\t\t<\/div>\n\t\t\t\t\t<\/div>\n\t\t<\/div>\n\t\t\t\t\t<\/div>\n\t\t<\/section>\n\t\t\t\t<\/div>\n\t\t","protected":false},"excerpt":{"rendered":"<p>Qu\u00e9 pasa con Madrid La regi\u00f3n m\u00e1s pr\u00f3spera de Espa\u00f1a es tambi\u00e9n la m\u00e1s desigual y segregada La pobreza y la segregaci\u00f3n en la regi\u00f3n de Madrid se intensifican, los servicios p\u00fablicos se deterioran, la desigualdad se acrecienta y el desequilibrio territorial se agrava. Y ello a pesar de tratarse de la regi\u00f3n m\u00e1s rica de Espa\u00f1a y una de las m\u00e1s pr\u00f3speras de Europa, que hace tiempo dej\u00f3 atr\u00e1s la recesi\u00f3n y crece por<span class=\"more-link\"><a href=\"https:\/\/madridsindical.es\/archivo\/2019\/07\/15\/que-pasa-con-madrid\/\">Contin\u00faa leyendo<\/a><\/span><\/p>\n","protected":false},"author":1,"featured_media":0,"comment_status":"open","ping_status":"open","sticky":false,"template":"","format":"standard","meta":{"footnotes":""},"categories":[14,2],"tags":[47],"class_list":["entry","author-madridsindical","post-68","post","type-post","status-publish","format-standard","category-madrid-sindical-no-11","category-reportajes","tag-archivo"],"aioseo_notices":[],"_links":{"self":[{"href":"https:\/\/madridsindical.es\/archivo\/wp-json\/wp\/v2\/posts\/68","targetHints":{"allow":["GET"]}}],"collection":[{"href":"https:\/\/madridsindical.es\/archivo\/wp-json\/wp\/v2\/posts"}],"about":[{"href":"https:\/\/madridsindical.es\/archivo\/wp-json\/wp\/v2\/types\/post"}],"author":[{"embeddable":true,"href":"https:\/\/madridsindical.es\/archivo\/wp-json\/wp\/v2\/users\/1"}],"replies":[{"embeddable":true,"href":"https:\/\/madridsindical.es\/archivo\/wp-json\/wp\/v2\/comments?post=68"}],"version-history":[{"count":90,"href":"https:\/\/madridsindical.es\/archivo\/wp-json\/wp\/v2\/posts\/68\/revisions"}],"predecessor-version":[{"id":1002,"href":"https:\/\/madridsindical.es\/archivo\/wp-json\/wp\/v2\/posts\/68\/revisions\/1002"}],"wp:attachment":[{"href":"https:\/\/madridsindical.es\/archivo\/wp-json\/wp\/v2\/media?parent=68"}],"wp:term":[{"taxonomy":"category","embeddable":true,"href":"https:\/\/madridsindical.es\/archivo\/wp-json\/wp\/v2\/categories?post=68"},{"taxonomy":"post_tag","embeddable":true,"href":"https:\/\/madridsindical.es\/archivo\/wp-json\/wp\/v2\/tags?post=68"}],"curies":[{"name":"wp","href":"https:\/\/api.w.org\/{rel}","templated":true}]}}