{"id":5779,"date":"2025-06-05T12:01:35","date_gmt":"2025-06-05T12:01:35","guid":{"rendered":"https:\/\/madridsindical.es\/archivo\/?p=5779"},"modified":"2025-11-11T19:52:06","modified_gmt":"2025-11-11T19:52:06","slug":"trabajadores-y-trabajadoras-de-corrugados-protestan-ante-el-ayuntamiento-de-getafe-por-la-falta-de-soluciones-al-conflicto","status":"publish","type":"post","link":"https:\/\/madridsindical.es\/archivo\/2025\/06\/05\/trabajadores-y-trabajadoras-de-corrugados-protestan-ante-el-ayuntamiento-de-getafe-por-la-falta-de-soluciones-al-conflicto\/","title":{"rendered":"La plantilla de Corrugados protesta por la falta de soluciones al conflicto"},"content":{"rendered":"\t\t<div data-elementor-type=\"wp-post\" data-elementor-id=\"5779\" class=\"elementor elementor-5779\">\n\t\t\t\t\t\t<section class=\"elementor-section elementor-top-section elementor-element elementor-element-058a0d2 elementor-section-boxed elementor-section-height-default elementor-section-height-default\" data-id=\"058a0d2\" data-element_type=\"section\">\n\t\t\t\t\t\t<div class=\"elementor-container elementor-column-gap-default\">\n\t\t\t\t\t<div class=\"elementor-column elementor-col-100 elementor-top-column elementor-element elementor-element-86e1cce\" data-id=\"86e1cce\" data-element_type=\"column\">\n\t\t\t<div class=\"elementor-widget-wrap elementor-element-populated\">\n\t\t\t\t\t\t<div class=\"elementor-element elementor-element-07c9fd0 elementor-widget elementor-widget-heading\" data-id=\"07c9fd0\" data-element_type=\"widget\" data-widget_type=\"heading.default\">\n\t\t\t\t<div class=\"elementor-widget-container\">\n\t\t\t\t\t<h2 class=\"elementor-heading-title elementor-size-large\">Trabajadores y trabajadoras de Corrugados protestan ante el Ayuntamiento de Getafe por la falta de soluciones al conflicto<\/h2>\t\t\t\t<\/div>\n\t\t\t\t<\/div>\n\t\t\t\t\t<\/div>\n\t\t<\/div>\n\t\t\t\t\t<\/div>\n\t\t<\/section>\n\t\t\t\t<section class=\"elementor-section elementor-top-section elementor-element elementor-element-fd0eb2f elementor-section-boxed elementor-section-height-default elementor-section-height-default\" data-id=\"fd0eb2f\" data-element_type=\"section\">\n\t\t\t\t\t\t<div class=\"elementor-container elementor-column-gap-default\">\n\t\t\t\t\t<div class=\"elementor-column elementor-col-100 elementor-top-column elementor-element elementor-element-e5f3e59\" data-id=\"e5f3e59\" data-element_type=\"column\">\n\t\t\t<div class=\"elementor-widget-wrap elementor-element-populated\">\n\t\t\t\t\t\t<div class=\"elementor-element elementor-element-b8068d4 elementor-widget elementor-widget-heading\" data-id=\"b8068d4\" data-element_type=\"widget\" data-widget_type=\"heading.default\">\n\t\t\t\t<div class=\"elementor-widget-container\">\n\t\t\t\t\t<h2 class=\"elementor-heading-title elementor-size-default\">\u2022 M\u00e1s de 150 familias se ver\u00e1n afectadas por el cierre de la planta\n <br>\u2022 CCOO exige que se ponga en marcha un Plan Industrial para el Sur de Madrid<\/h2>\t\t\t\t<\/div>\n\t\t\t\t<\/div>\n\t\t\t\t\t<\/div>\n\t\t<\/div>\n\t\t\t\t\t<\/div>\n\t\t<\/section>\n\t\t\t\t<section class=\"elementor-section elementor-top-section elementor-element elementor-element-c6a8343 elementor-section-boxed elementor-section-height-default elementor-section-height-default\" data-id=\"c6a8343\" data-element_type=\"section\">\n\t\t\t\t\t\t<div class=\"elementor-container elementor-column-gap-default\">\n\t\t\t\t\t<div class=\"elementor-column elementor-col-100 elementor-top-column elementor-element elementor-element-f6a4a9d\" data-id=\"f6a4a9d\" data-element_type=\"column\">\n\t\t\t<div class=\"elementor-widget-wrap elementor-element-populated\">\n\t\t\t\t\t\t<div class=\"elementor-element elementor-element-5052d2c elementor-widget elementor-widget-text-editor\" data-id=\"5052d2c\" data-element_type=\"widget\" data-widget_type=\"text-editor.default\">\n\t\t\t\t<div class=\"elementor-widget-container\">\n\t\t\t\t\t\t\t\t\t<p>Cientos de trabajadores y trabajadoras, acompa\u00f1ados de sus familias y vecinos de Getafe se manifestaron desde la planta de Corrugados hasta el Ayuntamiento de la ciudad, para protestar por la falta de respuesta tanto de la alcaldesa como de la Comunidad de Madrid.<\/p><p>Acompa\u00f1aron al Comit\u00e9 de empresa de la f\u00e1brica la <strong>secretaria general de CCOO de Madrid, Paloma L\u00f3pez<\/strong> <strong>Bermejo<\/strong>, <strong>el secretario general de la Federaci\u00f3n de Industria de CCOO Madrid, Eduardo Ant\u00f3n Ayuga y la secretaria general de la Comarca Sur de CCOO, \u00c1ngela Hern\u00e1ndez Flores<\/strong>.<\/p><p>CCOO exige la puesta en marcha de un <strong>Plan Industrial para el Sur de Madrid<\/strong> para que no se siga destruyendo tejido industrial en una zona que ha vivido durante d\u00e9cadas de la actividad de las industrias. <span style=\"color: #444444;\"><strong>La plantilla solo pide una salida digna<\/strong><\/span><\/p>\t\t\t\t\t\t\t\t<\/div>\n\t\t\t\t<\/div>\n\t\t\t\t\t<\/div>\n\t\t<\/div>\n\t\t\t\t\t<\/div>\n\t\t<\/section>\n\t\t\t\t<section class=\"elementor-section elementor-top-section elementor-element elementor-element-c0d228f elementor-section-boxed elementor-section-height-default elementor-section-height-default\" data-id=\"c0d228f\" data-element_type=\"section\">\n\t\t\t\t\t\t<div class=\"elementor-container elementor-column-gap-default\">\n\t\t\t\t\t<div class=\"elementor-column elementor-col-100 elementor-top-column elementor-element elementor-element-7e9c9ac\" data-id=\"7e9c9ac\" data-element_type=\"column\">\n\t\t\t<div class=\"elementor-widget-wrap elementor-element-populated\">\n\t\t\t\t\t\t<div class=\"elementor-element elementor-element-f44d4be elementor-widget elementor-widget-video\" data-id=\"f44d4be\" data-element_type=\"widget\" data-settings=\"{&quot;youtube_url&quot;:&quot;https:\\\/\\\/www.youtube.com\\\/watch?v=CSk19MAF3fM&quot;,&quot;video_type&quot;:&quot;youtube&quot;,&quot;controls&quot;:&quot;yes&quot;}\" data-widget_type=\"video.default\">\n\t\t\t\t<div class=\"elementor-widget-container\">\n\t\t\t\t\t\t\t<div class=\"elementor-wrapper elementor-open-inline\">\n\t\t\t<div class=\"elementor-video\"><\/div>\t\t<\/div>\n\t\t\t\t\t\t<\/div>\n\t\t\t\t<\/div>\n\t\t\t\t\t<\/div>\n\t\t<\/div>\n\t\t\t\t\t<\/div>\n\t\t<\/section>\n\t\t\t\t<section class=\"elementor-section elementor-top-section elementor-element elementor-element-febb5d4 elementor-section-boxed elementor-section-height-default elementor-section-height-default\" data-id=\"febb5d4\" data-element_type=\"section\">\n\t\t\t\t\t\t<div class=\"elementor-container elementor-column-gap-default\">\n\t\t\t\t\t<div class=\"elementor-column elementor-col-100 elementor-top-column elementor-element elementor-element-9908755\" data-id=\"9908755\" data-element_type=\"column\">\n\t\t\t<div class=\"elementor-widget-wrap elementor-element-populated\">\n\t\t\t\t\t\t<div class=\"elementor-element elementor-element-8b7b03d elementor-widget elementor-widget-text-editor\" data-id=\"8b7b03d\" data-element_type=\"widget\" data-widget_type=\"text-editor.default\">\n\t\t\t\t<div class=\"elementor-widget-container\">\n\t\t\t\t\t\t\t\t\t<p><span style=\"text-decoration: underline;\"><strong>Actualizaci\u00f3n 6-6-2025<\/strong><\/span><\/p><p><strong><a href=\"https:\/\/madrid.ccoo.es\/noticia:728747--La_asamblea_de_la_plantilla_de_Corrugados_ratifica_el_preacuerdo_para_el_ERE&amp;opc_id=711af56c79ef209f3b5831a8b38f22b1\">La plantilla de Corrugados Getafe ha firmado pr\u00e1cticamente por unanimidad un acuerdo en el marco del procedimiento de despido colectivo (ERE). El preacuerdo fue sometido a la asamblea de trabajadores y trabajadoras el viernes pasado, y con su ratificaci\u00f3n han culminado las movilizaciones. La Direcci\u00f3n ha reconocido la \u00abimprocedencia legal\u00bb de los despidos, lo que redundar\u00e1 en una mayor indemnizaci\u00f3n para los trabajadores.<\/a><\/strong><\/p>\t\t\t\t\t\t\t\t<\/div>\n\t\t\t\t<\/div>\n\t\t\t\t\t<\/div>\n\t\t<\/div>\n\t\t\t\t\t<\/div>\n\t\t<\/section>\n\t\t\t\t<\/div>\n\t\t","protected":false},"excerpt":{"rendered":"<p>Trabajadores y trabajadoras de Corrugados protestan ante el Ayuntamiento de Getafe por la falta de soluciones al conflicto \u2022 M\u00e1s de 150 familias se ver\u00e1n afectadas por el cierre de la planta \u2022 CCOO exige que se ponga en marcha un Plan Industrial para el Sur de Madrid Cientos de trabajadores y trabajadoras, acompa\u00f1ados de sus familias y vecinos de Getafe se manifestaron desde la planta de Corrugados hasta el Ayuntamiento de la ciudad, para<span class=\"more-link\"><a href=\"https:\/\/madridsindical.es\/archivo\/2025\/06\/05\/trabajadores-y-trabajadoras-de-corrugados-protestan-ante-el-ayuntamiento-de-getafe-por-la-falta-de-soluciones-al-conflicto\/\">Contin\u00faa leyendo<\/a><\/span><\/p>\n","protected":false},"author":1,"featured_media":5797,"comment_status":"closed","ping_status":"closed","sticky":false,"template":"","format":"standard","meta":{"footnotes":""},"categories":[25,2],"tags":[],"class_list":["entry","author-madridsindical","post-5779","post","type-post","status-publish","format-standard","has-post-thumbnail","category-actualidad","category-reportajes"],"aioseo_notices":[],"_links":{"self":[{"href":"https:\/\/madridsindical.es\/archivo\/wp-json\/wp\/v2\/posts\/5779","targetHints":{"allow":["GET"]}}],"collection":[{"href":"https:\/\/madridsindical.es\/archivo\/wp-json\/wp\/v2\/posts"}],"about":[{"href":"https:\/\/madridsindical.es\/archivo\/wp-json\/wp\/v2\/types\/post"}],"author":[{"embeddable":true,"href":"https:\/\/madridsindical.es\/archivo\/wp-json\/wp\/v2\/users\/1"}],"replies":[{"embeddable":true,"href":"https:\/\/madridsindical.es\/archivo\/wp-json\/wp\/v2\/comments?post=5779"}],"version-history":[{"count":15,"href":"https:\/\/madridsindical.es\/archivo\/wp-json\/wp\/v2\/posts\/5779\/revisions"}],"predecessor-version":[{"id":5808,"href":"https:\/\/madridsindical.es\/archivo\/wp-json\/wp\/v2\/posts\/5779\/revisions\/5808"}],"wp:featuredmedia":[{"embeddable":true,"href":"https:\/\/madridsindical.es\/archivo\/wp-json\/wp\/v2\/media\/5797"}],"wp:attachment":[{"href":"https:\/\/madridsindical.es\/archivo\/wp-json\/wp\/v2\/media?parent=5779"}],"wp:term":[{"taxonomy":"category","embeddable":true,"href":"https:\/\/madridsindical.es\/archivo\/wp-json\/wp\/v2\/categories?post=5779"},{"taxonomy":"post_tag","embeddable":true,"href":"https:\/\/madridsindical.es\/archivo\/wp-json\/wp\/v2\/tags?post=5779"}],"curies":[{"name":"wp","href":"https:\/\/api.w.org\/{rel}","templated":true}]}}