{"id":425,"date":"2019-07-25T07:47:17","date_gmt":"2019-07-25T07:47:17","guid":{"rendered":"https:\/\/madridsindical.es\/archivo\/?p=425"},"modified":"2025-11-06T12:26:15","modified_gmt":"2025-11-06T12:26:15","slug":"es-posible-el-riesgo-de-fraude-piramidal-en-el-sistema-de-pensiones","status":"publish","type":"post","link":"https:\/\/madridsindical.es\/archivo\/2019\/07\/25\/es-posible-el-riesgo-de-fraude-piramidal-en-el-sistema-de-pensiones\/","title":{"rendered":"Es posible el riesgo de fraude piramidal en el sistema de pensiones"},"content":{"rendered":"<h3 style=\"text-align: left;\"><strong>Jos\u00e9 Luis Tortuero Plaza, Catedr\u00e1tico del Derecho del Trabajo y de la Seguridad Social de la Universidad Complutense de Madrid \u21d2<\/strong><\/h3>\n<p>El <strong>sistema de pensiones<\/strong> en Espa\u00f1a ha sido puesto en cuesti\u00f3n a la luz de estad\u00edsticas y cifras que constantemente cuestionan su viabilidad. Y aunque esos diagn\u00f3sticos de la situaci\u00f3n y las prospecciones realizadas no se hacen de forma gratuita y neutra, debemos tomarnos en serio la <strong>viabilidad del sistema.<\/strong> De ello depende el modelo de sociedad que queremos construir, con la base de un necesario y nuevo pacto social.<\/p>\n<p>Con frecuencia y especialmente en tiempos de crisis, nos referimos al sistema de seguridad social y, en especial al sistema de pensiones, con una cierta <strong>frialdad y tecnicismo<\/strong>, donde adquieren relevancia los diagn\u00f3sticos actuariales, las proyecciones demogr\u00e1ficas, las valoraciones econ\u00f3micas&#8230;, cuyo resultado final, es el anuncio catastrofista de la <strong>inviabilidad financiera<\/strong> del sistema, la generaci\u00f3n de desconfianza y la incertidumbre. Los diagn\u00f3sticos y previsiones no son neutros, van acompa\u00f1ados del <strong>ofrecimiento de la gesti\u00f3n privada y del mercado financiero<\/strong>, como garantes de un renovado estado de bienestar individual, en paralelo a un <strong>retroceso en las funciones del Estado<\/strong>, relegado a la lucha contra la pobreza, y un renovado retorno a la responsabilidad individual y al fomento del ahorro\/pensi\u00f3n. Los tiempos van en esa direcci\u00f3n y los ecos de las reflexiones nos recuerdan los inicios de la conformaci\u00f3n de los sistemas. Hoy la referencia de la responsabilidad individual desde espacios de prepotencia econ\u00f3mica e incluso pol\u00edtica es un <strong>insulto a la sociedad<\/strong>.<\/p>\n<p>Los llamados indiscutibles datos t\u00e9cnicos pretenden escenificar un determinismo inevitable. En efecto, a partir de estos datos -que ni son indiscutibles (hay otras proyecciones diversas), ni son inevitables (muchos factores pueden influir en tan largo periodo de estimaci\u00f3n), ni son lineales (no tienen una lectura \u00fanica si se combinan con otros datos, como los relativos al llamado \u201cpotencial demogr\u00e1fico\u201d)-, se formular\u00eda una conclusi\u00f3n autom\u00e1tica o inapelable: de no introducirse medidas dr\u00e1sticas de contenci\u00f3n del gasto e incluso y mejor de cambio de modelo, la actualizaci\u00f3n de este riesgo demogr\u00e1fico har\u00eda dif\u00edcilmente sostenible financieramente el sistema p\u00fablico. Sin duda estamos sufriendo un <strong>acoso perfectamente orquestado<\/strong>.<\/p>\n<blockquote><p><strong>Llevamos nuestra<\/strong><br \/>\n<strong>seguridad social en<\/strong><br \/>\n<strong>el ADN individual<\/strong><br \/>\n<strong>y colectivo<\/strong><\/p><\/blockquote>\n<p>Ante tal escenario, es conveniente comenzar por hacer una cierta labor de pedagog\u00eda con la finalidad de situar el sistema de Seguridad Social en el espacio que le corresponde. Cuando hablamos de nuestro sistema de seguridad social y en especial del sistema de pensiones, estamos hablando de una <strong>opci\u00f3n democr\u00e1tica<\/strong> que se han dado las sociedades europeas, y por supuesto la espa\u00f1ola, en cuya construcci\u00f3n llevamos m\u00e1s de 100 a\u00f1os y que constituyen el <strong>centro neur\u00e1lgico de nuestro estado de bienestar<\/strong> hasta tal punto que nuestras sociedades no ser\u00edan reconocibles sin el sistema de protecci\u00f3n social que tenemos. En definitiva, llevamos <strong>nuestra seguridad social en el ADN individual y colectivo<\/strong>.<\/p>\n<p>El sistema de pensiones est\u00e1 atravesando tiempos dif\u00edciles y que pueden dificultar su continuidad y transformar la hist\u00f3rica solidaridad intergeneracional en una especie de <strong>fraude piramidal<\/strong>. No es un juego de palabras, es una llamada atenci\u00f3n conformada desde la memoria hist\u00f3rica. Los datos t\u00e9cnicos quieren ser indiscutibles, buscando una soluci\u00f3n predeterminada, en el negocio indiscutible que las pensiones ofrecen a la iniciativa privada. Debemos reaccionar, son m\u00e1s de 100 a\u00f1os en la construcci\u00f3n del sistema. Es cierto que hemos hecho cosas bien y mal. Es cierto que hemos publicitado los problemas sin afrontar soluciones.<\/p>\n<p>Incluso es cierto que hemos hecho trampas en el solitario. Los tiempos pre electorales son malos compa\u00f1eros de viaje, pero aun as\u00ed <strong>debemos tomarnos en serio la viabilidad del sistema<\/strong>. De ello depende el modelo de sociedad que queremos construir, con la base de un <strong>necesario y nuevo pacto social<\/strong>.<\/p>\n<p>El m\u00ednimo, aunque importante consenso alcanzado, dejando en la cuneta la muy criticada reforma del 2013 que incorpor\u00f3 a nuestro sistema de pensiones un <strong>nuevo \u00edndice de revalorizaci\u00f3n y el factor de sostenibilidad<\/strong>, es insuficiente y debe alejarse de la mera foto electoralista. Los n\u00fameros rojos del sistema no son una fantas\u00eda y el pago de la n\u00f3mina de pensiones de diciembre y la revalorizaci\u00f3n del 2019 anuncian un escenario bastante perturbador. El consenso y el dialogo pol\u00edtico y social deben continuar, asumiendo la conformaci\u00f3n de un nuevo modelo de financiaci\u00f3n que refleje o que permita las adaptaciones necesarias en funci\u00f3n de la evoluci\u00f3n del sistema productivo. El reto es ciertamente complejo y posiblemente necesite la aportaci\u00f3n de todos, incluidos los expertos, pero es inaplazable.<\/p>\n","protected":false},"excerpt":{"rendered":"<p>Jos\u00e9 Luis Tortuero Plaza, Catedr\u00e1tico del Derecho del Trabajo y de la Seguridad Social de la Universidad Complutense de Madrid \u21d2 El sistema de pensiones en Espa\u00f1a ha sido puesto en cuesti\u00f3n a la luz de estad\u00edsticas y cifras que constantemente cuestionan su viabilidad. Y aunque esos diagn\u00f3sticos de la situaci\u00f3n y las prospecciones realizadas no se hacen de forma gratuita y neutra, debemos tomarnos en serio la viabilidad del sistema. De ello depende el<span class=\"more-link\"><a href=\"https:\/\/madridsindical.es\/archivo\/2019\/07\/25\/es-posible-el-riesgo-de-fraude-piramidal-en-el-sistema-de-pensiones\/\">Contin\u00faa leyendo<\/a><\/span><\/p>\n","protected":false},"author":1,"featured_media":426,"comment_status":"closed","ping_status":"closed","sticky":false,"template":"","format":"standard","meta":{"footnotes":""},"categories":[5],"tags":[47],"class_list":["entry","author-madridsindical","post-425","post","type-post","status-publish","format-standard","has-post-thumbnail","category-firmas","tag-archivo"],"aioseo_notices":[],"_links":{"self":[{"href":"https:\/\/madridsindical.es\/archivo\/wp-json\/wp\/v2\/posts\/425","targetHints":{"allow":["GET"]}}],"collection":[{"href":"https:\/\/madridsindical.es\/archivo\/wp-json\/wp\/v2\/posts"}],"about":[{"href":"https:\/\/madridsindical.es\/archivo\/wp-json\/wp\/v2\/types\/post"}],"author":[{"embeddable":true,"href":"https:\/\/madridsindical.es\/archivo\/wp-json\/wp\/v2\/users\/1"}],"replies":[{"embeddable":true,"href":"https:\/\/madridsindical.es\/archivo\/wp-json\/wp\/v2\/comments?post=425"}],"version-history":[{"count":3,"href":"https:\/\/madridsindical.es\/archivo\/wp-json\/wp\/v2\/posts\/425\/revisions"}],"predecessor-version":[{"id":485,"href":"https:\/\/madridsindical.es\/archivo\/wp-json\/wp\/v2\/posts\/425\/revisions\/485"}],"wp:featuredmedia":[{"embeddable":true,"href":"https:\/\/madridsindical.es\/archivo\/wp-json\/wp\/v2\/media\/426"}],"wp:attachment":[{"href":"https:\/\/madridsindical.es\/archivo\/wp-json\/wp\/v2\/media?parent=425"}],"wp:term":[{"taxonomy":"category","embeddable":true,"href":"https:\/\/madridsindical.es\/archivo\/wp-json\/wp\/v2\/categories?post=425"},{"taxonomy":"post_tag","embeddable":true,"href":"https:\/\/madridsindical.es\/archivo\/wp-json\/wp\/v2\/tags?post=425"}],"curies":[{"name":"wp","href":"https:\/\/api.w.org\/{rel}","templated":true}]}}