{"id":4169,"date":"2024-06-11T12:02:28","date_gmt":"2024-06-11T12:02:28","guid":{"rendered":"https:\/\/madridsindical.es\/archivo\/?p=4169"},"modified":"2024-12-03T07:32:14","modified_gmt":"2024-12-03T07:32:14","slug":"gervasio-sanchez-fotografo-y-periodista","status":"publish","type":"post","link":"https:\/\/madridsindical.es\/archivo\/2024\/06\/11\/gervasio-sanchez-fotografo-y-periodista\/","title":{"rendered":"Gervasio S\u00e1nchez, fot\u00f3grafo y periodista"},"content":{"rendered":"\t\t<div data-elementor-type=\"wp-post\" data-elementor-id=\"4169\" class=\"elementor elementor-4169\">\n\t\t\t\t\t\t<section class=\"elementor-section elementor-top-section elementor-element elementor-element-26ba2e8 elementor-section-boxed elementor-section-height-default elementor-section-height-default\" data-id=\"26ba2e8\" data-element_type=\"section\">\n\t\t\t\t\t\t<div class=\"elementor-container elementor-column-gap-default\">\n\t\t\t\t\t<div class=\"elementor-column elementor-col-100 elementor-top-column elementor-element elementor-element-6e595ea\" data-id=\"6e595ea\" data-element_type=\"column\">\n\t\t\t<div class=\"elementor-widget-wrap elementor-element-populated\">\n\t\t\t\t\t\t<div class=\"elementor-element elementor-element-971bddb elementor-widget elementor-widget-heading\" data-id=\"971bddb\" data-element_type=\"widget\" data-widget_type=\"heading.default\">\n\t\t\t\t<div class=\"elementor-widget-container\">\n\t\t\t\t\t<h2 class=\"elementor-heading-title elementor-size-large\">\u201cCada persona que muere en la guerra deja una historia inconclusa\u201d<\/h2>\t\t\t\t<\/div>\n\t\t\t\t<\/div>\n\t\t\t\t\t<\/div>\n\t\t<\/div>\n\t\t\t\t\t<\/div>\n\t\t<\/section>\n\t\t\t\t<section class=\"elementor-section elementor-top-section elementor-element elementor-element-56b75a5 elementor-section-boxed elementor-section-height-default elementor-section-height-default\" data-id=\"56b75a5\" data-element_type=\"section\">\n\t\t\t\t\t\t<div class=\"elementor-container elementor-column-gap-default\">\n\t\t\t\t\t<div class=\"elementor-column elementor-col-100 elementor-top-column elementor-element elementor-element-68cab7a\" data-id=\"68cab7a\" data-element_type=\"column\">\n\t\t\t<div class=\"elementor-widget-wrap elementor-element-populated\">\n\t\t\t\t\t\t<div class=\"elementor-element elementor-element-3209581 elementor-widget elementor-widget-text-editor\" data-id=\"3209581\" data-element_type=\"widget\" data-widget_type=\"text-editor.default\">\n\t\t\t\t<div class=\"elementor-widget-container\">\n\t\t\t\t\t\t\t\t\t<p class=\"western\"><span style=\"color: #000000;\"><strong>Gervasio S\u00e1nchez lleva m\u00e1s de 40 a\u00f1os retratando el horror, la tragedia y la injusticia en conflictos armados de medio mundo. Junto al periodista y fot\u00f3grafo, <span style=\"text-decoration: underline;\"><a href=\"https:\/\/madrid.ccoo.es\/noticia:691494--Entrega_de_los_Premios_Pilar_Blanco_a_la_Comunicacion_Sociolaboral_2024\">galardonado recientemente con el Premio Pilar Blanco a la Comunicaci\u00f3n Sociolaboral de CCOO Madrid<\/a><\/span>, recorremos su emblem\u00e1tica exposici\u00f3n Vidas Minadas. El resumen de toda una vida dedicada a dar voz a las v\u00edctimas olvidadas de las guerras. <\/strong><\/span><\/p>\t\t\t\t\t\t\t\t<\/div>\n\t\t\t\t<\/div>\n\t\t\t\t\t<\/div>\n\t\t<\/div>\n\t\t\t\t\t<\/div>\n\t\t<\/section>\n\t\t\t\t<section class=\"elementor-section elementor-top-section elementor-element elementor-element-43a4ab0 elementor-section-boxed elementor-section-height-default elementor-section-height-default\" data-id=\"43a4ab0\" data-element_type=\"section\">\n\t\t\t\t\t\t<div class=\"elementor-container elementor-column-gap-default\">\n\t\t\t\t\t<div class=\"elementor-column elementor-col-100 elementor-top-column elementor-element elementor-element-ffc1639\" data-id=\"ffc1639\" data-element_type=\"column\">\n\t\t\t<div class=\"elementor-widget-wrap elementor-element-populated\">\n\t\t\t\t\t\t<div class=\"elementor-element elementor-element-cde83ee elementor-widget elementor-widget-text-editor\" data-id=\"cde83ee\" data-element_type=\"widget\" data-widget_type=\"text-editor.default\">\n\t\t\t\t<div class=\"elementor-widget-container\">\n\t\t\t\t\t\t\t\t\t<p><b>Direcci\u00f3n: <a href=\"https:\/\/twitter.com\/lm_lombardo\" target=\"_blank\" rel=\"noopener\">Luis Lombardo.<\/a> Texto: Eduardo Mesa. Fotos\/ v\u00eddeo: Fran Lorente. Edici\u00f3n: Javier Barrio<\/b><\/p>\t\t\t\t\t\t\t\t<\/div>\n\t\t\t\t<\/div>\n\t\t\t\t\t<\/div>\n\t\t<\/div>\n\t\t\t\t\t<\/div>\n\t\t<\/section>\n\t\t\t\t<section class=\"elementor-section elementor-top-section elementor-element elementor-element-44c7c80 elementor-section-boxed elementor-section-height-default elementor-section-height-default\" data-id=\"44c7c80\" data-element_type=\"section\">\n\t\t\t\t\t\t<div class=\"elementor-container elementor-column-gap-default\">\n\t\t\t\t\t<div class=\"elementor-column elementor-col-100 elementor-top-column elementor-element elementor-element-e399d08\" data-id=\"e399d08\" data-element_type=\"column\">\n\t\t\t<div class=\"elementor-widget-wrap elementor-element-populated\">\n\t\t\t\t\t\t<section class=\"elementor-section elementor-inner-section elementor-element elementor-element-1b7e7f7 elementor-section-boxed elementor-section-height-default elementor-section-height-default\" data-id=\"1b7e7f7\" data-element_type=\"section\">\n\t\t\t\t\t\t<div class=\"elementor-container elementor-column-gap-default\">\n\t\t\t\t\t<div class=\"elementor-column elementor-col-50 elementor-inner-column elementor-element elementor-element-900f68d\" data-id=\"900f68d\" data-element_type=\"column\">\n\t\t\t<div class=\"elementor-widget-wrap elementor-element-populated\">\n\t\t\t\t\t\t<div class=\"elementor-element elementor-element-20c53d5 elementor-view-default elementor-position-top elementor-mobile-position-top elementor-widget elementor-widget-icon-box\" data-id=\"20c53d5\" data-element_type=\"widget\" data-widget_type=\"icon-box.default\">\n\t\t\t\t<div class=\"elementor-widget-container\">\n\t\t\t\t\t\t\t<div class=\"elementor-icon-box-wrapper\">\n\n\t\t\t\t\t\t<div class=\"elementor-icon-box-icon\">\n\t\t\t\t<a href=\"https:\/\/www.youtube.com\/watch?v=GyldxSB2eN8\" target=\"_blank\" class=\"elementor-icon\" tabindex=\"-1\" aria-label=\"Entrevista a Gervasio S\u00e1nchez, periodista y fot\u00f3grafo\">\n\t\t\t\t<i aria-hidden=\"true\" class=\"fab fa-youtube-square\"><\/i>\t\t\t\t<\/a>\n\t\t\t<\/div>\n\t\t\t\n\t\t\t\t\t\t<div class=\"elementor-icon-box-content\">\n\n\t\t\t\t\t\t\t\t\t<h3 class=\"elementor-icon-box-title\">\n\t\t\t\t\t\t<a href=\"https:\/\/www.youtube.com\/watch?v=GyldxSB2eN8\" target=\"_blank\" >\n\t\t\t\t\t\t\tEntrevista a Gervasio S\u00e1nchez, periodista y fot\u00f3grafo\t\t\t\t\t\t<\/a>\n\t\t\t\t\t<\/h3>\n\t\t\t\t\n\t\t\t\t\n\t\t\t<\/div>\n\t\t\t\n\t\t<\/div>\n\t\t\t\t\t\t<\/div>\n\t\t\t\t<\/div>\n\t\t\t\t\t<\/div>\n\t\t<\/div>\n\t\t\t\t<div class=\"elementor-column elementor-col-50 elementor-inner-column elementor-element elementor-element-f92a849\" data-id=\"f92a849\" data-element_type=\"column\">\n\t\t\t<div class=\"elementor-widget-wrap elementor-element-populated\">\n\t\t\t\t\t\t<div class=\"elementor-element elementor-element-c7ecc9e elementor-widget elementor-widget-video\" data-id=\"c7ecc9e\" data-element_type=\"widget\" data-settings=\"{&quot;youtube_url&quot;:&quot;https:\\\/\\\/www.youtube.com\\\/watch?v=GyldxSB2eN8&quot;,&quot;video_type&quot;:&quot;youtube&quot;,&quot;controls&quot;:&quot;yes&quot;}\" data-widget_type=\"video.default\">\n\t\t\t\t<div class=\"elementor-widget-container\">\n\t\t\t\t\t\t\t<div class=\"elementor-wrapper elementor-open-inline\">\n\t\t\t<div class=\"elementor-video\"><\/div>\t\t<\/div>\n\t\t\t\t\t\t<\/div>\n\t\t\t\t<\/div>\n\t\t\t\t\t<\/div>\n\t\t<\/div>\n\t\t\t\t\t<\/div>\n\t\t<\/section>\n\t\t\t\t\t<\/div>\n\t\t<\/div>\n\t\t\t\t\t<\/div>\n\t\t<\/section>\n\t\t\t\t<section class=\"elementor-section elementor-top-section elementor-element elementor-element-a79580a elementor-section-boxed elementor-section-height-default elementor-section-height-default\" data-id=\"a79580a\" data-element_type=\"section\">\n\t\t\t\t\t\t<div class=\"elementor-container elementor-column-gap-default\">\n\t\t\t\t\t<div class=\"elementor-column elementor-col-100 elementor-top-column elementor-element elementor-element-0ec018f\" data-id=\"0ec018f\" data-element_type=\"column\">\n\t\t\t<div class=\"elementor-widget-wrap elementor-element-populated\">\n\t\t\t\t\t\t<div class=\"elementor-element elementor-element-ef8e668 elementor-widget elementor-widget-text-editor\" data-id=\"ef8e668\" data-element_type=\"widget\" data-widget_type=\"text-editor.default\">\n\t\t\t\t<div class=\"elementor-widget-container\">\n\t\t\t\t\t\t\t\t\t<p class=\"western\">\u201c<em>Cuando est\u00e1s acostumbrado a ir de guerra en guerra, viendo lo que ves, los desastres de la guerra, los tambores de guerra permanentemente preparados, gente haciendo negocios, los gobiernos, incluso gobiernos progresistas haciendo negocios con las armas, empresarios, banqueros, <strong>dices, \u201cbueno, \u00bfpara qu\u00e9 sirve mi trabajo?<\/strong><\/em>\u201d<\/p><p class=\"western\">La pregunta de <strong>Gervasio S\u00e1nchez<\/strong> rebota contra las paredes de la <strong>sala Picasso del C\u00edrculo de Bellas Artes<\/strong> donde observan ojos traspasados por el horror y la esperanza. Miradas envenenadas de barbarie que todav\u00eda son capaces de sonre\u00edr. Y contestan. La respuesta est\u00e1 en todas esas miradas reflejo de tantas peripecias vitales. Son las vidas olvidadas que \u00e9l ha hecho universales. Son las <a href=\"https:\/\/blume.net\/fotografia\/2396-vidas-minadas-25-anos-9788419785336.html\"><strong><i>Vidas Minadas <\/i><\/strong><\/a>que acompa\u00f1an cada paso de este fot\u00f3grafo y periodista. Como infinitas muescas en su propia biograf\u00eda. Como un recuerdo indeleble. Como esa familia \u201cuniversal\u201d que te abraza a miles de kil\u00f3metros.<\/p>\t\t\t\t\t\t\t\t<\/div>\n\t\t\t\t<\/div>\n\t\t\t\t\t<\/div>\n\t\t<\/div>\n\t\t\t\t\t<\/div>\n\t\t<\/section>\n\t\t\t\t<section class=\"elementor-section elementor-top-section elementor-element elementor-element-857852f elementor-section-boxed elementor-section-height-default elementor-section-height-default\" data-id=\"857852f\" data-element_type=\"section\">\n\t\t\t\t\t\t<div class=\"elementor-container elementor-column-gap-default\">\n\t\t\t\t\t<div class=\"elementor-column elementor-col-100 elementor-top-column elementor-element elementor-element-44b9cfa\" data-id=\"44b9cfa\" data-element_type=\"column\">\n\t\t\t<div class=\"elementor-widget-wrap elementor-element-populated\">\n\t\t\t\t\t\t<div class=\"elementor-element elementor-element-24dd31c elementor-widget elementor-widget-text-editor\" data-id=\"24dd31c\" data-element_type=\"widget\" data-widget_type=\"text-editor.default\">\n\t\t\t\t<div class=\"elementor-widget-container\">\n\t\t\t\t\t\t\t\t\t<p class=\"western\"><b>25 a\u00f1os de <\/b><i><b>Vidas Minadas<\/b><\/i><b>, un trabajo que se ha convertido en parte indisoluble de tu propia biograf\u00eda. <\/b><\/p><p class=\"western\"><em>Este trabajo se ha convertido en el anclaje moral y \u00e9tico que yo necesito para seguir creyendo en el periodismo, para seguir creyendo en las instituciones y para seguir creyendo en la ciudadan\u00eda. Al final los protagonistas de Vidas Minadas se han convertido en mi familia universal, que me sirve para seguir creyendo que vale la pena trabajar en el periodismo, al menos para que no se olviden las historias de las v\u00edctimas.<\/em><\/p><p class=\"western\"><b>Quiz\u00e1 seas de los pocos que le ha puesto cara a las v\u00edctimas de las minas antipersona cuando a menudo los medios de comunicaci\u00f3n presentan la guerra casi como un videojuego. <\/b><\/p><p class=\"western\"><em>El problema grave de los medios de comunicaci\u00f3n es que solamente tratan las historias medi\u00e1ticas y la historia medi\u00e1tica ni siquiera est\u00e1 promocionada por los propios medios de comunicaci\u00f3n. Son las agendas pol\u00edticas las que dirigen los medios de comunicaci\u00f3n. Hoy en d\u00eda hablamos de Gaza y bajamos el list\u00f3n en Ucrania, como Ucrania permiti\u00f3 sepultar a Afganist\u00e1n. Pero hay guerras en estos momentos en Sud\u00e1n del Sur desde hace un a\u00f1o, una matanza tremenda y un mont\u00f3n de gente muriendo por hambre en Mal\u00ed, en Burkina, en Timor Oriental.<\/em><\/p>\t\t\t\t\t\t\t\t<\/div>\n\t\t\t\t<\/div>\n\t\t\t\t\t<\/div>\n\t\t<\/div>\n\t\t\t\t\t<\/div>\n\t\t<\/section>\n\t\t\t\t<section class=\"elementor-section elementor-top-section elementor-element elementor-element-097b980 elementor-section-boxed elementor-section-height-default elementor-section-height-default\" data-id=\"097b980\" data-element_type=\"section\">\n\t\t\t\t\t\t<div class=\"elementor-container elementor-column-gap-default\">\n\t\t\t\t\t<div class=\"elementor-column elementor-col-100 elementor-top-column elementor-element elementor-element-770e34a\" data-id=\"770e34a\" data-element_type=\"column\">\n\t\t\t<div class=\"elementor-widget-wrap elementor-element-populated\">\n\t\t\t\t\t\t<section class=\"elementor-section elementor-inner-section elementor-element elementor-element-3d62668 elementor-section-boxed elementor-section-height-default elementor-section-height-default\" data-id=\"3d62668\" data-element_type=\"section\">\n\t\t\t\t\t\t<div class=\"elementor-container elementor-column-gap-default\">\n\t\t\t\t\t<div class=\"elementor-column elementor-col-50 elementor-inner-column elementor-element elementor-element-18160ca\" data-id=\"18160ca\" data-element_type=\"column\">\n\t\t\t<div class=\"elementor-widget-wrap elementor-element-populated\">\n\t\t\t\t\t\t<div class=\"elementor-element elementor-element-2613d00 elementor-widget elementor-widget-heading\" data-id=\"2613d00\" data-element_type=\"widget\" data-widget_type=\"heading.default\">\n\t\t\t\t<div class=\"elementor-widget-container\">\n\t\t\t\t\t<h2 class=\"elementor-heading-title elementor-size-default\">\u201cLlevamos toda la vida mat\u00e1ndonos porque la guerra es un gran negocio\u201d\n<\/h2>\t\t\t\t<\/div>\n\t\t\t\t<\/div>\n\t\t\t\t\t<\/div>\n\t\t<\/div>\n\t\t\t\t<div class=\"elementor-column elementor-col-50 elementor-inner-column elementor-element elementor-element-544200d\" data-id=\"544200d\" data-element_type=\"column\">\n\t\t\t<div class=\"elementor-widget-wrap elementor-element-populated\">\n\t\t\t\t\t\t<div class=\"elementor-element elementor-element-8ea139f elementor-widget elementor-widget-text-editor\" data-id=\"8ea139f\" data-element_type=\"widget\" data-widget_type=\"text-editor.default\">\n\t\t\t\t<div class=\"elementor-widget-container\">\n\t\t\t\t\t\t\t\t\t<p class=\"western\"><em>Hemos perdido la batalla, la batalla pol\u00edtica, la batalla de la ciudadan\u00eda y la batalla de todo el mundo. Hay medios que dicen que \u201csomos de referencia\u201d. Yo me r\u00edo cuando escucho esta palabra porque el medio de referencia lo que hace muchas veces es ajustarse a los intereses de su partido favorito, de su banquero favorito y de sus empresas favoritas.<\/em><\/p>\t\t\t\t\t\t\t\t<\/div>\n\t\t\t\t<\/div>\n\t\t\t\t\t<\/div>\n\t\t<\/div>\n\t\t\t\t\t<\/div>\n\t\t<\/section>\n\t\t\t\t\t<\/div>\n\t\t<\/div>\n\t\t\t\t\t<\/div>\n\t\t<\/section>\n\t\t\t\t<section class=\"elementor-section elementor-top-section elementor-element elementor-element-58f52c9 elementor-section-boxed elementor-section-height-default elementor-section-height-default\" data-id=\"58f52c9\" data-element_type=\"section\">\n\t\t\t\t\t\t<div class=\"elementor-container elementor-column-gap-default\">\n\t\t\t\t\t<div class=\"elementor-column elementor-col-100 elementor-top-column elementor-element elementor-element-ee0c9ee\" data-id=\"ee0c9ee\" data-element_type=\"column\">\n\t\t\t<div class=\"elementor-widget-wrap elementor-element-populated\">\n\t\t\t\t\t\t<div class=\"elementor-element elementor-element-459328d elementor-widget elementor-widget-image\" data-id=\"459328d\" data-element_type=\"widget\" data-widget_type=\"image.default\">\n\t\t\t\t<div class=\"elementor-widget-container\">\n\t\t\t\t\t\t\t\t\t\t\t\t\t\t\t<img fetchpriority=\"high\" decoding=\"async\" width=\"1024\" height=\"683\" src=\"https:\/\/madridsindical.es\/archivo\/wp-content\/uploads\/2024\/06\/005IMG_6838-1024x683.jpg\" class=\"attachment-large size-large wp-image-4175\" alt=\"\" srcset=\"https:\/\/madridsindical.es\/archivo\/wp-content\/uploads\/2024\/06\/005IMG_6838-1024x683.jpg 1024w, https:\/\/madridsindical.es\/archivo\/wp-content\/uploads\/2024\/06\/005IMG_6838-300x200.jpg 300w, https:\/\/madridsindical.es\/archivo\/wp-content\/uploads\/2024\/06\/005IMG_6838-768x512.jpg 768w, https:\/\/madridsindical.es\/archivo\/wp-content\/uploads\/2024\/06\/005IMG_6838-1536x1024.jpg 1536w, https:\/\/madridsindical.es\/archivo\/wp-content\/uploads\/2024\/06\/005IMG_6838-2048x1365.jpg 2048w, https:\/\/madridsindical.es\/archivo\/wp-content\/uploads\/2024\/06\/005IMG_6838-465x310.jpg 465w, https:\/\/madridsindical.es\/archivo\/wp-content\/uploads\/2024\/06\/005IMG_6838-695x463.jpg 695w\" sizes=\"(max-width: 1024px) 100vw, 1024px\" \/>\t\t\t\t\t\t\t\t\t\t\t\t\t\t\t<\/div>\n\t\t\t\t<\/div>\n\t\t\t\t\t<\/div>\n\t\t<\/div>\n\t\t\t\t\t<\/div>\n\t\t<\/section>\n\t\t\t\t<section class=\"elementor-section elementor-top-section elementor-element elementor-element-0af4994 elementor-section-boxed elementor-section-height-default elementor-section-height-default\" data-id=\"0af4994\" data-element_type=\"section\">\n\t\t\t\t\t\t<div class=\"elementor-container elementor-column-gap-default\">\n\t\t\t\t\t<div class=\"elementor-column elementor-col-100 elementor-top-column elementor-element elementor-element-9ed9e36\" data-id=\"9ed9e36\" data-element_type=\"column\">\n\t\t\t<div class=\"elementor-widget-wrap elementor-element-populated\">\n\t\t\t\t\t\t<div class=\"elementor-element elementor-element-cbdf10b elementor-widget elementor-widget-text-editor\" data-id=\"cbdf10b\" data-element_type=\"widget\" data-widget_type=\"text-editor.default\">\n\t\t\t\t<div class=\"elementor-widget-container\">\n\t\t\t\t\t\t\t\t\t<p class=\"western\"><b>Gracias a <\/b><i><b>Vidas Minadas <\/b><\/i><b>las v\u00edctimas tienen nombre y apellido. <\/b><\/p><p class=\"western\"><em>Una de las razones por las que yo me plante\u00e9 documentar historias con nombres y apellidos es porque en 1995, cuando empec\u00e9 este proyecto, estaba cansado de informar de muertes, de guerras, en forma de ceros. Los muertos eran an\u00f3nimos, personas que no ten\u00edan ni nombre ni apellido, simplemente lo que hac\u00edamos era multiplicar la cifra de muertos. 10.000 muertos el primer a\u00f1o de guerra, 20.000 muertos el segundo a\u00f1o de guerra, 30.000 muertos en el tercer a\u00f1o de guerra.<\/em><\/p><p class=\"western\"><em>Entonces llegu\u00e9 a la conclusi\u00f3n de que era muy importante mostrar a las v\u00edctimas con nombre y apellidos, porque uno de los problemas principales que tenemos los ciudadanos es que creemos que las v\u00edctimas no tienen historias, son an\u00f3nimos y toda persona que muere en una guerra tiene una historia. Ya sea en Ucrania, el ucraniano o el ruso, o en estos momentos en Gaza, o los muertos por las incursiones terroristas de los miembros de Ham\u00e1s. Cada persona que muere en la guerra deja una historia inconclusa.<\/em><\/p>\t\t\t\t\t\t\t\t<\/div>\n\t\t\t\t<\/div>\n\t\t\t\t\t<\/div>\n\t\t<\/div>\n\t\t\t\t\t<\/div>\n\t\t<\/section>\n\t\t\t\t<section class=\"elementor-section elementor-top-section elementor-element elementor-element-8f02d92 elementor-section-boxed elementor-section-height-default elementor-section-height-default\" data-id=\"8f02d92\" data-element_type=\"section\">\n\t\t\t\t\t\t<div class=\"elementor-container elementor-column-gap-default\">\n\t\t\t\t\t<div class=\"elementor-column elementor-col-100 elementor-top-column elementor-element elementor-element-1b74134\" data-id=\"1b74134\" data-element_type=\"column\">\n\t\t\t<div class=\"elementor-widget-wrap elementor-element-populated\">\n\t\t\t\t\t\t<section class=\"elementor-section elementor-inner-section elementor-element elementor-element-61d307e elementor-section-boxed elementor-section-height-default elementor-section-height-default\" data-id=\"61d307e\" data-element_type=\"section\">\n\t\t\t\t\t\t<div class=\"elementor-container elementor-column-gap-default\">\n\t\t\t\t\t<div class=\"elementor-column elementor-col-50 elementor-inner-column elementor-element elementor-element-92b711d\" data-id=\"92b711d\" data-element_type=\"column\">\n\t\t\t<div class=\"elementor-widget-wrap elementor-element-populated\">\n\t\t\t\t\t\t<div class=\"elementor-element elementor-element-4185996 elementor-widget elementor-widget-heading\" data-id=\"4185996\" data-element_type=\"widget\" data-widget_type=\"heading.default\">\n\t\t\t\t<div class=\"elementor-widget-container\">\n\t\t\t\t\t<h2 class=\"elementor-heading-title elementor-size-default\">\u201cCreemos que las v\u00edctimas son an\u00f3nimas, pero toda persona que muere en una guerra tiene una historia\u201d\n<\/h2>\t\t\t\t<\/div>\n\t\t\t\t<\/div>\n\t\t\t\t\t<\/div>\n\t\t<\/div>\n\t\t\t\t<div class=\"elementor-column elementor-col-50 elementor-inner-column elementor-element elementor-element-3dc513d\" data-id=\"3dc513d\" data-element_type=\"column\">\n\t\t\t<div class=\"elementor-widget-wrap elementor-element-populated\">\n\t\t\t\t\t\t<div class=\"elementor-element elementor-element-fe6ab70 elementor-widget elementor-widget-text-editor\" data-id=\"fe6ab70\" data-element_type=\"widget\" data-widget_type=\"text-editor.default\">\n\t\t\t\t<div class=\"elementor-widget-container\">\n\t\t\t\t\t\t\t\t\t<p class=\"western\"><em>Cada vez que he visto como a un ni\u00f1o o a un joven lo tiraban a una fosa com\u00fan en Sud\u00e1n, o en Somalia, o Liberia, o en Congo o Sierra Leona, he pensado que, alg\u00fan d\u00eda, este ni\u00f1o en el futuro, si no hubiera muerto hoy, podr\u00eda haber sido un gran escritor, un gran cineasta, un gran pol\u00edtico no corrupto, alguien que hubiera inventado la vacuna contra una de las enfermedades olvidadas de \u00c1frica.<\/em><\/p><p class=\"western\"><em>Lo que hice fue nombrar a un mont\u00f3n de personas que yo conoc\u00eda, con nombres dif\u00edciles de pronunciar y f\u00e1ciles de olvidar, que hab\u00edan sido v\u00edctimas de las minas. Vidas minadas est\u00e1 hecho en nueve pa\u00edses del mundo, tres asi\u00e1ticos: Afganist\u00e1n, Irak y Camboya. Dos africanos: Mozambique y Angola. Tres latinoamericanos: El Salvador, Nicaragua, Colombia y uno europeo, Bosnia Herzegovina.<\/em><\/p>\t\t\t\t\t\t\t\t<\/div>\n\t\t\t\t<\/div>\n\t\t\t\t\t<\/div>\n\t\t<\/div>\n\t\t\t\t\t<\/div>\n\t\t<\/section>\n\t\t\t\t\t<\/div>\n\t\t<\/div>\n\t\t\t\t\t<\/div>\n\t\t<\/section>\n\t\t\t\t<section class=\"elementor-section elementor-top-section elementor-element elementor-element-11747e8 elementor-section-boxed elementor-section-height-default elementor-section-height-default\" data-id=\"11747e8\" data-element_type=\"section\">\n\t\t\t\t\t\t<div class=\"elementor-container elementor-column-gap-default\">\n\t\t\t\t\t<div class=\"elementor-column elementor-col-100 elementor-top-column elementor-element elementor-element-7b44578\" data-id=\"7b44578\" data-element_type=\"column\">\n\t\t\t<div class=\"elementor-widget-wrap elementor-element-populated\">\n\t\t\t\t\t\t<div class=\"elementor-element elementor-element-16bd02f elementor-widget elementor-widget-text-editor\" data-id=\"16bd02f\" data-element_type=\"widget\" data-widget_type=\"text-editor.default\">\n\t\t\t\t<div class=\"elementor-widget-container\">\n\t\t\t\t\t\t\t\t\t<p class=\"western\"><b>Los estragos que provocan las minas duran toda la vida.<\/b><\/p><p class=\"western\"><em>Yo empec\u00e9 este proyecto en 1995 y llevo trabajando con \u00e9l 30 a\u00f1os. Algunos protagonistas ten\u00edan 14 a\u00f1os y acababan de ser heridos por minas. Hoy superan los 40 y siguen siendo v\u00edctimas de las minas. Si le faltan las dos piernas como a Sof\u00eda, tiene que cambiar de pr\u00f3tesis cada cierto tiempo. Una herida de mina, si sobrevives a la explosi\u00f3n (porque la hermana de Sof\u00eda, por ejemplo, muri\u00f3 con 8 a\u00f1os), es para toda la vida. El tema de las minas es muy grave. Las v\u00edctimas podr\u00edamos ser cualquiera de nosotros.<\/em><\/p><p class=\"western\"><em>Busqu\u00e9 historias personalizadas. En algunos casos me las encontr\u00e9 delante. Adis el d\u00eda anterior de hacer la foto casi lo mata una mina, a Sokherum, en Camboya, le cortaron la pierna delante de m\u00ed. Y est\u00e1 el caso de Joaquina, una se\u00f1ora que iba al mercado a vender lo que hab\u00eda podido cosechar y una explosi\u00f3n de la mina la hiri\u00f3, la dej\u00f3 sin pierna, mat\u00f3 a su hija de 14 a\u00f1os, mat\u00f3 a su hermana de 16 a\u00f1os y, posteriormente, su marido la abandon\u00f3 y se fue. Esas son las consecuencias de una mina que explot\u00f3 en 1989 y que hoy, en 2024, sigue sufriendo esta mujer que sigue viva con m\u00e1s de 70.<\/em><\/p>\t\t\t\t\t\t\t\t<\/div>\n\t\t\t\t<\/div>\n\t\t\t\t\t<\/div>\n\t\t<\/div>\n\t\t\t\t\t<\/div>\n\t\t<\/section>\n\t\t\t\t<section class=\"elementor-section elementor-top-section elementor-element elementor-element-65d904c elementor-section-boxed elementor-section-height-default elementor-section-height-default\" data-id=\"65d904c\" data-element_type=\"section\">\n\t\t\t\t\t\t<div class=\"elementor-container elementor-column-gap-default\">\n\t\t\t\t\t<div class=\"elementor-column elementor-col-100 elementor-top-column elementor-element elementor-element-faf9e46\" data-id=\"faf9e46\" data-element_type=\"column\">\n\t\t\t<div class=\"elementor-widget-wrap elementor-element-populated\">\n\t\t\t\t\t\t<div class=\"elementor-element elementor-element-ed63351 elementor-widget elementor-widget-image\" data-id=\"ed63351\" data-element_type=\"widget\" data-widget_type=\"image.default\">\n\t\t\t\t<div class=\"elementor-widget-container\">\n\t\t\t\t\t\t\t\t\t\t\t\t\t\t\t<img decoding=\"async\" width=\"1024\" height=\"682\" src=\"https:\/\/madridsindical.es\/archivo\/wp-content\/uploads\/2024\/06\/004IMG_6722-1024x682.jpg\" class=\"attachment-large size-large wp-image-4174\" alt=\"\" srcset=\"https:\/\/madridsindical.es\/archivo\/wp-content\/uploads\/2024\/06\/004IMG_6722-1024x682.jpg 1024w, https:\/\/madridsindical.es\/archivo\/wp-content\/uploads\/2024\/06\/004IMG_6722-300x200.jpg 300w, https:\/\/madridsindical.es\/archivo\/wp-content\/uploads\/2024\/06\/004IMG_6722-768x512.jpg 768w, https:\/\/madridsindical.es\/archivo\/wp-content\/uploads\/2024\/06\/004IMG_6722-1536x1024.jpg 1536w, https:\/\/madridsindical.es\/archivo\/wp-content\/uploads\/2024\/06\/004IMG_6722-465x310.jpg 465w, https:\/\/madridsindical.es\/archivo\/wp-content\/uploads\/2024\/06\/004IMG_6722-695x463.jpg 695w, https:\/\/madridsindical.es\/archivo\/wp-content\/uploads\/2024\/06\/004IMG_6722.jpg 2000w\" sizes=\"(max-width: 1024px) 100vw, 1024px\" \/>\t\t\t\t\t\t\t\t\t\t\t\t\t\t\t<\/div>\n\t\t\t\t<\/div>\n\t\t\t\t\t<\/div>\n\t\t<\/div>\n\t\t\t\t\t<\/div>\n\t\t<\/section>\n\t\t\t\t<section class=\"elementor-section elementor-top-section elementor-element elementor-element-d5d3fc0 elementor-section-boxed elementor-section-height-default elementor-section-height-default\" data-id=\"d5d3fc0\" data-element_type=\"section\">\n\t\t\t\t\t\t<div class=\"elementor-container elementor-column-gap-default\">\n\t\t\t\t\t<div class=\"elementor-column elementor-col-100 elementor-top-column elementor-element elementor-element-9ff44f1\" data-id=\"9ff44f1\" data-element_type=\"column\">\n\t\t\t<div class=\"elementor-widget-wrap elementor-element-populated\">\n\t\t\t\t\t\t<section class=\"elementor-section elementor-inner-section elementor-element elementor-element-54b63a3 elementor-section-boxed elementor-section-height-default elementor-section-height-default\" data-id=\"54b63a3\" data-element_type=\"section\">\n\t\t\t\t\t\t<div class=\"elementor-container elementor-column-gap-default\">\n\t\t\t\t\t<div class=\"elementor-column elementor-col-50 elementor-inner-column elementor-element elementor-element-c83d420\" data-id=\"c83d420\" data-element_type=\"column\">\n\t\t\t<div class=\"elementor-widget-wrap elementor-element-populated\">\n\t\t\t\t\t\t<div class=\"elementor-element elementor-element-5452339 elementor-widget elementor-widget-heading\" data-id=\"5452339\" data-element_type=\"widget\" data-widget_type=\"heading.default\">\n\t\t\t\t<div class=\"elementor-widget-container\">\n\t\t\t\t\t<h2 class=\"elementor-heading-title elementor-size-default\">\u201cCuando veo a un joven tirado en una fosa com\u00fan pienso lo que podr\u00eda haber sido en el futuro si no hubiera muerto hoy\u201d\n<\/h2>\t\t\t\t<\/div>\n\t\t\t\t<\/div>\n\t\t\t\t\t<\/div>\n\t\t<\/div>\n\t\t\t\t<div class=\"elementor-column elementor-col-50 elementor-inner-column elementor-element elementor-element-63f5c3f\" data-id=\"63f5c3f\" data-element_type=\"column\">\n\t\t\t<div class=\"elementor-widget-wrap elementor-element-populated\">\n\t\t\t\t\t\t<div class=\"elementor-element elementor-element-a0fdc32 elementor-widget elementor-widget-text-editor\" data-id=\"a0fdc32\" data-element_type=\"widget\" data-widget_type=\"text-editor.default\">\n\t\t\t\t<div class=\"elementor-widget-container\">\n\t\t\t\t\t\t\t\t\t<p class=\"western\"><b>\u00bfC\u00f3mo se puede recomponer una vida minada? \u00bfHay lugar para la esperanza?<\/b><\/p><p class=\"western\"><em>Se recompone porque los seres humanos que m\u00e1s sufren son los m\u00e1s capaces de levantarse del desastre. Lo que yo admiro de estas personas, por ejemplo de Joaquina, es que en estos momentos, cada d\u00eda, tenga malaria o tenga fiebre o est\u00e9 cansada, se va a andar cinco kil\u00f3metros para recoger la cosecha de ma\u00edz con la que come cada d\u00eda.<\/em><\/p><p class=\"western\"><em>Sof\u00eda acab\u00f3 la secundaria. Recorr\u00eda 9,6 kil\u00f3metros ida y vuelta en silla de ruedas para ir donde estudiaba. Una chica que pierde con 11 a\u00f1os las dos piernas, que una mina mata a su hermana Mar\u00eda, con ocho, es capaz de llegar a las puertas de la universidad.<\/em><\/p>\t\t\t\t\t\t\t\t<\/div>\n\t\t\t\t<\/div>\n\t\t\t\t\t<\/div>\n\t\t<\/div>\n\t\t\t\t\t<\/div>\n\t\t<\/section>\n\t\t\t\t\t<\/div>\n\t\t<\/div>\n\t\t\t\t\t<\/div>\n\t\t<\/section>\n\t\t\t\t<section class=\"elementor-section elementor-top-section elementor-element elementor-element-a9fb6d2 elementor-section-boxed elementor-section-height-default elementor-section-height-default\" data-id=\"a9fb6d2\" data-element_type=\"section\">\n\t\t\t\t\t\t<div class=\"elementor-container elementor-column-gap-default\">\n\t\t\t\t\t<div class=\"elementor-column elementor-col-100 elementor-top-column elementor-element elementor-element-68f008b\" data-id=\"68f008b\" data-element_type=\"column\">\n\t\t\t<div class=\"elementor-widget-wrap elementor-element-populated\">\n\t\t\t\t\t\t<div class=\"elementor-element elementor-element-b69348e elementor-widget elementor-widget-text-editor\" data-id=\"b69348e\" data-element_type=\"widget\" data-widget_type=\"text-editor.default\">\n\t\t\t\t<div class=\"elementor-widget-container\">\n\t\t\t\t\t\t\t\t\t<p class=\"western\"><em>O Manuel Orellana. Tres de sus cuatro hijos han llegado a la universidad y \u00e9l perdi\u00f3 las dos piernas recogiendo caf\u00e9 cuando quedaban 15 d\u00edas para que acabara la guerra de El Salvador. Esa es la gran fuerza del ser humano.<\/em><\/p><p class=\"western\"><em>Son personas que han demostrado una gran fortaleza. Son personas inquebrantables que luchan por sobrevivir en circunstancias muy duras y situaciones muy complejas. Siguen teniendo la fuerza de seguir creyendo positivamente en la condici\u00f3n humana. A m\u00ed me sirven como est\u00edmulo para seguir trabajando.<\/em><\/p><p><em>La inmensa mayor\u00eda de gente que he conocido en mi vida profesional en 40 a\u00f1os, en m\u00e1s de 25 conflictos armados, es gente que prefiere matar antes que morir<b>. <\/b>Muy rara es la persona que yo haya conocido que prefiera morir antes que matar. Pero tambi\u00e9n es verdad que en el mismo desastre de la guerra aparece lo mejor del ser humano y estas personas son mi anclaje moral para seguir creyendo en el ser humano.<\/em><\/p>\t\t\t\t\t\t\t\t<\/div>\n\t\t\t\t<\/div>\n\t\t\t\t\t<\/div>\n\t\t<\/div>\n\t\t\t\t\t<\/div>\n\t\t<\/section>\n\t\t\t\t<section class=\"elementor-section elementor-top-section elementor-element elementor-element-3602258 elementor-section-boxed elementor-section-height-default elementor-section-height-default\" data-id=\"3602258\" data-element_type=\"section\">\n\t\t\t\t\t\t<div class=\"elementor-container elementor-column-gap-default\">\n\t\t\t\t\t<div class=\"elementor-column elementor-col-100 elementor-top-column elementor-element elementor-element-f49265c\" data-id=\"f49265c\" data-element_type=\"column\">\n\t\t\t<div class=\"elementor-widget-wrap elementor-element-populated\">\n\t\t\t\t\t\t<section class=\"elementor-section elementor-inner-section elementor-element elementor-element-161295a elementor-section-boxed elementor-section-height-default elementor-section-height-default\" data-id=\"161295a\" data-element_type=\"section\">\n\t\t\t\t\t\t<div class=\"elementor-container elementor-column-gap-default\">\n\t\t\t\t\t<div class=\"elementor-column elementor-col-50 elementor-inner-column elementor-element elementor-element-9eccdcf\" data-id=\"9eccdcf\" data-element_type=\"column\">\n\t\t\t<div class=\"elementor-widget-wrap elementor-element-populated\">\n\t\t\t\t\t\t<div class=\"elementor-element elementor-element-4ee7b98 elementor-widget elementor-widget-heading\" data-id=\"4ee7b98\" data-element_type=\"widget\" data-widget_type=\"heading.default\">\n\t\t\t\t<div class=\"elementor-widget-container\">\n\t\t\t\t\t<h2 class=\"elementor-heading-title elementor-size-default\">\u201cLa mayor\u00eda de gente que he conocido en mi vida profesional prefiere matar antes que morir\u201d\n<\/h2>\t\t\t\t<\/div>\n\t\t\t\t<\/div>\n\t\t\t\t\t<\/div>\n\t\t<\/div>\n\t\t\t\t<div class=\"elementor-column elementor-col-50 elementor-inner-column elementor-element elementor-element-0ec30fb\" data-id=\"0ec30fb\" data-element_type=\"column\">\n\t\t\t<div class=\"elementor-widget-wrap elementor-element-populated\">\n\t\t\t\t\t\t<div class=\"elementor-element elementor-element-8dedc99 elementor-widget elementor-widget-text-editor\" data-id=\"8dedc99\" data-element_type=\"widget\" data-widget_type=\"text-editor.default\">\n\t\t\t\t<div class=\"elementor-widget-container\">\n\t\t\t\t\t\t\t\t\t<p class=\"western\"><b>\u00bfSigues manteniendo contacto con ellos y ellas, a los que llamas tu \u201cfamilia universal\u201d?<\/b><\/p><p class=\"western\"><em>Es verdad que los a\u00f1os no pasan en balde y uno se va haciendo mayorcito, pero estoy seguro de que habr\u00e1 Vidas Minadas 50 a\u00f1os porque la vida de estas personas contin\u00faa. Yo cada vez que vaya al Salvador visitar\u00e9 a Manuel. Cada vez que vaya a Mozambique, visitar\u00e9 a Sof\u00eda.<\/em><\/p><p><em>Pr\u00e1cticamente hablo todos los d\u00edas con M\u00f3nica, a la que quiero much\u00edsimo porque es casi como una hija para m\u00ed, porque van a pasar cosas importantes en su vida y quiero estar al tanto. O con Sof\u00eda que me llama pap\u00e1, cuando me manda un mensaje me dice \u201cpap\u00e1\u201d. Y le ha puesto a su \u00faltimo hijo mi nombre, Gervasio, algo que me ha hecho mucha ilusi\u00f3n.<\/em><\/p>\t\t\t\t\t\t\t\t<\/div>\n\t\t\t\t<\/div>\n\t\t\t\t\t<\/div>\n\t\t<\/div>\n\t\t\t\t\t<\/div>\n\t\t<\/section>\n\t\t\t\t\t<\/div>\n\t\t<\/div>\n\t\t\t\t\t<\/div>\n\t\t<\/section>\n\t\t\t\t<section class=\"elementor-section elementor-top-section elementor-element elementor-element-d02365e elementor-section-boxed elementor-section-height-default elementor-section-height-default\" data-id=\"d02365e\" data-element_type=\"section\">\n\t\t\t\t\t\t<div class=\"elementor-container elementor-column-gap-default\">\n\t\t\t\t\t<div class=\"elementor-column elementor-col-100 elementor-top-column elementor-element elementor-element-3a63e37\" data-id=\"3a63e37\" data-element_type=\"column\">\n\t\t\t<div class=\"elementor-widget-wrap elementor-element-populated\">\n\t\t\t\t\t\t<div class=\"elementor-element elementor-element-b0415ab elementor-widget elementor-widget-text-editor\" data-id=\"b0415ab\" data-element_type=\"widget\" data-widget_type=\"text-editor.default\">\n\t\t\t\t<div class=\"elementor-widget-container\">\n\t\t\t\t\t\t\t\t\t<p class=\"western\"><b>Despu\u00e9s de conocer el horror de cerca, \u00bfhas llegado a perder la fe en el ser humano? <\/b><\/p><p class=\"western\"><em>Lo peor no es cubrir la guerra. Quienes conocemos la guerra sabemos lo que significa, es el mayor fracaso de una sociedad. Cuando estalla una guerra, las consecuencias se van a sufrir durante d\u00e9cadas. En estos momentos, en los Balcanes, en Croacia, en Bosnia, ya no hay guerra. Pero sigue habiendo comunidades que viven de espalda unas a otras.<\/em><\/p><p class=\"western\"><em>Yo s\u00e9 que en la guerra voy a encontrar matanzas, masacres, voy a encontrarme a ni\u00f1os que matan, ni\u00f1os que violan, ni\u00f1os que cortan brazos, ni\u00f1os incluso que han matado a sus padres, posiblemente obligados a matar a sus padres. Y cuando llegas aqu\u00ed, a una sociedad como esta, te encuentras que hay una especie de pasividad generalizada donde solamente sale la gente a gritar \u201cNo a la guerra\u201d, cuando se pone de moda, como en 2003. En 2024 no sale ni dios a gritar \u201cNo a la guerra\u201d.<\/em><\/p><p class=\"western\"><em>Este es el sistema en el que estamos viviendo, en el que hay una gran pasividad por parte de la opini\u00f3n p\u00fablica y esto hace que todas las cosas cada vez sean m\u00e1s complejas. Y algo muy importante, los j\u00f3venes, que no reciben la informaci\u00f3n adecuada ni en los institutos ni en las universidades.<\/em><\/p>\t\t\t\t\t\t\t\t<\/div>\n\t\t\t\t<\/div>\n\t\t\t\t\t<\/div>\n\t\t<\/div>\n\t\t\t\t\t<\/div>\n\t\t<\/section>\n\t\t\t\t<section class=\"elementor-section elementor-top-section elementor-element elementor-element-135fadc elementor-section-boxed elementor-section-height-default elementor-section-height-default\" data-id=\"135fadc\" data-element_type=\"section\">\n\t\t\t\t\t\t<div class=\"elementor-container elementor-column-gap-default\">\n\t\t\t\t\t<div class=\"elementor-column elementor-col-100 elementor-top-column elementor-element elementor-element-2064955\" data-id=\"2064955\" data-element_type=\"column\">\n\t\t\t<div class=\"elementor-widget-wrap elementor-element-populated\">\n\t\t\t\t\t\t<section class=\"elementor-section elementor-inner-section elementor-element elementor-element-923c861 elementor-section-boxed elementor-section-height-default elementor-section-height-default\" data-id=\"923c861\" data-element_type=\"section\">\n\t\t\t\t\t\t<div class=\"elementor-container elementor-column-gap-default\">\n\t\t\t\t\t<div class=\"elementor-column elementor-col-50 elementor-inner-column elementor-element elementor-element-a0f9616\" data-id=\"a0f9616\" data-element_type=\"column\">\n\t\t\t<div class=\"elementor-widget-wrap elementor-element-populated\">\n\t\t\t\t\t\t<div class=\"elementor-element elementor-element-77e4568 elementor-widget elementor-widget-heading\" data-id=\"77e4568\" data-element_type=\"widget\" data-widget_type=\"heading.default\">\n\t\t\t\t<div class=\"elementor-widget-container\">\n\t\t\t\t\t<h2 class=\"elementor-heading-title elementor-size-default\">\u201cEspa\u00f1a est\u00e1 en la Champions League de la venta de armas. Es una verg\u00fcenza\u201d \n<\/h2>\t\t\t\t<\/div>\n\t\t\t\t<\/div>\n\t\t\t\t\t<\/div>\n\t\t<\/div>\n\t\t\t\t<div class=\"elementor-column elementor-col-50 elementor-inner-column elementor-element elementor-element-8deeeeb\" data-id=\"8deeeeb\" data-element_type=\"column\">\n\t\t\t<div class=\"elementor-widget-wrap elementor-element-populated\">\n\t\t\t\t\t\t<div class=\"elementor-element elementor-element-907e04d elementor-widget elementor-widget-text-editor\" data-id=\"907e04d\" data-element_type=\"widget\" data-widget_type=\"text-editor.default\">\n\t\t\t\t<div class=\"elementor-widget-container\">\n\t\t\t\t\t\t\t\t\t<p class=\"western\"><b>Acusas a nuestros gobernantes de ser c\u00f3mplices de todo lo que est\u00e1 pasando. <\/b><\/p><p class=\"western\"><em>Es una verg\u00fcenza. Una verg\u00fcenza total que gobernantes de todo tipo de ideolog\u00edas en este pa\u00eds, incluso los que tantas veces patalean en la oposici\u00f3n, cuando llegan a los salones del poder se transforman en los defensores a ultranza de los negocios de las armas. Nos han convertido en la sexta potencia del mundo en la venta de armas. Estamos en la Champions League de la venta de armas. Es un gran ejercicio de cinismo de unos niveles vergonzosos.<\/em><\/p><p class=\"western\">\u00a0<\/p>\t\t\t\t\t\t\t\t<\/div>\n\t\t\t\t<\/div>\n\t\t\t\t\t<\/div>\n\t\t<\/div>\n\t\t\t\t\t<\/div>\n\t\t<\/section>\n\t\t\t\t\t<\/div>\n\t\t<\/div>\n\t\t\t\t\t<\/div>\n\t\t<\/section>\n\t\t\t\t<section class=\"elementor-section elementor-top-section elementor-element elementor-element-466798c elementor-section-boxed elementor-section-height-default elementor-section-height-default\" data-id=\"466798c\" data-element_type=\"section\">\n\t\t\t\t\t\t<div class=\"elementor-container elementor-column-gap-default\">\n\t\t\t\t\t<div class=\"elementor-column elementor-col-100 elementor-top-column elementor-element elementor-element-f8e0cee\" data-id=\"f8e0cee\" data-element_type=\"column\">\n\t\t\t<div class=\"elementor-widget-wrap elementor-element-populated\">\n\t\t\t\t\t\t<div class=\"elementor-element elementor-element-1565444 elementor-widget elementor-widget-image\" data-id=\"1565444\" data-element_type=\"widget\" data-widget_type=\"image.default\">\n\t\t\t\t<div class=\"elementor-widget-container\">\n\t\t\t\t\t\t\t\t\t\t\t\t\t\t\t<img decoding=\"async\" width=\"1024\" height=\"682\" src=\"https:\/\/madridsindical.es\/archivo\/wp-content\/uploads\/2024\/06\/003IMG_6710-1024x682.jpg\" class=\"attachment-large size-large wp-image-4173\" alt=\"\" srcset=\"https:\/\/madridsindical.es\/archivo\/wp-content\/uploads\/2024\/06\/003IMG_6710-1024x682.jpg 1024w, https:\/\/madridsindical.es\/archivo\/wp-content\/uploads\/2024\/06\/003IMG_6710-300x200.jpg 300w, https:\/\/madridsindical.es\/archivo\/wp-content\/uploads\/2024\/06\/003IMG_6710-768x512.jpg 768w, https:\/\/madridsindical.es\/archivo\/wp-content\/uploads\/2024\/06\/003IMG_6710-1536x1024.jpg 1536w, https:\/\/madridsindical.es\/archivo\/wp-content\/uploads\/2024\/06\/003IMG_6710-465x310.jpg 465w, https:\/\/madridsindical.es\/archivo\/wp-content\/uploads\/2024\/06\/003IMG_6710-695x463.jpg 695w, https:\/\/madridsindical.es\/archivo\/wp-content\/uploads\/2024\/06\/003IMG_6710.jpg 2000w\" sizes=\"(max-width: 1024px) 100vw, 1024px\" \/>\t\t\t\t\t\t\t\t\t\t\t\t\t\t\t<\/div>\n\t\t\t\t<\/div>\n\t\t\t\t\t<\/div>\n\t\t<\/div>\n\t\t\t\t\t<\/div>\n\t\t<\/section>\n\t\t\t\t<section class=\"elementor-section elementor-top-section elementor-element elementor-element-cfc596c elementor-section-boxed elementor-section-height-default elementor-section-height-default\" data-id=\"cfc596c\" data-element_type=\"section\">\n\t\t\t\t\t\t<div class=\"elementor-container elementor-column-gap-default\">\n\t\t\t\t\t<div class=\"elementor-column elementor-col-100 elementor-top-column elementor-element elementor-element-ff187a1\" data-id=\"ff187a1\" data-element_type=\"column\">\n\t\t\t<div class=\"elementor-widget-wrap elementor-element-populated\">\n\t\t\t\t\t\t<div class=\"elementor-element elementor-element-b9ac891 elementor-widget elementor-widget-text-editor\" data-id=\"b9ac891\" data-element_type=\"widget\" data-widget_type=\"text-editor.default\">\n\t\t\t\t<div class=\"elementor-widget-container\">\n\t\t\t\t\t\t\t\t\t<p class=\"western\"><b>\u00bfQu\u00e9 foto le queda por hacer a Gervasio S\u00e1nchez? <\/b><\/p><p class=\"western\"><em>A m\u00ed no se me ha perdido nada en la guerra. Nada. Yo vivo en Zaragoza. Mi peor momento es dar al piso cero en el ascensor de mi casa e irme con 60 kilos de peso a un lugar alejado a miles de kil\u00f3metros para ver, desde el momento que llego, atrocidades, brutalidades, historias destrozadas, \u00bfqu\u00e9 se me ha perdido a m\u00ed en la guerra?<\/em><\/p><p class=\"western\"><em>Me encantar\u00eda hacer la fotograf\u00eda del fin de la guerra, \u201cla guerra ha terminado\u201d pero soy muy consciente de que es imposible porque los humanos llevamos mat\u00e1ndonos desde hace 15.500 a\u00f1os. Existen pruebas antropol\u00f3gicas en restos humanos de una matanza ocurrida en el Paleol\u00edtico Superior, en el norte de Sud\u00e1n. Un grupo humano asesin\u00f3 a otro grupo humano en el que hab\u00eda mujeres y ni\u00f1os. Llevamos toda la vida mat\u00e1ndonos, porque la guerra es un gran negocio. \u00bfPor qu\u00e9 vamos a estimular la paz si estimulando la guerra ganamos m\u00e1s dinero?<\/em><\/p><p class=\"western\"><strong><em>La foto de la paz no la voy a poder hacer en mi vida.<\/em><\/strong><\/p>\t\t\t\t\t\t\t\t<\/div>\n\t\t\t\t<\/div>\n\t\t\t\t\t<\/div>\n\t\t<\/div>\n\t\t\t\t\t<\/div>\n\t\t<\/section>\n\t\t\t\t<section class=\"elementor-section elementor-top-section elementor-element elementor-element-fdfb76d elementor-section-boxed elementor-section-height-default elementor-section-height-default\" data-id=\"fdfb76d\" data-element_type=\"section\">\n\t\t\t\t\t\t<div class=\"elementor-container elementor-column-gap-default\">\n\t\t\t\t\t<div class=\"elementor-column elementor-col-100 elementor-top-column elementor-element elementor-element-e33a548\" data-id=\"e33a548\" data-element_type=\"column\">\n\t\t\t<div class=\"elementor-widget-wrap elementor-element-populated\">\n\t\t\t\t\t\t<div class=\"elementor-element elementor-element-cff4889 elementor-widget elementor-widget-text-editor\" data-id=\"cff4889\" data-element_type=\"widget\" data-widget_type=\"text-editor.default\">\n\t\t\t\t<div class=\"elementor-widget-container\">\n\t\t\t\t\t\t\t\t\t<p>\u00a0<\/p><p>\u00a0<\/p><p><span style=\"text-decoration: underline;\"><a href=\"https:\/\/blume.net\/fotografia\/2396-vidas-minadas-25-anos-9788419785336.html\"><strong>La exposici\u00f3n Vidas Minadas est\u00e1 compilada en un libro que puedes comprar aqu\u00ed\u00a0<\/strong><\/a><\/span><\/p>\t\t\t\t\t\t\t\t<\/div>\n\t\t\t\t<\/div>\n\t\t\t\t\t<\/div>\n\t\t<\/div>\n\t\t\t\t\t<\/div>\n\t\t<\/section>\n\t\t\t\t<\/div>\n\t\t","protected":false},"excerpt":{"rendered":"<p>\u201cCada persona que muere en la guerra deja una historia inconclusa\u201d Gervasio S\u00e1nchez lleva m\u00e1s de 40 a\u00f1os retratando el horror, la tragedia y la injusticia en conflictos armados de medio mundo. Junto al periodista y fot\u00f3grafo, galardonado recientemente con el Premio Pilar Blanco a la Comunicaci\u00f3n Sociolaboral de CCOO Madrid, recorremos su emblem\u00e1tica exposici\u00f3n Vidas Minadas. El resumen de toda una vida dedicada a dar voz a las v\u00edctimas olvidadas de las guerras. Direcci\u00f3n:<span class=\"more-link\"><a href=\"https:\/\/madridsindical.es\/archivo\/2024\/06\/11\/gervasio-sanchez-fotografo-y-periodista\/\">Contin\u00faa leyendo<\/a><\/span><\/p>\n","protected":false},"author":1,"featured_media":4171,"comment_status":"closed","ping_status":"closed","sticky":false,"template":"","format":"standard","meta":{"footnotes":""},"categories":[3],"tags":[],"class_list":["entry","author-madridsindical","post-4169","post","type-post","status-publish","format-standard","has-post-thumbnail","category-entrevistas"],"aioseo_notices":[],"_links":{"self":[{"href":"https:\/\/madridsindical.es\/archivo\/wp-json\/wp\/v2\/posts\/4169","targetHints":{"allow":["GET"]}}],"collection":[{"href":"https:\/\/madridsindical.es\/archivo\/wp-json\/wp\/v2\/posts"}],"about":[{"href":"https:\/\/madridsindical.es\/archivo\/wp-json\/wp\/v2\/types\/post"}],"author":[{"embeddable":true,"href":"https:\/\/madridsindical.es\/archivo\/wp-json\/wp\/v2\/users\/1"}],"replies":[{"embeddable":true,"href":"https:\/\/madridsindical.es\/archivo\/wp-json\/wp\/v2\/comments?post=4169"}],"version-history":[{"count":39,"href":"https:\/\/madridsindical.es\/archivo\/wp-json\/wp\/v2\/posts\/4169\/revisions"}],"predecessor-version":[{"id":4259,"href":"https:\/\/madridsindical.es\/archivo\/wp-json\/wp\/v2\/posts\/4169\/revisions\/4259"}],"wp:featuredmedia":[{"embeddable":true,"href":"https:\/\/madridsindical.es\/archivo\/wp-json\/wp\/v2\/media\/4171"}],"wp:attachment":[{"href":"https:\/\/madridsindical.es\/archivo\/wp-json\/wp\/v2\/media?parent=4169"}],"wp:term":[{"taxonomy":"category","embeddable":true,"href":"https:\/\/madridsindical.es\/archivo\/wp-json\/wp\/v2\/categories?post=4169"},{"taxonomy":"post_tag","embeddable":true,"href":"https:\/\/madridsindical.es\/archivo\/wp-json\/wp\/v2\/tags?post=4169"}],"curies":[{"name":"wp","href":"https:\/\/api.w.org\/{rel}","templated":true}]}}