{"id":4106,"date":"2024-03-13T12:06:46","date_gmt":"2024-03-13T12:06:46","guid":{"rendered":"https:\/\/madridsindical.es\/archivo\/?p=4106"},"modified":"2025-11-06T10:46:34","modified_gmt":"2025-11-06T10:46:34","slug":"entrevista-a-leonardo-padura-escritor-cubano","status":"publish","type":"post","link":"https:\/\/madridsindical.es\/archivo\/2024\/03\/13\/entrevista-a-leonardo-padura-escritor-cubano\/","title":{"rendered":"Entrevista a Leonardo Padura, escritor cubano"},"content":{"rendered":"\t\t<div data-elementor-type=\"wp-post\" data-elementor-id=\"4106\" class=\"elementor elementor-4106\">\n\t\t\t\t\t\t<section class=\"elementor-section elementor-top-section elementor-element elementor-element-5aed736 elementor-section-boxed elementor-section-height-default elementor-section-height-default\" data-id=\"5aed736\" data-element_type=\"section\">\n\t\t\t\t\t\t<div class=\"elementor-container elementor-column-gap-default\">\n\t\t\t\t\t<div class=\"elementor-column elementor-col-100 elementor-top-column elementor-element elementor-element-70687be\" data-id=\"70687be\" data-element_type=\"column\">\n\t\t\t<div class=\"elementor-widget-wrap elementor-element-populated\">\n\t\t\t\t\t\t<div class=\"elementor-element elementor-element-17e0b67 elementor-widget elementor-widget-heading\" data-id=\"17e0b67\" data-element_type=\"widget\" data-widget_type=\"heading.default\">\n\t\t\t\t<div class=\"elementor-widget-container\">\n\t\t\t\t\t<h2 class=\"elementor-heading-title elementor-size-large\"><a href=\"https:\/\/madridsindical.es\/archivo\/2024\/02\/19\/la-lucha-de-la-plantilla-de-schneider-grinon\/\">Leonardo Padura: \u201cEl compromiso del escritor es con la literatura, la libertad y la verdad\u201d<\/a><\/h2>\t\t\t\t<\/div>\n\t\t\t\t<\/div>\n\t\t\t\t\t<\/div>\n\t\t<\/div>\n\t\t\t\t\t<\/div>\n\t\t<\/section>\n\t\t\t\t<section class=\"elementor-section elementor-top-section elementor-element elementor-element-b00fbe2 elementor-section-boxed elementor-section-height-default elementor-section-height-default\" data-id=\"b00fbe2\" data-element_type=\"section\">\n\t\t\t\t\t\t<div class=\"elementor-container elementor-column-gap-default\">\n\t\t\t\t\t<div class=\"elementor-column elementor-col-100 elementor-top-column elementor-element elementor-element-1b5b663\" data-id=\"1b5b663\" data-element_type=\"column\">\n\t\t\t<div class=\"elementor-widget-wrap elementor-element-populated\">\n\t\t\t\t\t\t<div class=\"elementor-element elementor-element-75814fb elementor-widget elementor-widget-text-editor\" data-id=\"75814fb\" data-element_type=\"widget\" data-widget_type=\"text-editor.default\">\n\t\t\t\t<div class=\"elementor-widget-container\">\n\t\t\t\t\t\t\t\t\t<p>Es uno de los grandes nombres de las letras latinoamericanas y candidato al Premio Nobel de Literatura. El maestro cubano de la novela negra visit\u00f3 la sede de Comisiones Obreras de Madrid para presentar su \u00faltima obra, <i>Personas decentes. <\/i>En una amena charla hablamos de la vida, el poder de las palabras y el compromiso. Y, c\u00f3mo no, sobre Cuba, el gran escenario de su literatura.<\/p>\t\t\t\t\t\t\t\t<\/div>\n\t\t\t\t<\/div>\n\t\t\t\t\t<\/div>\n\t\t<\/div>\n\t\t\t\t\t<\/div>\n\t\t<\/section>\n\t\t\t\t<section class=\"elementor-section elementor-top-section elementor-element elementor-element-d51ea0c elementor-section-boxed elementor-section-height-default elementor-section-height-default\" data-id=\"d51ea0c\" data-element_type=\"section\">\n\t\t\t\t\t\t<div class=\"elementor-container elementor-column-gap-default\">\n\t\t\t\t\t<div class=\"elementor-column elementor-col-100 elementor-top-column elementor-element elementor-element-2f203cc\" data-id=\"2f203cc\" data-element_type=\"column\">\n\t\t\t<div class=\"elementor-widget-wrap elementor-element-populated\">\n\t\t\t\t\t\t<div class=\"elementor-element elementor-element-26914cc elementor-widget elementor-widget-image\" data-id=\"26914cc\" data-element_type=\"widget\" data-widget_type=\"image.default\">\n\t\t\t\t<div class=\"elementor-widget-container\">\n\t\t\t\t\t\t\t\t\t\t\t\t\t\t\t<img fetchpriority=\"high\" decoding=\"async\" width=\"1024\" height=\"700\" src=\"https:\/\/madridsindical.es\/archivo\/wp-content\/uploads\/2024\/03\/00120240226_181327-1024x700.jpg\" class=\"attachment-large size-large wp-image-4107\" alt=\"\" srcset=\"https:\/\/madridsindical.es\/archivo\/wp-content\/uploads\/2024\/03\/00120240226_181327-1024x700.jpg 1024w, https:\/\/madridsindical.es\/archivo\/wp-content\/uploads\/2024\/03\/00120240226_181327-300x205.jpg 300w, https:\/\/madridsindical.es\/archivo\/wp-content\/uploads\/2024\/03\/00120240226_181327-768x525.jpg 768w, https:\/\/madridsindical.es\/archivo\/wp-content\/uploads\/2024\/03\/00120240226_181327-1536x1050.jpg 1536w, https:\/\/madridsindical.es\/archivo\/wp-content\/uploads\/2024\/03\/00120240226_181327-465x318.jpg 465w, https:\/\/madridsindical.es\/archivo\/wp-content\/uploads\/2024\/03\/00120240226_181327-695x475.jpg 695w, https:\/\/madridsindical.es\/archivo\/wp-content\/uploads\/2024\/03\/00120240226_181327.jpg 2000w\" sizes=\"(max-width: 1024px) 100vw, 1024px\" \/>\t\t\t\t\t\t\t\t\t\t\t\t\t\t\t<\/div>\n\t\t\t\t<\/div>\n\t\t\t\t\t<\/div>\n\t\t<\/div>\n\t\t\t\t\t<\/div>\n\t\t<\/section>\n\t\t\t\t<section class=\"elementor-section elementor-top-section elementor-element elementor-element-d0e227d elementor-section-boxed elementor-section-height-default elementor-section-height-default\" data-id=\"d0e227d\" data-element_type=\"section\">\n\t\t\t\t\t\t<div class=\"elementor-container elementor-column-gap-default\">\n\t\t\t\t\t<div class=\"elementor-column elementor-col-100 elementor-top-column elementor-element elementor-element-8d06342\" data-id=\"8d06342\" data-element_type=\"column\">\n\t\t\t<div class=\"elementor-widget-wrap elementor-element-populated\">\n\t\t\t\t\t\t<div class=\"elementor-element elementor-element-02545ab elementor-widget elementor-widget-text-editor\" data-id=\"02545ab\" data-element_type=\"widget\" data-widget_type=\"text-editor.default\">\n\t\t\t\t<div class=\"elementor-widget-container\">\n\t\t\t\t\t\t\t\t\t<p><b>Direcci\u00f3n: <a href=\"https:\/\/twitter.com\/lm_lombardo\" target=\"_blank\" rel=\"noopener\">Luis Lombardo.<\/a> Texto: Eduardo Mesa. Fotos: Fran Lorente, Iv\u00e1n Jim\u00e9nez, Ra\u00fal Prado (cortes\u00eda Tusquets Editores)<\/b><\/p>\t\t\t\t\t\t\t\t<\/div>\n\t\t\t\t<\/div>\n\t\t\t\t\t<\/div>\n\t\t<\/div>\n\t\t\t\t\t<\/div>\n\t\t<\/section>\n\t\t\t\t<section class=\"elementor-section elementor-top-section elementor-element elementor-element-fd08dae elementor-section-boxed elementor-section-height-default elementor-section-height-default\" data-id=\"fd08dae\" data-element_type=\"section\">\n\t\t\t\t\t\t<div class=\"elementor-container elementor-column-gap-default\">\n\t\t\t\t\t<div class=\"elementor-column elementor-col-100 elementor-top-column elementor-element elementor-element-c5292e5\" data-id=\"c5292e5\" data-element_type=\"column\">\n\t\t\t<div class=\"elementor-widget-wrap elementor-element-populated\">\n\t\t\t\t\t\t<div class=\"elementor-element elementor-element-dbea63c elementor-widget elementor-widget-text-editor\" data-id=\"dbea63c\" data-element_type=\"widget\" data-widget_type=\"text-editor.default\">\n\t\t\t\t<div class=\"elementor-widget-container\">\n\t\t\t\t\t\t\t\t\t<p align=\"left\"><span style=\"font-size: xx-large;\"><span style=\"font-size: large;\"><b>Leonardo, de nuevo en Espa\u00f1a. \u00bfQu\u00e9 pa\u00eds se ha encontrado?<\/b><\/span><\/span><\/p><p align=\"left\"><span style=\"font-size: large;\">Yo vengo con mucha frecuencia a Espa\u00f1a. Tengo aqu\u00ed mi editorial, tengo instituciones culturales con las que trabajo, como el Instituto Cervantes o Casa de Am\u00e9rica. Aqu\u00ed est\u00e1n algunas de las productoras de cine con las que he trabajado, como Tornasol o Morena Films.<\/span><\/p><p align=\"left\"><span style=\"font-size: large;\">Adem\u00e1s, tengo la ciudadan\u00eda espa\u00f1ola desde el a\u00f1o 2010. Y eso me facilita poder hacer toda una serie de actividades aqu\u00ed en el pa\u00eds y fuera de Espa\u00f1a tambi\u00e9n, porque el pasaporte europeo me ayuda mucho.<\/span><\/p><p align=\"left\"><span style=\"font-size: large;\">De todos modos yo vengo a Espa\u00f1a, no vivo en Espa\u00f1a. Y siempre he tenido el cuidado de no hablar p\u00fablicamente de realidades de los pa\u00edses en los que no vivo. Ahora mismo en Espa\u00f1a hay una situaci\u00f3n pol\u00edtica complicada con un presunto caso de corrupci\u00f3n de una figura pol\u00edtica y eso tiene alterado el pa\u00eds. Est\u00e1, por otra parte, todo lo que ha colgado despu\u00e9s de las elecciones con respecto a Catalu\u00f1a. De esas cosas yo tengo alguna opini\u00f3n, pero no me atrevo a expresarla porque no conozco todos los pormenores y lo m\u00e1s probable es que me equivoque, que sea injusto o que sea superficial. <\/span><\/p><p align=\"left\"><span style=\"font-size: large;\"><b>Ahora que se discute tanto sobre patrias y pertenencias, \u00bfqu\u00e9 supone para usted ser ciudadano espa\u00f1ol por Carta de Naturaleza desde 2010? \u00bfC\u00f3mo se armoniza esa doble nacionalidad?<\/b><\/span><\/p><p align=\"left\"><span style=\"font-size: large;\">Es una situaci\u00f3n muy favorable, porque un pasaporte espa\u00f1ol me facilita mucho la vida. Es decir, en la vida pr\u00e1ctica me ayuda mucho tener la doble ciudadan\u00eda. Y por la parte de mi trabajo tambi\u00e9n. Aunque no determina mi creaci\u00f3n, porque mi creaci\u00f3n sigue siendo la de un intelectual cubano que intenta reflejar la realidad de su pa\u00eds y hacerlo de la manera m\u00e1s abierta, m\u00e1s libre, m\u00e1s universal posible.<\/span><\/p><p align=\"left\"><span style=\"font-size: large;\">Y venir a Espa\u00f1a me ayuda mucho en esa posibilidad, porque aqu\u00ed tengo editores, tengo productores con los que estoy trabajando fundamentalmente. En Cuba la situaci\u00f3n econ\u00f3mica y creo que un poco de falta de voluntad o bastante falta de voluntad hace que mis libros se impriman poco y mal o no se impriman. Entonces dependo de mi editorial espa\u00f1ola para que los libros circulen en lengua espa\u00f1ola, que es el \u00e1mbito m\u00e1s cercano para mi literatura.<\/span><\/p>\t\t\t\t\t\t\t\t<\/div>\n\t\t\t\t<\/div>\n\t\t\t\t\t<\/div>\n\t\t<\/div>\n\t\t\t\t\t<\/div>\n\t\t<\/section>\n\t\t\t\t<section class=\"elementor-section elementor-top-section elementor-element elementor-element-c5b8bf0 elementor-section-boxed elementor-section-height-default elementor-section-height-default\" data-id=\"c5b8bf0\" data-element_type=\"section\">\n\t\t\t\t\t\t<div class=\"elementor-container elementor-column-gap-default\">\n\t\t\t\t\t<div class=\"elementor-column elementor-col-100 elementor-top-column elementor-element elementor-element-45d4a63\" data-id=\"45d4a63\" data-element_type=\"column\">\n\t\t\t<div class=\"elementor-widget-wrap elementor-element-populated\">\n\t\t\t\t\t\t<div class=\"elementor-element elementor-element-6e3ec1d elementor-widget elementor-widget-text-editor\" data-id=\"6e3ec1d\" data-element_type=\"widget\" data-widget_type=\"text-editor.default\">\n\t\t\t\t<div class=\"elementor-widget-container\">\n\t\t\t\t\t\t\t\t\t<p align=\"left\"><span style=\"font-size: large;\"><b>Madrid siempre le ha acogido con los brazos abiertos y ha sido escenario de varias de sus presentaciones de novelas. \u00bfQu\u00e9 relaci\u00f3n le une con nuestra ciudad?<\/b><\/span><\/p><p align=\"left\"><span style=\"font-size: large;\">Madrid se va convirtiendo en la ciudad m\u00e1s amable y m\u00e1s agobiante en la que puedo estar. Amable porque soy capaz ya de decirle a los taxistas por d\u00f3nde tienen que ir en un determinado recorrido.<\/span><\/p><p align=\"left\"><span style=\"font-size: large;\">Y agobiante porque tengo infinidad de compromisos. Entre actividades propias del trabajo y las relaciones sociales, o las visitas a la gran cantidad de amigos cubanos y espa\u00f1oles que tengo en Madrid, me impide disfrutar plenamente de las maravillas que tiene la ciudad. Pero me siento muy c\u00f3modo porque ya es un territorio que f\u00edsicamente domino. <\/span><\/p><p align=\"left\"><span style=\"font-size: large;\"><b>Hace unos d\u00edas present\u00f3 su novela en nuestra casa, Comisiones Obreras de Madrid, \u00bfqu\u00e9 recuerdo se lleva de ese momento? <\/b><\/span><\/p><p align=\"left\"><span style=\"font-size: large;\">Realizar una presentaci\u00f3n en Comisiones Obreras, por supuesto, tiene un contenido adicional, pero fundamentalmente con lo que me voy es con el afecto, el calor y la concurrencia de lectores. Esa sala llena para cualquier escritor es una gran satisfacci\u00f3n. Me sent\u00ed muy c\u00f3modo y le agradezco a los organizadores de esta presentaci\u00f3n que la hayamos podido hacer. <\/span><\/p><p align=\"left\"><span style=\"font-size: large;\">Todo el mundo sabe que soy un escritor cubano (aqu\u00ed la doble nacionalidad no influye) y esa relaci\u00f3n con los lectores es una manera de sentir que se ha hecho bien el trabajo y que ese trabajo ha llegado al mejor destino posible, que es que el libro acabe en manos de los lectores. <\/span><\/p>\t\t\t\t\t\t\t\t<\/div>\n\t\t\t\t<\/div>\n\t\t\t\t\t<\/div>\n\t\t<\/div>\n\t\t\t\t\t<\/div>\n\t\t<\/section>\n\t\t\t\t<section class=\"elementor-section elementor-top-section elementor-element elementor-element-d2c6f28 elementor-section-boxed elementor-section-height-default elementor-section-height-default\" data-id=\"d2c6f28\" data-element_type=\"section\">\n\t\t\t\t\t\t<div class=\"elementor-container elementor-column-gap-default\">\n\t\t\t\t\t<div class=\"elementor-column elementor-col-100 elementor-top-column elementor-element elementor-element-af6a5ee\" data-id=\"af6a5ee\" data-element_type=\"column\">\n\t\t\t<div class=\"elementor-widget-wrap elementor-element-populated\">\n\t\t\t\t\t\t<section class=\"elementor-section elementor-inner-section elementor-element elementor-element-8c86b18 elementor-section-boxed elementor-section-height-default elementor-section-height-default\" data-id=\"8c86b18\" data-element_type=\"section\">\n\t\t\t\t\t\t<div class=\"elementor-container elementor-column-gap-default\">\n\t\t\t\t\t<div class=\"elementor-column elementor-col-50 elementor-inner-column elementor-element elementor-element-914cea5\" data-id=\"914cea5\" data-element_type=\"column\">\n\t\t\t<div class=\"elementor-widget-wrap elementor-element-populated\">\n\t\t\t\t\t\t<div class=\"elementor-element elementor-element-11e8761 elementor-widget elementor-widget-heading\" data-id=\"11e8761\" data-element_type=\"widget\" data-widget_type=\"heading.default\">\n\t\t\t\t<div class=\"elementor-widget-container\">\n\t\t\t\t\t<h2 class=\"elementor-heading-title elementor-size-default\">\u201cRealizar una presentaci\u00f3n en Comisiones Obreras tiene un contenido adicional\u201d\n<\/h2>\t\t\t\t<\/div>\n\t\t\t\t<\/div>\n\t\t\t\t\t<\/div>\n\t\t<\/div>\n\t\t\t\t<div class=\"elementor-column elementor-col-50 elementor-inner-column elementor-element elementor-element-fcd202f\" data-id=\"fcd202f\" data-element_type=\"column\">\n\t\t\t<div class=\"elementor-widget-wrap elementor-element-populated\">\n\t\t\t\t\t\t<div class=\"elementor-element elementor-element-4541ef5 elementor-widget elementor-widget-text-editor\" data-id=\"4541ef5\" data-element_type=\"widget\" data-widget_type=\"text-editor.default\">\n\t\t\t\t<div class=\"elementor-widget-container\">\n\t\t\t\t\t\t\t\t\t<p align=\"left\"><span style=\"font-size: large;\"><b>Algunos dicen que la verdadera patria es la infancia. Para usted la lengua espa\u00f1ola es mucho m\u00e1s que un veh\u00edculo para expresarse, tambi\u00e9n considera que es su patria. <\/b><\/span><\/p><p align=\"left\"><span style=\"font-size: large;\">El escritor lo \u00fanico que tiene para hacer su trabajo son las palabras. Y las palabras pertenecen a un idioma. Un idioma es una parte esencial de una cultura, de una manera de entender el mundo, de vivir la vida, de entender la realidad. <\/span><\/p>\t\t\t\t\t\t\t\t<\/div>\n\t\t\t\t<\/div>\n\t\t\t\t\t<\/div>\n\t\t<\/div>\n\t\t\t\t\t<\/div>\n\t\t<\/section>\n\t\t\t\t\t<\/div>\n\t\t<\/div>\n\t\t\t\t\t<\/div>\n\t\t<\/section>\n\t\t\t\t<section class=\"elementor-section elementor-top-section elementor-element elementor-element-1ebe3da elementor-section-boxed elementor-section-height-default elementor-section-height-default\" data-id=\"1ebe3da\" data-element_type=\"section\">\n\t\t\t\t\t\t<div class=\"elementor-container elementor-column-gap-default\">\n\t\t\t\t\t<div class=\"elementor-column elementor-col-100 elementor-top-column elementor-element elementor-element-e908cc6\" data-id=\"e908cc6\" data-element_type=\"column\">\n\t\t\t<div class=\"elementor-widget-wrap elementor-element-populated\">\n\t\t\t\t\t\t<div class=\"elementor-element elementor-element-9cbb86d elementor-widget elementor-widget-text-editor\" data-id=\"9cbb86d\" data-element_type=\"widget\" data-widget_type=\"text-editor.default\">\n\t\t\t\t<div class=\"elementor-widget-container\">\n\t\t\t\t\t\t\t\t\t<p align=\"left\"><span style=\"font-size: large;\">Yo vivo en la lengua espa\u00f1ola. En t\u00e9rminos de ling\u00fc\u00edstica hay una norma latinoamericana, dentro de esa norma latinoamericana hay una norma caribe\u00f1a, despu\u00e9s una norma cubana, m\u00e1s tarde una norma habanera. Y yo escribo en habanero. Pero todo esto est\u00e1 dentro del universo de la lengua espa\u00f1ola. Soy miembro de la Academia Cubana de la Lengua y miembro honor\u00edfico de las de Puerto Rico, Panam\u00e1, M\u00e9xico y Costa Rica. Es decir, tengo responsabilidades acad\u00e9micas con la lengua y es un territorio en el que el que vivo, en el que me expreso, porque ah\u00ed est\u00e1 toda esa capacidad de poder expresar lo que uno piensa, lo que uno siente, lo que piensan y sienten los personajes a trav\u00e9s de un idioma maravilloso que es la lengua castellana. <\/span><\/p><p align=\"left\"><span style=\"font-size: large;\"><b>Nunca ha salido de su barrio de La Mantilla ni de la casa en la que naci\u00f3. All\u00ed sigue escribiendo, \u00bfqu\u00e9 queda de aquel ni\u00f1o de ese barrio habanero en el Padura escritor?<\/b><\/span><\/p><p align=\"left\"><span style=\"font-size: large;\">Much\u00edsimo. El hecho de que vive en la misma casa y de que afortunadamente todav\u00eda tenga ah\u00ed el origen de esa casa que es mi madre. Mi padre falleci\u00f3 hace diez a\u00f1os, pero a mi madre todav\u00eda la tengo ah\u00ed con 96 a\u00f1os, totalmente l\u00facida y activa. Me ha dado una relaci\u00f3n sentimental muy importante con ese lugar y tambi\u00e9n con el espacio f\u00edsico de esa casa que est\u00e1 en el barrio donde yo viv\u00ed. Me pas\u00e9 toda mi infancia jugando b\u00e9isbol, donde conoc\u00ed a mis primeros amigos, donde empec\u00e9 a entender la vida desde muchas perspectivas.<\/span><\/p><p align=\"left\"><span style=\"font-size: large;\">Por ejemplo, siempre hablo de la masoner\u00eda. Mi padre era mas\u00f3n, fundador de la logia que est\u00e1 ah\u00ed en el barrio. En el a\u00f1o 52 fundaron esa logia antes de que yo naciera y todo eso est\u00e1 ah\u00ed, en ese territorio cercano de mi barrio, de mi casa, que es el lugar del mundo en donde yo me siento m\u00e1s la persona que soy.<\/span><\/p>\t\t\t\t\t\t\t\t<\/div>\n\t\t\t\t<\/div>\n\t\t\t\t\t<\/div>\n\t\t<\/div>\n\t\t\t\t\t<\/div>\n\t\t<\/section>\n\t\t\t\t<section class=\"elementor-section elementor-top-section elementor-element elementor-element-4a57326 elementor-section-boxed elementor-section-height-default elementor-section-height-default\" data-id=\"4a57326\" data-element_type=\"section\">\n\t\t\t\t\t\t<div class=\"elementor-container elementor-column-gap-default\">\n\t\t\t\t\t<div class=\"elementor-column elementor-col-100 elementor-top-column elementor-element elementor-element-ff467e9\" data-id=\"ff467e9\" data-element_type=\"column\">\n\t\t\t<div class=\"elementor-widget-wrap elementor-element-populated\">\n\t\t\t\t\t\t<section class=\"elementor-section elementor-inner-section elementor-element elementor-element-56971fc elementor-section-boxed elementor-section-height-default elementor-section-height-default\" data-id=\"56971fc\" data-element_type=\"section\">\n\t\t\t\t\t\t<div class=\"elementor-container elementor-column-gap-default\">\n\t\t\t\t\t<div class=\"elementor-column elementor-col-50 elementor-inner-column elementor-element elementor-element-c4d03ed\" data-id=\"c4d03ed\" data-element_type=\"column\">\n\t\t\t<div class=\"elementor-widget-wrap elementor-element-populated\">\n\t\t\t\t\t\t<div class=\"elementor-element elementor-element-f3b3aec elementor-widget elementor-widget-heading\" data-id=\"f3b3aec\" data-element_type=\"widget\" data-widget_type=\"heading.default\">\n\t\t\t\t<div class=\"elementor-widget-container\">\n\t\t\t\t\t<h2 class=\"elementor-heading-title elementor-size-default\">\u201cMi barrio, mi casa, es el lugar del mundo en donde yo me siento m\u00e1s la persona que soy\u201d\n<\/h2>\t\t\t\t<\/div>\n\t\t\t\t<\/div>\n\t\t\t\t\t<\/div>\n\t\t<\/div>\n\t\t\t\t<div class=\"elementor-column elementor-col-50 elementor-inner-column elementor-element elementor-element-571996c\" data-id=\"571996c\" data-element_type=\"column\">\n\t\t\t<div class=\"elementor-widget-wrap elementor-element-populated\">\n\t\t\t\t\t\t<div class=\"elementor-element elementor-element-58a493f elementor-widget elementor-widget-text-editor\" data-id=\"58a493f\" data-element_type=\"widget\" data-widget_type=\"text-editor.default\">\n\t\t\t\t<div class=\"elementor-widget-container\">\n\t\t\t\t\t\t\t\t\t<p align=\"left\"><span style=\"font-size: large;\"><b>Su trabajo como periodista es imprescindible para entender al autor Padura. \u00bfDe qu\u00e9 manera influy\u00f3 en su escritura? <\/b><\/span><\/p><p align=\"left\"><span style=\"font-size: large;\">Creo que haber hecho periodismo cultural primero y haber hecho periodismo reporteril despu\u00e9s fue muy importante en mi desarrollo profesional. El periodismo cultural me acerc\u00f3 a un conocimiento de un concepto espec\u00edfico del desarrollo de la cultura cubana m\u00e1s contempor\u00e1nea. Esa cultura que no se estudia en la universidad; en la universidad se estudia lo que ya est\u00e1 canonizado. Pero hay una literatura viva, en acci\u00f3n, un teatro, una m\u00fasica que conoc\u00ed como periodista cultural. <\/span><\/p>\t\t\t\t\t\t\t\t<\/div>\n\t\t\t\t<\/div>\n\t\t\t\t\t<\/div>\n\t\t<\/div>\n\t\t\t\t\t<\/div>\n\t\t<\/section>\n\t\t\t\t\t<\/div>\n\t\t<\/div>\n\t\t\t\t\t<\/div>\n\t\t<\/section>\n\t\t\t\t<section class=\"elementor-section elementor-top-section elementor-element elementor-element-423e5a5 elementor-section-boxed elementor-section-height-default elementor-section-height-default\" data-id=\"423e5a5\" data-element_type=\"section\">\n\t\t\t\t\t\t<div class=\"elementor-container elementor-column-gap-default\">\n\t\t\t\t\t<div class=\"elementor-column elementor-col-100 elementor-top-column elementor-element elementor-element-be892f9\" data-id=\"be892f9\" data-element_type=\"column\">\n\t\t\t<div class=\"elementor-widget-wrap elementor-element-populated\">\n\t\t\t\t\t\t<div class=\"elementor-element elementor-element-4902316 elementor-widget elementor-widget-text-editor\" data-id=\"4902316\" data-element_type=\"widget\" data-widget_type=\"text-editor.default\">\n\t\t\t\t<div class=\"elementor-widget-container\">\n\t\t\t\t\t\t\t\t\t<p align=\"left\"><span style=\"font-size: large;\">Y luego los a\u00f1os ya como como reportero, fundamentalmente hice largo reportaje de car\u00e1cter cultural, investigativo, hist\u00f3rico, que me permitieron un mayor conocimiento de esa historia no oficial cubana y a la vez fue un per\u00edodo de trabajo en el que pude ensayar estructuras, lenguajes, estrategias de comunicaci\u00f3n que me fueron muy \u00fatiles en mi desarrollo como escritor.<\/span><\/p><p align=\"left\"><span style=\"font-size: large;\">Y nunca he abandonado el periodismo. Primero trabaj\u00e9 en una revista cultural, despu\u00e9s en un peri\u00f3dico, despu\u00e9s volv\u00ed a otra revista cultural durante 15 a\u00f1os. Dej\u00e9 la profesi\u00f3n como forma de ganarme la vida, pero nunca me he desvinculado del periodismo. Durante todos estos a\u00f1os he estado colaborando con una agencia de prensa Inter Press Service (IPS) y ahora mismo soy uno de los colaboradores fijos de El Pa\u00eds en uno de los espacios m\u00e1s importantes del peri\u00f3dico que es la Tribuna de Opini\u00f3n, donde publico una vez al mes. <\/span><\/p><p align=\"left\"><span style=\"font-size: large;\"><b>\u00bfQu\u00e9 papel considera que tienen el periodismo y los medios de comunicaci\u00f3n hoy en d\u00eda? \u00bfEs posible informar en libertad, al margen de poderes econ\u00f3micos y pol\u00edticos? <\/b><\/span><\/p><p align=\"left\"><span style=\"font-size: large;\">Ahora mismo hay dos tipos de periodismo: el periodismo tradicional y el periodismo que se hace por canales digitales. En ese periodismo de canales digitales hay mucha mayor libertad, pero tambi\u00e9n hay mucha mayor anarqu\u00eda. En ese \u00e1mbito la jerarquizaci\u00f3n del trabajo no tiene la misma condici\u00f3n que en el periodismo tradicional. Muchas veces no est\u00e1 contrastada la informaci\u00f3n, no pasa por manos de un redactor jefe, que es una estructura importante en el periodismo tradicional.<\/span><\/p><p align=\"left\"><span style=\"font-size: large;\">En ese periodismo tradicional, los peri\u00f3dicos tienen un car\u00e1cter pol\u00edtico, ideol\u00f3gico, econ\u00f3mico, que gu\u00eda y que reduce los espacios posibles de opini\u00f3n de muchas personas. De todas maneras, hay gran variedad de peri\u00f3dicos y esa gran variedad de peri\u00f3dicos permite que uno encuentre, si lo busca, el espacio m\u00e1s adecuado a una manera de querer informar. Muchas veces no te queda m\u00e1s remedio que entrar en un medio con el que incluso t\u00fa, ideol\u00f3gicamente, pol\u00edticamente, no est\u00e1s de acuerdo pero no te queda m\u00e1s remedio que aceptar la pol\u00edtica editorial, aunque no sea tu pol\u00edtica personal, porque es una forma de vivir, es una forma de ganarte la vida.<\/span><\/p>\t\t\t\t\t\t\t\t<\/div>\n\t\t\t\t<\/div>\n\t\t\t\t\t<\/div>\n\t\t<\/div>\n\t\t\t\t\t<\/div>\n\t\t<\/section>\n\t\t\t\t<section class=\"elementor-section elementor-top-section elementor-element elementor-element-5607c5c elementor-section-boxed elementor-section-height-default elementor-section-height-default\" data-id=\"5607c5c\" data-element_type=\"section\">\n\t\t\t\t\t\t<div class=\"elementor-container elementor-column-gap-default\">\n\t\t\t\t\t<div class=\"elementor-column elementor-col-100 elementor-top-column elementor-element elementor-element-2ea6dd0\" data-id=\"2ea6dd0\" data-element_type=\"column\">\n\t\t\t<div class=\"elementor-widget-wrap elementor-element-populated\">\n\t\t\t\t\t\t<div class=\"elementor-element elementor-element-8fbdf9e elementor-widget elementor-widget-text-editor\" data-id=\"8fbdf9e\" data-element_type=\"widget\" data-widget_type=\"text-editor.default\">\n\t\t\t\t<div class=\"elementor-widget-container\">\n\t\t\t\t\t\t\t\t\t<p align=\"left\"><span style=\"font-size: large;\"><b>\u00bfLa novela negra es la mejor herramienta para criticar la sociedad? <\/b><\/span><\/p><p align=\"left\"><span style=\"font-size: large;\">Se le ha dado la responsabilidad a la novela negra de ser la novela social de la contemporaneidad y creo que eso puede convertirse en una camisa de fuerza. Cualquier elaboraci\u00f3n literaria de la realidad tiene que partir de esa libertad de poder elegir cu\u00e1les son tus preferencias, tus necesidades. La novela negra, por supuesto, como tiende a reflejar el lado m\u00e1s oscuro de una realidad, tiene ese camino hacia la novela social mucho m\u00e1s abierto, pero no creo que se le deba atribuir obligatoriamente un car\u00e1cter social a la novela negra. <\/span><\/p><p align=\"left\"><span style=\"font-size: large;\">En mi caso s\u00ed lo tiene. En mi caso tiene un car\u00e1cter social, un car\u00e1cter de cr\u00f3nica de la vida, que habla de un ciudadano que observa y trata de fijar los momentos de una realidad. Y me siento muy c\u00f3modo con esa posibilidad de dar una mirada a la sociedad desde mi trabajo como escritor, como novelista.<\/span><\/p><p align=\"left\"><span style=\"font-size: large;\"><b>\u00bfCu\u00e1l es la mezcla justa entre el talento y el esfuerzo para parir una buena novela? <\/b><\/span><\/p><p align=\"left\"><span style=\"font-size: large;\">Creo que el matrimonio perfecto es el talento y el esfuerzo. Las dos cosas. Uno trata siempre de escribir el mejor libro de que es capaz y a veces el talento te acompa\u00f1a, a veces no, pero lo que siempre te tiene que acompa\u00f1ar es el trabajo, el esfuerzo, la disciplina y la capacidad de retarte a t\u00ed mismo como escritor, para ser capaz de escribir lo mejor. <\/span><\/p>\t\t\t\t\t\t\t\t<\/div>\n\t\t\t\t<\/div>\n\t\t\t\t\t<\/div>\n\t\t<\/div>\n\t\t\t\t\t<\/div>\n\t\t<\/section>\n\t\t\t\t<section class=\"elementor-section elementor-top-section elementor-element elementor-element-2883078 elementor-section-boxed elementor-section-height-default elementor-section-height-default\" data-id=\"2883078\" data-element_type=\"section\">\n\t\t\t\t\t\t<div class=\"elementor-container elementor-column-gap-default\">\n\t\t\t\t\t<div class=\"elementor-column elementor-col-100 elementor-top-column elementor-element elementor-element-f034637\" data-id=\"f034637\" data-element_type=\"column\">\n\t\t\t<div class=\"elementor-widget-wrap elementor-element-populated\">\n\t\t\t\t\t\t<section class=\"elementor-section elementor-inner-section elementor-element elementor-element-3d2a2bc elementor-section-boxed elementor-section-height-default elementor-section-height-default\" data-id=\"3d2a2bc\" data-element_type=\"section\">\n\t\t\t\t\t\t<div class=\"elementor-container elementor-column-gap-default\">\n\t\t\t\t\t<div class=\"elementor-column elementor-col-50 elementor-inner-column elementor-element elementor-element-1f19dba\" data-id=\"1f19dba\" data-element_type=\"column\">\n\t\t\t<div class=\"elementor-widget-wrap elementor-element-populated\">\n\t\t\t\t\t\t<div class=\"elementor-element elementor-element-62c3108 elementor-widget elementor-widget-heading\" data-id=\"62c3108\" data-element_type=\"widget\" data-widget_type=\"heading.default\">\n\t\t\t\t<div class=\"elementor-widget-container\">\n\t\t\t\t\t<h2 class=\"elementor-heading-title elementor-size-default\">\u201cA veces te acompa\u00f1a el talento, a veces no, pero siempre debes tener trabajo, esfuerzo y disciplina\u201d<\/h2>\t\t\t\t<\/div>\n\t\t\t\t<\/div>\n\t\t\t\t\t<\/div>\n\t\t<\/div>\n\t\t\t\t<div class=\"elementor-column elementor-col-50 elementor-inner-column elementor-element elementor-element-aaaea7a\" data-id=\"aaaea7a\" data-element_type=\"column\">\n\t\t\t<div class=\"elementor-widget-wrap elementor-element-populated\">\n\t\t\t\t\t\t<div class=\"elementor-element elementor-element-855f289 elementor-widget elementor-widget-text-editor\" data-id=\"855f289\" data-element_type=\"widget\" data-widget_type=\"text-editor.default\">\n\t\t\t\t<div class=\"elementor-widget-container\">\n\t\t\t\t\t\t\t\t\t<p align=\"left\"><span style=\"font-size: large;\"><b>Literatura y compromiso. \u00bfEs posible ser escritor sin tomar partido? \u00bfHay literatura sin compromiso? <\/b><\/span><\/p><p align=\"left\"><span style=\"font-size: large;\">Bajo el sombrero del compromiso se han hecho muchos disparates y se le ha exigido a la literatura hacer cosas que a veces no son sus funciones. El escritor tiene que ser un ciudadano comprometido con su tiempo, con su realidad, pero no obligatoriamente con una militancia pol\u00edtica. Creo que si t\u00fa perteneces a un partido de disciplina vertical en el que se dice c\u00f3mo es tu relaci\u00f3n con la realidad a partir de las directivas del partido eso te limita como escritor.<\/span><\/p><p align=\"left\"><span style=\"font-size: large;\">La libertad del escritor tiene que estar por encima de cualquier militancia pol\u00edtica y su compromiso debe ser con la realidad, con la verdad, con la literatura, un compromiso mucho m\u00e1s abierto que al final es de car\u00e1cter ideol\u00f3gico, pero no necesariamente ideol\u00f3gicamente partidista. <\/span><\/p>\t\t\t\t\t\t\t\t<\/div>\n\t\t\t\t<\/div>\n\t\t\t\t\t<\/div>\n\t\t<\/div>\n\t\t\t\t\t<\/div>\n\t\t<\/section>\n\t\t\t\t\t<\/div>\n\t\t<\/div>\n\t\t\t\t\t<\/div>\n\t\t<\/section>\n\t\t\t\t<section class=\"elementor-section elementor-top-section elementor-element elementor-element-ca75e9a elementor-section-boxed elementor-section-height-default elementor-section-height-default\" data-id=\"ca75e9a\" data-element_type=\"section\">\n\t\t\t\t\t\t<div class=\"elementor-container elementor-column-gap-default\">\n\t\t\t\t\t<div class=\"elementor-column elementor-col-100 elementor-top-column elementor-element elementor-element-bba609d\" data-id=\"bba609d\" data-element_type=\"column\">\n\t\t\t<div class=\"elementor-widget-wrap elementor-element-populated\">\n\t\t\t\t\t\t<div class=\"elementor-element elementor-element-8a8e71f elementor-widget elementor-widget-text-editor\" data-id=\"8a8e71f\" data-element_type=\"widget\" data-widget_type=\"text-editor.default\">\n\t\t\t\t<div class=\"elementor-widget-container\">\n\t\t\t\t\t\t\t\t\t<p align=\"left\"><span style=\"font-size: large;\"><b>\u00bfC\u00f3mo se lleva la etiqueta de ser \u201cel escritor cubano de mayor proyecci\u00f3n internacional\u201d?<\/b><\/span><\/p><p align=\"left\"><span style=\"font-size: large;\">A veces me la endilgan, pero yo sigo siendo o trato de seguir siendo la misma persona que he sido siempre. Tengo un compromiso \u00e9tico y profesional que cumplo en todas las cosas de mi vida y trato de que esa etiqueta no sea un parche en los ojos y me haga ver la realidad de otra manera. <\/span><\/p><p align=\"left\"><span style=\"font-size: large;\"><b>Ha estado entre los candidatos al Premio Nobel de Literatura. \u00bfLe da v\u00e9rtigo imagin\u00e1rselo? <\/b><\/span><\/p><p align=\"left\"><span style=\"font-size: large;\">Eso ni lo pienso. S\u00ed alguna vez pasara, que ni lo s\u00e9 ni lo espero, pues pasar\u00e1. Pero pensar en eso no es nada bueno en ning\u00fan sentido, porque lo m\u00e1s que te puede pasar es que te decepcione o te frustre si esperas que alguna vez te den el premio. Est\u00e1 ah\u00ed, te toca o no te toca. Y cada vez es m\u00e1s aleatorio. <\/span><\/p><p align=\"left\"><span style=\"font-size: large;\"><b>Cuando gan\u00f3 el Premio Princesa de Asturias de las Letras 2015 el jurado destac\u00f3 su libertad, su independencia y su firme temperamento \u00e9tico. \u00bfSon las l\u00edneas maestras de la obra y tambi\u00e9n de la vida de Leonardo Padura? <\/b><\/span><\/p><p align=\"left\"><span style=\"font-size: large;\">Espero que s\u00ed. Es la opini\u00f3n de un jurado que redact\u00f3 un acta que se lee en la entrega del premio y creo que lo que hicieron fue leer mi obra y leer mi actitud, mi comportamiento. Ojal\u00e1 yo sea capaz siempre de mantenerme a la altura de esa consideraci\u00f3n.<\/span><\/p>\t\t\t\t\t\t\t\t<\/div>\n\t\t\t\t<\/div>\n\t\t\t\t\t<\/div>\n\t\t<\/div>\n\t\t\t\t\t<\/div>\n\t\t<\/section>\n\t\t\t\t<section class=\"elementor-section elementor-top-section elementor-element elementor-element-5ecf4fb elementor-section-boxed elementor-section-height-default elementor-section-height-default\" data-id=\"5ecf4fb\" data-element_type=\"section\">\n\t\t\t\t\t\t<div class=\"elementor-container elementor-column-gap-default\">\n\t\t\t\t\t<div class=\"elementor-column elementor-col-100 elementor-top-column elementor-element elementor-element-378a39f\" data-id=\"378a39f\" data-element_type=\"column\">\n\t\t\t<div class=\"elementor-widget-wrap elementor-element-populated\">\n\t\t\t\t\t\t<section class=\"elementor-section elementor-inner-section elementor-element elementor-element-a8471d8 elementor-section-boxed elementor-section-height-default elementor-section-height-default\" data-id=\"a8471d8\" data-element_type=\"section\">\n\t\t\t\t\t\t<div class=\"elementor-container elementor-column-gap-default\">\n\t\t\t\t\t<div class=\"elementor-column elementor-col-50 elementor-inner-column elementor-element elementor-element-ed7726e\" data-id=\"ed7726e\" data-element_type=\"column\">\n\t\t\t<div class=\"elementor-widget-wrap elementor-element-populated\">\n\t\t\t\t\t\t<div class=\"elementor-element elementor-element-573e9e2 elementor-widget elementor-widget-heading\" data-id=\"573e9e2\" data-element_type=\"widget\" data-widget_type=\"heading.default\">\n\t\t\t\t<div class=\"elementor-widget-container\">\n\t\t\t\t\t<h2 class=\"elementor-heading-title elementor-size-default\">\u201cHoy Cuba es una fotograf\u00eda en blanco y negro con figuras que se difuminan\u201d <\/h2>\t\t\t\t<\/div>\n\t\t\t\t<\/div>\n\t\t\t\t\t<\/div>\n\t\t<\/div>\n\t\t\t\t<div class=\"elementor-column elementor-col-50 elementor-inner-column elementor-element elementor-element-f2dbc09\" data-id=\"f2dbc09\" data-element_type=\"column\">\n\t\t\t<div class=\"elementor-widget-wrap elementor-element-populated\">\n\t\t\t\t\t\t<div class=\"elementor-element elementor-element-b0e4c82 elementor-widget elementor-widget-text-editor\" data-id=\"b0e4c82\" data-element_type=\"widget\" data-widget_type=\"text-editor.default\">\n\t\t\t\t<div class=\"elementor-widget-container\">\n\t\t\t\t\t\t\t\t\t<p align=\"left\"><span style=\"font-size: large;\"><b>Hablemos de Cuba, \u00bfqu\u00e9 fotograf\u00eda puede hacer de su pa\u00eds, Leonardo?<\/b><\/span><\/p><p align=\"left\"><span style=\"font-size: large;\">Ahora mismo es una fotograf\u00eda en blanco y negro en la que las figuras se est\u00e1n difuminando. Es una foto que se est\u00e1 borrando. Es una realidad muy dura ahora mismo. En estos d\u00edas se ha anunciado que, por ejemplo, la distribuci\u00f3n de pan se ver\u00e1 afectada porque no hay suficiente harina en el pa\u00eds y se est\u00e1 viviendo un momento muy dif\u00edcil para la gran mayor\u00eda de la poblaci\u00f3n cubana, con una inflaci\u00f3n terrible que ha empobrecido a la mayor\u00eda de la gente. <\/span><\/p>\t\t\t\t\t\t\t\t<\/div>\n\t\t\t\t<\/div>\n\t\t\t\t\t<\/div>\n\t\t<\/div>\n\t\t\t\t\t<\/div>\n\t\t<\/section>\n\t\t\t\t\t<\/div>\n\t\t<\/div>\n\t\t\t\t\t<\/div>\n\t\t<\/section>\n\t\t\t\t<section class=\"elementor-section elementor-top-section elementor-element elementor-element-d62f086 elementor-section-boxed elementor-section-height-default elementor-section-height-default\" data-id=\"d62f086\" data-element_type=\"section\">\n\t\t\t\t\t\t<div class=\"elementor-container elementor-column-gap-default\">\n\t\t\t\t\t<div class=\"elementor-column elementor-col-100 elementor-top-column elementor-element elementor-element-3865000\" data-id=\"3865000\" data-element_type=\"column\">\n\t\t\t<div class=\"elementor-widget-wrap elementor-element-populated\">\n\t\t\t\t\t\t<div class=\"elementor-element elementor-element-aab7c0f elementor-widget elementor-widget-image\" data-id=\"aab7c0f\" data-element_type=\"widget\" data-widget_type=\"image.default\">\n\t\t\t\t<div class=\"elementor-widget-container\">\n\t\t\t\t\t\t\t\t\t\t\t\t\t\t\t<img decoding=\"async\" width=\"1024\" height=\"576\" src=\"https:\/\/madridsindical.es\/archivo\/wp-content\/uploads\/2024\/03\/DSC08876-1024x576.jpg\" class=\"attachment-large size-large wp-image-4114\" alt=\"\" srcset=\"https:\/\/madridsindical.es\/archivo\/wp-content\/uploads\/2024\/03\/DSC08876-1024x576.jpg 1024w, https:\/\/madridsindical.es\/archivo\/wp-content\/uploads\/2024\/03\/DSC08876-300x169.jpg 300w, https:\/\/madridsindical.es\/archivo\/wp-content\/uploads\/2024\/03\/DSC08876-768x432.jpg 768w, https:\/\/madridsindical.es\/archivo\/wp-content\/uploads\/2024\/03\/DSC08876-465x262.jpg 465w, https:\/\/madridsindical.es\/archivo\/wp-content\/uploads\/2024\/03\/DSC08876-695x391.jpg 695w, https:\/\/madridsindical.es\/archivo\/wp-content\/uploads\/2024\/03\/DSC08876.jpg 1413w\" sizes=\"(max-width: 1024px) 100vw, 1024px\" \/>\t\t\t\t\t\t\t\t\t\t\t\t\t\t\t<\/div>\n\t\t\t\t<\/div>\n\t\t\t\t\t<\/div>\n\t\t<\/div>\n\t\t\t\t\t<\/div>\n\t\t<\/section>\n\t\t\t\t<section class=\"elementor-section elementor-top-section elementor-element elementor-element-2511083 elementor-section-boxed elementor-section-height-default elementor-section-height-default\" data-id=\"2511083\" data-element_type=\"section\">\n\t\t\t\t\t\t<div class=\"elementor-container elementor-column-gap-default\">\n\t\t\t\t\t<div class=\"elementor-column elementor-col-100 elementor-top-column elementor-element elementor-element-8ddec64\" data-id=\"8ddec64\" data-element_type=\"column\">\n\t\t\t<div class=\"elementor-widget-wrap elementor-element-populated\">\n\t\t\t\t\t\t<div class=\"elementor-element elementor-element-52da89f elementor-widget elementor-widget-text-editor\" data-id=\"52da89f\" data-element_type=\"widget\" data-widget_type=\"text-editor.default\">\n\t\t\t\t<div class=\"elementor-widget-container\">\n\t\t\t\t\t\t\t\t\t<p align=\"left\"><span style=\"font-size: large;\">Los pensionistas la est\u00e1n pasando muy mal porque sus jubilaciones no les alcanzan ni para empezar a vivir. La econom\u00eda est\u00e1 en una espiral descendente que no se sabe cu\u00e1ndo se va a detener y lo \u00fanico que se mantiene es la ret\u00f3rica del discurso, de que hay que resistir, de que hay que seguir luchando, de que hay que producir. Pero la realidad va por otro camino. Es como si el discurso oficial y la vida cotidiana de la gente fueran de dos pa\u00edses diferentes y eso causa una especie de frustraci\u00f3n en cuanto a la posibilidad de pensar en soluciones cercanas. <\/span><\/p><p align=\"left\"><span style=\"font-size: large;\"><b>\u00bfCu\u00e1l es la mayor grandeza del pueblo cubano? <\/b><\/span><\/p><p align=\"left\"><span style=\"font-size: large;\">Hay que tener esperanza en que pueda cambiar el panorama. Lo que pasa es que la inflaci\u00f3n tambi\u00e9n ha puesto la esperanza a unos precios que est\u00e1 casi inalcanzable. La gente se siente muy agotada, muy cansada. La mayor\u00eda de los que salen de Cuba, y est\u00e1n saliendo muchas personas de Cuba que son j\u00f3venes, no quieren esperar a ese futuro que les prometieron a sus abuelos, que les prometieron a sus padres, que nunca lleg\u00f3 y que no creen que pueda llegar. <\/span><\/p><p align=\"left\"><span style=\"font-size: large;\"><b>Hace a\u00f1os dec\u00eda que Espa\u00f1a hab\u00eda perdido protagonismo en las relaciones con Cuba. \u00bfC\u00f3mo valora la interacci\u00f3n entre los dos pa\u00edses en la actualidad? <\/b><\/span><\/p><p align=\"left\"><span style=\"font-size: large;\">Yo creo que funciona bastante bien. Lo que ocurre es que con la crisis econ\u00f3mica cubana, cuesta mucho trabajo mantener una relaci\u00f3n mucho m\u00e1s din\u00e1mica. La soluci\u00f3n no va a venir de Espa\u00f1a, la soluci\u00f3n tiene que venir desde dentro de Cuba para facilitar que un pa\u00eds como Espa\u00f1a pueda tener una relaci\u00f3n m\u00e1s din\u00e1mica con Cuba.<\/span><\/p>\t\t\t\t\t\t\t\t<\/div>\n\t\t\t\t<\/div>\n\t\t\t\t\t<\/div>\n\t\t<\/div>\n\t\t\t\t\t<\/div>\n\t\t<\/section>\n\t\t\t\t<section class=\"elementor-section elementor-top-section elementor-element elementor-element-e97e4bb elementor-section-boxed elementor-section-height-default elementor-section-height-default\" data-id=\"e97e4bb\" data-element_type=\"section\">\n\t\t\t\t\t\t<div class=\"elementor-container elementor-column-gap-default\">\n\t\t\t\t\t<div class=\"elementor-column elementor-col-100 elementor-top-column elementor-element elementor-element-801a081\" data-id=\"801a081\" data-element_type=\"column\">\n\t\t\t<div class=\"elementor-widget-wrap elementor-element-populated\">\n\t\t\t\t\t\t<section class=\"elementor-section elementor-inner-section elementor-element elementor-element-8e4227c elementor-section-boxed elementor-section-height-default elementor-section-height-default\" data-id=\"8e4227c\" data-element_type=\"section\">\n\t\t\t\t\t\t<div class=\"elementor-container elementor-column-gap-default\">\n\t\t\t\t\t<div class=\"elementor-column elementor-col-50 elementor-inner-column elementor-element elementor-element-28a5ce4\" data-id=\"28a5ce4\" data-element_type=\"column\">\n\t\t\t<div class=\"elementor-widget-wrap elementor-element-populated\">\n\t\t\t\t\t\t<div class=\"elementor-element elementor-element-45c98bc elementor-widget elementor-widget-heading\" data-id=\"45c98bc\" data-element_type=\"widget\" data-widget_type=\"heading.default\">\n\t\t\t\t<div class=\"elementor-widget-container\">\n\t\t\t\t\t<h2 class=\"elementor-heading-title elementor-size-default\">\u201cLa lectura es la mejor escuela de escritura que existe\u201d <\/h2>\t\t\t\t<\/div>\n\t\t\t\t<\/div>\n\t\t\t\t\t<\/div>\n\t\t<\/div>\n\t\t\t\t<div class=\"elementor-column elementor-col-50 elementor-inner-column elementor-element elementor-element-0abf1ec\" data-id=\"0abf1ec\" data-element_type=\"column\">\n\t\t\t<div class=\"elementor-widget-wrap elementor-element-populated\">\n\t\t\t\t\t\t<div class=\"elementor-element elementor-element-95a4e1b elementor-widget elementor-widget-text-editor\" data-id=\"95a4e1b\" data-element_type=\"widget\" data-widget_type=\"text-editor.default\">\n\t\t\t\t<div class=\"elementor-widget-container\">\n\t\t\t\t\t\t\t\t\t<p align=\"left\"><span style=\"font-size: large;\"><b>Mario Conde, el detective, su gran personaje, es el perfecto cronista de la realidad cubana. \u00bfHa cambiado el personaje a lo largo de los a\u00f1os al ritmo de la vida pol\u00edtica y social de la isla?<\/b><\/span><\/p><p align=\"left\"><span style=\"font-size: large;\">S\u00ed, Mario Conde ha evolucionado en todos los sentidos. Primero, una evoluci\u00f3n f\u00edsica personal. Empez\u00f3 teniendo 35 a\u00f1os y ahora anda por encima de los 60. Est\u00e1 viviendo lo que \u00e9l llama la cuarta edad. Dice \u201cBueno, si acaso puedo llegar a los 80 a\u00f1os, ya tengo m\u00e1s de 60, as\u00ed que me queda un cuarto de vida\u201d.<\/span><\/p>\t\t\t\t\t\t\t\t<\/div>\n\t\t\t\t<\/div>\n\t\t\t\t\t<\/div>\n\t\t<\/div>\n\t\t\t\t\t<\/div>\n\t\t<\/section>\n\t\t\t\t\t<\/div>\n\t\t<\/div>\n\t\t\t\t\t<\/div>\n\t\t<\/section>\n\t\t\t\t<section class=\"elementor-section elementor-top-section elementor-element elementor-element-c6a70f3 elementor-section-boxed elementor-section-height-default elementor-section-height-default\" data-id=\"c6a70f3\" data-element_type=\"section\">\n\t\t\t\t\t\t<div class=\"elementor-container elementor-column-gap-default\">\n\t\t\t\t\t<div class=\"elementor-column elementor-col-100 elementor-top-column elementor-element elementor-element-55b980b\" data-id=\"55b980b\" data-element_type=\"column\">\n\t\t\t<div class=\"elementor-widget-wrap elementor-element-populated\">\n\t\t\t\t\t\t<div class=\"elementor-element elementor-element-937c780 elementor-widget elementor-widget-text-editor\" data-id=\"937c780\" data-element_type=\"widget\" data-widget_type=\"text-editor.default\">\n\t\t\t\t<div class=\"elementor-widget-container\">\n\t\t\t\t\t\t\t\t\t<p><span style=\"font-size: large;\"> Tambi\u00e9n ha sido testigo de toda la evoluci\u00f3n de la vida cubana. Las novelas arrancan en el a\u00f1o 1989 y llegan hasta el 2016 la m\u00e1s reciente y en todo ese proceso, en todo ese tiempo que ha pasado Mario Conde, ha ido reflejando la vida social cubana desde su perspectiva y desde una perspectiva muy generacional. Y creo que s\u00ed, que ha dado indicaciones de c\u00f3mo ha ido cambiando la realidad, porque de la Cuba del a\u00f1o 1989 a la del 2016 pues han ocurrido much\u00edsimas, much\u00edsimas cosas, aunque a veces se tenga la percepci\u00f3n de que todo sigue igual.<\/span><\/p><p align=\"left\"><span style=\"font-size: large;\"><b>En este juego que siempre se establece entre personaje y autor: \u00bfQui\u00e9n quisiera parecerse m\u00e1s a qui\u00e9n, Padura a Mario Conde o Mario Conde a Padura? <\/b><\/span><\/p><p align=\"left\"><span style=\"font-size: large;\">Hay muchas cosas en las que nos parecemos y hay coyunturas en las que yo quisiera parecerme m\u00e1s a Mario Conde y creo que hay otras en las que a \u00e9l le gustar\u00eda parecerse m\u00e1s a m\u00ed. Creo que tenemos una relaci\u00f3n casi dial\u00e9ctica en la que nos vamos prestando cosas y nos vamos debiendo cosas tambi\u00e9n.<\/span><\/p><p align=\"left\"><span style=\"font-size: large;\"><b>\u00bfY qu\u00e9 podemos decir de Tamara, una presencia femenina que gravita sobre gran parte de su obra? \u00bfSe enamorar\u00eda usted de alguien como Tamara?<\/b><\/span><\/p><p align=\"left\"><span style=\"font-size: large;\">Tamara es la novia de Mario Conde. No puedo hacer el feo de decir que me quiero enamorar yo tambi\u00e9n de ella (risas). A los amigos hay que respetarlos. Tamara es una persona mucho m\u00e1s sosegada que Mario Conde y le da equilibrio y sentido a su vida. Con todos los desastres que es la vida de Conde, Tamara le da un punto de peso de gravedad para que tenga una vida un poquitito m\u00e1s coherente. <\/span><\/p><p align=\"left\"><span style=\"font-size: large;\"><i><b>Personas Decentes<\/b><\/i><\/span><span style=\"font-size: large;\"><b>, su \u00faltima novela, es quiz\u00e1 la m\u00e1s polic\u00edaca y la m\u00e1s habanera de toda su producci\u00f3n. \u00bfQu\u00e9 se pueden encontrar los lectores en esta \u00faltima aventura de Mario Conde? <\/b><\/span><\/p><p align=\"left\"><span style=\"font-size: large;\">Habla de dos momentos hist\u00f3ricos muy peculiares de la vida del pa\u00eds. Los primeros a\u00f1os de la rep\u00fablica despu\u00e9s de la independencia y ahora una etapa m\u00e1s reciente en la que hubo una gran movilidad en la sociedad cubana. Muestra c\u00f3mo muchos de los sue\u00f1os que se forjaron antes se han ido frustrando despu\u00e9s a lo largo del camino.<\/span><\/p><p align=\"left\"><span style=\"font-size: large;\"><b>Para terminar, \u00bfqu\u00e9 consejo le dar\u00eda a ese joven o esa joven que ahora mismo emborrona papeles y sue\u00f1a con ser escritor o escritora?<\/b><\/span><\/p><p align=\"left\"><span style=\"font-size: large;\">Que lea mucho. Hay que leer. La lectura es la mejor escuela de escritura que existe. Las dem\u00e1s llegan o no llegan, pero la lectura es imprescindible. <\/span><\/p>\t\t\t\t\t\t\t\t<\/div>\n\t\t\t\t<\/div>\n\t\t\t\t\t<\/div>\n\t\t<\/div>\n\t\t\t\t\t<\/div>\n\t\t<\/section>\n\t\t\t\t<\/div>\n\t\t","protected":false},"excerpt":{"rendered":"<p>Leonardo Padura: \u201cEl compromiso del escritor es con la literatura, la libertad y la verdad\u201d Es uno de los grandes nombres de las letras latinoamericanas y candidato al Premio Nobel de Literatura. El maestro cubano de la novela negra visit\u00f3 la sede de Comisiones Obreras de Madrid para presentar su \u00faltima obra, Personas decentes. En una amena charla hablamos de la vida, el poder de las palabras y el compromiso. Y, c\u00f3mo no, sobre Cuba,<span class=\"more-link\"><a href=\"https:\/\/madridsindical.es\/archivo\/2024\/03\/13\/entrevista-a-leonardo-padura-escritor-cubano\/\">Contin\u00faa leyendo<\/a><\/span><\/p>\n","protected":false},"author":1,"featured_media":4113,"comment_status":"closed","ping_status":"closed","sticky":false,"template":"","format":"standard","meta":{"footnotes":""},"categories":[3],"tags":[47],"class_list":["entry","author-madridsindical","post-4106","post","type-post","status-publish","format-standard","has-post-thumbnail","category-entrevistas","tag-archivo"],"aioseo_notices":[],"_links":{"self":[{"href":"https:\/\/madridsindical.es\/archivo\/wp-json\/wp\/v2\/posts\/4106","targetHints":{"allow":["GET"]}}],"collection":[{"href":"https:\/\/madridsindical.es\/archivo\/wp-json\/wp\/v2\/posts"}],"about":[{"href":"https:\/\/madridsindical.es\/archivo\/wp-json\/wp\/v2\/types\/post"}],"author":[{"embeddable":true,"href":"https:\/\/madridsindical.es\/archivo\/wp-json\/wp\/v2\/users\/1"}],"replies":[{"embeddable":true,"href":"https:\/\/madridsindical.es\/archivo\/wp-json\/wp\/v2\/comments?post=4106"}],"version-history":[{"count":21,"href":"https:\/\/madridsindical.es\/archivo\/wp-json\/wp\/v2\/posts\/4106\/revisions"}],"predecessor-version":[{"id":4150,"href":"https:\/\/madridsindical.es\/archivo\/wp-json\/wp\/v2\/posts\/4106\/revisions\/4150"}],"wp:featuredmedia":[{"embeddable":true,"href":"https:\/\/madridsindical.es\/archivo\/wp-json\/wp\/v2\/media\/4113"}],"wp:attachment":[{"href":"https:\/\/madridsindical.es\/archivo\/wp-json\/wp\/v2\/media?parent=4106"}],"wp:term":[{"taxonomy":"category","embeddable":true,"href":"https:\/\/madridsindical.es\/archivo\/wp-json\/wp\/v2\/categories?post=4106"},{"taxonomy":"post_tag","embeddable":true,"href":"https:\/\/madridsindical.es\/archivo\/wp-json\/wp\/v2\/tags?post=4106"}],"curies":[{"name":"wp","href":"https:\/\/api.w.org\/{rel}","templated":true}]}}