{"id":4069,"date":"2024-02-19T08:39:26","date_gmt":"2024-02-19T08:39:26","guid":{"rendered":"https:\/\/madridsindical.es\/archivo\/?p=4069"},"modified":"2025-11-06T10:49:23","modified_gmt":"2025-11-06T10:49:23","slug":"la-lucha-de-la-plantilla-de-schneider-grinon","status":"publish","type":"post","link":"https:\/\/madridsindical.es\/archivo\/2024\/02\/19\/la-lucha-de-la-plantilla-de-schneider-grinon\/","title":{"rendered":"La lucha de la plantilla de Schneider Gri\u00f1\u00f3n por el futuro industrial del sur de Madrid"},"content":{"rendered":"\t\t<div data-elementor-type=\"wp-post\" data-elementor-id=\"4069\" class=\"elementor elementor-4069\">\n\t\t\t\t\t\t<section class=\"elementor-section elementor-top-section elementor-element elementor-element-e1d4b37 elementor-section-boxed elementor-section-height-default elementor-section-height-default\" data-id=\"e1d4b37\" data-element_type=\"section\">\n\t\t\t\t\t\t<div class=\"elementor-container elementor-column-gap-default\">\n\t\t\t\t\t<div class=\"elementor-column elementor-col-100 elementor-top-column elementor-element elementor-element-c487860\" data-id=\"c487860\" data-element_type=\"column\">\n\t\t\t<div class=\"elementor-widget-wrap elementor-element-populated\">\n\t\t\t\t\t\t<div class=\"elementor-element elementor-element-b42c1b2 elementor-widget elementor-widget-heading\" data-id=\"b42c1b2\" data-element_type=\"widget\" data-widget_type=\"heading.default\">\n\t\t\t\t<div class=\"elementor-widget-container\">\n\t\t\t\t\t<h2 class=\"elementor-heading-title elementor-size-large\">Schneider Gri\u00f1\u00f3n, luchar hasta el \u00faltimo minuto<\/h2>\t\t\t\t<\/div>\n\t\t\t\t<\/div>\n\t\t\t\t\t<\/div>\n\t\t<\/div>\n\t\t\t\t\t<\/div>\n\t\t<\/section>\n\t\t\t\t<section class=\"elementor-section elementor-top-section elementor-element elementor-element-5cca725 elementor-section-boxed elementor-section-height-default elementor-section-height-default\" data-id=\"5cca725\" data-element_type=\"section\">\n\t\t\t\t\t\t<div class=\"elementor-container elementor-column-gap-default\">\n\t\t\t\t\t<div class=\"elementor-column elementor-col-100 elementor-top-column elementor-element elementor-element-699dc1e\" data-id=\"699dc1e\" data-element_type=\"column\">\n\t\t\t<div class=\"elementor-widget-wrap elementor-element-populated\">\n\t\t\t\t\t\t<div class=\"elementor-element elementor-element-ba64bd1 elementor-widget elementor-widget-text-editor\" data-id=\"ba64bd1\" data-element_type=\"widget\" data-widget_type=\"text-editor.default\">\n\t\t\t\t<div class=\"elementor-widget-container\">\n\t\t\t\t\t\t\t\t\t<p>Despu\u00e9s de dos a\u00f1os de lucha la plantilla de Schneider se ha convertido en un referente de cohesi\u00f3n y compromiso sindical. Amenazados por el cierre de la f\u00e1brica no solo pelean por sus puestos de trabajo. Tambi\u00e9n para defender la industria del sur de Madrid frente al acoso de las pol\u00edticas neoliberales y las deslocalizaciones.<\/p>\t\t\t\t\t\t\t\t<\/div>\n\t\t\t\t<\/div>\n\t\t\t\t\t<\/div>\n\t\t<\/div>\n\t\t\t\t\t<\/div>\n\t\t<\/section>\n\t\t\t\t<section class=\"elementor-section elementor-top-section elementor-element elementor-element-ae22da0 elementor-section-boxed elementor-section-height-default elementor-section-height-default\" data-id=\"ae22da0\" data-element_type=\"section\">\n\t\t\t\t\t\t<div class=\"elementor-container elementor-column-gap-default\">\n\t\t\t\t\t<div class=\"elementor-column elementor-col-100 elementor-top-column elementor-element elementor-element-fbf7b48\" data-id=\"fbf7b48\" data-element_type=\"column\">\n\t\t\t<div class=\"elementor-widget-wrap elementor-element-populated\">\n\t\t\t\t\t\t<div class=\"elementor-element elementor-element-113aa48 elementor-widget elementor-widget-text-editor\" data-id=\"113aa48\" data-element_type=\"widget\" data-widget_type=\"text-editor.default\">\n\t\t\t\t<div class=\"elementor-widget-container\">\n\t\t\t\t\t\t\t\t\t<p><b>Direcci\u00f3n: <a href=\"https:\/\/twitter.com\/lm_lombardo\" target=\"_blank\" rel=\"noopener\">Luis Lombardo.<\/a> Texto: Eduardo Mesa.\u00a0 V\u00eddeo: Fran Lorente, Javier Barrio. Fotos: Fran Lorente. E<\/b><strong>dici\u00f3n v\u00eddeo: Javier Barrio<\/strong><\/p>\t\t\t\t\t\t\t\t<\/div>\n\t\t\t\t<\/div>\n\t\t\t\t\t<\/div>\n\t\t<\/div>\n\t\t\t\t\t<\/div>\n\t\t<\/section>\n\t\t\t\t<section class=\"elementor-section elementor-top-section elementor-element elementor-element-ad7cc39 elementor-section-boxed elementor-section-height-default elementor-section-height-default\" data-id=\"ad7cc39\" data-element_type=\"section\">\n\t\t\t\t\t\t<div class=\"elementor-container elementor-column-gap-default\">\n\t\t\t\t\t<div class=\"elementor-column elementor-col-100 elementor-top-column elementor-element elementor-element-7e69f34\" data-id=\"7e69f34\" data-element_type=\"column\">\n\t\t\t<div class=\"elementor-widget-wrap elementor-element-populated\">\n\t\t\t\t\t\t<section class=\"elementor-section elementor-inner-section elementor-element elementor-element-de023c1 elementor-section-boxed elementor-section-height-default elementor-section-height-default\" data-id=\"de023c1\" data-element_type=\"section\">\n\t\t\t\t\t\t<div class=\"elementor-container elementor-column-gap-default\">\n\t\t\t\t\t<div class=\"elementor-column elementor-col-50 elementor-inner-column elementor-element elementor-element-1043e16\" data-id=\"1043e16\" data-element_type=\"column\">\n\t\t\t<div class=\"elementor-widget-wrap elementor-element-populated\">\n\t\t\t\t\t\t<div class=\"elementor-element elementor-element-95cc0ab elementor-view-default elementor-position-top elementor-mobile-position-top elementor-widget elementor-widget-icon-box\" data-id=\"95cc0ab\" data-element_type=\"widget\" data-widget_type=\"icon-box.default\">\n\t\t\t\t<div class=\"elementor-widget-container\">\n\t\t\t\t\t\t\t<div class=\"elementor-icon-box-wrapper\">\n\n\t\t\t\t\t\t<div class=\"elementor-icon-box-icon\">\n\t\t\t\t<a href=\"https:\/\/youtu.be\/_cE-WUYhUTc\" target=\"_blank\" class=\"elementor-icon\" tabindex=\"-1\" aria-label=\"Schneider Gri\u00f1\u00f3n, luchar hasta el \u00faltimo minuto\">\n\t\t\t\t<i aria-hidden=\"true\" class=\"fab fa-youtube-square\"><\/i>\t\t\t\t<\/a>\n\t\t\t<\/div>\n\t\t\t\n\t\t\t\t\t\t<div class=\"elementor-icon-box-content\">\n\n\t\t\t\t\t\t\t\t\t<h3 class=\"elementor-icon-box-title\">\n\t\t\t\t\t\t<a href=\"https:\/\/youtu.be\/_cE-WUYhUTc\" target=\"_blank\" >\n\t\t\t\t\t\t\tSchneider Gri\u00f1\u00f3n, luchar hasta el \u00faltimo minuto\t\t\t\t\t\t<\/a>\n\t\t\t\t\t<\/h3>\n\t\t\t\t\n\t\t\t\t\n\t\t\t<\/div>\n\t\t\t\n\t\t<\/div>\n\t\t\t\t\t\t<\/div>\n\t\t\t\t<\/div>\n\t\t\t\t\t<\/div>\n\t\t<\/div>\n\t\t\t\t<div class=\"elementor-column elementor-col-50 elementor-inner-column elementor-element elementor-element-612eabc\" data-id=\"612eabc\" data-element_type=\"column\">\n\t\t\t<div class=\"elementor-widget-wrap elementor-element-populated\">\n\t\t\t\t\t\t<div class=\"elementor-element elementor-element-26a2b9a elementor-widget elementor-widget-video\" data-id=\"26a2b9a\" data-element_type=\"widget\" data-settings=\"{&quot;youtube_url&quot;:&quot;https:\\\/\\\/youtu.be\\\/_cE-WUYhUTc&quot;,&quot;video_type&quot;:&quot;youtube&quot;,&quot;controls&quot;:&quot;yes&quot;}\" data-widget_type=\"video.default\">\n\t\t\t\t<div class=\"elementor-widget-container\">\n\t\t\t\t\t\t\t<div class=\"elementor-wrapper elementor-open-inline\">\n\t\t\t<div class=\"elementor-video\"><\/div>\t\t<\/div>\n\t\t\t\t\t\t<\/div>\n\t\t\t\t<\/div>\n\t\t\t\t\t<\/div>\n\t\t<\/div>\n\t\t\t\t\t<\/div>\n\t\t<\/section>\n\t\t\t\t\t<\/div>\n\t\t<\/div>\n\t\t\t\t\t<\/div>\n\t\t<\/section>\n\t\t\t\t<section class=\"elementor-section elementor-top-section elementor-element elementor-element-6bfdd60 elementor-section-boxed elementor-section-height-default elementor-section-height-default\" data-id=\"6bfdd60\" data-element_type=\"section\">\n\t\t\t\t\t\t<div class=\"elementor-container elementor-column-gap-default\">\n\t\t\t\t\t<div class=\"elementor-column elementor-col-100 elementor-top-column elementor-element elementor-element-5360546\" data-id=\"5360546\" data-element_type=\"column\">\n\t\t\t<div class=\"elementor-widget-wrap elementor-element-populated\">\n\t\t\t\t\t\t<div class=\"elementor-element elementor-element-1b1e244 elementor-widget elementor-widget-text-editor\" data-id=\"1b1e244\" data-element_type=\"widget\" data-widget_type=\"text-editor.default\">\n\t\t\t\t<div class=\"elementor-widget-container\">\n\t\t\t\t\t\t\t\t\t<p align=\"left\"><span style=\"font-size: medium;\">A ratos la conversaci\u00f3n con <strong>C\u00e9sar Serrano, presidente del <a href=\"https:\/\/twitter.com\/grinon_lucha\">comit\u00e9 de empresa (CCOO) de Schneider Gri\u00f1\u00f3n<\/a><\/strong>, se dificulta por el estruendo de los camiones que pasan a toda velocidad a nuestro lado y el silbido del viento. Hace fr\u00edo a los pies de la carretera, en las orillas de una <strong>f\u00e1brica que se desangra d\u00eda a d\u00eda<\/strong>. La direcci\u00f3n de la planta nos ha negado el acceso a sus instalaciones en un nuevo ejercicio de opacidad y la charla tiene lugar a las puertas de la factor\u00eda.<\/span><\/p><p align=\"left\"><span style=\"font-size: medium;\">Detr\u00e1s de la valla donde nos encontramos trabaja una <strong>plantilla \u201cmuy competitiva\u201d<\/strong> que batalla sin flaquear contra oscuras estrategias globales y deslocalizaciones indecentes. <strong>Lo que dentro se desmantela poco a poco, se defiende con ah\u00ednco fuera<\/strong>. Camiones y coches hacen sonar sus cl\u00e1xones de apoyo al distinguir el uniforme fluorescente del personal de Schneider y vuelan las sonrisas de \u00e1nimo. Tambi\u00e9n los pu\u00f1os en alto. <strong>La lucha de los trabajadores y trabajadoras de esta f\u00e1brica ya es un s\u00edmbolo m\u00e1s de resistencia<\/strong>. De pelea y dignidad. \u201c<em><strong>Nuestra bandera es la pelea sindical.<\/strong> Y eso lo hemos tenido claro todos los trabajadores y trabajadoras de aqu\u00ed. No solo se trataba de defender nuestros puestos, sino tambi\u00e9n los puestos que dependen de nosotros y sobre todo defender una industria, la zona sur de Madrid, que ya est\u00e1 muy tocada por a\u00f1os y a\u00f1os de deslocalizaciones y destrucci\u00f3n de tejido industrial<\/em>\u201d, argumenta C\u00e9sar. <\/span><\/p>\t\t\t\t\t\t\t\t<\/div>\n\t\t\t\t<\/div>\n\t\t\t\t\t<\/div>\n\t\t<\/div>\n\t\t\t\t\t<\/div>\n\t\t<\/section>\n\t\t\t\t<section class=\"elementor-section elementor-top-section elementor-element elementor-element-f8cfb73 elementor-section-boxed elementor-section-height-default elementor-section-height-default\" data-id=\"f8cfb73\" data-element_type=\"section\">\n\t\t\t\t\t\t<div class=\"elementor-container elementor-column-gap-default\">\n\t\t\t\t\t<div class=\"elementor-column elementor-col-100 elementor-top-column elementor-element elementor-element-f166d39\" data-id=\"f166d39\" data-element_type=\"column\">\n\t\t\t<div class=\"elementor-widget-wrap elementor-element-populated\">\n\t\t\t\t\t\t<section class=\"elementor-section elementor-inner-section elementor-element elementor-element-dd57b9a elementor-section-boxed elementor-section-height-default elementor-section-height-default\" data-id=\"dd57b9a\" data-element_type=\"section\">\n\t\t\t\t\t\t<div class=\"elementor-container elementor-column-gap-default\">\n\t\t\t\t\t<div class=\"elementor-column elementor-col-50 elementor-inner-column elementor-element elementor-element-35aa943\" data-id=\"35aa943\" data-element_type=\"column\">\n\t\t\t<div class=\"elementor-widget-wrap elementor-element-populated\">\n\t\t\t\t\t\t<div class=\"elementor-element elementor-element-9cc200e elementor-widget elementor-widget-heading\" data-id=\"9cc200e\" data-element_type=\"widget\" data-widget_type=\"heading.default\">\n\t\t\t\t<div class=\"elementor-widget-container\">\n\t\t\t\t\t<h2 class=\"elementor-heading-title elementor-size-default\">\u201cNuestra bandera es la pelea sindical\u201d\n\n<\/h2>\t\t\t\t<\/div>\n\t\t\t\t<\/div>\n\t\t\t\t\t<\/div>\n\t\t<\/div>\n\t\t\t\t<div class=\"elementor-column elementor-col-50 elementor-inner-column elementor-element elementor-element-166b237\" data-id=\"166b237\" data-element_type=\"column\">\n\t\t\t<div class=\"elementor-widget-wrap elementor-element-populated\">\n\t\t\t\t\t\t<div class=\"elementor-element elementor-element-2f4cc94 elementor-widget elementor-widget-text-editor\" data-id=\"2f4cc94\" data-element_type=\"widget\" data-widget_type=\"text-editor.default\">\n\t\t\t\t<div class=\"elementor-widget-container\">\n\t\t\t\t\t\t\t\t\t<p><span style=\"font-size: medium;\"><strong>En septiembre de 2021 empezaba la pesadilla<\/strong> para una plantilla que recib\u00eda con perplejidad la noticia de las <strong>intenciones de Schneider Electric de deslocalizar una parte de su producci\u00f3n en Gri\u00f1\u00f3n y trasladarla a la localidad italiana de Stezzano.<\/strong> La multinacional francesa, l\u00edder en la transformaci\u00f3n digital de la gesti\u00f3n y automatizaci\u00f3n de la energ\u00eda, lleva <strong>asentada en la comarca sur de la Comunidad de Madrid medio siglo<\/strong> y emplea a m\u00e1s de <strong>180 hombres y mujeres<\/strong>, adem\u00e1s de sostener la actividad auxiliar de una treintena de empresas.\u00a0<\/span><\/p>\t\t\t\t\t\t\t\t<\/div>\n\t\t\t\t<\/div>\n\t\t\t\t\t<\/div>\n\t\t<\/div>\n\t\t\t\t\t<\/div>\n\t\t<\/section>\n\t\t\t\t\t<\/div>\n\t\t<\/div>\n\t\t\t\t\t<\/div>\n\t\t<\/section>\n\t\t\t\t<section class=\"elementor-section elementor-top-section elementor-element elementor-element-3839fe1 elementor-section-boxed elementor-section-height-default elementor-section-height-default\" data-id=\"3839fe1\" data-element_type=\"section\">\n\t\t\t\t\t\t<div class=\"elementor-container elementor-column-gap-default\">\n\t\t\t\t\t<div class=\"elementor-column elementor-col-100 elementor-top-column elementor-element elementor-element-45a706c\" data-id=\"45a706c\" data-element_type=\"column\">\n\t\t\t<div class=\"elementor-widget-wrap elementor-element-populated\">\n\t\t\t\t\t\t<div class=\"elementor-element elementor-element-74ed201 elementor-widget elementor-widget-text-editor\" data-id=\"74ed201\" data-element_type=\"widget\" data-widget_type=\"text-editor.default\">\n\t\t\t\t<div class=\"elementor-widget-container\">\n\t\t\t\t\t\t\t\t\t<p align=\"left\"><span style=\"font-size: medium;\">Tan solo dos meses antes de este inquietante anuncio, <strong>la propia direcci\u00f3n de la planta hab\u00eda asegurado al comit\u00e9 de empresa que la viabilidad de la misma estaba asegurada<\/strong> y que tanto la plantilla como las cargas de trabajo y la producci\u00f3n respond\u00edan a los planes previstos. \u201c<em>Somos una empresa altamente cualificada que da un servicio excelente y a nivel local e ib\u00e9rico somos una planta muy competitiva<\/em>\u201d, explica Serrano.<\/span><\/p>\t\t\t\t\t\t\t\t<\/div>\n\t\t\t\t<\/div>\n\t\t\t\t\t<\/div>\n\t\t<\/div>\n\t\t\t\t\t<\/div>\n\t\t<\/section>\n\t\t\t\t<section class=\"elementor-section elementor-top-section elementor-element elementor-element-be7f674 elementor-section-boxed elementor-section-height-default elementor-section-height-default\" data-id=\"be7f674\" data-element_type=\"section\">\n\t\t\t\t\t\t<div class=\"elementor-container elementor-column-gap-default\">\n\t\t\t\t\t<div class=\"elementor-column elementor-col-100 elementor-top-column elementor-element elementor-element-c924f13\" data-id=\"c924f13\" data-element_type=\"column\">\n\t\t\t<div class=\"elementor-widget-wrap elementor-element-populated\">\n\t\t\t\t\t\t<div class=\"elementor-element elementor-element-1602a86 elementor-widget elementor-widget-image\" data-id=\"1602a86\" data-element_type=\"widget\" data-widget_type=\"image.default\">\n\t\t\t\t<div class=\"elementor-widget-container\">\n\t\t\t\t\t\t\t\t\t\t\t\t<figure class=\"wp-caption\">\n\t\t\t\t\t\t\t\t\t\t<img fetchpriority=\"high\" decoding=\"async\" width=\"1024\" height=\"682\" src=\"https:\/\/madridsindical.es\/archivo\/wp-content\/uploads\/2024\/02\/002IMG_6544-1024x682.jpg\" class=\"attachment-large size-large wp-image-4074\" alt=\"\" srcset=\"https:\/\/madridsindical.es\/archivo\/wp-content\/uploads\/2024\/02\/002IMG_6544-1024x682.jpg 1024w, https:\/\/madridsindical.es\/archivo\/wp-content\/uploads\/2024\/02\/002IMG_6544-300x200.jpg 300w, https:\/\/madridsindical.es\/archivo\/wp-content\/uploads\/2024\/02\/002IMG_6544-768x512.jpg 768w, https:\/\/madridsindical.es\/archivo\/wp-content\/uploads\/2024\/02\/002IMG_6544-1536x1024.jpg 1536w, https:\/\/madridsindical.es\/archivo\/wp-content\/uploads\/2024\/02\/002IMG_6544-465x310.jpg 465w, https:\/\/madridsindical.es\/archivo\/wp-content\/uploads\/2024\/02\/002IMG_6544-695x463.jpg 695w, https:\/\/madridsindical.es\/archivo\/wp-content\/uploads\/2024\/02\/002IMG_6544.jpg 2000w\" sizes=\"(max-width: 1024px) 100vw, 1024px\" \/>\t\t\t\t\t\t\t\t\t\t\t<figcaption class=\"widget-image-caption wp-caption-text\">Manifestaci\u00f3n de la plantilla de Schneider por las calles de Gri\u00f1\u00f3n, en 2021<\/figcaption>\n\t\t\t\t\t\t\t\t\t\t<\/figure>\n\t\t\t\t\t\t\t\t\t<\/div>\n\t\t\t\t<\/div>\n\t\t\t\t\t<\/div>\n\t\t<\/div>\n\t\t\t\t\t<\/div>\n\t\t<\/section>\n\t\t\t\t<section class=\"elementor-section elementor-top-section elementor-element elementor-element-69170f8 elementor-section-boxed elementor-section-height-default elementor-section-height-default\" data-id=\"69170f8\" data-element_type=\"section\">\n\t\t\t\t\t\t<div class=\"elementor-container elementor-column-gap-default\">\n\t\t\t\t\t<div class=\"elementor-column elementor-col-100 elementor-top-column elementor-element elementor-element-302dbdc\" data-id=\"302dbdc\" data-element_type=\"column\">\n\t\t\t<div class=\"elementor-widget-wrap elementor-element-populated\">\n\t\t\t\t\t\t<div class=\"elementor-element elementor-element-a1a93ff elementor-widget elementor-widget-text-editor\" data-id=\"a1a93ff\" data-element_type=\"widget\" data-widget_type=\"text-editor.default\">\n\t\t\t\t<div class=\"elementor-widget-container\">\n\t\t\t\t\t\t\t\t\t<p align=\"left\"><span style=\"font-size: medium;\"><strong>La multinacional gala se resisti\u00f3 a dar explicaciones<\/strong> de los motivos de este cambio de rumbo hacia la deslocalizaci\u00f3n, incomprensible a todas luces, alegando \u00fanicamente razones de \u201cestrategia\u201d del grupo. Para la plantilla qued\u00f3 claro desde ese primer momento que esos \u201cmotivos de geoestrategia\u201d escond\u00edan un plan para cerrar definitivamente la planta y <strong>concentrar la producci\u00f3n en grandes empresas diseminadas por Europa<\/strong>. Una \u201cestrategia comercial\u201d <strong>sin justificaci\u00f3n<\/strong> alguna que supone, como advierte el personal de Schneider, perder el mercado local y buena parte del internacional, pues esta factor\u00eda altamente competitiva nutre tambi\u00e9n a pa\u00edses del continente americano y de \u00c1frica. \u201c<em>Hemos estado dos a\u00f1os moviliz\u00e1ndonos, exigiendo un plan industrial que garantizase la viabilidad, porque desde el principio sospech\u00e1bamos que lo que hab\u00eda detr\u00e1s de esa deslocalizaci\u00f3n, era un intento de cerrar nuestra planta, como as\u00ed se ha cumplido con el paso del tiempo<\/em>\u201d, constata C\u00e9sar Serrano. <\/span><\/p>\t\t\t\t\t\t\t\t<\/div>\n\t\t\t\t<\/div>\n\t\t\t\t\t<\/div>\n\t\t<\/div>\n\t\t\t\t\t<\/div>\n\t\t<\/section>\n\t\t\t\t<section class=\"elementor-section elementor-top-section elementor-element elementor-element-d7a1a18 elementor-section-boxed elementor-section-height-default elementor-section-height-default\" data-id=\"d7a1a18\" data-element_type=\"section\">\n\t\t\t\t\t\t<div class=\"elementor-container elementor-column-gap-default\">\n\t\t\t\t\t<div class=\"elementor-column elementor-col-100 elementor-top-column elementor-element elementor-element-a452b02\" data-id=\"a452b02\" data-element_type=\"column\">\n\t\t\t<div class=\"elementor-widget-wrap elementor-element-populated\">\n\t\t\t\t\t\t<div class=\"elementor-element elementor-element-805459e elementor-widget elementor-widget-text-editor\" data-id=\"805459e\" data-element_type=\"widget\" data-widget_type=\"text-editor.default\">\n\t\t\t\t<div class=\"elementor-widget-container\">\n\t\t\t\t\t\t\t\t\t<p align=\"left\"><span style=\"font-size: medium;\">A principios de 2022 los trabajadores y trabajadoras de la f\u00e1brica de Schneider Gri\u00f1\u00f3n comenzaban una <strong>dura batalla<\/strong> que les ha llevado a <strong>tocar la puerta de todas las administraciones implicadas<\/strong>, <strong>desde el Ministerio de Industria hasta la Comunidad de Madrid pasando incluso por la embajada francesa<\/strong> \u201c<em>para denunciar c\u00f3mo se comportaba una compa\u00f1\u00eda de capital franc\u00e9s<\/em>\u201d. Su protesta ha inundado las calles de la capital en varias ocasiones y ha recorrido diferentes poblaciones del sur de la regi\u00f3n, adem\u00e1s de Gri\u00f1\u00f3n. En estos dos a\u00f1os la plantilla ha secundado mayoritariamente <strong>hasta 25 huelgas<\/strong> (tanto parciales como de 24 horas). \u201c<em>Lo que hemos conseguido despu\u00e9s de estos dos a\u00f1os es un nivel de conciencia elevado dentro de nuestra empresa y la gente se va con una sensaci\u00f3n muy potente de que no solo est\u00e1n luchando por sus derechos, sino por los derechos de todos<\/em>\u201d, sostiene el presidente del comit\u00e9 de empresa de la planta. <\/span><\/p>\t\t\t\t\t\t\t\t<\/div>\n\t\t\t\t<\/div>\n\t\t\t\t\t<\/div>\n\t\t<\/div>\n\t\t\t\t\t<\/div>\n\t\t<\/section>\n\t\t\t\t<section class=\"elementor-section elementor-top-section elementor-element elementor-element-c40cc5d elementor-section-boxed elementor-section-height-default elementor-section-height-default\" data-id=\"c40cc5d\" data-element_type=\"section\">\n\t\t\t\t\t\t<div class=\"elementor-container elementor-column-gap-default\">\n\t\t\t\t\t<div class=\"elementor-column elementor-col-100 elementor-top-column elementor-element elementor-element-c4d5935\" data-id=\"c4d5935\" data-element_type=\"column\">\n\t\t\t<div class=\"elementor-widget-wrap elementor-element-populated\">\n\t\t\t\t\t\t<div class=\"elementor-element elementor-element-b3e5b6d elementor-widget elementor-widget-heading\" data-id=\"b3e5b6d\" data-element_type=\"widget\" data-widget_type=\"heading.default\">\n\t\t\t\t<div class=\"elementor-widget-container\">\n\t\t\t\t\t<h2 class=\"elementor-heading-title elementor-size-default\">La fuerza de CCOO \n<\/h2>\t\t\t\t<\/div>\n\t\t\t\t<\/div>\n\t\t\t\t\t<\/div>\n\t\t<\/div>\n\t\t\t\t\t<\/div>\n\t\t<\/section>\n\t\t\t\t<section class=\"elementor-section elementor-top-section elementor-element elementor-element-d84c40f elementor-section-boxed elementor-section-height-default elementor-section-height-default\" data-id=\"d84c40f\" data-element_type=\"section\">\n\t\t\t\t\t\t<div class=\"elementor-container elementor-column-gap-default\">\n\t\t\t\t\t<div class=\"elementor-column elementor-col-100 elementor-top-column elementor-element elementor-element-39aa4de\" data-id=\"39aa4de\" data-element_type=\"column\">\n\t\t\t<div class=\"elementor-widget-wrap elementor-element-populated\">\n\t\t\t\t\t\t<div class=\"elementor-element elementor-element-9f4f80f elementor-widget elementor-widget-text-editor\" data-id=\"9f4f80f\" data-element_type=\"widget\" data-widget_type=\"text-editor.default\">\n\t\t\t\t<div class=\"elementor-widget-container\">\n\t\t\t\t\t\t\t\t\t<p align=\"left\">\u201c<span style=\"font-size: medium;\"><em><strong>Comisiones Obreras se ha ganado a pulso el respeto de todos los compa\u00f1eros<\/strong>. Hemos demostrado que somos gente trabajadora, gente a la que no les ha temblado la mano a la hora de movilizarnos y de enfrentarnos a la empresa. <strong>Es un trabajo no solo honrado, sino ideol\u00f3gicamente y sindicalmente impecable<\/strong><\/em>\u201d, sostiene C\u00e9sar Serrano. Una labor indispensable para plantar cara a la \u201cdesverg\u00fcenza\u201d de la empresa francesa que se sustenta en una trayectoria de m\u00e1s de 15 a\u00f1os como sindicato \u00fanico en el comit\u00e9.<\/span><\/p>\t\t\t\t\t\t\t\t<\/div>\n\t\t\t\t<\/div>\n\t\t\t\t\t<\/div>\n\t\t<\/div>\n\t\t\t\t\t<\/div>\n\t\t<\/section>\n\t\t\t\t<section class=\"elementor-section elementor-top-section elementor-element elementor-element-f51b51d elementor-section-boxed elementor-section-height-default elementor-section-height-default\" data-id=\"f51b51d\" data-element_type=\"section\">\n\t\t\t\t\t\t<div class=\"elementor-container elementor-column-gap-default\">\n\t\t\t\t\t<div class=\"elementor-column elementor-col-100 elementor-top-column elementor-element elementor-element-ac5f511\" data-id=\"ac5f511\" data-element_type=\"column\">\n\t\t\t<div class=\"elementor-widget-wrap elementor-element-populated\">\n\t\t\t\t\t\t<section class=\"elementor-section elementor-inner-section elementor-element elementor-element-9aea998 elementor-section-boxed elementor-section-height-default elementor-section-height-default\" data-id=\"9aea998\" data-element_type=\"section\">\n\t\t\t\t\t\t<div class=\"elementor-container elementor-column-gap-default\">\n\t\t\t\t\t<div class=\"elementor-column elementor-col-50 elementor-inner-column elementor-element elementor-element-a0af6f2\" data-id=\"a0af6f2\" data-element_type=\"column\">\n\t\t\t<div class=\"elementor-widget-wrap elementor-element-populated\">\n\t\t\t\t\t\t<div class=\"elementor-element elementor-element-aebb672 elementor-widget elementor-widget-heading\" data-id=\"aebb672\" data-element_type=\"widget\" data-widget_type=\"heading.default\">\n\t\t\t\t<div class=\"elementor-widget-container\">\n\t\t\t\t\t<h2 class=\"elementor-heading-title elementor-size-default\">\u201cComisiones Obreras se ha ganado a pulso el respeto de todos los compa\u00f1eros\u201d \n<\/h2>\t\t\t\t<\/div>\n\t\t\t\t<\/div>\n\t\t\t\t\t<\/div>\n\t\t<\/div>\n\t\t\t\t<div class=\"elementor-column elementor-col-50 elementor-inner-column elementor-element elementor-element-466a1a9\" data-id=\"466a1a9\" data-element_type=\"column\">\n\t\t\t<div class=\"elementor-widget-wrap elementor-element-populated\">\n\t\t\t\t\t\t<div class=\"elementor-element elementor-element-3c50e3a elementor-widget elementor-widget-text-editor\" data-id=\"3c50e3a\" data-element_type=\"widget\" data-widget_type=\"text-editor.default\">\n\t\t\t\t<div class=\"elementor-widget-container\">\n\t\t\t\t\t\t\t\t\t<p>\u201c<span style=\"font-size: medium;\"><em>La uni\u00f3n que hemos entablado aqu\u00ed con los compa\u00f1eros despu\u00e9s de muchos a\u00f1os ha sido incre\u00edble. La verdad es que es como una segunda familia. <strong>Nos hemos apoyado en una situaci\u00f3n que nos est\u00e1 afectando a todos en general<\/strong><\/em>\u201d, nos cuenta <strong>Laura Ben\u00edtez<\/strong>, l\u00edder de una cadena de montaje, 16 a\u00f1os en la empresa. <strong>Pedro Perona<\/strong>, trabajador en el sector de cableado de armarios, nunca hab\u00eda vivido algo semejante. \u201c<em>Me llama mucho la atenci\u00f3n. Nunca hab\u00eda vivido estos movimientos y la verdad que el apoyo de la gente ha sido una maravilla. Tanto grupos de pueblos de los alrededores, ayuntamientos, Comisiones, todos se han involucrado desde el principio<\/em>\u201d.<\/span><\/p>\t\t\t\t\t\t\t\t<\/div>\n\t\t\t\t<\/div>\n\t\t\t\t\t<\/div>\n\t\t<\/div>\n\t\t\t\t\t<\/div>\n\t\t<\/section>\n\t\t\t\t\t<\/div>\n\t\t<\/div>\n\t\t\t\t\t<\/div>\n\t\t<\/section>\n\t\t\t\t<section class=\"elementor-section elementor-top-section elementor-element elementor-element-5b0ba20 elementor-section-boxed elementor-section-height-default elementor-section-height-default\" data-id=\"5b0ba20\" data-element_type=\"section\">\n\t\t\t\t\t\t<div class=\"elementor-container elementor-column-gap-default\">\n\t\t\t\t\t<div class=\"elementor-column elementor-col-100 elementor-top-column elementor-element elementor-element-0285fe9\" data-id=\"0285fe9\" data-element_type=\"column\">\n\t\t\t<div class=\"elementor-widget-wrap elementor-element-populated\">\n\t\t\t\t\t\t<div class=\"elementor-element elementor-element-819d21b elementor-widget elementor-widget-text-editor\" data-id=\"819d21b\" data-element_type=\"widget\" data-widget_type=\"text-editor.default\">\n\t\t\t\t<div class=\"elementor-widget-container\">\n\t\t\t\t\t\t\t\t\t<p align=\"left\"><span style=\"font-size: medium;\">A las puertas de esta f\u00e1brica <strong>amenazada por el apetito insaciable de las pol\u00edticas neoliberales fomentadas por el gobierno regional<\/strong> no se pierde la esperanza, a pesar del duro golpe recibido a <strong>finales de 2023<\/strong>. En ese momento la direcci\u00f3n de la empresa hac\u00eda p\u00fablica su decisi\u00f3n de cesar la actividad de la factor\u00eda, con el traspaso de diferentes procesos a otras plantas durante 2024 y hasta mediados del 2025. <strong>A partir de esa fecha el futuro de los m\u00e1s de 180 trabajadores y trabajadoras es una inc\u00f3gnita.<\/strong><\/span><\/p>\t\t\t\t\t\t\t\t<\/div>\n\t\t\t\t<\/div>\n\t\t\t\t\t<\/div>\n\t\t<\/div>\n\t\t\t\t\t<\/div>\n\t\t<\/section>\n\t\t\t\t<section class=\"elementor-section elementor-top-section elementor-element elementor-element-c8b0f30 elementor-section-boxed elementor-section-height-default elementor-section-height-default\" data-id=\"c8b0f30\" data-element_type=\"section\">\n\t\t\t\t\t\t<div class=\"elementor-container elementor-column-gap-default\">\n\t\t\t\t\t<div class=\"elementor-column elementor-col-100 elementor-top-column elementor-element elementor-element-ede6a15\" data-id=\"ede6a15\" data-element_type=\"column\">\n\t\t\t<div class=\"elementor-widget-wrap elementor-element-populated\">\n\t\t\t\t\t\t<div class=\"elementor-element elementor-element-5a9a3a9 elementor-widget elementor-widget-image\" data-id=\"5a9a3a9\" data-element_type=\"widget\" data-widget_type=\"image.default\">\n\t\t\t\t<div class=\"elementor-widget-container\">\n\t\t\t\t\t\t\t\t\t\t\t\t<figure class=\"wp-caption\">\n\t\t\t\t\t\t\t\t\t\t<img decoding=\"async\" width=\"1024\" height=\"682\" src=\"https:\/\/madridsindical.es\/archivo\/wp-content\/uploads\/2024\/02\/005IMG_0261-1024x682.jpg\" class=\"attachment-large size-large wp-image-4077\" alt=\"\" srcset=\"https:\/\/madridsindical.es\/archivo\/wp-content\/uploads\/2024\/02\/005IMG_0261-1024x682.jpg 1024w, https:\/\/madridsindical.es\/archivo\/wp-content\/uploads\/2024\/02\/005IMG_0261-300x200.jpg 300w, https:\/\/madridsindical.es\/archivo\/wp-content\/uploads\/2024\/02\/005IMG_0261-768x512.jpg 768w, https:\/\/madridsindical.es\/archivo\/wp-content\/uploads\/2024\/02\/005IMG_0261-1536x1024.jpg 1536w, https:\/\/madridsindical.es\/archivo\/wp-content\/uploads\/2024\/02\/005IMG_0261-465x310.jpg 465w, https:\/\/madridsindical.es\/archivo\/wp-content\/uploads\/2024\/02\/005IMG_0261-695x463.jpg 695w, https:\/\/madridsindical.es\/archivo\/wp-content\/uploads\/2024\/02\/005IMG_0261.jpg 2000w\" sizes=\"(max-width: 1024px) 100vw, 1024px\" \/>\t\t\t\t\t\t\t\t\t\t\t<figcaption class=\"widget-image-caption wp-caption-text\">Protesta de la plantilla de Schneider en la embajada francesa en 2021<\/figcaption>\n\t\t\t\t\t\t\t\t\t\t<\/figure>\n\t\t\t\t\t\t\t\t\t<\/div>\n\t\t\t\t<\/div>\n\t\t\t\t\t<\/div>\n\t\t<\/div>\n\t\t\t\t\t<\/div>\n\t\t<\/section>\n\t\t\t\t<section class=\"elementor-section elementor-top-section elementor-element elementor-element-6159452 elementor-section-boxed elementor-section-height-default elementor-section-height-default\" data-id=\"6159452\" data-element_type=\"section\">\n\t\t\t\t\t\t<div class=\"elementor-container elementor-column-gap-default\">\n\t\t\t\t\t<div class=\"elementor-column elementor-col-100 elementor-top-column elementor-element elementor-element-c219a0d\" data-id=\"c219a0d\" data-element_type=\"column\">\n\t\t\t<div class=\"elementor-widget-wrap elementor-element-populated\">\n\t\t\t\t\t\t<section class=\"elementor-section elementor-inner-section elementor-element elementor-element-fbc3b6b elementor-section-boxed elementor-section-height-default elementor-section-height-default\" data-id=\"fbc3b6b\" data-element_type=\"section\">\n\t\t\t\t\t\t<div class=\"elementor-container elementor-column-gap-default\">\n\t\t\t\t\t<div class=\"elementor-column elementor-col-50 elementor-inner-column elementor-element elementor-element-fe11cf8\" data-id=\"fe11cf8\" data-element_type=\"column\">\n\t\t\t<div class=\"elementor-widget-wrap elementor-element-populated\">\n\t\t\t\t\t\t<div class=\"elementor-element elementor-element-fdfc7ff elementor-widget elementor-widget-heading\" data-id=\"fdfc7ff\" data-element_type=\"widget\" data-widget_type=\"heading.default\">\n\t\t\t\t<div class=\"elementor-widget-container\">\n\t\t\t\t\t<h2 class=\"elementor-heading-title elementor-size-default\">\u201cNos hemos implicado al 100%. No entendemos c\u00f3mo nos est\u00e1n haciendo esto\u201d \n<\/h2>\t\t\t\t<\/div>\n\t\t\t\t<\/div>\n\t\t\t\t\t<\/div>\n\t\t<\/div>\n\t\t\t\t<div class=\"elementor-column elementor-col-50 elementor-inner-column elementor-element elementor-element-790a92f\" data-id=\"790a92f\" data-element_type=\"column\">\n\t\t\t<div class=\"elementor-widget-wrap elementor-element-populated\">\n\t\t\t\t\t\t<div class=\"elementor-element elementor-element-a6e9824 elementor-widget elementor-widget-text-editor\" data-id=\"a6e9824\" data-element_type=\"widget\" data-widget_type=\"text-editor.default\">\n\t\t\t\t<div class=\"elementor-widget-container\">\n\t\t\t\t\t\t\t\t\t<p align=\"left\"><span style=\"font-size: medium;\"><strong>Para una plantilla que se ha dejado la piel durante tantos<\/strong> a\u00f1os convirtiendo a Schneider Gri\u00f1\u00f3n en un referente del tejido industrial del sur de Madrid es muy dif\u00edcil entender los motivos que llevan a la multinacional a paralizar su actividad y <strong>destruir sus puestos de trabajo<\/strong>. \u201c<em>\u00bfQu\u00e9 le dir\u00eda a los responsables de la empresa? Que somos gente muy implicada, muy profesional. Que sean m\u00e1s humanos, m\u00e1s humildes. <strong>Les hemos sacado el trabajo hasta el \u00faltimo momento. Nos hemos implicado al 100%.<\/strong> Y que nos est\u00e9n haciendo esto. No se entiende<\/em>\u201d, relata Laura sin poder contener las l\u00e1grimas de rabia. <\/span><\/p><p align=\"left\">\u201c<span style=\"font-size: medium;\"><em><strong>No es justo lo que est\u00e1n haciendo<\/strong>. Aqu\u00ed hay potencial para poder sacar la producci\u00f3n que nos han ido trayendo todos los a\u00f1os. Han sido trabajos especiales, todo tipo de trabajo que les hemos sacado y al final son muchos a\u00f1os, mucha experiencia y estamos preparados para lo que sea<\/em>\u201d, a\u00f1ade Pedro.<\/span><\/p>\t\t\t\t\t\t\t\t<\/div>\n\t\t\t\t<\/div>\n\t\t\t\t\t<\/div>\n\t\t<\/div>\n\t\t\t\t\t<\/div>\n\t\t<\/section>\n\t\t\t\t\t<\/div>\n\t\t<\/div>\n\t\t\t\t\t<\/div>\n\t\t<\/section>\n\t\t\t\t<section class=\"elementor-section elementor-top-section elementor-element elementor-element-d5a1777 elementor-section-boxed elementor-section-height-default elementor-section-height-default\" data-id=\"d5a1777\" data-element_type=\"section\">\n\t\t\t\t\t\t<div class=\"elementor-container elementor-column-gap-default\">\n\t\t\t\t\t<div class=\"elementor-column elementor-col-100 elementor-top-column elementor-element elementor-element-0c004ed\" data-id=\"0c004ed\" data-element_type=\"column\">\n\t\t\t<div class=\"elementor-widget-wrap elementor-element-populated\">\n\t\t\t\t\t\t<div class=\"elementor-element elementor-element-9664f09 elementor-widget elementor-widget-text-editor\" data-id=\"9664f09\" data-element_type=\"widget\" data-widget_type=\"text-editor.default\">\n\t\t\t\t<div class=\"elementor-widget-container\">\n\t\t\t\t\t\t\t\t\t<p align=\"left\"><span style=\"font-size: medium;\">Dos meses despu\u00e9s del fat\u00eddico anuncio las negociaciones del expediente de regulaci\u00f3n de empleo de Schneider Gri\u00f1\u00f3n est\u00e1n en el ecuador, pero <strong>la lucha contin\u00faa y continuar\u00e1\u2026<\/strong>hasta el \u00faltimo minuto. <\/span> \u201c<span style=\"font-size: medium;\"><em>Vamos a seguir pele\u00e1ndonos para intentar mantener la actividad aqu\u00ed en este a\u00f1o y medio. Creo que se puede revertir, vamos a seguir luchando para que comprendan que Schneider se tiene que quedar y estoy sinceramente convencido que lo vamos a conseguir<\/em>\u201d, afirma rotundo C\u00e9sar Serrano. <\/span><\/p>\t\t\t\t\t\t\t\t<\/div>\n\t\t\t\t<\/div>\n\t\t\t\t\t<\/div>\n\t\t<\/div>\n\t\t\t\t\t<\/div>\n\t\t<\/section>\n\t\t\t\t<section class=\"elementor-section elementor-top-section elementor-element elementor-element-ff6eb23 elementor-section-boxed elementor-section-height-default elementor-section-height-default\" data-id=\"ff6eb23\" data-element_type=\"section\">\n\t\t\t\t\t\t<div class=\"elementor-container elementor-column-gap-default\">\n\t\t\t\t\t<div class=\"elementor-column elementor-col-100 elementor-top-column elementor-element elementor-element-8273b07\" data-id=\"8273b07\" data-element_type=\"column\">\n\t\t\t<div class=\"elementor-widget-wrap elementor-element-populated\">\n\t\t\t\t\t\t<div class=\"elementor-element elementor-element-0469060 elementor-widget elementor-widget-image\" data-id=\"0469060\" data-element_type=\"widget\" data-widget_type=\"image.default\">\n\t\t\t\t<div class=\"elementor-widget-container\">\n\t\t\t\t\t\t\t\t\t\t\t\t<figure class=\"wp-caption\">\n\t\t\t\t\t\t\t\t\t\t<img decoding=\"async\" width=\"1024\" height=\"682\" src=\"https:\/\/madridsindical.es\/archivo\/wp-content\/uploads\/2024\/02\/003IMG_6798-1024x682.jpg\" class=\"attachment-large size-large wp-image-4075\" alt=\"\" srcset=\"https:\/\/madridsindical.es\/archivo\/wp-content\/uploads\/2024\/02\/003IMG_6798-1024x682.jpg 1024w, https:\/\/madridsindical.es\/archivo\/wp-content\/uploads\/2024\/02\/003IMG_6798-300x200.jpg 300w, https:\/\/madridsindical.es\/archivo\/wp-content\/uploads\/2024\/02\/003IMG_6798-768x512.jpg 768w, https:\/\/madridsindical.es\/archivo\/wp-content\/uploads\/2024\/02\/003IMG_6798-1536x1024.jpg 1536w, https:\/\/madridsindical.es\/archivo\/wp-content\/uploads\/2024\/02\/003IMG_6798-465x310.jpg 465w, https:\/\/madridsindical.es\/archivo\/wp-content\/uploads\/2024\/02\/003IMG_6798-695x463.jpg 695w, https:\/\/madridsindical.es\/archivo\/wp-content\/uploads\/2024\/02\/003IMG_6798.jpg 2000w\" sizes=\"(max-width: 1024px) 100vw, 1024px\" \/>\t\t\t\t\t\t\t\t\t\t\t<figcaption class=\"widget-image-caption wp-caption-text\">Protesta de la plantilla de Schneider Gri\u00f1\u00f3n frente al Ministerio de Industria en 2022<\/figcaption>\n\t\t\t\t\t\t\t\t\t\t<\/figure>\n\t\t\t\t\t\t\t\t\t<\/div>\n\t\t\t\t<\/div>\n\t\t\t\t\t<\/div>\n\t\t<\/div>\n\t\t\t\t\t<\/div>\n\t\t<\/section>\n\t\t\t\t<section class=\"elementor-section elementor-top-section elementor-element elementor-element-2a5de82 elementor-section-boxed elementor-section-height-default elementor-section-height-default\" data-id=\"2a5de82\" data-element_type=\"section\">\n\t\t\t\t\t\t<div class=\"elementor-container elementor-column-gap-default\">\n\t\t\t\t\t<div class=\"elementor-column elementor-col-100 elementor-top-column elementor-element elementor-element-f14c8ce\" data-id=\"f14c8ce\" data-element_type=\"column\">\n\t\t\t<div class=\"elementor-widget-wrap elementor-element-populated\">\n\t\t\t\t\t\t<div class=\"elementor-element elementor-element-db57240 elementor-widget elementor-widget-heading\" data-id=\"db57240\" data-element_type=\"widget\" data-widget_type=\"heading.default\">\n\t\t\t\t<div class=\"elementor-widget-container\">\n\t\t\t\t\t<h2 class=\"elementor-heading-title elementor-size-default\">Revertir la situaci\u00f3n <\/h2>\t\t\t\t<\/div>\n\t\t\t\t<\/div>\n\t\t\t\t\t<\/div>\n\t\t<\/div>\n\t\t\t\t\t<\/div>\n\t\t<\/section>\n\t\t\t\t<section class=\"elementor-section elementor-top-section elementor-element elementor-element-fd7f9cd elementor-section-boxed elementor-section-height-default elementor-section-height-default\" data-id=\"fd7f9cd\" data-element_type=\"section\">\n\t\t\t\t\t\t<div class=\"elementor-container elementor-column-gap-default\">\n\t\t\t\t\t<div class=\"elementor-column elementor-col-100 elementor-top-column elementor-element elementor-element-8d14a47\" data-id=\"8d14a47\" data-element_type=\"column\">\n\t\t\t<div class=\"elementor-widget-wrap elementor-element-populated\">\n\t\t\t\t\t\t<div class=\"elementor-element elementor-element-84aaa9e elementor-widget elementor-widget-text-editor\" data-id=\"84aaa9e\" data-element_type=\"widget\" data-widget_type=\"text-editor.default\">\n\t\t\t\t<div class=\"elementor-widget-container\">\n\t\t\t\t\t\t\t\t\t<p align=\"left\"><span style=\"font-size: medium;\">Pocas empresas han reflejado como Schneider el <strong>esp\u00edritu de lucha sin fisuras y la cohesi\u00f3n inquebrantable de una plantilla<\/strong> decidida a defender hasta el final sus puestos de trabajo. <strong>La factor\u00eda de Gri\u00f1\u00f3n es el mejor ejemplo de la necesidad de la lucha sindical para hacer frente a las pol\u00edticas neoliberales<\/strong> y es espejo para trabajadores y trabajadoras que hoy en d\u00eda no bajan la guardia ante el acoso de los poderes econ\u00f3micos y pol\u00edticos. Porque en Gri\u00f1\u00f3n no solo se pelea por salvaguardar cientos de puestos de trabajo, <strong>hay mucho m\u00e1s en juego. <\/strong><\/span><\/p>\t\t\t\t\t\t\t\t<\/div>\n\t\t\t\t<\/div>\n\t\t\t\t\t<\/div>\n\t\t<\/div>\n\t\t\t\t\t<\/div>\n\t\t<\/section>\n\t\t\t\t<section class=\"elementor-section elementor-top-section elementor-element elementor-element-3dcd5d9 elementor-section-boxed elementor-section-height-default elementor-section-height-default\" data-id=\"3dcd5d9\" data-element_type=\"section\">\n\t\t\t\t\t\t<div class=\"elementor-container elementor-column-gap-default\">\n\t\t\t\t\t<div class=\"elementor-column elementor-col-100 elementor-top-column elementor-element elementor-element-599074d\" data-id=\"599074d\" data-element_type=\"column\">\n\t\t\t<div class=\"elementor-widget-wrap elementor-element-populated\">\n\t\t\t\t\t\t<section class=\"elementor-section elementor-inner-section elementor-element elementor-element-7bf2183 elementor-section-boxed elementor-section-height-default elementor-section-height-default\" data-id=\"7bf2183\" data-element_type=\"section\">\n\t\t\t\t\t\t<div class=\"elementor-container elementor-column-gap-default\">\n\t\t\t\t\t<div class=\"elementor-column elementor-col-50 elementor-inner-column elementor-element elementor-element-2bf9f21\" data-id=\"2bf9f21\" data-element_type=\"column\">\n\t\t\t<div class=\"elementor-widget-wrap elementor-element-populated\">\n\t\t\t\t\t\t<div class=\"elementor-element elementor-element-40f4b82 elementor-widget elementor-widget-heading\" data-id=\"40f4b82\" data-element_type=\"widget\" data-widget_type=\"heading.default\">\n\t\t\t\t<div class=\"elementor-widget-container\">\n\t\t\t\t\t<h2 class=\"elementor-heading-title elementor-size-default\">\u201cLa Comunidad de Madrid no tiene un plan industrial y eso favorece la impunidad de las empresas\u201d <\/h2>\t\t\t\t<\/div>\n\t\t\t\t<\/div>\n\t\t\t\t\t<\/div>\n\t\t<\/div>\n\t\t\t\t<div class=\"elementor-column elementor-col-50 elementor-inner-column elementor-element elementor-element-5cf7346\" data-id=\"5cf7346\" data-element_type=\"column\">\n\t\t\t<div class=\"elementor-widget-wrap elementor-element-populated\">\n\t\t\t\t\t\t<div class=\"elementor-element elementor-element-8ccc432 elementor-widget elementor-widget-text-editor\" data-id=\"8ccc432\" data-element_type=\"widget\" data-widget_type=\"text-editor.default\">\n\t\t\t\t<div class=\"elementor-widget-container\">\n\t\t\t\t\t\t\t\t\t<p>\u201c<span style=\"font-size: medium;\"><em>Aqu\u00ed hay varias variables que van m\u00e1s all\u00e1 de lo que puede suponer el cierre de una planta. La m\u00e1s directa es la parte geogr\u00e1fica, porque estamos hablando del sur del sur de Madrid. No solamente hay un <strong>desequilibrio territorial entre el norte y el sur en la Comunidad de Madrid<\/strong>, sino que tiene que ver tambi\u00e9n con que dentro del sur de Madrid Gri\u00f1\u00f3n no tiene ning\u00fan tipo de actividad industrial<\/em>\u201d, asegura <strong>Eduardo Ant\u00f3n, secretario general de la Federaci\u00f3n de Industria de CCOO Madrid.\u00a0<\/strong><\/span><\/p><p><span style=\"font-size: medium;\">El desmantelamiento de la planta de Gri\u00f1\u00f3n <strong>puede ocasionar un demoledor efecto en cadena<\/strong> <strong>sobre las m\u00e1s de 30 empresas auxiliares<\/strong> que se nutren del trabajo de la factor\u00eda de Schneider. Como advierte Ant\u00f3n, lo que se dirime en este momento es el modelo econ\u00f3mico e industrial de la Comunidad de Madrid y su encaje en el marco estatal.\u00a0<\/span><\/p>\t\t\t\t\t\t\t\t<\/div>\n\t\t\t\t<\/div>\n\t\t\t\t\t<\/div>\n\t\t<\/div>\n\t\t\t\t\t<\/div>\n\t\t<\/section>\n\t\t\t\t\t<\/div>\n\t\t<\/div>\n\t\t\t\t\t<\/div>\n\t\t<\/section>\n\t\t\t\t<section class=\"elementor-section elementor-top-section elementor-element elementor-element-7d62337 elementor-section-boxed elementor-section-height-default elementor-section-height-default\" data-id=\"7d62337\" data-element_type=\"section\">\n\t\t\t\t\t\t<div class=\"elementor-container elementor-column-gap-default\">\n\t\t\t\t\t<div class=\"elementor-column elementor-col-100 elementor-top-column elementor-element elementor-element-c24da93\" data-id=\"c24da93\" data-element_type=\"column\">\n\t\t\t<div class=\"elementor-widget-wrap elementor-element-populated\">\n\t\t\t\t\t\t<div class=\"elementor-element elementor-element-f29f489 elementor-widget elementor-widget-text-editor\" data-id=\"f29f489\" data-element_type=\"widget\" data-widget_type=\"text-editor.default\">\n\t\t\t\t<div class=\"elementor-widget-container\">\n\t\t\t\t\t\t\t\t\t<p align=\"left\"><span style=\"font-size: medium;\"><strong>El gobierno regional carece de un proyecto industrial para Madrid<\/strong>, lo que favorece y fomenta la <strong>impunidad de las grandes multinacionales<\/strong> que, sin control alguno, cierran empresas solventes amparadas en oscuras decisiones geoestrat\u00e9gicas. \u201c<em>Las empresas deber\u00edan de tener, como ocurre en otros pa\u00edses europeos, un compromiso de qu\u00e9 se hace con las plantillas y con los terrenos que se dejan de utilizar por una decisi\u00f3n pol\u00edtica<\/em>\u201d, afirma Ant\u00f3n.<\/span><\/p><p align=\"left\"><span style=\"font-size: medium;\"><strong>La salida de Schneider de nuestra regi\u00f3n responde a una voluntad pol\u00edtica<\/strong>. Cuando hablamos de defender el tejido industrial pa\u00edses como Francia o Alemania tienen una posici\u00f3n mucho m\u00e1s firme que el gobierno espa\u00f1ol o el ejecutivo madrile\u00f1o en particular, donde resulta m\u00e1s f\u00e1cil eludir responsabilidades. Adem\u00e1s, no son pocos los que ven en la <strong>maniobra de la multinacional francesa un intento de castigar a un centro \u201c<em>muy combativo, muy reivindicativo, uno de los mejor organizados a nivel sindical del pa\u00eds<\/em>\u201d<\/strong>, sostiene el secretario general de la Federaci\u00f3n de Industria. <\/span><\/p>\t\t\t\t\t\t\t\t<\/div>\n\t\t\t\t<\/div>\n\t\t\t\t\t<\/div>\n\t\t<\/div>\n\t\t\t\t\t<\/div>\n\t\t<\/section>\n\t\t\t\t<section class=\"elementor-section elementor-top-section elementor-element elementor-element-471661a elementor-section-boxed elementor-section-height-default elementor-section-height-default\" data-id=\"471661a\" data-element_type=\"section\">\n\t\t\t\t\t\t<div class=\"elementor-container elementor-column-gap-default\">\n\t\t\t\t\t<div class=\"elementor-column elementor-col-100 elementor-top-column elementor-element elementor-element-a09ba5f\" data-id=\"a09ba5f\" data-element_type=\"column\">\n\t\t\t<div class=\"elementor-widget-wrap elementor-element-populated\">\n\t\t\t\t\t\t<section class=\"elementor-section elementor-inner-section elementor-element elementor-element-3af76db elementor-section-boxed elementor-section-height-default elementor-section-height-default\" data-id=\"3af76db\" data-element_type=\"section\">\n\t\t\t\t\t\t<div class=\"elementor-container elementor-column-gap-default\">\n\t\t\t\t\t<div class=\"elementor-column elementor-col-50 elementor-inner-column elementor-element elementor-element-722587d\" data-id=\"722587d\" data-element_type=\"column\">\n\t\t\t<div class=\"elementor-widget-wrap elementor-element-populated\">\n\t\t\t\t\t\t<div class=\"elementor-element elementor-element-9a6361a elementor-widget elementor-widget-heading\" data-id=\"9a6361a\" data-element_type=\"widget\" data-widget_type=\"heading.default\">\n\t\t\t\t<div class=\"elementor-widget-container\">\n\t\t\t\t\t<h2 class=\"elementor-heading-title elementor-size-default\">\u201cMientras haya una posibilidad de que la empresa revierta su decisi\u00f3n vamos a ir a por ella\u201d <\/h2>\t\t\t\t<\/div>\n\t\t\t\t<\/div>\n\t\t\t\t\t<\/div>\n\t\t<\/div>\n\t\t\t\t<div class=\"elementor-column elementor-col-50 elementor-inner-column elementor-element elementor-element-44768f5\" data-id=\"44768f5\" data-element_type=\"column\">\n\t\t\t<div class=\"elementor-widget-wrap elementor-element-populated\">\n\t\t\t\t\t\t<div class=\"elementor-element elementor-element-4a6f1b2 elementor-widget elementor-widget-text-editor\" data-id=\"4a6f1b2\" data-element_type=\"widget\" data-widget_type=\"text-editor.default\">\n\t\t\t\t<div class=\"elementor-widget-container\">\n\t\t\t\t\t\t\t\t\t<p><span style=\"font-size: medium;\"><strong>Comisiones Obreras apuesta por \u201cexplorar\u201d todas las opciones existentes de que la firma francesa reconsidere su pol\u00edtica.<\/strong> \u201c<em>Creemos que existe una posibilidad de que la empresa revierta su decisi\u00f3n, vamos a apostar por ella y vamos a revertirla. Y se puede. Estamos en un momento en que la transformaci\u00f3n hacia la electrificaci\u00f3n del autom\u00f3vil puede provocar que haya un mercado de electrolineras en el que Schneider Gri\u00f1\u00f3n puede encajar perfectamente<\/em>\u201d, explica Ant\u00f3n.<\/span><\/p>\t\t\t\t\t\t\t\t<\/div>\n\t\t\t\t<\/div>\n\t\t\t\t\t<\/div>\n\t\t<\/div>\n\t\t\t\t\t<\/div>\n\t\t<\/section>\n\t\t\t\t\t<\/div>\n\t\t<\/div>\n\t\t\t\t\t<\/div>\n\t\t<\/section>\n\t\t\t\t<section class=\"elementor-section elementor-top-section elementor-element elementor-element-adfd29b elementor-section-boxed elementor-section-height-default elementor-section-height-default\" data-id=\"adfd29b\" data-element_type=\"section\">\n\t\t\t\t\t\t<div class=\"elementor-container elementor-column-gap-default\">\n\t\t\t\t\t<div class=\"elementor-column elementor-col-100 elementor-top-column elementor-element elementor-element-b9cbcab\" data-id=\"b9cbcab\" data-element_type=\"column\">\n\t\t\t<div class=\"elementor-widget-wrap elementor-element-populated\">\n\t\t\t\t\t\t<div class=\"elementor-element elementor-element-a72d436 elementor-widget elementor-widget-text-editor\" data-id=\"a72d436\" data-element_type=\"widget\" data-widget_type=\"text-editor.default\">\n\t\t\t\t<div class=\"elementor-widget-container\">\n\t\t\t\t\t\t\t\t\t<p align=\"left\"><span style=\"font-size: medium;\">En el caso de que la decisi\u00f3n de la multinacional francesa sea irrevocable Comisiones Obreras exige una <strong>apuesta decidida por la reindustrializaci\u00f3n<\/strong> de los terrenos, por la consolidaci\u00f3n del tejido industrial en esas mismas instalaciones y, por encima de todo, asegurar el futuro laboral de los trabajadores y trabajadores de Gri\u00f1\u00f3n. \u201c<strong><em>Nuestra prioridad es absoluta: la inserci\u00f3n laboral de la plantilla en perfiles similares y en un anclaje territorial cercano<\/em><\/strong>\u201d, afirma el secretario general de la Federaci\u00f3n de Industria de CCOO de Madrid. <\/span><\/p><p align=\"left\">\u201c<span style=\"font-size: medium;\"><strong><em>Por encima de cualquier cosa tenemos que defender nuestra actividad y nuestros puestos de trabajo. Y el futuro de la regi\u00f3n, el futuro del sur de Madrid, el futuro de un cambio de modelo industrial y energ\u00e9tico que necesita la regi\u00f3n<\/em><\/strong>\u201d, concluye C\u00e9sar Serrano. <\/span><\/p><p align=\"left\"><strong><span style=\"font-size: medium;\">Dos a\u00f1os despu\u00e9s, Schneider Gri\u00f1\u00f3n resiste. <\/span><\/strong><\/p>\t\t\t\t\t\t\t\t<\/div>\n\t\t\t\t<\/div>\n\t\t\t\t\t<\/div>\n\t\t<\/div>\n\t\t\t\t\t<\/div>\n\t\t<\/section>\n\t\t\t\t<section class=\"elementor-section elementor-top-section elementor-element elementor-element-4c5dff1 elementor-section-boxed elementor-section-height-default elementor-section-height-default\" data-id=\"4c5dff1\" data-element_type=\"section\">\n\t\t\t\t\t\t<div class=\"elementor-container elementor-column-gap-default\">\n\t\t\t\t\t<div class=\"elementor-column elementor-col-100 elementor-top-column elementor-element elementor-element-de26711\" data-id=\"de26711\" data-element_type=\"column\">\n\t\t\t<div class=\"elementor-widget-wrap elementor-element-populated\">\n\t\t\t\t\t\t<div class=\"elementor-element elementor-element-17a208f elementor-widget elementor-widget-image\" data-id=\"17a208f\" data-element_type=\"widget\" data-widget_type=\"image.default\">\n\t\t\t\t<div class=\"elementor-widget-container\">\n\t\t\t\t\t\t\t\t\t\t\t\t<figure class=\"wp-caption\">\n\t\t\t\t\t\t\t\t\t\t<img loading=\"lazy\" decoding=\"async\" width=\"1024\" height=\"682\" src=\"https:\/\/madridsindical.es\/archivo\/wp-content\/uploads\/2024\/02\/006IMG_4993-1024x682.jpg\" class=\"attachment-large size-large wp-image-4076\" alt=\"\" srcset=\"https:\/\/madridsindical.es\/archivo\/wp-content\/uploads\/2024\/02\/006IMG_4993-1024x682.jpg 1024w, https:\/\/madridsindical.es\/archivo\/wp-content\/uploads\/2024\/02\/006IMG_4993-300x200.jpg 300w, https:\/\/madridsindical.es\/archivo\/wp-content\/uploads\/2024\/02\/006IMG_4993-768x512.jpg 768w, https:\/\/madridsindical.es\/archivo\/wp-content\/uploads\/2024\/02\/006IMG_4993-1536x1024.jpg 1536w, https:\/\/madridsindical.es\/archivo\/wp-content\/uploads\/2024\/02\/006IMG_4993-465x310.jpg 465w, https:\/\/madridsindical.es\/archivo\/wp-content\/uploads\/2024\/02\/006IMG_4993-695x463.jpg 695w, https:\/\/madridsindical.es\/archivo\/wp-content\/uploads\/2024\/02\/006IMG_4993.jpg 2000w\" sizes=\"(max-width: 1024px) 100vw, 1024px\" \/>\t\t\t\t\t\t\t\t\t\t\t<figcaption class=\"widget-image-caption wp-caption-text\">Protesta de la plantilla de Schneider Gri\u00f1\u00f3n frente al Congreso de los Diputados en 2022<\/figcaption>\n\t\t\t\t\t\t\t\t\t\t<\/figure>\n\t\t\t\t\t\t\t\t\t<\/div>\n\t\t\t\t<\/div>\n\t\t\t\t\t<\/div>\n\t\t<\/div>\n\t\t\t\t\t<\/div>\n\t\t<\/section>\n\t\t\t\t<\/div>\n\t\t","protected":false},"excerpt":{"rendered":"<p>Schneider Gri\u00f1\u00f3n, luchar hasta el \u00faltimo minuto Despu\u00e9s de dos a\u00f1os de lucha la plantilla de Schneider se ha convertido en un referente de cohesi\u00f3n y compromiso sindical. Amenazados por el cierre de la f\u00e1brica no solo pelean por sus puestos de trabajo. Tambi\u00e9n para defender la industria del sur de Madrid frente al acoso de las pol\u00edticas neoliberales y las deslocalizaciones. Direcci\u00f3n: Luis Lombardo. Texto: Eduardo Mesa.\u00a0 V\u00eddeo: Fran Lorente, Javier Barrio. Fotos: Fran<span class=\"more-link\"><a href=\"https:\/\/madridsindical.es\/archivo\/2024\/02\/19\/la-lucha-de-la-plantilla-de-schneider-grinon\/\">Contin\u00faa leyendo<\/a><\/span><\/p>\n","protected":false},"author":1,"featured_media":4073,"comment_status":"closed","ping_status":"closed","sticky":false,"template":"","format":"standard","meta":{"footnotes":""},"categories":[25],"tags":[47],"class_list":["entry","author-madridsindical","post-4069","post","type-post","status-publish","format-standard","has-post-thumbnail","category-actualidad","tag-archivo"],"aioseo_notices":[],"_links":{"self":[{"href":"https:\/\/madridsindical.es\/archivo\/wp-json\/wp\/v2\/posts\/4069","targetHints":{"allow":["GET"]}}],"collection":[{"href":"https:\/\/madridsindical.es\/archivo\/wp-json\/wp\/v2\/posts"}],"about":[{"href":"https:\/\/madridsindical.es\/archivo\/wp-json\/wp\/v2\/types\/post"}],"author":[{"embeddable":true,"href":"https:\/\/madridsindical.es\/archivo\/wp-json\/wp\/v2\/users\/1"}],"replies":[{"embeddable":true,"href":"https:\/\/madridsindical.es\/archivo\/wp-json\/wp\/v2\/comments?post=4069"}],"version-history":[{"count":26,"href":"https:\/\/madridsindical.es\/archivo\/wp-json\/wp\/v2\/posts\/4069\/revisions"}],"predecessor-version":[{"id":4167,"href":"https:\/\/madridsindical.es\/archivo\/wp-json\/wp\/v2\/posts\/4069\/revisions\/4167"}],"wp:featuredmedia":[{"embeddable":true,"href":"https:\/\/madridsindical.es\/archivo\/wp-json\/wp\/v2\/media\/4073"}],"wp:attachment":[{"href":"https:\/\/madridsindical.es\/archivo\/wp-json\/wp\/v2\/media?parent=4069"}],"wp:term":[{"taxonomy":"category","embeddable":true,"href":"https:\/\/madridsindical.es\/archivo\/wp-json\/wp\/v2\/categories?post=4069"},{"taxonomy":"post_tag","embeddable":true,"href":"https:\/\/madridsindical.es\/archivo\/wp-json\/wp\/v2\/tags?post=4069"}],"curies":[{"name":"wp","href":"https:\/\/api.w.org\/{rel}","templated":true}]}}