{"id":3928,"date":"2023-12-09T20:24:38","date_gmt":"2023-12-09T20:24:38","guid":{"rendered":"https:\/\/madridsindical.es\/archivo\/?p=3928"},"modified":"2025-11-06T10:49:23","modified_gmt":"2025-11-06T10:49:23","slug":"entrevista-a-miguel-rogel-montenegro-director-de-la-comision-de-derechos-humanos-de-el-salvador-cdhes","status":"publish","type":"post","link":"https:\/\/madridsindical.es\/archivo\/2023\/12\/09\/entrevista-a-miguel-rogel-montenegro-director-de-la-comision-de-derechos-humanos-de-el-salvador-cdhes\/","title":{"rendered":"Entrevista a Miguel Rogel Montenegro, director de la Comisi\u00f3n de Derechos Humanos de El Salvador (CDHES)"},"content":{"rendered":"\t\t<div data-elementor-type=\"wp-post\" data-elementor-id=\"3928\" class=\"elementor elementor-3928\">\n\t\t\t\t\t\t<section class=\"elementor-section elementor-top-section elementor-element elementor-element-c36fdad elementor-section-boxed elementor-section-height-default elementor-section-height-default\" data-id=\"c36fdad\" data-element_type=\"section\">\n\t\t\t\t\t\t<div class=\"elementor-container elementor-column-gap-default\">\n\t\t\t\t\t<div class=\"elementor-column elementor-col-100 elementor-top-column elementor-element elementor-element-7185ece\" data-id=\"7185ece\" data-element_type=\"column\">\n\t\t\t<div class=\"elementor-widget-wrap elementor-element-populated\">\n\t\t\t\t\t\t<div class=\"elementor-element elementor-element-b97a8c1 elementor-widget elementor-widget-heading\" data-id=\"b97a8c1\" data-element_type=\"widget\" data-widget_type=\"heading.default\">\n\t\t\t\t<div class=\"elementor-widget-container\">\n\t\t\t\t\t<h2 class=\"elementor-heading-title elementor-size-large\">\u201cDoy gracias a la vida por estar vivo y poder seguir luchando por los derechos humanos de mi pa\u00eds\u201d\n<\/h2>\t\t\t\t<\/div>\n\t\t\t\t<\/div>\n\t\t\t\t\t<\/div>\n\t\t<\/div>\n\t\t\t\t\t<\/div>\n\t\t<\/section>\n\t\t\t\t<section class=\"elementor-section elementor-top-section elementor-element elementor-element-7ae9afc elementor-section-boxed elementor-section-height-default elementor-section-height-default\" data-id=\"7ae9afc\" data-element_type=\"section\">\n\t\t\t\t\t\t<div class=\"elementor-container elementor-column-gap-default\">\n\t\t\t\t\t<div class=\"elementor-column elementor-col-100 elementor-top-column elementor-element elementor-element-621ec67\" data-id=\"621ec67\" data-element_type=\"column\">\n\t\t\t<div class=\"elementor-widget-wrap elementor-element-populated\">\n\t\t\t\t\t\t<div class=\"elementor-element elementor-element-f27c23d elementor-widget elementor-widget-text-editor\" data-id=\"f27c23d\" data-element_type=\"widget\" data-widget_type=\"text-editor.default\">\n\t\t\t\t<div class=\"elementor-widget-container\">\n\t\t\t\t\t\t\t\t\t<p><span style=\"font-weight: 400;\">Tras la celebraci\u00f3n del <strong>D\u00eda de los Derechos Humanos<\/strong>, hemos conversado con <strong>Miguel Rogel Montenegro<\/strong>, director de la <\/span><b>Comisi\u00f3n de Derechos Humanos de El Salvador<\/b> <b>(CDHES)<\/b><span style=\"font-weight: 400;\">, el cual nos ha contextualizado la situaci\u00f3n pol\u00edtica y social de su pa\u00eds en materia de derechos fundamentales.<\/span><\/p>\t\t\t\t\t\t\t\t<\/div>\n\t\t\t\t<\/div>\n\t\t\t\t\t<\/div>\n\t\t<\/div>\n\t\t\t\t\t<\/div>\n\t\t<\/section>\n\t\t\t\t<section class=\"elementor-section elementor-top-section elementor-element elementor-element-1372de7 elementor-section-boxed elementor-section-height-default elementor-section-height-default\" data-id=\"1372de7\" data-element_type=\"section\">\n\t\t\t\t\t\t<div class=\"elementor-container elementor-column-gap-default\">\n\t\t\t\t\t<div class=\"elementor-column elementor-col-100 elementor-top-column elementor-element elementor-element-d3f79a3\" data-id=\"d3f79a3\" data-element_type=\"column\">\n\t\t\t<div class=\"elementor-widget-wrap elementor-element-populated\">\n\t\t\t\t\t\t<div class=\"elementor-element elementor-element-7fa4d37 elementor-widget elementor-widget-text-editor\" data-id=\"7fa4d37\" data-element_type=\"widget\" data-widget_type=\"text-editor.default\">\n\t\t\t\t<div class=\"elementor-widget-container\">\n\t\t\t\t\t\t\t\t\t<p><b>Direcci\u00f3n: <a href=\"https:\/\/twitter.com\/lm_lombardo\" target=\"_blank\" rel=\"noopener\">Luis Lombardo.<\/a> Texto: <a href=\"https:\/\/twitter.com\/inma_croft\">Inmaculada Mart\u00ednez<\/a>.\u00a0 Fotos y v\u00eddeo: <a href=\"https:\/\/twitter.com\/frlorente\" target=\"_blank\" rel=\"noopener\">Fran Lorente. <\/a><\/b><strong>Montaje y edici\u00f3n v\u00eddeo:\u00a0<a style=\"background-color: #ffffff;\" href=\"https:\/\/twitter.com\/edumesaleiva\" target=\"_blank\" rel=\"noopener\">Edu Mesa<\/a><\/strong><\/p>\t\t\t\t\t\t\t\t<\/div>\n\t\t\t\t<\/div>\n\t\t\t\t\t<\/div>\n\t\t<\/div>\n\t\t\t\t\t<\/div>\n\t\t<\/section>\n\t\t\t\t<section class=\"elementor-section elementor-top-section elementor-element elementor-element-38d3fb3 elementor-section-boxed elementor-section-height-default elementor-section-height-default\" data-id=\"38d3fb3\" data-element_type=\"section\">\n\t\t\t\t\t\t<div class=\"elementor-container elementor-column-gap-default\">\n\t\t\t\t\t<div class=\"elementor-column elementor-col-100 elementor-top-column elementor-element elementor-element-c501e2b\" data-id=\"c501e2b\" data-element_type=\"column\">\n\t\t\t<div class=\"elementor-widget-wrap elementor-element-populated\">\n\t\t\t\t\t\t<section class=\"elementor-section elementor-inner-section elementor-element elementor-element-7323811 elementor-section-boxed elementor-section-height-default elementor-section-height-default\" data-id=\"7323811\" data-element_type=\"section\">\n\t\t\t\t\t\t<div class=\"elementor-container elementor-column-gap-default\">\n\t\t\t\t\t<div class=\"elementor-column elementor-col-50 elementor-inner-column elementor-element elementor-element-86dac86\" data-id=\"86dac86\" data-element_type=\"column\">\n\t\t\t<div class=\"elementor-widget-wrap elementor-element-populated\">\n\t\t\t\t\t\t<div class=\"elementor-element elementor-element-c066946 elementor-view-default elementor-position-top elementor-mobile-position-top elementor-widget elementor-widget-icon-box\" data-id=\"c066946\" data-element_type=\"widget\" data-widget_type=\"icon-box.default\">\n\t\t\t\t<div class=\"elementor-widget-container\">\n\t\t\t\t\t\t\t<div class=\"elementor-icon-box-wrapper\">\n\n\t\t\t\t\t\t<div class=\"elementor-icon-box-icon\">\n\t\t\t\t<a href=\"https:\/\/www.youtube.com\/watch?v=IrYQmTKtkNs\" target=\"_blank\" class=\"elementor-icon\" tabindex=\"-1\" aria-label=\"Entrevista a Miguel Rogel Montenegro, director de la Comisi\u00f3n de Derechos Humanos de El Salvador\">\n\t\t\t\t<i aria-hidden=\"true\" class=\"fab fa-youtube-square\"><\/i>\t\t\t\t<\/a>\n\t\t\t<\/div>\n\t\t\t\n\t\t\t\t\t\t<div class=\"elementor-icon-box-content\">\n\n\t\t\t\t\t\t\t\t\t<h3 class=\"elementor-icon-box-title\">\n\t\t\t\t\t\t<a href=\"https:\/\/www.youtube.com\/watch?v=IrYQmTKtkNs\" target=\"_blank\" >\n\t\t\t\t\t\t\tEntrevista a Miguel Rogel Montenegro, director de la Comisi\u00f3n de Derechos Humanos de El Salvador\t\t\t\t\t\t<\/a>\n\t\t\t\t\t<\/h3>\n\t\t\t\t\n\t\t\t\t\n\t\t\t<\/div>\n\t\t\t\n\t\t<\/div>\n\t\t\t\t\t\t<\/div>\n\t\t\t\t<\/div>\n\t\t\t\t\t<\/div>\n\t\t<\/div>\n\t\t\t\t<div class=\"elementor-column elementor-col-50 elementor-inner-column elementor-element elementor-element-adc2e3d\" data-id=\"adc2e3d\" data-element_type=\"column\">\n\t\t\t<div class=\"elementor-widget-wrap elementor-element-populated\">\n\t\t\t\t\t\t<div class=\"elementor-element elementor-element-dcc4f76 elementor-widget elementor-widget-video\" data-id=\"dcc4f76\" data-element_type=\"widget\" data-settings=\"{&quot;youtube_url&quot;:&quot;https:\\\/\\\/www.youtube.com\\\/watch?v=IrYQmTKtkNs&quot;,&quot;video_type&quot;:&quot;youtube&quot;,&quot;controls&quot;:&quot;yes&quot;}\" data-widget_type=\"video.default\">\n\t\t\t\t<div class=\"elementor-widget-container\">\n\t\t\t\t\t\t\t<div class=\"elementor-wrapper elementor-open-inline\">\n\t\t\t<div class=\"elementor-video\"><\/div>\t\t<\/div>\n\t\t\t\t\t\t<\/div>\n\t\t\t\t<\/div>\n\t\t\t\t\t<\/div>\n\t\t<\/div>\n\t\t\t\t\t<\/div>\n\t\t<\/section>\n\t\t\t\t\t<\/div>\n\t\t<\/div>\n\t\t\t\t\t<\/div>\n\t\t<\/section>\n\t\t\t\t<section class=\"elementor-section elementor-top-section elementor-element elementor-element-e5ab371 elementor-section-boxed elementor-section-height-default elementor-section-height-default\" data-id=\"e5ab371\" data-element_type=\"section\">\n\t\t\t\t\t\t<div class=\"elementor-container elementor-column-gap-default\">\n\t\t\t\t\t<div class=\"elementor-column elementor-col-100 elementor-top-column elementor-element elementor-element-a97204b\" data-id=\"a97204b\" data-element_type=\"column\">\n\t\t\t<div class=\"elementor-widget-wrap elementor-element-populated\">\n\t\t\t\t\t\t<div class=\"elementor-element elementor-element-e340355 elementor-widget elementor-widget-text-editor\" data-id=\"e340355\" data-element_type=\"widget\" data-widget_type=\"text-editor.default\">\n\t\t\t\t<div class=\"elementor-widget-container\">\n\t\t\t\t\t\t\t\t\t<p><span style=\"font-weight: 400;\"><strong>Fiel promotor de la libertad, Miguel Montenegro<\/strong> lleva cuarenta a\u00f1os trabajando por la defensa de los derechos humanos en todo el mundo, no s\u00f3lo en el pa\u00eds centroamericano.\u00a0<\/span><\/p><p><span style=\"font-weight: 400;\">A trav\u00e9s de sus gafas, observa el mundo desde un <strong>dolor callado<\/strong> que le muerde el alma, como v\u00edctima perseguida, arrestada y torturada por visibilizar y defender la violaci\u00f3n de los derechos humanos en <strong>El Salvador<\/strong> durante 12 a\u00f1os. <\/span><i><span style=\"font-weight: 400;\">\u201c<strong>Doy gracias a la vida por estar vivo y poder seguir luchando por los derechos humanos de mi pa\u00eds<\/strong>\u201d.<\/span><\/i><b><i>\u00a0<\/i><\/b><\/p><p><span style=\"font-weight: 400;\">Montenegro no quiere m\u00e1s dolor, no quiere que el miedo vuelva a calar en los poros de la tierra y del pueblo salvadore\u00f1o. Sobre todo, no quiere olvidar ni que las nuevas generaciones olviden sus ra\u00edces, su propia identidad, el origen y la historia del pueblo al que pertenecen. <strong>No quiere que se olviden las voces ahogadas de los asesinados y desaparecidos<\/strong>. <\/span><\/p>\t\t\t\t\t\t\t\t<\/div>\n\t\t\t\t<\/div>\n\t\t\t\t\t<\/div>\n\t\t<\/div>\n\t\t\t\t\t<\/div>\n\t\t<\/section>\n\t\t\t\t<section class=\"elementor-section elementor-top-section elementor-element elementor-element-0b1d289 elementor-section-boxed elementor-section-height-default elementor-section-height-default\" data-id=\"0b1d289\" data-element_type=\"section\">\n\t\t\t\t\t\t<div class=\"elementor-container elementor-column-gap-default\">\n\t\t\t\t\t<div class=\"elementor-column elementor-col-100 elementor-top-column elementor-element elementor-element-cd9f953\" data-id=\"cd9f953\" data-element_type=\"column\">\n\t\t\t<div class=\"elementor-widget-wrap elementor-element-populated\">\n\t\t\t\t\t\t<div class=\"elementor-element elementor-element-0009038 elementor-widget elementor-widget-heading\" data-id=\"0009038\" data-element_type=\"widget\" data-widget_type=\"heading.default\">\n\t\t\t\t<div class=\"elementor-widget-container\">\n\t\t\t\t\t<h2 class=\"elementor-heading-title elementor-size-default\">Nacimiento de la Comisi\u00f3n de Derechos Humanos de El Salvador (CDHES)\n<\/h2>\t\t\t\t<\/div>\n\t\t\t\t<\/div>\n\t\t\t\t\t<\/div>\n\t\t<\/div>\n\t\t\t\t\t<\/div>\n\t\t<\/section>\n\t\t\t\t<section class=\"elementor-section elementor-top-section elementor-element elementor-element-117ad2c elementor-section-boxed elementor-section-height-default elementor-section-height-default\" data-id=\"117ad2c\" data-element_type=\"section\">\n\t\t\t\t\t\t<div class=\"elementor-container elementor-column-gap-default\">\n\t\t\t\t\t<div class=\"elementor-column elementor-col-100 elementor-top-column elementor-element elementor-element-b99e53b\" data-id=\"b99e53b\" data-element_type=\"column\">\n\t\t\t<div class=\"elementor-widget-wrap elementor-element-populated\">\n\t\t\t\t\t\t<div class=\"elementor-element elementor-element-aaa64c0 elementor-widget elementor-widget-text-editor\" data-id=\"aaa64c0\" data-element_type=\"widget\" data-widget_type=\"text-editor.default\">\n\t\t\t\t<div class=\"elementor-widget-container\">\n\t\t\t\t\t\t\t\t\t<p><span style=\"font-weight: 400;\"><strong>El pueblo salvadore\u00f1o tiene una historia cargada de violencia<\/strong> que llega a su punto \u00e1lgido en la d\u00e9cada de los 70, a\u00f1o en que se inici\u00f3 un proceso de militarizaci\u00f3n, enlazado a una herencia impuesta de gobiernos militares casados con la oligarqu\u00eda salvadore\u00f1a. El ala m\u00e1s dura del ej\u00e9rcito y estructuras paramilitares, conocidas como los <strong>Escuadrones de la Muerte<\/strong>, se hacen con el control absoluto del pa\u00eds, arrasando a su paso contra cualquier acci\u00f3n contraria al r\u00e9gimen con asesinatos y desapariciones.<\/span><\/p><p><span style=\"font-weight: 400;\">Ante la represi\u00f3n ejercida contra el pueblo salvadore\u00f1o por parte de un gobierno dirigido por militares, empiezan a surgir las primeras organizaciones defensoras de los derechos humanos. Una de ellas fue la <\/span><b>Comisi\u00f3n de Derechos Humanos de El Salvador (CDHES)<\/b><span style=\"font-weight: 400;\">. <\/span><i><span style=\"font-weight: 400;\">\u00a0\u201cLa CDHES se funda en 1978 con la idea de defender los derechos humanos de nuestro pueblo. Uno de los principales impulsores de la creaci\u00f3n de la Comisi\u00f3n fue monse\u00f1or \u00d3scar Arnulfo Romero, quien denunciaba las violaciones de los derechos humanos en sus homil\u00edas dominicales\u00bb<\/span><\/i><span style=\"font-weight: 400;\">, explica Miguel Montenegro.<\/span><\/p>\t\t\t\t\t\t\t\t<\/div>\n\t\t\t\t<\/div>\n\t\t\t\t\t<\/div>\n\t\t<\/div>\n\t\t\t\t\t<\/div>\n\t\t<\/section>\n\t\t\t\t<section class=\"elementor-section elementor-top-section elementor-element elementor-element-318757f elementor-section-boxed elementor-section-height-default elementor-section-height-default\" data-id=\"318757f\" data-element_type=\"section\">\n\t\t\t\t\t\t<div class=\"elementor-container elementor-column-gap-default\">\n\t\t\t\t\t<div class=\"elementor-column elementor-col-100 elementor-top-column elementor-element elementor-element-c9c9cd3\" data-id=\"c9c9cd3\" data-element_type=\"column\">\n\t\t\t<div class=\"elementor-widget-wrap elementor-element-populated\">\n\t\t\t\t\t\t<div class=\"elementor-element elementor-element-630ba73 elementor-widget elementor-widget-text-editor\" data-id=\"630ba73\" data-element_type=\"widget\" data-widget_type=\"text-editor.default\">\n\t\t\t\t<div class=\"elementor-widget-container\">\n\t\t\t\t\t\t\t\t\t<p><span style=\"font-weight: 400;\">Las mujeres y hombres integrantes de la Comisi\u00f3n lograron documentar hechos graves como <strong>torturas, desapariciones y masacres<\/strong> donde los cuerpos de seguridad y los Escuadrones de la Muerte ejerc\u00edan una pol\u00edtica llamada \u201c<\/span><b>tierra arrasada\u00bb<\/b><span style=\"font-weight: 400;\">,<\/span> <span style=\"font-weight: 400;\">m\u00e9todo de extermino que <strong>destruye poblaciones enteras<\/strong> donde supuestamente ten\u00eda mayor actividad la guerrilla. Un ejemplo del uso de este m\u00e9todo de exterminio fue la <strong>masacre de El Mozote<\/strong>. En la b\u00fasqueda de guerrilleros, esta poblaci\u00f3n fue arrasada por la Fuerza Armada Salvadore\u00f1a, asesinando a 978 civiles, entre ellos<\/span> <span style=\"font-weight: 400;\">553 ni\u00f1os, y 422 adultos, incluyendo a 12 mujeres embarazadas.<\/span><\/p><p><span style=\"font-weight: 400;\">Como consecuencia del trabajo de investigaci\u00f3n en el que la CDHES consigui\u00f3 documentar y condenar la violaci\u00f3n de los derechos humanos en El Salvador, <strong>empezaron las represalias<\/strong>. Sus integrantes comenzaron a sufrir la represi\u00f3n con capturas, desapariciones, asesinatos y torturas de sus miembros, entre ellos el propio Miguel Montenegro. <\/span><i><span style=\"font-weight: 400;\">\u201cHab\u00eda mucho temor. Trabaj\u00e1bamos de forma clandestina y bajo pseud\u00f3nimos. Ten\u00edamos miedo de que tomaran represalias contra nosotros y nuestras familias<\/span><\/i><span style=\"font-weight: 400;\">\u201d.<\/span><\/p><p><span style=\"font-weight: 400;\">En 1986 Montenegro fue arrestado junto a otros 5 compa\u00f1eros de la CDHES. Fueron <strong>sometidos a torturas f\u00edsicas y psicol\u00f3gicas<\/strong> en las dependencias de la Polic\u00eda de Hacienda. <\/span><\/p>\t\t\t\t\t\t\t\t<\/div>\n\t\t\t\t<\/div>\n\t\t\t\t\t<\/div>\n\t\t<\/div>\n\t\t\t\t\t<\/div>\n\t\t<\/section>\n\t\t\t\t<section class=\"elementor-section elementor-top-section elementor-element elementor-element-e4a73d3 elementor-section-boxed elementor-section-height-default elementor-section-height-default\" data-id=\"e4a73d3\" data-element_type=\"section\">\n\t\t\t\t\t\t<div class=\"elementor-container elementor-column-gap-default\">\n\t\t\t\t\t<div class=\"elementor-column elementor-col-100 elementor-top-column elementor-element elementor-element-f304521\" data-id=\"f304521\" data-element_type=\"column\">\n\t\t\t<div class=\"elementor-widget-wrap elementor-element-populated\">\n\t\t\t\t\t\t<div class=\"elementor-element elementor-element-5d75664 elementor-widget elementor-widget-text-editor\" data-id=\"5d75664\" data-element_type=\"widget\" data-widget_type=\"text-editor.default\">\n\t\t\t\t<div class=\"elementor-widget-container\">\n\t\t\t\t\t\t\t\t\t<p><span style=\"font-weight: 400;\">Posteriormente, fueron trasladados al <strong>Penal de Mariona<\/strong>, donde varios miembros de la Comisi\u00f3n se reencontraron y consiguieron entrevistar desde dentro de la c\u00e1rcel a m\u00e1s de 1.000 presos pol\u00edticos. <\/span><i><span style=\"font-weight: 400;\">\u201cConseguimos introducir en el penal, clandestinamente, una c\u00e1mara de fotos y una m\u00e1quina de escribir. Documentamos <strong>hasta 40 tipos de torturas<\/strong> que sufrimos en los cuarteles del ej\u00e9rcito aplicadas por los cuerpos de seguridad. Un compa\u00f1ero preso se encarg\u00f3 de dibujar las torturas aplicadas\u201d.\u00a0<\/span><\/i><\/p><p><span style=\"font-weight: 400;\">Tras salir del penal y una vez recopilado todo el material, publicaron el documento y lo titularon <\/span><b>\u201cLa tortura en El Salvador\u201d,<\/b><span style=\"font-weight: 400;\"> donde se demostr\u00f3 con testimonios, fotograf\u00edas e ilustraciones, que la aplicaci\u00f3n de la tortura en los cuarteles del ej\u00e9rcito salvadore\u00f1o era real.<\/span><\/p>\t\t\t\t\t\t\t\t<\/div>\n\t\t\t\t<\/div>\n\t\t\t\t\t<\/div>\n\t\t<\/div>\n\t\t\t\t\t<\/div>\n\t\t<\/section>\n\t\t\t\t<section class=\"elementor-section elementor-top-section elementor-element elementor-element-b336799 elementor-section-boxed elementor-section-height-default elementor-section-height-default\" data-id=\"b336799\" data-element_type=\"section\">\n\t\t\t\t\t\t<div class=\"elementor-container elementor-column-gap-default\">\n\t\t\t\t\t<div class=\"elementor-column elementor-col-100 elementor-top-column elementor-element elementor-element-f39cf6c\" data-id=\"f39cf6c\" data-element_type=\"column\">\n\t\t\t<div class=\"elementor-widget-wrap elementor-element-populated\">\n\t\t\t\t\t\t<div class=\"elementor-element elementor-element-fe149b7 elementor-widget elementor-widget-heading\" data-id=\"fe149b7\" data-element_type=\"widget\" data-widget_type=\"heading.default\">\n\t\t\t\t<div class=\"elementor-widget-container\">\n\t\t\t\t\t<h2 class=\"elementor-heading-title elementor-size-default\">Acuerdos de paz y ley de amnist\u00eda\n<\/h2>\t\t\t\t<\/div>\n\t\t\t\t<\/div>\n\t\t\t\t\t<\/div>\n\t\t<\/div>\n\t\t\t\t\t<\/div>\n\t\t<\/section>\n\t\t\t\t<section class=\"elementor-section elementor-top-section elementor-element elementor-element-da4dbb0 elementor-section-boxed elementor-section-height-default elementor-section-height-default\" data-id=\"da4dbb0\" data-element_type=\"section\">\n\t\t\t\t\t\t<div class=\"elementor-container elementor-column-gap-default\">\n\t\t\t\t\t<div class=\"elementor-column elementor-col-100 elementor-top-column elementor-element elementor-element-0b9f6ee\" data-id=\"0b9f6ee\" data-element_type=\"column\">\n\t\t\t<div class=\"elementor-widget-wrap elementor-element-populated\">\n\t\t\t\t\t\t<div class=\"elementor-element elementor-element-7995f75 elementor-widget elementor-widget-text-editor\" data-id=\"7995f75\" data-element_type=\"widget\" data-widget_type=\"text-editor.default\">\n\t\t\t\t<div class=\"elementor-widget-container\">\n\t\t\t\t\t\t\t\t\t<p><span style=\"font-weight: 400;\"><strong>Con los acuerdos de paz, el 16 de enero de 1992<\/strong>, se abri\u00f3 un atisbo de esperanza ante la posibilidad de un nuevo proceso democr\u00e1tico: desaparecieron los batallones, los escuadrones de la muerte y los cuerpos de seguridad; se redujo la Fuerza Armada y se form\u00f3 una nueva Polic\u00eda Nacional Civil y una Procuradur\u00eda para la Defensa de los Derechos Humanos.\u00a0 Tambi\u00e9n se cre\u00f3 una <\/span><b>Comisi\u00f3n de la Verdad<\/b><span style=\"font-weight: 400;\">, para investigar los abusos contra el pueblo salvadore\u00f1o. Dicha Comisi\u00f3n present\u00f3 un informe final titulado \u00ab<strong>De la Locura a la Esperanza: la guerra de los Doce A\u00f1os en El Salvador<\/strong>\u00ab, en el cual se dieron a conocer los casos m\u00e1s graves de violaci\u00f3n de derechos humanos, incluyendo recomendaciones para evitar que se volviera a repetir esta situaci\u00f3n en el futuro.\u00a0 Sin embargo, <strong>ese informe fue rechazado<\/strong>.\u00a0<\/span><\/p><p><span style=\"font-weight: 400;\">No hubo un proceso de investigaci\u00f3n, ni enjuiciamiento de los cr\u00edmenes que se cometieron, y con la posterior aprobaci\u00f3n de una <\/span><b>Ley de Amnist\u00eda<\/b><span style=\"font-weight: 400;\"> por la Asamblea Legislativa, se garantiz\u00f3 protecci\u00f3n e impunidad a los causantes de esos cr\u00edmenes. <\/span><i><span style=\"font-weight: 400;\">\u201c<strong>Se protegi\u00f3 a los victimarios y se dejaron desprotegidas a las v\u00edctimas<\/strong>\u201d<\/span><\/i><span style=\"font-weight: 400;\">, lamenta Miguel Montenegro<\/span><b><i>.<\/i><\/b><\/p>\t\t\t\t\t\t\t\t<\/div>\n\t\t\t\t<\/div>\n\t\t\t\t\t<\/div>\n\t\t<\/div>\n\t\t\t\t\t<\/div>\n\t\t<\/section>\n\t\t\t\t<section class=\"elementor-section elementor-top-section elementor-element elementor-element-ba22d2d elementor-section-boxed elementor-section-height-default elementor-section-height-default\" data-id=\"ba22d2d\" data-element_type=\"section\">\n\t\t\t\t\t\t<div class=\"elementor-container elementor-column-gap-default\">\n\t\t\t\t\t<div class=\"elementor-column elementor-col-100 elementor-top-column elementor-element elementor-element-dc3d6b9\" data-id=\"dc3d6b9\" data-element_type=\"column\">\n\t\t\t<div class=\"elementor-widget-wrap elementor-element-populated\">\n\t\t\t\t\t\t<div class=\"elementor-element elementor-element-1c54c6f elementor-widget elementor-widget-text-editor\" data-id=\"1c54c6f\" data-element_type=\"widget\" data-widget_type=\"text-editor.default\">\n\t\t\t\t<div class=\"elementor-widget-container\">\n\t\t\t\t\t\t\t\t\t<p><span style=\"font-weight: 400;\"><strong>En 2016, la ley de amnist\u00eda de 1993 es declarada inconstitucional<\/strong>, abriendo la posibilidad de que las v\u00edctimas y sus familiares pudieran denunciar los abusos ante las instancias correspondientes.<\/span><\/p><p><i><span style=\"font-weight: 400;\">\u00a0\u201cLo que m\u00e1s nos interesaba era que se creara una ley de justicia transicional que estableciera medidas de atenci\u00f3n, asistencia y reparaci\u00f3n integral a las v\u00edctimas del conflicto armado interno\u201d<\/span><\/i><span style=\"font-weight: 400;\">, se\u00f1ala Montenegro.<\/span><\/p><p><span style=\"font-weight: 400;\">No hubo muchos avances, ya que los gobiernos segu\u00edan negando el enjuiciamiento directo de los responsables de esos cr\u00edmenes de lesa humanidad, cr\u00edmenes de guerra.<\/span><\/p>\t\t\t\t\t\t\t\t<\/div>\n\t\t\t\t<\/div>\n\t\t\t\t\t<\/div>\n\t\t<\/div>\n\t\t\t\t\t<\/div>\n\t\t<\/section>\n\t\t\t\t<section class=\"elementor-section elementor-top-section elementor-element elementor-element-aa3a7ef elementor-section-boxed elementor-section-height-default elementor-section-height-default\" data-id=\"aa3a7ef\" data-element_type=\"section\">\n\t\t\t\t\t\t<div class=\"elementor-container elementor-column-gap-default\">\n\t\t\t\t\t<div class=\"elementor-column elementor-col-100 elementor-top-column elementor-element elementor-element-c6851b4\" data-id=\"c6851b4\" data-element_type=\"column\">\n\t\t\t<div class=\"elementor-widget-wrap elementor-element-populated\">\n\t\t\t\t\t\t<div class=\"elementor-element elementor-element-0b9540c elementor-widget elementor-widget-heading\" data-id=\"0b9540c\" data-element_type=\"widget\" data-widget_type=\"heading.default\">\n\t\t\t\t<div class=\"elementor-widget-container\">\n\t\t\t\t\t<h2 class=\"elementor-heading-title elementor-size-default\">Nayib Bukele elegido presidente: el \u201cmes\u00edas\u201d populista\n<\/h2>\t\t\t\t<\/div>\n\t\t\t\t<\/div>\n\t\t\t\t\t<\/div>\n\t\t<\/div>\n\t\t\t\t\t<\/div>\n\t\t<\/section>\n\t\t\t\t<section class=\"elementor-section elementor-top-section elementor-element elementor-element-d4f32fc elementor-section-boxed elementor-section-height-default elementor-section-height-default\" data-id=\"d4f32fc\" data-element_type=\"section\">\n\t\t\t\t\t\t<div class=\"elementor-container elementor-column-gap-default\">\n\t\t\t\t\t<div class=\"elementor-column elementor-col-100 elementor-top-column elementor-element elementor-element-977cd8f\" data-id=\"977cd8f\" data-element_type=\"column\">\n\t\t\t<div class=\"elementor-widget-wrap elementor-element-populated\">\n\t\t\t\t\t\t<div class=\"elementor-element elementor-element-03e50c8 elementor-widget elementor-widget-text-editor\" data-id=\"03e50c8\" data-element_type=\"widget\" data-widget_type=\"text-editor.default\">\n\t\t\t\t<div class=\"elementor-widget-container\">\n\t\t\t\t\t\t\t\t\t<p><span style=\"font-weight: 400;\">Cuando <strong>Nayib Bukele<\/strong> gana las elecciones en 2019, ten\u00eda muy claro c\u00f3mo quer\u00eda gobernar, y ha sabido jugar sus cartas con un matrimonio de ases en la manga: <strong>populismo y redes sociales<\/strong>. Se convierte es una <strong>especie de \u201cMes\u00edas\u201d<\/strong> que ha venido a salvar al pueblo salvadore\u00f1o de la corrupci\u00f3n y la violencia de las pandillas en las calles. Adem\u00e1s, incorpora a su gobierno un \u201ctoque de modernidad\u201d con la incorporaci\u00f3n del bitcoin como moneda de curso legal.\u00a0<\/span><\/p><p><span style=\"font-weight: 400;\">Primeramente, Bukele muestra una actitud solidaria con las v\u00edctimas de la guerra, donde les promete el reconocimiento de esos cr\u00edmenes. Adem\u00e1s, borra el nombre del <\/span><b>Coronel Monte Rosa <\/b><span style=\"font-weight: 400;\">de la fachada del edificio de la Tercera Brigada de Infanter\u00eda, por ser se\u00f1alado como uno de los principales perpetradores de la matanza de El Mozote.\u00a0<\/span><\/p><p><span style=\"font-weight: 400;\">La esperanza se empez\u00f3 a opacar cuando Bukele neg\u00f3 los archivos de la Fuerza Armada <\/span><i><span style=\"font-weight: 400;\">\u201c<strong>Sigui\u00f3 garantizando la impunidad. Sigui\u00f3 manteniendo esas heridas abiertas<\/strong>\u201d<\/span><\/i><span style=\"font-weight: 400;\">, asevera Miguel.<\/span><\/p><p><span style=\"font-weight: 400;\">Al tomar posesi\u00f3n de la presidencia, Nayib Bukele se hizo con el control del poder judicial y legislativo ante un pueblo obnubilado por el nuevo \u201c<strong>chico de oro<\/strong>\u201d. Se encarg\u00f3 de destituir la sala del Constitucional, cambi\u00f3 la Fiscal\u00eda e instal\u00f3 una nueva Asamblea Legislativa en la que los partidos afines tienen mayor\u00eda.<\/span><\/p><p><span style=\"font-weight: 400;\">El 31 de agosto de 2021 la Asamblea aprob\u00f3 una nueva Ley de la Carrera Judicial, que jubila autom\u00e1tica y obligatoriamente a jueces que tengan m\u00e1s de 60 a\u00f1os o que ejerzan m\u00e1s de 30 a\u00f1os de carrera. \u201c<\/span><i><span style=\"font-weight: 400;\"><strong>Sustituy\u00f3 a jueces y fiscales para poner en su lugar a nuevos miembros afines a su gobierno<\/strong>. Cada vez acumulaba m\u00e1s poder\u201d<\/span><\/i><span style=\"font-weight: 400;\">, incide Miguel Montenegro.<\/span><\/p><p><span style=\"font-weight: 400;\">Bukele impuls\u00f3 una reforma constitucional con nuevos magistrados nombrados por \u00e9l, que reinterpretan la Constituci\u00f3n e incluyen la extensi\u00f3n del mandato presidencial a 6 a\u00f1os, permitiendo as\u00ed poder presentarse a las pr\u00f3ximas elecciones en 2024.<\/span><\/p>\t\t\t\t\t\t\t\t<\/div>\n\t\t\t\t<\/div>\n\t\t\t\t\t<\/div>\n\t\t<\/div>\n\t\t\t\t\t<\/div>\n\t\t<\/section>\n\t\t\t\t<section class=\"elementor-section elementor-top-section elementor-element elementor-element-12edb09 elementor-section-boxed elementor-section-height-default elementor-section-height-default\" data-id=\"12edb09\" data-element_type=\"section\">\n\t\t\t\t\t\t<div class=\"elementor-container elementor-column-gap-default\">\n\t\t\t\t\t<div class=\"elementor-column elementor-col-100 elementor-top-column elementor-element elementor-element-4dfb220\" data-id=\"4dfb220\" data-element_type=\"column\">\n\t\t\t<div class=\"elementor-widget-wrap elementor-element-populated\">\n\t\t\t\t\t\t<div class=\"elementor-element elementor-element-76a9fe5 elementor-widget elementor-widget-heading\" data-id=\"76a9fe5\" data-element_type=\"widget\" data-widget_type=\"heading.default\">\n\t\t\t\t<div class=\"elementor-widget-container\">\n\t\t\t\t\t<h2 class=\"elementor-heading-title elementor-size-default\">Maras y estado de excepci\u00f3n: el pa\u00eds m\u00e1s violento del continente\n<\/h2>\t\t\t\t<\/div>\n\t\t\t\t<\/div>\n\t\t\t\t\t<\/div>\n\t\t<\/div>\n\t\t\t\t\t<\/div>\n\t\t<\/section>\n\t\t\t\t<section class=\"elementor-section elementor-top-section elementor-element elementor-element-58a6cd4 elementor-section-boxed elementor-section-height-default elementor-section-height-default\" data-id=\"58a6cd4\" data-element_type=\"section\">\n\t\t\t\t\t\t<div class=\"elementor-container elementor-column-gap-default\">\n\t\t\t\t\t<div class=\"elementor-column elementor-col-100 elementor-top-column elementor-element elementor-element-b8fba0d\" data-id=\"b8fba0d\" data-element_type=\"column\">\n\t\t\t<div class=\"elementor-widget-wrap elementor-element-populated\">\n\t\t\t\t\t\t<div class=\"elementor-element elementor-element-787e873 elementor-widget elementor-widget-text-editor\" data-id=\"787e873\" data-element_type=\"widget\" data-widget_type=\"text-editor.default\">\n\t\t\t\t<div class=\"elementor-widget-container\">\n\t\t\t\t\t\t\t\t\t<p><span style=\"font-weight: 400;\">La situaci\u00f3n de inseguridad en las calles ante <strong>la agresividad de las pandillas sirvi\u00f3 como justificaci\u00f3n a Bukele<\/strong> para ejercer m\u00e1s represi\u00f3n, estableciendo un <\/span><b>plan de control territorial<\/b><span style=\"font-weight: 400;\"> para combatir la criminalidad de las maras.<\/span><\/p><p><span style=\"font-weight: 400;\">Las pandillas salvadore\u00f1as ya exist\u00edan desde la d\u00e9cada de los 60, pero migraron a EE.UU. ante la situaci\u00f3n de guerra civil en que se encontraba El Salvador. En los suburbios de Los \u00c1ngeles se agruparon en comunidades y se consolidaron como organizaciones, donde se formaron las dos principales pandillas: la <\/span><b><i>Mara Salvatrucha<\/i><\/b><span style=\"font-weight: 400;\">, fundada por salvadore\u00f1os, y la <\/span><b>Mara 18<\/b><span style=\"font-weight: 400;\">, fundada por mexicanos, creando una descontrolada expansi\u00f3n y una oleada de cr\u00edmenes que provoc\u00f3 que fueran<strong> deportados en masa a sus pa\u00edses de origen<\/strong>.<\/span><\/p><p><span style=\"font-weight: 400;\">Los mareros deportados llegaron a un Salvador devastado por la guerra. Ante un contexto de crisis pol\u00edtica, econ\u00f3mica y social, las maras fueron asent\u00e1ndose y consolid\u00e1ndose como <strong>aut\u00e9nticas organizaciones criminales<\/strong>. La virulencia de las pandillas lleg\u00f3 a tal punto que en <strong>2015 El Salvador fue considerado el pa\u00eds m\u00e1s violento del continente<\/strong>, con 6.656 homicidios y una tasa de 106 muertes violentas por cada 100.000 habitantes. A partir de ah\u00ed, el gobierno empez\u00f3 a utilizar a las Fuerzas Armadas en materia de seguridad p\u00fablica.<\/span><\/p>\t\t\t\t\t\t\t\t<\/div>\n\t\t\t\t<\/div>\n\t\t\t\t\t<\/div>\n\t\t<\/div>\n\t\t\t\t\t<\/div>\n\t\t<\/section>\n\t\t\t\t<section class=\"elementor-section elementor-top-section elementor-element elementor-element-322a634 elementor-section-boxed elementor-section-height-default elementor-section-height-default\" data-id=\"322a634\" data-element_type=\"section\">\n\t\t\t\t\t\t<div class=\"elementor-container elementor-column-gap-default\">\n\t\t\t\t\t<div class=\"elementor-column elementor-col-100 elementor-top-column elementor-element elementor-element-5f31f50\" data-id=\"5f31f50\" data-element_type=\"column\">\n\t\t\t<div class=\"elementor-widget-wrap elementor-element-populated\">\n\t\t\t\t\t\t<div class=\"elementor-element elementor-element-50febc7 elementor-widget elementor-widget-text-editor\" data-id=\"50febc7\" data-element_type=\"widget\" data-widget_type=\"text-editor.default\">\n\t\t\t\t<div class=\"elementor-widget-container\">\n\t\t\t\t\t\t\t\t\t<p><span style=\"font-weight: 400;\">En 2019 Bukele es elegido presidente, focalizando su campa\u00f1a a golpe de tuits y discursos populistas centrados en erradicar las maras. <strong>Tras un brutal atentado marero el 23 de marzo de 2022, decret\u00f3 el estado de excepci\u00f3n (prorrogado hasta la actualidad)<\/strong> y desarrolla una militarizada campa\u00f1a para \u201c<strong>limpiar los municipios<\/strong>\u201d de las maras, quedando suspendidas todas las garant\u00edas constitucionales del pa\u00eds.\u00a0<\/span><\/p><p><span style=\"font-weight: 400;\">Con la destituci\u00f3n de jueces de la corte suprema y del fiscal general, Bukele lleva a cabo una reforma del c\u00f3digo penal que endurece las penas a los pandilleros y establece un r\u00e9gimen de excepci\u00f3n que permite <strong>detenciones arbitrarias y suspensi\u00f3n del derecho de defensa de los arrestados<\/strong>. <\/span><span style=\"font-weight: 400;\"><strong>Cualquier persona puede ser considerada sospechosa<\/strong> bajo un criterio indiscriminado de supervisi\u00f3n dominado por las fuerzas de seguridad salvadore\u00f1as. <\/span><i><span style=\"font-weight: 400;\">\u201cNo es comparable la represi\u00f3n actual con la sufrida durante la guerra civil<\/span><\/i><span style=\"font-weight: 400;\">, <\/span><i><span style=\"font-weight: 400;\">pero <strong>la gente tiene miedo<\/strong>\u201d<\/span><\/i><span style=\"font-weight: 400;\">, afirma Montenegro.\u00a0<\/span><\/p><p><span style=\"font-weight: 400;\">Miguel y la CDHES <\/span><span style=\"font-weight: 400;\">denuncian que esta pol\u00edtica represiva y militarizada de<strong> Bukele se acerca al autoritarismo<\/strong> y pone en el peligro la democracia del pa\u00eds:<\/span> <i><span style=\"font-weight: 400;\">\u201cEl estado de excepci\u00f3n suspende varios derechos constitucionales, entre ellos, ser informado de los motivos de la detenci\u00f3n, o el derecho a un abogado. S<\/span><\/i><i><span style=\"font-weight: 400;\">e celebran audiencias colectivas y los abogados de oficio est\u00e1n desbordados<\/span><\/i><i><span style=\"font-weight: 400;\">\u201d.<\/span><\/i><\/p>\t\t\t\t\t\t\t\t<\/div>\n\t\t\t\t<\/div>\n\t\t\t\t\t<\/div>\n\t\t<\/div>\n\t\t\t\t\t<\/div>\n\t\t<\/section>\n\t\t\t\t<section class=\"elementor-section elementor-top-section elementor-element elementor-element-4d94801 elementor-section-boxed elementor-section-height-default elementor-section-height-default\" data-id=\"4d94801\" data-element_type=\"section\">\n\t\t\t\t\t\t<div class=\"elementor-container elementor-column-gap-default\">\n\t\t\t\t\t<div class=\"elementor-column elementor-col-100 elementor-top-column elementor-element elementor-element-313778d\" data-id=\"313778d\" data-element_type=\"column\">\n\t\t\t<div class=\"elementor-widget-wrap elementor-element-populated\">\n\t\t\t\t\t\t<div class=\"elementor-element elementor-element-78bc040 elementor-widget elementor-widget-heading\" data-id=\"78bc040\" data-element_type=\"widget\" data-widget_type=\"heading.default\">\n\t\t\t\t<div class=\"elementor-widget-container\">\n\t\t\t\t\t<h2 class=\"elementor-heading-title elementor-size-default\">Detenciones arbitrarias, hacinamiento en c\u00e1rceles y desapariciones \n<\/h2>\t\t\t\t<\/div>\n\t\t\t\t<\/div>\n\t\t\t\t\t<\/div>\n\t\t<\/div>\n\t\t\t\t\t<\/div>\n\t\t<\/section>\n\t\t\t\t<section class=\"elementor-section elementor-top-section elementor-element elementor-element-8583f65 elementor-section-boxed elementor-section-height-default elementor-section-height-default\" data-id=\"8583f65\" data-element_type=\"section\">\n\t\t\t\t\t\t<div class=\"elementor-container elementor-column-gap-default\">\n\t\t\t\t\t<div class=\"elementor-column elementor-col-100 elementor-top-column elementor-element elementor-element-2620582\" data-id=\"2620582\" data-element_type=\"column\">\n\t\t\t<div class=\"elementor-widget-wrap elementor-element-populated\">\n\t\t\t\t\t\t<div class=\"elementor-element elementor-element-4cfd61d elementor-widget elementor-widget-text-editor\" data-id=\"4cfd61d\" data-element_type=\"widget\" data-widget_type=\"text-editor.default\">\n\t\t\t\t<div class=\"elementor-widget-container\">\n\t\t\t\t\t\t\t\t\t<p><span style=\"font-weight: 400;\">Las detenciones masivas e indiscriminadas de cualquier persona que pueda ser considerada sospechosa, hace que <strong>se extralimite el espacio de los centros penales<\/strong>: <\/span><i><span style=\"font-weight: 400;\">\u201csobrepasan los 100.000 presos recluidos en diferentes c\u00e1rceles del pa\u00eds, con un <strong>nivel de hacinamiento total<\/strong>\u201d.<\/span><\/i> <i><span style=\"font-weight: 400;\">\u201cTodos estamos a favor de combatir la inseguridad, pero los procedimientos de Bukele para intentar conseguirlo <strong>no son los adecuados<\/strong>\u201d<\/span><\/i><span style=\"font-weight: 400;\">, asegura Montenegro.<\/span><\/p><p><span style=\"font-weight: 400;\">Hasta el momento, no se conoce un informe oficial de las personas fallecidas en las c\u00e1rceles. El gobierno no realiza autopsias ni investigaci\u00f3n de la muerte, a las que se les atribuyen causas naturales. <\/span><i><span style=\"font-weight: 400;\">\u201c<strong>Los familiares ven claros indicios de tortura en los fallecidos. Muchos de ellos se han enterrado en fosas comunes sin ser identificados<\/strong>\u201d.<\/span><\/i><\/p><p><span style=\"font-weight: 400;\">Seg\u00fan nos relata Montenegro, la mayor\u00eda de las veces, las propias funerarias confirman las muertes. Tienen contacto con hospitales, polic\u00eda o el Instituto M\u00e9dico Forense. <\/span><i><span style=\"font-weight: 400;\">\u201cEn muchas ocasiones, <strong>las funerarias fotograf\u00edan los cad\u00e1veres<\/strong> que se entierran en fosas comunes y se las venden a las familias que est\u00e1n buscando a los desaparecidos. Es muy cruel\u201d<\/span><\/i><span style=\"font-weight: 400;\">.<\/span><\/p>\t\t\t\t\t\t\t\t<\/div>\n\t\t\t\t<\/div>\n\t\t\t\t\t<\/div>\n\t\t<\/div>\n\t\t\t\t\t<\/div>\n\t\t<\/section>\n\t\t\t\t<section class=\"elementor-section elementor-top-section elementor-element elementor-element-6b78927 elementor-section-boxed elementor-section-height-default elementor-section-height-default\" data-id=\"6b78927\" data-element_type=\"section\">\n\t\t\t\t\t\t<div class=\"elementor-container elementor-column-gap-default\">\n\t\t\t\t\t<div class=\"elementor-column elementor-col-100 elementor-top-column elementor-element elementor-element-4f40b48\" data-id=\"4f40b48\" data-element_type=\"column\">\n\t\t\t<div class=\"elementor-widget-wrap elementor-element-populated\">\n\t\t\t\t\t\t<div class=\"elementor-element elementor-element-05ca163 elementor-widget elementor-widget-image\" data-id=\"05ca163\" data-element_type=\"widget\" data-widget_type=\"image.default\">\n\t\t\t\t<div class=\"elementor-widget-container\">\n\t\t\t\t\t\t\t\t\t\t\t\t\t\t\t<img fetchpriority=\"high\" decoding=\"async\" width=\"1024\" height=\"683\" src=\"https:\/\/madridsindical.es\/archivo\/wp-content\/uploads\/2023\/12\/IMG_6198-1024x683.jpg\" class=\"attachment-large size-large wp-image-3933\" alt=\"Miguel Rogel Montenegro, director de la Comisi\u00f3n de Derechos Humanos de El Salvador (CDHES)\" srcset=\"https:\/\/madridsindical.es\/archivo\/wp-content\/uploads\/2023\/12\/IMG_6198-1024x683.jpg 1024w, https:\/\/madridsindical.es\/archivo\/wp-content\/uploads\/2023\/12\/IMG_6198-300x200.jpg 300w, https:\/\/madridsindical.es\/archivo\/wp-content\/uploads\/2023\/12\/IMG_6198-768x512.jpg 768w, https:\/\/madridsindical.es\/archivo\/wp-content\/uploads\/2023\/12\/IMG_6198-1536x1024.jpg 1536w, https:\/\/madridsindical.es\/archivo\/wp-content\/uploads\/2023\/12\/IMG_6198-2048x1365.jpg 2048w, https:\/\/madridsindical.es\/archivo\/wp-content\/uploads\/2023\/12\/IMG_6198-465x310.jpg 465w, https:\/\/madridsindical.es\/archivo\/wp-content\/uploads\/2023\/12\/IMG_6198-695x463.jpg 695w\" sizes=\"(max-width: 1024px) 100vw, 1024px\" \/>\t\t\t\t\t\t\t\t\t\t\t\t\t\t\t<\/div>\n\t\t\t\t<\/div>\n\t\t\t\t\t<\/div>\n\t\t<\/div>\n\t\t\t\t\t<\/div>\n\t\t<\/section>\n\t\t\t\t<section class=\"elementor-section elementor-top-section elementor-element elementor-element-2f9ffe8 elementor-section-boxed elementor-section-height-default elementor-section-height-default\" data-id=\"2f9ffe8\" data-element_type=\"section\">\n\t\t\t\t\t\t<div class=\"elementor-container elementor-column-gap-default\">\n\t\t\t\t\t<div class=\"elementor-column elementor-col-100 elementor-top-column elementor-element elementor-element-f8075eb\" data-id=\"f8075eb\" data-element_type=\"column\">\n\t\t\t<div class=\"elementor-widget-wrap elementor-element-populated\">\n\t\t\t\t\t\t<div class=\"elementor-element elementor-element-0a706db elementor-widget elementor-widget-heading\" data-id=\"0a706db\" data-element_type=\"widget\" data-widget_type=\"heading.default\">\n\t\t\t\t<div class=\"elementor-widget-container\">\n\t\t\t\t\t<h2 class=\"elementor-heading-title elementor-size-default\">\u201cSanar es conocer la verdad y saber d\u00f3nde est\u00e1n los desaparecidos\u201d\n<\/h2>\t\t\t\t<\/div>\n\t\t\t\t<\/div>\n\t\t\t\t\t<\/div>\n\t\t<\/div>\n\t\t\t\t\t<\/div>\n\t\t<\/section>\n\t\t\t\t<section class=\"elementor-section elementor-top-section elementor-element elementor-element-60c9eea elementor-section-boxed elementor-section-height-default elementor-section-height-default\" data-id=\"60c9eea\" data-element_type=\"section\">\n\t\t\t\t\t\t<div class=\"elementor-container elementor-column-gap-default\">\n\t\t\t\t\t<div class=\"elementor-column elementor-col-100 elementor-top-column elementor-element elementor-element-3051ccd\" data-id=\"3051ccd\" data-element_type=\"column\">\n\t\t\t<div class=\"elementor-widget-wrap elementor-element-populated\">\n\t\t\t\t\t\t<div class=\"elementor-element elementor-element-1c266a9 elementor-widget elementor-widget-text-editor\" data-id=\"1c266a9\" data-element_type=\"widget\" data-widget_type=\"text-editor.default\">\n\t\t\t\t<div class=\"elementor-widget-container\">\n\t\t\t\t\t\t\t\t\t<p><span style=\"font-weight: 400;\">El trabajo de Miguel Montenegro y de la CDHES <strong>sigue y seguir\u00e1 siendo luchar por los derechos del pueblo salvadore\u00f1o<\/strong>. Luchar <strong>contra la impunidad<\/strong>, por la <strong>reparaci\u00f3n de los da\u00f1os del pasado<\/strong> y por <strong>la defensa de los derechos<\/strong> en el presente. Luchar para que se sepa la verdad y poder sanar las heridas.<\/span><\/p><p><i><span style=\"font-weight: 400;\">\u201cSanar es conocer la verdad, y conocer la verdad es<strong> saber d\u00f3nde est\u00e1n los desaparecidos<\/strong>, reconocer la violaci\u00f3n de los derechos humanos. Pedir perd\u00f3n es algo que contribuye a sanar las heridas. Las v\u00edctimas de este pa\u00eds pueden llegar a curar esas heridas siempre y cuando se conozca la verdad y se haga justicia, sea el gobierno que sea\u201d, <\/span><\/i><span style=\"font-weight: 400;\">concluye Miguel Rogel Montenegro.<\/span><\/p>\t\t\t\t\t\t\t\t<\/div>\n\t\t\t\t<\/div>\n\t\t\t\t\t<\/div>\n\t\t<\/div>\n\t\t\t\t\t<\/div>\n\t\t<\/section>\n\t\t\t\t<\/div>\n\t\t","protected":false},"excerpt":{"rendered":"<p>\u201cDoy gracias a la vida por estar vivo y poder seguir luchando por los derechos humanos de mi pa\u00eds\u201d Tras la celebraci\u00f3n del D\u00eda de los Derechos Humanos, hemos conversado con Miguel Rogel Montenegro, director de la Comisi\u00f3n de Derechos Humanos de El Salvador (CDHES), el cual nos ha contextualizado la situaci\u00f3n pol\u00edtica y social de su pa\u00eds en materia de derechos fundamentales. Direcci\u00f3n: Luis Lombardo. Texto: Inmaculada Mart\u00ednez.\u00a0 Fotos y v\u00eddeo: Fran Lorente. Montaje<span class=\"more-link\"><a href=\"https:\/\/madridsindical.es\/archivo\/2023\/12\/09\/entrevista-a-miguel-rogel-montenegro-director-de-la-comision-de-derechos-humanos-de-el-salvador-cdhes\/\">Contin\u00faa leyendo<\/a><\/span><\/p>\n","protected":false},"author":1,"featured_media":3929,"comment_status":"closed","ping_status":"closed","sticky":false,"template":"","format":"standard","meta":{"footnotes":""},"categories":[3],"tags":[47],"class_list":["entry","author-madridsindical","post-3928","post","type-post","status-publish","format-standard","has-post-thumbnail","category-entrevistas","tag-archivo"],"aioseo_notices":[],"_links":{"self":[{"href":"https:\/\/madridsindical.es\/archivo\/wp-json\/wp\/v2\/posts\/3928","targetHints":{"allow":["GET"]}}],"collection":[{"href":"https:\/\/madridsindical.es\/archivo\/wp-json\/wp\/v2\/posts"}],"about":[{"href":"https:\/\/madridsindical.es\/archivo\/wp-json\/wp\/v2\/types\/post"}],"author":[{"embeddable":true,"href":"https:\/\/madridsindical.es\/archivo\/wp-json\/wp\/v2\/users\/1"}],"replies":[{"embeddable":true,"href":"https:\/\/madridsindical.es\/archivo\/wp-json\/wp\/v2\/comments?post=3928"}],"version-history":[{"count":45,"href":"https:\/\/madridsindical.es\/archivo\/wp-json\/wp\/v2\/posts\/3928\/revisions"}],"predecessor-version":[{"id":4145,"href":"https:\/\/madridsindical.es\/archivo\/wp-json\/wp\/v2\/posts\/3928\/revisions\/4145"}],"wp:featuredmedia":[{"embeddable":true,"href":"https:\/\/madridsindical.es\/archivo\/wp-json\/wp\/v2\/media\/3929"}],"wp:attachment":[{"href":"https:\/\/madridsindical.es\/archivo\/wp-json\/wp\/v2\/media?parent=3928"}],"wp:term":[{"taxonomy":"category","embeddable":true,"href":"https:\/\/madridsindical.es\/archivo\/wp-json\/wp\/v2\/categories?post=3928"},{"taxonomy":"post_tag","embeddable":true,"href":"https:\/\/madridsindical.es\/archivo\/wp-json\/wp\/v2\/tags?post=3928"}],"curies":[{"name":"wp","href":"https:\/\/api.w.org\/{rel}","templated":true}]}}