{"id":3897,"date":"2023-10-02T15:50:10","date_gmt":"2023-10-02T15:50:10","guid":{"rendered":"https:\/\/madridsindical.es\/archivo\/?p=3897"},"modified":"2025-11-06T10:49:23","modified_gmt":"2025-11-06T10:49:23","slug":"el-drama-de-los-bebes-robados","status":"publish","type":"post","link":"https:\/\/madridsindical.es\/archivo\/2023\/10\/02\/el-drama-de-los-bebes-robados\/","title":{"rendered":"El drama de los beb\u00e9s robados"},"content":{"rendered":"\t\t<div data-elementor-type=\"wp-post\" data-elementor-id=\"3897\" class=\"elementor elementor-3897\">\n\t\t\t\t\t\t<section class=\"elementor-section elementor-top-section elementor-element elementor-element-3aee942 elementor-section-boxed elementor-section-height-default elementor-section-height-default\" data-id=\"3aee942\" data-element_type=\"section\">\n\t\t\t\t\t\t<div class=\"elementor-container elementor-column-gap-default\">\n\t\t\t\t\t<div class=\"elementor-column elementor-col-100 elementor-top-column elementor-element elementor-element-877f871\" data-id=\"877f871\" data-element_type=\"column\">\n\t\t\t<div class=\"elementor-widget-wrap elementor-element-populated\">\n\t\t\t\t\t\t<div class=\"elementor-element elementor-element-a6ca6c3 elementor-widget elementor-widget-heading\" data-id=\"a6ca6c3\" data-element_type=\"widget\" data-widget_type=\"heading.default\">\n\t\t\t\t<div class=\"elementor-widget-container\">\n\t\t\t\t\t<h2 class=\"elementor-heading-title elementor-size-large\">Revelando ausencias, luz sobre historias invisibles<\/h2>\t\t\t\t<\/div>\n\t\t\t\t<\/div>\n\t\t\t\t\t<\/div>\n\t\t<\/div>\n\t\t\t\t\t<\/div>\n\t\t<\/section>\n\t\t\t\t<section class=\"elementor-section elementor-top-section elementor-element elementor-element-e1b64f7 elementor-section-boxed elementor-section-height-default elementor-section-height-default\" data-id=\"e1b64f7\" data-element_type=\"section\">\n\t\t\t\t\t\t<div class=\"elementor-container elementor-column-gap-default\">\n\t\t\t\t\t<div class=\"elementor-column elementor-col-100 elementor-top-column elementor-element elementor-element-827c696\" data-id=\"827c696\" data-element_type=\"column\">\n\t\t\t<div class=\"elementor-widget-wrap elementor-element-populated\">\n\t\t\t\t\t\t<div class=\"elementor-element elementor-element-a1485d8 elementor-widget elementor-widget-text-editor\" data-id=\"a1485d8\" data-element_type=\"widget\" data-widget_type=\"text-editor.default\">\n\t\t\t\t<div class=\"elementor-widget-container\">\n\t\t\t\t\t\t\t\t\t<p class=\"western\">\u201c<b>Revelando ausencias\u201d, el proyecto teatral basado en el drama de los beb\u00e9s robados en Espa\u00f1a, <a href=\"https:\/\/madrid.ccoo.es\/cms.php?cd_cms_conte=672415&amp;cd_cms_pag=13183&amp;cd_cms_elconmaster_to=17&amp;d=2023-10-07&amp;opc_id=5c0c366f1d0d53f4ece5b43ed39c319c\">llega al Auditorio Marcelino Camacho el pr\u00f3ximo s\u00e1bado 7 de octubre<\/a>. Una iniciativa terap\u00e9utica, justa y necesaria. Pocas veces el teatro puede ser m\u00e1s fiel a la vida.<\/b><\/p>\t\t\t\t\t\t\t\t<\/div>\n\t\t\t\t<\/div>\n\t\t\t\t\t<\/div>\n\t\t<\/div>\n\t\t\t\t\t<\/div>\n\t\t<\/section>\n\t\t\t\t<section class=\"elementor-section elementor-top-section elementor-element elementor-element-ff8cc24 elementor-section-boxed elementor-section-height-default elementor-section-height-default\" data-id=\"ff8cc24\" data-element_type=\"section\">\n\t\t\t\t\t\t<div class=\"elementor-container elementor-column-gap-default\">\n\t\t\t\t\t<div class=\"elementor-column elementor-col-100 elementor-top-column elementor-element elementor-element-8b4d48b\" data-id=\"8b4d48b\" data-element_type=\"column\">\n\t\t\t<div class=\"elementor-widget-wrap elementor-element-populated\">\n\t\t\t\t\t\t<div class=\"elementor-element elementor-element-7609da0 elementor-widget elementor-widget-text-editor\" data-id=\"7609da0\" data-element_type=\"widget\" data-widget_type=\"text-editor.default\">\n\t\t\t\t<div class=\"elementor-widget-container\">\n\t\t\t\t\t\t\t\t\t<p><b>Direcci\u00f3n: <a href=\"https:\/\/twitter.com\/lm_lombardo\" target=\"_blank\" rel=\"noopener\">Luis Lombardo.<\/a> Texto: <a href=\"https:\/\/twitter.com\/edumesaleiva\" target=\"_blank\" rel=\"noopener\">Eduardo Mesa<\/a>.\u00a0 Fotos y v\u00eddeo: <a href=\"https:\/\/twitter.com\/frlorente\" target=\"_blank\" rel=\"noopener\">Fran Lorente. <\/a><\/b><strong>Montaje y edici\u00f3n v\u00eddeo: <a href=\"https:\/\/twitter.com\/jbarriosanz\" target=\"_blank\" rel=\"noopener\">Javier Barrio<\/a><\/strong><\/p>\t\t\t\t\t\t\t\t<\/div>\n\t\t\t\t<\/div>\n\t\t\t\t\t<\/div>\n\t\t<\/div>\n\t\t\t\t\t<\/div>\n\t\t<\/section>\n\t\t\t\t<section class=\"elementor-section elementor-top-section elementor-element elementor-element-180d81f elementor-section-boxed elementor-section-height-default elementor-section-height-default\" data-id=\"180d81f\" data-element_type=\"section\">\n\t\t\t\t\t\t<div class=\"elementor-container elementor-column-gap-default\">\n\t\t\t\t\t<div class=\"elementor-column elementor-col-100 elementor-top-column elementor-element elementor-element-03eab71\" data-id=\"03eab71\" data-element_type=\"column\">\n\t\t\t<div class=\"elementor-widget-wrap elementor-element-populated\">\n\t\t\t\t\t\t<section class=\"elementor-section elementor-inner-section elementor-element elementor-element-ef1671e elementor-section-boxed elementor-section-height-default elementor-section-height-default\" data-id=\"ef1671e\" data-element_type=\"section\">\n\t\t\t\t\t\t<div class=\"elementor-container elementor-column-gap-default\">\n\t\t\t\t\t<div class=\"elementor-column elementor-col-50 elementor-inner-column elementor-element elementor-element-b9fa3ca\" data-id=\"b9fa3ca\" data-element_type=\"column\">\n\t\t\t<div class=\"elementor-widget-wrap elementor-element-populated\">\n\t\t\t\t\t\t<div class=\"elementor-element elementor-element-9179e18 elementor-view-default elementor-position-top elementor-mobile-position-top elementor-widget elementor-widget-icon-box\" data-id=\"9179e18\" data-element_type=\"widget\" data-widget_type=\"icon-box.default\">\n\t\t\t\t<div class=\"elementor-widget-container\">\n\t\t\t\t\t\t\t<div class=\"elementor-icon-box-wrapper\">\n\n\t\t\t\t\t\t<div class=\"elementor-icon-box-icon\">\n\t\t\t\t<a href=\"https:\/\/www.youtube.com\/watch?v=XeSa8HLNBPk\" target=\"_blank\" class=\"elementor-icon\" tabindex=\"-1\" aria-label=\"Revelando ausencias, luz sobre historias invisibles. El drama de los beb\u00e9s robados\">\n\t\t\t\t<i aria-hidden=\"true\" class=\"fab fa-youtube-square\"><\/i>\t\t\t\t<\/a>\n\t\t\t<\/div>\n\t\t\t\n\t\t\t\t\t\t<div class=\"elementor-icon-box-content\">\n\n\t\t\t\t\t\t\t\t\t<h3 class=\"elementor-icon-box-title\">\n\t\t\t\t\t\t<a href=\"https:\/\/www.youtube.com\/watch?v=XeSa8HLNBPk\" target=\"_blank\" >\n\t\t\t\t\t\t\tRevelando ausencias, luz sobre historias invisibles. El drama de los beb\u00e9s robados\t\t\t\t\t\t<\/a>\n\t\t\t\t\t<\/h3>\n\t\t\t\t\n\t\t\t\t\n\t\t\t<\/div>\n\t\t\t\n\t\t<\/div>\n\t\t\t\t\t\t<\/div>\n\t\t\t\t<\/div>\n\t\t\t\t\t<\/div>\n\t\t<\/div>\n\t\t\t\t<div class=\"elementor-column elementor-col-50 elementor-inner-column elementor-element elementor-element-45e66ed\" data-id=\"45e66ed\" data-element_type=\"column\">\n\t\t\t<div class=\"elementor-widget-wrap elementor-element-populated\">\n\t\t\t\t\t\t<div class=\"elementor-element elementor-element-d6824a0 elementor-widget elementor-widget-video\" data-id=\"d6824a0\" data-element_type=\"widget\" data-settings=\"{&quot;youtube_url&quot;:&quot;https:\\\/\\\/www.youtube.com\\\/watch?v=XeSa8HLNBPk&quot;,&quot;video_type&quot;:&quot;youtube&quot;,&quot;controls&quot;:&quot;yes&quot;}\" data-widget_type=\"video.default\">\n\t\t\t\t<div class=\"elementor-widget-container\">\n\t\t\t\t\t\t\t<div class=\"elementor-wrapper elementor-open-inline\">\n\t\t\t<div class=\"elementor-video\"><\/div>\t\t<\/div>\n\t\t\t\t\t\t<\/div>\n\t\t\t\t<\/div>\n\t\t\t\t\t<\/div>\n\t\t<\/div>\n\t\t\t\t\t<\/div>\n\t\t<\/section>\n\t\t\t\t\t<\/div>\n\t\t<\/div>\n\t\t\t\t\t<\/div>\n\t\t<\/section>\n\t\t\t\t<section class=\"elementor-section elementor-top-section elementor-element elementor-element-c0c37b6 elementor-section-boxed elementor-section-height-default elementor-section-height-default\" data-id=\"c0c37b6\" data-element_type=\"section\">\n\t\t\t\t\t\t<div class=\"elementor-container elementor-column-gap-default\">\n\t\t\t\t\t<div class=\"elementor-column elementor-col-100 elementor-top-column elementor-element elementor-element-934a67b\" data-id=\"934a67b\" data-element_type=\"column\">\n\t\t\t<div class=\"elementor-widget-wrap elementor-element-populated\">\n\t\t\t\t\t\t<div class=\"elementor-element elementor-element-e71af56 elementor-widget elementor-widget-text-editor\" data-id=\"e71af56\" data-element_type=\"widget\" data-widget_type=\"text-editor.default\">\n\t\t\t\t<div class=\"elementor-widget-container\">\n\t\t\t\t\t\t\t\t\t<p><em>\u201c<\/em><span style=\"font-size: large;\"><em><strong>A la ausencia no hay quien se acostumbre.<\/strong> Otro sol es tu sol, aunque te alumbre\u201d<\/em>, escrib\u00eda el poeta <strong>Mario Benedetti<\/strong>. <strong>\u00bfC\u00f3mo es posible vivir cuando te han robado la vida?<\/strong> La ausencia, definida por la Real Academia de la Lengua como ese \u201ctiempo en que alguien est\u00e1 ausente\u201d, es <strong>una herida que no cicatriza nunca. <\/strong><\/span><\/p>\t\t\t\t\t\t\t\t<\/div>\n\t\t\t\t<\/div>\n\t\t\t\t\t<\/div>\n\t\t<\/div>\n\t\t\t\t\t<\/div>\n\t\t<\/section>\n\t\t\t\t<section class=\"elementor-section elementor-top-section elementor-element elementor-element-df128b1 elementor-section-boxed elementor-section-height-default elementor-section-height-default\" data-id=\"df128b1\" data-element_type=\"section\">\n\t\t\t\t\t\t<div class=\"elementor-container elementor-column-gap-default\">\n\t\t\t\t\t<div class=\"elementor-column elementor-col-100 elementor-top-column elementor-element elementor-element-58848db\" data-id=\"58848db\" data-element_type=\"column\">\n\t\t\t<div class=\"elementor-widget-wrap elementor-element-populated\">\n\t\t\t\t\t\t<div class=\"elementor-element elementor-element-43a2218 elementor-widget elementor-widget-text-editor\" data-id=\"43a2218\" data-element_type=\"widget\" data-widget_type=\"text-editor.default\">\n\t\t\t\t<div class=\"elementor-widget-container\">\n\t\t\t\t\t\t\t\t\t<p><strong>\u201c<\/strong><span style=\"font-size: large;\"><strong>Ese tiempo en que alguien est\u00e1 ausente\u201d<\/strong> puede <strong>durar toda una vida<\/strong>, como bien saben las tres mujeres que atraviesan en silencio un parque madrile\u00f1o en una tarde rebosante de sol. Han venido para ensayar una obra de teatro al aire libre. Pero no es una representaci\u00f3n al uso. Porque esta tarde<strong> van a encarnar el papel de sus vidas<\/strong>. De frente, el <strong>Museo del Ferrocarril<\/strong>. Lo que fue una antigua estaci\u00f3n mantiene el aroma de los viejos tiempos. Y es posible cerrar los ojos e imaginar el frenes\u00ed de un d\u00eda cualquiera. Las v\u00edas trazando viajes de ida y vuelta. Los andenes repletos. Las despedidas. Las esperas interminables. Pero el dolor te asalta cuando <strong>piensas que alguien te impidi\u00f3 subir al tren de tu vida<\/strong>. Que viste c\u00f3mo se alejaba y te quedaste clavada en el and\u00e9n sin billete ni equipaje. <\/span><\/p>\t\t\t\t\t\t\t\t<\/div>\n\t\t\t\t<\/div>\n\t\t\t\t\t<\/div>\n\t\t<\/div>\n\t\t\t\t\t<\/div>\n\t\t<\/section>\n\t\t\t\t<section class=\"elementor-section elementor-top-section elementor-element elementor-element-707e3e2 elementor-section-boxed elementor-section-height-default elementor-section-height-default\" data-id=\"707e3e2\" data-element_type=\"section\">\n\t\t\t\t\t\t<div class=\"elementor-container elementor-column-gap-default\">\n\t\t\t\t\t<div class=\"elementor-column elementor-col-100 elementor-top-column elementor-element elementor-element-cdb3273\" data-id=\"cdb3273\" data-element_type=\"column\">\n\t\t\t<div class=\"elementor-widget-wrap elementor-element-populated\">\n\t\t\t\t\t\t<div class=\"elementor-element elementor-element-b338ce1 elementor-widget elementor-widget-text-editor\" data-id=\"b338ce1\" data-element_type=\"widget\" data-widget_type=\"text-editor.default\">\n\t\t\t\t<div class=\"elementor-widget-container\">\n\t\t\t\t\t\t\t\t\t<p><span style=\"font-size: large;\"><strong>A Irene le robaron a sus padres al poco de nacer<\/strong>. La arrancaron del pueblo de la Comunidad de Madrid donde hab\u00eda nacido y, tras pasar por la casa de un m\u00e9dico, fue entregada a un matrimonio pudiente. <em>\u201cMe enter\u00e9 con 15 a\u00f1os de que soy adoptada de una forma muy cruel y muy fea. Y a partir de ah\u00ed te sientes mal, jam\u00e1s te sientes en tu sitio, no est\u00e1s donde perteneces, no te sientes querida, no te sientes\u201d<\/em>. <\/span><\/p>\t\t\t\t\t\t\t\t<\/div>\n\t\t\t\t<\/div>\n\t\t\t\t\t<\/div>\n\t\t<\/div>\n\t\t\t\t\t<\/div>\n\t\t<\/section>\n\t\t\t\t<section class=\"elementor-section elementor-top-section elementor-element elementor-element-cc1cacc elementor-section-boxed elementor-section-height-default elementor-section-height-default\" data-id=\"cc1cacc\" data-element_type=\"section\">\n\t\t\t\t\t\t<div class=\"elementor-container elementor-column-gap-default\">\n\t\t\t\t\t<div class=\"elementor-column elementor-col-100 elementor-top-column elementor-element elementor-element-92cf388\" data-id=\"92cf388\" data-element_type=\"column\">\n\t\t\t<div class=\"elementor-widget-wrap elementor-element-populated\">\n\t\t\t\t\t\t<div class=\"elementor-element elementor-element-1e0dd68 elementor-widget elementor-widget-heading\" data-id=\"1e0dd68\" data-element_type=\"widget\" data-widget_type=\"heading.default\">\n\t\t\t\t<div class=\"elementor-widget-container\">\n\t\t\t\t\t<h2 class=\"elementor-heading-title elementor-size-default\"><i>\u201c\u00c9ramos j\u00f3venes inexpertos. Y nos lo cre\u00edmos. Nos cre\u00edmos que hab\u00eda muerto. Nos dijeron que no nos preocup\u00e1ramos, porque estaba muerta y enterrada. Nada m\u00e1s\u201d  <\/i><\/h2>\t\t\t\t<\/div>\n\t\t\t\t<\/div>\n\t\t\t\t\t<\/div>\n\t\t<\/div>\n\t\t\t\t\t<\/div>\n\t\t<\/section>\n\t\t\t\t<section class=\"elementor-section elementor-top-section elementor-element elementor-element-1d1c462 elementor-section-boxed elementor-section-height-default elementor-section-height-default\" data-id=\"1d1c462\" data-element_type=\"section\">\n\t\t\t\t\t\t<div class=\"elementor-container elementor-column-gap-default\">\n\t\t\t\t\t<div class=\"elementor-column elementor-col-100 elementor-top-column elementor-element elementor-element-a769195\" data-id=\"a769195\" data-element_type=\"column\">\n\t\t\t<div class=\"elementor-widget-wrap elementor-element-populated\">\n\t\t\t\t\t\t<div class=\"elementor-element elementor-element-04a0f77 elementor-widget elementor-widget-text-editor\" data-id=\"04a0f77\" data-element_type=\"widget\" data-widget_type=\"text-editor.default\">\n\t\t\t\t<div class=\"elementor-widget-container\">\n\t\t\t\t\t\t\t\t\t<p><span style=\"font-size: large;\"><strong>A Pilar le robaron a su hija en el a\u00f1o 73<\/strong>. Dio a luz en una cl\u00ednica privada regida por las monjas de la Caridad. <em>\u201c\u00c9ramos j\u00f3venes inexpertos. Y nos lo cre\u00edmos. Nos cre\u00edmos que hab\u00eda muerto, pero nos dijeron que no nos preocup\u00e1ramos, porque estaba bautizada y enterrada. Nada m\u00e1s\u201d<\/em>. <\/span><\/p><p><span style=\"font-size: large;\"><strong>Ximena Vera,<\/strong> dramaturga, directora teatral y psic\u00f3loga, es el pegamento que ha hecho posible poner sobre las tablas el drama de los beb\u00e9s robados en Espa\u00f1a. Su <strong>proyecto de teatro documental \u201cRevelando ausencias\u201d<\/strong> es un pu\u00f1etazo en el est\u00f3mago de una sociedad adormecida. <strong>El grito de una generaci\u00f3n de mujeres silenciadas por el franquismo, invisibilizadas, robadas.<\/strong> <em>\u201cEs un proyecto art\u00edstico y terap\u00e9utico que tiene la finalidad de construir un relato lo m\u00e1s inclusivo posible sobre las experiencias vividas por parte de familiares de beb\u00e9s robados y de los propios beb\u00e9s robados, intentando crear cierta conciencia social y construcci\u00f3n de memoria hist\u00f3rica de una parte importante de la historia, sobre todo la historia de las mujeres de nuestro pa\u00eds\u201d<\/em>, explica.<\/span><\/p>\t\t\t\t\t\t\t\t<\/div>\n\t\t\t\t<\/div>\n\t\t\t\t\t<\/div>\n\t\t<\/div>\n\t\t\t\t\t<\/div>\n\t\t<\/section>\n\t\t\t\t<section class=\"elementor-section elementor-top-section elementor-element elementor-element-2e80e4c elementor-section-boxed elementor-section-height-default elementor-section-height-default\" data-id=\"2e80e4c\" data-element_type=\"section\">\n\t\t\t\t\t\t<div class=\"elementor-container elementor-column-gap-default\">\n\t\t\t\t\t<div class=\"elementor-column elementor-col-100 elementor-top-column elementor-element elementor-element-03ad1cc\" data-id=\"03ad1cc\" data-element_type=\"column\">\n\t\t\t<div class=\"elementor-widget-wrap elementor-element-populated\">\n\t\t\t\t\t\t<div class=\"elementor-element elementor-element-f1cd55b elementor-widget elementor-widget-text-editor\" data-id=\"f1cd55b\" data-element_type=\"widget\" data-widget_type=\"text-editor.default\">\n\t\t\t\t<div class=\"elementor-widget-container\">\n\t\t\t\t\t\t\t\t\t<p><span style=\"font-size: large;\"><strong>Historias de mujeres.<\/strong> <strong>Madres a las que arrebataron sus beb\u00e9s. Hijas robadas de manera clandestina<\/strong> e impune. Hermanas conviviendo con la sombra de un hermano mellizo supuestamente fallecido. Historias. Tantas historias. <\/span><\/p><p><span style=\"font-size: large;\"><strong>Pilar Navarro e Irene Meca<\/strong>, en primera persona, y <strong>Marisol Bravo<\/strong> (interpretando el papel de <strong>Soledad Luque Delgado<\/strong>, presidenta de la asociaci\u00f3n \u201cTodos los ni\u00f1os robados son tambi\u00e9n mis ni\u00f1os\u201d) son tres voces resistentes. Contra la maldad. Contra la verg\u00fcenza. La burocracia de los hospitales. Contra el desaliento. El abandono de las instituciones. La perversi\u00f3n y el olvido. <\/span><\/p>\t\t\t\t\t\t\t\t<\/div>\n\t\t\t\t<\/div>\n\t\t\t\t\t<\/div>\n\t\t<\/div>\n\t\t\t\t\t<\/div>\n\t\t<\/section>\n\t\t\t\t<section class=\"elementor-section elementor-top-section elementor-element elementor-element-6992a0f elementor-section-boxed elementor-section-height-default elementor-section-height-default\" data-id=\"6992a0f\" data-element_type=\"section\">\n\t\t\t\t\t\t<div class=\"elementor-container elementor-column-gap-default\">\n\t\t\t\t\t<div class=\"elementor-column elementor-col-100 elementor-top-column elementor-element elementor-element-ce3f498\" data-id=\"ce3f498\" data-element_type=\"column\">\n\t\t\t<div class=\"elementor-widget-wrap elementor-element-populated\">\n\t\t\t\t\t\t<div class=\"elementor-element elementor-element-b538322 elementor-widget elementor-widget-heading\" data-id=\"b538322\" data-element_type=\"widget\" data-widget_type=\"heading.default\">\n\t\t\t\t<div class=\"elementor-widget-container\">\n\t\t\t\t\t<h2 class=\"elementor-heading-title elementor-size-default\">70 a\u00f1os de impunidad<\/h2>\t\t\t\t<\/div>\n\t\t\t\t<\/div>\n\t\t\t\t\t<\/div>\n\t\t<\/div>\n\t\t\t\t\t<\/div>\n\t\t<\/section>\n\t\t\t\t<section class=\"elementor-section elementor-top-section elementor-element elementor-element-154bdca elementor-section-boxed elementor-section-height-default elementor-section-height-default\" data-id=\"154bdca\" data-element_type=\"section\">\n\t\t\t\t\t\t<div class=\"elementor-container elementor-column-gap-default\">\n\t\t\t\t\t<div class=\"elementor-column elementor-col-100 elementor-top-column elementor-element elementor-element-23fafd0\" data-id=\"23fafd0\" data-element_type=\"column\">\n\t\t\t<div class=\"elementor-widget-wrap elementor-element-populated\">\n\t\t\t\t\t\t<div class=\"elementor-element elementor-element-735e428 elementor-widget elementor-widget-text-editor\" data-id=\"735e428\" data-element_type=\"widget\" data-widget_type=\"text-editor.default\">\n\t\t\t\t<div class=\"elementor-widget-container\">\n\t\t\t\t\t\t\t\t\t<p><em>\u201c<\/em><span style=\"font-size: large;\"><em><strong>Y el miedo<\/strong>. Ese miedo metido en los huesos desde siempre. No hables, no mires. No te muevas. No contestes\u2026 Ni respires\u201d<\/em>. Un miedo sigiloso, insondable, como la zarpa invisible que es capaz de traspasar unas l\u00edneas de texto, un gui\u00f3n teatral y manchar el aire transparente de esta tarde de parque donde los ni\u00f1os juegan despreocupados y <strong>estas tres mujeres espantan sus demonios ensayando una obra de teatro,<\/strong> tan oscura, a plena luz del d\u00eda.<\/span><\/p><p><span style=\"font-size: large;\">Los gritos de los ni\u00f1os salpican la tarde de alegr\u00eda. Juegan junto a sus padres y madres. Nada parece alterar la felicidad de este momento. Pero bajo nuestros pies <strong>se abre el reverso siniestro de la historia<\/strong>. <strong>Miles de ni\u00f1as y\u00a0ni\u00f1os fueron robados en Espa\u00f1a entre 1940 y 1990<\/strong>, seg\u00fan las principales asociaciones afectadas. Un cap\u00edtulo negro de nuestro pa\u00eds que nunca ha estado en la agenda pol\u00edtica, como denuncian las principales asociaciones de afectados.<\/span><\/p>\t\t\t\t\t\t\t\t<\/div>\n\t\t\t\t<\/div>\n\t\t\t\t\t<\/div>\n\t\t<\/div>\n\t\t\t\t\t<\/div>\n\t\t<\/section>\n\t\t\t\t<section class=\"elementor-section elementor-top-section elementor-element elementor-element-51bc135 elementor-section-boxed elementor-section-height-default elementor-section-height-default\" data-id=\"51bc135\" data-element_type=\"section\">\n\t\t\t\t\t\t<div class=\"elementor-container elementor-column-gap-default\">\n\t\t\t\t\t<div class=\"elementor-column elementor-col-100 elementor-top-column elementor-element elementor-element-8e2746c\" data-id=\"8e2746c\" data-element_type=\"column\">\n\t\t\t<div class=\"elementor-widget-wrap elementor-element-populated\">\n\t\t\t\t\t\t<div class=\"elementor-element elementor-element-b01288d elementor-widget elementor-widget-text-editor\" data-id=\"b01288d\" data-element_type=\"widget\" data-widget_type=\"text-editor.default\">\n\t\t\t\t<div class=\"elementor-widget-container\">\n\t\t\t\t\t\t\t\t\t<p><span style=\"font-size: large;\"><strong>El 27 de enero de 2011 se interpuso la primera demanda colectiva<\/strong> (impulsada por 261 familias) ante la <strong>Fiscal\u00eda General del Estado<\/strong> en la que se denunciaban casos de beb\u00e9s robados en Espa\u00f1a desde principios de los a\u00f1os 50 hasta principios de los 90. La noticia es el punto de partida de este experimento de teatro documental. A trav\u00e9s de la radio, las tres protagonistas, cada una en la soledad de su casa, <strong>toman conciencia del enga\u00f1o en el que han vivido<\/strong> durante d\u00e9cadas. Comienzan a brotar, a borbotones, las preguntas, la sensaci\u00f3n de vac\u00edo. Se inicia la lucha. De ventanilla en ventanilla. <strong>Puertas que se cierran. Respuestas que se niegan. Invisibilidad y desprecio<\/strong>. Y el dolor de la ausencia creciendo d\u00eda a d\u00eda. Solo <strong>en febrero de 2023 se consigui\u00f3 desbloquear la Proposici\u00f3n de Ley de Beb\u00e9s Robados en la Mesa del Congreso<\/strong>. \u00bfC\u00f3mo es posible haber soportado 70 a\u00f1os de impunidad? \u201c<em>Nuestra transici\u00f3n democr\u00e1tica tuvo muchos d\u00e9ficits estructurales. Entre ellos todav\u00eda existe el hecho de que la iglesia cat\u00f3lica siga teniendo la capacidad de aportar datos o no de nacimientos teniendo documentos en su poder. Esto hace que se sit\u00faen por encima de la Ley de Protecci\u00f3n de Datos por ejemplo<\/em>\u201d, sostiene <strong>Ximena Vera<\/strong>. <\/span><\/p>\t\t\t\t\t\t\t\t<\/div>\n\t\t\t\t<\/div>\n\t\t\t\t\t<\/div>\n\t\t<\/div>\n\t\t\t\t\t<\/div>\n\t\t<\/section>\n\t\t\t\t<section class=\"elementor-section elementor-top-section elementor-element elementor-element-9da293c elementor-section-boxed elementor-section-height-default elementor-section-height-default\" data-id=\"9da293c\" data-element_type=\"section\">\n\t\t\t\t\t\t<div class=\"elementor-container elementor-column-gap-default\">\n\t\t\t\t\t<div class=\"elementor-column elementor-col-100 elementor-top-column elementor-element elementor-element-0d395eb\" data-id=\"0d395eb\" data-element_type=\"column\">\n\t\t\t<div class=\"elementor-widget-wrap elementor-element-populated\">\n\t\t\t\t\t\t<div class=\"elementor-element elementor-element-2fbb237 elementor-widget elementor-widget-heading\" data-id=\"2fbb237\" data-element_type=\"widget\" data-widget_type=\"heading.default\">\n\t\t\t\t<div class=\"elementor-widget-container\">\n\t\t\t\t\t<h2 class=\"elementor-heading-title elementor-size-default\">Lo peor de la ausencia <\/h2>\t\t\t\t<\/div>\n\t\t\t\t<\/div>\n\t\t\t\t\t<\/div>\n\t\t<\/div>\n\t\t\t\t\t<\/div>\n\t\t<\/section>\n\t\t\t\t<section class=\"elementor-section elementor-top-section elementor-element elementor-element-d77f561 elementor-section-boxed elementor-section-height-default elementor-section-height-default\" data-id=\"d77f561\" data-element_type=\"section\">\n\t\t\t\t\t\t<div class=\"elementor-container elementor-column-gap-default\">\n\t\t\t\t\t<div class=\"elementor-column elementor-col-100 elementor-top-column elementor-element elementor-element-1ab0fc7\" data-id=\"1ab0fc7\" data-element_type=\"column\">\n\t\t\t<div class=\"elementor-widget-wrap elementor-element-populated\">\n\t\t\t\t\t\t<div class=\"elementor-element elementor-element-944452b elementor-widget elementor-widget-text-editor\" data-id=\"944452b\" data-element_type=\"widget\" data-widget_type=\"text-editor.default\">\n\t\t\t\t<div class=\"elementor-widget-container\">\n\t\t\t\t\t\t\t\t\t<p>\u201c<span style=\"font-size: large;\"><em>Lo peor de la ausencia es haber vivido todos estos a\u00f1os, yo tengo ahora 70, <strong>sin saber a d\u00f3nde perteneces<\/strong>, sin saber qui\u00e9n es tu familia, sin poner rostro a nadie de tu familia biol\u00f3gica. Y el estar siempre en esa continua b\u00fasqueda, en esas ganas de encontrar tus ra\u00edces, de conseguir buscarlos y encontrarlos<\/em>\u201d, relata <strong>Irene<\/strong>. Recientemente, el d\u00eda de San Isidro de este mismo 2023, consigui\u00f3 encontrar el rastro de sus familiares a trav\u00e9s de <strong>pruebas de ADN<\/strong>. Sin apoyo de ning\u00fan gobierno, remarca, \u201c<em>nunca nos han ayudado. Deber\u00edan ser conscientes del da\u00f1o que tenemos, que no se quita jam\u00e1s\u201d<\/em>. <\/span><\/p>\t\t\t\t\t\t\t\t<\/div>\n\t\t\t\t<\/div>\n\t\t\t\t\t<\/div>\n\t\t<\/div>\n\t\t\t\t\t<\/div>\n\t\t<\/section>\n\t\t\t\t<section class=\"elementor-section elementor-top-section elementor-element elementor-element-bd9ed90 elementor-section-boxed elementor-section-height-default elementor-section-height-default\" data-id=\"bd9ed90\" data-element_type=\"section\">\n\t\t\t\t\t\t<div class=\"elementor-container elementor-column-gap-default\">\n\t\t\t\t\t<div class=\"elementor-column elementor-col-100 elementor-top-column elementor-element elementor-element-b6bad14\" data-id=\"b6bad14\" data-element_type=\"column\">\n\t\t\t<div class=\"elementor-widget-wrap elementor-element-populated\">\n\t\t\t\t\t\t<div class=\"elementor-element elementor-element-236ebe5 elementor-widget elementor-widget-heading\" data-id=\"236ebe5\" data-element_type=\"widget\" data-widget_type=\"heading.default\">\n\t\t\t\t<div class=\"elementor-widget-container\">\n\t\t\t\t\t<h2 class=\"elementor-heading-title elementor-size-default\"><i>\u201cNing\u00fan gobierno nos ha ayudado a buscar. Deber\u00edan ser conscientes del da\u00f1o que tenemos, que no se quita jam\u00e1s\u201d <\/i><\/h2>\t\t\t\t<\/div>\n\t\t\t\t<\/div>\n\t\t\t\t\t<\/div>\n\t\t<\/div>\n\t\t\t\t\t<\/div>\n\t\t<\/section>\n\t\t\t\t<section class=\"elementor-section elementor-top-section elementor-element elementor-element-ffd1923 elementor-section-boxed elementor-section-height-default elementor-section-height-default\" data-id=\"ffd1923\" data-element_type=\"section\">\n\t\t\t\t\t\t<div class=\"elementor-container elementor-column-gap-default\">\n\t\t\t\t\t<div class=\"elementor-column elementor-col-100 elementor-top-column elementor-element elementor-element-4efc7df\" data-id=\"4efc7df\" data-element_type=\"column\">\n\t\t\t<div class=\"elementor-widget-wrap elementor-element-populated\">\n\t\t\t\t\t\t<div class=\"elementor-element elementor-element-4c11467 elementor-widget elementor-widget-image\" data-id=\"4c11467\" data-element_type=\"widget\" data-widget_type=\"image.default\">\n\t\t\t\t<div class=\"elementor-widget-container\">\n\t\t\t\t\t\t\t\t\t\t\t\t<figure class=\"wp-caption\">\n\t\t\t\t\t\t\t\t\t\t<img fetchpriority=\"high\" decoding=\"async\" width=\"1024\" height=\"682\" src=\"https:\/\/madridsindical.es\/archivo\/wp-content\/uploads\/2023\/10\/002IMG_5089-1024x682.jpg\" class=\"attachment-large size-large wp-image-3895\" alt=\"\" srcset=\"https:\/\/madridsindical.es\/archivo\/wp-content\/uploads\/2023\/10\/002IMG_5089-1024x682.jpg 1024w, https:\/\/madridsindical.es\/archivo\/wp-content\/uploads\/2023\/10\/002IMG_5089-300x200.jpg 300w, https:\/\/madridsindical.es\/archivo\/wp-content\/uploads\/2023\/10\/002IMG_5089-768x512.jpg 768w, https:\/\/madridsindical.es\/archivo\/wp-content\/uploads\/2023\/10\/002IMG_5089-1536x1024.jpg 1536w, https:\/\/madridsindical.es\/archivo\/wp-content\/uploads\/2023\/10\/002IMG_5089-465x310.jpg 465w, https:\/\/madridsindical.es\/archivo\/wp-content\/uploads\/2023\/10\/002IMG_5089-695x463.jpg 695w, https:\/\/madridsindical.es\/archivo\/wp-content\/uploads\/2023\/10\/002IMG_5089.jpg 2000w\" sizes=\"(max-width: 1024px) 100vw, 1024px\" \/>\t\t\t\t\t\t\t\t\t\t\t<figcaption class=\"widget-image-caption wp-caption-text\">Irene Meca<\/figcaption>\n\t\t\t\t\t\t\t\t\t\t<\/figure>\n\t\t\t\t\t\t\t\t\t<\/div>\n\t\t\t\t<\/div>\n\t\t\t\t\t<\/div>\n\t\t<\/div>\n\t\t\t\t\t<\/div>\n\t\t<\/section>\n\t\t\t\t<section class=\"elementor-section elementor-top-section elementor-element elementor-element-65b02dd elementor-section-boxed elementor-section-height-default elementor-section-height-default\" data-id=\"65b02dd\" data-element_type=\"section\">\n\t\t\t\t\t\t<div class=\"elementor-container elementor-column-gap-default\">\n\t\t\t\t\t<div class=\"elementor-column elementor-col-100 elementor-top-column elementor-element elementor-element-7a54d16\" data-id=\"7a54d16\" data-element_type=\"column\">\n\t\t\t<div class=\"elementor-widget-wrap elementor-element-populated\">\n\t\t\t\t\t\t<div class=\"elementor-element elementor-element-45dc72b elementor-widget elementor-widget-text-editor\" data-id=\"45dc72b\" data-element_type=\"widget\" data-widget_type=\"text-editor.default\">\n\t\t\t\t<div class=\"elementor-widget-container\">\n\t\t\t\t\t\t\t\t\t<p><span style=\"font-size: large;\">Despu\u00e9s de tantos a\u00f1os un rayo de luz parece disipar, tenuemente, las sombras de su ausencia. Hay puertas que cre\u00eda cerradas, pero que permanecieron entreabiertas contra el dolor y el olvido. \u00ab<em>Y lo m\u00e1s bonito que me han dicho cuando llegu\u00e9 con ellos es que toda su vida se habl\u00f3 de m\u00ed en la familia y que <strong>toda su vida hab\u00edan estado pensando qu\u00e9 habr\u00eda sido de aquel beb\u00e9<\/strong>\u00ab<\/em>.<\/span><\/p><p><span style=\"font-size: large;\">Irene creci\u00f3. Se cas\u00f3. Tuvo dos hijas. Desde hace dos a\u00f1os disfruta de su nieto. Comparti\u00f3 la revelaci\u00f3n de su ausencia con las compa\u00f1eras y compa\u00f1eros del colectivo de familiares de beb\u00e9s robados, a los que conoci\u00f3 una ma\u00f1ana en una concentraci\u00f3n en Plaza de Castilla y <strong>se convirtieron en su segunda familia<\/strong>.\u00bb <em>Al darse cuenta de que yo a mi edad haya podido encontrar a mi familia, lo que me dec\u00edan era que eso les ha dado un chute de esperanza incre\u00edble\u00bb<\/em>.<\/span><\/p>\t\t\t\t\t\t\t\t<\/div>\n\t\t\t\t<\/div>\n\t\t\t\t\t<\/div>\n\t\t<\/div>\n\t\t\t\t\t<\/div>\n\t\t<\/section>\n\t\t\t\t<section class=\"elementor-section elementor-top-section elementor-element elementor-element-cb71e37 elementor-section-boxed elementor-section-height-default elementor-section-height-default\" data-id=\"cb71e37\" data-element_type=\"section\">\n\t\t\t\t\t\t<div class=\"elementor-container elementor-column-gap-default\">\n\t\t\t\t\t<div class=\"elementor-column elementor-col-100 elementor-top-column elementor-element elementor-element-ebdbe42\" data-id=\"ebdbe42\" data-element_type=\"column\">\n\t\t\t<div class=\"elementor-widget-wrap elementor-element-populated\">\n\t\t\t\t\t\t<div class=\"elementor-element elementor-element-7b0bb6b elementor-widget elementor-widget-text-editor\" data-id=\"7b0bb6b\" data-element_type=\"widget\" data-widget_type=\"text-editor.default\">\n\t\t\t\t<div class=\"elementor-widget-container\">\n\t\t\t\t\t\t\t\t\t<p><span style=\"font-size: large;\"><strong>A Pilar la ausencia le golpe\u00f3 en diferentes fases<\/strong>. De maneras distintas. Primero se visti\u00f3 de culpa. M\u00e1s tarde de incredulidad. Desde 1973 hasta 2010<strong> la ausencia de su hija fue \u00abuna muerte digerida\u00bb<\/strong>. En 2010 comenz\u00f3 su b\u00fasqueda que contin\u00faa hoy en d\u00eda. Las preguntas la han torturado durante todos estos a\u00f1os. <strong>\u00bfPor qu\u00e9? \u00bfPor qu\u00e9 a m\u00ed? <\/strong><\/span><\/p><p><span style=\"font-size: large;\">\u00ab<em>Hay muchas, muchas v\u00edctimas que a algunas de ellas les pasa lo que me pas\u00f3 a m\u00ed y es dar vueltas a la familia de uno. \u00bfQu\u00e9 ha pasado en mi familia para que me quiten a mi hija? Entonces, claro, van surgiendo todos los antecedentes familiares de represaliados del franquismo por parte de mi padre y de mi abuelo con pena de muerte<\/em>\u00ab.<\/span><\/p>\t\t\t\t\t\t\t\t<\/div>\n\t\t\t\t<\/div>\n\t\t\t\t\t<\/div>\n\t\t<\/div>\n\t\t\t\t\t<\/div>\n\t\t<\/section>\n\t\t\t\t<section class=\"elementor-section elementor-top-section elementor-element elementor-element-5c151a1 elementor-section-boxed elementor-section-height-default elementor-section-height-default\" data-id=\"5c151a1\" data-element_type=\"section\">\n\t\t\t\t\t\t<div class=\"elementor-container elementor-column-gap-default\">\n\t\t\t\t\t<div class=\"elementor-column elementor-col-100 elementor-top-column elementor-element elementor-element-b5b7c9f\" data-id=\"b5b7c9f\" data-element_type=\"column\">\n\t\t\t<div class=\"elementor-widget-wrap elementor-element-populated\">\n\t\t\t\t\t\t<div class=\"elementor-element elementor-element-8ea0ac0 elementor-widget elementor-widget-image\" data-id=\"8ea0ac0\" data-element_type=\"widget\" data-widget_type=\"image.default\">\n\t\t\t\t<div class=\"elementor-widget-container\">\n\t\t\t\t\t\t\t\t\t\t\t\t<figure class=\"wp-caption\">\n\t\t\t\t\t\t\t\t\t\t<img decoding=\"async\" width=\"1024\" height=\"682\" src=\"https:\/\/madridsindical.es\/archivo\/wp-content\/uploads\/2023\/10\/002bIMG_5112-1024x682.jpg\" class=\"attachment-large size-large wp-image-3894\" alt=\"\" srcset=\"https:\/\/madridsindical.es\/archivo\/wp-content\/uploads\/2023\/10\/002bIMG_5112-1024x682.jpg 1024w, https:\/\/madridsindical.es\/archivo\/wp-content\/uploads\/2023\/10\/002bIMG_5112-300x200.jpg 300w, https:\/\/madridsindical.es\/archivo\/wp-content\/uploads\/2023\/10\/002bIMG_5112-768x512.jpg 768w, https:\/\/madridsindical.es\/archivo\/wp-content\/uploads\/2023\/10\/002bIMG_5112-1536x1024.jpg 1536w, https:\/\/madridsindical.es\/archivo\/wp-content\/uploads\/2023\/10\/002bIMG_5112-465x310.jpg 465w, https:\/\/madridsindical.es\/archivo\/wp-content\/uploads\/2023\/10\/002bIMG_5112-695x463.jpg 695w, https:\/\/madridsindical.es\/archivo\/wp-content\/uploads\/2023\/10\/002bIMG_5112.jpg 2000w\" sizes=\"(max-width: 1024px) 100vw, 1024px\" \/>\t\t\t\t\t\t\t\t\t\t\t<figcaption class=\"widget-image-caption wp-caption-text\">Pilar Navarro<\/figcaption>\n\t\t\t\t\t\t\t\t\t\t<\/figure>\n\t\t\t\t\t\t\t\t\t<\/div>\n\t\t\t\t<\/div>\n\t\t\t\t\t<\/div>\n\t\t<\/div>\n\t\t\t\t\t<\/div>\n\t\t<\/section>\n\t\t\t\t<section class=\"elementor-section elementor-top-section elementor-element elementor-element-f66ddb7 elementor-section-boxed elementor-section-height-default elementor-section-height-default\" data-id=\"f66ddb7\" data-element_type=\"section\">\n\t\t\t\t\t\t<div class=\"elementor-container elementor-column-gap-default\">\n\t\t\t\t\t<div class=\"elementor-column elementor-col-100 elementor-top-column elementor-element elementor-element-893e289\" data-id=\"893e289\" data-element_type=\"column\">\n\t\t\t<div class=\"elementor-widget-wrap elementor-element-populated\">\n\t\t\t\t\t\t<div class=\"elementor-element elementor-element-6abf0a2 elementor-widget elementor-widget-text-editor\" data-id=\"6abf0a2\" data-element_type=\"widget\" data-widget_type=\"text-editor.default\">\n\t\t\t\t<div class=\"elementor-widget-container\">\n\t\t\t\t\t\t\t\t\t<p><span style=\"font-size: large;\">Porque, como denuncian las creadoras de <strong>\u00abRevelando ausencias\u00bb<\/strong>, el robo de beb\u00e9s fue<strong> una forma m\u00e1s de represi\u00f3n de la dictadura franquista<\/strong>. <strong>Un castigo. Un eslab\u00f3n m\u00e1s en la lucha de clases.<\/strong> <em>\u00abEsto empez\u00f3 en la Guerra Civil, entonces, obviamente hay una motivaci\u00f3n ideol\u00f3gica o un paraguas ideol\u00f3gico que genera esta situaci\u00f3n. Tambi\u00e9n creo que es importante decir que esto, contra lo que piensa mucha gente, se sostuvo hasta bien entrada la democracia. Hay madres que buscan beb\u00e9s en los a\u00f1os 90\u00bb<\/em>, recuerda <strong>Ximena Vera.<\/strong> Se robaban beb\u00e9s a mujeres j\u00f3venes, empobrecidas, sin recursos. <em>\u201cEsto lo marcar\u00eda como sucesos que tienen que ver con la violencia contra las mujeres en un momento de m\u00e1xima vulnerabilidad, como es cuando acaban de dar a luz<\/em>\u201d, a\u00f1ade la directora teatral. <\/span><\/p>\t\t\t\t\t\t\t\t<\/div>\n\t\t\t\t<\/div>\n\t\t\t\t\t<\/div>\n\t\t<\/div>\n\t\t\t\t\t<\/div>\n\t\t<\/section>\n\t\t\t\t<section class=\"elementor-section elementor-top-section elementor-element elementor-element-36734b6 elementor-section-boxed elementor-section-height-default elementor-section-height-default\" data-id=\"36734b6\" data-element_type=\"section\">\n\t\t\t\t\t\t<div class=\"elementor-container elementor-column-gap-default\">\n\t\t\t\t\t<div class=\"elementor-column elementor-col-100 elementor-top-column elementor-element elementor-element-b1d19ed\" data-id=\"b1d19ed\" data-element_type=\"column\">\n\t\t\t<div class=\"elementor-widget-wrap elementor-element-populated\">\n\t\t\t\t\t\t<div class=\"elementor-element elementor-element-65aa0dc elementor-widget elementor-widget-heading\" data-id=\"65aa0dc\" data-element_type=\"widget\" data-widget_type=\"heading.default\">\n\t\t\t\t<div class=\"elementor-widget-container\">\n\t\t\t\t\t<h2 class=\"elementor-heading-title elementor-size-default\"><i>\u201cEl robo de beb\u00e9s fue una forma m\u00e1s de represi\u00f3n de la dictadura franquista, un castigo\u201d <\/i><\/h2>\t\t\t\t<\/div>\n\t\t\t\t<\/div>\n\t\t\t\t\t<\/div>\n\t\t<\/div>\n\t\t\t\t\t<\/div>\n\t\t<\/section>\n\t\t\t\t<section class=\"elementor-section elementor-top-section elementor-element elementor-element-4e86cb3 elementor-section-boxed elementor-section-height-default elementor-section-height-default\" data-id=\"4e86cb3\" data-element_type=\"section\">\n\t\t\t\t\t\t<div class=\"elementor-container elementor-column-gap-default\">\n\t\t\t\t\t<div class=\"elementor-column elementor-col-100 elementor-top-column elementor-element elementor-element-1f5a8d4\" data-id=\"1f5a8d4\" data-element_type=\"column\">\n\t\t\t<div class=\"elementor-widget-wrap elementor-element-populated\">\n\t\t\t\t\t\t<div class=\"elementor-element elementor-element-85f499c elementor-widget elementor-widget-image\" data-id=\"85f499c\" data-element_type=\"widget\" data-widget_type=\"image.default\">\n\t\t\t\t<div class=\"elementor-widget-container\">\n\t\t\t\t\t\t\t\t\t\t\t\t<figure class=\"wp-caption\">\n\t\t\t\t\t\t\t\t\t\t<img decoding=\"async\" width=\"1024\" height=\"694\" src=\"https:\/\/madridsindical.es\/archivo\/wp-content\/uploads\/2023\/10\/003IMG_5139-1024x694.jpg\" class=\"attachment-large size-large wp-image-3896\" alt=\"\" srcset=\"https:\/\/madridsindical.es\/archivo\/wp-content\/uploads\/2023\/10\/003IMG_5139-1024x694.jpg 1024w, https:\/\/madridsindical.es\/archivo\/wp-content\/uploads\/2023\/10\/003IMG_5139-300x203.jpg 300w, https:\/\/madridsindical.es\/archivo\/wp-content\/uploads\/2023\/10\/003IMG_5139-768x520.jpg 768w, https:\/\/madridsindical.es\/archivo\/wp-content\/uploads\/2023\/10\/003IMG_5139-1536x1041.jpg 1536w, https:\/\/madridsindical.es\/archivo\/wp-content\/uploads\/2023\/10\/003IMG_5139-465x315.jpg 465w, https:\/\/madridsindical.es\/archivo\/wp-content\/uploads\/2023\/10\/003IMG_5139-695x471.jpg 695w, https:\/\/madridsindical.es\/archivo\/wp-content\/uploads\/2023\/10\/003IMG_5139.jpg 2000w\" sizes=\"(max-width: 1024px) 100vw, 1024px\" \/>\t\t\t\t\t\t\t\t\t\t\t<figcaption class=\"widget-image-caption wp-caption-text\">Ximena Vera<\/figcaption>\n\t\t\t\t\t\t\t\t\t\t<\/figure>\n\t\t\t\t\t\t\t\t\t<\/div>\n\t\t\t\t<\/div>\n\t\t\t\t\t<\/div>\n\t\t<\/div>\n\t\t\t\t\t<\/div>\n\t\t<\/section>\n\t\t\t\t<section class=\"elementor-section elementor-top-section elementor-element elementor-element-9c23de3 elementor-section-boxed elementor-section-height-default elementor-section-height-default\" data-id=\"9c23de3\" data-element_type=\"section\">\n\t\t\t\t\t\t<div class=\"elementor-container elementor-column-gap-default\">\n\t\t\t\t\t<div class=\"elementor-column elementor-col-100 elementor-top-column elementor-element elementor-element-05c9a6f\" data-id=\"05c9a6f\" data-element_type=\"column\">\n\t\t\t<div class=\"elementor-widget-wrap elementor-element-populated\">\n\t\t\t\t\t\t<div class=\"elementor-element elementor-element-8df7da2 elementor-widget elementor-widget-heading\" data-id=\"8df7da2\" data-element_type=\"widget\" data-widget_type=\"heading.default\">\n\t\t\t\t<div class=\"elementor-widget-container\">\n\t\t\t\t\t<h2 class=\"elementor-heading-title elementor-size-default\">Teatro que cura <\/h2>\t\t\t\t<\/div>\n\t\t\t\t<\/div>\n\t\t\t\t\t<\/div>\n\t\t<\/div>\n\t\t\t\t\t<\/div>\n\t\t<\/section>\n\t\t\t\t<section class=\"elementor-section elementor-top-section elementor-element elementor-element-7d5c4c3 elementor-section-boxed elementor-section-height-default elementor-section-height-default\" data-id=\"7d5c4c3\" data-element_type=\"section\">\n\t\t\t\t\t\t<div class=\"elementor-container elementor-column-gap-default\">\n\t\t\t\t\t<div class=\"elementor-column elementor-col-100 elementor-top-column elementor-element elementor-element-80517e2\" data-id=\"80517e2\" data-element_type=\"column\">\n\t\t\t<div class=\"elementor-widget-wrap elementor-element-populated\">\n\t\t\t\t\t\t<div class=\"elementor-element elementor-element-c66ad07 elementor-widget elementor-widget-text-editor\" data-id=\"c66ad07\" data-element_type=\"widget\" data-widget_type=\"text-editor.default\">\n\t\t\t\t<div class=\"elementor-widget-container\">\n\t\t\t\t\t\t\t\t\t<p><span style=\"font-size: large;\"><strong>Irene y Pilar<\/strong>, sin ser actrices profesionales, han tenido el valor de <strong>doblegar al miedo y subirse a un escenario<\/strong>. Desnudarse como tal vez no hayan sido capaces de hacerlo antes. Adem\u00e1s de aportar \u00absu verdad\u00bb, Ximena Vera encontr\u00f3 en ellas \u00ab<strong>un gran talento interpretativo<\/strong>\u00ab. Ese que han repartido ya en diferentes salas teatrales. \u00bfQu\u00e9 notan en la mirada de los espectadores de \u00ab<strong>Revelando ausencias<\/strong>\u00ab? \u00ab<em>Sobre todo, mucho cari\u00f1o. No s\u00e9 c\u00f3mo explicarlo. Noto cari\u00f1o, que te miran con una cierta ternura, que te miran con una sonrisa, una sonrisa en los labios y en los ojos. Te sonr\u00eden y es muy gratificante\u00bb<\/em>, relata Irene. <\/span><\/p>\t\t\t\t\t\t\t\t<\/div>\n\t\t\t\t<\/div>\n\t\t\t\t\t<\/div>\n\t\t<\/div>\n\t\t\t\t\t<\/div>\n\t\t<\/section>\n\t\t\t\t<section class=\"elementor-section elementor-top-section elementor-element elementor-element-0c66fee elementor-section-boxed elementor-section-height-default elementor-section-height-default\" data-id=\"0c66fee\" data-element_type=\"section\">\n\t\t\t\t\t\t<div class=\"elementor-container elementor-column-gap-default\">\n\t\t\t\t\t<div class=\"elementor-column elementor-col-100 elementor-top-column elementor-element elementor-element-ad89de3\" data-id=\"ad89de3\" data-element_type=\"column\">\n\t\t\t<div class=\"elementor-widget-wrap elementor-element-populated\">\n\t\t\t\t\t\t<div class=\"elementor-element elementor-element-935f226 elementor-widget elementor-widget-text-editor\" data-id=\"935f226\" data-element_type=\"widget\" data-widget_type=\"text-editor.default\">\n\t\t\t\t<div class=\"elementor-widget-container\">\n\t\t\t\t\t\t\t\t\t<p><span style=\"font-size: large;\">Pilar <strong>no pierde la esperanza<\/strong> de encontrar a su hija a pesar de los \u00abmuchos porrazos\u00bb recibidos. Una \u00abrabia tremenda\u00bb es la gasolina para seguir luchando, para continuar la <strong>peregrinaci\u00f3n de tribunal en tribunal<\/strong>. El teatro se ha convertido en <strong>otra herramienta para buscar la verdad<\/strong>. \u00ab<em>El teatro te ayuda a avanzar en hablar a la gente, en comunicar a la gente en p\u00fablico. En quitarte el miedo. Porque el miedo es el que precisamente ha impedido hablar en las casas de todas estas cosas, \u00bfno?\u00bb<\/em>.<\/span><\/p><p><span style=\"font-size: large;\"><strong>Teatro necesario. Teatro valiente. Teatro que tambi\u00e9n puede curar<\/strong>. \u00ab<em>Hablamos mucho del estr\u00e9s postraum\u00e1tico, de las escenas que se repiten, de los pensamientos intrusivos, pero tambi\u00e9n hay una posibilidad de crecimiento postraum\u00e1tico que tiene que ver con todo lo que tiene que movilizar una persona a nivel de sus recursos para vivir con una ausencia, para situarse en un lugar de resiliencia, de lucha, de activismo<\/em>\u00ab, concluye <strong>Ximena Vera<\/strong>. <\/span><\/p>\t\t\t\t\t\t\t\t<\/div>\n\t\t\t\t<\/div>\n\t\t\t\t\t<\/div>\n\t\t<\/div>\n\t\t\t\t\t<\/div>\n\t\t<\/section>\n\t\t\t\t<section class=\"elementor-section elementor-top-section elementor-element elementor-element-32a2e75 elementor-section-boxed elementor-section-height-default elementor-section-height-default\" data-id=\"32a2e75\" data-element_type=\"section\">\n\t\t\t\t\t\t<div class=\"elementor-container elementor-column-gap-default\">\n\t\t\t\t\t<div class=\"elementor-column elementor-col-100 elementor-top-column elementor-element elementor-element-1b22664\" data-id=\"1b22664\" data-element_type=\"column\">\n\t\t\t<div class=\"elementor-widget-wrap elementor-element-populated\">\n\t\t\t\t\t\t<div class=\"elementor-element elementor-element-074b785 elementor-widget elementor-widget-text-editor\" data-id=\"074b785\" data-element_type=\"widget\" data-widget_type=\"text-editor.default\">\n\t\t\t\t<div class=\"elementor-widget-container\">\n\t\t\t\t\t\t\t\t\t<p><span style=\"font-size: large;\">Un activismo que ha llevado a las asociaciones a presentar un <strong>proyecto de Ley de Beb\u00e9s Robados<\/strong> <strong>hasta en tres legislaturas diferentes<\/strong>. Esperan que el pr\u00f3ximo gobierno acabe de una vez con esta pesadilla. \u201c<em>Hasta ahora no han tenido voluntad pol\u00edtica, no la han tenido. Pero nosotros no vamos a parar<\/em>\u201d, asegura Pilar. <\/span><\/p><p><span style=\"font-size: large;\"><strong>El pr\u00f3ximo s\u00e1bado 7 de octubre en el Auditorio Marcelino Camacho de Comisiones Obreras de Madrid<\/strong> estamos invitados a una sesi\u00f3n de teatro curativo. <strong>\u00abRevelando ausencias\u00bb<\/strong>, <strong>la necesaria luz sobre historias invisibles. <\/strong><\/span><\/p>\t\t\t\t\t\t\t\t<\/div>\n\t\t\t\t<\/div>\n\t\t\t\t\t<\/div>\n\t\t<\/div>\n\t\t\t\t\t<\/div>\n\t\t<\/section>\n\t\t\t\t<section class=\"elementor-section elementor-top-section elementor-element elementor-element-c78b407 elementor-section-boxed elementor-section-height-default elementor-section-height-default\" data-id=\"c78b407\" data-element_type=\"section\">\n\t\t\t\t\t\t<div class=\"elementor-container elementor-column-gap-default\">\n\t\t\t\t\t<div class=\"elementor-column elementor-col-100 elementor-top-column elementor-element elementor-element-3bdf5af\" data-id=\"3bdf5af\" data-element_type=\"column\">\n\t\t\t<div class=\"elementor-widget-wrap elementor-element-populated\">\n\t\t\t\t\t\t<div class=\"elementor-element elementor-element-e90e3a7 elementor-position-left elementor-view-default elementor-mobile-position-top elementor-widget elementor-widget-icon-box\" data-id=\"e90e3a7\" data-element_type=\"widget\" data-widget_type=\"icon-box.default\">\n\t\t\t\t<div class=\"elementor-widget-container\">\n\t\t\t\t\t\t\t<div class=\"elementor-icon-box-wrapper\">\n\n\t\t\t\t\t\t<div class=\"elementor-icon-box-icon\">\n\t\t\t\t<a href=\"https:\/\/madrid.ccoo.es\/cms.php?cd_cms_conte=672415&#038;cd_cms_pag=13183&#038;cd_cms_elconmaster_to=17&#038;d=2023-10-07&#038;opc_id=5c0c366f1d0d53f4ece5b43ed39c319c\" class=\"elementor-icon\" tabindex=\"-1\" aria-label=\"Consigue aqu\u00ed tus entradas\">\n\t\t\t\t<i aria-hidden=\"true\" class=\"fas fa-ticket-alt\"><\/i>\t\t\t\t<\/a>\n\t\t\t<\/div>\n\t\t\t\n\t\t\t\t\t\t<div class=\"elementor-icon-box-content\">\n\n\t\t\t\t\t\t\t\t\t<h3 class=\"elementor-icon-box-title\">\n\t\t\t\t\t\t<a href=\"https:\/\/madrid.ccoo.es\/cms.php?cd_cms_conte=672415&#038;cd_cms_pag=13183&#038;cd_cms_elconmaster_to=17&#038;d=2023-10-07&#038;opc_id=5c0c366f1d0d53f4ece5b43ed39c319c\" >\n\t\t\t\t\t\t\tConsigue aqu\u00ed tus entradas\t\t\t\t\t\t<\/a>\n\t\t\t\t\t<\/h3>\n\t\t\t\t\n\t\t\t\t\n\t\t\t<\/div>\n\t\t\t\n\t\t<\/div>\n\t\t\t\t\t\t<\/div>\n\t\t\t\t<\/div>\n\t\t\t\t\t<\/div>\n\t\t<\/div>\n\t\t\t\t\t<\/div>\n\t\t<\/section>\n\t\t\t\t<\/div>\n\t\t","protected":false},"excerpt":{"rendered":"<p>Revelando ausencias, luz sobre historias invisibles \u201cRevelando ausencias\u201d, el proyecto teatral basado en el drama de los beb\u00e9s robados en Espa\u00f1a, llega al Auditorio Marcelino Camacho el pr\u00f3ximo s\u00e1bado 7 de octubre. Una iniciativa terap\u00e9utica, justa y necesaria. Pocas veces el teatro puede ser m\u00e1s fiel a la vida. Direcci\u00f3n: Luis Lombardo. Texto: Eduardo Mesa.\u00a0 Fotos y v\u00eddeo: Fran Lorente. Montaje y edici\u00f3n v\u00eddeo: Javier Barrio \u00a0 Revelando ausencias, luz sobre historias invisibles. El drama<span class=\"more-link\"><a href=\"https:\/\/madridsindical.es\/archivo\/2023\/10\/02\/el-drama-de-los-bebes-robados\/\">Contin\u00faa leyendo<\/a><\/span><\/p>\n","protected":false},"author":1,"featured_media":3893,"comment_status":"closed","ping_status":"closed","sticky":false,"template":"","format":"standard","meta":{"footnotes":""},"categories":[25,3],"tags":[47],"class_list":["entry","author-madridsindical","post-3897","post","type-post","status-publish","format-standard","has-post-thumbnail","category-actualidad","category-entrevistas","tag-archivo"],"aioseo_notices":[],"_links":{"self":[{"href":"https:\/\/madridsindical.es\/archivo\/wp-json\/wp\/v2\/posts\/3897","targetHints":{"allow":["GET"]}}],"collection":[{"href":"https:\/\/madridsindical.es\/archivo\/wp-json\/wp\/v2\/posts"}],"about":[{"href":"https:\/\/madridsindical.es\/archivo\/wp-json\/wp\/v2\/types\/post"}],"author":[{"embeddable":true,"href":"https:\/\/madridsindical.es\/archivo\/wp-json\/wp\/v2\/users\/1"}],"replies":[{"embeddable":true,"href":"https:\/\/madridsindical.es\/archivo\/wp-json\/wp\/v2\/comments?post=3897"}],"version-history":[{"count":28,"href":"https:\/\/madridsindical.es\/archivo\/wp-json\/wp\/v2\/posts\/3897\/revisions"}],"predecessor-version":[{"id":3990,"href":"https:\/\/madridsindical.es\/archivo\/wp-json\/wp\/v2\/posts\/3897\/revisions\/3990"}],"wp:featuredmedia":[{"embeddable":true,"href":"https:\/\/madridsindical.es\/archivo\/wp-json\/wp\/v2\/media\/3893"}],"wp:attachment":[{"href":"https:\/\/madridsindical.es\/archivo\/wp-json\/wp\/v2\/media?parent=3897"}],"wp:term":[{"taxonomy":"category","embeddable":true,"href":"https:\/\/madridsindical.es\/archivo\/wp-json\/wp\/v2\/categories?post=3897"},{"taxonomy":"post_tag","embeddable":true,"href":"https:\/\/madridsindical.es\/archivo\/wp-json\/wp\/v2\/tags?post=3897"}],"curies":[{"name":"wp","href":"https:\/\/api.w.org\/{rel}","templated":true}]}}