{"id":3803,"date":"2023-05-12T08:55:04","date_gmt":"2023-05-12T08:55:04","guid":{"rendered":"https:\/\/madridsindical.es\/archivo\/?p=3803"},"modified":"2025-11-06T10:49:23","modified_gmt":"2025-11-06T10:49:23","slug":"entrevista-a-juan-moreno-autor-de-la-leyenda-negra-de-largo-caballero","status":"publish","type":"post","link":"https:\/\/madridsindical.es\/archivo\/2023\/05\/12\/entrevista-a-juan-moreno-autor-de-la-leyenda-negra-de-largo-caballero\/","title":{"rendered":"Entrevista a Juan Moreno, autor de \u201cLa leyenda negra de Largo Caballero\u201d"},"content":{"rendered":"\t\t<div data-elementor-type=\"wp-post\" data-elementor-id=\"3803\" class=\"elementor elementor-3803\">\n\t\t\t\t\t\t<section class=\"elementor-section elementor-top-section elementor-element elementor-element-a788dfc elementor-section-boxed elementor-section-height-default elementor-section-height-default\" data-id=\"a788dfc\" data-element_type=\"section\">\n\t\t\t\t\t\t<div class=\"elementor-container elementor-column-gap-default\">\n\t\t\t\t\t<div class=\"elementor-column elementor-col-100 elementor-top-column elementor-element elementor-element-6772489\" data-id=\"6772489\" data-element_type=\"column\">\n\t\t\t<div class=\"elementor-widget-wrap elementor-element-populated\">\n\t\t\t\t\t\t<div class=\"elementor-element elementor-element-0d58499 elementor-widget elementor-widget-heading\" data-id=\"0d58499\" data-element_type=\"widget\" data-widget_type=\"heading.default\">\n\t\t\t\t<div class=\"elementor-widget-container\">\n\t\t\t\t\t<h2 class=\"elementor-heading-title elementor-size-default\">\u201cTamames reprodujo la misma acusaci\u00f3n contra Largo Caballero que el agregado de la Gestapo en Madrid\u201d<\/h2>\t\t\t\t<\/div>\n\t\t\t\t<\/div>\n\t\t\t\t\t<\/div>\n\t\t<\/div>\n\t\t\t\t\t<\/div>\n\t\t<\/section>\n\t\t\t\t<section class=\"elementor-section elementor-top-section elementor-element elementor-element-0ecf878 elementor-section-boxed elementor-section-height-default elementor-section-height-default\" data-id=\"0ecf878\" data-element_type=\"section\">\n\t\t\t\t\t\t<div class=\"elementor-container elementor-column-gap-default\">\n\t\t\t\t\t<div class=\"elementor-column elementor-col-100 elementor-top-column elementor-element elementor-element-6610a1f\" data-id=\"6610a1f\" data-element_type=\"column\">\n\t\t\t<div class=\"elementor-widget-wrap elementor-element-populated\">\n\t\t\t\t\t\t<div class=\"elementor-element elementor-element-c16e9d5 elementor-widget elementor-widget-text-editor\" data-id=\"c16e9d5\" data-element_type=\"widget\" data-widget_type=\"text-editor.default\">\n\t\t\t\t<div class=\"elementor-widget-container\">\n\t\t\t\t\t\t\t\t\t<p><b>La depuraci\u00f3n p\u00f3stuma en 2020 por parte del Ayuntamiento de Madrid del \u00fanico obrero que ha ocupado la jefatura de Gobierno en Espa\u00f1a, al que la derecha quiere convertir en el nuevo rojo feroz, llev\u00f3 al investigador Juan Moreno a indagar en la biograf\u00eda de quien fue cinco veces concejal, ministro de Trabajo, ministro de la Guerra y presidente del Consejo de Ministros. El resultado es \u201cLa leyenda negra de Largo Caballero\u201d. Madrid Sindical entrevista a su autor. <\/b><\/p>\t\t\t\t\t\t\t\t<\/div>\n\t\t\t\t<\/div>\n\t\t\t\t\t<\/div>\n\t\t<\/div>\n\t\t\t\t\t<\/div>\n\t\t<\/section>\n\t\t\t\t<section class=\"elementor-section elementor-top-section elementor-element elementor-element-190d68d elementor-section-boxed elementor-section-height-default elementor-section-height-default\" data-id=\"190d68d\" data-element_type=\"section\">\n\t\t\t\t\t\t<div class=\"elementor-container elementor-column-gap-default\">\n\t\t\t\t\t<div class=\"elementor-column elementor-col-100 elementor-top-column elementor-element elementor-element-1ad144f\" data-id=\"1ad144f\" data-element_type=\"column\">\n\t\t\t<div class=\"elementor-widget-wrap elementor-element-populated\">\n\t\t\t\t\t\t<div class=\"elementor-element elementor-element-55cefca elementor-widget elementor-widget-text-editor\" data-id=\"55cefca\" data-element_type=\"widget\" data-widget_type=\"text-editor.default\">\n\t\t\t\t<div class=\"elementor-widget-container\">\n\t\t\t\t\t\t\t\t\t<p><b>Direcci\u00f3n: <a href=\"https:\/\/twitter.com\/lm_lombardo\" target=\"_blank\" rel=\"noopener\">Luis Lombardo.<\/a> Texto: <a href=\"https:\/\/twitter.com\/Alexacostabrava\">Alejandra Acosta<\/a>.\u00a0 Fotos y v\u00eddeo: <a href=\"https:\/\/twitter.com\/frlorente\" target=\"_blank\" rel=\"noopener\">Fran Lorente. <\/a><\/b><strong>Montaje y edici\u00f3n v\u00eddeo: Javier Cantizani<\/strong><\/p>\t\t\t\t\t\t\t\t<\/div>\n\t\t\t\t<\/div>\n\t\t\t\t\t<\/div>\n\t\t<\/div>\n\t\t\t\t\t<\/div>\n\t\t<\/section>\n\t\t\t\t<section class=\"elementor-section elementor-top-section elementor-element elementor-element-e0685d8 elementor-section-boxed elementor-section-height-default elementor-section-height-default\" data-id=\"e0685d8\" data-element_type=\"section\">\n\t\t\t\t\t\t<div class=\"elementor-container elementor-column-gap-default\">\n\t\t\t\t\t<div class=\"elementor-column elementor-col-100 elementor-top-column elementor-element elementor-element-3db6ad6\" data-id=\"3db6ad6\" data-element_type=\"column\">\n\t\t\t<div class=\"elementor-widget-wrap elementor-element-populated\">\n\t\t\t\t\t\t<section class=\"elementor-section elementor-inner-section elementor-element elementor-element-75a6e55 elementor-section-boxed elementor-section-height-default elementor-section-height-default\" data-id=\"75a6e55\" data-element_type=\"section\">\n\t\t\t\t\t\t<div class=\"elementor-container elementor-column-gap-default\">\n\t\t\t\t\t<div class=\"elementor-column elementor-col-50 elementor-inner-column elementor-element elementor-element-a7441dd\" data-id=\"a7441dd\" data-element_type=\"column\">\n\t\t\t<div class=\"elementor-widget-wrap elementor-element-populated\">\n\t\t\t\t\t\t<div class=\"elementor-element elementor-element-6b7ead7 elementor-view-default elementor-position-top elementor-mobile-position-top elementor-widget elementor-widget-icon-box\" data-id=\"6b7ead7\" data-element_type=\"widget\" data-widget_type=\"icon-box.default\">\n\t\t\t\t<div class=\"elementor-widget-container\">\n\t\t\t\t\t\t\t<div class=\"elementor-icon-box-wrapper\">\n\n\t\t\t\t\t\t<div class=\"elementor-icon-box-icon\">\n\t\t\t\t<a href=\"https:\/\/www.youtube.com\/watch?v=N2l837iv39w\" target=\"_blank\" class=\"elementor-icon\" tabindex=\"-1\" aria-label=\"Entrevista a Juan Moreno, autor de \u201cLa leyenda negra de Largo Caballero\u201d\">\n\t\t\t\t<i aria-hidden=\"true\" class=\"fab fa-youtube-square\"><\/i>\t\t\t\t<\/a>\n\t\t\t<\/div>\n\t\t\t\n\t\t\t\t\t\t<div class=\"elementor-icon-box-content\">\n\n\t\t\t\t\t\t\t\t\t<h3 class=\"elementor-icon-box-title\">\n\t\t\t\t\t\t<a href=\"https:\/\/www.youtube.com\/watch?v=N2l837iv39w\" target=\"_blank\" >\n\t\t\t\t\t\t\tEntrevista a Juan Moreno, autor de \u201cLa leyenda negra de Largo Caballero\u201d\t\t\t\t\t\t<\/a>\n\t\t\t\t\t<\/h3>\n\t\t\t\t\n\t\t\t\t\n\t\t\t<\/div>\n\t\t\t\n\t\t<\/div>\n\t\t\t\t\t\t<\/div>\n\t\t\t\t<\/div>\n\t\t\t\t\t<\/div>\n\t\t<\/div>\n\t\t\t\t<div class=\"elementor-column elementor-col-50 elementor-inner-column elementor-element elementor-element-a57964d\" data-id=\"a57964d\" data-element_type=\"column\">\n\t\t\t<div class=\"elementor-widget-wrap elementor-element-populated\">\n\t\t\t\t\t\t<div class=\"elementor-element elementor-element-ced9ae0 elementor-widget elementor-widget-video\" data-id=\"ced9ae0\" data-element_type=\"widget\" data-settings=\"{&quot;youtube_url&quot;:&quot;https:\\\/\\\/www.youtube.com\\\/watch?v=N2l837iv39w&quot;,&quot;video_type&quot;:&quot;youtube&quot;,&quot;controls&quot;:&quot;yes&quot;}\" data-widget_type=\"video.default\">\n\t\t\t\t<div class=\"elementor-widget-container\">\n\t\t\t\t\t\t\t<div class=\"elementor-wrapper elementor-open-inline\">\n\t\t\t<div class=\"elementor-video\"><\/div>\t\t<\/div>\n\t\t\t\t\t\t<\/div>\n\t\t\t\t<\/div>\n\t\t\t\t\t<\/div>\n\t\t<\/div>\n\t\t\t\t\t<\/div>\n\t\t<\/section>\n\t\t\t\t\t<\/div>\n\t\t<\/div>\n\t\t\t\t\t<\/div>\n\t\t<\/section>\n\t\t\t\t<section class=\"elementor-section elementor-top-section elementor-element elementor-element-745f549 elementor-section-boxed elementor-section-height-default elementor-section-height-default\" data-id=\"745f549\" data-element_type=\"section\">\n\t\t\t\t\t\t<div class=\"elementor-container elementor-column-gap-default\">\n\t\t\t\t\t<div class=\"elementor-column elementor-col-100 elementor-top-column elementor-element elementor-element-053ba2e\" data-id=\"053ba2e\" data-element_type=\"column\">\n\t\t\t<div class=\"elementor-widget-wrap elementor-element-populated\">\n\t\t\t\t\t\t<div class=\"elementor-element elementor-element-9e4ca1d elementor-widget elementor-widget-heading\" data-id=\"9e4ca1d\" data-element_type=\"widget\" data-widget_type=\"heading.default\">\n\t\t\t\t<div class=\"elementor-widget-container\">\n\t\t\t\t\t<h2 class=\"elementor-heading-title elementor-size-default\"><i>\u201cLa corrupci\u00f3n que encontraron Pablo Iglesias y Largo Caballero en el Ayuntamiento de Madrid era tremenda y descarada\u201d<\/i><\/h2>\t\t\t\t<\/div>\n\t\t\t\t<\/div>\n\t\t\t\t\t<\/div>\n\t\t<\/div>\n\t\t\t\t\t<\/div>\n\t\t<\/section>\n\t\t\t\t<section class=\"elementor-section elementor-top-section elementor-element elementor-element-bed0d1e elementor-section-boxed elementor-section-height-default elementor-section-height-default\" data-id=\"bed0d1e\" data-element_type=\"section\">\n\t\t\t\t\t\t<div class=\"elementor-container elementor-column-gap-default\">\n\t\t\t\t\t<div class=\"elementor-column elementor-col-100 elementor-top-column elementor-element elementor-element-6765c7c\" data-id=\"6765c7c\" data-element_type=\"column\">\n\t\t\t<div class=\"elementor-widget-wrap elementor-element-populated\">\n\t\t\t\t\t\t<div class=\"elementor-element elementor-element-3b07edc elementor-widget elementor-widget-text-editor\" data-id=\"3b07edc\" data-element_type=\"widget\" data-widget_type=\"text-editor.default\">\n\t\t\t\t<div class=\"elementor-widget-container\">\n\t\t\t\t\t\t\t\t\t<p><span style=\"font-weight: 400;\"><em>\u201cSe\u00f1ores, hay que sacrificar ciertas costumbres porque ha entrado en la Casa \u00a1la pareja de la guardia civil!\u201d<\/em>, exclam\u00f3 con sorna el alcalde de Madrid al ver aparecer a <strong>dos concejales que hab\u00edan denunciado los chanchullos y corruptelas<\/strong> que campaban con toda naturalidad entre los ediles de la Corporaci\u00f3n municipal. Acostumbraban, por ejemplo, a sortear entre ellos las vacantes de empleo que luego, a su vez, repart\u00edan a discreci\u00f3n entre familiares, amigos y correligionarios. Lo hac\u00edan con total impunidad, como si fuera lo m\u00e1s normal del mundo. As\u00ed estaban las cosas en 1905 cuando la izquierda obtuvo por primera vez representaci\u00f3n en la Casa de la Villa. Los dos concejales aludidos, que se negaron a participar en la componenda, eran los socialistas <strong>Pablo Iglesias y Francisco Largo Caballero<\/strong>. A este \u00faltimo, en 2020,<strong> a propuesta de Vox y con los votos a favor del PP y de Ciudadanos, el Ayuntamiento de Madrid lo borr\u00f3 del callejero madrile\u00f1o<\/strong>, adem\u00e1s de retirar la placa que recordaba la casa donde naci\u00f3 en el distrito de Chamber\u00ed.<\/span><\/p>\t\t\t\t\t\t\t\t<\/div>\n\t\t\t\t<\/div>\n\t\t\t\t\t<\/div>\n\t\t<\/div>\n\t\t\t\t\t<\/div>\n\t\t<\/section>\n\t\t\t\t<section class=\"elementor-section elementor-top-section elementor-element elementor-element-2549df3 elementor-section-boxed elementor-section-height-default elementor-section-height-default\" data-id=\"2549df3\" data-element_type=\"section\">\n\t\t\t\t\t\t<div class=\"elementor-container elementor-column-gap-default\">\n\t\t\t\t\t<div class=\"elementor-column elementor-col-100 elementor-top-column elementor-element elementor-element-aea4291\" data-id=\"aea4291\" data-element_type=\"column\">\n\t\t\t<div class=\"elementor-widget-wrap elementor-element-populated\">\n\t\t\t\t\t\t<div class=\"elementor-element elementor-element-92e0383 elementor-widget elementor-widget-heading\" data-id=\"92e0383\" data-element_type=\"widget\" data-widget_type=\"heading.default\">\n\t\t\t\t<div class=\"elementor-widget-container\">\n\t\t\t\t\t<h2 class=\"elementor-heading-title elementor-size-default\"><i>\u201cLos concejales repart\u00edan el empleo entre \nfamiliares, amigos y correligionarios\n\u201d<\/i><\/h2>\t\t\t\t<\/div>\n\t\t\t\t<\/div>\n\t\t\t\t\t<\/div>\n\t\t<\/div>\n\t\t\t\t\t<\/div>\n\t\t<\/section>\n\t\t\t\t<section class=\"elementor-section elementor-top-section elementor-element elementor-element-6f2ffdc elementor-section-boxed elementor-section-height-default elementor-section-height-default\" data-id=\"6f2ffdc\" data-element_type=\"section\">\n\t\t\t\t\t\t<div class=\"elementor-container elementor-column-gap-default\">\n\t\t\t\t\t<div class=\"elementor-column elementor-col-100 elementor-top-column elementor-element elementor-element-835bbfe\" data-id=\"835bbfe\" data-element_type=\"column\">\n\t\t\t<div class=\"elementor-widget-wrap elementor-element-populated\">\n\t\t\t\t\t\t<div class=\"elementor-element elementor-element-aab4748 elementor-widget elementor-widget-text-editor\" data-id=\"aab4748\" data-element_type=\"widget\" data-widget_type=\"text-editor.default\">\n\t\t\t\t<div class=\"elementor-widget-container\">\n\t\t\t\t\t\t\t\t\t<p><span style=\"font-weight: 400;\"><em>\u201cSin embargo, nadie le discute su hermosa calle a <strong>aquel alcalde que se re\u00eda de los concejales honestos<\/strong> y que con tan poco celo administraba el patrimonio de las vecinas y vecinos de Madrid. Se llamaba<strong> Alberto Aguilera<\/strong>\u201d<\/em>, comenta el investigador <strong>Juan Moreno<\/strong>, <strong>autor de <\/strong><\/span><strong><i>\u201cLa leyenda negra de Largo Caballero\u201d<\/i><\/strong><span style=\"font-weight: 400;\">, publicado recientemente por la <strong>editorial Almuzara<\/strong>. Fue la depuraci\u00f3n p\u00f3stuma del hist\u00f3rico l\u00edder socialista y sindical perpetrada en 2020 por la Instituci\u00f3n en la que fue cinco veces concejal lo que llev\u00f3 a Moreno a indagar en la figura del \u00fanico obrero que ha ocupado la jefatura de Gobierno en Espa\u00f1a. \u201c<em>Su acci\u00f3n pol\u00edtica<\/em>\u201d, subraya, \u201c<em>fue clave en el avance de los derechos de la clase trabajadora en las primeras cuatro d\u00e9cadas del siglo XX. Para desprestigiarle, la derecha y la extrema derecha quieren convertirlo en el nuevo rojo feroz<\/em>\u201d.<\/span><\/p><p><span style=\"font-weight: 400;\">A pesar de que <strong>la \u201calcaldada\u201d<\/strong>, que se ha llevado tambi\u00e9n por delante el nombre de la calle de Indalecio Prieto, ha sido <strong>tumbada por tres sentencias<\/strong>, <strong>Jos\u00e9 Luis Mart\u00ednez Almeida<\/strong> persiste en el desatino y ha recurrido ante el <strong>Tribunal Superior de Justicia de Madrid. <\/strong><\/span><\/p>\t\t\t\t\t\t\t\t<\/div>\n\t\t\t\t<\/div>\n\t\t\t\t\t<\/div>\n\t\t<\/div>\n\t\t\t\t\t<\/div>\n\t\t<\/section>\n\t\t\t\t<section class=\"elementor-section elementor-top-section elementor-element elementor-element-3aee310 elementor-section-boxed elementor-section-height-default elementor-section-height-default\" data-id=\"3aee310\" data-element_type=\"section\">\n\t\t\t\t\t\t<div class=\"elementor-container elementor-column-gap-default\">\n\t\t\t\t\t<div class=\"elementor-column elementor-col-100 elementor-top-column elementor-element elementor-element-fe0c6ba\" data-id=\"fe0c6ba\" data-element_type=\"column\">\n\t\t\t<div class=\"elementor-widget-wrap elementor-element-populated\">\n\t\t\t\t\t\t<div class=\"elementor-element elementor-element-700f1b6 elementor-widget elementor-widget-heading\" data-id=\"700f1b6\" data-element_type=\"widget\" data-widget_type=\"heading.default\">\n\t\t\t\t<div class=\"elementor-widget-container\">\n\t\t\t\t\t<h2 class=\"elementor-heading-title elementor-size-default\"><i>\u201cLa derecha y la extrema derecha quieren\nconvertirlo en el nuevo rojo feroz\u201d\n<\/i><\/h2>\t\t\t\t<\/div>\n\t\t\t\t<\/div>\n\t\t\t\t\t<\/div>\n\t\t<\/div>\n\t\t\t\t\t<\/div>\n\t\t<\/section>\n\t\t\t\t<section class=\"elementor-section elementor-top-section elementor-element elementor-element-43fc573 elementor-section-boxed elementor-section-height-default elementor-section-height-default\" data-id=\"43fc573\" data-element_type=\"section\">\n\t\t\t\t\t\t<div class=\"elementor-container elementor-column-gap-default\">\n\t\t\t\t\t<div class=\"elementor-column elementor-col-100 elementor-top-column elementor-element elementor-element-986b087\" data-id=\"986b087\" data-element_type=\"column\">\n\t\t\t<div class=\"elementor-widget-wrap elementor-element-populated\">\n\t\t\t\t\t\t<div class=\"elementor-element elementor-element-9c8cf08 elementor-widget elementor-widget-text-editor\" data-id=\"9c8cf08\" data-element_type=\"widget\" data-widget_type=\"text-editor.default\">\n\t\t\t\t<div class=\"elementor-widget-container\">\n\t\t\t\t\t\t\t\t\t<p><span style=\"font-weight: 400;\"><strong>Alba\u00f1il de oficio<\/strong> en la especialidad de estuquista, <strong>Largo Caballero<\/strong> tuvo una <strong>dilatada trayectoria como pol\u00edtico<\/strong>. Fue, adem\u00e1s de concejal, <strong>diputado, ministro de Trabajo, ministro de la Guerra y presidente del Consejo de Ministros.<\/strong> Aparte, ocup\u00f3 la presidencia del <strong>PSOE<\/strong> y la secretar\u00eda general de la <strong>UGT<\/strong>. <strong>Muri\u00f3 en Par\u00eds el 23 de marzo de 1946<\/strong> tras un penoso <strong>exilio<\/strong> en la Francia del r\u00e9gimen colaboracionista de Vichy. <strong>Perseguido por la Gestapo por orden de Franco<\/strong>, encaden\u00f3 detenciones en c\u00e1rceles y confinamientos forzosos hasta su traslado al <strong>campo de concentraci\u00f3n nazi de Sachsenhausen<\/strong>, al norte de Berl\u00edn, donde permaneci\u00f3 dos a\u00f1os, hasta abril de 1945. Morir\u00eda meses despu\u00e9s, a los <strong>77 a\u00f1os<\/strong>. \u201c<em>Yo sab\u00eda que donde \u00e9l estuviese hab\u00eda un hombre r\u00edgido, honesto, austero, sin claudicaciones ni vacilaciones, no como otros<\/em>\u201d, dijo de \u00e9l <strong>Manuel Aza\u00f1a.<\/strong><\/span><\/p>\t\t\t\t\t\t\t\t<\/div>\n\t\t\t\t<\/div>\n\t\t\t\t\t<\/div>\n\t\t<\/div>\n\t\t\t\t\t<\/div>\n\t\t<\/section>\n\t\t\t\t<section class=\"elementor-section elementor-top-section elementor-element elementor-element-f2b2576 elementor-section-boxed elementor-section-height-default elementor-section-height-default\" data-id=\"f2b2576\" data-element_type=\"section\">\n\t\t\t\t\t\t<div class=\"elementor-container elementor-column-gap-default\">\n\t\t\t\t\t<div class=\"elementor-column elementor-col-100 elementor-top-column elementor-element elementor-element-bd8518e\" data-id=\"bd8518e\" data-element_type=\"column\">\n\t\t\t<div class=\"elementor-widget-wrap elementor-element-populated\">\n\t\t\t\t\t\t<div class=\"elementor-element elementor-element-977b352 elementor-widget elementor-widget-text-editor\" data-id=\"977b352\" data-element_type=\"widget\" data-widget_type=\"text-editor.default\">\n\t\t\t\t<div class=\"elementor-widget-container\">\n\t\t\t\t\t\t\t\t\t<p><b>Madrid Sindical.- Empecemos por la gran metedura de pata del Gobierno municipal de intentar borrar la memoria de quien tanto hizo por desterrar las pr\u00e1cticas corruptas en el Ayuntamiento de Madrid de principios de siglo. Ya solo por eso se merecer\u00eda una gran avenida.<\/b><\/p><p><b>Juan Moreno.-<\/b><span style=\"font-weight: 400;\">\u00a0<strong>La corrupci\u00f3n<\/strong> que se encontraron Pablo Iglesias y Largo Caballero en el Ayuntamiento de Madrid era <strong>tremenda y descarada<\/strong>. Mucho peor de lo que hab\u00edan imaginado. Tanto Iglesias como Caballero y <strong>Garc\u00eda Ormaechea<\/strong> -porque fueron tres los concejales socialistas que entraron en la Corporaci\u00f3n en 1905- se negaron a participar de la componenda y consiguieron aprobar un reglamento para ingresos por oposici\u00f3n y concurso, aunque los partidos mayoritarios se las apa\u00f1aron para saltarse el procedimiento. En sus memorias, Largo Caballero cuenta que ser concejal le supuso m\u00e1s esfuerzo y preocupaciones que ser ministro.<\/span><\/p>\t\t\t\t\t\t\t\t<\/div>\n\t\t\t\t<\/div>\n\t\t\t\t\t<\/div>\n\t\t<\/div>\n\t\t\t\t\t<\/div>\n\t\t<\/section>\n\t\t\t\t<section class=\"elementor-section elementor-top-section elementor-element elementor-element-06f5a46 elementor-section-boxed elementor-section-height-default elementor-section-height-default\" data-id=\"06f5a46\" data-element_type=\"section\">\n\t\t\t\t\t\t<div class=\"elementor-container elementor-column-gap-default\">\n\t\t\t\t\t<div class=\"elementor-column elementor-col-100 elementor-top-column elementor-element elementor-element-db102ef\" data-id=\"db102ef\" data-element_type=\"column\">\n\t\t\t<div class=\"elementor-widget-wrap elementor-element-populated\">\n\t\t\t\t\t\t<div class=\"elementor-element elementor-element-19cda58 elementor-widget elementor-widget-heading\" data-id=\"19cda58\" data-element_type=\"widget\" data-widget_type=\"heading.default\">\n\t\t\t\t<div class=\"elementor-widget-container\">\n\t\t\t\t\t<h2 class=\"elementor-heading-title elementor-size-default\"><i>\u201cPara \u00e9l, estar afiliado significaba ser \nejemplar en todos los sentidos\"\n<\/i><\/h2>\t\t\t\t<\/div>\n\t\t\t\t<\/div>\n\t\t\t\t\t<\/div>\n\t\t<\/div>\n\t\t\t\t\t<\/div>\n\t\t<\/section>\n\t\t\t\t<section class=\"elementor-section elementor-top-section elementor-element elementor-element-0436794 elementor-section-boxed elementor-section-height-default elementor-section-height-default\" data-id=\"0436794\" data-element_type=\"section\">\n\t\t\t\t\t\t<div class=\"elementor-container elementor-column-gap-default\">\n\t\t\t\t\t<div class=\"elementor-column elementor-col-100 elementor-top-column elementor-element elementor-element-4a995be\" data-id=\"4a995be\" data-element_type=\"column\">\n\t\t\t<div class=\"elementor-widget-wrap elementor-element-populated\">\n\t\t\t\t\t\t<div class=\"elementor-element elementor-element-2ca2e6c elementor-widget elementor-widget-text-editor\" data-id=\"2ca2e6c\" data-element_type=\"widget\" data-widget_type=\"text-editor.default\">\n\t\t\t\t<div class=\"elementor-widget-container\">\n\t\t\t\t\t\t\t\t\t<p><b>MS.- Largo Caballero fue precursor de los primeros servicios asistenciales en Madrid en una \u00e9poca en la que si eras pobre y enfermabas te mor\u00edas.<\/b><\/p><p><b>JM.-<\/b><span style=\"font-weight: 400;\">\u00a0Impuls\u00f3 la <strong>Mutualidad Obrera<\/strong>, de la que fue gerente durante veinte a\u00f1os y que era su mayor orgullo. Era el \u00fanico lugar que asist\u00eda a los trabajadores que no pod\u00edan pagarse un m\u00e9dico, ya que entonces la medicina era completamente privada y hab\u00eda que pagarla. Ten\u00eda ambulatorios, dispensarios, farmacias, una cl\u00ednica y suministraba lo que llamaban la \u2018gota de leche\u2019 a los hijos de los obreros. Su sede principal estaba en la calle de Eloy Gonzalo y merecer\u00eda ser recordada con una placa. Sirvi\u00f3 de modelo para la reforma de las Casas de Socorro y para el proyecto de creaci\u00f3n del Seguro de Enfermedad del Instituto Nacional de Previsi\u00f3n.<\/span><\/p><p><b>MS.- El Gobierno municipal tambi\u00e9n elimin\u00f3 del callejero el nombre de Indalecio Prieto, pero no ha retirado la placa en el edificio de la calle Carranza donde naci\u00f3. \u00bfPor qu\u00e9 a uno s\u00ed y al otro no?<\/b><\/p><p><b>JM.-<\/b><span style=\"font-weight: 400;\">\u00a0Porque la de Indalecio Prieto la coloc\u00f3 <strong>Ana Botella<\/strong>. Es la \u00fanica explicaci\u00f3n.\u00a0<\/span><\/p><p><b>MS.- Qu\u00e9 tiempos aquellos en los que el Partido Popular quer\u00eda desmarcarse de su pasado de partido posfranquista. \u00bfC\u00f3mo interpreta esta involuci\u00f3n?<\/b><\/p><p><b>JM.-<\/b><span style=\"font-weight: 400;\">\u00a0<strong>Aznar<\/strong> hizo gestos como facilitar<\/span> <span style=\"font-weight: 400;\">la nacionalidad espa\u00f1ola a los brigadistas internacionales o elogiar a Manuel Aza\u00f1a cuando aparecieron sus diarios robados. Hay que tener en cuenta que en su primer mandato no ten\u00eda mayor\u00eda absoluta y le interesaba encaminar a la derecha a la asunci\u00f3n de que el franquismo fue, al menos, una etapa negativa en la historia de Espa\u00f1a. Seguramente tuvo mucho de oportunismo. Pero ahora, en el combate electoral, pesa m\u00e1s el deseo de zaherir al PSOE, de <strong>impregnarle de una imagen de partido revolucionario y\u00a0<\/strong><\/span><strong><i>\u2018guerracivilista\u2019<\/i><\/strong><span style=\"font-weight: 400;\">.<\/span><\/p>\t\t\t\t\t\t\t\t<\/div>\n\t\t\t\t<\/div>\n\t\t\t\t\t<\/div>\n\t\t<\/div>\n\t\t\t\t\t<\/div>\n\t\t<\/section>\n\t\t\t\t<section class=\"elementor-section elementor-top-section elementor-element elementor-element-56f4025 elementor-section-boxed elementor-section-height-default elementor-section-height-default\" data-id=\"56f4025\" data-element_type=\"section\">\n\t\t\t\t\t\t<div class=\"elementor-container elementor-column-gap-default\">\n\t\t\t\t\t<div class=\"elementor-column elementor-col-100 elementor-top-column elementor-element elementor-element-0bcb201\" data-id=\"0bcb201\" data-element_type=\"column\">\n\t\t\t<div class=\"elementor-widget-wrap elementor-element-populated\">\n\t\t\t\t\t\t<div class=\"elementor-element elementor-element-bc4a67c elementor-widget elementor-widget-heading\" data-id=\"bc4a67c\" data-element_type=\"widget\" data-widget_type=\"heading.default\">\n\t\t\t\t<div class=\"elementor-widget-container\">\n\t\t\t\t\t<h2 class=\"elementor-heading-title elementor-size-default\"><i>\u201cLa placa en la casa natal de Indalecio Prieto,\nque coloc\u00f3 Ana Botella, no la han retirado\"\n<\/i><\/h2>\t\t\t\t<\/div>\n\t\t\t\t<\/div>\n\t\t\t\t\t<\/div>\n\t\t<\/div>\n\t\t\t\t\t<\/div>\n\t\t<\/section>\n\t\t\t\t<section class=\"elementor-section elementor-top-section elementor-element elementor-element-2defcf5 elementor-section-boxed elementor-section-height-default elementor-section-height-default\" data-id=\"2defcf5\" data-element_type=\"section\">\n\t\t\t\t\t\t<div class=\"elementor-container elementor-column-gap-default\">\n\t\t\t\t\t<div class=\"elementor-column elementor-col-100 elementor-top-column elementor-element elementor-element-f65809f\" data-id=\"f65809f\" data-element_type=\"column\">\n\t\t\t<div class=\"elementor-widget-wrap elementor-element-populated\">\n\t\t\t\t\t\t<div class=\"elementor-element elementor-element-886c7ca elementor-widget elementor-widget-text-editor\" data-id=\"886c7ca\" data-element_type=\"widget\" data-widget_type=\"text-editor.default\">\n\t\t\t\t<div class=\"elementor-widget-container\">\n\t\t\t\t\t\t\t\t\t<p><b>MS.- Ah\u00ed Ram\u00f3n Tamames les ha echado una mano al se\u00f1alar en el Parlamento a Largo Caballero como responsable de la Guerra Civil<\/b><\/p><p><b>JM.-<\/b><span style=\"font-weight: 400;\">\u00a0Tamames reprodujo la misma acusaci\u00f3n contra Largo Caballero que el <strong>agregado de la Gestapo en Madrid<\/strong>, el comisario <strong>Paul Winzer<\/strong>, le hizo al dirigente republicano cuando estuvo detenido en 1943. Esa afirmaci\u00f3n solo puede ser producto, como \u00e9l mismo escribi\u00f3, de la ignorancia o de la mala fe. Decir que una guerra la desencadena una persona es un absurdo. Cualquier historiador puede desmontar esa teor\u00eda f\u00e1cilmente. Para empezar, cuando Largo Caballero acepta la presidencia del Gobierno, la guerra ya ha empezado. <strong>Los culpables fueron los militares que no aceptaron el resultado de las urnas<\/strong>. Desde meses antes de las elecciones hab\u00eda ruido de sables porque se ol\u00edan el resultado.<\/span><\/p><p><b>MS.- Es una manera tambi\u00e9n de retorcer la Ley de Memoria Democr\u00e1tica.<\/b><\/p><p><b>JM.-<\/b><span style=\"font-weight: 400;\">\u00a0La derecha espa\u00f1ola no acaba de asumir que a estas alturas tenemos que acabar con las ataduras del pasado franquista. No pasa nada porque se exhume a Franco, que fue un tirano y nadie lo discute. <strong>La derecha deber\u00eda estar de acuerdo y no embarullar<\/strong> resucitando la leyenda negra calumniosa de Largo Caballero.<\/span><\/p><p><b>MS.- En lo personal, \u00bfc\u00f3mo era Largo Caballero?<\/b><\/p><p><b>JM.-<\/b><span style=\"font-weight: 400;\">\u00a0Era un hombre muy serio en todos los sentidos, que iba siempre de frente, y marcado por una <strong>infancia muy dura<\/strong>, como lo era la de la mayor\u00eda de los ni\u00f1os de la clase obrera en el siglo XIX, con el agravante de que \u00e9l fue abandonado por su padre. Ten\u00eda 4 a\u00f1os y se qued\u00f3 solo con su madre. A los 7 a\u00f1os tuvo que dejar la escuela y ponerse a trabajar dando engrudo a las cajas de cart\u00f3n que luego repart\u00eda por los comercios de Chamber\u00ed, hasta que a los 9 a\u00f1os le ofrecen un puesto de estuquista. Trabaj\u00f3 durante 25 a\u00f1os en este oficio. Lo dej\u00f3 en 1906, al ser incompatible con el cargo de concejal.<\/span><\/p>\t\t\t\t\t\t\t\t<\/div>\n\t\t\t\t<\/div>\n\t\t\t\t\t<\/div>\n\t\t<\/div>\n\t\t\t\t\t<\/div>\n\t\t<\/section>\n\t\t\t\t<section class=\"elementor-section elementor-top-section elementor-element elementor-element-1d24d6b elementor-section-boxed elementor-section-height-default elementor-section-height-default\" data-id=\"1d24d6b\" data-element_type=\"section\">\n\t\t\t\t\t\t<div class=\"elementor-container elementor-column-gap-default\">\n\t\t\t\t\t<div class=\"elementor-column elementor-col-100 elementor-top-column elementor-element elementor-element-b378cec\" data-id=\"b378cec\" data-element_type=\"column\">\n\t\t\t<div class=\"elementor-widget-wrap elementor-element-populated\">\n\t\t\t\t\t\t<div class=\"elementor-element elementor-element-1e45736 elementor-widget elementor-widget-heading\" data-id=\"1e45736\" data-element_type=\"widget\" data-widget_type=\"heading.default\">\n\t\t\t\t<div class=\"elementor-widget-container\">\n\t\t\t\t\t<h2 class=\"elementor-heading-title elementor-size-default\"><i>\u201cEl Ministerio de Trabajo le ven\u00eda como \nanillo al dedo. Fue un ministro hiperactivo\u201d\n\n<\/i><\/h2>\t\t\t\t<\/div>\n\t\t\t\t<\/div>\n\t\t\t\t\t<\/div>\n\t\t<\/div>\n\t\t\t\t\t<\/div>\n\t\t<\/section>\n\t\t\t\t<section class=\"elementor-section elementor-top-section elementor-element elementor-element-715bc03 elementor-section-boxed elementor-section-height-default elementor-section-height-default\" data-id=\"715bc03\" data-element_type=\"section\">\n\t\t\t\t\t\t<div class=\"elementor-container elementor-column-gap-default\">\n\t\t\t\t\t<div class=\"elementor-column elementor-col-100 elementor-top-column elementor-element elementor-element-05f76a0\" data-id=\"05f76a0\" data-element_type=\"column\">\n\t\t\t<div class=\"elementor-widget-wrap elementor-element-populated\">\n\t\t\t\t\t\t<div class=\"elementor-element elementor-element-9cc04bd elementor-widget elementor-widget-text-editor\" data-id=\"9cc04bd\" data-element_type=\"widget\" data-widget_type=\"text-editor.default\">\n\t\t\t\t<div class=\"elementor-widget-container\">\n\t\t\t\t\t\t\t\t\t<p><b>MS.- Federica Montseny, que coincidi\u00f3 con \u00e9l en la c\u00e1rcel francesa de Limoges, donde ambos estuvieron detenidos en 1941, contaba una an\u00e9cdota que dice mucho de su personalidad.<\/b><\/p><p><b>JM.-\u00a0<\/b><span style=\"font-weight: 400;\">El director de la c\u00e1rcel le cont\u00f3 muy impresionado a Montseny que cuando le pregunt\u00f3 a Largo Caballero cu\u00e1l era su profesi\u00f3n para rellenar la ficha de recluso le respondi\u00f3 \u201cestuquista\u201d, es decir <strong>alba\u00f1il<\/strong>. El director esperaba que dijera exjefe de gobierno, o pol\u00edtico, al menos. Largo Caballero ya hab\u00eda dicho que al dejar sus cargos nunca tuvo que volver a la clase obrera porque <strong>nunca hab\u00eda salido de ella<\/strong>.<\/span><\/p><p><b>MS.- Cuentas en tu libro que no aceptaba de ninguna manera que le enga\u00f1aran.<\/b><\/p><p><b>JM.-<\/b><span style=\"font-weight: 400;\">\u00a0Es un rasgo muy suyo. Cuando siendo ni\u00f1o un patr\u00f3n le intenta pagar con una moneda que tiene m\u00e1s cobre que plata, \u00e9l se la tira a la cara y sale corriendo. Era el salario de una semana, pero prefiere quedarse sin nada antes de aceptar que le roben. Fue as\u00ed siempre. <strong>No toleraba las injusticias.<\/strong><\/span><\/p><p><b>MS.- El 2 de mayo de 1890, Largo Caballero oye hablar por primera vez del 1\u00ba de Mayo y de lo que significaba. Es una fecha clave en su biograf\u00eda.<\/b><\/p><p><b>JM.-<\/b><span style=\"font-weight: 400;\">\u00a0Unos compa\u00f1eros que hab\u00edan asistido al mitin del 1\u00ba de Mayo le contaron que Pablo Iglesias hab\u00eda pedido a los trabajadores que se asociaran. \u00c9l sigui\u00f3 la recomendaci\u00f3n e ingresa en la Sociedad de Alba\u00f1iles \u201cEl Trabajo\u201d y es entonces cuando adquiere una <strong>conciencia de clase organizada<\/strong>. Para \u00e9l, estar afiliado significaba unirse a otros trabajadores y ser ejemplar en todos los sentidos: ser un trabajador, un padre y un hijo ejemplar, y un compa\u00f1ero solidario. Y este pensamiento impregnar\u00e1 el ejercicio de todos los cargos que ocupar\u00e1 a lo largo de su vida.<\/span><\/p>\t\t\t\t\t\t\t\t<\/div>\n\t\t\t\t<\/div>\n\t\t\t\t\t<\/div>\n\t\t<\/div>\n\t\t\t\t\t<\/div>\n\t\t<\/section>\n\t\t\t\t<section class=\"elementor-section elementor-top-section elementor-element elementor-element-eabab80 elementor-section-boxed elementor-section-height-default elementor-section-height-default\" data-id=\"eabab80\" data-element_type=\"section\">\n\t\t\t\t\t\t<div class=\"elementor-container elementor-column-gap-default\">\n\t\t\t\t\t<div class=\"elementor-column elementor-col-100 elementor-top-column elementor-element elementor-element-1c17af0\" data-id=\"1c17af0\" data-element_type=\"column\">\n\t\t\t<div class=\"elementor-widget-wrap elementor-element-populated\">\n\t\t\t\t\t\t<div class=\"elementor-element elementor-element-cebc927 elementor-widget elementor-widget-heading\" data-id=\"cebc927\" data-element_type=\"widget\" data-widget_type=\"heading.default\">\n\t\t\t\t<div class=\"elementor-widget-container\">\n\t\t\t\t\t<h2 class=\"elementor-heading-title elementor-size-default\"><i>\u201cLas autoridades quer\u00edan enterrar a los muertos\ndeprisa para evitar disturbios\u201d\n\n\n<\/i><\/h2>\t\t\t\t<\/div>\n\t\t\t\t<\/div>\n\t\t\t\t\t<\/div>\n\t\t<\/div>\n\t\t\t\t\t<\/div>\n\t\t<\/section>\n\t\t\t\t<section class=\"elementor-section elementor-top-section elementor-element elementor-element-47d8d6c elementor-section-boxed elementor-section-height-default elementor-section-height-default\" data-id=\"47d8d6c\" data-element_type=\"section\">\n\t\t\t\t\t\t<div class=\"elementor-container elementor-column-gap-default\">\n\t\t\t\t\t<div class=\"elementor-column elementor-col-100 elementor-top-column elementor-element elementor-element-07f5212\" data-id=\"07f5212\" data-element_type=\"column\">\n\t\t\t<div class=\"elementor-widget-wrap elementor-element-populated\">\n\t\t\t\t\t\t<section class=\"elementor-section elementor-inner-section elementor-element elementor-element-cef5811 elementor-section-boxed elementor-section-height-default elementor-section-height-default\" data-id=\"cef5811\" data-element_type=\"section\">\n\t\t\t\t\t\t<div class=\"elementor-container elementor-column-gap-default\">\n\t\t\t\t\t<div class=\"elementor-column elementor-col-50 elementor-inner-column elementor-element elementor-element-a38a06d\" data-id=\"a38a06d\" data-element_type=\"column\">\n\t\t\t<div class=\"elementor-widget-wrap elementor-element-populated\">\n\t\t\t\t\t\t<div class=\"elementor-element elementor-element-0411f2d elementor-widget elementor-widget-text-editor\" data-id=\"0411f2d\" data-element_type=\"widget\" data-widget_type=\"text-editor.default\">\n\t\t\t\t<div class=\"elementor-widget-container\">\n\t\t\t\t\t\t\t\t\t<p><b>MS.- La primera gran manifestaci\u00f3n obrera en Madrid en la que participa Largo Caballero como dirigente se produce con motivo de un dram\u00e1tico accidente en las obras del Canal de Isabel II el 8 de abril de 1905, en el que mueren 30 trabajadores y 54 quedan heridos graves.<\/b><\/p><p><b>JM.-<\/b><span style=\"font-weight: 400;\">\u00a0El accidente caus\u00f3 una enorme conmoci\u00f3n. Las autoridades quer\u00edan enterrar a los muertos deprisa para evitar disturbios. Pero Largo Caballero, que estaba al frente del <strong>Centro Obrero<\/strong>, <strong>precedente de la Casa del Pueblo<\/strong>,<\/span> <span style=\"font-weight: 400;\">amenaza con una huelga general y consigue que se autorice una manifestaci\u00f3n. Miles y miles de trabajadores acompa\u00f1ar\u00e1n a los fallecidos desde la <strong>Plaza del Progreso, hoy Tirso de Molina<\/strong>, hasta las inmediaciones del cementerio. Y esa es la primera <strong>demostraci\u00f3n de fuerza de los sindicatos agrupados en la UGT<\/strong> y de Largo Caballero como dirigente.<\/span><\/p><p><b>MS.- Una de las cuestiones m\u00e1s pol\u00e9micas sobre Largo Caballero tiene que ver con su actuaci\u00f3n durante la dictadura de Primo de Rivera. \u00bfC\u00f3mo justific\u00f3 esa colaboraci\u00f3n?<\/b><\/p><p><b>JM.-<\/b><span style=\"font-weight: 400;\">\u00a0La decisi\u00f3n de no dimitir como vocal del Consejo de Trabajo, que era un \u00f3rgano consultivo donde hab\u00eda empresarios y otros sectores, no es personal. Pablo Iglesias y Juli\u00e1n Besteiro apoyan la misma decisi\u00f3n de no dimitir. El <strong>PSOE y la UGT<\/strong> hab\u00edan conseguido montar una amplia red de asistencia a los trabajadores, como mutualidades, cooperativas y casas del pueblo. La presencia en las instituciones facilitaba que el movimiento obrero tuviera fuerza y se consiguieran avances para los trabajadores.\u00a0<\/span><\/p>\t\t\t\t\t\t\t\t<\/div>\n\t\t\t\t<\/div>\n\t\t\t\t\t<\/div>\n\t\t<\/div>\n\t\t\t\t<div class=\"elementor-column elementor-col-50 elementor-inner-column elementor-element elementor-element-e2636a8\" data-id=\"e2636a8\" data-element_type=\"column\">\n\t\t\t<div class=\"elementor-widget-wrap elementor-element-populated\">\n\t\t\t\t\t\t<div class=\"elementor-element elementor-element-9c76def elementor-widget elementor-widget-image\" data-id=\"9c76def\" data-element_type=\"widget\" data-widget_type=\"image.default\">\n\t\t\t\t<div class=\"elementor-widget-container\">\n\t\t\t\t\t\t\t\t\t\t\t\t\t\t\t<img fetchpriority=\"high\" decoding=\"async\" width=\"701\" height=\"1024\" src=\"https:\/\/madridsindical.es\/archivo\/wp-content\/uploads\/2023\/05\/001IMG_1789-701x1024.jpg\" class=\"attachment-large size-large wp-image-3799\" alt=\"\" srcset=\"https:\/\/madridsindical.es\/archivo\/wp-content\/uploads\/2023\/05\/001IMG_1789-701x1024.jpg 701w, https:\/\/madridsindical.es\/archivo\/wp-content\/uploads\/2023\/05\/001IMG_1789-205x300.jpg 205w, https:\/\/madridsindical.es\/archivo\/wp-content\/uploads\/2023\/05\/001IMG_1789-768x1122.jpg 768w, https:\/\/madridsindical.es\/archivo\/wp-content\/uploads\/2023\/05\/001IMG_1789-1051x1536.jpg 1051w, https:\/\/madridsindical.es\/archivo\/wp-content\/uploads\/2023\/05\/001IMG_1789-1401x2048.jpg 1401w, https:\/\/madridsindical.es\/archivo\/wp-content\/uploads\/2023\/05\/001IMG_1789-376x550.jpg 376w, https:\/\/madridsindical.es\/archivo\/wp-content\/uploads\/2023\/05\/001IMG_1789-342x500.jpg 342w, https:\/\/madridsindical.es\/archivo\/wp-content\/uploads\/2023\/05\/001IMG_1789-scaled.jpg 1752w\" sizes=\"(max-width: 701px) 100vw, 701px\" \/>\t\t\t\t\t\t\t\t\t\t\t\t\t\t\t<\/div>\n\t\t\t\t<\/div>\n\t\t\t\t\t<\/div>\n\t\t<\/div>\n\t\t\t\t\t<\/div>\n\t\t<\/section>\n\t\t\t\t\t<\/div>\n\t\t<\/div>\n\t\t\t\t\t<\/div>\n\t\t<\/section>\n\t\t\t\t<section class=\"elementor-section elementor-top-section elementor-element elementor-element-5ad119b elementor-section-boxed elementor-section-height-default elementor-section-height-default\" data-id=\"5ad119b\" data-element_type=\"section\">\n\t\t\t\t\t\t<div class=\"elementor-container elementor-column-gap-default\">\n\t\t\t\t\t<div class=\"elementor-column elementor-col-100 elementor-top-column elementor-element elementor-element-e16970c\" data-id=\"e16970c\" data-element_type=\"column\">\n\t\t\t<div class=\"elementor-widget-wrap elementor-element-populated\">\n\t\t\t\t\t\t<div class=\"elementor-element elementor-element-0ed1bb6 elementor-widget elementor-widget-text-editor\" data-id=\"0ed1bb6\" data-element_type=\"widget\" data-widget_type=\"text-editor.default\">\n\t\t\t\t<div class=\"elementor-widget-container\">\n\t\t\t\t\t\t\t\t\t<p><span style=\"font-weight: 400;\">La <strong>dictadura de Primo de Rivera<\/strong> no era muy diferente de lo que hab\u00eda anteriormente, que era un <strong>Parlamento fraudulento<\/strong> elegido a dedo por el ministro de la Gobernaci\u00f3n, como todo el mundo sab\u00eda. Enfrentarse a ella supon\u00eda desmantelar el movimiento obrero a cambio de nada. Esa era la l\u00f3gica por la que acept\u00f3 tambi\u00e9n ser miembro del Consejo de Estado, que era un \u00f3rgano pol\u00edtico, pero no ejecutivo. Para Largo Caballero era algo absolutamente instrumental. Lo m\u00e1s criticable de la posici\u00f3n socialista es que Primo de Rivera se concentr\u00f3 en la represi\u00f3n sobre los anarquistas.<\/span><\/p>\t\t\t\t\t\t\t\t<\/div>\n\t\t\t\t<\/div>\n\t\t\t\t\t<\/div>\n\t\t<\/div>\n\t\t\t\t\t<\/div>\n\t\t<\/section>\n\t\t\t\t<section class=\"elementor-section elementor-top-section elementor-element elementor-element-0ae430f elementor-section-boxed elementor-section-height-default elementor-section-height-default\" data-id=\"0ae430f\" data-element_type=\"section\">\n\t\t\t\t\t\t<div class=\"elementor-container elementor-column-gap-default\">\n\t\t\t\t\t<div class=\"elementor-column elementor-col-100 elementor-top-column elementor-element elementor-element-14b47c9\" data-id=\"14b47c9\" data-element_type=\"column\">\n\t\t\t<div class=\"elementor-widget-wrap elementor-element-populated\">\n\t\t\t\t\t\t<div class=\"elementor-element elementor-element-7f4916c elementor-widget elementor-widget-heading\" data-id=\"7f4916c\" data-element_type=\"widget\" data-widget_type=\"heading.default\">\n\t\t\t\t<div class=\"elementor-widget-container\">\n\t\t\t\t\t<h2 class=\"elementor-heading-title elementor-size-default\"><i>\u201cDetenido por la Gestapo, permaneci\u00f3 dos a\u00f1os \nen un campo de concentraci\u00f3n\u201d\n\n<\/i><\/h2>\t\t\t\t<\/div>\n\t\t\t\t<\/div>\n\t\t\t\t\t<\/div>\n\t\t<\/div>\n\t\t\t\t\t<\/div>\n\t\t<\/section>\n\t\t\t\t<section class=\"elementor-section elementor-top-section elementor-element elementor-element-4e3d447 elementor-section-boxed elementor-section-height-default elementor-section-height-default\" data-id=\"4e3d447\" data-element_type=\"section\">\n\t\t\t\t\t\t<div class=\"elementor-container elementor-column-gap-default\">\n\t\t\t\t\t<div class=\"elementor-column elementor-col-100 elementor-top-column elementor-element elementor-element-72d46c6\" data-id=\"72d46c6\" data-element_type=\"column\">\n\t\t\t<div class=\"elementor-widget-wrap elementor-element-populated\">\n\t\t\t\t\t\t<div class=\"elementor-element elementor-element-a098453 elementor-widget elementor-widget-text-editor\" data-id=\"a098453\" data-element_type=\"widget\" data-widget_type=\"text-editor.default\">\n\t\t\t\t<div class=\"elementor-widget-container\">\n\t\t\t\t\t\t\t\t\t<p><b>MS.-. Es ministro de Trabajo con la II Rep\u00fablica, desde el 14 de abril de 1931 hasta septiembre de 1933. Casi dos a\u00f1os y medio. El Ministerio de Trabajo, dices, le ven\u00eda como anillo al dedo. \u00bfQu\u00e9 medidas puso en marcha?<\/b><\/p><p><b>JM.-<\/b><span style=\"font-weight: 400;\">\u00a0Fue un <strong>ministro de Trabajo hiperactivo<\/strong>. Aprob\u00f3 un reglamento para que la <strong>jornada de 8 horas<\/strong>, vigente desde 1919 pero que no se cumpl\u00eda, fuera de aplicaci\u00f3n efectiva en todo el pa\u00eds y, adem\u00e1s, la extendi\u00f3 a los trabajadores del campo, que en aquella \u00e9poca eran mayor\u00eda. Promulg\u00f3 tambi\u00e9n la <strong>Ley de T\u00e9rminos Municipales<\/strong>, que favorec\u00eda la contrataci\u00f3n de campesinos locales y limitaba el derecho de propiedad de las tierras mal explotadas. Y, sobre todo, se empe\u00f1\u00f3 en trasladar a la legislaci\u00f3n espa\u00f1ola todos los convenios de la <strong>Organizaci\u00f3n Internacional del Trabajo (OIT)<\/strong> que no se hab\u00edan aplicado. Largo Caballero fue miembro del Consejo de Administraci\u00f3n de la OIT desde su creaci\u00f3n en 1919 hasta 1939.<\/span><\/p><p><b>MS.- Le acusaron de hacer leyes socialistas.<\/b><\/p><p><b>JM.-<\/b><span style=\"font-weight: 400;\">\u00a0Y \u00e9l respond\u00eda que no eran socialistas, sino sociales, que estaban incluidas en el derecho internacional y que ya exist\u00edan en la mayor\u00eda de pa\u00edses democr\u00e1ticos de Europa.<\/span><\/p><p><b>MS.- Se coment\u00f3 entonces que Largo Caballero hab\u00eda hecho m\u00e1s leyes sociales en dos a\u00f1os que la III Rep\u00fablica Francesa en casi siete d\u00e9cadas.\u00a0\u00a0<\/b><\/p><p><b>JM.-<\/b><span style=\"font-weight: 400;\">\u00a0Curiosamente, ahora tenemos una ministra de Trabajo, <strong>Yolanda D\u00edaz<\/strong>, que tiene tambi\u00e9n un gran af\u00e1n legislador, en una situaci\u00f3n muy diferente, por supuesto. En ambos casos, supusieron y suponen avances laborales legislativos muy importantes. La labor de Largo Caballero al frente del Ministerio de Trabajo es tan indiscutible que parece mentira que <strong>los m\u00e1s cabestros de la derecha<\/strong> no lo quieran reconocer.<\/span><\/p><p><b>MS.- Resulta sorprendente que alguien que apenas fue a la escuela manifestara tanta determinaci\u00f3n para la acci\u00f3n pol\u00edtica y para tomar decisiones de gobierno en periodos enormemente complejos y convulsos.<\/b><\/p><p><b>JM.-\u00a0<\/b><span style=\"font-weight: 400;\">El hecho de que no hubiera recibido instrucci\u00f3n se le ha reprochado muchas veces cuando, por el contrario, se le ten\u00eda que haber valorado. Fue autodidacta. Ley\u00f3 much\u00edsimo, escrib\u00eda sus discursos, public\u00f3 muchos art\u00edculos y libros, y sus propias memorias. <strong>Las obras completas de Largo Caballero abarcan 16 tomos<\/strong>. No era un intelectual, pero en absoluto un ignorante. <\/span><\/p>\t\t\t\t\t\t\t\t<\/div>\n\t\t\t\t<\/div>\n\t\t\t\t\t<\/div>\n\t\t<\/div>\n\t\t\t\t\t<\/div>\n\t\t<\/section>\n\t\t\t\t<section class=\"elementor-section elementor-top-section elementor-element elementor-element-96ff166 elementor-section-boxed elementor-section-height-default elementor-section-height-default\" data-id=\"96ff166\" data-element_type=\"section\">\n\t\t\t\t\t\t<div class=\"elementor-container elementor-column-gap-default\">\n\t\t\t\t\t<div class=\"elementor-column elementor-col-100 elementor-top-column elementor-element elementor-element-09ea4f3\" data-id=\"09ea4f3\" data-element_type=\"column\">\n\t\t\t<div class=\"elementor-widget-wrap elementor-element-populated\">\n\t\t\t\t\t\t<div class=\"elementor-element elementor-element-ceaaf8a elementor-widget elementor-widget-heading\" data-id=\"ceaaf8a\" data-element_type=\"widget\" data-widget_type=\"heading.default\">\n\t\t\t\t<div class=\"elementor-widget-container\">\n\t\t\t\t\t<h2 class=\"elementor-heading-title elementor-size-default\"><i>\u201cTen\u00eda detr\u00e1s a la jaur\u00eda enviada por Franco en \nbusca de dirigentes republicanos\u201d\n\n\n<\/i><\/h2>\t\t\t\t<\/div>\n\t\t\t\t<\/div>\n\t\t\t\t\t<\/div>\n\t\t<\/div>\n\t\t\t\t\t<\/div>\n\t\t<\/section>\n\t\t\t\t<section class=\"elementor-section elementor-top-section elementor-element elementor-element-a918a42 elementor-section-boxed elementor-section-height-default elementor-section-height-default\" data-id=\"a918a42\" data-element_type=\"section\">\n\t\t\t\t\t\t<div class=\"elementor-container elementor-column-gap-default\">\n\t\t\t\t\t<div class=\"elementor-column elementor-col-100 elementor-top-column elementor-element elementor-element-1db8238\" data-id=\"1db8238\" data-element_type=\"column\">\n\t\t\t<div class=\"elementor-widget-wrap elementor-element-populated\">\n\t\t\t\t\t\t<div class=\"elementor-element elementor-element-30b34d0 elementor-widget elementor-widget-text-editor\" data-id=\"30b34d0\" data-element_type=\"widget\" data-widget_type=\"text-editor.default\">\n\t\t\t\t<div class=\"elementor-widget-container\">\n\t\t\t\t\t\t\t\t\t<p><b>MS.- Dedicas la \u00faltima parte del libro a su exilio en Francia, que fue terrible.<\/b><\/p><p><span style=\"font-weight: 400;\">JM.- <strong>Su exilio fue un verdadero calvario<\/strong>. Ten\u00eda detr\u00e1s a la jaur\u00eda enviada por Franco en busca de dirigentes republicanos. Cuando los nazis entran en Par\u00eds, huye al sur de Francia con su familia, pero le detienen. Pasa por c\u00e1rceles, residencias vigiladas, comisarias hasta que en febrero de <strong>1943 le ingresan en el cuartel de la Gestapo de Neuilly<\/strong>, y de aqu\u00ed le trasladan al campo de concentraci\u00f3n nazi de <strong>Sachsenhausen, en Berl\u00edn<\/strong>. Ten\u00eda 74 a\u00f1os y estaba muy enfermo. Cuando el campo es liberado en 1945 regresa a Paris. No quer\u00eda irse a M\u00e9xico porque ten\u00eda dos hijos presos en las c\u00e1rceles franquistas y porque <strong>quer\u00eda ayudar a restablecer la democracia en Espa\u00f1a.<\/strong><\/span><\/p><p><b>MS.- Muri\u00f3 a los pocos meses, pero a\u00fan le quedaron fuerzas para hacer un propuesta de reconciliaci\u00f3n.<\/b><\/p><p><b>JM.-<\/b><span style=\"font-weight: 400;\">\u00a0Largo Caballero coincide con Indalecio Prieto y los dirigentes del PCE en que <strong>no tiene sentido esperar que los aliados entren en Espa\u00f1a<\/strong> o que la presi\u00f3n internacional haga caer a Franco. Piensa que la mejor manera de hacer caer la dictadura es <strong>haciendo una propuesta generosa de reconciliaci\u00f3n<\/strong> y presenta un <strong>plan de 11 puntos<\/strong> con una mediaci\u00f3n de los pa\u00edses sudamericanos. Fue una ingenuidad pensar que Franco iba a aceptar hacerse el harakiri.<\/span><\/p><p><b>MS.- Al menos tuvo un funeral digno.<\/b><\/p><p><span style=\"font-weight: 400;\">JM.- Fue enterrado con honores de jefe de Estado en el <strong>cementerio P\u00e8re Lachaise<\/strong>, el m\u00e1s importante de <strong>Par\u00eds<\/strong>. Le despidieron m\u00e1s de 20.000 personas y a su funeral acudieron representantes del Gobierno franc\u00e9s y de todas las fuerzas pol\u00edticas internacionales y nacionales. <strong>En 1978 sus restos fueron trasladados a Madrid<\/strong>, como \u00e9l hab\u00eda pedido.<\/span><\/p>\t\t\t\t\t\t\t\t<\/div>\n\t\t\t\t<\/div>\n\t\t\t\t\t<\/div>\n\t\t<\/div>\n\t\t\t\t\t<\/div>\n\t\t<\/section>\n\t\t\t\t<section class=\"elementor-section elementor-top-section elementor-element elementor-element-764280b elementor-section-boxed elementor-section-height-default elementor-section-height-default\" data-id=\"764280b\" data-element_type=\"section\">\n\t\t\t\t\t\t<div class=\"elementor-container elementor-column-gap-default\">\n\t\t\t\t\t<div class=\"elementor-column elementor-col-100 elementor-top-column elementor-element elementor-element-1dc56a2\" data-id=\"1dc56a2\" data-element_type=\"column\">\n\t\t\t<div class=\"elementor-widget-wrap elementor-element-populated\">\n\t\t\t\t\t\t<div class=\"elementor-element elementor-element-8967cce elementor-widget-divider--view-line elementor-widget elementor-widget-divider\" data-id=\"8967cce\" data-element_type=\"widget\" data-widget_type=\"divider.default\">\n\t\t\t\t<div class=\"elementor-widget-container\">\n\t\t\t\t\t\t\t<div class=\"elementor-divider\">\n\t\t\t<span class=\"elementor-divider-separator\">\n\t\t\t\t\t\t<\/span>\n\t\t<\/div>\n\t\t\t\t\t\t<\/div>\n\t\t\t\t<\/div>\n\t\t\t\t\t<\/div>\n\t\t<\/div>\n\t\t\t\t\t<\/div>\n\t\t<\/section>\n\t\t\t\t<section class=\"elementor-section elementor-top-section elementor-element elementor-element-d8b915b elementor-section-boxed elementor-section-height-default elementor-section-height-default\" data-id=\"d8b915b\" data-element_type=\"section\">\n\t\t\t\t\t\t<div class=\"elementor-container elementor-column-gap-default\">\n\t\t\t\t\t<div class=\"elementor-column elementor-col-100 elementor-top-column elementor-element elementor-element-68769a1\" data-id=\"68769a1\" data-element_type=\"column\">\n\t\t\t<div class=\"elementor-widget-wrap elementor-element-populated\">\n\t\t\t\t\t\t<div class=\"elementor-element elementor-element-53ed7dc elementor-widget elementor-widget-text-editor\" data-id=\"53ed7dc\" data-element_type=\"widget\" data-widget_type=\"text-editor.default\">\n\t\t\t\t<div class=\"elementor-widget-container\">\n\t\t\t\t\t\t\t\t\t<p><b>Sobre al autor: Juan Moreno (Medina de la Torre, Badajoz, 1947) ha sido secretario general de CCOO Madrid, miembro de la Ejecutiva Confederal y consejero del Comit\u00e9 Econ\u00f3mico y Social Europeo. Adem\u00e1s de la de Largo Caballero, ha escrito semblanzas de Paul Lafargue y Laura Marx, Bruno Trentin e Indalecio Prieto. <\/b><\/p>\t\t\t\t\t\t\t\t<\/div>\n\t\t\t\t<\/div>\n\t\t\t\t\t<\/div>\n\t\t<\/div>\n\t\t\t\t\t<\/div>\n\t\t<\/section>\n\t\t\t\t<\/div>\n\t\t","protected":false},"excerpt":{"rendered":"<p>\u201cTamames reprodujo la misma acusaci\u00f3n contra Largo Caballero que el agregado de la Gestapo en Madrid\u201d La depuraci\u00f3n p\u00f3stuma en 2020 por parte del Ayuntamiento de Madrid del \u00fanico obrero que ha ocupado la jefatura de Gobierno en Espa\u00f1a, al que la derecha quiere convertir en el nuevo rojo feroz, llev\u00f3 al investigador Juan Moreno a indagar en la biograf\u00eda de quien fue cinco veces concejal, ministro de Trabajo, ministro de la Guerra y presidente<span class=\"more-link\"><a href=\"https:\/\/madridsindical.es\/archivo\/2023\/05\/12\/entrevista-a-juan-moreno-autor-de-la-leyenda-negra-de-largo-caballero\/\">Contin\u00faa leyendo<\/a><\/span><\/p>\n","protected":false},"author":1,"featured_media":3801,"comment_status":"closed","ping_status":"closed","sticky":false,"template":"","format":"standard","meta":{"footnotes":""},"categories":[3],"tags":[47],"class_list":["entry","author-madridsindical","post-3803","post","type-post","status-publish","format-standard","has-post-thumbnail","category-entrevistas","tag-archivo"],"aioseo_notices":[],"_links":{"self":[{"href":"https:\/\/madridsindical.es\/archivo\/wp-json\/wp\/v2\/posts\/3803","targetHints":{"allow":["GET"]}}],"collection":[{"href":"https:\/\/madridsindical.es\/archivo\/wp-json\/wp\/v2\/posts"}],"about":[{"href":"https:\/\/madridsindical.es\/archivo\/wp-json\/wp\/v2\/types\/post"}],"author":[{"embeddable":true,"href":"https:\/\/madridsindical.es\/archivo\/wp-json\/wp\/v2\/users\/1"}],"replies":[{"embeddable":true,"href":"https:\/\/madridsindical.es\/archivo\/wp-json\/wp\/v2\/comments?post=3803"}],"version-history":[{"count":15,"href":"https:\/\/madridsindical.es\/archivo\/wp-json\/wp\/v2\/posts\/3803\/revisions"}],"predecessor-version":[{"id":3885,"href":"https:\/\/madridsindical.es\/archivo\/wp-json\/wp\/v2\/posts\/3803\/revisions\/3885"}],"wp:featuredmedia":[{"embeddable":true,"href":"https:\/\/madridsindical.es\/archivo\/wp-json\/wp\/v2\/media\/3801"}],"wp:attachment":[{"href":"https:\/\/madridsindical.es\/archivo\/wp-json\/wp\/v2\/media?parent=3803"}],"wp:term":[{"taxonomy":"category","embeddable":true,"href":"https:\/\/madridsindical.es\/archivo\/wp-json\/wp\/v2\/categories?post=3803"},{"taxonomy":"post_tag","embeddable":true,"href":"https:\/\/madridsindical.es\/archivo\/wp-json\/wp\/v2\/tags?post=3803"}],"curies":[{"name":"wp","href":"https:\/\/api.w.org\/{rel}","templated":true}]}}