{"id":3373,"date":"2022-10-04T11:24:15","date_gmt":"2022-10-04T11:24:15","guid":{"rendered":"https:\/\/madridsindical.es\/archivo\/?p=3373"},"modified":"2025-11-06T10:49:23","modified_gmt":"2025-11-06T10:49:23","slug":"huir-o-morir-la-tragedia-de-las-mujeres-afganas","status":"publish","type":"post","link":"https:\/\/madridsindical.es\/archivo\/2022\/10\/04\/huir-o-morir-la-tragedia-de-las-mujeres-afganas\/","title":{"rendered":"Huir o morir: la tragedia de las mujeres afganas"},"content":{"rendered":"\t\t<div data-elementor-type=\"wp-post\" data-elementor-id=\"3373\" class=\"elementor elementor-3373\">\n\t\t\t\t\t\t<section class=\"elementor-section elementor-top-section elementor-element elementor-element-4405bf3 elementor-section-boxed elementor-section-height-default elementor-section-height-default\" data-id=\"4405bf3\" data-element_type=\"section\">\n\t\t\t\t\t\t<div class=\"elementor-container elementor-column-gap-default\">\n\t\t\t\t\t<div class=\"elementor-column elementor-col-100 elementor-top-column elementor-element elementor-element-4d30c76\" data-id=\"4d30c76\" data-element_type=\"column\">\n\t\t\t<div class=\"elementor-widget-wrap elementor-element-populated\">\n\t\t\t\t\t\t<div class=\"elementor-element elementor-element-7b52c2e elementor-widget elementor-widget-heading\" data-id=\"7b52c2e\" data-element_type=\"widget\" data-widget_type=\"heading.default\">\n\t\t\t\t<div class=\"elementor-widget-container\">\n\t\t\t\t\t<h2 class=\"elementor-heading-title elementor-size-default\">\u201cEl suicidio era mi \u00fanica salida si me cog\u00edan los talibanes\u201d<\/h2>\t\t\t\t<\/div>\n\t\t\t\t<\/div>\n\t\t\t\t\t<\/div>\n\t\t<\/div>\n\t\t\t\t\t<\/div>\n\t\t<\/section>\n\t\t\t\t<section class=\"elementor-section elementor-top-section elementor-element elementor-element-de65c45 elementor-section-boxed elementor-section-height-default elementor-section-height-default\" data-id=\"de65c45\" data-element_type=\"section\">\n\t\t\t\t\t\t<div class=\"elementor-container elementor-column-gap-default\">\n\t\t\t\t\t<div class=\"elementor-column elementor-col-100 elementor-top-column elementor-element elementor-element-6129d06\" data-id=\"6129d06\" data-element_type=\"column\">\n\t\t\t<div class=\"elementor-widget-wrap elementor-element-populated\">\n\t\t\t\t\t\t<div class=\"elementor-element elementor-element-2e30532 elementor-widget elementor-widget-text-editor\" data-id=\"2e30532\" data-element_type=\"widget\" data-widget_type=\"text-editor.default\">\n\t\t\t\t<div class=\"elementor-widget-container\">\n\t\t\t\t\t\t\t\t\t<p><a href=\"https:\/\/www.youtube.com\/watch?v=j8k1gjOm6pE\" target=\"_blank\" rel=\"noopener\"><span style=\"text-decoration: underline;\"><span style=\"color: #000000; text-decoration: underline;\"><strong>Con el lema de \u201cNo al olvido\u201d, el pasado jueves 6 de octubre de 2022 se celebr\u00f3 en la sede de CCOO de Madrid un acto de apoyo a las mujeres afganas<\/strong><\/span> <\/span><\/a>en el que se escuchar\u00e1 la voz de un grupo de exiliadas que ha logrado esquivar una muerte segura a manos de los talib\u00e1n.<strong> Hasta hace poco m\u00e1s de un a\u00f1o ejerc\u00edan en su pa\u00eds como juezas, periodistas, deportistas, ingenieras, activistas\u2026<\/strong>, lo que constituye un <strong>grave delito para la extrema derecha isl\u00e1mica que gobierna el pa\u00eds<\/strong> tras la retirada estadounidense. En Espa\u00f1a se sienten a salvo, pero <strong>temen que los medios de comunicaci\u00f3n y la comunidad internacional olviden que millones de ni\u00f1as y mujeres afganas<\/strong>, <strong>despojadas del m\u00e1s elemental derecho humano<\/strong>, han quedado aisladas a merced de un r\u00e9gimen de terror, condenadas a un perpetuo arresto domiciliario y a deambular ocultas bajo un sudario. <strong>Madrid Sindical<\/strong> ha recogido el <strong>desgarrador testimonio<\/strong> de <strong>cuatro j\u00f3venes afganas refugiadas en Madrid.<\/strong><\/p>\t\t\t\t\t\t\t\t<\/div>\n\t\t\t\t<\/div>\n\t\t\t\t\t<\/div>\n\t\t<\/div>\n\t\t\t\t\t<\/div>\n\t\t<\/section>\n\t\t\t\t<section class=\"elementor-section elementor-top-section elementor-element elementor-element-35276a2 elementor-section-boxed elementor-section-height-default elementor-section-height-default\" data-id=\"35276a2\" data-element_type=\"section\">\n\t\t\t\t\t\t<div class=\"elementor-container elementor-column-gap-default\">\n\t\t\t\t\t<div class=\"elementor-column elementor-col-100 elementor-top-column elementor-element elementor-element-322f481\" data-id=\"322f481\" data-element_type=\"column\">\n\t\t\t<div class=\"elementor-widget-wrap elementor-element-populated\">\n\t\t\t\t\t\t<div class=\"elementor-element elementor-element-13f2b22 elementor-widget elementor-widget-text-editor\" data-id=\"13f2b22\" data-element_type=\"widget\" data-widget_type=\"text-editor.default\">\n\t\t\t\t<div class=\"elementor-widget-container\">\n\t\t\t\t\t\t\t\t\t<p><b>Direcci\u00f3n: <a href=\"https:\/\/twitter.com\/lm_lombardo\" target=\"_blank\" rel=\"noopener\">Luis Lombardo.<\/a> Texto: <a href=\"https:\/\/twitter.com\/Alexacostabrava\" target=\"_blank\" rel=\"noopener\">Alejandra Acosta<\/a>. Int\u00e9rprete: <a href=\"https:\/\/twitter.com\/nazaninarmanian\" target=\"_blank\" rel=\"noopener\">Nazan\u00edn Armanian.<\/a>\u00a0 Fotos y v\u00eddeo: <a href=\"https:\/\/twitter.com\/frlorente\" target=\"_blank\" rel=\"noopener\">Fran Lorente. <\/a><\/b><strong>Montaje y edici\u00f3n v\u00eddeo:<\/strong> <a href=\"@jbarriosanz\" target=\"_blank\" rel=\"noopener\"><strong>Javier Barrio<\/strong><\/a><\/p>\t\t\t\t\t\t\t\t<\/div>\n\t\t\t\t<\/div>\n\t\t\t\t\t<\/div>\n\t\t<\/div>\n\t\t\t\t\t<\/div>\n\t\t<\/section>\n\t\t\t\t<section class=\"elementor-section elementor-top-section elementor-element elementor-element-0b8c698 elementor-section-boxed elementor-section-height-default elementor-section-height-default\" data-id=\"0b8c698\" data-element_type=\"section\">\n\t\t\t\t\t\t<div class=\"elementor-container elementor-column-gap-default\">\n\t\t\t\t\t<div class=\"elementor-column elementor-col-100 elementor-top-column elementor-element elementor-element-a68b099\" data-id=\"a68b099\" data-element_type=\"column\">\n\t\t\t<div class=\"elementor-widget-wrap elementor-element-populated\">\n\t\t\t\t\t\t<div class=\"elementor-element elementor-element-5f5b5e1 elementor-widget-divider--view-line elementor-widget elementor-widget-divider\" data-id=\"5f5b5e1\" data-element_type=\"widget\" data-widget_type=\"divider.default\">\n\t\t\t\t<div class=\"elementor-widget-container\">\n\t\t\t\t\t\t\t<div class=\"elementor-divider\">\n\t\t\t<span class=\"elementor-divider-separator\">\n\t\t\t\t\t\t<\/span>\n\t\t<\/div>\n\t\t\t\t\t\t<\/div>\n\t\t\t\t<\/div>\n\t\t\t\t\t<\/div>\n\t\t<\/div>\n\t\t\t\t\t<\/div>\n\t\t<\/section>\n\t\t\t\t<section class=\"elementor-section elementor-top-section elementor-element elementor-element-5763bd8 elementor-section-boxed elementor-section-height-default elementor-section-height-default\" data-id=\"5763bd8\" data-element_type=\"section\">\n\t\t\t\t\t\t<div class=\"elementor-container elementor-column-gap-default\">\n\t\t\t\t\t<div class=\"elementor-column elementor-col-100 elementor-top-column elementor-element elementor-element-96f658a\" data-id=\"96f658a\" data-element_type=\"column\">\n\t\t\t<div class=\"elementor-widget-wrap elementor-element-populated\">\n\t\t\t\t\t\t<div class=\"elementor-element elementor-element-a0535ec elementor-widget elementor-widget-heading\" data-id=\"a0535ec\" data-element_type=\"widget\" data-widget_type=\"heading.default\">\n\t\t\t\t<div class=\"elementor-widget-container\">\n\t\t\t\t\t<h2 class=\"elementor-heading-title elementor-size-default\">Asia Dunya, graduada social: \u201cNunca imagin\u00e9 despu\u00e9s de tanto estudiar que iba a perderlo todo\u201d<\/h2>\t\t\t\t<\/div>\n\t\t\t\t<\/div>\n\t\t\t\t\t<\/div>\n\t\t<\/div>\n\t\t\t\t\t<\/div>\n\t\t<\/section>\n\t\t\t\t<section class=\"elementor-section elementor-top-section elementor-element elementor-element-8b4d0c3 elementor-section-boxed elementor-section-height-default elementor-section-height-default\" data-id=\"8b4d0c3\" data-element_type=\"section\">\n\t\t\t\t\t\t<div class=\"elementor-container elementor-column-gap-default\">\n\t\t\t\t\t<div class=\"elementor-column elementor-col-100 elementor-top-column elementor-element elementor-element-85a0c27\" data-id=\"85a0c27\" data-element_type=\"column\">\n\t\t\t<div class=\"elementor-widget-wrap elementor-element-populated\">\n\t\t\t\t\t\t<div class=\"elementor-element elementor-element-a4e15f5 elementor-widget elementor-widget-text-editor\" data-id=\"a4e15f5\" data-element_type=\"widget\" data-widget_type=\"text-editor.default\">\n\t\t\t\t<div class=\"elementor-widget-container\">\n\t\t\t\t\t\t\t\t\t<p><span style=\"font-weight: 400;\"><strong>\u201c\u00bfPor qu\u00e9 he tenido que nacer mujer? Si fuera hombre tendr\u00eda derechos\u201d<\/strong>. Estremece escuchar el lamento de <strong>Asia Dunya<\/strong>, una refugiada afgana de 25 a\u00f1os que ha vivido una <strong>pesadilla desde que los talibanes recuperaron el poder en Afganist\u00e1n<\/strong> en agosto de 2021 tras la retirada estadounidense. La joven es <strong>periodista y graduada social<\/strong>. Trabajaba para el <strong>Departamento de Asuntos de la Mujer del distrito de Balkh<\/strong> en proyectos de empoderamiento de las mujeres en zonas lejanas. Su labor consist\u00eda en ayudarlas a encontrar un empleo para que pudieran <strong>ser aut\u00f3nomas<\/strong>. Un cometido peligroso que, finalmente, le ha costado perderlo todo. \u201cLos pueblos y aldeas lejanas han estados siempre bajo control talib\u00e1n. No se exhib\u00edan, pero sab\u00edamos que estaban ah\u00ed. <strong>Nos acusaban de desviar del buen camino a las mujeres<\/strong> y atacaban nuestros veh\u00edculos\u201d, relata.<\/span><\/p>\t\t\t\t\t\t\t\t<\/div>\n\t\t\t\t<\/div>\n\t\t\t\t\t<\/div>\n\t\t<\/div>\n\t\t\t\t\t<\/div>\n\t\t<\/section>\n\t\t\t\t<section class=\"elementor-section elementor-top-section elementor-element elementor-element-38004d7 elementor-section-boxed elementor-section-height-default elementor-section-height-default\" data-id=\"38004d7\" data-element_type=\"section\">\n\t\t\t\t\t\t<div class=\"elementor-container elementor-column-gap-default\">\n\t\t\t\t\t<div class=\"elementor-column elementor-col-100 elementor-top-column elementor-element elementor-element-74fa32c\" data-id=\"74fa32c\" data-element_type=\"column\">\n\t\t\t<div class=\"elementor-widget-wrap elementor-element-populated\">\n\t\t\t\t\t\t<div class=\"elementor-element elementor-element-a2e30b9 elementor-widget elementor-widget-image\" data-id=\"a2e30b9\" data-element_type=\"widget\" data-widget_type=\"image.default\">\n\t\t\t\t<div class=\"elementor-widget-container\">\n\t\t\t\t\t\t\t\t\t\t\t\t<figure class=\"wp-caption\">\n\t\t\t\t\t\t\t\t\t\t<img fetchpriority=\"high\" decoding=\"async\" width=\"1024\" height=\"682\" src=\"https:\/\/madridsindical.es\/archivo\/wp-content\/uploads\/2022\/10\/003IMG_6068-1024x682.jpg\" class=\"attachment-large size-large wp-image-3367\" alt=\"\" srcset=\"https:\/\/madridsindical.es\/archivo\/wp-content\/uploads\/2022\/10\/003IMG_6068-1024x682.jpg 1024w, https:\/\/madridsindical.es\/archivo\/wp-content\/uploads\/2022\/10\/003IMG_6068-300x200.jpg 300w, https:\/\/madridsindical.es\/archivo\/wp-content\/uploads\/2022\/10\/003IMG_6068-768x512.jpg 768w, https:\/\/madridsindical.es\/archivo\/wp-content\/uploads\/2022\/10\/003IMG_6068-1536x1024.jpg 1536w, https:\/\/madridsindical.es\/archivo\/wp-content\/uploads\/2022\/10\/003IMG_6068-465x310.jpg 465w, https:\/\/madridsindical.es\/archivo\/wp-content\/uploads\/2022\/10\/003IMG_6068-695x463.jpg 695w, https:\/\/madridsindical.es\/archivo\/wp-content\/uploads\/2022\/10\/003IMG_6068.jpg 2000w\" sizes=\"(max-width: 1024px) 100vw, 1024px\" \/>\t\t\t\t\t\t\t\t\t\t\t<figcaption class=\"widget-image-caption wp-caption-text\">Asia Dunya, graduada social afgana<\/figcaption>\n\t\t\t\t\t\t\t\t\t\t<\/figure>\n\t\t\t\t\t\t\t\t\t<\/div>\n\t\t\t\t<\/div>\n\t\t\t\t\t<\/div>\n\t\t<\/div>\n\t\t\t\t\t<\/div>\n\t\t<\/section>\n\t\t\t\t<section class=\"elementor-section elementor-top-section elementor-element elementor-element-2320953 elementor-section-boxed elementor-section-height-default elementor-section-height-default\" data-id=\"2320953\" data-element_type=\"section\">\n\t\t\t\t\t\t<div class=\"elementor-container elementor-column-gap-default\">\n\t\t\t\t\t<div class=\"elementor-column elementor-col-100 elementor-top-column elementor-element elementor-element-428fe46\" data-id=\"428fe46\" data-element_type=\"column\">\n\t\t\t<div class=\"elementor-widget-wrap elementor-element-populated\">\n\t\t\t\t\t\t<div class=\"elementor-element elementor-element-8ff54bd elementor-widget elementor-widget-text-editor\" data-id=\"8ff54bd\" data-element_type=\"widget\" data-widget_type=\"text-editor.default\">\n\t\t\t\t<div class=\"elementor-widget-container\">\n\t\t\t\t\t\t\t\t\t<p><span style=\"font-weight: 400;\">Al d\u00eda siguiente de su llegada al poder los talibanes <strong>cerraron el Ministerio de Asuntos de la Mujer<\/strong> y todas sus oficinas provinciales, e <strong>incluyeron a su personal en listas de detenci\u00f3n y ejecuci\u00f3n<\/strong>. <a href=\"https:\/\/twitter.com\/amnistiaespana\" target=\"_blank\" rel=\"noopener\"><strong>Amnist\u00eda Internacional<\/strong><\/a> constata registros puerta a puerta en los domicilios de juezas, abogadas, fiscales, defensoras de los derechos de la mujer, periodistas y activistas de ONGs.\u00a0<\/span><\/p><p><span style=\"font-weight: 400;\">Fueron a casa de Asia, pero no la encontraron y enviaron una notificaci\u00f3n a la familia para que se presentara en comisar\u00eda. \u201c<strong>Golpearon a mi madre,<\/strong> y cuando me enter\u00e9 de que hab\u00edan asesinado a una de mis compa\u00f1eras supe que <strong>ten\u00eda que salir de Afganist\u00e1n<\/strong>. Estuve dos meses escondida hasta que logr\u00e9 cruzar a <strong>Pakist\u00e1n<\/strong>. Ten\u00eda siempre un cuchillo encima de la mesa. <strong>El suicidio era mi \u00fanica salida si me cog\u00edan los talibanes<\/strong>\u201d. Ella misma hab\u00eda comprobado que en las aldeas la violencia contra las mujeres es tan brutal que muchas, desesperadas, se quitan la vida. <\/span><\/p>\t\t\t\t\t\t\t\t<\/div>\n\t\t\t\t<\/div>\n\t\t\t\t\t<\/div>\n\t\t<\/div>\n\t\t\t\t\t<\/div>\n\t\t<\/section>\n\t\t\t\t<section class=\"elementor-section elementor-top-section elementor-element elementor-element-89bdc58 elementor-section-boxed elementor-section-height-default elementor-section-height-default\" data-id=\"89bdc58\" data-element_type=\"section\">\n\t\t\t\t\t\t<div class=\"elementor-container elementor-column-gap-default\">\n\t\t\t\t\t<div class=\"elementor-column elementor-col-100 elementor-top-column elementor-element elementor-element-efd377e\" data-id=\"efd377e\" data-element_type=\"column\">\n\t\t\t<div class=\"elementor-widget-wrap elementor-element-populated\">\n\t\t\t\t\t\t<section class=\"elementor-section elementor-inner-section elementor-element elementor-element-5ef7a3e elementor-section-boxed elementor-section-height-default elementor-section-height-default\" data-id=\"5ef7a3e\" data-element_type=\"section\">\n\t\t\t\t\t\t<div class=\"elementor-container elementor-column-gap-default\">\n\t\t\t\t\t<div class=\"elementor-column elementor-col-50 elementor-inner-column elementor-element elementor-element-df94b98\" data-id=\"df94b98\" data-element_type=\"column\">\n\t\t\t<div class=\"elementor-widget-wrap elementor-element-populated\">\n\t\t\t\t\t\t<div class=\"elementor-element elementor-element-5f3bb44 elementor-widget elementor-widget-image\" data-id=\"5f3bb44\" data-element_type=\"widget\" data-widget_type=\"image.default\">\n\t\t\t\t<div class=\"elementor-widget-container\">\n\t\t\t\t\t\t\t\t\t\t\t\t\t\t\t<img decoding=\"async\" width=\"1024\" height=\"682\" src=\"https:\/\/madridsindical.es\/archivo\/wp-content\/uploads\/2022\/10\/004IMG_6081-1024x682.jpg\" class=\"attachment-large size-large wp-image-3368\" alt=\"\" srcset=\"https:\/\/madridsindical.es\/archivo\/wp-content\/uploads\/2022\/10\/004IMG_6081-1024x682.jpg 1024w, https:\/\/madridsindical.es\/archivo\/wp-content\/uploads\/2022\/10\/004IMG_6081-300x200.jpg 300w, https:\/\/madridsindical.es\/archivo\/wp-content\/uploads\/2022\/10\/004IMG_6081-768x512.jpg 768w, https:\/\/madridsindical.es\/archivo\/wp-content\/uploads\/2022\/10\/004IMG_6081-1536x1024.jpg 1536w, https:\/\/madridsindical.es\/archivo\/wp-content\/uploads\/2022\/10\/004IMG_6081-465x310.jpg 465w, https:\/\/madridsindical.es\/archivo\/wp-content\/uploads\/2022\/10\/004IMG_6081-695x463.jpg 695w, https:\/\/madridsindical.es\/archivo\/wp-content\/uploads\/2022\/10\/004IMG_6081.jpg 2000w\" sizes=\"(max-width: 1024px) 100vw, 1024px\" \/>\t\t\t\t\t\t\t\t\t\t\t\t\t\t\t<\/div>\n\t\t\t\t<\/div>\n\t\t\t\t\t<\/div>\n\t\t<\/div>\n\t\t\t\t<div class=\"elementor-column elementor-col-50 elementor-inner-column elementor-element elementor-element-6e401ef\" data-id=\"6e401ef\" data-element_type=\"column\">\n\t\t\t<div class=\"elementor-widget-wrap elementor-element-populated\">\n\t\t\t\t\t\t<div class=\"elementor-element elementor-element-4ba9674 elementor-widget elementor-widget-heading\" data-id=\"4ba9674\" data-element_type=\"widget\" data-widget_type=\"heading.default\">\n\t\t\t\t<div class=\"elementor-widget-container\">\n\t\t\t\t\t<h2 class=\"elementor-heading-title elementor-size-xxl\">Los talibanes cerraron el Ministerio de Asuntos de la Mujer\n<\/h2>\t\t\t\t<\/div>\n\t\t\t\t<\/div>\n\t\t\t\t\t<\/div>\n\t\t<\/div>\n\t\t\t\t\t<\/div>\n\t\t<\/section>\n\t\t\t\t\t<\/div>\n\t\t<\/div>\n\t\t\t\t\t<\/div>\n\t\t<\/section>\n\t\t\t\t<section class=\"elementor-section elementor-top-section elementor-element elementor-element-b7ff5e4 elementor-section-boxed elementor-section-height-default elementor-section-height-default\" data-id=\"b7ff5e4\" data-element_type=\"section\">\n\t\t\t\t\t\t<div class=\"elementor-container elementor-column-gap-default\">\n\t\t\t\t\t<div class=\"elementor-column elementor-col-100 elementor-top-column elementor-element elementor-element-e44a011\" data-id=\"e44a011\" data-element_type=\"column\">\n\t\t\t<div class=\"elementor-widget-wrap elementor-element-populated\">\n\t\t\t\t\t\t<div class=\"elementor-element elementor-element-a59501e elementor-widget elementor-widget-text-editor\" data-id=\"a59501e\" data-element_type=\"widget\" data-widget_type=\"text-editor.default\">\n\t\t\t\t<div class=\"elementor-widget-container\">\n\t\t\t\t\t\t\t\t\t<p><span style=\"font-weight: 400;\">Su estancia en Pakist\u00e1n siendo una chica sola, <strong>sin dinero y durmiendo en la calle<\/strong> fue otra experiencia traum\u00e1tica. No puede contener las l\u00e1grimas al recordarlo.\u00a0<\/span><\/p><p><span style=\"font-weight: 400;\">Su suerte cambi\u00f3 al contactar con <a href=\"https:\/\/twitter.com\/womenontherun21\" target=\"_blank\" rel=\"noopener\"><strong>Afghan woman on the run<\/strong><\/a>, el nombre de un grupo de nueve voluntarias espa\u00f1olas que se juntaron hace un a\u00f1o para <strong>rescatar a mujeres afganas en peligro de muerte inminente<\/strong>. Contactan con ellas directamente, a trav\u00e9s de whatsapp. <strong>Hasta el momento han logrado traer a Espa\u00f1a a 190 refugiadas<\/strong>. La mayor\u00eda son j\u00f3venes de entre 20 y 30 a\u00f1os, muchas de ellas periodistas y tambi\u00e9n abogadas y fiscales. \u201c<strong>Recibimos cada d\u00eda una decena de whatsapp pidiendo ayuda desesperada<\/strong>, pero estamos desbordadas y la mayor\u00eda de las peticiones ya no las podemos atender\u201d, explica <a href=\"https:\/\/twitter.com\/QueraltPe\" target=\"_blank\" rel=\"noopener\"><strong>Queralt Puigoriol<\/strong><\/a>, una de las voluntarias de <a href=\"https:\/\/twitter.com\/womenontherun21\" target=\"_blank\" rel=\"noopener\"><strong>Afghan woman on the run.\u00a0<\/strong><\/a><\/span><\/p><p><span style=\"font-weight: 400;\">\u201cNunca imagin\u00e9 que despu\u00e9s de tanto estudiar para llegar a ser algo en la vida iba a <strong>perderlo todo<\/strong>\u201d, dice apenada Asia, cuyos planes son quedarse en Espa\u00f1a, aprender cuanto antes el idioma \u201cy empezar una nueva vida sin sobresaltos\u201d.<\/span><\/p>\t\t\t\t\t\t\t\t<\/div>\n\t\t\t\t<\/div>\n\t\t\t\t\t<\/div>\n\t\t<\/div>\n\t\t\t\t\t<\/div>\n\t\t<\/section>\n\t\t\t\t<section class=\"elementor-section elementor-top-section elementor-element elementor-element-7e89faa elementor-section-boxed elementor-section-height-default elementor-section-height-default\" data-id=\"7e89faa\" data-element_type=\"section\">\n\t\t\t\t\t\t<div class=\"elementor-container elementor-column-gap-default\">\n\t\t\t\t\t<div class=\"elementor-column elementor-col-100 elementor-top-column elementor-element elementor-element-7359134\" data-id=\"7359134\" data-element_type=\"column\">\n\t\t\t<div class=\"elementor-widget-wrap elementor-element-populated\">\n\t\t\t\t\t\t<div class=\"elementor-element elementor-element-b716ddd elementor-widget-divider--view-line elementor-widget elementor-widget-divider\" data-id=\"b716ddd\" data-element_type=\"widget\" data-widget_type=\"divider.default\">\n\t\t\t\t<div class=\"elementor-widget-container\">\n\t\t\t\t\t\t\t<div class=\"elementor-divider\">\n\t\t\t<span class=\"elementor-divider-separator\">\n\t\t\t\t\t\t<\/span>\n\t\t<\/div>\n\t\t\t\t\t\t<\/div>\n\t\t\t\t<\/div>\n\t\t\t\t\t<\/div>\n\t\t<\/div>\n\t\t\t\t\t<\/div>\n\t\t<\/section>\n\t\t\t\t<section class=\"elementor-section elementor-top-section elementor-element elementor-element-484c7fe elementor-section-boxed elementor-section-height-default elementor-section-height-default\" data-id=\"484c7fe\" data-element_type=\"section\">\n\t\t\t\t\t\t<div class=\"elementor-container elementor-column-gap-default\">\n\t\t\t\t\t<div class=\"elementor-column elementor-col-100 elementor-top-column elementor-element elementor-element-2025f2e\" data-id=\"2025f2e\" data-element_type=\"column\">\n\t\t\t<div class=\"elementor-widget-wrap elementor-element-populated\">\n\t\t\t\t\t\t<div class=\"elementor-element elementor-element-d39d0f7 elementor-widget elementor-widget-heading\" data-id=\"d39d0f7\" data-element_type=\"widget\" data-widget_type=\"heading.default\">\n\t\t\t\t<div class=\"elementor-widget-container\">\n\t\t\t\t\t<h2 class=\"elementor-heading-title elementor-size-default\">Nelofar Shinwari, activista: \u201cMe rap\u00e9 en protesta por el asesinato de una mujer y me acusaron de lesbiana\u201d\n\n\n<\/h2>\t\t\t\t<\/div>\n\t\t\t\t<\/div>\n\t\t\t\t\t<\/div>\n\t\t<\/div>\n\t\t\t\t\t<\/div>\n\t\t<\/section>\n\t\t\t\t<section class=\"elementor-section elementor-top-section elementor-element elementor-element-685b08e elementor-section-boxed elementor-section-height-default elementor-section-height-default\" data-id=\"685b08e\" data-element_type=\"section\">\n\t\t\t\t\t\t<div class=\"elementor-container elementor-column-gap-default\">\n\t\t\t\t\t<div class=\"elementor-column elementor-col-100 elementor-top-column elementor-element elementor-element-07cc58f\" data-id=\"07cc58f\" data-element_type=\"column\">\n\t\t\t<div class=\"elementor-widget-wrap elementor-element-populated\">\n\t\t\t\t\t\t<div class=\"elementor-element elementor-element-2222d69 elementor-widget elementor-widget-text-editor\" data-id=\"2222d69\" data-element_type=\"widget\" data-widget_type=\"text-editor.default\">\n\t\t\t\t<div class=\"elementor-widget-container\">\n\t\t\t\t\t\t\t\t\t<p><span style=\"font-weight: 400;\"><strong>\u201cSoy una mujer feminista y rebelde<\/strong>, y tengo un sentido muy arraigado de la justicia. <strong>Los talibanes pagar\u00e1n por lo que les hacen a las mujeres<\/strong>\u201d, augura <strong>Nelofar Shinwari<\/strong>, una aguerrida y valiente activista de 24 a\u00f1os que quiere \u201cestudiar mucho\u201d para <strong>dedicarse a la pol\u00edtica<\/strong>, regresar a Afganist\u00e1n y <strong>organizar a las mujeres contra el patriarcado religioso y criminal que las oprime<\/strong>. Sue\u00f1a incluso con llegar a ser presidenta de su pa\u00eds. Por lo pronto ya reivindica cambios de calado: \u201cLa religi\u00f3n tiene que estar separada del poder pol\u00edtico. <strong>Los problemas de Afganist\u00e1n no se resolver\u00e1n\u00a0 a trav\u00e9s de la religi\u00f3n\u201d<\/strong>. As\u00ed de claro lo tiene.<\/span><\/p>\t\t\t\t\t\t\t\t<\/div>\n\t\t\t\t<\/div>\n\t\t\t\t\t<\/div>\n\t\t<\/div>\n\t\t\t\t\t<\/div>\n\t\t<\/section>\n\t\t\t\t<section class=\"elementor-section elementor-top-section elementor-element elementor-element-3c49a3d elementor-section-boxed elementor-section-height-default elementor-section-height-default\" data-id=\"3c49a3d\" data-element_type=\"section\">\n\t\t\t\t\t\t<div class=\"elementor-container elementor-column-gap-default\">\n\t\t\t\t\t<div class=\"elementor-column elementor-col-100 elementor-top-column elementor-element elementor-element-b9028ee\" data-id=\"b9028ee\" data-element_type=\"column\">\n\t\t\t<div class=\"elementor-widget-wrap elementor-element-populated\">\n\t\t\t\t\t\t<div class=\"elementor-element elementor-element-3cce987 elementor-widget elementor-widget-image\" data-id=\"3cce987\" data-element_type=\"widget\" data-widget_type=\"image.default\">\n\t\t\t\t<div class=\"elementor-widget-container\">\n\t\t\t\t\t\t\t\t\t\t\t\t<figure class=\"wp-caption\">\n\t\t\t\t\t\t\t\t\t\t<img decoding=\"async\" width=\"1024\" height=\"682\" src=\"https:\/\/madridsindical.es\/archivo\/wp-content\/uploads\/2022\/10\/008IMG_6125-1024x682.jpg\" class=\"attachment-large size-large wp-image-3372\" alt=\"\" srcset=\"https:\/\/madridsindical.es\/archivo\/wp-content\/uploads\/2022\/10\/008IMG_6125-1024x682.jpg 1024w, https:\/\/madridsindical.es\/archivo\/wp-content\/uploads\/2022\/10\/008IMG_6125-300x200.jpg 300w, https:\/\/madridsindical.es\/archivo\/wp-content\/uploads\/2022\/10\/008IMG_6125-768x512.jpg 768w, https:\/\/madridsindical.es\/archivo\/wp-content\/uploads\/2022\/10\/008IMG_6125-1536x1024.jpg 1536w, https:\/\/madridsindical.es\/archivo\/wp-content\/uploads\/2022\/10\/008IMG_6125-465x310.jpg 465w, https:\/\/madridsindical.es\/archivo\/wp-content\/uploads\/2022\/10\/008IMG_6125-695x463.jpg 695w, https:\/\/madridsindical.es\/archivo\/wp-content\/uploads\/2022\/10\/008IMG_6125.jpg 2000w\" sizes=\"(max-width: 1024px) 100vw, 1024px\" \/>\t\t\t\t\t\t\t\t\t\t\t<figcaption class=\"widget-image-caption wp-caption-text\">Nelofar Shinwari, activista por los derechos de la mujer<\/figcaption>\n\t\t\t\t\t\t\t\t\t\t<\/figure>\n\t\t\t\t\t\t\t\t\t<\/div>\n\t\t\t\t<\/div>\n\t\t\t\t\t<\/div>\n\t\t<\/div>\n\t\t\t\t\t<\/div>\n\t\t<\/section>\n\t\t\t\t<section class=\"elementor-section elementor-top-section elementor-element elementor-element-2c2bf70 elementor-section-boxed elementor-section-height-default elementor-section-height-default\" data-id=\"2c2bf70\" data-element_type=\"section\">\n\t\t\t\t\t\t<div class=\"elementor-container elementor-column-gap-default\">\n\t\t\t\t\t<div class=\"elementor-column elementor-col-100 elementor-top-column elementor-element elementor-element-983e3d5\" data-id=\"983e3d5\" data-element_type=\"column\">\n\t\t\t<div class=\"elementor-widget-wrap elementor-element-populated\">\n\t\t\t\t\t\t<div class=\"elementor-element elementor-element-3877cf1 elementor-widget elementor-widget-text-editor\" data-id=\"3877cf1\" data-element_type=\"widget\" data-widget_type=\"text-editor.default\">\n\t\t\t\t<div class=\"elementor-widget-container\">\n\t\t\t\t\t\t\t\t\t<p><span style=\"font-weight: 400;\"><strong>Nelofar lleva el pelo corto y no usa hiyab<\/strong>. \u201cEn una ocasi\u00f3n me rap\u00e9 la cabeza en protesta por el asesinato de una mujer y <strong>me acusaron de lesbiana<\/strong>. Lo hice tambi\u00e9n para enviar un mensaje al resto de mujeres de que <strong>podemos resistir.<\/strong> Los talibanes pensaban que yo me atrev\u00eda a provocarles porque ten\u00eda alg\u00fan grupo de apoyo detr\u00e1s, pero<strong> en realidad estaba sola<\/strong>, ni siquiera contaba con el respaldo de un padre o un tutor, y vivir sin ese respaldo en Afganist\u00e1n es muy dif\u00edcil\u201d. <\/span><\/p>\t\t\t\t\t\t\t\t<\/div>\n\t\t\t\t<\/div>\n\t\t\t\t\t<\/div>\n\t\t<\/div>\n\t\t\t\t\t<\/div>\n\t\t<\/section>\n\t\t\t\t<section class=\"elementor-section elementor-top-section elementor-element elementor-element-2fd634c elementor-section-boxed elementor-section-height-default elementor-section-height-default\" data-id=\"2fd634c\" data-element_type=\"section\">\n\t\t\t\t\t\t<div class=\"elementor-container elementor-column-gap-default\">\n\t\t\t\t\t<div class=\"elementor-column elementor-col-100 elementor-top-column elementor-element elementor-element-99fff78\" data-id=\"99fff78\" data-element_type=\"column\">\n\t\t\t<div class=\"elementor-widget-wrap elementor-element-populated\">\n\t\t\t\t\t\t<section class=\"elementor-section elementor-inner-section elementor-element elementor-element-76a8030 elementor-section-boxed elementor-section-height-default elementor-section-height-default\" data-id=\"76a8030\" data-element_type=\"section\">\n\t\t\t\t\t\t<div class=\"elementor-container elementor-column-gap-default\">\n\t\t\t\t\t<div class=\"elementor-column elementor-col-50 elementor-inner-column elementor-element elementor-element-142edc1\" data-id=\"142edc1\" data-element_type=\"column\">\n\t\t\t<div class=\"elementor-widget-wrap elementor-element-populated\">\n\t\t\t\t\t\t<div class=\"elementor-element elementor-element-51656fc elementor-widget elementor-widget-image\" data-id=\"51656fc\" data-element_type=\"widget\" data-widget_type=\"image.default\">\n\t\t\t\t<div class=\"elementor-widget-container\">\n\t\t\t\t\t\t\t\t\t\t\t\t\t\t\t<img loading=\"lazy\" decoding=\"async\" width=\"1024\" height=\"682\" src=\"https:\/\/madridsindical.es\/archivo\/wp-content\/uploads\/2022\/10\/009IMG_6166-1024x682.jpg\" class=\"attachment-large size-large wp-image-3371\" alt=\"\" srcset=\"https:\/\/madridsindical.es\/archivo\/wp-content\/uploads\/2022\/10\/009IMG_6166-1024x682.jpg 1024w, https:\/\/madridsindical.es\/archivo\/wp-content\/uploads\/2022\/10\/009IMG_6166-300x200.jpg 300w, https:\/\/madridsindical.es\/archivo\/wp-content\/uploads\/2022\/10\/009IMG_6166-768x512.jpg 768w, https:\/\/madridsindical.es\/archivo\/wp-content\/uploads\/2022\/10\/009IMG_6166-1536x1024.jpg 1536w, https:\/\/madridsindical.es\/archivo\/wp-content\/uploads\/2022\/10\/009IMG_6166-465x310.jpg 465w, https:\/\/madridsindical.es\/archivo\/wp-content\/uploads\/2022\/10\/009IMG_6166-695x463.jpg 695w, https:\/\/madridsindical.es\/archivo\/wp-content\/uploads\/2022\/10\/009IMG_6166.jpg 2000w\" sizes=\"(max-width: 1024px) 100vw, 1024px\" \/>\t\t\t\t\t\t\t\t\t\t\t\t\t\t\t<\/div>\n\t\t\t\t<\/div>\n\t\t\t\t\t<\/div>\n\t\t<\/div>\n\t\t\t\t<div class=\"elementor-column elementor-col-50 elementor-inner-column elementor-element elementor-element-a78e993\" data-id=\"a78e993\" data-element_type=\"column\">\n\t\t\t<div class=\"elementor-widget-wrap elementor-element-populated\">\n\t\t\t\t\t\t<div class=\"elementor-element elementor-element-9033471 elementor-widget elementor-widget-heading\" data-id=\"9033471\" data-element_type=\"widget\" data-widget_type=\"heading.default\">\n\t\t\t\t<div class=\"elementor-widget-container\">\n\t\t\t\t\t<h2 class=\"elementor-heading-title elementor-size-xxl\">\u201cLa religi\u00f3n tiene que estar separada del poder pol\u00edtico\u201d<\/h2>\t\t\t\t<\/div>\n\t\t\t\t<\/div>\n\t\t\t\t\t<\/div>\n\t\t<\/div>\n\t\t\t\t\t<\/div>\n\t\t<\/section>\n\t\t\t\t\t<\/div>\n\t\t<\/div>\n\t\t\t\t\t<\/div>\n\t\t<\/section>\n\t\t\t\t<section class=\"elementor-section elementor-top-section elementor-element elementor-element-7e81882 elementor-section-boxed elementor-section-height-default elementor-section-height-default\" data-id=\"7e81882\" data-element_type=\"section\">\n\t\t\t\t\t\t<div class=\"elementor-container elementor-column-gap-default\">\n\t\t\t\t\t<div class=\"elementor-column elementor-col-100 elementor-top-column elementor-element elementor-element-f05e1f7\" data-id=\"f05e1f7\" data-element_type=\"column\">\n\t\t\t<div class=\"elementor-widget-wrap elementor-element-populated\">\n\t\t\t\t\t\t<div class=\"elementor-element elementor-element-1094d73 elementor-widget elementor-widget-text-editor\" data-id=\"1094d73\" data-element_type=\"widget\" data-widget_type=\"text-editor.default\">\n\t\t\t\t<div class=\"elementor-widget-container\">\n\t\t\t\t\t\t\t\t\t<p><span style=\"font-weight: 400;\">Su participaci\u00f3n en proyectos gubernamentales relacionados con los derechos de las mujeres, o en programas en la Universidad de Kabul, o su trabajo como voluntaria en ONGs, as\u00ed como sus actividades sociales y de protesta <strong>la colocaron en el punto de mira talib\u00e1n<\/strong>. \u201cMi n\u00famero de tel\u00e9fono lo ten\u00eda mucha gente en los ministerios y empec\u00e9 a recibir mensajes en los que se me citaba para entrevistarme. Era una trampa. Me escond\u00ed en casa de amigos. <strong>Primero me asegur\u00e9 de sacar a mi madre del pa\u00eds y despu\u00e9s sal\u00ed yo.<\/strong> <strong>Pas\u00e9 mucho miedo<\/strong> en el aeropuerto porque tem\u00eda ser detenida, secuestrada y violada\u201d.<\/span><\/p><p><span style=\"font-weight: 400;\">No disimula su ira contra quienes la han obligado a huir. \u201c<strong>Es la llama de la venganza lo que me mantiene viva<\/strong>. Comet\u00ed el error de dejarme convencer por los talibanes cuando prometieron que no reprimir\u00edan a las mujeres. Han hecho justo lo contrario. <strong>Utilizan el terror para silenciar la voz de las mujeres<\/strong>\u201d. <\/span><\/p>\t\t\t\t\t\t\t\t<\/div>\n\t\t\t\t<\/div>\n\t\t\t\t\t<\/div>\n\t\t<\/div>\n\t\t\t\t\t<\/div>\n\t\t<\/section>\n\t\t\t\t<section class=\"elementor-section elementor-top-section elementor-element elementor-element-d65fbcb elementor-section-boxed elementor-section-height-default elementor-section-height-default\" data-id=\"d65fbcb\" data-element_type=\"section\">\n\t\t\t\t\t\t<div class=\"elementor-container elementor-column-gap-default\">\n\t\t\t\t\t<div class=\"elementor-column elementor-col-100 elementor-top-column elementor-element elementor-element-870f1bd\" data-id=\"870f1bd\" data-element_type=\"column\">\n\t\t\t<div class=\"elementor-widget-wrap elementor-element-populated\">\n\t\t\t\t\t\t<div class=\"elementor-element elementor-element-6c686ee elementor-widget-divider--view-line elementor-widget elementor-widget-divider\" data-id=\"6c686ee\" data-element_type=\"widget\" data-widget_type=\"divider.default\">\n\t\t\t\t<div class=\"elementor-widget-container\">\n\t\t\t\t\t\t\t<div class=\"elementor-divider\">\n\t\t\t<span class=\"elementor-divider-separator\">\n\t\t\t\t\t\t<\/span>\n\t\t<\/div>\n\t\t\t\t\t\t<\/div>\n\t\t\t\t<\/div>\n\t\t\t\t\t<\/div>\n\t\t<\/div>\n\t\t\t\t\t<\/div>\n\t\t<\/section>\n\t\t\t\t<section class=\"elementor-section elementor-top-section elementor-element elementor-element-f08268c elementor-section-boxed elementor-section-height-default elementor-section-height-default\" data-id=\"f08268c\" data-element_type=\"section\">\n\t\t\t\t\t\t<div class=\"elementor-container elementor-column-gap-default\">\n\t\t\t\t\t<div class=\"elementor-column elementor-col-100 elementor-top-column elementor-element elementor-element-2d404ee\" data-id=\"2d404ee\" data-element_type=\"column\">\n\t\t\t<div class=\"elementor-widget-wrap elementor-element-populated\">\n\t\t\t\t\t\t<div class=\"elementor-element elementor-element-2d44465 elementor-widget elementor-widget-button\" data-id=\"2d44465\" data-element_type=\"widget\" data-widget_type=\"button.default\">\n\t\t\t\t<div class=\"elementor-widget-container\">\n\t\t\t\t\t\t\t\t\t<div class=\"elementor-button-wrapper\">\n\t\t\t\t\t<a class=\"elementor-button elementor-button-link elementor-size-sm\" href=\"https:\/\/www.youtube.com\/watch?v=E3d9Vf0eVEw\">\n\t\t\t\t\t\t<span class=\"elementor-button-content-wrapper\">\n\t\t\t\t\t\t<span class=\"elementor-button-icon\">\n\t\t\t\t<i aria-hidden=\"true\" class=\"far fa-play-circle\"><\/i>\t\t\t<\/span>\n\t\t\t\t\t\t\t\t\t<span class=\"elementor-button-text\">En v\u00eddeo: \"El suicidio era mi \u00fanica salida si me cog\u00edan los talibanes\"<\/span>\n\t\t\t\t\t<\/span>\n\t\t\t\t\t<\/a>\n\t\t\t\t<\/div>\n\t\t\t\t\t\t\t\t<\/div>\n\t\t\t\t<\/div>\n\t\t\t\t\t<\/div>\n\t\t<\/div>\n\t\t\t\t\t<\/div>\n\t\t<\/section>\n\t\t\t\t<section class=\"elementor-section elementor-top-section elementor-element elementor-element-5bb3645 elementor-section-boxed elementor-section-height-default elementor-section-height-default\" data-id=\"5bb3645\" data-element_type=\"section\">\n\t\t\t\t\t\t<div class=\"elementor-container elementor-column-gap-default\">\n\t\t\t\t\t<div class=\"elementor-column elementor-col-100 elementor-top-column elementor-element elementor-element-aac92dd\" data-id=\"aac92dd\" data-element_type=\"column\">\n\t\t\t<div class=\"elementor-widget-wrap elementor-element-populated\">\n\t\t\t\t\t\t<div class=\"elementor-element elementor-element-f4215f8 elementor-widget elementor-widget-video\" data-id=\"f4215f8\" data-element_type=\"widget\" data-settings=\"{&quot;youtube_url&quot;:&quot;https:\\\/\\\/www.youtube.com\\\/watch?v=E3d9Vf0eVEw&quot;,&quot;video_type&quot;:&quot;youtube&quot;,&quot;controls&quot;:&quot;yes&quot;}\" data-widget_type=\"video.default\">\n\t\t\t\t<div class=\"elementor-widget-container\">\n\t\t\t\t\t\t\t<div class=\"elementor-wrapper elementor-open-inline\">\n\t\t\t<div class=\"elementor-video\"><\/div>\t\t<\/div>\n\t\t\t\t\t\t<\/div>\n\t\t\t\t<\/div>\n\t\t\t\t\t<\/div>\n\t\t<\/div>\n\t\t\t\t\t<\/div>\n\t\t<\/section>\n\t\t\t\t<section class=\"elementor-section elementor-top-section elementor-element elementor-element-00ac2aa elementor-section-boxed elementor-section-height-default elementor-section-height-default\" data-id=\"00ac2aa\" data-element_type=\"section\">\n\t\t\t\t\t\t<div class=\"elementor-container elementor-column-gap-default\">\n\t\t\t\t\t<div class=\"elementor-column elementor-col-100 elementor-top-column elementor-element elementor-element-392475b\" data-id=\"392475b\" data-element_type=\"column\">\n\t\t\t<div class=\"elementor-widget-wrap elementor-element-populated\">\n\t\t\t\t\t\t<div class=\"elementor-element elementor-element-149a494 elementor-widget-divider--view-line elementor-widget elementor-widget-divider\" data-id=\"149a494\" data-element_type=\"widget\" data-widget_type=\"divider.default\">\n\t\t\t\t<div class=\"elementor-widget-container\">\n\t\t\t\t\t\t\t<div class=\"elementor-divider\">\n\t\t\t<span class=\"elementor-divider-separator\">\n\t\t\t\t\t\t<\/span>\n\t\t<\/div>\n\t\t\t\t\t\t<\/div>\n\t\t\t\t<\/div>\n\t\t\t\t\t<\/div>\n\t\t<\/div>\n\t\t\t\t\t<\/div>\n\t\t<\/section>\n\t\t\t\t<section class=\"elementor-section elementor-top-section elementor-element elementor-element-1c5ecb3 elementor-section-boxed elementor-section-height-default elementor-section-height-default\" data-id=\"1c5ecb3\" data-element_type=\"section\">\n\t\t\t\t\t\t<div class=\"elementor-container elementor-column-gap-default\">\n\t\t\t\t\t<div class=\"elementor-column elementor-col-100 elementor-top-column elementor-element elementor-element-ba32ba6\" data-id=\"ba32ba6\" data-element_type=\"column\">\n\t\t\t<div class=\"elementor-widget-wrap elementor-element-populated\">\n\t\t\t\t\t\t<div class=\"elementor-element elementor-element-122d8d6 elementor-widget elementor-widget-heading\" data-id=\"122d8d6\" data-element_type=\"widget\" data-widget_type=\"heading.default\">\n\t\t\t\t<div class=\"elementor-widget-container\">\n\t\t\t\t\t<h2 class=\"elementor-heading-title elementor-size-default\">Friba Quarishi, jueza: \u201cNing\u00fan pa\u00eds se ha puesto del lado de las mujeres y ni\u00f1as de Afganist\u00e1n\u201d\n\n<\/h2>\t\t\t\t<\/div>\n\t\t\t\t<\/div>\n\t\t\t\t\t<\/div>\n\t\t<\/div>\n\t\t\t\t\t<\/div>\n\t\t<\/section>\n\t\t\t\t<section class=\"elementor-section elementor-top-section elementor-element elementor-element-03d2cae elementor-section-boxed elementor-section-height-default elementor-section-height-default\" data-id=\"03d2cae\" data-element_type=\"section\">\n\t\t\t\t\t\t<div class=\"elementor-container elementor-column-gap-default\">\n\t\t\t\t\t<div class=\"elementor-column elementor-col-100 elementor-top-column elementor-element elementor-element-4ce7f18\" data-id=\"4ce7f18\" data-element_type=\"column\">\n\t\t\t<div class=\"elementor-widget-wrap elementor-element-populated\">\n\t\t\t\t\t\t<div class=\"elementor-element elementor-element-ae2ed3c elementor-widget elementor-widget-text-editor\" data-id=\"ae2ed3c\" data-element_type=\"widget\" data-widget_type=\"text-editor.default\">\n\t\t\t\t<div class=\"elementor-widget-container\">\n\t\t\t\t\t\t\t\t\t<p><span style=\"font-weight: 400;\">\u201cCuando llegaron los talibanes fuimos a casa de unos amigos. <strong>Ten\u00edamos miedo de que nos mataran porque mi madre es jueza<\/strong>. Ella nos tranquilizaba, pero lloraba en sue\u00f1os\u201d, rememora la peque\u00f1a <strong>Marjan<\/strong>, <strong>hija de Friba Quarishi<\/strong>, una jueza afgana de 40 a\u00f1os. <strong>Resid\u00eda en Mazar-e Sarif<\/strong>. En cuanto supo de la llegada de los talibanes ni siquiera se arriesg\u00f3 a pasar por su casa, y <strong>huy\u00f3 de inmediato con su marido y su prole, una ni\u00f1a y un ni\u00f1o<\/strong>. Como <strong>magistrada del Tribunal de Casos de Terrorismo y Delitos contra la Seguridad y Exterior hab\u00eda condenado a terroristas talibanes<\/strong>, entre ellos a los que asesinaron a una m\u00e9dica espa\u00f1ola de Cruz Roja. Era tambi\u00e9n <strong>jueza de familia y miembro de la Alta Comisi\u00f3n para combatir la violencia contra la mujer y de la Comisi\u00f3n para combatir la trata de personas<\/strong>. No ten\u00eda duda de que los talibanes la buscar\u00edan para vengarse. Friba ha llegado a Espa\u00f1a con un valioso bagaje de 14 a\u00f1os de ejercicio profesional. <\/span><\/p>\t\t\t\t\t\t\t\t<\/div>\n\t\t\t\t<\/div>\n\t\t\t\t\t<\/div>\n\t\t<\/div>\n\t\t\t\t\t<\/div>\n\t\t<\/section>\n\t\t\t\t<section class=\"elementor-section elementor-top-section elementor-element elementor-element-ce8b232 elementor-section-boxed elementor-section-height-default elementor-section-height-default\" data-id=\"ce8b232\" data-element_type=\"section\">\n\t\t\t\t\t\t<div class=\"elementor-container elementor-column-gap-default\">\n\t\t\t\t\t<div class=\"elementor-column elementor-col-100 elementor-top-column elementor-element elementor-element-bae2ae7\" data-id=\"bae2ae7\" data-element_type=\"column\">\n\t\t\t<div class=\"elementor-widget-wrap elementor-element-populated\">\n\t\t\t\t\t\t<div class=\"elementor-element elementor-element-ac2eebd elementor-widget elementor-widget-image\" data-id=\"ac2eebd\" data-element_type=\"widget\" data-widget_type=\"image.default\">\n\t\t\t\t<div class=\"elementor-widget-container\">\n\t\t\t\t\t\t\t\t\t\t\t\t<figure class=\"wp-caption\">\n\t\t\t\t\t\t\t\t\t\t<img loading=\"lazy\" decoding=\"async\" width=\"1024\" height=\"682\" src=\"https:\/\/madridsindical.es\/archivo\/wp-content\/uploads\/2022\/10\/001IMG_6031-1024x682.jpg\" class=\"attachment-large size-large wp-image-3365\" alt=\"\" srcset=\"https:\/\/madridsindical.es\/archivo\/wp-content\/uploads\/2022\/10\/001IMG_6031-1024x682.jpg 1024w, https:\/\/madridsindical.es\/archivo\/wp-content\/uploads\/2022\/10\/001IMG_6031-300x200.jpg 300w, https:\/\/madridsindical.es\/archivo\/wp-content\/uploads\/2022\/10\/001IMG_6031-768x512.jpg 768w, https:\/\/madridsindical.es\/archivo\/wp-content\/uploads\/2022\/10\/001IMG_6031-1536x1024.jpg 1536w, https:\/\/madridsindical.es\/archivo\/wp-content\/uploads\/2022\/10\/001IMG_6031-465x310.jpg 465w, https:\/\/madridsindical.es\/archivo\/wp-content\/uploads\/2022\/10\/001IMG_6031-695x463.jpg 695w, https:\/\/madridsindical.es\/archivo\/wp-content\/uploads\/2022\/10\/001IMG_6031.jpg 2000w\" sizes=\"(max-width: 1024px) 100vw, 1024px\" \/>\t\t\t\t\t\t\t\t\t\t\t<figcaption class=\"widget-image-caption wp-caption-text\">Friba Quarishi, jueza afgana<\/figcaption>\n\t\t\t\t\t\t\t\t\t\t<\/figure>\n\t\t\t\t\t\t\t\t\t<\/div>\n\t\t\t\t<\/div>\n\t\t\t\t\t<\/div>\n\t\t<\/div>\n\t\t\t\t\t<\/div>\n\t\t<\/section>\n\t\t\t\t<section class=\"elementor-section elementor-top-section elementor-element elementor-element-640d95b elementor-section-boxed elementor-section-height-default elementor-section-height-default\" data-id=\"640d95b\" data-element_type=\"section\">\n\t\t\t\t\t\t<div class=\"elementor-container elementor-column-gap-default\">\n\t\t\t\t\t<div class=\"elementor-column elementor-col-100 elementor-top-column elementor-element elementor-element-3c6c953\" data-id=\"3c6c953\" data-element_type=\"column\">\n\t\t\t<div class=\"elementor-widget-wrap elementor-element-populated\">\n\t\t\t\t\t\t<div class=\"elementor-element elementor-element-6f5a0a6 elementor-widget elementor-widget-text-editor\" data-id=\"6f5a0a6\" data-element_type=\"widget\" data-widget_type=\"text-editor.default\">\n\t\t\t\t<div class=\"elementor-widget-container\">\n\t\t\t\t\t\t\t\t\t<p><span style=\"font-weight: 400;\">Al igual que otras diez juezas afganas, Friba <strong>pudo llegar a Madrid gracias a la <a href=\"https:\/\/www.mujeresjuezas.es\/\" target=\"_blank\" rel=\"noopener\">Asociaci\u00f3n de Mujeres Juezas de Espa\u00f1a<\/a> (<a href=\"https:\/\/twitter.com\/mujeresjuezas\" target=\"_blank\" rel=\"noopener\">AMJE<\/a>)<\/strong>, integrada en la <strong>International Association of Women Judges (IAWJ)<\/strong>, de la que forman parte 4.700 magistradas de m\u00e1s de 75 pa\u00edses. <strong>Mar\u00eda L\u00f3pez de la Usada<\/strong>, portavoz de AMJE, detalla que <strong>de las 270 juezas afganas, 250 han manifestado su voluntad de salir del pa\u00eds<\/strong>. Por el momento, 180 han sido evacuadas, 62 est\u00e1n en tr\u00e1nsito en distintos pa\u00edses y <strong>70 permanecen escondidas en Afganist\u00e1n<\/strong>. \u201cLos talibanes tienen sus nombres y saben donde viven. Muchas <strong>est\u00e1n en listas de ejecuci\u00f3n.<\/strong> Hay de todas las edades, desde los 29 hasta los 66 a\u00f1os y algunas es la segunda vez que huyen de un gobierno talib\u00e1n\u201d, se\u00f1ala Mar\u00eda. <\/span><\/p>\t\t\t\t\t\t\t\t<\/div>\n\t\t\t\t<\/div>\n\t\t\t\t\t<\/div>\n\t\t<\/div>\n\t\t\t\t\t<\/div>\n\t\t<\/section>\n\t\t\t\t<section class=\"elementor-section elementor-top-section elementor-element elementor-element-a4664c1 elementor-section-boxed elementor-section-height-default elementor-section-height-default\" data-id=\"a4664c1\" data-element_type=\"section\">\n\t\t\t\t\t\t<div class=\"elementor-container elementor-column-gap-default\">\n\t\t\t\t\t<div class=\"elementor-column elementor-col-100 elementor-top-column elementor-element elementor-element-c8a5088\" data-id=\"c8a5088\" data-element_type=\"column\">\n\t\t\t<div class=\"elementor-widget-wrap elementor-element-populated\">\n\t\t\t\t\t\t<section class=\"elementor-section elementor-inner-section elementor-element elementor-element-77140ad elementor-section-boxed elementor-section-height-default elementor-section-height-default\" data-id=\"77140ad\" data-element_type=\"section\">\n\t\t\t\t\t\t<div class=\"elementor-container elementor-column-gap-default\">\n\t\t\t\t\t<div class=\"elementor-column elementor-col-50 elementor-inner-column elementor-element elementor-element-301cb12\" data-id=\"301cb12\" data-element_type=\"column\">\n\t\t\t<div class=\"elementor-widget-wrap elementor-element-populated\">\n\t\t\t\t\t\t<div class=\"elementor-element elementor-element-5237080 elementor-widget elementor-widget-image\" data-id=\"5237080\" data-element_type=\"widget\" data-widget_type=\"image.default\">\n\t\t\t\t<div class=\"elementor-widget-container\">\n\t\t\t\t\t\t\t\t\t\t\t\t\t\t\t<img loading=\"lazy\" decoding=\"async\" width=\"1024\" height=\"682\" src=\"https:\/\/madridsindical.es\/archivo\/wp-content\/uploads\/2022\/10\/002IMG_6041-1024x682.jpg\" class=\"attachment-large size-large wp-image-3366\" alt=\"\" srcset=\"https:\/\/madridsindical.es\/archivo\/wp-content\/uploads\/2022\/10\/002IMG_6041-1024x682.jpg 1024w, https:\/\/madridsindical.es\/archivo\/wp-content\/uploads\/2022\/10\/002IMG_6041-300x200.jpg 300w, https:\/\/madridsindical.es\/archivo\/wp-content\/uploads\/2022\/10\/002IMG_6041-768x512.jpg 768w, https:\/\/madridsindical.es\/archivo\/wp-content\/uploads\/2022\/10\/002IMG_6041-1536x1024.jpg 1536w, https:\/\/madridsindical.es\/archivo\/wp-content\/uploads\/2022\/10\/002IMG_6041-465x310.jpg 465w, https:\/\/madridsindical.es\/archivo\/wp-content\/uploads\/2022\/10\/002IMG_6041-695x463.jpg 695w, https:\/\/madridsindical.es\/archivo\/wp-content\/uploads\/2022\/10\/002IMG_6041.jpg 2000w\" sizes=\"(max-width: 1024px) 100vw, 1024px\" \/>\t\t\t\t\t\t\t\t\t\t\t\t\t\t\t<\/div>\n\t\t\t\t<\/div>\n\t\t\t\t\t<\/div>\n\t\t<\/div>\n\t\t\t\t<div class=\"elementor-column elementor-col-50 elementor-inner-column elementor-element elementor-element-fe213f5\" data-id=\"fe213f5\" data-element_type=\"column\">\n\t\t\t<div class=\"elementor-widget-wrap elementor-element-populated\">\n\t\t\t\t\t\t<div class=\"elementor-element elementor-element-15d1293 elementor-widget elementor-widget-heading\" data-id=\"15d1293\" data-element_type=\"widget\" data-widget_type=\"heading.default\">\n\t\t\t\t<div class=\"elementor-widget-container\">\n\t\t\t\t\t<h2 class=\"elementor-heading-title elementor-size-xxl\">Setenta juezas permanecen escondidas en Afganist\u00e1n\n<\/h2>\t\t\t\t<\/div>\n\t\t\t\t<\/div>\n\t\t\t\t\t<\/div>\n\t\t<\/div>\n\t\t\t\t\t<\/div>\n\t\t<\/section>\n\t\t\t\t\t<\/div>\n\t\t<\/div>\n\t\t\t\t\t<\/div>\n\t\t<\/section>\n\t\t\t\t<section class=\"elementor-section elementor-top-section elementor-element elementor-element-e71083e elementor-section-boxed elementor-section-height-default elementor-section-height-default\" data-id=\"e71083e\" data-element_type=\"section\">\n\t\t\t\t\t\t<div class=\"elementor-container elementor-column-gap-default\">\n\t\t\t\t\t<div class=\"elementor-column elementor-col-100 elementor-top-column elementor-element elementor-element-590b918\" data-id=\"590b918\" data-element_type=\"column\">\n\t\t\t<div class=\"elementor-widget-wrap elementor-element-populated\">\n\t\t\t\t\t\t<div class=\"elementor-element elementor-element-0630bd7 elementor-widget elementor-widget-text-editor\" data-id=\"0630bd7\" data-element_type=\"widget\" data-widget_type=\"text-editor.default\">\n\t\t\t\t<div class=\"elementor-widget-container\">\n\t\t\t\t\t\t\t\t\t<p><span style=\"font-weight: 400;\"><strong>\u201cLos talibanes quieren acabar con todos los avances conseguidos\u201d<\/strong>, denuncia Friba. \u201cSaben que cuando las mujeres estudian se atreven a levantar la voz porque est\u00e1n m\u00e1s preparadas para defender sus derechos tanto en la sociedad como en el seno familiar. Por eso <strong>se han apresurado a cerrarles las puertas de los colegios y las universidades<\/strong>\u201d.<\/span><\/p><p><span style=\"font-weight: 400;\">Puntualiza que la imagen de Afganist\u00e1n en Europa no se corresponde con la realidad. \u201cTodo el mundo piensa que es un pa\u00eds atrasado, pero <strong>en los \u00faltimos 20 a\u00f1os hab\u00edamos progresado mucho<\/strong>. Somos 270 juezas afganas, hemos tenido ministras, empresarias\u2026<strong>Est\u00e1bamos orgullosas y vamos a luchar para que todas esas conquistas se puedan recuperar<\/strong>\u201d. Reprocha a la comunidad internacional la <strong>indiferencia<\/strong> hacia el sufrimiento de su pueblo: <strong>\u201cNing\u00fan pa\u00eds se ha puesto del lado de las mujeres y las ni\u00f1as de Afganist\u00e1n, ninguno. Nadie hace nada\u201d.\u00a0<\/strong><\/span><\/p><p><span style=\"font-weight: 400;\">Agradece el trato respetuoso y digno que recibe en Espa\u00f1a, pero subraya que Afganist\u00e1n siempre ser\u00e1 su primer pa\u00eds. \u201cEst\u00e9 donde est\u00e9 <strong>pienso siempre en Afganist\u00e1n<\/strong>. Yo he perdido mi casa, lo he perdido todo, pero las mujeres afganas hemos crecido con mucho dolor y sufrimiento y somos fuertes.<strong> Seguiremos luchando.<\/strong> Queremos transmitir este mensaje al mundo\u201d.<\/span><\/p>\t\t\t\t\t\t\t\t<\/div>\n\t\t\t\t<\/div>\n\t\t\t\t\t<\/div>\n\t\t<\/div>\n\t\t\t\t\t<\/div>\n\t\t<\/section>\n\t\t\t\t<section class=\"elementor-section elementor-top-section elementor-element elementor-element-77d59c5 elementor-section-boxed elementor-section-height-default elementor-section-height-default\" data-id=\"77d59c5\" data-element_type=\"section\">\n\t\t\t\t\t\t<div class=\"elementor-container elementor-column-gap-default\">\n\t\t\t\t\t<div class=\"elementor-column elementor-col-100 elementor-top-column elementor-element elementor-element-6bea26a\" data-id=\"6bea26a\" data-element_type=\"column\">\n\t\t\t<div class=\"elementor-widget-wrap elementor-element-populated\">\n\t\t\t\t\t\t<div class=\"elementor-element elementor-element-2f0fc42 elementor-widget-divider--view-line elementor-widget elementor-widget-divider\" data-id=\"2f0fc42\" data-element_type=\"widget\" data-widget_type=\"divider.default\">\n\t\t\t\t<div class=\"elementor-widget-container\">\n\t\t\t\t\t\t\t<div class=\"elementor-divider\">\n\t\t\t<span class=\"elementor-divider-separator\">\n\t\t\t\t\t\t<\/span>\n\t\t<\/div>\n\t\t\t\t\t\t<\/div>\n\t\t\t\t<\/div>\n\t\t\t\t\t<\/div>\n\t\t<\/div>\n\t\t\t\t\t<\/div>\n\t\t<\/section>\n\t\t\t\t<section class=\"elementor-section elementor-top-section elementor-element elementor-element-c53f566 elementor-section-boxed elementor-section-height-default elementor-section-height-default\" data-id=\"c53f566\" data-element_type=\"section\">\n\t\t\t\t\t\t<div class=\"elementor-container elementor-column-gap-default\">\n\t\t\t\t\t<div class=\"elementor-column elementor-col-100 elementor-top-column elementor-element elementor-element-08e1047\" data-id=\"08e1047\" data-element_type=\"column\">\n\t\t\t<div class=\"elementor-widget-wrap elementor-element-populated\">\n\t\t\t\t\t\t<div class=\"elementor-element elementor-element-a10a70d elementor-widget elementor-widget-heading\" data-id=\"a10a70d\" data-element_type=\"widget\" data-widget_type=\"heading.default\">\n\t\t\t\t<div class=\"elementor-widget-container\">\n\t\t\t\t\t<h2 class=\"elementor-heading-title elementor-size-default\">Muzhda Hoten, periodista: \u201cMe encanta caminar sola, en Afganist\u00e1n es impensable\u201d\n<\/h2>\t\t\t\t<\/div>\n\t\t\t\t<\/div>\n\t\t\t\t\t<\/div>\n\t\t<\/div>\n\t\t\t\t\t<\/div>\n\t\t<\/section>\n\t\t\t\t<section class=\"elementor-section elementor-top-section elementor-element elementor-element-ff5e068 elementor-section-boxed elementor-section-height-default elementor-section-height-default\" data-id=\"ff5e068\" data-element_type=\"section\">\n\t\t\t\t\t\t<div class=\"elementor-container elementor-column-gap-default\">\n\t\t\t\t\t<div class=\"elementor-column elementor-col-100 elementor-top-column elementor-element elementor-element-b391d0b\" data-id=\"b391d0b\" data-element_type=\"column\">\n\t\t\t<div class=\"elementor-widget-wrap elementor-element-populated\">\n\t\t\t\t\t\t<div class=\"elementor-element elementor-element-8ac5bd8 elementor-widget elementor-widget-text-editor\" data-id=\"8ac5bd8\" data-element_type=\"widget\" data-widget_type=\"text-editor.default\">\n\t\t\t\t<div class=\"elementor-widget-container\">\n\t\t\t\t\t\t\t\t\t<p><span style=\"font-weight: 400;\"><strong>A Muzhda Hoten, de 25 a\u00f1os, locutora de radio y presentadora de televisi\u00f3n<\/strong>, lo que m\u00e1s feliz le hace desde que lleg\u00f3 a Madrid es <strong>caminar sola por la calle con la tranquilidad de que nadie va a atacarla<\/strong> por ser mujer y no ir acompa\u00f1ada. \u201cMe encanta, en Afganist\u00e1n es impensable\u201d, comenta esta periodista que se ha tra\u00eddo a Espa\u00f1a un <strong>recuerdo indeleble de la crueldad talib\u00e1n: las cicatrices de la monumental paliza que le propinaron por el mero hecho de trabajar<\/strong> y que le ha dejado <strong>graves secuelas<\/strong> f\u00edsicas y emocionales. Se retira el pa\u00f1uelo con el que se cubre la cabeza para mostrar la marca del golpe que recibi\u00f3 en la frente.\u00a0<\/span><\/p>\t\t\t\t\t\t\t\t<\/div>\n\t\t\t\t<\/div>\n\t\t\t\t\t<\/div>\n\t\t<\/div>\n\t\t\t\t\t<\/div>\n\t\t<\/section>\n\t\t\t\t<section class=\"elementor-section elementor-top-section elementor-element elementor-element-e5860d8 elementor-section-boxed elementor-section-height-default elementor-section-height-default\" data-id=\"e5860d8\" data-element_type=\"section\">\n\t\t\t\t\t\t<div class=\"elementor-container elementor-column-gap-default\">\n\t\t\t\t\t<div class=\"elementor-column elementor-col-100 elementor-top-column elementor-element elementor-element-08194ed\" data-id=\"08194ed\" data-element_type=\"column\">\n\t\t\t<div class=\"elementor-widget-wrap elementor-element-populated\">\n\t\t\t\t\t\t<div class=\"elementor-element elementor-element-7131fcd elementor-widget elementor-widget-image\" data-id=\"7131fcd\" data-element_type=\"widget\" data-widget_type=\"image.default\">\n\t\t\t\t<div class=\"elementor-widget-container\">\n\t\t\t\t\t\t\t\t\t\t\t\t<figure class=\"wp-caption\">\n\t\t\t\t\t\t\t\t\t\t<img loading=\"lazy\" decoding=\"async\" width=\"1024\" height=\"682\" src=\"https:\/\/madridsindical.es\/archivo\/wp-content\/uploads\/2022\/10\/005IMG_6108-1024x682.jpg\" class=\"attachment-large size-large wp-image-3370\" alt=\"\" srcset=\"https:\/\/madridsindical.es\/archivo\/wp-content\/uploads\/2022\/10\/005IMG_6108-1024x682.jpg 1024w, https:\/\/madridsindical.es\/archivo\/wp-content\/uploads\/2022\/10\/005IMG_6108-300x200.jpg 300w, https:\/\/madridsindical.es\/archivo\/wp-content\/uploads\/2022\/10\/005IMG_6108-768x512.jpg 768w, https:\/\/madridsindical.es\/archivo\/wp-content\/uploads\/2022\/10\/005IMG_6108-1536x1024.jpg 1536w, https:\/\/madridsindical.es\/archivo\/wp-content\/uploads\/2022\/10\/005IMG_6108-465x310.jpg 465w, https:\/\/madridsindical.es\/archivo\/wp-content\/uploads\/2022\/10\/005IMG_6108-695x463.jpg 695w, https:\/\/madridsindical.es\/archivo\/wp-content\/uploads\/2022\/10\/005IMG_6108.jpg 2000w\" sizes=\"(max-width: 1024px) 100vw, 1024px\" \/>\t\t\t\t\t\t\t\t\t\t\t<figcaption class=\"widget-image-caption wp-caption-text\">Muzhda Hoten, periodista afgana<\/figcaption>\n\t\t\t\t\t\t\t\t\t\t<\/figure>\n\t\t\t\t\t\t\t\t\t<\/div>\n\t\t\t\t<\/div>\n\t\t\t\t\t<\/div>\n\t\t<\/div>\n\t\t\t\t\t<\/div>\n\t\t<\/section>\n\t\t\t\t<section class=\"elementor-section elementor-top-section elementor-element elementor-element-5a8257c elementor-section-boxed elementor-section-height-default elementor-section-height-default\" data-id=\"5a8257c\" data-element_type=\"section\">\n\t\t\t\t\t\t<div class=\"elementor-container elementor-column-gap-default\">\n\t\t\t\t\t<div class=\"elementor-column elementor-col-100 elementor-top-column elementor-element elementor-element-8f5f60c\" data-id=\"8f5f60c\" data-element_type=\"column\">\n\t\t\t<div class=\"elementor-widget-wrap elementor-element-populated\">\n\t\t\t\t\t\t<div class=\"elementor-element elementor-element-f78e684 elementor-widget elementor-widget-text-editor\" data-id=\"f78e684\" data-element_type=\"widget\" data-widget_type=\"text-editor.default\">\n\t\t\t\t<div class=\"elementor-widget-container\">\n\t\t\t\t\t\t\t\t\t<p><span style=\"font-weight: 400;\">Adem\u00e1s de<strong> reportera y presentadora de Setar-e-Sahar Radio y Televisi\u00f3n<\/strong>, ha sido directora gerente de <strong>Radio Banoo<\/strong> y responsable de marketing de <strong>Ayna Televisi\u00f3n<\/strong>. Tiene tambi\u00e9n <strong>experiencia pol\u00edtica<\/strong>, ya que ha sido candidata por el consejo provincial de Balkh y nominada para el consejo juvenil de la misma provincia.<\/span><\/p>\t\t\t\t\t\t\t\t<\/div>\n\t\t\t\t<\/div>\n\t\t\t\t\t<\/div>\n\t\t<\/div>\n\t\t\t\t\t<\/div>\n\t\t<\/section>\n\t\t\t\t<section class=\"elementor-section elementor-top-section elementor-element elementor-element-cfe3db3 elementor-section-boxed elementor-section-height-default elementor-section-height-default\" data-id=\"cfe3db3\" data-element_type=\"section\">\n\t\t\t\t\t\t<div class=\"elementor-container elementor-column-gap-default\">\n\t\t\t\t\t<div class=\"elementor-column elementor-col-100 elementor-top-column elementor-element elementor-element-166fb2c\" data-id=\"166fb2c\" data-element_type=\"column\">\n\t\t\t<div class=\"elementor-widget-wrap elementor-element-populated\">\n\t\t\t\t\t\t<div class=\"elementor-element elementor-element-da4c100 elementor-widget elementor-widget-text-editor\" data-id=\"da4c100\" data-element_type=\"widget\" data-widget_type=\"text-editor.default\">\n\t\t\t\t<div class=\"elementor-widget-container\">\n\t\t\t\t\t\t\t\t\t<p><span style=\"font-weight: 400;\">Las amenazas arreciaron a partir de sus apariciones en televisi\u00f3n y de convertirse en un <strong>rostro conocido<\/strong>. \u201cRecib\u00eda amenazas mediante mensajes, llamadas telef\u00f3nicas y cartas, pero no hice caso. Estaba tan interesada en mi profesi\u00f3n que no me rend\u00ed. Muzhda se traslad\u00f3 de <strong>Mazar-e-Sharif<\/strong> <strong>a<\/strong> <strong>Kabul<\/strong>, donde se aloj\u00f3 en un piso compartido, pero tambi\u00e9n la localizaron e <strong>intentaron envenenarla<\/strong> en una fiesta. \u201cMi vida corr\u00eda peligro y yo era una cara conocida. No era f\u00e1cil esconderme. <strong>No me qued\u00f3 otra que abandonar el pa\u00eds<\/strong>. Lo que deseo es tener una <strong>vida pac\u00edfica<\/strong>, libre de peligros, y poder trabajar sin las amenazas constantes que recib\u00eda en mi pa\u00eds. <strong>No volver\u00e9 a Afganist\u00e1n hasta que caigan los talibanes\u201d.\u00a0<\/strong><\/span><\/p><p><span style=\"font-weight: 400;\"><strong>El padre de Muzhda muri\u00f3 hace 5 a\u00f1os en un ataque terrorista<\/strong> y ahora tiene mucho miedo por la suerte que puedan correr su marido y el resto de su familia.<\/span><\/p>\t\t\t\t\t\t\t\t<\/div>\n\t\t\t\t<\/div>\n\t\t\t\t\t<\/div>\n\t\t<\/div>\n\t\t\t\t\t<\/div>\n\t\t<\/section>\n\t\t\t\t<section class=\"elementor-section elementor-top-section elementor-element elementor-element-f840a93 elementor-section-boxed elementor-section-height-default elementor-section-height-default\" data-id=\"f840a93\" data-element_type=\"section\">\n\t\t\t\t\t\t<div class=\"elementor-container elementor-column-gap-default\">\n\t\t\t\t\t<div class=\"elementor-column elementor-col-100 elementor-top-column elementor-element elementor-element-e8ce810\" data-id=\"e8ce810\" data-element_type=\"column\">\n\t\t\t<div class=\"elementor-widget-wrap elementor-element-populated\">\n\t\t\t\t\t\t<section class=\"elementor-section elementor-inner-section elementor-element elementor-element-8f0336d elementor-section-boxed elementor-section-height-default elementor-section-height-default\" data-id=\"8f0336d\" data-element_type=\"section\">\n\t\t\t\t\t\t<div class=\"elementor-container elementor-column-gap-default\">\n\t\t\t\t\t<div class=\"elementor-column elementor-col-50 elementor-inner-column elementor-element elementor-element-74c821e\" data-id=\"74c821e\" data-element_type=\"column\">\n\t\t\t<div class=\"elementor-widget-wrap elementor-element-populated\">\n\t\t\t\t\t\t<div class=\"elementor-element elementor-element-470a90f elementor-widget elementor-widget-image\" data-id=\"470a90f\" data-element_type=\"widget\" data-widget_type=\"image.default\">\n\t\t\t\t<div class=\"elementor-widget-container\">\n\t\t\t\t\t\t\t\t\t\t\t\t\t\t\t<img loading=\"lazy\" decoding=\"async\" width=\"1024\" height=\"682\" src=\"https:\/\/madridsindical.es\/archivo\/wp-content\/uploads\/2022\/10\/005cIMG_6111-1024x682.jpg\" class=\"attachment-large size-large wp-image-3369\" alt=\"\" srcset=\"https:\/\/madridsindical.es\/archivo\/wp-content\/uploads\/2022\/10\/005cIMG_6111-1024x682.jpg 1024w, https:\/\/madridsindical.es\/archivo\/wp-content\/uploads\/2022\/10\/005cIMG_6111-300x200.jpg 300w, https:\/\/madridsindical.es\/archivo\/wp-content\/uploads\/2022\/10\/005cIMG_6111-768x512.jpg 768w, https:\/\/madridsindical.es\/archivo\/wp-content\/uploads\/2022\/10\/005cIMG_6111-1536x1024.jpg 1536w, https:\/\/madridsindical.es\/archivo\/wp-content\/uploads\/2022\/10\/005cIMG_6111-465x310.jpg 465w, https:\/\/madridsindical.es\/archivo\/wp-content\/uploads\/2022\/10\/005cIMG_6111-695x463.jpg 695w, https:\/\/madridsindical.es\/archivo\/wp-content\/uploads\/2022\/10\/005cIMG_6111.jpg 2000w\" sizes=\"(max-width: 1024px) 100vw, 1024px\" \/>\t\t\t\t\t\t\t\t\t\t\t\t\t\t\t<\/div>\n\t\t\t\t<\/div>\n\t\t\t\t\t<\/div>\n\t\t<\/div>\n\t\t\t\t<div class=\"elementor-column elementor-col-50 elementor-inner-column elementor-element elementor-element-430f746\" data-id=\"430f746\" data-element_type=\"column\">\n\t\t\t<div class=\"elementor-widget-wrap elementor-element-populated\">\n\t\t\t\t\t\t<div class=\"elementor-element elementor-element-1689fd6 elementor-widget elementor-widget-heading\" data-id=\"1689fd6\" data-element_type=\"widget\" data-widget_type=\"heading.default\">\n\t\t\t\t<div class=\"elementor-widget-container\">\n\t\t\t\t\t<h2 class=\"elementor-heading-title elementor-size-xxl\">\u201cUnos desconocidos me molieron a golpes. Casi me matan\u201d\n<\/h2>\t\t\t\t<\/div>\n\t\t\t\t<\/div>\n\t\t\t\t\t<\/div>\n\t\t<\/div>\n\t\t\t\t\t<\/div>\n\t\t<\/section>\n\t\t\t\t\t<\/div>\n\t\t<\/div>\n\t\t\t\t\t<\/div>\n\t\t<\/section>\n\t\t\t\t<section class=\"elementor-section elementor-top-section elementor-element elementor-element-29a38dd elementor-section-boxed elementor-section-height-default elementor-section-height-default\" data-id=\"29a38dd\" data-element_type=\"section\">\n\t\t\t\t\t\t<div class=\"elementor-container elementor-column-gap-default\">\n\t\t\t\t\t<div class=\"elementor-column elementor-col-100 elementor-top-column elementor-element elementor-element-57656e7\" data-id=\"57656e7\" data-element_type=\"column\">\n\t\t\t<div class=\"elementor-widget-wrap elementor-element-populated\">\n\t\t\t\t\t\t<div class=\"elementor-element elementor-element-eb4ead7 elementor-widget-divider--view-line elementor-widget elementor-widget-divider\" data-id=\"eb4ead7\" data-element_type=\"widget\" data-widget_type=\"divider.default\">\n\t\t\t\t<div class=\"elementor-widget-container\">\n\t\t\t\t\t\t\t<div class=\"elementor-divider\">\n\t\t\t<span class=\"elementor-divider-separator\">\n\t\t\t\t\t\t<\/span>\n\t\t<\/div>\n\t\t\t\t\t\t<\/div>\n\t\t\t\t<\/div>\n\t\t\t\t<div class=\"elementor-element elementor-element-2c05b1b elementor-widget-divider--view-line elementor-widget elementor-widget-divider\" data-id=\"2c05b1b\" data-element_type=\"widget\" data-widget_type=\"divider.default\">\n\t\t\t\t<div class=\"elementor-widget-container\">\n\t\t\t\t\t\t\t<div class=\"elementor-divider\">\n\t\t\t<span class=\"elementor-divider-separator\">\n\t\t\t\t\t\t<\/span>\n\t\t<\/div>\n\t\t\t\t\t\t<\/div>\n\t\t\t\t<\/div>\n\t\t\t\t\t<\/div>\n\t\t<\/div>\n\t\t\t\t\t<\/div>\n\t\t<\/section>\n\t\t\t\t<section class=\"elementor-section elementor-top-section elementor-element elementor-element-e288262 elementor-section-boxed elementor-section-height-default elementor-section-height-default\" data-id=\"e288262\" data-element_type=\"section\">\n\t\t\t\t\t\t<div class=\"elementor-container elementor-column-gap-default\">\n\t\t\t\t\t<div class=\"elementor-column elementor-col-100 elementor-top-column elementor-element elementor-element-2a913b0\" data-id=\"2a913b0\" data-element_type=\"column\">\n\t\t\t<div class=\"elementor-widget-wrap elementor-element-populated\">\n\t\t\t\t\t\t<div class=\"elementor-element elementor-element-130dedb elementor-widget elementor-widget-text-editor\" data-id=\"130dedb\" data-element_type=\"widget\" data-widget_type=\"text-editor.default\">\n\t\t\t\t<div class=\"elementor-widget-container\">\n\t\t\t\t\t\t\t\t\t<h1 style=\"font-weight: 400;\">En primera persona<\/h1><p style=\"font-weight: 400;\">La secretaria general de CCOO de Madrid, <strong>Paloma L\u00f3pez Bermejo<\/strong>, la secretaria confederal de Mujeres, Igualdad y Condiciones de Trabajo de CCOO,\u00a0<strong>Carolina Vidal L\u00f3pez<\/strong>, y la secretaria de las Mujeres de CCOO Madrid,\u00a0<strong>Lidia Fern\u00e1ndez Montes<\/strong>, arroparon al grupo de afganas exiliadas que participaron en el acto que se celebr\u00f3 el jueves 6 de octubre de 2022, con el lema de \u201cNo al olvido\u201d. <a href=\"https:\/\/www.youtube.com\/watch?v=j8k1gjOm6pE\" target=\"_blank\" rel=\"noopener\">En el <em>streaming<\/em> del acto<\/a> puedes ver y escuchar m\u00e1s testimonios de refugiadas: los de <strong>Nilofar Bayat<\/strong>, capitana de la selecci\u00f3n afgana de baloncesto en silla de ruedas;\u00a0<strong>Helena Hofiani<\/strong>, jueza especializada en penal;\u00a0<strong>Nilab Safi<\/strong>, periodista;\u00a0<strong>Anusha Majidi<\/strong>, abogada especializada en mujeres y ni\u00f1as;\u00a0<strong>Hasin Ersad<\/strong>, cirujana pl\u00e1stica, y\u00a0<strong>Sunita Nasir<\/strong>, ingeniera civil.<\/p><p style=\"font-weight: 400;\">Y para hablar de las iniciativas espa\u00f1olas de ayuda a las mujeres afganas participaron en el acto <strong>Antonio Pampliega<\/strong>, periodista especializado en zonas de conflicto y con amplia experiencia en Afganist\u00e1n;\u00a0<strong>Mar\u00eda L\u00f3pez de la Usada<\/strong>, socia colaboradora de la Asociaci\u00f3n de Mujeres Juezas de Espa\u00f1a, e\u00a0<strong>Inma Orqu\u00edn<\/strong>, del grupo activista <strong>Afghan Women On The Run<\/strong>. Modera:\u00a0<strong>Cristina Faciaben Lacorte<\/strong>, secretaria confederal de Internacional, Cooperaci\u00f3n y Migraciones de CCOO.<\/p>\t\t\t\t\t\t\t\t<\/div>\n\t\t\t\t<\/div>\n\t\t\t\t\t<\/div>\n\t\t<\/div>\n\t\t\t\t\t<\/div>\n\t\t<\/section>\n\t\t\t\t<\/div>\n\t\t","protected":false},"excerpt":{"rendered":"<p>\u201cEl suicidio era mi \u00fanica salida si me cog\u00edan los talibanes\u201d Con el lema de \u201cNo al olvido\u201d, el pasado jueves 6 de octubre de 2022 se celebr\u00f3 en la sede de CCOO de Madrid un acto de apoyo a las mujeres afganas en el que se escuchar\u00e1 la voz de un grupo de exiliadas que ha logrado esquivar una muerte segura a manos de los talib\u00e1n. Hasta hace poco m\u00e1s de un a\u00f1o ejerc\u00edan<span class=\"more-link\"><a href=\"https:\/\/madridsindical.es\/archivo\/2022\/10\/04\/huir-o-morir-la-tragedia-de-las-mujeres-afganas\/\">Contin\u00faa leyendo<\/a><\/span><\/p>\n","protected":false},"author":1,"featured_media":3374,"comment_status":"closed","ping_status":"closed","sticky":false,"template":"","format":"standard","meta":{"footnotes":""},"categories":[3],"tags":[47],"class_list":["entry","author-madridsindical","post-3373","post","type-post","status-publish","format-standard","has-post-thumbnail","category-entrevistas","tag-archivo"],"aioseo_notices":[],"_links":{"self":[{"href":"https:\/\/madridsindical.es\/archivo\/wp-json\/wp\/v2\/posts\/3373","targetHints":{"allow":["GET"]}}],"collection":[{"href":"https:\/\/madridsindical.es\/archivo\/wp-json\/wp\/v2\/posts"}],"about":[{"href":"https:\/\/madridsindical.es\/archivo\/wp-json\/wp\/v2\/types\/post"}],"author":[{"embeddable":true,"href":"https:\/\/madridsindical.es\/archivo\/wp-json\/wp\/v2\/users\/1"}],"replies":[{"embeddable":true,"href":"https:\/\/madridsindical.es\/archivo\/wp-json\/wp\/v2\/comments?post=3373"}],"version-history":[{"count":58,"href":"https:\/\/madridsindical.es\/archivo\/wp-json\/wp\/v2\/posts\/3373\/revisions"}],"predecessor-version":[{"id":3463,"href":"https:\/\/madridsindical.es\/archivo\/wp-json\/wp\/v2\/posts\/3373\/revisions\/3463"}],"wp:featuredmedia":[{"embeddable":true,"href":"https:\/\/madridsindical.es\/archivo\/wp-json\/wp\/v2\/media\/3374"}],"wp:attachment":[{"href":"https:\/\/madridsindical.es\/archivo\/wp-json\/wp\/v2\/media?parent=3373"}],"wp:term":[{"taxonomy":"category","embeddable":true,"href":"https:\/\/madridsindical.es\/archivo\/wp-json\/wp\/v2\/categories?post=3373"},{"taxonomy":"post_tag","embeddable":true,"href":"https:\/\/madridsindical.es\/archivo\/wp-json\/wp\/v2\/tags?post=3373"}],"curies":[{"name":"wp","href":"https:\/\/api.w.org\/{rel}","templated":true}]}}