{"id":3243,"date":"2022-05-19T07:50:55","date_gmt":"2022-05-19T07:50:55","guid":{"rendered":"https:\/\/madridsindical.es\/archivo\/?p=3243"},"modified":"2025-11-06T10:49:23","modified_gmt":"2025-11-06T10:49:23","slug":"memoriademocraticapalomalopez","status":"publish","type":"post","link":"https:\/\/madridsindical.es\/archivo\/2022\/05\/19\/memoriademocraticapalomalopez\/","title":{"rendered":"Especial memoria democr\u00e1tica: art\u00edculo de Paloma L\u00f3pez"},"content":{"rendered":"\t\t<div data-elementor-type=\"wp-post\" data-elementor-id=\"3243\" class=\"elementor elementor-3243\">\n\t\t\t\t\t\t<section class=\"elementor-section elementor-top-section elementor-element elementor-element-0e2919b elementor-section-boxed elementor-section-height-default elementor-section-height-default\" data-id=\"0e2919b\" data-element_type=\"section\">\n\t\t\t\t\t\t<div class=\"elementor-container elementor-column-gap-default\">\n\t\t\t\t\t<div class=\"elementor-column elementor-col-100 elementor-top-column elementor-element elementor-element-1fcf368\" data-id=\"1fcf368\" data-element_type=\"column\">\n\t\t\t<div class=\"elementor-widget-wrap elementor-element-populated\">\n\t\t\t\t\t\t<div class=\"elementor-element elementor-element-6038c6e elementor-widget elementor-widget-heading\" data-id=\"6038c6e\" data-element_type=\"widget\" data-widget_type=\"heading.default\">\n\t\t\t\t<div class=\"elementor-widget-container\">\n\t\t\t\t\t<h2 class=\"elementor-heading-title elementor-size-default\">Memoria necesaria<\/h2>\t\t\t\t<\/div>\n\t\t\t\t<\/div>\n\t\t\t\t\t<\/div>\n\t\t<\/div>\n\t\t\t\t\t<\/div>\n\t\t<\/section>\n\t\t\t\t<section class=\"elementor-section elementor-top-section elementor-element elementor-element-8776918 elementor-section-boxed elementor-section-height-default elementor-section-height-default\" data-id=\"8776918\" data-element_type=\"section\">\n\t\t\t\t\t\t<div class=\"elementor-container elementor-column-gap-default\">\n\t\t\t\t\t<div class=\"elementor-column elementor-col-100 elementor-top-column elementor-element elementor-element-2a97ef5\" data-id=\"2a97ef5\" data-element_type=\"column\">\n\t\t\t<div class=\"elementor-widget-wrap elementor-element-populated\">\n\t\t\t\t\t\t<div class=\"elementor-element elementor-element-634a8d9 elementor-widget elementor-widget-text-editor\" data-id=\"634a8d9\" data-element_type=\"widget\" data-widget_type=\"text-editor.default\">\n\t\t\t\t<div class=\"elementor-widget-container\">\n\t\t\t\t\t\t\t\t\t<p><strong>Paloma L\u00f3pez, secretaria general de CCOO Madrid<\/strong><\/p>\t\t\t\t\t\t\t\t<\/div>\n\t\t\t\t<\/div>\n\t\t\t\t\t<\/div>\n\t\t<\/div>\n\t\t\t\t\t<\/div>\n\t\t<\/section>\n\t\t\t\t<section class=\"elementor-section elementor-top-section elementor-element elementor-element-29ab8a1 elementor-section-boxed elementor-section-height-default elementor-section-height-default\" data-id=\"29ab8a1\" data-element_type=\"section\">\n\t\t\t\t\t\t<div class=\"elementor-container elementor-column-gap-default\">\n\t\t\t\t\t<div class=\"elementor-column elementor-col-100 elementor-top-column elementor-element elementor-element-98c0a20\" data-id=\"98c0a20\" data-element_type=\"column\">\n\t\t\t<div class=\"elementor-widget-wrap elementor-element-populated\">\n\t\t\t\t\t\t<div class=\"elementor-element elementor-element-2b1bb53 elementor-widget elementor-widget-image\" data-id=\"2b1bb53\" data-element_type=\"widget\" data-widget_type=\"image.default\">\n\t\t\t\t<div class=\"elementor-widget-container\">\n\t\t\t\t\t\t\t\t\t\t\t\t\t\t\t<img fetchpriority=\"high\" decoding=\"async\" width=\"1024\" height=\"647\" src=\"https:\/\/madridsindical.es\/archivo\/wp-content\/uploads\/2021\/11\/001IMG_0593-1024x647.jpg\" class=\"attachment-large size-large wp-image-2883\" alt=\"\" srcset=\"https:\/\/madridsindical.es\/archivo\/wp-content\/uploads\/2021\/11\/001IMG_0593-1024x647.jpg 1024w, https:\/\/madridsindical.es\/archivo\/wp-content\/uploads\/2021\/11\/001IMG_0593-300x190.jpg 300w, https:\/\/madridsindical.es\/archivo\/wp-content\/uploads\/2021\/11\/001IMG_0593-768x485.jpg 768w, https:\/\/madridsindical.es\/archivo\/wp-content\/uploads\/2021\/11\/001IMG_0593-1536x971.jpg 1536w, https:\/\/madridsindical.es\/archivo\/wp-content\/uploads\/2021\/11\/001IMG_0593-465x294.jpg 465w, https:\/\/madridsindical.es\/archivo\/wp-content\/uploads\/2021\/11\/001IMG_0593-695x439.jpg 695w, https:\/\/madridsindical.es\/archivo\/wp-content\/uploads\/2021\/11\/001IMG_0593.jpg 2000w\" sizes=\"(max-width: 1024px) 100vw, 1024px\" \/>\t\t\t\t\t\t\t\t\t\t\t\t\t\t\t<\/div>\n\t\t\t\t<\/div>\n\t\t\t\t\t<\/div>\n\t\t<\/div>\n\t\t\t\t\t<\/div>\n\t\t<\/section>\n\t\t\t\t<section class=\"elementor-section elementor-top-section elementor-element elementor-element-f38fd91 elementor-section-boxed elementor-section-height-default elementor-section-height-default\" data-id=\"f38fd91\" data-element_type=\"section\">\n\t\t\t\t\t\t<div class=\"elementor-container elementor-column-gap-default\">\n\t\t\t\t\t<div class=\"elementor-column elementor-col-100 elementor-top-column elementor-element elementor-element-0383d9d\" data-id=\"0383d9d\" data-element_type=\"column\">\n\t\t\t<div class=\"elementor-widget-wrap elementor-element-populated\">\n\t\t\t\t\t\t<div class=\"elementor-element elementor-element-511ba54 elementor-widget elementor-widget-text-editor\" data-id=\"511ba54\" data-element_type=\"widget\" data-widget_type=\"text-editor.default\">\n\t\t\t\t<div class=\"elementor-widget-container\">\n\t\t\t\t\t\t\t\t\t<p><span style=\"font-weight: 400;\">Mencionar la <strong>c\u00e1rcel de Carabanchel<\/strong> es evocar un sinn\u00famero de recuerdos, emociones y sentimientos, todos ellos ligados a la <strong>lucha de miles y miles de compa\u00f1eros y compa\u00f1eras<\/strong> que dieron lo mejor de s\u00ed mismas en la pelea contra la dictadura de Franco. La c\u00e1rcel de Carabanchel es<strong> sin\u00f3nimo de represi\u00f3n, de tortura, de persecuci\u00f3n<\/strong>. No podemos olvidar que much\u00edsima gente sufri\u00f3 all\u00ed penas dur\u00edsimas de privaci\u00f3n de libertad por<strong> defender los derechos<\/strong> de la clase trabajadora y por <strong>reclamar democracia<\/strong> para un pa\u00eds <strong>gobernado por un tirano<\/strong>.\u00a0<\/span><\/p><p><span style=\"font-weight: 400;\">Por este presidio madrile\u00f1o pasaron, a su pesar, <strong>mujeres y hombres de una calidad extraordinaria<\/strong>. Derribarla en su totalidad, en 2008, fue un <strong>tremendo error<\/strong>. En toda Europa existen lugares para la memoria, para conjurar el olvido, para aprender y para comprender que hechos que averg\u00fcenzan a la humanidad entera y que ocasionaron un enorme sufrimiento no pueden volver a repetirse. Se puede enmendar el desatino de su demolici\u00f3n\u00a0 levantando en el lugar en el que tantos a\u00f1os estuvo emplazada la c\u00e1rcel un <strong>centro de memoria<\/strong> que dignifique a las v\u00edctimas de la dictadura y sirva como espacio de reflexi\u00f3n, pedagog\u00eda, concordia y defensa de los derechos humanos.<\/span><\/p><p><span style=\"font-weight: 400;\">En estos tiempos de revisionismo hist\u00f3rico por parte de la derecha y de la ultraderecha para<strong> blanquear un r\u00e9gimen que utiliz\u00f3 el terror contra sus ciudadanos y ciudadanas<\/strong>, o, como poco,\u00a0 para ofrecer una insultante visi\u00f3n edulcorada del franquismo, que tanto ofende a las v\u00edctimas y a sus familiares, <strong>es m\u00e1s importante que nunca recordar, es\u00a0 m\u00e1s necesaria que nunca una Ley de Memoria Democr\u00e1tica<\/strong> para evitar que el fascismo se integre de manera natural en las instituciones, polarice la sociedad y degrade la democracia y la convivencia.<\/span><\/p><p><span style=\"font-weight: 400;\">A quienes tanto exhiben, proclaman y demandan lealtad a Espa\u00f1a deber\u00edan saber que <strong>el mayor acto de patriotismo y de amor a una naci\u00f3n es el de asumir, con altura moral y rigor hist\u00f3rico, su pasado<\/strong>. S\u00f3lo as\u00ed podremos avanzar en la construcci\u00f3n de un pa\u00eds del que todos y todas sintamos que formamos parte. <\/span><\/p>\t\t\t\t\t\t\t\t<\/div>\n\t\t\t\t<\/div>\n\t\t\t\t\t<\/div>\n\t\t<\/div>\n\t\t\t\t\t<\/div>\n\t\t<\/section>\n\t\t\t\t<section class=\"elementor-section elementor-top-section elementor-element elementor-element-10dc5f2 elementor-section-boxed elementor-section-height-default elementor-section-height-default\" data-id=\"10dc5f2\" data-element_type=\"section\">\n\t\t\t\t\t\t<div class=\"elementor-container elementor-column-gap-default\">\n\t\t\t\t\t<div class=\"elementor-column elementor-col-100 elementor-top-column elementor-element elementor-element-c6567a0\" data-id=\"c6567a0\" data-element_type=\"column\">\n\t\t\t<div class=\"elementor-widget-wrap elementor-element-populated\">\n\t\t\t\t\t\t<div class=\"elementor-element elementor-element-84942ea elementor-position-left elementor-view-default elementor-mobile-position-top elementor-widget elementor-widget-icon-box\" data-id=\"84942ea\" data-element_type=\"widget\" data-widget_type=\"icon-box.default\">\n\t\t\t\t<div class=\"elementor-widget-container\">\n\t\t\t\t\t\t\t<div class=\"elementor-icon-box-wrapper\">\n\n\t\t\t\t\t\t<div class=\"elementor-icon-box-icon\">\n\t\t\t\t<a href=\"https:\/\/madridsindical.es\/archivo\/2022\/05\/19\/especial-memoria-democratica-entrevista-a-nicolas-sartorius\/\" class=\"elementor-icon\" tabindex=\"-1\" aria-label=\"Entrevista: Nicol\u00e1s Sartorius\">\n\t\t\t\t<i aria-hidden=\"true\" class=\"far fa-hand-point-right\"><\/i>\t\t\t\t<\/a>\n\t\t\t<\/div>\n\t\t\t\n\t\t\t\t\t\t<div class=\"elementor-icon-box-content\">\n\n\t\t\t\t\t\t\t\t\t<h3 class=\"elementor-icon-box-title\">\n\t\t\t\t\t\t<a href=\"https:\/\/madridsindical.es\/archivo\/2022\/05\/19\/especial-memoria-democratica-entrevista-a-nicolas-sartorius\/\" >\n\t\t\t\t\t\t\tEntrevista: Nicol\u00e1s Sartorius\t\t\t\t\t\t<\/a>\n\t\t\t\t\t<\/h3>\n\t\t\t\t\n\t\t\t\t\t\t\t\t\t<p class=\"elementor-icon-box-description\">\n\t\t\t\t\t\t\u201cLa democracia en Espa\u00f1a se la debemos, sobre todo, a la lucha de trabajadores y estudiantes\u201d\t\t\t\t\t<\/p>\n\t\t\t\t\n\t\t\t<\/div>\n\t\t\t\n\t\t<\/div>\n\t\t\t\t\t\t<\/div>\n\t\t\t\t<\/div>\n\t\t\t\t\t<\/div>\n\t\t<\/div>\n\t\t\t\t\t<\/div>\n\t\t<\/section>\n\t\t\t\t<section class=\"elementor-section elementor-top-section elementor-element elementor-element-3f5223b elementor-section-boxed elementor-section-height-default elementor-section-height-default\" data-id=\"3f5223b\" data-element_type=\"section\">\n\t\t\t\t\t\t<div class=\"elementor-container elementor-column-gap-default\">\n\t\t\t\t\t<div class=\"elementor-column elementor-col-100 elementor-top-column elementor-element elementor-element-8160df5\" data-id=\"8160df5\" data-element_type=\"column\">\n\t\t\t<div class=\"elementor-widget-wrap elementor-element-populated\">\n\t\t\t\t\t\t<div class=\"elementor-element elementor-element-d2c40ed elementor-position-left elementor-view-default elementor-mobile-position-top elementor-widget elementor-widget-icon-box\" data-id=\"d2c40ed\" data-element_type=\"widget\" data-widget_type=\"icon-box.default\">\n\t\t\t\t<div class=\"elementor-widget-container\">\n\t\t\t\t\t\t\t<div class=\"elementor-icon-box-wrapper\">\n\n\t\t\t\t\t\t<div class=\"elementor-icon-box-icon\">\n\t\t\t\t<a href=\"https:\/\/madridsindical.es\/archivo\/2022\/05\/23\/especial-memoria-democratica-entrevista-a-begona-san-jose\/\" class=\"elementor-icon\" tabindex=\"-1\" aria-label=\"Entrevista: Bego\u00f1a San Jos\u00e9\">\n\t\t\t\t<i aria-hidden=\"true\" class=\"far fa-hand-point-right\"><\/i>\t\t\t\t<\/a>\n\t\t\t<\/div>\n\t\t\t\n\t\t\t\t\t\t<div class=\"elementor-icon-box-content\">\n\n\t\t\t\t\t\t\t\t\t<h3 class=\"elementor-icon-box-title\">\n\t\t\t\t\t\t<a href=\"https:\/\/madridsindical.es\/archivo\/2022\/05\/23\/especial-memoria-democratica-entrevista-a-begona-san-jose\/\" >\n\t\t\t\t\t\t\tEntrevista: Bego\u00f1a San Jos\u00e9\t\t\t\t\t\t<\/a>\n\t\t\t\t\t<\/h3>\n\t\t\t\t\n\t\t\t\t\t\t\t\t\t<p class=\"elementor-icon-box-description\">\n\t\t\t\t\t\t\u201cLa c\u00e1rcel, se dec\u00eda, era la universidad del obrero, pero de la obrera no\u201d\t\t\t\t\t<\/p>\n\t\t\t\t\n\t\t\t<\/div>\n\t\t\t\n\t\t<\/div>\n\t\t\t\t\t\t<\/div>\n\t\t\t\t<\/div>\n\t\t\t\t\t<\/div>\n\t\t<\/div>\n\t\t\t\t\t<\/div>\n\t\t<\/section>\n\t\t\t\t<\/div>\n\t\t","protected":false},"excerpt":{"rendered":"<p>Memoria necesaria Paloma L\u00f3pez, secretaria general de CCOO Madrid Mencionar la c\u00e1rcel de Carabanchel es evocar un sinn\u00famero de recuerdos, emociones y sentimientos, todos ellos ligados a la lucha de miles y miles de compa\u00f1eros y compa\u00f1eras que dieron lo mejor de s\u00ed mismas en la pelea contra la dictadura de Franco. La c\u00e1rcel de Carabanchel es sin\u00f3nimo de represi\u00f3n, de tortura, de persecuci\u00f3n. No podemos olvidar que much\u00edsima gente sufri\u00f3 all\u00ed penas dur\u00edsimas de<span class=\"more-link\"><a href=\"https:\/\/madridsindical.es\/archivo\/2022\/05\/19\/memoriademocraticapalomalopez\/\">Contin\u00faa leyendo<\/a><\/span><\/p>\n","protected":false},"author":1,"featured_media":0,"comment_status":"closed","ping_status":"closed","sticky":false,"template":"","format":"standard","meta":{"footnotes":""},"categories":[31],"tags":[47],"class_list":["entry","author-madridsindical","post-3243","post","type-post","status-publish","format-standard","category-memoria-del-movimiento-obrero","tag-archivo"],"aioseo_notices":[],"_links":{"self":[{"href":"https:\/\/madridsindical.es\/archivo\/wp-json\/wp\/v2\/posts\/3243","targetHints":{"allow":["GET"]}}],"collection":[{"href":"https:\/\/madridsindical.es\/archivo\/wp-json\/wp\/v2\/posts"}],"about":[{"href":"https:\/\/madridsindical.es\/archivo\/wp-json\/wp\/v2\/types\/post"}],"author":[{"embeddable":true,"href":"https:\/\/madridsindical.es\/archivo\/wp-json\/wp\/v2\/users\/1"}],"replies":[{"embeddable":true,"href":"https:\/\/madridsindical.es\/archivo\/wp-json\/wp\/v2\/comments?post=3243"}],"version-history":[{"count":10,"href":"https:\/\/madridsindical.es\/archivo\/wp-json\/wp\/v2\/posts\/3243\/revisions"}],"predecessor-version":[{"id":3324,"href":"https:\/\/madridsindical.es\/archivo\/wp-json\/wp\/v2\/posts\/3243\/revisions\/3324"}],"wp:attachment":[{"href":"https:\/\/madridsindical.es\/archivo\/wp-json\/wp\/v2\/media?parent=3243"}],"wp:term":[{"taxonomy":"category","embeddable":true,"href":"https:\/\/madridsindical.es\/archivo\/wp-json\/wp\/v2\/categories?post=3243"},{"taxonomy":"post_tag","embeddable":true,"href":"https:\/\/madridsindical.es\/archivo\/wp-json\/wp\/v2\/tags?post=3243"}],"curies":[{"name":"wp","href":"https:\/\/api.w.org\/{rel}","templated":true}]}}