{"id":3235,"date":"2022-05-19T07:39:12","date_gmt":"2022-05-19T07:39:12","guid":{"rendered":"https:\/\/madridsindical.es\/archivo\/?p=3235"},"modified":"2025-11-06T10:49:23","modified_gmt":"2025-11-06T10:49:23","slug":"especial-memoria-democratica-entrevista-a-nicolas-sartorius","status":"publish","type":"post","link":"https:\/\/madridsindical.es\/archivo\/2022\/05\/19\/especial-memoria-democratica-entrevista-a-nicolas-sartorius\/","title":{"rendered":"Especial memoria democr\u00e1tica: Entrevista a Nicol\u00e1s Sartorius"},"content":{"rendered":"\t\t<div data-elementor-type=\"wp-post\" data-elementor-id=\"3235\" class=\"elementor elementor-3235\">\n\t\t\t\t\t\t<section class=\"elementor-section elementor-top-section elementor-element elementor-element-45ca8b3 elementor-section-boxed elementor-section-height-default elementor-section-height-default\" data-id=\"45ca8b3\" data-element_type=\"section\">\n\t\t\t\t\t\t<div class=\"elementor-container elementor-column-gap-default\">\n\t\t\t\t\t<div class=\"elementor-column elementor-col-100 elementor-top-column elementor-element elementor-element-ba67c16\" data-id=\"ba67c16\" data-element_type=\"column\">\n\t\t\t<div class=\"elementor-widget-wrap elementor-element-populated\">\n\t\t\t\t\t\t<div class=\"elementor-element elementor-element-846a3cf elementor-widget elementor-widget-heading\" data-id=\"846a3cf\" data-element_type=\"widget\" data-widget_type=\"heading.default\">\n\t\t\t\t<div class=\"elementor-widget-container\">\n\t\t\t\t\t<h2 class=\"elementor-heading-title elementor-size-default\">\u201cLa democracia en Espa\u00f1a se la debemos, sobre todo, a la lucha de trabajadores y estudiantes\u201d<\/h2>\t\t\t\t<\/div>\n\t\t\t\t<\/div>\n\t\t\t\t\t<\/div>\n\t\t<\/div>\n\t\t\t\t\t<\/div>\n\t\t<\/section>\n\t\t\t\t<section class=\"elementor-section elementor-top-section elementor-element elementor-element-4531c04 elementor-section-boxed elementor-section-height-default elementor-section-height-default\" data-id=\"4531c04\" data-element_type=\"section\">\n\t\t\t\t\t\t<div class=\"elementor-container elementor-column-gap-default\">\n\t\t\t\t\t<div class=\"elementor-column elementor-col-100 elementor-top-column elementor-element elementor-element-de3ca91\" data-id=\"de3ca91\" data-element_type=\"column\">\n\t\t\t<div class=\"elementor-widget-wrap elementor-element-populated\">\n\t\t\t\t\t\t<div class=\"elementor-element elementor-element-500bc39 elementor-widget elementor-widget-text-editor\" data-id=\"500bc39\" data-element_type=\"widget\" data-widget_type=\"text-editor.default\">\n\t\t\t\t<div class=\"elementor-widget-container\">\n\t\t\t\t\t\t\t\t\t<p><span style=\"font-weight: 400;\">En <strong>\u201cBanderas de nuestros padres\u201d<\/strong>, conmovedora pel\u00edcula de <strong>Clint Eatswood<\/strong> que narra las consecuencias de la manipulaci\u00f3n con fines propagand\u00edsticos de un hecho ocurrido durante la batalla en la isla de <strong>Iwo Jima<\/strong> en 1945, el protagonista concluye que la mejor forma de honrar a un pa\u00eds y a quienes lucharon por \u00e9l es <strong>contar la historia tal como sucedi\u00f3<\/strong>. Tal reflexi\u00f3n viene que ni pintada para resumir la conversaci\u00f3n con <strong>Nicol\u00e1s Sartorius<\/strong> sobre el da\u00f1o para la memoria democr\u00e1tica en Espa\u00f1a que ha supuesto, en sus palabras, <strong><em>\u201cla confusi\u00f3n entre amnist\u00eda y amnesia\u201d<\/em><\/strong> y que explica <strong>por qu\u00e9 no se ha reivindicado la lucha del pueblo espa\u00f1ol<\/strong> que hizo posible la democracia.<\/span><\/p>\t\t\t\t\t\t\t\t<\/div>\n\t\t\t\t<\/div>\n\t\t\t\t\t<\/div>\n\t\t<\/div>\n\t\t\t\t\t<\/div>\n\t\t<\/section>\n\t\t\t\t<section class=\"elementor-section elementor-top-section elementor-element elementor-element-9eff91f elementor-section-boxed elementor-section-height-default elementor-section-height-default\" data-id=\"9eff91f\" data-element_type=\"section\">\n\t\t\t\t\t\t<div class=\"elementor-container elementor-column-gap-default\">\n\t\t\t\t\t<div class=\"elementor-column elementor-col-100 elementor-top-column elementor-element elementor-element-610e559\" data-id=\"610e559\" data-element_type=\"column\">\n\t\t\t<div class=\"elementor-widget-wrap elementor-element-populated\">\n\t\t\t\t\t\t<div class=\"elementor-element elementor-element-9a7960c elementor-widget elementor-widget-text-editor\" data-id=\"9a7960c\" data-element_type=\"widget\" data-widget_type=\"text-editor.default\">\n\t\t\t\t<div class=\"elementor-widget-container\">\n\t\t\t\t\t\t\t\t\t<p><b>Direcci\u00f3n: Luis Lombardo. Texto: Alejandra Acosta. Fotos: Fran Lorente<\/b><\/p>\t\t\t\t\t\t\t\t<\/div>\n\t\t\t\t<\/div>\n\t\t\t\t\t<\/div>\n\t\t<\/div>\n\t\t\t\t\t<\/div>\n\t\t<\/section>\n\t\t\t\t<section class=\"elementor-section elementor-top-section elementor-element elementor-element-558efd6 elementor-section-boxed elementor-section-height-default elementor-section-height-default\" data-id=\"558efd6\" data-element_type=\"section\">\n\t\t\t\t\t\t<div class=\"elementor-container elementor-column-gap-default\">\n\t\t\t\t\t<div class=\"elementor-column elementor-col-100 elementor-top-column elementor-element elementor-element-b2ae91b\" data-id=\"b2ae91b\" data-element_type=\"column\">\n\t\t\t<div class=\"elementor-widget-wrap elementor-element-populated\">\n\t\t\t\t\t\t<div class=\"elementor-element elementor-element-385b05b elementor-widget elementor-widget-heading\" data-id=\"385b05b\" data-element_type=\"widget\" data-widget_type=\"heading.default\">\n\t\t\t\t<div class=\"elementor-widget-container\">\n\t\t\t\t\t<h2 class=\"elementor-heading-title elementor-size-default\">\u201cCuando muere Franco no viene \nla democracia, continu\u00f3 la represi\u00f3n\u201d\n<\/h2>\t\t\t\t<\/div>\n\t\t\t\t<\/div>\n\t\t\t\t\t<\/div>\n\t\t<\/div>\n\t\t\t\t\t<\/div>\n\t\t<\/section>\n\t\t\t\t<section class=\"elementor-section elementor-top-section elementor-element elementor-element-354d077 elementor-section-boxed elementor-section-height-default elementor-section-height-default\" data-id=\"354d077\" data-element_type=\"section\">\n\t\t\t\t\t\t<div class=\"elementor-container elementor-column-gap-default\">\n\t\t\t\t\t<div class=\"elementor-column elementor-col-100 elementor-top-column elementor-element elementor-element-77a290e\" data-id=\"77a290e\" data-element_type=\"column\">\n\t\t\t<div class=\"elementor-widget-wrap elementor-element-populated\">\n\t\t\t\t\t\t<div class=\"elementor-element elementor-element-4ccb4d9 elementor-widget elementor-widget-text-editor\" data-id=\"4ccb4d9\" data-element_type=\"widget\" data-widget_type=\"text-editor.default\">\n\t\t\t\t<div class=\"elementor-widget-container\">\n\t\t\t\t\t\t\t\t\t<p><b>\u201cA la gente de este pa\u00eds le han contado que la democracia la trajo un rey junto a pol\u00edticos que hab\u00edan estado con la dictadura, que fue poco m\u00e1s o menos que una sucesi\u00f3n natural. No fue as\u00ed. <\/b><span style=\"font-weight: 400;\">La democracia se la debemos, sobre todo, a la <strong>lucha de trabajadores y estudiantes<\/strong>. Cuando muere Franco no viene la democracia. La gente no cae en que entre el 20 de noviembre del 75 y la Constituci\u00f3n del 78 pasaron tres a\u00f1os decisivos para que siguiera o no la dictadura, tres a\u00f1os en los que <strong>continu\u00f3 la represi\u00f3n<\/strong>, incluso se abrieron m\u00e1s procedimientos del <strong>Tribunal de Orden P\u00fablico<\/strong> sin Franco que con Franco porque hab\u00eda una <strong>fort\u00edsima movilizaci\u00f3n social, obrera, estudiantil, vecinal&#8230;<\/strong> Sin lucha no hubiera sido posible la democracia, estar\u00edamos como en Turqu\u00eda\u201d, sostiene el veterano pol\u00edtico y sindicalista, que <strong>otorga a CCOO un papel imprescindible en aquella movilizaci\u00f3n<\/strong> que le dobl\u00f3 el brazo al franquismo. \u201cComisiones Obreras era la organizaci\u00f3n que estaba dentro de las empresas y la que ten\u00eda, por tanto, <strong>capacidad de movilizar a los trabajadores, de convocar huelgas<\/strong> y manifestaciones. Esa capacidad no la ten\u00edan entonces los partidos\u201d.<\/span><\/p>\t\t\t\t\t\t\t\t<\/div>\n\t\t\t\t<\/div>\n\t\t\t\t\t<\/div>\n\t\t<\/div>\n\t\t\t\t\t<\/div>\n\t\t<\/section>\n\t\t\t\t<section class=\"elementor-section elementor-top-section elementor-element elementor-element-07abaf4 elementor-section-boxed elementor-section-height-default elementor-section-height-default\" data-id=\"07abaf4\" data-element_type=\"section\">\n\t\t\t\t\t\t<div class=\"elementor-container elementor-column-gap-default\">\n\t\t\t\t\t<div class=\"elementor-column elementor-col-100 elementor-top-column elementor-element elementor-element-dc230e6\" data-id=\"dc230e6\" data-element_type=\"column\">\n\t\t\t<div class=\"elementor-widget-wrap elementor-element-populated\">\n\t\t\t\t\t\t<div class=\"elementor-element elementor-element-39213fc elementor-widget elementor-widget-heading\" data-id=\"39213fc\" data-element_type=\"widget\" data-widget_type=\"heading.default\">\n\t\t\t\t<div class=\"elementor-widget-container\">\n\t\t\t\t\t<h2 class=\"elementor-heading-title elementor-size-default\"> \u201cSin lucha no hubiera sido posible la \ndemocracia,  estar\u00edamos como en Turqu\u00eda\"<\/h2>\t\t\t\t<\/div>\n\t\t\t\t<\/div>\n\t\t\t\t\t<\/div>\n\t\t<\/div>\n\t\t\t\t\t<\/div>\n\t\t<\/section>\n\t\t\t\t<section class=\"elementor-section elementor-top-section elementor-element elementor-element-089d347 elementor-section-boxed elementor-section-height-default elementor-section-height-default\" data-id=\"089d347\" data-element_type=\"section\">\n\t\t\t\t\t\t<div class=\"elementor-container elementor-column-gap-default\">\n\t\t\t\t\t<div class=\"elementor-column elementor-col-100 elementor-top-column elementor-element elementor-element-4559248\" data-id=\"4559248\" data-element_type=\"column\">\n\t\t\t<div class=\"elementor-widget-wrap elementor-element-populated\">\n\t\t\t\t\t\t<div class=\"elementor-element elementor-element-bfb513e elementor-widget elementor-widget-text-editor\" data-id=\"bfb513e\" data-element_type=\"widget\" data-widget_type=\"text-editor.default\">\n\t\t\t\t<div class=\"elementor-widget-container\">\n\t\t\t\t\t\t\t\t\t<p><span style=\"font-weight: 400;\">La investigaci\u00f3n sobre el <strong>Tribunal de Orden P\u00fablico (TOP)<\/strong> llevada a cabo por el magistrado <a href=\"https:\/\/madridsindical.es\/archivo\/2021\/01\/26\/entrevista-con-juan-jose-del-aguila-abogado-laboralista-y-magistrado\/\" target=\"_blank\" rel=\"noopener\"><strong>Juan Jos\u00e9 del \u00c1guila<\/strong><\/a> corrobora la afirmaci\u00f3n de Sartorius. Las severas condenas dictadas por el TOP en aut\u00e9nticas farsas judiciales <strong>ten\u00edan como fin atemorizar a la poblaci\u00f3n trabajadora<\/strong>, cada vez m\u00e1s movilizada por el <strong>impulso de CCOO<\/strong>, que en 1966 hab\u00eda ganado las elecciones sindicales.<strong> \u201cLa persecuci\u00f3n fue brutal\u201d<\/strong>, enfatiza Sartorius.<\/span><b> \u201c<\/b><span style=\"font-weight: 400;\">Sobre todo a partir de 1967, cuando el Tribunal Supremo las declara <strong>subversivas e il\u00edcitas<\/strong> y dictamina que, por analog\u00eda, ser de CCOO era lo mismo que ser del PCE, una completa <strong>aberraci\u00f3n jur\u00eddica<\/strong>\u201d.\u00a0<\/span><\/p><p><span style=\"font-weight: 400;\">El an\u00e1lisis minucioso de todas las sentencias del TOP realizado por Del \u00c1guila revela que <strong>7 de cada 10 personas que fueron llevadas ante aquel abyecto tribunal pertenec\u00edan a la clase obrera<\/strong>, <strong>la mayor\u00eda sindicalistas de CCOO<\/strong>. <strong>\u201cEst\u00e1 pendiente el contar esa lucha tremenda hasta el final.<\/strong> Se han escrito libros y art\u00edculos, pero no se ha difundido en im\u00e1genes ni en televisi\u00f3n ni en el cine. En TVE solo se ha emitido aquella serie dirigida por Victoria Prego, elitista y edulcorada, que sosten\u00eda el relato oficial que se ha impuesto\u201d. <\/span><\/p>\t\t\t\t\t\t\t\t<\/div>\n\t\t\t\t<\/div>\n\t\t\t\t\t<\/div>\n\t\t<\/div>\n\t\t\t\t\t<\/div>\n\t\t<\/section>\n\t\t\t\t<section class=\"elementor-section elementor-top-section elementor-element elementor-element-b985209 elementor-section-boxed elementor-section-height-default elementor-section-height-default\" data-id=\"b985209\" data-element_type=\"section\">\n\t\t\t\t\t\t<div class=\"elementor-container elementor-column-gap-default\">\n\t\t\t\t\t<div class=\"elementor-column elementor-col-100 elementor-top-column elementor-element elementor-element-76b60b0\" data-id=\"76b60b0\" data-element_type=\"column\">\n\t\t\t<div class=\"elementor-widget-wrap elementor-element-populated\">\n\t\t\t\t\t\t<div class=\"elementor-element elementor-element-5124533 elementor-widget elementor-widget-heading\" data-id=\"5124533\" data-element_type=\"widget\" data-widget_type=\"heading.default\">\n\t\t\t\t<div class=\"elementor-widget-container\">\n\t\t\t\t\t<h2 class=\"elementor-heading-title elementor-size-default\">\u201cS\u00ed tuvieron la inteligencia de comprender \nla necesidad de una transici\u00f3n pac\u00edfica...\u201d\n<\/h2>\t\t\t\t<\/div>\n\t\t\t\t<\/div>\n\t\t\t\t\t<\/div>\n\t\t<\/div>\n\t\t\t\t\t<\/div>\n\t\t<\/section>\n\t\t\t\t<section class=\"elementor-section elementor-top-section elementor-element elementor-element-fa0d906 elementor-section-boxed elementor-section-height-default elementor-section-height-default\" data-id=\"fa0d906\" data-element_type=\"section\">\n\t\t\t\t\t\t<div class=\"elementor-container elementor-column-gap-default\">\n\t\t\t\t\t<div class=\"elementor-column elementor-col-100 elementor-top-column elementor-element elementor-element-09ceacd\" data-id=\"09ceacd\" data-element_type=\"column\">\n\t\t\t<div class=\"elementor-widget-wrap elementor-element-populated\">\n\t\t\t\t\t\t<div class=\"elementor-element elementor-element-e3166e2 elementor-widget elementor-widget-text-editor\" data-id=\"e3166e2\" data-element_type=\"widget\" data-widget_type=\"text-editor.default\">\n\t\t\t\t<div class=\"elementor-widget-container\">\n\t\t\t\t\t\t\t\t\t<p><span style=\"font-weight: 400;\">\u201cS\u00ed es verdad que tuvieron la inteligencia de <strong>comprender la necesidad de una transici\u00f3n pac\u00edfica para evitar una guerra<\/strong>\u201d, a\u00f1ade. \u201cPero <strong>sin lucha, sin presi\u00f3n, no se hubiera producido, de ninguna manera<\/strong>\u201d.\u00a0<\/span><\/p><p><span style=\"font-weight: 400;\">Tambi\u00e9n se duele Sartorius de que apenas quede rastro en Madrid de lo que fueron los <strong>centros de represi\u00f3n m\u00e1s duros y estrat\u00e9gicos del franquismo<\/strong>. Por eso considera fundamental construir en los terrenos donde se ubicaba la <strong>c\u00e1rcel de Carabanchel<\/strong> un <strong>espacio para la memoria democr\u00e1tica<\/strong>. \u201cMe pareci\u00f3 lamentable que la derribaran y no dejaran nada. Hab\u00eda en el centro una<strong> b\u00f3veda enorme, inmensa<\/strong>, donde estaban los funcionarios y la log\u00edstica de comunicaci\u00f3n, y de donde sal\u00edan las galer\u00edas en forma de estrella. <strong>Podr\u00edan haber conservado perfectamente esa c\u00fapula<\/strong> y haberla convertido en un memorial\u201d.\u00a0<\/span><\/p><p><span style=\"font-weight: 400;\">Juzga igual de deplorable que no haya quedado ni un m\u00ednimo recuerdo de los <strong>calabozos de\u00a0 la Casa de Correos<\/strong>, el edificio de la <strong>Puerta del Sol<\/strong> donde estaba la <strong>Direcci\u00f3n General de Seguridad y la Brigada Pol\u00edtico Social<\/strong>, hoy sede del gobierno regional.\u00a0 \u201cEst\u00e1 muy bien que se recuerde a las v\u00edctimas de ETA y a las del yihadismo, pero tiene que haber tambi\u00e9n un <strong>reconocimiento para las miles de personas que fuimos all\u00ed torturadas<\/strong> y machacadas por luchar por la libertad y la democracia\u201d. <\/span><\/p>\t\t\t\t\t\t\t\t<\/div>\n\t\t\t\t<\/div>\n\t\t\t\t\t<\/div>\n\t\t<\/div>\n\t\t\t\t\t<\/div>\n\t\t<\/section>\n\t\t\t\t<section class=\"elementor-section elementor-top-section elementor-element elementor-element-0353c5f elementor-section-boxed elementor-section-height-default elementor-section-height-default\" data-id=\"0353c5f\" data-element_type=\"section\">\n\t\t\t\t\t\t<div class=\"elementor-container elementor-column-gap-default\">\n\t\t\t\t\t<div class=\"elementor-column elementor-col-100 elementor-top-column elementor-element elementor-element-b3cb322\" data-id=\"b3cb322\" data-element_type=\"column\">\n\t\t\t<div class=\"elementor-widget-wrap elementor-element-populated\">\n\t\t\t\t\t\t<div class=\"elementor-element elementor-element-270be92 elementor-widget elementor-widget-image\" data-id=\"270be92\" data-element_type=\"widget\" data-widget_type=\"image.default\">\n\t\t\t\t<div class=\"elementor-widget-container\">\n\t\t\t\t\t\t\t\t\t\t\t\t<figure class=\"wp-caption\">\n\t\t\t\t\t\t\t\t\t\t<img fetchpriority=\"high\" decoding=\"async\" width=\"1024\" height=\"682\" src=\"https:\/\/madridsindical.es\/archivo\/wp-content\/uploads\/2022\/05\/001img4-072-1024x682.jpg\" class=\"attachment-large size-large wp-image-3238\" alt=\"\" srcset=\"https:\/\/madridsindical.es\/archivo\/wp-content\/uploads\/2022\/05\/001img4-072-1024x682.jpg 1024w, https:\/\/madridsindical.es\/archivo\/wp-content\/uploads\/2022\/05\/001img4-072-300x200.jpg 300w, https:\/\/madridsindical.es\/archivo\/wp-content\/uploads\/2022\/05\/001img4-072-768x512.jpg 768w, https:\/\/madridsindical.es\/archivo\/wp-content\/uploads\/2022\/05\/001img4-072-1536x1024.jpg 1536w, https:\/\/madridsindical.es\/archivo\/wp-content\/uploads\/2022\/05\/001img4-072-465x310.jpg 465w, https:\/\/madridsindical.es\/archivo\/wp-content\/uploads\/2022\/05\/001img4-072-695x463.jpg 695w, https:\/\/madridsindical.es\/archivo\/wp-content\/uploads\/2022\/05\/001img4-072.jpg 2000w\" sizes=\"(max-width: 1024px) 100vw, 1024px\" \/>\t\t\t\t\t\t\t\t\t\t\t<figcaption class=\"widget-image-caption wp-caption-text\">C\u00e1rcel de Carabanchel durante su derribo en 2008<\/figcaption>\n\t\t\t\t\t\t\t\t\t\t<\/figure>\n\t\t\t\t\t\t\t\t\t<\/div>\n\t\t\t\t<\/div>\n\t\t\t\t\t<\/div>\n\t\t<\/div>\n\t\t\t\t\t<\/div>\n\t\t<\/section>\n\t\t\t\t<section class=\"elementor-section elementor-top-section elementor-element elementor-element-125ad17 elementor-section-boxed elementor-section-height-default elementor-section-height-default\" data-id=\"125ad17\" data-element_type=\"section\">\n\t\t\t\t\t\t<div class=\"elementor-container elementor-column-gap-default\">\n\t\t\t\t\t<div class=\"elementor-column elementor-col-100 elementor-top-column elementor-element elementor-element-78f2824\" data-id=\"78f2824\" data-element_type=\"column\">\n\t\t\t<div class=\"elementor-widget-wrap elementor-element-populated\">\n\t\t\t\t\t\t<div class=\"elementor-element elementor-element-a7923d9 elementor-widget elementor-widget-heading\" data-id=\"a7923d9\" data-element_type=\"widget\" data-widget_type=\"heading.default\">\n\t\t\t\t<div class=\"elementor-widget-container\">\n\t\t\t\t\t<h2 class=\"elementor-heading-title elementor-size-default\">\u201cUn pa\u00eds sin memoria de la lucha por la democracia tampoco tiene cultura democr\u00e1tica\u201d\n<\/h2>\t\t\t\t<\/div>\n\t\t\t\t<\/div>\n\t\t\t\t\t<\/div>\n\t\t<\/div>\n\t\t\t\t\t<\/div>\n\t\t<\/section>\n\t\t\t\t<section class=\"elementor-section elementor-top-section elementor-element elementor-element-a02c995 elementor-section-boxed elementor-section-height-default elementor-section-height-default\" data-id=\"a02c995\" data-element_type=\"section\">\n\t\t\t\t\t\t<div class=\"elementor-container elementor-column-gap-default\">\n\t\t\t\t\t<div class=\"elementor-column elementor-col-100 elementor-top-column elementor-element elementor-element-ff503be\" data-id=\"ff503be\" data-element_type=\"column\">\n\t\t\t<div class=\"elementor-widget-wrap elementor-element-populated\">\n\t\t\t\t\t\t<div class=\"elementor-element elementor-element-a93f83e elementor-widget elementor-widget-text-editor\" data-id=\"a93f83e\" data-element_type=\"widget\" data-widget_type=\"text-editor.default\">\n\t\t\t\t<div class=\"elementor-widget-container\">\n\t\t\t\t\t\t\t\t\t<p><span style=\"font-weight: 400;\">Tampoco quedan referencias en la <strong>calle del Reloj<\/strong> del que fue uno los centros de castigo m\u00e1s severos y despiadados de la dictadura, el <strong>Tribunal Especial para la Represi\u00f3n de la Masoner\u00eda y Comunismo<\/strong>, creado espec\u00edficamente para perseguir y acallar cualquier tipo de disidencia. \u201cPor la <strong>puerta de atr\u00e1s del Senado<\/strong>, la que da a la plaza de Oriente, entraban los camiones de la Guardia Civil en los que nos llevaban a los <strong>Consejos de Guerra<\/strong>. Recuerdo al<strong> coronel Eymar<\/strong> y al teniente <strong>coronel Balb\u00e1s<\/strong>\u2026 Pero si todo esto solo queda en la memoria de quienes lo vivimos, desaparecer\u00e1, y un pa\u00eds sin memoria de la lucha por la democracia tampoco tiene cultura democr\u00e1tica\u201d. <\/span><\/p>\t\t\t\t\t\t\t\t<\/div>\n\t\t\t\t<\/div>\n\t\t\t\t<div class=\"elementor-element elementor-element-56384d6 elementor-widget elementor-widget-spacer\" data-id=\"56384d6\" data-element_type=\"widget\" data-widget_type=\"spacer.default\">\n\t\t\t\t<div class=\"elementor-widget-container\">\n\t\t\t\t\t\t\t<div class=\"elementor-spacer\">\n\t\t\t<div class=\"elementor-spacer-inner\"><\/div>\n\t\t<\/div>\n\t\t\t\t\t\t<\/div>\n\t\t\t\t<\/div>\n\t\t\t\t<div class=\"elementor-element elementor-element-a73c51f elementor-widget-divider--view-line elementor-widget elementor-widget-divider\" data-id=\"a73c51f\" data-element_type=\"widget\" data-widget_type=\"divider.default\">\n\t\t\t\t<div class=\"elementor-widget-container\">\n\t\t\t\t\t\t\t<div class=\"elementor-divider\">\n\t\t\t<span class=\"elementor-divider-separator\">\n\t\t\t\t\t\t<\/span>\n\t\t<\/div>\n\t\t\t\t\t\t<\/div>\n\t\t\t\t<\/div>\n\t\t\t\t\t<\/div>\n\t\t<\/div>\n\t\t\t\t\t<\/div>\n\t\t<\/section>\n\t\t\t\t<section class=\"elementor-section elementor-top-section elementor-element elementor-element-983637f elementor-section-boxed elementor-section-height-default elementor-section-height-default\" data-id=\"983637f\" data-element_type=\"section\" data-settings=\"{&quot;background_background&quot;:&quot;classic&quot;}\">\n\t\t\t\t\t\t<div class=\"elementor-container elementor-column-gap-default\">\n\t\t\t\t\t<div class=\"elementor-column elementor-col-100 elementor-top-column elementor-element elementor-element-5df6bb8\" data-id=\"5df6bb8\" data-element_type=\"column\">\n\t\t\t<div class=\"elementor-widget-wrap elementor-element-populated\">\n\t\t\t\t\t\t<div class=\"elementor-element elementor-element-c16a100 elementor-widget elementor-widget-heading\" data-id=\"c16a100\" data-element_type=\"widget\" data-widget_type=\"heading.default\">\n\t\t\t\t<div class=\"elementor-widget-container\">\n\t\t\t\t\t<h2 class=\"elementor-heading-title elementor-size-default\">\u201cLo primero que te ense\u00f1aban en los calabozos de la Puerta del Sol era tu partida de defunci\u00f3n\u201d\n<\/h2>\t\t\t\t<\/div>\n\t\t\t\t<\/div>\n\t\t\t\t\t<\/div>\n\t\t<\/div>\n\t\t\t\t\t<\/div>\n\t\t<\/section>\n\t\t\t\t<section class=\"elementor-section elementor-top-section elementor-element elementor-element-df76f99 elementor-section-boxed elementor-section-height-default elementor-section-height-default\" data-id=\"df76f99\" data-element_type=\"section\" data-settings=\"{&quot;background_background&quot;:&quot;classic&quot;}\">\n\t\t\t\t\t\t<div class=\"elementor-container elementor-column-gap-default\">\n\t\t\t\t\t<div class=\"elementor-column elementor-col-100 elementor-top-column elementor-element elementor-element-0a39b68\" data-id=\"0a39b68\" data-element_type=\"column\">\n\t\t\t<div class=\"elementor-widget-wrap elementor-element-populated\">\n\t\t\t\t\t\t<div class=\"elementor-element elementor-element-618b596 elementor-widget elementor-widget-text-editor\" data-id=\"618b596\" data-element_type=\"widget\" data-widget_type=\"text-editor.default\">\n\t\t\t\t<div class=\"elementor-widget-container\">\n\t\t\t\t\t\t\t\t\t<p><span style=\"font-weight: 400;\">El eco de sus propios pasos cuando lo llevaban a la celda en aquella inmensa mole que albergaba la <strong>c\u00e1rcel de Carabanchel<\/strong> a\u00fan resuena en su memoria. Nicol\u00e1s Sartorius <strong>ten\u00eda 24 a\u00f1os<\/strong> cuando pis\u00f3 por primera vez el <strong>Centro de Detenci\u00f3n de Hombres<\/strong>, que as\u00ed se llamaba entonces la famosa penitenciar\u00eda madrile\u00f1a. Retrocedemos 60 a\u00f1os para situarnos en <strong>1962<\/strong>. Durante la primavera de aquel a\u00f1o hab\u00eda tenido lugar <\/span><strong><i>\u2018La Huelgona\u2019<\/i><\/strong><span style=\"font-weight: 400;\">, como se conoce a la hist\u00f3rica huelga de la <strong>miner\u00eda en Asturias<\/strong> que moviliz\u00f3 durante dos meses a m\u00e1s de sesenta mil obreros en la regi\u00f3n y que fue detonante de otras grandes movilizaciones en toda Espa\u00f1a. <\/span><i><span style=\"font-weight: 400;\">\u2018La Huelgona\u2019<\/span><\/i><span style=\"font-weight: 400;\"> tuvo, adem\u00e1s, un gran<strong> impacto internacional<\/strong>. Encolerizado, el r\u00e9gimen despleg\u00f3 una <strong>represi\u00f3n brutal contra los trabajadores<\/strong> y contra los representantes de las primeras <strong>Comisiones Obreras<\/strong> que se estaban organizando. Centenares fueron detenidos y muchos, torturados.\u00a0<\/span><\/p><p><span style=\"font-weight: 400;\">El veterano pol\u00edtico y sindicalista, <strong>uno de los fundadores de CCOO<\/strong>, estaba entre ellos. Le llevaron primero a la comisar\u00eda de Oviedo, donde le interrogaron. \u201cY como no se quedaron satisfechos\u201d, relata, \u201cme enviaron a Madrid, a los <strong>calabozos de la Puerta del Sol<\/strong>, donde estaba la sede de la\u00a0 <strong>Direcci\u00f3n General de Seguridad y donde la polic\u00eda secreta de Franco<\/strong>, la siniestra <strong>Brigada Pol\u00edtico-Social,<\/strong> <strong>torturaba a destajo<\/strong>. All\u00ed, lo primero que te ense\u00f1aban al llegar era <strong>tu partida de defunci\u00f3n<\/strong> para que supieras que pod\u00edan hacer contigo lo que les diera la gana\u201d. Tras ser juzgado y condenado por el<strong> Tribunal contra la Masoner\u00eda y el Comunismo<\/strong>, que estaba ubicado en la calle del Reloj, le trasladaron a Carabanchel para cumplir condena. <\/span><\/p>\t\t\t\t\t\t\t\t<\/div>\n\t\t\t\t<\/div>\n\t\t\t\t\t<\/div>\n\t\t<\/div>\n\t\t\t\t\t<\/div>\n\t\t<\/section>\n\t\t\t\t<section class=\"elementor-section elementor-top-section elementor-element elementor-element-985c956 elementor-section-boxed elementor-section-height-default elementor-section-height-default\" data-id=\"985c956\" data-element_type=\"section\">\n\t\t\t\t\t\t<div class=\"elementor-container elementor-column-gap-default\">\n\t\t\t\t\t<div class=\"elementor-column elementor-col-100 elementor-top-column elementor-element elementor-element-b381512\" data-id=\"b381512\" data-element_type=\"column\">\n\t\t\t<div class=\"elementor-widget-wrap elementor-element-populated\">\n\t\t\t\t\t\t<div class=\"elementor-element elementor-element-ca4ea7c elementor-widget elementor-widget-image\" data-id=\"ca4ea7c\" data-element_type=\"widget\" data-widget_type=\"image.default\">\n\t\t\t\t<div class=\"elementor-widget-container\">\n\t\t\t\t\t\t\t\t\t\t\t\t<figure class=\"wp-caption\">\n\t\t\t\t\t\t\t\t\t\t<img decoding=\"async\" width=\"1024\" height=\"682\" src=\"https:\/\/madridsindical.es\/archivo\/wp-content\/uploads\/2022\/05\/002img3-208-1024x682.jpg\" class=\"attachment-large size-large wp-image-3239\" alt=\"\" srcset=\"https:\/\/madridsindical.es\/archivo\/wp-content\/uploads\/2022\/05\/002img3-208-1024x682.jpg 1024w, https:\/\/madridsindical.es\/archivo\/wp-content\/uploads\/2022\/05\/002img3-208-300x200.jpg 300w, https:\/\/madridsindical.es\/archivo\/wp-content\/uploads\/2022\/05\/002img3-208-768x512.jpg 768w, https:\/\/madridsindical.es\/archivo\/wp-content\/uploads\/2022\/05\/002img3-208-1536x1024.jpg 1536w, https:\/\/madridsindical.es\/archivo\/wp-content\/uploads\/2022\/05\/002img3-208-465x310.jpg 465w, https:\/\/madridsindical.es\/archivo\/wp-content\/uploads\/2022\/05\/002img3-208-695x463.jpg 695w, https:\/\/madridsindical.es\/archivo\/wp-content\/uploads\/2022\/05\/002img3-208.jpg 2000w\" sizes=\"(max-width: 1024px) 100vw, 1024px\" \/>\t\t\t\t\t\t\t\t\t\t\t<figcaption class=\"widget-image-caption wp-caption-text\">Interior de la c\u00e1rcel de Carabanchel antes de su demolici\u00f3n en 2008<\/figcaption>\n\t\t\t\t\t\t\t\t\t\t<\/figure>\n\t\t\t\t\t\t\t\t\t<\/div>\n\t\t\t\t<\/div>\n\t\t\t\t\t<\/div>\n\t\t<\/div>\n\t\t\t\t\t<\/div>\n\t\t<\/section>\n\t\t\t\t<section class=\"elementor-section elementor-top-section elementor-element elementor-element-eadf523 elementor-section-boxed elementor-section-height-default elementor-section-height-default\" data-id=\"eadf523\" data-element_type=\"section\" data-settings=\"{&quot;background_background&quot;:&quot;classic&quot;}\">\n\t\t\t\t\t\t<div class=\"elementor-container elementor-column-gap-default\">\n\t\t\t\t\t<div class=\"elementor-column elementor-col-100 elementor-top-column elementor-element elementor-element-4ef66ca\" data-id=\"4ef66ca\" data-element_type=\"column\">\n\t\t\t<div class=\"elementor-widget-wrap elementor-element-populated\">\n\t\t\t\t\t\t<div class=\"elementor-element elementor-element-159f556 elementor-widget elementor-widget-heading\" data-id=\"159f556\" data-element_type=\"widget\" data-widget_type=\"heading.default\">\n\t\t\t\t<div class=\"elementor-widget-container\">\n\t\t\t\t\t<h2 class=\"elementor-heading-title elementor-size-default\">\u201cNi libros, ni papel para escribir, \nni nadie con quien hablar. Nada\u201d<\/h2>\t\t\t\t<\/div>\n\t\t\t\t<\/div>\n\t\t\t\t\t<\/div>\n\t\t<\/div>\n\t\t\t\t\t<\/div>\n\t\t<\/section>\n\t\t\t\t<section class=\"elementor-section elementor-top-section elementor-element elementor-element-ee1b272 elementor-section-boxed elementor-section-height-default elementor-section-height-default\" data-id=\"ee1b272\" data-element_type=\"section\" data-settings=\"{&quot;background_background&quot;:&quot;classic&quot;}\">\n\t\t\t\t\t\t<div class=\"elementor-container elementor-column-gap-default\">\n\t\t\t\t\t<div class=\"elementor-column elementor-col-100 elementor-top-column elementor-element elementor-element-772d0fe\" data-id=\"772d0fe\" data-element_type=\"column\">\n\t\t\t<div class=\"elementor-widget-wrap elementor-element-populated\">\n\t\t\t\t\t\t<div class=\"elementor-element elementor-element-83a8723 elementor-widget elementor-widget-text-editor\" data-id=\"83a8723\" data-element_type=\"widget\" data-widget_type=\"text-editor.default\">\n\t\t\t\t<div class=\"elementor-widget-container\">\n\t\t\t\t\t\t\t\t\t<p><span style=\"font-weight: 400;\">Durante 40 d\u00edas permaneci\u00f3 aislado en una desvencijada celda donde<strong> solo hab\u00eda un grifo<\/strong>, <strong>un retrete una cama de hierro y un ventanuco con barrotes<\/strong>. Ni libros ni papel para escribir ni nadie con quien hablar. Nada, salvo una escudilla met\u00e1lica abollada para el <strong>repugnante mejunje de comida<\/strong> que los funcionarios repart\u00edan con un enorme perolo. Tras el periodo sanitario, que no era m\u00e1s que otra forma de tortura para minar la moral de los detenidos, le trasladaron a la <strong>sexta galer\u00eda<\/strong>, la de los presos pol\u00edticos. \u201cDespu\u00e9s de tantos d\u00edas aislados fue como si me hubieran dado la libertad, pod\u00eda salir al patio, hablar con los compa\u00f1eros, pero en 1962 las <strong>condiciones de habitabilidad eran deplorables.<\/strong> No pod\u00edas leer porque no nos daban peri\u00f3dicos ni libros, salvo la Biblia y otros textos religiosos, las ventanas estaban rotas y pas\u00e1bamos un fr\u00edo del carajo, la comida era asquerosa\u2026, pero \u00e9ramos j\u00f3venes <strong>y la juventud lo resiste todo<\/strong>\u201d.\u00a0<\/span><\/p><p><span style=\"font-weight: 400;\">En la sexta galer\u00eda se encontr\u00f3 con <strong>otros procesados<\/strong> por las huelgas de Asturias y tambi\u00e9n con muchos militantes del PCE, del Felipe (Frente de Liberaci\u00f3n Popular), de las Juventudes Libertarias y algunos socialistas, entre los que estaba <strong>Miguel Boyer<\/strong>, quien llegar\u00eda a ser ministro de Econom\u00eda y Hacienda en 1982 con el primer gobierno de Felipe Gonz\u00e1lez. <\/span><\/p>\t\t\t\t\t\t\t\t<\/div>\n\t\t\t\t<\/div>\n\t\t\t\t\t<\/div>\n\t\t<\/div>\n\t\t\t\t\t<\/div>\n\t\t<\/section>\n\t\t\t\t<section class=\"elementor-section elementor-top-section elementor-element elementor-element-fbab845 elementor-section-boxed elementor-section-height-default elementor-section-height-default\" data-id=\"fbab845\" data-element_type=\"section\" data-settings=\"{&quot;background_background&quot;:&quot;classic&quot;}\">\n\t\t\t\t\t\t<div class=\"elementor-container elementor-column-gap-default\">\n\t\t\t\t\t<div class=\"elementor-column elementor-col-100 elementor-top-column elementor-element elementor-element-36b293e\" data-id=\"36b293e\" data-element_type=\"column\">\n\t\t\t<div class=\"elementor-widget-wrap elementor-element-populated\">\n\t\t\t\t\t\t<div class=\"elementor-element elementor-element-5d2cfb2 elementor-widget elementor-widget-heading\" data-id=\"5d2cfb2\" data-element_type=\"widget\" data-widget_type=\"heading.default\">\n\t\t\t\t<div class=\"elementor-widget-container\">\n\t\t\t\t\t<h2 class=\"elementor-heading-title elementor-size-default\">\u201cGrimau estaba machacado.\nLo hab\u00edan tirado por la ventana\u201d\n<\/h2>\t\t\t\t<\/div>\n\t\t\t\t<\/div>\n\t\t\t\t\t<\/div>\n\t\t<\/div>\n\t\t\t\t\t<\/div>\n\t\t<\/section>\n\t\t\t\t<section class=\"elementor-section elementor-top-section elementor-element elementor-element-2cb2446 elementor-section-boxed elementor-section-height-default elementor-section-height-default\" data-id=\"2cb2446\" data-element_type=\"section\" data-settings=\"{&quot;background_background&quot;:&quot;classic&quot;}\">\n\t\t\t\t\t\t<div class=\"elementor-container elementor-column-gap-default\">\n\t\t\t\t\t<div class=\"elementor-column elementor-col-100 elementor-top-column elementor-element elementor-element-2c0e388\" data-id=\"2c0e388\" data-element_type=\"column\">\n\t\t\t<div class=\"elementor-widget-wrap elementor-element-populated\">\n\t\t\t\t\t\t<div class=\"elementor-element elementor-element-81e46d0 elementor-widget elementor-widget-text-editor\" data-id=\"81e46d0\" data-element_type=\"widget\" data-widget_type=\"text-editor.default\">\n\t\t\t\t<div class=\"elementor-widget-container\">\n\t\t\t\t\t\t\t\t\t<p><span style=\"font-weight: 400;\">\u201cLa c\u00e1rcel de Carabanchel ten\u00eda una caracter\u00edstica\u201d, explica, \u201cy es que como todos los tribunales de represi\u00f3n estaban en Madrid, ya fuesen militares o de Orden P\u00fablico a partir de 1964,<strong> por all\u00ed pasaba todo el mundo que iba que ser juzgad<\/strong>o, aunque las detenciones se produjeran en diferentes puntos del pa\u00eds. <strong>Carabanchel era el s\u00edmbolo de toda la represi\u00f3n que hab\u00eda en Espa\u00f1a<\/strong>. Una vez que se dictaba sentencia, la mayor\u00eda\u00a0 cumpl\u00eda la condena en otros penales, en Burgos, Santa Mar\u00eda, Segovia, Canarias\u2026 Hab\u00eda muchos\u201d<\/span><\/p><p><span style=\"font-weight: 400;\">En su primera estancia en prisi\u00f3n, Franco orden\u00f3 tres condenas a muerte. La del pol\u00edtico comunista <strong>Juli\u00e1n Grimau, fusilado el 20 de abril de 1963<\/strong> en el cuartel militar de Campamento, y las de los anarquistas<strong> Joaqu\u00edn Delgado Mart\u00ednez y Francisco Granado<\/strong>, a los que se les aplic\u00f3 garrote vil en la\u00a0 misma prisi\u00f3n de Carabanchel el 17 de agosto de 1963. <strong>\u201cEl verdugo\u201d<\/strong>, la memorable pel\u00edcula de <strong>Berlanga<\/strong>, se inspir\u00f3 en la historia de estos dos \u00faltimos. Los tres, ha quedado de sobra demostrado, son<strong> inocentes<\/strong> de los graves delitos que se les imputaron. Fueron cr\u00edmenes de estado. \u201cGrimau lleg\u00f3 a la prisi\u00f3n cuando yo ya estaba all\u00ed\u201d, evoca Sartorius. \u201c<strong>Vino muy machacado<\/strong>, le hab\u00edan arrojado por la ventana, ten\u00eda una gran herida en la cabeza y magulladas las manos. Le metieron en la enfermer\u00eda. Por la ma\u00f1ana lo tra\u00edan con nosotros y por la tarde noche lo llevaban de nuevo a la enfermer\u00eda. <strong>Hasta que un d\u00eda no volvi\u00f3<\/strong>\u201d. <\/span><\/p>\t\t\t\t\t\t\t\t<\/div>\n\t\t\t\t<\/div>\n\t\t\t\t\t<\/div>\n\t\t<\/div>\n\t\t\t\t\t<\/div>\n\t\t<\/section>\n\t\t\t\t<section class=\"elementor-section elementor-top-section elementor-element elementor-element-c38c8dd elementor-section-boxed elementor-section-height-default elementor-section-height-default\" data-id=\"c38c8dd\" data-element_type=\"section\" data-settings=\"{&quot;background_background&quot;:&quot;classic&quot;}\">\n\t\t\t\t\t\t<div class=\"elementor-container elementor-column-gap-default\">\n\t\t\t\t\t<div class=\"elementor-column elementor-col-100 elementor-top-column elementor-element elementor-element-8b96b3c\" data-id=\"8b96b3c\" data-element_type=\"column\">\n\t\t\t<div class=\"elementor-widget-wrap elementor-element-populated\">\n\t\t\t\t\t\t<div class=\"elementor-element elementor-element-fffebd6 elementor-widget elementor-widget-heading\" data-id=\"fffebd6\" data-element_type=\"widget\" data-widget_type=\"heading.default\">\n\t\t\t\t<div class=\"elementor-widget-container\">\n\t\t\t\t\t<h2 class=\"elementor-heading-title elementor-size-default\">\u201cMe echaban de los trabajos, pero el exilio \nme parec\u00eda de una tristeza terrible\u201d\n<\/h2>\t\t\t\t<\/div>\n\t\t\t\t<\/div>\n\t\t\t\t\t<\/div>\n\t\t<\/div>\n\t\t\t\t\t<\/div>\n\t\t<\/section>\n\t\t\t\t<section class=\"elementor-section elementor-top-section elementor-element elementor-element-46349fc elementor-section-boxed elementor-section-height-default elementor-section-height-default\" data-id=\"46349fc\" data-element_type=\"section\" data-settings=\"{&quot;background_background&quot;:&quot;classic&quot;}\">\n\t\t\t\t\t\t<div class=\"elementor-container elementor-column-gap-default\">\n\t\t\t\t\t<div class=\"elementor-column elementor-col-100 elementor-top-column elementor-element elementor-element-b523729\" data-id=\"b523729\" data-element_type=\"column\">\n\t\t\t<div class=\"elementor-widget-wrap elementor-element-populated\">\n\t\t\t\t\t\t<div class=\"elementor-element elementor-element-299e97b elementor-widget elementor-widget-text-editor\" data-id=\"299e97b\" data-element_type=\"widget\" data-widget_type=\"text-editor.default\">\n\t\t\t\t<div class=\"elementor-widget-container\">\n\t\t\t\t\t\t\t\t\t<p><span style=\"font-weight: 400;\">En total, y en diferentes periodos, Nicol\u00e1s Sartorius pas\u00f3 <strong>m\u00e1s de seis a\u00f1os<\/strong> preso en Carabanchel. La \u00faltima vez en 1972, por el conocido <strong>Proceso 1001 del Tribunal de Orden P\u00fablico (TOP)<\/strong>, que conden\u00f3 a <strong>penas de prisi\u00f3n de hasta 20 a\u00f1os a la direcci\u00f3n de CCOO<\/strong>, en la que estaban, adem\u00e1s de Sartorius, <strong>Marcelino Camacho<\/strong>, <strong>Eduardo Saborido, Paco Acosta, el sacerdote Paco Garc\u00eda Salve, Juan\u00edn Mu\u00f1iz Zapico, Miguel \u00c1ngel Zamora Ant\u00f3n, Pedro Santiesteban, Luis Fern\u00e1ndez y Fernando Soto Mart\u00edn. <\/strong><\/span><strong><i>Los diez de Carabanchel<\/i><\/strong><span style=\"font-weight: 400;\"><strong>,<\/strong> como se les bautiz\u00f3, fueron indultados el 25 de noviembre de 1975, cinco d\u00edas despu\u00e9s de la muerte del dictador.\u00a0<\/span><\/p><p><span style=\"font-weight: 400;\">Apunta Sartorius que si bien la c\u00e1rcel era lo peor, hab\u00eda otras consecuencias muy duras, como la de que <strong>una vez fuera te imped\u00edan ganarte la vida<\/strong>. \u201cLa polic\u00eda iba detr\u00e1s de m\u00ed cada vez que encontraba un empleo para que me echaran. Perd\u00ed cinco o seis veces el trabajo y hubo momentos en los que no ten\u00eda ning\u00fan ingreso. El PCE me dio una m\u00ednima ayuda para subsistir\u201d. A\u00fan as\u00ed nunca se plante\u00f3 el exilio como alternativa. \u201cLo ten\u00eda clar\u00edsimo. El exilio me parec\u00eda de una tristeza terrible\u201d.<\/span><\/p>\t\t\t\t\t\t\t\t<\/div>\n\t\t\t\t<\/div>\n\t\t\t\t\t<\/div>\n\t\t<\/div>\n\t\t\t\t\t<\/div>\n\t\t<\/section>\n\t\t\t\t<section class=\"elementor-section elementor-top-section elementor-element elementor-element-04133df elementor-section-boxed elementor-section-height-default elementor-section-height-default\" data-id=\"04133df\" data-element_type=\"section\">\n\t\t\t\t\t\t<div class=\"elementor-container elementor-column-gap-default\">\n\t\t\t\t\t<div class=\"elementor-column elementor-col-100 elementor-top-column elementor-element elementor-element-dd8e89b\" data-id=\"dd8e89b\" data-element_type=\"column\">\n\t\t\t<div class=\"elementor-widget-wrap elementor-element-populated\">\n\t\t\t\t\t\t<div class=\"elementor-element elementor-element-d0a78e1 elementor-position-left elementor-view-default elementor-mobile-position-top elementor-widget elementor-widget-icon-box\" data-id=\"d0a78e1\" data-element_type=\"widget\" data-widget_type=\"icon-box.default\">\n\t\t\t\t<div class=\"elementor-widget-container\">\n\t\t\t\t\t\t\t<div class=\"elementor-icon-box-wrapper\">\n\n\t\t\t\t\t\t<div class=\"elementor-icon-box-icon\">\n\t\t\t\t<a href=\"https:\/\/madridsindical.es\/archivo\/2022\/05\/19\/memoriademocraticapalomalopez\/\" class=\"elementor-icon\" tabindex=\"-1\" aria-label=\"Opini\u00f3n: Paloma L\u00f3pez, secretaria general de CCOO Madrid\">\n\t\t\t\t<i aria-hidden=\"true\" class=\"far fa-hand-point-right\"><\/i>\t\t\t\t<\/a>\n\t\t\t<\/div>\n\t\t\t\n\t\t\t\t\t\t<div class=\"elementor-icon-box-content\">\n\n\t\t\t\t\t\t\t\t\t<h3 class=\"elementor-icon-box-title\">\n\t\t\t\t\t\t<a href=\"https:\/\/madridsindical.es\/archivo\/2022\/05\/19\/memoriademocraticapalomalopez\/\" >\n\t\t\t\t\t\t\tOpini\u00f3n: Paloma L\u00f3pez, secretaria general de CCOO Madrid\t\t\t\t\t\t<\/a>\n\t\t\t\t\t<\/h3>\n\t\t\t\t\n\t\t\t\t\t\t\t\t\t<p class=\"elementor-icon-box-description\">\n\t\t\t\t\t\tMemoria necesaria\t\t\t\t\t<\/p>\n\t\t\t\t\n\t\t\t<\/div>\n\t\t\t\n\t\t<\/div>\n\t\t\t\t\t\t<\/div>\n\t\t\t\t<\/div>\n\t\t\t\t\t<\/div>\n\t\t<\/div>\n\t\t\t\t\t<\/div>\n\t\t<\/section>\n\t\t\t\t<section class=\"elementor-section elementor-top-section elementor-element elementor-element-59c54c2 elementor-section-boxed elementor-section-height-default elementor-section-height-default\" data-id=\"59c54c2\" data-element_type=\"section\">\n\t\t\t\t\t\t<div class=\"elementor-container elementor-column-gap-default\">\n\t\t\t\t\t<div class=\"elementor-column elementor-col-100 elementor-top-column elementor-element elementor-element-6708c6a\" data-id=\"6708c6a\" data-element_type=\"column\">\n\t\t\t<div class=\"elementor-widget-wrap elementor-element-populated\">\n\t\t\t\t\t\t<div class=\"elementor-element elementor-element-ea046ba elementor-position-left elementor-view-default elementor-mobile-position-top elementor-widget elementor-widget-icon-box\" data-id=\"ea046ba\" data-element_type=\"widget\" data-widget_type=\"icon-box.default\">\n\t\t\t\t<div class=\"elementor-widget-container\">\n\t\t\t\t\t\t\t<div class=\"elementor-icon-box-wrapper\">\n\n\t\t\t\t\t\t<div class=\"elementor-icon-box-icon\">\n\t\t\t\t<a href=\"https:\/\/madridsindical.es\/archivo\/2022\/05\/23\/especial-memoria-democratica-entrevista-a-begona-san-jose\/\" class=\"elementor-icon\" tabindex=\"-1\" aria-label=\"Entrevista: Bego\u00f1a San Jos\u00e9\">\n\t\t\t\t<i aria-hidden=\"true\" class=\"far fa-hand-point-right\"><\/i>\t\t\t\t<\/a>\n\t\t\t<\/div>\n\t\t\t\n\t\t\t\t\t\t<div class=\"elementor-icon-box-content\">\n\n\t\t\t\t\t\t\t\t\t<h3 class=\"elementor-icon-box-title\">\n\t\t\t\t\t\t<a href=\"https:\/\/madridsindical.es\/archivo\/2022\/05\/23\/especial-memoria-democratica-entrevista-a-begona-san-jose\/\" >\n\t\t\t\t\t\t\tEntrevista: Bego\u00f1a San Jos\u00e9\t\t\t\t\t\t<\/a>\n\t\t\t\t\t<\/h3>\n\t\t\t\t\n\t\t\t\t\t\t\t\t\t<p class=\"elementor-icon-box-description\">\n\t\t\t\t\t\t\u201cLa c\u00e1rcel, se dec\u00eda, era la universidad del obrero, pero de la obrera no\u201d\t\t\t\t\t<\/p>\n\t\t\t\t\n\t\t\t<\/div>\n\t\t\t\n\t\t<\/div>\n\t\t\t\t\t\t<\/div>\n\t\t\t\t<\/div>\n\t\t\t\t\t<\/div>\n\t\t<\/div>\n\t\t\t\t\t<\/div>\n\t\t<\/section>\n\t\t\t\t<\/div>\n\t\t","protected":false},"excerpt":{"rendered":"<p>\u201cLa democracia en Espa\u00f1a se la debemos, sobre todo, a la lucha de trabajadores y estudiantes\u201d En \u201cBanderas de nuestros padres\u201d, conmovedora pel\u00edcula de Clint Eatswood que narra las consecuencias de la manipulaci\u00f3n con fines propagand\u00edsticos de un hecho ocurrido durante la batalla en la isla de Iwo Jima en 1945, el protagonista concluye que la mejor forma de honrar a un pa\u00eds y a quienes lucharon por \u00e9l es contar la historia tal como<span class=\"more-link\"><a href=\"https:\/\/madridsindical.es\/archivo\/2022\/05\/19\/especial-memoria-democratica-entrevista-a-nicolas-sartorius\/\">Contin\u00faa leyendo<\/a><\/span><\/p>\n","protected":false},"author":1,"featured_media":3236,"comment_status":"closed","ping_status":"closed","sticky":false,"template":"","format":"standard","meta":{"footnotes":""},"categories":[3],"tags":[47],"class_list":["entry","author-madridsindical","post-3235","post","type-post","status-publish","format-standard","has-post-thumbnail","category-entrevistas","tag-archivo"],"aioseo_notices":[],"_links":{"self":[{"href":"https:\/\/madridsindical.es\/archivo\/wp-json\/wp\/v2\/posts\/3235","targetHints":{"allow":["GET"]}}],"collection":[{"href":"https:\/\/madridsindical.es\/archivo\/wp-json\/wp\/v2\/posts"}],"about":[{"href":"https:\/\/madridsindical.es\/archivo\/wp-json\/wp\/v2\/types\/post"}],"author":[{"embeddable":true,"href":"https:\/\/madridsindical.es\/archivo\/wp-json\/wp\/v2\/users\/1"}],"replies":[{"embeddable":true,"href":"https:\/\/madridsindical.es\/archivo\/wp-json\/wp\/v2\/comments?post=3235"}],"version-history":[{"count":19,"href":"https:\/\/madridsindical.es\/archivo\/wp-json\/wp\/v2\/posts\/3235\/revisions"}],"predecessor-version":[{"id":3447,"href":"https:\/\/madridsindical.es\/archivo\/wp-json\/wp\/v2\/posts\/3235\/revisions\/3447"}],"wp:featuredmedia":[{"embeddable":true,"href":"https:\/\/madridsindical.es\/archivo\/wp-json\/wp\/v2\/media\/3236"}],"wp:attachment":[{"href":"https:\/\/madridsindical.es\/archivo\/wp-json\/wp\/v2\/media?parent=3235"}],"wp:term":[{"taxonomy":"category","embeddable":true,"href":"https:\/\/madridsindical.es\/archivo\/wp-json\/wp\/v2\/categories?post=3235"},{"taxonomy":"post_tag","embeddable":true,"href":"https:\/\/madridsindical.es\/archivo\/wp-json\/wp\/v2\/tags?post=3235"}],"curies":[{"name":"wp","href":"https:\/\/api.w.org\/{rel}","templated":true}]}}