{"id":2997,"date":"2022-02-24T08:49:43","date_gmt":"2022-02-24T08:49:43","guid":{"rendered":"https:\/\/madridsindical.es\/archivo\/?p=2997"},"modified":"2025-11-06T10:49:23","modified_gmt":"2025-11-06T10:49:23","slug":"entrevista-a-teresa-nunez-escritora","status":"publish","type":"post","link":"https:\/\/madridsindical.es\/archivo\/2022\/02\/24\/entrevista-a-teresa-nunez-escritora\/","title":{"rendered":"Entrevista a Teresa N\u00fa\u00f1ez, escritora"},"content":{"rendered":"\t\t<div data-elementor-type=\"wp-post\" data-elementor-id=\"2997\" class=\"elementor elementor-2997\">\n\t\t\t\t\t\t<section class=\"elementor-section elementor-top-section elementor-element elementor-element-e4c10af elementor-section-boxed elementor-section-height-default elementor-section-height-default\" data-id=\"e4c10af\" data-element_type=\"section\">\n\t\t\t\t\t\t<div class=\"elementor-container elementor-column-gap-default\">\n\t\t\t\t\t<div class=\"elementor-column elementor-col-100 elementor-top-column elementor-element elementor-element-8794909\" data-id=\"8794909\" data-element_type=\"column\">\n\t\t\t<div class=\"elementor-widget-wrap elementor-element-populated\">\n\t\t\t\t\t\t<div class=\"elementor-element elementor-element-828125c elementor-widget elementor-widget-heading\" data-id=\"828125c\" data-element_type=\"widget\" data-widget_type=\"heading.default\">\n\t\t\t\t<div class=\"elementor-widget-container\">\n\t\t\t\t\t<h2 class=\"elementor-heading-title elementor-size-default\">El sheriff era mujer<\/h2>\t\t\t\t<\/div>\n\t\t\t\t<\/div>\n\t\t\t\t\t<\/div>\n\t\t<\/div>\n\t\t\t\t\t<\/div>\n\t\t<\/section>\n\t\t\t\t<section class=\"elementor-section elementor-top-section elementor-element elementor-element-8f51154 elementor-section-boxed elementor-section-height-default elementor-section-height-default\" data-id=\"8f51154\" data-element_type=\"section\">\n\t\t\t\t\t\t<div class=\"elementor-container elementor-column-gap-default\">\n\t\t\t\t\t<div class=\"elementor-column elementor-col-100 elementor-top-column elementor-element elementor-element-f5e3dfa\" data-id=\"f5e3dfa\" data-element_type=\"column\">\n\t\t\t<div class=\"elementor-widget-wrap elementor-element-populated\">\n\t\t\t\t\t\t<div class=\"elementor-element elementor-element-580e924 elementor-widget elementor-widget-text-editor\" data-id=\"580e924\" data-element_type=\"widget\" data-widget_type=\"text-editor.default\">\n\t\t\t\t<div class=\"elementor-widget-container\">\n\t\t\t\t\t\t\t\t\t<p><b>Mujer, joven, sin estudios, sin marido, sin blanca y en la Espa\u00f1a de hace sesenta a\u00f1os, Teresa N\u00fa\u00f1ez logr\u00f3 que le pagaran un sueldo similar al de un ingeniero de la \u00e9poca. Para ello tuvo que cambiar de sexo -solo en el nombre- y convertirse en Paul Lattimer, \u2018escritor\u2019 superventas de novelas del Oeste durante las d\u00e9cadas de los 60 y 70 del pasado siglo. Aquella veintea\u00f1era, hoy\u00a0 octogenaria, cuenta para Madrid Sindical c\u00f3mo logr\u00f3 sortear los prejuicios del patriarcado. <\/b><\/p>\t\t\t\t\t\t\t\t<\/div>\n\t\t\t\t<\/div>\n\t\t\t\t\t<\/div>\n\t\t<\/div>\n\t\t\t\t\t<\/div>\n\t\t<\/section>\n\t\t\t\t<section class=\"elementor-section elementor-top-section elementor-element elementor-element-70100f9 elementor-section-boxed elementor-section-height-default elementor-section-height-default\" data-id=\"70100f9\" data-element_type=\"section\">\n\t\t\t\t\t\t<div class=\"elementor-container elementor-column-gap-default\">\n\t\t\t\t\t<div class=\"elementor-column elementor-col-100 elementor-top-column elementor-element elementor-element-d761488\" data-id=\"d761488\" data-element_type=\"column\">\n\t\t\t<div class=\"elementor-widget-wrap elementor-element-populated\">\n\t\t\t\t\t\t<div class=\"elementor-element elementor-element-641f978 elementor-widget elementor-widget-text-editor\" data-id=\"641f978\" data-element_type=\"widget\" data-widget_type=\"text-editor.default\">\n\t\t\t\t<div class=\"elementor-widget-container\">\n\t\t\t\t\t\t\t\t\t<p><b>Direcci\u00f3n: Luis Lombardo. Texto: Alejandra Acosta. Fotos: Fran Lorente. V\u00eddeos y edici\u00f3n: Javier Barrio y Carolina Villafruela\u00a0<\/b><\/p>\t\t\t\t\t\t\t\t<\/div>\n\t\t\t\t<\/div>\n\t\t\t\t\t<\/div>\n\t\t<\/div>\n\t\t\t\t\t<\/div>\n\t\t<\/section>\n\t\t\t\t<section class=\"elementor-section elementor-top-section elementor-element elementor-element-0a0eb9c elementor-section-boxed elementor-section-height-default elementor-section-height-default\" data-id=\"0a0eb9c\" data-element_type=\"section\">\n\t\t\t\t\t\t<div class=\"elementor-container elementor-column-gap-default\">\n\t\t\t\t\t<div class=\"elementor-column elementor-col-100 elementor-top-column elementor-element elementor-element-3df39c0\" data-id=\"3df39c0\" data-element_type=\"column\">\n\t\t\t<div class=\"elementor-widget-wrap elementor-element-populated\">\n\t\t\t\t\t\t<div class=\"elementor-element elementor-element-24f6422 elementor-widget elementor-widget-text-editor\" data-id=\"24f6422\" data-element_type=\"widget\" data-widget_type=\"text-editor.default\">\n\t\t\t\t<div class=\"elementor-widget-container\">\n\t\t\t\t\t\t\t\t\t<p><span style=\"font-weight: 400;\"><strong>Teresa N\u00fa\u00f1ez (Madrid, 1941)<\/strong> nunca ha visitado el Gran Ca\u00f1\u00f3n del Colorado, pero lo conoce como la palma de su mano. All\u00e1 por los a\u00f1os sesenta, a trav\u00e9s de la <strong>Embajada norteamericana<\/strong> en Madrid, se hizo con un detallado mapa de los Estados Unidos y abundante documentaci\u00f3n sobre la cultura y costumbres de las tribus indias. No era solo curiosidad antropol\u00f3gica. <strong>Necesitaba documentarse para escribir novelas de quiosco de <\/strong><\/span><strong><i>vaqueros <\/i>y <i>\u2018pieles rojas\u2019<\/i><\/strong><span style=\"font-weight: 400;\">, un aut\u00e9ntico fen\u00f3meno editorial a mediados del siglo XX en Espa\u00f1a y Latinoam\u00e9rica. El mapa de Estados Unidos que le dio la Embajada era tan grande que tuvo que trocearlo por estados y plastificarlo. Para entonces ya se hab\u00eda estrenado en novela <\/span><i><span style=\"font-weight: 400;\">rosa<\/span><\/i><span style=\"font-weight: 400;\"> con el t\u00edtulo de <strong>C<\/strong><\/span><strong><i>atia Delannoy<\/i><\/strong><span style=\"font-weight: 400;\">\u00a0 y el sobrenombre de <\/span><b>Viki Doran<\/b><span style=\"font-weight: 400;\">.<\/span><\/p>\t\t\t\t\t\t\t\t<\/div>\n\t\t\t\t<\/div>\n\t\t\t\t\t<\/div>\n\t\t<\/div>\n\t\t\t\t\t<\/div>\n\t\t<\/section>\n\t\t\t\t<section class=\"elementor-section elementor-top-section elementor-element elementor-element-309975d elementor-section-boxed elementor-section-height-default elementor-section-height-default\" data-id=\"309975d\" data-element_type=\"section\">\n\t\t\t\t\t\t<div class=\"elementor-container elementor-column-gap-default\">\n\t\t\t\t\t<div class=\"elementor-column elementor-col-100 elementor-top-column elementor-element elementor-element-d10f343\" data-id=\"d10f343\" data-element_type=\"column\">\n\t\t\t<div class=\"elementor-widget-wrap elementor-element-populated\">\n\t\t\t\t\t\t<div class=\"elementor-element elementor-element-b3ac2ea elementor-widget elementor-widget-heading\" data-id=\"b3ac2ea\" data-element_type=\"widget\" data-widget_type=\"heading.default\">\n\t\t\t\t<div class=\"elementor-widget-container\">\n\t\t\t\t\t<h2 class=\"elementor-heading-title elementor-size-default\">\u201cNadie iba a comprar relatos de pistoleros y \npu\u00f1etazos firmados por una mujer\u201d\n<\/h2>\t\t\t\t<\/div>\n\t\t\t\t<\/div>\n\t\t\t\t\t<\/div>\n\t\t<\/div>\n\t\t\t\t\t<\/div>\n\t\t<\/section>\n\t\t\t\t<section class=\"elementor-section elementor-top-section elementor-element elementor-element-4b2ca85 elementor-section-boxed elementor-section-height-default elementor-section-height-default\" data-id=\"4b2ca85\" data-element_type=\"section\">\n\t\t\t\t\t\t<div class=\"elementor-container elementor-column-gap-default\">\n\t\t\t\t\t<div class=\"elementor-column elementor-col-100 elementor-top-column elementor-element elementor-element-1ae1810\" data-id=\"1ae1810\" data-element_type=\"column\">\n\t\t\t<div class=\"elementor-widget-wrap elementor-element-populated\">\n\t\t\t\t\t\t<div class=\"elementor-element elementor-element-29890ef elementor-widget elementor-widget-text-editor\" data-id=\"29890ef\" data-element_type=\"widget\" data-widget_type=\"text-editor.default\">\n\t\t\t\t<div class=\"elementor-widget-container\">\n\t\t\t\t\t\t\t\t\t<p><span style=\"font-weight: 400;\">\u201cLas editoriales pusieron como condici\u00f3n para publicarme w\u00e9stern que adoptara un seud\u00f3nimo masculino argumentando que nadie iba a comprar relatos de pistoleros y peleas a pu\u00f1etazos firmados por una mujer. Ag\u00e1rrate. Estuve a punto de negarme, pero necesitaba el dinero\u201d, cuenta Teresa, cuya familia se encontraba en una precaria situaci\u00f3n econ\u00f3mica. Para sortear los prejuicios del patriarcado, la joven eligi\u00f3 llamarse <\/span><b>Paul Lattimer<\/b><span style=\"font-weight: 400;\">, como el protagonista de <\/span><b><i>Huida hacia el Sol<\/i><\/b><b>, <\/b><span style=\"font-weight: 400;\">pel\u00edcula de 1956 en la que <\/span><b>Richard Widmark<\/b><span style=\"font-weight: 400;\"> interpreta precisamente a un novelista llamado Lattimer.\u00a0 Entre 1963 y mediados de los a\u00f1os 70 public\u00f3 m\u00e1s de 200 t\u00edtulos con las editoriales Bruguera y Roll\u00e1n. \u201cMe pagaban 7.000 pesetas por cada novela y escrib\u00eda una por semana. Eso supon\u00eda casi 30.000 pesetas mensuales, un dineral que equival\u00eda en aquella \u00e9poca al sueldo de un ingeniero bien pagado. Me compr\u00e9 una casa y pude traerme a la familia de Extremadura\u201d.\u00a0 <\/span><\/p>\t\t\t\t\t\t\t\t<\/div>\n\t\t\t\t<\/div>\n\t\t\t\t\t<\/div>\n\t\t<\/div>\n\t\t\t\t\t<\/div>\n\t\t<\/section>\n\t\t\t\t<section class=\"elementor-section elementor-top-section elementor-element elementor-element-0b4ee60 elementor-section-boxed elementor-section-height-default elementor-section-height-default\" data-id=\"0b4ee60\" data-element_type=\"section\">\n\t\t\t\t\t\t<div class=\"elementor-container elementor-column-gap-default\">\n\t\t\t\t\t<div class=\"elementor-column elementor-col-100 elementor-top-column elementor-element elementor-element-a24b631\" data-id=\"a24b631\" data-element_type=\"column\">\n\t\t\t<div class=\"elementor-widget-wrap elementor-element-populated\">\n\t\t\t\t\t\t<div class=\"elementor-element elementor-element-b9ff6e2 elementor-widget elementor-widget-heading\" data-id=\"b9ff6e2\" data-element_type=\"widget\" data-widget_type=\"heading.default\">\n\t\t\t\t<div class=\"elementor-widget-container\">\n\t\t\t\t\t<h2 class=\"elementor-heading-title elementor-size-default\">Eligi\u00f3 el nombre de Lattimer, como \nRichard Widmark en Huida hacia el Sol\n<\/h2>\t\t\t\t<\/div>\n\t\t\t\t<\/div>\n\t\t\t\t\t<\/div>\n\t\t<\/div>\n\t\t\t\t\t<\/div>\n\t\t<\/section>\n\t\t\t\t<section class=\"elementor-section elementor-top-section elementor-element elementor-element-7efdf45 elementor-section-boxed elementor-section-height-default elementor-section-height-default\" data-id=\"7efdf45\" data-element_type=\"section\">\n\t\t\t\t\t\t<div class=\"elementor-container elementor-column-gap-default\">\n\t\t\t\t\t<div class=\"elementor-column elementor-col-100 elementor-top-column elementor-element elementor-element-09f0596\" data-id=\"09f0596\" data-element_type=\"column\">\n\t\t\t<div class=\"elementor-widget-wrap elementor-element-populated\">\n\t\t\t\t\t\t<div class=\"elementor-element elementor-element-aee563b elementor-widget elementor-widget-video\" data-id=\"aee563b\" data-element_type=\"widget\" data-settings=\"{&quot;youtube_url&quot;:&quot;https:\\\/\\\/youtu.be\\\/ahLqOw_bnvk&quot;,&quot;video_type&quot;:&quot;youtube&quot;,&quot;controls&quot;:&quot;yes&quot;}\" data-widget_type=\"video.default\">\n\t\t\t\t<div class=\"elementor-widget-container\">\n\t\t\t\t\t\t\t<div class=\"elementor-wrapper elementor-open-inline\">\n\t\t\t<div class=\"elementor-video\"><\/div>\t\t<\/div>\n\t\t\t\t\t\t<\/div>\n\t\t\t\t<\/div>\n\t\t\t\t\t<\/div>\n\t\t<\/div>\n\t\t\t\t\t<\/div>\n\t\t<\/section>\n\t\t\t\t<section class=\"elementor-section elementor-top-section elementor-element elementor-element-19e6049 elementor-section-boxed elementor-section-height-default elementor-section-height-default\" data-id=\"19e6049\" data-element_type=\"section\">\n\t\t\t\t\t\t<div class=\"elementor-container elementor-column-gap-default\">\n\t\t\t\t\t<div class=\"elementor-column elementor-col-100 elementor-top-column elementor-element elementor-element-babcda9\" data-id=\"babcda9\" data-element_type=\"column\">\n\t\t\t<div class=\"elementor-widget-wrap elementor-element-populated\">\n\t\t\t\t\t\t<div class=\"elementor-element elementor-element-209e510 elementor-widget elementor-widget-text-editor\" data-id=\"209e510\" data-element_type=\"widget\" data-widget_type=\"text-editor.default\">\n\t\t\t\t<div class=\"elementor-widget-container\">\n\t\t\t\t\t\t\t\t\t<p><span style=\"font-weight: 400;\">Su historia resulta a\u00fan m\u00e1s conmovedora porque Teresa solo ten\u00eda estudios primarios, aunque era una \u00e1vida lectora y mostr\u00f3 un talento innato para la escritura y una imaginaci\u00f3n portentosa desde muy peque\u00f1a.<strong> Con 7 a\u00f1os escribi\u00f3 sus primeros versos, ten\u00eda 14 cuando la revista literaria Arquero<\/strong>, que se editaba en Barcelona, public\u00f3 uno de sus poemas, y no hab\u00eda cumplido los 18 cuando la revista Blanco y Negro public\u00f3 su primer relato. La fatalidad es que le toc\u00f3 nacer en un tiempo aciago en el que lo habitual era arrancar a las ni\u00f1as de la escuela en cuanto aprend\u00edan a leer: \u201c<em>Las mujeres \u00e9ramos v\u00edctimas del machismo nada m\u00e1s asomarnos al mundo. Ni a mi hermana Rosa ni a m\u00ed nos dieron estudios, en cambio mi hermano s\u00ed pudo formarse como piloto<\/em>\u201d.\u00a0<\/span><\/p><p><span style=\"font-weight: 400;\">Nuestra protagonista se sac\u00f3 el t\u00edtulo de bachiller con 25 a\u00f1os y a los 30 aprob\u00f3 el acceso a la universidad. Tambi\u00e9n aprob\u00f3 unas oposiciones al Ayuntamiento de Madrid, donde trabaj\u00f3 como secretaria. No pudo cumplir el sue\u00f1o de hacerse fil\u00f3loga o periodista, pero s\u00ed consigui\u00f3 escribir y publicar, no solo novelas de bolsillo. Ha cultivado todos los g\u00e9neros, narrativa, cuento y teatro para ni\u00f1os, relato corto y poes\u00eda. Tiene publicados 15 libros de poes\u00eda que han sido reconocidos con numerosos galardones. Su poemario <strong>\u201cMemorial de un lunes sin memoria\u201d<\/strong> obtuvo el premio de la <strong>Feria del Libro de Madrid en 1994<\/strong>, dotado con un mill\u00f3n de pesetas (6.000 \u20ac) y al que se presentaron m\u00e1s de mil aspirantes. \u201c<em>Es el mejor premio que me han dado, no por el dinero, sino\u00a0 por el jurado, que estaba presidido por <\/em><\/span><em><b>Jos\u00e9 Hierro<\/b><span style=\"font-weight: 400;\"> y del que formaban parte <\/span><b>F\u00e9lix Grande<\/b><span style=\"font-weight: 400;\">, <\/span><b>Rafael Montesinos<\/b><span style=\"font-weight: 400;\">, <\/span><b>Claudio Rodr\u00edguez<\/b><\/em><span style=\"font-weight: 400;\"><em>, entre otros grandes. Que entre m\u00e1s de mil obras premiaran la m\u00eda fue un subid\u00f3n<\/em>\u201d.<\/span><\/p>\t\t\t\t\t\t\t\t<\/div>\n\t\t\t\t<\/div>\n\t\t\t\t\t<\/div>\n\t\t<\/div>\n\t\t\t\t\t<\/div>\n\t\t<\/section>\n\t\t\t\t<section class=\"elementor-section elementor-top-section elementor-element elementor-element-6c34b48 elementor-section-boxed elementor-section-height-default elementor-section-height-default\" data-id=\"6c34b48\" data-element_type=\"section\">\n\t\t\t\t\t\t<div class=\"elementor-container elementor-column-gap-default\">\n\t\t\t\t\t<div class=\"elementor-column elementor-col-100 elementor-top-column elementor-element elementor-element-4c38926\" data-id=\"4c38926\" data-element_type=\"column\">\n\t\t\t<div class=\"elementor-widget-wrap elementor-element-populated\">\n\t\t\t\t\t\t<div class=\"elementor-element elementor-element-ee12624 elementor-widget elementor-widget-heading\" data-id=\"ee12624\" data-element_type=\"widget\" data-widget_type=\"heading.default\">\n\t\t\t\t<div class=\"elementor-widget-container\">\n\t\t\t\t\t<h2 class=\"elementor-heading-title elementor-size-default\">\u201cMe dijeron que el silencio no pod\u00eda ser rojo. \n\u00a1El tipo no sab\u00eda lo que era una sinestesia!\u201d\n\n<\/h2>\t\t\t\t<\/div>\n\t\t\t\t<\/div>\n\t\t\t\t\t<\/div>\n\t\t<\/div>\n\t\t\t\t\t<\/div>\n\t\t<\/section>\n\t\t\t\t<section class=\"elementor-section elementor-top-section elementor-element elementor-element-49f5a46 elementor-section-boxed elementor-section-height-default elementor-section-height-default\" data-id=\"49f5a46\" data-element_type=\"section\">\n\t\t\t\t\t\t<div class=\"elementor-container elementor-column-gap-default\">\n\t\t\t\t\t<div class=\"elementor-column elementor-col-100 elementor-top-column elementor-element elementor-element-5099f51\" data-id=\"5099f51\" data-element_type=\"column\">\n\t\t\t<div class=\"elementor-widget-wrap elementor-element-populated\">\n\t\t\t\t\t\t<div class=\"elementor-element elementor-element-0cd7902 elementor-widget elementor-widget-text-editor\" data-id=\"0cd7902\" data-element_type=\"widget\" data-widget_type=\"text-editor.default\">\n\t\t\t\t<div class=\"elementor-widget-container\">\n\t\t\t\t\t\t\t\t\t<p><span style=\"font-weight: 400;\">Teresa tuvo que enfrentarse tambi\u00e9n a la timorata censura franquista. \u201c<em>El editor te pagaba a la aceptaci\u00f3n de la censura. Ten\u00edamos que entregar original y dos copias en papel carb\u00f3n y a m\u00e1quina, que entonces no exist\u00edan los ordenadores. Vigilaban sobre todo las escenas rom\u00e1nticas. Una vez me tacharon la frase \u2018la bes\u00f3 en la boca\u2019 y tuve que dejarla en \u2018la bes\u00f3\u2019, sin decir d\u00f3nde, que era mucho peor<\/em>\u201d, ironiza la escritora. Hab\u00eda adem\u00e1s correctores de estilo. Uno le lleg\u00f3 a decir que el silencio no pod\u00eda ser rojo. \u201c<em>\u00bfC\u00f3mo que no, si estoy describiendo un amanecer en un desfiladero de rocas rojizas?\u201c<\/em>, le replic\u00f3 Teresa. \u201c<em>No hubo manera. \u00a1El tipo no sab\u00eda lo que era una sinestesia! Solo les interesaba que metieras muchas peleas a pu\u00f1etazos, duelos, asalto a bancos y enfrentamientos con los indios, pero nada de lirismos<\/em>\u201d.\u00a0<\/span><\/p><p><span style=\"font-weight: 400;\">No fue la \u00fanica de la familia que se dedic\u00f3 a este peculiar trabajo. Su hermana <\/span><b>Rosa N\u00fa\u00f1ez<\/b><span style=\"font-weight: 400;\">, que falleci\u00f3 en 2005, tambi\u00e9n lo hizo con el seud\u00f3nimo de <\/span><b>Ross M. Talbot<\/b><span style=\"font-weight: 400;\">. Rosa N\u00fa\u00f1ez escribi\u00f3 novela del Oeste y tambi\u00e9n de FBI y haza\u00f1as b\u00e9licas, y se especializ\u00f3 en aviaci\u00f3n gracias al asesoramiento de su hermano piloto. <\/span><\/p>\t\t\t\t\t\t\t\t<\/div>\n\t\t\t\t<\/div>\n\t\t\t\t\t<\/div>\n\t\t<\/div>\n\t\t\t\t\t<\/div>\n\t\t<\/section>\n\t\t\t\t<section class=\"elementor-section elementor-top-section elementor-element elementor-element-547b587 elementor-section-boxed elementor-section-height-default elementor-section-height-default\" data-id=\"547b587\" data-element_type=\"section\">\n\t\t\t\t\t\t<div class=\"elementor-container elementor-column-gap-default\">\n\t\t\t\t\t<div class=\"elementor-column elementor-col-100 elementor-top-column elementor-element elementor-element-fb427f9\" data-id=\"fb427f9\" data-element_type=\"column\">\n\t\t\t<div class=\"elementor-widget-wrap elementor-element-populated\">\n\t\t\t\t\t\t<div class=\"elementor-element elementor-element-2a222f0 elementor-widget elementor-widget-heading\" data-id=\"2a222f0\" data-element_type=\"widget\" data-widget_type=\"heading.default\">\n\t\t\t\t<div class=\"elementor-widget-container\">\n\t\t\t\t\t<h2 class=\"elementor-heading-title elementor-size-default\">Fue premio Feria del Libro de Madrid en 1994 \ncon un jurado presidido por Jos\u00e9 Hierro\n\n\n<\/h2>\t\t\t\t<\/div>\n\t\t\t\t<\/div>\n\t\t\t\t\t<\/div>\n\t\t<\/div>\n\t\t\t\t\t<\/div>\n\t\t<\/section>\n\t\t\t\t<section class=\"elementor-section elementor-top-section elementor-element elementor-element-e81dd73 elementor-section-boxed elementor-section-height-default elementor-section-height-default\" data-id=\"e81dd73\" data-element_type=\"section\">\n\t\t\t\t\t\t<div class=\"elementor-container elementor-column-gap-default\">\n\t\t\t\t\t<div class=\"elementor-column elementor-col-100 elementor-top-column elementor-element elementor-element-2ccd063\" data-id=\"2ccd063\" data-element_type=\"column\">\n\t\t\t<div class=\"elementor-widget-wrap elementor-element-populated\">\n\t\t\t\t\t\t<div class=\"elementor-element elementor-element-8ca48c9 elementor-widget elementor-widget-image\" data-id=\"8ca48c9\" data-element_type=\"widget\" data-widget_type=\"image.default\">\n\t\t\t\t<div class=\"elementor-widget-container\">\n\t\t\t\t\t\t\t\t\t\t\t\t\t\t\t<img fetchpriority=\"high\" decoding=\"async\" width=\"1024\" height=\"682\" src=\"https:\/\/madridsindical.es\/archivo\/wp-content\/uploads\/2022\/02\/003IMG_3999-1024x682.jpg\" class=\"attachment-large size-large wp-image-3000\" alt=\"\" srcset=\"https:\/\/madridsindical.es\/archivo\/wp-content\/uploads\/2022\/02\/003IMG_3999-1024x682.jpg 1024w, https:\/\/madridsindical.es\/archivo\/wp-content\/uploads\/2022\/02\/003IMG_3999-300x200.jpg 300w, https:\/\/madridsindical.es\/archivo\/wp-content\/uploads\/2022\/02\/003IMG_3999-768x512.jpg 768w, https:\/\/madridsindical.es\/archivo\/wp-content\/uploads\/2022\/02\/003IMG_3999-1536x1024.jpg 1536w, https:\/\/madridsindical.es\/archivo\/wp-content\/uploads\/2022\/02\/003IMG_3999-465x310.jpg 465w, https:\/\/madridsindical.es\/archivo\/wp-content\/uploads\/2022\/02\/003IMG_3999-695x463.jpg 695w, https:\/\/madridsindical.es\/archivo\/wp-content\/uploads\/2022\/02\/003IMG_3999.jpg 2000w\" sizes=\"(max-width: 1024px) 100vw, 1024px\" \/>\t\t\t\t\t\t\t\t\t\t\t\t\t\t\t<\/div>\n\t\t\t\t<\/div>\n\t\t\t\t\t<\/div>\n\t\t<\/div>\n\t\t\t\t\t<\/div>\n\t\t<\/section>\n\t\t\t\t<section class=\"elementor-section elementor-top-section elementor-element elementor-element-a42fa23 elementor-section-boxed elementor-section-height-default elementor-section-height-default\" data-id=\"a42fa23\" data-element_type=\"section\">\n\t\t\t\t\t\t<div class=\"elementor-container elementor-column-gap-default\">\n\t\t\t\t\t<div class=\"elementor-column elementor-col-100 elementor-top-column elementor-element elementor-element-a06f492\" data-id=\"a06f492\" data-element_type=\"column\">\n\t\t\t<div class=\"elementor-widget-wrap elementor-element-populated\">\n\t\t\t\t\t\t<div class=\"elementor-element elementor-element-1223262 elementor-widget elementor-widget-text-editor\" data-id=\"1223262\" data-element_type=\"widget\" data-widget_type=\"text-editor.default\">\n\t\t\t\t<div class=\"elementor-widget-container\">\n\t\t\t\t\t\t\t\t\t<p><span style=\"font-weight: 400;\">Coincidieron alguna vez con el famos\u00edsimo <\/span><b>Marcial Lafuente Estefan\u00eda<\/b><span style=\"font-weight: 400;\">, pero apenas se relacionaban con sus colegas. \u201c<em>A nosotras nos manten\u00edan al margen porque \u00e9ramos mujeres, hab\u00edamos invadido un territorio de hombres, y eso les escoc\u00eda. Todo lo que supon\u00eda apartarse del papel de ama de casa reproductora les resultaba sospechoso<\/em>\u201d. Teresa confiesa que hubo un tiempo en que le avergonzaba contar que hab\u00eda sido autora de este tipo de publicaciones. \u201c<em>Eran novelas muy malas, c\u00f3mo vas a hacer buena literatura si ten\u00edas que entregar una por semana. Se escrib\u00edan por dinero, pero a nosotras nos sirvi\u00f3 como campo de aterrizaje y aprendizaje<\/em>\u201d.<\/span><\/p><p><span style=\"font-weight: 400;\">La novela de bolsillo era tan rentable que result\u00f3 ser el medio de vida de muchas personas perseguidas por la dictadura franquista al poder publicar con seud\u00f3nimo. Fue el caso de la periodista y escritora feminista <\/span><b>Carlota O&#8217;Neil<\/b><span style=\"font-weight: 400;\">l, viuda del aviador <\/span><b>Virgilio Leret<\/b><span style=\"font-weight: 400;\">, uno de los primeros oficiales ejecutados por Franco por mantenerse fiel a la Rep\u00fablica. O&#8217;Neill sufri\u00f3 cuatro a\u00f1os de prisi\u00f3n y a su salida, para sobrevivir y mantener a sus hijas, escribi\u00f3 en la d\u00e9cada de los 40 novela rosa bajo el seud\u00f3nimo de <\/span><b>Laura de Noves<\/b><span style=\"font-weight: 400;\">. Una calle de Madrid lleva el nombre de la escritora, que muri\u00f3 en Caracas en el a\u00f1o 2000.<\/span><\/p>\t\t\t\t\t\t\t\t<\/div>\n\t\t\t\t<\/div>\n\t\t\t\t\t<\/div>\n\t\t<\/div>\n\t\t\t\t\t<\/div>\n\t\t<\/section>\n\t\t\t\t<section class=\"elementor-section elementor-top-section elementor-element elementor-element-b5e2e87 elementor-section-boxed elementor-section-height-default elementor-section-height-default\" data-id=\"b5e2e87\" data-element_type=\"section\">\n\t\t\t\t\t\t<div class=\"elementor-container elementor-column-gap-default\">\n\t\t\t\t\t<div class=\"elementor-column elementor-col-100 elementor-top-column elementor-element elementor-element-8b78e44\" data-id=\"8b78e44\" data-element_type=\"column\">\n\t\t\t<div class=\"elementor-widget-wrap elementor-element-populated\">\n\t\t\t\t\t\t<div class=\"elementor-element elementor-element-c81e61e elementor-widget elementor-widget-heading\" data-id=\"c81e61e\" data-element_type=\"widget\" data-widget_type=\"heading.default\">\n\t\t\t\t<div class=\"elementor-widget-container\">\n\t\t\t\t\t<h2 class=\"elementor-heading-title elementor-size-default\"> \u201cA las mujeres a\u00fan nos queda bastante camino \npara lograr la igualdad\u201d\n\n\n\n<\/h2>\t\t\t\t<\/div>\n\t\t\t\t<\/div>\n\t\t\t\t\t<\/div>\n\t\t<\/div>\n\t\t\t\t\t<\/div>\n\t\t<\/section>\n\t\t\t\t<section class=\"elementor-section elementor-top-section elementor-element elementor-element-9a3c226 elementor-section-boxed elementor-section-height-default elementor-section-height-default\" data-id=\"9a3c226\" data-element_type=\"section\">\n\t\t\t\t\t\t<div class=\"elementor-container elementor-column-gap-default\">\n\t\t\t\t\t<div class=\"elementor-column elementor-col-100 elementor-top-column elementor-element elementor-element-3e888a8\" data-id=\"3e888a8\" data-element_type=\"column\">\n\t\t\t<div class=\"elementor-widget-wrap elementor-element-populated\">\n\t\t\t\t\t\t<div class=\"elementor-element elementor-element-cc9f5ed elementor-widget elementor-widget-image\" data-id=\"cc9f5ed\" data-element_type=\"widget\" data-widget_type=\"image.default\">\n\t\t\t\t<div class=\"elementor-widget-container\">\n\t\t\t\t\t\t\t\t\t\t\t\t\t\t\t<img decoding=\"async\" width=\"1024\" height=\"632\" src=\"https:\/\/madridsindical.es\/archivo\/wp-content\/uploads\/2022\/02\/002IMG_3971-1024x632.jpg\" class=\"attachment-large size-large wp-image-2999\" alt=\"\" srcset=\"https:\/\/madridsindical.es\/archivo\/wp-content\/uploads\/2022\/02\/002IMG_3971-1024x632.jpg 1024w, https:\/\/madridsindical.es\/archivo\/wp-content\/uploads\/2022\/02\/002IMG_3971-300x185.jpg 300w, https:\/\/madridsindical.es\/archivo\/wp-content\/uploads\/2022\/02\/002IMG_3971-768x474.jpg 768w, https:\/\/madridsindical.es\/archivo\/wp-content\/uploads\/2022\/02\/002IMG_3971-1536x948.jpg 1536w, https:\/\/madridsindical.es\/archivo\/wp-content\/uploads\/2022\/02\/002IMG_3971-465x287.jpg 465w, https:\/\/madridsindical.es\/archivo\/wp-content\/uploads\/2022\/02\/002IMG_3971-695x429.jpg 695w, https:\/\/madridsindical.es\/archivo\/wp-content\/uploads\/2022\/02\/002IMG_3971.jpg 2000w\" sizes=\"(max-width: 1024px) 100vw, 1024px\" \/>\t\t\t\t\t\t\t\t\t\t\t\t\t\t\t<\/div>\n\t\t\t\t<\/div>\n\t\t\t\t\t<\/div>\n\t\t<\/div>\n\t\t\t\t\t<\/div>\n\t\t<\/section>\n\t\t\t\t<section class=\"elementor-section elementor-top-section elementor-element elementor-element-b58df66 elementor-section-boxed elementor-section-height-default elementor-section-height-default\" data-id=\"b58df66\" data-element_type=\"section\">\n\t\t\t\t\t\t<div class=\"elementor-container elementor-column-gap-default\">\n\t\t\t\t\t<div class=\"elementor-column elementor-col-100 elementor-top-column elementor-element elementor-element-b9c36a8\" data-id=\"b9c36a8\" data-element_type=\"column\">\n\t\t\t<div class=\"elementor-widget-wrap elementor-element-populated\">\n\t\t\t\t\t\t<div class=\"elementor-element elementor-element-48aaf88 elementor-widget elementor-widget-text-editor\" data-id=\"48aaf88\" data-element_type=\"widget\" data-widget_type=\"text-editor.default\">\n\t\t\t\t<div class=\"elementor-widget-container\">\n\t\t\t\t\t\t\t\t\t<p><span style=\"font-weight: 400;\">Todav\u00eda en los a\u00f1os 80, en el programa <strong>Estudio Abierto<\/strong>, de <strong>TVE<\/strong>, <\/span><b>Jos\u00e9 Mar\u00eda \u00cd\u00f1igo<\/b><span style=\"font-weight: 400;\"> le pregunt\u00f3 a Teresa c\u00f3mo era posible que una mujer pudiera meterse en la piel de un sheriff o de un rudo vaquero. <em>\u201cNo me levant\u00e9 porque est\u00e1bamos en directo. Esa era la mentalidad de entonces, y no hemos avanzado demasiado\u201d<\/em>, reflexiona. \u201c<em>Hace no tanto gan\u00e9 un premio con un relato inspirado en la historia de los mineros del azufre en Ijen, en Indonesia, y alguien del jurado me solt\u00f3 con todo descaro que se hab\u00edan llevado una enorme sorpresa al abrir las plicas y comprobar que una mujer hab\u00eda escrito sobre un tema como el de la miner\u00eda. A las mujeres en Espa\u00f1a a\u00fan nos queda bastante camino para lograr la igualdad. Llevamos mucho retraso<\/em>\u201d<\/span><\/p>\t\t\t\t\t\t\t\t<\/div>\n\t\t\t\t<\/div>\n\t\t\t\t\t<\/div>\n\t\t<\/div>\n\t\t\t\t\t<\/div>\n\t\t<\/section>\n\t\t\t\t<section class=\"elementor-section elementor-top-section elementor-element elementor-element-1cca065 elementor-section-boxed elementor-section-height-default elementor-section-height-default\" data-id=\"1cca065\" data-element_type=\"section\">\n\t\t\t\t\t\t<div class=\"elementor-container elementor-column-gap-default\">\n\t\t\t\t\t<div class=\"elementor-column elementor-col-100 elementor-top-column elementor-element elementor-element-fb43af3\" data-id=\"fb43af3\" data-element_type=\"column\">\n\t\t\t<div class=\"elementor-widget-wrap elementor-element-populated\">\n\t\t\t\t\t\t<div class=\"elementor-element elementor-element-d2025c6 elementor-widget elementor-widget-button\" data-id=\"d2025c6\" data-element_type=\"widget\" data-widget_type=\"button.default\">\n\t\t\t\t<div class=\"elementor-widget-container\">\n\t\t\t\t\t\t\t\t\t<div class=\"elementor-button-wrapper\">\n\t\t\t\t\t<a class=\"elementor-button elementor-button-link elementor-size-sm\" href=\"https:\/\/madridsindical.es\/archivo\/8m2022\/\">\n\t\t\t\t\t\t<span class=\"elementor-button-content-wrapper\">\n\t\t\t\t\t\t\t\t\t<span class=\"elementor-button-text\">Volver al especial 8M 2022<\/span>\n\t\t\t\t\t<\/span>\n\t\t\t\t\t<\/a>\n\t\t\t\t<\/div>\n\t\t\t\t\t\t\t\t<\/div>\n\t\t\t\t<\/div>\n\t\t\t\t\t<\/div>\n\t\t<\/div>\n\t\t\t\t\t<\/div>\n\t\t<\/section>\n\t\t\t\t<\/div>\n\t\t","protected":false},"excerpt":{"rendered":"<p>El sheriff era mujer Mujer, joven, sin estudios, sin marido, sin blanca y en la Espa\u00f1a de hace sesenta a\u00f1os, Teresa N\u00fa\u00f1ez logr\u00f3 que le pagaran un sueldo similar al de un ingeniero de la \u00e9poca. Para ello tuvo que cambiar de sexo -solo en el nombre- y convertirse en Paul Lattimer, \u2018escritor\u2019 superventas de novelas del Oeste durante las d\u00e9cadas de los 60 y 70 del pasado siglo. Aquella veintea\u00f1era, hoy\u00a0 octogenaria, cuenta para<span class=\"more-link\"><a href=\"https:\/\/madridsindical.es\/archivo\/2022\/02\/24\/entrevista-a-teresa-nunez-escritora\/\">Contin\u00faa leyendo<\/a><\/span><\/p>\n","protected":false},"author":1,"featured_media":2998,"comment_status":"closed","ping_status":"closed","sticky":false,"template":"","format":"standard","meta":{"footnotes":""},"categories":[3],"tags":[47],"class_list":["entry","author-madridsindical","post-2997","post","type-post","status-publish","format-standard","has-post-thumbnail","category-entrevistas","tag-archivo"],"aioseo_notices":[],"_links":{"self":[{"href":"https:\/\/madridsindical.es\/archivo\/wp-json\/wp\/v2\/posts\/2997","targetHints":{"allow":["GET"]}}],"collection":[{"href":"https:\/\/madridsindical.es\/archivo\/wp-json\/wp\/v2\/posts"}],"about":[{"href":"https:\/\/madridsindical.es\/archivo\/wp-json\/wp\/v2\/types\/post"}],"author":[{"embeddable":true,"href":"https:\/\/madridsindical.es\/archivo\/wp-json\/wp\/v2\/users\/1"}],"replies":[{"embeddable":true,"href":"https:\/\/madridsindical.es\/archivo\/wp-json\/wp\/v2\/comments?post=2997"}],"version-history":[{"count":33,"href":"https:\/\/madridsindical.es\/archivo\/wp-json\/wp\/v2\/posts\/2997\/revisions"}],"predecessor-version":[{"id":3193,"href":"https:\/\/madridsindical.es\/archivo\/wp-json\/wp\/v2\/posts\/2997\/revisions\/3193"}],"wp:featuredmedia":[{"embeddable":true,"href":"https:\/\/madridsindical.es\/archivo\/wp-json\/wp\/v2\/media\/2998"}],"wp:attachment":[{"href":"https:\/\/madridsindical.es\/archivo\/wp-json\/wp\/v2\/media?parent=2997"}],"wp:term":[{"taxonomy":"category","embeddable":true,"href":"https:\/\/madridsindical.es\/archivo\/wp-json\/wp\/v2\/categories?post=2997"},{"taxonomy":"post_tag","embeddable":true,"href":"https:\/\/madridsindical.es\/archivo\/wp-json\/wp\/v2\/tags?post=2997"}],"curies":[{"name":"wp","href":"https:\/\/api.w.org\/{rel}","templated":true}]}}