{"id":2931,"date":"2021-11-12T12:21:24","date_gmt":"2021-11-12T12:21:24","guid":{"rendered":"https:\/\/madridsindical.es\/archivo\/?p=2931"},"modified":"2025-11-06T10:49:23","modified_gmt":"2025-11-06T10:49:23","slug":"entrevista-al-historiador-mario-amoros-autor-de-no-pasaran-biografia-de-dolores-ibarruri-pasionaria","status":"publish","type":"post","link":"https:\/\/madridsindical.es\/archivo\/2021\/11\/12\/entrevista-al-historiador-mario-amoros-autor-de-no-pasaran-biografia-de-dolores-ibarruri-pasionaria\/","title":{"rendered":"Entrevista al historiador Mario Amor\u00f3s, autor de \u00a1No pasar\u00e1n! Biograf\u00eda de Dolores Ib\u00e1rruri, Pasionaria"},"content":{"rendered":"\t\t<div data-elementor-type=\"wp-post\" data-elementor-id=\"2931\" class=\"elementor elementor-2931\">\n\t\t\t\t\t\t<section class=\"elementor-section elementor-top-section elementor-element elementor-element-6103c40 elementor-section-boxed elementor-section-height-default elementor-section-height-default\" data-id=\"6103c40\" data-element_type=\"section\">\n\t\t\t\t\t\t<div class=\"elementor-container elementor-column-gap-default\">\n\t\t\t\t\t<div class=\"elementor-column elementor-col-100 elementor-top-column elementor-element elementor-element-b0f940c\" data-id=\"b0f940c\" data-element_type=\"column\">\n\t\t\t<div class=\"elementor-widget-wrap elementor-element-populated\">\n\t\t\t\t\t\t<div class=\"elementor-element elementor-element-9746f28 elementor-widget elementor-widget-heading\" data-id=\"9746f28\" data-element_type=\"widget\" data-widget_type=\"heading.default\">\n\t\t\t\t<div class=\"elementor-widget-container\">\n\t\t\t\t\t<h2 class=\"elementor-heading-title elementor-size-default\">\u201cPasionaria es un ejemplo luminoso de liberaci\u00f3n para todas las mujeres\u201d<\/h2>\t\t\t\t<\/div>\n\t\t\t\t<\/div>\n\t\t\t\t\t<\/div>\n\t\t<\/div>\n\t\t\t\t\t<\/div>\n\t\t<\/section>\n\t\t\t\t<section class=\"elementor-section elementor-top-section elementor-element elementor-element-1f27f47 elementor-section-boxed elementor-section-height-default elementor-section-height-default\" data-id=\"1f27f47\" data-element_type=\"section\">\n\t\t\t\t\t\t<div class=\"elementor-container elementor-column-gap-default\">\n\t\t\t\t\t<div class=\"elementor-column elementor-col-100 elementor-top-column elementor-element elementor-element-628fc5d\" data-id=\"628fc5d\" data-element_type=\"column\">\n\t\t\t<div class=\"elementor-widget-wrap elementor-element-populated\">\n\t\t\t\t\t\t<div class=\"elementor-element elementor-element-f34f7f1 elementor-widget elementor-widget-text-editor\" data-id=\"f34f7f1\" data-element_type=\"widget\" data-widget_type=\"text-editor.default\">\n\t\t\t\t<div class=\"elementor-widget-container\">\n\t\t\t\t\t\t\t\t\t<p><b>Desde su nacimiento en la localidad vizca\u00edna de Gallarta en 1895 hasta su muerte en Madrid en 1989, la biograf\u00eda de Pasionaria atraviesa gran parte de la dram\u00e1tica y esperanzada historia, tan de lucha y llena de ilusiones, del siglo XX. Herida por el patriarcado en sus aspiraciones de ser maestra, logr\u00f3 con su asombrosa fortaleza y talento innatos romper las cadenas que la oprim\u00edan y compensar con su af\u00e1n de saber su corto paso por la escuela hasta convertirse en una figura de permanencia contra los fascismos, la esclavitud de los explotados y la servidumbre de las mujeres. Fue la primera mujer secretaria general de un partido pol\u00edtico, el PCE, que el 14 de noviembre, celebra su centenario.<\/b><\/p>\t\t\t\t\t\t\t\t<\/div>\n\t\t\t\t<\/div>\n\t\t\t\t\t<\/div>\n\t\t<\/div>\n\t\t\t\t\t<\/div>\n\t\t<\/section>\n\t\t\t\t<section class=\"elementor-section elementor-top-section elementor-element elementor-element-f7fda09 elementor-section-boxed elementor-section-height-default elementor-section-height-default\" data-id=\"f7fda09\" data-element_type=\"section\">\n\t\t\t\t\t\t<div class=\"elementor-container elementor-column-gap-default\">\n\t\t\t\t\t<div class=\"elementor-column elementor-col-100 elementor-top-column elementor-element elementor-element-422135f\" data-id=\"422135f\" data-element_type=\"column\">\n\t\t\t<div class=\"elementor-widget-wrap elementor-element-populated\">\n\t\t\t\t\t\t<div class=\"elementor-element elementor-element-eab506b elementor-widget elementor-widget-text-editor\" data-id=\"eab506b\" data-element_type=\"widget\" data-widget_type=\"text-editor.default\">\n\t\t\t\t<div class=\"elementor-widget-container\">\n\t\t\t\t\t\t\t\t\t<p><b>Texto: Alejandra Acosta. Fotos: Fran Lorente. V\u00eddeo: F. Lorente, Carolina Villafruela<\/b><\/p>\t\t\t\t\t\t\t\t<\/div>\n\t\t\t\t<\/div>\n\t\t\t\t\t<\/div>\n\t\t<\/div>\n\t\t\t\t\t<\/div>\n\t\t<\/section>\n\t\t\t\t<section class=\"elementor-section elementor-top-section elementor-element elementor-element-cdf4313 elementor-section-boxed elementor-section-height-default elementor-section-height-default\" data-id=\"cdf4313\" data-element_type=\"section\">\n\t\t\t\t\t\t<div class=\"elementor-container elementor-column-gap-default\">\n\t\t\t\t\t<div class=\"elementor-column elementor-col-100 elementor-top-column elementor-element elementor-element-06998a2\" data-id=\"06998a2\" data-element_type=\"column\">\n\t\t\t<div class=\"elementor-widget-wrap elementor-element-populated\">\n\t\t\t\t\t\t<div class=\"elementor-element elementor-element-6e776f4 elementor-widget elementor-widget-text-editor\" data-id=\"6e776f4\" data-element_type=\"widget\" data-widget_type=\"text-editor.default\">\n\t\t\t\t<div class=\"elementor-widget-container\">\n\t\t\t\t\t\t\t\t\t<p><span style=\"font-weight: 400;\">El 13 de julio de 1977, Teresa Andr\u00e9s, taqu\u00edgrafa en el <strong>Congreso de los Diputados<\/strong>, no pod\u00eda retirar la vista de la mesa presidencial de aquella hist\u00f3rica sesi\u00f3n. Ten\u00eda a pocos metros la imponente figura de una anciana vestida de negro de la que hab\u00eda escuchado barbaridades. Era <strong>Dolores Ib\u00e1rruri, Pasionaria<\/strong>,<strong> la \u00fanica de los 473 diputados de la Segunda Rep\u00fablica que volv\u00eda a sentarse en el hemiciclo<\/strong> de la Carrera de San Jer\u00f3nimo tras la Guerra Civil y la dictadura. Apenas dos meses antes hab\u00eda regresado a Espa\u00f1a despu\u00e9s de un largu\u00edsimo exilio que comenz\u00f3 en 1939. <\/span><i><span style=\"font-weight: 400;\">\u201cPara mi madre, que era muy de Franco, era una imagen de guerra. En cambio, para m\u00ed era todo lo contrario: significaba la <strong>reconciliaci\u00f3n y la paz<\/strong>. Me dio mucha alegr\u00eda verla\u201d<\/span><\/i><span style=\"font-weight: 400;\">, contaba la veterana taqu\u00edgrafa a esta periodista dos d\u00e9cadas despu\u00e9s de aquellas primeras Cortes Constituyentes de la Transici\u00f3n. No fue la \u00fanica que sucumbi\u00f3 a su magnetismo. Aquel d\u00eda de hace 44 a\u00f1os Dolores acapar\u00f3 absolutamente todas las miradas.<\/span><\/p>\t\t\t\t\t\t\t\t<\/div>\n\t\t\t\t<\/div>\n\t\t\t\t\t<\/div>\n\t\t<\/div>\n\t\t\t\t\t<\/div>\n\t\t<\/section>\n\t\t\t\t<section class=\"elementor-section elementor-top-section elementor-element elementor-element-4fec060 elementor-section-boxed elementor-section-height-default elementor-section-height-default\" data-id=\"4fec060\" data-element_type=\"section\">\n\t\t\t\t\t\t<div class=\"elementor-container elementor-column-gap-default\">\n\t\t\t\t\t<div class=\"elementor-column elementor-col-100 elementor-top-column elementor-element elementor-element-59f1474\" data-id=\"59f1474\" data-element_type=\"column\">\n\t\t\t<div class=\"elementor-widget-wrap elementor-element-populated\">\n\t\t\t\t\t\t<div class=\"elementor-element elementor-element-df5de39 elementor-widget elementor-widget-heading\" data-id=\"df5de39\" data-element_type=\"widget\" data-widget_type=\"heading.default\">\n\t\t\t\t<div class=\"elementor-widget-container\">\n\t\t\t\t\t<h2 class=\"elementor-heading-title elementor-size-default\">\u201cRelatar su infancia, adolescencia y su vida\nen Vizcaya hasta 1931 ha sido fascinante\u201d\n<\/h2>\t\t\t\t<\/div>\n\t\t\t\t<\/div>\n\t\t\t\t\t<\/div>\n\t\t<\/div>\n\t\t\t\t\t<\/div>\n\t\t<\/section>\n\t\t\t\t<section class=\"elementor-section elementor-top-section elementor-element elementor-element-37973ab elementor-section-boxed elementor-section-height-default elementor-section-height-default\" data-id=\"37973ab\" data-element_type=\"section\">\n\t\t\t\t\t\t<div class=\"elementor-container elementor-column-gap-default\">\n\t\t\t\t\t<div class=\"elementor-column elementor-col-100 elementor-top-column elementor-element elementor-element-7cb0c64\" data-id=\"7cb0c64\" data-element_type=\"column\">\n\t\t\t<div class=\"elementor-widget-wrap elementor-element-populated\">\n\t\t\t\t\t\t<div class=\"elementor-element elementor-element-fdef0b6 elementor-widget elementor-widget-text-editor\" data-id=\"fdef0b6\" data-element_type=\"widget\" data-widget_type=\"text-editor.default\">\n\t\t\t\t<div class=\"elementor-widget-container\">\n\t\t\t\t\t\t\t\t\t<p><i><span style=\"font-weight: 400;\">\u201cEn todas las fotograf\u00edas ic\u00f3nicas de las Cortes Constituyentes aparece Dolores: <strong>Dolores del brazo de Alberti bajando las escaleras del hemiciclo<\/strong>, Dolores saludando a Su\u00e1rez, Dolores sentada en su esca\u00f1o del Congreso\u2026 No hay una imagen tan simb\u00f3lica de Felipe Gonz\u00e1lez, ni siquiera de Carrillo, porque ella representaba la lucha de la Rep\u00fablica en la Guerra Civil, el fin del exilio y la reconciliaci\u00f3n\u201d<\/span><\/i><span style=\"font-weight: 400;\">, asiente el historiador <strong>Mario Amor\u00f3s<\/strong>, quien acaba de publicar con la editorial <strong>Akal<\/strong> una biograf\u00eda de <strong>Pasionaria<\/strong> bajo el t\u00edtulo de <\/span><strong><i>\u00a1No pasar\u00e1n!<\/i><\/strong><span style=\"font-weight: 400;\"><strong>,<\/strong> la memorable consigna sin fecha de caducidad que Dolores con su inolvidable voz convirti\u00f3 en un grito inmortal contra el fascismo en toda Europa.<\/span><\/p>\t\t\t\t\t\t\t\t<\/div>\n\t\t\t\t<\/div>\n\t\t\t\t\t<\/div>\n\t\t<\/div>\n\t\t\t\t\t<\/div>\n\t\t<\/section>\n\t\t\t\t<section class=\"elementor-section elementor-top-section elementor-element elementor-element-ac85f2e elementor-section-boxed elementor-section-height-default elementor-section-height-default\" data-id=\"ac85f2e\" data-element_type=\"section\">\n\t\t\t\t\t\t<div class=\"elementor-container elementor-column-gap-default\">\n\t\t\t\t\t<div class=\"elementor-column elementor-col-100 elementor-top-column elementor-element elementor-element-3c3b012\" data-id=\"3c3b012\" data-element_type=\"column\">\n\t\t\t<div class=\"elementor-widget-wrap elementor-element-populated\">\n\t\t\t\t\t\t<div class=\"elementor-element elementor-element-253fa56 elementor-widget elementor-widget-heading\" data-id=\"253fa56\" data-element_type=\"widget\" data-widget_type=\"heading.default\">\n\t\t\t\t<div class=\"elementor-widget-container\">\n\t\t\t\t\t<h2 class=\"elementor-heading-title elementor-size-default\">\u201c\u00bfC\u00f3mo vas a ser maestra siendo\ntus hermanos carpintero y panadero?\u201d\n<\/h2>\t\t\t\t<\/div>\n\t\t\t\t<\/div>\n\t\t\t\t\t<\/div>\n\t\t<\/div>\n\t\t\t\t\t<\/div>\n\t\t<\/section>\n\t\t\t\t<section class=\"elementor-section elementor-top-section elementor-element elementor-element-2c64586 elementor-section-boxed elementor-section-height-default elementor-section-height-default\" data-id=\"2c64586\" data-element_type=\"section\">\n\t\t\t\t\t\t<div class=\"elementor-container elementor-column-gap-default\">\n\t\t\t\t\t<div class=\"elementor-column elementor-col-100 elementor-top-column elementor-element elementor-element-96d1b53\" data-id=\"96d1b53\" data-element_type=\"column\">\n\t\t\t<div class=\"elementor-widget-wrap elementor-element-populated\">\n\t\t\t\t\t\t<div class=\"elementor-element elementor-element-b799301 elementor-widget elementor-widget-text-editor\" data-id=\"b799301\" data-element_type=\"widget\" data-widget_type=\"text-editor.default\">\n\t\t\t\t<div class=\"elementor-widget-container\">\n\t\t\t\t\t\t\t\t\t<p><span style=\"font-weight: 400;\">De ella se han escrito otras biograf\u00edas, pero la principal novedad de esta \u00faltima es que el autor, para su elaboraci\u00f3n, ha tenido acceso al archivo hist\u00f3rico de Dolores Ib\u00e1rruri, custodiado por su nieta <strong>Lola Ruiz-Ib\u00e1rruri Sergueyeva<\/strong>, y que ning\u00fan otro historiador antes hab\u00eda podido consultar al completo. <\/span><i><span style=\"font-weight: 400;\">\u201cLo componen 150 cajas con decenas de miles de p\u00e1ginas muy bien clasificadas, fotograf\u00edas, correspondencia, folletos en varios idiomas, textos pol\u00edticos\u2026 Es un archivo impresionante\u201d,<\/span><\/i><span style=\"font-weight: 400;\"> destaca Amor\u00f3s. La publicaci\u00f3n de esta obra coincide con el <strong>centenario del PCE<\/strong>. Dolores fue su secretaria general entre 1942 y 1959, y desde este a\u00f1o y hasta su muerte ocup\u00f3 la presidencia del mismo.<\/span><\/p><p><span style=\"font-weight: 400;\">Su famosa proclama del <strong>\u00a1No pasar\u00e1n!<\/strong> en la madrugada del <strong>19 de julio de 1936<\/strong> llamando a la <strong>unidad de los antifascistas y a la movilizaci\u00f3n en defensa de la Rep\u00fablica<\/strong> se considera una de las grandes piezas de la oratoria del siglo XX. Ese d\u00eda, ante la amenaza terrible del golpe de Estado, levant\u00f3 con su voz segura y su presencia enlutada de madre coraje una figura de permanencia en la lucha contra los fascismos, la esclavitud de los explotados y la servidumbre de las mujeres. Fue un texto, aclara Amor\u00f3s, elaborado por la direcci\u00f3n del PCE y que Dolores ley\u00f3 desde los micr\u00f3fonos de Uni\u00f3n Radio (la actual Cadena SER), instalados en las dependencias del Ministerio de la Gobernaci\u00f3n, <strong>en la Puerta del Sol<\/strong>.<\/span><\/p>\t\t\t\t\t\t\t\t<\/div>\n\t\t\t\t<\/div>\n\t\t\t\t\t<\/div>\n\t\t<\/div>\n\t\t\t\t\t<\/div>\n\t\t<\/section>\n\t\t\t\t<section class=\"elementor-section elementor-top-section elementor-element elementor-element-d9bcd0a elementor-section-boxed elementor-section-height-default elementor-section-height-default\" data-id=\"d9bcd0a\" data-element_type=\"section\">\n\t\t\t\t\t\t<div class=\"elementor-container elementor-column-gap-default\">\n\t\t\t\t\t<div class=\"elementor-column elementor-col-100 elementor-top-column elementor-element elementor-element-29f5db9\" data-id=\"29f5db9\" data-element_type=\"column\">\n\t\t\t<div class=\"elementor-widget-wrap elementor-element-populated\">\n\t\t\t\t\t\t<div class=\"elementor-element elementor-element-d515104 elementor-widget elementor-widget-heading\" data-id=\"d515104\" data-element_type=\"widget\" data-widget_type=\"heading.default\">\n\t\t\t\t<div class=\"elementor-widget-container\">\n\t\t\t\t\t<h2 class=\"elementor-heading-title elementor-size-default\">\u201cTiene m\u00e1s fuerza en su dedo me\u00f1ique que Aza\u00f1a \nen todo su cuerpo\u201d, escribi\u00f3 un periodista\n<\/h2>\t\t\t\t<\/div>\n\t\t\t\t<\/div>\n\t\t\t\t\t<\/div>\n\t\t<\/div>\n\t\t\t\t\t<\/div>\n\t\t<\/section>\n\t\t\t\t<section class=\"elementor-section elementor-top-section elementor-element elementor-element-8e0f7ce elementor-section-boxed elementor-section-height-default elementor-section-height-default\" data-id=\"8e0f7ce\" data-element_type=\"section\">\n\t\t\t\t\t\t<div class=\"elementor-container elementor-column-gap-default\">\n\t\t\t\t\t<div class=\"elementor-column elementor-col-100 elementor-top-column elementor-element elementor-element-3ad784c\" data-id=\"3ad784c\" data-element_type=\"column\">\n\t\t\t<div class=\"elementor-widget-wrap elementor-element-populated\">\n\t\t\t\t\t\t<div class=\"elementor-element elementor-element-14244f4 elementor-widget elementor-widget-text-editor\" data-id=\"14244f4\" data-element_type=\"widget\" data-widget_type=\"text-editor.default\">\n\t\t\t\t<div class=\"elementor-widget-container\">\n\t\t\t\t\t\t\t\t\t<p><i><span style=\"font-weight: 400;\">\u201cEl PCE tuvo la gran inteligencia pol\u00edtica de difundir un llamamiento para hacer frente a los golpistas desde el primer momento y sin vacilaciones. Ten\u00edan claro que los sublevados no ten\u00edan intenci\u00f3n de negociar, quer\u00edan liquidar la Rep\u00fablica y el Frente Popular. Aquel llamamiento, y otros, en la voz de Pasionaria origin\u00f3 que un aluvi\u00f3n de trabajadores, obreros, campesinos, muchas mujeres tambi\u00e9n, se acercasen al PCE y se movilizaran en defensa de la Rep\u00fablica. Con su poder de convicci\u00f3n contribuy\u00f3 a que el pueblo republicano espa\u00f1ol fuera el primero del mundo en levantar las armas para detener el avance del fascismo\u201d<\/span><\/i><span style=\"font-weight: 400;\">.<\/span><\/p><p><span style=\"font-weight: 400;\">\u00bfPero de d\u00f3nde ven\u00eda esa mujer de la que un periodista de la \u00e9poca, <strong>Henry Buckley<\/strong>, dijo que ten\u00eda <\/span><i><span style=\"font-weight: 400;\">\u201c<strong>m\u00e1s fuerza en su dedo me\u00f1ique que Aza\u00f1a en todo su cuerpo<\/strong>\u201d<\/span><\/i><span style=\"font-weight: 400;\">? \u00bfC\u00f3mo logr\u00f3 dar esquinazo a la fatalidad de haber nacido pobre y mujer, sin m\u00e1s perspectiva, en sus propias palabras, que la de <\/span><i><span style=\"font-weight: 400;\">\u201ccasarse, criar muchos hijos y morirse\u201d?<\/span><\/i><\/p>\t\t\t\t\t\t\t\t<\/div>\n\t\t\t\t<\/div>\n\t\t\t\t\t<\/div>\n\t\t<\/div>\n\t\t\t\t\t<\/div>\n\t\t<\/section>\n\t\t\t\t<section class=\"elementor-section elementor-top-section elementor-element elementor-element-a02b274 elementor-section-boxed elementor-section-height-default elementor-section-height-default\" data-id=\"a02b274\" data-element_type=\"section\">\n\t\t\t\t\t\t<div class=\"elementor-container elementor-column-gap-default\">\n\t\t\t\t\t<div class=\"elementor-column elementor-col-100 elementor-top-column elementor-element elementor-element-99be7c5\" data-id=\"99be7c5\" data-element_type=\"column\">\n\t\t\t<div class=\"elementor-widget-wrap elementor-element-populated\">\n\t\t\t\t\t\t<div class=\"elementor-element elementor-element-62675cb elementor-widget elementor-widget-heading\" data-id=\"62675cb\" data-element_type=\"widget\" data-widget_type=\"heading.default\">\n\t\t\t\t<div class=\"elementor-widget-container\">\n\t\t\t\t\t<h2 class=\"elementor-heading-title elementor-size-default\">Logr\u00f3 romper las cadenas que la oprim\u00edan, la de \nsus padres, la de su entorno, la de su marido...\n\n<\/h2>\t\t\t\t<\/div>\n\t\t\t\t<\/div>\n\t\t\t\t\t<\/div>\n\t\t<\/div>\n\t\t\t\t\t<\/div>\n\t\t<\/section>\n\t\t\t\t<section class=\"elementor-section elementor-top-section elementor-element elementor-element-bbc4584 elementor-section-boxed elementor-section-height-default elementor-section-height-default\" data-id=\"bbc4584\" data-element_type=\"section\">\n\t\t\t\t\t\t<div class=\"elementor-container elementor-column-gap-default\">\n\t\t\t\t\t<div class=\"elementor-column elementor-col-100 elementor-top-column elementor-element elementor-element-f417ce5\" data-id=\"f417ce5\" data-element_type=\"column\">\n\t\t\t<div class=\"elementor-widget-wrap elementor-element-populated\">\n\t\t\t\t\t\t<section class=\"elementor-section elementor-inner-section elementor-element elementor-element-c601671 elementor-section-boxed elementor-section-height-default elementor-section-height-default\" data-id=\"c601671\" data-element_type=\"section\">\n\t\t\t\t\t\t<div class=\"elementor-container elementor-column-gap-default\">\n\t\t\t\t\t<div class=\"elementor-column elementor-col-50 elementor-inner-column elementor-element elementor-element-d3a187c\" data-id=\"d3a187c\" data-element_type=\"column\">\n\t\t\t<div class=\"elementor-widget-wrap elementor-element-populated\">\n\t\t\t\t\t\t<div class=\"elementor-element elementor-element-cf4313c elementor-view-default elementor-position-top elementor-mobile-position-top elementor-widget elementor-widget-icon-box\" data-id=\"cf4313c\" data-element_type=\"widget\" data-widget_type=\"icon-box.default\">\n\t\t\t\t<div class=\"elementor-widget-container\">\n\t\t\t\t\t\t\t<div class=\"elementor-icon-box-wrapper\">\n\n\t\t\t\t\t\t<div class=\"elementor-icon-box-icon\">\n\t\t\t\t<a href=\"https:\/\/www.youtube.com\/watch?v=ngQoc3Ol4eQ\" target=\"_blank\" class=\"elementor-icon\" tabindex=\"-1\" aria-label=\"Entrevista a Mario Amor\u00f3s, autor de &quot;No pasar\u00e1n. Biograf\u00eda de Dolores Ib\u00e1rruri, Pasionaria&quot;\">\n\t\t\t\t<i aria-hidden=\"true\" class=\"fab fa-youtube-square\"><\/i>\t\t\t\t<\/a>\n\t\t\t<\/div>\n\t\t\t\n\t\t\t\t\t\t<div class=\"elementor-icon-box-content\">\n\n\t\t\t\t\t\t\t\t\t<h3 class=\"elementor-icon-box-title\">\n\t\t\t\t\t\t<a href=\"https:\/\/www.youtube.com\/watch?v=ngQoc3Ol4eQ\" target=\"_blank\" >\n\t\t\t\t\t\t\tEntrevista a Mario Amor\u00f3s, autor de \"No pasar\u00e1n. Biograf\u00eda de Dolores Ib\u00e1rruri, Pasionaria\"\t\t\t\t\t\t<\/a>\n\t\t\t\t\t<\/h3>\n\t\t\t\t\n\t\t\t\t\n\t\t\t<\/div>\n\t\t\t\n\t\t<\/div>\n\t\t\t\t\t\t<\/div>\n\t\t\t\t<\/div>\n\t\t\t\t\t<\/div>\n\t\t<\/div>\n\t\t\t\t<div class=\"elementor-column elementor-col-50 elementor-inner-column elementor-element elementor-element-4c72b6b\" data-id=\"4c72b6b\" data-element_type=\"column\">\n\t\t\t<div class=\"elementor-widget-wrap elementor-element-populated\">\n\t\t\t\t\t\t<div class=\"elementor-element elementor-element-62b0e1f elementor-widget elementor-widget-video\" data-id=\"62b0e1f\" data-element_type=\"widget\" data-settings=\"{&quot;youtube_url&quot;:&quot;https:\\\/\\\/youtu.be\\\/ngQoc3Ol4eQ&quot;,&quot;video_type&quot;:&quot;youtube&quot;,&quot;controls&quot;:&quot;yes&quot;}\" data-widget_type=\"video.default\">\n\t\t\t\t<div class=\"elementor-widget-container\">\n\t\t\t\t\t\t\t<div class=\"elementor-wrapper elementor-open-inline\">\n\t\t\t<div class=\"elementor-video\"><\/div>\t\t<\/div>\n\t\t\t\t\t\t<\/div>\n\t\t\t\t<\/div>\n\t\t\t\t\t<\/div>\n\t\t<\/div>\n\t\t\t\t\t<\/div>\n\t\t<\/section>\n\t\t\t\t\t<\/div>\n\t\t<\/div>\n\t\t\t\t\t<\/div>\n\t\t<\/section>\n\t\t\t\t<section class=\"elementor-section elementor-top-section elementor-element elementor-element-aa4be8a elementor-section-boxed elementor-section-height-default elementor-section-height-default\" data-id=\"aa4be8a\" data-element_type=\"section\">\n\t\t\t\t\t\t<div class=\"elementor-container elementor-column-gap-default\">\n\t\t\t\t\t<div class=\"elementor-column elementor-col-100 elementor-top-column elementor-element elementor-element-2e1f49c\" data-id=\"2e1f49c\" data-element_type=\"column\">\n\t\t\t<div class=\"elementor-widget-wrap elementor-element-populated\">\n\t\t\t\t\t\t<div class=\"elementor-element elementor-element-4407758 elementor-widget elementor-widget-text-editor\" data-id=\"4407758\" data-element_type=\"widget\" data-widget_type=\"text-editor.default\">\n\t\t\t\t<div class=\"elementor-widget-container\">\n\t\t\t\t\t\t\t\t\t<p><span style=\"font-weight: 400;\">Amor\u00f3s reconstruye con todo detalle su vida antes de llegar a Madrid en 1931 y nos brinda <\/span><i><span style=\"font-weight: 400;\">\u201c<strong>un ejemplo luminoso de liberaci\u00f3n para todas las mujeres\u201d<\/strong><\/span><\/i><span style=\"font-weight: 400;\">. Es desgarrador leer c\u00f3mo desde los primeros a\u00f1os de su existencia fue herida por el patriarcado en sus aspiraciones de ser maestra, herida por unas condiciones de vida paup\u00e9rrimas en la cuenca minera de Vizcaya, herida por la temprana muerte de cuatro de sus cinco hijas&#8230; <\/span><strong><i>\u201c\u00bfC\u00f3mo vas a ser maestra siendo tus hermanos carpintero y panadero?\u201d<\/i><\/strong><span style=\"font-weight: 400;\"><strong>,<\/strong> le dijeron. <\/span><i><span style=\"font-weight: 400;\">\u201cLo que yo llor\u00e9 no os lo pod\u00e9is imaginar\u201d<\/span><\/i><span style=\"font-weight: 400;\">, se dol\u00eda ya anciana, en 1985. A pesar de tan pesado lastre, Dolores, con asombrosa fortaleza, logr\u00f3 romper las cadenas que la oprim\u00edan, la de sus padres, la de su entorno, la de su marido, y compensar con su af\u00e1n de saber y su devoci\u00f3n por la lectura su corto paso por la escuela. Para Amor\u00f3s, <\/span><i><span style=\"font-weight: 400;\">\u201crecrear, a partir de una ingente documentaci\u00f3n in\u00e9dita, su infancia, su adolescencia y su vida en Vizcaya antes de llegar a Madrid en septiembre de 1931 ha sido fascinante\u201d<\/span><\/i><span style=\"font-weight: 400;\">. Reconoce que <\/span><i><span style=\"font-weight: 400;\">\u201chay algo misterioso en el carisma y respeto que emanaba que he intentado explicar\u201d<\/span><\/i><span style=\"font-weight: 400;\">.<\/span><\/p>\t\t\t\t\t\t\t\t<\/div>\n\t\t\t\t<\/div>\n\t\t\t\t\t<\/div>\n\t\t<\/div>\n\t\t\t\t\t<\/div>\n\t\t<\/section>\n\t\t\t\t<section class=\"elementor-section elementor-top-section elementor-element elementor-element-4a693e7 elementor-section-boxed elementor-section-height-default elementor-section-height-default\" data-id=\"4a693e7\" data-element_type=\"section\">\n\t\t\t\t\t\t<div class=\"elementor-container elementor-column-gap-default\">\n\t\t\t\t\t<div class=\"elementor-column elementor-col-100 elementor-top-column elementor-element elementor-element-42c1f47\" data-id=\"42c1f47\" data-element_type=\"column\">\n\t\t\t<div class=\"elementor-widget-wrap elementor-element-populated\">\n\t\t\t\t\t\t<div class=\"elementor-element elementor-element-2b05644 elementor-widget elementor-widget-heading\" data-id=\"2b05644\" data-element_type=\"widget\" data-widget_type=\"heading.default\">\n\t\t\t\t<div class=\"elementor-widget-container\">\n\t\t\t\t\t<h2 class=\"elementor-heading-title elementor-size-default\">Public\u00f3 su primer art\u00edculo en prensa con 22 a\u00f1os\ncon el pseud\u00f3nimo de Pasionaria\n\n<\/h2>\t\t\t\t<\/div>\n\t\t\t\t<\/div>\n\t\t\t\t\t<\/div>\n\t\t<\/div>\n\t\t\t\t\t<\/div>\n\t\t<\/section>\n\t\t\t\t<section class=\"elementor-section elementor-top-section elementor-element elementor-element-591f5e6 elementor-section-boxed elementor-section-height-default elementor-section-height-default\" data-id=\"591f5e6\" data-element_type=\"section\">\n\t\t\t\t\t\t<div class=\"elementor-container elementor-column-gap-default\">\n\t\t\t\t\t<div class=\"elementor-column elementor-col-100 elementor-top-column elementor-element elementor-element-e064f72\" data-id=\"e064f72\" data-element_type=\"column\">\n\t\t\t<div class=\"elementor-widget-wrap elementor-element-populated\">\n\t\t\t\t\t\t<div class=\"elementor-element elementor-element-6a1e15a elementor-widget elementor-widget-text-editor\" data-id=\"6a1e15a\" data-element_type=\"widget\" data-widget_type=\"text-editor.default\">\n\t\t\t\t<div class=\"elementor-widget-container\">\n\t\t\t\t\t\t\t\t\t<p><span style=\"font-weight: 400;\">En 1918, con 22 a\u00f1os, public\u00f3 su primer art\u00edculo en prensa, en <\/span><strong><i>El Minero Vizca\u00edno<\/i><\/strong><span style=\"font-weight: 400;\">. Era Semana Santa y firm\u00f3 con un pseud\u00f3nimo que la acompa\u00f1ar\u00eda siempre: <strong>Pasionaria<\/strong>. Ped\u00eda Dolores que no le pusieran el \u201cla\u201d delante porque ella no era una folcl\u00f3rica. En 1931 se traslad\u00f3 a Madrid para trabajar como redactora en <\/span><strong><i>Mundo Obrero<\/i><\/strong><span style=\"font-weight: 400;\"> -donde conoce a quien ser\u00eda su inseparable y fiel colaboradora hasta el final de sus d\u00edas, <strong>Irene Falc\u00f3n<\/strong>&#8211; y hacer labores de partido como miembro ya del Comit\u00e9 Central del PCE. En Madrid conoci\u00f3 tambi\u00e9n a <strong>Francisco Ant\u00f3n<\/strong>, dirigente del PCE y 14 a\u00f1os m\u00e1s joven. Fue su pareja sentimental durante la Guerra Civil y los primeros a\u00f1os de la posguerra. Seg\u00fan Irene Falc\u00f3n, rompieron en 1943 y nunca m\u00e1s volvi\u00f3 a tener otra relaci\u00f3n de amor.\u00a0<\/span><\/p><p><span style=\"font-weight: 400;\">En las elecciones de 1936, fue elegida <strong>diputada por Asturias<\/strong>. Sus discursos, art\u00edculos, an\u00e1lisis pol\u00edticos y sus intervenciones parlamentarias, muchas de ellas citadas y analizadas en el libro de Mario Amor\u00f3s, revelan su brillante oratoria, su capacidad para cautivar y un talento y una inteligencia fuera de lo com\u00fan. Ten\u00eda un atractivo innegable. Un soci\u00f3logo austriaco, <strong>Franz Borkernau<\/strong>, que asisti\u00f3 a uno de sus m\u00edtines en agosto de 1936, se refiri\u00f3 as\u00ed a Dolores: <\/span><i><span style=\"font-weight: 400;\">\u201cLo que en ella conmueve es su distanciamiento de la intriga pol\u00edtica, la sencilla fe que la lleva a sacrificarse y que emana de cada palabra que pronuncia; m\u00e1s conmovedora es a\u00fan su falta de vanidad y hasta su modestia\u201d.<\/span><\/i><\/p>\t\t\t\t\t\t\t\t<\/div>\n\t\t\t\t<\/div>\n\t\t\t\t\t<\/div>\n\t\t<\/div>\n\t\t\t\t\t<\/div>\n\t\t<\/section>\n\t\t\t\t<section class=\"elementor-section elementor-top-section elementor-element elementor-element-429ded5 elementor-section-boxed elementor-section-height-default elementor-section-height-default\" data-id=\"429ded5\" data-element_type=\"section\">\n\t\t\t\t\t\t<div class=\"elementor-container elementor-column-gap-default\">\n\t\t\t\t\t<div class=\"elementor-column elementor-col-100 elementor-top-column elementor-element elementor-element-7326e36\" data-id=\"7326e36\" data-element_type=\"column\">\n\t\t\t<div class=\"elementor-widget-wrap elementor-element-populated\">\n\t\t\t\t\t\t<div class=\"elementor-element elementor-element-433114e elementor-widget elementor-widget-heading\" data-id=\"433114e\" data-element_type=\"widget\" data-widget_type=\"heading.default\">\n\t\t\t\t<div class=\"elementor-widget-container\">\n\t\t\t\t\t<h2 class=\"elementor-heading-title elementor-size-default\">\u201cDolores era una gran propagandista, la mejor\nque tuvo el PCE\u201d\n\n\n<\/h2>\t\t\t\t<\/div>\n\t\t\t\t<\/div>\n\t\t\t\t\t<\/div>\n\t\t<\/div>\n\t\t\t\t\t<\/div>\n\t\t<\/section>\n\t\t\t\t<section class=\"elementor-section elementor-top-section elementor-element elementor-element-20cd376 elementor-section-boxed elementor-section-height-default elementor-section-height-default\" data-id=\"20cd376\" data-element_type=\"section\">\n\t\t\t\t\t\t<div class=\"elementor-container elementor-column-gap-default\">\n\t\t\t\t\t<div class=\"elementor-column elementor-col-100 elementor-top-column elementor-element elementor-element-d3b15d3\" data-id=\"d3b15d3\" data-element_type=\"column\">\n\t\t\t<div class=\"elementor-widget-wrap elementor-element-populated\">\n\t\t\t\t\t\t<div class=\"elementor-element elementor-element-6e49533 elementor-widget elementor-widget-image\" data-id=\"6e49533\" data-element_type=\"widget\" data-widget_type=\"image.default\">\n\t\t\t\t<div class=\"elementor-widget-container\">\n\t\t\t\t\t\t\t\t\t\t\t\t<figure class=\"wp-caption\">\n\t\t\t\t\t\t\t\t\t\t<img fetchpriority=\"high\" decoding=\"async\" width=\"1024\" height=\"682\" src=\"https:\/\/madridsindical.es\/archivo\/wp-content\/uploads\/2021\/11\/001IMG_9140-1024x682.jpg\" class=\"attachment-large size-large wp-image-2882\" alt=\"\" srcset=\"https:\/\/madridsindical.es\/archivo\/wp-content\/uploads\/2021\/11\/001IMG_9140-1024x682.jpg 1024w, https:\/\/madridsindical.es\/archivo\/wp-content\/uploads\/2021\/11\/001IMG_9140-300x200.jpg 300w, https:\/\/madridsindical.es\/archivo\/wp-content\/uploads\/2021\/11\/001IMG_9140-768x511.jpg 768w, https:\/\/madridsindical.es\/archivo\/wp-content\/uploads\/2021\/11\/001IMG_9140-1536x1023.jpg 1536w, https:\/\/madridsindical.es\/archivo\/wp-content\/uploads\/2021\/11\/001IMG_9140-465x310.jpg 465w, https:\/\/madridsindical.es\/archivo\/wp-content\/uploads\/2021\/11\/001IMG_9140-695x463.jpg 695w, https:\/\/madridsindical.es\/archivo\/wp-content\/uploads\/2021\/11\/001IMG_9140.jpg 2000w\" sizes=\"(max-width: 1024px) 100vw, 1024px\" \/>\t\t\t\t\t\t\t\t\t\t\t<figcaption class=\"widget-image-caption wp-caption-text\">Lola Ru\u00edz Ib\u00e1rruri y Mario Amor\u00f3s en la Puerta del Sol de Madrid<\/figcaption>\n\t\t\t\t\t\t\t\t\t\t<\/figure>\n\t\t\t\t\t\t\t\t\t<\/div>\n\t\t\t\t<\/div>\n\t\t\t\t\t<\/div>\n\t\t<\/div>\n\t\t\t\t\t<\/div>\n\t\t<\/section>\n\t\t\t\t<section class=\"elementor-section elementor-top-section elementor-element elementor-element-aca15f3 elementor-section-boxed elementor-section-height-default elementor-section-height-default\" data-id=\"aca15f3\" data-element_type=\"section\">\n\t\t\t\t\t\t<div class=\"elementor-container elementor-column-gap-default\">\n\t\t\t\t\t<div class=\"elementor-column elementor-col-100 elementor-top-column elementor-element elementor-element-b27f2ab\" data-id=\"b27f2ab\" data-element_type=\"column\">\n\t\t\t<div class=\"elementor-widget-wrap elementor-element-populated\">\n\t\t\t\t\t\t<div class=\"elementor-element elementor-element-e6b749f elementor-widget elementor-widget-text-editor\" data-id=\"e6b749f\" data-element_type=\"widget\" data-widget_type=\"text-editor.default\">\n\t\t\t\t<div class=\"elementor-widget-container\">\n\t\t\t\t\t\t\t\t\t<p><span style=\"font-weight: 400;\">Su destreza como diputada en el debate parlamentario con la oposici\u00f3n no es una leyenda<\/span><i><span style=\"font-weight: 400;\">. \u201cSus intervenciones en el Congreso fueron alabadas un\u00e1nimemente por la prensa de izquierda y republicana\u201d<\/span><\/i><span style=\"font-weight: 400;\">, constata Amor\u00f3s. <\/span><i><span style=\"font-weight: 400;\">\u201cElla preparaba siempre sus discursos. He tenido acceso a una gran cantidad de textos manuscritos que lo demuestran. Dolores no fue una intelectual, ni public\u00f3 textos te\u00f3ricos relevantes sobre marxismo o comunismo, pero era una <strong>dirigente con grandes cualidades y una gran propagandista, la mejor que tuvo el PCE<\/strong>\u201d<\/span><\/i><span style=\"font-weight: 400;\">.\u00a0<\/span><\/p><p><span style=\"font-weight: 400;\">De nuevo fue herida por los bajonazos que en el siglo pasado desangraron los ideales de justicia social y la esperanza de una Espa\u00f1a republicana de bienestar y progreso, de hombres y mujeres libres e iguales: el triunfo de los franquistas en la Guerra Civil, <strong>el obligado exilio<\/strong>, ver a Espa\u00f1a convertida <\/span><i><span style=\"font-weight: 400;\">\u201c<strong>en una inmensa c\u00e1rcel\u201d<\/strong><\/span><\/i><span style=\"font-weight: 400;\"> y, por si no bastara, el duro golpe que supuso la muerte de su hijo <strong>Rub\u00e9n<\/strong> (teniente del Ej\u00e9rcito Rojo) en septiembre de1942, en la batalla de Stalingrado con s\u00f3lo 22 a\u00f1os. Su pelo se torn\u00f3 blanco y aunque el dolor la acompa\u00f1ar\u00eda toda su vida, tambi\u00e9n la fortaleza, la resistencia, la dignidad. Nunca dej\u00f3 de abrirse al futuro. Durante su exilio en <strong>Mosc\u00fa<\/strong> jug\u00f3 un papel de representaci\u00f3n muy potente como secretaria general del PCE primero y como su presidenta a partir de 1959, como deja patente la obra de Amor\u00f3s.<\/span><\/p>\t\t\t\t\t\t\t\t<\/div>\n\t\t\t\t<\/div>\n\t\t\t\t\t<\/div>\n\t\t<\/div>\n\t\t\t\t\t<\/div>\n\t\t<\/section>\n\t\t\t\t<section class=\"elementor-section elementor-top-section elementor-element elementor-element-216bcd1 elementor-section-boxed elementor-section-height-default elementor-section-height-default\" data-id=\"216bcd1\" data-element_type=\"section\">\n\t\t\t\t\t\t<div class=\"elementor-container elementor-column-gap-default\">\n\t\t\t\t\t<div class=\"elementor-column elementor-col-100 elementor-top-column elementor-element elementor-element-90926df\" data-id=\"90926df\" data-element_type=\"column\">\n\t\t\t<div class=\"elementor-widget-wrap elementor-element-populated\">\n\t\t\t\t\t\t<div class=\"elementor-element elementor-element-1fc6ff5 elementor-widget elementor-widget-heading\" data-id=\"1fc6ff5\" data-element_type=\"widget\" data-widget_type=\"heading.default\">\n\t\t\t\t<div class=\"elementor-widget-container\">\n\t\t\t\t\t<h2 class=\"elementor-heading-title elementor-size-default\">\u201cSu \u00faltima gran contribuci\u00f3n fue la de llamar\na la unidad de los comunistas en el PCE\u201d\n\n\n\n<\/h2>\t\t\t\t<\/div>\n\t\t\t\t<\/div>\n\t\t\t\t\t<\/div>\n\t\t<\/div>\n\t\t\t\t\t<\/div>\n\t\t<\/section>\n\t\t\t\t<section class=\"elementor-section elementor-top-section elementor-element elementor-element-3913596 elementor-section-boxed elementor-section-height-default elementor-section-height-default\" data-id=\"3913596\" data-element_type=\"section\">\n\t\t\t\t\t\t<div class=\"elementor-container elementor-column-gap-default\">\n\t\t\t\t\t<div class=\"elementor-column elementor-col-100 elementor-top-column elementor-element elementor-element-1671c06\" data-id=\"1671c06\" data-element_type=\"column\">\n\t\t\t<div class=\"elementor-widget-wrap elementor-element-populated\">\n\t\t\t\t\t\t<div class=\"elementor-element elementor-element-f93021a elementor-widget elementor-widget-text-editor\" data-id=\"f93021a\" data-element_type=\"widget\" data-widget_type=\"text-editor.default\">\n\t\t\t\t<div class=\"elementor-widget-container\">\n\t\t\t\t\t\t\t\t\t<p><span style=\"font-weight: 400;\">El historiador no elude las sombras en la trayectoria de Pasionaria, v\u00edctima de su tiempo como lo somos todas las personas del que nos toca vivir. <\/span><i><span style=\"font-weight: 400;\">\u201cHay pasajes dif\u00edciles de la vida pol\u00edtica y personal de Dolores que abordo apoy\u00e1ndome en la documentaci\u00f3n hist\u00f3rica y contextualiz\u00e1ndolos en la \u00e9poca en la que suceden. En el libro cito discursos suyos muy duros contra el POUM, por ejemplo, e igualmente expongo su veneraci\u00f3n por Stalin, al que rindi\u00f3 un culto casi religioso, como todos los dirigentes y militantes del movimiento comunista internacional <strong>hasta 1956<\/strong>\u201d<\/span><\/i><span style=\"font-weight: 400;\">.<\/span><\/p><p><span style=\"font-weight: 400;\">Aquel a\u00f1o, 1956, se celebr\u00f3 el vig\u00e9simo Congreso del PCUS (Partido Comunista de la Uni\u00f3n Sovi\u00e9tica), en el que <strong>Nikita Jrushchov<\/strong> dio a conocer el alcance de los cr\u00edmenes de Stalin y el peligro del culto a la personalidad en un informe que tuvo un efecto demoledor en los partidos comunistas europeos, que en algunos casos como el brit\u00e1nico, como recuerda Amor\u00f3s, perdieron una parte importante de su militancia y el apoyo de muchos intelectuales. Desde entonces, Dolores nunca m\u00e1s volvi\u00f3 a citar a Stalin en ning\u00fan art\u00edculo o discurso p\u00fablico. <\/span><i><span style=\"font-weight: 400;\">\u201cFue la primera dirigente del PCE que conoci\u00f3 el contenido del informe. El impacto en ella fue enorme, tal y como lo record\u00f3 en septiembre de 1968, cuando se posicion\u00f3, junto con la direcci\u00f3n del PCE, <strong>contra la invasi\u00f3n de Checoslovaquia<\/strong> por tropas del Pacto de Varsovia\u201d<\/span><\/i><span style=\"font-weight: 400;\">. En sus memorias confes\u00f3 que tras leer el informe Jrushchov <\/span><i><span style=\"font-weight: 400;\">\u201cse me cayeron los palos del sombrajo\u201d<\/span><\/i><span style=\"font-weight: 400;\">, pero que <\/span><i><span style=\"font-weight: 400;\">\u201cera preferible conocer <\/span><\/i><span style=\"font-weight: 400;\">(la verdad)<\/span><i><span style=\"font-weight: 400;\"> que vivir en el error\u201d<\/span><\/i><span style=\"font-weight: 400;\">.<\/span><\/p>\t\t\t\t\t\t\t\t<\/div>\n\t\t\t\t<\/div>\n\t\t\t\t\t<\/div>\n\t\t<\/div>\n\t\t\t\t\t<\/div>\n\t\t<\/section>\n\t\t\t\t<section class=\"elementor-section elementor-top-section elementor-element elementor-element-b3b4d45 elementor-section-boxed elementor-section-height-default elementor-section-height-default\" data-id=\"b3b4d45\" data-element_type=\"section\">\n\t\t\t\t\t\t<div class=\"elementor-container elementor-column-gap-default\">\n\t\t\t\t\t<div class=\"elementor-column elementor-col-100 elementor-top-column elementor-element elementor-element-4095ba0\" data-id=\"4095ba0\" data-element_type=\"column\">\n\t\t\t<div class=\"elementor-widget-wrap elementor-element-populated\">\n\t\t\t\t\t\t<div class=\"elementor-element elementor-element-d967225 elementor-widget elementor-widget-heading\" data-id=\"d967225\" data-element_type=\"widget\" data-widget_type=\"heading.default\">\n\t\t\t\t<div class=\"elementor-widget-container\">\n\t\t\t\t\t<h2 class=\"elementor-heading-title elementor-size-default\">Las purgas del estalinismo alcanzaron a Irene Falc\u00f3n y a\nsu hermana Ketty. Dolores logr\u00f3 sacarlas a China\n\n\n\n<\/h2>\t\t\t\t<\/div>\n\t\t\t\t<\/div>\n\t\t\t\t\t<\/div>\n\t\t<\/div>\n\t\t\t\t\t<\/div>\n\t\t<\/section>\n\t\t\t\t<section class=\"elementor-section elementor-top-section elementor-element elementor-element-9124d01 elementor-section-boxed elementor-section-height-default elementor-section-height-default\" data-id=\"9124d01\" data-element_type=\"section\">\n\t\t\t\t\t\t<div class=\"elementor-container elementor-column-gap-default\">\n\t\t\t\t\t<div class=\"elementor-column elementor-col-100 elementor-top-column elementor-element elementor-element-fcf66d6\" data-id=\"fcf66d6\" data-element_type=\"column\">\n\t\t\t<div class=\"elementor-widget-wrap elementor-element-populated\">\n\t\t\t\t\t\t<div class=\"elementor-element elementor-element-6912120 elementor-widget elementor-widget-text-editor\" data-id=\"6912120\" data-element_type=\"widget\" data-widget_type=\"text-editor.default\">\n\t\t\t\t<div class=\"elementor-widget-container\">\n\t\t\t\t\t\t\t\t\t<p><span style=\"font-weight: 400;\">El mismo entorno de Pasionaria hab\u00eda sido v\u00edctima de las <strong>purgas de Stalin<\/strong>. Cuando en 1952 el dirigente checo <strong>Bedrich Geminder<\/strong>, expareja de Irene Falc\u00f3n, fue acusado de traici\u00f3n y condenado a muerte, el castigo alcanz\u00f3 tambi\u00e9n a Irene y a su hermana Ketty Levy, que fueron expulsadas del trabajo en <\/span><i><span style=\"font-weight: 400;\">La Pirenaica<\/span><\/i><span style=\"font-weight: 400;\">. Dolores, para protegerlas, logr\u00f3 sacarlas a China, donde trabajaron en las emisiones en espa\u00f1ol de Radio Pek\u00edn. Amor\u00f3s reproduce textualmente las palabras de Irene en sus memorias, <\/span><i><span style=\"font-weight: 400;\">\u201cporque es algo tan duro que prefiero que lo diga ella\u201d<\/span><\/i><span style=\"font-weight: 400;\">. Esto es lo que escribi\u00f3: <\/span><i><span style=\"font-weight: 400;\">\u201cSus cenizas <\/span><\/i><span style=\"font-weight: 400;\">(las de Geminder)<\/span><i><span style=\"font-weight: 400;\"> fueron esparcidas en una carretera cubierta de nieve en los alrededores de Praga. No qued\u00f3 rastro de la vida de estos comunistas ejemplares, con a\u00f1os de lucha y estudio\u201d.<\/span><\/i><\/p><p><span style=\"font-weight: 400;\">A su regreso a Espa\u00f1a, Dolores era ya una anciana de <strong>82 a\u00f1os<\/strong>. Mantuvo un papel discreto y demostr\u00f3 ser una mujer de partido. <\/span><i><span style=\"font-weight: 400;\">\u201cApoy\u00f3 siempre al secretario general y a la direcci\u00f3n del PCE. La gran \u00faltima contribuci\u00f3n de Dolores fue la de<strong> llamar a la unidad y a la militancia<\/strong> de los comunistas en el PCE. Eso dice mucho de su inteligencia pol\u00edtica y de su amor a la causa a la que entreg\u00f3 su vida\u201d<\/span><\/i><span style=\"font-weight: 400;\">, concluye el historiador.<\/span><\/p>\t\t\t\t\t\t\t\t<\/div>\n\t\t\t\t<\/div>\n\t\t\t\t\t<\/div>\n\t\t<\/div>\n\t\t\t\t\t<\/div>\n\t\t<\/section>\n\t\t\t\t<section class=\"elementor-section elementor-top-section elementor-element elementor-element-1ffe1be elementor-section-boxed elementor-section-height-default elementor-section-height-default\" data-id=\"1ffe1be\" data-element_type=\"section\">\n\t\t\t\t\t\t<div class=\"elementor-container elementor-column-gap-default\">\n\t\t\t\t\t<div class=\"elementor-column elementor-col-100 elementor-top-column elementor-element elementor-element-40a8dc3\" data-id=\"40a8dc3\" data-element_type=\"column\">\n\t\t\t<div class=\"elementor-widget-wrap elementor-element-populated\">\n\t\t\t\t\t\t<div class=\"elementor-element elementor-element-f6e5d75 elementor-widget-divider--view-line elementor-widget elementor-widget-divider\" data-id=\"f6e5d75\" data-element_type=\"widget\" data-widget_type=\"divider.default\">\n\t\t\t\t<div class=\"elementor-widget-container\">\n\t\t\t\t\t\t\t<div class=\"elementor-divider\">\n\t\t\t<span class=\"elementor-divider-separator\">\n\t\t\t\t\t\t<\/span>\n\t\t<\/div>\n\t\t\t\t\t\t<\/div>\n\t\t\t\t<\/div>\n\t\t\t\t\t<\/div>\n\t\t<\/div>\n\t\t\t\t\t<\/div>\n\t\t<\/section>\n\t\t\t\t<section class=\"elementor-section elementor-top-section elementor-element elementor-element-c933280 elementor-section-boxed elementor-section-height-default elementor-section-height-default\" data-id=\"c933280\" data-element_type=\"section\" data-settings=\"{&quot;background_background&quot;:&quot;classic&quot;}\">\n\t\t\t\t\t\t<div class=\"elementor-container elementor-column-gap-default\">\n\t\t\t\t\t<div class=\"elementor-column elementor-col-100 elementor-top-column elementor-element elementor-element-4d8a85c\" data-id=\"4d8a85c\" data-element_type=\"column\">\n\t\t\t<div class=\"elementor-widget-wrap elementor-element-populated\">\n\t\t\t\t\t\t<div class=\"elementor-element elementor-element-fc42d4f elementor-widget elementor-widget-heading\" data-id=\"fc42d4f\" data-element_type=\"widget\" data-widget_type=\"heading.default\">\n\t\t\t\t<div class=\"elementor-widget-container\">\n\t\t\t\t\t<h2 class=\"elementor-heading-title elementor-size-default\">Eco de l\u00e1grimas en su voz\n\n\n<\/h2>\t\t\t\t<\/div>\n\t\t\t\t<\/div>\n\t\t\t\t\t<\/div>\n\t\t<\/div>\n\t\t\t\t\t<\/div>\n\t\t<\/section>\n\t\t\t\t<section class=\"elementor-section elementor-top-section elementor-element elementor-element-71d3f18 elementor-section-boxed elementor-section-height-default elementor-section-height-default\" data-id=\"71d3f18\" data-element_type=\"section\">\n\t\t\t\t\t\t<div class=\"elementor-container elementor-column-gap-default\">\n\t\t\t\t\t<div class=\"elementor-column elementor-col-100 elementor-top-column elementor-element elementor-element-6be5f7c\" data-id=\"6be5f7c\" data-element_type=\"column\">\n\t\t\t<div class=\"elementor-widget-wrap elementor-element-populated\">\n\t\t\t\t\t\t<div class=\"elementor-element elementor-element-601f0af elementor-widget elementor-widget-text-editor\" data-id=\"601f0af\" data-element_type=\"widget\" data-widget_type=\"text-editor.default\">\n\t\t\t\t<div class=\"elementor-widget-container\">\n\t\t\t\t\t\t\t\t\t<p><span style=\"font-weight: 400;\">Dolores Ib\u00e1rruri proclam\u00f3 que <\/span><i><span style=\"font-weight: 400;\">\u201cser comunista significa luchar por los derechos y la igualdad de la mujer y contra las trabas feudales y prejuicios religiosos que han hecho de la mujer a trav\u00e9s de los siglos no s\u00f3lo esclava de la sociedad, sino la esclava del ego\u00edsmo de los hombres\u201d<\/span><\/i><span style=\"font-weight: 400;\">. Tambi\u00e9n se refiri\u00f3 a las mujeres <\/span><i><span style=\"font-weight: 400;\">\u201cobligadas por el imperativo de una sociedad y una moral absurdas a vender su cuerpo\u201d.<\/span><\/i><span style=\"font-weight: 400;\"> Como encargada, desde 1932, de la Secretar\u00eda Femenina del PCE promovi\u00f3 la incorporaci\u00f3n de las mujeres a la lucha pol\u00edtica y llam\u00f3 a la defensa de sus derechos en todos los \u00e1mbitos, en la sociedad, en el hogar, en el trabajo. <\/span><\/p>\t\t\t\t\t\t\t\t<\/div>\n\t\t\t\t<\/div>\n\t\t\t\t\t<\/div>\n\t\t<\/div>\n\t\t\t\t\t<\/div>\n\t\t<\/section>\n\t\t\t\t<section class=\"elementor-section elementor-top-section elementor-element elementor-element-9a01bb2 elementor-section-boxed elementor-section-height-default elementor-section-height-default\" data-id=\"9a01bb2\" data-element_type=\"section\">\n\t\t\t\t\t\t<div class=\"elementor-container elementor-column-gap-default\">\n\t\t\t\t\t<div class=\"elementor-column elementor-col-100 elementor-top-column elementor-element elementor-element-dcf1464\" data-id=\"dcf1464\" data-element_type=\"column\">\n\t\t\t<div class=\"elementor-widget-wrap elementor-element-populated\">\n\t\t\t\t\t\t<div class=\"elementor-element elementor-element-bb1ff7f elementor-widget elementor-widget-heading\" data-id=\"bb1ff7f\" data-element_type=\"widget\" data-widget_type=\"heading.default\">\n\t\t\t\t<div class=\"elementor-widget-container\">\n\t\t\t\t\t<h2 class=\"elementor-heading-title elementor-size-default\">\u201cHoy estar\u00eda feliz con los avances del\nMovimiento Feminista\u201d\n<\/h2>\t\t\t\t<\/div>\n\t\t\t\t<\/div>\n\t\t\t\t\t<\/div>\n\t\t<\/div>\n\t\t\t\t\t<\/div>\n\t\t<\/section>\n\t\t\t\t<section class=\"elementor-section elementor-top-section elementor-element elementor-element-6bfd841 elementor-section-boxed elementor-section-height-default elementor-section-height-default\" data-id=\"6bfd841\" data-element_type=\"section\">\n\t\t\t\t\t\t<div class=\"elementor-container elementor-column-gap-default\">\n\t\t\t\t\t<div class=\"elementor-column elementor-col-100 elementor-top-column elementor-element elementor-element-82b8e6a\" data-id=\"82b8e6a\" data-element_type=\"column\">\n\t\t\t<div class=\"elementor-widget-wrap elementor-element-populated\">\n\t\t\t\t\t\t<div class=\"elementor-element elementor-element-e7007e1 elementor-widget elementor-widget-text-editor\" data-id=\"e7007e1\" data-element_type=\"widget\" data-widget_type=\"text-editor.default\">\n\t\t\t\t<div class=\"elementor-widget-container\">\n\t\t\t\t\t\t\t\t\t<p><span style=\"font-weight: 400;\">En 1934, impuls\u00f3 la fundaci\u00f3n del Comit\u00e9 Nacional de Mujeres contra la Guerra y el Fascismo, que dos a\u00f1os despu\u00e9s se transform\u00f3 en la Agrupaci\u00f3n de Mujeres Antifascistas, y, desde 1945, fue vicepresidenta de la Federaci\u00f3n Internacional de Mujeres. En 1936 en una carta a la actriz sovi\u00e9tica Ksenia Sukhovskaia habla de que en su voz <\/span><i><span style=\"font-weight: 400;\">\u201cvibra el eco humedecido de las l\u00e1grimas de las madres, de las mujeres esclavizadas, humilladas, despreciadas, que no saben del re\u00edr y del gozar, que s\u00f3lo saben de las hieles del dolor y el sufrimiento&#8230;\u201d<\/span><\/i><span style=\"font-weight: 400;\">. Mario Amor\u00f3s destaca, adem\u00e1s, su memorable discurso en junio de 1947 en una reuni\u00f3n en Par\u00eds de la Uni\u00f3n de Mujeres Antifascistas Espa\u00f1olas. <\/span><i><span style=\"font-weight: 400;\">\u201cAunque Dolores rechazaba la etiqueta de feminista, porque consideraba que en la lucha de clases entran las reivindicaciones de las mujeres, hoy estar\u00eda feliz con los avances del Movimiento Feminista y de ver c\u00f3mo la izquierda pol\u00edtica y las Comisiones Obreras han incorporado las reivindicaciones del feminismo a las banderas cl\u00e1sicas del movimiento obrero\u201d<\/span><\/i><span style=\"font-weight: 400;\">, concluye.<\/span><\/p>\t\t\t\t\t\t\t\t<\/div>\n\t\t\t\t<\/div>\n\t\t\t\t\t<\/div>\n\t\t<\/div>\n\t\t\t\t\t<\/div>\n\t\t<\/section>\n\t\t\t\t<section class=\"elementor-section elementor-top-section elementor-element elementor-element-8c88cdc elementor-section-boxed elementor-section-height-default elementor-section-height-default\" data-id=\"8c88cdc\" data-element_type=\"section\">\n\t\t\t\t\t\t<div class=\"elementor-container elementor-column-gap-default\">\n\t\t\t\t\t<div class=\"elementor-column elementor-col-100 elementor-top-column elementor-element elementor-element-9fd0278\" data-id=\"9fd0278\" data-element_type=\"column\">\n\t\t\t<div class=\"elementor-widget-wrap elementor-element-populated\">\n\t\t\t\t\t\t<div class=\"elementor-element elementor-element-493efab elementor-widget-divider--view-line elementor-widget elementor-widget-divider\" data-id=\"493efab\" data-element_type=\"widget\" data-widget_type=\"divider.default\">\n\t\t\t\t<div class=\"elementor-widget-container\">\n\t\t\t\t\t\t\t<div class=\"elementor-divider\">\n\t\t\t<span class=\"elementor-divider-separator\">\n\t\t\t\t\t\t<\/span>\n\t\t<\/div>\n\t\t\t\t\t\t<\/div>\n\t\t\t\t<\/div>\n\t\t\t\t\t<\/div>\n\t\t<\/div>\n\t\t\t\t\t<\/div>\n\t\t<\/section>\n\t\t\t\t<section class=\"elementor-section elementor-top-section elementor-element elementor-element-bf96835 elementor-section-boxed elementor-section-height-default elementor-section-height-default\" data-id=\"bf96835\" data-element_type=\"section\">\n\t\t\t\t\t\t<div class=\"elementor-container elementor-column-gap-default\">\n\t\t\t\t\t<div class=\"elementor-column elementor-col-100 elementor-top-column elementor-element elementor-element-88a4642\" data-id=\"88a4642\" data-element_type=\"column\">\n\t\t\t<div class=\"elementor-widget-wrap elementor-element-populated\">\n\t\t\t\t\t\t<div class=\"elementor-element elementor-element-54abe6c elementor-position-left elementor-vertical-align-top elementor-widget elementor-widget-image-box\" data-id=\"54abe6c\" data-element_type=\"widget\" data-widget_type=\"image-box.default\">\n\t\t\t\t<div class=\"elementor-widget-container\">\n\t\t\t\t\t<div class=\"elementor-image-box-wrapper\"><figure class=\"elementor-image-box-img\"><a href=\"https:\/\/madridsindical.es\/archivo\/2021\/11\/12\/no-pasaran\/#01\" tabindex=\"-1\"><img decoding=\"async\" width=\"2000\" height=\"1264\" src=\"https:\/\/madridsindical.es\/archivo\/wp-content\/uploads\/2021\/11\/001IMG_0593.jpg\" class=\"attachment-full size-full wp-image-2883\" alt=\"\" srcset=\"https:\/\/madridsindical.es\/archivo\/wp-content\/uploads\/2021\/11\/001IMG_0593.jpg 2000w, https:\/\/madridsindical.es\/archivo\/wp-content\/uploads\/2021\/11\/001IMG_0593-300x190.jpg 300w, https:\/\/madridsindical.es\/archivo\/wp-content\/uploads\/2021\/11\/001IMG_0593-1024x647.jpg 1024w, https:\/\/madridsindical.es\/archivo\/wp-content\/uploads\/2021\/11\/001IMG_0593-768x485.jpg 768w, https:\/\/madridsindical.es\/archivo\/wp-content\/uploads\/2021\/11\/001IMG_0593-1536x971.jpg 1536w, https:\/\/madridsindical.es\/archivo\/wp-content\/uploads\/2021\/11\/001IMG_0593-465x294.jpg 465w, https:\/\/madridsindical.es\/archivo\/wp-content\/uploads\/2021\/11\/001IMG_0593-695x439.jpg 695w\" sizes=\"(max-width: 2000px) 100vw, 2000px\" \/><\/a><\/figure><div class=\"elementor-image-box-content\"><h3 class=\"elementor-image-box-title\"><a href=\"https:\/\/madridsindical.es\/archivo\/2021\/11\/12\/no-pasaran\/#01\">El deber de no olvidar<\/a><\/h3><p class=\"elementor-image-box-description\">Art\u00edculo de opini\u00f3n de Paloma L\u00f3pez, secretaria general de CCOO Madrid<\/p><\/div><\/div>\t\t\t\t<\/div>\n\t\t\t\t<\/div>\n\t\t\t\t\t<\/div>\n\t\t<\/div>\n\t\t\t\t\t<\/div>\n\t\t<\/section>\n\t\t\t\t<section class=\"elementor-section elementor-top-section elementor-element elementor-element-0734a24 elementor-section-boxed elementor-section-height-default elementor-section-height-default\" data-id=\"0734a24\" data-element_type=\"section\">\n\t\t\t\t\t\t<div class=\"elementor-container elementor-column-gap-default\">\n\t\t\t\t\t<div class=\"elementor-column elementor-col-100 elementor-top-column elementor-element elementor-element-dd19480\" data-id=\"dd19480\" data-element_type=\"column\">\n\t\t\t<div class=\"elementor-widget-wrap elementor-element-populated\">\n\t\t\t\t\t\t<div class=\"elementor-element elementor-element-7bb9d54 elementor-widget-divider--view-line elementor-widget elementor-widget-divider\" data-id=\"7bb9d54\" data-element_type=\"widget\" data-widget_type=\"divider.default\">\n\t\t\t\t<div class=\"elementor-widget-container\">\n\t\t\t\t\t\t\t<div class=\"elementor-divider\">\n\t\t\t<span class=\"elementor-divider-separator\">\n\t\t\t\t\t\t<\/span>\n\t\t<\/div>\n\t\t\t\t\t\t<\/div>\n\t\t\t\t<\/div>\n\t\t\t\t\t<\/div>\n\t\t<\/div>\n\t\t\t\t\t<\/div>\n\t\t<\/section>\n\t\t\t\t<section class=\"elementor-section elementor-top-section elementor-element elementor-element-7414144 elementor-section-boxed elementor-section-height-default elementor-section-height-default\" data-id=\"7414144\" data-element_type=\"section\">\n\t\t\t\t\t\t<div class=\"elementor-container elementor-column-gap-default\">\n\t\t\t\t\t<div class=\"elementor-column elementor-col-100 elementor-top-column elementor-element elementor-element-aa1879e\" data-id=\"aa1879e\" data-element_type=\"column\">\n\t\t\t<div class=\"elementor-widget-wrap elementor-element-populated\">\n\t\t\t\t\t\t<div class=\"elementor-element elementor-element-44d1af3 elementor-widget elementor-widget-text-editor\" data-id=\"44d1af3\" data-element_type=\"widget\" data-widget_type=\"text-editor.default\">\n\t\t\t\t<div class=\"elementor-widget-container\">\n\t\t\t\t\t\t\t\t\t<p><b>Nota: Todas las referencias hist\u00f3ricas y citas textuales que aparecen en este art\u00edculo proceden del libro <\/b><b><i>\u00a1No pasar\u00e1n! Biograf\u00eda de Dolores Ib\u00e1rruri, Pasionaria <\/i><\/b><b>y de la entrevista mantenida por Madrid Sindical con su autor, Mario Amor\u00f3s.<\/b><\/p>\t\t\t\t\t\t\t\t<\/div>\n\t\t\t\t<\/div>\n\t\t\t\t\t<\/div>\n\t\t<\/div>\n\t\t\t\t\t<\/div>\n\t\t<\/section>\n\t\t\t\t<\/div>\n\t\t","protected":false},"excerpt":{"rendered":"<p>\u201cPasionaria es un ejemplo luminoso de liberaci\u00f3n para todas las mujeres\u201d Desde su nacimiento en la localidad vizca\u00edna de Gallarta en 1895 hasta su muerte en Madrid en 1989, la biograf\u00eda de Pasionaria atraviesa gran parte de la dram\u00e1tica y esperanzada historia, tan de lucha y llena de ilusiones, del siglo XX. Herida por el patriarcado en sus aspiraciones de ser maestra, logr\u00f3 con su asombrosa fortaleza y talento innatos romper las cadenas que la<span class=\"more-link\"><a href=\"https:\/\/madridsindical.es\/archivo\/2021\/11\/12\/entrevista-al-historiador-mario-amoros-autor-de-no-pasaran-biografia-de-dolores-ibarruri-pasionaria\/\">Contin\u00faa leyendo<\/a><\/span><\/p>\n","protected":false},"author":1,"featured_media":2881,"comment_status":"closed","ping_status":"closed","sticky":false,"template":"","format":"standard","meta":{"footnotes":""},"categories":[3],"tags":[47],"class_list":["entry","author-madridsindical","post-2931","post","type-post","status-publish","format-standard","has-post-thumbnail","category-entrevistas","tag-archivo"],"aioseo_notices":[],"_links":{"self":[{"href":"https:\/\/madridsindical.es\/archivo\/wp-json\/wp\/v2\/posts\/2931","targetHints":{"allow":["GET"]}}],"collection":[{"href":"https:\/\/madridsindical.es\/archivo\/wp-json\/wp\/v2\/posts"}],"about":[{"href":"https:\/\/madridsindical.es\/archivo\/wp-json\/wp\/v2\/types\/post"}],"author":[{"embeddable":true,"href":"https:\/\/madridsindical.es\/archivo\/wp-json\/wp\/v2\/users\/1"}],"replies":[{"embeddable":true,"href":"https:\/\/madridsindical.es\/archivo\/wp-json\/wp\/v2\/comments?post=2931"}],"version-history":[{"count":23,"href":"https:\/\/madridsindical.es\/archivo\/wp-json\/wp\/v2\/posts\/2931\/revisions"}],"predecessor-version":[{"id":3687,"href":"https:\/\/madridsindical.es\/archivo\/wp-json\/wp\/v2\/posts\/2931\/revisions\/3687"}],"wp:featuredmedia":[{"embeddable":true,"href":"https:\/\/madridsindical.es\/archivo\/wp-json\/wp\/v2\/media\/2881"}],"wp:attachment":[{"href":"https:\/\/madridsindical.es\/archivo\/wp-json\/wp\/v2\/media?parent=2931"}],"wp:term":[{"taxonomy":"category","embeddable":true,"href":"https:\/\/madridsindical.es\/archivo\/wp-json\/wp\/v2\/categories?post=2931"},{"taxonomy":"post_tag","embeddable":true,"href":"https:\/\/madridsindical.es\/archivo\/wp-json\/wp\/v2\/tags?post=2931"}],"curies":[{"name":"wp","href":"https:\/\/api.w.org\/{rel}","templated":true}]}}