{"id":2884,"date":"2021-11-12T07:16:07","date_gmt":"2021-11-12T07:16:07","guid":{"rendered":"https:\/\/madridsindical.es\/archivo\/?p=2884"},"modified":"2025-11-06T10:49:23","modified_gmt":"2025-11-06T10:49:23","slug":"no-pasaran","status":"publish","type":"post","link":"https:\/\/madridsindical.es\/archivo\/2021\/11\/12\/no-pasaran\/","title":{"rendered":"Dolores Ib\u00e1rruri, Pasionaria: icono de la lucha antifascista del siglo XX"},"content":{"rendered":"\t\t<div data-elementor-type=\"wp-post\" data-elementor-id=\"2884\" class=\"elementor elementor-2884\">\n\t\t\t\t\t\t<section class=\"elementor-section elementor-top-section elementor-element elementor-element-6d7d763 elementor-section-boxed elementor-section-height-default elementor-section-height-default\" data-id=\"6d7d763\" data-element_type=\"section\">\n\t\t\t\t\t\t<div class=\"elementor-container elementor-column-gap-default\">\n\t\t\t\t\t<div class=\"elementor-column elementor-col-100 elementor-top-column elementor-element elementor-element-56578c0\" data-id=\"56578c0\" data-element_type=\"column\">\n\t\t\t<div class=\"elementor-widget-wrap elementor-element-populated\">\n\t\t\t\t\t\t<div class=\"elementor-element elementor-element-596ed0c elementor-widget elementor-widget-heading\" data-id=\"596ed0c\" data-element_type=\"widget\" data-widget_type=\"heading.default\">\n\t\t\t\t<div class=\"elementor-widget-container\">\n\t\t\t\t\t<h2 class=\"elementor-heading-title elementor-size-default\">No pasar\u00e1n<\/h2>\t\t\t\t<\/div>\n\t\t\t\t<\/div>\n\t\t\t\t\t<\/div>\n\t\t<\/div>\n\t\t\t\t\t<\/div>\n\t\t<\/section>\n\t\t\t\t<section class=\"elementor-section elementor-top-section elementor-element elementor-element-6c0c954 elementor-section-boxed elementor-section-height-default elementor-section-height-default\" data-id=\"6c0c954\" data-element_type=\"section\">\n\t\t\t\t\t\t<div class=\"elementor-container elementor-column-gap-default\">\n\t\t\t\t\t<div class=\"elementor-column elementor-col-100 elementor-top-column elementor-element elementor-element-c8f6117\" data-id=\"c8f6117\" data-element_type=\"column\">\n\t\t\t<div class=\"elementor-widget-wrap elementor-element-populated\">\n\t\t\t\t\t\t<div class=\"elementor-element elementor-element-2695b30 elementor-widget elementor-widget-text-editor\" data-id=\"2695b30\" data-element_type=\"widget\" data-widget_type=\"text-editor.default\">\n\t\t\t\t<div class=\"elementor-widget-container\">\n\t\t\t\t\t\t\t\t\t<p style=\"text-align: center;\">Entrevista a Mario Amor\u00f3s, autor de \u00abNo pasar\u00e1n. Biograf\u00eda de Dolores Ib\u00e1rruri, Pasionaria\u00bb<\/p>\t\t\t\t\t\t\t\t<\/div>\n\t\t\t\t<\/div>\n\t\t\t\t\t<\/div>\n\t\t<\/div>\n\t\t\t\t\t<\/div>\n\t\t<\/section>\n\t\t\t\t<section class=\"elementor-section elementor-top-section elementor-element elementor-element-cca81a3 elementor-section-boxed elementor-section-height-default elementor-section-height-default\" data-id=\"cca81a3\" data-element_type=\"section\">\n\t\t\t\t\t\t<div class=\"elementor-container elementor-column-gap-default\">\n\t\t\t\t\t<div class=\"elementor-column elementor-col-100 elementor-top-column elementor-element elementor-element-70fc43d\" data-id=\"70fc43d\" data-element_type=\"column\">\n\t\t\t<div class=\"elementor-widget-wrap elementor-element-populated\">\n\t\t\t\t\t\t<div class=\"elementor-element elementor-element-47e217f elementor-widget elementor-widget-video\" data-id=\"47e217f\" data-element_type=\"widget\" data-settings=\"{&quot;youtube_url&quot;:&quot;https:\\\/\\\/www.youtube.com\\\/watch?v=ngQoc3Ol4eQ&amp;t=6s&quot;,&quot;video_type&quot;:&quot;youtube&quot;,&quot;controls&quot;:&quot;yes&quot;}\" data-widget_type=\"video.default\">\n\t\t\t\t<div class=\"elementor-widget-container\">\n\t\t\t\t\t\t\t<div class=\"elementor-wrapper elementor-open-inline\">\n\t\t\t<div class=\"elementor-video\"><\/div>\t\t<\/div>\n\t\t\t\t\t\t<\/div>\n\t\t\t\t<\/div>\n\t\t\t\t\t<\/div>\n\t\t<\/div>\n\t\t\t\t\t<\/div>\n\t\t<\/section>\n\t\t\t\t<section class=\"elementor-section elementor-top-section elementor-element elementor-element-7c54be5 elementor-section-boxed elementor-section-height-default elementor-section-height-default\" data-id=\"7c54be5\" data-element_type=\"section\">\n\t\t\t\t\t\t<div class=\"elementor-container elementor-column-gap-default\">\n\t\t\t\t\t<div class=\"elementor-column elementor-col-100 elementor-top-column elementor-element elementor-element-d147779\" data-id=\"d147779\" data-element_type=\"column\">\n\t\t\t<div class=\"elementor-widget-wrap elementor-element-populated\">\n\t\t\t\t\t\t<div class=\"elementor-element elementor-element-1acce36 elementor-widget elementor-widget-text-editor\" data-id=\"1acce36\" data-element_type=\"widget\" data-widget_type=\"text-editor.default\">\n\t\t\t\t<div class=\"elementor-widget-container\">\n\t\t\t\t\t\t\t\t\t<p>Cuando se cumple el centenario de la fundaci\u00f3n del <strong>Partido Comunista de Espa\u00f1a<\/strong>, repasamos de la mano del historiador <strong>Mario Amor\u00f3s<\/strong> la vida de quien fue su secretaria general y presidenta: <strong>Dolores Ib\u00e1rruri, <em>Pasionaria<\/em><\/strong>, uno de los m\u00e1s grandes iconos de la historia de Espa\u00f1a del siglo XX. Ma\u00f1ana publicamos la entrevista y hoy un avance en v\u00eddeo de la misma.\u00a0<\/p><p>Tambi\u00e9n <strong>Paloma L\u00f3pez<\/strong>, secretaria general de CCOO Madrid, nos recuerda el deber de no olvidar a las mujeres y hombres comunistas y de CCOO que lucharon por la democracia, por la libertad y por los derechos de la clase obrera.<\/p>\t\t\t\t\t\t\t\t<\/div>\n\t\t\t\t<\/div>\n\t\t\t\t\t<\/div>\n\t\t<\/div>\n\t\t\t\t\t<\/div>\n\t\t<\/section>\n\t\t\t\t<section class=\"elementor-section elementor-top-section elementor-element elementor-element-5147e1d elementor-section-boxed elementor-section-height-default elementor-section-height-default\" data-id=\"5147e1d\" data-element_type=\"section\">\n\t\t\t\t\t\t<div class=\"elementor-container elementor-column-gap-default\">\n\t\t\t\t\t<div class=\"elementor-column elementor-col-100 elementor-top-column elementor-element elementor-element-38fc7e0\" data-id=\"38fc7e0\" data-element_type=\"column\">\n\t\t\t<div class=\"elementor-widget-wrap elementor-element-populated\">\n\t\t\t\t\t\t<div class=\"elementor-element elementor-element-2c545c8 elementor-widget-divider--view-line elementor-widget elementor-widget-divider\" data-id=\"2c545c8\" data-element_type=\"widget\" data-widget_type=\"divider.default\">\n\t\t\t\t<div class=\"elementor-widget-container\">\n\t\t\t\t\t\t\t<div class=\"elementor-divider\">\n\t\t\t<span class=\"elementor-divider-separator\">\n\t\t\t\t\t\t<\/span>\n\t\t<\/div>\n\t\t\t\t\t\t<\/div>\n\t\t\t\t<\/div>\n\t\t\t\t\t<\/div>\n\t\t<\/div>\n\t\t\t\t\t<\/div>\n\t\t<\/section>\n\t\t\t\t<section class=\"elementor-section elementor-top-section elementor-element elementor-element-4ddde18 elementor-section-boxed elementor-section-height-default elementor-section-height-default\" data-id=\"4ddde18\" data-element_type=\"section\">\n\t\t\t\t\t\t<div class=\"elementor-container elementor-column-gap-default\">\n\t\t\t\t\t<div class=\"elementor-column elementor-col-100 elementor-top-column elementor-element elementor-element-07b64d7\" data-id=\"07b64d7\" data-element_type=\"column\">\n\t\t\t<div class=\"elementor-widget-wrap elementor-element-populated\">\n\t\t\t\t\t\t<div class=\"elementor-element elementor-element-592d742 elementor-widget elementor-widget-menu-anchor\" data-id=\"592d742\" data-element_type=\"widget\" data-widget_type=\"menu-anchor.default\">\n\t\t\t\t<div class=\"elementor-widget-container\">\n\t\t\t\t\t\t\t<div class=\"elementor-menu-anchor\" id=\"01\"><\/div>\n\t\t\t\t\t\t<\/div>\n\t\t\t\t<\/div>\n\t\t\t\t\t<\/div>\n\t\t<\/div>\n\t\t\t\t\t<\/div>\n\t\t<\/section>\n\t\t\t\t<section class=\"elementor-section elementor-top-section elementor-element elementor-element-2531e3e elementor-section-boxed elementor-section-height-default elementor-section-height-default\" data-id=\"2531e3e\" data-element_type=\"section\">\n\t\t\t\t\t\t<div class=\"elementor-container elementor-column-gap-default\">\n\t\t\t\t\t<div class=\"elementor-column elementor-col-100 elementor-top-column elementor-element elementor-element-1c6e75c\" data-id=\"1c6e75c\" data-element_type=\"column\">\n\t\t\t<div class=\"elementor-widget-wrap elementor-element-populated\">\n\t\t\t\t\t\t<div class=\"elementor-element elementor-element-427c58f elementor-widget elementor-widget-button\" data-id=\"427c58f\" data-element_type=\"widget\" data-widget_type=\"button.default\">\n\t\t\t\t<div class=\"elementor-widget-container\">\n\t\t\t\t\t\t\t\t\t<div class=\"elementor-button-wrapper\">\n\t\t\t\t\t<a class=\"elementor-button elementor-size-xs\" role=\"button\">\n\t\t\t\t\t\t<span class=\"elementor-button-content-wrapper\">\n\t\t\t\t\t\t\t\t\t<span class=\"elementor-button-text\">Opini\u00f3n<\/span>\n\t\t\t\t\t<\/span>\n\t\t\t\t\t<\/a>\n\t\t\t\t<\/div>\n\t\t\t\t\t\t\t\t<\/div>\n\t\t\t\t<\/div>\n\t\t\t\t\t<\/div>\n\t\t<\/div>\n\t\t\t\t\t<\/div>\n\t\t<\/section>\n\t\t\t\t<section class=\"elementor-section elementor-top-section elementor-element elementor-element-cc5dbdd elementor-section-boxed elementor-section-height-default elementor-section-height-default\" data-id=\"cc5dbdd\" data-element_type=\"section\">\n\t\t\t\t\t\t<div class=\"elementor-container elementor-column-gap-default\">\n\t\t\t\t\t<div class=\"elementor-column elementor-col-100 elementor-top-column elementor-element elementor-element-d0b8c66\" data-id=\"d0b8c66\" data-element_type=\"column\">\n\t\t\t<div class=\"elementor-widget-wrap elementor-element-populated\">\n\t\t\t\t\t\t<div class=\"elementor-element elementor-element-6f16b0e elementor-widget elementor-widget-heading\" data-id=\"6f16b0e\" data-element_type=\"widget\" data-widget_type=\"heading.default\">\n\t\t\t\t<div class=\"elementor-widget-container\">\n\t\t\t\t\t<h2 class=\"elementor-heading-title elementor-size-default\">El deber de no olvidar<\/h2>\t\t\t\t<\/div>\n\t\t\t\t<\/div>\n\t\t\t\t\t<\/div>\n\t\t<\/div>\n\t\t\t\t\t<\/div>\n\t\t<\/section>\n\t\t\t\t<section class=\"elementor-section elementor-top-section elementor-element elementor-element-3a04c82 elementor-section-boxed elementor-section-height-default elementor-section-height-default\" data-id=\"3a04c82\" data-element_type=\"section\">\n\t\t\t\t\t\t<div class=\"elementor-container elementor-column-gap-default\">\n\t\t\t\t\t<div class=\"elementor-column elementor-col-100 elementor-top-column elementor-element elementor-element-4e34407\" data-id=\"4e34407\" data-element_type=\"column\">\n\t\t\t<div class=\"elementor-widget-wrap elementor-element-populated\">\n\t\t\t\t\t\t<section class=\"elementor-section elementor-inner-section elementor-element elementor-element-70d9b80 elementor-section-boxed elementor-section-height-default elementor-section-height-default\" data-id=\"70d9b80\" data-element_type=\"section\">\n\t\t\t\t\t\t<div class=\"elementor-container elementor-column-gap-default\">\n\t\t\t\t\t<div class=\"elementor-column elementor-col-50 elementor-inner-column elementor-element elementor-element-2de7002\" data-id=\"2de7002\" data-element_type=\"column\">\n\t\t\t<div class=\"elementor-widget-wrap elementor-element-populated\">\n\t\t\t\t\t\t<div class=\"elementor-element elementor-element-bede0c2 elementor-widget elementor-widget-text-editor\" data-id=\"bede0c2\" data-element_type=\"widget\" data-widget_type=\"text-editor.default\">\n\t\t\t\t<div class=\"elementor-widget-container\">\n\t\t\t\t\t\t\t\t\t<p><strong>Paloma L\u00f3pez, Secretaria General de CCOO de Madrid<\/strong><\/p>\t\t\t\t\t\t\t\t<\/div>\n\t\t\t\t<\/div>\n\t\t\t\t<div class=\"elementor-element elementor-element-43c1cb3 elementor-widget elementor-widget-text-editor\" data-id=\"43c1cb3\" data-element_type=\"widget\" data-widget_type=\"text-editor.default\">\n\t\t\t\t<div class=\"elementor-widget-container\">\n\t\t\t\t\t\t\t\t\t<p><span style=\"font-weight: 400;\">Dos circunstancias excepcionales y relacionadas entre s\u00ed coinciden cuando se cumplen cien a\u00f1os del nacimiento del Partido Comunista de Espa\u00f1a (PCE). Una, que por primera vez desde la Segunda Rep\u00fablica hay hombres y mujeres comunistas sentados en el Consejo de Ministros, y otra, una incitaci\u00f3n al odio como no se ve\u00eda desde hace much\u00edsimos a\u00f1os contra los partidos y sindicatos que representan y defienden los intereses de la clase trabajadora.\u00a0<\/span><\/p>\t\t\t\t\t\t\t\t<\/div>\n\t\t\t\t<\/div>\n\t\t\t\t\t<\/div>\n\t\t<\/div>\n\t\t\t\t<div class=\"elementor-column elementor-col-50 elementor-inner-column elementor-element elementor-element-cc5eb52\" data-id=\"cc5eb52\" data-element_type=\"column\">\n\t\t\t<div class=\"elementor-widget-wrap elementor-element-populated\">\n\t\t\t\t\t\t<div class=\"elementor-element elementor-element-27b16b3 elementor-widget elementor-widget-image\" data-id=\"27b16b3\" data-element_type=\"widget\" data-widget_type=\"image.default\">\n\t\t\t\t<div class=\"elementor-widget-container\">\n\t\t\t\t\t\t\t\t\t\t\t\t\t\t\t<img fetchpriority=\"high\" decoding=\"async\" width=\"1024\" height=\"647\" src=\"https:\/\/madridsindical.es\/archivo\/wp-content\/uploads\/2021\/11\/001IMG_0593-1024x647.jpg\" class=\"attachment-large size-large wp-image-2883\" alt=\"\" srcset=\"https:\/\/madridsindical.es\/archivo\/wp-content\/uploads\/2021\/11\/001IMG_0593-1024x647.jpg 1024w, https:\/\/madridsindical.es\/archivo\/wp-content\/uploads\/2021\/11\/001IMG_0593-300x190.jpg 300w, https:\/\/madridsindical.es\/archivo\/wp-content\/uploads\/2021\/11\/001IMG_0593-768x485.jpg 768w, https:\/\/madridsindical.es\/archivo\/wp-content\/uploads\/2021\/11\/001IMG_0593-1536x971.jpg 1536w, https:\/\/madridsindical.es\/archivo\/wp-content\/uploads\/2021\/11\/001IMG_0593-465x294.jpg 465w, https:\/\/madridsindical.es\/archivo\/wp-content\/uploads\/2021\/11\/001IMG_0593-695x439.jpg 695w, https:\/\/madridsindical.es\/archivo\/wp-content\/uploads\/2021\/11\/001IMG_0593.jpg 2000w\" sizes=\"(max-width: 1024px) 100vw, 1024px\" \/>\t\t\t\t\t\t\t\t\t\t\t\t\t\t\t<\/div>\n\t\t\t\t<\/div>\n\t\t\t\t\t<\/div>\n\t\t<\/div>\n\t\t\t\t\t<\/div>\n\t\t<\/section>\n\t\t\t\t\t<\/div>\n\t\t<\/div>\n\t\t\t\t\t<\/div>\n\t\t<\/section>\n\t\t\t\t<section class=\"elementor-section elementor-top-section elementor-element elementor-element-52cd536 elementor-section-boxed elementor-section-height-default elementor-section-height-default\" data-id=\"52cd536\" data-element_type=\"section\">\n\t\t\t\t\t\t<div class=\"elementor-container elementor-column-gap-default\">\n\t\t\t\t\t<div class=\"elementor-column elementor-col-100 elementor-top-column elementor-element elementor-element-aab3218\" data-id=\"aab3218\" data-element_type=\"column\">\n\t\t\t<div class=\"elementor-widget-wrap elementor-element-populated\">\n\t\t\t\t\t\t<div class=\"elementor-element elementor-element-470ccf7 elementor-widget elementor-widget-text-editor\" data-id=\"470ccf7\" data-element_type=\"widget\" data-widget_type=\"text-editor.default\">\n\t\t\t\t<div class=\"elementor-widget-container\">\n\t\t\t\t\t\t\t\t\t<h4><em><strong>Por primera vez desde la II Rep\u00fablica, hombres y mujeres comunistas se sientan en el Consejo de Ministros<\/strong><\/em><\/h4>\t\t\t\t\t\t\t\t<\/div>\n\t\t\t\t<\/div>\n\t\t\t\t\t<\/div>\n\t\t<\/div>\n\t\t\t\t\t<\/div>\n\t\t<\/section>\n\t\t\t\t<section class=\"elementor-section elementor-top-section elementor-element elementor-element-0e45f94 elementor-section-boxed elementor-section-height-default elementor-section-height-default\" data-id=\"0e45f94\" data-element_type=\"section\">\n\t\t\t\t\t\t<div class=\"elementor-container elementor-column-gap-default\">\n\t\t\t\t\t<div class=\"elementor-column elementor-col-100 elementor-top-column elementor-element elementor-element-c7a9211\" data-id=\"c7a9211\" data-element_type=\"column\">\n\t\t\t<div class=\"elementor-widget-wrap elementor-element-populated\">\n\t\t\t\t\t\t<div class=\"elementor-element elementor-element-a9f72ac elementor-widget elementor-widget-text-editor\" data-id=\"a9f72ac\" data-element_type=\"widget\" data-widget_type=\"text-editor.default\">\n\t\t\t\t<div class=\"elementor-widget-container\">\n\t\t\t\t\t\t\t\t\t<p><span style=\"font-weight: 400;\">Es un hostigamiento in crescendo, calumnioso, premeditado y organizado desde una ultraderecha\u00a0 que \u00faltimamente se define como \u201cmovimiento\u201d y que hace continua apolog\u00eda de la dictadura franquista.\u00a0\u00a0 Una ultraderecha que representa a la \u00e9lite que hist\u00f3ricamente ha gozado de todo tipo de privilegios, que sigue creyendo que Espa\u00f1a es suya, a la que le molestan los impuestos con los que se financian los servicios p\u00fablicos y acostumbrada a disponer de mano de obra barata, de ah\u00ed que perciba como amenaza cualquier mejora laboral para las trabajadoras y trabajadores.<\/span><\/p>\t\t\t\t\t\t\t\t<\/div>\n\t\t\t\t<\/div>\n\t\t\t\t\t<\/div>\n\t\t<\/div>\n\t\t\t\t\t<\/div>\n\t\t<\/section>\n\t\t\t\t<section class=\"elementor-section elementor-top-section elementor-element elementor-element-80014eb elementor-section-boxed elementor-section-height-default elementor-section-height-default\" data-id=\"80014eb\" data-element_type=\"section\">\n\t\t\t\t\t\t<div class=\"elementor-container elementor-column-gap-default\">\n\t\t\t\t\t<div class=\"elementor-column elementor-col-100 elementor-top-column elementor-element elementor-element-5481f94\" data-id=\"5481f94\" data-element_type=\"column\">\n\t\t\t<div class=\"elementor-widget-wrap elementor-element-populated\">\n\t\t\t\t\t\t<div class=\"elementor-element elementor-element-8bcca0b elementor-widget elementor-widget-text-editor\" data-id=\"8bcca0b\" data-element_type=\"widget\" data-widget_type=\"text-editor.default\">\n\t\t\t\t<div class=\"elementor-widget-container\">\n\t\t\t\t\t\t\t\t\t<h4><em><strong>\u00abHoy ya no somos nosotros solo, hay millones, son las Comisiones Obreras\u00bb<\/strong><\/em><\/h4>\t\t\t\t\t\t\t\t<\/div>\n\t\t\t\t<\/div>\n\t\t\t\t\t<\/div>\n\t\t<\/div>\n\t\t\t\t\t<\/div>\n\t\t<\/section>\n\t\t\t\t<section class=\"elementor-section elementor-top-section elementor-element elementor-element-41db12a elementor-section-boxed elementor-section-height-default elementor-section-height-default\" data-id=\"41db12a\" data-element_type=\"section\">\n\t\t\t\t\t\t<div class=\"elementor-container elementor-column-gap-default\">\n\t\t\t\t\t<div class=\"elementor-column elementor-col-100 elementor-top-column elementor-element elementor-element-1fd32ae\" data-id=\"1fd32ae\" data-element_type=\"column\">\n\t\t\t<div class=\"elementor-widget-wrap elementor-element-populated\">\n\t\t\t\t\t\t<div class=\"elementor-element elementor-element-d230491 elementor-widget elementor-widget-text-editor\" data-id=\"d230491\" data-element_type=\"widget\" data-widget_type=\"text-editor.default\">\n\t\t\t\t<div class=\"elementor-widget-container\">\n\t\t\t\t\t\t\t\t\t<p><span style=\"font-weight: 400;\">Y coincide el centenario del PCE con la publicaci\u00f3n de una nueva y completa biograf\u00eda de quien fue su secretaria general y presidenta, Dolores Ib\u00e1rruri, <\/span><i><span style=\"font-weight: 400;\">Pasionaria<\/span><\/i><span style=\"font-weight: 400;\">, con el t\u00edtulo de <\/span><i><span style=\"font-weight: 400;\">\u00a1No Pasar\u00e1n!<\/span><\/i><span style=\"font-weight: 400;\"> (Ediciones Akal), del historiador Mario Amor\u00f3s. Desde sus primeros pasos en la actividad pol\u00edtica, <\/span><i><span style=\"font-weight: 400;\">Pasionaria<\/span><\/i><span style=\"font-weight: 400;\"> entendi\u00f3 enseguida la importancia de crear conciencia de clase\u00a0 para involucrar a todas las trabajadoras y trabajadores en la lucha colectiva por la libertad, la igualdad entre hombres y mujeres, la cultura, el progreso, el bienestar, la justicia social, en la lucha, en definitiva, por una patria com\u00fan y no solo de un grupo social que nos impuso un rancio y patriarcal sistema de valores y creencias que todav\u00eda, a estas alturas, pretende sagrado e inamovible. Con su indiscutible talento e intuici\u00f3n pol\u00edtica, <\/span><i><span style=\"font-weight: 400;\">Pasionaria <\/span><\/i><span style=\"font-weight: 400;\">abog\u00f3 por la unidad de la izquierda y de todas las fuerzas dem\u00f3cratas como requisito fundamental para hacer frente al fascismo.\u00a0<\/span><\/p>\t\t\t\t\t\t\t\t<\/div>\n\t\t\t\t<\/div>\n\t\t\t\t\t<\/div>\n\t\t<\/div>\n\t\t\t\t\t<\/div>\n\t\t<\/section>\n\t\t\t\t<section class=\"elementor-section elementor-top-section elementor-element elementor-element-2a83217 elementor-section-boxed elementor-section-height-default elementor-section-height-default\" data-id=\"2a83217\" data-element_type=\"section\">\n\t\t\t\t\t\t<div class=\"elementor-container elementor-column-gap-default\">\n\t\t\t\t\t<div class=\"elementor-column elementor-col-100 elementor-top-column elementor-element elementor-element-24d1bed\" data-id=\"24d1bed\" data-element_type=\"column\">\n\t\t\t<div class=\"elementor-widget-wrap elementor-element-populated\">\n\t\t\t\t\t\t<div class=\"elementor-element elementor-element-050f901 elementor-widget elementor-widget-text-editor\" data-id=\"050f901\" data-element_type=\"widget\" data-widget_type=\"text-editor.default\">\n\t\t\t\t<div class=\"elementor-widget-container\">\n\t\t\t\t\t\t\t\t\t<h4><em><strong>El hostigamiento de la ultraderecha contra la izquierda y los sindicatos va in crescendo y es calumnioso y premeditado<\/strong><\/em><\/h4>\t\t\t\t\t\t\t\t<\/div>\n\t\t\t\t<\/div>\n\t\t\t\t\t<\/div>\n\t\t<\/div>\n\t\t\t\t\t<\/div>\n\t\t<\/section>\n\t\t\t\t<section class=\"elementor-section elementor-top-section elementor-element elementor-element-01d0988 elementor-section-boxed elementor-section-height-default elementor-section-height-default\" data-id=\"01d0988\" data-element_type=\"section\">\n\t\t\t\t\t\t<div class=\"elementor-container elementor-column-gap-default\">\n\t\t\t\t\t<div class=\"elementor-column elementor-col-100 elementor-top-column elementor-element elementor-element-14802ae\" data-id=\"14802ae\" data-element_type=\"column\">\n\t\t\t<div class=\"elementor-widget-wrap elementor-element-populated\">\n\t\t\t\t\t\t<div class=\"elementor-element elementor-element-0bf9543 elementor-widget elementor-widget-text-editor\" data-id=\"0bf9543\" data-element_type=\"widget\" data-widget_type=\"text-editor.default\">\n\t\t\t\t<div class=\"elementor-widget-container\">\n\t\t\t\t\t\t\t\t\t<p><span style=\"font-weight: 400;\">En algunos de sus discursos expresa la trascendencia del crecimiento de las Comisiones Obreras a finales de los a\u00f1os sesenta. <\/span><i><span style=\"font-weight: 400;\">\u201cHoy ya no somos nosotros solos, son millones, son las Comisiones Obreras, son los estudiantes, son los intelectuales, son los socialistas, son los republicanos, son los dem\u00f3cratas, e incluso los mon\u00e1rquicos luchan a su manera, pero luchan tambi\u00e9n contra el r\u00e9gimen\u201d<\/span><\/i><span style=\"font-weight: 400;\">, manifest\u00f3 en septiembre de 1968 en una reuni\u00f3n del Comit\u00e9 Central del PCE. Y qu\u00e9 alegr\u00eda se llev\u00f3 en junio de 1971 por el triunfo en las elecciones sindicales en RENFE y TVE de <\/span><i><span style=\"font-weight: 400;\">\u201cestas Comisiones Obreras que son una fuerza nacional y representan el futuro sindical de Espa\u00f1a\u201d<\/span><\/i><span style=\"font-weight: 400;\">. Tampoco se olvidaba de denunciar la feroz persecuci\u00f3n a la que el franquismo somet\u00eda a los l\u00edderes de CCOO. En sus m\u00edtines hay frecuentes alusiones a Marcerlino Camacho, a Juli\u00e1n Ariza, a Manuel Garc\u00eda \u2018Otones\u2019, a Eduardo Saborido y a todos los encausados en el Proceso 1001.\u00a0<\/span><\/p>\t\t\t\t\t\t\t\t<\/div>\n\t\t\t\t<\/div>\n\t\t\t\t\t<\/div>\n\t\t<\/div>\n\t\t\t\t\t<\/div>\n\t\t<\/section>\n\t\t\t\t<section class=\"elementor-section elementor-top-section elementor-element elementor-element-5a67156 elementor-section-boxed elementor-section-height-default elementor-section-height-default\" data-id=\"5a67156\" data-element_type=\"section\">\n\t\t\t\t\t\t<div class=\"elementor-container elementor-column-gap-default\">\n\t\t\t\t\t<div class=\"elementor-column elementor-col-100 elementor-top-column elementor-element elementor-element-d84644d\" data-id=\"d84644d\" data-element_type=\"column\">\n\t\t\t<div class=\"elementor-widget-wrap elementor-element-populated\">\n\t\t\t\t\t\t<div class=\"elementor-element elementor-element-abedc45 elementor-widget elementor-widget-text-editor\" data-id=\"abedc45\" data-element_type=\"widget\" data-widget_type=\"text-editor.default\">\n\t\t\t\t<div class=\"elementor-widget-container\">\n\t\t\t\t\t\t\t\t\t<h4><em><strong>Conciencia de clase y unidad, las dos claves de Pasionaria para involucrar a la clase trabajadora en la defensa de sus intereses<\/strong><\/em><\/h4>\t\t\t\t\t\t\t\t<\/div>\n\t\t\t\t<\/div>\n\t\t\t\t\t<\/div>\n\t\t<\/div>\n\t\t\t\t\t<\/div>\n\t\t<\/section>\n\t\t\t\t<section class=\"elementor-section elementor-top-section elementor-element elementor-element-db98ce2 elementor-section-boxed elementor-section-height-default elementor-section-height-default\" data-id=\"db98ce2\" data-element_type=\"section\">\n\t\t\t\t\t\t<div class=\"elementor-container elementor-column-gap-default\">\n\t\t\t\t\t<div class=\"elementor-column elementor-col-100 elementor-top-column elementor-element elementor-element-6419fad\" data-id=\"6419fad\" data-element_type=\"column\">\n\t\t\t<div class=\"elementor-widget-wrap elementor-element-populated\">\n\t\t\t\t\t\t<div class=\"elementor-element elementor-element-4dcc2de elementor-widget elementor-widget-text-editor\" data-id=\"4dcc2de\" data-element_type=\"widget\" data-widget_type=\"text-editor.default\">\n\t\t\t\t<div class=\"elementor-widget-container\">\n\t\t\t\t\t\t\t\t\t<p><span style=\"font-weight: 400;\">Tenemos el deber de no olvidar nunca la valent\u00eda y el sacrificio de estas mujeres y hombres del PCE y de las Comisiones Obreras, de su indiscutible y generosa contribuci\u00f3n a la recuperaci\u00f3n de la democracia en Espa\u00f1a, tenemos el deber de aprender de su resistencia, de su esperanza y de su inquebrantable convicci\u00f3n de que un mundo mejor es posible. Los ideales por los que tanto batallaron siguen vigentes: la lucha por los derechos laborales y por mejorar las condiciones de vida de la clase trabajadora, por la igualdad y contra la violencia que sufren las mujeres, y por la unidad de la izquierda contra el fascismo,\u00a0 por la democracia.<\/span><\/p>\t\t\t\t\t\t\t\t<\/div>\n\t\t\t\t<\/div>\n\t\t\t\t\t<\/div>\n\t\t<\/div>\n\t\t\t\t\t<\/div>\n\t\t<\/section>\n\t\t\t\t<\/div>\n\t\t","protected":false},"excerpt":{"rendered":"<p>No pasar\u00e1n Entrevista a Mario Amor\u00f3s, autor de \u00abNo pasar\u00e1n. Biograf\u00eda de Dolores Ib\u00e1rruri, Pasionaria\u00bb Cuando se cumple el centenario de la fundaci\u00f3n del Partido Comunista de Espa\u00f1a, repasamos de la mano del historiador Mario Amor\u00f3s la vida de quien fue su secretaria general y presidenta: Dolores Ib\u00e1rruri, Pasionaria, uno de los m\u00e1s grandes iconos de la historia de Espa\u00f1a del siglo XX. Ma\u00f1ana publicamos la entrevista y hoy un avance en v\u00eddeo de la<span class=\"more-link\"><a href=\"https:\/\/madridsindical.es\/archivo\/2021\/11\/12\/no-pasaran\/\">Contin\u00faa leyendo<\/a><\/span><\/p>\n","protected":false},"author":1,"featured_media":2881,"comment_status":"closed","ping_status":"closed","sticky":false,"template":"","format":"standard","meta":{"footnotes":""},"categories":[25],"tags":[47,41,42,40],"class_list":["entry","author-madridsindical","post-2884","post","type-post","status-publish","format-standard","has-post-thumbnail","category-actualidad","tag-archivo","tag-ccoo","tag-ibarruri","tag-pce"],"aioseo_notices":[],"_links":{"self":[{"href":"https:\/\/madridsindical.es\/archivo\/wp-json\/wp\/v2\/posts\/2884","targetHints":{"allow":["GET"]}}],"collection":[{"href":"https:\/\/madridsindical.es\/archivo\/wp-json\/wp\/v2\/posts"}],"about":[{"href":"https:\/\/madridsindical.es\/archivo\/wp-json\/wp\/v2\/types\/post"}],"author":[{"embeddable":true,"href":"https:\/\/madridsindical.es\/archivo\/wp-json\/wp\/v2\/users\/1"}],"replies":[{"embeddable":true,"href":"https:\/\/madridsindical.es\/archivo\/wp-json\/wp\/v2\/comments?post=2884"}],"version-history":[{"count":30,"href":"https:\/\/madridsindical.es\/archivo\/wp-json\/wp\/v2\/posts\/2884\/revisions"}],"predecessor-version":[{"id":3459,"href":"https:\/\/madridsindical.es\/archivo\/wp-json\/wp\/v2\/posts\/2884\/revisions\/3459"}],"wp:featuredmedia":[{"embeddable":true,"href":"https:\/\/madridsindical.es\/archivo\/wp-json\/wp\/v2\/media\/2881"}],"wp:attachment":[{"href":"https:\/\/madridsindical.es\/archivo\/wp-json\/wp\/v2\/media?parent=2884"}],"wp:term":[{"taxonomy":"category","embeddable":true,"href":"https:\/\/madridsindical.es\/archivo\/wp-json\/wp\/v2\/categories?post=2884"},{"taxonomy":"post_tag","embeddable":true,"href":"https:\/\/madridsindical.es\/archivo\/wp-json\/wp\/v2\/tags?post=2884"}],"curies":[{"name":"wp","href":"https:\/\/api.w.org\/{rel}","templated":true}]}}