{"id":2863,"date":"2021-09-22T14:43:59","date_gmt":"2021-09-22T14:43:59","guid":{"rendered":"https:\/\/madridsindical.es\/archivo\/?p=2863"},"modified":"2025-11-06T12:25:51","modified_gmt":"2025-11-06T12:25:51","slug":"turno-de-palabra-eugenio-rincon","status":"publish","type":"post","link":"https:\/\/madridsindical.es\/archivo\/2021\/09\/22\/turno-de-palabra-eugenio-rincon\/","title":{"rendered":"Turno de palabra: Eugenio Rinc\u00f3n"},"content":{"rendered":"\t\t<div data-elementor-type=\"wp-post\" data-elementor-id=\"2863\" class=\"elementor elementor-2863\">\n\t\t\t\t\t\t<section class=\"elementor-section elementor-top-section elementor-element elementor-element-8aea784 elementor-section-boxed elementor-section-height-default elementor-section-height-default\" data-id=\"8aea784\" data-element_type=\"section\">\n\t\t\t\t\t\t<div class=\"elementor-container elementor-column-gap-default\">\n\t\t\t\t\t<div class=\"elementor-column elementor-col-100 elementor-top-column elementor-element elementor-element-f7a062e\" data-id=\"f7a062e\" data-element_type=\"column\">\n\t\t\t<div class=\"elementor-widget-wrap elementor-element-populated\">\n\t\t\t\t\t\t<div class=\"elementor-element elementor-element-9db6efc elementor-widget elementor-widget-heading\" data-id=\"9db6efc\" data-element_type=\"widget\" data-widget_type=\"heading.default\">\n\t\t\t\t<div class=\"elementor-widget-container\">\n\t\t\t\t\t<h2 class=\"elementor-heading-title elementor-size-xl\">En memoria de Francisco Mart\u00edn-Consuegra Colastra, \"Paco\"<\/h2>\t\t\t\t<\/div>\n\t\t\t\t<\/div>\n\t\t\t\t\t<\/div>\n\t\t<\/div>\n\t\t\t\t\t<\/div>\n\t\t<\/section>\n\t\t\t\t<section class=\"elementor-section elementor-top-section elementor-element elementor-element-da6aff1 elementor-section-boxed elementor-section-height-default elementor-section-height-default\" data-id=\"da6aff1\" data-element_type=\"section\">\n\t\t\t\t\t\t<div class=\"elementor-container elementor-column-gap-default\">\n\t\t\t\t\t<div class=\"elementor-column elementor-col-100 elementor-top-column elementor-element elementor-element-69a0228\" data-id=\"69a0228\" data-element_type=\"column\">\n\t\t\t<div class=\"elementor-widget-wrap elementor-element-populated\">\n\t\t\t\t\t\t<div class=\"elementor-element elementor-element-1d83c75 elementor-widget elementor-widget-text-editor\" data-id=\"1d83c75\" data-element_type=\"widget\" data-widget_type=\"text-editor.default\">\n\t\t\t\t<div class=\"elementor-widget-container\">\n\t\t\t\t\t\t\t\t\t<p><span style=\"font-weight: 400;\">El pasado 6 de agosto fallec\u00eda Francisco Mart\u00edn-Consuegra Colastra, <strong>\u00abPaco\u00bb<\/strong> para toda una legi\u00f3n de compa\u00f1eros y amigos que hemos tenido la suerte de contar con su amistad y compa\u00f1erismo durante muchos a\u00f1os, al haber coincidido con su militancia, hasta su fallecimiento, en las <strong>Comisiones Obreras<\/strong>.<\/span><\/p><p><span style=\"font-weight: 400;\">Paco era un asiduo, en estos \u00faltimos a\u00f1os, en las concentraciones de jubilados y pensionistas que los Lunes venimos celebrando en la Plaza de la Constituci\u00f3n de <strong>Aranjuez<\/strong>, en la <strong>defensa de unas pensiones p\u00fablicas<\/strong> y de calidad con el mantenimiento de su poder adquisitivo.<\/span><\/p><p><span style=\"font-weight: 400;\">Paco ha sido, durante muchos a\u00f1os, mi compa\u00f1ero en mil y una batallas, tanto en lo sindical como en lo pol\u00edtico, tanto fuera como dentro de nuestro centro de trabajo, siempre por unas mejoras laborales y salariales.<\/span><\/p><p><span style=\"font-weight: 400;\">Hoy se puede decir y se debe resaltar que el esfuerzo mereci\u00f3 la pena, las conquistas salariales y condiciones de trabajo que hoy disfrutan los trabajadores de <strong>Robert Bosch<\/strong>, antes <strong>FEMSA<\/strong>, y por extensi\u00f3n a otros centros de trabajo, se debe a personas como <strong>Paco<\/strong>, tanto por su participaci\u00f3n en la <strong>Secci\u00f3n Sindical de CCOO<\/strong>, como fuera de ella; \u00e9l era un seguro a la hora de llevar a cabo las movilizaciones convocadas, y que la mayor\u00eda de las veces terminaban en huelga, para que estas se llevaran a cabo y terminasen con \u00e9xito en las negociaciones. Es por ello que hoy, el centro de Robert Bosch sigue en Aranjuez, con las condiciones laborales y salariales actuales\u2026 Se debe mucho a varios \u201cPacos\u201d y en particular a este, por su eficacia en los piquetes informativos en los d\u00edas de huelga.<\/span><\/p><p><strong><i>Con tu desaparici\u00f3n dejas un hueco dif\u00edcil de cubrir y un referente del movimiento obrero, antes en activo y ahora en el de jubilados<\/i><\/strong><span style=\"font-weight: 400;\">.<\/span><\/p><p><strong><i>Gracias amigo: descansa en Paz te lo has ganado.<\/i><\/strong><\/p><p><strong>Eugenio Rinc\u00f3n<\/strong><\/p>\t\t\t\t\t\t\t\t<\/div>\n\t\t\t\t<\/div>\n\t\t\t\t\t<\/div>\n\t\t<\/div>\n\t\t\t\t\t<\/div>\n\t\t<\/section>\n\t\t\t\t<section class=\"elementor-section elementor-top-section elementor-element elementor-element-245f572 elementor-section-boxed elementor-section-height-default elementor-section-height-default\" data-id=\"245f572\" data-element_type=\"section\">\n\t\t\t\t\t\t<div class=\"elementor-container elementor-column-gap-default\">\n\t\t\t\t\t<div class=\"elementor-column elementor-col-100 elementor-top-column elementor-element elementor-element-99dbb37\" data-id=\"99dbb37\" data-element_type=\"column\">\n\t\t\t<div class=\"elementor-widget-wrap elementor-element-populated\">\n\t\t\t\t\t\t<div class=\"elementor-element elementor-element-536091d elementor-widget elementor-widget-image\" data-id=\"536091d\" data-element_type=\"widget\" data-widget_type=\"image.default\">\n\t\t\t\t<div class=\"elementor-widget-container\">\n\t\t\t\t\t\t\t\t\t\t\t\t\t\t\t<img fetchpriority=\"high\" decoding=\"async\" width=\"1024\" height=\"446\" src=\"https:\/\/madridsindical.es\/archivo\/wp-content\/uploads\/2021\/09\/93e312175fd5f388c0fe18141cfa36c7000045-1024x446.jpg\" class=\"attachment-large size-large wp-image-2864\" alt=\"\" srcset=\"https:\/\/madridsindical.es\/archivo\/wp-content\/uploads\/2021\/09\/93e312175fd5f388c0fe18141cfa36c7000045-1024x446.jpg 1024w, https:\/\/madridsindical.es\/archivo\/wp-content\/uploads\/2021\/09\/93e312175fd5f388c0fe18141cfa36c7000045-300x131.jpg 300w, https:\/\/madridsindical.es\/archivo\/wp-content\/uploads\/2021\/09\/93e312175fd5f388c0fe18141cfa36c7000045-768x334.jpg 768w, https:\/\/madridsindical.es\/archivo\/wp-content\/uploads\/2021\/09\/93e312175fd5f388c0fe18141cfa36c7000045-465x202.jpg 465w, https:\/\/madridsindical.es\/archivo\/wp-content\/uploads\/2021\/09\/93e312175fd5f388c0fe18141cfa36c7000045-695x303.jpg 695w, https:\/\/madridsindical.es\/archivo\/wp-content\/uploads\/2021\/09\/93e312175fd5f388c0fe18141cfa36c7000045.jpg 1029w\" sizes=\"(max-width: 1024px) 100vw, 1024px\" \/>\t\t\t\t\t\t\t\t\t\t\t\t\t\t\t<\/div>\n\t\t\t\t<\/div>\n\t\t\t\t\t<\/div>\n\t\t<\/div>\n\t\t\t\t\t<\/div>\n\t\t<\/section>\n\t\t\t\t<section class=\"elementor-section elementor-top-section elementor-element elementor-element-4ce933c elementor-section-boxed elementor-section-height-default elementor-section-height-default\" data-id=\"4ce933c\" data-element_type=\"section\">\n\t\t\t\t\t\t<div class=\"elementor-container elementor-column-gap-default\">\n\t\t\t\t\t<div class=\"elementor-column elementor-col-100 elementor-top-column elementor-element elementor-element-49c9068\" data-id=\"49c9068\" data-element_type=\"column\">\n\t\t\t<div class=\"elementor-widget-wrap elementor-element-populated\">\n\t\t\t\t\t\t<div class=\"elementor-element elementor-element-5604a1e elementor-icon-list--layout-traditional elementor-list-item-link-full_width elementor-widget elementor-widget-icon-list\" data-id=\"5604a1e\" data-element_type=\"widget\" data-widget_type=\"icon-list.default\">\n\t\t\t\t<div class=\"elementor-widget-container\">\n\t\t\t\t\t\t\t<ul class=\"elementor-icon-list-items\">\n\t\t\t\t\t\t\t<li class=\"elementor-icon-list-item\">\n\t\t\t\t\t\t\t\t\t\t\t<a href=\"https:\/\/madridsindical.es\/archivo\/turno-de-palabra\/\">\n\n\t\t\t\t\t\t\t\t\t\t\t\t<span class=\"elementor-icon-list-icon\">\n\t\t\t\t\t\t\t<i aria-hidden=\"true\" class=\"fas fa-chevron-circle-right\"><\/i>\t\t\t\t\t\t<\/span>\n\t\t\t\t\t\t\t\t\t\t<span class=\"elementor-icon-list-text\">Volver a la secci\u00f3n Turno de Palabra<\/span>\n\t\t\t\t\t\t\t\t\t\t\t<\/a>\n\t\t\t\t\t\t\t\t\t<\/li>\n\t\t\t\t\t\t\t\t<li class=\"elementor-icon-list-item\">\n\t\t\t\t\t\t\t\t\t\t\t<a href=\"https:\/\/madridsindical.es\/archivo\/\">\n\n\t\t\t\t\t\t\t\t\t\t\t\t<span class=\"elementor-icon-list-icon\">\n\t\t\t\t\t\t\t<i aria-hidden=\"true\" class=\"fas fa-chevron-circle-right\"><\/i>\t\t\t\t\t\t<\/span>\n\t\t\t\t\t\t\t\t\t\t<span class=\"elementor-icon-list-text\">Portada Madrid Sindical<\/span>\n\t\t\t\t\t\t\t\t\t\t\t<\/a>\n\t\t\t\t\t\t\t\t\t<\/li>\n\t\t\t\t\t\t<\/ul>\n\t\t\t\t\t\t<\/div>\n\t\t\t\t<\/div>\n\t\t\t\t\t<\/div>\n\t\t<\/div>\n\t\t\t\t\t<\/div>\n\t\t<\/section>\n\t\t\t\t<\/div>\n\t\t","protected":false},"excerpt":{"rendered":"<p>En memoria de Francisco Mart\u00edn-Consuegra Colastra, \u00abPaco\u00bb El pasado 6 de agosto fallec\u00eda Francisco Mart\u00edn-Consuegra Colastra, \u00abPaco\u00bb para toda una legi\u00f3n de compa\u00f1eros y amigos que hemos tenido la suerte de contar con su amistad y compa\u00f1erismo durante muchos a\u00f1os, al haber coincidido con su militancia, hasta su fallecimiento, en las Comisiones Obreras. Paco era un asiduo, en estos \u00faltimos a\u00f1os, en las concentraciones de jubilados y pensionistas que los Lunes venimos celebrando en la<span class=\"more-link\"><a href=\"https:\/\/madridsindical.es\/archivo\/2021\/09\/22\/turno-de-palabra-eugenio-rincon\/\">Contin\u00faa leyendo<\/a><\/span><\/p>\n","protected":false},"author":1,"featured_media":0,"comment_status":"closed","ping_status":"closed","sticky":false,"template":"","format":"standard","meta":{"footnotes":""},"categories":[1],"tags":[47],"class_list":["entry","author-madridsindical","post-2863","post","type-post","status-publish","format-standard","category-uncategorized","tag-archivo"],"aioseo_notices":[],"_links":{"self":[{"href":"https:\/\/madridsindical.es\/archivo\/wp-json\/wp\/v2\/posts\/2863","targetHints":{"allow":["GET"]}}],"collection":[{"href":"https:\/\/madridsindical.es\/archivo\/wp-json\/wp\/v2\/posts"}],"about":[{"href":"https:\/\/madridsindical.es\/archivo\/wp-json\/wp\/v2\/types\/post"}],"author":[{"embeddable":true,"href":"https:\/\/madridsindical.es\/archivo\/wp-json\/wp\/v2\/users\/1"}],"replies":[{"embeddable":true,"href":"https:\/\/madridsindical.es\/archivo\/wp-json\/wp\/v2\/comments?post=2863"}],"version-history":[{"count":6,"href":"https:\/\/madridsindical.es\/archivo\/wp-json\/wp\/v2\/posts\/2863\/revisions"}],"predecessor-version":[{"id":2873,"href":"https:\/\/madridsindical.es\/archivo\/wp-json\/wp\/v2\/posts\/2863\/revisions\/2873"}],"wp:attachment":[{"href":"https:\/\/madridsindical.es\/archivo\/wp-json\/wp\/v2\/media?parent=2863"}],"wp:term":[{"taxonomy":"category","embeddable":true,"href":"https:\/\/madridsindical.es\/archivo\/wp-json\/wp\/v2\/categories?post=2863"},{"taxonomy":"post_tag","embeddable":true,"href":"https:\/\/madridsindical.es\/archivo\/wp-json\/wp\/v2\/tags?post=2863"}],"curies":[{"name":"wp","href":"https:\/\/api.w.org\/{rel}","templated":true}]}}