{"id":2816,"date":"2021-07-19T05:58:30","date_gmt":"2021-07-19T05:58:30","guid":{"rendered":"https:\/\/madridsindical.es\/archivo\/?p=2816"},"modified":"2025-11-06T12:25:51","modified_gmt":"2025-11-06T12:25:51","slug":"tragedia-en-las-residencias-de-mayores-declaraciones-de-beatriz-cano-anciana-residente","status":"publish","type":"post","link":"https:\/\/madridsindical.es\/archivo\/2021\/07\/19\/tragedia-en-las-residencias-de-mayores-declaraciones-de-beatriz-cano-anciana-residente\/","title":{"rendered":"Tragedia en las residencias de mayores: declaraciones de Beatriz Cano, anciana residente"},"content":{"rendered":"\t\t<div data-elementor-type=\"wp-post\" data-elementor-id=\"2816\" class=\"elementor elementor-2816\">\n\t\t\t\t\t\t<section class=\"elementor-section elementor-top-section elementor-element elementor-element-09d82f3 elementor-section-boxed elementor-section-height-default elementor-section-height-default\" data-id=\"09d82f3\" data-element_type=\"section\">\n\t\t\t\t\t\t<div class=\"elementor-container elementor-column-gap-default\">\n\t\t\t\t\t<div class=\"elementor-column elementor-col-100 elementor-top-column elementor-element elementor-element-19a3637\" data-id=\"19a3637\" data-element_type=\"column\">\n\t\t\t<div class=\"elementor-widget-wrap elementor-element-populated\">\n\t\t\t\t\t\t<div class=\"elementor-element elementor-element-aa4b8d7 elementor-widget elementor-widget-heading\" data-id=\"aa4b8d7\" data-element_type=\"widget\" data-widget_type=\"heading.default\">\n\t\t\t\t<div class=\"elementor-widget-container\">\n\t\t\t\t\t<h2 class=\"elementor-heading-title elementor-size-default\">La pu\u00f1etera realidad<\/h2>\t\t\t\t<\/div>\n\t\t\t\t<\/div>\n\t\t\t\t\t<\/div>\n\t\t<\/div>\n\t\t\t\t\t<\/div>\n\t\t<\/section>\n\t\t\t\t<section class=\"elementor-section elementor-top-section elementor-element elementor-element-5b475bd elementor-section-boxed elementor-section-height-default elementor-section-height-default\" data-id=\"5b475bd\" data-element_type=\"section\">\n\t\t\t\t\t\t<div class=\"elementor-container elementor-column-gap-default\">\n\t\t\t\t\t<div class=\"elementor-column elementor-col-100 elementor-top-column elementor-element elementor-element-6112ad2\" data-id=\"6112ad2\" data-element_type=\"column\">\n\t\t\t<div class=\"elementor-widget-wrap elementor-element-populated\">\n\t\t\t\t\t\t<div class=\"elementor-element elementor-element-fa7be18 elementor-widget elementor-widget-text-editor\" data-id=\"fa7be18\" data-element_type=\"widget\" data-widget_type=\"text-editor.default\">\n\t\t\t\t<div class=\"elementor-widget-container\">\n\t\t\t\t\t\t\t\t\t<p><span style=\"font-weight: 400;\">\u201c<strong><em>La pu\u00f1etera realidad es que somos un negocio muy rentable, se muere uno y hay 50 esperando<\/em><\/strong>\u201d. Lo dice con conocimiento de causa <strong>Beatriz Cano<\/strong>, una jubilada que lleva diez a\u00f1os viviendo en la <strong>residencia que DomusVi tiene en el distrito de Usera<\/strong>. \u201c<em>Es una indignidad absoluta que nos dejen en manos de gestores \u2018buitre\u2019, una desverg\u00fcenza, es inmoral. No importamos a nadie<\/em>\u201d, se lamenta.\u00a0<\/span><\/p><p><span style=\"font-weight: 400;\">La debilidad muscular que le provoca el s\u00edndrome pospolio y que le obliga a hacer un esfuerzo tit\u00e1nico diario para moverse queda de sobra compensada con su fortaleza emocional, sentido del humor, ganas de vivir y un m\u00e1s que fecundo esp\u00edritu reivindicativo que se concreta en nada menos que <strong>900 quejas a la direcci\u00f3n del centro desde 2019 y otras 35\u00a0 oficiales a la Comunidad de Madrid.<\/strong> No las ha contado ella, sino la directora general de Atenci\u00f3n a la Dependencia, Bego\u00f1a Cort\u00e9s, evidentemente molesta. \u201c<em>Pero es que yo no tengo otro m\u00e9todo de defensa que las reclamaciones. Reclamo mis derechos, lo que me corresponde<\/em>\u201d, arguye Beatriz. Piensa adem\u00e1s que a los pol\u00edticos \u201c<em>no hay que creerles, hay que exigirles<\/em>\u201d. <\/span><\/p>\t\t\t\t\t\t\t\t<\/div>\n\t\t\t\t<\/div>\n\t\t\t\t\t<\/div>\n\t\t<\/div>\n\t\t\t\t\t<\/div>\n\t\t<\/section>\n\t\t\t\t<section class=\"elementor-section elementor-top-section elementor-element elementor-element-791a0ee elementor-section-boxed elementor-section-height-default elementor-section-height-default\" data-id=\"791a0ee\" data-element_type=\"section\">\n\t\t\t\t\t\t<div class=\"elementor-container elementor-column-gap-default\">\n\t\t\t\t\t<div class=\"elementor-column elementor-col-100 elementor-top-column elementor-element elementor-element-6df2a5c\" data-id=\"6df2a5c\" data-element_type=\"column\">\n\t\t\t<div class=\"elementor-widget-wrap elementor-element-populated\">\n\t\t\t\t\t\t<div class=\"elementor-element elementor-element-00bde02 elementor-widget elementor-widget-heading\" data-id=\"00bde02\" data-element_type=\"widget\" data-widget_type=\"heading.default\">\n\t\t\t\t<div class=\"elementor-widget-container\">\n\t\t\t\t\t<h2 class=\"elementor-heading-title elementor-size-default\">\u201cSomos un negocio muy rentable, se muere \nuno y hay 50 esperando\u201d\n\n\n<\/h2>\t\t\t\t<\/div>\n\t\t\t\t<\/div>\n\t\t\t\t\t<\/div>\n\t\t<\/div>\n\t\t\t\t\t<\/div>\n\t\t<\/section>\n\t\t\t\t<section class=\"elementor-section elementor-top-section elementor-element elementor-element-10180ef elementor-section-boxed elementor-section-height-default elementor-section-height-default\" data-id=\"10180ef\" data-element_type=\"section\">\n\t\t\t\t\t\t<div class=\"elementor-container elementor-column-gap-default\">\n\t\t\t\t\t<div class=\"elementor-column elementor-col-100 elementor-top-column elementor-element elementor-element-4ba27ab\" data-id=\"4ba27ab\" data-element_type=\"column\">\n\t\t\t<div class=\"elementor-widget-wrap elementor-element-populated\">\n\t\t\t\t\t\t<div class=\"elementor-element elementor-element-981c578 elementor-widget elementor-widget-text-editor\" data-id=\"981c578\" data-element_type=\"widget\" data-widget_type=\"text-editor.default\">\n\t\t\t\t<div class=\"elementor-widget-container\">\n\t\t\t\t\t\t\t\t\t<p><span style=\"font-weight: 400;\">\u201c<em>La gente se calla porque es muy mayor y la mayor\u00eda tiene alg\u00fan tipo de demencia, por eso los Consejos de Usuarios no funcionan, y los familiares se indignan mucho pero protestan poco. Tenemos una sociedad miedosa y no hay control m\u00e1s f\u00e9rreo que el mied<\/em>o\u201d, dice Beatriz.\u00a0<\/span><\/p><p><span style=\"font-weight: 400;\">De la pandemia comenta que en los medios de comunicaci\u00f3n no ha salido ni la mitad de lo que han pasado. \u201c<em>Fue un aislamiento brutal, todo el tiempo en la habitaci\u00f3n y no est\u00e1bamos atendidos. Cay\u00f3 much\u00edsima gente y a los que han sobrevivido no los reconozco de los superdelgados que se han quedado. Algunos que estaban bien de la cabeza la han perdido. Me muero de pena<\/em>\u201d. <\/span><\/p>\t\t\t\t\t\t\t\t<\/div>\n\t\t\t\t<\/div>\n\t\t\t\t\t<\/div>\n\t\t<\/div>\n\t\t\t\t\t<\/div>\n\t\t<\/section>\n\t\t\t\t<section class=\"elementor-section elementor-top-section elementor-element elementor-element-95e2c1a elementor-section-boxed elementor-section-height-default elementor-section-height-default\" data-id=\"95e2c1a\" data-element_type=\"section\">\n\t\t\t\t\t\t<div class=\"elementor-container elementor-column-gap-default\">\n\t\t\t\t\t<div class=\"elementor-column elementor-col-100 elementor-top-column elementor-element elementor-element-12d0f2b\" data-id=\"12d0f2b\" data-element_type=\"column\">\n\t\t\t<div class=\"elementor-widget-wrap elementor-element-populated\">\n\t\t\t\t\t\t<div class=\"elementor-element elementor-element-00adef0 elementor-widget elementor-widget-heading\" data-id=\"00adef0\" data-element_type=\"widget\" data-widget_type=\"heading.default\">\n\t\t\t\t<div class=\"elementor-widget-container\">\n\t\t\t\t\t<h2 class=\"elementor-heading-title elementor-size-default\">\u201cLos fondos de inversi\u00f3n adoran a las \ntrabajadoras esclavas\u201d \n\n\n<\/h2>\t\t\t\t<\/div>\n\t\t\t\t<\/div>\n\t\t\t\t\t<\/div>\n\t\t<\/div>\n\t\t\t\t\t<\/div>\n\t\t<\/section>\n\t\t\t\t<section class=\"elementor-section elementor-top-section elementor-element elementor-element-72d4aec elementor-section-boxed elementor-section-height-default elementor-section-height-default\" data-id=\"72d4aec\" data-element_type=\"section\">\n\t\t\t\t\t\t<div class=\"elementor-container elementor-column-gap-default\">\n\t\t\t\t\t<div class=\"elementor-column elementor-col-100 elementor-top-column elementor-element elementor-element-c165736\" data-id=\"c165736\" data-element_type=\"column\">\n\t\t\t<div class=\"elementor-widget-wrap elementor-element-populated\">\n\t\t\t\t\t\t<div class=\"elementor-element elementor-element-bf0bc81 elementor-widget elementor-widget-text-editor\" data-id=\"bf0bc81\" data-element_type=\"widget\" data-widget_type=\"text-editor.default\">\n\t\t\t\t<div class=\"elementor-widget-container\">\n\t\t\t\t\t\t\t\t\t<p><span style=\"font-weight: 400;\">Denuncia que a la poblaci\u00f3n anciana de las residencias la despojan de todos sus derechos. \u201c<em>En las c\u00e1rceles est\u00e1n mejor que nosotros, no nos ven como personas, es la deshumanizaci\u00f3n completa. Acabar\u00e1n poni\u00e9ndonos en fila india, d\u00e1ndonos la misma medicaci\u00f3n y acost\u00e1ndonos a la misma hora<\/em>\u201d.<\/span><\/p><p><span style=\"font-weight: 400;\">Es consciente de la precariedad laboral y la presi\u00f3n que sufren las trabajadoras y las anima a rebelarse y exigir plantillas suficientes para atender como es debido a los residentes. \u201c<em>Los fondos de inversi\u00f3n adoran a las trabajadoras esclavas. Hasta que no se planten no conseguir\u00e1n nada<\/em>\u201d.<\/span><\/p>\t\t\t\t\t\t\t\t<\/div>\n\t\t\t\t<\/div>\n\t\t\t\t\t<\/div>\n\t\t<\/div>\n\t\t\t\t\t<\/div>\n\t\t<\/section>\n\t\t\t\t<section class=\"elementor-section elementor-top-section elementor-element elementor-element-5158fdb elementor-section-boxed elementor-section-height-default elementor-section-height-default\" data-id=\"5158fdb\" data-element_type=\"section\">\n\t\t\t\t\t\t<div class=\"elementor-container elementor-column-gap-default\">\n\t\t\t\t\t<div class=\"elementor-column elementor-col-100 elementor-top-column elementor-element elementor-element-ea76c7e\" data-id=\"ea76c7e\" data-element_type=\"column\">\n\t\t\t<div class=\"elementor-widget-wrap elementor-element-populated\">\n\t\t\t\t\t\t<div class=\"elementor-element elementor-element-c9f4a6e elementor-widget elementor-widget-text-editor\" data-id=\"c9f4a6e\" data-element_type=\"widget\" data-widget_type=\"text-editor.default\">\n\t\t\t\t<div class=\"elementor-widget-container\">\n\t\t\t\t\t\t\t\t\t<p><strong>Reportaje:<\/strong><\/p><h2 class=\"elementor-heading-title elementor-size-xxl\"><a href=\"https:\/\/madridsindical.es\/archivo\/que-paso-geriatricos-madrilenos-covid\/\">Tragedia en las residencias de mayores<\/a><\/h2>\t\t\t\t\t\t\t\t<\/div>\n\t\t\t\t<\/div>\n\t\t\t\t\t<\/div>\n\t\t<\/div>\n\t\t\t\t\t<\/div>\n\t\t<\/section>\n\t\t\t\t<\/div>\n\t\t","protected":false},"excerpt":{"rendered":"<p>La pu\u00f1etera realidad \u201cLa pu\u00f1etera realidad es que somos un negocio muy rentable, se muere uno y hay 50 esperando\u201d. Lo dice con conocimiento de causa Beatriz Cano, una jubilada que lleva diez a\u00f1os viviendo en la residencia que DomusVi tiene en el distrito de Usera. \u201cEs una indignidad absoluta que nos dejen en manos de gestores \u2018buitre\u2019, una desverg\u00fcenza, es inmoral. No importamos a nadie\u201d, se lamenta. La debilidad muscular que le provoca el<span class=\"more-link\"><a href=\"https:\/\/madridsindical.es\/archivo\/2021\/07\/19\/tragedia-en-las-residencias-de-mayores-declaraciones-de-beatriz-cano-anciana-residente\/\">Contin\u00faa leyendo<\/a><\/span><\/p>\n","protected":false},"author":1,"featured_media":2762,"comment_status":"closed","ping_status":"closed","sticky":false,"template":"","format":"standard","meta":{"footnotes":""},"categories":[25],"tags":[47],"class_list":["entry","author-madridsindical","post-2816","post","type-post","status-publish","format-standard","has-post-thumbnail","category-actualidad","tag-archivo"],"aioseo_notices":[],"_links":{"self":[{"href":"https:\/\/madridsindical.es\/archivo\/wp-json\/wp\/v2\/posts\/2816","targetHints":{"allow":["GET"]}}],"collection":[{"href":"https:\/\/madridsindical.es\/archivo\/wp-json\/wp\/v2\/posts"}],"about":[{"href":"https:\/\/madridsindical.es\/archivo\/wp-json\/wp\/v2\/types\/post"}],"author":[{"embeddable":true,"href":"https:\/\/madridsindical.es\/archivo\/wp-json\/wp\/v2\/users\/1"}],"replies":[{"embeddable":true,"href":"https:\/\/madridsindical.es\/archivo\/wp-json\/wp\/v2\/comments?post=2816"}],"version-history":[{"count":13,"href":"https:\/\/madridsindical.es\/archivo\/wp-json\/wp\/v2\/posts\/2816\/revisions"}],"predecessor-version":[{"id":4004,"href":"https:\/\/madridsindical.es\/archivo\/wp-json\/wp\/v2\/posts\/2816\/revisions\/4004"}],"wp:featuredmedia":[{"embeddable":true,"href":"https:\/\/madridsindical.es\/archivo\/wp-json\/wp\/v2\/media\/2762"}],"wp:attachment":[{"href":"https:\/\/madridsindical.es\/archivo\/wp-json\/wp\/v2\/media?parent=2816"}],"wp:term":[{"taxonomy":"category","embeddable":true,"href":"https:\/\/madridsindical.es\/archivo\/wp-json\/wp\/v2\/categories?post=2816"},{"taxonomy":"post_tag","embeddable":true,"href":"https:\/\/madridsindical.es\/archivo\/wp-json\/wp\/v2\/tags?post=2816"}],"curies":[{"name":"wp","href":"https:\/\/api.w.org\/{rel}","templated":true}]}}