{"id":2812,"date":"2021-07-19T05:53:10","date_gmt":"2021-07-19T05:53:10","guid":{"rendered":"https:\/\/madridsindical.es\/archivo\/?p=2812"},"modified":"2025-11-06T12:25:51","modified_gmt":"2025-11-06T12:25:51","slug":"declaraciones-de-miguel-vazquez-sarti-presidente-de-la-plataforma-por-la-dignidad-de-las-personas-mayores-en-las-residencias-pladigmare","status":"publish","type":"post","link":"https:\/\/madridsindical.es\/archivo\/2021\/07\/19\/declaraciones-de-miguel-vazquez-sarti-presidente-de-la-plataforma-por-la-dignidad-de-las-personas-mayores-en-las-residencias-pladigmare\/","title":{"rendered":"Declaraciones de Miguel V\u00e1zquez Sarti, presidente de la Plataforma por la Dignidad de las Personas Mayores en las Residencias &#8211; Pladigmare"},"content":{"rendered":"\t\t<div data-elementor-type=\"wp-post\" data-elementor-id=\"2812\" class=\"elementor elementor-2812\">\n\t\t\t\t\t\t<section class=\"elementor-section elementor-top-section elementor-element elementor-element-ee5ff51 elementor-section-boxed elementor-section-height-default elementor-section-height-default\" data-id=\"ee5ff51\" data-element_type=\"section\">\n\t\t\t\t\t\t<div class=\"elementor-container elementor-column-gap-default\">\n\t\t\t\t\t<div class=\"elementor-column elementor-col-100 elementor-top-column elementor-element elementor-element-9b0283c\" data-id=\"9b0283c\" data-element_type=\"column\">\n\t\t\t<div class=\"elementor-widget-wrap elementor-element-populated\">\n\t\t\t\t\t\t<div class=\"elementor-element elementor-element-c655996 elementor-widget elementor-widget-heading\" data-id=\"c655996\" data-element_type=\"widget\" data-widget_type=\"heading.default\">\n\t\t\t\t<div class=\"elementor-widget-container\">\n\t\t\t\t\t<h2 class=\"elementor-heading-title elementor-size-default\">\u201cLos condenaron a morir y m\u00e1s solos que la una\u201d<\/h2>\t\t\t\t<\/div>\n\t\t\t\t<\/div>\n\t\t\t\t\t<\/div>\n\t\t<\/div>\n\t\t\t\t\t<\/div>\n\t\t<\/section>\n\t\t\t\t<section class=\"elementor-section elementor-top-section elementor-element elementor-element-3e1d18c elementor-section-boxed elementor-section-height-default elementor-section-height-default\" data-id=\"3e1d18c\" data-element_type=\"section\">\n\t\t\t\t\t\t<div class=\"elementor-container elementor-column-gap-default\">\n\t\t\t\t\t<div class=\"elementor-column elementor-col-100 elementor-top-column elementor-element elementor-element-3a8dc58\" data-id=\"3a8dc58\" data-element_type=\"column\">\n\t\t\t<div class=\"elementor-widget-wrap elementor-element-populated\">\n\t\t\t\t\t\t<div class=\"elementor-element elementor-element-1f42323 elementor-widget elementor-widget-text-editor\" data-id=\"1f42323\" data-element_type=\"widget\" data-widget_type=\"text-editor.default\">\n\t\t\t\t<div class=\"elementor-widget-container\">\n\t\t\t\t\t\t\t\t\t<p><span style=\"font-weight: 400;\">Para Miguel V\u00e1zquez Sarti, presidente de la Plataforma por la Dignidad de las Personas Mayores en las Residencias (Pladigmare), hubo una clara voluntad pol\u00edtica por parte de la Consejer\u00eda de Sanidad de no querer saber nada de las residencias. \u201cLos condenaron a morir. Nos han relatado escenas dantescas de ancianos que murieron m\u00e1s solos que la una y los encontraron con el tronco levantado y la boca abierta tratando desesperadamente de respirar\u201d.\u00a0<\/span><\/p><p><span style=\"font-weight: 400;\">V\u00e1zquez Sarti se\u00f1ala que el gobierno regional no s\u00f3lo aplic\u00f3 el protocolo de no trasladar a las personas ancianas de la residencias a los hospitales, es que incumpli\u00f3 la orden del Ministerio de Sanidad que establec\u00eda que hab\u00eda que clasificar a los residentes en cuatro grupos en funci\u00f3n de las posibilidades de contacto con el coronavirus y que si esa clasificaci\u00f3n no se pod\u00eda hacer por falta de medios o personal, hab\u00eda que intervenirlas. La orden ten\u00eda efectos del 19 de marzo, pero la Consejer\u00eda de Sanidad no empez\u00f3 a actuar hasta el d\u00eda 28 y solo intervino 14 residencias. \u201c\u00bfPor qu\u00e9 raz\u00f3n no hicieron lo que ten\u00edan que hacer? Vamos a intentar que se sepa\u201d, anuncia.<\/span><\/p>\t\t\t\t\t\t\t\t<\/div>\n\t\t\t\t<\/div>\n\t\t\t\t\t<\/div>\n\t\t<\/div>\n\t\t\t\t\t<\/div>\n\t\t<\/section>\n\t\t\t\t<section class=\"elementor-section elementor-top-section elementor-element elementor-element-b7f409b elementor-section-boxed elementor-section-height-default elementor-section-height-default\" data-id=\"b7f409b\" data-element_type=\"section\">\n\t\t\t\t\t\t<div class=\"elementor-container elementor-column-gap-default\">\n\t\t\t\t\t<div class=\"elementor-column elementor-col-100 elementor-top-column elementor-element elementor-element-0bc8db9\" data-id=\"0bc8db9\" data-element_type=\"column\">\n\t\t\t<div class=\"elementor-widget-wrap elementor-element-populated\">\n\t\t\t\t\t\t<div class=\"elementor-element elementor-element-498867e elementor-widget elementor-widget-heading\" data-id=\"498867e\" data-element_type=\"widget\" data-widget_type=\"heading.default\">\n\t\t\t\t<div class=\"elementor-widget-container\">\n\t\t\t\t\t<h2 class=\"elementor-heading-title elementor-size-default\">\u201cEl tema de las ratios en Madrid es la \u2018repera\u2019. \n Las trabajadoras est\u00e1n deslomadas\u201d\n\n<\/h2>\t\t\t\t<\/div>\n\t\t\t\t<\/div>\n\t\t\t\t\t<\/div>\n\t\t<\/div>\n\t\t\t\t\t<\/div>\n\t\t<\/section>\n\t\t\t\t<section class=\"elementor-section elementor-top-section elementor-element elementor-element-fe2cb97 elementor-section-boxed elementor-section-height-default elementor-section-height-default\" data-id=\"fe2cb97\" data-element_type=\"section\">\n\t\t\t\t\t\t<div class=\"elementor-container elementor-column-gap-default\">\n\t\t\t\t\t<div class=\"elementor-column elementor-col-100 elementor-top-column elementor-element elementor-element-a3c0822\" data-id=\"a3c0822\" data-element_type=\"column\">\n\t\t\t<div class=\"elementor-widget-wrap elementor-element-populated\">\n\t\t\t\t\t\t<div class=\"elementor-element elementor-element-d2a9c51 elementor-widget elementor-widget-text-editor\" data-id=\"d2a9c51\" data-element_type=\"widget\" data-widget_type=\"text-editor.default\">\n\t\t\t\t<div class=\"elementor-widget-container\">\n\t\t\t\t\t\t\t\t\t<p><span style=\"font-weight: 400;\">\u201cComo no est\u00e1 de moda pagar impuestos\u201d, critica, \u201cla Administraci\u00f3n se desentiende del sector de las residencias y lo ha dejado en manos privadas\u201d. Coincide en que la privatizaci\u00f3n de los cuidados tiene como consecuencias unas plantillas del todo insuficientes, falta de control e inspecciones y una oferta de plazas inferior a la demanda. \u201cSon las tres claves del negocio y los tres factores que juntos han sido letales durante la pandemia. Las ratios de personal est\u00e1n establecidas para garantizar el beneficio de las empresas y el ahorro de las administraciones, no para atender adecuadamente a los mayores\u201d.\u00a0<\/span><\/p><p><span style=\"font-weight: 400;\">\u201cEl tema de las ratios en Madrid es la \u2018repera\u2019\u201d, insiste. \u201cLas trabajadoras est\u00e1n deslomadas. Las residencias p\u00fablicas tienen una ratio media del 0,93; las de titularidad p\u00fablica pero de gesti\u00f3n privada, el 0,70; en privadas con plazas concertadas, la ratio es del 0,42, y a las de titularidad y gesti\u00f3n privada les basta con tener un 0,35 para obtener la licencia de funcionamiento. \u00bfConclusi\u00f3n? Pues que a mayor privatizaci\u00f3n menos personal para atender a los mayores\u201d. <\/span><\/p>\t\t\t\t\t\t\t\t<\/div>\n\t\t\t\t<\/div>\n\t\t\t\t\t<\/div>\n\t\t<\/div>\n\t\t\t\t\t<\/div>\n\t\t<\/section>\n\t\t\t\t<section class=\"elementor-section elementor-top-section elementor-element elementor-element-d016bba elementor-section-boxed elementor-section-height-default elementor-section-height-default\" data-id=\"d016bba\" data-element_type=\"section\">\n\t\t\t\t\t\t<div class=\"elementor-container elementor-column-gap-default\">\n\t\t\t\t\t<div class=\"elementor-column elementor-col-100 elementor-top-column elementor-element elementor-element-d1d3e7a\" data-id=\"d1d3e7a\" data-element_type=\"column\">\n\t\t\t<div class=\"elementor-widget-wrap elementor-element-populated\">\n\t\t\t\t\t\t<div class=\"elementor-element elementor-element-e56f37c elementor-widget elementor-widget-heading\" data-id=\"e56f37c\" data-element_type=\"widget\" data-widget_type=\"heading.default\">\n\t\t\t\t<div class=\"elementor-widget-container\">\n\t\t\t\t\t<h2 class=\"elementor-heading-title elementor-size-default\">\u201c\u00bfPor qu\u00e9 raz\u00f3n no hicieron lo que ten\u00edan que hacer?\u201d\n\n<\/h2>\t\t\t\t<\/div>\n\t\t\t\t<\/div>\n\t\t\t\t\t<\/div>\n\t\t<\/div>\n\t\t\t\t\t<\/div>\n\t\t<\/section>\n\t\t\t\t<section class=\"elementor-section elementor-top-section elementor-element elementor-element-c3cf65e elementor-section-boxed elementor-section-height-default elementor-section-height-default\" data-id=\"c3cf65e\" data-element_type=\"section\">\n\t\t\t\t\t\t<div class=\"elementor-container elementor-column-gap-default\">\n\t\t\t\t\t<div class=\"elementor-column elementor-col-100 elementor-top-column elementor-element elementor-element-48dc38d\" data-id=\"48dc38d\" data-element_type=\"column\">\n\t\t\t<div class=\"elementor-widget-wrap elementor-element-populated\">\n\t\t\t\t\t\t<div class=\"elementor-element elementor-element-58dd23a elementor-widget elementor-widget-text-editor\" data-id=\"58dd23a\" data-element_type=\"widget\" data-widget_type=\"text-editor.default\">\n\t\t\t\t<div class=\"elementor-widget-container\">\n\t\t\t\t\t\t\t\t\t<p><span style=\"font-weight: 400;\">Apunta tambi\u00e9n a la falta de planes de formaci\u00f3n para el personal. \u201cHemos tenido que\u00a0 facilitar nosotros a M\u00e9dicos del Mundo la posibilidad de impartir cursos de formaci\u00f3n online sobre el covid. La Comunidad no ha hecho absolutamente nada\u201d.<\/span><\/p><p><span style=\"font-weight: 400;\">Denuncia que los familiares no tienen ninguna posibilidad de participaci\u00f3n porque los \u00fanicos \u00f3rganos de representaci\u00f3n con los Consejos de Residentes y salvo que se tenga la tutela judicial efectiva por incapacidad del residente, la familia no pinta nada. \u201cEl \u00fanico control es el que hacemos cuando vamos de visitas. Vigilas que tenga la ropa limpia, que no tenga heridas, que toma la medicaci\u00f3n\u2026, pero todos estos controles desaparecieron durante la pandemia\u201d. <\/span><\/p>\t\t\t\t\t\t\t\t<\/div>\n\t\t\t\t<\/div>\n\t\t\t\t\t<\/div>\n\t\t<\/div>\n\t\t\t\t\t<\/div>\n\t\t<\/section>\n\t\t\t\t<section class=\"elementor-section elementor-top-section elementor-element elementor-element-e44167a elementor-section-boxed elementor-section-height-default elementor-section-height-default\" data-id=\"e44167a\" data-element_type=\"section\">\n\t\t\t\t\t\t<div class=\"elementor-container elementor-column-gap-default\">\n\t\t\t\t\t<div class=\"elementor-column elementor-col-100 elementor-top-column elementor-element elementor-element-64fa1dd\" data-id=\"64fa1dd\" data-element_type=\"column\">\n\t\t\t<div class=\"elementor-widget-wrap elementor-element-populated\">\n\t\t\t\t\t\t<div class=\"elementor-element elementor-element-d68096a elementor-widget elementor-widget-heading\" data-id=\"d68096a\" data-element_type=\"widget\" data-widget_type=\"heading.default\">\n\t\t\t\t<div class=\"elementor-widget-container\">\n\t\t\t\t\t<h2 class=\"elementor-heading-title elementor-size-default\">El Gobierno evaluar\u00e1 las secuelas de la pandemia en los mayores de las residencias \n\n<\/h2>\t\t\t\t<\/div>\n\t\t\t\t<\/div>\n\t\t\t\t\t<\/div>\n\t\t<\/div>\n\t\t\t\t\t<\/div>\n\t\t<\/section>\n\t\t\t\t<section class=\"elementor-section elementor-top-section elementor-element elementor-element-5bf5e3d elementor-section-boxed elementor-section-height-default elementor-section-height-default\" data-id=\"5bf5e3d\" data-element_type=\"section\">\n\t\t\t\t\t\t<div class=\"elementor-container elementor-column-gap-default\">\n\t\t\t\t\t<div class=\"elementor-column elementor-col-100 elementor-top-column elementor-element elementor-element-a65ba65\" data-id=\"a65ba65\" data-element_type=\"column\">\n\t\t\t<div class=\"elementor-widget-wrap elementor-element-populated\">\n\t\t\t\t\t\t<div class=\"elementor-element elementor-element-48e5f56 elementor-widget elementor-widget-text-editor\" data-id=\"48e5f56\" data-element_type=\"widget\" data-widget_type=\"text-editor.default\">\n\t\t\t\t<div class=\"elementor-widget-container\">\n\t\t\t\t\t\t\t\t\t<p><span style=\"font-weight: 400;\">Pladigmare contest\u00f3 en 2020 a m\u00e1s de mil correos electr\u00f3nicos a familiares y calcula que entre familiares, residentes y plantillas puede haber medio mill\u00f3n de personas afectadas por la cat\u00e1strofe de las residencias en Madrid.\u00a0<\/span><\/p><p><span style=\"font-weight: 400;\">El pasado 30 de junio, la Plataforma Estatal de Organizaciones de Familiares y Usuarias de Residencias, que agrupa a 17 asociaciones de 10 comunidades aut\u00f3nomas, mantuvo una reuni\u00f3n en el Ministerio de Derechos Sociales, a instancias de la Secretaria de Estado. Entre otros compromisos, el Gobierno evaluar\u00e1 las secuelas f\u00edsicas y ps\u00edquicas que han dejado en los mayores de las residencias los confinamientos y la pandemia en general. El estudio se financiar\u00e1 con fondos europeos del Plan de Recuperaci\u00f3n.<\/span><\/p>\t\t\t\t\t\t\t\t<\/div>\n\t\t\t\t<\/div>\n\t\t\t\t\t<\/div>\n\t\t<\/div>\n\t\t\t\t\t<\/div>\n\t\t<\/section>\n\t\t\t\t<section class=\"elementor-section elementor-top-section elementor-element elementor-element-8120cf6 elementor-section-boxed elementor-section-height-default elementor-section-height-default\" data-id=\"8120cf6\" data-element_type=\"section\">\n\t\t\t\t\t\t<div class=\"elementor-container elementor-column-gap-default\">\n\t\t\t\t\t<div class=\"elementor-column elementor-col-100 elementor-top-column elementor-element elementor-element-d37e049\" data-id=\"d37e049\" data-element_type=\"column\">\n\t\t\t<div class=\"elementor-widget-wrap elementor-element-populated\">\n\t\t\t\t\t\t<div class=\"elementor-element elementor-element-322504c elementor-widget elementor-widget-text-editor\" data-id=\"322504c\" data-element_type=\"widget\" data-widget_type=\"text-editor.default\">\n\t\t\t\t<div class=\"elementor-widget-container\">\n\t\t\t\t\t\t\t\t\t<p><strong>Reportaje:<\/strong><\/p><h2 class=\"elementor-heading-title elementor-size-xxl\"><a href=\"https:\/\/madridsindical.es\/archivo\/que-paso-geriatricos-madrilenos-covid\/\">Tragedia en las residencias de mayores<\/a><\/h2>\t\t\t\t\t\t\t\t<\/div>\n\t\t\t\t<\/div>\n\t\t\t\t\t<\/div>\n\t\t<\/div>\n\t\t\t\t\t<\/div>\n\t\t<\/section>\n\t\t\t\t<\/div>\n\t\t","protected":false},"excerpt":{"rendered":"<p>\u201cLos condenaron a morir y m\u00e1s solos que la una\u201d Para Miguel V\u00e1zquez Sarti, presidente de la Plataforma por la Dignidad de las Personas Mayores en las Residencias (Pladigmare), hubo una clara voluntad pol\u00edtica por parte de la Consejer\u00eda de Sanidad de no querer saber nada de las residencias. \u201cLos condenaron a morir. Nos han relatado escenas dantescas de ancianos que murieron m\u00e1s solos que la una y los encontraron con el tronco levantado y<span class=\"more-link\"><a href=\"https:\/\/madridsindical.es\/archivo\/2021\/07\/19\/declaraciones-de-miguel-vazquez-sarti-presidente-de-la-plataforma-por-la-dignidad-de-las-personas-mayores-en-las-residencias-pladigmare\/\">Contin\u00faa leyendo<\/a><\/span><\/p>\n","protected":false},"author":1,"featured_media":2757,"comment_status":"closed","ping_status":"closed","sticky":false,"template":"","format":"standard","meta":{"footnotes":""},"categories":[25],"tags":[47],"class_list":["entry","author-madridsindical","post-2812","post","type-post","status-publish","format-standard","has-post-thumbnail","category-actualidad","tag-archivo"],"aioseo_notices":[],"_links":{"self":[{"href":"https:\/\/madridsindical.es\/archivo\/wp-json\/wp\/v2\/posts\/2812","targetHints":{"allow":["GET"]}}],"collection":[{"href":"https:\/\/madridsindical.es\/archivo\/wp-json\/wp\/v2\/posts"}],"about":[{"href":"https:\/\/madridsindical.es\/archivo\/wp-json\/wp\/v2\/types\/post"}],"author":[{"embeddable":true,"href":"https:\/\/madridsindical.es\/archivo\/wp-json\/wp\/v2\/users\/1"}],"replies":[{"embeddable":true,"href":"https:\/\/madridsindical.es\/archivo\/wp-json\/wp\/v2\/comments?post=2812"}],"version-history":[{"count":10,"href":"https:\/\/madridsindical.es\/archivo\/wp-json\/wp\/v2\/posts\/2812\/revisions"}],"predecessor-version":[{"id":4008,"href":"https:\/\/madridsindical.es\/archivo\/wp-json\/wp\/v2\/posts\/2812\/revisions\/4008"}],"wp:featuredmedia":[{"embeddable":true,"href":"https:\/\/madridsindical.es\/archivo\/wp-json\/wp\/v2\/media\/2757"}],"wp:attachment":[{"href":"https:\/\/madridsindical.es\/archivo\/wp-json\/wp\/v2\/media?parent=2812"}],"wp:term":[{"taxonomy":"category","embeddable":true,"href":"https:\/\/madridsindical.es\/archivo\/wp-json\/wp\/v2\/categories?post=2812"},{"taxonomy":"post_tag","embeddable":true,"href":"https:\/\/madridsindical.es\/archivo\/wp-json\/wp\/v2\/tags?post=2812"}],"curies":[{"name":"wp","href":"https:\/\/api.w.org\/{rel}","templated":true}]}}