{"id":2774,"date":"2021-07-14T08:43:18","date_gmt":"2021-07-14T08:43:18","guid":{"rendered":"https:\/\/madridsindical.es\/archivo\/?p=2774"},"modified":"2025-11-06T12:25:51","modified_gmt":"2025-11-06T12:25:51","slug":"tragedia-en-las-residencias-de-mayores-declaraciones-de-una-delegada-de-ccoo-de-residencias-publicas","status":"publish","type":"post","link":"https:\/\/madridsindical.es\/archivo\/2021\/07\/14\/tragedia-en-las-residencias-de-mayores-declaraciones-de-una-delegada-de-ccoo-de-residencias-publicas\/","title":{"rendered":"Tragedia en las residencias de mayores: declaraciones de una delegada de CCOO de residencias p\u00fablicas"},"content":{"rendered":"\t\t<div data-elementor-type=\"wp-post\" data-elementor-id=\"2774\" class=\"elementor elementor-2774\">\n\t\t\t\t\t\t<section class=\"elementor-section elementor-top-section elementor-element elementor-element-aa520bc elementor-section-boxed elementor-section-height-default elementor-section-height-default\" data-id=\"aa520bc\" data-element_type=\"section\">\n\t\t\t\t\t\t<div class=\"elementor-container elementor-column-gap-default\">\n\t\t\t\t\t<div class=\"elementor-column elementor-col-100 elementor-top-column elementor-element elementor-element-3bab0e0\" data-id=\"3bab0e0\" data-element_type=\"column\">\n\t\t\t<div class=\"elementor-widget-wrap elementor-element-populated\">\n\t\t\t\t\t\t<div class=\"elementor-element elementor-element-5dc4bf9 elementor-widget elementor-widget-heading\" data-id=\"5dc4bf9\" data-element_type=\"widget\" data-widget_type=\"heading.default\">\n\t\t\t\t<div class=\"elementor-widget-container\">\n\t\t\t\t\t<h2 class=\"elementor-heading-title elementor-size-default\">Las consecuencias de la dejadez pol\u00edtica\n<\/h2>\t\t\t\t<\/div>\n\t\t\t\t<\/div>\n\t\t\t\t\t<\/div>\n\t\t<\/div>\n\t\t\t\t\t<\/div>\n\t\t<\/section>\n\t\t\t\t<section class=\"elementor-section elementor-top-section elementor-element elementor-element-97da49e elementor-section-boxed elementor-section-height-default elementor-section-height-default\" data-id=\"97da49e\" data-element_type=\"section\">\n\t\t\t\t\t\t<div class=\"elementor-container elementor-column-gap-default\">\n\t\t\t\t\t<div class=\"elementor-column elementor-col-100 elementor-top-column elementor-element elementor-element-37f5f7f\" data-id=\"37f5f7f\" data-element_type=\"column\">\n\t\t\t<div class=\"elementor-widget-wrap elementor-element-populated\">\n\t\t\t\t\t\t<div class=\"elementor-element elementor-element-7168ffa elementor-widget elementor-widget-text-editor\" data-id=\"7168ffa\" data-element_type=\"widget\" data-widget_type=\"text-editor.default\">\n\t\t\t\t<div class=\"elementor-widget-container\">\n\t\t\t\t\t\t\t\t\t<p><span style=\"font-weight: 400;\">Cuando <strong>Encarna L\u00f3pez<\/strong>, delegada de CCOO de residencias p\u00fablicas en la Agencia Madrile\u00f1a de Atenci\u00f3n Social (AMAS), empez\u00f3 a trabajar como t\u00e9cnica en cuidados auxiliares de enfermer\u00eda hace m\u00e1s de dos d\u00e9cadas en la residencia p\u00fablica Reina Sof\u00eda, en Las Rozas, las cosas eran bien distintas. Las residencias eran para los mayores de aquella \u00e9poca como un hotel con todos los servicios incluidos para que ellos solo se tuvieran que preocupar de disfrutar de la vida. <\/span><i><span style=\"font-weight: 400;\">\u201cRecuerdo que llegaban en coche, lo dejaban en el aparcamiento y sal\u00edan y entraban cuando quer\u00edan. Ahora llegan m\u00e1s mayores, en peores condiciones y con muchas patolog\u00edas\u201d<\/span><\/i><span style=\"font-weight: 400;\">.<\/span><\/p><p><span style=\"font-weight: 400;\">De los cerca de 500 geri\u00e1tricos que operan en la regi\u00f3n, \u00fanicamente 25 son de titularidad y gesti\u00f3n p\u00fablica, con una oferta de 4.591 plazas para dependientes y 1.667 para no dependientes, cifras rid\u00edculas para una comunidad donde la poblaci\u00f3n mayor de 65 a\u00f1os se acerca al 20% (1.154.255 personas). Seg\u00fan detalla el libro de Manuel Rico, 12 de esas 25 se construyeron antes de 1978 y otras 11 entre 1979 y 1994, a\u00f1o anterior a la llegada del PP al gobierno regional. Desde entonces solo se han inaugurado dos. Cierto que se han abierto otros 52 geri\u00e1tricos propiedad de la Comunidad de Madrid pero su gesti\u00f3n est\u00e1 en manos privadas. <\/span><\/p>\t\t\t\t\t\t\t\t<\/div>\n\t\t\t\t<\/div>\n\t\t\t\t\t<\/div>\n\t\t<\/div>\n\t\t\t\t\t<\/div>\n\t\t<\/section>\n\t\t\t\t<section class=\"elementor-section elementor-top-section elementor-element elementor-element-00af417 elementor-section-boxed elementor-section-height-default elementor-section-height-default\" data-id=\"00af417\" data-element_type=\"section\">\n\t\t\t\t\t\t<div class=\"elementor-container elementor-column-gap-default\">\n\t\t\t\t\t<div class=\"elementor-column elementor-col-100 elementor-top-column elementor-element elementor-element-0cec9f8\" data-id=\"0cec9f8\" data-element_type=\"column\">\n\t\t\t<div class=\"elementor-widget-wrap elementor-element-populated\">\n\t\t\t\t\t\t<div class=\"elementor-element elementor-element-d89fe5a elementor-widget elementor-widget-heading\" data-id=\"d89fe5a\" data-element_type=\"widget\" data-widget_type=\"heading.default\">\n\t\t\t\t<div class=\"elementor-widget-container\">\n\t\t\t\t\t<h2 class=\"elementor-heading-title elementor-size-default\">Hasta 1994 se abrieron 23 residencias p\u00fablicas. Desde que gobierna el PP, s\u00f3lo dos\u201d<\/h2>\t\t\t\t<\/div>\n\t\t\t\t<\/div>\n\t\t\t\t\t<\/div>\n\t\t<\/div>\n\t\t\t\t\t<\/div>\n\t\t<\/section>\n\t\t\t\t<section class=\"elementor-section elementor-top-section elementor-element elementor-element-2b4a23f elementor-section-boxed elementor-section-height-default elementor-section-height-default\" data-id=\"2b4a23f\" data-element_type=\"section\">\n\t\t\t\t\t\t<div class=\"elementor-container elementor-column-gap-default\">\n\t\t\t\t\t<div class=\"elementor-column elementor-col-100 elementor-top-column elementor-element elementor-element-b9ce589\" data-id=\"b9ce589\" data-element_type=\"column\">\n\t\t\t<div class=\"elementor-widget-wrap elementor-element-populated\">\n\t\t\t\t\t\t<div class=\"elementor-element elementor-element-a20a6c6 elementor-widget elementor-widget-text-editor\" data-id=\"a20a6c6\" data-element_type=\"widget\" data-widget_type=\"text-editor.default\">\n\t\t\t\t<div class=\"elementor-widget-container\">\n\t\t\t\t\t\t\t\t\t<p><span style=\"font-weight: 400;\">Durante la primera ola fallecieron en las 25 residencias madrile\u00f1as p\u00fablicas 644 ancianos y ancianas. El tama\u00f1o, un factor de riesgo para la entrada y propagaci\u00f3n del virus, jug\u00f3 en contra. Los geri\u00e1tricos p\u00fablicos madrile\u00f1os son gigantescos, con una media de 250 plazas, y 11 superan esta cifra. La macroinstalaci\u00f3n Doctor Garc\u00eda Bueno, con 617 plazas y ubicada en el distrito de Fuencarral-El Pardo, es posiblemente la m\u00e1s grande de Europa. Deber\u00edamos mirar, como propone Manuel Rico, a los pa\u00edses n\u00f3rdicos, que hace d\u00e9cadas dejaron de construir megainstalaciones para optar por espacios con dimensi\u00f3n de hogar para veinte personas como mucho.\u00a0<\/span><\/p><p><i><span style=\"font-weight: 400;\">\u201cEn las p\u00fablicas tambi\u00e9n se aplic\u00f3 el protocolo de Ayuso de no derivar residentes a los hospitales, pero a diferencia de las de gesti\u00f3n privada s\u00ed contamos con personal sanitario las 24 horas del d\u00eda, y adem\u00e1s la gerencia dio la orden de contratar todo el personal que hiciera falta\u201d<\/span><\/i><span style=\"font-weight: 400;\">, aclara Encarna L\u00f3pez. <\/span><i><span style=\"font-weight: 400;\">\u201cLa plantilla se entreg\u00f3, trabaj\u00f3 sin descanso y con mucha profesionalidad. En la Reina Sof\u00eda, el personal m\u00e9dico estuvo en contacto con el Hospital Puerta de Hierro para saber c\u00f3mo actuar. Si no, los muertos habr\u00edan sido muchos m\u00e1s\u201d<\/span><\/i><span style=\"font-weight: 400;\">. <\/span><\/p>\t\t\t\t\t\t\t\t<\/div>\n\t\t\t\t<\/div>\n\t\t\t\t\t<\/div>\n\t\t<\/div>\n\t\t\t\t\t<\/div>\n\t\t<\/section>\n\t\t\t\t<section class=\"elementor-section elementor-top-section elementor-element elementor-element-4e2a57f elementor-section-boxed elementor-section-height-default elementor-section-height-default\" data-id=\"4e2a57f\" data-element_type=\"section\">\n\t\t\t\t\t\t<div class=\"elementor-container elementor-column-gap-default\">\n\t\t\t\t\t<div class=\"elementor-column elementor-col-100 elementor-top-column elementor-element elementor-element-a93489e\" data-id=\"a93489e\" data-element_type=\"column\">\n\t\t\t<div class=\"elementor-widget-wrap elementor-element-populated\">\n\t\t\t\t\t\t<div class=\"elementor-element elementor-element-0e1303d elementor-widget elementor-widget-heading\" data-id=\"0e1303d\" data-element_type=\"widget\" data-widget_type=\"heading.default\">\n\t\t\t\t<div class=\"elementor-widget-container\">\n\t\t\t\t\t<h2 class=\"elementor-heading-title elementor-size-default\">Los pa\u00edses n\u00f3rdicos construyen geri\u00e1tricos\ncon dimensi\u00f3n de hogar\n<\/h2>\t\t\t\t<\/div>\n\t\t\t\t<\/div>\n\t\t\t\t\t<\/div>\n\t\t<\/div>\n\t\t\t\t\t<\/div>\n\t\t<\/section>\n\t\t\t\t<section class=\"elementor-section elementor-top-section elementor-element elementor-element-76ebcfa elementor-section-boxed elementor-section-height-default elementor-section-height-default\" data-id=\"76ebcfa\" data-element_type=\"section\">\n\t\t\t\t\t\t<div class=\"elementor-container elementor-column-gap-default\">\n\t\t\t\t\t<div class=\"elementor-column elementor-col-100 elementor-top-column elementor-element elementor-element-b345759\" data-id=\"b345759\" data-element_type=\"column\">\n\t\t\t<div class=\"elementor-widget-wrap elementor-element-populated\">\n\t\t\t\t\t\t<div class=\"elementor-element elementor-element-d203d62 elementor-widget elementor-widget-text-editor\" data-id=\"d203d62\" data-element_type=\"widget\" data-widget_type=\"text-editor.default\">\n\t\t\t\t<div class=\"elementor-widget-container\">\n\t\t\t\t\t\t\t\t\t<p><i><span style=\"font-weight: 400;\">\u201cLas residencias tendr\u00edan que ser todas p\u00fablicas porque no se puede hacer negocio a costa\u00a0 de nuestros mayores\u201d<\/span><\/i><span style=\"font-weight: 400;\">, defiende la responsable sindical. L\u00f3pez considera que lo ocurrido en las residencias durante la primera ola de la pandemia es consecuencia de la <\/span><i><span style=\"font-weight: 400;\">\u201cdejadez de los pol\u00edticos madrile\u00f1os hac\u00eda el sector de los cuidados, y por eso nos pill\u00f3 como nos pill\u00f3. Y encima la se\u00f1ora Ayuso decidi\u00f3 que no hab\u00eda que llevar a los residentes al hospital. Reyero dimiti\u00f3, nuestro gerente \u00d3scar \u00c1lvarez L\u00f3pez dimiti\u00f3 y Ayuso deber\u00eda asumir tambi\u00e9n su responsabilidad\u201d<\/span><\/i><span style=\"font-weight: 400;\">.<\/span><\/p>\t\t\t\t\t\t\t\t<\/div>\n\t\t\t\t<\/div>\n\t\t\t\t\t<\/div>\n\t\t<\/div>\n\t\t\t\t\t<\/div>\n\t\t<\/section>\n\t\t\t\t<section class=\"elementor-section elementor-top-section elementor-element elementor-element-736a0dc elementor-section-boxed elementor-section-height-default elementor-section-height-default\" data-id=\"736a0dc\" data-element_type=\"section\">\n\t\t\t\t\t\t<div class=\"elementor-container elementor-column-gap-default\">\n\t\t\t\t\t<div class=\"elementor-column elementor-col-100 elementor-top-column elementor-element elementor-element-a122381\" data-id=\"a122381\" data-element_type=\"column\">\n\t\t\t<div class=\"elementor-widget-wrap elementor-element-populated\">\n\t\t\t\t\t\t<div class=\"elementor-element elementor-element-1cc0e79 elementor-widget elementor-widget-text-editor\" data-id=\"1cc0e79\" data-element_type=\"widget\" data-widget_type=\"text-editor.default\">\n\t\t\t\t<div class=\"elementor-widget-container\">\n\t\t\t\t\t\t\t\t\t<p><strong>Reportaje:<\/strong><\/p><h2 class=\"elementor-heading-title elementor-size-xxl\"><a href=\"https:\/\/madridsindical.es\/archivo\/que-paso-geriatricos-madrilenos-covid\/\">Tragedia en las residencias de mayores<\/a><\/h2>\t\t\t\t\t\t\t\t<\/div>\n\t\t\t\t<\/div>\n\t\t\t\t\t<\/div>\n\t\t<\/div>\n\t\t\t\t\t<\/div>\n\t\t<\/section>\n\t\t\t\t<\/div>\n\t\t","protected":false},"excerpt":{"rendered":"<p>Las consecuencias de la dejadez pol\u00edtica Cuando Encarna L\u00f3pez, delegada de CCOO de residencias p\u00fablicas en la Agencia Madrile\u00f1a de Atenci\u00f3n Social (AMAS), empez\u00f3 a trabajar como t\u00e9cnica en cuidados auxiliares de enfermer\u00eda hace m\u00e1s de dos d\u00e9cadas en la residencia p\u00fablica Reina Sof\u00eda, en Las Rozas, las cosas eran bien distintas. Las residencias eran para los mayores de aquella \u00e9poca como un hotel con todos los servicios incluidos para que ellos solo se tuvieran<span class=\"more-link\"><a href=\"https:\/\/madridsindical.es\/archivo\/2021\/07\/14\/tragedia-en-las-residencias-de-mayores-declaraciones-de-una-delegada-de-ccoo-de-residencias-publicas\/\">Contin\u00faa leyendo<\/a><\/span><\/p>\n","protected":false},"author":1,"featured_media":2676,"comment_status":"closed","ping_status":"closed","sticky":false,"template":"","format":"standard","meta":{"footnotes":""},"categories":[25],"tags":[47],"class_list":["entry","author-madridsindical","post-2774","post","type-post","status-publish","format-standard","has-post-thumbnail","category-actualidad","tag-archivo"],"aioseo_notices":[],"_links":{"self":[{"href":"https:\/\/madridsindical.es\/archivo\/wp-json\/wp\/v2\/posts\/2774","targetHints":{"allow":["GET"]}}],"collection":[{"href":"https:\/\/madridsindical.es\/archivo\/wp-json\/wp\/v2\/posts"}],"about":[{"href":"https:\/\/madridsindical.es\/archivo\/wp-json\/wp\/v2\/types\/post"}],"author":[{"embeddable":true,"href":"https:\/\/madridsindical.es\/archivo\/wp-json\/wp\/v2\/users\/1"}],"replies":[{"embeddable":true,"href":"https:\/\/madridsindical.es\/archivo\/wp-json\/wp\/v2\/comments?post=2774"}],"version-history":[{"count":15,"href":"https:\/\/madridsindical.es\/archivo\/wp-json\/wp\/v2\/posts\/2774\/revisions"}],"predecessor-version":[{"id":4012,"href":"https:\/\/madridsindical.es\/archivo\/wp-json\/wp\/v2\/posts\/2774\/revisions\/4012"}],"wp:featuredmedia":[{"embeddable":true,"href":"https:\/\/madridsindical.es\/archivo\/wp-json\/wp\/v2\/media\/2676"}],"wp:attachment":[{"href":"https:\/\/madridsindical.es\/archivo\/wp-json\/wp\/v2\/media?parent=2774"}],"wp:term":[{"taxonomy":"category","embeddable":true,"href":"https:\/\/madridsindical.es\/archivo\/wp-json\/wp\/v2\/categories?post=2774"},{"taxonomy":"post_tag","embeddable":true,"href":"https:\/\/madridsindical.es\/archivo\/wp-json\/wp\/v2\/tags?post=2774"}],"curies":[{"name":"wp","href":"https:\/\/api.w.org\/{rel}","templated":true}]}}