{"id":2768,"date":"2021-07-14T08:27:04","date_gmt":"2021-07-14T08:27:04","guid":{"rendered":"https:\/\/madridsindical.es\/archivo\/?p=2768"},"modified":"2025-11-06T12:25:51","modified_gmt":"2025-11-06T12:25:51","slug":"tragedia-en-las-residencias-de-mayores-declaraciones-de-delegads-de-ccoo-de-residencias-privadas","status":"publish","type":"post","link":"https:\/\/madridsindical.es\/archivo\/2021\/07\/14\/tragedia-en-las-residencias-de-mayores-declaraciones-de-delegads-de-ccoo-de-residencias-privadas\/","title":{"rendered":"Tragedia en las residencias de mayores: declaraciones de delegad@s de CCOO de residencias privadas"},"content":{"rendered":"\t\t<div data-elementor-type=\"wp-post\" data-elementor-id=\"2768\" class=\"elementor elementor-2768\">\n\t\t\t\t\t\t<section class=\"elementor-section elementor-top-section elementor-element elementor-element-45299aa elementor-section-boxed elementor-section-height-default elementor-section-height-default\" data-id=\"45299aa\" data-element_type=\"section\">\n\t\t\t\t\t\t<div class=\"elementor-container elementor-column-gap-default\">\n\t\t\t\t\t<div class=\"elementor-column elementor-col-100 elementor-top-column elementor-element elementor-element-ee1e069\" data-id=\"ee1e069\" data-element_type=\"column\">\n\t\t\t<div class=\"elementor-widget-wrap elementor-element-populated\">\n\t\t\t\t\t\t<div class=\"elementor-element elementor-element-7bfd17a elementor-widget elementor-widget-heading\" data-id=\"7bfd17a\" data-element_type=\"widget\" data-widget_type=\"heading.default\">\n\t\t\t\t<div class=\"elementor-widget-container\">\n\t\t\t\t\t<h2 class=\"elementor-heading-title elementor-size-default\">Trabajadoras de rodillas llorando de impotencia<\/h2>\t\t\t\t<\/div>\n\t\t\t\t<\/div>\n\t\t\t\t\t<\/div>\n\t\t<\/div>\n\t\t\t\t\t<\/div>\n\t\t<\/section>\n\t\t\t\t<section class=\"elementor-section elementor-top-section elementor-element elementor-element-2867e97 elementor-section-boxed elementor-section-height-default elementor-section-height-default\" data-id=\"2867e97\" data-element_type=\"section\">\n\t\t\t\t\t\t<div class=\"elementor-container elementor-column-gap-default\">\n\t\t\t\t\t<div class=\"elementor-column elementor-col-100 elementor-top-column elementor-element elementor-element-ba1b41d\" data-id=\"ba1b41d\" data-element_type=\"column\">\n\t\t\t<div class=\"elementor-widget-wrap elementor-element-populated\">\n\t\t\t\t\t\t<div class=\"elementor-element elementor-element-7ad0c3d elementor-widget elementor-widget-text-editor\" data-id=\"7ad0c3d\" data-element_type=\"widget\" data-widget_type=\"text-editor.default\">\n\t\t\t\t<div class=\"elementor-widget-container\">\n\t\t\t\t\t\t\t\t\t<p><i><span style=\"font-weight: 400;\">\u201cHe visto a trabajadoras de rodillas llorando de impotencia\u201d<\/span><\/i><span style=\"font-weight: 400;\">, rememora un delegado de Prevenci\u00f3n de Riesgos Laborales de CCOO en una residencia de mayores gestionada por DomusVi. Est\u00e1 de baja por depresi\u00f3n desde hace ocho meses y prefiere no identificarse. Asegura que los responsables sindicales alertaron a principios de marzo de 2020 en el comit\u00e9 de empresa del inminente peligro que se cern\u00eda sobre los geri\u00e1tricos de no tomar medidas contra el coronavirus: <\/span><i><span style=\"font-weight: 400;\">\u201cNos dec\u00edan que era una gripe como otra cualquiera, que est\u00e1bamos exagerando y que no nos pusi\u00e9ramos mascarillas porque asust\u00e1bamos a los abuelos\u201d<\/span><\/i><span style=\"font-weight: 400;\">.\u00a0<\/span><\/p><p><span style=\"font-weight: 400;\">El 5 de marzo de 2020, Juani Pe\u00f1afiel, responsable en CCOO de Residencias y Centros de D\u00edas Privados y Concertados de la Comunidad de Madrid, en una reuni\u00f3n del comit\u00e9 de empresa, pidi\u00f3 que se abordara un plan de actuaci\u00f3n contra el coronavirus. Tambi\u00e9n la tildaron de alarmista e hicieron o\u00eddos sordos, y as\u00ed el covid sigui\u00f3 desplegando sus tent\u00e1culos sobre una poblaci\u00f3n anciana completamente desprotegida. <\/span><\/p>\t\t\t\t\t\t\t\t<\/div>\n\t\t\t\t<\/div>\n\t\t\t\t\t<\/div>\n\t\t<\/div>\n\t\t\t\t\t<\/div>\n\t\t<\/section>\n\t\t\t\t<section class=\"elementor-section elementor-top-section elementor-element elementor-element-8c7e7e8 elementor-section-boxed elementor-section-height-default elementor-section-height-default\" data-id=\"8c7e7e8\" data-element_type=\"section\">\n\t\t\t\t\t\t<div class=\"elementor-container elementor-column-gap-default\">\n\t\t\t\t\t<div class=\"elementor-column elementor-col-100 elementor-top-column elementor-element elementor-element-51cebed\" data-id=\"51cebed\" data-element_type=\"column\">\n\t\t\t<div class=\"elementor-widget-wrap elementor-element-populated\">\n\t\t\t\t\t\t<div class=\"elementor-element elementor-element-160c999 elementor-widget elementor-widget-heading\" data-id=\"160c999\" data-element_type=\"widget\" data-widget_type=\"heading.default\">\n\t\t\t\t<div class=\"elementor-widget-container\">\n\t\t\t\t\t<h2 class=\"elementor-heading-title elementor-size-default\">\u201cSon 13 compa\u00f1er@ aislados en sus domicilios \ny solo han contratado dos nuevos\u201d \n<\/h2>\t\t\t\t<\/div>\n\t\t\t\t<\/div>\n\t\t\t\t\t<\/div>\n\t\t<\/div>\n\t\t\t\t\t<\/div>\n\t\t<\/section>\n\t\t\t\t<section class=\"elementor-section elementor-top-section elementor-element elementor-element-4a9f841 elementor-section-boxed elementor-section-height-default elementor-section-height-default\" data-id=\"4a9f841\" data-element_type=\"section\">\n\t\t\t\t\t\t<div class=\"elementor-container elementor-column-gap-default\">\n\t\t\t\t\t<div class=\"elementor-column elementor-col-100 elementor-top-column elementor-element elementor-element-f772015\" data-id=\"f772015\" data-element_type=\"column\">\n\t\t\t<div class=\"elementor-widget-wrap elementor-element-populated\">\n\t\t\t\t\t\t<div class=\"elementor-element elementor-element-ba06480 elementor-widget elementor-widget-text-editor\" data-id=\"ba06480\" data-element_type=\"widget\" data-widget_type=\"text-editor.default\">\n\t\t\t\t<div class=\"elementor-widget-container\">\n\t\t\t\t\t\t\t\t\t<p><i><span style=\"font-weight: 400;\">\u201cFue un c\u00f3ctel molotov\u201d<\/span><\/i><span style=\"font-weight: 400;\">, <span style=\"color: #ff0000;\"><a style=\"color: #ff0000;\" href=\"https:\/\/madridsindical.es\/archivo\/2020\/04\/16\/fuerza-sindical-en-tiempos-de-covid-juani-gerocultora\/\" target=\"_blank\" rel=\"noopener\">declar\u00f3 entonces Pe\u00f1afiel en una entrevista para Madrid Sindical <\/a><\/span><\/span><span style=\"font-weight: 400; color: #ff0000;\">. <\/span><i><span style=\"font-weight: 400;\">\u201cLa mortalidad se dispar\u00f3. Lo m\u00e1ximo que yo hab\u00eda vivido en mis 20 a\u00f1os como gerocultora eran dos muertes en un d\u00eda, excepcionalmente tres, pero ahora nos encontramos hasta con ocho muertes diarias\u201d<\/span><\/i><span style=\"font-weight: 400;\">. La gerocultora mantiene que las residencias fueron el mayor foco de contagios en Madrid y que tanto la Administraci\u00f3n como las empresas fueron siempre por detr\u00e1s de lo que reivindicaban las trabajadoras. <\/span><i><span style=\"font-weight: 400;\">\u201cClaro que se podr\u00edan haber evitado muertes, y muchas\u201d<\/span><\/i><span style=\"font-weight: 400;\">, insiste.\u00a0<\/span><\/p><p><span style=\"font-weight: 400;\">En la residencia del delegado de prevenci\u00f3n gestionada por DomusVi, donde la mayor\u00eda son grandes dependientes, murieron 39 ancianos y ancianas durante la primera ola. De 150 quedaron 111. <\/span><i><span style=\"font-weight: 400;\">\u201cEnjaularon a los residentes en sus habitaciones. Yo les conoc\u00eda desde hace mucho tiempo y he re\u00eddo y llorado con ellos. Sent\u00eda una rabia enorme, no solo por la muerte en s\u00ed, tambi\u00e9n por la forma horrible en la que murieron. Cuando se contagiaban y estaban graves no los trasladaban a los hospitales, no sab\u00edamos por qu\u00e9. Nadie nos informaba\u201d<\/span><\/i><span style=\"font-weight: 400;\">. <\/span><\/p>\t\t\t\t\t\t\t\t<\/div>\n\t\t\t\t<\/div>\n\t\t\t\t\t<\/div>\n\t\t<\/div>\n\t\t\t\t\t<\/div>\n\t\t<\/section>\n\t\t\t\t<section class=\"elementor-section elementor-top-section elementor-element elementor-element-99ed2d0 elementor-section-boxed elementor-section-height-default elementor-section-height-default\" data-id=\"99ed2d0\" data-element_type=\"section\">\n\t\t\t\t\t\t<div class=\"elementor-container elementor-column-gap-default\">\n\t\t\t\t\t<div class=\"elementor-column elementor-col-100 elementor-top-column elementor-element elementor-element-2f6c44c\" data-id=\"2f6c44c\" data-element_type=\"column\">\n\t\t\t<div class=\"elementor-widget-wrap elementor-element-populated\">\n\t\t\t\t\t\t<div class=\"elementor-element elementor-element-16b02f4 elementor-widget elementor-widget-image\" data-id=\"16b02f4\" data-element_type=\"widget\" data-widget_type=\"image.default\">\n\t\t\t\t<div class=\"elementor-widget-container\">\n\t\t\t\t\t\t\t\t\t\t\t\t<figure class=\"wp-caption\">\n\t\t\t\t\t\t\t\t\t\t<img fetchpriority=\"high\" decoding=\"async\" width=\"1024\" height=\"791\" src=\"https:\/\/madridsindical.es\/archivo\/wp-content\/uploads\/2021\/07\/juaniIMG_3013-1024x791.jpg\" class=\"attachment-large size-large wp-image-2769\" alt=\"\" srcset=\"https:\/\/madridsindical.es\/archivo\/wp-content\/uploads\/2021\/07\/juaniIMG_3013-1024x791.jpg 1024w, https:\/\/madridsindical.es\/archivo\/wp-content\/uploads\/2021\/07\/juaniIMG_3013-300x232.jpg 300w, https:\/\/madridsindical.es\/archivo\/wp-content\/uploads\/2021\/07\/juaniIMG_3013-768x593.jpg 768w, https:\/\/madridsindical.es\/archivo\/wp-content\/uploads\/2021\/07\/juaniIMG_3013-1536x1187.jpg 1536w, https:\/\/madridsindical.es\/archivo\/wp-content\/uploads\/2021\/07\/juaniIMG_3013-465x359.jpg 465w, https:\/\/madridsindical.es\/archivo\/wp-content\/uploads\/2021\/07\/juaniIMG_3013-647x500.jpg 647w, https:\/\/madridsindical.es\/archivo\/wp-content\/uploads\/2021\/07\/juaniIMG_3013.jpg 2000w\" sizes=\"(max-width: 1024px) 100vw, 1024px\" \/>\t\t\t\t\t\t\t\t\t\t\t<figcaption class=\"widget-image-caption wp-caption-text\">Juani Pe\u00f1afiel, responsable en CCOO de Residencias y Centros de D\u00edas Privados y Concertados de la Comunidad de Madrid<\/figcaption>\n\t\t\t\t\t\t\t\t\t\t<\/figure>\n\t\t\t\t\t\t\t\t\t<\/div>\n\t\t\t\t<\/div>\n\t\t\t\t\t<\/div>\n\t\t<\/div>\n\t\t\t\t\t<\/div>\n\t\t<\/section>\n\t\t\t\t<section class=\"elementor-section elementor-top-section elementor-element elementor-element-93fc7c2 elementor-section-boxed elementor-section-height-default elementor-section-height-default\" data-id=\"93fc7c2\" data-element_type=\"section\">\n\t\t\t\t\t\t<div class=\"elementor-container elementor-column-gap-default\">\n\t\t\t\t\t<div class=\"elementor-column elementor-col-100 elementor-top-column elementor-element elementor-element-0f51f14\" data-id=\"0f51f14\" data-element_type=\"column\">\n\t\t\t<div class=\"elementor-widget-wrap elementor-element-populated\">\n\t\t\t\t\t\t<div class=\"elementor-element elementor-element-2ffd9f6 elementor-widget elementor-widget-heading\" data-id=\"2ffd9f6\" data-element_type=\"widget\" data-widget_type=\"heading.default\">\n\t\t\t\t<div class=\"elementor-widget-container\">\n\t\t\t\t\t<h2 class=\"elementor-heading-title elementor-size-default\">\u201cLos que sobrevivieron estaban desnutridos. \nMe costaba reconocerlos\u201d \n\n<\/h2>\t\t\t\t<\/div>\n\t\t\t\t<\/div>\n\t\t\t\t\t<\/div>\n\t\t<\/div>\n\t\t\t\t\t<\/div>\n\t\t<\/section>\n\t\t\t\t<section class=\"elementor-section elementor-top-section elementor-element elementor-element-a97a611 elementor-section-boxed elementor-section-height-default elementor-section-height-default\" data-id=\"a97a611\" data-element_type=\"section\">\n\t\t\t\t\t\t<div class=\"elementor-container elementor-column-gap-default\">\n\t\t\t\t\t<div class=\"elementor-column elementor-col-100 elementor-top-column elementor-element elementor-element-17d1f52\" data-id=\"17d1f52\" data-element_type=\"column\">\n\t\t\t<div class=\"elementor-widget-wrap elementor-element-populated\">\n\t\t\t\t\t\t<div class=\"elementor-element elementor-element-d2103ad elementor-widget elementor-widget-text-editor\" data-id=\"d2103ad\" data-element_type=\"widget\" data-widget_type=\"text-editor.default\">\n\t\t\t\t<div class=\"elementor-widget-container\">\n\t\t\t\t\t\t\t\t\t<p><span style=\"font-weight: 400;\">El 19 de marzo de 2020, en un comunicado a los trabajadores, este delegado de CCOO escribi\u00f3: <\/span><i><span style=\"font-weight: 400;\">\u201cYa no s\u00e9 c\u00f3mo denunciar esto. Son 13 compa\u00f1er@ aislados en sus domicilios con fiebres altas y solo han contratado dos nuevos. (&#8230;\/\u2026). Tres plantas para una sola enfermera cuando tendr\u00edan que ser dos como m\u00ednimo, no dando abasto en las necesidades de cada uno, salen apenadas&#8230;\u201d<\/span><\/i><span style=\"font-weight: 400;\">. El sindicalista cuenta que algunos ni com\u00edan. <\/span><i><span style=\"font-weight: 400;\">\u201cLos que sobrevivieron estaban desnutridos, no te lo puedes imaginar. Me costaba incluso reconocerlos\u201d.\u00a0<\/span><\/i><\/p><p><i><span style=\"font-weight: 400;\">\u201cNo solo murieron por coronavirus\u201d<\/span><\/i><span style=\"font-weight: 400;\">, subraya Pe\u00f1afiel. <\/span><i><span style=\"font-weight: 400;\">\u201cSi a un gran dependiente que est\u00e1 inm\u00f3vil en una cama no le hidratas ni le alimentas ni le procuras los cuidados diarios que necesita porque sencillamente te quedas sin personal y no lo sustituyes, no hace falta decir c\u00f3mo acaba ese dependiente\u201d<\/span><\/i><\/p>\t\t\t\t\t\t\t\t<\/div>\n\t\t\t\t<\/div>\n\t\t\t\t\t<\/div>\n\t\t<\/div>\n\t\t\t\t\t<\/div>\n\t\t<\/section>\n\t\t\t\t<section class=\"elementor-section elementor-top-section elementor-element elementor-element-ce7888c elementor-section-boxed elementor-section-height-default elementor-section-height-default\" data-id=\"ce7888c\" data-element_type=\"section\">\n\t\t\t\t\t\t<div class=\"elementor-container elementor-column-gap-default\">\n\t\t\t\t\t<div class=\"elementor-column elementor-col-100 elementor-top-column elementor-element elementor-element-a8ad125\" data-id=\"a8ad125\" data-element_type=\"column\">\n\t\t\t<div class=\"elementor-widget-wrap elementor-element-populated\">\n\t\t\t\t\t\t<div class=\"elementor-element elementor-element-e8f58b1 elementor-widget elementor-widget-text-editor\" data-id=\"e8f58b1\" data-element_type=\"widget\" data-widget_type=\"text-editor.default\">\n\t\t\t\t<div class=\"elementor-widget-container\">\n\t\t\t\t\t\t\t\t\t<p><strong>Reportaje:<\/strong><\/p><h2 class=\"elementor-heading-title elementor-size-xxl\"><a href=\"https:\/\/madridsindical.es\/archivo\/que-paso-geriatricos-madrilenos-covid\/\">Tragedia en las residencias de mayores<\/a><\/h2>\t\t\t\t\t\t\t\t<\/div>\n\t\t\t\t<\/div>\n\t\t\t\t\t<\/div>\n\t\t<\/div>\n\t\t\t\t\t<\/div>\n\t\t<\/section>\n\t\t\t\t<\/div>\n\t\t","protected":false},"excerpt":{"rendered":"<p>Trabajadoras de rodillas llorando de impotencia \u201cHe visto a trabajadoras de rodillas llorando de impotencia\u201d, rememora un delegado de Prevenci\u00f3n de Riesgos Laborales de CCOO en una residencia de mayores gestionada por DomusVi. Est\u00e1 de baja por depresi\u00f3n desde hace ocho meses y prefiere no identificarse. Asegura que los responsables sindicales alertaron a principios de marzo de 2020 en el comit\u00e9 de empresa del inminente peligro que se cern\u00eda sobre los geri\u00e1tricos de no tomar<span class=\"more-link\"><a href=\"https:\/\/madridsindical.es\/archivo\/2021\/07\/14\/tragedia-en-las-residencias-de-mayores-declaraciones-de-delegads-de-ccoo-de-residencias-privadas\/\">Contin\u00faa leyendo<\/a><\/span><\/p>\n","protected":false},"author":1,"featured_media":0,"comment_status":"closed","ping_status":"closed","sticky":false,"template":"","format":"standard","meta":{"footnotes":""},"categories":[2],"tags":[47],"class_list":["entry","author-madridsindical","post-2768","post","type-post","status-publish","format-standard","category-reportajes","tag-archivo"],"aioseo_notices":[],"_links":{"self":[{"href":"https:\/\/madridsindical.es\/archivo\/wp-json\/wp\/v2\/posts\/2768","targetHints":{"allow":["GET"]}}],"collection":[{"href":"https:\/\/madridsindical.es\/archivo\/wp-json\/wp\/v2\/posts"}],"about":[{"href":"https:\/\/madridsindical.es\/archivo\/wp-json\/wp\/v2\/types\/post"}],"author":[{"embeddable":true,"href":"https:\/\/madridsindical.es\/archivo\/wp-json\/wp\/v2\/users\/1"}],"replies":[{"embeddable":true,"href":"https:\/\/madridsindical.es\/archivo\/wp-json\/wp\/v2\/comments?post=2768"}],"version-history":[{"count":8,"href":"https:\/\/madridsindical.es\/archivo\/wp-json\/wp\/v2\/posts\/2768\/revisions"}],"predecessor-version":[{"id":2790,"href":"https:\/\/madridsindical.es\/archivo\/wp-json\/wp\/v2\/posts\/2768\/revisions\/2790"}],"wp:attachment":[{"href":"https:\/\/madridsindical.es\/archivo\/wp-json\/wp\/v2\/media?parent=2768"}],"wp:term":[{"taxonomy":"category","embeddable":true,"href":"https:\/\/madridsindical.es\/archivo\/wp-json\/wp\/v2\/categories?post=2768"},{"taxonomy":"post_tag","embeddable":true,"href":"https:\/\/madridsindical.es\/archivo\/wp-json\/wp\/v2\/tags?post=2768"}],"curies":[{"name":"wp","href":"https:\/\/api.w.org\/{rel}","templated":true}]}}