{"id":2686,"date":"2021-07-13T08:26:14","date_gmt":"2021-07-13T08:26:14","guid":{"rendered":"https:\/\/madridsindical.es\/archivo\/?p=2686"},"modified":"2025-11-06T12:25:51","modified_gmt":"2025-11-06T12:25:51","slug":"entrevista-manuel-rico-jefe-de-investigacion-de-infolibre-y-autor-de-verguenza-el-escandalo-de-las-residencias","status":"publish","type":"post","link":"https:\/\/madridsindical.es\/archivo\/2021\/07\/13\/entrevista-manuel-rico-jefe-de-investigacion-de-infolibre-y-autor-de-verguenza-el-escandalo-de-las-residencias\/","title":{"rendered":"Entrevista: Manuel Rico, jefe de investigaci\u00f3n de Infolibre y autor de \u201c\u00a1Verg\u00fcenza!, el esc\u00e1ndalo de las residencias\u201d"},"content":{"rendered":"\t\t<div data-elementor-type=\"wp-post\" data-elementor-id=\"2686\" class=\"elementor elementor-2686\">\n\t\t\t\t\t\t<section class=\"elementor-section elementor-top-section elementor-element elementor-element-cf13307 elementor-section-boxed elementor-section-height-default elementor-section-height-default\" data-id=\"cf13307\" data-element_type=\"section\">\n\t\t\t\t\t\t<div class=\"elementor-container elementor-column-gap-default\">\n\t\t\t\t\t<div class=\"elementor-column elementor-col-100 elementor-top-column elementor-element elementor-element-e42231f\" data-id=\"e42231f\" data-element_type=\"column\">\n\t\t\t<div class=\"elementor-widget-wrap elementor-element-populated\">\n\t\t\t\t\t\t<div class=\"elementor-element elementor-element-eb3f658 elementor-widget elementor-widget-heading\" data-id=\"eb3f658\" data-element_type=\"widget\" data-widget_type=\"heading.default\">\n\t\t\t\t<div class=\"elementor-widget-container\">\n\t\t\t\t\t<h2 class=\"elementor-heading-title elementor-size-default\">\u201cImpedir atenci\u00f3n sanitaria a personas ancianas fue una decisi\u00f3n monstruosa\u201d<\/h2>\t\t\t\t<\/div>\n\t\t\t\t<\/div>\n\t\t\t\t\t<\/div>\n\t\t<\/div>\n\t\t\t\t\t<\/div>\n\t\t<\/section>\n\t\t\t\t<section class=\"elementor-section elementor-top-section elementor-element elementor-element-977a46b elementor-section-boxed elementor-section-height-default elementor-section-height-default\" data-id=\"977a46b\" data-element_type=\"section\">\n\t\t\t\t\t\t<div class=\"elementor-container elementor-column-gap-default\">\n\t\t\t\t\t<div class=\"elementor-column elementor-col-100 elementor-top-column elementor-element elementor-element-c9a25b4\" data-id=\"c9a25b4\" data-element_type=\"column\">\n\t\t\t<div class=\"elementor-widget-wrap elementor-element-populated\">\n\t\t\t\t\t\t<div class=\"elementor-element elementor-element-3b706ec elementor-widget elementor-widget-text-editor\" data-id=\"3b706ec\" data-element_type=\"widget\" data-widget_type=\"text-editor.default\">\n\t\t\t\t<div class=\"elementor-widget-container\">\n\t\t\t\t\t\t\t\t\t<p><strong>Texto: <a href=\"https:\/\/twitter.com\/Alexacostabrava\">Alejandra Acosta<\/a>. Fotos: <a href=\"https:\/\/twitter.com\/frlorente\">Fran Lorente<\/a> . V\u00eddeo: Fran Lorente, Javier Cantizani<\/strong><\/p>\t\t\t\t\t\t\t\t<\/div>\n\t\t\t\t<\/div>\n\t\t\t\t\t<\/div>\n\t\t<\/div>\n\t\t\t\t\t<\/div>\n\t\t<\/section>\n\t\t\t\t<section class=\"elementor-section elementor-top-section elementor-element elementor-element-22eeb61 elementor-section-boxed elementor-section-height-default elementor-section-height-default\" data-id=\"22eeb61\" data-element_type=\"section\">\n\t\t\t\t\t\t<div class=\"elementor-container elementor-column-gap-default\">\n\t\t\t\t\t<div class=\"elementor-column elementor-col-100 elementor-top-column elementor-element elementor-element-537edc8\" data-id=\"537edc8\" data-element_type=\"column\">\n\t\t\t<div class=\"elementor-widget-wrap elementor-element-populated\">\n\t\t\t\t\t\t<div class=\"elementor-element elementor-element-81fa77e elementor-widget elementor-widget-text-editor\" data-id=\"81fa77e\" data-element_type=\"widget\" data-widget_type=\"text-editor.default\">\n\t\t\t\t<div class=\"elementor-widget-container\">\n\t\t\t\t\t\t\t\t\t<p><b>Manuel Rico describe en su libro el horror que se vivi\u00f3 durante la primera ola de la pandemia en los geri\u00e1tricos gestionados por fondos de inversi\u00f3n, destapa c\u00f3mo obtienen beneficios a costa de recortar en personal, calidad de vida de los mayores y de no pagar impuestos, denuncia la dejaci\u00f3n de funciones de la Administraci\u00f3n y demuestra el v\u00ednculo entre el alcance de la tragedia y decisiones pol\u00edticas en comunidades como la de Madrid: \u201cEs la mayor violaci\u00f3n de derechos humanos de las \u00faltimas siete d\u00e9cadas en Espa\u00f1a\u201d.<\/b><\/p>\t\t\t\t\t\t\t\t<\/div>\n\t\t\t\t<\/div>\n\t\t\t\t\t<\/div>\n\t\t<\/div>\n\t\t\t\t\t<\/div>\n\t\t<\/section>\n\t\t\t\t<section class=\"elementor-section elementor-top-section elementor-element elementor-element-52f532d elementor-section-boxed elementor-section-height-default elementor-section-height-default\" data-id=\"52f532d\" data-element_type=\"section\">\n\t\t\t\t\t\t<div class=\"elementor-container elementor-column-gap-default\">\n\t\t\t\t\t<div class=\"elementor-column elementor-col-100 elementor-top-column elementor-element elementor-element-bb6ca6a\" data-id=\"bb6ca6a\" data-element_type=\"column\">\n\t\t\t<div class=\"elementor-widget-wrap elementor-element-populated\">\n\t\t\t\t\t\t<div class=\"elementor-element elementor-element-5604697 elementor-widget elementor-widget-heading\" data-id=\"5604697\" data-element_type=\"widget\" data-widget_type=\"heading.default\">\n\t\t\t\t<div class=\"elementor-widget-container\">\n\t\t\t\t\t<h2 class=\"elementor-heading-title elementor-size-default\">\u201cEncerrados bajo llave, golpeaban la puerta\no se dejaban morir\u201d, denunci\u00f3 MSF<\/h2>\t\t\t\t<\/div>\n\t\t\t\t<\/div>\n\t\t\t\t\t<\/div>\n\t\t<\/div>\n\t\t\t\t\t<\/div>\n\t\t<\/section>\n\t\t\t\t<section class=\"elementor-section elementor-top-section elementor-element elementor-element-05ab404 elementor-section-boxed elementor-section-height-default elementor-section-height-default\" data-id=\"05ab404\" data-element_type=\"section\">\n\t\t\t\t\t\t<div class=\"elementor-container elementor-column-gap-default\">\n\t\t\t\t\t<div class=\"elementor-column elementor-col-100 elementor-top-column elementor-element elementor-element-2e8c273\" data-id=\"2e8c273\" data-element_type=\"column\">\n\t\t\t<div class=\"elementor-widget-wrap elementor-element-populated\">\n\t\t\t\t\t\t<div class=\"elementor-element elementor-element-adb80f0 elementor-widget elementor-widget-text-editor\" data-id=\"adb80f0\" data-element_type=\"widget\" data-widget_type=\"text-editor.default\">\n\t\t\t\t<div class=\"elementor-widget-container\">\n\t\t\t\t\t\t\t\t\t<p><span style=\"font-weight: 400;\"><strong>El 18 de marzo de 2020, a las 14,07 horas<\/strong>, el director de <strong>Coordinaci\u00f3n Sanitaria de la Comunidad de Madrid<\/strong> firm\u00f3 un protocolo, aprobado por la Consejer\u00eda de Sanidad, por el que se prohib\u00eda trasladar de los geri\u00e1tricos a los hospitales a residentes con un determinado nivel de dependencia o deterioro cognitivo. Este documento, bautizado como el <\/span><b>\u201cprotocolo de la verg\u00fcenza\u201d<\/b><span style=\"font-weight: 400;\">, exclu\u00eda de su derecho a la atenci\u00f3n sanitaria a miles de personas por criterios de edad y de lugar de residencia, lo que supuso una condena a muerte para una inmensa mayor\u00eda de ellas y en condiciones terribles e indignas. El mismo <strong>consejero de Pol\u00edtica Social, Alberto Reyero<\/strong>, que acab\u00f3 dimitiendo en octubre de 2020, hab\u00eda advertido en la <strong>Asamblea de Madrid<\/strong> que aplicar esos criterios de exclusi\u00f3n sanitaria \u201cno es \u00e9tico y posiblemente no sea legal\u201d. No le escucharon.<\/span><\/p><p><span style=\"font-weight: 400;\"><strong>Durante los veinte d\u00edas posteriores a la aplicaci\u00f3n de dicho protocolo murieron en los geri\u00e1tricos madrile\u00f1os 5.343 mayores sin recibir atenci\u00f3n hospitalaria<\/strong>, una cifra que supone el 84% del total de fallecidos en ese periodo.\u00a0<\/span><\/p><p><span style=\"font-weight: 400;\">\u201cEs la mayor violaci\u00f3n de derechos humanos de las \u00faltimas siete d\u00e9cadas de la historia de Espa\u00f1a\u201d, mantiene tajante <strong>Manuel Rico<\/strong>, jefe de investigaci\u00f3n de <strong>Infolibre<\/strong> y autor del libro <strong>\u201c\u00a1Verg\u00fcenza!, el esc\u00e1ndalo de las residencias\u201d<\/strong> (Edit. Planeta), en el que el periodista responde a tres cuestiones fundamentales para entender el alcance de una cat\u00e1strofe humanitaria que, como \u00e9l demuestra con todo tipo de documentos, testimonios y an\u00e1lisis de datos oficiales, podr\u00eda haber sido mucho menos dram\u00e1tica, dejando en evidencia a quienes mantienen, mintiendo interesadamente, que fue irremediable. <\/span><\/p>\t\t\t\t\t\t\t\t<\/div>\n\t\t\t\t<\/div>\n\t\t\t\t\t<\/div>\n\t\t<\/div>\n\t\t\t\t\t<\/div>\n\t\t<\/section>\n\t\t\t\t<section class=\"elementor-section elementor-top-section elementor-element elementor-element-71500af elementor-section-boxed elementor-section-height-default elementor-section-height-default\" data-id=\"71500af\" data-element_type=\"section\">\n\t\t\t\t\t\t<div class=\"elementor-container elementor-column-gap-default\">\n\t\t\t\t\t<div class=\"elementor-column elementor-col-100 elementor-top-column elementor-element elementor-element-7e8e575\" data-id=\"7e8e575\" data-element_type=\"column\">\n\t\t\t<div class=\"elementor-widget-wrap elementor-element-populated\">\n\t\t\t\t\t\t<div class=\"elementor-element elementor-element-842cb31 elementor-widget elementor-widget-heading\" data-id=\"842cb31\" data-element_type=\"widget\" data-widget_type=\"heading.default\">\n\t\t\t\t<div class=\"elementor-widget-container\">\n\t\t\t\t\t<h2 class=\"elementor-heading-title elementor-size-default\">\u201cEl indigno protocolo que Ayuso niega se aprob\u00f3,\nse entreg\u00f3 a sus ejecutores y se aplic\u00f3\u201d\n<\/h2>\t\t\t\t<\/div>\n\t\t\t\t<\/div>\n\t\t\t\t\t<\/div>\n\t\t<\/div>\n\t\t\t\t\t<\/div>\n\t\t<\/section>\n\t\t\t\t<section class=\"elementor-section elementor-top-section elementor-element elementor-element-5ea18b4 elementor-section-boxed elementor-section-height-default elementor-section-height-default\" data-id=\"5ea18b4\" data-element_type=\"section\">\n\t\t\t\t\t\t<div class=\"elementor-container elementor-column-gap-default\">\n\t\t\t\t\t<div class=\"elementor-column elementor-col-100 elementor-top-column elementor-element elementor-element-ad83dce\" data-id=\"ad83dce\" data-element_type=\"column\">\n\t\t\t<div class=\"elementor-widget-wrap elementor-element-populated\">\n\t\t\t\t\t\t<div class=\"elementor-element elementor-element-764dc90 elementor-widget elementor-widget-text-editor\" data-id=\"764dc90\" data-element_type=\"widget\" data-widget_type=\"text-editor.default\">\n\t\t\t\t<div class=\"elementor-widget-container\">\n\t\t\t\t\t\t\t\t\t<p><span style=\"font-weight: 400;\">En primer lugar, Rico profundiza en las causas que originaron la hecatombe; en segundo lugar, desvela qui\u00e9n est\u00e1 haciendo negocio con el (mal) cuidado de los mayores en el marco de un modelo residencial privatizado casi al cien por cien, y por \u00faltimo, pone negro sobre blanco las responsabilidades de la Administraci\u00f3n (auton\u00f3mica) a quien corresponde las competencias sobre los geri\u00e1tricos y, por tanto, la funci\u00f3n de garantizar que la atenci\u00f3n se presta con todas las garant\u00edas.\u00a0<\/span><\/p><p><span style=\"font-weight: 400;\">\u201cSi el confinamiento del estado de alarma fue duro para muchas personas al no poder salir de sus viviendas, hay que imaginar el impacto que tuvo en esos mayores obligados a permanecer en una habitaci\u00f3n de pocos metros, casi siempre compartida, sinti\u00e9ndose abandonados por los familiares, que son su \u00fanica referencia, sin poder caminar, sin ver a nadie m\u00e1s all\u00e1 de la persona que entraba a darle la comida y que muchas veces no reconoc\u00edan al ir con una mascarilla o un buzo\u201d, describe Rico. \u201cComo denunci\u00f3 <strong>M\u00e9dicos Sin Fronteras<\/strong>, unos se resignaban y se dejaban ir, mientras que otros golpeaban las puertas cerradas con llave pidiendo por favor que los dejaran salir de all\u00ed\u201d.\u00a0<\/span><\/p><p><span style=\"font-weight: 400;\">M\u00e9dicos Sin Fronteras, en un informe que se reproduce en el libro, da cuenta de que les llegaron casos de residentes \u201ccon deseos de morir que dejaron de comer y tomar la medicaci\u00f3n, que se encontr\u00f3 escondida una vez fallecidos\u201d, y <strong>Amnist\u00eda Internacional<\/strong> denunci\u00f3 que se viol\u00f3 su derecho a una muerte digna. <\/span><\/p>\t\t\t\t\t\t\t\t<\/div>\n\t\t\t\t<\/div>\n\t\t\t\t\t<\/div>\n\t\t<\/div>\n\t\t\t\t\t<\/div>\n\t\t<\/section>\n\t\t\t\t<section class=\"elementor-section elementor-top-section elementor-element elementor-element-ea9fb32 elementor-section-boxed elementor-section-height-default elementor-section-height-default\" data-id=\"ea9fb32\" data-element_type=\"section\">\n\t\t\t\t\t\t<div class=\"elementor-container elementor-column-gap-default\">\n\t\t\t\t\t<div class=\"elementor-column elementor-col-100 elementor-top-column elementor-element elementor-element-22e01e8\" data-id=\"22e01e8\" data-element_type=\"column\">\n\t\t\t<div class=\"elementor-widget-wrap elementor-element-populated\">\n\t\t\t\t\t\t<div class=\"elementor-element elementor-element-2866e9c elementor-widget elementor-widget-image\" data-id=\"2866e9c\" data-element_type=\"widget\" data-widget_type=\"image.default\">\n\t\t\t\t<div class=\"elementor-widget-container\">\n\t\t\t\t\t\t\t\t\t\t\t\t\t\t\t<img fetchpriority=\"high\" decoding=\"async\" width=\"1024\" height=\"682\" src=\"https:\/\/madridsindical.es\/archivo\/wp-content\/uploads\/2021\/07\/004IMG_6316-1024x682.jpg\" class=\"attachment-large size-large wp-image-2688\" alt=\"\" srcset=\"https:\/\/madridsindical.es\/archivo\/wp-content\/uploads\/2021\/07\/004IMG_6316-1024x682.jpg 1024w, https:\/\/madridsindical.es\/archivo\/wp-content\/uploads\/2021\/07\/004IMG_6316-300x200.jpg 300w, https:\/\/madridsindical.es\/archivo\/wp-content\/uploads\/2021\/07\/004IMG_6316-768x512.jpg 768w, https:\/\/madridsindical.es\/archivo\/wp-content\/uploads\/2021\/07\/004IMG_6316-1536x1024.jpg 1536w, https:\/\/madridsindical.es\/archivo\/wp-content\/uploads\/2021\/07\/004IMG_6316-465x310.jpg 465w, https:\/\/madridsindical.es\/archivo\/wp-content\/uploads\/2021\/07\/004IMG_6316-695x463.jpg 695w, https:\/\/madridsindical.es\/archivo\/wp-content\/uploads\/2021\/07\/004IMG_6316.jpg 2000w\" sizes=\"(max-width: 1024px) 100vw, 1024px\" \/>\t\t\t\t\t\t\t\t\t\t\t\t\t\t\t<\/div>\n\t\t\t\t<\/div>\n\t\t\t\t\t<\/div>\n\t\t<\/div>\n\t\t\t\t\t<\/div>\n\t\t<\/section>\n\t\t\t\t<section class=\"elementor-section elementor-top-section elementor-element elementor-element-05f2410 elementor-section-boxed elementor-section-height-default elementor-section-height-default\" data-id=\"05f2410\" data-element_type=\"section\">\n\t\t\t\t\t\t<div class=\"elementor-container elementor-column-gap-default\">\n\t\t\t\t\t<div class=\"elementor-column elementor-col-100 elementor-top-column elementor-element elementor-element-2a00dd8\" data-id=\"2a00dd8\" data-element_type=\"column\">\n\t\t\t<div class=\"elementor-widget-wrap elementor-element-populated\">\n\t\t\t\t\t\t<div class=\"elementor-element elementor-element-a795ea3 elementor-widget elementor-widget-heading\" data-id=\"a795ea3\" data-element_type=\"widget\" data-widget_type=\"heading.default\">\n\t\t\t\t<div class=\"elementor-widget-container\">\n\t\t\t\t\t<h2 class=\"elementor-heading-title elementor-size-default\">\u201cEs la mayor violaci\u00f3n de derechos humanos\nde las \u00faltimas d\u00e9cadas\u201d\n<\/h2>\t\t\t\t<\/div>\n\t\t\t\t<\/div>\n\t\t\t\t\t<\/div>\n\t\t<\/div>\n\t\t\t\t\t<\/div>\n\t\t<\/section>\n\t\t\t\t<section class=\"elementor-section elementor-top-section elementor-element elementor-element-a685505 elementor-section-boxed elementor-section-height-default elementor-section-height-default\" data-id=\"a685505\" data-element_type=\"section\">\n\t\t\t\t\t\t<div class=\"elementor-container elementor-column-gap-default\">\n\t\t\t\t\t<div class=\"elementor-column elementor-col-100 elementor-top-column elementor-element elementor-element-17395a2\" data-id=\"17395a2\" data-element_type=\"column\">\n\t\t\t<div class=\"elementor-widget-wrap elementor-element-populated\">\n\t\t\t\t\t\t<div class=\"elementor-element elementor-element-8109d06 elementor-widget elementor-widget-text-editor\" data-id=\"8109d06\" data-element_type=\"widget\" data-widget_type=\"text-editor.default\">\n\t\t\t\t<div class=\"elementor-widget-container\">\n\t\t\t\t\t\t\t\t\t<p><span style=\"font-weight: 400;\">Duelen todas y cada una de las m\u00e1s de las 400 p\u00e1ginas de <strong>\u00a1\u201cVerg\u00fcenza\u201d!<\/strong>, pero como se\u00f1ala uno de los testimonios que incluye, el de <strong>Cristina Le\u00f3n<\/strong>, que en junio de 2020 visit\u00f3 diversos centros de mayores: \u201cS\u00f3lo si recordamos que el dolor, pero tambi\u00e9n el deseo, la alegr\u00eda y la esperanza y, por supuesto, la dignidad nos acompa\u00f1an hasta el mism\u00edsimo lecho de la muerte, hasta el \u00faltimo d\u00eda de nuestra vidas, podremos erradicar para siempre escenas como las que sufrieron durante la pandemia: desnudos, desasistidos, abandonados, comiendo a duras penas en habitaciones que eran como c\u00e1rceles\u201d. <\/span><\/p>\t\t\t\t\t\t\t\t<\/div>\n\t\t\t\t<\/div>\n\t\t\t\t\t<\/div>\n\t\t<\/div>\n\t\t\t\t\t<\/div>\n\t\t<\/section>\n\t\t\t\t<section class=\"elementor-section elementor-top-section elementor-element elementor-element-9b2ec41 elementor-section-boxed elementor-section-height-default elementor-section-height-default\" data-id=\"9b2ec41\" data-element_type=\"section\">\n\t\t\t\t\t\t<div class=\"elementor-container elementor-column-gap-default\">\n\t\t\t\t\t<div class=\"elementor-column elementor-col-100 elementor-top-column elementor-element elementor-element-e96315e\" data-id=\"e96315e\" data-element_type=\"column\">\n\t\t\t<div class=\"elementor-widget-wrap elementor-element-populated\">\n\t\t\t\t\t\t<div class=\"elementor-element elementor-element-bce2fb9 elementor-widget elementor-widget-text-editor\" data-id=\"bce2fb9\" data-element_type=\"widget\" data-widget_type=\"text-editor.default\">\n\t\t\t\t<div class=\"elementor-widget-container\">\n\t\t\t\t\t\t\t\t\t<p><b>Madrid Sindical (MS).- Aparece un virus nuevo, muy contagioso que ataca especialmente a las personas mayores y a ning\u00fan responsable se le ocurre actuar de inmediato en los geri\u00e1tricos. Como bien recuerda usted, nadie se fij\u00f3 en las residencias hasta que se llenaron de muertos. Se nos caen los palos del sombrajo.<\/b><\/p><p><b>Manuel Rico (MR).-<\/b><span style=\"font-weight: 400;\"> Es de una l\u00f3gica aplastante. Por eso causa m\u00e1s asombro que quienes ten\u00edan responsabilidad sobre el sector no lo vieran con claridad.\u00a0<\/span><\/p><ol><li><b> \u00bfC\u00f3mo es posible?<\/b><\/li><\/ol><p><span style=\"font-weight: 400;\">MR.- Tres hip\u00f3tesis: quienes tomaron decisiones no han estado jam\u00e1s en un geri\u00e1trico y no saben c\u00f3mo funciona o eran idiotas o les importa un pimiento la vida de las personas ancianas.\u00a0<\/span><\/p><p><b>MS.-<\/b> <b>El ex consejero madrile\u00f1o Alberto Reyero ha insistido recientemente que el mayor error del gobierno regional fue no considerar las residencias una prioridad.\u00a0<\/b><\/p><p><span style=\"font-weight: 400;\">MR.- Reyero lo advirti\u00f3 y no fue el \u00fanico. El 19 de marzo de 2020, el presidente de los geri\u00e1tricos gallegos avis\u00f3 en el programa Espejo P\u00fablico de Antena 3 que era una irresponsabilidad may\u00fascula no evacuar de las residencias a las personas que presentaban s\u00edntomas. Por los datos que llegaban de China e Italia se sab\u00eda que cuando el coronavirus entraba en una residencia la mortalidad estaba en torno al 19%. Era de locos encerrarlos.\u00a0<\/span><\/p><p><b>MS.- Desmonta la teor\u00eda de que lo que ocurri\u00f3 en los geri\u00e1tricos fue inevitable, como se quiere hacer creer a la ciudadan\u00eda.\u00a0<\/b><\/p><p><span style=\"font-weight: 400;\">MR.- Hay mucho inter\u00e9s en difundir que era una situaci\u00f3n de guerra, un tsunami y que, por tanto, nada se pudo hacer para evitar las miles de muertes de mayores. Este es uno de los argumentos que m\u00e1s hay que combatir porque si no lo hacemos se volver\u00e1 a repetir la cat\u00e1strofe. Si el coronavirus se hubiera topado con unas residencias en las que la ratio de personal hubiera sido el doble, en las que la mayor\u00eda de las habitaciones fuesen individuales y que no fuesen macrocentros donde aparcar mayores no habr\u00edan fallecido ni la mitad. Eso por un lado, y luego est\u00e1n las decisiones pol\u00edticas. <\/span><\/p>\t\t\t\t\t\t\t\t<\/div>\n\t\t\t\t<\/div>\n\t\t\t\t\t<\/div>\n\t\t<\/div>\n\t\t\t\t\t<\/div>\n\t\t<\/section>\n\t\t\t\t<section class=\"elementor-section elementor-top-section elementor-element elementor-element-a87905f elementor-section-boxed elementor-section-height-default elementor-section-height-default\" data-id=\"a87905f\" data-element_type=\"section\">\n\t\t\t\t\t\t<div class=\"elementor-container elementor-column-gap-default\">\n\t\t\t\t\t<div class=\"elementor-column elementor-col-100 elementor-top-column elementor-element elementor-element-9ba5d96\" data-id=\"9ba5d96\" data-element_type=\"column\">\n\t\t\t<div class=\"elementor-widget-wrap elementor-element-populated\">\n\t\t\t\t\t\t<div class=\"elementor-element elementor-element-39812a1 elementor-widget elementor-widget-video\" data-id=\"39812a1\" data-element_type=\"widget\" data-settings=\"{&quot;youtube_url&quot;:&quot;https:\\\/\\\/www.youtube.com\\\/watch?v=ojc1pKo-olE&quot;,&quot;video_type&quot;:&quot;youtube&quot;,&quot;controls&quot;:&quot;yes&quot;}\" data-widget_type=\"video.default\">\n\t\t\t\t<div class=\"elementor-widget-container\">\n\t\t\t\t\t\t\t<div class=\"elementor-wrapper elementor-open-inline\">\n\t\t\t<div class=\"elementor-video\"><\/div>\t\t<\/div>\n\t\t\t\t\t\t<\/div>\n\t\t\t\t<\/div>\n\t\t\t\t\t<\/div>\n\t\t<\/div>\n\t\t\t\t\t<\/div>\n\t\t<\/section>\n\t\t\t\t<section class=\"elementor-section elementor-top-section elementor-element elementor-element-b17d478 elementor-section-boxed elementor-section-height-default elementor-section-height-default\" data-id=\"b17d478\" data-element_type=\"section\">\n\t\t\t\t\t\t<div class=\"elementor-container elementor-column-gap-default\">\n\t\t\t\t\t<div class=\"elementor-column elementor-col-100 elementor-top-column elementor-element elementor-element-6dd61c2\" data-id=\"6dd61c2\" data-element_type=\"column\">\n\t\t\t<div class=\"elementor-widget-wrap elementor-element-populated\">\n\t\t\t\t\t\t<div class=\"elementor-element elementor-element-cf4a6c2 elementor-widget elementor-widget-heading\" data-id=\"cf4a6c2\" data-element_type=\"widget\" data-widget_type=\"heading.default\">\n\t\t\t\t<div class=\"elementor-widget-container\">\n\t\t\t\t\t<h2 class=\"elementor-heading-title elementor-size-default\">\u201cHay que ser de una cala\u00f1a especial para mentir con muertos de por medio\u201d\n\n<\/h2>\t\t\t\t<\/div>\n\t\t\t\t<\/div>\n\t\t\t\t\t<\/div>\n\t\t<\/div>\n\t\t\t\t\t<\/div>\n\t\t<\/section>\n\t\t\t\t<section class=\"elementor-section elementor-top-section elementor-element elementor-element-53e62fe elementor-section-boxed elementor-section-height-default elementor-section-height-default\" data-id=\"53e62fe\" data-element_type=\"section\">\n\t\t\t\t\t\t<div class=\"elementor-container elementor-column-gap-default\">\n\t\t\t\t\t<div class=\"elementor-column elementor-col-100 elementor-top-column elementor-element elementor-element-f00c3ed\" data-id=\"f00c3ed\" data-element_type=\"column\">\n\t\t\t<div class=\"elementor-widget-wrap elementor-element-populated\">\n\t\t\t\t\t\t<div class=\"elementor-element elementor-element-8765c64 elementor-widget elementor-widget-text-editor\" data-id=\"8765c64\" data-element_type=\"widget\" data-widget_type=\"text-editor.default\">\n\t\t\t\t<div class=\"elementor-widget-container\">\n\t\t\t\t\t\t\t\t\t<p><b>MS.- \u00bfSe refiere al llamado protocolo de la verg\u00fcenza, como el que se orden\u00f3 en Madrid para que no se trasladaran residentes a los hospitales?<\/b><\/p><p><span style=\"font-weight: 400;\">MR.- Ese es uno de los cuatro elementos que contribuyeron a que el n\u00famero de muertos en las residencias madrile\u00f1as sea el mayor de toda Espa\u00f1a. Ese tipo de protocolos es completamente inaceptable porque imped\u00eda un examen individualizado a cada mayor para tomar luego una decisi\u00f3n, como establecen todos los c\u00f3digos \u00e9ticos. Impedir que alguien entre en un triaje [valoraci\u00f3n del estado de un paciente] por la edad o porque vive en una residencia fue una decisi\u00f3n monstruosa.\u00a0<\/span><\/p><p><b>M.S.- Llama la atenci\u00f3n que pol\u00edticos que se rasgan las vestiduras por la ley de la eutanasia permitieran que se encerrara literalmente con llave en sus habitaciones a ancianos y ancianas y los abandonaran a su suerte.\u00a0<\/b><\/p><p><span style=\"font-weight: 400;\">MR.- Me ahorro los calificativos.\u00a0<\/span><\/p><ol><li><b> Hay que recordar, en todo caso, que D\u00edaz Ayuso neg\u00f3 la existencia de esos protocolos.\u00a0<\/b><\/li><\/ol><p><span style=\"font-weight: 400;\">MR.- Hay que ser de una cala\u00f1a especial para mentir cuando hay muertos de por medio. Ayuso minti\u00f3 al decir que el protocolo era un borrador, mentira que ya qued\u00f3 desmontada. El indigno protocolo se aprob\u00f3, se entreg\u00f3 a sus ejecutores y se aplic\u00f3. Ayuso sigui\u00f3 mintiendo durante la campa\u00f1a electoral al afirmar que ning\u00fan mayor se hubiera salvado aunque hubiera sido trasladado a un hospital. \u00bfC\u00f3mo puede saberlo? \u00bfC\u00f3mo sabe ella que de todas esas miles de personas no se habr\u00edan salvado algunas? Ninguna, dice. Es una mentira flagrante. Murieron adem\u00e1s mayores no s\u00f3lo por covid, tambi\u00e9n por otras enfermedades porque el protocolo se aplicaba a todos, sin excepci\u00f3n. Es imposible que la Sanidad trate a seis mil personas y no se salve ninguna. Hay una prueba emp\u00edrica. Cuando a partir de mediados de abril de 2020 se permiten los traslados de residentes a los hospitales se desploman los fallecimientos. No son opiniones. Hay pruebas documentales y datos oficiales. <\/span><\/p>\t\t\t\t\t\t\t\t<\/div>\n\t\t\t\t<\/div>\n\t\t\t\t\t<\/div>\n\t\t<\/div>\n\t\t\t\t\t<\/div>\n\t\t<\/section>\n\t\t\t\t<section class=\"elementor-section elementor-top-section elementor-element elementor-element-dab36f2 elementor-section-boxed elementor-section-height-default elementor-section-height-default\" data-id=\"dab36f2\" data-element_type=\"section\">\n\t\t\t\t\t\t<div class=\"elementor-container elementor-column-gap-default\">\n\t\t\t\t\t<div class=\"elementor-column elementor-col-100 elementor-top-column elementor-element elementor-element-424920a\" data-id=\"424920a\" data-element_type=\"column\">\n\t\t\t<div class=\"elementor-widget-wrap elementor-element-populated\">\n\t\t\t\t\t\t<div class=\"elementor-element elementor-element-9cff560 elementor-widget elementor-widget-heading\" data-id=\"9cff560\" data-element_type=\"widget\" data-widget_type=\"heading.default\">\n\t\t\t\t<div class=\"elementor-widget-container\">\n\t\t\t\t\t<h2 class=\"elementor-heading-title elementor-size-default\">\u201cS\u00f3lo 23 mayores, todos leves, fueron trasladados de las residencias al Ifema\u201d\n\n<\/h2>\t\t\t\t<\/div>\n\t\t\t\t<\/div>\n\t\t\t\t\t<\/div>\n\t\t<\/div>\n\t\t\t\t\t<\/div>\n\t\t<\/section>\n\t\t\t\t<section class=\"elementor-section elementor-top-section elementor-element elementor-element-d7595a1 elementor-section-boxed elementor-section-height-default elementor-section-height-default\" data-id=\"d7595a1\" data-element_type=\"section\">\n\t\t\t\t\t\t<div class=\"elementor-container elementor-column-gap-default\">\n\t\t\t\t\t<div class=\"elementor-column elementor-col-100 elementor-top-column elementor-element elementor-element-a511abd\" data-id=\"a511abd\" data-element_type=\"column\">\n\t\t\t<div class=\"elementor-widget-wrap elementor-element-populated\">\n\t\t\t\t\t\t<div class=\"elementor-element elementor-element-286accb elementor-widget elementor-widget-text-editor\" data-id=\"286accb\" data-element_type=\"widget\" data-widget_type=\"text-editor.default\">\n\t\t\t\t<div class=\"elementor-widget-container\">\n\t\t\t\t\t\t\t\t\t<p><b>MS.- Ha hecho referencias a otros tres factores que se dieron al mismo tiempo en Madrid.<\/b><\/p><p><span style=\"font-weight: 400;\">MR.- El gobierno de D\u00edaz Ayuso ten\u00eda tres alternativas. Primera, medicalizar las residencias. Lo reclam\u00f3 Reyero cuando propuso que o los residentes iban al hospital o el hospital ten\u00eda que ir a la residencia. No se hizo, incumpliendo adem\u00e1s resoluciones expresas del Tribunal Superior de Justicia de Madrid. La segunda alternativa era el Ifema.\u00a0<\/span><\/p><p><b>M.S. El \u2018hospital milagro\u2019, otro de los bulos de Ayuso que ha quedado desmontado.<\/b><\/p><p><span style=\"font-weight: 400;\">M.R. Fue una operaci\u00f3n claramente de propaganda. Construyes un hospital de campa\u00f1a con 5.500 camas, est\u00e1 abierto durante seis semanas, periodo en el que fallecen en los geri\u00e1tricos 7.122 personas por covid y otras causas sin recibir atenci\u00f3n sanitaria, y el n\u00famero de mayores que se traslada desde las residencias all\u00ed es exactamente de 23, cuando adem\u00e1s hab\u00eda camas libres, ya que el Ifema s\u00f3lo atendi\u00f3 a 3.811 personas. Y la tercera alternativa eran los hospitales privados. Todos pasaron a estar bajo el mando del consejero de Sanidad. Mando \u00fanico, muy bien. \u00bfN\u00famero de personas trasladadas de residencias de mayores a hospitales que no tuvieran seguro privado? Cero. No hay constancia de un solo traslado desde un geri\u00e1trico a un hospital privado a trav\u00e9s del servicio p\u00fablico de ambulancias. Ni uno solo. <\/span><\/p>\t\t\t\t\t\t\t\t<\/div>\n\t\t\t\t<\/div>\n\t\t\t\t\t<\/div>\n\t\t<\/div>\n\t\t\t\t\t<\/div>\n\t\t<\/section>\n\t\t\t\t<section class=\"elementor-section elementor-top-section elementor-element elementor-element-8a0375e elementor-section-boxed elementor-section-height-default elementor-section-height-default\" data-id=\"8a0375e\" data-element_type=\"section\">\n\t\t\t\t\t\t<div class=\"elementor-container elementor-column-gap-default\">\n\t\t\t\t\t<div class=\"elementor-column elementor-col-100 elementor-top-column elementor-element elementor-element-f4ecd65\" data-id=\"f4ecd65\" data-element_type=\"column\">\n\t\t\t<div class=\"elementor-widget-wrap elementor-element-populated\">\n\t\t\t\t\t\t<div class=\"elementor-element elementor-element-ee91b12 elementor-widget elementor-widget-heading\" data-id=\"ee91b12\" data-element_type=\"widget\" data-widget_type=\"heading.default\">\n\t\t\t\t<div class=\"elementor-widget-container\">\n\t\t\t\t\t<h2 class=\"elementor-heading-title elementor-size-default\">\u201cRecortar en un pa\u00f1al reporta miles de euros.\nEs la l\u00f3gica de los fondos de inversi\u00f3n\u201d\n<\/h2>\t\t\t\t<\/div>\n\t\t\t\t<\/div>\n\t\t\t\t\t<\/div>\n\t\t<\/div>\n\t\t\t\t\t<\/div>\n\t\t<\/section>\n\t\t\t\t<section class=\"elementor-section elementor-top-section elementor-element elementor-element-4bc028a elementor-section-boxed elementor-section-height-default elementor-section-height-default\" data-id=\"4bc028a\" data-element_type=\"section\">\n\t\t\t\t\t\t<div class=\"elementor-container elementor-column-gap-default\">\n\t\t\t\t\t<div class=\"elementor-column elementor-col-100 elementor-top-column elementor-element elementor-element-0373ef4\" data-id=\"0373ef4\" data-element_type=\"column\">\n\t\t\t<div class=\"elementor-widget-wrap elementor-element-populated\">\n\t\t\t\t\t\t<div class=\"elementor-element elementor-element-f4df957 elementor-widget elementor-widget-text-editor\" data-id=\"f4df957\" data-element_type=\"widget\" data-widget_type=\"text-editor.default\">\n\t\t\t\t<div class=\"elementor-widget-container\">\n\t\t\t\t\t\t\t\t\t<p><b>MS.- No hay por donde cogerlo, desde luego. El libro aborda al suculento negocio que supone el cuidado de los mayores con ese modelo de macroresidencias de gesti\u00f3n privada en manos de fondos de inversi\u00f3n, un modelo que influy\u00f3 en la elevada mortalidad entre los residentes.<\/b><\/p><p><span style=\"font-weight: 400;\">MR.- Por su naturaleza, los fondos de inversi\u00f3n tienen dos caracter\u00edsticas que los convierten en muy da\u00f1inos para las residencias de mayores. Una, que son inversiones temporales. Estos fondos entran en un negocio y en un plazo m\u00e1ximo de cinco a\u00f1os tienen que salir de \u00e9l tras haber logrado el mayor pelotazo posible. Ese es su objetivo y no el de ofrecer un servicio de calidad a cambio de un beneficio razonable. Un segundo elemento es que estos fondos compran empresas con operaciones de endeudamiento muy importantes y necesitan repagar la deuda cuantos antes. Por eso se fijan en sectores que generan mucho efectivo, como el de los geri\u00e1tricos.\u00a0<\/span><\/p><p><b>MS.- Pero una persona mayor, sobre todo si es dependiente, necesita muchos cuidados. \u00bfTanto margen de beneficio se obtiene?<\/b><\/p><p><span style=\"font-weight: 400;\">MR.- Las residencias tienen unos costes fijos muy est\u00e1ndares de personal, alimentaci\u00f3n y mantenimiento, donde hay poca flexibilidad. Por tanto, ahorrar en costes en un geri\u00e1trico es recortar directamente en la calidad de vida de los ancianos y ancianas. Un ejemplo. Un recorte imperceptible como un yogur o un pa\u00f1al, cuyo coste es de unos c\u00e9ntimos, les reporta a los grandes grupos como DomusVi u Orpea, que gestionan miles de plazas, centenares de miles de euros al a\u00f1o. Esa es la l\u00f3gica que aplican. En el libro recojo el testimonio de una enfermera que ha visto como la atenci\u00f3n en los geri\u00e1tricos ha empeorado a pasos agigantados. Cuenta que a los mayores se les olvida qu\u00e9 es comer pescado, que no se hacen cambios posturales o que las infecciones de orina son constantes\u2026 Esto pasa porque los tratan como apuntes contables y no como seres humanos. <\/span><\/p>\t\t\t\t\t\t\t\t<\/div>\n\t\t\t\t<\/div>\n\t\t\t\t\t<\/div>\n\t\t<\/div>\n\t\t\t\t\t<\/div>\n\t\t<\/section>\n\t\t\t\t<section class=\"elementor-section elementor-top-section elementor-element elementor-element-a6d77b6 elementor-section-boxed elementor-section-height-default elementor-section-height-default\" data-id=\"a6d77b6\" data-element_type=\"section\">\n\t\t\t\t\t\t<div class=\"elementor-container elementor-column-gap-default\">\n\t\t\t\t\t<div class=\"elementor-column elementor-col-100 elementor-top-column elementor-element elementor-element-ed32675\" data-id=\"ed32675\" data-element_type=\"column\">\n\t\t\t<div class=\"elementor-widget-wrap elementor-element-populated\">\n\t\t\t\t\t\t<div class=\"elementor-element elementor-element-188bd0a elementor-widget elementor-widget-heading\" data-id=\"188bd0a\" data-element_type=\"widget\" data-widget_type=\"heading.default\">\n\t\t\t\t<div class=\"elementor-widget-container\">\n\t\t\t\t\t<h2 class=\"elementor-heading-title elementor-size-default\">\u201cLos fondos viven de lo p\u00fablico y luego montan estructuras fiscales para no pagar al fisco\u201d\n<\/h2>\t\t\t\t<\/div>\n\t\t\t\t<\/div>\n\t\t\t\t\t<\/div>\n\t\t<\/div>\n\t\t\t\t\t<\/div>\n\t\t<\/section>\n\t\t\t\t<section class=\"elementor-section elementor-top-section elementor-element elementor-element-1162bdc elementor-section-boxed elementor-section-height-default elementor-section-height-default\" data-id=\"1162bdc\" data-element_type=\"section\">\n\t\t\t\t\t\t<div class=\"elementor-container elementor-column-gap-default\">\n\t\t\t\t\t<div class=\"elementor-column elementor-col-100 elementor-top-column elementor-element elementor-element-320dc07\" data-id=\"320dc07\" data-element_type=\"column\">\n\t\t\t<div class=\"elementor-widget-wrap elementor-element-populated\">\n\t\t\t\t\t\t<div class=\"elementor-element elementor-element-0df48c5 elementor-widget elementor-widget-text-editor\" data-id=\"0df48c5\" data-element_type=\"widget\" data-widget_type=\"text-editor.default\">\n\t\t\t\t<div class=\"elementor-widget-container\">\n\t\t\t\t\t\t\t\t\t<p><b>MS.- Beneficios que no tributan porque acaban en para\u00edsos fiscales.<\/b><\/p><p><span style=\"font-weight: 400;\">M.R.- Es la triste paradoja, el capitalismo de lo p\u00fablico. Los grandes grupos viven del dinero p\u00fablico y luego montan estructuras fiscales para no pagar un euro al fisco o pagar lo m\u00ednimo posible, y encima no sabemos qui\u00e9nes son sus propietarios. Es de una falta de transparencia absoluta, de manera que quien adjudica esos contratos podr\u00eda perfectamente tener intereses en esos fondos. Este funcionamiento es inaceptable en un sistema democr\u00e1tico.\u00a0<\/span><\/p><p><b>MS.- Aunque la mayor\u00eda de las residencias en Espa\u00f1a son de gesti\u00f3n privada no podemos olvidar que al Estado, en este caso a las comunidades aut\u00f3nomas, les corresponde vigilar que el servicio se preste con todas las garant\u00edas. \u00bfQu\u00e9 ha fallado?<\/b><\/p><p><span style=\"font-weight: 400;\">MR.- La Administraci\u00f3n ha hecho dejaci\u00f3n absoluta de su papel garantista en el cuidado de los mayores. La normativa sobre las ratios de personal, por ejemplo, est\u00e1 totalmente desfasada como tambi\u00e9n lo est\u00e1 el modelo de gesti\u00f3n; las inspecciones pr\u00e1cticamente no existen, y se ponen muy pocas sanciones firmes. En seis a\u00f1os, de 2014 a 2019, se pusieron en toda Espa\u00f1a diez sanciones de m\u00e1s de cien mil euros, y de esas diez, ninguna afect\u00f3 a un gran grupo. Toda esta dejaci\u00f3n de funciones es imprescindible para que los grandes grupos hagan negocio, de otra forma no les saldr\u00eda a cuenta. En Suecia el lucro admitido en servicios sociales est\u00e1 en un razonable 8%. En Espa\u00f1a es la ley de la selva.<\/span><\/p>\t\t\t\t\t\t\t\t<\/div>\n\t\t\t\t<\/div>\n\t\t\t\t\t<\/div>\n\t\t<\/div>\n\t\t\t\t\t<\/div>\n\t\t<\/section>\n\t\t\t\t<section class=\"elementor-section elementor-top-section elementor-element elementor-element-b114cba elementor-section-boxed elementor-section-height-default elementor-section-height-default\" data-id=\"b114cba\" data-element_type=\"section\">\n\t\t\t\t\t\t<div class=\"elementor-container elementor-column-gap-default\">\n\t\t\t\t\t<div class=\"elementor-column elementor-col-100 elementor-top-column elementor-element elementor-element-0801f3a\" data-id=\"0801f3a\" data-element_type=\"column\">\n\t\t\t<div class=\"elementor-widget-wrap elementor-element-populated\">\n\t\t\t\t\t\t<div class=\"elementor-element elementor-element-70d39b9 elementor-widget elementor-widget-heading\" data-id=\"70d39b9\" data-element_type=\"widget\" data-widget_type=\"heading.default\">\n\t\t\t\t<div class=\"elementor-widget-container\">\n\t\t\t\t\t<h2 class=\"elementor-heading-title elementor-size-default\">\u201cHacer residencias con garant\u00edas no es una utop\u00eda. Se puede empezar ya\u201d\n<\/h2>\t\t\t\t<\/div>\n\t\t\t\t<\/div>\n\t\t\t\t\t<\/div>\n\t\t<\/div>\n\t\t\t\t\t<\/div>\n\t\t<\/section>\n\t\t\t\t<section class=\"elementor-section elementor-top-section elementor-element elementor-element-fde9630 elementor-section-boxed elementor-section-height-default elementor-section-height-default\" data-id=\"fde9630\" data-element_type=\"section\">\n\t\t\t\t\t\t<div class=\"elementor-container elementor-column-gap-default\">\n\t\t\t\t\t<div class=\"elementor-column elementor-col-100 elementor-top-column elementor-element elementor-element-f148d4f\" data-id=\"f148d4f\" data-element_type=\"column\">\n\t\t\t<div class=\"elementor-widget-wrap elementor-element-populated\">\n\t\t\t\t\t\t<div class=\"elementor-element elementor-element-8c3cd10 elementor-widget elementor-widget-text-editor\" data-id=\"8c3cd10\" data-element_type=\"widget\" data-widget_type=\"text-editor.default\">\n\t\t\t\t<div class=\"elementor-widget-container\">\n\t\t\t\t\t\t\t\t\t<p><b>MS.- \u00bfEs realista pensar que con un modelo de gesti\u00f3n de residencias privatizado al 90% se podr\u00eda revertir la situaci\u00f3n?<\/b><\/p><p><span style=\"font-weight: 400;\">MR.- Hacer residencias de mayores con todas las garant\u00edas no es una utop\u00eda. \u00bfEs posible que dentro de un a\u00f1o todas las residencias sean p\u00fablicas? No, pero s\u00ed se podr\u00eda empezar el procedimiento para lograrlo, sin coste y con todas las garant\u00edas jur\u00eddicas. Primero construyendo m\u00e1s residencias p\u00fablicas, pero sobre todo, aprovechar la finalizaci\u00f3n de los contratos de gesti\u00f3n privada, que suelen ser de cuatro o cinco a\u00f1os, para recuperar la gesti\u00f3n p\u00fablica. Y mientras tanto, abordar cuanto antes una reforma del marco legal que garantice una atenci\u00f3n digna y de calidad e impida los pelotazos de los fondos de inversi\u00f3n.\u00a0<\/span><\/p><p><b>MS.- Por \u00faltimo, usted tiene inter\u00e9s en dejar claro que no todas las empresas que gestionan residencias son iguales.\u00a0<\/b><\/p><p><span style=\"font-weight: 400;\">MR.- No se puede generalizar porque el sector de las residencias es muy diverso. En Espa\u00f1a hay grupos como DomusVi que gestionan m\u00e1s de 18.000 plazas hasta residencias que no llegan a las 30 plazas. Las actuaciones claramente condenables afectan sobre todo a las que gestionan los grandes grupos en manos de fondos de inversi\u00f3n.<\/span><\/p>\t\t\t\t\t\t\t\t<\/div>\n\t\t\t\t<\/div>\n\t\t\t\t\t<\/div>\n\t\t<\/div>\n\t\t\t\t\t<\/div>\n\t\t<\/section>\n\t\t\t\t<section class=\"elementor-section elementor-top-section elementor-element elementor-element-1512729 elementor-section-boxed elementor-section-height-default elementor-section-height-default\" data-id=\"1512729\" data-element_type=\"section\">\n\t\t\t\t\t\t<div class=\"elementor-container elementor-column-gap-default\">\n\t\t\t\t\t<div class=\"elementor-column elementor-col-100 elementor-top-column elementor-element elementor-element-d834d1c\" data-id=\"d834d1c\" data-element_type=\"column\">\n\t\t\t<div class=\"elementor-widget-wrap elementor-element-populated\">\n\t\t\t\t\t\t<div class=\"elementor-element elementor-element-38cf55e elementor-widget-divider--view-line elementor-widget elementor-widget-divider\" data-id=\"38cf55e\" data-element_type=\"widget\" data-widget_type=\"divider.default\">\n\t\t\t\t<div class=\"elementor-widget-container\">\n\t\t\t\t\t\t\t<div class=\"elementor-divider\">\n\t\t\t<span class=\"elementor-divider-separator\">\n\t\t\t\t\t\t<\/span>\n\t\t<\/div>\n\t\t\t\t\t\t<\/div>\n\t\t\t\t<\/div>\n\t\t\t\t\t<\/div>\n\t\t<\/div>\n\t\t\t\t\t<\/div>\n\t\t<\/section>\n\t\t\t\t<section class=\"elementor-section elementor-top-section elementor-element elementor-element-0fbf1b0 elementor-section-boxed elementor-section-height-default elementor-section-height-default\" data-id=\"0fbf1b0\" data-element_type=\"section\">\n\t\t\t\t\t\t<div class=\"elementor-container elementor-column-gap-default\">\n\t\t\t\t\t<div class=\"elementor-column elementor-col-100 elementor-top-column elementor-element elementor-element-748fd42\" data-id=\"748fd42\" data-element_type=\"column\">\n\t\t\t<div class=\"elementor-widget-wrap elementor-element-populated\">\n\t\t\t\t\t\t<div class=\"elementor-element elementor-element-2d1984a elementor-widget elementor-widget-text-editor\" data-id=\"2d1984a\" data-element_type=\"widget\" data-widget_type=\"text-editor.default\">\n\t\t\t\t<div class=\"elementor-widget-container\">\n\t\t\t\t\t\t\t\t\t<p><strong>Reportaje:<\/strong><\/p><h2 class=\"elementor-heading-title elementor-size-xxl\"><a href=\"https:\/\/madridsindical.es\/archivo\/que-paso-geriatricos-madrilenos-covid\/\">Tragedia en las residencias de mayores<\/a><\/h2>\t\t\t\t\t\t\t\t<\/div>\n\t\t\t\t<\/div>\n\t\t\t\t\t<\/div>\n\t\t<\/div>\n\t\t\t\t\t<\/div>\n\t\t<\/section>\n\t\t\t\t<\/div>\n\t\t","protected":false},"excerpt":{"rendered":"<p>\u201cImpedir atenci\u00f3n sanitaria a personas ancianas fue una decisi\u00f3n monstruosa\u201d Texto: Alejandra Acosta. Fotos: Fran Lorente . V\u00eddeo: Fran Lorente, Javier Cantizani Manuel Rico describe en su libro el horror que se vivi\u00f3 durante la primera ola de la pandemia en los geri\u00e1tricos gestionados por fondos de inversi\u00f3n, destapa c\u00f3mo obtienen beneficios a costa de recortar en personal, calidad de vida de los mayores y de no pagar impuestos, denuncia la dejaci\u00f3n de funciones de<span class=\"more-link\"><a href=\"https:\/\/madridsindical.es\/archivo\/2021\/07\/13\/entrevista-manuel-rico-jefe-de-investigacion-de-infolibre-y-autor-de-verguenza-el-escandalo-de-las-residencias\/\">Contin\u00faa leyendo<\/a><\/span><\/p>\n","protected":false},"author":1,"featured_media":2687,"comment_status":"closed","ping_status":"closed","sticky":false,"template":"","format":"standard","meta":{"footnotes":""},"categories":[3],"tags":[47],"class_list":["entry","author-madridsindical","post-2686","post","type-post","status-publish","format-standard","has-post-thumbnail","category-entrevistas","tag-archivo"],"aioseo_notices":[],"_links":{"self":[{"href":"https:\/\/madridsindical.es\/archivo\/wp-json\/wp\/v2\/posts\/2686","targetHints":{"allow":["GET"]}}],"collection":[{"href":"https:\/\/madridsindical.es\/archivo\/wp-json\/wp\/v2\/posts"}],"about":[{"href":"https:\/\/madridsindical.es\/archivo\/wp-json\/wp\/v2\/types\/post"}],"author":[{"embeddable":true,"href":"https:\/\/madridsindical.es\/archivo\/wp-json\/wp\/v2\/users\/1"}],"replies":[{"embeddable":true,"href":"https:\/\/madridsindical.es\/archivo\/wp-json\/wp\/v2\/comments?post=2686"}],"version-history":[{"count":22,"href":"https:\/\/madridsindical.es\/archivo\/wp-json\/wp\/v2\/posts\/2686\/revisions"}],"predecessor-version":[{"id":4868,"href":"https:\/\/madridsindical.es\/archivo\/wp-json\/wp\/v2\/posts\/2686\/revisions\/4868"}],"wp:featuredmedia":[{"embeddable":true,"href":"https:\/\/madridsindical.es\/archivo\/wp-json\/wp\/v2\/media\/2687"}],"wp:attachment":[{"href":"https:\/\/madridsindical.es\/archivo\/wp-json\/wp\/v2\/media?parent=2686"}],"wp:term":[{"taxonomy":"category","embeddable":true,"href":"https:\/\/madridsindical.es\/archivo\/wp-json\/wp\/v2\/categories?post=2686"},{"taxonomy":"post_tag","embeddable":true,"href":"https:\/\/madridsindical.es\/archivo\/wp-json\/wp\/v2\/tags?post=2686"}],"curies":[{"name":"wp","href":"https:\/\/api.w.org\/{rel}","templated":true}]}}