{"id":2551,"date":"2021-04-12T16:02:17","date_gmt":"2021-04-12T16:02:17","guid":{"rendered":"https:\/\/madridsindical.es\/archivo\/?p=2551"},"modified":"2025-11-06T12:25:51","modified_gmt":"2025-11-06T12:25:51","slug":"entrevista-a-jaime-cedrun-secretario-general-de-ccoo-de-madrid","status":"publish","type":"post","link":"https:\/\/madridsindical.es\/archivo\/2021\/04\/12\/entrevista-a-jaime-cedrun-secretario-general-de-ccoo-de-madrid\/","title":{"rendered":"Entrevista a Jaime Cedr\u00fan, secretario general de CCOO de Madrid"},"content":{"rendered":"\t\t<div data-elementor-type=\"wp-post\" data-elementor-id=\"2551\" class=\"elementor elementor-2551\">\n\t\t\t\t\t\t<section class=\"elementor-section elementor-top-section elementor-element elementor-element-f094143 elementor-section-boxed elementor-section-height-default elementor-section-height-default\" data-id=\"f094143\" data-element_type=\"section\">\n\t\t\t\t\t\t<div class=\"elementor-container elementor-column-gap-default\">\n\t\t\t\t\t<div class=\"elementor-column elementor-col-100 elementor-top-column elementor-element elementor-element-84d9465\" data-id=\"84d9465\" data-element_type=\"column\">\n\t\t\t<div class=\"elementor-widget-wrap elementor-element-populated\">\n\t\t\t\t\t\t<div class=\"elementor-element elementor-element-ed79573 elementor-widget elementor-widget-heading\" data-id=\"ed79573\" data-element_type=\"widget\" data-widget_type=\"heading.default\">\n\t\t\t\t<div class=\"elementor-widget-container\">\n\t\t\t\t\t<h2 class=\"elementor-heading-title elementor-size-default\">\u201cLa pol\u00edtica de la derecha genera desigualdad y compromete la reconstrucci\u00f3n en Madrid\u201d<\/h2>\t\t\t\t<\/div>\n\t\t\t\t<\/div>\n\t\t\t\t\t<\/div>\n\t\t<\/div>\n\t\t\t\t\t<\/div>\n\t\t<\/section>\n\t\t\t\t<section class=\"elementor-section elementor-top-section elementor-element elementor-element-d912f39 elementor-section-boxed elementor-section-height-default elementor-section-height-default\" data-id=\"d912f39\" data-element_type=\"section\">\n\t\t\t\t\t\t<div class=\"elementor-container elementor-column-gap-default\">\n\t\t\t\t\t<div class=\"elementor-column elementor-col-100 elementor-top-column elementor-element elementor-element-2262cbf\" data-id=\"2262cbf\" data-element_type=\"column\">\n\t\t\t<div class=\"elementor-widget-wrap elementor-element-populated\">\n\t\t\t\t\t\t<div class=\"elementor-element elementor-element-fba3740 elementor-widget elementor-widget-text-editor\" data-id=\"fba3740\" data-element_type=\"widget\" data-widget_type=\"text-editor.default\">\n\t\t\t\t<div class=\"elementor-widget-container\">\n\t\t\t\t\t\t\t\t\t<p><strong>Fotos, v\u00eddeo y edici\u00f3n de v\u00eddeo: <a href=\"https:\/\/twitter.com\/frlorente\">Fran Lorente<\/a> y Javier Cantizani<\/strong><\/p>\t\t\t\t\t\t\t\t<\/div>\n\t\t\t\t<\/div>\n\t\t\t\t\t<\/div>\n\t\t<\/div>\n\t\t\t\t\t<\/div>\n\t\t<\/section>\n\t\t\t\t<section class=\"elementor-section elementor-top-section elementor-element elementor-element-524ecfe elementor-section-boxed elementor-section-height-default elementor-section-height-default\" data-id=\"524ecfe\" data-element_type=\"section\">\n\t\t\t\t\t\t<div class=\"elementor-container elementor-column-gap-default\">\n\t\t\t\t\t<div class=\"elementor-column elementor-col-100 elementor-top-column elementor-element elementor-element-995a990\" data-id=\"995a990\" data-element_type=\"column\">\n\t\t\t<div class=\"elementor-widget-wrap elementor-element-populated\">\n\t\t\t\t\t\t<div class=\"elementor-element elementor-element-cc234e0 elementor-widget elementor-widget-heading\" data-id=\"cc234e0\" data-element_type=\"widget\" data-widget_type=\"heading.default\">\n\t\t\t\t<div class=\"elementor-widget-container\">\n\t\t\t\t\t<h4 class=\"elementor-heading-title elementor-size-default\"><i>\u201cLa desigualdad en la regi\u00f3n obedece a un sistema impuesto por la \u00e9lite econ\u00f3mica\u201d <\/i>\n<\/h4>\t\t\t\t<\/div>\n\t\t\t\t<\/div>\n\t\t\t\t\t<\/div>\n\t\t<\/div>\n\t\t\t\t\t<\/div>\n\t\t<\/section>\n\t\t\t\t<section class=\"elementor-section elementor-top-section elementor-element elementor-element-488311f elementor-section-boxed elementor-section-height-default elementor-section-height-default\" data-id=\"488311f\" data-element_type=\"section\">\n\t\t\t\t\t\t<div class=\"elementor-container elementor-column-gap-default\">\n\t\t\t\t\t<div class=\"elementor-column elementor-col-100 elementor-top-column elementor-element elementor-element-53e7251\" data-id=\"53e7251\" data-element_type=\"column\">\n\t\t\t<div class=\"elementor-widget-wrap elementor-element-populated\">\n\t\t\t\t\t\t<section class=\"elementor-section elementor-inner-section elementor-element elementor-element-07d9383 elementor-section-boxed elementor-section-height-default elementor-section-height-default\" data-id=\"07d9383\" data-element_type=\"section\">\n\t\t\t\t\t\t<div class=\"elementor-container elementor-column-gap-default\">\n\t\t\t\t\t<div class=\"elementor-column elementor-col-50 elementor-inner-column elementor-element elementor-element-ccaf9f3\" data-id=\"ccaf9f3\" data-element_type=\"column\">\n\t\t\t<div class=\"elementor-widget-wrap elementor-element-populated\">\n\t\t\t\t\t\t<div class=\"elementor-element elementor-element-7a1146e elementor-widget elementor-widget-image\" data-id=\"7a1146e\" data-element_type=\"widget\" data-widget_type=\"image.default\">\n\t\t\t\t<div class=\"elementor-widget-container\">\n\t\t\t\t\t\t\t\t\t\t\t\t<figure class=\"wp-caption\">\n\t\t\t\t\t\t\t\t\t\t<img fetchpriority=\"high\" decoding=\"async\" width=\"682\" height=\"1024\" src=\"https:\/\/madridsindical.es\/archivo\/wp-content\/uploads\/2021\/04\/005IMG_4223-682x1024.jpg\" class=\"attachment-large size-large wp-image-2561\" alt=\"\" srcset=\"https:\/\/madridsindical.es\/archivo\/wp-content\/uploads\/2021\/04\/005IMG_4223-682x1024.jpg 682w, https:\/\/madridsindical.es\/archivo\/wp-content\/uploads\/2021\/04\/005IMG_4223-200x300.jpg 200w, https:\/\/madridsindical.es\/archivo\/wp-content\/uploads\/2021\/04\/005IMG_4223-768x1152.jpg 768w, https:\/\/madridsindical.es\/archivo\/wp-content\/uploads\/2021\/04\/005IMG_4223-1024x1536.jpg 1024w, https:\/\/madridsindical.es\/archivo\/wp-content\/uploads\/2021\/04\/005IMG_4223-367x550.jpg 367w, https:\/\/madridsindical.es\/archivo\/wp-content\/uploads\/2021\/04\/005IMG_4223-333x500.jpg 333w, https:\/\/madridsindical.es\/archivo\/wp-content\/uploads\/2021\/04\/005IMG_4223.jpg 1333w\" sizes=\"(max-width: 682px) 100vw, 682px\" \/>\t\t\t\t\t\t\t\t\t\t\t<figcaption class=\"widget-image-caption wp-caption-text\">Jaime Cedr\u00fan, secretario general de CCOO Madrid<\/figcaption>\n\t\t\t\t\t\t\t\t\t\t<\/figure>\n\t\t\t\t\t\t\t\t\t<\/div>\n\t\t\t\t<\/div>\n\t\t\t\t\t<\/div>\n\t\t<\/div>\n\t\t\t\t<div class=\"elementor-column elementor-col-50 elementor-inner-column elementor-element elementor-element-c310381\" data-id=\"c310381\" data-element_type=\"column\">\n\t\t\t<div class=\"elementor-widget-wrap elementor-element-populated\">\n\t\t\t\t\t\t<div class=\"elementor-element elementor-element-d082dbf elementor-widget elementor-widget-text-editor\" data-id=\"d082dbf\" data-element_type=\"widget\" data-widget_type=\"text-editor.default\">\n\t\t\t\t<div class=\"elementor-widget-container\">\n\t\t\t\t\t\t\t\t\t<p><strong>Lleg\u00f3 a la secretar\u00eda general de CCOO de Madrid en plena resaca de la gran crisis financiera y se marcha, tras cumplir dos mandatos, en medio de un tsunami pand\u00e9mico que ha exigido al sindicato aumentar la velocidad de crucero cuando m\u00e1s arreciaba la tormenta. Todo en un contexto de inestabilidad pol\u00edtica permanente en una Comunidad que ha tenido que cambiar la presidencia cinco veces en ocho a\u00f1os debido a la corrupci\u00f3n. Jaime Cedr\u00fan, vallisoletano, profesor de F\u00edsica y Qu\u00edmica, con m\u00e1s de cuarenta a\u00f1os a\u00f1os de militancia sindical,<\/strong> <strong>conf\u00eda en que el XII Congreso alumbre \u201cuna organizaci\u00f3n unida, que culmine los avances en igualdad, con buenos equipos y una estructura \u00e1gil, din\u00e1mica y flexible para seguir defendiendo con solvencia a la clase trabajadora\u201d.<\/strong><\/p>\t\t\t\t\t\t\t\t<\/div>\n\t\t\t\t<\/div>\n\t\t\t\t<div class=\"elementor-element elementor-element-76ca296 elementor-widget elementor-widget-heading\" data-id=\"76ca296\" data-element_type=\"widget\" data-widget_type=\"heading.default\">\n\t\t\t\t<div class=\"elementor-widget-container\">\n\t\t\t\t\t<h2 class=\"elementor-heading-title elementor-size-default\"><i>\u201cTenemos que crear riqueza y distribuirla, no acumularla a costa de la clase trabajadora\u201d  <\/i><\/h2>\t\t\t\t<\/div>\n\t\t\t\t<\/div>\n\t\t\t\t\t<\/div>\n\t\t<\/div>\n\t\t\t\t\t<\/div>\n\t\t<\/section>\n\t\t\t\t\t<\/div>\n\t\t<\/div>\n\t\t\t\t\t<\/div>\n\t\t<\/section>\n\t\t\t\t<section class=\"elementor-section elementor-top-section elementor-element elementor-element-0a1d3ac elementor-section-boxed elementor-section-height-default elementor-section-height-default\" data-id=\"0a1d3ac\" data-element_type=\"section\">\n\t\t\t\t\t\t<div class=\"elementor-container elementor-column-gap-default\">\n\t\t\t\t\t<div class=\"elementor-column elementor-col-100 elementor-top-column elementor-element elementor-element-38d4687\" data-id=\"38d4687\" data-element_type=\"column\">\n\t\t\t<div class=\"elementor-widget-wrap elementor-element-populated\">\n\t\t\t\t\t\t<div class=\"elementor-element elementor-element-1121784 elementor-widget elementor-widget-text-editor\" data-id=\"1121784\" data-element_type=\"widget\" data-widget_type=\"text-editor.default\">\n\t\t\t\t<div class=\"elementor-widget-container\">\n\t\t\t\t\t\t\t\t\t<p><strong>Madrid Sindical.- Igual le da tiempo antes de irse a conocer a un sexto presidente o presidenta. <\/strong><\/p><p><strong>Jaime Cedr\u00fan.-<\/strong> Estas elecciones responden \u00fanicamente al inter\u00e9s particular de Isabel D\u00edaz Ayuso. En todo caso, ser\u00eda un buen regalo de despedida si eso significa que la Comunidad de Madrid consigue al fin un gobierno progresista que defienda a las trabajadoras y trabajadores despu\u00e9s de casi tres d\u00e9cadas de ejecutivos inestables trufados de corrupci\u00f3n del PP, de pol\u00edticas neoliberales que solo favorecen a los especuladores y generan precariedad laboral y desigualdad, de desmantelamiento de los servicios p\u00fablicos, de crispaci\u00f3n y descr\u00e9dito institucional y con la amenaza cada vez mayor del fascismo y sus provocaciones. Madrid necesita con urgencia un gobierno progresista que recupere el pacto social para afrontar la reconstrucci\u00f3n.<\/p><p><strong>MS.- El PP presume de que su modelo econ\u00f3mico ha creado mucha riqueza en la Comunidad de Madrid<\/strong><\/p><p>JC.- S\u00ed, crecemos m\u00e1s, pero lo \u00fanico que favorece el modelo econ\u00f3mico de la derecha es la acumulaci\u00f3n de riqueza en pocas manos, que es bien distinto. Un modelo basado en la explotaci\u00f3n del suelo, la especulaci\u00f3n, la privatizaci\u00f3n de los servicios p\u00fablicos, los bajos costes laborales y el empleo temporal y que obtiene grandes beneficios de la clase trabajadora y los acumula en los bolsillos de los m\u00e1s ricos a base de bajar salarios, establecer condiciones precarias y hacer regalos fiscales. Un modelo que tampoco genera una actividad econ\u00f3mica de ra\u00edces s\u00f3lidas. Ah\u00ed est\u00e1n los datos del Banco de Espa\u00f1a. De las 50 provincias espa\u00f1olas, Madrid est\u00e1 entre las once donde m\u00e1s ha ca\u00eddo el Producto Interior Bruto en 2020, un 10,5%, y las estimaciones de crecimiento del empleo para 2021 sit\u00faan a nuestra comunidad por debajo de la media en Espa\u00f1a, el 1,7% frente al 1,9%. La precariedad laboral no sirve para crear empleo estable en \u00e9poca de crecimiento y en crisis como \u00e9sta lo destruye a velocidad de v\u00e9rtigo a pesar de los ERTE. En Madrid se dilapida el potencial que tiene, va mal la salud, va mal la econom\u00eda y va mal el empleo. Salta a la vista.<\/p>\t\t\t\t\t\t\t\t<\/div>\n\t\t\t\t<\/div>\n\t\t\t\t\t<\/div>\n\t\t<\/div>\n\t\t\t\t\t<\/div>\n\t\t<\/section>\n\t\t\t\t<section class=\"elementor-section elementor-top-section elementor-element elementor-element-c4c4f0e elementor-section-boxed elementor-section-height-default elementor-section-height-default\" data-id=\"c4c4f0e\" data-element_type=\"section\">\n\t\t\t\t\t\t<div class=\"elementor-container elementor-column-gap-default\">\n\t\t\t\t\t<div class=\"elementor-column elementor-col-100 elementor-top-column elementor-element elementor-element-19c6d34\" data-id=\"19c6d34\" data-element_type=\"column\">\n\t\t\t<div class=\"elementor-widget-wrap elementor-element-populated\">\n\t\t\t\t\t\t<div class=\"elementor-element elementor-element-50336f1 elementor-widget elementor-widget-heading\" data-id=\"50336f1\" data-element_type=\"widget\" data-widget_type=\"heading.default\">\n\t\t\t\t<div class=\"elementor-widget-container\">\n\t\t\t\t\t<h4 class=\"elementor-heading-title elementor-size-default\"><i>\u201cEn Madrid va mal la salud, va mal la econom\u00eda y va mal el empleo\u201d <\/i>\n<\/h4>\t\t\t\t<\/div>\n\t\t\t\t<\/div>\n\t\t\t\t\t<\/div>\n\t\t<\/div>\n\t\t\t\t\t<\/div>\n\t\t<\/section>\n\t\t\t\t<section class=\"elementor-section elementor-top-section elementor-element elementor-element-139ca10 elementor-section-boxed elementor-section-height-default elementor-section-height-default\" data-id=\"139ca10\" data-element_type=\"section\">\n\t\t\t\t\t\t<div class=\"elementor-container elementor-column-gap-default\">\n\t\t\t\t\t<div class=\"elementor-column elementor-col-100 elementor-top-column elementor-element elementor-element-e552f00\" data-id=\"e552f00\" data-element_type=\"column\">\n\t\t\t<div class=\"elementor-widget-wrap elementor-element-populated\">\n\t\t\t\t\t\t<div class=\"elementor-element elementor-element-39cd7d9 elementor-widget elementor-widget-text-editor\" data-id=\"39cd7d9\" data-element_type=\"widget\" data-widget_type=\"text-editor.default\">\n\t\t\t\t<div class=\"elementor-widget-container\">\n\t\t\t\t\t\t\t\t\t<p><strong>MS.- Philip Alston, el relator de la ONU, advirti\u00f3 hace un a\u00f1o sobre los niveles de pobreza y la falta de pol\u00edticas sociales en la regi\u00f3n. Escribi\u00f3 en su informe que \u201co<\/strong><strong><em> bien el sistema est\u00e1 estructurado adrede para excluir a los m\u00e1s pobres, o est\u00e1 extremadamente mal dise\u00f1ado<\/em><\/strong><strong>\u00ab. \u00bfPor qu\u00e9 opci\u00f3n se inclina usted?<\/strong><\/p><p>JC.- El Informe que el equipo econ\u00f3mico de CCOO elabor\u00f3 en 2019 se adelant\u00f3 al de la ONU al denunciar que m\u00e1s del 20% de la poblaci\u00f3n madrile\u00f1a est\u00e1 en situaci\u00f3n de extrema pobreza como consecuencia directa de las pol\u00edticas del PP. Carecemos de un sistema de protecci\u00f3n y de ayudas porque los gobiernos del PP hace tiempo recortaron y privatizaron\u00a0 los servicios sociales. Las colas del hambre en Madrid desde el inicio mismo de la pandemia nos avergonzaron ante el resto de Europa. Tiene raz\u00f3n Alston, como tambi\u00e9n lo hab\u00eda puesto de manifiesto CCOO, al apuntar que la pobreza y la creciente desigualdad en Madrid obedece a un sistema clasista perfectamente pensado e impuesto por la \u00e9lite econ\u00f3mica que, adem\u00e1s, se complementa con una regi\u00f3n rota, un desarrollo regional desequilibrado con un noroeste rico y un sureste pobre. Una forma de violencia contra la ciudadan\u00eda que tiene un elevado coste porque genera segregaci\u00f3n, desigualdad, altera la convivencia y la cohesi\u00f3n social y debilita las instituciones, el mejor caldo de cultivo para los conflictos sociales y el crecimiento de las formaciones de ultraderecha. Es la negaci\u00f3n de la libertad para todos. Ha pasado en Estados Unidos con el modelo trumpista y est\u00e1 pasando aqu\u00ed.<\/p><p><strong>MS.-\u00a0 Peque\u00f1os empresarios del sector de la hosteler\u00eda y el comercio, muy afectados por la pandemia, piden desesperadamente ayuda. Se sienten desamparados. <\/strong><\/p><p>JC.- \u00bfY a qui\u00e9n piden ayuda? A las Administraciones P\u00fablicas, a qui\u00e9n si no. Recuerdo que justo antes de declararse la pandemia el PP hizo una campa\u00f1a contra la ministra de Hacienda, Mar\u00eda Jes\u00fas Montero, recurriendo de nuevo a su famoso mantra de que el dinero donde mejor est\u00e1 es en el bolsillo de los contribuyentes y presumiendo de que llevan a\u00f1os bajando impuestos en Madrid. Es un mensaje da\u00f1ino, antisocial y antipatri\u00f3tico donde los haya porque socava los cimientos mismos del concepto de sociedad democr\u00e1tica, de comunidad, al transmitir que pagar impuestos es malo, cuando es un mandato constitucional fundamental para mantener el estado del bienestar. Son los impuestos lo que hacen posible que tengamos sanidad, educaci\u00f3n, justicia, protecci\u00f3n social, ayudas tambi\u00e9n para los empresarios cuando vienen mal dadas. \u00bfY ahora qu\u00e9 les dice Ayuso a los hosteleros? \u00bfQue el dinero est\u00e1 en no se sabe qu\u00e9 bolsillos? No, claro. Tiene la desverg\u00fcenza de echar balones fuera y culpar al gobierno de Pedro S\u00e1nchez, como si los fondos estatales no salieran tambi\u00e9n de los impuestos. O se inventa lo de comunismo o libertad para no tener que rendir cuentas.<\/p><p><strong>MS.- Qu\u00e9 sinsentido.<\/strong><\/p><p>JC.- Por eso necesitamos un gobierno que recupere el protagonismo de la gesti\u00f3n p\u00fablica y no la deje en manos del poder econ\u00f3mico como ocurre ahora, que no anteponga los intereses de los m\u00e1s fuertes sobre los de la mayor\u00eda, con voluntad de dialogar, que restablezca el pacto social,\u00a0 un gobierno que se comprometa y vele por el bienestar y la mejora de las condiciones de vida de toda la poblaci\u00f3n, que se responsabilice del cuidado de los m\u00e1s vulnerables y que rescate y fortalezca los servicios p\u00fablicos, que son un derecho no un negocio. No se puede entender que siendo la Comunidad m\u00e1s rica de Espa\u00f1a sea la que menos gaste en educaci\u00f3n, sanidad y servicios sociales. Una parte del incremento de los fallecimientos en las residencias de mayores est\u00e1 directamente relacionada con la codicia de los intereses privados que ampara el modelo de gesti\u00f3n del PP. La gente tiene que ser consciente de qu\u00e9 nos jugamos y no dejarse enga\u00f1ar. Los asesores de Ayuso se inventan lemas y frases para eludir el debate de lo que de verdad importa y de paso no asumir las responsabilidades del enorme desastre de su gesti\u00f3n durante la pandemia. La antipol\u00edtica que practica Ayuso es tramposa, muy peligrosa, y compromete la reconstrucci\u00f3n de Madrid.\u00a0\u00a0<\/p>\t\t\t\t\t\t\t\t<\/div>\n\t\t\t\t<\/div>\n\t\t\t\t\t<\/div>\n\t\t<\/div>\n\t\t\t\t\t<\/div>\n\t\t<\/section>\n\t\t\t\t<section class=\"elementor-section elementor-top-section elementor-element elementor-element-cc0b5be elementor-section-boxed elementor-section-height-default elementor-section-height-default\" data-id=\"cc0b5be\" data-element_type=\"section\">\n\t\t\t\t\t\t<div class=\"elementor-container elementor-column-gap-default\">\n\t\t\t\t\t<div class=\"elementor-column elementor-col-100 elementor-top-column elementor-element elementor-element-76d4df9\" data-id=\"76d4df9\" data-element_type=\"column\">\n\t\t\t<div class=\"elementor-widget-wrap elementor-element-populated\">\n\t\t\t\t\t\t<div class=\"elementor-element elementor-element-2967412 elementor-widget elementor-widget-heading\" data-id=\"2967412\" data-element_type=\"widget\" data-widget_type=\"heading.default\">\n\t\t\t\t<div class=\"elementor-widget-container\">\n\t\t\t\t\t<h4 class=\"elementor-heading-title elementor-size-default\"><i>\u201cSostener que los impuestos son malos es un mensaje da\u00f1ino y muy poco patri\u00f3tico\u201d <\/i>\n<\/h4>\t\t\t\t<\/div>\n\t\t\t\t<\/div>\n\t\t\t\t\t<\/div>\n\t\t<\/div>\n\t\t\t\t\t<\/div>\n\t\t<\/section>\n\t\t\t\t<section class=\"elementor-section elementor-top-section elementor-element elementor-element-de9872e elementor-section-boxed elementor-section-height-default elementor-section-height-default\" data-id=\"de9872e\" data-element_type=\"section\">\n\t\t\t\t\t\t<div class=\"elementor-container elementor-column-gap-default\">\n\t\t\t\t\t<div class=\"elementor-column elementor-col-100 elementor-top-column elementor-element elementor-element-aeb5b58\" data-id=\"aeb5b58\" data-element_type=\"column\">\n\t\t\t<div class=\"elementor-widget-wrap elementor-element-populated\">\n\t\t\t\t\t\t<div class=\"elementor-element elementor-element-a1304da elementor-widget elementor-widget-text-editor\" data-id=\"a1304da\" data-element_type=\"widget\" data-widget_type=\"text-editor.default\">\n\t\t\t\t<div class=\"elementor-widget-container\">\n\t\t\t\t\t\t\t\t\t<p><strong>MS.- \u00bfQu\u00e9 modelo propone CCOO para Madrid?<\/strong><\/p><p>JC.- <span lang=\"es-ES\">La Comunidad de Madrid tiene una capacidad enorme para movilizar recursos. Su atractivo para los inversores no tiene nada que ver con las pol\u00edticas del PP. Madrid alberga la capital del pa\u00eds por lo que la mayor parte de las inversiones del Estado repercuten en la regi\u00f3n de una u otra forma, tiene grandes infraestructuras de comunicaciones, instituciones universitarias y de investigaci\u00f3n y ciencia, una oferta de turismo cultural y de ocio muy atractiva, una climatolog\u00eda benigna, una situaci\u00f3n geogr\u00e1fica estrat\u00e9gica y una poblaci\u00f3n activa muy formada, que por cierto est\u00e1 infrautilizada. Puede y tiene que optar obligatoriamente por otro modelo de actividad socioecon\u00f3mica, laboral y de cultura empresarial y afrontar nuevos modelos productivos que no se sostengan sobre la precariedad laboral como se ha hecho hasta ahora y cuyos beneficios se extiendan al conjunto de la poblaci\u00f3n. La revoluci\u00f3n tecnol\u00f3gica y digital, la transici\u00f3n ecol\u00f3gica, la igualdad entre hombre y mujer y el trabajo decente son exigencias que ya estaban aqu\u00ed y que la pandemia ha acelerado. Y esto afecta a todo nuestro sistema de producci\u00f3n de bienes y servicios: replantea el sector industrial, limitado por falta de pol\u00edticas p\u00fablicas regionales, y el sector de servicios, sobre todo en el del turismo y el de cuidados; reclama una inversi\u00f3n potente en I+D+i y Ciencia, y exige acometer un plan de digitalizaci\u00f3n para terminar con la brecha digital en pymes y en las familias. Respecto a la creaci\u00f3n de riqueza y su distribuci\u00f3n es imprescindible abordar la equidad en la fiscalidad, la protecci\u00f3n social y el refuerzo de la negociaci\u00f3n colectiva.<\/span><\/p><p><strong>MS.- \u00bfC\u00f3mo resumir\u00eda el balance de sus dos mandatos al frente del sindicato?<\/strong><\/p><p>JC.- Ha sido una \u00e9poca muy convulsa en todos los sentidos, pero las Comisiones Obreras de Madrid han sabido resistir a los embates contra la clase trabajadora y crecer como organizaci\u00f3n. CCOO mantiene su ADN basado en la estrategia de presionar para negociar y su autonom\u00eda sindical sin ser correa de transmisi\u00f3n de ning\u00fan inter\u00e9s ni de ning\u00fan partido pol\u00edtico. Hemos avanzado y crecido. Y adem\u00e1s somos el sindicato feminista, un logro del que me siento especialmente orgulloso.<\/p>\t\t\t\t\t\t\t\t<\/div>\n\t\t\t\t<\/div>\n\t\t\t\t\t<\/div>\n\t\t<\/div>\n\t\t\t\t\t<\/div>\n\t\t<\/section>\n\t\t\t\t<section class=\"elementor-section elementor-top-section elementor-element elementor-element-3f0b48d elementor-section-boxed elementor-section-height-default elementor-section-height-default\" data-id=\"3f0b48d\" data-element_type=\"section\">\n\t\t\t\t\t\t<div class=\"elementor-container elementor-column-gap-default\">\n\t\t\t\t\t<div class=\"elementor-column elementor-col-100 elementor-top-column elementor-element elementor-element-8f6619f\" data-id=\"8f6619f\" data-element_type=\"column\">\n\t\t\t<div class=\"elementor-widget-wrap elementor-element-populated\">\n\t\t\t\t\t\t<div class=\"elementor-element elementor-element-0628b76 elementor-widget elementor-widget-heading\" data-id=\"0628b76\" data-element_type=\"widget\" data-widget_type=\"heading.default\">\n\t\t\t\t<div class=\"elementor-widget-container\">\n\t\t\t\t\t<h4 class=\"elementor-heading-title elementor-size-default\"><i>\u201cEl modelo neoliberal de la derecha en Madrid es una m\u00e1quina de desigualdad y pobreza\u201d <\/i>\n<\/h4>\t\t\t\t<\/div>\n\t\t\t\t<\/div>\n\t\t\t\t\t<\/div>\n\t\t<\/div>\n\t\t\t\t\t<\/div>\n\t\t<\/section>\n\t\t\t\t<section class=\"elementor-section elementor-top-section elementor-element elementor-element-b38f52a elementor-section-boxed elementor-section-height-default elementor-section-height-default\" data-id=\"b38f52a\" data-element_type=\"section\">\n\t\t\t\t\t\t<div class=\"elementor-container elementor-column-gap-default\">\n\t\t\t\t\t<div class=\"elementor-column elementor-col-100 elementor-top-column elementor-element elementor-element-352f0d2\" data-id=\"352f0d2\" data-element_type=\"column\">\n\t\t\t<div class=\"elementor-widget-wrap elementor-element-populated\">\n\t\t\t\t\t\t<div class=\"elementor-element elementor-element-4c9fdd9 elementor-widget elementor-widget-text-editor\" data-id=\"4c9fdd9\" data-element_type=\"widget\" data-widget_type=\"text-editor.default\">\n\t\t\t\t<div class=\"elementor-widget-container\">\n\t\t\t\t\t\t\t\t\t<p><strong>MS.- Y de repente la pandemia&#8230;<\/strong><\/p><p>JC.- En una situaci\u00f3n tan inesperada y excepcional supimos reaccionar de inmediato, con unidad y coordinaci\u00f3n y nos convertimos en la referencia de este pa\u00eds para informar y asesorar a la clase trabajadora, afiliada o no afiliada. En pocas semanas fuimos capaces de reinventarnos, tanto sindicalistas como plantilla del sindicato. Es una de tantas lecciones de unidad que no debemos olvidar. El futuro de las Comisiones Obreras de Madrid pasa por la unidad, por la generosidad y la inteligencia para prever los cambios y c\u00f3mo estos afectan a la ciudadan\u00eda, que en su mayor\u00eda es clase trabajadora. Nuestro sentido como sindicato es conquistar y defender sus derechos.<\/p><p><strong>MS.- Da la impresi\u00f3n que la pandemia ha borrado de nuestra memoria todo lo anterior.<\/strong><\/p><p>JC.- Comisiones Obreras es el principal sindicato de clase de Espa\u00f1a y de Madrid. Nuestra fuerza ha sido determinante en este mandato para parar los recortes salariales, de pensiones, de derechos laborales, de los servicios p\u00fablicos y las privatizaciones y para abordar su recuperaci\u00f3n. Tanto en el \u00e1mbito confederal con las firmas del Acuerdo para el Empleo y la Negociaci\u00f3n Colectiva (AENC), con la recuperaci\u00f3n salarial y el salario m\u00ednimo de 14.000 euros como con los acuerdos de negociaci\u00f3n colectiva en el sector p\u00fablico en todos los \u00e1mbitos y el impulso de todos los convenios. Asimismo, con la mejora del SMI o la revalorizaci\u00f3n de las pensiones. Ha sido un periodo de lucha contra la precariedad, la de siempre y la nueva de las plataformas digitales. Se est\u00e1n consiguiendo los avances ahora pero sigue estando la gran barrera del Reforma Laboral, todav\u00eda sin derogar ni parcial ni totalmente. Vencimos en la defensa del derecho de huelga con la derogaci\u00f3n del art\u00edculo 315.3 del C\u00f3digo Penal, pero seguimos teniendo encima la espada de Damocles de la ley mordaza, a\u00fan sin derogar.<\/p><p><strong>MS.- \u00bfDerogar la Reforma Laboral empieza a parecer un imposible?<\/strong><\/p><p>JC.- La pandemia ha retrasado reformas y cambios pero la derogaci\u00f3n de la Reforma Laboral tiene que hacerse s\u00ed o s\u00ed antes de que acabe la legislatura, es un claro acuerdo del Gobierno PSOE-UP y, adem\u00e1s, est\u00e1 m\u00e1s que demostrada su ineficacia econ\u00f3mica y social. Los sindicatos de clase seguimos presionando y negociando para construir unas nuevas relaciones laborales. Para CCOO ning\u00fan gobierno, sea del signo que sea, tiene un cheque blanco. No podemos obviar que la pandemia ha obligado a un colosal esfuerzo en ministerios clave como el de Trabajo. Un esfuerzo en el que hay que reconocer tambi\u00e9n a los agentes sociales porque sin el escudo social que entre todos hemos construido la situaci\u00f3n ser\u00eda terrible, inimaginable en una\u00a0 comunidad como la de Madrid, que se limita a vivir de los fondos estatales con una descarada ausencia de transparencia.<\/p>\t\t\t\t\t\t\t\t<\/div>\n\t\t\t\t<\/div>\n\t\t\t\t\t<\/div>\n\t\t<\/div>\n\t\t\t\t\t<\/div>\n\t\t<\/section>\n\t\t\t\t<section class=\"elementor-section elementor-top-section elementor-element elementor-element-2b5a0c8 elementor-section-boxed elementor-section-height-default elementor-section-height-default\" data-id=\"2b5a0c8\" data-element_type=\"section\">\n\t\t\t\t\t\t<div class=\"elementor-container elementor-column-gap-default\">\n\t\t\t\t\t<div class=\"elementor-column elementor-col-100 elementor-top-column elementor-element elementor-element-c1a900e\" data-id=\"c1a900e\" data-element_type=\"column\">\n\t\t\t<div class=\"elementor-widget-wrap elementor-element-populated\">\n\t\t\t\t\t\t<div class=\"elementor-element elementor-element-07c24fd elementor-widget elementor-widget-heading\" data-id=\"07c24fd\" data-element_type=\"widget\" data-widget_type=\"heading.default\">\n\t\t\t\t<div class=\"elementor-widget-container\">\n\t\t\t\t\t<h4 class=\"elementor-heading-title elementor-size-default\"><i>\u201cLa tragedia en las residencias de mayores va unida a la codicia de los intereses privados\u201d <\/i>\n<\/h4>\t\t\t\t<\/div>\n\t\t\t\t<\/div>\n\t\t\t\t\t<\/div>\n\t\t<\/div>\n\t\t\t\t\t<\/div>\n\t\t<\/section>\n\t\t\t\t<section class=\"elementor-section elementor-top-section elementor-element elementor-element-a164e55 elementor-section-boxed elementor-section-height-default elementor-section-height-default\" data-id=\"a164e55\" data-element_type=\"section\">\n\t\t\t\t\t\t<div class=\"elementor-container elementor-column-gap-default\">\n\t\t\t\t\t<div class=\"elementor-column elementor-col-100 elementor-top-column elementor-element elementor-element-a423a34\" data-id=\"a423a34\" data-element_type=\"column\">\n\t\t\t<div class=\"elementor-widget-wrap elementor-element-populated\">\n\t\t\t\t\t\t<div class=\"elementor-element elementor-element-1c0d063 elementor-widget elementor-widget-image\" data-id=\"1c0d063\" data-element_type=\"widget\" data-widget_type=\"image.default\">\n\t\t\t\t<div class=\"elementor-widget-container\">\n\t\t\t\t\t\t\t\t\t\t\t\t\t\t\t<img decoding=\"async\" width=\"1024\" height=\"682\" src=\"https:\/\/madridsindical.es\/archivo\/wp-content\/uploads\/2021\/04\/008IMG_4363-1024x682.jpg\" class=\"attachment-large size-large wp-image-2554\" alt=\"\" srcset=\"https:\/\/madridsindical.es\/archivo\/wp-content\/uploads\/2021\/04\/008IMG_4363-1024x682.jpg 1024w, https:\/\/madridsindical.es\/archivo\/wp-content\/uploads\/2021\/04\/008IMG_4363-300x200.jpg 300w, https:\/\/madridsindical.es\/archivo\/wp-content\/uploads\/2021\/04\/008IMG_4363-768x512.jpg 768w, https:\/\/madridsindical.es\/archivo\/wp-content\/uploads\/2021\/04\/008IMG_4363-1536x1024.jpg 1536w, https:\/\/madridsindical.es\/archivo\/wp-content\/uploads\/2021\/04\/008IMG_4363-465x310.jpg 465w, https:\/\/madridsindical.es\/archivo\/wp-content\/uploads\/2021\/04\/008IMG_4363-695x463.jpg 695w, https:\/\/madridsindical.es\/archivo\/wp-content\/uploads\/2021\/04\/008IMG_4363.jpg 2000w\" sizes=\"(max-width: 1024px) 100vw, 1024px\" \/>\t\t\t\t\t\t\t\t\t\t\t\t\t\t\t<\/div>\n\t\t\t\t<\/div>\n\t\t\t\t\t<\/div>\n\t\t<\/div>\n\t\t\t\t\t<\/div>\n\t\t<\/section>\n\t\t\t\t<section class=\"elementor-section elementor-top-section elementor-element elementor-element-4127705 elementor-section-boxed elementor-section-height-default elementor-section-height-default\" data-id=\"4127705\" data-element_type=\"section\">\n\t\t\t\t\t\t<div class=\"elementor-container elementor-column-gap-default\">\n\t\t\t\t\t<div class=\"elementor-column elementor-col-100 elementor-top-column elementor-element elementor-element-06e7fee\" data-id=\"06e7fee\" data-element_type=\"column\">\n\t\t\t<div class=\"elementor-widget-wrap elementor-element-populated\">\n\t\t\t\t\t\t<div class=\"elementor-element elementor-element-9af6abb elementor-widget elementor-widget-heading\" data-id=\"9af6abb\" data-element_type=\"widget\" data-widget_type=\"heading.default\">\n\t\t\t\t<div class=\"elementor-widget-container\">\n\t\t\t\t\t<h4 class=\"elementor-heading-title elementor-size-default\"><i>\u201cNuestr@s delegad@s han hecho una labor impresionante para garantizar las medidas de seguridad\u201d <\/i>\n<\/h4>\t\t\t\t<\/div>\n\t\t\t\t<\/div>\n\t\t\t\t\t<\/div>\n\t\t<\/div>\n\t\t\t\t\t<\/div>\n\t\t<\/section>\n\t\t\t\t<section class=\"elementor-section elementor-top-section elementor-element elementor-element-b545841 elementor-section-boxed elementor-section-height-default elementor-section-height-default\" data-id=\"b545841\" data-element_type=\"section\">\n\t\t\t\t\t\t<div class=\"elementor-container elementor-column-gap-default\">\n\t\t\t\t\t<div class=\"elementor-column elementor-col-100 elementor-top-column elementor-element elementor-element-c76d2fa\" data-id=\"c76d2fa\" data-element_type=\"column\">\n\t\t\t<div class=\"elementor-widget-wrap elementor-element-populated\">\n\t\t\t\t\t\t<div class=\"elementor-element elementor-element-32c9ee8 elementor-widget elementor-widget-text-editor\" data-id=\"32c9ee8\" data-element_type=\"widget\" data-widget_type=\"text-editor.default\">\n\t\t\t\t<div class=\"elementor-widget-container\">\n\t\t\t\t\t\t\t\t\t<p><strong>MS.- Muchas personas est\u00e1n preocupadas por los ERTE. Hay incertidumbre sobre qu\u00e9 ocurrir\u00e1 cuando finalicen y malestar por las dificultades para cobrarlos.<\/strong><\/p><p>JC.- Pensamos en un primer momento que iba a ser una crisis en la que se paraba la actividad y luego se recuperaba, pero la situaci\u00f3n se alarga con las nuevas olas. En la Comunidad de Madrid llegamos a tener 560.000 trabajadores en ERTE y hoy tenemos 100.000, de los que una tercera parte est\u00e1 en un ERTE parcial. As\u00ed y todo, si siguen sin llegar las ayudas directas y se ralentiza la vacunaci\u00f3n muchas empresas van a tener serias dificultades para continuar.<\/p><p><strong>MS.- \u00bfColaps\u00f3 el Servicio de Empleo (SEPE)?<\/strong><\/p><p>JC.- La pandemia ha dejado en evidencia los efectos de los recortes emprendidos durante la Gran Recesi\u00f3n por el gobierno de Mariano Rajoy. La derecha opta por adelgazar servicios p\u00fablicos y cuando nos damos cuenta de que son imprescindibles nos llevamos las manos a la cabeza. La avalancha de los ERTE, cuando antes de la pandemia apenas se gestionaban 1.500 al mes,\u00a0 pill\u00f3 al SEPE diezmado en plantillas y sin haber emprendido una m\u00ednima modernizaci\u00f3n.\u00a0 Su precariedad ha sido manifiesta ante el \u00faltimo ataque inform\u00e1tico. Si a\u00f1adimos que las empresas tampoco estaban preparadas, la tramitaci\u00f3n de los ERTE y el cobro de la prestaci\u00f3n cayeron como un alud sobre las administraciones. Lo han resuelto en su pr\u00e1ctica totalidad pero quedan expedientes sin resolver, y no hay justificaci\u00f3n ninguna, como tampoco la hay para los errores, la falta de un servicio de informaci\u00f3n solvente o la resoluci\u00f3n de aspectos pendientes como los complementos por hijos.<\/p><p><strong>MS.- La pandemia ha acelerado cambios en la forma de trabajar. Una de ellas, el teletrabajo.<\/strong><\/p><p>JC.- No ha habido teletrabajo, ha habido trabajo en casa. Se respondi\u00f3 como se pudo, pero sin unas condiciones normalizadas o reguladas. Es verdad que ahora, gracias fundamentalmente a los acuerdos de CCOO, UGT, la Patronal y el\u00a0 Ministerio de Trabajo, se est\u00e1 actuando bien, pensando en los trabajadores y trabajadoras. Tengo que hacerle ese reconocimiento p\u00fablico a la ministra Yolanda D\u00edaz y a su equipo. Ha sido sensible a nuestras reclamaciones y ha conseguido con sindicatos y empresarios un acuerdo que regula las condiciones sobre c\u00f3mo tiene que ser el teletrabajo, la voluntariedad del trabajador, etc. A\u00fan queda la tarea principal, su desarrollo en los convenios y en los acuerdos con las Administraciones.<\/p><p><strong>MS.- \u00bfC\u00f3mo afecta esta crisis al sindicalismo?<\/strong><\/p><p>JC.- Refuerza lo que ya ven\u00edamos abordando. Acentuar el car\u00e1cter sociopol\u00edtico de CCOO y su alianza con las organizaciones de la sociedad. Reorganizarnos, renovarnos, incorporar nuevos elementos para ser m\u00e1s eficaces en el sindicalismo de proximidad a quien trabaja. La v\u00eda telem\u00e1tica abre la posibilidad, por ejemplo, de llegar a muchos trabajadores y trabajadores que est\u00e1n en la peque\u00f1a empresa, que no tienen representaci\u00f3n sindical. Lo presencial siempre va a ser clave, fundamental, porque sindicalismo y presencialidad tienen que darse para que haya organizaci\u00f3n. Por supuesto, estamos abiertos a nuevas f\u00f3rmulas de organizaci\u00f3n y a encauzarlas en la actividad sindical.<\/p>\t\t\t\t\t\t\t\t<\/div>\n\t\t\t\t<\/div>\n\t\t\t\t\t<\/div>\n\t\t<\/div>\n\t\t\t\t\t<\/div>\n\t\t<\/section>\n\t\t\t\t<section class=\"elementor-section elementor-top-section elementor-element elementor-element-8e061b8 elementor-section-boxed elementor-section-height-default elementor-section-height-default\" data-id=\"8e061b8\" data-element_type=\"section\">\n\t\t\t\t\t\t<div class=\"elementor-container elementor-column-gap-default\">\n\t\t\t\t\t<div class=\"elementor-column elementor-col-100 elementor-top-column elementor-element elementor-element-2b2b46c\" data-id=\"2b2b46c\" data-element_type=\"column\">\n\t\t\t<div class=\"elementor-widget-wrap elementor-element-populated\">\n\t\t\t\t\t\t<div class=\"elementor-element elementor-element-8f1e805 elementor-widget elementor-widget-heading\" data-id=\"8f1e805\" data-element_type=\"widget\" data-widget_type=\"heading.default\">\n\t\t\t\t<div class=\"elementor-widget-container\">\n\t\t\t\t\t<h4 class=\"elementor-heading-title elementor-size-default\"><i>\u201cCCOO lleg\u00f3 a atender en Madrid un mill\u00f3n de consultas de trabajadores al inicio de la pandemia\u201d <\/i>\n<\/h4>\t\t\t\t<\/div>\n\t\t\t\t<\/div>\n\t\t\t\t\t<\/div>\n\t\t<\/div>\n\t\t\t\t\t<\/div>\n\t\t<\/section>\n\t\t\t\t<section class=\"elementor-section elementor-top-section elementor-element elementor-element-e40c749 elementor-section-boxed elementor-section-height-default elementor-section-height-default\" data-id=\"e40c749\" data-element_type=\"section\">\n\t\t\t\t\t\t<div class=\"elementor-container elementor-column-gap-default\">\n\t\t\t\t\t<div class=\"elementor-column elementor-col-100 elementor-top-column elementor-element elementor-element-5f36c60\" data-id=\"5f36c60\" data-element_type=\"column\">\n\t\t\t<div class=\"elementor-widget-wrap elementor-element-populated\">\n\t\t\t\t\t\t<div class=\"elementor-element elementor-element-bce84a0 elementor-widget elementor-widget-video\" data-id=\"bce84a0\" data-element_type=\"widget\" data-settings=\"{&quot;youtube_url&quot;:&quot;https:\\\/\\\/www.youtube.com\\\/watch?v=SNGHz3wt83k&quot;,&quot;video_type&quot;:&quot;youtube&quot;,&quot;controls&quot;:&quot;yes&quot;}\" data-widget_type=\"video.default\">\n\t\t\t\t<div class=\"elementor-widget-container\">\n\t\t\t\t\t\t\t<div class=\"elementor-wrapper elementor-open-inline\">\n\t\t\t<div class=\"elementor-video\"><\/div>\t\t<\/div>\n\t\t\t\t\t\t<\/div>\n\t\t\t\t<\/div>\n\t\t\t\t\t<\/div>\n\t\t<\/div>\n\t\t\t\t\t<\/div>\n\t\t<\/section>\n\t\t\t\t<section class=\"elementor-section elementor-top-section elementor-element elementor-element-0e7bf04 elementor-section-boxed elementor-section-height-default elementor-section-height-default\" data-id=\"0e7bf04\" data-element_type=\"section\">\n\t\t\t\t\t\t<div class=\"elementor-container elementor-column-gap-default\">\n\t\t\t\t\t<div class=\"elementor-column elementor-col-100 elementor-top-column elementor-element elementor-element-7f7c26b\" data-id=\"7f7c26b\" data-element_type=\"column\">\n\t\t\t<div class=\"elementor-widget-wrap elementor-element-populated\">\n\t\t\t\t\t\t<div class=\"elementor-element elementor-element-58461c5 elementor-widget elementor-widget-text-editor\" data-id=\"58461c5\" data-element_type=\"widget\" data-widget_type=\"text-editor.default\">\n\t\t\t\t<div class=\"elementor-widget-container\">\n\t\t\t\t\t\t\t\t\t<p><strong>MS.- Al hilo de las elecciones usted insiste en que se hable de Madrid. Empecemos por logros institucionales del sindicato. \u00bfQu\u00e9 avances destaca en ese tiempo tan cercano y tan lejano previo a la pandemia?<\/strong><\/p><p>JC.- Hemos aprovechado las grietas de los gobiernos de la derecha para conseguir logros parciales. Paramos las privatizaciones m\u00e1s importantes, como la sanitaria; acordamos con la Consejer\u00eda de Pol\u00edticas Sociales mejoras en el modelo de residencias para mayores; se ha recuperado, aunque t\u00edmidamente, parte del presupuesto de los servicios p\u00fablicos, as\u00ed como la negociaci\u00f3n colectiva en los mismos, y avanzamos en las clausulas sociales en la contrataci\u00f3n p\u00fablica y las condiciones laborales del personal de las contratas. Somos la regi\u00f3n con el nivel de accidentabilidad m\u00e1s bajo, lo que guarda relaci\u00f3n con los planes directores de Salud y Seguridad acordados con empresarios y administraci\u00f3n. Igualmente, arrancamos un Pacto por la Industria, reclamado durante lustros, y que ahora toca implementar. Han sido cuatro a\u00f1os donde la lucha por la igualdad entre mujeres y hombres y contra todo tipo de discriminaci\u00f3n ha tomado un impulso extraordinario y en la que sindicato ha estado metido de hoz y coz. En un contexto de transformaciones impresionantes que se suceden a velocidad de v\u00e9rtigo el sindicato est\u00e1 muy atento a c\u00f3mo esos cambios afectan a las condiciones y relaciones laborales, salariales y vitales de la clase trabajadora.\u00a0 Un primer avance ha sido el reconocimiento con un acuerdo social de la laboralidad a los trabajadores de las plataformas digitales. Estamos vigilantes.<\/p><p><strong>MS.- \u00bfSe ha amoldado el sindicato a la mayor precariedad y movilidad laboral?<\/strong><\/p><p>JC.- Nunca vamos a considerar la precariedad como un hecho permanente o estructural como teorizan los ultraliberales, y con m\u00e1s raz\u00f3n si se considera que son las mujeres las que m\u00e1s lo sufren, porque tiene una alto componente de desigualdad de g\u00e9nero. Luchamos contra ello y para hacerlo necesitamos una estructura mucho m\u00e1s flexible, en la que la organizaci\u00f3n territorial juegue tambi\u00e9n un papel importante en la acci\u00f3n sindical, en la atenci\u00f3n a los trabajadores y trabajadoras. Se han empezado a poner en marcha iniciativas de cooperaci\u00f3n entre todas las organizaciones sectoriales con el territorio, de manera que podamos llegar a esos cientos de miles de personas que no tienen una empresa de referencia, que est\u00e1n cambiando permanentemente, que pasan del paro a un trabajo temporal, de un sector a otro. El sindicato tiene que avanzar en la correspondiente transformaci\u00f3n para llegar a las nuevas realidades laborales. Tenemos que ir m\u00e1s deprisa, impulsar y adaptarnos mucho m\u00e1s, eliminar las rigideces internas y funcionar de una manera m\u00e1s cooperativa entre organizaciones sectoriales y territoriales.<\/p><p><strong>MS.- \u00bfTiene claro CCOO de Madrid cu\u00e1les son las l\u00edneas de trabajo externas e internas?<\/strong><\/p><p>JC.- En este mandato se han definido claramente las coordenadas de trabajo en el orden externo respecto al di\u00e1logo social, las propuestas de reconstrucci\u00f3n, la acci\u00f3n sociopol\u00edtica y a la alianza que hemos tejido con la sociedad. Igualmente, est\u00e1n perfectamente definidas las l\u00edneas reivindicativas y las estrategias para seguir avanzando. L\u00f3gicamente esas l\u00edneas se pueden revisar, y en todo caso habr\u00e1 que profundizar en ellas en el XII Congreso. Lo mismo en el orden interno. Se ha dado un salto importante, no solo en la extensi\u00f3n electoral sino tambi\u00e9n en los planes de afiliaci\u00f3n, que est\u00e1n dando resultado, y en el desarrollo organizativo.<\/p><p><strong>MS.- \u00bfCu\u00e1l es el desaf\u00edo inmediato para la nueva direcci\u00f3n sindical que se elija en el XII Congreso?<\/strong><\/p><p>JC.- El gran desaf\u00edo es acometer el duro camino de la reconstrucci\u00f3n en Madrid. Va a haber espacios muy duros de negociaci\u00f3n y de reivindicaci\u00f3n que requieren una organizaci\u00f3n unida y muy bien armada, con capacidad y buenos equipos de gesti\u00f3n. Y desde luego, con una estructura din\u00e1mica y flexible para avanzar con todos los trabajadores y trabajadoras y con toda la afiliaci\u00f3n, que va a ser clave en el pr\u00f3ximo mandato. La Asamblea de Madrid aprob\u00f3 un dictamen para la reconstrucci\u00f3n del que participamos agentes sociales y expertos. Se hizo un gran trabajo y no podemos permitir que se convierta en papel mojado y se destine, como pretende la derecha, un gran volumen de estos fondos otra vez a macroproyectos de infraestructuras innecesarias.<\/p>\t\t\t\t\t\t\t\t<\/div>\n\t\t\t\t<\/div>\n\t\t\t\t\t<\/div>\n\t\t<\/div>\n\t\t\t\t\t<\/div>\n\t\t<\/section>\n\t\t\t\t<section class=\"elementor-section elementor-top-section elementor-element elementor-element-830b8c9 elementor-section-boxed elementor-section-height-default elementor-section-height-default\" data-id=\"830b8c9\" data-element_type=\"section\">\n\t\t\t\t\t\t<div class=\"elementor-container elementor-column-gap-default\">\n\t\t\t\t\t<div class=\"elementor-column elementor-col-100 elementor-top-column elementor-element elementor-element-9a5d2cb\" data-id=\"9a5d2cb\" data-element_type=\"column\">\n\t\t\t<div class=\"elementor-widget-wrap elementor-element-populated\">\n\t\t\t\t\t\t<div class=\"elementor-element elementor-element-012b8a3 elementor-widget elementor-widget-heading\" data-id=\"012b8a3\" data-element_type=\"widget\" data-widget_type=\"heading.default\">\n\t\t\t\t<div class=\"elementor-widget-container\">\n\t\t\t\t\t<h4 class=\"elementor-heading-title elementor-size-default\"><i>\u201cEl di\u00e1logo social con Ayuso esta lastrado por la falta de voluntad y el permanente bloqueo\u201d <\/i>\n<\/h4>\t\t\t\t<\/div>\n\t\t\t\t<\/div>\n\t\t\t\t\t<\/div>\n\t\t<\/div>\n\t\t\t\t\t<\/div>\n\t\t<\/section>\n\t\t\t\t<section class=\"elementor-section elementor-top-section elementor-element elementor-element-024cefe elementor-section-boxed elementor-section-height-default elementor-section-height-default\" data-id=\"024cefe\" data-element_type=\"section\">\n\t\t\t\t\t\t<div class=\"elementor-container elementor-column-gap-default\">\n\t\t\t\t\t<div class=\"elementor-column elementor-col-100 elementor-top-column elementor-element elementor-element-d872e7d\" data-id=\"d872e7d\" data-element_type=\"column\">\n\t\t\t<div class=\"elementor-widget-wrap elementor-element-populated\">\n\t\t\t\t\t\t<div class=\"elementor-element elementor-element-b88e56c elementor-widget elementor-widget-image\" data-id=\"b88e56c\" data-element_type=\"widget\" data-widget_type=\"image.default\">\n\t\t\t\t<div class=\"elementor-widget-container\">\n\t\t\t\t\t\t\t\t\t\t\t\t\t\t\t<img decoding=\"async\" width=\"1024\" height=\"682\" src=\"https:\/\/madridsindical.es\/archivo\/wp-content\/uploads\/2021\/04\/004IMG_4096-1024x682.jpg\" class=\"attachment-large size-large wp-image-2556\" alt=\"\" srcset=\"https:\/\/madridsindical.es\/archivo\/wp-content\/uploads\/2021\/04\/004IMG_4096-1024x682.jpg 1024w, https:\/\/madridsindical.es\/archivo\/wp-content\/uploads\/2021\/04\/004IMG_4096-300x200.jpg 300w, https:\/\/madridsindical.es\/archivo\/wp-content\/uploads\/2021\/04\/004IMG_4096-768x512.jpg 768w, https:\/\/madridsindical.es\/archivo\/wp-content\/uploads\/2021\/04\/004IMG_4096-1536x1024.jpg 1536w, https:\/\/madridsindical.es\/archivo\/wp-content\/uploads\/2021\/04\/004IMG_4096-465x310.jpg 465w, https:\/\/madridsindical.es\/archivo\/wp-content\/uploads\/2021\/04\/004IMG_4096-695x463.jpg 695w, https:\/\/madridsindical.es\/archivo\/wp-content\/uploads\/2021\/04\/004IMG_4096.jpg 2000w\" sizes=\"(max-width: 1024px) 100vw, 1024px\" \/>\t\t\t\t\t\t\t\t\t\t\t\t\t\t\t<\/div>\n\t\t\t\t<\/div>\n\t\t\t\t\t<\/div>\n\t\t<\/div>\n\t\t\t\t\t<\/div>\n\t\t<\/section>\n\t\t\t\t<section class=\"elementor-section elementor-top-section elementor-element elementor-element-7eca293 elementor-section-boxed elementor-section-height-default elementor-section-height-default\" data-id=\"7eca293\" data-element_type=\"section\">\n\t\t\t\t\t\t<div class=\"elementor-container elementor-column-gap-default\">\n\t\t\t\t\t<div class=\"elementor-column elementor-col-100 elementor-top-column elementor-element elementor-element-f65744d\" data-id=\"f65744d\" data-element_type=\"column\">\n\t\t\t<div class=\"elementor-widget-wrap elementor-element-populated\">\n\t\t\t\t\t\t<div class=\"elementor-element elementor-element-46aebd5 elementor-widget elementor-widget-heading\" data-id=\"46aebd5\" data-element_type=\"widget\" data-widget_type=\"heading.default\">\n\t\t\t\t<div class=\"elementor-widget-container\">\n\t\t\t\t\t<h4 class=\"elementor-heading-title elementor-size-default\"><i>\u201cVa a haber espacios muy duros de negociaci\u00f3n que requieren un sindicato unido\u201d <\/i>\n<\/h4>\t\t\t\t<\/div>\n\t\t\t\t<\/div>\n\t\t\t\t\t<\/div>\n\t\t<\/div>\n\t\t\t\t\t<\/div>\n\t\t<\/section>\n\t\t\t\t<section class=\"elementor-section elementor-top-section elementor-element elementor-element-25a5e87 elementor-section-boxed elementor-section-height-default elementor-section-height-default\" data-id=\"25a5e87\" data-element_type=\"section\">\n\t\t\t\t\t\t<div class=\"elementor-container elementor-column-gap-default\">\n\t\t\t\t\t<div class=\"elementor-column elementor-col-100 elementor-top-column elementor-element elementor-element-5767aba\" data-id=\"5767aba\" data-element_type=\"column\">\n\t\t\t<div class=\"elementor-widget-wrap elementor-element-populated\">\n\t\t\t\t\t\t<div class=\"elementor-element elementor-element-154096c elementor-widget elementor-widget-text-editor\" data-id=\"154096c\" data-element_type=\"widget\" data-widget_type=\"text-editor.default\">\n\t\t\t\t<div class=\"elementor-widget-container\">\n\t\t\t\t\t\t\t\t\t<p><strong>MS.- \u00bfQu\u00e9 valoraci\u00f3n haces del di\u00e1logo social? \u00bfC\u00f3mo han sido las relaciones con patronal y gobierno regional? <\/strong><\/p><p>JC.- Con el Gobierno de Cristina Cifuentes tengo que reconocer que se recuper\u00f3 el di\u00e1logo social y se abrieron mesas en las que se daba un impulso a la estrategia por el empleo, a los planes de salud laboral y se aprob\u00f3 el Plan Industrial, aunque quedaron cuestiones sin resolver, como en materia de sanidad o el pacto por la Educaci\u00f3n. Pero el gobierno de Ayuso, totalmente supeditado a la extrema derecha, ha realizado una gesti\u00f3n nefasta y ha sido profundamente in\u00fatil. La \u00fanica ley que han aprobado es una Ley del Suelo que retrocede a tiempos pasados, adem\u00e1s de poner en marcha otra universidad privada. El di\u00e1logo social ha sido parcial y circunscrito a materias ya iniciadas o a la colaboraci\u00f3n en materia de ERTE o de prevenci\u00f3n del contagio en los centros de trabajo. Y siempre lastrado por falta de voluntad y permanente bloqueo. Llegabas a acuerdos con un consejero y otro consejero los boicoteaba. No ha sido posible llegar a un gran acuerdo social entre gobierno, patronal y sindicatos para hacer frente a la pandemia. Primero con medidas de rescate, para que nadie se quedara atr\u00e1s, no solo con los ERTE, ceses de actividad, o ayuda a los aut\u00f3nomos, tambi\u00e9n para complementar los ERTE como ha sucedido en otras comunidades. Ayuso se neg\u00f3 haciendo una absoluta dejaci\u00f3n de funciones. Hay personas que han perdido el 30% de su salario, que est\u00e1n cobrando 500 euros y que lo est\u00e1n pasando muy mal. El PP los ha abandonado a su suerte.<\/p><p><strong>MS.- Imposible hablar de la Comunidad de Madrid y no mencionar a Telemadrid<\/strong><\/p><p>JC.- Telemadrid en su nacimiento sirvi\u00f3 como elemento unificador y de identidad de una regi\u00f3n muy artificial, cuyos habitantes eran fundamentalmente personas de otras regiones. Ha sobrevivido a los intentos de Esperanza Aguirre, Ignacio Gonz\u00e1lez y Ayuso de acabar con ella. Gracias a la nueva composici\u00f3n de la Asamblea con la p\u00e9rdida de la mayor\u00eda absoluta del PP y a la movilizaci\u00f3n sindical y social hay una nueva ley y una elecci\u00f3n consensuada de su director general que esta cumpliendo bien con su funci\u00f3n. En 2020 ha conseguido su mejor dato de audiencia en los \u00faltimos nueve a\u00f1os, con un super\u00e1vit de 4,6 millones. Los datos refuerzan lo que viene defendiendo el comit\u00e9 de empresa, que se puede gestionar de forma independiente y eficiente. Y as\u00ed debe seguir.<\/p><p><strong>MS.- \u00bfAlg\u00fan consejo a su sucesora?<\/strong><\/p><p>JC.- M\u00e1s que consejo, destacar\u00eda la importancia de mantener una adecuada coordinaci\u00f3n, la b\u00fasqueda de consensos internos y un buen trabajo entre estructuras, adem\u00e1s de no perder de vista\u00a0 que la clase trabajadora tiene como referente las siglas de CCOO y no a un sector o un territorio.<\/p><p><strong><br \/>MS.- Despu\u00e9s de 43 a\u00f1os en la actividad sindical, los \u00faltimos 30 en CCOO de Madrid, \u00bfahora qu\u00e9?<\/strong><\/p><p>J.C. Hace 47 a\u00f1os asum\u00ed un compromiso militante de lucha\u00a0 por la libertad y la igualdad y contra la dictadura franquista. Era 1974. Milit\u00e9 en el movimiento estudiantil, en la acci\u00f3n pol\u00edtica con el PCE, en el ej\u00e9rcito y, desde 1978, en el movimiento obrero dentro de CCOO. El Madrid de los 80 me sedujo y despu\u00e9s de impartir la docencia en Valladolid y Vizcaya ped\u00ed el traslado a Madrid. Y es aqu\u00ed donde la militancia se convirti\u00f3 en dedicaci\u00f3n a tiempo completo con responsabilidades de direcci\u00f3n. Con esta trayectoria solo me cabe afirmar lo que aprend\u00ed de grandes sindicalistas, que una persona comprometida con su clase se jubila del trabajo pero del compromiso nunca.<\/p>\t\t\t\t\t\t\t\t<\/div>\n\t\t\t\t<\/div>\n\t\t\t\t\t<\/div>\n\t\t<\/div>\n\t\t\t\t\t<\/div>\n\t\t<\/section>\n\t\t\t\t<section class=\"elementor-section elementor-top-section elementor-element elementor-element-7458126 elementor-section-boxed elementor-section-height-default elementor-section-height-default\" data-id=\"7458126\" data-element_type=\"section\">\n\t\t\t\t\t\t<div class=\"elementor-container elementor-column-gap-default\">\n\t\t\t\t\t<div class=\"elementor-column elementor-col-100 elementor-top-column elementor-element elementor-element-a8b8a5b\" data-id=\"a8b8a5b\" data-element_type=\"column\">\n\t\t\t<div class=\"elementor-widget-wrap elementor-element-populated\">\n\t\t\t\t\t\t<div class=\"elementor-element elementor-element-4d42ed2 elementor-widget elementor-widget-heading\" data-id=\"4d42ed2\" data-element_type=\"widget\" data-widget_type=\"heading.default\">\n\t\t\t\t<div class=\"elementor-widget-container\">\n\t\t\t\t\t<h4 class=\"elementor-heading-title elementor-size-default\"><i>\u201cYolanda D\u00edaz ha conseguido con sindicatos y empresarios un gran acuerdo\u201d <\/i>\n<\/h4>\t\t\t\t<\/div>\n\t\t\t\t<\/div>\n\t\t\t\t\t<\/div>\n\t\t<\/div>\n\t\t\t\t\t<\/div>\n\t\t<\/section>\n\t\t\t\t<section class=\"elementor-section elementor-top-section elementor-element elementor-element-3fccd58 elementor-section-boxed elementor-section-height-default elementor-section-height-default\" data-id=\"3fccd58\" data-element_type=\"section\">\n\t\t\t\t\t\t<div class=\"elementor-container elementor-column-gap-default\">\n\t\t\t\t\t<div class=\"elementor-column elementor-col-100 elementor-top-column elementor-element elementor-element-de8e860\" data-id=\"de8e860\" data-element_type=\"column\">\n\t\t\t<div class=\"elementor-widget-wrap elementor-element-populated\">\n\t\t\t\t\t\t<div class=\"elementor-element elementor-element-6369550 elementor-widget elementor-widget-image\" data-id=\"6369550\" data-element_type=\"widget\" data-widget_type=\"image.default\">\n\t\t\t\t<div class=\"elementor-widget-container\">\n\t\t\t\t\t\t\t\t\t\t\t\t\t\t\t<img loading=\"lazy\" decoding=\"async\" width=\"1024\" height=\"682\" src=\"https:\/\/madridsindical.es\/archivo\/wp-content\/uploads\/2021\/04\/007IMG_4328-1-1024x682.jpg\" class=\"attachment-large size-large wp-image-2557\" alt=\"\" srcset=\"https:\/\/madridsindical.es\/archivo\/wp-content\/uploads\/2021\/04\/007IMG_4328-1-1024x682.jpg 1024w, https:\/\/madridsindical.es\/archivo\/wp-content\/uploads\/2021\/04\/007IMG_4328-1-300x200.jpg 300w, https:\/\/madridsindical.es\/archivo\/wp-content\/uploads\/2021\/04\/007IMG_4328-1-768x512.jpg 768w, https:\/\/madridsindical.es\/archivo\/wp-content\/uploads\/2021\/04\/007IMG_4328-1-1536x1024.jpg 1536w, https:\/\/madridsindical.es\/archivo\/wp-content\/uploads\/2021\/04\/007IMG_4328-1-465x310.jpg 465w, https:\/\/madridsindical.es\/archivo\/wp-content\/uploads\/2021\/04\/007IMG_4328-1-695x463.jpg 695w, https:\/\/madridsindical.es\/archivo\/wp-content\/uploads\/2021\/04\/007IMG_4328-1.jpg 2000w\" sizes=\"(max-width: 1024px) 100vw, 1024px\" \/>\t\t\t\t\t\t\t\t\t\t\t\t\t\t\t<\/div>\n\t\t\t\t<\/div>\n\t\t\t\t\t<\/div>\n\t\t<\/div>\n\t\t\t\t\t<\/div>\n\t\t<\/section>\n\t\t\t\t<section class=\"elementor-section elementor-top-section elementor-element elementor-element-8489b36 elementor-section-boxed elementor-section-height-default elementor-section-height-default\" data-id=\"8489b36\" data-element_type=\"section\">\n\t\t\t\t\t\t<div class=\"elementor-container elementor-column-gap-default\">\n\t\t\t\t\t<div class=\"elementor-column elementor-col-100 elementor-top-column elementor-element elementor-element-395d638\" data-id=\"395d638\" data-element_type=\"column\">\n\t\t\t<div class=\"elementor-widget-wrap elementor-element-populated\">\n\t\t\t\t\t\t<div class=\"elementor-element elementor-element-3b000b0 elementor-widget elementor-widget-heading\" data-id=\"3b000b0\" data-element_type=\"widget\" data-widget_type=\"heading.default\">\n\t\t\t\t<div class=\"elementor-widget-container\">\n\t\t\t\t\t<h4 class=\"elementor-heading-title elementor-size-default\"><i>\u201cEl \u201ccomunismo o libertad\u201d de Ayuso es camuflaje para no rendir cuentas\u201d <\/i>\n<\/h4>\t\t\t\t<\/div>\n\t\t\t\t<\/div>\n\t\t\t\t\t<\/div>\n\t\t<\/div>\n\t\t\t\t\t<\/div>\n\t\t<\/section>\n\t\t\t\t<section class=\"elementor-section elementor-top-section elementor-element elementor-element-721b271 elementor-section-boxed elementor-section-height-default elementor-section-height-default\" data-id=\"721b271\" data-element_type=\"section\">\n\t\t\t\t\t\t<div class=\"elementor-container elementor-column-gap-default\">\n\t\t\t\t\t<div class=\"elementor-column elementor-col-100 elementor-top-column elementor-element elementor-element-9baf21e\" data-id=\"9baf21e\" data-element_type=\"column\">\n\t\t\t<div class=\"elementor-widget-wrap elementor-element-populated\">\n\t\t\t\t\t\t<div class=\"elementor-element elementor-element-7f0fc04 elementor-widget elementor-widget-text-editor\" data-id=\"7f0fc04\" data-element_type=\"widget\" data-widget_type=\"text-editor.default\">\n\t\t\t\t<div class=\"elementor-widget-container\">\n\t\t\t\t\t\t\t\t\t<p><strong>CCOO de Madrid trabaja y crece<\/strong><\/p><p>CCOO sigue ganando las elecciones sindicales en Madrid -la diferencia respecto al segundo sindicato es de tres mil delegados- y la afiliaci\u00f3n, a pesar del par\u00f3n de la pandemia, ha crecido en m\u00e1s de diez mil personas hasta situarse en 148.000, muy cerca del objetivo marcado en este mandato de llegar a 150.000. Una recuperaci\u00f3n que cobra especial valor si se compara con la situaci\u00f3n de 2013 cuando la ca\u00edda fue de 10.000 afiliados.<\/p><p>Jaime Cedr\u00fan se siente orgulloso del papel que han jugado las Comisiones Obreras durante la pandemia \u201cTodas nuestras delegadas y delegados han hecho un trabajo impresionante. La batalla que hemos tenido que dar para que se garantizaran las medidas de seguridad y salud en el trabajo ha sido \u00e9pica hasta que\u00a0 conseguimos en abril del pasado a\u00f1o que no hubiera contagios en los centros de trabajo. Ha sido una pelea muy importante. Sindicalistas de la sanidad, de las residencias, de la limpieza, de los supermercados, el personal de seguridad han estado dando la cara y arriesgando su propia salud para garantizar a la poblaci\u00f3n todo lo necesario para la vida a\u00fan estando confinados\u201d.<\/p><p>Destaca la labor presencial y tambi\u00e9n desde el <em>telesindicalismo<\/em>. \u201cPusimos toda la estructura en teletrabajo y hemos sido un factor clave a la hora de informar y de defender los intereses de los trabajadores, especialmente, durante el confinamiento. Hemos llegado a atender m\u00e1s de un mill\u00f3n de incidencias entre asesoramientos, informaci\u00f3n, a trav\u00e9s de la web y de las gu\u00edas que hemos puesto en marcha. La plantilla de CCOO se ha entregado al cien por cien. Toda la organizaci\u00f3n ha estado las 24 horas del d\u00eda dedicada a responder, a informar, a asesorar, a ayudar\u201d.<\/p><p>Huye de la complacencia y reconoce que el sindicato necesita ganar en agilidad para llegar a todos los centros de trabajo y a la sociedad madrile\u00f1a en general.\u00a0 \u201cAvanzamos, s\u00ed, en este mandato pero no podemos estar satisfechos ni de lejos con los resultados mientras un mill\u00f3n de trabajadoras y trabajadores se pasan su vida del paro a la precariedad y viceversa en la regi\u00f3n m\u00e1s rica de Espa\u00f1a\u201d. \u201cEstamos en un momento de oportunidad para cambiarlo, en el que se va a decidir el rumbo de la sociedad espa\u00f1ola, de nuestro mercado laboral, de nuestro modelo productivo para los pr\u00f3ximos diez a\u00f1os. Por tanto, es extraordinariamente importante que nos pongamos con mucha m\u00e1s intensidad manos a la obra\u201d.<\/p>\t\t\t\t\t\t\t\t<\/div>\n\t\t\t\t<\/div>\n\t\t\t\t\t<\/div>\n\t\t<\/div>\n\t\t\t\t\t<\/div>\n\t\t<\/section>\n\t\t\t\t<section class=\"elementor-section elementor-top-section elementor-element elementor-element-f4e917e elementor-section-boxed elementor-section-height-default elementor-section-height-default\" data-id=\"f4e917e\" data-element_type=\"section\">\n\t\t\t\t\t\t<div class=\"elementor-container elementor-column-gap-default\">\n\t\t\t\t\t<div class=\"elementor-column elementor-col-100 elementor-top-column elementor-element elementor-element-acb4e8c\" data-id=\"acb4e8c\" data-element_type=\"column\">\n\t\t\t<div class=\"elementor-widget-wrap elementor-element-populated\">\n\t\t\t\t\t\t<div class=\"elementor-element elementor-element-4de0d56 elementor-widget elementor-widget-heading\" data-id=\"4de0d56\" data-element_type=\"widget\" data-widget_type=\"heading.default\">\n\t\t\t\t<div class=\"elementor-widget-container\">\n\t\t\t\t\t<h4 class=\"elementor-heading-title elementor-size-default\"><i>\u201cNecesitamos un gobierno progresista que recupere el pacto social para afrontar la reconstrucci\u00f3n\u201d <\/i>\n<\/h4>\t\t\t\t<\/div>\n\t\t\t\t<\/div>\n\t\t\t\t\t<\/div>\n\t\t<\/div>\n\t\t\t\t\t<\/div>\n\t\t<\/section>\n\t\t\t\t<section class=\"elementor-section elementor-top-section elementor-element elementor-element-97fff52 elementor-section-boxed elementor-section-height-default elementor-section-height-default\" data-id=\"97fff52\" data-element_type=\"section\">\n\t\t\t\t\t\t<div class=\"elementor-container elementor-column-gap-default\">\n\t\t\t\t\t<div class=\"elementor-column elementor-col-100 elementor-top-column elementor-element elementor-element-1d28b5e\" data-id=\"1d28b5e\" data-element_type=\"column\">\n\t\t\t<div class=\"elementor-widget-wrap elementor-element-populated\">\n\t\t\t\t\t\t<div class=\"elementor-element elementor-element-e558f8d elementor-widget elementor-widget-text-editor\" data-id=\"e558f8d\" data-element_type=\"widget\" data-widget_type=\"text-editor.default\">\n\t\t\t\t<div class=\"elementor-widget-container\">\n\t\t\t\t\t\t\t\t\t<p><strong>Digitalizaci\u00f3n, sostenibilidad y feminismo<\/strong><\/p><p>Digitalizaci\u00f3n, sostenibilidad, cohesi\u00f3n social e igualdad son para el secretario general saliente los pilares sobre los que se debe construir el futuro, en la li\u0301nea que establecen la Agenda 2030 y los Objetivos de Desarrollo Sostenible de Naciones Unidas, con transiciones clim\u00e1tica y digital justas. \u201cEn esos pilares debe sostenerse la revoluci\u00f3n laboral y empresarial que hay que impulsar con los fondos europeos <em>next generation <\/em>para la recuperaci\u00f3n (140.000 millones de euros) y que pueden suponer la creaci\u00f3n de cientos de miles de puestos de trabajo. Ese dinero debe estar convenientemente fiscalizado, especialmente en la Comunidad de Madrid, donde tradicionalmente la derecha derrocha los fondos p\u00fablicos en beneficio de determinado empresariado\u201d.<\/p><p>El Gobierno de Espa\u00f1a, apunta tambi\u00e9n, debe establecer garant\u00edas para un trabajo seguro, con derechos y proteccio\u0301n social; salarios mi\u0301nimos vitales; proteccio\u0301n social universal, incluyendo a las trabajadoras y trabajadores de la mal llamada economi\u0301a informal; servicios pu\u0301blicos universales y de calidad en sanidad, educacio\u0301n y cuidados; igualdad en la participacio\u0301n econo\u0301mica de las mujeres, de todos los grupos raciales, migrantes y jo\u0301venes, y su proteccio\u0301n frente a la discriminacio\u0301n; el derecho universal a la libertad sindical y la negociacio\u0301n colectiva, y garanti\u0301as de salud y seguridad en el trabajo.<\/p><p>\u201cPara todo ello Madrid necesita un cambio\u201d, concluye Cedr\u00fan. \u201cLa econom\u00eda madrile\u00f1a, el empresariado y la clase trabajadora necesitan estabilidad para reconstruir la regi\u00f3n. Es el momento de ventilar las instituciones regionales y de engrasar la democracia, de sentar otros cimientos y de arrancar un periodo de estabilidad con gobiernos limpios y de progreso\u201d.<\/p><p>Y tenemos el reto de contribuir con toda la sociedad a un cambio de \u00e9poca en materia de igualdad, de superar el patriarcado como forma de organizaci\u00f3n social. Las brechas de todo tipo que mostramos y denunciamos constantemente y su manifestaci\u00f3n sangrienta en la violencia machista son las consecuencias de ese modelo de desigualdad. Avanzamos mucho en el interno\u00a0 del sindicato en igualdad y al hacerlo mejoran todas las Comisiones Obreras. El mismo efecto tienen y tendr\u00e1n los avances feministas en la sociedad. Es fundamental combatir todo intento de vuelta atr\u00e1s.<\/p>\t\t\t\t\t\t\t\t<\/div>\n\t\t\t\t<\/div>\n\t\t\t\t\t<\/div>\n\t\t<\/div>\n\t\t\t\t\t<\/div>\n\t\t<\/section>\n\t\t\t\t<\/div>\n\t\t","protected":false},"excerpt":{"rendered":"<p>\u201cLa pol\u00edtica de la derecha genera desigualdad y compromete la reconstrucci\u00f3n en Madrid\u201d Fotos, v\u00eddeo y edici\u00f3n de v\u00eddeo: Fran Lorente y Javier Cantizani \u201cLa desigualdad en la regi\u00f3n obedece a un sistema impuesto por la \u00e9lite econ\u00f3mica\u201d Jaime Cedr\u00fan, secretario general de CCOO Madrid Lleg\u00f3 a la secretar\u00eda general de CCOO de Madrid en plena resaca de la gran crisis financiera y se marcha, tras cumplir dos mandatos, en medio de un tsunami pand\u00e9mico<span class=\"more-link\"><a href=\"https:\/\/madridsindical.es\/archivo\/2021\/04\/12\/entrevista-a-jaime-cedrun-secretario-general-de-ccoo-de-madrid\/\">Contin\u00faa leyendo<\/a><\/span><\/p>\n","protected":false},"author":1,"featured_media":2552,"comment_status":"closed","ping_status":"closed","sticky":false,"template":"","format":"standard","meta":{"footnotes":""},"categories":[3],"tags":[47],"class_list":["entry","author-madridsindical","post-2551","post","type-post","status-publish","format-standard","has-post-thumbnail","category-entrevistas","tag-archivo"],"aioseo_notices":[],"_links":{"self":[{"href":"https:\/\/madridsindical.es\/archivo\/wp-json\/wp\/v2\/posts\/2551","targetHints":{"allow":["GET"]}}],"collection":[{"href":"https:\/\/madridsindical.es\/archivo\/wp-json\/wp\/v2\/posts"}],"about":[{"href":"https:\/\/madridsindical.es\/archivo\/wp-json\/wp\/v2\/types\/post"}],"author":[{"embeddable":true,"href":"https:\/\/madridsindical.es\/archivo\/wp-json\/wp\/v2\/users\/1"}],"replies":[{"embeddable":true,"href":"https:\/\/madridsindical.es\/archivo\/wp-json\/wp\/v2\/comments?post=2551"}],"version-history":[{"count":50,"href":"https:\/\/madridsindical.es\/archivo\/wp-json\/wp\/v2\/posts\/2551\/revisions"}],"predecessor-version":[{"id":2672,"href":"https:\/\/madridsindical.es\/archivo\/wp-json\/wp\/v2\/posts\/2551\/revisions\/2672"}],"wp:featuredmedia":[{"embeddable":true,"href":"https:\/\/madridsindical.es\/archivo\/wp-json\/wp\/v2\/media\/2552"}],"wp:attachment":[{"href":"https:\/\/madridsindical.es\/archivo\/wp-json\/wp\/v2\/media?parent=2551"}],"wp:term":[{"taxonomy":"category","embeddable":true,"href":"https:\/\/madridsindical.es\/archivo\/wp-json\/wp\/v2\/categories?post=2551"},{"taxonomy":"post_tag","embeddable":true,"href":"https:\/\/madridsindical.es\/archivo\/wp-json\/wp\/v2\/tags?post=2551"}],"curies":[{"name":"wp","href":"https:\/\/api.w.org\/{rel}","templated":true}]}}