{"id":2366,"date":"2021-03-04T21:54:33","date_gmt":"2021-03-04T21:54:33","guid":{"rendered":"https:\/\/madridsindical.es\/archivo\/?p=2366"},"modified":"2025-11-06T12:25:51","modified_gmt":"2025-11-06T12:25:51","slug":"entrevista-pilar-morales-secretaria-de-las-mujeres-de-ccoo-de-madrid","status":"publish","type":"post","link":"https:\/\/madridsindical.es\/archivo\/2021\/03\/04\/entrevista-pilar-morales-secretaria-de-las-mujeres-de-ccoo-de-madrid\/","title":{"rendered":"Entrevista: Pilar Morales, secretaria de las Mujeres de CCOO de Madrid"},"content":{"rendered":"\t\t<div data-elementor-type=\"wp-post\" data-elementor-id=\"2366\" class=\"elementor elementor-2366\">\n\t\t\t\t\t\t<section class=\"elementor-section elementor-top-section elementor-element elementor-element-837f7fa elementor-section-boxed elementor-section-height-default elementor-section-height-default\" data-id=\"837f7fa\" data-element_type=\"section\">\n\t\t\t\t\t\t<div class=\"elementor-container elementor-column-gap-default\">\n\t\t\t\t\t<div class=\"elementor-column elementor-col-100 elementor-top-column elementor-element elementor-element-8fa0994\" data-id=\"8fa0994\" data-element_type=\"column\">\n\t\t\t<div class=\"elementor-widget-wrap elementor-element-populated\">\n\t\t\t\t\t\t<div class=\"elementor-element elementor-element-95b2853 elementor-widget elementor-widget-heading\" data-id=\"95b2853\" data-element_type=\"widget\" data-widget_type=\"heading.default\">\n\t\t\t\t<div class=\"elementor-widget-container\">\n\t\t\t\t\t<h2 class=\"elementor-heading-title elementor-size-default\">\u201cSanitarias,  maestras, limpiadoras,  cajeras del s\u00faper\u2026 son la hostia\u201d<\/h2>\t\t\t\t<\/div>\n\t\t\t\t<\/div>\n\t\t\t\t\t<\/div>\n\t\t<\/div>\n\t\t\t\t\t<\/div>\n\t\t<\/section>\n\t\t\t\t<section class=\"elementor-section elementor-top-section elementor-element elementor-element-0879862 elementor-section-boxed elementor-section-height-default elementor-section-height-default\" data-id=\"0879862\" data-element_type=\"section\">\n\t\t\t\t\t\t<div class=\"elementor-container elementor-column-gap-default\">\n\t\t\t\t\t<div class=\"elementor-column elementor-col-100 elementor-top-column elementor-element elementor-element-44ac33b\" data-id=\"44ac33b\" data-element_type=\"column\">\n\t\t\t<div class=\"elementor-widget-wrap elementor-element-populated\">\n\t\t\t\t\t\t<div class=\"elementor-element elementor-element-17659be elementor-widget elementor-widget-text-editor\" data-id=\"17659be\" data-element_type=\"widget\" data-widget_type=\"text-editor.default\">\n\t\t\t\t<div class=\"elementor-widget-container\">\n\t\t\t\t\t\t\t\t\t<p><strong>Texto: <a href=\"https:\/\/twitter.com\/Alexacostabrava\">Alejandra Acosta<\/a>; f<\/strong><strong>otos: <a href=\"https:\/\/twitter.com\/frlorente\">Fran Lorente<\/a>\u00a0<\/strong><\/p>\t\t\t\t\t\t\t\t<\/div>\n\t\t\t\t<\/div>\n\t\t\t\t\t<\/div>\n\t\t<\/div>\n\t\t\t\t\t<\/div>\n\t\t<\/section>\n\t\t\t\t<section class=\"elementor-section elementor-top-section elementor-element elementor-element-a295b52 elementor-section-boxed elementor-section-height-default elementor-section-height-default\" data-id=\"a295b52\" data-element_type=\"section\">\n\t\t\t\t\t\t<div class=\"elementor-container elementor-column-gap-default\">\n\t\t\t\t\t<div class=\"elementor-column elementor-col-100 elementor-top-column elementor-element elementor-element-e13b00c\" data-id=\"e13b00c\" data-element_type=\"column\">\n\t\t\t<div class=\"elementor-widget-wrap elementor-element-populated\">\n\t\t\t\t\t\t<div class=\"elementor-element elementor-element-c4b4b50 elementor-widget elementor-widget-text-editor\" data-id=\"c4b4b50\" data-element_type=\"widget\" data-widget_type=\"text-editor.default\">\n\t\t\t\t<div class=\"elementor-widget-container\">\n\t\t\t\t\t\t\t\t\t<p><b>Tras veinte a\u00f1os al frente de la Secretar\u00eda de las Mujeres de CCOO de Madrid, Pilar Morales se jubila, aunque seguir\u00e1 peleando como activista por los objetivos del feminismo y del sindicalismo de clase. Repasamos con ella las aportaciones de las sindicalistas a la lucha de las espa\u00f1olas por la igualdad durante dos d\u00e9cadas de avances hist\u00f3ricos.\u00a0\u00a0<\/b><\/p>\t\t\t\t\t\t\t\t<\/div>\n\t\t\t\t<\/div>\n\t\t\t\t\t<\/div>\n\t\t<\/div>\n\t\t\t\t\t<\/div>\n\t\t<\/section>\n\t\t\t\t<section class=\"elementor-section elementor-top-section elementor-element elementor-element-8782582 elementor-section-boxed elementor-section-height-default elementor-section-height-default\" data-id=\"8782582\" data-element_type=\"section\">\n\t\t\t\t\t\t<div class=\"elementor-container elementor-column-gap-default\">\n\t\t\t\t\t<div class=\"elementor-column elementor-col-100 elementor-top-column elementor-element elementor-element-d9d8cf4\" data-id=\"d9d8cf4\" data-element_type=\"column\">\n\t\t\t<div class=\"elementor-widget-wrap elementor-element-populated\">\n\t\t\t\t\t\t<div class=\"elementor-element elementor-element-bb9429c elementor-widget elementor-widget-text-editor\" data-id=\"bb9429c\" data-element_type=\"widget\" data-widget_type=\"text-editor.default\">\n\t\t\t\t<div class=\"elementor-widget-container\">\n\t\t\t\t\t\t\t\t\t<p><span style=\"font-weight: 400;\">La primera cartilla de la Seguridad Social como titular que Pilar Morales (Lavapi\u00e9s, 65 a\u00f1os) tuvo en sus manos y que la acreditaba como trabajadora llevaba una r\u00fabrica diagonal y en may\u00fasculas que dec\u00eda \u201cOPTA LA ESPOSA\u201d. La advertencia ven\u00eda a cuento porque entonces era del todo excepcional que una mujer casada tuviera que ganarse el sustento fuera de casa. A ella la dejaron trabajar porque su marido no lo hac\u00eda. Pertenece Pilar a una generaci\u00f3n que todav\u00eda creci\u00f3 en un sistema social y pol\u00edtico regido por una atroz combinaci\u00f3n de patriarcado, franquismo y nacionalcatolicismo en el que todo lo que no pasara por ser madre abnegada y sumisa esposa, o monja, estaba vetado para las mujeres, aunque llama la atenci\u00f3n con tanto escr\u00fapulo que la prostituci\u00f3n s\u00ed estuviera permitida. Dadas las limitadas expectativas de futuro, era habitual que a las ni\u00f1as las sacaran de la escuela antes de tiempo y si por un casual llegaban a la universidad se les limitaba el acceso a determinados estudios.<\/span><\/p><p><span style=\"font-weight: 400;\">Con todo en contra, Morales, hija de familia obrera, trabaj\u00f3 y estudi\u00f3. Con un brillante expediente acad\u00e9mico -ensombrecido por las malas notas en formaci\u00f3n del esp\u00edritu nacional y flauta- termin\u00f3 el bachiller en el Instituto Lope de Vega, donde ya desde las filas del PCE destac\u00f3 como \u201cfollonera\u201d. Resume que su militancia pol\u00edtica y sindical y su activismo feminista vienen \u201cde que yo vi, aprend\u00ed y entend\u00ed\u201d. Se estren\u00f3 como asalariada en<\/span> <span style=\"font-weight: 400;\">la f\u00e1brica de<\/span> <span style=\"font-weight: 400;\">Cinzano y a pesar de tener que criar sola a su hija sac\u00f3 tiempo para licenciarse, primero en Magisterio y despu\u00e9s en Geograf\u00eda e Historia. Se afili\u00f3 a CCOO en 1985 y tras aprobar unas oposiciones de vigilante en el Museo de Bellas Artes de Madrid comenz\u00f3 su andadura en la acci\u00f3n sindical.<\/span><\/p>\t\t\t\t\t\t\t\t<\/div>\n\t\t\t\t<\/div>\n\t\t\t\t\t<\/div>\n\t\t<\/div>\n\t\t\t\t\t<\/div>\n\t\t<\/section>\n\t\t\t\t<section class=\"elementor-section elementor-top-section elementor-element elementor-element-a9b6c9d elementor-section-boxed elementor-section-height-default elementor-section-height-default\" data-id=\"a9b6c9d\" data-element_type=\"section\">\n\t\t\t\t\t\t<div class=\"elementor-container elementor-column-gap-default\">\n\t\t\t\t\t<div class=\"elementor-column elementor-col-100 elementor-top-column elementor-element elementor-element-c358593\" data-id=\"c358593\" data-element_type=\"column\">\n\t\t\t<div class=\"elementor-widget-wrap elementor-element-populated\">\n\t\t\t\t\t\t<div class=\"elementor-element elementor-element-7564b63 elementor-widget elementor-widget-heading\" data-id=\"7564b63\" data-element_type=\"widget\" data-widget_type=\"heading.default\">\n\t\t\t\t<div class=\"elementor-widget-container\">\n\t\t\t\t\t<h4 class=\"elementor-heading-title elementor-size-default\">\u201cEl modelo sindical del trabajo con mujeres de \nCCOO de Madrid ha creado escuela\u201d\n\n<\/h4>\t\t\t\t<\/div>\n\t\t\t\t<\/div>\n\t\t\t\t\t<\/div>\n\t\t<\/div>\n\t\t\t\t\t<\/div>\n\t\t<\/section>\n\t\t\t\t<section class=\"elementor-section elementor-top-section elementor-element elementor-element-bb9d156 elementor-section-boxed elementor-section-height-default elementor-section-height-default\" data-id=\"bb9d156\" data-element_type=\"section\">\n\t\t\t\t\t\t<div class=\"elementor-container elementor-column-gap-default\">\n\t\t\t\t\t<div class=\"elementor-column elementor-col-100 elementor-top-column elementor-element elementor-element-d32da02\" data-id=\"d32da02\" data-element_type=\"column\">\n\t\t\t<div class=\"elementor-widget-wrap elementor-element-populated\">\n\t\t\t\t\t\t<div class=\"elementor-element elementor-element-5041cc7 elementor-widget elementor-widget-text-editor\" data-id=\"5041cc7\" data-element_type=\"widget\" data-widget_type=\"text-editor.default\">\n\t\t\t\t<div class=\"elementor-widget-container\">\n\t\t\t\t\t\t\t\t\t<p><b>P.- Pilar, \u00bfrecuerdas cu\u00e1l fue la primera batalla sindical que ganaste?<\/b><\/p><p><span style=\"font-weight: 400;\">R.- Perfectamente. Consegu\u00ed que las \u2018vigilantas\u2019 del Museo de Bellas Artes pudi\u00e9ramos llevar pantalones, un cambio<\/span> <span style=\"font-weight: 400;\">en la vestimenta sin precedentes y que se extendi\u00f3 a todos los museos de Madrid. No fue f\u00e1cil. La direcci\u00f3n se negaba y las trabajadoras, para presionar, nos present\u00e1bamos en el Museo con las faldas muy cortas, sin medias y con las piernas sin depilar, llenas de pelos, o con las medias rotas y el dobladillo descosido\u2026 \u00cdbamos echas un cuadro y tuvieron que ceder. Los compa\u00f1eros nos apoyaron desde el primer momento.\u00a0<\/span><\/p><p><b>P.- \u00bfNo ten\u00edas problemas por ser tan reivindicativa?<\/b><\/p><p><span style=\"font-weight: 400;\">R.- Much\u00edsimos. Yo reconozco que no daba tregua, era muy molesta. Hasta tal punto de que a finales de los a\u00f1os 90, Esperanza Aguirre, que era ministra de Cultura, quiso enviarme al paleol\u00edtico, en concreto a las Cuevas de Altamira, v\u00eda traslado forzoso de Madrid a Santander y sin derecho a indemnizaci\u00f3n. Nos encerramos en la Casa de las Siete Chimeneas y nos abrieron 24 expedientes. Retiraron todos menos el m\u00edo. Yo prefer\u00ed ir a juicio. Lo gan\u00e9 y luego me fui a trabajar a la secci\u00f3n sindical de Cultura de CCOO de Madrid y a colaborar como voluntaria en la Secretar\u00eda de la Mujer.\u00a0<\/span><\/p><p><b>P.- Oy\u00e9ndote contar se da una cuenta del sacrificio personal de tantas mujeres an\u00f3nimas que hay detr\u00e1s de cada logro en igualdad por b\u00e1sico que sea, y tambi\u00e9n de lo que hemos avanzado en los veinte a\u00f1os que llevamos de siglo XXI.<\/b><\/p><p><span style=\"font-weight: 400;\">R.- Hemos dado pasos de gigante en estas dos d\u00e9cadas. Hace veinte a\u00f1os ni se me habr\u00eda pasado por la imaginaci\u00f3n que los sindicatos pudieran organizar una huelga general por los derechos de las mujeres y convocando adem\u00e1s desde las secretar\u00edas de las Mujeres, o que alg\u00fan d\u00eda izar\u00edan la bandera morada en sus sedes. Que por cierto, la primera bandera morada onde\u00f3 en CCOO de Madrid. Y otro avance fundamental es que las mujeres sindicalistas nos hemos ganado el respeto y el reconocimiento del movimiento feminista, donde estamos por derecho propio. <\/span><\/p>\t\t\t\t\t\t\t\t<\/div>\n\t\t\t\t<\/div>\n\t\t\t\t\t<\/div>\n\t\t<\/div>\n\t\t\t\t\t<\/div>\n\t\t<\/section>\n\t\t\t\t<section class=\"elementor-section elementor-top-section elementor-element elementor-element-26e7915 elementor-section-boxed elementor-section-height-default elementor-section-height-default\" data-id=\"26e7915\" data-element_type=\"section\">\n\t\t\t\t\t\t<div class=\"elementor-container elementor-column-gap-default\">\n\t\t\t\t\t<div class=\"elementor-column elementor-col-100 elementor-top-column elementor-element elementor-element-e8e8242\" data-id=\"e8e8242\" data-element_type=\"column\">\n\t\t\t<div class=\"elementor-widget-wrap elementor-element-populated\">\n\t\t\t\t\t\t<div class=\"elementor-element elementor-element-a705d6d elementor-widget elementor-widget-heading\" data-id=\"a705d6d\" data-element_type=\"widget\" data-widget_type=\"heading.default\">\n\t\t\t\t<div class=\"elementor-widget-container\">\n\t\t\t\t\t<h4 class=\"elementor-heading-title elementor-size-default\">\u201cUn compa\u00f1ero del metal pidi\u00f3 perd\u00f3n al \nentender lo que supone el patriarcado\u201d\n\n\n<\/h4>\t\t\t\t<\/div>\n\t\t\t\t<\/div>\n\t\t\t\t\t<\/div>\n\t\t<\/div>\n\t\t\t\t\t<\/div>\n\t\t<\/section>\n\t\t\t\t<section class=\"elementor-section elementor-top-section elementor-element elementor-element-87fbe59 elementor-section-boxed elementor-section-height-default elementor-section-height-default\" data-id=\"87fbe59\" data-element_type=\"section\">\n\t\t\t\t\t\t<div class=\"elementor-container elementor-column-gap-default\">\n\t\t\t\t\t<div class=\"elementor-column elementor-col-100 elementor-top-column elementor-element elementor-element-7f99acb\" data-id=\"7f99acb\" data-element_type=\"column\">\n\t\t\t<div class=\"elementor-widget-wrap elementor-element-populated\">\n\t\t\t\t\t\t<div class=\"elementor-element elementor-element-3cd8ff8 elementor-widget elementor-widget-image\" data-id=\"3cd8ff8\" data-element_type=\"widget\" data-widget_type=\"image.default\">\n\t\t\t\t<div class=\"elementor-widget-container\">\n\t\t\t\t\t\t\t\t\t\t\t\t\t\t\t<img fetchpriority=\"high\" decoding=\"async\" width=\"1024\" height=\"682\" src=\"https:\/\/madridsindical.es\/archivo\/wp-content\/uploads\/2021\/03\/008IMG_8357-1024x682.jpg\" class=\"attachment-large size-large wp-image-2368\" alt=\"\" srcset=\"https:\/\/madridsindical.es\/archivo\/wp-content\/uploads\/2021\/03\/008IMG_8357-1024x682.jpg 1024w, https:\/\/madridsindical.es\/archivo\/wp-content\/uploads\/2021\/03\/008IMG_8357-300x200.jpg 300w, https:\/\/madridsindical.es\/archivo\/wp-content\/uploads\/2021\/03\/008IMG_8357-768x512.jpg 768w, https:\/\/madridsindical.es\/archivo\/wp-content\/uploads\/2021\/03\/008IMG_8357-1536x1024.jpg 1536w, https:\/\/madridsindical.es\/archivo\/wp-content\/uploads\/2021\/03\/008IMG_8357-465x310.jpg 465w, https:\/\/madridsindical.es\/archivo\/wp-content\/uploads\/2021\/03\/008IMG_8357-695x463.jpg 695w, https:\/\/madridsindical.es\/archivo\/wp-content\/uploads\/2021\/03\/008IMG_8357.jpg 2000w\" sizes=\"(max-width: 1024px) 100vw, 1024px\" \/>\t\t\t\t\t\t\t\t\t\t\t\t\t\t\t<\/div>\n\t\t\t\t<\/div>\n\t\t\t\t\t<\/div>\n\t\t<\/div>\n\t\t\t\t\t<\/div>\n\t\t<\/section>\n\t\t\t\t<section class=\"elementor-section elementor-top-section elementor-element elementor-element-dd4c7d4 elementor-section-boxed elementor-section-height-default elementor-section-height-default\" data-id=\"dd4c7d4\" data-element_type=\"section\">\n\t\t\t\t\t\t<div class=\"elementor-container elementor-column-gap-default\">\n\t\t\t\t\t<div class=\"elementor-column elementor-col-100 elementor-top-column elementor-element elementor-element-5c4acde\" data-id=\"5c4acde\" data-element_type=\"column\">\n\t\t\t<div class=\"elementor-widget-wrap elementor-element-populated\">\n\t\t\t\t\t\t<div class=\"elementor-element elementor-element-c59df10 elementor-widget elementor-widget-text-editor\" data-id=\"c59df10\" data-element_type=\"widget\" data-widget_type=\"text-editor.default\">\n\t\t\t\t<div class=\"elementor-widget-container\">\n\t\t\t\t\t\t\t\t\t<p><b>P.- \u00bfHab\u00eda reticencias?<\/b><\/p><p><span style=\"font-weight: 400;\">R.- Ahora ya somos todas, pero antes \u00e9ramos ellas y nosotras. Les costaba aceptar en su movimiento a una organizaci\u00f3n mixta como es un sindicato y mucho menos que tuvi\u00e9ramos voz y voto. Les hicimos comprender que hay un espacio, el del trabajo, donde la lucha por la igualdad la lidera el sindicato. Las sindicalistas no estamos para pintar de lila las ventanas. Luchamos para que las trabajadoras no est\u00e9n en inferioridad de condiciones, para que no haya brecha salarial, para que tengamos igualdad de oportunidades, para que las familias monomarentales tengan sus derechos y, por supuesto, luchamos contra todas las violencias machistas en todos los \u00e1mbitos. La lucha de las sindicalistas por la igualdad viene de muy lejos. Hay huelgas hist\u00f3ricas, como la de las costureras de la Ford en el Reino Unido en 1968 y que dio lugar a la ley de igualdad de 1970 de salarios y condiciones laborales en aquel pa\u00eds. Hoy d\u00eda no s\u00f3lo somos respetadas por el movimiento feminista, sino tambi\u00e9n buscadas. Las sindicalistas llevamos la lucha por la igualdad en el ADN.\u00a0<\/span><\/p><p><b>P.- \u00bfY del sindicato hacia el feminismo no hab\u00eda desconfianza?<\/b><\/p><p><span style=\"font-weight: 400;\">R.- Hace veinte a\u00f1os la sociedad en general desconoc\u00eda qu\u00e9 es el feminismo y hab\u00eda una enorme confusi\u00f3n en torno a qu\u00e9 significa ser feminista. Faltaba conocimiento para comprenderlo en toda su dimensi\u00f3n. Cuando exigimos la cuota en los \u00f3rganos de decisi\u00f3n del sindicato se produjo un intenso debate. Las sindicalistas hemos tenido que hacer pedagog\u00eda dentro del sindicato, pedagog\u00eda con el movimiento feminista, pedagog\u00eda en casa con la pareja. Yo tambi\u00e9n me prepar\u00e9 a fondo. Me hice Agente de Igualdad, formadora de formadores, me saqu\u00e9 el M\u00e1ster de G\u00e9nero&#8230; Impulsamos much\u00edsimo la formaci\u00f3n, tanto para hombres como para mujeres. Recuerdo al final de un curso que un compa\u00f1ero del metal se levant\u00f3 y pidi\u00f3 perd\u00f3n al entender lo que significa y supone para nosotras el patriarcado. Hemos hecho cantidad de acciones para extender la cultura feminista, incluso a costa de llevarme alguna bronca.<\/span><\/p><p><b>P.- Cuenta \u2026<\/b><\/p><p><span style=\"font-weight: 400;\">R.- (Risas) Una vez se me ocurri\u00f3 regalar gafas de color violeta a cien compa\u00f1eros que hubieran realizado alg\u00fan gesto por la igualdad. Cada Federaci\u00f3n ten\u00eda que hacer una lista de nominados y muchos ven\u00edan a comprobar si estaban en ella. La que se mont\u00f3\u2026, y casi m\u00e1s por parte de las compa\u00f1eras mujeres. Pero yo segu\u00ed en mi empe\u00f1o con este tipo de acciones porque considero imprescindible sensibilizar, formar, implicar, dar a conocer el papel de las mujeres a lo largo de la historia. Fue muy importante tambi\u00e9n poner el nombre de las Trece Rosas a una de las salas m\u00e1s emblem\u00e1ticas de nuestra sede de Lope de Vega. Ha sido un trabajo muy profundo, de mucho tiempo y de mucha gente, muy gratificante. Y no solo en Madrid. Hemos impartido cursos, conferencias, organizado jornadas en muchos pa\u00edses de Europa y Am\u00e9rica Latina. La Universidad Nacional de Colombia nos va a hacer un reconocimiento este 8 de Marzo y en la Universidad de Buenos Aires quieren estudiar nuestro modelo sindical del trabajo con mujeres. Hemos creado escuela. Aprovecho para expresar mi admiraci\u00f3n por el impresionante y arriesgado\u00a0 trabajo de las mujeres de Am\u00e9rica Latina, que se juegan la vida todos los d\u00edas y la pierden muchas veces. Ellas tambi\u00e9n nos pueden ense\u00f1ar mucho a las mujeres europeas. <\/span><\/p>\t\t\t\t\t\t\t\t<\/div>\n\t\t\t\t<\/div>\n\t\t\t\t\t<\/div>\n\t\t<\/div>\n\t\t\t\t\t<\/div>\n\t\t<\/section>\n\t\t\t\t<section class=\"elementor-section elementor-top-section elementor-element elementor-element-a7873fa elementor-section-boxed elementor-section-height-default elementor-section-height-default\" data-id=\"a7873fa\" data-element_type=\"section\">\n\t\t\t\t\t\t<div class=\"elementor-container elementor-column-gap-default\">\n\t\t\t\t\t<div class=\"elementor-column elementor-col-100 elementor-top-column elementor-element elementor-element-670d9ae\" data-id=\"670d9ae\" data-element_type=\"column\">\n\t\t\t<div class=\"elementor-widget-wrap elementor-element-populated\">\n\t\t\t\t\t\t<div class=\"elementor-element elementor-element-a04e6ac elementor-widget elementor-widget-heading\" data-id=\"a04e6ac\" data-element_type=\"widget\" data-widget_type=\"heading.default\">\n\t\t\t\t<div class=\"elementor-widget-container\">\n\t\t\t\t\t<h4 class=\"elementor-heading-title elementor-size-default\">\u201cLa Ley de Igualdad de Zapatero ha sido \ndeterminante, un hito fabuloso\u201d\n\n\n\n<\/h4>\t\t\t\t<\/div>\n\t\t\t\t<\/div>\n\t\t\t\t\t<\/div>\n\t\t<\/div>\n\t\t\t\t\t<\/div>\n\t\t<\/section>\n\t\t\t\t<section class=\"elementor-section elementor-top-section elementor-element elementor-element-054fd98 elementor-section-boxed elementor-section-height-default elementor-section-height-default\" data-id=\"054fd98\" data-element_type=\"section\">\n\t\t\t\t\t\t<div class=\"elementor-container elementor-column-gap-default\">\n\t\t\t\t\t<div class=\"elementor-column elementor-col-100 elementor-top-column elementor-element elementor-element-a699ce0\" data-id=\"a699ce0\" data-element_type=\"column\">\n\t\t\t<div class=\"elementor-widget-wrap elementor-element-populated\">\n\t\t\t\t\t\t<div class=\"elementor-element elementor-element-a4deca0 elementor-widget elementor-widget-image\" data-id=\"a4deca0\" data-element_type=\"widget\" data-widget_type=\"image.default\">\n\t\t\t\t<div class=\"elementor-widget-container\">\n\t\t\t\t\t\t\t\t\t\t\t\t\t\t\t<img decoding=\"async\" width=\"1024\" height=\"682\" src=\"https:\/\/madridsindical.es\/archivo\/wp-content\/uploads\/2021\/03\/004IMG_8229-1024x682.jpg\" class=\"attachment-large size-large wp-image-2369\" alt=\"\" srcset=\"https:\/\/madridsindical.es\/archivo\/wp-content\/uploads\/2021\/03\/004IMG_8229-1024x682.jpg 1024w, https:\/\/madridsindical.es\/archivo\/wp-content\/uploads\/2021\/03\/004IMG_8229-300x200.jpg 300w, https:\/\/madridsindical.es\/archivo\/wp-content\/uploads\/2021\/03\/004IMG_8229-768x512.jpg 768w, https:\/\/madridsindical.es\/archivo\/wp-content\/uploads\/2021\/03\/004IMG_8229-1536x1024.jpg 1536w, https:\/\/madridsindical.es\/archivo\/wp-content\/uploads\/2021\/03\/004IMG_8229-465x310.jpg 465w, https:\/\/madridsindical.es\/archivo\/wp-content\/uploads\/2021\/03\/004IMG_8229-695x463.jpg 695w, https:\/\/madridsindical.es\/archivo\/wp-content\/uploads\/2021\/03\/004IMG_8229.jpg 2000w\" sizes=\"(max-width: 1024px) 100vw, 1024px\" \/>\t\t\t\t\t\t\t\t\t\t\t\t\t\t\t<\/div>\n\t\t\t\t<\/div>\n\t\t\t\t\t<\/div>\n\t\t<\/div>\n\t\t\t\t\t<\/div>\n\t\t<\/section>\n\t\t\t\t<section class=\"elementor-section elementor-top-section elementor-element elementor-element-6f2df76 elementor-section-boxed elementor-section-height-default elementor-section-height-default\" data-id=\"6f2df76\" data-element_type=\"section\">\n\t\t\t\t\t\t<div class=\"elementor-container elementor-column-gap-default\">\n\t\t\t\t\t<div class=\"elementor-column elementor-col-100 elementor-top-column elementor-element elementor-element-b1c0fb0\" data-id=\"b1c0fb0\" data-element_type=\"column\">\n\t\t\t<div class=\"elementor-widget-wrap elementor-element-populated\">\n\t\t\t\t\t\t<div class=\"elementor-element elementor-element-0c5e41a elementor-widget elementor-widget-text-editor\" data-id=\"0c5e41a\" data-element_type=\"widget\" data-widget_type=\"text-editor.default\">\n\t\t\t\t<div class=\"elementor-widget-container\">\n\t\t\t\t\t\t\t\t\t<p><b>P.- \u00bfQu\u00e9 se\u00f1alar\u00edas como hitos de las \u00faltimas dos d\u00e9cadas?<\/b><\/p><p><span style=\"font-weight: 400;\">R.- La legislaci\u00f3n ha sido determinante. La Ley para la Igualdad efectiva de Mujeres y Hombres, aprobada en 2007 durante el Gobierno de Rodr\u00edguez Zapatero, es un hito fabuloso porque de repente una ley org\u00e1nica convert\u00eda en derechos lo que llev\u00e1bamos tant\u00edsimo tiempo reivindicando. La Ley de Igualdad la desarrollamos nosotras porque los hombres entendieron que era un terreno que no dominaban. Desarrollamos los planes de igualdad, la negociaci\u00f3n colectiva con perspectiva de g\u00e9nero y nos empoderamos como nunca antes en la organizaci\u00f3n sindical, ya que la ley inclu\u00eda normativa para las empresas que hab\u00eda que aplicar tambi\u00e9n dentro del sindicato. La Ley de Igualdad volvi\u00f3 la casa del rev\u00e9s como un calcet\u00edn.\u00a0<\/span><\/p><p><b>P.- Pero a pesar de las leyes persisten las desigualdades en el \u00e1mbito laboral.\u00a0<\/b><\/p><p><span style=\"font-weight: 400;\">R.- Porque nos hacen trampa. Por ejemplo, con la igualdad salarial. Nos la cuelan con la definici\u00f3n de los puestos de trabajo y sus funciones, los denominan de otra manera y les asignan un salario u otro. Casualmente, los puestos definidos con peor sueldo siempre los ocupan mujeres. Hay much\u00edsimas dificultades para aplicar los planes de igualdad. No hay m\u00e1s que leer algunas sentencias para darte cuenta del inmenso trabajo que nos queda por delante.\u00a0<\/span><\/p><p><b>P.- La pelea no acaba nunca<\/b><\/p><p><span style=\"font-weight: 400;\">R.- No, porque cada logro conlleva una revancha del patriarcado. Te doy reducci\u00f3n de jornada pero te asigno el mismo volumen de trabajo, te doy reducci\u00f3n de jornada pero te despido a la m\u00e1s m\u00ednima oportunidad&#8230; Este problema lo vamos a combatir con el Decreto de la Adaptaci\u00f3n de Jornada Laboral y con los permisos iguales de maternidad y paternidad<\/span><\/p>\t\t\t\t\t\t\t\t<\/div>\n\t\t\t\t<\/div>\n\t\t\t\t\t<\/div>\n\t\t<\/div>\n\t\t\t\t\t<\/div>\n\t\t<\/section>\n\t\t\t\t<section class=\"elementor-section elementor-top-section elementor-element elementor-element-c4f1528 elementor-section-boxed elementor-section-height-default elementor-section-height-default\" data-id=\"c4f1528\" data-element_type=\"section\">\n\t\t\t\t\t\t<div class=\"elementor-container elementor-column-gap-default\">\n\t\t\t\t\t<div class=\"elementor-column elementor-col-100 elementor-top-column elementor-element elementor-element-41d3121\" data-id=\"41d3121\" data-element_type=\"column\">\n\t\t\t<div class=\"elementor-widget-wrap elementor-element-populated\">\n\t\t\t\t\t\t<div class=\"elementor-element elementor-element-180d513 elementor-widget elementor-widget-heading\" data-id=\"180d513\" data-element_type=\"widget\" data-widget_type=\"heading.default\">\n\t\t\t\t<div class=\"elementor-widget-container\">\n\t\t\t\t\t<h4 class=\"elementor-heading-title elementor-size-default\">\u201cCada logro conlleva una revancha del patriarcado. Nos hacen trampa\u201d\n\n\n\n\n<\/h4>\t\t\t\t<\/div>\n\t\t\t\t<\/div>\n\t\t\t\t\t<\/div>\n\t\t<\/div>\n\t\t\t\t\t<\/div>\n\t\t<\/section>\n\t\t\t\t<section class=\"elementor-section elementor-top-section elementor-element elementor-element-95f2059 elementor-section-boxed elementor-section-height-default elementor-section-height-default\" data-id=\"95f2059\" data-element_type=\"section\">\n\t\t\t\t\t\t<div class=\"elementor-container elementor-column-gap-default\">\n\t\t\t\t\t<div class=\"elementor-column elementor-col-100 elementor-top-column elementor-element elementor-element-f7d63a4\" data-id=\"f7d63a4\" data-element_type=\"column\">\n\t\t\t<div class=\"elementor-widget-wrap elementor-element-populated\">\n\t\t\t\t\t\t<div class=\"elementor-element elementor-element-6b59581 elementor-widget elementor-widget-text-editor\" data-id=\"6b59581\" data-element_type=\"widget\" data-widget_type=\"text-editor.default\">\n\t\t\t\t<div class=\"elementor-widget-container\">\n\t\t\t\t\t\t\t\t\t<p><b>P.- Las multitudinarias manifestaciones del 8M han significado tambi\u00e9n un respaldo de la ciudadan\u00eda sin precedentes para el movimiento feminista<\/b><\/p><p><span style=\"font-weight: 400;\">R.- No hay palabras para describir la emoci\u00f3n de contemplar las multitudinarias manifestaciones de los \u00faltimos 8M, las calles de Madrid abarrotadas de gente, mujeres de todas las edades, de todas las nacionalidades, muchos hombres tambi\u00e9n y ver tantas banderas de las Comisiones Obreras. Antes, en 2014, el Tren de la Libertad contra la reforma de la Ley del Aborto de Gallard\u00f3n hab\u00eda culminado en Madrid con la mayor manifestaci\u00f3n feminista en Espa\u00f1a hasta ese momento. Hay que aprovechar el 8M porque es el d\u00eda que m\u00e1s se escucha nuestra voz en todos los rincones del mundo.\u00a0<\/span><\/p><p><b>P.- La pandemia ha puesto en valor como nunca antes el trabajo de las mujeres, que son mayor\u00eda en los sectores esenciales.\u00a0<\/b><\/p><p><span style=\"font-weight: 400;\">R.- S\u00ed, y tambi\u00e9n que esos trabajos esenciales, los que sostienen la vida, son los m\u00e1s duros y los peor pagados y considerados. No puede ser. Las mujeres hemos vuelto a demostrar el valor que tenemos y se nos tiene que reconocer. Sanitarias, maestras, limpiadoras, cajeras de s\u00faper\u2026 son la hostia y est\u00e1n muy desprotegidas. La pandemia nos ha sacudido y estamos obligadas a revisar nuestra postura y nuestras acciones. Los contratos de los servicios p\u00fablicos de cuidados no pueden licitarse a la baja porque eso va en contra de la calidad de la atenci\u00f3n y precariza las condiciones y el sueldo de las trabajadoras.\u00a0\u00a0<\/span><\/p><p><span style=\"font-weight: 400;\"><strong>P.- \u00bfY la violencia machista? Los asesinatos de mujeres se producen d\u00eda s\u00ed y d\u00eda tambi\u00e9n. Es una desesperaci\u00f3n.<\/strong>\u00a0<\/span><\/p><p><span style=\"font-weight: 400;\">R.- La violencia machista no es solo el momento en el que matan a una mujer. Es tambi\u00e9n el calvario que viven hasta que las asesinan, es la violencia de los jueces y de los empresarios, la de la imagen que reproducen los medios de comunicaci\u00f3n, la del s\u00edndrome de la alienaci\u00f3n parental, la de la custodia compartida con los maltratadores\u2026 Hay muchas violencias contra las mujeres y no van a acabar si no se hace algo m\u00e1s. La sentencia de la manada provoc\u00f3 otra de las grandes movilizaciones. Estallamos porque estamos hasta el pico de la peineta. El actual C\u00f3digo Penal no sirve y los recursos que se destinan no son suficientes.<\/span> <span style=\"font-weight: 400;\">Los informes que nuestra Secretar\u00eda elabora todos los 8 de Marzo y los 25 de Noviembre, con datos oficiales, dejan bien claro que los recursos del Ayuntamiento y de la Comunidad de Madrid son completamente insuficientes para el volumen de denuncias. No hay pisos ni ayudas para todas las mujeres maltratadas. Me parece una hipocres\u00eda que insistan en que denunciemos si despu\u00e9s no nos pueden proteger. <\/span><\/p>\t\t\t\t\t\t\t\t<\/div>\n\t\t\t\t<\/div>\n\t\t\t\t\t<\/div>\n\t\t<\/div>\n\t\t\t\t\t<\/div>\n\t\t<\/section>\n\t\t\t\t<section class=\"elementor-section elementor-top-section elementor-element elementor-element-ff8de56 elementor-section-boxed elementor-section-height-default elementor-section-height-default\" data-id=\"ff8de56\" data-element_type=\"section\">\n\t\t\t\t\t\t<div class=\"elementor-container elementor-column-gap-default\">\n\t\t\t\t\t<div class=\"elementor-column elementor-col-100 elementor-top-column elementor-element elementor-element-db26f1c\" data-id=\"db26f1c\" data-element_type=\"column\">\n\t\t\t<div class=\"elementor-widget-wrap elementor-element-populated\">\n\t\t\t\t\t\t<div class=\"elementor-element elementor-element-ba6bb73 elementor-widget elementor-widget-heading\" data-id=\"ba6bb73\" data-element_type=\"widget\" data-widget_type=\"heading.default\">\n\t\t\t\t<div class=\"elementor-widget-container\">\n\t\t\t\t\t<h4 class=\"elementor-heading-title elementor-size-default\">\u201cLa prostituci\u00f3n es violencia patriarcal. No se puede \nregular. Hay que abolirla\u201d\n\n\n\n\n\n<\/h4>\t\t\t\t<\/div>\n\t\t\t\t<\/div>\n\t\t\t\t\t<\/div>\n\t\t<\/div>\n\t\t\t\t\t<\/div>\n\t\t<\/section>\n\t\t\t\t<section class=\"elementor-section elementor-top-section elementor-element elementor-element-1b1037c elementor-section-boxed elementor-section-height-default elementor-section-height-default\" data-id=\"1b1037c\" data-element_type=\"section\">\n\t\t\t\t\t\t<div class=\"elementor-container elementor-column-gap-default\">\n\t\t\t\t\t<div class=\"elementor-column elementor-col-100 elementor-top-column elementor-element elementor-element-92ee1d9\" data-id=\"92ee1d9\" data-element_type=\"column\">\n\t\t\t<div class=\"elementor-widget-wrap elementor-element-populated\">\n\t\t\t\t\t\t<div class=\"elementor-element elementor-element-47e7359 elementor-widget elementor-widget-text-editor\" data-id=\"47e7359\" data-element_type=\"widget\" data-widget_type=\"text-editor.default\">\n\t\t\t\t<div class=\"elementor-widget-container\">\n\t\t\t\t\t\t\t\t\t<p><b>P.- El pr\u00f3ximo Congreso de CCOO de Madrid, que se celebrar\u00e1 en mayo, lleva entre sus propuestas la declaraci\u00f3n del sindicato como abolicionista de la prostituci\u00f3n. \u00bfQu\u00e9 les dir\u00eda a quienes defienden la regulaci\u00f3n?<\/b><\/p><p><span style=\"font-weight: 400;\">R.- \u00bfPero qu\u00e9 se puede regular de la prostituci\u00f3n? \u00bfCon qui\u00e9n negociamos el convenio? \u00bfElaboramos un listado de pr\u00e1cticas sexuales y les ponemos un precio? \u00bfCu\u00e1nto? \u00bfCinco euros por usar el cuerpo de una mujer? Cuando planteo estas cuestiones la gente se hunde en la silla\u2026 \u00bfPero de qu\u00e9 estamos hablando? La prostituci\u00f3n es violencia patriarcal contra la mujer y hay que abolirla. El argumento de que hay mujeres que lo hacen por voluntad propia no se sostiene. Quienes defendemos la abolici\u00f3n vamos contra los puteros y exigimos un programa de medidas que ofrezca una salida a las mujeres prostituidas. La prostituci\u00f3n no puede tener cabida en una sociedad como la nuestra, donde el respeto por la dignidad humana debe ser incuestionable. O hacemos una acci\u00f3n contundente contra el patriarcado y sostenida en el tiempo o nos van a seguir maltratando los pr\u00f3ximos mil a\u00f1os.<\/span><\/p>\t\t\t\t\t\t\t\t<\/div>\n\t\t\t\t<\/div>\n\t\t\t\t\t<\/div>\n\t\t<\/div>\n\t\t\t\t\t<\/div>\n\t\t<\/section>\n\t\t\t\t<section class=\"elementor-section elementor-top-section elementor-element elementor-element-aa41238 elementor-section-boxed elementor-section-height-default elementor-section-height-default\" data-id=\"aa41238\" data-element_type=\"section\">\n\t\t\t\t\t\t<div class=\"elementor-container elementor-column-gap-default\">\n\t\t\t\t\t<div class=\"elementor-column elementor-col-100 elementor-top-column elementor-element elementor-element-54f8386\" data-id=\"54f8386\" data-element_type=\"column\">\n\t\t\t<div class=\"elementor-widget-wrap elementor-element-populated\">\n\t\t\t\t\t\t<div class=\"elementor-element elementor-element-7496b31 elementor-widget elementor-widget-text-editor\" data-id=\"7496b31\" data-element_type=\"widget\" data-widget_type=\"text-editor.default\">\n\t\t\t\t<div class=\"elementor-widget-container\">\n\t\t\t\t\t\t\t\t\t<h3><b>Aumentan\u00a0 un 60% las llamadas al 016<\/b><\/h3><p><span style=\"font-weight: 400;\">La sexta macroencuesta sobre violencia machista en Espa\u00f1a es desoladora: 1.077 mujeres asesinadas desde 2003 por sus parejas o exparejas; 32.000 llevan protecci\u00f3n policial (9% m\u00e1s que en 2019); una de cada dos mujeres mayores de 16 a\u00f1os ha sufrido alg\u00fan episodio de violencia machista a lo largo de su vida, y el 20% de las agredidas sufren una discapacidad provocada por las lesiones infringidas. Los asesinos se han llevado por delante tambi\u00e9n a 37 menores y han dejado en orfandad a 765 ni\u00f1os y ni\u00f1as. Las violaciones denunciadas se acercan al medio mill\u00f3n, una cifra que se incrementar\u00eda un 36,5% si todas las v\u00edctimas se atrevieran a denunciar.\u00a0<\/span><\/p><p><span style=\"font-weight: 400;\">Los confinamientos y las restricciones de movilidad por la actual crisis sanitaria han agravado la situaci\u00f3n de las v\u00edctimas al ser el aislamiento el mejor aliado de los agresores. Es un hecho constatado: las llamadas al 016 han aumentado un 60%.\u00a0\u00a0<\/span><\/p><p><span style=\"font-weight: 400;\">\u201cDesde CCOO\u201d, subraya Pilar Morales, \u201cexigimos que se cumpla el Pacto de Estado contra la violencia machista, que est\u00e1 en vigor y no se lleva a cabo correctamente; pedimos acompa\u00f1amiento y protecci\u00f3n para las mujeres maltratadas, y pedimos formaci\u00f3n y sensibilizaci\u00f3n para todos los agentes implicados\u201d.<\/span><\/p><p><span style=\"font-weight: 400;\">\u201cEl negacionismo de la violencia machista\u201d, concluye, \u201cagrava y revictimiza a las mujeres que luchan cada d\u00eda por su vida\u201d.<\/span><\/p>\t\t\t\t\t\t\t\t<\/div>\n\t\t\t\t<\/div>\n\t\t\t\t\t<\/div>\n\t\t<\/div>\n\t\t\t\t\t<\/div>\n\t\t<\/section>\n\t\t\t\t<\/div>\n\t\t","protected":false},"excerpt":{"rendered":"<p>\u201cSanitarias, maestras, limpiadoras, cajeras del s\u00faper\u2026 son la hostia\u201d Texto: Alejandra Acosta; fotos: Fran Lorente\u00a0 Tras veinte a\u00f1os al frente de la Secretar\u00eda de las Mujeres de CCOO de Madrid, Pilar Morales se jubila, aunque seguir\u00e1 peleando como activista por los objetivos del feminismo y del sindicalismo de clase. Repasamos con ella las aportaciones de las sindicalistas a la lucha de las espa\u00f1olas por la igualdad durante dos d\u00e9cadas de avances hist\u00f3ricos.\u00a0\u00a0 La primera cartilla<span class=\"more-link\"><a href=\"https:\/\/madridsindical.es\/archivo\/2021\/03\/04\/entrevista-pilar-morales-secretaria-de-las-mujeres-de-ccoo-de-madrid\/\">Contin\u00faa leyendo<\/a><\/span><\/p>\n","protected":false},"author":1,"featured_media":2370,"comment_status":"closed","ping_status":"closed","sticky":false,"template":"","format":"standard","meta":{"footnotes":""},"categories":[3],"tags":[47],"class_list":["entry","author-madridsindical","post-2366","post","type-post","status-publish","format-standard","has-post-thumbnail","category-entrevistas","tag-archivo"],"aioseo_notices":[],"_links":{"self":[{"href":"https:\/\/madridsindical.es\/archivo\/wp-json\/wp\/v2\/posts\/2366","targetHints":{"allow":["GET"]}}],"collection":[{"href":"https:\/\/madridsindical.es\/archivo\/wp-json\/wp\/v2\/posts"}],"about":[{"href":"https:\/\/madridsindical.es\/archivo\/wp-json\/wp\/v2\/types\/post"}],"author":[{"embeddable":true,"href":"https:\/\/madridsindical.es\/archivo\/wp-json\/wp\/v2\/users\/1"}],"replies":[{"embeddable":true,"href":"https:\/\/madridsindical.es\/archivo\/wp-json\/wp\/v2\/comments?post=2366"}],"version-history":[{"count":28,"href":"https:\/\/madridsindical.es\/archivo\/wp-json\/wp\/v2\/posts\/2366\/revisions"}],"predecessor-version":[{"id":2415,"href":"https:\/\/madridsindical.es\/archivo\/wp-json\/wp\/v2\/posts\/2366\/revisions\/2415"}],"wp:featuredmedia":[{"embeddable":true,"href":"https:\/\/madridsindical.es\/archivo\/wp-json\/wp\/v2\/media\/2370"}],"wp:attachment":[{"href":"https:\/\/madridsindical.es\/archivo\/wp-json\/wp\/v2\/media?parent=2366"}],"wp:term":[{"taxonomy":"category","embeddable":true,"href":"https:\/\/madridsindical.es\/archivo\/wp-json\/wp\/v2\/categories?post=2366"},{"taxonomy":"post_tag","embeddable":true,"href":"https:\/\/madridsindical.es\/archivo\/wp-json\/wp\/v2\/tags?post=2366"}],"curies":[{"name":"wp","href":"https:\/\/api.w.org\/{rel}","templated":true}]}}