{"id":2323,"date":"2021-02-12T08:43:59","date_gmt":"2021-02-12T08:43:59","guid":{"rendered":"https:\/\/madridsindical.es\/archivo\/?p=2323"},"modified":"2025-11-06T12:25:51","modified_gmt":"2025-11-06T12:25:51","slug":"entrevista-tania-pasca-parrilla-auxiliar-de-enfermeria","status":"publish","type":"post","link":"https:\/\/madridsindical.es\/archivo\/2021\/02\/12\/entrevista-tania-pasca-parrilla-auxiliar-de-enfermeria\/","title":{"rendered":"Entrevista: Tania Pasca Parrilla, auxiliar de enfermer\u00eda"},"content":{"rendered":"\t\t<div data-elementor-type=\"wp-post\" data-elementor-id=\"2323\" class=\"elementor elementor-2323\">\n\t\t\t\t\t\t<section class=\"elementor-section elementor-top-section elementor-element elementor-element-d2791f0 elementor-section-boxed elementor-section-height-default elementor-section-height-default\" data-id=\"d2791f0\" data-element_type=\"section\">\n\t\t\t\t\t\t<div class=\"elementor-container elementor-column-gap-default\">\n\t\t\t\t\t<div class=\"elementor-column elementor-col-100 elementor-top-column elementor-element elementor-element-1928206\" data-id=\"1928206\" data-element_type=\"column\">\n\t\t\t<div class=\"elementor-widget-wrap elementor-element-populated\">\n\t\t\t\t\t\t<div class=\"elementor-element elementor-element-82b6009 elementor-widget elementor-widget-heading\" data-id=\"82b6009\" data-element_type=\"widget\" data-widget_type=\"heading.default\">\n\t\t\t\t<div class=\"elementor-widget-container\">\n\t\t\t\t\t<h2 class=\"elementor-heading-title elementor-size-default\">Dolor sin gloria en el 12 de octubre: una auxiliar ante el coronavirus<\/h2>\t\t\t\t<\/div>\n\t\t\t\t<\/div>\n\t\t\t\t\t<\/div>\n\t\t<\/div>\n\t\t\t\t\t<\/div>\n\t\t<\/section>\n\t\t\t\t<section class=\"elementor-section elementor-top-section elementor-element elementor-element-201b564 elementor-section-boxed elementor-section-height-default elementor-section-height-default\" data-id=\"201b564\" data-element_type=\"section\">\n\t\t\t\t\t\t<div class=\"elementor-container elementor-column-gap-default\">\n\t\t\t\t\t<div class=\"elementor-column elementor-col-100 elementor-top-column elementor-element elementor-element-71e221a\" data-id=\"71e221a\" data-element_type=\"column\">\n\t\t\t<div class=\"elementor-widget-wrap elementor-element-populated\">\n\t\t\t\t\t\t<div class=\"elementor-element elementor-element-244aaae elementor-widget elementor-widget-text-editor\" data-id=\"244aaae\" data-element_type=\"widget\" data-widget_type=\"text-editor.default\">\n\t\t\t\t<div class=\"elementor-widget-container\">\n\t\t\t\t\t\t\t\t\t<p><strong>Texto: <a href=\"https:\/\/twitter.com\/Alexacostabrava\">Alejandra Acosta<\/a>; f<\/strong><strong>otos, v\u00eddeo y edici\u00f3n de v\u00eddeo: <a href=\"https:\/\/twitter.com\/frlorente\">Fran Lorente<\/a> y Javier Cantizani<\/strong><\/p>\t\t\t\t\t\t\t\t<\/div>\n\t\t\t\t<\/div>\n\t\t\t\t\t<\/div>\n\t\t<\/div>\n\t\t\t\t\t<\/div>\n\t\t<\/section>\n\t\t\t\t<section class=\"elementor-section elementor-top-section elementor-element elementor-element-cd1cb0f elementor-section-boxed elementor-section-height-default elementor-section-height-default\" data-id=\"cd1cb0f\" data-element_type=\"section\">\n\t\t\t\t\t\t<div class=\"elementor-container elementor-column-gap-default\">\n\t\t\t\t\t<div class=\"elementor-column elementor-col-100 elementor-top-column elementor-element elementor-element-72d1425\" data-id=\"72d1425\" data-element_type=\"column\">\n\t\t\t<div class=\"elementor-widget-wrap elementor-element-populated\">\n\t\t\t\t\t\t<div class=\"elementor-element elementor-element-d8e94cc elementor-widget elementor-widget-text-editor\" data-id=\"d8e94cc\" data-element_type=\"widget\" data-widget_type=\"text-editor.default\">\n\t\t\t\t<div class=\"elementor-widget-container\">\n\t\t\t\t\t\t\t\t\t<p><b>Tania Pasca Parrilla, auxiliar de enfermer\u00eda, afiliada a CCOO, publica el diario en el que plasm\u00f3 sus vivencias en una planta hospitalaria covid durante la primera ola de la pandemia<\/b><\/p>\t\t\t\t\t\t\t\t<\/div>\n\t\t\t\t<\/div>\n\t\t\t\t\t<\/div>\n\t\t<\/div>\n\t\t\t\t\t<\/div>\n\t\t<\/section>\n\t\t\t\t<section class=\"elementor-section elementor-top-section elementor-element elementor-element-b9ccec3 elementor-section-boxed elementor-section-height-default elementor-section-height-default\" data-id=\"b9ccec3\" data-element_type=\"section\">\n\t\t\t\t\t\t<div class=\"elementor-container elementor-column-gap-default\">\n\t\t\t\t\t<div class=\"elementor-column elementor-col-100 elementor-top-column elementor-element elementor-element-f437a8b\" data-id=\"f437a8b\" data-element_type=\"column\">\n\t\t\t<div class=\"elementor-widget-wrap elementor-element-populated\">\n\t\t\t\t\t\t<section class=\"elementor-section elementor-inner-section elementor-element elementor-element-6dfe3a4 elementor-section-boxed elementor-section-height-default elementor-section-height-default\" data-id=\"6dfe3a4\" data-element_type=\"section\">\n\t\t\t\t\t\t<div class=\"elementor-container elementor-column-gap-default\">\n\t\t\t\t\t<div class=\"elementor-column elementor-col-50 elementor-inner-column elementor-element elementor-element-f25b9cd\" data-id=\"f25b9cd\" data-element_type=\"column\">\n\t\t\t<div class=\"elementor-widget-wrap elementor-element-populated\">\n\t\t\t\t\t\t<div class=\"elementor-element elementor-element-a8efde6 elementor-widget elementor-widget-image\" data-id=\"a8efde6\" data-element_type=\"widget\" data-widget_type=\"image.default\">\n\t\t\t\t<div class=\"elementor-widget-container\">\n\t\t\t\t\t\t\t\t\t\t\t\t<figure class=\"wp-caption\">\n\t\t\t\t\t\t\t\t\t\t<img fetchpriority=\"high\" decoding=\"async\" width=\"682\" height=\"1024\" src=\"https:\/\/madridsindical.es\/archivo\/wp-content\/uploads\/2021\/01\/IMG_5031-682x1024.jpg\" class=\"attachment-large size-large wp-image-2324\" alt=\"\" srcset=\"https:\/\/madridsindical.es\/archivo\/wp-content\/uploads\/2021\/01\/IMG_5031-682x1024.jpg 682w, https:\/\/madridsindical.es\/archivo\/wp-content\/uploads\/2021\/01\/IMG_5031-200x300.jpg 200w, https:\/\/madridsindical.es\/archivo\/wp-content\/uploads\/2021\/01\/IMG_5031-768x1152.jpg 768w, https:\/\/madridsindical.es\/archivo\/wp-content\/uploads\/2021\/01\/IMG_5031-1024x1536.jpg 1024w, https:\/\/madridsindical.es\/archivo\/wp-content\/uploads\/2021\/01\/IMG_5031-367x550.jpg 367w, https:\/\/madridsindical.es\/archivo\/wp-content\/uploads\/2021\/01\/IMG_5031-333x500.jpg 333w, https:\/\/madridsindical.es\/archivo\/wp-content\/uploads\/2021\/01\/IMG_5031.jpg 1333w\" sizes=\"(max-width: 682px) 100vw, 682px\" \/>\t\t\t\t\t\t\t\t\t\t\t<figcaption class=\"widget-image-caption wp-caption-text\">Tania Pasca Parrilla<\/figcaption>\n\t\t\t\t\t\t\t\t\t\t<\/figure>\n\t\t\t\t\t\t\t\t\t<\/div>\n\t\t\t\t<\/div>\n\t\t\t\t<div class=\"elementor-element elementor-element-895d53a elementor-widget elementor-widget-heading\" data-id=\"895d53a\" data-element_type=\"widget\" data-widget_type=\"heading.default\">\n\t\t\t\t<div class=\"elementor-widget-container\">\n\t\t\t\t\t<h4 class=\"elementor-heading-title elementor-size-default\">\n<\/h4>\t\t\t\t<\/div>\n\t\t\t\t<\/div>\n\t\t\t\t\t<\/div>\n\t\t<\/div>\n\t\t\t\t<div class=\"elementor-column elementor-col-50 elementor-inner-column elementor-element elementor-element-75c070a\" data-id=\"75c070a\" data-element_type=\"column\">\n\t\t\t<div class=\"elementor-widget-wrap elementor-element-populated\">\n\t\t\t\t\t\t<div class=\"elementor-element elementor-element-3f2fd58 elementor-widget elementor-widget-text-editor\" data-id=\"3f2fd58\" data-element_type=\"widget\" data-widget_type=\"text-editor.default\">\n\t\t\t\t<div class=\"elementor-widget-container\">\n\t\t\t\t\t\t\t\t\t<p><i><span style=\"font-weight: 400;\">\u201cHoy localizamos un cargador de m\u00f3vil para un paciente que necesitaba hablar con los suyos y cuando el m\u00f3vil empez\u00f3 a dar se\u00f1ales de vida el se\u00f1or llor\u00f3 de alegr\u00eda\u2026 y yo tambi\u00e9n a trav\u00e9s de las gafas de buzo\u201d.<\/span><\/i><span style=\"font-weight: 400;\"> Esto pasaba el domingo 29 de marzo de 2020 en una habitaci\u00f3n covid del <strong>Hospital 12 de Octubre<\/strong>. <strong>Tania Pasca Parrilla<\/strong>, madrile\u00f1a de 47 a\u00f1os,\u00a0 <strong>auxiliar de enfermer\u00eda<\/strong>, lo anot\u00f3 en su cuaderno de bit\u00e1cora, un documento estremecedor sobre la pesadilla que se vivi\u00f3 durante la primera ola de la pandemia dentro de las desvencijadas habitaciones de la sexta planta de este centro hospitalario, <\/span><i><span style=\"font-weight: 400;\">\u201cun lugar impregnado de dolor y desesperaci\u00f3n\u201d<\/span><\/i><span style=\"font-weight: 400;\">. Con <strong>ilustraciones de Juan Kalvellido<\/strong>, el diario de Tania, que abarca cincuenta d\u00edas que transcurren <strong>entre el 18 de marzo y el 10 de mayo de 2020<\/strong>, se acaba de publicar con el t\u00edtulo de <\/span><b>\u201cUna auxiliar ante el coronavirus\u201d <\/b><span style=\"font-weight: 400;\">(El Garaje Ediciones, S.L.). <\/span><\/p>\t\t\t\t\t\t\t\t<\/div>\n\t\t\t\t<\/div>\n\t\t\t\t<div class=\"elementor-element elementor-element-68a5ca4 elementor-widget elementor-widget-text-editor\" data-id=\"68a5ca4\" data-element_type=\"widget\" data-widget_type=\"text-editor.default\">\n\t\t\t\t<div class=\"elementor-widget-container\">\n\t\t\t\t\t\t\t\t\t<p><span style=\"font-weight: 400;\">Justo el d\u00eda que el equipo de <strong>Madrid Sindical<\/strong> se cita con ella para realizar esta entrevista\u00a0 salta la noticia de que la gerente del Hospital Pr\u00edncipe de Asturias de Alcal\u00e1 de Henares pretend\u00eda <strong>retirar los dispositivos m\u00f3viles a los pacientes<\/strong> para impedirles comunicar con sus familias y forzar su traslado al <strong>centro de pandemias Isabel Zendal<\/strong>. <\/span><i><span style=\"font-weight: 400;\">\u201cEstoy indignada\u201d<\/span><\/i><span style=\"font-weight: 400;\">, nos dice. <\/span><i><span style=\"font-weight: 400;\">\u201cQuienes gestionan la sanidad madrile\u00f1a <strong>anteponen descaradamente sus intereses pol\u00edticos<\/strong> sobre el bienestar de las personas enfermas. <strong>Es inhumano<\/strong>. No tienen ni idea de lo que ocurre en la habitaci\u00f3n de un hospital ni del sufrimiento de los enfermos y del personal sanitario\u201d<\/span><\/i><span style=\"font-weight: 400;\">. <\/span><\/p>\t\t\t\t\t\t\t\t<\/div>\n\t\t\t\t<\/div>\n\t\t\t\t<div class=\"elementor-element elementor-element-01b4c8a elementor-widget elementor-widget-text-editor\" data-id=\"01b4c8a\" data-element_type=\"widget\" data-widget_type=\"text-editor.default\">\n\t\t\t\t<div class=\"elementor-widget-container\">\n\t\t\t\t\t\t\t\t\t<p><span style=\"font-weight: 400;\">Tania podr\u00eda darles una lecci\u00f3n magistral al respecto. Su labor, <strong>esencial entre las esenciales<\/strong>, consiste en atender y acompa\u00f1ar en su d\u00eda a d\u00eda hospitalario a las personas ingresadas: asearlas, servirles la comida, movilizarlas y colaborar con el personal de enfermer\u00eda en todo lo que se les requiera. Su testimonio nos acerca hasta la misma cabecera de la cama de las personas contagiadas.<\/span><i><span style=\"font-weight: 400;\"> \u201cHoy me toc\u00f3 despedir a Juana, cerrarle los ojos para siempre a quien apenas he conocido. Siento mucho ser yo quien est\u00e9 aqu\u00ed contigo y no un familiar tuyo\u201d<\/span><\/i><span style=\"font-weight: 400;\">, apunta en el cuaderno de bit\u00e1cora el d\u00eda 26 de su personal batalla contra el coronavirus. <\/span><\/p>\t\t\t\t\t\t\t\t<\/div>\n\t\t\t\t<\/div>\n\t\t\t\t\t<\/div>\n\t\t<\/div>\n\t\t\t\t\t<\/div>\n\t\t<\/section>\n\t\t\t\t\t<\/div>\n\t\t<\/div>\n\t\t\t\t\t<\/div>\n\t\t<\/section>\n\t\t\t\t<section class=\"elementor-section elementor-top-section elementor-element elementor-element-b6c3915 elementor-section-boxed elementor-section-height-default elementor-section-height-default\" data-id=\"b6c3915\" data-element_type=\"section\">\n\t\t\t\t\t\t<div class=\"elementor-container elementor-column-gap-default\">\n\t\t\t\t\t<div class=\"elementor-column elementor-col-100 elementor-top-column elementor-element elementor-element-ef92296\" data-id=\"ef92296\" data-element_type=\"column\">\n\t\t\t<div class=\"elementor-widget-wrap elementor-element-populated\">\n\t\t\t\t\t\t<div class=\"elementor-element elementor-element-a0dbc1f elementor-widget elementor-widget-heading\" data-id=\"a0dbc1f\" data-element_type=\"widget\" data-widget_type=\"heading.default\">\n\t\t\t\t<div class=\"elementor-widget-container\">\n\t\t\t\t\t<h4 class=\"elementor-heading-title elementor-size-default\">\u201cNos llaman \u2018limpiaculos\u2019, pero yo no reniego. Nuestra labor aporta dignidad a los pacientes\u201d\n\n<\/h4>\t\t\t\t<\/div>\n\t\t\t\t<\/div>\n\t\t\t\t\t<\/div>\n\t\t<\/div>\n\t\t\t\t\t<\/div>\n\t\t<\/section>\n\t\t\t\t<section class=\"elementor-section elementor-top-section elementor-element elementor-element-7576dd1 elementor-section-boxed elementor-section-height-default elementor-section-height-default\" data-id=\"7576dd1\" data-element_type=\"section\">\n\t\t\t\t\t\t<div class=\"elementor-container elementor-column-gap-default\">\n\t\t\t\t\t<div class=\"elementor-column elementor-col-100 elementor-top-column elementor-element elementor-element-d154130\" data-id=\"d154130\" data-element_type=\"column\">\n\t\t\t<div class=\"elementor-widget-wrap elementor-element-populated\">\n\t\t\t\t\t\t<div class=\"elementor-element elementor-element-9c2d7e7 elementor-widget elementor-widget-text-editor\" data-id=\"9c2d7e7\" data-element_type=\"widget\" data-widget_type=\"text-editor.default\">\n\t\t\t\t<div class=\"elementor-widget-container\">\n\t\t\t\t\t\t\t\t\t<p><span style=\"font-weight: 400;\">Se pregunta qu\u00e9 pensar\u00e1n los pacientes\u00a0 cuando contemplan a las auxiliares <strong>\u2018disfrazadas\u2019 de astronautas<\/strong> en medio de un silencio ensordecedor. Es gente mayor en su mayor\u00eda, aislada en habitaciones cerradas a cal y canto, sin poder salir y desorientada. Lo peor es cuando no pueden respirar y se arrancan las mascarillas, desesperados se quitan hasta la ropa e intentan salir de la habitaci\u00f3n buscando el aire que no entra en sus pulmones. Se desploman antes de alcanzar la puerta.<\/span><\/p><p><span style=\"font-weight: 400;\">A la situaci\u00f3n de colapso general hospitalario se suma en el 12 de Octubre la falta de espacio en las habitaciones, que dificulta enormemente la atenci\u00f3n a los pacientes. Comenta Tania que uno de los motivos que la empujaron a publicar su diario fue dar a conocer las <strong>graves deficiencias de todo tipo<\/strong> que arrastra este hospital p\u00fablico, inaugurado en 1973 y que seg\u00fan la web de la Comunidad de Madrid es <\/span><i><span style=\"font-weight: 400;\">\u201cuno de los centros sanitarios de mayor prestigio nacional e internacional, gracias a su equipamiento tecnol\u00f3gico, instalaciones&#8230;\u201d<\/span><\/i><span style=\"font-weight: 400;\">. Pero la realidad\u00a0 es otra, al menos por lo que se refiere a las instalaciones de la residencia general.<\/span><\/p>\t\t\t\t\t\t\t\t<\/div>\n\t\t\t\t<\/div>\n\t\t\t\t\t<\/div>\n\t\t<\/div>\n\t\t\t\t\t<\/div>\n\t\t<\/section>\n\t\t\t\t<section class=\"elementor-section elementor-top-section elementor-element elementor-element-f9ae316 elementor-section-boxed elementor-section-height-default elementor-section-height-default\" data-id=\"f9ae316\" data-element_type=\"section\">\n\t\t\t\t\t\t<div class=\"elementor-container elementor-column-gap-default\">\n\t\t\t\t\t<div class=\"elementor-column elementor-col-100 elementor-top-column elementor-element elementor-element-5f1202e\" data-id=\"5f1202e\" data-element_type=\"column\">\n\t\t\t<div class=\"elementor-widget-wrap elementor-element-populated\">\n\t\t\t\t\t\t<div class=\"elementor-element elementor-element-375cdd2 elementor-widget elementor-widget-heading\" data-id=\"375cdd2\" data-element_type=\"widget\" data-widget_type=\"heading.default\">\n\t\t\t\t<div class=\"elementor-widget-container\">\n\t\t\t\t\t<h4 class=\"elementor-heading-title elementor-size-default\">\u201cNo hay espacio para el carro de parada respiratoria y en los aseos no cabe un andador\u201d\n\n<\/h4>\t\t\t\t<\/div>\n\t\t\t\t<\/div>\n\t\t\t\t\t<\/div>\n\t\t<\/div>\n\t\t\t\t\t<\/div>\n\t\t<\/section>\n\t\t\t\t<section class=\"elementor-section elementor-top-section elementor-element elementor-element-d0791be elementor-section-boxed elementor-section-height-default elementor-section-height-default\" data-id=\"d0791be\" data-element_type=\"section\">\n\t\t\t\t\t\t<div class=\"elementor-container elementor-column-gap-default\">\n\t\t\t\t\t<div class=\"elementor-column elementor-col-100 elementor-top-column elementor-element elementor-element-0e8cd55\" data-id=\"0e8cd55\" data-element_type=\"column\">\n\t\t\t<div class=\"elementor-widget-wrap elementor-element-populated\">\n\t\t\t\t\t\t<div class=\"elementor-element elementor-element-a7eac2f elementor-widget elementor-widget-text-editor\" data-id=\"a7eac2f\" data-element_type=\"widget\" data-widget_type=\"text-editor.default\">\n\t\t\t\t<div class=\"elementor-widget-container\">\n\t\t\t\t\t\t\t\t\t<p><i><span style=\"font-weight: 400;\">\u201cLos pacientes <strong>se hacinan en peque\u00f1as y viejas habitaciones<\/strong> sin ducha [en la sexta planta solo hay dos duchas para 25 habitaciones, la mayor\u00eda dobles] y con un mobiliario antiqu\u00edsimo que lo \u00fanico que hace es estorbar\u201d, <\/span><\/i><span style=\"font-weight: 400;\">denuncia la auxiliar. <\/span><i><span style=\"font-weight: 400;\">\u201cEl aseo es un habit\u00e1culo tan min\u00fasculo que no cabe ni una silla de ruedas ni un andador; los atriles donde se sirve la comida ruedan muy mal y no se ajustan bien al paciente; los sillones son armatostes que pesan una tonelada y es imposible desplazarlos; cuando las enfermeras necesitan acceder con el aparato de la tensi\u00f3n hay que liar una incre\u00edble, echar a un lado el sill\u00f3n, hacia otro la mesilla\u2026; tampoco hay espacio para el carro de parada respiratoria\u2026\u201d<\/span><\/i><\/p><p><span style=\"font-weight: 400;\">&#8211; \u00bfY cu\u00e1ndo se produce un infarto&#8230;?<\/span><\/p><p><span style=\"font-weight: 400;\">&#8211;\u00a0 \u201c<\/span><i><span style=\"font-weight: 400;\">Una odisea. Hay que sacar una de las camas al pasillo para acceder con el carro <\/span><\/i> <i><span style=\"font-weight: 400;\">de parada respiratoria, todo esto en medio de una emergencia y muchas veces con la <\/span><\/i> <i><span style=\"font-weight: 400;\">persona infartada tirada en el suelo de una habitaci\u00f3n en la que no te puedes ni <\/span><\/i> <i><span style=\"font-weight: 400;\">mover. Es lamentable. <strong>Yo suelo proponer ir\u00f3nicamente llamar al 112<\/strong>. Y como las <\/span><\/i> <i><span style=\"font-weight: 400;\">habitaciones son compartidas, si se muere un paciente y tardan en llev\u00e1rselo porque <\/span><\/i> <i><span style=\"font-weight: 400;\">no hay sitio en el mortuorio, si el compa\u00f1ero necesita ir al aseo, o se aguanta durante <\/span><\/i> <i><span style=\"font-weight: 400;\">horas o tiene que saltar por encima del cad\u00e1ver. <strong>Es de pel\u00edcula de terror<\/strong>. Esto pasa <\/span><\/i> <i><span style=\"font-weight: 400;\">much\u00edsimas veces. Los pacientes se quedan en shock\u201d.<\/span><\/i><\/p>\t\t\t\t\t\t\t\t<\/div>\n\t\t\t\t<\/div>\n\t\t\t\t\t<\/div>\n\t\t<\/div>\n\t\t\t\t\t<\/div>\n\t\t<\/section>\n\t\t\t\t<section class=\"elementor-section elementor-top-section elementor-element elementor-element-fecdc7c elementor-section-boxed elementor-section-height-default elementor-section-height-default\" data-id=\"fecdc7c\" data-element_type=\"section\">\n\t\t\t\t\t\t<div class=\"elementor-container elementor-column-gap-default\">\n\t\t\t\t\t<div class=\"elementor-column elementor-col-100 elementor-top-column elementor-element elementor-element-2bf0cc8\" data-id=\"2bf0cc8\" data-element_type=\"column\">\n\t\t\t<div class=\"elementor-widget-wrap elementor-element-populated\">\n\t\t\t\t\t\t<div class=\"elementor-element elementor-element-5d9b971 elementor-widget elementor-widget-video\" data-id=\"5d9b971\" data-element_type=\"widget\" data-settings=\"{&quot;youtube_url&quot;:&quot;https:\\\/\\\/www.youtube.com\\\/watch?v=DdPcMula2gs&amp;feature=youtu.be&quot;,&quot;video_type&quot;:&quot;youtube&quot;,&quot;controls&quot;:&quot;yes&quot;}\" data-widget_type=\"video.default\">\n\t\t\t\t<div class=\"elementor-widget-container\">\n\t\t\t\t\t\t\t<div class=\"elementor-wrapper elementor-open-inline\">\n\t\t\t<div class=\"elementor-video\"><\/div>\t\t<\/div>\n\t\t\t\t\t\t<\/div>\n\t\t\t\t<\/div>\n\t\t\t\t\t<\/div>\n\t\t<\/div>\n\t\t\t\t\t<\/div>\n\t\t<\/section>\n\t\t\t\t<section class=\"elementor-section elementor-top-section elementor-element elementor-element-8ededd8 elementor-section-boxed elementor-section-height-default elementor-section-height-default\" data-id=\"8ededd8\" data-element_type=\"section\">\n\t\t\t\t\t\t<div class=\"elementor-container elementor-column-gap-default\">\n\t\t\t\t\t<div class=\"elementor-column elementor-col-100 elementor-top-column elementor-element elementor-element-0a025a0\" data-id=\"0a025a0\" data-element_type=\"column\">\n\t\t\t<div class=\"elementor-widget-wrap elementor-element-populated\">\n\t\t\t\t\t\t<div class=\"elementor-element elementor-element-4710c58 elementor-widget elementor-widget-heading\" data-id=\"4710c58\" data-element_type=\"widget\" data-widget_type=\"heading.default\">\n\t\t\t\t<div class=\"elementor-widget-container\">\n\t\t\t\t\t<h4 class=\"elementor-heading-title elementor-size-default\">\u201cCompartimos sin remedio todo lo que el cuerpo humano es capaz de excretar\u201d\n\n<\/h4>\t\t\t\t<\/div>\n\t\t\t\t<\/div>\n\t\t\t\t\t<\/div>\n\t\t<\/div>\n\t\t\t\t\t<\/div>\n\t\t<\/section>\n\t\t\t\t<section class=\"elementor-section elementor-top-section elementor-element elementor-element-0b36c70 elementor-section-boxed elementor-section-height-default elementor-section-height-default\" data-id=\"0b36c70\" data-element_type=\"section\">\n\t\t\t\t\t\t<div class=\"elementor-container elementor-column-gap-default\">\n\t\t\t\t\t<div class=\"elementor-column elementor-col-100 elementor-top-column elementor-element elementor-element-8a90f89\" data-id=\"8a90f89\" data-element_type=\"column\">\n\t\t\t<div class=\"elementor-widget-wrap elementor-element-populated\">\n\t\t\t\t\t\t<div class=\"elementor-element elementor-element-7374a1e elementor-widget elementor-widget-text-editor\" data-id=\"7374a1e\" data-element_type=\"widget\" data-widget_type=\"text-editor.default\">\n\t\t\t\t<div class=\"elementor-widget-container\">\n\t\t\t\t\t\t\t\t\t<p><span style=\"font-weight: 400;\">La auxiliar de enfermer\u00eda reivindica un oficio que realizan en su inmensa mayor\u00eda mujeres, poco conocido (las confunden con enfermeras) y nada valorado, incluso despreciado. <\/span><i><span style=\"font-weight: 400;\">\u201c<strong>Hay quien despectivamente nos llama \u2018limpiaculos\u2019<\/strong>, pero yo no reniego de ello. Alguien tiene que hacerlo y es una tarea que <strong>aporta dignidad<\/strong> a las personas enfermas\u201d<\/span><\/i><span style=\"font-weight: 400;\">. Otra de sus quejas permanentes es la indefinici\u00f3n de sus funciones.<\/span><i><span style=\"font-weight: 400;\"> \u201cNos toca hacer cosas que no sabemos en qu\u00e9 punto del manual de auxiliar de enfermer\u00eda se recoge o en qu\u00e9 temario de oposiciones se dice que tenemos que ir a lavander\u00eda a buscarte la vida con los camisones, o llevar los arneses a lavar, lo que adem\u00e1s te obliga a abandonar tus quehaceres propios\u201d. <\/span><\/i><\/p>\t\t\t\t\t\t\t\t<\/div>\n\t\t\t\t<\/div>\n\t\t\t\t\t<\/div>\n\t\t<\/div>\n\t\t\t\t\t<\/div>\n\t\t<\/section>\n\t\t\t\t<section class=\"elementor-section elementor-top-section elementor-element elementor-element-fc04a0c elementor-section-boxed elementor-section-height-default elementor-section-height-default\" data-id=\"fc04a0c\" data-element_type=\"section\">\n\t\t\t\t\t\t<div class=\"elementor-container elementor-column-gap-default\">\n\t\t\t\t\t<div class=\"elementor-column elementor-col-100 elementor-top-column elementor-element elementor-element-d8b0b59\" data-id=\"d8b0b59\" data-element_type=\"column\">\n\t\t\t<div class=\"elementor-widget-wrap elementor-element-populated\">\n\t\t\t\t\t\t<div class=\"elementor-element elementor-element-70578ca elementor-widget elementor-widget-image\" data-id=\"70578ca\" data-element_type=\"widget\" data-widget_type=\"image.default\">\n\t\t\t\t<div class=\"elementor-widget-container\">\n\t\t\t\t\t\t\t\t\t\t\t\t\t\t\t<img decoding=\"async\" width=\"1024\" height=\"682\" src=\"https:\/\/madridsindical.es\/archivo\/wp-content\/uploads\/2021\/02\/IMG_5008-1024x682.jpg\" class=\"attachment-large size-large wp-image-2326\" alt=\"\" srcset=\"https:\/\/madridsindical.es\/archivo\/wp-content\/uploads\/2021\/02\/IMG_5008-1024x682.jpg 1024w, https:\/\/madridsindical.es\/archivo\/wp-content\/uploads\/2021\/02\/IMG_5008-300x200.jpg 300w, https:\/\/madridsindical.es\/archivo\/wp-content\/uploads\/2021\/02\/IMG_5008-768x512.jpg 768w, https:\/\/madridsindical.es\/archivo\/wp-content\/uploads\/2021\/02\/IMG_5008-1536x1024.jpg 1536w, https:\/\/madridsindical.es\/archivo\/wp-content\/uploads\/2021\/02\/IMG_5008-465x310.jpg 465w, https:\/\/madridsindical.es\/archivo\/wp-content\/uploads\/2021\/02\/IMG_5008-695x463.jpg 695w, https:\/\/madridsindical.es\/archivo\/wp-content\/uploads\/2021\/02\/IMG_5008.jpg 2000w\" sizes=\"(max-width: 1024px) 100vw, 1024px\" \/>\t\t\t\t\t\t\t\t\t\t\t\t\t\t\t<\/div>\n\t\t\t\t<\/div>\n\t\t\t\t\t<\/div>\n\t\t<\/div>\n\t\t\t\t\t<\/div>\n\t\t<\/section>\n\t\t\t\t<section class=\"elementor-section elementor-top-section elementor-element elementor-element-d589d37 elementor-section-boxed elementor-section-height-default elementor-section-height-default\" data-id=\"d589d37\" data-element_type=\"section\">\n\t\t\t\t\t\t<div class=\"elementor-container elementor-column-gap-default\">\n\t\t\t\t\t<div class=\"elementor-column elementor-col-100 elementor-top-column elementor-element elementor-element-6d284d0\" data-id=\"6d284d0\" data-element_type=\"column\">\n\t\t\t<div class=\"elementor-widget-wrap elementor-element-populated\">\n\t\t\t\t\t\t<div class=\"elementor-element elementor-element-d860e8c elementor-widget elementor-widget-heading\" data-id=\"d860e8c\" data-element_type=\"widget\" data-widget_type=\"heading.default\">\n\t\t\t\t<div class=\"elementor-widget-container\">\n\t\t\t\t\t<h4 class=\"elementor-heading-title elementor-size-default\">\u201cLo peor es cuando no pueden respirar y desesperados se quitan las mascarilla y hasta la ropa\u201d<\/h4>\t\t\t\t<\/div>\n\t\t\t\t<\/div>\n\t\t\t\t\t<\/div>\n\t\t<\/div>\n\t\t\t\t\t<\/div>\n\t\t<\/section>\n\t\t\t\t<section class=\"elementor-section elementor-top-section elementor-element elementor-element-03b6aad elementor-section-boxed elementor-section-height-default elementor-section-height-default\" data-id=\"03b6aad\" data-element_type=\"section\">\n\t\t\t\t\t\t<div class=\"elementor-container elementor-column-gap-default\">\n\t\t\t\t\t<div class=\"elementor-column elementor-col-100 elementor-top-column elementor-element elementor-element-67c0378\" data-id=\"67c0378\" data-element_type=\"column\">\n\t\t\t<div class=\"elementor-widget-wrap elementor-element-populated\">\n\t\t\t\t\t\t<div class=\"elementor-element elementor-element-408a4c4 elementor-widget elementor-widget-text-editor\" data-id=\"408a4c4\" data-element_type=\"widget\" data-widget_type=\"text-editor.default\">\n\t\t\t\t<div class=\"elementor-widget-container\">\n\t\t\t\t\t\t\t\t\t<p><span style=\"font-weight: 400;\">Fueron ellas sobre todo quienes mayoritariamente se encargaron de transformar las plantas de hospitalizaci\u00f3n quir\u00fargica en planta COVID-19. La <\/span><i><span style=\"font-weight: 400;\">\u201c<strong>tropa sanitaria<\/strong>\u201d<\/span><\/i><span style=\"font-weight: 400;\">, como llama Tania a su colectivo profesional, hizo gala de un enorme ingenio y capacidad de improvisaci\u00f3n para organizar los espacios y buscar hueco para el nuevo material. En su planta, dedicada normalmente a traumatolog\u00eda y cirug\u00eda pl\u00e1stica, movieron armarios, mesillas, camas, atriles\u2026 Lo hicieron a contrarreloj para acoger a personas infectadas que se amontonaban en las urgencias.<\/span><i><span style=\"font-weight: 400;\"> \u201cA cada paso nos damos cuenta de la <strong>precariedad material y de personal<\/strong> en la que se ha sumido a los hospitales p\u00fablicos en los \u00faltimos a\u00f1os\u201d<\/span><\/i><span style=\"font-weight: 400;\">, escribi\u00f3 el 18 de marzo de 2020, cuando llegaron los primeros pacientes covid a su planta.\u00a0<\/span><\/p><p><span style=\"font-weight: 400;\">Por descontado que tienen mucho miedo al contagio. Las auxiliares entran continuamente a las habitaciones, <\/span><i><span style=\"font-weight: 400;\">\u201cdonde yace gente hirviendo de fiebre, agotada, agonizando sola\u00a0 y\u00a0 donde todo lo que el cuerpo humano es capaz de excretar es compartido sin remedio\u201d<\/span><\/i><span style=\"font-weight: 400;\">. Tania propuso a sus <\/span><i><span style=\"font-weight: 400;\">\u2018compas\u2019<\/span><\/i><span style=\"font-weight: 400;\"><strong> apa\u00f1arse entre ellas para proteger a las m\u00e1s vulnerables<\/strong> a los estragos del virus. Las mayores de 60 a\u00f1os, embarazadas y asm\u00e1ticas no entrar\u00edan a las habitaciones covid.\u00a0 <\/span><i><span style=\"font-weight: 400;\">\u201cYo soy joven\u201d,<\/span><\/i><span style=\"font-weight: 400;\"> aduce, <\/span><i><span style=\"font-weight: 400;\">\u201cno tengo patolog\u00edas y mis hijas son mayores. Decid\u00ed asumir el riesgo\u201d. <\/span><\/i><\/p>\t\t\t\t\t\t\t\t<\/div>\n\t\t\t\t<\/div>\n\t\t\t\t\t<\/div>\n\t\t<\/div>\n\t\t\t\t\t<\/div>\n\t\t<\/section>\n\t\t\t\t<section class=\"elementor-section elementor-top-section elementor-element elementor-element-1e6d988 elementor-section-boxed elementor-section-height-default elementor-section-height-default\" data-id=\"1e6d988\" data-element_type=\"section\">\n\t\t\t\t\t\t<div class=\"elementor-container elementor-column-gap-default\">\n\t\t\t\t\t<div class=\"elementor-column elementor-col-100 elementor-top-column elementor-element elementor-element-3a09363\" data-id=\"3a09363\" data-element_type=\"column\">\n\t\t\t<div class=\"elementor-widget-wrap elementor-element-populated\">\n\t\t\t\t\t\t<div class=\"elementor-element elementor-element-e1f4559 elementor-widget elementor-widget-image\" data-id=\"e1f4559\" data-element_type=\"widget\" data-widget_type=\"image.default\">\n\t\t\t\t<div class=\"elementor-widget-container\">\n\t\t\t\t\t\t\t\t\t\t\t\t\t\t\t<img decoding=\"async\" width=\"1024\" height=\"682\" src=\"https:\/\/madridsindical.es\/archivo\/wp-content\/uploads\/2021\/02\/IMG_5057-1024x682.jpg\" class=\"attachment-large size-large wp-image-2327\" alt=\"\" srcset=\"https:\/\/madridsindical.es\/archivo\/wp-content\/uploads\/2021\/02\/IMG_5057-1024x682.jpg 1024w, https:\/\/madridsindical.es\/archivo\/wp-content\/uploads\/2021\/02\/IMG_5057-300x200.jpg 300w, https:\/\/madridsindical.es\/archivo\/wp-content\/uploads\/2021\/02\/IMG_5057-768x512.jpg 768w, https:\/\/madridsindical.es\/archivo\/wp-content\/uploads\/2021\/02\/IMG_5057-1536x1024.jpg 1536w, https:\/\/madridsindical.es\/archivo\/wp-content\/uploads\/2021\/02\/IMG_5057-465x310.jpg 465w, https:\/\/madridsindical.es\/archivo\/wp-content\/uploads\/2021\/02\/IMG_5057-695x463.jpg 695w, https:\/\/madridsindical.es\/archivo\/wp-content\/uploads\/2021\/02\/IMG_5057.jpg 2000w\" sizes=\"(max-width: 1024px) 100vw, 1024px\" \/>\t\t\t\t\t\t\t\t\t\t\t\t\t\t\t<\/div>\n\t\t\t\t<\/div>\n\t\t\t\t\t<\/div>\n\t\t<\/div>\n\t\t\t\t\t<\/div>\n\t\t<\/section>\n\t\t\t\t<section class=\"elementor-section elementor-top-section elementor-element elementor-element-25adf20 elementor-section-boxed elementor-section-height-default elementor-section-height-default\" data-id=\"25adf20\" data-element_type=\"section\">\n\t\t\t\t\t\t<div class=\"elementor-container elementor-column-gap-default\">\n\t\t\t\t\t<div class=\"elementor-column elementor-col-100 elementor-top-column elementor-element elementor-element-5c63be7\" data-id=\"5c63be7\" data-element_type=\"column\">\n\t\t\t<div class=\"elementor-widget-wrap elementor-element-populated\">\n\t\t\t\t\t\t<div class=\"elementor-element elementor-element-9430712 elementor-widget elementor-widget-heading\" data-id=\"9430712\" data-element_type=\"widget\" data-widget_type=\"heading.default\">\n\t\t\t\t<div class=\"elementor-widget-container\">\n\t\t\t\t\t<h4 class=\"elementor-heading-title elementor-size-default\">M\u00e1s de cuatrocientas auxiliares de enfermer\u00eda de la sanidad p\u00fablica madrile\u00f1a est\u00e1n de baja\n<\/h4>\t\t\t\t<\/div>\n\t\t\t\t<\/div>\n\t\t\t\t\t<\/div>\n\t\t<\/div>\n\t\t\t\t\t<\/div>\n\t\t<\/section>\n\t\t\t\t<section class=\"elementor-section elementor-top-section elementor-element elementor-element-220f32f elementor-section-boxed elementor-section-height-default elementor-section-height-default\" data-id=\"220f32f\" data-element_type=\"section\">\n\t\t\t\t\t\t<div class=\"elementor-container elementor-column-gap-default\">\n\t\t\t\t\t<div class=\"elementor-column elementor-col-100 elementor-top-column elementor-element elementor-element-6012751\" data-id=\"6012751\" data-element_type=\"column\">\n\t\t\t<div class=\"elementor-widget-wrap elementor-element-populated\">\n\t\t\t\t\t\t<div class=\"elementor-element elementor-element-3b9b08f elementor-widget elementor-widget-text-editor\" data-id=\"3b9b08f\" data-element_type=\"widget\" data-widget_type=\"text-editor.default\">\n\t\t\t\t<div class=\"elementor-widget-container\">\n\t\t\t\t\t\t\t\t\t<p><span style=\"font-weight: 400;\">En abril Tania ya no lograba desconectar por las noches. Acud\u00eda a al hospital sin haber pegado ojo para enfrentarse a una interminable y dur\u00edsima jornada. Estaba exhausta. Contact\u00f3 con el servicio de salud mental y comenz\u00f3 a tomar pastillas para poder descansar. Aguant\u00f3 tres meses m\u00e1s, hasta julio, cuando la depresi\u00f3n, la ansiedad y el estr\u00e9s postraum\u00e1tico la dejaron fuera de juego. Tambi\u00e9n se contagi\u00f3 de covid. A\u00fan sigue de baja laboral. Muchas de sus compa\u00f1eras han ido cayendo, unas por haberse contagiado, otras por colapso emocional.\u00a0 \u201cY las que no han ca\u00eddo a\u00fan lo har\u00e1n en la tercera ola\u201d, advierte<\/span><\/p><p><i><span style=\"font-weight: 400;\">\u201c<strong>La estrategia de la Consejer\u00eda de Sanidad es apretarnos las clavijas<\/strong>. Nos ponen pegas hasta para cogernos los d\u00edas de libre disposici\u00f3n y al final hay tal cantidad de bajas que yo ya no conozco a la mitad del personal\u201d<\/span><\/i><span style=\"font-weight: 400;\">.\u00a0<\/span><\/p><p><span style=\"font-weight: 400;\">Seg\u00fan los datos facilitados por la <strong>Federaci\u00f3n de Sanidad de CCOO de Madrid<\/strong> correspondientes al pasado 25 de enero, 401 auxiliares de enfermer\u00eda de la sanidad p\u00fablica madrile\u00f1a permanecen de baja por enfermedad<\/span><\/p>\t\t\t\t\t\t\t\t<\/div>\n\t\t\t\t<\/div>\n\t\t\t\t\t<\/div>\n\t\t<\/div>\n\t\t\t\t\t<\/div>\n\t\t<\/section>\n\t\t\t\t<\/div>\n\t\t","protected":false},"excerpt":{"rendered":"<p>Dolor sin gloria en el 12 de octubre: una auxiliar ante el coronavirus Texto: Alejandra Acosta; fotos, v\u00eddeo y edici\u00f3n de v\u00eddeo: Fran Lorente y Javier Cantizani Tania Pasca Parrilla, auxiliar de enfermer\u00eda, afiliada a CCOO, publica el diario en el que plasm\u00f3 sus vivencias en una planta hospitalaria covid durante la primera ola de la pandemia Tania Pasca Parrilla \u201cHoy localizamos un cargador de m\u00f3vil para un paciente que necesitaba hablar con los suyos<span class=\"more-link\"><a href=\"https:\/\/madridsindical.es\/archivo\/2021\/02\/12\/entrevista-tania-pasca-parrilla-auxiliar-de-enfermeria\/\">Contin\u00faa leyendo<\/a><\/span><\/p>\n","protected":false},"author":1,"featured_media":2325,"comment_status":"closed","ping_status":"closed","sticky":false,"template":"","format":"standard","meta":{"footnotes":""},"categories":[3],"tags":[47],"class_list":["entry","author-madridsindical","post-2323","post","type-post","status-publish","format-standard","has-post-thumbnail","category-entrevistas","tag-archivo"],"aioseo_notices":[],"_links":{"self":[{"href":"https:\/\/madridsindical.es\/archivo\/wp-json\/wp\/v2\/posts\/2323","targetHints":{"allow":["GET"]}}],"collection":[{"href":"https:\/\/madridsindical.es\/archivo\/wp-json\/wp\/v2\/posts"}],"about":[{"href":"https:\/\/madridsindical.es\/archivo\/wp-json\/wp\/v2\/types\/post"}],"author":[{"embeddable":true,"href":"https:\/\/madridsindical.es\/archivo\/wp-json\/wp\/v2\/users\/1"}],"replies":[{"embeddable":true,"href":"https:\/\/madridsindical.es\/archivo\/wp-json\/wp\/v2\/comments?post=2323"}],"version-history":[{"count":32,"href":"https:\/\/madridsindical.es\/archivo\/wp-json\/wp\/v2\/posts\/2323\/revisions"}],"predecessor-version":[{"id":4015,"href":"https:\/\/madridsindical.es\/archivo\/wp-json\/wp\/v2\/posts\/2323\/revisions\/4015"}],"wp:featuredmedia":[{"embeddable":true,"href":"https:\/\/madridsindical.es\/archivo\/wp-json\/wp\/v2\/media\/2325"}],"wp:attachment":[{"href":"https:\/\/madridsindical.es\/archivo\/wp-json\/wp\/v2\/media?parent=2323"}],"wp:term":[{"taxonomy":"category","embeddable":true,"href":"https:\/\/madridsindical.es\/archivo\/wp-json\/wp\/v2\/categories?post=2323"},{"taxonomy":"post_tag","embeddable":true,"href":"https:\/\/madridsindical.es\/archivo\/wp-json\/wp\/v2\/tags?post=2323"}],"curies":[{"name":"wp","href":"https:\/\/api.w.org\/{rel}","templated":true}]}}