{"id":230,"date":"2019-07-15T07:48:37","date_gmt":"2019-07-15T07:48:37","guid":{"rendered":"https:\/\/madridsindical.es\/archivo\/?p=230"},"modified":"2025-11-06T12:26:15","modified_gmt":"2025-11-06T12:26:15","slug":"ya-estan-aqui","status":"publish","type":"post","link":"https:\/\/madridsindical.es\/archivo\/2019\/07\/15\/ya-estan-aqui\/","title":{"rendered":"Ya est\u00e1n aqu\u00ed"},"content":{"rendered":"<h3><strong>Por Carmen Vidal Barbero, directora de Madrid Sindical \u21d2<\/strong><\/h3>\n<p>Como gritaba <strong>Carol<\/strong> ante aquel televisor en blanco y negro en <strong>\u201cPoltergeist\u201d<\/strong>, la extrema derecha ha llegado. M\u00e1s bien ha vuelto materializada en <strong>VOX<\/strong>, aunque siempre ha estado entre nosotros refugiada electoralmente en otras fuerzas pol\u00edticas. As\u00ed que no debe sorprendernos que un partido que anuncia su entrada en las instituciones democr\u00e1ticas con un tuit y la frase <em>\u201cYa hemos pasado\u201d<\/em> sobre una imagen del <strong>Palacio de Cibeles<\/strong>, obtenga representaci\u00f3n electoral en un pa\u00eds que siempre ha tenido una extrema derecha sociol\u00f3gica. El meme les ha debido parecer m\u00e1s sencillo que recuperar aquel cupl\u00e9 de <strong>Celia G\u00e1mez<\/strong>: <em>\u201cEste Madrid es hoy de yugo y flechas, \u2026brazos en alto, y signos de facheza,\u2026 \u00a1Ya hemos pasao!, decimos los facciosos\u201d.<\/em><\/p>\n<p>Lo que s\u00ed debe asombrarnos es c\u00f3mo los partidos que se definen como centro derecha, y m\u00e1s a\u00fan aquellos que lo hacen como liberales, han corrido a sentarse en la mesa de negociaci\u00f3n con quienes han manifestado que su \u00fanica acci\u00f3n de gobierno es la <strong>\u201cguerra ideol\u00f3gica\u201d contra la izquierda<\/strong>. Se prestan todos a un juego de trileros que raya la verg\u00fcenza ajena, con pactos cruzados, acuerdos secretos, un continuo rumor de si acceder\u00e1n a concejal\u00edas de distrito, \u00e1reas o direcciones.<\/p>\n<p>Y mientras andan viendo c\u00f3mo tapan a un socio que saben vergonzoso, VOX sigue su estrategia, e incluso antes del primer pleno ya ha conseguido que se retiren de los edificios municipales las pancartas condenando la violencia de g\u00e9nero. Porque VOX no va a meterse en la gesti\u00f3n del IBI, ni en los contratos de basura, ellos vienen a dar una batalla contra los derechos y libertades de una parte de la ciudadan\u00eda madrile\u00f1a.<\/p>\n<p>Nosotros sabemos de qu\u00e9 lado estamos, pero el centro derecha y liberales tendr\u00e1n que explicar de qu\u00e9 lado est\u00e1n ellos.<\/p>\n","protected":false},"excerpt":{"rendered":"<p>Por Carmen Vidal Barbero, directora de Madrid Sindical \u21d2 Como gritaba Carol ante aquel televisor en blanco y negro en \u201cPoltergeist\u201d, la extrema derecha ha llegado. M\u00e1s bien ha vuelto materializada en VOX, aunque siempre ha estado entre nosotros refugiada electoralmente en otras fuerzas pol\u00edticas. As\u00ed que no debe sorprendernos que un partido que anuncia su entrada en las instituciones democr\u00e1ticas con un tuit y la frase \u201cYa hemos pasado\u201d sobre una imagen del Palacio<span class=\"more-link\"><a href=\"https:\/\/madridsindical.es\/archivo\/2019\/07\/15\/ya-estan-aqui\/\">Contin\u00faa leyendo<\/a><\/span><\/p>\n","protected":false},"author":1,"featured_media":493,"comment_status":"closed","ping_status":"closed","sticky":false,"template":"","format":"standard","meta":{"footnotes":""},"categories":[5,14],"tags":[47,15],"class_list":["entry","author-madridsindical","post-230","post","type-post","status-publish","format-standard","has-post-thumbnail","category-firmas","category-madrid-sindical-no-11","tag-archivo","tag-carmen-vidal"],"aioseo_notices":[],"_links":{"self":[{"href":"https:\/\/madridsindical.es\/archivo\/wp-json\/wp\/v2\/posts\/230","targetHints":{"allow":["GET"]}}],"collection":[{"href":"https:\/\/madridsindical.es\/archivo\/wp-json\/wp\/v2\/posts"}],"about":[{"href":"https:\/\/madridsindical.es\/archivo\/wp-json\/wp\/v2\/types\/post"}],"author":[{"embeddable":true,"href":"https:\/\/madridsindical.es\/archivo\/wp-json\/wp\/v2\/users\/1"}],"replies":[{"embeddable":true,"href":"https:\/\/madridsindical.es\/archivo\/wp-json\/wp\/v2\/comments?post=230"}],"version-history":[{"count":15,"href":"https:\/\/madridsindical.es\/archivo\/wp-json\/wp\/v2\/posts\/230\/revisions"}],"predecessor-version":[{"id":515,"href":"https:\/\/madridsindical.es\/archivo\/wp-json\/wp\/v2\/posts\/230\/revisions\/515"}],"wp:featuredmedia":[{"embeddable":true,"href":"https:\/\/madridsindical.es\/archivo\/wp-json\/wp\/v2\/media\/493"}],"wp:attachment":[{"href":"https:\/\/madridsindical.es\/archivo\/wp-json\/wp\/v2\/media?parent=230"}],"wp:term":[{"taxonomy":"category","embeddable":true,"href":"https:\/\/madridsindical.es\/archivo\/wp-json\/wp\/v2\/categories?post=230"},{"taxonomy":"post_tag","embeddable":true,"href":"https:\/\/madridsindical.es\/archivo\/wp-json\/wp\/v2\/tags?post=230"}],"curies":[{"name":"wp","href":"https:\/\/api.w.org\/{rel}","templated":true}]}}