{"id":2190,"date":"2021-01-28T10:31:08","date_gmt":"2021-01-28T10:31:08","guid":{"rendered":"https:\/\/madridsindical.es\/archivo\/?p=2190"},"modified":"2025-11-06T12:25:51","modified_gmt":"2025-11-06T12:25:51","slug":"resumen-fotografico-de-2020","status":"publish","type":"post","link":"https:\/\/madridsindical.es\/archivo\/2021\/01\/28\/resumen-fotografico-de-2020\/","title":{"rendered":"Resumen fotogr\u00e1fico de CCOO de Madrid 2020"},"content":{"rendered":"\t\t<div data-elementor-type=\"wp-post\" data-elementor-id=\"2190\" class=\"elementor elementor-2190\">\n\t\t\t\t\t\t<section class=\"elementor-section elementor-top-section elementor-element elementor-element-af747b6 elementor-section-boxed elementor-section-height-default elementor-section-height-default\" data-id=\"af747b6\" data-element_type=\"section\">\n\t\t\t\t\t\t<div class=\"elementor-container elementor-column-gap-default\">\n\t\t\t\t\t<div class=\"elementor-column elementor-col-100 elementor-top-column elementor-element elementor-element-9909a20\" data-id=\"9909a20\" data-element_type=\"column\">\n\t\t\t<div class=\"elementor-widget-wrap elementor-element-populated\">\n\t\t\t\t\t\t<div class=\"elementor-element elementor-element-243d482 elementor-widget elementor-widget-heading\" data-id=\"243d482\" data-element_type=\"widget\" data-widget_type=\"heading.default\">\n\t\t\t\t<div class=\"elementor-widget-container\">\n\t\t\t\t\t<h2 class=\"elementor-heading-title elementor-size-default\">2020 en fotos<\/h2>\t\t\t\t<\/div>\n\t\t\t\t<\/div>\n\t\t\t\t<div class=\"elementor-element elementor-element-2ce70e3 elementor-widget elementor-widget-image-gallery\" data-id=\"2ce70e3\" data-element_type=\"widget\" data-widget_type=\"image-gallery.default\">\n\t\t\t\t<div class=\"elementor-widget-container\">\n\t\t\t\t\t\t\t<div class=\"elementor-image-gallery\">\n\t\t\t<div id='gallery-1' class='gallery galleryid-2190 gallery-columns-7 gallery-size-thumbnail'><figure class='gallery-item'>\n\t\t\t<div class='gallery-icon landscape'>\n\t\t\t\t<a data-elementor-open-lightbox=\"yes\" data-elementor-lightbox-slideshow=\"2ce70e3\" data-elementor-lightbox-title=\"Enero 2020. Concentraci\u00f3n por la readmisi\u00f3n de una trabajadora despedida en supermercados Casa El\u00edas\" data-e-action-hash=\"#elementor-action%3Aaction%3Dlightbox%26settings%3DeyJpZCI6MjE5MSwidXJsIjoiaHR0cHM6XC9cL21hZHJpZHNpbmRpY2FsLmVzXC9hcmNoaXZvXC93cC1jb250ZW50XC91cGxvYWRzXC8yMDIxXC8wMVwvMDAwMmVuZS5qcGciLCJzbGlkZXNob3ciOiIyY2U3MGUzIn0%3D\" href='https:\/\/madridsindical.es\/archivo\/wp-content\/uploads\/2021\/01\/0002ene.jpg'><img decoding=\"async\" width=\"150\" height=\"150\" src=\"https:\/\/madridsindical.es\/archivo\/wp-content\/uploads\/2021\/01\/0002ene-150x150.jpg\" class=\"attachment-thumbnail size-thumbnail\" alt=\"\" aria-describedby=\"gallery-1-2191\" \/><\/a>\n\t\t\t<\/div>\n\t\t\t\t<figcaption class='wp-caption-text gallery-caption' id='gallery-1-2191'>\n\t\t\t\tEnero 2020. Concentraci\u00f3n por la readmisi\u00f3n de una trabajadora despedida en supermercados Casa El\u00edas\n\t\t\t\t<\/figcaption><\/figure><figure class='gallery-item'>\n\t\t\t<div class='gallery-icon landscape'>\n\t\t\t\t<a data-elementor-open-lightbox=\"yes\" data-elementor-lightbox-slideshow=\"2ce70e3\" data-elementor-lightbox-title=\"Enero 2020. La plantilla de limpieza del Grupo Expertus se concentra por impagos\" data-e-action-hash=\"#elementor-action%3Aaction%3Dlightbox%26settings%3DeyJpZCI6MjE5MiwidXJsIjoiaHR0cHM6XC9cL21hZHJpZHNpbmRpY2FsLmVzXC9hcmNoaXZvXC93cC1jb250ZW50XC91cGxvYWRzXC8yMDIxXC8wMVwvMDAwM2VuZS5qcGciLCJzbGlkZXNob3ciOiIyY2U3MGUzIn0%3D\" href='https:\/\/madridsindical.es\/archivo\/wp-content\/uploads\/2021\/01\/0003ene.jpg'><img decoding=\"async\" width=\"150\" height=\"150\" src=\"https:\/\/madridsindical.es\/archivo\/wp-content\/uploads\/2021\/01\/0003ene-150x150.jpg\" class=\"attachment-thumbnail size-thumbnail\" alt=\"\" aria-describedby=\"gallery-1-2192\" \/><\/a>\n\t\t\t<\/div>\n\t\t\t\t<figcaption class='wp-caption-text gallery-caption' id='gallery-1-2192'>\n\t\t\t\tEnero 2020. La plantilla de limpieza del Grupo Expertus se concentra por impagos\n\t\t\t\t<\/figcaption><\/figure><figure class='gallery-item'>\n\t\t\t<div class='gallery-icon landscape'>\n\t\t\t\t<a data-elementor-open-lightbox=\"yes\" data-elementor-lightbox-slideshow=\"2ce70e3\" data-elementor-lightbox-title=\"Enero 2020. Presentaci\u00f3n del libro &quot;Los abogados de Atocha. La masacre que marc\u00f3 la Transici\u00f3n&quot;, de Manuel Gallego\" data-e-action-hash=\"#elementor-action%3Aaction%3Dlightbox%26settings%3DeyJpZCI6MjE5MywidXJsIjoiaHR0cHM6XC9cL21hZHJpZHNpbmRpY2FsLmVzXC9hcmNoaXZvXC93cC1jb250ZW50XC91cGxvYWRzXC8yMDIxXC8wMVwvMDAwNGVuZS5qcGciLCJzbGlkZXNob3ciOiIyY2U3MGUzIn0%3D\" href='https:\/\/madridsindical.es\/archivo\/wp-content\/uploads\/2021\/01\/0004ene.jpg'><img decoding=\"async\" width=\"150\" height=\"150\" src=\"https:\/\/madridsindical.es\/archivo\/wp-content\/uploads\/2021\/01\/0004ene-150x150.jpg\" class=\"attachment-thumbnail size-thumbnail\" alt=\"\" aria-describedby=\"gallery-1-2193\" \/><\/a>\n\t\t\t<\/div>\n\t\t\t\t<figcaption class='wp-caption-text gallery-caption' id='gallery-1-2193'>\n\t\t\t\tEnero 2020. Presentaci\u00f3n del libro \u00abLos abogados de Atocha. La masacre que marc\u00f3 la Transici\u00f3n\u00bb, de Manuel Gallego\n\t\t\t\t<\/figcaption><\/figure><figure class='gallery-item'>\n\t\t\t<div class='gallery-icon landscape'>\n\t\t\t\t<a data-elementor-open-lightbox=\"yes\" data-elementor-lightbox-slideshow=\"2ce70e3\" data-elementor-lightbox-title=\"Enero 2020, manifestaci\u00f3n de la plantilla de Telemadrid. CCOO de Madrid exige a D\u00edaz Ayuso una Radio Televisi\u00f3n P\u00fablica de calidad, transparente y plural\" data-e-action-hash=\"#elementor-action%3Aaction%3Dlightbox%26settings%3DeyJpZCI6MjE5NCwidXJsIjoiaHR0cHM6XC9cL21hZHJpZHNpbmRpY2FsLmVzXC9hcmNoaXZvXC93cC1jb250ZW50XC91cGxvYWRzXC8yMDIxXC8wMVwvMDAwNWVuZS5qcGciLCJzbGlkZXNob3ciOiIyY2U3MGUzIn0%3D\" href='https:\/\/madridsindical.es\/archivo\/wp-content\/uploads\/2021\/01\/0005ene.jpg'><img loading=\"lazy\" decoding=\"async\" width=\"150\" height=\"150\" src=\"https:\/\/madridsindical.es\/archivo\/wp-content\/uploads\/2021\/01\/0005ene-150x150.jpg\" class=\"attachment-thumbnail size-thumbnail\" alt=\"\" aria-describedby=\"gallery-1-2194\" \/><\/a>\n\t\t\t<\/div>\n\t\t\t\t<figcaption class='wp-caption-text gallery-caption' id='gallery-1-2194'>\n\t\t\t\tEnero 2020, manifestaci\u00f3n de la plantilla de Telemadrid. CCOO de Madrid exige a D\u00edaz Ayuso una Radio Televisi\u00f3n P\u00fablica de calidad, transparente y plural\n\t\t\t\t<\/figcaption><\/figure><figure class='gallery-item'>\n\t\t\t<div class='gallery-icon landscape'>\n\t\t\t\t<a data-elementor-open-lightbox=\"yes\" data-elementor-lightbox-slideshow=\"2ce70e3\" data-elementor-lightbox-title=\"Enero 2020. Concentraci\u00f3n contra las violencias machistas\" data-e-action-hash=\"#elementor-action%3Aaction%3Dlightbox%26settings%3DeyJpZCI6MjE5NSwidXJsIjoiaHR0cHM6XC9cL21hZHJpZHNpbmRpY2FsLmVzXC9hcmNoaXZvXC93cC1jb250ZW50XC91cGxvYWRzXC8yMDIxXC8wMVwvMDAwNmVuZS5qcGciLCJzbGlkZXNob3ciOiIyY2U3MGUzIn0%3D\" href='https:\/\/madridsindical.es\/archivo\/wp-content\/uploads\/2021\/01\/0006ene.jpg'><img loading=\"lazy\" decoding=\"async\" width=\"150\" height=\"150\" src=\"https:\/\/madridsindical.es\/archivo\/wp-content\/uploads\/2021\/01\/0006ene-150x150.jpg\" class=\"attachment-thumbnail size-thumbnail\" alt=\"\" aria-describedby=\"gallery-1-2195\" \/><\/a>\n\t\t\t<\/div>\n\t\t\t\t<figcaption class='wp-caption-text gallery-caption' id='gallery-1-2195'>\n\t\t\t\tEnero 2020. Concentraci\u00f3n contra las violencias machistas\n\t\t\t\t<\/figcaption><\/figure><figure class='gallery-item'>\n\t\t\t<div class='gallery-icon landscape'>\n\t\t\t\t<a data-elementor-open-lightbox=\"yes\" data-elementor-lightbox-slideshow=\"2ce70e3\" data-elementor-lightbox-title=\"Enero 2020. Homenaje a los Abogados de Atocha en Alcorc\u00f3n\" data-e-action-hash=\"#elementor-action%3Aaction%3Dlightbox%26settings%3DeyJpZCI6MjE5NiwidXJsIjoiaHR0cHM6XC9cL21hZHJpZHNpbmRpY2FsLmVzXC9hcmNoaXZvXC93cC1jb250ZW50XC91cGxvYWRzXC8yMDIxXC8wMVwvMDAwN2VuZS5qcGciLCJzbGlkZXNob3ciOiIyY2U3MGUzIn0%3D\" href='https:\/\/madridsindical.es\/archivo\/wp-content\/uploads\/2021\/01\/0007ene.jpg'><img loading=\"lazy\" decoding=\"async\" width=\"150\" height=\"150\" src=\"https:\/\/madridsindical.es\/archivo\/wp-content\/uploads\/2021\/01\/0007ene-150x150.jpg\" class=\"attachment-thumbnail size-thumbnail\" alt=\"\" aria-describedby=\"gallery-1-2196\" \/><\/a>\n\t\t\t<\/div>\n\t\t\t\t<figcaption class='wp-caption-text gallery-caption' id='gallery-1-2196'>\n\t\t\t\tEnero 2020. Homenaje a los Abogados de Atocha en Alcorc\u00f3n\n\t\t\t\t<\/figcaption><\/figure><figure class='gallery-item'>\n\t\t\t<div class='gallery-icon landscape'>\n\t\t\t\t<a data-elementor-open-lightbox=\"yes\" data-elementor-lightbox-slideshow=\"2ce70e3\" data-elementor-lightbox-title=\"24 de enero de 2020. 43 Aniversario de los Abogados de Atocha\" data-e-action-hash=\"#elementor-action%3Aaction%3Dlightbox%26settings%3DeyJpZCI6MjE5NywidXJsIjoiaHR0cHM6XC9cL21hZHJpZHNpbmRpY2FsLmVzXC9hcmNoaXZvXC93cC1jb250ZW50XC91cGxvYWRzXC8yMDIxXC8wMVwvMDAwOGVuZS5qcGciLCJzbGlkZXNob3ciOiIyY2U3MGUzIn0%3D\" href='https:\/\/madridsindical.es\/archivo\/wp-content\/uploads\/2021\/01\/0008ene.jpg'><img loading=\"lazy\" decoding=\"async\" width=\"150\" height=\"150\" src=\"https:\/\/madridsindical.es\/archivo\/wp-content\/uploads\/2021\/01\/0008ene-150x150.jpg\" class=\"attachment-thumbnail size-thumbnail\" alt=\"\" aria-describedby=\"gallery-1-2197\" \/><\/a>\n\t\t\t<\/div>\n\t\t\t\t<figcaption class='wp-caption-text gallery-caption' id='gallery-1-2197'>\n\t\t\t\t24 de enero de 2020. 43 Aniversario de los Abogados de Atocha\n\t\t\t\t<\/figcaption><\/figure><figure class='gallery-item'>\n\t\t\t<div class='gallery-icon landscape'>\n\t\t\t\t<a data-elementor-open-lightbox=\"yes\" data-elementor-lightbox-slideshow=\"2ce70e3\" data-elementor-lightbox-title=\"24 de enero de 2020. 43 Aniversario de los Abogados de Atocha. Alejandro Ruiz-Huerta, \u00fanico superviviente con Yolanda D\u00edaz, Ministra de Trabajo\" data-e-action-hash=\"#elementor-action%3Aaction%3Dlightbox%26settings%3DeyJpZCI6MjE5OCwidXJsIjoiaHR0cHM6XC9cL21hZHJpZHNpbmRpY2FsLmVzXC9hcmNoaXZvXC93cC1jb250ZW50XC91cGxvYWRzXC8yMDIxXC8wMVwvMDAwOWVuZS5qcGciLCJzbGlkZXNob3ciOiIyY2U3MGUzIn0%3D\" href='https:\/\/madridsindical.es\/archivo\/wp-content\/uploads\/2021\/01\/0009ene.jpg'><img loading=\"lazy\" decoding=\"async\" width=\"150\" height=\"150\" src=\"https:\/\/madridsindical.es\/archivo\/wp-content\/uploads\/2021\/01\/0009ene-150x150.jpg\" class=\"attachment-thumbnail size-thumbnail\" alt=\"\" aria-describedby=\"gallery-1-2198\" \/><\/a>\n\t\t\t<\/div>\n\t\t\t\t<figcaption class='wp-caption-text gallery-caption' id='gallery-1-2198'>\n\t\t\t\t24 de enero de 2020. 43 Aniversario de los Abogados de Atocha. Alejandro Ruiz-Huerta, \u00fanico superviviente con Yolanda D\u00edaz, Ministra de Trabajo\n\t\t\t\t<\/figcaption><\/figure><figure class='gallery-item'>\n\t\t\t<div class='gallery-icon landscape'>\n\t\t\t\t<a data-elementor-open-lightbox=\"yes\" data-elementor-lightbox-slideshow=\"2ce70e3\" data-elementor-lightbox-title=\"Enero 2020. Jaime Cedr\u00fan interviene en el F\u00f3rum Nueva Europa\" data-e-action-hash=\"#elementor-action%3Aaction%3Dlightbox%26settings%3DeyJpZCI6MjE5OSwidXJsIjoiaHR0cHM6XC9cL21hZHJpZHNpbmRpY2FsLmVzXC9hcmNoaXZvXC93cC1jb250ZW50XC91cGxvYWRzXC8yMDIxXC8wMVwvMDAxMGVuZS5qcGciLCJzbGlkZXNob3ciOiIyY2U3MGUzIn0%3D\" href='https:\/\/madridsindical.es\/archivo\/wp-content\/uploads\/2021\/01\/0010ene.jpg'><img loading=\"lazy\" decoding=\"async\" width=\"150\" height=\"150\" src=\"https:\/\/madridsindical.es\/archivo\/wp-content\/uploads\/2021\/01\/0010ene-150x150.jpg\" class=\"attachment-thumbnail size-thumbnail\" alt=\"\" aria-describedby=\"gallery-1-2199\" \/><\/a>\n\t\t\t<\/div>\n\t\t\t\t<figcaption class='wp-caption-text gallery-caption' id='gallery-1-2199'>\n\t\t\t\tEnero 2020. Jaime Cedr\u00fan interviene en el F\u00f3rum Nueva Europa\n\t\t\t\t<\/figcaption><\/figure><figure class='gallery-item'>\n\t\t\t<div class='gallery-icon landscape'>\n\t\t\t\t<a data-elementor-open-lightbox=\"yes\" data-elementor-lightbox-slideshow=\"2ce70e3\" data-elementor-lightbox-title=\"Enero 2020. Homenaje a Marcos Ana\" data-e-action-hash=\"#elementor-action%3Aaction%3Dlightbox%26settings%3DeyJpZCI6MjIwMCwidXJsIjoiaHR0cHM6XC9cL21hZHJpZHNpbmRpY2FsLmVzXC9hcmNoaXZvXC93cC1jb250ZW50XC91cGxvYWRzXC8yMDIxXC8wMVwvMDAxMWVuZS5qcGciLCJzbGlkZXNob3ciOiIyY2U3MGUzIn0%3D\" href='https:\/\/madridsindical.es\/archivo\/wp-content\/uploads\/2021\/01\/0011ene.jpg'><img loading=\"lazy\" decoding=\"async\" width=\"150\" height=\"150\" src=\"https:\/\/madridsindical.es\/archivo\/wp-content\/uploads\/2021\/01\/0011ene-150x150.jpg\" class=\"attachment-thumbnail size-thumbnail\" alt=\"\" aria-describedby=\"gallery-1-2200\" \/><\/a>\n\t\t\t<\/div>\n\t\t\t\t<figcaption class='wp-caption-text gallery-caption' id='gallery-1-2200'>\n\t\t\t\tEnero 2020. Homenaje a Marcos Ana\n\t\t\t\t<\/figcaption><\/figure><figure class='gallery-item'>\n\t\t\t<div class='gallery-icon landscape'>\n\t\t\t\t<a data-elementor-open-lightbox=\"yes\" data-elementor-lightbox-slideshow=\"2ce70e3\" data-elementor-lightbox-title=\"Febrero 2020. Homenaje a los Abogados de Atocha en Alcobendas\" data-e-action-hash=\"#elementor-action%3Aaction%3Dlightbox%26settings%3DeyJpZCI6MjIwMSwidXJsIjoiaHR0cHM6XC9cL21hZHJpZHNpbmRpY2FsLmVzXC9hcmNoaXZvXC93cC1jb250ZW50XC91cGxvYWRzXC8yMDIxXC8wMVwvMDAxMmZlYi5qcGciLCJzbGlkZXNob3ciOiIyY2U3MGUzIn0%3D\" href='https:\/\/madridsindical.es\/archivo\/wp-content\/uploads\/2021\/01\/0012feb.jpg'><img loading=\"lazy\" decoding=\"async\" width=\"150\" height=\"150\" src=\"https:\/\/madridsindical.es\/archivo\/wp-content\/uploads\/2021\/01\/0012feb-150x150.jpg\" class=\"attachment-thumbnail size-thumbnail\" alt=\"\" aria-describedby=\"gallery-1-2201\" \/><\/a>\n\t\t\t<\/div>\n\t\t\t\t<figcaption class='wp-caption-text gallery-caption' id='gallery-1-2201'>\n\t\t\t\tFebrero 2020. Homenaje a los Abogados de Atocha en Alcobendas\n\t\t\t\t<\/figcaption><\/figure><figure class='gallery-item'>\n\t\t\t<div class='gallery-icon landscape'>\n\t\t\t\t<a data-elementor-open-lightbox=\"yes\" data-elementor-lightbox-slideshow=\"2ce70e3\" data-elementor-lightbox-title=\"Febrero 2020. Movilizaciones por el caso del amianto en el Metro de Madrid\" data-e-action-hash=\"#elementor-action%3Aaction%3Dlightbox%26settings%3DeyJpZCI6MjIwMiwidXJsIjoiaHR0cHM6XC9cL21hZHJpZHNpbmRpY2FsLmVzXC9hcmNoaXZvXC93cC1jb250ZW50XC91cGxvYWRzXC8yMDIxXC8wMVwvMDAxNGZlYi5qcGciLCJzbGlkZXNob3ciOiIyY2U3MGUzIn0%3D\" href='https:\/\/madridsindical.es\/archivo\/wp-content\/uploads\/2021\/01\/0014feb.jpg'><img loading=\"lazy\" decoding=\"async\" width=\"150\" height=\"150\" src=\"https:\/\/madridsindical.es\/archivo\/wp-content\/uploads\/2021\/01\/0014feb-150x150.jpg\" class=\"attachment-thumbnail size-thumbnail\" alt=\"\" aria-describedby=\"gallery-1-2202\" \/><\/a>\n\t\t\t<\/div>\n\t\t\t\t<figcaption class='wp-caption-text gallery-caption' id='gallery-1-2202'>\n\t\t\t\tFebrero 2020. Movilizaciones por el caso del amianto en el Metro de Madrid\n\t\t\t\t<\/figcaption><\/figure><figure class='gallery-item'>\n\t\t\t<div class='gallery-icon landscape'>\n\t\t\t\t<a data-elementor-open-lightbox=\"yes\" data-elementor-lightbox-slideshow=\"2ce70e3\" data-elementor-lightbox-title=\"Febrero 2020. Concentraci\u00f3n contra el plan de ajuste anunciado por Airbus\" data-e-action-hash=\"#elementor-action%3Aaction%3Dlightbox%26settings%3DeyJpZCI6MjIwMywidXJsIjoiaHR0cHM6XC9cL21hZHJpZHNpbmRpY2FsLmVzXC9hcmNoaXZvXC93cC1jb250ZW50XC91cGxvYWRzXC8yMDIxXC8wMVwvMDAxNWZlYi5qcGciLCJzbGlkZXNob3ciOiIyY2U3MGUzIn0%3D\" href='https:\/\/madridsindical.es\/archivo\/wp-content\/uploads\/2021\/01\/0015feb.jpg'><img loading=\"lazy\" decoding=\"async\" width=\"150\" height=\"150\" src=\"https:\/\/madridsindical.es\/archivo\/wp-content\/uploads\/2021\/01\/0015feb-150x150.jpg\" class=\"attachment-thumbnail size-thumbnail\" alt=\"\" aria-describedby=\"gallery-1-2203\" \/><\/a>\n\t\t\t<\/div>\n\t\t\t\t<figcaption class='wp-caption-text gallery-caption' id='gallery-1-2203'>\n\t\t\t\tFebrero 2020. Concentraci\u00f3n contra el plan de ajuste anunciado por Airbus \n\t\t\t\t<\/figcaption><\/figure><figure class='gallery-item'>\n\t\t\t<div class='gallery-icon landscape'>\n\t\t\t\t<a data-elementor-open-lightbox=\"yes\" data-elementor-lightbox-slideshow=\"2ce70e3\" data-elementor-lightbox-title=\"Febrero 2020. Colocaci\u00f3n de primera piedra en la promoci\u00f3n de viviendas sociales de VITRA en Villaverde (Madrid)\" data-e-action-hash=\"#elementor-action%3Aaction%3Dlightbox%26settings%3DeyJpZCI6MjIwNCwidXJsIjoiaHR0cHM6XC9cL21hZHJpZHNpbmRpY2FsLmVzXC9hcmNoaXZvXC93cC1jb250ZW50XC91cGxvYWRzXC8yMDIxXC8wMVwvMDAxNmZlYi5qcGciLCJzbGlkZXNob3ciOiIyY2U3MGUzIn0%3D\" href='https:\/\/madridsindical.es\/archivo\/wp-content\/uploads\/2021\/01\/0016feb.jpg'><img loading=\"lazy\" decoding=\"async\" width=\"150\" height=\"150\" src=\"https:\/\/madridsindical.es\/archivo\/wp-content\/uploads\/2021\/01\/0016feb-150x150.jpg\" class=\"attachment-thumbnail size-thumbnail\" alt=\"\" aria-describedby=\"gallery-1-2204\" \/><\/a>\n\t\t\t<\/div>\n\t\t\t\t<figcaption class='wp-caption-text gallery-caption' id='gallery-1-2204'>\n\t\t\t\tFebrero 2020. Colocaci\u00f3n de primera piedra en la promoci\u00f3n de viviendas sociales de VITRA en Villaverde (Madrid)\n\t\t\t\t<\/figcaption><\/figure><figure class='gallery-item'>\n\t\t\t<div class='gallery-icon landscape'>\n\t\t\t\t<a data-elementor-open-lightbox=\"yes\" data-elementor-lightbox-slideshow=\"2ce70e3\" data-elementor-lightbox-title=\"Febrero 2020. Visita a la f\u00e1brica de ascensores Thyssen en M\u00f3stoles\" data-e-action-hash=\"#elementor-action%3Aaction%3Dlightbox%26settings%3DeyJpZCI6MjIwNSwidXJsIjoiaHR0cHM6XC9cL21hZHJpZHNpbmRpY2FsLmVzXC9hcmNoaXZvXC93cC1jb250ZW50XC91cGxvYWRzXC8yMDIxXC8wMVwvMDAxN2ZlYi5qcGciLCJzbGlkZXNob3ciOiIyY2U3MGUzIn0%3D\" href='https:\/\/madridsindical.es\/archivo\/wp-content\/uploads\/2021\/01\/0017feb.jpg'><img loading=\"lazy\" decoding=\"async\" width=\"150\" height=\"150\" src=\"https:\/\/madridsindical.es\/archivo\/wp-content\/uploads\/2021\/01\/0017feb-150x150.jpg\" class=\"attachment-thumbnail size-thumbnail\" alt=\"\" aria-describedby=\"gallery-1-2205\" \/><\/a>\n\t\t\t<\/div>\n\t\t\t\t<figcaption class='wp-caption-text gallery-caption' id='gallery-1-2205'>\n\t\t\t\tFebrero 2020. Visita a la f\u00e1brica de ascensores Thyssen en M\u00f3stoles\n\t\t\t\t<\/figcaption><\/figure><figure class='gallery-item'>\n\t\t\t<div class='gallery-icon landscape'>\n\t\t\t\t<a data-elementor-open-lightbox=\"yes\" data-elementor-lightbox-slideshow=\"2ce70e3\" data-elementor-lightbox-title=\"Febrero 2020. Acto &quot;En clave violeta&quot;\" data-e-action-hash=\"#elementor-action%3Aaction%3Dlightbox%26settings%3DeyJpZCI6MjIwNiwidXJsIjoiaHR0cHM6XC9cL21hZHJpZHNpbmRpY2FsLmVzXC9hcmNoaXZvXC93cC1jb250ZW50XC91cGxvYWRzXC8yMDIxXC8wMVwvMDAxOGZlYi5qcGciLCJzbGlkZXNob3ciOiIyY2U3MGUzIn0%3D\" href='https:\/\/madridsindical.es\/archivo\/wp-content\/uploads\/2021\/01\/0018feb.jpg'><img loading=\"lazy\" decoding=\"async\" width=\"150\" height=\"150\" src=\"https:\/\/madridsindical.es\/archivo\/wp-content\/uploads\/2021\/01\/0018feb-150x150.jpg\" class=\"attachment-thumbnail size-thumbnail\" alt=\"\" aria-describedby=\"gallery-1-2206\" \/><\/a>\n\t\t\t<\/div>\n\t\t\t\t<figcaption class='wp-caption-text gallery-caption' id='gallery-1-2206'>\n\t\t\t\tFebrero 2020. Acto \u00abEn clave violeta\u00bb\n\t\t\t\t<\/figcaption><\/figure><figure class='gallery-item'>\n\t\t\t<div class='gallery-icon landscape'>\n\t\t\t\t<a data-elementor-open-lightbox=\"yes\" data-elementor-lightbox-slideshow=\"2ce70e3\" data-elementor-lightbox-title=\"Marzo 2020. Concentraci\u00f3n por el empleo en Thyssenkrupp Spain\" data-e-action-hash=\"#elementor-action%3Aaction%3Dlightbox%26settings%3DeyJpZCI6MjIwNywidXJsIjoiaHR0cHM6XC9cL21hZHJpZHNpbmRpY2FsLmVzXC9hcmNoaXZvXC93cC1jb250ZW50XC91cGxvYWRzXC8yMDIxXC8wMVwvMDAxOW1hci5qcGciLCJzbGlkZXNob3ciOiIyY2U3MGUzIn0%3D\" href='https:\/\/madridsindical.es\/archivo\/wp-content\/uploads\/2021\/01\/0019mar.jpg'><img loading=\"lazy\" decoding=\"async\" width=\"150\" height=\"150\" src=\"https:\/\/madridsindical.es\/archivo\/wp-content\/uploads\/2021\/01\/0019mar-150x150.jpg\" class=\"attachment-thumbnail size-thumbnail\" alt=\"\" aria-describedby=\"gallery-1-2207\" \/><\/a>\n\t\t\t<\/div>\n\t\t\t\t<figcaption class='wp-caption-text gallery-caption' id='gallery-1-2207'>\n\t\t\t\tMarzo 2020. Concentraci\u00f3n por el empleo en Thyssenkrupp Spain\n\t\t\t\t<\/figcaption><\/figure><figure class='gallery-item'>\n\t\t\t<div class='gallery-icon landscape'>\n\t\t\t\t<a data-elementor-open-lightbox=\"yes\" data-elementor-lightbox-slideshow=\"2ce70e3\" data-elementor-lightbox-title=\"Marzo 2020. Concentraci\u00f3n contra el ERE en el grupo HAYA\" data-e-action-hash=\"#elementor-action%3Aaction%3Dlightbox%26settings%3DeyJpZCI6MjIwOCwidXJsIjoiaHR0cHM6XC9cL21hZHJpZHNpbmRpY2FsLmVzXC9hcmNoaXZvXC93cC1jb250ZW50XC91cGxvYWRzXC8yMDIxXC8wMVwvMDAyMG1hci5qcGciLCJzbGlkZXNob3ciOiIyY2U3MGUzIn0%3D\" href='https:\/\/madridsindical.es\/archivo\/wp-content\/uploads\/2021\/01\/0020mar.jpg'><img loading=\"lazy\" decoding=\"async\" width=\"150\" height=\"150\" src=\"https:\/\/madridsindical.es\/archivo\/wp-content\/uploads\/2021\/01\/0020mar-150x150.jpg\" class=\"attachment-thumbnail size-thumbnail\" alt=\"\" aria-describedby=\"gallery-1-2208\" \/><\/a>\n\t\t\t<\/div>\n\t\t\t\t<figcaption class='wp-caption-text gallery-caption' id='gallery-1-2208'>\n\t\t\t\tMarzo 2020. Concentraci\u00f3n contra el ERE en el grupo HAYA\n\t\t\t\t<\/figcaption><\/figure><figure class='gallery-item'>\n\t\t\t<div class='gallery-icon landscape'>\n\t\t\t\t<a data-elementor-open-lightbox=\"yes\" data-elementor-lightbox-slideshow=\"2ce70e3\" data-elementor-lightbox-title=\"8 de marzo, D\u00eda de la Mujer Trabajadora\" data-e-action-hash=\"#elementor-action%3Aaction%3Dlightbox%26settings%3DeyJpZCI6MjIwOSwidXJsIjoiaHR0cHM6XC9cL21hZHJpZHNpbmRpY2FsLmVzXC9hcmNoaXZvXC93cC1jb250ZW50XC91cGxvYWRzXC8yMDIxXC8wMVwvMDAyMW1hci5qcGciLCJzbGlkZXNob3ciOiIyY2U3MGUzIn0%3D\" href='https:\/\/madridsindical.es\/archivo\/wp-content\/uploads\/2021\/01\/0021mar.jpg'><img loading=\"lazy\" decoding=\"async\" width=\"150\" height=\"150\" src=\"https:\/\/madridsindical.es\/archivo\/wp-content\/uploads\/2021\/01\/0021mar-150x150.jpg\" class=\"attachment-thumbnail size-thumbnail\" alt=\"\" aria-describedby=\"gallery-1-2209\" \/><\/a>\n\t\t\t<\/div>\n\t\t\t\t<figcaption class='wp-caption-text gallery-caption' id='gallery-1-2209'>\n\t\t\t\t8 de marzo, D\u00eda de la Mujer Trabajadora\n\t\t\t\t<\/figcaption><\/figure><figure class='gallery-item'>\n\t\t\t<div class='gallery-icon landscape'>\n\t\t\t\t<a data-elementor-open-lightbox=\"yes\" data-elementor-lightbox-slideshow=\"2ce70e3\" data-elementor-lightbox-title=\"8 de marzo, D\u00eda de la Mujer Trabajadora\" data-e-action-hash=\"#elementor-action%3Aaction%3Dlightbox%26settings%3DeyJpZCI6MjIxMCwidXJsIjoiaHR0cHM6XC9cL21hZHJpZHNpbmRpY2FsLmVzXC9hcmNoaXZvXC93cC1jb250ZW50XC91cGxvYWRzXC8yMDIxXC8wMVwvMDAyMm1hci5qcGciLCJzbGlkZXNob3ciOiIyY2U3MGUzIn0%3D\" href='https:\/\/madridsindical.es\/archivo\/wp-content\/uploads\/2021\/01\/0022mar.jpg'><img loading=\"lazy\" decoding=\"async\" width=\"150\" height=\"150\" src=\"https:\/\/madridsindical.es\/archivo\/wp-content\/uploads\/2021\/01\/0022mar-150x150.jpg\" class=\"attachment-thumbnail size-thumbnail\" alt=\"\" aria-describedby=\"gallery-1-2210\" \/><\/a>\n\t\t\t<\/div>\n\t\t\t\t<figcaption class='wp-caption-text gallery-caption' id='gallery-1-2210'>\n\t\t\t\t8 de marzo, D\u00eda de la Mujer Trabajadora\n\t\t\t\t<\/figcaption><\/figure><figure class='gallery-item'>\n\t\t\t<div class='gallery-icon landscape'>\n\t\t\t\t<a data-elementor-open-lightbox=\"yes\" data-elementor-lightbox-slideshow=\"2ce70e3\" data-elementor-lightbox-title=\"8 de marzo, D\u00eda de la Mujer Trabajadora\" data-e-action-hash=\"#elementor-action%3Aaction%3Dlightbox%26settings%3DeyJpZCI6MjIxMSwidXJsIjoiaHR0cHM6XC9cL21hZHJpZHNpbmRpY2FsLmVzXC9hcmNoaXZvXC93cC1jb250ZW50XC91cGxvYWRzXC8yMDIxXC8wMVwvMDAyM21hci5qcGciLCJzbGlkZXNob3ciOiIyY2U3MGUzIn0%3D\" href='https:\/\/madridsindical.es\/archivo\/wp-content\/uploads\/2021\/01\/0023mar.jpg'><img loading=\"lazy\" decoding=\"async\" width=\"150\" height=\"150\" src=\"https:\/\/madridsindical.es\/archivo\/wp-content\/uploads\/2021\/01\/0023mar-150x150.jpg\" class=\"attachment-thumbnail size-thumbnail\" alt=\"\" aria-describedby=\"gallery-1-2211\" \/><\/a>\n\t\t\t<\/div>\n\t\t\t\t<figcaption class='wp-caption-text gallery-caption' id='gallery-1-2211'>\n\t\t\t\t8 de marzo, D\u00eda de la Mujer Trabajadora\n\t\t\t\t<\/figcaption><\/figure><figure class='gallery-item'>\n\t\t\t<div class='gallery-icon landscape'>\n\t\t\t\t<a data-elementor-open-lightbox=\"yes\" data-elementor-lightbox-slideshow=\"2ce70e3\" data-elementor-lightbox-title=\"8 de marzo, D\u00eda de la Mujer Trabajadora\" data-e-action-hash=\"#elementor-action%3Aaction%3Dlightbox%26settings%3DeyJpZCI6MjIxMiwidXJsIjoiaHR0cHM6XC9cL21hZHJpZHNpbmRpY2FsLmVzXC9hcmNoaXZvXC93cC1jb250ZW50XC91cGxvYWRzXC8yMDIxXC8wMVwvMDAyNG1hci5qcGciLCJzbGlkZXNob3ciOiIyY2U3MGUzIn0%3D\" href='https:\/\/madridsindical.es\/archivo\/wp-content\/uploads\/2021\/01\/0024mar.jpg'><img loading=\"lazy\" decoding=\"async\" width=\"150\" height=\"150\" src=\"https:\/\/madridsindical.es\/archivo\/wp-content\/uploads\/2021\/01\/0024mar-150x150.jpg\" class=\"attachment-thumbnail size-thumbnail\" alt=\"\" aria-describedby=\"gallery-1-2212\" \/><\/a>\n\t\t\t<\/div>\n\t\t\t\t<figcaption class='wp-caption-text gallery-caption' id='gallery-1-2212'>\n\t\t\t\t8 de marzo, D\u00eda de la Mujer Trabajadora\n\t\t\t\t<\/figcaption><\/figure><figure class='gallery-item'>\n\t\t\t<div class='gallery-icon landscape'>\n\t\t\t\t<a data-elementor-open-lightbox=\"yes\" data-elementor-lightbox-slideshow=\"2ce70e3\" data-elementor-lightbox-title=\"8 de marzo, D\u00eda de la Mujer Trabajadora\" data-e-action-hash=\"#elementor-action%3Aaction%3Dlightbox%26settings%3DeyJpZCI6MjIxMywidXJsIjoiaHR0cHM6XC9cL21hZHJpZHNpbmRpY2FsLmVzXC9hcmNoaXZvXC93cC1jb250ZW50XC91cGxvYWRzXC8yMDIxXC8wMVwvMDAyNW1hci5qcGciLCJzbGlkZXNob3ciOiIyY2U3MGUzIn0%3D\" href='https:\/\/madridsindical.es\/archivo\/wp-content\/uploads\/2021\/01\/0025mar.jpg'><img loading=\"lazy\" decoding=\"async\" width=\"150\" height=\"150\" src=\"https:\/\/madridsindical.es\/archivo\/wp-content\/uploads\/2021\/01\/0025mar-150x150.jpg\" class=\"attachment-thumbnail size-thumbnail\" alt=\"\" aria-describedby=\"gallery-1-2213\" \/><\/a>\n\t\t\t<\/div>\n\t\t\t\t<figcaption class='wp-caption-text gallery-caption' id='gallery-1-2213'>\n\t\t\t\t8 de marzo, D\u00eda de la Mujer Trabajadora\n\t\t\t\t<\/figcaption><\/figure><figure class='gallery-item'>\n\t\t\t<div class='gallery-icon landscape'>\n\t\t\t\t<a data-elementor-open-lightbox=\"yes\" data-elementor-lightbox-slideshow=\"2ce70e3\" data-elementor-lightbox-title=\"16 de Marzo, el Paseo del Prado vac\u00edo tras el establecimiento del estado de alarma por la pandemia del Coronavirus\" data-e-action-hash=\"#elementor-action%3Aaction%3Dlightbox%26settings%3DeyJpZCI6MjIxNCwidXJsIjoiaHR0cHM6XC9cL21hZHJpZHNpbmRpY2FsLmVzXC9hcmNoaXZvXC93cC1jb250ZW50XC91cGxvYWRzXC8yMDIxXC8wMVwvMDAyNm1hci0yLmpwZyIsInNsaWRlc2hvdyI6IjJjZTcwZTMifQ%3D%3D\" href='https:\/\/madridsindical.es\/archivo\/wp-content\/uploads\/2021\/01\/0026mar-2.jpg'><img loading=\"lazy\" decoding=\"async\" width=\"150\" height=\"150\" src=\"https:\/\/madridsindical.es\/archivo\/wp-content\/uploads\/2021\/01\/0026mar-2-150x150.jpg\" class=\"attachment-thumbnail size-thumbnail\" alt=\"\" aria-describedby=\"gallery-1-2214\" \/><\/a>\n\t\t\t<\/div>\n\t\t\t\t<figcaption class='wp-caption-text gallery-caption' id='gallery-1-2214'>\n\t\t\t\t16 de Marzo, el Paseo del Prado vac\u00edo tras el establecimiento del estado de alarma por la pandemia del Coronavirus\n\t\t\t\t<\/figcaption><\/figure><figure class='gallery-item'>\n\t\t\t<div class='gallery-icon landscape'>\n\t\t\t\t<a data-elementor-open-lightbox=\"yes\" data-elementor-lightbox-slideshow=\"2ce70e3\" data-elementor-lightbox-title=\"Marzo 2020, colegios vac\u00edos tras el establecimiento del estado de alarma por la pandemia del Coronavirus\" data-e-action-hash=\"#elementor-action%3Aaction%3Dlightbox%26settings%3DeyJpZCI6MjIxNSwidXJsIjoiaHR0cHM6XC9cL21hZHJpZHNpbmRpY2FsLmVzXC9hcmNoaXZvXC93cC1jb250ZW50XC91cGxvYWRzXC8yMDIxXC8wMVwvMDAyN2JfbWF5LXNjYWxlZC5qcGciLCJzbGlkZXNob3ciOiIyY2U3MGUzIn0%3D\" href='https:\/\/madridsindical.es\/archivo\/wp-content\/uploads\/2021\/01\/0027b_may-scaled.jpg'><img loading=\"lazy\" decoding=\"async\" width=\"150\" height=\"150\" src=\"https:\/\/madridsindical.es\/archivo\/wp-content\/uploads\/2021\/01\/0027b_may-150x150.jpg\" class=\"attachment-thumbnail size-thumbnail\" alt=\"\" aria-describedby=\"gallery-1-2215\" \/><\/a>\n\t\t\t<\/div>\n\t\t\t\t<figcaption class='wp-caption-text gallery-caption' id='gallery-1-2215'>\n\t\t\t\tMarzo 2020, colegios vac\u00edos tras el establecimiento del estado de alarma por la pandemia del Coronavirus\n\t\t\t\t<\/figcaption><\/figure><figure class='gallery-item'>\n\t\t\t<div class='gallery-icon landscape'>\n\t\t\t\t<a data-elementor-open-lightbox=\"yes\" data-elementor-lightbox-slideshow=\"2ce70e3\" data-elementor-lightbox-title=\"Marzo 2020. En muchos casos los ni\u00f1os fueron recogidos tan apresuradamente de los colegios que hasta dejaron sus cosas\" data-e-action-hash=\"#elementor-action%3Aaction%3Dlightbox%26settings%3DeyJpZCI6MjIxNiwidXJsIjoiaHR0cHM6XC9cL21hZHJpZHNpbmRpY2FsLmVzXC9hcmNoaXZvXC93cC1jb250ZW50XC91cGxvYWRzXC8yMDIxXC8wMVwvMDAyN2NfbWF5LXNjYWxlZC5qcGciLCJzbGlkZXNob3ciOiIyY2U3MGUzIn0%3D\" href='https:\/\/madridsindical.es\/archivo\/wp-content\/uploads\/2021\/01\/0027c_may-scaled.jpg'><img loading=\"lazy\" decoding=\"async\" width=\"150\" height=\"150\" src=\"https:\/\/madridsindical.es\/archivo\/wp-content\/uploads\/2021\/01\/0027c_may-150x150.jpg\" class=\"attachment-thumbnail size-thumbnail\" alt=\"\" aria-describedby=\"gallery-1-2216\" \/><\/a>\n\t\t\t<\/div>\n\t\t\t\t<figcaption class='wp-caption-text gallery-caption' id='gallery-1-2216'>\n\t\t\t\tMarzo 2020. En muchos casos los ni\u00f1os fueron recogidos tan apresuradamente de los colegios que hasta dejaron sus cosas\n\t\t\t\t<\/figcaption><\/figure><figure class='gallery-item'>\n\t\t\t<div class='gallery-icon landscape'>\n\t\t\t\t<a data-elementor-open-lightbox=\"yes\" data-elementor-lightbox-slideshow=\"2ce70e3\" data-elementor-lightbox-title=\"Marzo 2020. Transportes vac\u00edos tras la declaraci\u00f3n del estado de alarma. Estaci\u00f3n de cercan\u00edas de Sol\" data-e-action-hash=\"#elementor-action%3Aaction%3Dlightbox%26settings%3DeyJpZCI6MjIxNywidXJsIjoiaHR0cHM6XC9cL21hZHJpZHNpbmRpY2FsLmVzXC9hcmNoaXZvXC93cC1jb250ZW50XC91cGxvYWRzXC8yMDIxXC8wMVwvMDAyOG1hci5qcGciLCJzbGlkZXNob3ciOiIyY2U3MGUzIn0%3D\" href='https:\/\/madridsindical.es\/archivo\/wp-content\/uploads\/2021\/01\/0028mar.jpg'><img loading=\"lazy\" decoding=\"async\" width=\"150\" height=\"150\" src=\"https:\/\/madridsindical.es\/archivo\/wp-content\/uploads\/2021\/01\/0028mar-150x150.jpg\" class=\"attachment-thumbnail size-thumbnail\" alt=\"\" aria-describedby=\"gallery-1-2217\" \/><\/a>\n\t\t\t<\/div>\n\t\t\t\t<figcaption class='wp-caption-text gallery-caption' id='gallery-1-2217'>\n\t\t\t\tMarzo 2020. Transportes vac\u00edos tras la declaraci\u00f3n del estado de alarma. Estaci\u00f3n de cercan\u00edas de Sol\n\t\t\t\t<\/figcaption><\/figure><figure class='gallery-item'>\n\t\t\t<div class='gallery-icon landscape'>\n\t\t\t\t<a data-elementor-open-lightbox=\"yes\" data-elementor-lightbox-slideshow=\"2ce70e3\" data-elementor-lightbox-title=\"Marzo 2020. En las calles solo quedaron las fuerzas de seguridad y riders, que se revelaron como esenciales\" data-e-action-hash=\"#elementor-action%3Aaction%3Dlightbox%26settings%3DeyJpZCI6MjIxOCwidXJsIjoiaHR0cHM6XC9cL21hZHJpZHNpbmRpY2FsLmVzXC9hcmNoaXZvXC93cC1jb250ZW50XC91cGxvYWRzXC8yMDIxXC8wMVwvMDAyOW1hci5qcGciLCJzbGlkZXNob3ciOiIyY2U3MGUzIn0%3D\" href='https:\/\/madridsindical.es\/archivo\/wp-content\/uploads\/2021\/01\/0029mar.jpg'><img loading=\"lazy\" decoding=\"async\" width=\"150\" height=\"150\" src=\"https:\/\/madridsindical.es\/archivo\/wp-content\/uploads\/2021\/01\/0029mar-150x150.jpg\" class=\"attachment-thumbnail size-thumbnail\" alt=\"\" aria-describedby=\"gallery-1-2218\" \/><\/a>\n\t\t\t<\/div>\n\t\t\t\t<figcaption class='wp-caption-text gallery-caption' id='gallery-1-2218'>\n\t\t\t\tMarzo 2020. En las calles solo quedaron las fuerzas de seguridad y riders, que se revelaron como esenciales\n\t\t\t\t<\/figcaption><\/figure><figure class='gallery-item'>\n\t\t\t<div class='gallery-icon landscape'>\n\t\t\t\t<a data-elementor-open-lightbox=\"yes\" data-elementor-lightbox-slideshow=\"2ce70e3\" data-elementor-lightbox-title=\"Marzo 2020. Sanitarios en las inmediaciones del hospital 12 de Octubre de Madrid\" data-e-action-hash=\"#elementor-action%3Aaction%3Dlightbox%26settings%3DeyJpZCI6MjIxOSwidXJsIjoiaHR0cHM6XC9cL21hZHJpZHNpbmRpY2FsLmVzXC9hcmNoaXZvXC93cC1jb250ZW50XC91cGxvYWRzXC8yMDIxXC8wMVwvMDAzMG1hci5qcGciLCJzbGlkZXNob3ciOiIyY2U3MGUzIn0%3D\" href='https:\/\/madridsindical.es\/archivo\/wp-content\/uploads\/2021\/01\/0030mar.jpg'><img loading=\"lazy\" decoding=\"async\" width=\"150\" height=\"150\" src=\"https:\/\/madridsindical.es\/archivo\/wp-content\/uploads\/2021\/01\/0030mar-150x150.jpg\" class=\"attachment-thumbnail size-thumbnail\" alt=\"\" aria-describedby=\"gallery-1-2219\" \/><\/a>\n\t\t\t<\/div>\n\t\t\t\t<figcaption class='wp-caption-text gallery-caption' id='gallery-1-2219'>\n\t\t\t\tMarzo 2020. Sanitarios en las inmediaciones del hospital 12 de Octubre de Madrid\n\t\t\t\t<\/figcaption><\/figure><figure class='gallery-item'>\n\t\t\t<div class='gallery-icon landscape'>\n\t\t\t\t<a data-elementor-open-lightbox=\"yes\" data-elementor-lightbox-slideshow=\"2ce70e3\" data-elementor-lightbox-title=\"Marzo 2020. Calles vac\u00edas en Madrid\" data-e-action-hash=\"#elementor-action%3Aaction%3Dlightbox%26settings%3DeyJpZCI6MjIyMCwidXJsIjoiaHR0cHM6XC9cL21hZHJpZHNpbmRpY2FsLmVzXC9hcmNoaXZvXC93cC1jb250ZW50XC91cGxvYWRzXC8yMDIxXC8wMVwvMDAzM21hci5qcGciLCJzbGlkZXNob3ciOiIyY2U3MGUzIn0%3D\" href='https:\/\/madridsindical.es\/archivo\/wp-content\/uploads\/2021\/01\/0033mar.jpg'><img loading=\"lazy\" decoding=\"async\" width=\"150\" height=\"150\" src=\"https:\/\/madridsindical.es\/archivo\/wp-content\/uploads\/2021\/01\/0033mar-150x150.jpg\" class=\"attachment-thumbnail size-thumbnail\" alt=\"\" aria-describedby=\"gallery-1-2220\" \/><\/a>\n\t\t\t<\/div>\n\t\t\t\t<figcaption class='wp-caption-text gallery-caption' id='gallery-1-2220'>\n\t\t\t\tMarzo 2020. Calles vac\u00edas en Madrid\n\t\t\t\t<\/figcaption><\/figure><figure class='gallery-item'>\n\t\t\t<div class='gallery-icon landscape'>\n\t\t\t\t<a data-elementor-open-lightbox=\"yes\" data-elementor-lightbox-slideshow=\"2ce70e3\" data-elementor-lightbox-title=\"Marzo 2020. Autov\u00edas vac\u00edas en Madrid\" data-e-action-hash=\"#elementor-action%3Aaction%3Dlightbox%26settings%3DeyJpZCI6MjIyMSwidXJsIjoiaHR0cHM6XC9cL21hZHJpZHNpbmRpY2FsLmVzXC9hcmNoaXZvXC93cC1jb250ZW50XC91cGxvYWRzXC8yMDIxXC8wMVwvMDAzNGFici5qcGciLCJzbGlkZXNob3ciOiIyY2U3MGUzIn0%3D\" href='https:\/\/madridsindical.es\/archivo\/wp-content\/uploads\/2021\/01\/0034abr.jpg'><img loading=\"lazy\" decoding=\"async\" width=\"150\" height=\"150\" src=\"https:\/\/madridsindical.es\/archivo\/wp-content\/uploads\/2021\/01\/0034abr-150x150.jpg\" class=\"attachment-thumbnail size-thumbnail\" alt=\"\" aria-describedby=\"gallery-1-2221\" \/><\/a>\n\t\t\t<\/div>\n\t\t\t\t<figcaption class='wp-caption-text gallery-caption' id='gallery-1-2221'>\n\t\t\t\tMarzo 2020. Autov\u00edas vac\u00edas en Madrid\n\t\t\t\t<\/figcaption><\/figure><figure class='gallery-item'>\n\t\t\t<div class='gallery-icon landscape'>\n\t\t\t\t<a data-elementor-open-lightbox=\"yes\" data-elementor-lightbox-slideshow=\"2ce70e3\" data-elementor-lightbox-title=\"Mercedes Romero, delegada de CCOO en el Hospital de Legan\u00e9s, simboliza el valor de lxs trabajadorxs de los servicios esenciales.\" data-e-action-hash=\"#elementor-action%3Aaction%3Dlightbox%26settings%3DeyJpZCI6MjMxNSwidXJsIjoiaHR0cHM6XC9cL21hZHJpZHNpbmRpY2FsLmVzXC9hcmNoaXZvXC93cC1jb250ZW50XC91cGxvYWRzXC8yMDIxXC8wMVwvSU1HXzE0NTcuanBnIiwic2xpZGVzaG93IjoiMmNlNzBlMyJ9\" href='https:\/\/madridsindical.es\/archivo\/wp-content\/uploads\/2021\/01\/IMG_1457.jpg'><img loading=\"lazy\" decoding=\"async\" width=\"150\" height=\"150\" src=\"https:\/\/madridsindical.es\/archivo\/wp-content\/uploads\/2021\/01\/IMG_1457-150x150.jpg\" class=\"attachment-thumbnail size-thumbnail\" alt=\"Mercedes Romero, delegada de CCOO en el Hospital de Legan\u00e9s, simboliza el valor de lxs trabajadorxs de los servicios esenciales.\" aria-describedby=\"gallery-1-2315\" \/><\/a>\n\t\t\t<\/div>\n\t\t\t\t<figcaption class='wp-caption-text gallery-caption' id='gallery-1-2315'>\n\t\t\t\tMercedes Romero, delegada de CCOO en el Hospital de Legan\u00e9s, simboliza el valor de lxs trabajadorxs de los servicios esenciales.\n\t\t\t\t<\/figcaption><\/figure><figure class='gallery-item'>\n\t\t\t<div class='gallery-icon landscape'>\n\t\t\t\t<a data-elementor-open-lightbox=\"yes\" data-elementor-lightbox-slideshow=\"2ce70e3\" data-elementor-lightbox-title=\"Abril 2020. El estr\u00e9s de las plantillas sanitarias por la falta de medios lleg\u00f3 a lugares desconocidos\" data-e-action-hash=\"#elementor-action%3Aaction%3Dlightbox%26settings%3DeyJpZCI6MjIyMywidXJsIjoiaHR0cHM6XC9cL21hZHJpZHNpbmRpY2FsLmVzXC9hcmNoaXZvXC93cC1jb250ZW50XC91cGxvYWRzXC8yMDIxXC8wMVwvMDAzNmFici5qcGciLCJzbGlkZXNob3ciOiIyY2U3MGUzIn0%3D\" href='https:\/\/madridsindical.es\/archivo\/wp-content\/uploads\/2021\/01\/0036abr.jpg'><img loading=\"lazy\" decoding=\"async\" width=\"150\" height=\"150\" src=\"https:\/\/madridsindical.es\/archivo\/wp-content\/uploads\/2021\/01\/0036abr-150x150.jpg\" class=\"attachment-thumbnail size-thumbnail\" alt=\"\" aria-describedby=\"gallery-1-2223\" \/><\/a>\n\t\t\t<\/div>\n\t\t\t\t<figcaption class='wp-caption-text gallery-caption' id='gallery-1-2223'>\n\t\t\t\tAbril 2020. El estr\u00e9s de las plantillas sanitarias por la falta de medios lleg\u00f3 a lugares desconocidos\n\t\t\t\t<\/figcaption><\/figure><figure class='gallery-item'>\n\t\t\t<div class='gallery-icon landscape'>\n\t\t\t\t<a data-elementor-open-lightbox=\"yes\" data-elementor-lightbox-slideshow=\"2ce70e3\" data-elementor-lightbox-title=\"Abril 2020. Sanitarios en el Hospital Pr\u00edncipe de Asturias de Alcal\u00e1 de Henares\" data-e-action-hash=\"#elementor-action%3Aaction%3Dlightbox%26settings%3DeyJpZCI6MjIyNCwidXJsIjoiaHR0cHM6XC9cL21hZHJpZHNpbmRpY2FsLmVzXC9hcmNoaXZvXC93cC1jb250ZW50XC91cGxvYWRzXC8yMDIxXC8wMVwvMDAzN2Fici5qcGciLCJzbGlkZXNob3ciOiIyY2U3MGUzIn0%3D\" href='https:\/\/madridsindical.es\/archivo\/wp-content\/uploads\/2021\/01\/0037abr.jpg'><img loading=\"lazy\" decoding=\"async\" width=\"150\" height=\"150\" src=\"https:\/\/madridsindical.es\/archivo\/wp-content\/uploads\/2021\/01\/0037abr-150x150.jpg\" class=\"attachment-thumbnail size-thumbnail\" alt=\"\" aria-describedby=\"gallery-1-2224\" \/><\/a>\n\t\t\t<\/div>\n\t\t\t\t<figcaption class='wp-caption-text gallery-caption' id='gallery-1-2224'>\n\t\t\t\tAbril 2020. Sanitarios en el Hospital Pr\u00edncipe de Asturias de Alcal\u00e1 de Henares\n\t\t\t\t<\/figcaption><\/figure><figure class='gallery-item'>\n\t\t\t<div class='gallery-icon landscape'>\n\t\t\t\t<a data-elementor-open-lightbox=\"yes\" data-elementor-lightbox-slideshow=\"2ce70e3\" data-elementor-lightbox-title=\"Abril 2020. Una enfermera mira por la ventana en el Hospital Pr\u00edncipe de Asturias de Alcal\u00e1 de Henares\" data-e-action-hash=\"#elementor-action%3Aaction%3Dlightbox%26settings%3DeyJpZCI6MjIyNSwidXJsIjoiaHR0cHM6XC9cL21hZHJpZHNpbmRpY2FsLmVzXC9hcmNoaXZvXC93cC1jb250ZW50XC91cGxvYWRzXC8yMDIxXC8wMVwvMDAzOGFici5qcGciLCJzbGlkZXNob3ciOiIyY2U3MGUzIn0%3D\" href='https:\/\/madridsindical.es\/archivo\/wp-content\/uploads\/2021\/01\/0038abr.jpg'><img loading=\"lazy\" decoding=\"async\" width=\"150\" height=\"150\" src=\"https:\/\/madridsindical.es\/archivo\/wp-content\/uploads\/2021\/01\/0038abr-150x150.jpg\" class=\"attachment-thumbnail size-thumbnail\" alt=\"\" aria-describedby=\"gallery-1-2225\" \/><\/a>\n\t\t\t<\/div>\n\t\t\t\t<figcaption class='wp-caption-text gallery-caption' id='gallery-1-2225'>\n\t\t\t\tAbril 2020. Una enfermera mira por la ventana en el Hospital Pr\u00edncipe de Asturias de Alcal\u00e1 de Henares\n\t\t\t\t<\/figcaption><\/figure><figure class='gallery-item'>\n\t\t\t<div class='gallery-icon landscape'>\n\t\t\t\t<a data-elementor-open-lightbox=\"yes\" data-elementor-lightbox-slideshow=\"2ce70e3\" data-elementor-lightbox-title=\"Abril 2020. Los acuerdos sobre los ERTE salvaron la econom\u00eda de muchos trabajadores y trabajadoras afectados por el cese de actividad por el confinamiento\" data-e-action-hash=\"#elementor-action%3Aaction%3Dlightbox%26settings%3DeyJpZCI6MjIyNiwidXJsIjoiaHR0cHM6XC9cL21hZHJpZHNpbmRpY2FsLmVzXC9hcmNoaXZvXC93cC1jb250ZW50XC91cGxvYWRzXC8yMDIxXC8wMVwvMDAzOWFici5qcGciLCJzbGlkZXNob3ciOiIyY2U3MGUzIn0%3D\" href='https:\/\/madridsindical.es\/archivo\/wp-content\/uploads\/2021\/01\/0039abr.jpg'><img loading=\"lazy\" decoding=\"async\" width=\"150\" height=\"150\" src=\"https:\/\/madridsindical.es\/archivo\/wp-content\/uploads\/2021\/01\/0039abr-150x150.jpg\" class=\"attachment-thumbnail size-thumbnail\" alt=\"\" aria-describedby=\"gallery-1-2226\" \/><\/a>\n\t\t\t<\/div>\n\t\t\t\t<figcaption class='wp-caption-text gallery-caption' id='gallery-1-2226'>\n\t\t\t\tAbril 2020. Los acuerdos sobre los ERTE salvaron la econom\u00eda de muchos trabajadores y trabajadoras afectados por el cese de actividad por el confinamiento\n\t\t\t\t<\/figcaption><\/figure><figure class='gallery-item'>\n\t\t\t<div class='gallery-icon landscape'>\n\t\t\t\t<a data-elementor-open-lightbox=\"yes\" data-elementor-lightbox-slideshow=\"2ce70e3\" data-elementor-lightbox-title=\"Abril 2020. hasta bien avanzado el mes de abril los hospitales estuvieron saturados por la pandemia\" data-e-action-hash=\"#elementor-action%3Aaction%3Dlightbox%26settings%3DeyJpZCI6MjIyNywidXJsIjoiaHR0cHM6XC9cL21hZHJpZHNpbmRpY2FsLmVzXC9hcmNoaXZvXC93cC1jb250ZW50XC91cGxvYWRzXC8yMDIxXC8wMVwvMDA0MGFici5qcGciLCJzbGlkZXNob3ciOiIyY2U3MGUzIn0%3D\" href='https:\/\/madridsindical.es\/archivo\/wp-content\/uploads\/2021\/01\/0040abr.jpg'><img loading=\"lazy\" decoding=\"async\" width=\"150\" height=\"150\" src=\"https:\/\/madridsindical.es\/archivo\/wp-content\/uploads\/2021\/01\/0040abr-150x150.jpg\" class=\"attachment-thumbnail size-thumbnail\" alt=\"\" aria-describedby=\"gallery-1-2227\" \/><\/a>\n\t\t\t<\/div>\n\t\t\t\t<figcaption class='wp-caption-text gallery-caption' id='gallery-1-2227'>\n\t\t\t\tAbril 2020. hasta bien avanzado el mes de abril los hospitales estuvieron saturados por la pandemia\n\t\t\t\t<\/figcaption><\/figure><figure class='gallery-item'>\n\t\t\t<div class='gallery-icon landscape'>\n\t\t\t\t<a data-elementor-open-lightbox=\"yes\" data-elementor-lightbox-slideshow=\"2ce70e3\" data-elementor-lightbox-title=\"Abril 2020. Trabajadores de recogida de basura, esenciales, dan a poyo a enfermos de Covid y sanitarios, en el Hospital 12 de Octubre de Madrid\" data-e-action-hash=\"#elementor-action%3Aaction%3Dlightbox%26settings%3DeyJpZCI6MjIyOCwidXJsIjoiaHR0cHM6XC9cL21hZHJpZHNpbmRpY2FsLmVzXC9hcmNoaXZvXC93cC1jb250ZW50XC91cGxvYWRzXC8yMDIxXC8wMVwvMDA0MWFici5qcGciLCJzbGlkZXNob3ciOiIyY2U3MGUzIn0%3D\" href='https:\/\/madridsindical.es\/archivo\/wp-content\/uploads\/2021\/01\/0041abr.jpg'><img loading=\"lazy\" decoding=\"async\" width=\"150\" height=\"150\" src=\"https:\/\/madridsindical.es\/archivo\/wp-content\/uploads\/2021\/01\/0041abr-150x150.jpg\" class=\"attachment-thumbnail size-thumbnail\" alt=\"\" aria-describedby=\"gallery-1-2228\" \/><\/a>\n\t\t\t<\/div>\n\t\t\t\t<figcaption class='wp-caption-text gallery-caption' id='gallery-1-2228'>\n\t\t\t\tAbril 2020. Trabajadores de recogida de basura, esenciales, dan a poyo a enfermos de Covid y sanitarios, en el Hospital 12 de Octubre de Madrid\n\t\t\t\t<\/figcaption><\/figure><figure class='gallery-item'>\n\t\t\t<div class='gallery-icon landscape'>\n\t\t\t\t<a data-elementor-open-lightbox=\"yes\" data-elementor-lightbox-slideshow=\"2ce70e3\" data-elementor-lightbox-title=\"Abril 2020. El personal sanitario del Hospital Gregorio Mara\u00f1\u00f3n de Madrid agradece los aplausos de las 8 de la tarde\" data-e-action-hash=\"#elementor-action%3Aaction%3Dlightbox%26settings%3DeyJpZCI6MjIyOSwidXJsIjoiaHR0cHM6XC9cL21hZHJpZHNpbmRpY2FsLmVzXC9hcmNoaXZvXC93cC1jb250ZW50XC91cGxvYWRzXC8yMDIxXC8wMVwvMDA0M2Fici5qcGciLCJzbGlkZXNob3ciOiIyY2U3MGUzIn0%3D\" href='https:\/\/madridsindical.es\/archivo\/wp-content\/uploads\/2021\/01\/0043abr.jpg'><img loading=\"lazy\" decoding=\"async\" width=\"150\" height=\"150\" src=\"https:\/\/madridsindical.es\/archivo\/wp-content\/uploads\/2021\/01\/0043abr-150x150.jpg\" class=\"attachment-thumbnail size-thumbnail\" alt=\"\" aria-describedby=\"gallery-1-2229\" \/><\/a>\n\t\t\t<\/div>\n\t\t\t\t<figcaption class='wp-caption-text gallery-caption' id='gallery-1-2229'>\n\t\t\t\tAbril 2020. El personal sanitario del Hospital Gregorio Mara\u00f1\u00f3n de Madrid agradece los aplausos de las 8 de la tarde\n\t\t\t\t<\/figcaption><\/figure><figure class='gallery-item'>\n\t\t\t<div class='gallery-icon landscape'>\n\t\t\t\t<a data-elementor-open-lightbox=\"yes\" data-elementor-lightbox-slideshow=\"2ce70e3\" data-elementor-lightbox-title=\"Abril 2020. El personal sanitario del Hospital Gregorio Mara\u00f1\u00f3n de Madrid agradece los aplausos de las 8 de la tarde\" data-e-action-hash=\"#elementor-action%3Aaction%3Dlightbox%26settings%3DeyJpZCI6MjIzMCwidXJsIjoiaHR0cHM6XC9cL21hZHJpZHNpbmRpY2FsLmVzXC9hcmNoaXZvXC93cC1jb250ZW50XC91cGxvYWRzXC8yMDIxXC8wMVwvMDA0NGFici5qcGciLCJzbGlkZXNob3ciOiIyY2U3MGUzIn0%3D\" href='https:\/\/madridsindical.es\/archivo\/wp-content\/uploads\/2021\/01\/0044abr.jpg'><img loading=\"lazy\" decoding=\"async\" width=\"150\" height=\"150\" src=\"https:\/\/madridsindical.es\/archivo\/wp-content\/uploads\/2021\/01\/0044abr-150x150.jpg\" class=\"attachment-thumbnail size-thumbnail\" alt=\"\" aria-describedby=\"gallery-1-2230\" \/><\/a>\n\t\t\t<\/div>\n\t\t\t\t<figcaption class='wp-caption-text gallery-caption' id='gallery-1-2230'>\n\t\t\t\tAbril 2020. El personal sanitario del Hospital Gregorio Mara\u00f1\u00f3n de Madrid agradece los aplausos de las 8 de la tarde\n\t\t\t\t<\/figcaption><\/figure><figure class='gallery-item'>\n\t\t\t<div class='gallery-icon landscape'>\n\t\t\t\t<a data-elementor-open-lightbox=\"yes\" data-elementor-lightbox-slideshow=\"2ce70e3\" data-elementor-lightbox-title=\"Abril 2020. Mensajes de agradecimiento al personal sanitario en el hospital improvisado de IFEMA\" data-e-action-hash=\"#elementor-action%3Aaction%3Dlightbox%26settings%3DeyJpZCI6MjIzMSwidXJsIjoiaHR0cHM6XC9cL21hZHJpZHNpbmRpY2FsLmVzXC9hcmNoaXZvXC93cC1jb250ZW50XC91cGxvYWRzXC8yMDIxXC8wMVwvMDA0NWFici5qcGciLCJzbGlkZXNob3ciOiIyY2U3MGUzIn0%3D\" href='https:\/\/madridsindical.es\/archivo\/wp-content\/uploads\/2021\/01\/0045abr.jpg'><img loading=\"lazy\" decoding=\"async\" width=\"150\" height=\"150\" src=\"https:\/\/madridsindical.es\/archivo\/wp-content\/uploads\/2021\/01\/0045abr-150x150.jpg\" class=\"attachment-thumbnail size-thumbnail\" alt=\"\" aria-describedby=\"gallery-1-2231\" \/><\/a>\n\t\t\t<\/div>\n\t\t\t\t<figcaption class='wp-caption-text gallery-caption' id='gallery-1-2231'>\n\t\t\t\tAbril 2020. Mensajes de agradecimiento al personal sanitario en el hospital improvisado de IFEMA\n\t\t\t\t<\/figcaption><\/figure><figure class='gallery-item'>\n\t\t\t<div class='gallery-icon landscape'>\n\t\t\t\t<a data-elementor-open-lightbox=\"yes\" data-elementor-lightbox-slideshow=\"2ce70e3\" data-elementor-lightbox-title=\"Abril 2020. El desbordamiento de los hospitales madrile\u00f1os oblig\u00f3 a crear un hospital improvisado en las instalaciones de IFEMA\" data-e-action-hash=\"#elementor-action%3Aaction%3Dlightbox%26settings%3DeyJpZCI6MjIzMiwidXJsIjoiaHR0cHM6XC9cL21hZHJpZHNpbmRpY2FsLmVzXC9hcmNoaXZvXC93cC1jb250ZW50XC91cGxvYWRzXC8yMDIxXC8wMVwvMDA0NmFici5qcGciLCJzbGlkZXNob3ciOiIyY2U3MGUzIn0%3D\" href='https:\/\/madridsindical.es\/archivo\/wp-content\/uploads\/2021\/01\/0046abr.jpg'><img loading=\"lazy\" decoding=\"async\" width=\"150\" height=\"150\" src=\"https:\/\/madridsindical.es\/archivo\/wp-content\/uploads\/2021\/01\/0046abr-150x150.jpg\" class=\"attachment-thumbnail size-thumbnail\" alt=\"\" aria-describedby=\"gallery-1-2232\" \/><\/a>\n\t\t\t<\/div>\n\t\t\t\t<figcaption class='wp-caption-text gallery-caption' id='gallery-1-2232'>\n\t\t\t\tAbril 2020. El desbordamiento de los hospitales madrile\u00f1os oblig\u00f3 a crear un hospital improvisado en las instalaciones de IFEMA\n\t\t\t\t<\/figcaption><\/figure><figure class='gallery-item'>\n\t\t\t<div class='gallery-icon landscape'>\n\t\t\t\t<a data-elementor-open-lightbox=\"yes\" data-elementor-lightbox-slideshow=\"2ce70e3\" data-elementor-lightbox-title=\"Mayo 2020. La pandemia y el confinamiento obligaron a suspender la manifestaci\u00f3n del 1\u00ba de Mayo. As\u00ed estaban los las calles de Madrid ese d\u00eda\" data-e-action-hash=\"#elementor-action%3Aaction%3Dlightbox%26settings%3DeyJpZCI6MjIzMywidXJsIjoiaHR0cHM6XC9cL21hZHJpZHNpbmRpY2FsLmVzXC9hcmNoaXZvXC93cC1jb250ZW50XC91cGxvYWRzXC8yMDIxXC8wMVwvMDA0N2Fici5qcGciLCJzbGlkZXNob3ciOiIyY2U3MGUzIn0%3D\" href='https:\/\/madridsindical.es\/archivo\/wp-content\/uploads\/2021\/01\/0047abr.jpg'><img loading=\"lazy\" decoding=\"async\" width=\"150\" height=\"150\" src=\"https:\/\/madridsindical.es\/archivo\/wp-content\/uploads\/2021\/01\/0047abr-150x150.jpg\" class=\"attachment-thumbnail size-thumbnail\" alt=\"\" aria-describedby=\"gallery-1-2233\" \/><\/a>\n\t\t\t<\/div>\n\t\t\t\t<figcaption class='wp-caption-text gallery-caption' id='gallery-1-2233'>\n\t\t\t\tMayo 2020. La pandemia y el confinamiento obligaron a suspender la manifestaci\u00f3n del 1\u00ba de Mayo. As\u00ed estaban los las calles de Madrid ese d\u00eda\n\t\t\t\t<\/figcaption><\/figure><figure class='gallery-item'>\n\t\t\t<div class='gallery-icon landscape'>\n\t\t\t\t<a data-elementor-open-lightbox=\"yes\" data-elementor-lightbox-slideshow=\"2ce70e3\" data-elementor-lightbox-title=\"Mayo 2020. La pandemia y el confinamiento obligaron a suspender la manifestaci\u00f3n del 1\u00ba de Mayo. As\u00ed estaban los las calles de Madrid ese d\u00eda\" data-e-action-hash=\"#elementor-action%3Aaction%3Dlightbox%26settings%3DeyJpZCI6MjIzNCwidXJsIjoiaHR0cHM6XC9cL21hZHJpZHNpbmRpY2FsLmVzXC9hcmNoaXZvXC93cC1jb250ZW50XC91cGxvYWRzXC8yMDIxXC8wMVwvMDA0OGFici5qcGciLCJzbGlkZXNob3ciOiIyY2U3MGUzIn0%3D\" href='https:\/\/madridsindical.es\/archivo\/wp-content\/uploads\/2021\/01\/0048abr.jpg'><img loading=\"lazy\" decoding=\"async\" width=\"150\" height=\"150\" src=\"https:\/\/madridsindical.es\/archivo\/wp-content\/uploads\/2021\/01\/0048abr-150x150.jpg\" class=\"attachment-thumbnail size-thumbnail\" alt=\"\" aria-describedby=\"gallery-1-2234\" \/><\/a>\n\t\t\t<\/div>\n\t\t\t\t<figcaption class='wp-caption-text gallery-caption' id='gallery-1-2234'>\n\t\t\t\tMayo 2020. La pandemia y el confinamiento obligaron a suspender la manifestaci\u00f3n del 1\u00ba de Mayo. As\u00ed estaban los las calles de Madrid ese d\u00eda\n\t\t\t\t<\/figcaption><\/figure><figure class='gallery-item'>\n\t\t\t<div class='gallery-icon landscape'>\n\t\t\t\t<a data-elementor-open-lightbox=\"yes\" data-elementor-lightbox-slideshow=\"2ce70e3\" data-elementor-lightbox-title=\"Mayo 2020. Hasta la desescalada, los lugares m\u00e1s tur\u00edsticos de Madrid permanecieron con un aspecto jam\u00e1s visto\" data-e-action-hash=\"#elementor-action%3Aaction%3Dlightbox%26settings%3DeyJpZCI6MjIzNSwidXJsIjoiaHR0cHM6XC9cL21hZHJpZHNpbmRpY2FsLmVzXC9hcmNoaXZvXC93cC1jb250ZW50XC91cGxvYWRzXC8yMDIxXC8wMVwvMDA0OWFici5qcGciLCJzbGlkZXNob3ciOiIyY2U3MGUzIn0%3D\" href='https:\/\/madridsindical.es\/archivo\/wp-content\/uploads\/2021\/01\/0049abr.jpg'><img loading=\"lazy\" decoding=\"async\" width=\"150\" height=\"150\" src=\"https:\/\/madridsindical.es\/archivo\/wp-content\/uploads\/2021\/01\/0049abr-150x150.jpg\" class=\"attachment-thumbnail size-thumbnail\" alt=\"\" aria-describedby=\"gallery-1-2235\" \/><\/a>\n\t\t\t<\/div>\n\t\t\t\t<figcaption class='wp-caption-text gallery-caption' id='gallery-1-2235'>\n\t\t\t\tMayo 2020. Hasta la desescalada, los lugares m\u00e1s tur\u00edsticos de Madrid permanecieron con un aspecto jam\u00e1s visto\n\t\t\t\t<\/figcaption><\/figure><figure class='gallery-item'>\n\t\t\t<div class='gallery-icon landscape'>\n\t\t\t\t<a data-elementor-open-lightbox=\"yes\" data-elementor-lightbox-slideshow=\"2ce70e3\" data-elementor-lightbox-title=\"Mayo 2020. Homenaje a un sanitario fallecido, en el Hospital La Paz de Madrid\" data-e-action-hash=\"#elementor-action%3Aaction%3Dlightbox%26settings%3DeyJpZCI6MjIzNiwidXJsIjoiaHR0cHM6XC9cL21hZHJpZHNpbmRpY2FsLmVzXC9hcmNoaXZvXC93cC1jb250ZW50XC91cGxvYWRzXC8yMDIxXC8wMVwvMDA1MGFici5qcGciLCJzbGlkZXNob3ciOiIyY2U3MGUzIn0%3D\" href='https:\/\/madridsindical.es\/archivo\/wp-content\/uploads\/2021\/01\/0050abr.jpg'><img loading=\"lazy\" decoding=\"async\" width=\"150\" height=\"150\" src=\"https:\/\/madridsindical.es\/archivo\/wp-content\/uploads\/2021\/01\/0050abr-150x150.jpg\" class=\"attachment-thumbnail size-thumbnail\" alt=\"\" aria-describedby=\"gallery-1-2236\" \/><\/a>\n\t\t\t<\/div>\n\t\t\t\t<figcaption class='wp-caption-text gallery-caption' id='gallery-1-2236'>\n\t\t\t\tMayo 2020. Homenaje a un sanitario fallecido, en el Hospital La Paz de Madrid \n\t\t\t\t<\/figcaption><\/figure><figure class='gallery-item'>\n\t\t\t<div class='gallery-icon landscape'>\n\t\t\t\t<a data-elementor-open-lightbox=\"yes\" data-elementor-lightbox-slideshow=\"2ce70e3\" data-elementor-lightbox-title=\"Mayo 2020. Hospital de La Paz, Madrid\" data-e-action-hash=\"#elementor-action%3Aaction%3Dlightbox%26settings%3DeyJpZCI6MjIzNywidXJsIjoiaHR0cHM6XC9cL21hZHJpZHNpbmRpY2FsLmVzXC9hcmNoaXZvXC93cC1jb250ZW50XC91cGxvYWRzXC8yMDIxXC8wMVwvMDA1MWFici5qcGciLCJzbGlkZXNob3ciOiIyY2U3MGUzIn0%3D\" href='https:\/\/madridsindical.es\/archivo\/wp-content\/uploads\/2021\/01\/0051abr.jpg'><img loading=\"lazy\" decoding=\"async\" width=\"150\" height=\"150\" src=\"https:\/\/madridsindical.es\/archivo\/wp-content\/uploads\/2021\/01\/0051abr-150x150.jpg\" class=\"attachment-thumbnail size-thumbnail\" alt=\"\" aria-describedby=\"gallery-1-2237\" \/><\/a>\n\t\t\t<\/div>\n\t\t\t\t<figcaption class='wp-caption-text gallery-caption' id='gallery-1-2237'>\n\t\t\t\tMayo 2020. Hospital de La Paz, Madrid\n\t\t\t\t<\/figcaption><\/figure><figure class='gallery-item'>\n\t\t\t<div class='gallery-icon landscape'>\n\t\t\t\t<a data-elementor-open-lightbox=\"yes\" data-elementor-lightbox-slideshow=\"2ce70e3\" data-elementor-lightbox-title=\"Mayo 2020. Una persona en un balc\u00f3n en el centro de Madrid. El d\u00eda 2 de mayo fue el primer d\u00eda de desescalada del confinamiento\" data-e-action-hash=\"#elementor-action%3Aaction%3Dlightbox%26settings%3DeyJpZCI6MjIzOCwidXJsIjoiaHR0cHM6XC9cL21hZHJpZHNpbmRpY2FsLmVzXC9hcmNoaXZvXC93cC1jb250ZW50XC91cGxvYWRzXC8yMDIxXC8wMVwvMDA1Nm1heS5qcGciLCJzbGlkZXNob3ciOiIyY2U3MGUzIn0%3D\" href='https:\/\/madridsindical.es\/archivo\/wp-content\/uploads\/2021\/01\/0056may.jpg'><img loading=\"lazy\" decoding=\"async\" width=\"150\" height=\"150\" src=\"https:\/\/madridsindical.es\/archivo\/wp-content\/uploads\/2021\/01\/0056may-150x150.jpg\" class=\"attachment-thumbnail size-thumbnail\" alt=\"\" aria-describedby=\"gallery-1-2238\" \/><\/a>\n\t\t\t<\/div>\n\t\t\t\t<figcaption class='wp-caption-text gallery-caption' id='gallery-1-2238'>\n\t\t\t\tMayo 2020. Una persona en un balc\u00f3n en el centro de Madrid. El d\u00eda 2 de mayo fue el primer d\u00eda de desescalada del confinamiento\n\t\t\t\t<\/figcaption><\/figure><figure class='gallery-item'>\n\t\t\t<div class='gallery-icon landscape'>\n\t\t\t\t<a data-elementor-open-lightbox=\"yes\" data-elementor-lightbox-slideshow=\"2ce70e3\" data-elementor-lightbox-title=\"Mayo 2020. Una mujer pasa delante del Primark de Gran V\u00eda, cerrado\" data-e-action-hash=\"#elementor-action%3Aaction%3Dlightbox%26settings%3DeyJpZCI6MjIzOSwidXJsIjoiaHR0cHM6XC9cL21hZHJpZHNpbmRpY2FsLmVzXC9hcmNoaXZvXC93cC1jb250ZW50XC91cGxvYWRzXC8yMDIxXC8wMVwvMDA1N21heS5qcGciLCJzbGlkZXNob3ciOiIyY2U3MGUzIn0%3D\" href='https:\/\/madridsindical.es\/archivo\/wp-content\/uploads\/2021\/01\/0057may.jpg'><img loading=\"lazy\" decoding=\"async\" width=\"150\" height=\"150\" src=\"https:\/\/madridsindical.es\/archivo\/wp-content\/uploads\/2021\/01\/0057may-150x150.jpg\" class=\"attachment-thumbnail size-thumbnail\" alt=\"\" aria-describedby=\"gallery-1-2239\" \/><\/a>\n\t\t\t<\/div>\n\t\t\t\t<figcaption class='wp-caption-text gallery-caption' id='gallery-1-2239'>\n\t\t\t\tMayo 2020. Una mujer pasa delante del Primark de Gran V\u00eda, cerrado\n\t\t\t\t<\/figcaption><\/figure><figure class='gallery-item'>\n\t\t\t<div class='gallery-icon landscape'>\n\t\t\t\t<a data-elementor-open-lightbox=\"yes\" data-elementor-lightbox-slideshow=\"2ce70e3\" data-elementor-lightbox-title=\"Mayo 2020. Un rider en la calle Alcal\u00e1 de Madrid, entre autobuses de transporte urbano y polic\u00eda\" data-e-action-hash=\"#elementor-action%3Aaction%3Dlightbox%26settings%3DeyJpZCI6MjI0MCwidXJsIjoiaHR0cHM6XC9cL21hZHJpZHNpbmRpY2FsLmVzXC9hcmNoaXZvXC93cC1jb250ZW50XC91cGxvYWRzXC8yMDIxXC8wMVwvMDA1OG1heS5qcGciLCJzbGlkZXNob3ciOiIyY2U3MGUzIn0%3D\" href='https:\/\/madridsindical.es\/archivo\/wp-content\/uploads\/2021\/01\/0058may.jpg'><img loading=\"lazy\" decoding=\"async\" width=\"150\" height=\"150\" src=\"https:\/\/madridsindical.es\/archivo\/wp-content\/uploads\/2021\/01\/0058may-150x150.jpg\" class=\"attachment-thumbnail size-thumbnail\" alt=\"\" aria-describedby=\"gallery-1-2240\" \/><\/a>\n\t\t\t<\/div>\n\t\t\t\t<figcaption class='wp-caption-text gallery-caption' id='gallery-1-2240'>\n\t\t\t\tMayo 2020. Un rider en la calle Alcal\u00e1 de Madrid, entre autobuses de transporte urbano y polic\u00eda\n\t\t\t\t<\/figcaption><\/figure><figure class='gallery-item'>\n\t\t\t<div class='gallery-icon landscape'>\n\t\t\t\t<a data-elementor-open-lightbox=\"yes\" data-elementor-lightbox-slideshow=\"2ce70e3\" data-elementor-lightbox-title=\"Mayo 2020. Homenaje a un sanitario fallecido en el Hospital Puerta de Hierro de Majadahonda\" data-e-action-hash=\"#elementor-action%3Aaction%3Dlightbox%26settings%3DeyJpZCI6MjI0MiwidXJsIjoiaHR0cHM6XC9cL21hZHJpZHNpbmRpY2FsLmVzXC9hcmNoaXZvXC93cC1jb250ZW50XC91cGxvYWRzXC8yMDIxXC8wMVwvMDA2MW1heS5qcGciLCJzbGlkZXNob3ciOiIyY2U3MGUzIn0%3D\" href='https:\/\/madridsindical.es\/archivo\/wp-content\/uploads\/2021\/01\/0061may.jpg'><img loading=\"lazy\" decoding=\"async\" width=\"150\" height=\"150\" src=\"https:\/\/madridsindical.es\/archivo\/wp-content\/uploads\/2021\/01\/0061may-150x150.jpg\" class=\"attachment-thumbnail size-thumbnail\" alt=\"\" aria-describedby=\"gallery-1-2242\" \/><\/a>\n\t\t\t<\/div>\n\t\t\t\t<figcaption class='wp-caption-text gallery-caption' id='gallery-1-2242'>\n\t\t\t\tMayo 2020. Homenaje a un sanitario fallecido en el Hospital Puerta de Hierro de Majadahonda\n\t\t\t\t<\/figcaption><\/figure><figure class='gallery-item'>\n\t\t\t<div class='gallery-icon landscape'>\n\t\t\t\t<a data-elementor-open-lightbox=\"yes\" data-elementor-lightbox-slideshow=\"2ce70e3\" data-elementor-lightbox-title=\"Mayo 2020. Homenaje a un sanitario fallecido en el Hospital Puerta de Hierro de Majadahonda\" data-e-action-hash=\"#elementor-action%3Aaction%3Dlightbox%26settings%3DeyJpZCI6MjI0MywidXJsIjoiaHR0cHM6XC9cL21hZHJpZHNpbmRpY2FsLmVzXC9hcmNoaXZvXC93cC1jb250ZW50XC91cGxvYWRzXC8yMDIxXC8wMVwvMDA2Mm1heS5qcGciLCJzbGlkZXNob3ciOiIyY2U3MGUzIn0%3D\" href='https:\/\/madridsindical.es\/archivo\/wp-content\/uploads\/2021\/01\/0062may.jpg'><img loading=\"lazy\" decoding=\"async\" width=\"150\" height=\"150\" src=\"https:\/\/madridsindical.es\/archivo\/wp-content\/uploads\/2021\/01\/0062may-150x150.jpg\" class=\"attachment-thumbnail size-thumbnail\" alt=\"\" aria-describedby=\"gallery-1-2243\" \/><\/a>\n\t\t\t<\/div>\n\t\t\t\t<figcaption class='wp-caption-text gallery-caption' id='gallery-1-2243'>\n\t\t\t\tMayo 2020. Homenaje a un sanitario fallecido en el Hospital Puerta de Hierro de Majadahonda\n\t\t\t\t<\/figcaption><\/figure><figure class='gallery-item'>\n\t\t\t<div class='gallery-icon landscape'>\n\t\t\t\t<a data-elementor-open-lightbox=\"yes\" data-elementor-lightbox-slideshow=\"2ce70e3\" data-elementor-lightbox-title=\"Mayo 2020. Homenaje a un sanitario fallecido en el Hospital Gregorio Mara\u00f1\u00f3n de Madrid\" data-e-action-hash=\"#elementor-action%3Aaction%3Dlightbox%26settings%3DeyJpZCI6MjI0NSwidXJsIjoiaHR0cHM6XC9cL21hZHJpZHNpbmRpY2FsLmVzXC9hcmNoaXZvXC93cC1jb250ZW50XC91cGxvYWRzXC8yMDIxXC8wMVwvMDA2NG1heS5qcGciLCJzbGlkZXNob3ciOiIyY2U3MGUzIn0%3D\" href='https:\/\/madridsindical.es\/archivo\/wp-content\/uploads\/2021\/01\/0064may.jpg'><img loading=\"lazy\" decoding=\"async\" width=\"150\" height=\"150\" src=\"https:\/\/madridsindical.es\/archivo\/wp-content\/uploads\/2021\/01\/0064may-150x150.jpg\" class=\"attachment-thumbnail size-thumbnail\" alt=\"\" aria-describedby=\"gallery-1-2245\" \/><\/a>\n\t\t\t<\/div>\n\t\t\t\t<figcaption class='wp-caption-text gallery-caption' id='gallery-1-2245'>\n\t\t\t\tMayo 2020. Homenaje a un sanitario fallecido en el Hospital Gregorio Mara\u00f1\u00f3n de Madrid\n\t\t\t\t<\/figcaption><\/figure><figure class='gallery-item'>\n\t\t\t<div class='gallery-icon landscape'>\n\t\t\t\t<a data-elementor-open-lightbox=\"yes\" data-elementor-lightbox-slideshow=\"2ce70e3\" data-elementor-lightbox-title=\"Mayo 2020. Homenaje a un sanitario fallecido en el Hospital Gregorio Mara\u00f1\u00f3n de Madrid\" data-e-action-hash=\"#elementor-action%3Aaction%3Dlightbox%26settings%3DeyJpZCI6MjI0NiwidXJsIjoiaHR0cHM6XC9cL21hZHJpZHNpbmRpY2FsLmVzXC9hcmNoaXZvXC93cC1jb250ZW50XC91cGxvYWRzXC8yMDIxXC8wMVwvMDA2NW1heS5qcGciLCJzbGlkZXNob3ciOiIyY2U3MGUzIn0%3D\" href='https:\/\/madridsindical.es\/archivo\/wp-content\/uploads\/2021\/01\/0065may.jpg'><img loading=\"lazy\" decoding=\"async\" width=\"150\" height=\"150\" src=\"https:\/\/madridsindical.es\/archivo\/wp-content\/uploads\/2021\/01\/0065may-150x150.jpg\" class=\"attachment-thumbnail size-thumbnail\" alt=\"\" aria-describedby=\"gallery-1-2246\" \/><\/a>\n\t\t\t<\/div>\n\t\t\t\t<figcaption class='wp-caption-text gallery-caption' id='gallery-1-2246'>\n\t\t\t\tMayo 2020. Homenaje a un sanitario fallecido en el Hospital Gregorio Mara\u00f1\u00f3n de Madrid\n\t\t\t\t<\/figcaption><\/figure><figure class='gallery-item'>\n\t\t\t<div class='gallery-icon landscape'>\n\t\t\t\t<a data-elementor-open-lightbox=\"yes\" data-elementor-lightbox-slideshow=\"2ce70e3\" data-elementor-lightbox-title=\"Mayo 2020. Las organizaciones vecinales crearon redes para que no faltaran alimentos a las personas que los necesitaban. Empezaban las &quot;colas del hambre&quot;\" data-e-action-hash=\"#elementor-action%3Aaction%3Dlightbox%26settings%3DeyJpZCI6MjI0OCwidXJsIjoiaHR0cHM6XC9cL21hZHJpZHNpbmRpY2FsLmVzXC9hcmNoaXZvXC93cC1jb250ZW50XC91cGxvYWRzXC8yMDIxXC8wMVwvMDA2N21heS5qcGciLCJzbGlkZXNob3ciOiIyY2U3MGUzIn0%3D\" href='https:\/\/madridsindical.es\/archivo\/wp-content\/uploads\/2021\/01\/0067may.jpg'><img loading=\"lazy\" decoding=\"async\" width=\"150\" height=\"150\" src=\"https:\/\/madridsindical.es\/archivo\/wp-content\/uploads\/2021\/01\/0067may-150x150.jpg\" class=\"attachment-thumbnail size-thumbnail\" alt=\"\" \/><\/a>\n\t\t\t<\/div><\/figure><figure class='gallery-item'>\n\t\t\t<div class='gallery-icon landscape'>\n\t\t\t\t<a data-elementor-open-lightbox=\"yes\" data-elementor-lightbox-slideshow=\"2ce70e3\" data-elementor-lightbox-title=\"Mayo 2020. Las organizaciones vecinales crearon redes para que no faltaran alimentos a las personas que los necesitaban. Empezaban las &quot;colas del hambre&quot;\" data-e-action-hash=\"#elementor-action%3Aaction%3Dlightbox%26settings%3DeyJpZCI6MjI0OSwidXJsIjoiaHR0cHM6XC9cL21hZHJpZHNpbmRpY2FsLmVzXC9hcmNoaXZvXC93cC1jb250ZW50XC91cGxvYWRzXC8yMDIxXC8wMVwvMDA2OG1heS5qcGciLCJzbGlkZXNob3ciOiIyY2U3MGUzIn0%3D\" href='https:\/\/madridsindical.es\/archivo\/wp-content\/uploads\/2021\/01\/0068may.jpg'><img loading=\"lazy\" decoding=\"async\" width=\"150\" height=\"150\" src=\"https:\/\/madridsindical.es\/archivo\/wp-content\/uploads\/2021\/01\/0068may-150x150.jpg\" class=\"attachment-thumbnail size-thumbnail\" alt=\"\" aria-describedby=\"gallery-1-2249\" \/><\/a>\n\t\t\t<\/div>\n\t\t\t\t<figcaption class='wp-caption-text gallery-caption' id='gallery-1-2249'>\n\t\t\t\tMayo 2020. Las organizaciones vecinales crearon redes para que no faltaran alimentos a las personas que los necesitaban. Empezaban las \u00abcolas del hambre\u00bb\n\t\t\t\t<\/figcaption><\/figure><figure class='gallery-item'>\n\t\t\t<div class='gallery-icon landscape'>\n\t\t\t\t<a data-elementor-open-lightbox=\"yes\" data-elementor-lightbox-slideshow=\"2ce70e3\" data-elementor-lightbox-title=\"Mayo 2020. Las organizaciones vecinales crearon redes para que no faltaran alimentos a las personas que los necesitaban. Empezaban las &quot;colas del hambre&quot;\" data-e-action-hash=\"#elementor-action%3Aaction%3Dlightbox%26settings%3DeyJpZCI6MjI1MCwidXJsIjoiaHR0cHM6XC9cL21hZHJpZHNpbmRpY2FsLmVzXC9hcmNoaXZvXC93cC1jb250ZW50XC91cGxvYWRzXC8yMDIxXC8wMVwvMDA2OW1heS5qcGciLCJzbGlkZXNob3ciOiIyY2U3MGUzIn0%3D\" href='https:\/\/madridsindical.es\/archivo\/wp-content\/uploads\/2021\/01\/0069may.jpg'><img loading=\"lazy\" decoding=\"async\" width=\"150\" height=\"150\" src=\"https:\/\/madridsindical.es\/archivo\/wp-content\/uploads\/2021\/01\/0069may-150x150.jpg\" class=\"attachment-thumbnail size-thumbnail\" alt=\"\" aria-describedby=\"gallery-1-2250\" \/><\/a>\n\t\t\t<\/div>\n\t\t\t\t<figcaption class='wp-caption-text gallery-caption' id='gallery-1-2250'>\n\t\t\t\tMayo 2020. Las organizaciones vecinales crearon redes para que no faltaran alimentos a las personas que los necesitaban. Empezaban las \u00abcolas del hambre\u00bb\n\t\t\t\t<\/figcaption><\/figure><figure class='gallery-item'>\n\t\t\t<div class='gallery-icon landscape'>\n\t\t\t\t<a data-elementor-open-lightbox=\"yes\" data-elementor-lightbox-slideshow=\"2ce70e3\" data-elementor-lightbox-title=\"Mayo 2020. Las organizaciones vecinales crearon redes tambi\u00e9n para el entretenimiento y el cuidado de menores en edad escolar\" data-e-action-hash=\"#elementor-action%3Aaction%3Dlightbox%26settings%3DeyJpZCI6MjI1MSwidXJsIjoiaHR0cHM6XC9cL21hZHJpZHNpbmRpY2FsLmVzXC9hcmNoaXZvXC93cC1jb250ZW50XC91cGxvYWRzXC8yMDIxXC8wMVwvMDA3MG1heS5qcGciLCJzbGlkZXNob3ciOiIyY2U3MGUzIn0%3D\" href='https:\/\/madridsindical.es\/archivo\/wp-content\/uploads\/2021\/01\/0070may.jpg'><img loading=\"lazy\" decoding=\"async\" width=\"150\" height=\"150\" src=\"https:\/\/madridsindical.es\/archivo\/wp-content\/uploads\/2021\/01\/0070may-150x150.jpg\" class=\"attachment-thumbnail size-thumbnail\" alt=\"\" aria-describedby=\"gallery-1-2251\" \/><\/a>\n\t\t\t<\/div>\n\t\t\t\t<figcaption class='wp-caption-text gallery-caption' id='gallery-1-2251'>\n\t\t\t\tMayo 2020. Las organizaciones vecinales crearon redes tambi\u00e9n para el entretenimiento y el cuidado de menores en edad escolar\n\t\t\t\t<\/figcaption><\/figure><figure class='gallery-item'>\n\t\t\t<div class='gallery-icon landscape'>\n\t\t\t\t<a data-elementor-open-lightbox=\"yes\" data-elementor-lightbox-slideshow=\"2ce70e3\" data-elementor-lightbox-title=\"Mayo 2020. Las organizaciones vecinales crearon redes para que no faltaran alimentos a las personas que los necesitaban. Empezaban las &quot;colas del hambre&quot;\" data-e-action-hash=\"#elementor-action%3Aaction%3Dlightbox%26settings%3DeyJpZCI6MjI1MiwidXJsIjoiaHR0cHM6XC9cL21hZHJpZHNpbmRpY2FsLmVzXC9hcmNoaXZvXC93cC1jb250ZW50XC91cGxvYWRzXC8yMDIxXC8wMVwvMDA3MW1heS5qcGciLCJzbGlkZXNob3ciOiIyY2U3MGUzIn0%3D\" href='https:\/\/madridsindical.es\/archivo\/wp-content\/uploads\/2021\/01\/0071may.jpg'><img loading=\"lazy\" decoding=\"async\" width=\"150\" height=\"150\" src=\"https:\/\/madridsindical.es\/archivo\/wp-content\/uploads\/2021\/01\/0071may-150x150.jpg\" class=\"attachment-thumbnail size-thumbnail\" alt=\"\" aria-describedby=\"gallery-1-2252\" \/><\/a>\n\t\t\t<\/div>\n\t\t\t\t<figcaption class='wp-caption-text gallery-caption' id='gallery-1-2252'>\n\t\t\t\tMayo 2020. Las organizaciones vecinales crearon redes para que no faltaran alimentos a las personas que los necesitaban. Empezaban las \u00abcolas del hambre\u00bb\n\t\t\t\t<\/figcaption><\/figure><figure class='gallery-item'>\n\t\t\t<div class='gallery-icon landscape'>\n\t\t\t\t<a data-elementor-open-lightbox=\"yes\" data-elementor-lightbox-slideshow=\"2ce70e3\" data-elementor-lightbox-title=\"Mayo 2020. Las organizaciones vecinales crearon redes para que no faltaran alimentos a las personas que los necesitaban. Empezaban las &quot;colas del hambre&quot;\" data-e-action-hash=\"#elementor-action%3Aaction%3Dlightbox%26settings%3DeyJpZCI6MjI1MywidXJsIjoiaHR0cHM6XC9cL21hZHJpZHNpbmRpY2FsLmVzXC9hcmNoaXZvXC93cC1jb250ZW50XC91cGxvYWRzXC8yMDIxXC8wMVwvMDA3Mm1heS5qcGciLCJzbGlkZXNob3ciOiIyY2U3MGUzIn0%3D\" href='https:\/\/madridsindical.es\/archivo\/wp-content\/uploads\/2021\/01\/0072may.jpg'><img loading=\"lazy\" decoding=\"async\" width=\"150\" height=\"150\" src=\"https:\/\/madridsindical.es\/archivo\/wp-content\/uploads\/2021\/01\/0072may-150x150.jpg\" class=\"attachment-thumbnail size-thumbnail\" alt=\"\" aria-describedby=\"gallery-1-2253\" \/><\/a>\n\t\t\t<\/div>\n\t\t\t\t<figcaption class='wp-caption-text gallery-caption' id='gallery-1-2253'>\n\t\t\t\tMayo 2020. Las organizaciones vecinales crearon redes para que no faltaran alimentos a las personas que los necesitaban. Empezaban las \u00abcolas del hambre\u00bb\n\t\t\t\t<\/figcaption><\/figure><figure class='gallery-item'>\n\t\t\t<div class='gallery-icon landscape'>\n\t\t\t\t<a data-elementor-open-lightbox=\"yes\" data-elementor-lightbox-slideshow=\"2ce70e3\" data-elementor-lightbox-title=\"Mayo 2020. Las organizaciones vecinales crearon redes para que no faltaran alimentos a las personas que los necesitaban. Empezaban las &quot;colas del hambre&quot;\" data-e-action-hash=\"#elementor-action%3Aaction%3Dlightbox%26settings%3DeyJpZCI6MjI1NSwidXJsIjoiaHR0cHM6XC9cL21hZHJpZHNpbmRpY2FsLmVzXC9hcmNoaXZvXC93cC1jb250ZW50XC91cGxvYWRzXC8yMDIxXC8wMVwvMDA3NG1heS5qcGciLCJzbGlkZXNob3ciOiIyY2U3MGUzIn0%3D\" href='https:\/\/madridsindical.es\/archivo\/wp-content\/uploads\/2021\/01\/0074may.jpg'><img loading=\"lazy\" decoding=\"async\" width=\"150\" height=\"150\" src=\"https:\/\/madridsindical.es\/archivo\/wp-content\/uploads\/2021\/01\/0074may-150x150.jpg\" class=\"attachment-thumbnail size-thumbnail\" alt=\"\" aria-describedby=\"gallery-1-2255\" \/><\/a>\n\t\t\t<\/div>\n\t\t\t\t<figcaption class='wp-caption-text gallery-caption' id='gallery-1-2255'>\n\t\t\t\tMayo 2020. Las organizaciones vecinales crearon redes para que no faltaran alimentos a las personas que los necesitaban. Empezaban las \u00abcolas del hambre\u00bb\n\t\t\t\t<\/figcaption><\/figure><figure class='gallery-item'>\n\t\t\t<div class='gallery-icon landscape'>\n\t\t\t\t<a data-elementor-open-lightbox=\"yes\" data-elementor-lightbox-slideshow=\"2ce70e3\" data-elementor-lightbox-title=\"Mayo 2020. Huelga en Lidl en defensa de la dignidad de su plantilla y contra la intransigencia de la empresa\" data-e-action-hash=\"#elementor-action%3Aaction%3Dlightbox%26settings%3DeyJpZCI6MjI1NiwidXJsIjoiaHR0cHM6XC9cL21hZHJpZHNpbmRpY2FsLmVzXC9hcmNoaXZvXC93cC1jb250ZW50XC91cGxvYWRzXC8yMDIxXC8wMVwvMDA3NW1heS5qcGciLCJzbGlkZXNob3ciOiIyY2U3MGUzIn0%3D\" href='https:\/\/madridsindical.es\/archivo\/wp-content\/uploads\/2021\/01\/0075may.jpg'><img loading=\"lazy\" decoding=\"async\" width=\"150\" height=\"150\" src=\"https:\/\/madridsindical.es\/archivo\/wp-content\/uploads\/2021\/01\/0075may-150x150.jpg\" class=\"attachment-thumbnail size-thumbnail\" alt=\"\" aria-describedby=\"gallery-1-2256\" \/><\/a>\n\t\t\t<\/div>\n\t\t\t\t<figcaption class='wp-caption-text gallery-caption' id='gallery-1-2256'>\n\t\t\t\tMayo 2020. Huelga en Lidl en defensa de la dignidad de su plantilla y contra la intransigencia de la empresa\n\t\t\t\t<\/figcaption><\/figure><figure class='gallery-item'>\n\t\t\t<div class='gallery-icon landscape'>\n\t\t\t\t<a data-elementor-open-lightbox=\"yes\" data-elementor-lightbox-slideshow=\"2ce70e3\" data-elementor-lightbox-title=\"Junio 2020. Las organizaciones vecinales se vieron desbordadas por las &quot;colas del hambre&quot; ante la inacci\u00f3n del Ayuntamiento de Madrid\" data-e-action-hash=\"#elementor-action%3Aaction%3Dlightbox%26settings%3DeyJpZCI6MjI1NywidXJsIjoiaHR0cHM6XC9cL21hZHJpZHNpbmRpY2FsLmVzXC9hcmNoaXZvXC93cC1jb250ZW50XC91cGxvYWRzXC8yMDIxXC8wMVwvMDA3Nmp1bi5qcGciLCJzbGlkZXNob3ciOiIyY2U3MGUzIn0%3D\" href='https:\/\/madridsindical.es\/archivo\/wp-content\/uploads\/2021\/01\/0076jun.jpg'><img loading=\"lazy\" decoding=\"async\" width=\"150\" height=\"150\" src=\"https:\/\/madridsindical.es\/archivo\/wp-content\/uploads\/2021\/01\/0076jun-150x150.jpg\" class=\"attachment-thumbnail size-thumbnail\" alt=\"\" aria-describedby=\"gallery-1-2257\" \/><\/a>\n\t\t\t<\/div>\n\t\t\t\t<figcaption class='wp-caption-text gallery-caption' id='gallery-1-2257'>\n\t\t\t\tJunio 2020. Las organizaciones vecinales se vieron desbordadas por las \u00abcolas del hambre\u00bb ante la inacci\u00f3n del Ayuntamiento de Madrid\n\t\t\t\t<\/figcaption><\/figure><figure class='gallery-item'>\n\t\t\t<div class='gallery-icon landscape'>\n\t\t\t\t<a data-elementor-open-lightbox=\"yes\" data-elementor-lightbox-slideshow=\"2ce70e3\" data-elementor-lightbox-title=\"Junio 2020. CCOO firma un acuerdo de colaboraci\u00f3n con la Federaci\u00f3n Regional de Asociaciones Vecinales de Madrid (FRAVM) para apoyar econ\u00f3micamente las iniciativas de solidaridad que se est\u00e1n desarrollando desde el movimiento vecinal, como consecuencia de la crisis social derivada del COVID-19\" data-e-action-hash=\"#elementor-action%3Aaction%3Dlightbox%26settings%3DeyJpZCI6MjI1OCwidXJsIjoiaHR0cHM6XC9cL21hZHJpZHNpbmRpY2FsLmVzXC9hcmNoaXZvXC93cC1jb250ZW50XC91cGxvYWRzXC8yMDIxXC8wMVwvMDA3N2p1bi5qcGciLCJzbGlkZXNob3ciOiIyY2U3MGUzIn0%3D\" href='https:\/\/madridsindical.es\/archivo\/wp-content\/uploads\/2021\/01\/0077jun.jpg'><img loading=\"lazy\" decoding=\"async\" width=\"150\" height=\"150\" src=\"https:\/\/madridsindical.es\/archivo\/wp-content\/uploads\/2021\/01\/0077jun-150x150.jpg\" class=\"attachment-thumbnail size-thumbnail\" alt=\"\" aria-describedby=\"gallery-1-2258\" \/><\/a>\n\t\t\t<\/div>\n\t\t\t\t<figcaption class='wp-caption-text gallery-caption' id='gallery-1-2258'>\n\t\t\t\tJunio 2020. CCOO firma un acuerdo de colaboraci\u00f3n con la Federaci\u00f3n Regional de Asociaciones Vecinales de Madrid (FRAVM) para apoyar econ\u00f3micamente las iniciativas de solidaridad que se est\u00e1n desarrollando desde el movimiento vecinal, como consecuencia de la crisis social derivada del COVID-19\n\t\t\t\t<\/figcaption><\/figure><figure class='gallery-item'>\n\t\t\t<div class='gallery-icon landscape'>\n\t\t\t\t<a data-elementor-open-lightbox=\"yes\" data-elementor-lightbox-slideshow=\"2ce70e3\" data-elementor-lightbox-title=\"Junio 2020. Entrega de firmas del alumnado y profesorado contra el desmantelamiento de las EOI de la Comunidad de Madrid\" data-e-action-hash=\"#elementor-action%3Aaction%3Dlightbox%26settings%3DeyJpZCI6MjI1OSwidXJsIjoiaHR0cHM6XC9cL21hZHJpZHNpbmRpY2FsLmVzXC9hcmNoaXZvXC93cC1jb250ZW50XC91cGxvYWRzXC8yMDIxXC8wMVwvMDA3OGp1bi5qcGciLCJzbGlkZXNob3ciOiIyY2U3MGUzIn0%3D\" href='https:\/\/madridsindical.es\/archivo\/wp-content\/uploads\/2021\/01\/0078jun.jpg'><img loading=\"lazy\" decoding=\"async\" width=\"150\" height=\"150\" src=\"https:\/\/madridsindical.es\/archivo\/wp-content\/uploads\/2021\/01\/0078jun-150x150.jpg\" class=\"attachment-thumbnail size-thumbnail\" alt=\"\" aria-describedby=\"gallery-1-2259\" \/><\/a>\n\t\t\t<\/div>\n\t\t\t\t<figcaption class='wp-caption-text gallery-caption' id='gallery-1-2259'>\n\t\t\t\tJunio 2020. Entrega de firmas del alumnado y profesorado contra el desmantelamiento de las EOI de la Comunidad de Madrid\n\t\t\t\t<\/figcaption><\/figure><figure class='gallery-item'>\n\t\t\t<div class='gallery-icon landscape'>\n\t\t\t\t<a data-elementor-open-lightbox=\"yes\" data-elementor-lightbox-slideshow=\"2ce70e3\" data-elementor-lightbox-title=\"Junio 2020. Acto de presentaci\u00f3n de las movilizaciones &quot;Vamos a Salir&quot;\" data-e-action-hash=\"#elementor-action%3Aaction%3Dlightbox%26settings%3DeyJpZCI6MjI2MCwidXJsIjoiaHR0cHM6XC9cL21hZHJpZHNpbmRpY2FsLmVzXC9hcmNoaXZvXC93cC1jb250ZW50XC91cGxvYWRzXC8yMDIxXC8wMVwvMDA3OWp1bi5qcGciLCJzbGlkZXNob3ciOiIyY2U3MGUzIn0%3D\" href='https:\/\/madridsindical.es\/archivo\/wp-content\/uploads\/2021\/01\/0079jun.jpg'><img loading=\"lazy\" decoding=\"async\" width=\"150\" height=\"150\" src=\"https:\/\/madridsindical.es\/archivo\/wp-content\/uploads\/2021\/01\/0079jun-150x150.jpg\" class=\"attachment-thumbnail size-thumbnail\" alt=\"\" aria-describedby=\"gallery-1-2260\" \/><\/a>\n\t\t\t<\/div>\n\t\t\t\t<figcaption class='wp-caption-text gallery-caption' id='gallery-1-2260'>\n\t\t\t\tJunio 2020. Acto de presentaci\u00f3n de las movilizaciones \u00abVamos a Salir\u00bb\n\t\t\t\t<\/figcaption><\/figure><figure class='gallery-item'>\n\t\t\t<div class='gallery-icon landscape'>\n\t\t\t\t<a data-elementor-open-lightbox=\"yes\" data-elementor-lightbox-slideshow=\"2ce70e3\" data-elementor-lightbox-title=\"Junio 2020. Los trabajadores y trabajadoras de la limpieza del Hospital Gregorio Mara\u00f1\u00f3n en huelga contra la privatizaci\u00f3n del servicio\" data-e-action-hash=\"#elementor-action%3Aaction%3Dlightbox%26settings%3DeyJpZCI6MjI2MSwidXJsIjoiaHR0cHM6XC9cL21hZHJpZHNpbmRpY2FsLmVzXC9hcmNoaXZvXC93cC1jb250ZW50XC91cGxvYWRzXC8yMDIxXC8wMVwvMDA4MGp1bi5qcGciLCJzbGlkZXNob3ciOiIyY2U3MGUzIn0%3D\" href='https:\/\/madridsindical.es\/archivo\/wp-content\/uploads\/2021\/01\/0080jun.jpg'><img loading=\"lazy\" decoding=\"async\" width=\"150\" height=\"150\" src=\"https:\/\/madridsindical.es\/archivo\/wp-content\/uploads\/2021\/01\/0080jun-150x150.jpg\" class=\"attachment-thumbnail size-thumbnail\" alt=\"\" aria-describedby=\"gallery-1-2261\" \/><\/a>\n\t\t\t<\/div>\n\t\t\t\t<figcaption class='wp-caption-text gallery-caption' id='gallery-1-2261'>\n\t\t\t\tJunio 2020. Los trabajadores y trabajadoras de la limpieza del Hospital Gregorio Mara\u00f1\u00f3n en huelga contra la privatizaci\u00f3n del servicio\n\t\t\t\t<\/figcaption><\/figure><figure class='gallery-item'>\n\t\t\t<div class='gallery-icon landscape'>\n\t\t\t\t<a data-elementor-open-lightbox=\"yes\" data-elementor-lightbox-slideshow=\"2ce70e3\" data-elementor-lightbox-title=\"Junio 2020. Presentaci\u00f3n del Manifiesto por una sanidad 100% p\u00fablica, universal y de calidad\" data-e-action-hash=\"#elementor-action%3Aaction%3Dlightbox%26settings%3DeyJpZCI6MjI2MiwidXJsIjoiaHR0cHM6XC9cL21hZHJpZHNpbmRpY2FsLmVzXC9hcmNoaXZvXC93cC1jb250ZW50XC91cGxvYWRzXC8yMDIxXC8wMVwvMDA4MWp1bi5qcGciLCJzbGlkZXNob3ciOiIyY2U3MGUzIn0%3D\" href='https:\/\/madridsindical.es\/archivo\/wp-content\/uploads\/2021\/01\/0081jun.jpg'><img loading=\"lazy\" decoding=\"async\" width=\"150\" height=\"150\" src=\"https:\/\/madridsindical.es\/archivo\/wp-content\/uploads\/2021\/01\/0081jun-150x150.jpg\" class=\"attachment-thumbnail size-thumbnail\" alt=\"\" aria-describedby=\"gallery-1-2262\" \/><\/a>\n\t\t\t<\/div>\n\t\t\t\t<figcaption class='wp-caption-text gallery-caption' id='gallery-1-2262'>\n\t\t\t\tJunio 2020. Presentaci\u00f3n del Manifiesto por una sanidad 100% p\u00fablica, universal y de calidad\n\t\t\t\t<\/figcaption><\/figure><figure class='gallery-item'>\n\t\t\t<div class='gallery-icon landscape'>\n\t\t\t\t<a data-elementor-open-lightbox=\"yes\" data-elementor-lightbox-slideshow=\"2ce70e3\" data-elementor-lightbox-title=\"Junio 2020. Concentraci\u00f3n Vamos a Salir. Por un pacto para la reconstrucci\u00f3n social de Espa\u00f1a\" data-e-action-hash=\"#elementor-action%3Aaction%3Dlightbox%26settings%3DeyJpZCI6MjI2MywidXJsIjoiaHR0cHM6XC9cL21hZHJpZHNpbmRpY2FsLmVzXC9hcmNoaXZvXC93cC1jb250ZW50XC91cGxvYWRzXC8yMDIxXC8wMVwvMDA4Mmp1bi5qcGciLCJzbGlkZXNob3ciOiIyY2U3MGUzIn0%3D\" href='https:\/\/madridsindical.es\/archivo\/wp-content\/uploads\/2021\/01\/0082jun.jpg'><img loading=\"lazy\" decoding=\"async\" width=\"150\" height=\"150\" src=\"https:\/\/madridsindical.es\/archivo\/wp-content\/uploads\/2021\/01\/0082jun-150x150.jpg\" class=\"attachment-thumbnail size-thumbnail\" alt=\"\" aria-describedby=\"gallery-1-2263\" \/><\/a>\n\t\t\t<\/div>\n\t\t\t\t<figcaption class='wp-caption-text gallery-caption' id='gallery-1-2263'>\n\t\t\t\tJunio 2020. Concentraci\u00f3n Vamos a Salir. Por un pacto para la reconstrucci\u00f3n social de Espa\u00f1a\n\t\t\t\t<\/figcaption><\/figure><figure class='gallery-item'>\n\t\t\t<div class='gallery-icon landscape'>\n\t\t\t\t<a data-elementor-open-lightbox=\"yes\" data-elementor-lightbox-slideshow=\"2ce70e3\" data-elementor-lightbox-title=\"Julio 2020. Manifestaci\u00f3n en Madrid de trabajadores y trabajadoras de Nissan\" data-e-action-hash=\"#elementor-action%3Aaction%3Dlightbox%26settings%3DeyJpZCI6MjI2NCwidXJsIjoiaHR0cHM6XC9cL21hZHJpZHNpbmRpY2FsLmVzXC9hcmNoaXZvXC93cC1jb250ZW50XC91cGxvYWRzXC8yMDIxXC8wMVwvMDA4M2p1bC5qcGciLCJzbGlkZXNob3ciOiIyY2U3MGUzIn0%3D\" href='https:\/\/madridsindical.es\/archivo\/wp-content\/uploads\/2021\/01\/0083jul.jpg'><img loading=\"lazy\" decoding=\"async\" width=\"150\" height=\"150\" src=\"https:\/\/madridsindical.es\/archivo\/wp-content\/uploads\/2021\/01\/0083jul-150x150.jpg\" class=\"attachment-thumbnail size-thumbnail\" alt=\"\" aria-describedby=\"gallery-1-2264\" \/><\/a>\n\t\t\t<\/div>\n\t\t\t\t<figcaption class='wp-caption-text gallery-caption' id='gallery-1-2264'>\n\t\t\t\tJulio 2020. Manifestaci\u00f3n en Madrid de trabajadores y trabajadoras de Nissan\n\t\t\t\t<\/figcaption><\/figure><figure class='gallery-item'>\n\t\t\t<div class='gallery-icon landscape'>\n\t\t\t\t<a data-elementor-open-lightbox=\"yes\" data-elementor-lightbox-slideshow=\"2ce70e3\" data-elementor-lightbox-title=\"Julio 2020. Marea Blanca ante la Asamblea de Madrid\" data-e-action-hash=\"#elementor-action%3Aaction%3Dlightbox%26settings%3DeyJpZCI6MjI2NSwidXJsIjoiaHR0cHM6XC9cL21hZHJpZHNpbmRpY2FsLmVzXC9hcmNoaXZvXC93cC1jb250ZW50XC91cGxvYWRzXC8yMDIxXC8wMVwvMDA4NGp1bC5qcGciLCJzbGlkZXNob3ciOiIyY2U3MGUzIn0%3D\" href='https:\/\/madridsindical.es\/archivo\/wp-content\/uploads\/2021\/01\/0084jul.jpg'><img loading=\"lazy\" decoding=\"async\" width=\"150\" height=\"150\" src=\"https:\/\/madridsindical.es\/archivo\/wp-content\/uploads\/2021\/01\/0084jul-150x150.jpg\" class=\"attachment-thumbnail size-thumbnail\" alt=\"\" aria-describedby=\"gallery-1-2265\" \/><\/a>\n\t\t\t<\/div>\n\t\t\t\t<figcaption class='wp-caption-text gallery-caption' id='gallery-1-2265'>\n\t\t\t\tJulio 2020. Marea Blanca ante la Asamblea de Madrid\n\t\t\t\t<\/figcaption><\/figure><figure class='gallery-item'>\n\t\t\t<div class='gallery-icon landscape'>\n\t\t\t\t<a data-elementor-open-lightbox=\"yes\" data-elementor-lightbox-slideshow=\"2ce70e3\" data-elementor-lightbox-title=\"Julio 2020. Marea Blanca ante la Asamblea de Madrid\" data-e-action-hash=\"#elementor-action%3Aaction%3Dlightbox%26settings%3DeyJpZCI6MjI2NiwidXJsIjoiaHR0cHM6XC9cL21hZHJpZHNpbmRpY2FsLmVzXC9hcmNoaXZvXC93cC1jb250ZW50XC91cGxvYWRzXC8yMDIxXC8wMVwvMDA4NWp1bC5qcGciLCJzbGlkZXNob3ciOiIyY2U3MGUzIn0%3D\" href='https:\/\/madridsindical.es\/archivo\/wp-content\/uploads\/2021\/01\/0085jul.jpg'><img loading=\"lazy\" decoding=\"async\" width=\"150\" height=\"150\" src=\"https:\/\/madridsindical.es\/archivo\/wp-content\/uploads\/2021\/01\/0085jul-150x150.jpg\" class=\"attachment-thumbnail size-thumbnail\" alt=\"\" aria-describedby=\"gallery-1-2266\" \/><\/a>\n\t\t\t<\/div>\n\t\t\t\t<figcaption class='wp-caption-text gallery-caption' id='gallery-1-2266'>\n\t\t\t\tJulio 2020. Marea Blanca ante la Asamblea de Madrid\n\t\t\t\t<\/figcaption><\/figure><figure class='gallery-item'>\n\t\t\t<div class='gallery-icon landscape'>\n\t\t\t\t<a data-elementor-open-lightbox=\"yes\" data-elementor-lightbox-slideshow=\"2ce70e3\" data-elementor-lightbox-title=\"Julio 2020. Concentraci\u00f3n contra el despido de trabajadores de baja m\u00e9dica en Burger King\" data-e-action-hash=\"#elementor-action%3Aaction%3Dlightbox%26settings%3DeyJpZCI6MjI2NywidXJsIjoiaHR0cHM6XC9cL21hZHJpZHNpbmRpY2FsLmVzXC9hcmNoaXZvXC93cC1jb250ZW50XC91cGxvYWRzXC8yMDIxXC8wMVwvMDA4Nmp1bC5qcGciLCJzbGlkZXNob3ciOiIyY2U3MGUzIn0%3D\" href='https:\/\/madridsindical.es\/archivo\/wp-content\/uploads\/2021\/01\/0086jul.jpg'><img loading=\"lazy\" decoding=\"async\" width=\"150\" height=\"150\" src=\"https:\/\/madridsindical.es\/archivo\/wp-content\/uploads\/2021\/01\/0086jul-150x150.jpg\" class=\"attachment-thumbnail size-thumbnail\" alt=\"\" aria-describedby=\"gallery-1-2267\" \/><\/a>\n\t\t\t<\/div>\n\t\t\t\t<figcaption class='wp-caption-text gallery-caption' id='gallery-1-2267'>\n\t\t\t\tJulio 2020. Concentraci\u00f3n contra el despido de trabajadores de baja m\u00e9dica en Burger King\n\t\t\t\t<\/figcaption><\/figure><figure class='gallery-item'>\n\t\t\t<div class='gallery-icon landscape'>\n\t\t\t\t<a data-elementor-open-lightbox=\"yes\" data-elementor-lightbox-slideshow=\"2ce70e3\" data-elementor-lightbox-title=\"Julio 2020. Manifestaci\u00f3n de m\u00e9dicos en Madrid contra la pol\u00edtica sanitaria y explotaci\u00f3n laboral\" data-e-action-hash=\"#elementor-action%3Aaction%3Dlightbox%26settings%3DeyJpZCI6MjI2OCwidXJsIjoiaHR0cHM6XC9cL21hZHJpZHNpbmRpY2FsLmVzXC9hcmNoaXZvXC93cC1jb250ZW50XC91cGxvYWRzXC8yMDIxXC8wMVwvMDA4N2p1bC5qcGciLCJzbGlkZXNob3ciOiIyY2U3MGUzIn0%3D\" href='https:\/\/madridsindical.es\/archivo\/wp-content\/uploads\/2021\/01\/0087jul.jpg'><img loading=\"lazy\" decoding=\"async\" width=\"150\" height=\"150\" src=\"https:\/\/madridsindical.es\/archivo\/wp-content\/uploads\/2021\/01\/0087jul-150x150.jpg\" class=\"attachment-thumbnail size-thumbnail\" alt=\"\" aria-describedby=\"gallery-1-2268\" \/><\/a>\n\t\t\t<\/div>\n\t\t\t\t<figcaption class='wp-caption-text gallery-caption' id='gallery-1-2268'>\n\t\t\t\tJulio 2020. Manifestaci\u00f3n de m\u00e9dicos en Madrid contra la pol\u00edtica sanitaria y explotaci\u00f3n laboral\n\t\t\t\t<\/figcaption><\/figure><figure class='gallery-item'>\n\t\t\t<div class='gallery-icon landscape'>\n\t\t\t\t<a data-elementor-open-lightbox=\"yes\" data-elementor-lightbox-slideshow=\"2ce70e3\" data-elementor-lightbox-title=\"Julio 2020. Manifestaci\u00f3n de m\u00e9dicos en Madrid contra la pol\u00edtica sanitaria y explotaci\u00f3n laboral\" data-e-action-hash=\"#elementor-action%3Aaction%3Dlightbox%26settings%3DeyJpZCI6MjI2OSwidXJsIjoiaHR0cHM6XC9cL21hZHJpZHNpbmRpY2FsLmVzXC9hcmNoaXZvXC93cC1jb250ZW50XC91cGxvYWRzXC8yMDIxXC8wMVwvMDA4OGp1bC5qcGciLCJzbGlkZXNob3ciOiIyY2U3MGUzIn0%3D\" href='https:\/\/madridsindical.es\/archivo\/wp-content\/uploads\/2021\/01\/0088jul.jpg'><img loading=\"lazy\" decoding=\"async\" width=\"150\" height=\"150\" src=\"https:\/\/madridsindical.es\/archivo\/wp-content\/uploads\/2021\/01\/0088jul-150x150.jpg\" class=\"attachment-thumbnail size-thumbnail\" alt=\"\" aria-describedby=\"gallery-1-2269\" \/><\/a>\n\t\t\t<\/div>\n\t\t\t\t<figcaption class='wp-caption-text gallery-caption' id='gallery-1-2269'>\n\t\t\t\tJulio 2020. Manifestaci\u00f3n de m\u00e9dicos en Madrid contra la pol\u00edtica sanitaria y explotaci\u00f3n laboral\n\t\t\t\t<\/figcaption><\/figure><figure class='gallery-item'>\n\t\t\t<div class='gallery-icon landscape'>\n\t\t\t\t<a data-elementor-open-lightbox=\"yes\" data-elementor-lightbox-slideshow=\"2ce70e3\" data-elementor-lightbox-title=\"Julio 2020. Manifestaci\u00f3n por un sector Aero Espacial Estrat\u00e9gico\" data-e-action-hash=\"#elementor-action%3Aaction%3Dlightbox%26settings%3DeyJpZCI6MjI3MCwidXJsIjoiaHR0cHM6XC9cL21hZHJpZHNpbmRpY2FsLmVzXC9hcmNoaXZvXC93cC1jb250ZW50XC91cGxvYWRzXC8yMDIxXC8wMVwvMDA4OWp1bC5qcGciLCJzbGlkZXNob3ciOiIyY2U3MGUzIn0%3D\" href='https:\/\/madridsindical.es\/archivo\/wp-content\/uploads\/2021\/01\/0089jul.jpg'><img loading=\"lazy\" decoding=\"async\" width=\"150\" height=\"150\" src=\"https:\/\/madridsindical.es\/archivo\/wp-content\/uploads\/2021\/01\/0089jul-150x150.jpg\" class=\"attachment-thumbnail size-thumbnail\" alt=\"\" aria-describedby=\"gallery-1-2270\" \/><\/a>\n\t\t\t<\/div>\n\t\t\t\t<figcaption class='wp-caption-text gallery-caption' id='gallery-1-2270'>\n\t\t\t\tJulio 2020. Manifestaci\u00f3n por un sector Aero Espacial Estrat\u00e9gico\n\t\t\t\t<\/figcaption><\/figure><figure class='gallery-item'>\n\t\t\t<div class='gallery-icon landscape'>\n\t\t\t\t<a data-elementor-open-lightbox=\"yes\" data-elementor-lightbox-slideshow=\"2ce70e3\" data-elementor-lightbox-title=\"Septiembre 2020. Memoria Hist\u00f3rica: la aparici\u00f3n de un anillo en una fosa en El Espinar (Segovia) termin\u00f3 con la b\u00fasqueda de m\u00e1s de 80 a\u00f1os de Eugenio Ins\u00faa. Lo contamos en MadridSindical\" data-e-action-hash=\"#elementor-action%3Aaction%3Dlightbox%26settings%3DeyJpZCI6MjI3MSwidXJsIjoiaHR0cHM6XC9cL21hZHJpZHNpbmRpY2FsLmVzXC9hcmNoaXZvXC93cC1jb250ZW50XC91cGxvYWRzXC8yMDIxXC8wMVwvMDA5MHNlcC5qcGciLCJzbGlkZXNob3ciOiIyY2U3MGUzIn0%3D\" href='https:\/\/madridsindical.es\/archivo\/wp-content\/uploads\/2021\/01\/0090sep.jpg'><img loading=\"lazy\" decoding=\"async\" width=\"150\" height=\"150\" src=\"https:\/\/madridsindical.es\/archivo\/wp-content\/uploads\/2021\/01\/0090sep-150x150.jpg\" class=\"attachment-thumbnail size-thumbnail\" alt=\"\" aria-describedby=\"gallery-1-2271\" \/><\/a>\n\t\t\t<\/div>\n\t\t\t\t<figcaption class='wp-caption-text gallery-caption' id='gallery-1-2271'>\n\t\t\t\tSeptiembre 2020. Memoria Hist\u00f3rica: la aparici\u00f3n de un anillo en una fosa en El Espinar (Segovia) termin\u00f3 con la b\u00fasqueda de m\u00e1s de 80 a\u00f1os de Eugenio Ins\u00faa. Lo contamos en MadridSindical\n\t\t\t\t<\/figcaption><\/figure><figure class='gallery-item'>\n\t\t\t<div class='gallery-icon landscape'>\n\t\t\t\t<a data-elementor-open-lightbox=\"yes\" data-elementor-lightbox-slideshow=\"2ce70e3\" data-elementor-lightbox-title=\"Septiembre 2020. Concentraci\u00f3n por la sanidad p\u00fablica en el Hospital Cl\u00ednico de Madrid\" data-e-action-hash=\"#elementor-action%3Aaction%3Dlightbox%26settings%3DeyJpZCI6MjI3MiwidXJsIjoiaHR0cHM6XC9cL21hZHJpZHNpbmRpY2FsLmVzXC9hcmNoaXZvXC93cC1jb250ZW50XC91cGxvYWRzXC8yMDIxXC8wMVwvMDA5MXNlcC5qcGciLCJzbGlkZXNob3ciOiIyY2U3MGUzIn0%3D\" href='https:\/\/madridsindical.es\/archivo\/wp-content\/uploads\/2021\/01\/0091sep.jpg'><img loading=\"lazy\" decoding=\"async\" width=\"150\" height=\"150\" src=\"https:\/\/madridsindical.es\/archivo\/wp-content\/uploads\/2021\/01\/0091sep-150x150.jpg\" class=\"attachment-thumbnail size-thumbnail\" alt=\"\" aria-describedby=\"gallery-1-2272\" \/><\/a>\n\t\t\t<\/div>\n\t\t\t\t<figcaption class='wp-caption-text gallery-caption' id='gallery-1-2272'>\n\t\t\t\tSeptiembre 2020. Concentraci\u00f3n por la sanidad p\u00fablica en el Hospital Cl\u00ednico de Madrid\n\t\t\t\t<\/figcaption><\/figure><figure class='gallery-item'>\n\t\t\t<div class='gallery-icon landscape'>\n\t\t\t\t<a data-elementor-open-lightbox=\"yes\" data-elementor-lightbox-slideshow=\"2ce70e3\" data-elementor-lightbox-title=\"Septiembre 2020. Jornadas de \u00ablucha por la Educaci\u00f3n\u00bb, en las etapas Infantil, Primaria y Secundaria\" data-e-action-hash=\"#elementor-action%3Aaction%3Dlightbox%26settings%3DeyJpZCI6MjI3NCwidXJsIjoiaHR0cHM6XC9cL21hZHJpZHNpbmRpY2FsLmVzXC9hcmNoaXZvXC93cC1jb250ZW50XC91cGxvYWRzXC8yMDIxXC8wMVwvMDA5M3NlcC5qcGciLCJzbGlkZXNob3ciOiIyY2U3MGUzIn0%3D\" href='https:\/\/madridsindical.es\/archivo\/wp-content\/uploads\/2021\/01\/0093sep.jpg'><img loading=\"lazy\" decoding=\"async\" width=\"150\" height=\"150\" src=\"https:\/\/madridsindical.es\/archivo\/wp-content\/uploads\/2021\/01\/0093sep-150x150.jpg\" class=\"attachment-thumbnail size-thumbnail\" alt=\"\" aria-describedby=\"gallery-1-2274\" \/><\/a>\n\t\t\t<\/div>\n\t\t\t\t<figcaption class='wp-caption-text gallery-caption' id='gallery-1-2274'>\n\t\t\t\tSeptiembre 2020. Jornadas de \u00ablucha por la Educaci\u00f3n\u00bb, en las etapas Infantil, Primaria y Secundaria\n\t\t\t\t<\/figcaption><\/figure><figure class='gallery-item'>\n\t\t\t<div class='gallery-icon landscape'>\n\t\t\t\t<a data-elementor-open-lightbox=\"yes\" data-elementor-lightbox-slideshow=\"2ce70e3\" data-elementor-lightbox-title=\"Septiembre 2020. Concentraci\u00f3n por el clima, frente al Congreso de los Diputados\" data-e-action-hash=\"#elementor-action%3Aaction%3Dlightbox%26settings%3DeyJpZCI6MjI3NSwidXJsIjoiaHR0cHM6XC9cL21hZHJpZHNpbmRpY2FsLmVzXC9hcmNoaXZvXC93cC1jb250ZW50XC91cGxvYWRzXC8yMDIxXC8wMVwvMDA5NHNlcC5qcGciLCJzbGlkZXNob3ciOiIyY2U3MGUzIn0%3D\" href='https:\/\/madridsindical.es\/archivo\/wp-content\/uploads\/2021\/01\/0094sep.jpg'><img loading=\"lazy\" decoding=\"async\" width=\"150\" height=\"150\" src=\"https:\/\/madridsindical.es\/archivo\/wp-content\/uploads\/2021\/01\/0094sep-150x150.jpg\" class=\"attachment-thumbnail size-thumbnail\" alt=\"\" aria-describedby=\"gallery-1-2275\" \/><\/a>\n\t\t\t<\/div>\n\t\t\t\t<figcaption class='wp-caption-text gallery-caption' id='gallery-1-2275'>\n\t\t\t\tSeptiembre 2020. Concentraci\u00f3n por el clima, frente al Congreso de los Diputados\n\t\t\t\t<\/figcaption><\/figure><figure class='gallery-item'>\n\t\t\t<div class='gallery-icon landscape'>\n\t\t\t\t<a data-elementor-open-lightbox=\"yes\" data-elementor-lightbox-slideshow=\"2ce70e3\" data-elementor-lightbox-title=\"Septiembre 2020. Concentraci\u00f3n Lo p\u00fablico salva vidas, Madrid no segrega\" data-e-action-hash=\"#elementor-action%3Aaction%3Dlightbox%26settings%3DeyJpZCI6MjI3NiwidXJsIjoiaHR0cHM6XC9cL21hZHJpZHNpbmRpY2FsLmVzXC9hcmNoaXZvXC93cC1jb250ZW50XC91cGxvYWRzXC8yMDIxXC8wMVwvMDA5NXNlcC5qcGciLCJzbGlkZXNob3ciOiIyY2U3MGUzIn0%3D\" href='https:\/\/madridsindical.es\/archivo\/wp-content\/uploads\/2021\/01\/0095sep.jpg'><img loading=\"lazy\" decoding=\"async\" width=\"150\" height=\"150\" src=\"https:\/\/madridsindical.es\/archivo\/wp-content\/uploads\/2021\/01\/0095sep-150x150.jpg\" class=\"attachment-thumbnail size-thumbnail\" alt=\"\" aria-describedby=\"gallery-1-2276\" \/><\/a>\n\t\t\t<\/div>\n\t\t\t\t<figcaption class='wp-caption-text gallery-caption' id='gallery-1-2276'>\n\t\t\t\tSeptiembre 2020. Concentraci\u00f3n Lo p\u00fablico salva vidas, Madrid no segrega\n\t\t\t\t<\/figcaption><\/figure><figure class='gallery-item'>\n\t\t\t<div class='gallery-icon landscape'>\n\t\t\t\t<a data-elementor-open-lightbox=\"yes\" data-elementor-lightbox-slideshow=\"2ce70e3\" data-elementor-lightbox-title=\"Octubre 2020. Concentraci\u00f3n contra el ERE en Selecta, Torrej\u00f3n de Ardoz\" data-e-action-hash=\"#elementor-action%3Aaction%3Dlightbox%26settings%3DeyJpZCI6MjI3OCwidXJsIjoiaHR0cHM6XC9cL21hZHJpZHNpbmRpY2FsLmVzXC9hcmNoaXZvXC93cC1jb250ZW50XC91cGxvYWRzXC8yMDIxXC8wMVwvMDA5N29jdC5qcGciLCJzbGlkZXNob3ciOiIyY2U3MGUzIn0%3D\" href='https:\/\/madridsindical.es\/archivo\/wp-content\/uploads\/2021\/01\/0097oct.jpg'><img loading=\"lazy\" decoding=\"async\" width=\"150\" height=\"150\" src=\"https:\/\/madridsindical.es\/archivo\/wp-content\/uploads\/2021\/01\/0097oct-150x150.jpg\" class=\"attachment-thumbnail size-thumbnail\" alt=\"\" aria-describedby=\"gallery-1-2278\" \/><\/a>\n\t\t\t<\/div>\n\t\t\t\t<figcaption class='wp-caption-text gallery-caption' id='gallery-1-2278'>\n\t\t\t\tOctubre 2020. Concentraci\u00f3n contra el ERE en Selecta, Torrej\u00f3n de Ardoz\n\t\t\t\t<\/figcaption><\/figure><figure class='gallery-item'>\n\t\t\t<div class='gallery-icon landscape'>\n\t\t\t\t<a data-elementor-open-lightbox=\"yes\" data-elementor-lightbox-slideshow=\"2ce70e3\" data-elementor-lightbox-title=\"Octubre 2020. Reuni\u00f3n de \u00c1ngel Gabilondo con Jaime Cedr\u00fan\" data-e-action-hash=\"#elementor-action%3Aaction%3Dlightbox%26settings%3DeyJpZCI6MjI3OSwidXJsIjoiaHR0cHM6XC9cL21hZHJpZHNpbmRpY2FsLmVzXC9hcmNoaXZvXC93cC1jb250ZW50XC91cGxvYWRzXC8yMDIxXC8wMVwvMDA5OG9jdC5qcGciLCJzbGlkZXNob3ciOiIyY2U3MGUzIn0%3D\" href='https:\/\/madridsindical.es\/archivo\/wp-content\/uploads\/2021\/01\/0098oct.jpg'><img loading=\"lazy\" decoding=\"async\" width=\"150\" height=\"150\" src=\"https:\/\/madridsindical.es\/archivo\/wp-content\/uploads\/2021\/01\/0098oct-150x150.jpg\" class=\"attachment-thumbnail size-thumbnail\" alt=\"\" aria-describedby=\"gallery-1-2279\" \/><\/a>\n\t\t\t<\/div>\n\t\t\t\t<figcaption class='wp-caption-text gallery-caption' id='gallery-1-2279'>\n\t\t\t\tOctubre 2020. Reuni\u00f3n de \u00c1ngel Gabilondo con Jaime Cedr\u00fan\n\t\t\t\t<\/figcaption><\/figure><figure class='gallery-item'>\n\t\t\t<div class='gallery-icon landscape'>\n\t\t\t\t<a data-elementor-open-lightbox=\"yes\" data-elementor-lightbox-slideshow=\"2ce70e3\" data-elementor-lightbox-title=\"Octubre 2020. Concentraci\u00f3n por la Jornada Mundial del Trabajo Decente, en Cibeles, Madrid\" data-e-action-hash=\"#elementor-action%3Aaction%3Dlightbox%26settings%3DeyJpZCI6MjI4MCwidXJsIjoiaHR0cHM6XC9cL21hZHJpZHNpbmRpY2FsLmVzXC9hcmNoaXZvXC93cC1jb250ZW50XC91cGxvYWRzXC8yMDIxXC8wMVwvMDA5OW9jdC5qcGciLCJzbGlkZXNob3ciOiIyY2U3MGUzIn0%3D\" href='https:\/\/madridsindical.es\/archivo\/wp-content\/uploads\/2021\/01\/0099oct.jpg'><img loading=\"lazy\" decoding=\"async\" width=\"150\" height=\"150\" src=\"https:\/\/madridsindical.es\/archivo\/wp-content\/uploads\/2021\/01\/0099oct-150x150.jpg\" class=\"attachment-thumbnail size-thumbnail\" alt=\"\" aria-describedby=\"gallery-1-2280\" \/><\/a>\n\t\t\t<\/div>\n\t\t\t\t<figcaption class='wp-caption-text gallery-caption' id='gallery-1-2280'>\n\t\t\t\tOctubre 2020. Concentraci\u00f3n por la Jornada Mundial del Trabajo Decente, en Cibeles, Madrid\n\t\t\t\t<\/figcaption><\/figure><figure class='gallery-item'>\n\t\t\t<div class='gallery-icon landscape'>\n\t\t\t\t<a data-elementor-open-lightbox=\"yes\" data-elementor-lightbox-slideshow=\"2ce70e3\" data-elementor-lightbox-title=\"Octubre 2020. Concentraci\u00f3n contra los despidos en la Agencia Estatal del Medicamento\" data-e-action-hash=\"#elementor-action%3Aaction%3Dlightbox%26settings%3DeyJpZCI6MjI4MSwidXJsIjoiaHR0cHM6XC9cL21hZHJpZHNpbmRpY2FsLmVzXC9hcmNoaXZvXC93cC1jb250ZW50XC91cGxvYWRzXC8yMDIxXC8wMVwvMDEwMG9jdC5qcGciLCJzbGlkZXNob3ciOiIyY2U3MGUzIn0%3D\" href='https:\/\/madridsindical.es\/archivo\/wp-content\/uploads\/2021\/01\/0100oct.jpg'><img loading=\"lazy\" decoding=\"async\" width=\"150\" height=\"150\" src=\"https:\/\/madridsindical.es\/archivo\/wp-content\/uploads\/2021\/01\/0100oct-150x150.jpg\" class=\"attachment-thumbnail size-thumbnail\" alt=\"\" aria-describedby=\"gallery-1-2281\" \/><\/a>\n\t\t\t<\/div>\n\t\t\t\t<figcaption class='wp-caption-text gallery-caption' id='gallery-1-2281'>\n\t\t\t\tOctubre 2020. Concentraci\u00f3n contra los despidos en la Agencia Estatal del Medicamento\n\t\t\t\t<\/figcaption><\/figure><figure class='gallery-item'>\n\t\t\t<div class='gallery-icon landscape'>\n\t\t\t\t<a data-elementor-open-lightbox=\"yes\" data-elementor-lightbox-slideshow=\"2ce70e3\" data-elementor-lightbox-title=\"Octubre 2020. Escultura de Indalecio Prieto en Madrid, pintada y manchada como parte de la ofensiva de la derecha de eliminar s\u00edmbolos democr\u00e1ticos de Madrid\" data-e-action-hash=\"#elementor-action%3Aaction%3Dlightbox%26settings%3DeyJpZCI6MjI4MiwidXJsIjoiaHR0cHM6XC9cL21hZHJpZHNpbmRpY2FsLmVzXC9hcmNoaXZvXC93cC1jb250ZW50XC91cGxvYWRzXC8yMDIxXC8wMVwvMDEwMW9jdC5qcGciLCJzbGlkZXNob3ciOiIyY2U3MGUzIn0%3D\" href='https:\/\/madridsindical.es\/archivo\/wp-content\/uploads\/2021\/01\/0101oct.jpg'><img loading=\"lazy\" decoding=\"async\" width=\"150\" height=\"150\" src=\"https:\/\/madridsindical.es\/archivo\/wp-content\/uploads\/2021\/01\/0101oct-150x150.jpg\" class=\"attachment-thumbnail size-thumbnail\" alt=\"\" aria-describedby=\"gallery-1-2282\" \/><\/a>\n\t\t\t<\/div>\n\t\t\t\t<figcaption class='wp-caption-text gallery-caption' id='gallery-1-2282'>\n\t\t\t\tOctubre 2020. Escultura de Indalecio Prieto en Madrid, pintada y manchada como parte de la ofensiva de la derecha de eliminar s\u00edmbolos democr\u00e1ticos de Madrid\n\t\t\t\t<\/figcaption><\/figure><figure class='gallery-item'>\n\t\t\t<div class='gallery-icon landscape'>\n\t\t\t\t<a data-elementor-open-lightbox=\"yes\" data-elementor-lightbox-slideshow=\"2ce70e3\" data-elementor-lightbox-title=\"Octubre 2020. Movilizaciones en el sector de la Dependencia\" data-e-action-hash=\"#elementor-action%3Aaction%3Dlightbox%26settings%3DeyJpZCI6MjI4MywidXJsIjoiaHR0cHM6XC9cL21hZHJpZHNpbmRpY2FsLmVzXC9hcmNoaXZvXC93cC1jb250ZW50XC91cGxvYWRzXC8yMDIxXC8wMVwvMDEwMm9jdC5qcGciLCJzbGlkZXNob3ciOiIyY2U3MGUzIn0%3D\" href='https:\/\/madridsindical.es\/archivo\/wp-content\/uploads\/2021\/01\/0102oct.jpg'><img loading=\"lazy\" decoding=\"async\" width=\"150\" height=\"150\" src=\"https:\/\/madridsindical.es\/archivo\/wp-content\/uploads\/2021\/01\/0102oct-150x150.jpg\" class=\"attachment-thumbnail size-thumbnail\" alt=\"\" aria-describedby=\"gallery-1-2283\" \/><\/a>\n\t\t\t<\/div>\n\t\t\t\t<figcaption class='wp-caption-text gallery-caption' id='gallery-1-2283'>\n\t\t\t\tOctubre 2020. Movilizaciones en el sector de la Dependencia\n\t\t\t\t<\/figcaption><\/figure><figure class='gallery-item'>\n\t\t\t<div class='gallery-icon landscape'>\n\t\t\t\t<a data-elementor-open-lightbox=\"yes\" data-elementor-lightbox-slideshow=\"2ce70e3\" data-elementor-lightbox-title=\"Octubre 2020. Concentraci\u00f3n por la sanidad p\u00fablica en el hospital Ram\u00f3n y Cajal de Madrid\" data-e-action-hash=\"#elementor-action%3Aaction%3Dlightbox%26settings%3DeyJpZCI6MjI4NCwidXJsIjoiaHR0cHM6XC9cL21hZHJpZHNpbmRpY2FsLmVzXC9hcmNoaXZvXC93cC1jb250ZW50XC91cGxvYWRzXC8yMDIxXC8wMVwvMDEwM29jdC5qcGciLCJzbGlkZXNob3ciOiIyY2U3MGUzIn0%3D\" href='https:\/\/madridsindical.es\/archivo\/wp-content\/uploads\/2021\/01\/0103oct.jpg'><img loading=\"lazy\" decoding=\"async\" width=\"150\" height=\"150\" src=\"https:\/\/madridsindical.es\/archivo\/wp-content\/uploads\/2021\/01\/0103oct-150x150.jpg\" class=\"attachment-thumbnail size-thumbnail\" alt=\"\" aria-describedby=\"gallery-1-2284\" \/><\/a>\n\t\t\t<\/div>\n\t\t\t\t<figcaption class='wp-caption-text gallery-caption' id='gallery-1-2284'>\n\t\t\t\tOctubre 2020. Concentraci\u00f3n por la sanidad p\u00fablica en el hospital Ram\u00f3n y Cajal de Madrid\n\t\t\t\t<\/figcaption><\/figure><figure class='gallery-item'>\n\t\t\t<div class='gallery-icon landscape'>\n\t\t\t\t<a data-elementor-open-lightbox=\"yes\" data-elementor-lightbox-slideshow=\"2ce70e3\" data-elementor-lightbox-title=\"Octubre 2020. Concentraci\u00f3n en Parla en solidaridad con la familia de un trabajador fallecido en la localidad\" data-e-action-hash=\"#elementor-action%3Aaction%3Dlightbox%26settings%3DeyJpZCI6MjI4NSwidXJsIjoiaHR0cHM6XC9cL21hZHJpZHNpbmRpY2FsLmVzXC9hcmNoaXZvXC93cC1jb250ZW50XC91cGxvYWRzXC8yMDIxXC8wMVwvMDEwNG9jdC5qcGciLCJzbGlkZXNob3ciOiIyY2U3MGUzIn0%3D\" href='https:\/\/madridsindical.es\/archivo\/wp-content\/uploads\/2021\/01\/0104oct.jpg'><img loading=\"lazy\" decoding=\"async\" width=\"150\" height=\"150\" src=\"https:\/\/madridsindical.es\/archivo\/wp-content\/uploads\/2021\/01\/0104oct-150x150.jpg\" class=\"attachment-thumbnail size-thumbnail\" alt=\"\" aria-describedby=\"gallery-1-2285\" \/><\/a>\n\t\t\t<\/div>\n\t\t\t\t<figcaption class='wp-caption-text gallery-caption' id='gallery-1-2285'>\n\t\t\t\tOctubre 2020. Concentraci\u00f3n en Parla en solidaridad con la familia de un trabajador fallecido en la localidad\n\t\t\t\t<\/figcaption><\/figure><figure class='gallery-item'>\n\t\t\t<div class='gallery-icon landscape'>\n\t\t\t\t<a data-elementor-open-lightbox=\"yes\" data-elementor-lightbox-slideshow=\"2ce70e3\" data-elementor-lightbox-title=\"Octubre 2020. Concentraci\u00f3n de la plantilla de la Sociedad Estatal de Infraestructuras del Transporte Terrestre por un convenio digno\" data-e-action-hash=\"#elementor-action%3Aaction%3Dlightbox%26settings%3DeyJpZCI6MjI4NiwidXJsIjoiaHR0cHM6XC9cL21hZHJpZHNpbmRpY2FsLmVzXC9hcmNoaXZvXC93cC1jb250ZW50XC91cGxvYWRzXC8yMDIxXC8wMVwvMDEwNW9jdC5qcGciLCJzbGlkZXNob3ciOiIyY2U3MGUzIn0%3D\" href='https:\/\/madridsindical.es\/archivo\/wp-content\/uploads\/2021\/01\/0105oct.jpg'><img loading=\"lazy\" decoding=\"async\" width=\"150\" height=\"150\" src=\"https:\/\/madridsindical.es\/archivo\/wp-content\/uploads\/2021\/01\/0105oct-150x150.jpg\" class=\"attachment-thumbnail size-thumbnail\" alt=\"\" aria-describedby=\"gallery-1-2286\" \/><\/a>\n\t\t\t<\/div>\n\t\t\t\t<figcaption class='wp-caption-text gallery-caption' id='gallery-1-2286'>\n\t\t\t\tOctubre 2020. Concentraci\u00f3n de la plantilla de la Sociedad Estatal de Infraestructuras del Transporte Terrestre por un convenio digno\n\t\t\t\t<\/figcaption><\/figure><figure class='gallery-item'>\n\t\t\t<div class='gallery-icon landscape'>\n\t\t\t\t<a data-elementor-open-lightbox=\"yes\" data-elementor-lightbox-slideshow=\"2ce70e3\" data-elementor-lightbox-title=\"Octubre 2020. Movilizaciones en Airbus para que se abra el servicio de comedor en la planta de Getafe, subcontratado a Sodexo\" data-e-action-hash=\"#elementor-action%3Aaction%3Dlightbox%26settings%3DeyJpZCI6MjI4NywidXJsIjoiaHR0cHM6XC9cL21hZHJpZHNpbmRpY2FsLmVzXC9hcmNoaXZvXC93cC1jb250ZW50XC91cGxvYWRzXC8yMDIxXC8wMVwvMDEwNm9jdC5qcGciLCJzbGlkZXNob3ciOiIyY2U3MGUzIn0%3D\" href='https:\/\/madridsindical.es\/archivo\/wp-content\/uploads\/2021\/01\/0106oct.jpg'><img loading=\"lazy\" decoding=\"async\" width=\"150\" height=\"150\" src=\"https:\/\/madridsindical.es\/archivo\/wp-content\/uploads\/2021\/01\/0106oct-150x150.jpg\" class=\"attachment-thumbnail size-thumbnail\" alt=\"\" aria-describedby=\"gallery-1-2287\" \/><\/a>\n\t\t\t<\/div>\n\t\t\t\t<figcaption class='wp-caption-text gallery-caption' id='gallery-1-2287'>\n\t\t\t\tOctubre 2020. Movilizaciones en Airbus para que se abra el servicio de comedor en la planta de Getafe, subcontratado a Sodexo\n\t\t\t\t<\/figcaption><\/figure><figure class='gallery-item'>\n\t\t\t<div class='gallery-icon landscape'>\n\t\t\t\t<a data-elementor-open-lightbox=\"yes\" data-elementor-lightbox-slideshow=\"2ce70e3\" data-elementor-lightbox-title=\"Octubre 2020. Homenaje a Marcelino Camacho en el d\u00e9cimo aniversario de su fallecimiento\" data-e-action-hash=\"#elementor-action%3Aaction%3Dlightbox%26settings%3DeyJpZCI6MjI4OCwidXJsIjoiaHR0cHM6XC9cL21hZHJpZHNpbmRpY2FsLmVzXC9hcmNoaXZvXC93cC1jb250ZW50XC91cGxvYWRzXC8yMDIxXC8wMVwvMDEwN29jdC5qcGciLCJzbGlkZXNob3ciOiIyY2U3MGUzIn0%3D\" href='https:\/\/madridsindical.es\/archivo\/wp-content\/uploads\/2021\/01\/0107oct.jpg'><img loading=\"lazy\" decoding=\"async\" width=\"150\" height=\"150\" src=\"https:\/\/madridsindical.es\/archivo\/wp-content\/uploads\/2021\/01\/0107oct-150x150.jpg\" class=\"attachment-thumbnail size-thumbnail\" alt=\"\" aria-describedby=\"gallery-1-2288\" \/><\/a>\n\t\t\t<\/div>\n\t\t\t\t<figcaption class='wp-caption-text gallery-caption' id='gallery-1-2288'>\n\t\t\t\tOctubre 2020. Homenaje a Marcelino Camacho en el d\u00e9cimo aniversario de su fallecimiento\n\t\t\t\t<\/figcaption><\/figure><figure class='gallery-item'>\n\t\t\t<div class='gallery-icon landscape'>\n\t\t\t\t<a data-elementor-open-lightbox=\"yes\" data-elementor-lightbox-slideshow=\"2ce70e3\" data-elementor-lightbox-title=\"Octubre 2020. Concentraci\u00f3n de la plantilla de Aciturri contra el cierre de la planta de Getafe\" data-e-action-hash=\"#elementor-action%3Aaction%3Dlightbox%26settings%3DeyJpZCI6MjI4OSwidXJsIjoiaHR0cHM6XC9cL21hZHJpZHNpbmRpY2FsLmVzXC9hcmNoaXZvXC93cC1jb250ZW50XC91cGxvYWRzXC8yMDIxXC8wMVwvMDEwOG9jdC5qcGciLCJzbGlkZXNob3ciOiIyY2U3MGUzIn0%3D\" href='https:\/\/madridsindical.es\/archivo\/wp-content\/uploads\/2021\/01\/0108oct.jpg'><img loading=\"lazy\" decoding=\"async\" width=\"150\" height=\"150\" src=\"https:\/\/madridsindical.es\/archivo\/wp-content\/uploads\/2021\/01\/0108oct-150x150.jpg\" class=\"attachment-thumbnail size-thumbnail\" alt=\"\" aria-describedby=\"gallery-1-2289\" \/><\/a>\n\t\t\t<\/div>\n\t\t\t\t<figcaption class='wp-caption-text gallery-caption' id='gallery-1-2289'>\n\t\t\t\tOctubre 2020. Concentraci\u00f3n de la plantilla de Aciturri contra el cierre de la planta de Getafe\n\t\t\t\t<\/figcaption><\/figure><figure class='gallery-item'>\n\t\t\t<div class='gallery-icon landscape'>\n\t\t\t\t<a data-elementor-open-lightbox=\"yes\" data-elementor-lightbox-slideshow=\"2ce70e3\" data-elementor-lightbox-title=\"Noviembre 2020. Un obrero sale de las obras del hospital Enfermera Isabel Zendal. CCOO denuncia los ritmos de trabajo y los incumplimientos de convenios, que aumentan la siniestralidad\" data-e-action-hash=\"#elementor-action%3Aaction%3Dlightbox%26settings%3DeyJpZCI6MjI5MCwidXJsIjoiaHR0cHM6XC9cL21hZHJpZHNpbmRpY2FsLmVzXC9hcmNoaXZvXC93cC1jb250ZW50XC91cGxvYWRzXC8yMDIxXC8wMVwvMDEwOW5vdi5qcGciLCJzbGlkZXNob3ciOiIyY2U3MGUzIn0%3D\" href='https:\/\/madridsindical.es\/archivo\/wp-content\/uploads\/2021\/01\/0109nov.jpg'><img loading=\"lazy\" decoding=\"async\" width=\"150\" height=\"150\" src=\"https:\/\/madridsindical.es\/archivo\/wp-content\/uploads\/2021\/01\/0109nov-150x150.jpg\" class=\"attachment-thumbnail size-thumbnail\" alt=\"\" aria-describedby=\"gallery-1-2290\" \/><\/a>\n\t\t\t<\/div>\n\t\t\t\t<figcaption class='wp-caption-text gallery-caption' id='gallery-1-2290'>\n\t\t\t\tNoviembre 2020. Un obrero sale de las obras del hospital Enfermera Isabel Zendal. CCOO denuncia los ritmos de trabajo y los incumplimientos de convenios, que aumentan la siniestralidad\n\t\t\t\t<\/figcaption><\/figure><figure class='gallery-item'>\n\t\t\t<div class='gallery-icon landscape'>\n\t\t\t\t<a data-elementor-open-lightbox=\"yes\" data-elementor-lightbox-slideshow=\"2ce70e3\" data-elementor-lightbox-title=\"Noviembre 2020. Concentraci\u00f3n del profesorado de refuerzo Covid contra la negativa a la renovaci\u00f3n de sus contratos\" data-e-action-hash=\"#elementor-action%3Aaction%3Dlightbox%26settings%3DeyJpZCI6MjI5MSwidXJsIjoiaHR0cHM6XC9cL21hZHJpZHNpbmRpY2FsLmVzXC9hcmNoaXZvXC93cC1jb250ZW50XC91cGxvYWRzXC8yMDIxXC8wMVwvMDExMG5vdi5qcGciLCJzbGlkZXNob3ciOiIyY2U3MGUzIn0%3D\" href='https:\/\/madridsindical.es\/archivo\/wp-content\/uploads\/2021\/01\/0110nov.jpg'><img loading=\"lazy\" decoding=\"async\" width=\"150\" height=\"150\" src=\"https:\/\/madridsindical.es\/archivo\/wp-content\/uploads\/2021\/01\/0110nov-150x150.jpg\" class=\"attachment-thumbnail size-thumbnail\" alt=\"\" aria-describedby=\"gallery-1-2291\" \/><\/a>\n\t\t\t<\/div>\n\t\t\t\t<figcaption class='wp-caption-text gallery-caption' id='gallery-1-2291'>\n\t\t\t\tNoviembre 2020. Concentraci\u00f3n del profesorado de refuerzo Covid contra la negativa a la renovaci\u00f3n de sus contratos\n\t\t\t\t<\/figcaption><\/figure><figure class='gallery-item'>\n\t\t\t<div class='gallery-icon landscape'>\n\t\t\t\t<a data-elementor-open-lightbox=\"yes\" data-elementor-lightbox-slideshow=\"2ce70e3\" data-elementor-lightbox-title=\"Noviembre 2020. Concentraci\u00f3n contra la siniestralidad en la construcci\u00f3n del hospital Enfermera Isabel Zendal\" data-e-action-hash=\"#elementor-action%3Aaction%3Dlightbox%26settings%3DeyJpZCI6MjI5MiwidXJsIjoiaHR0cHM6XC9cL21hZHJpZHNpbmRpY2FsLmVzXC9hcmNoaXZvXC93cC1jb250ZW50XC91cGxvYWRzXC8yMDIxXC8wMVwvMTExbm92LmpwZyIsInNsaWRlc2hvdyI6IjJjZTcwZTMifQ%3D%3D\" href='https:\/\/madridsindical.es\/archivo\/wp-content\/uploads\/2021\/01\/111nov.jpg'><img loading=\"lazy\" decoding=\"async\" width=\"150\" height=\"150\" src=\"https:\/\/madridsindical.es\/archivo\/wp-content\/uploads\/2021\/01\/111nov-150x150.jpg\" class=\"attachment-thumbnail size-thumbnail\" alt=\"\" aria-describedby=\"gallery-1-2292\" \/><\/a>\n\t\t\t<\/div>\n\t\t\t\t<figcaption class='wp-caption-text gallery-caption' id='gallery-1-2292'>\n\t\t\t\tNoviembre 2020. Concentraci\u00f3n contra la siniestralidad en la construcci\u00f3n del hospital Enfermera Isabel Zendal\n\t\t\t\t<\/figcaption><\/figure><figure class='gallery-item'>\n\t\t\t<div class='gallery-icon landscape'>\n\t\t\t\t<a data-elementor-open-lightbox=\"yes\" data-elementor-lightbox-slideshow=\"2ce70e3\" data-elementor-lightbox-title=\"Noviembre 2020. Marea Blanca por la sanidad p\u00fablica madrile\u00f1a\" data-e-action-hash=\"#elementor-action%3Aaction%3Dlightbox%26settings%3DeyJpZCI6MjI5MywidXJsIjoiaHR0cHM6XC9cL21hZHJpZHNpbmRpY2FsLmVzXC9hcmNoaXZvXC93cC1jb250ZW50XC91cGxvYWRzXC8yMDIxXC8wMVwvMTE0bm92LmpwZyIsInNsaWRlc2hvdyI6IjJjZTcwZTMifQ%3D%3D\" href='https:\/\/madridsindical.es\/archivo\/wp-content\/uploads\/2021\/01\/114nov.jpg'><img loading=\"lazy\" decoding=\"async\" width=\"150\" height=\"150\" src=\"https:\/\/madridsindical.es\/archivo\/wp-content\/uploads\/2021\/01\/114nov-150x150.jpg\" class=\"attachment-thumbnail size-thumbnail\" alt=\"\" aria-describedby=\"gallery-1-2293\" \/><\/a>\n\t\t\t<\/div>\n\t\t\t\t<figcaption class='wp-caption-text gallery-caption' id='gallery-1-2293'>\n\t\t\t\tNoviembre 2020. Marea Blanca por la sanidad p\u00fablica madrile\u00f1a\n\t\t\t\t<\/figcaption><\/figure><figure class='gallery-item'>\n\t\t\t<div class='gallery-icon landscape'>\n\t\t\t\t<a data-elementor-open-lightbox=\"yes\" data-elementor-lightbox-slideshow=\"2ce70e3\" data-elementor-lightbox-title=\"Noviembre 2020. Concentraci\u00f3n por la erradicaci\u00f3n de las violencias contra las mujeres\" data-e-action-hash=\"#elementor-action%3Aaction%3Dlightbox%26settings%3DeyJpZCI6MjI5NCwidXJsIjoiaHR0cHM6XC9cL21hZHJpZHNpbmRpY2FsLmVzXC9hcmNoaXZvXC93cC1jb250ZW50XC91cGxvYWRzXC8yMDIxXC8wMVwvMTE1bm92LmpwZyIsInNsaWRlc2hvdyI6IjJjZTcwZTMifQ%3D%3D\" href='https:\/\/madridsindical.es\/archivo\/wp-content\/uploads\/2021\/01\/115nov.jpg'><img loading=\"lazy\" decoding=\"async\" width=\"150\" height=\"150\" src=\"https:\/\/madridsindical.es\/archivo\/wp-content\/uploads\/2021\/01\/115nov-150x150.jpg\" class=\"attachment-thumbnail size-thumbnail\" alt=\"\" aria-describedby=\"gallery-1-2294\" \/><\/a>\n\t\t\t<\/div>\n\t\t\t\t<figcaption class='wp-caption-text gallery-caption' id='gallery-1-2294'>\n\t\t\t\tNoviembre 2020. Concentraci\u00f3n por la erradicaci\u00f3n de las violencias contra las mujeres\n\t\t\t\t<\/figcaption><\/figure><figure class='gallery-item'>\n\t\t\t<div class='gallery-icon landscape'>\n\t\t\t\t<a data-elementor-open-lightbox=\"yes\" data-elementor-lightbox-slideshow=\"2ce70e3\" data-elementor-lightbox-title=\"Diciembre 2020. Concentraci\u00f3n del profesorado de refuerzo Covid contra la negativa a la renovaci\u00f3n de sus contratos\" data-e-action-hash=\"#elementor-action%3Aaction%3Dlightbox%26settings%3DeyJpZCI6MjI5NSwidXJsIjoiaHR0cHM6XC9cL21hZHJpZHNpbmRpY2FsLmVzXC9hcmNoaXZvXC93cC1jb250ZW50XC91cGxvYWRzXC8yMDIxXC8wMVwvMTE2ZGljLmpwZyIsInNsaWRlc2hvdyI6IjJjZTcwZTMifQ%3D%3D\" href='https:\/\/madridsindical.es\/archivo\/wp-content\/uploads\/2021\/01\/116dic.jpg'><img loading=\"lazy\" decoding=\"async\" width=\"150\" height=\"150\" src=\"https:\/\/madridsindical.es\/archivo\/wp-content\/uploads\/2021\/01\/116dic-150x150.jpg\" class=\"attachment-thumbnail size-thumbnail\" alt=\"\" aria-describedby=\"gallery-1-2295\" \/><\/a>\n\t\t\t<\/div>\n\t\t\t\t<figcaption class='wp-caption-text gallery-caption' id='gallery-1-2295'>\n\t\t\t\tDiciembre 2020. Concentraci\u00f3n del profesorado de refuerzo Covid contra la negativa a la renovaci\u00f3n de sus contratos\n\t\t\t\t<\/figcaption><\/figure><figure class='gallery-item'>\n\t\t\t<div class='gallery-icon landscape'>\n\t\t\t\t<a data-elementor-open-lightbox=\"yes\" data-elementor-lightbox-slideshow=\"2ce70e3\" data-elementor-lightbox-title=\"Diciembre 2020. Concentraci\u00f3n del profesorado de refuerzo Covid contra la negativa a la renovaci\u00f3n de sus contratos\" data-e-action-hash=\"#elementor-action%3Aaction%3Dlightbox%26settings%3DeyJpZCI6MjI5NiwidXJsIjoiaHR0cHM6XC9cL21hZHJpZHNpbmRpY2FsLmVzXC9hcmNoaXZvXC93cC1jb250ZW50XC91cGxvYWRzXC8yMDIxXC8wMVwvMTE3ZGljLmpwZyIsInNsaWRlc2hvdyI6IjJjZTcwZTMifQ%3D%3D\" href='https:\/\/madridsindical.es\/archivo\/wp-content\/uploads\/2021\/01\/117dic.jpg'><img loading=\"lazy\" decoding=\"async\" width=\"150\" height=\"150\" src=\"https:\/\/madridsindical.es\/archivo\/wp-content\/uploads\/2021\/01\/117dic-150x150.jpg\" class=\"attachment-thumbnail size-thumbnail\" alt=\"\" aria-describedby=\"gallery-1-2296\" \/><\/a>\n\t\t\t<\/div>\n\t\t\t\t<figcaption class='wp-caption-text gallery-caption' id='gallery-1-2296'>\n\t\t\t\tDiciembre 2020. Concentraci\u00f3n del profesorado de refuerzo Covid contra la negativa a la renovaci\u00f3n de sus contratos\n\t\t\t\t<\/figcaption><\/figure><figure class='gallery-item'>\n\t\t\t<div class='gallery-icon landscape'>\n\t\t\t\t<a data-elementor-open-lightbox=\"yes\" data-elementor-lightbox-slideshow=\"2ce70e3\" data-elementor-lightbox-title=\"Diciembre 2020. Presentaci\u00f3n del libro colectivo &quot;Conciencia de Clase. Historia de las Comisiones Obreras&quot;\" data-e-action-hash=\"#elementor-action%3Aaction%3Dlightbox%26settings%3DeyJpZCI6MjI5NywidXJsIjoiaHR0cHM6XC9cL21hZHJpZHNpbmRpY2FsLmVzXC9hcmNoaXZvXC93cC1jb250ZW50XC91cGxvYWRzXC8yMDIxXC8wMVwvMTE4ZGljLmpwZyIsInNsaWRlc2hvdyI6IjJjZTcwZTMifQ%3D%3D\" href='https:\/\/madridsindical.es\/archivo\/wp-content\/uploads\/2021\/01\/118dic.jpg'><img loading=\"lazy\" decoding=\"async\" width=\"150\" height=\"150\" src=\"https:\/\/madridsindical.es\/archivo\/wp-content\/uploads\/2021\/01\/118dic-150x150.jpg\" class=\"attachment-thumbnail size-thumbnail\" alt=\"\" aria-describedby=\"gallery-1-2297\" \/><\/a>\n\t\t\t<\/div>\n\t\t\t\t<figcaption class='wp-caption-text gallery-caption' id='gallery-1-2297'>\n\t\t\t\tDiciembre 2020. Presentaci\u00f3n del libro colectivo \u00abConciencia de Clase. Historia de las Comisiones Obreras\u00bb\n\t\t\t\t<\/figcaption><\/figure><figure class='gallery-item'>\n\t\t\t<div class='gallery-icon landscape'>\n\t\t\t\t<a data-elementor-open-lightbox=\"yes\" data-elementor-lightbox-slideshow=\"2ce70e3\" data-elementor-lightbox-title=\"Diciembre 2020. Jaime Cedr\u00fan interviene en la Comisi\u00f3n de Econom\u00eda, Empleo y Competitividad de la Asamblea de Madrid instando al Gobierno madrile\u00f1o a actuar para la recuperaci\u00f3n de la regi\u00f3n\" data-e-action-hash=\"#elementor-action%3Aaction%3Dlightbox%26settings%3DeyJpZCI6MjI5OCwidXJsIjoiaHR0cHM6XC9cL21hZHJpZHNpbmRpY2FsLmVzXC9hcmNoaXZvXC93cC1jb250ZW50XC91cGxvYWRzXC8yMDIxXC8wMVwvMTE5ZGljLmpwZyIsInNsaWRlc2hvdyI6IjJjZTcwZTMifQ%3D%3D\" href='https:\/\/madridsindical.es\/archivo\/wp-content\/uploads\/2021\/01\/119dic.jpg'><img loading=\"lazy\" decoding=\"async\" width=\"150\" height=\"150\" src=\"https:\/\/madridsindical.es\/archivo\/wp-content\/uploads\/2021\/01\/119dic-150x150.jpg\" class=\"attachment-thumbnail size-thumbnail\" alt=\"\" aria-describedby=\"gallery-1-2298\" \/><\/a>\n\t\t\t<\/div>\n\t\t\t\t<figcaption class='wp-caption-text gallery-caption' id='gallery-1-2298'>\n\t\t\t\tDiciembre 2020. Jaime Cedr\u00fan interviene en la Comisi\u00f3n de Econom\u00eda, Empleo y Competitividad de la Asamblea de Madrid instando al Gobierno madrile\u00f1o a actuar para la recuperaci\u00f3n de la regi\u00f3n\n\t\t\t\t<\/figcaption><\/figure><figure class='gallery-item'>\n\t\t\t<div class='gallery-icon landscape'>\n\t\t\t\t<a data-elementor-open-lightbox=\"yes\" data-elementor-lightbox-slideshow=\"2ce70e3\" data-elementor-lightbox-title=\"Diciembre 2020. Firma de la Estrategia por el Empleo de la Ciudad de Madrid\" data-e-action-hash=\"#elementor-action%3Aaction%3Dlightbox%26settings%3DeyJpZCI6MjI5OSwidXJsIjoiaHR0cHM6XC9cL21hZHJpZHNpbmRpY2FsLmVzXC9hcmNoaXZvXC93cC1jb250ZW50XC91cGxvYWRzXC8yMDIxXC8wMVwvMTIwZGljLmpwZyIsInNsaWRlc2hvdyI6IjJjZTcwZTMifQ%3D%3D\" href='https:\/\/madridsindical.es\/archivo\/wp-content\/uploads\/2021\/01\/120dic.jpg'><img loading=\"lazy\" decoding=\"async\" width=\"150\" height=\"150\" src=\"https:\/\/madridsindical.es\/archivo\/wp-content\/uploads\/2021\/01\/120dic-150x150.jpg\" class=\"attachment-thumbnail size-thumbnail\" alt=\"\" aria-describedby=\"gallery-1-2299\" \/><\/a>\n\t\t\t<\/div>\n\t\t\t\t<figcaption class='wp-caption-text gallery-caption' id='gallery-1-2299'>\n\t\t\t\tDiciembre 2020. Firma de la Estrategia por el Empleo de la Ciudad de Madrid \n\t\t\t\t<\/figcaption><\/figure><figure class='gallery-item'>\n\t\t\t<div class='gallery-icon landscape'>\n\t\t\t\t<a data-elementor-open-lightbox=\"yes\" data-elementor-lightbox-slideshow=\"2ce70e3\" data-elementor-lightbox-title=\"Diciembre 2020. Presentaci\u00f3n del libro &quot;El corte en RTVE. As\u00ed arranc\u00f3 la huelga general 14-D-1988&quot; de Jaime Mart\u00ednez\" data-e-action-hash=\"#elementor-action%3Aaction%3Dlightbox%26settings%3DeyJpZCI6MjMwMCwidXJsIjoiaHR0cHM6XC9cL21hZHJpZHNpbmRpY2FsLmVzXC9hcmNoaXZvXC93cC1jb250ZW50XC91cGxvYWRzXC8yMDIxXC8wMVwvMTIxZGljLmpwZyIsInNsaWRlc2hvdyI6IjJjZTcwZTMifQ%3D%3D\" href='https:\/\/madridsindical.es\/archivo\/wp-content\/uploads\/2021\/01\/121dic.jpg'><img loading=\"lazy\" decoding=\"async\" width=\"150\" height=\"150\" src=\"https:\/\/madridsindical.es\/archivo\/wp-content\/uploads\/2021\/01\/121dic-150x150.jpg\" class=\"attachment-thumbnail size-thumbnail\" alt=\"\" aria-describedby=\"gallery-1-2300\" \/><\/a>\n\t\t\t<\/div>\n\t\t\t\t<figcaption class='wp-caption-text gallery-caption' id='gallery-1-2300'>\n\t\t\t\tDiciembre 2020. Presentaci\u00f3n del libro \u00abEl corte en RTVE. As\u00ed arranc\u00f3 la huelga general 14-D-1988\u00bb de Jaime Mart\u00ednez\n\t\t\t\t<\/figcaption><\/figure><figure class='gallery-item'>\n\t\t\t<div class='gallery-icon landscape'>\n\t\t\t\t<a data-elementor-open-lightbox=\"yes\" data-elementor-lightbox-slideshow=\"2ce70e3\" data-elementor-lightbox-title=\"Diciembre 2020. Manifestaci\u00f3n en Parla por el empleo y el futuro de la empresa HEXCEL\" data-e-action-hash=\"#elementor-action%3Aaction%3Dlightbox%26settings%3DeyJpZCI6MjMwMSwidXJsIjoiaHR0cHM6XC9cL21hZHJpZHNpbmRpY2FsLmVzXC9hcmNoaXZvXC93cC1jb250ZW50XC91cGxvYWRzXC8yMDIxXC8wMVwvMTIyZGljLmpwZyIsInNsaWRlc2hvdyI6IjJjZTcwZTMifQ%3D%3D\" href='https:\/\/madridsindical.es\/archivo\/wp-content\/uploads\/2021\/01\/122dic.jpg'><img loading=\"lazy\" decoding=\"async\" width=\"150\" height=\"150\" src=\"https:\/\/madridsindical.es\/archivo\/wp-content\/uploads\/2021\/01\/122dic-150x150.jpg\" class=\"attachment-thumbnail size-thumbnail\" alt=\"\" aria-describedby=\"gallery-1-2301\" \/><\/a>\n\t\t\t<\/div>\n\t\t\t\t<figcaption class='wp-caption-text gallery-caption' id='gallery-1-2301'>\n\t\t\t\tDiciembre 2020. Manifestaci\u00f3n en Parla por el empleo y el futuro de la empresa HEXCEL\n\t\t\t\t<\/figcaption><\/figure><figure class='gallery-item'>\n\t\t\t<div class='gallery-icon landscape'>\n\t\t\t\t<a data-elementor-open-lightbox=\"yes\" data-elementor-lightbox-slideshow=\"2ce70e3\" data-elementor-lightbox-title=\"Diciembre 2020. Manifestaci\u00f3n en Parla por el empleo y el futuro de la empresa HEXCEL\" data-e-action-hash=\"#elementor-action%3Aaction%3Dlightbox%26settings%3DeyJpZCI6MjMwMiwidXJsIjoiaHR0cHM6XC9cL21hZHJpZHNpbmRpY2FsLmVzXC9hcmNoaXZvXC93cC1jb250ZW50XC91cGxvYWRzXC8yMDIxXC8wMVwvMTIzZGljLmpwZyIsInNsaWRlc2hvdyI6IjJjZTcwZTMifQ%3D%3D\" href='https:\/\/madridsindical.es\/archivo\/wp-content\/uploads\/2021\/01\/123dic.jpg'><img loading=\"lazy\" decoding=\"async\" width=\"150\" height=\"150\" src=\"https:\/\/madridsindical.es\/archivo\/wp-content\/uploads\/2021\/01\/123dic-150x150.jpg\" class=\"attachment-thumbnail size-thumbnail\" alt=\"\" aria-describedby=\"gallery-1-2302\" \/><\/a>\n\t\t\t<\/div>\n\t\t\t\t<figcaption class='wp-caption-text gallery-caption' id='gallery-1-2302'>\n\t\t\t\tDiciembre 2020. Manifestaci\u00f3n en Parla por el empleo y el futuro de la empresa HEXCEL\n\t\t\t\t<\/figcaption><\/figure><figure class='gallery-item'>\n\t\t\t<div class='gallery-icon landscape'>\n\t\t\t\t<a data-elementor-open-lightbox=\"yes\" data-elementor-lightbox-slideshow=\"2ce70e3\" data-elementor-lightbox-title=\"Diciembre 2020. Concentraci\u00f3n en Cibeles en solidaridad con un trabajador fallecido en accidente laboral\" data-e-action-hash=\"#elementor-action%3Aaction%3Dlightbox%26settings%3DeyJpZCI6MjMwMywidXJsIjoiaHR0cHM6XC9cL21hZHJpZHNpbmRpY2FsLmVzXC9hcmNoaXZvXC93cC1jb250ZW50XC91cGxvYWRzXC8yMDIxXC8wMVwvMTI1ZGljLmpwZyIsInNsaWRlc2hvdyI6IjJjZTcwZTMifQ%3D%3D\" href='https:\/\/madridsindical.es\/archivo\/wp-content\/uploads\/2021\/01\/125dic.jpg'><img loading=\"lazy\" decoding=\"async\" width=\"150\" height=\"150\" src=\"https:\/\/madridsindical.es\/archivo\/wp-content\/uploads\/2021\/01\/125dic-150x150.jpg\" class=\"attachment-thumbnail size-thumbnail\" alt=\"\" aria-describedby=\"gallery-1-2303\" \/><\/a>\n\t\t\t<\/div>\n\t\t\t\t<figcaption class='wp-caption-text gallery-caption' id='gallery-1-2303'>\n\t\t\t\tDiciembre 2020. Concentraci\u00f3n en Cibeles en solidaridad con un trabajador fallecido en accidente laboral\n\t\t\t\t<\/figcaption><\/figure><figure class='gallery-item'>\n\t\t\t<div class='gallery-icon landscape'>\n\t\t\t\t<a data-elementor-open-lightbox=\"yes\" data-elementor-lightbox-slideshow=\"2ce70e3\" data-elementor-lightbox-title=\"Diciembre 2020. Firma del VI Plan Director para la Prevenci\u00f3n de Riesgos Laborales\" data-e-action-hash=\"#elementor-action%3Aaction%3Dlightbox%26settings%3DeyJpZCI6MjMwNCwidXJsIjoiaHR0cHM6XC9cL21hZHJpZHNpbmRpY2FsLmVzXC9hcmNoaXZvXC93cC1jb250ZW50XC91cGxvYWRzXC8yMDIxXC8wMVwvMTI2ZGljLmpwZyIsInNsaWRlc2hvdyI6IjJjZTcwZTMifQ%3D%3D\" href='https:\/\/madridsindical.es\/archivo\/wp-content\/uploads\/2021\/01\/126dic.jpg'><img loading=\"lazy\" decoding=\"async\" width=\"150\" height=\"150\" src=\"https:\/\/madridsindical.es\/archivo\/wp-content\/uploads\/2021\/01\/126dic-150x150.jpg\" class=\"attachment-thumbnail size-thumbnail\" alt=\"\" aria-describedby=\"gallery-1-2304\" \/><\/a>\n\t\t\t<\/div>\n\t\t\t\t<figcaption class='wp-caption-text gallery-caption' id='gallery-1-2304'>\n\t\t\t\tDiciembre 2020. Firma del VI Plan Director para la Prevenci\u00f3n de Riesgos Laborales de la Comunidad de Madrid\n\t\t\t\t<\/figcaption><\/figure>\n\t\t<\/div>\n\t\t<\/div>\n\t\t\t\t\t\t<\/div>\n\t\t\t\t<\/div>\n\t\t\t\t\t<\/div>\n\t\t<\/div>\n\t\t\t\t\t<\/div>\n\t\t<\/section>\n\t\t\t\t<section class=\"elementor-section elementor-top-section elementor-element elementor-element-f84f897 elementor-section-boxed elementor-section-height-default elementor-section-height-default\" data-id=\"f84f897\" data-element_type=\"section\">\n\t\t\t\t\t\t<div class=\"elementor-container elementor-column-gap-default\">\n\t\t\t\t\t<div class=\"elementor-column elementor-col-100 elementor-top-column elementor-element elementor-element-ac83530\" data-id=\"ac83530\" data-element_type=\"column\">\n\t\t\t<div class=\"elementor-widget-wrap elementor-element-populated\">\n\t\t\t\t\t\t<div class=\"elementor-element elementor-element-0435b0a elementor-widget elementor-widget-text-editor\" data-id=\"0435b0a\" data-element_type=\"widget\" data-widget_type=\"text-editor.default\">\n\t\t\t\t<div class=\"elementor-widget-container\">\n\t\t\t\t\t\t\t\t\t<p>Fotos: Fran Lorente (Gabinete de Prensa de CCOO de Madrid)<\/p>\t\t\t\t\t\t\t\t<\/div>\n\t\t\t\t<\/div>\n\t\t\t\t\t<\/div>\n\t\t<\/div>\n\t\t\t\t\t<\/div>\n\t\t<\/section>\n\t\t\t\t<\/div>\n\t\t","protected":false},"excerpt":{"rendered":"<p>2020 en fotos Enero 2020. Concentraci\u00f3n por la readmisi\u00f3n de una trabajadora despedida en supermercados Casa El\u00edas Enero 2020. La plantilla de limpieza del Grupo Expertus se concentra por impagos Enero 2020. Presentaci\u00f3n del libro \u00abLos abogados de Atocha. La masacre que marc\u00f3 la Transici\u00f3n\u00bb, de Manuel Gallego Enero 2020, manifestaci\u00f3n de la plantilla de Telemadrid. CCOO de Madrid exige a D\u00edaz Ayuso una Radio Televisi\u00f3n P\u00fablica de calidad, transparente y plural Enero 2020. Concentraci\u00f3n<span class=\"more-link\"><a href=\"https:\/\/madridsindical.es\/archivo\/2021\/01\/28\/resumen-fotografico-de-2020\/\">Contin\u00faa leyendo<\/a><\/span><\/p>\n","protected":false},"author":1,"featured_media":4013,"comment_status":"closed","ping_status":"closed","sticky":false,"template":"","format":"standard","meta":{"footnotes":""},"categories":[25,16],"tags":[47],"class_list":["entry","author-madridsindical","post-2190","post","type-post","status-publish","format-standard","has-post-thumbnail","category-actualidad","category-galerias-de-fotos","tag-archivo"],"aioseo_notices":[],"_links":{"self":[{"href":"https:\/\/madridsindical.es\/archivo\/wp-json\/wp\/v2\/posts\/2190","targetHints":{"allow":["GET"]}}],"collection":[{"href":"https:\/\/madridsindical.es\/archivo\/wp-json\/wp\/v2\/posts"}],"about":[{"href":"https:\/\/madridsindical.es\/archivo\/wp-json\/wp\/v2\/types\/post"}],"author":[{"embeddable":true,"href":"https:\/\/madridsindical.es\/archivo\/wp-json\/wp\/v2\/users\/1"}],"replies":[{"embeddable":true,"href":"https:\/\/madridsindical.es\/archivo\/wp-json\/wp\/v2\/comments?post=2190"}],"version-history":[{"count":15,"href":"https:\/\/madridsindical.es\/archivo\/wp-json\/wp\/v2\/posts\/2190\/revisions"}],"predecessor-version":[{"id":4014,"href":"https:\/\/madridsindical.es\/archivo\/wp-json\/wp\/v2\/posts\/2190\/revisions\/4014"}],"wp:featuredmedia":[{"embeddable":true,"href":"https:\/\/madridsindical.es\/archivo\/wp-json\/wp\/v2\/media\/4013"}],"wp:attachment":[{"href":"https:\/\/madridsindical.es\/archivo\/wp-json\/wp\/v2\/media?parent=2190"}],"wp:term":[{"taxonomy":"category","embeddable":true,"href":"https:\/\/madridsindical.es\/archivo\/wp-json\/wp\/v2\/categories?post=2190"},{"taxonomy":"post_tag","embeddable":true,"href":"https:\/\/madridsindical.es\/archivo\/wp-json\/wp\/v2\/tags?post=2190"}],"curies":[{"name":"wp","href":"https:\/\/api.w.org\/{rel}","templated":true}]}}