{"id":2139,"date":"2021-01-26T11:59:58","date_gmt":"2021-01-26T11:59:58","guid":{"rendered":"https:\/\/madridsindical.es\/archivo\/?p=2139"},"modified":"2025-11-06T12:25:51","modified_gmt":"2025-11-06T12:25:51","slug":"entrevista-con-juan-jose-del-aguila-abogado-laboralista-y-magistrado","status":"publish","type":"post","link":"https:\/\/madridsindical.es\/archivo\/2021\/01\/26\/entrevista-con-juan-jose-del-aguila-abogado-laboralista-y-magistrado\/","title":{"rendered":"Entrevista con Juan Jos\u00e9 del \u00c1guila, abogado laboralista y magistrado"},"content":{"rendered":"\t\t<div data-elementor-type=\"wp-post\" data-elementor-id=\"2139\" class=\"elementor elementor-2139\">\n\t\t\t\t\t\t<section class=\"elementor-section elementor-top-section elementor-element elementor-element-4180e00 elementor-section-boxed elementor-section-height-default elementor-section-height-default\" data-id=\"4180e00\" data-element_type=\"section\">\n\t\t\t\t\t\t<div class=\"elementor-container elementor-column-gap-default\">\n\t\t\t\t\t<div class=\"elementor-column elementor-col-100 elementor-top-column elementor-element elementor-element-86092ee\" data-id=\"86092ee\" data-element_type=\"column\">\n\t\t\t<div class=\"elementor-widget-wrap elementor-element-populated\">\n\t\t\t\t\t\t<div class=\"elementor-element elementor-element-7057756 elementor-widget elementor-widget-heading\" data-id=\"7057756\" data-element_type=\"widget\" data-widget_type=\"heading.default\">\n\t\t\t\t<div class=\"elementor-widget-container\">\n\t\t\t\t\t<h2 class=\"elementor-heading-title elementor-size-default\">Diez a\u00f1os de c\u00e1rcel por decir \"me cago en Franco\"<\/h2>\t\t\t\t<\/div>\n\t\t\t\t<\/div>\n\t\t\t\t\t<\/div>\n\t\t<\/div>\n\t\t\t\t\t<\/div>\n\t\t<\/section>\n\t\t\t\t<section class=\"elementor-section elementor-top-section elementor-element elementor-element-28ff24a elementor-section-boxed elementor-section-height-default elementor-section-height-default\" data-id=\"28ff24a\" data-element_type=\"section\">\n\t\t\t\t\t\t<div class=\"elementor-container elementor-column-gap-default\">\n\t\t\t\t\t<div class=\"elementor-column elementor-col-100 elementor-top-column elementor-element elementor-element-354c7a0\" data-id=\"354c7a0\" data-element_type=\"column\">\n\t\t\t<div class=\"elementor-widget-wrap elementor-element-populated\">\n\t\t\t\t\t\t<div class=\"elementor-element elementor-element-f24109f elementor-widget elementor-widget-text-editor\" data-id=\"f24109f\" data-element_type=\"widget\" data-widget_type=\"text-editor.default\">\n\t\t\t\t<div class=\"elementor-widget-container\">\n\t\t\t\t\t\t\t\t\t<p><strong>Texto: <a href=\"https:\/\/twitter.com\/Alexacostabrava\">Alejandra Acosta<\/a>; f<\/strong><strong>otos, v\u00eddeo y edici\u00f3n de v\u00eddeo: <a href=\"https:\/\/twitter.com\/frlorente\">Fran Lorente<\/a> y Javier Cantizani<\/strong><\/p>\t\t\t\t\t\t\t\t<\/div>\n\t\t\t\t<\/div>\n\t\t\t\t\t<\/div>\n\t\t<\/div>\n\t\t\t\t\t<\/div>\n\t\t<\/section>\n\t\t\t\t<section class=\"elementor-section elementor-top-section elementor-element elementor-element-6e4dd53 elementor-section-boxed elementor-section-height-default elementor-section-height-default\" data-id=\"6e4dd53\" data-element_type=\"section\">\n\t\t\t\t\t\t<div class=\"elementor-container elementor-column-gap-default\">\n\t\t\t\t\t<div class=\"elementor-column elementor-col-100 elementor-top-column elementor-element elementor-element-36642a5\" data-id=\"36642a5\" data-element_type=\"column\">\n\t\t\t<div class=\"elementor-widget-wrap elementor-element-populated\">\n\t\t\t\t\t\t<div class=\"elementor-element elementor-element-18ba7b4 elementor-widget elementor-widget-text-editor\" data-id=\"18ba7b4\" data-element_type=\"widget\" data-widget_type=\"text-editor.default\">\n\t\t\t\t<div class=\"elementor-widget-container\">\n\t\t\t\t\t\t\t\t\t<p><b>Se publica una nueva edici\u00f3n ampliada de <\/b><b><i>\u201cEl TOP. La represi\u00f3n de la libertad (1963-1977)\u201d<\/i><\/b><b>, obra del abogado laboralista y magistrado Juan Jos\u00e9 del \u00c1guila<\/b><\/p>\t\t\t\t\t\t\t\t<\/div>\n\t\t\t\t<\/div>\n\t\t\t\t\t<\/div>\n\t\t<\/div>\n\t\t\t\t\t<\/div>\n\t\t<\/section>\n\t\t\t\t<section class=\"elementor-section elementor-top-section elementor-element elementor-element-5409525 elementor-section-boxed elementor-section-height-default elementor-section-height-default\" data-id=\"5409525\" data-element_type=\"section\">\n\t\t\t\t\t\t<div class=\"elementor-container elementor-column-gap-default\">\n\t\t\t\t\t<div class=\"elementor-column elementor-col-100 elementor-top-column elementor-element elementor-element-e5399ba\" data-id=\"e5399ba\" data-element_type=\"column\">\n\t\t\t<div class=\"elementor-widget-wrap elementor-element-populated\">\n\t\t\t\t\t\t<section class=\"elementor-section elementor-inner-section elementor-element elementor-element-7742685 elementor-section-boxed elementor-section-height-default elementor-section-height-default\" data-id=\"7742685\" data-element_type=\"section\">\n\t\t\t\t\t\t<div class=\"elementor-container elementor-column-gap-default\">\n\t\t\t\t\t<div class=\"elementor-column elementor-col-50 elementor-inner-column elementor-element elementor-element-04aa212\" data-id=\"04aa212\" data-element_type=\"column\">\n\t\t\t<div class=\"elementor-widget-wrap elementor-element-populated\">\n\t\t\t\t\t\t<div class=\"elementor-element elementor-element-9ae0efd elementor-widget elementor-widget-image\" data-id=\"9ae0efd\" data-element_type=\"widget\" data-widget_type=\"image.default\">\n\t\t\t\t<div class=\"elementor-widget-container\">\n\t\t\t\t\t\t\t\t\t\t\t\t<figure class=\"wp-caption\">\n\t\t\t\t\t\t\t\t\t\t<img fetchpriority=\"high\" decoding=\"async\" width=\"682\" height=\"1024\" src=\"https:\/\/madridsindical.es\/archivo\/wp-content\/uploads\/2021\/01\/002IMG_4169-682x1024.jpg\" class=\"attachment-large size-large wp-image-2141\" alt=\"\" srcset=\"https:\/\/madridsindical.es\/archivo\/wp-content\/uploads\/2021\/01\/002IMG_4169-682x1024.jpg 682w, https:\/\/madridsindical.es\/archivo\/wp-content\/uploads\/2021\/01\/002IMG_4169-200x300.jpg 200w, https:\/\/madridsindical.es\/archivo\/wp-content\/uploads\/2021\/01\/002IMG_4169-768x1152.jpg 768w, https:\/\/madridsindical.es\/archivo\/wp-content\/uploads\/2021\/01\/002IMG_4169-1024x1536.jpg 1024w, https:\/\/madridsindical.es\/archivo\/wp-content\/uploads\/2021\/01\/002IMG_4169-367x550.jpg 367w, https:\/\/madridsindical.es\/archivo\/wp-content\/uploads\/2021\/01\/002IMG_4169-333x500.jpg 333w, https:\/\/madridsindical.es\/archivo\/wp-content\/uploads\/2021\/01\/002IMG_4169.jpg 1333w\" sizes=\"(max-width: 682px) 100vw, 682px\" \/>\t\t\t\t\t\t\t\t\t\t\t<figcaption class=\"widget-image-caption wp-caption-text\">Juan Jos\u00e9 del \u00c1guila, abogado laboralista y magistrado<\/figcaption>\n\t\t\t\t\t\t\t\t\t\t<\/figure>\n\t\t\t\t\t\t\t\t\t<\/div>\n\t\t\t\t<\/div>\n\t\t\t\t<div class=\"elementor-element elementor-element-4173a7b elementor-widget elementor-widget-heading\" data-id=\"4173a7b\" data-element_type=\"widget\" data-widget_type=\"heading.default\">\n\t\t\t\t<div class=\"elementor-widget-container\">\n\t\t\t\t\t<h4 class=\"elementor-heading-title elementor-size-default\">El 70% de las personas procesadas \npor el TOP era de clase obrera\n<\/h4>\t\t\t\t<\/div>\n\t\t\t\t<\/div>\n\t\t\t\t\t<\/div>\n\t\t<\/div>\n\t\t\t\t<div class=\"elementor-column elementor-col-50 elementor-inner-column elementor-element elementor-element-47ca053\" data-id=\"47ca053\" data-element_type=\"column\">\n\t\t\t<div class=\"elementor-widget-wrap elementor-element-populated\">\n\t\t\t\t\t\t<div class=\"elementor-element elementor-element-ab1d555 elementor-widget elementor-widget-text-editor\" data-id=\"ab1d555\" data-element_type=\"widget\" data-widget_type=\"text-editor.default\">\n\t\t\t\t<div class=\"elementor-widget-container\">\n\t\t\t\t\t\t\t\t\t<p><span style=\"font-weight: 400;\">El 11 de septiembre de 1963 <strong>Timoteo Buend\u00eda G\u00f3mez<\/strong>, pe\u00f3n de alba\u00f1il, se encontraba en el bar Acisclo, situado en el n\u00famero 171 del Camino Viejo de Legan\u00e9s, en el distrito de Carabanchel. Estaba bebido y gritaba <strong>\u201cme cago en Franco\u201d<\/strong> cada vez que el susodicho aparec\u00eda en la pantalla del televisor. Tan inocente desahogo le cost\u00f3 al hombre la friolera de<strong> diez a\u00f1os de prisi\u00f3n<\/strong>. No es ficci\u00f3n. Est\u00e1 documentado.\u00a0<\/span><\/p>\t\t\t\t\t\t\t\t<\/div>\n\t\t\t\t<\/div>\n\t\t\t\t<div class=\"elementor-element elementor-element-f313903 elementor-widget elementor-widget-text-editor\" data-id=\"f313903\" data-element_type=\"widget\" data-widget_type=\"text-editor.default\">\n\t\t\t\t<div class=\"elementor-widget-container\">\n\t\t\t\t\t\t\t\t\t<p><span style=\"font-weight: 400;\">La de Timoteo Buend\u00eda fue la primera sentencia que dict\u00f3, en marzo de 1964, el siniestro Tribunal de Orden P\u00fablico y por eso aparece mencionada en el libro \u201c<\/span><b><i>El TOP. La represi\u00f3n de la libertad (1963-1977)\u201d<\/i><\/b><span style=\"font-weight: 400;\"> del <strong>abogado laboralista, magistrado y doctor en Derecho Juan Jos\u00e9 del \u00c1guila<\/strong> (Torremolinos, 1943), cuya segunda edici\u00f3n ampliada ha sido publicada por la <strong>Fundaci\u00f3n Abogados de Atocha y el Ministerio de la Presidencia, Relaciones con las Cortes y Memoria Democr\u00e1tica<\/strong>. Su presentaci\u00f3n prevista para el pasado 15 de enero en Madrid tuvo que ser aplazada a causa del temporal de nieve.\u00a0<\/span><\/p>\t\t\t\t\t\t\t\t<\/div>\n\t\t\t\t<\/div>\n\t\t\t\t<div class=\"elementor-element elementor-element-5c914e0 elementor-widget elementor-widget-text-editor\" data-id=\"5c914e0\" data-element_type=\"widget\" data-widget_type=\"text-editor.default\">\n\t\t\t\t<div class=\"elementor-widget-container\">\n\t\t\t\t\t\t\t\t\t<p><span style=\"font-weight: 400;\">Creados por <strong>Ley de 3 de diciembre de 1963, el TOP y el Juzgado de Orden P\u00fablico (JOP), junto a la Brigada Pol\u00edtico-Social<\/strong>, que se reserv\u00f3 el papel de obtener confesiones de las personas detenidas a base de <strong>torturas y palizas<\/strong> (miembro destacado de esta polic\u00eda fue Antonio Gonz\u00e1lez Pacheco, apodado <strong>Billy el Ni\u00f1o<\/strong>, recientemente fallecido por Covid), constituyeron el entramado judicial represivo que el franquismo perge\u00f1\u00f3 contra la creciente oposici\u00f3n pol\u00edtica, sindical y estudiantil que hab\u00eda aflorado a mediados de los a\u00f1os cincuenta, y de paso <strong>atemorizar y someter a la poblaci\u00f3n trabajadora<\/strong>, cuya lucha cobraba fuerza impulsada por el nuevo movimiento sindical y sociopol\u00edtico de las <strong>Comisiones Obreras<\/strong>.<\/span><\/p>\t\t\t\t\t\t\t\t<\/div>\n\t\t\t\t<\/div>\n\t\t\t\t\t<\/div>\n\t\t<\/div>\n\t\t\t\t\t<\/div>\n\t\t<\/section>\n\t\t\t\t\t<\/div>\n\t\t<\/div>\n\t\t\t\t\t<\/div>\n\t\t<\/section>\n\t\t\t\t<section class=\"elementor-section elementor-top-section elementor-element elementor-element-cefa024 elementor-section-boxed elementor-section-height-default elementor-section-height-default\" data-id=\"cefa024\" data-element_type=\"section\">\n\t\t\t\t\t\t<div class=\"elementor-container elementor-column-gap-default\">\n\t\t\t\t\t<div class=\"elementor-column elementor-col-100 elementor-top-column elementor-element elementor-element-163f7c5\" data-id=\"163f7c5\" data-element_type=\"column\">\n\t\t\t<div class=\"elementor-widget-wrap elementor-element-populated\">\n\t\t\t\t\t\t<div class=\"elementor-element elementor-element-949db24 elementor-widget elementor-widget-text-editor\" data-id=\"949db24\" data-element_type=\"widget\" data-widget_type=\"text-editor.default\">\n\t\t\t\t<div class=\"elementor-widget-container\">\n\t\t\t\t\t\t\t\t\t<p><span style=\"font-weight: 400;\">El <strong>TOP<\/strong> funcion\u00f3 <strong>desde 1964 hasta enero de 1977<\/strong>. En total dict\u00f3 <strong>3.884 sentencias<\/strong>, el 74% de ellas condenatorias, impuso <strong>11.958 a\u00f1os de c\u00e1rcel<\/strong> y multas por valor de casi 33 millones de pesetas. El an\u00e1lisis sociol\u00f3gico realizado por Juan Jos\u00e9 del \u00c1guila deja en evidencia su car\u00e1cter clasista: <strong>7 de cada 10 personas que fueron llevadas ante este aberrante tribunal pertenec\u00edan a la clase obrera<\/strong>. El juicio con mayor n\u00famero de procesados fue contra 40 mineros asturianos, y los inculpados con m\u00e1s sentencias del TOP fueron el minero <strong>Nicol\u00e1s Corte<\/strong> y los fundadores de CCOO <strong>Eduardo Saborido y Marcelino Camacho<\/strong>. Los siguientes en su punto de mira fueron estudiantes y nacionalistas, fundamentalmente vascos.<\/span><\/p><p><span style=\"font-weight: 400;\">El minucioso y documentado estudio que Del \u00c1guila ha realizado sobre el TOP y sus antecedentes &#8211;<\/span><i><span style=\"font-weight: 400;\">\u201cyo, por sistema, no hago ninguna afirmaci\u00f3n que no est\u00e9 documentada\u201d, <\/span><\/i><span style=\"font-weight: 400;\">afirma el jurista- despeja cualquier duda e intento de relativizar la feroz persecuci\u00f3n que la dictadura franquista someti\u00f3 a todo tipo de disidencia durante una de las etapas m\u00e1s oscuras y silenciadas de la reciente historia de Espa\u00f1a. Un trabajo que saca a la luz las farsas judiciales montadas \u00fanicamente para simular de cara al exterior apariencia de Estado de Derecho en un pa\u00eds en el que <strong>se violaban sistem\u00e1ticamente los derechos humanos<\/strong> m\u00e1s elementales.<\/span><\/p>\t\t\t\t\t\t\t\t<\/div>\n\t\t\t\t<\/div>\n\t\t\t\t\t<\/div>\n\t\t<\/div>\n\t\t\t\t\t<\/div>\n\t\t<\/section>\n\t\t\t\t<section class=\"elementor-section elementor-top-section elementor-element elementor-element-4500a0e elementor-section-boxed elementor-section-height-default elementor-section-height-default\" data-id=\"4500a0e\" data-element_type=\"section\">\n\t\t\t\t\t\t<div class=\"elementor-container elementor-column-gap-default\">\n\t\t\t\t\t<div class=\"elementor-column elementor-col-100 elementor-top-column elementor-element elementor-element-2491ade\" data-id=\"2491ade\" data-element_type=\"column\">\n\t\t\t<div class=\"elementor-widget-wrap elementor-element-populated\">\n\t\t\t\t\t\t<div class=\"elementor-element elementor-element-cb51f2e elementor-widget elementor-widget-heading\" data-id=\"cb51f2e\" data-element_type=\"widget\" data-widget_type=\"heading.default\">\n\t\t\t\t<div class=\"elementor-widget-container\">\n\t\t\t\t\t<h4 class=\"elementor-heading-title elementor-size-default\">Los nombres de las 806 mujeres procesadas \nno se borrar\u00e1n de la historia\n<\/h4>\t\t\t\t<\/div>\n\t\t\t\t<\/div>\n\t\t\t\t\t<\/div>\n\t\t<\/div>\n\t\t\t\t\t<\/div>\n\t\t<\/section>\n\t\t\t\t<section class=\"elementor-section elementor-top-section elementor-element elementor-element-e0a3445 elementor-section-boxed elementor-section-height-default elementor-section-height-default\" data-id=\"e0a3445\" data-element_type=\"section\">\n\t\t\t\t\t\t<div class=\"elementor-container elementor-column-gap-default\">\n\t\t\t\t\t<div class=\"elementor-column elementor-col-100 elementor-top-column elementor-element elementor-element-a72310f\" data-id=\"a72310f\" data-element_type=\"column\">\n\t\t\t<div class=\"elementor-widget-wrap elementor-element-populated\">\n\t\t\t\t\t\t<div class=\"elementor-element elementor-element-c4116f0 elementor-widget elementor-widget-image\" data-id=\"c4116f0\" data-element_type=\"widget\" data-widget_type=\"image.default\">\n\t\t\t\t<div class=\"elementor-widget-container\">\n\t\t\t\t\t\t\t\t\t\t\t\t\t\t\t<img decoding=\"async\" width=\"1024\" height=\"682\" src=\"https:\/\/madridsindical.es\/archivo\/wp-content\/uploads\/2021\/01\/001IMG_4131-1024x682.jpg\" class=\"attachment-large size-large wp-image-2142\" alt=\"\" srcset=\"https:\/\/madridsindical.es\/archivo\/wp-content\/uploads\/2021\/01\/001IMG_4131-1024x682.jpg 1024w, https:\/\/madridsindical.es\/archivo\/wp-content\/uploads\/2021\/01\/001IMG_4131-300x200.jpg 300w, https:\/\/madridsindical.es\/archivo\/wp-content\/uploads\/2021\/01\/001IMG_4131-768x512.jpg 768w, https:\/\/madridsindical.es\/archivo\/wp-content\/uploads\/2021\/01\/001IMG_4131-1536x1024.jpg 1536w, https:\/\/madridsindical.es\/archivo\/wp-content\/uploads\/2021\/01\/001IMG_4131-465x310.jpg 465w, https:\/\/madridsindical.es\/archivo\/wp-content\/uploads\/2021\/01\/001IMG_4131-695x463.jpg 695w, https:\/\/madridsindical.es\/archivo\/wp-content\/uploads\/2021\/01\/001IMG_4131.jpg 2000w\" sizes=\"(max-width: 1024px) 100vw, 1024px\" \/>\t\t\t\t\t\t\t\t\t\t\t\t\t\t\t<\/div>\n\t\t\t\t<\/div>\n\t\t\t\t\t<\/div>\n\t\t<\/div>\n\t\t\t\t\t<\/div>\n\t\t<\/section>\n\t\t\t\t<section class=\"elementor-section elementor-top-section elementor-element elementor-element-f81b2b5 elementor-section-boxed elementor-section-height-default elementor-section-height-default\" data-id=\"f81b2b5\" data-element_type=\"section\">\n\t\t\t\t\t\t<div class=\"elementor-container elementor-column-gap-default\">\n\t\t\t\t\t<div class=\"elementor-column elementor-col-100 elementor-top-column elementor-element elementor-element-7acf1c9\" data-id=\"7acf1c9\" data-element_type=\"column\">\n\t\t\t<div class=\"elementor-widget-wrap elementor-element-populated\">\n\t\t\t\t\t\t<div class=\"elementor-element elementor-element-b33fc09 elementor-widget elementor-widget-text-editor\" data-id=\"b33fc09\" data-element_type=\"widget\" data-widget_type=\"text-editor.default\">\n\t\t\t\t<div class=\"elementor-widget-container\">\n\t\t\t\t\t\t\t\t\t<p><span style=\"font-weight: 400;\">\u201c<em>Quiero dar a conocer lo que fue y represent\u00f3 la dictadura franquista en el \u00e1mbito de la represi\u00f3n de la libertad y de aquellas actividades ideol\u00f3gicas subversivas<\/em>\u201d, declara el autor en su blog <a href=\"https:\/\/justiciaydictadura.com\/el-blog\/\"><strong>Justicia y Dictadura<\/strong><\/a> <\/span><span style=\"font-weight: 400;\">. Y a ello ha dedicado un mont\u00f3n de a\u00f1os de su vida, y lo sigue haciendo, y todo su conocimiento y dilatada experiencia <strong>como abogado<\/strong> -intervino como defensor en 43 juicios ante el TOP-, <strong>como juez<\/strong> durante m\u00e1s de tres lustros <strong>y como v\u00edctima<\/strong>, ya que \u00e9l mismo fue una de las 9.146 personas procesadas por el TOP, que le conden\u00f3 a un a\u00f1o de c\u00e1rcel por repartir octavillas de CCOO y de las Comisiones C\u00edvicas con motivo del Primero de Mayo. Cumpli\u00f3 condena en 1969 en las prisiones de Algeciras, Ja\u00e9n, Madrid y Segovia.<\/span><\/p><p><span style=\"font-weight: 400;\">Su obra <strong>pone en valor el papel que jugaron las mujeres<\/strong>, tanto como abogadas defensoras -73 letradas defendieron a 921 procesados- como acusadas por su activismo y contestaci\u00f3n pol\u00edtica al r\u00e9gimen autoritario, una presencia que se triplic\u00f3 a partir de 1969. Concretamente, <strong>el TOP proces\u00f3 a 806 mujeres<\/strong>. Todas ellas figuran en el listado nominal de procesados en uno de los ap\u00e9ndices del libro. Juan Jos\u00e9 del \u00c1guila se ha encargado de que sus nombres no se borren de la historia. <\/span><\/p>\t\t\t\t\t\t\t\t<\/div>\n\t\t\t\t<\/div>\n\t\t\t\t\t<\/div>\n\t\t<\/div>\n\t\t\t\t\t<\/div>\n\t\t<\/section>\n\t\t\t\t<section class=\"elementor-section elementor-top-section elementor-element elementor-element-91f36e3 elementor-section-boxed elementor-section-height-default elementor-section-height-default\" data-id=\"91f36e3\" data-element_type=\"section\">\n\t\t\t\t\t\t<div class=\"elementor-container elementor-column-gap-default\">\n\t\t\t\t\t<div class=\"elementor-column elementor-col-100 elementor-top-column elementor-element elementor-element-e45bf68\" data-id=\"e45bf68\" data-element_type=\"column\">\n\t\t\t<div class=\"elementor-widget-wrap elementor-element-populated\">\n\t\t\t\t\t\t<div class=\"elementor-element elementor-element-972cc64 elementor-widget elementor-widget-heading\" data-id=\"972cc64\" data-element_type=\"widget\" data-widget_type=\"heading.default\">\n\t\t\t\t<div class=\"elementor-widget-container\">\n\t\t\t\t\t<h4 class=\"elementor-heading-title elementor-size-default\">\u201cEl fusilamiento de Grimau fue un crimen \nde Estado. Lo he documentado\u201d<\/h4>\t\t\t\t<\/div>\n\t\t\t\t<\/div>\n\t\t\t\t\t<\/div>\n\t\t<\/div>\n\t\t\t\t\t<\/div>\n\t\t<\/section>\n\t\t\t\t<section class=\"elementor-section elementor-top-section elementor-element elementor-element-fa18ec2 elementor-section-boxed elementor-section-height-default elementor-section-height-default\" data-id=\"fa18ec2\" data-element_type=\"section\">\n\t\t\t\t\t\t<div class=\"elementor-container elementor-column-gap-default\">\n\t\t\t\t\t<div class=\"elementor-column elementor-col-100 elementor-top-column elementor-element elementor-element-3d8886b\" data-id=\"3d8886b\" data-element_type=\"column\">\n\t\t\t<div class=\"elementor-widget-wrap elementor-element-populated\">\n\t\t\t\t\t\t<div class=\"elementor-element elementor-element-c068c80 elementor-widget elementor-widget-video\" data-id=\"c068c80\" data-element_type=\"widget\" data-settings=\"{&quot;youtube_url&quot;:&quot;https:\\\/\\\/www.youtube.com\\\/watch?v=Kes2l812jMw&amp;feature=youtu.be&quot;,&quot;video_type&quot;:&quot;youtube&quot;,&quot;controls&quot;:&quot;yes&quot;}\" data-widget_type=\"video.default\">\n\t\t\t\t<div class=\"elementor-widget-container\">\n\t\t\t\t\t\t\t<div class=\"elementor-wrapper elementor-open-inline\">\n\t\t\t<div class=\"elementor-video\"><\/div>\t\t<\/div>\n\t\t\t\t\t\t<\/div>\n\t\t\t\t<\/div>\n\t\t\t\t\t<\/div>\n\t\t<\/div>\n\t\t\t\t\t<\/div>\n\t\t<\/section>\n\t\t\t\t<section class=\"elementor-section elementor-top-section elementor-element elementor-element-b42c3ae elementor-section-boxed elementor-section-height-default elementor-section-height-default\" data-id=\"b42c3ae\" data-element_type=\"section\">\n\t\t\t\t\t\t<div class=\"elementor-container elementor-column-gap-default\">\n\t\t\t\t\t<div class=\"elementor-column elementor-col-100 elementor-top-column elementor-element elementor-element-49a55cd\" data-id=\"49a55cd\" data-element_type=\"column\">\n\t\t\t<div class=\"elementor-widget-wrap elementor-element-populated\">\n\t\t\t\t\t\t<div class=\"elementor-element elementor-element-97e5c0d elementor-widget elementor-widget-text-editor\" data-id=\"97e5c0d\" data-element_type=\"widget\" data-widget_type=\"text-editor.default\">\n\t\t\t\t<div class=\"elementor-widget-container\">\n\t\t\t\t\t\t\t\t\t<p><span style=\"font-weight: 400;\">Dos de los diez cap\u00edtulos en los que se estructura la obra est\u00e1n dedicados al dirigente comunista <strong>Juli\u00e1n Grimau<\/strong>. El gran hallazgo hist\u00f3rico y pol\u00edtico de la investigaci\u00f3n de Juan Jos\u00e9 del \u00c1guila es la demostraci\u00f3n de que<strong> su fusilamiento, el 20 de abril de 1963, fue un crimen de Estado<\/strong> y que adem\u00e1s tiene vinculaci\u00f3n con el TOP.\u00a0<\/span><\/p><p><span style=\"font-weight: 400;\">\u201c<em>El proyecto de ley del TOP contemplaba que una vez que \u00e9ste entrara en vigor dejaban de tener efecto los delitos que castigaba la jurisdicci\u00f3n militar de 1938, entre ellos los delitos por los que se conden\u00f3 a Grimau<\/em>\u201d, explica Del \u00c1guila. \u201c<em><strong>Carrero Blanco<\/strong>, que actuaba como secretario del Consejo de Ministro, lo que hizo fue meter en un caj\u00f3n el proyecto de ley, que ya estaba listo en marzo, y esperar a que se celebrara en abril el consejo de guerra que le sentenci\u00f3 a muerte. Estaba calculado. Todo un gobierno se manch\u00f3 las manos de sangre y falsific\u00f3 todo lo falsificable, desde las actas del Consejo de Ministros hasta el expediente de tramitaci\u00f3n del Juzgado de Orden P\u00fablico. <strong>Fue un crimen de Estado como un templo<\/strong>. Todav\u00eda viven algunos de los que participaron en los hechos y nadie me ha puesto una denuncia. Es la verdad y est\u00e1 debidamente documentada. <strong>La rehabilitaci\u00f3n de Juli\u00e1n Grimau es una asignatura pendiente<\/strong><\/em>\u201d. <\/span><\/p>\t\t\t\t\t\t\t\t<\/div>\n\t\t\t\t<\/div>\n\t\t\t\t\t<\/div>\n\t\t<\/div>\n\t\t\t\t\t<\/div>\n\t\t<\/section>\n\t\t\t\t<section class=\"elementor-section elementor-top-section elementor-element elementor-element-55b672e elementor-section-boxed elementor-section-height-default elementor-section-height-default\" data-id=\"55b672e\" data-element_type=\"section\">\n\t\t\t\t\t\t<div class=\"elementor-container elementor-column-gap-default\">\n\t\t\t\t\t<div class=\"elementor-column elementor-col-100 elementor-top-column elementor-element elementor-element-71b79d6\" data-id=\"71b79d6\" data-element_type=\"column\">\n\t\t\t<div class=\"elementor-widget-wrap elementor-element-populated\">\n\t\t\t\t\t\t<div class=\"elementor-element elementor-element-74ff9e9 elementor-widget elementor-widget-heading\" data-id=\"74ff9e9\" data-element_type=\"widget\" data-widget_type=\"heading.default\">\n\t\t\t\t<div class=\"elementor-widget-container\">\n\t\t\t\t\t<h4 class=\"elementor-heading-title elementor-size-default\">\u201cBien se ocupa la derecha de insuflar criterios reaccionarios a los futuros jueces y fiscales\u201d<\/h4>\t\t\t\t<\/div>\n\t\t\t\t<\/div>\n\t\t\t\t\t<\/div>\n\t\t<\/div>\n\t\t\t\t\t<\/div>\n\t\t<\/section>\n\t\t\t\t<section class=\"elementor-section elementor-top-section elementor-element elementor-element-39c3de0 elementor-section-boxed elementor-section-height-default elementor-section-height-default\" data-id=\"39c3de0\" data-element_type=\"section\">\n\t\t\t\t\t\t<div class=\"elementor-container elementor-column-gap-default\">\n\t\t\t\t\t<div class=\"elementor-column elementor-col-100 elementor-top-column elementor-element elementor-element-5a5d5c2\" data-id=\"5a5d5c2\" data-element_type=\"column\">\n\t\t\t<div class=\"elementor-widget-wrap elementor-element-populated\">\n\t\t\t\t\t\t<div class=\"elementor-element elementor-element-3ec8e72 elementor-widget elementor-widget-text-editor\" data-id=\"3ec8e72\" data-element_type=\"widget\" data-widget_type=\"text-editor.default\">\n\t\t\t\t<div class=\"elementor-widget-container\">\n\t\t\t\t\t\t\t\t\t<p><span style=\"font-weight: 400;\"><strong>Mar\u00eda Emilia Casas<\/strong>, presidenta em\u00e9rita del <strong>Tribunal Constitucional<\/strong>, que prologa esta segunda edici\u00f3n, destaca, como antes lo hiciera <strong>Gregorio Peces-Barba<\/strong>, la importante contribuci\u00f3n de Juan Jos\u00e9 del \u00c1guila a la memoria hist\u00f3rica de las instituciones judiciales de represi\u00f3n pol\u00edtica m\u00e1s temidas del \u00faltimo franquismo, cuyo conocimiento se ha hurtado no ya a la ciudadan\u00eda sino, por sorprendente que parezca, a los estudiantes de Derecho en Espa\u00f1a. El veterano magistrado lamenta que ni en una sola convocatoria de oposiciones a jueces, magistrados y fiscales desde 1977 se haya incluido alguna materia que trate la represi\u00f3n durante la dictadura. \u201c<em>No quieren que se estudie porque hay una actitud deliberada para que estos hechos no se conozcan<\/em>\u201d, advierte.<\/span><\/p><p><span style=\"font-weight: 400;\">\u201c<em>La derecha<\/em>\u201d, concluye Del \u00c1guila, \u201c<em>bien se ocupa de insuflar en las escuelas jur\u00eddicas a los futuros jueces y fiscales criterios que son bastante reaccionarios. Porque <strong>una cosa es que hayan asumido la Constituci\u00f3n en la letra y otra que lo hayan hecho en el esp\u00edritu<\/strong><\/em>\u201d.<\/span><\/p>\t\t\t\t\t\t\t\t<\/div>\n\t\t\t\t<\/div>\n\t\t\t\t\t<\/div>\n\t\t<\/div>\n\t\t\t\t\t<\/div>\n\t\t<\/section>\n\t\t\t\t<section class=\"elementor-section elementor-top-section elementor-element elementor-element-be82d60 elementor-section-boxed elementor-section-height-default elementor-section-height-default\" data-id=\"be82d60\" data-element_type=\"section\">\n\t\t\t\t\t\t<div class=\"elementor-container elementor-column-gap-default\">\n\t\t\t\t\t<div class=\"elementor-column elementor-col-100 elementor-top-column elementor-element elementor-element-ac8d493\" data-id=\"ac8d493\" data-element_type=\"column\">\n\t\t\t<div class=\"elementor-widget-wrap elementor-element-populated\">\n\t\t\t\t\t\t<div class=\"elementor-element elementor-element-2b47447 elementor-widget elementor-widget-image\" data-id=\"2b47447\" data-element_type=\"widget\" data-widget_type=\"image.default\">\n\t\t\t\t<div class=\"elementor-widget-container\">\n\t\t\t\t\t\t\t\t\t\t\t\t<figure class=\"wp-caption\">\n\t\t\t\t\t\t\t\t\t\t<img decoding=\"async\" width=\"1024\" height=\"682\" src=\"https:\/\/madridsindical.es\/archivo\/wp-content\/uploads\/2021\/01\/005IMG_4246-1024x682.jpg\" class=\"attachment-large size-large wp-image-2144\" alt=\"\" srcset=\"https:\/\/madridsindical.es\/archivo\/wp-content\/uploads\/2021\/01\/005IMG_4246-1024x682.jpg 1024w, https:\/\/madridsindical.es\/archivo\/wp-content\/uploads\/2021\/01\/005IMG_4246-300x200.jpg 300w, https:\/\/madridsindical.es\/archivo\/wp-content\/uploads\/2021\/01\/005IMG_4246-768x512.jpg 768w, https:\/\/madridsindical.es\/archivo\/wp-content\/uploads\/2021\/01\/005IMG_4246-1536x1024.jpg 1536w, https:\/\/madridsindical.es\/archivo\/wp-content\/uploads\/2021\/01\/005IMG_4246-465x310.jpg 465w, https:\/\/madridsindical.es\/archivo\/wp-content\/uploads\/2021\/01\/005IMG_4246-695x463.jpg 695w, https:\/\/madridsindical.es\/archivo\/wp-content\/uploads\/2021\/01\/005IMG_4246.jpg 2000w\" sizes=\"(max-width: 1024px) 100vw, 1024px\" \/>\t\t\t\t\t\t\t\t\t\t\t<figcaption class=\"widget-image-caption wp-caption-text\">Detalle del despacho de Juan Jos\u00e9 del \u00c1guila<\/figcaption>\n\t\t\t\t\t\t\t\t\t\t<\/figure>\n\t\t\t\t\t\t\t\t\t<\/div>\n\t\t\t\t<\/div>\n\t\t\t\t\t<\/div>\n\t\t<\/div>\n\t\t\t\t\t<\/div>\n\t\t<\/section>\n\t\t\t\t<section class=\"elementor-section elementor-top-section elementor-element elementor-element-5b462dd elementor-section-boxed elementor-section-height-default elementor-section-height-default\" data-id=\"5b462dd\" data-element_type=\"section\" data-settings=\"{&quot;background_background&quot;:&quot;classic&quot;}\">\n\t\t\t\t\t\t<div class=\"elementor-container elementor-column-gap-default\">\n\t\t\t\t\t<div class=\"elementor-column elementor-col-100 elementor-top-column elementor-element elementor-element-49e2639\" data-id=\"49e2639\" data-element_type=\"column\">\n\t\t\t<div class=\"elementor-widget-wrap elementor-element-populated\">\n\t\t\t\t\t\t<div class=\"elementor-element elementor-element-2eab7d9 elementor-widget elementor-widget-heading\" data-id=\"2eab7d9\" data-element_type=\"widget\" data-widget_type=\"heading.default\">\n\t\t\t\t<div class=\"elementor-widget-container\">\n\t\t\t\t\t<h2 class=\"elementor-heading-title elementor-size-default\">Tras la agenda del recluta \u2018rojo\u2019<\/h2>\t\t\t\t<\/div>\n\t\t\t\t<\/div>\n\t\t\t\t<div class=\"elementor-element elementor-element-ace9897 elementor-widget elementor-widget-text-editor\" data-id=\"ace9897\" data-element_type=\"widget\" data-widget_type=\"text-editor.default\">\n\t\t\t\t<div class=\"elementor-widget-container\">\n\t\t\t\t\t\t\t\t\t<p><span style=\"font-weight: 400;\">Cuando en 1966 a Juan Jos\u00e9 del \u00c1guila le lleg\u00f3 la hora del obligatorio servicio militar estaba m\u00e1s que fichado por la polic\u00eda pol\u00edtica de Franco. Cuenta que estando en el centro de instrucci\u00f3n de reclutas de Cerro Muriano (C\u00f3rdoba) ordenaron un registro con la excusa del robo de una esclava de oro con el \u00fanico fin de hacerse con su agenda. La paranoia anticomunista de los represores militares\u00a0 les llev\u00f3 a confundir a dos turistas suizas que figuraban entre los contactos de Juan Jos\u00e9 con dos esp\u00edas de alg\u00fan pa\u00eds del Este. El recluta \u2018rojo\u2019 nunca recuper\u00f3 su agenda. El Inspector Clouseau no lo hubiera hecho peor.<\/span><\/p><p><span style=\"font-weight: 400;\">El libro sobre el TOP se lo ha dedicado a su padre, un farmac\u00e9utico con quien comparti\u00f3 banquillo de acusados en consejo de guerra en 1962 por un incidente a ra\u00edz de un alboroto vecinal a causa de la subida del precio de la entrada de los cines de verano. En uno de los altercados ocurrido en un cine pr\u00f3ximo a la farmacia del progenitor un polic\u00eda armada detuvo a un hermano menor de Juan Jos\u00e9. Cuando el padre se present\u00f3 en el cine y manifest\u00f3 su intenci\u00f3n de llevarse a su hijo, el polic\u00eda, sin mediar palabra, le propin\u00f3 un guantazo e inmediatamente Juan Jos\u00e9 se interpuso para protegerlo. \u00c9ste fue absuelto pero al padre le condenaron a dos meses de arresto, que no cumpli\u00f3 al no tener antecedentes penales. \u201cUna monstruosidad que me marc\u00f3 e influy\u00f3 en mi posterior evoluci\u00f3n pol\u00edtica al tomar conciencia de lo que supon\u00eda vivir sin libertades en un r\u00e9gimen completamente arbitrario\u201d, comenta el magistrado.\u00a0<\/span><\/p><p><span style=\"font-weight: 400;\">Un a\u00f1o despu\u00e9s se traslad\u00f3 a Madrid a seguir sus estudios de Derecho e iniciar los de Sociolog\u00eda. Enseguida se afili\u00f3 a la FUDE (la ilegal Federaci\u00f3n Universitaria Democr\u00e1tica Espa\u00f1ola) y al PCE. El joven universitario vivi\u00f3 en una pensi\u00f3n hasta que Fernando L\u00f3pez Agud\u00edn y Juan Francisco Pla, compa\u00f1eros de facultad y miembros de la c\u00e9lula universitaria del PCE, le propusieron incorporarse al aparato de propaganda de la universidad. Le alquilaron un apartamento para camuflar material y custodiar bajo la cama una multicopista a la que llamaban la \u201cmalquerida\u201d porque al ser clandestina iba de casa en casa. La copiadora acab\u00f3 en el fondo del r\u00edo Manzanares, donde la arrojaron una noche los tres por temor a un inminente registro policial.\u00a0<\/span><\/p><p><span style=\"font-weight: 400;\">\u201cLa represi\u00f3n es el nexo que recorre todo mi periplo vital\u201d, constata Juan Jos\u00e9 del \u00c1guila, quien a pesar de la implacable persecuci\u00f3n sufrida durante toda la dictadura, ha abordado siempre el estudio de la estructura jur\u00eddica del franquismo, como destaca Mar\u00eda Emilia Casas, \u201csin rencor y con una gran honestidad\u201d.<\/span><\/p><p><span style=\"font-weight: 400;\">Trabaj\u00f3 en el primer despacho de abogados laboralistas de Espa\u00f1a, fundado por Mar\u00eda Luisa Su\u00e1rez Rold\u00e1n en la madrile\u00f1a calle de la Cruz. \u201cSal\u00ed de prisi\u00f3n con una mano delante y otras detr\u00e1s. Fue la \u00fanica puerta profesional\u00a0 que se me abri\u00f3\u201d. En 1978 inaugur\u00f3 como letrado el Servicio de Asistencia a los Detenidos que mont\u00f3 el Colegio de Abogados de Madrid, y en 1989 ingres\u00f3 como magistrado por el cuarto turno de juristas de reconocida competencia. Se jubil\u00f3 en 2012<\/span><\/p>\t\t\t\t\t\t\t\t<\/div>\n\t\t\t\t<\/div>\n\t\t\t\t\t<\/div>\n\t\t<\/div>\n\t\t\t\t\t<\/div>\n\t\t<\/section>\n\t\t\t\t<\/div>\n\t\t","protected":false},"excerpt":{"rendered":"<p>Diez a\u00f1os de c\u00e1rcel por decir \u00abme cago en Franco\u00bb Texto: Alejandra Acosta; fotos, v\u00eddeo y edici\u00f3n de v\u00eddeo: Fran Lorente y Javier Cantizani Se publica una nueva edici\u00f3n ampliada de \u201cEl TOP. La represi\u00f3n de la libertad (1963-1977)\u201d, obra del abogado laboralista y magistrado Juan Jos\u00e9 del \u00c1guila Juan Jos\u00e9 del \u00c1guila, abogado laboralista y magistrado El 70% de las personas procesadas por el TOP era de clase obrera El 11 de septiembre de<span class=\"more-link\"><a href=\"https:\/\/madridsindical.es\/archivo\/2021\/01\/26\/entrevista-con-juan-jose-del-aguila-abogado-laboralista-y-magistrado\/\">Contin\u00faa leyendo<\/a><\/span><\/p>\n","protected":false},"author":1,"featured_media":2143,"comment_status":"closed","ping_status":"closed","sticky":false,"template":"","format":"standard","meta":{"footnotes":""},"categories":[3],"tags":[47],"class_list":["entry","author-madridsindical","post-2139","post","type-post","status-publish","format-standard","has-post-thumbnail","category-entrevistas","tag-archivo"],"aioseo_notices":[],"_links":{"self":[{"href":"https:\/\/madridsindical.es\/archivo\/wp-json\/wp\/v2\/posts\/2139","targetHints":{"allow":["GET"]}}],"collection":[{"href":"https:\/\/madridsindical.es\/archivo\/wp-json\/wp\/v2\/posts"}],"about":[{"href":"https:\/\/madridsindical.es\/archivo\/wp-json\/wp\/v2\/types\/post"}],"author":[{"embeddable":true,"href":"https:\/\/madridsindical.es\/archivo\/wp-json\/wp\/v2\/users\/1"}],"replies":[{"embeddable":true,"href":"https:\/\/madridsindical.es\/archivo\/wp-json\/wp\/v2\/comments?post=2139"}],"version-history":[{"count":19,"href":"https:\/\/madridsindical.es\/archivo\/wp-json\/wp\/v2\/posts\/2139\/revisions"}],"predecessor-version":[{"id":2381,"href":"https:\/\/madridsindical.es\/archivo\/wp-json\/wp\/v2\/posts\/2139\/revisions\/2381"}],"wp:featuredmedia":[{"embeddable":true,"href":"https:\/\/madridsindical.es\/archivo\/wp-json\/wp\/v2\/media\/2143"}],"wp:attachment":[{"href":"https:\/\/madridsindical.es\/archivo\/wp-json\/wp\/v2\/media?parent=2139"}],"wp:term":[{"taxonomy":"category","embeddable":true,"href":"https:\/\/madridsindical.es\/archivo\/wp-json\/wp\/v2\/categories?post=2139"},{"taxonomy":"post_tag","embeddable":true,"href":"https:\/\/madridsindical.es\/archivo\/wp-json\/wp\/v2\/tags?post=2139"}],"curies":[{"name":"wp","href":"https:\/\/api.w.org\/{rel}","templated":true}]}}