{"id":2081,"date":"2020-12-10T09:36:49","date_gmt":"2020-12-10T09:36:49","guid":{"rendered":"https:\/\/madridsindical.es\/archivo\/?p=2081"},"modified":"2025-11-06T12:25:51","modified_gmt":"2025-11-06T12:25:51","slug":"entrevista-fernando-reinlein-teniente-coronel-retirado-y-presidente-del-foro-milicia-y-democracia","status":"publish","type":"post","link":"https:\/\/madridsindical.es\/archivo\/2020\/12\/10\/entrevista-fernando-reinlein-teniente-coronel-retirado-y-presidente-del-foro-milicia-y-democracia\/","title":{"rendered":"Entrevista: Fernando Reinlein, teniente coronel retirado y presidente del Foro Milicia y Democracia"},"content":{"rendered":"\t\t<div data-elementor-type=\"wp-post\" data-elementor-id=\"2081\" class=\"elementor elementor-2081\">\n\t\t\t\t\t\t<section class=\"elementor-section elementor-top-section elementor-element elementor-element-0d6390d elementor-section-boxed elementor-section-height-default elementor-section-height-default\" data-id=\"0d6390d\" data-element_type=\"section\">\n\t\t\t\t\t\t<div class=\"elementor-container elementor-column-gap-default\">\n\t\t\t\t\t<div class=\"elementor-column elementor-col-100 elementor-top-column elementor-element elementor-element-b2ecc02\" data-id=\"b2ecc02\" data-element_type=\"column\">\n\t\t\t<div class=\"elementor-widget-wrap elementor-element-populated\">\n\t\t\t\t\t\t<div class=\"elementor-element elementor-element-6464077 elementor-widget elementor-widget-heading\" data-id=\"6464077\" data-element_type=\"widget\" data-widget_type=\"heading.default\">\n\t\t\t\t<div class=\"elementor-widget-container\">\n\t\t\t\t\t<h2 class=\"elementor-heading-title elementor-size-default\">\u201cQuien ha filtrado los chats de los militares retirados sab\u00eda el favor que les hac\u00eda\u201d<\/h2>\t\t\t\t<\/div>\n\t\t\t\t<\/div>\n\t\t\t\t\t<\/div>\n\t\t<\/div>\n\t\t\t\t\t<\/div>\n\t\t<\/section>\n\t\t\t\t<section class=\"elementor-section elementor-top-section elementor-element elementor-element-056bafe elementor-section-boxed elementor-section-height-default elementor-section-height-default\" data-id=\"056bafe\" data-element_type=\"section\">\n\t\t\t\t\t\t<div class=\"elementor-container elementor-column-gap-default\">\n\t\t\t\t\t<div class=\"elementor-column elementor-col-100 elementor-top-column elementor-element elementor-element-73e9a63\" data-id=\"73e9a63\" data-element_type=\"column\">\n\t\t\t<div class=\"elementor-widget-wrap elementor-element-populated\">\n\t\t\t\t\t\t<div class=\"elementor-element elementor-element-c2a4d2f elementor-widget elementor-widget-text-editor\" data-id=\"c2a4d2f\" data-element_type=\"widget\" data-widget_type=\"text-editor.default\">\n\t\t\t\t<div class=\"elementor-widget-container\">\n\t\t\t\t\t\t\t\t\t<p><strong>Texto: Alejandra Acosta; f<\/strong><strong>otos: Fran Lorente<\/strong><\/p>\t\t\t\t\t\t\t\t<\/div>\n\t\t\t\t<\/div>\n\t\t\t\t\t<\/div>\n\t\t<\/div>\n\t\t\t\t\t<\/div>\n\t\t<\/section>\n\t\t\t\t<section class=\"elementor-section elementor-top-section elementor-element elementor-element-37038a7 elementor-section-boxed elementor-section-height-default elementor-section-height-default\" data-id=\"37038a7\" data-element_type=\"section\">\n\t\t\t\t\t\t<div class=\"elementor-container elementor-column-gap-default\">\n\t\t\t\t\t<div class=\"elementor-column elementor-col-100 elementor-top-column elementor-element elementor-element-ff5b321\" data-id=\"ff5b321\" data-element_type=\"column\">\n\t\t\t<div class=\"elementor-widget-wrap elementor-element-populated\">\n\t\t\t\t\t\t<div class=\"elementor-element elementor-element-ca785e5 elementor-widget elementor-widget-text-editor\" data-id=\"ca785e5\" data-element_type=\"widget\" data-widget_type=\"text-editor.default\">\n\t\t\t\t<div class=\"elementor-widget-container\">\n\t\t\t\t\t\t\t\t\t<p><b>Lo primero que recuerda haber visto en su vida Fernando Reinlein (Barcelona, 75 a\u00f1os) fue una gorra militar. Nada raro si a uno le preceden seis generaciones de militares en la familia. Teniente coronel retirado y periodista -lleg\u00f3 a dirigir Diario 16-, preside en la actualidad el Foro Milicia y Democracia, heredero de la Uni\u00f3n Militar Democr\u00e1tica (UMD), organizaci\u00f3n clandestina fundada en 1974 por oficiales y suboficiales que se enfrentaron a Franco y cuyo objetivo era democratizar las Fuerzas Armadas. La osad\u00eda le cost\u00f3, a \u00e9l y a otros ocho compa\u00f1eros de armas, la expulsi\u00f3n del Ej\u00e9rcito y un a\u00f1o de reclusi\u00f3n en una prisi\u00f3n militar. En 1987 fueron rehabilitados, aunque les obligaron a pasar a la reserva. La segunda condena fue la del silencio. Tuvieron que pasar m\u00e1s de tres d\u00e9cadas para que el gobierno espa\u00f1ol reconociera oficialmente la lucha de los militares de la UMD por la libertad y la democracia. En 2009 recibieron el premio anual de la Fundaci\u00f3n Abogados de Atocha.<\/b><\/p>\t\t\t\t\t\t\t\t<\/div>\n\t\t\t\t<\/div>\n\t\t\t\t\t<\/div>\n\t\t<\/div>\n\t\t\t\t\t<\/div>\n\t\t<\/section>\n\t\t\t\t<section class=\"elementor-section elementor-top-section elementor-element elementor-element-1124626 elementor-section-boxed elementor-section-height-default elementor-section-height-default\" data-id=\"1124626\" data-element_type=\"section\">\n\t\t\t\t\t\t<div class=\"elementor-container elementor-column-gap-default\">\n\t\t\t\t\t<div class=\"elementor-column elementor-col-100 elementor-top-column elementor-element elementor-element-d1fa797\" data-id=\"d1fa797\" data-element_type=\"column\">\n\t\t\t<div class=\"elementor-widget-wrap elementor-element-populated\">\n\t\t\t\t\t\t<section class=\"elementor-section elementor-inner-section elementor-element elementor-element-9e99d4b elementor-section-boxed elementor-section-height-default elementor-section-height-default\" data-id=\"9e99d4b\" data-element_type=\"section\">\n\t\t\t\t\t\t<div class=\"elementor-container elementor-column-gap-default\">\n\t\t\t\t\t<div class=\"elementor-column elementor-col-50 elementor-inner-column elementor-element elementor-element-cc7d430\" data-id=\"cc7d430\" data-element_type=\"column\">\n\t\t\t<div class=\"elementor-widget-wrap elementor-element-populated\">\n\t\t\t\t\t\t<div class=\"elementor-element elementor-element-936973e elementor-widget elementor-widget-image\" data-id=\"936973e\" data-element_type=\"widget\" data-widget_type=\"image.default\">\n\t\t\t\t<div class=\"elementor-widget-container\">\n\t\t\t\t\t\t\t\t\t\t\t\t<figure class=\"wp-caption\">\n\t\t\t\t\t\t\t\t\t\t<img fetchpriority=\"high\" decoding=\"async\" width=\"682\" height=\"1024\" src=\"https:\/\/madridsindical.es\/archivo\/wp-content\/uploads\/2020\/12\/umd1-682x1024.jpg\" class=\"attachment-large size-large wp-image-2085\" alt=\"\" srcset=\"https:\/\/madridsindical.es\/archivo\/wp-content\/uploads\/2020\/12\/umd1-682x1024.jpg 682w, https:\/\/madridsindical.es\/archivo\/wp-content\/uploads\/2020\/12\/umd1-200x300.jpg 200w, https:\/\/madridsindical.es\/archivo\/wp-content\/uploads\/2020\/12\/umd1-768x1152.jpg 768w, https:\/\/madridsindical.es\/archivo\/wp-content\/uploads\/2020\/12\/umd1-1024x1536.jpg 1024w, https:\/\/madridsindical.es\/archivo\/wp-content\/uploads\/2020\/12\/umd1-367x550.jpg 367w, https:\/\/madridsindical.es\/archivo\/wp-content\/uploads\/2020\/12\/umd1-333x500.jpg 333w, https:\/\/madridsindical.es\/archivo\/wp-content\/uploads\/2020\/12\/umd1.jpg 1333w\" sizes=\"(max-width: 682px) 100vw, 682px\" \/>\t\t\t\t\t\t\t\t\t\t\t<figcaption class=\"widget-image-caption wp-caption-text\">Fernando Reinlein, teniente coronel retirado y presidente del Foro Milicia y Democracia<\/figcaption>\n\t\t\t\t\t\t\t\t\t\t<\/figure>\n\t\t\t\t\t\t\t\t\t<\/div>\n\t\t\t\t<\/div>\n\t\t\t\t<div class=\"elementor-element elementor-element-eead49e elementor-widget elementor-widget-heading\" data-id=\"eead49e\" data-element_type=\"widget\" data-widget_type=\"heading.default\">\n\t\t\t\t<div class=\"elementor-widget-container\">\n\t\t\t\t\t<h4 class=\"elementor-heading-title elementor-size-default\">\u201cQuien rentabiliza los whatsapp de los militares es Vox porque caldean el ambiente\u201d<\/h4>\t\t\t\t<\/div>\n\t\t\t\t<\/div>\n\t\t\t\t\t<\/div>\n\t\t<\/div>\n\t\t\t\t<div class=\"elementor-column elementor-col-50 elementor-inner-column elementor-element elementor-element-36c88ec\" data-id=\"36c88ec\" data-element_type=\"column\">\n\t\t\t<div class=\"elementor-widget-wrap elementor-element-populated\">\n\t\t\t\t\t\t<div class=\"elementor-element elementor-element-eceb6c2 elementor-widget elementor-widget-text-editor\" data-id=\"eceb6c2\" data-element_type=\"widget\" data-widget_type=\"text-editor.default\">\n\t\t\t\t<div class=\"elementor-widget-container\">\n\t\t\t\t\t\t\t\t\t<p><b>Madrid Sindical (MS).- \u00bfQu\u00e9 opini\u00f3n le merece todo este asunto de las cartas de los militares retirados a Felipe VI y al Parlamento Europeo?<\/b><\/p><p><b>Fernando Reinlein (FR).-<\/b><span style=\"font-weight: 400;\"> Hace semanas que los medios de comunicaci\u00f3n conoc\u00edan la existencia de unas cartas que han cobrado relevancia informativa cuando han salido a la luz los incalificables whatsapp en los que se habla de que habr\u00eda <\/span><span style=\"font-weight: 400;\">que<\/span><span style=\"font-weight: 400;\"> fusilar a 26 millones de espa\u00f1oles. Sin embargo, lo grave no es tanto lo del chat como que hayan intentado crear un movimiento en el seno de las Fuerzas Armadas contra el gobierno de la naci\u00f3n para presionar al Rey y al Parlamento. Por el momento han fracasado. \u00bfCu\u00e1ntas firmas han conseguido? \u00bfCentenares? Somos miles los militares retirados. Otra cosa es que Vox saque rentabilidad de ello porque contribuye a calentar el ambiente, que es lo que buscan. Est\u00e1 claro el v\u00ednculo de este partido con los grupos que han firmado las cartas.\u00a0\u00a0<\/span><\/p><p><b>M.S.- \u00bfSi no hubiera trascendido el delirante contenido de los whatsapp no cree entonces que se hubiera montado tanto revuelo?<\/b><\/p><p><span style=\"font-weight: 400;\">F.R.- Quien ha filtrado los chats sab\u00eda muy bien el favor que les hac\u00eda&#8230;<\/span><\/p><p><b>M.S.- Mantiene usted que no se van a producir muchas m\u00e1s adhesiones.<\/b><\/p><p><span style=\"font-weight: 400;\">F.R.- Yo soy teniente coronel de Infanter\u00eda retirado, no pertenezco al cuerpo de profetas militares, pero cuando se hace el rid\u00edculo enviando una carta al presidente del Parlamento Europeo como lo han hecho estos se\u00f1ores las cosas caen por su propio peso. No representan a Espa\u00f1a ni tampoco a las Fuerzas Armadas. Es el \u00faltimo minuto de gloria de unos ancianos -y que no se molesten, yo tambi\u00e9n soy anciano, aunque un poquito menos- que no van a ning\u00fan sitio, pero salen en la prensa y eso les gusta. Los golpes de <\/span><span style=\"font-weight: 400;\">E<\/span><span style=\"font-weight: 400;\">stado ya no se hacen con tanques sino con dinero. No se organizan en los cuarteles sino en los despachos de las \u00e9lites financieras, del poder econ\u00f3mico. Aqu\u00ed es donde habr\u00eda que investigar. M\u00e1s expl\u00edcito no puedo ser.<\/span><\/p>\t\t\t\t\t\t\t\t<\/div>\n\t\t\t\t<\/div>\n\t\t\t\t\t<\/div>\n\t\t<\/div>\n\t\t\t\t\t<\/div>\n\t\t<\/section>\n\t\t\t\t\t<\/div>\n\t\t<\/div>\n\t\t\t\t\t<\/div>\n\t\t<\/section>\n\t\t\t\t<section class=\"elementor-section elementor-top-section elementor-element elementor-element-41a1d1f elementor-section-boxed elementor-section-height-default elementor-section-height-default\" data-id=\"41a1d1f\" data-element_type=\"section\">\n\t\t\t\t\t\t<div class=\"elementor-container elementor-column-gap-default\">\n\t\t\t\t\t<div class=\"elementor-column elementor-col-100 elementor-top-column elementor-element elementor-element-f54f9c5\" data-id=\"f54f9c5\" data-element_type=\"column\">\n\t\t\t<div class=\"elementor-widget-wrap elementor-element-populated\">\n\t\t\t\t\t\t<div class=\"elementor-element elementor-element-a25c482 elementor-widget elementor-widget-text-editor\" data-id=\"a25c482\" data-element_type=\"widget\" data-widget_type=\"text-editor.default\">\n\t\t\t\t<div class=\"elementor-widget-container\">\n\t\t\t\t\t\t\t\t\t<p><b>M.S.- Los militares retirados reproducen en su cartas el discurso de Vox, que habla todo el rato de gobierno \u2018socialcomunista\u2019 que pone en riesgo la unidad de Espa\u00f1a pactando con filoetarras e independentistas.<\/b><\/p><p><span style=\"font-weight: 400;\">F.R.- Es tremendo el da\u00f1o que hacen a la convivencia. No me merecen ning\u00fan respeto los l\u00edderes de Vox. Ni Podemos es la extrema izquierda ni Bildu es filoetarra. Yo no tengo ninguna simpat\u00eda por Bildu, pero hemos estado 45 a\u00f1os pidiendo a ETA que deje las armas y al independentismo que plantee sus aspiraciones en el marco democr\u00e1tico de las instituciones y van y lo hacen y ahora les llamamos filoetarras. Pero en qu\u00e9 quedamos. Es de una incongruencia absoluta. Y lo mismo para Catalu\u00f1a. Sartorius fue muy tajante al recordar que en la Transici\u00f3n se negoci\u00f3 con quienes nos fusilaban. Yo soy un obseso de la negociaci\u00f3n. Para resolver conflictos pol\u00edticos o se negocia o no hay manera. Y eso no significa renunciar a nada. \u00bfCu\u00e1l es la alternativa? \u00bfAplicar el 155? \u00bfEnviar a las tropas? Un t\u00edo m\u00edo, militar, dec\u00eda que Espa\u00f1a no ser\u00e1 grande -no en un sentido imperial, sino de estabilidad- hasta que sea federal, y estoy de acuerdo con \u00e9l.\u00a0<\/span><\/p><p><b>M.S.- Es patol\u00f3gica la man\u00eda de la derecha de calificar de comunistas a las formaciones pol\u00edticas de izquierda cuando gobiernan.\u00a0<\/b><\/p><p><span style=\"font-weight: 400;\">F.R.- A los militares de la UMD tambi\u00e9n nos llamaron comunistas cuando lo que ped\u00edamos lo habr\u00eda suscrito cualquier gobierno conservador europeo: libertad, democracia, un ej\u00e9rcito profesional a las \u00f3rdenes de un gobierno leg\u00edtimo y una Constituci\u00f3n. Estando yo en prisi\u00f3n un periodista italiano me pregunt\u00f3 si yo era marxista. Le dije mire usted en este pa\u00eds con ser dem\u00f3crata ya tiene uno bastantes problemas. Lo ir\u00f3nico es que el corresponsal de la BBC abriera su cr\u00f3nica se\u00f1alando: \u201cNueve jefes y oficiales del ej\u00e9rcito espa\u00f1ol han sido condenados por defender ideas conservadoras\u201d.\u00a0\u00a0<\/span><\/p><p><b>M.S.- Parece sacado del Mundo Today\u2026\u00a0 Y en su opini\u00f3n \u00bfqu\u00e9 deber\u00eda hacer Felipe VI?<\/b><\/p><p><span style=\"font-weight: 400;\">R.- No estar\u00eda de m\u00e1s que en su discurso de la Pascua Militar recordase una obviedad, la de que las Fuerzas Armadas est\u00e1n a las \u00f3rdenes del Gobierno de la naci\u00f3n leg\u00edtimamente constituido y no del Rey.<\/span><\/p><p><b>M.S.-\u00a0 Que haya que recordarlo a estas altura<\/b><b>s<\/b><b> revela que queda mucho poso franquista en el Ej\u00e9rcito espa\u00f1ol.<\/b><\/p><p><span style=\"font-weight: 400;\">F.R.- S\u00ed lo hay, pero cuidado, no solo en el Ej\u00e9rcito. Vox, que es un partido claramente franquista, tiene m\u00e1s de 50 diputados en el Parlamento que se traducen en millones de votos. Las instituciones son siempre el reflejo de la sociedad. Es posible que los militares est\u00e9n un poco m\u00e1s escorados a la derecha, pero muy poquito. <\/span><\/p>\t\t\t\t\t\t\t\t<\/div>\n\t\t\t\t<\/div>\n\t\t\t\t\t<\/div>\n\t\t<\/div>\n\t\t\t\t\t<\/div>\n\t\t<\/section>\n\t\t\t\t<section class=\"elementor-section elementor-top-section elementor-element elementor-element-5bc19e8 elementor-section-boxed elementor-section-height-default elementor-section-height-default\" data-id=\"5bc19e8\" data-element_type=\"section\">\n\t\t\t\t\t\t<div class=\"elementor-container elementor-column-gap-default\">\n\t\t\t\t\t<div class=\"elementor-column elementor-col-100 elementor-top-column elementor-element elementor-element-9edd27c\" data-id=\"9edd27c\" data-element_type=\"column\">\n\t\t\t<div class=\"elementor-widget-wrap elementor-element-populated\">\n\t\t\t\t\t\t<div class=\"elementor-element elementor-element-bda3e1c elementor-widget elementor-widget-heading\" data-id=\"bda3e1c\" data-element_type=\"widget\" data-widget_type=\"heading.default\">\n\t\t\t\t<div class=\"elementor-widget-container\">\n\t\t\t\t\t<h4 class=\"elementor-heading-title elementor-size-default\">\u201cLos golpes de Estado no se organizan en los cuarteles sino en los despachos del poder financiero\u201d<\/h4>\t\t\t\t<\/div>\n\t\t\t\t<\/div>\n\t\t\t\t\t<\/div>\n\t\t<\/div>\n\t\t\t\t\t<\/div>\n\t\t<\/section>\n\t\t\t\t<section class=\"elementor-section elementor-top-section elementor-element elementor-element-a6498af elementor-section-boxed elementor-section-height-default elementor-section-height-default\" data-id=\"a6498af\" data-element_type=\"section\">\n\t\t\t\t\t\t<div class=\"elementor-container elementor-column-gap-default\">\n\t\t\t\t\t<div class=\"elementor-column elementor-col-100 elementor-top-column elementor-element elementor-element-5ccd3dd\" data-id=\"5ccd3dd\" data-element_type=\"column\">\n\t\t\t<div class=\"elementor-widget-wrap elementor-element-populated\">\n\t\t\t\t\t\t<div class=\"elementor-element elementor-element-ec163e2 elementor-widget elementor-widget-image\" data-id=\"ec163e2\" data-element_type=\"widget\" data-widget_type=\"image.default\">\n\t\t\t\t<div class=\"elementor-widget-container\">\n\t\t\t\t\t\t\t\t\t\t\t\t<figure class=\"wp-caption\">\n\t\t\t\t\t\t\t\t\t\t<img decoding=\"async\" width=\"759\" height=\"1024\" src=\"https:\/\/madridsindical.es\/archivo\/wp-content\/uploads\/2020\/12\/umd2-759x1024.jpg\" class=\"attachment-large size-large wp-image-2088\" alt=\"\" srcset=\"https:\/\/madridsindical.es\/archivo\/wp-content\/uploads\/2020\/12\/umd2-759x1024.jpg 759w, https:\/\/madridsindical.es\/archivo\/wp-content\/uploads\/2020\/12\/umd2-222x300.jpg 222w, https:\/\/madridsindical.es\/archivo\/wp-content\/uploads\/2020\/12\/umd2-768x1036.jpg 768w, https:\/\/madridsindical.es\/archivo\/wp-content\/uploads\/2020\/12\/umd2-1139x1536.jpg 1139w, https:\/\/madridsindical.es\/archivo\/wp-content\/uploads\/2020\/12\/umd2-408x550.jpg 408w, https:\/\/madridsindical.es\/archivo\/wp-content\/uploads\/2020\/12\/umd2-371x500.jpg 371w, https:\/\/madridsindical.es\/archivo\/wp-content\/uploads\/2020\/12\/umd2.jpg 1483w\" sizes=\"(max-width: 759px) 100vw, 759px\" \/>\t\t\t\t\t\t\t\t\t\t\t<figcaption class=\"widget-image-caption wp-caption-text\">Fernando Reinlein, en el centro, en 2009<\/figcaption>\n\t\t\t\t\t\t\t\t\t\t<\/figure>\n\t\t\t\t\t\t\t\t\t<\/div>\n\t\t\t\t<\/div>\n\t\t\t\t\t<\/div>\n\t\t<\/div>\n\t\t\t\t\t<\/div>\n\t\t<\/section>\n\t\t\t\t<section class=\"elementor-section elementor-top-section elementor-element elementor-element-adfe73f elementor-section-boxed elementor-section-height-default elementor-section-height-default\" data-id=\"adfe73f\" data-element_type=\"section\">\n\t\t\t\t\t\t<div class=\"elementor-container elementor-column-gap-default\">\n\t\t\t\t\t<div class=\"elementor-column elementor-col-100 elementor-top-column elementor-element elementor-element-8b07690\" data-id=\"8b07690\" data-element_type=\"column\">\n\t\t\t<div class=\"elementor-widget-wrap elementor-element-populated\">\n\t\t\t\t\t\t<div class=\"elementor-element elementor-element-bfa5153 elementor-widget elementor-widget-text-editor\" data-id=\"bfa5153\" data-element_type=\"widget\" data-widget_type=\"text-editor.default\">\n\t\t\t\t<div class=\"elementor-widget-container\">\n\t\t\t\t\t\t\t\t\t<p><b>M.S.- Habr\u00eda que analizar por qu\u00e9 el m\u00e1s rancio franquismo sigue latiendo en Espa\u00f1a. Manuel Cruz, diputado del PSC-PSOE, cuestiona, en un art\u00edculo en El Pa\u00eds, que la normalidad democr\u00e1tica en la post Transici\u00f3n se gestionara de forma adecuada y que \u201cpor eso estamos como estamos\u201d.\u00a0<\/b><\/p><p><span style=\"font-weight: 400;\">F.R.- Yo tambi\u00e9n lo he dicho y lo he escrito. No critico la Transici\u00f3n, pero s\u00ed digo que a partir de 1986 los gobiernos del PSOE, con todo el respaldo que lograron de la ciudadan\u00eda y ya en la OTAN y en el Mercado Com\u00fan, podr\u00edan haber desarrollado algunos art\u00edculos de la Constituci\u00f3n para acometer reformas fundamentales, entre ellas, la de las Fuerzas Armadas y la de la Judicatura. No lo hicieron porque se acomodaron al poder, y la sociedad en su conjunto tambi\u00e9n se acomod\u00f3. El\u00a0 franquismo que en su d\u00eda embrid\u00f3 Fraga Iribarne con AP y luego con el PP ha salido a la luz. No hicimos lo suficiente y ahora vienen las consecuencias.\u00a0<\/span><\/p><p><b>M.S.- Uno de los impuestos que se pag\u00f3 por tener la fiesta en paz, y que le afecta directamente, fue el no reconocer el papel de la Uni\u00f3n Militar Democr\u00e1tica (UMD) en su lucha por democratizar las Fuerzas Armadas.<\/b><\/p><p><span style=\"font-weight: 400;\">F.R.- Nos aplicaron una amnist\u00eda descafeinada y nos hundieron en un pozo de silencio. Aunque en 1987 nos devolvieron la condici\u00f3n de militares no nos permitieron ning\u00fan destino por lo que tuvimos que pasar directamente a la reserva. El segundo de Narc\u00eds Serra me lleg\u00f3 a decir que no nos iban a dar ni la caja de recluta de Soria. Pudieron haber sacado m\u00e1s partido a la UMD para avanzar en la democratizaci\u00f3n de las Fuerzas Armadas. Incluso tras el 23-F nos pudieron haber utilizado como moneda de cambio. Hubo varios intentos en el Parlamento para que se reconociera nuestra labor, pero no salieron adelante por el voto en contra del PP en una ocasi\u00f3n y en otra porque Pepe Bono no lo permiti\u00f3. Fue al tercer envite, en 2009, cuando el Gobierno, tras una proposici\u00f3n no de ley de IU y PSOE, en la que el PP se abstuvo, hizo una Declaraci\u00f3n Institucional reconociendo la contribuci\u00f3n a la restauraci\u00f3n de las libertades de los militares dem\u00f3cratas en general y en particular de los militares de la UMD. Al a\u00f1o siguiente, en 2010, el Ministerio de Defensa nos condecor\u00f3 con la Cruz del M\u00e9rito Militar. Muy agradecidos, pero\u2026<\/span><\/p><p><b>M.S.- \u2026 34 a\u00f1os despu\u00e9s\u2026<\/b><\/p><p><span style=\"font-weight: 400;\">F.R.-\u00a0 \u201cNo nos portamos bien en su momento con la UMD. Nos equivocamos\u201d, me reconoci\u00f3 una vez Santiago Carrillo.\u00a0<\/span><\/p>\t\t\t\t\t\t\t\t<\/div>\n\t\t\t\t<\/div>\n\t\t\t\t\t<\/div>\n\t\t<\/div>\n\t\t\t\t\t<\/div>\n\t\t<\/section>\n\t\t\t\t<section class=\"elementor-section elementor-top-section elementor-element elementor-element-1b2a580 elementor-section-boxed elementor-section-height-default elementor-section-height-default\" data-id=\"1b2a580\" data-element_type=\"section\">\n\t\t\t\t\t\t<div class=\"elementor-container elementor-column-gap-default\">\n\t\t\t\t\t<div class=\"elementor-column elementor-col-100 elementor-top-column elementor-element elementor-element-484efe6\" data-id=\"484efe6\" data-element_type=\"column\">\n\t\t\t<div class=\"elementor-widget-wrap elementor-element-populated\">\n\t\t\t\t\t\t<div class=\"elementor-element elementor-element-de9638a elementor-widget elementor-widget-heading\" data-id=\"de9638a\" data-element_type=\"widget\" data-widget_type=\"heading.default\">\n\t\t\t\t<div class=\"elementor-widget-container\">\n\t\t\t\t\t<h4 class=\"elementor-heading-title elementor-size-default\">\u201cA los militares dem\u00f3cratas tambi\u00e9n nos llamaban comunistas\u201d<\/h4>\t\t\t\t<\/div>\n\t\t\t\t<\/div>\n\t\t\t\t\t<\/div>\n\t\t<\/div>\n\t\t\t\t\t<\/div>\n\t\t<\/section>\n\t\t\t\t<section class=\"elementor-section elementor-top-section elementor-element elementor-element-26cdffd elementor-section-boxed elementor-section-height-default elementor-section-height-default\" data-id=\"26cdffd\" data-element_type=\"section\">\n\t\t\t\t\t\t<div class=\"elementor-container elementor-column-gap-default\">\n\t\t\t\t\t<div class=\"elementor-column elementor-col-100 elementor-top-column elementor-element elementor-element-37b21b0\" data-id=\"37b21b0\" data-element_type=\"column\">\n\t\t\t<div class=\"elementor-widget-wrap elementor-element-populated\">\n\t\t\t\t\t\t<div class=\"elementor-element elementor-element-2f3b3c7 elementor-widget elementor-widget-image\" data-id=\"2f3b3c7\" data-element_type=\"widget\" data-widget_type=\"image.default\">\n\t\t\t\t<div class=\"elementor-widget-container\">\n\t\t\t\t\t\t\t\t\t\t\t\t<figure class=\"wp-caption\">\n\t\t\t\t\t\t\t\t\t\t<img decoding=\"async\" width=\"1024\" height=\"782\" src=\"https:\/\/madridsindical.es\/archivo\/wp-content\/uploads\/2020\/12\/umd4-1024x782.jpg\" class=\"attachment-large size-large wp-image-2086\" alt=\"\" srcset=\"https:\/\/madridsindical.es\/archivo\/wp-content\/uploads\/2020\/12\/umd4-1024x782.jpg 1024w, https:\/\/madridsindical.es\/archivo\/wp-content\/uploads\/2020\/12\/umd4-300x229.jpg 300w, https:\/\/madridsindical.es\/archivo\/wp-content\/uploads\/2020\/12\/umd4-768x586.jpg 768w, https:\/\/madridsindical.es\/archivo\/wp-content\/uploads\/2020\/12\/umd4-1536x1173.jpg 1536w, https:\/\/madridsindical.es\/archivo\/wp-content\/uploads\/2020\/12\/umd4-465x355.jpg 465w, https:\/\/madridsindical.es\/archivo\/wp-content\/uploads\/2020\/12\/umd4-655x500.jpg 655w, https:\/\/madridsindical.es\/archivo\/wp-content\/uploads\/2020\/12\/umd4.jpg 2000w\" sizes=\"(max-width: 1024px) 100vw, 1024px\" \/>\t\t\t\t\t\t\t\t\t\t\t<figcaption class=\"widget-image-caption wp-caption-text\">Santiago Carrillo y Fernando Reinlein en 2009<\/figcaption>\n\t\t\t\t\t\t\t\t\t\t<\/figure>\n\t\t\t\t\t\t\t\t\t<\/div>\n\t\t\t\t<\/div>\n\t\t\t\t\t<\/div>\n\t\t<\/div>\n\t\t\t\t\t<\/div>\n\t\t<\/section>\n\t\t\t\t<section class=\"elementor-section elementor-top-section elementor-element elementor-element-ee059d2 elementor-section-boxed elementor-section-height-default elementor-section-height-default\" data-id=\"ee059d2\" data-element_type=\"section\">\n\t\t\t\t\t\t<div class=\"elementor-container elementor-column-gap-default\">\n\t\t\t\t\t<div class=\"elementor-column elementor-col-100 elementor-top-column elementor-element elementor-element-8359cfa\" data-id=\"8359cfa\" data-element_type=\"column\">\n\t\t\t<div class=\"elementor-widget-wrap elementor-element-populated\">\n\t\t\t\t\t\t<div class=\"elementor-element elementor-element-ca04151 elementor-widget elementor-widget-heading\" data-id=\"ca04151\" data-element_type=\"widget\" data-widget_type=\"heading.default\">\n\t\t\t\t<div class=\"elementor-widget-container\">\n\t\t\t\t\t<h4 class=\"elementor-heading-title elementor-size-default\">\u201cEl  franquismo que embrid\u00f3 Fraga Iribarne con AP y PP ha salido a la luz\u201d<\/h4>\t\t\t\t<\/div>\n\t\t\t\t<\/div>\n\t\t\t\t\t<\/div>\n\t\t<\/div>\n\t\t\t\t\t<\/div>\n\t\t<\/section>\n\t\t\t\t<section class=\"elementor-section elementor-top-section elementor-element elementor-element-3dff1c1 elementor-section-boxed elementor-section-height-default elementor-section-height-default\" data-id=\"3dff1c1\" data-element_type=\"section\">\n\t\t\t\t\t\t<div class=\"elementor-container elementor-column-gap-default\">\n\t\t\t\t\t<div class=\"elementor-column elementor-col-100 elementor-top-column elementor-element elementor-element-6a834dd\" data-id=\"6a834dd\" data-element_type=\"column\">\n\t\t\t<div class=\"elementor-widget-wrap elementor-element-populated\">\n\t\t\t\t\t\t<div class=\"elementor-element elementor-element-8932b5b elementor-widget elementor-widget-text-editor\" data-id=\"8932b5b\" data-element_type=\"widget\" data-widget_type=\"text-editor.default\">\n\t\t\t\t<div class=\"elementor-widget-container\">\n\t\t\t\t\t\t\t\t\t<p><b>M.S.- Otra de las quejas de la ultraderecha es que este gobierno quiere acabar con la monarqu\u00eda, aunque si la imagen de la Corona est\u00e1 deteriorada no ser\u00e1 por culpa del Ejecutivo. El rey em\u00e9rito ocupa d\u00eda s\u00ed y d\u00eda tambi\u00e9n desde hace meses las portadas de los medios de comunicaci\u00f3n y no precisamente por su conducta ejemplar. Quienes le defienden se apoyan en su papel en el 23-F.\u00a0<\/b><\/p><p><span style=\"font-weight: 400;\">F.R.- No nos hagamos l\u00edos. Juan Carlos I no es el adalid de la democracia, es adalid de la defensa de la Corona, es decir, de sus intereses. Es incontestable que apoy\u00f3 la democracia durante la Transici\u00f3n. Cuando Franco enferm\u00f3 se produjo un encuentro en el que el Duque de Ari\u00f3n, enviado del entonces pr\u00edncipe, plante\u00f3 a mi hermano Guillermo si la UMD apoyar\u00eda a don Juan Carlos en caso de que \u00e9ste diera un golpe en la mesa y no devolviera el poder a Franco si se recuperaba. Mi hermano respondi\u00f3 que eso lo ten\u00eda que decidir el comit\u00e9 ejecutivo nacional de la organizaci\u00f3n y quedaron para una segunda reuni\u00f3n, que no se celebr\u00f3 porque ya se supo que la enfermedad de Franco era irreversible. Luego, en el 23-F, promoviera o no el golpe de <\/span><span style=\"font-weight: 400;\">E<\/span><span style=\"font-weight: 400;\">stado, no le qued\u00f3 m\u00e1s remedio finalmente que pararlo para no meterse en el charco en el que se meti\u00f3 Alfonso XIII y tambi\u00e9n su cu\u00f1ado Constantino en Grecia.\u00a0<\/span><\/p><p><b>M.S.- Si en la Transici\u00f3n los mandos militares franquistas continuaron en sus puestos y fueron los que formaron a la siguiente generaci\u00f3n, y \u00e9sta a la siguiente, l\u00f3gico es que el franquismo siga impregnando el esp\u00edritu militar. Es de caj\u00f3n.\u00a0<\/b><\/p><p><span style=\"font-weight: 400;\">F.R.- Evidente. Ha faltado y falta pedagog\u00eda democr\u00e1tica en el seno de las Fuerzas Armadas. El Foro Milicia y Democracia se ha ofrecido al Gobierno para impartir formaci\u00f3n. Estamos a su disposici\u00f3n, a ver qu\u00e9 nos dicen.<\/span><\/p>\t\t\t\t\t\t\t\t<\/div>\n\t\t\t\t<\/div>\n\t\t\t\t\t<\/div>\n\t\t<\/div>\n\t\t\t\t\t<\/div>\n\t\t<\/section>\n\t\t\t\t<section class=\"elementor-section elementor-top-section elementor-element elementor-element-3b0ca24 elementor-section-boxed elementor-section-height-default elementor-section-height-default\" data-id=\"3b0ca24\" data-element_type=\"section\">\n\t\t\t\t\t\t<div class=\"elementor-container elementor-column-gap-default\">\n\t\t\t\t\t<div class=\"elementor-column elementor-col-100 elementor-top-column elementor-element elementor-element-d643e26\" data-id=\"d643e26\" data-element_type=\"column\">\n\t\t\t<div class=\"elementor-widget-wrap elementor-element-populated\">\n\t\t\t\t\t\t<div class=\"elementor-element elementor-element-12dae54 elementor-widget elementor-widget-heading\" data-id=\"12dae54\" data-element_type=\"widget\" data-widget_type=\"heading.default\">\n\t\t\t\t<div class=\"elementor-widget-container\">\n\t\t\t\t\t<h4 class=\"elementor-heading-title elementor-size-default\">\u201cHay poso franquista en el Ej\u00e9rcito y en la sociedad. Vox tiene m\u00e1s de 50 esca\u00f1os\u201d<\/h4>\t\t\t\t<\/div>\n\t\t\t\t<\/div>\n\t\t\t\t\t<\/div>\n\t\t<\/div>\n\t\t\t\t\t<\/div>\n\t\t<\/section>\n\t\t\t\t<\/div>\n\t\t","protected":false},"excerpt":{"rendered":"<p>\u201cQuien ha filtrado los chats de los militares retirados sab\u00eda el favor que les hac\u00eda\u201d Texto: Alejandra Acosta; fotos: Fran Lorente Lo primero que recuerda haber visto en su vida Fernando Reinlein (Barcelona, 75 a\u00f1os) fue una gorra militar. Nada raro si a uno le preceden seis generaciones de militares en la familia. Teniente coronel retirado y periodista -lleg\u00f3 a dirigir Diario 16-, preside en la actualidad el Foro Milicia y Democracia, heredero de la<span class=\"more-link\"><a href=\"https:\/\/madridsindical.es\/archivo\/2020\/12\/10\/entrevista-fernando-reinlein-teniente-coronel-retirado-y-presidente-del-foro-milicia-y-democracia\/\">Contin\u00faa leyendo<\/a><\/span><\/p>\n","protected":false},"author":1,"featured_media":2087,"comment_status":"closed","ping_status":"closed","sticky":false,"template":"","format":"standard","meta":{"footnotes":""},"categories":[25,3],"tags":[47],"class_list":["entry","author-madridsindical","post-2081","post","type-post","status-publish","format-standard","has-post-thumbnail","category-actualidad","category-entrevistas","tag-archivo"],"aioseo_notices":[],"_links":{"self":[{"href":"https:\/\/madridsindical.es\/archivo\/wp-json\/wp\/v2\/posts\/2081","targetHints":{"allow":["GET"]}}],"collection":[{"href":"https:\/\/madridsindical.es\/archivo\/wp-json\/wp\/v2\/posts"}],"about":[{"href":"https:\/\/madridsindical.es\/archivo\/wp-json\/wp\/v2\/types\/post"}],"author":[{"embeddable":true,"href":"https:\/\/madridsindical.es\/archivo\/wp-json\/wp\/v2\/users\/1"}],"replies":[{"embeddable":true,"href":"https:\/\/madridsindical.es\/archivo\/wp-json\/wp\/v2\/comments?post=2081"}],"version-history":[{"count":26,"href":"https:\/\/madridsindical.es\/archivo\/wp-json\/wp\/v2\/posts\/2081\/revisions"}],"predecessor-version":[{"id":2176,"href":"https:\/\/madridsindical.es\/archivo\/wp-json\/wp\/v2\/posts\/2081\/revisions\/2176"}],"wp:featuredmedia":[{"embeddable":true,"href":"https:\/\/madridsindical.es\/archivo\/wp-json\/wp\/v2\/media\/2087"}],"wp:attachment":[{"href":"https:\/\/madridsindical.es\/archivo\/wp-json\/wp\/v2\/media?parent=2081"}],"wp:term":[{"taxonomy":"category","embeddable":true,"href":"https:\/\/madridsindical.es\/archivo\/wp-json\/wp\/v2\/categories?post=2081"},{"taxonomy":"post_tag","embeddable":true,"href":"https:\/\/madridsindical.es\/archivo\/wp-json\/wp\/v2\/tags?post=2081"}],"curies":[{"name":"wp","href":"https:\/\/api.w.org\/{rel}","templated":true}]}}