{"id":2044,"date":"2020-11-24T22:29:53","date_gmt":"2020-11-24T22:29:53","guid":{"rendered":"https:\/\/madridsindical.es\/archivo\/?p=2044"},"modified":"2025-11-06T12:25:51","modified_gmt":"2025-11-06T12:25:51","slug":"minerva-patria-y-ma-teresa-las-hermanas-asesinadas-por-trujillo-que-inspiraron-el-25-n","status":"publish","type":"post","link":"https:\/\/madridsindical.es\/archivo\/2020\/11\/24\/minerva-patria-y-ma-teresa-las-hermanas-asesinadas-por-trujillo-que-inspiraron-el-25-n\/","title":{"rendered":"Minerva, Patria y M\u00aa Teresa, las hermanas asesinadas por Trujillo que inspiraron el 25-N\u00a0"},"content":{"rendered":"<p><b>\u201cQue no sigan asesinando a las mujeres, que nunca dejen de revolotear las mariposas\u201d<\/b><\/p>\n<p><span style=\"font-weight: 400;\">Cada <strong>25 de Noviembre<\/strong> conmemoramos el <strong>\u201cD\u00eda Internacional de la Eliminaci\u00f3n de la Violencia contra la Mujer\u201d<\/strong>. Es una jornada de denuncia, reivindicaci\u00f3n y memoria. Porque las mujeres tenemos memoria. A pesar del empe\u00f1o del patriarcado de silenciarnos y excluirnos de la Historia, es imposible ocultar el importante papel que las mujeres han representado en el devenir de la humanidad y su enorme talento como creadoras en el \u00e1mbito de las artes y la ciencia.\u00a0<\/span><\/p>\n<p><span style=\"font-weight: 400;\">Hoy recordamos a la <strong>Hermanas Mirabal<\/strong>, conocidas como <strong>\u2018las mariposas\u2019<\/strong>, activistas por la libertad y <strong>asesinadas en la Rep\u00fablica Dominicana<\/strong> el <strong>25 de noviembre de 1960<\/strong> por orden del sanguinario dictador <strong>Rafael Le\u00f3nidas Trujillo.<\/strong>\u00a0<\/span><\/p>\n<p><span style=\"font-weight: 400;\"><strong>Minerva, Patria y M\u00aa Teresa<\/strong> nacieron en el seno de una familia acomodada y tuvieron la oportunidad de formarse acad\u00e9micamente. Minerva, en concreto, se doctor\u00f3 en 1952 en Derecho con \u201cMagna Cum Laude\u201d. Fueron encarceladas, torturadas y violadas en varias ocasiones, pero ni aun as\u00ed consegu\u00edan apagar sus voces. Incluso se atrevieron a formar la llamada <strong>Agrupaci\u00f3n Pol\u00edtica 14 de Junio<\/strong> para hacer frente a la dictadura.\u00a0<\/span><\/p>\n<p><span style=\"font-weight: 400;\">El dictador Trujillo no estaba dispuesto a consentirlo y <strong>ordena al Servicio de Inteligencia Militar que las asesine<\/strong>. Las enga\u00f1an haci\u00e9ndoles creer que las van a llevar a ver a sus esposos, que estaban en prisi\u00f3n, y les tienden una emboscada. El 25 de noviembre de 1960, tras ser torturadas, golpeadas y ahorcadas, las introdujeron en un coche que lanzaron por un precipicio para simular un accidente.<\/span><\/p>\n<p><span style=\"font-weight: 400;\">Nadie crey\u00f3 esa versi\u00f3n y las Mirabal se convirtieron en un <strong>s\u00edmbolo de lucha en su pa\u00eds y en todo el mundo<\/strong>. Est\u00e1n enterradas en la localidad de <strong>Ojo de Agua<\/strong>, en la provincia de Salcedo, y existe un museo dedicado a ellas. Una cuarta\u00a0 hermana Adela, Ded\u00e9, sigue reivindicando su memoria de forma incansable.<\/span><\/p>\n<p><span style=\"font-weight: 400;\">En diciembre de <strong>1999 la Asamblea General de la<\/strong> <strong>ONU<\/strong> constituy\u00f3 el <strong>25 de Noviembre como el D\u00eda Internacional de la Eliminaci\u00f3n de la Violencia contra las Mujeres<\/strong>.\u00a0<\/span><\/p>\n<p><span style=\"font-weight: 400;\">Las Mirabal dejaron seis hu\u00e9rfanos, a sus esposos viudos y a un pa\u00eds que las lloraba. No eran pobres, no eran hombres, no eran soldados, pero <strong>alzaron sus voces sin miedo,<\/strong> y hoy su memoria impulsa a millones de mariposas que luchan por seguir volando libres.\u00a0<\/span><\/p>\n<p><b>Pilar Morales Pacheco, Secretaria de las Mujeres de CCOO de Madrid<\/b><\/p>\n","protected":false},"excerpt":{"rendered":"<p>\u201cQue no sigan asesinando a las mujeres, que nunca dejen de revolotear las mariposas\u201d Cada 25 de Noviembre conmemoramos el \u201cD\u00eda Internacional de la Eliminaci\u00f3n de la Violencia contra la Mujer\u201d. Es una jornada de denuncia, reivindicaci\u00f3n y memoria. Porque las mujeres tenemos memoria. A pesar del empe\u00f1o del patriarcado de silenciarnos y excluirnos de la Historia, es imposible ocultar el importante papel que las mujeres han representado en el devenir de la humanidad y<span class=\"more-link\"><a href=\"https:\/\/madridsindical.es\/archivo\/2020\/11\/24\/minerva-patria-y-ma-teresa-las-hermanas-asesinadas-por-trujillo-que-inspiraron-el-25-n\/\">Contin\u00faa leyendo<\/a><\/span><\/p>\n","protected":false},"author":1,"featured_media":2046,"comment_status":"closed","ping_status":"closed","sticky":false,"template":"","format":"standard","meta":{"footnotes":""},"categories":[25],"tags":[47],"class_list":["entry","author-madridsindical","post-2044","post","type-post","status-publish","format-standard","has-post-thumbnail","category-actualidad","tag-archivo"],"aioseo_notices":[],"_links":{"self":[{"href":"https:\/\/madridsindical.es\/archivo\/wp-json\/wp\/v2\/posts\/2044","targetHints":{"allow":["GET"]}}],"collection":[{"href":"https:\/\/madridsindical.es\/archivo\/wp-json\/wp\/v2\/posts"}],"about":[{"href":"https:\/\/madridsindical.es\/archivo\/wp-json\/wp\/v2\/types\/post"}],"author":[{"embeddable":true,"href":"https:\/\/madridsindical.es\/archivo\/wp-json\/wp\/v2\/users\/1"}],"replies":[{"embeddable":true,"href":"https:\/\/madridsindical.es\/archivo\/wp-json\/wp\/v2\/comments?post=2044"}],"version-history":[{"count":1,"href":"https:\/\/madridsindical.es\/archivo\/wp-json\/wp\/v2\/posts\/2044\/revisions"}],"predecessor-version":[{"id":2047,"href":"https:\/\/madridsindical.es\/archivo\/wp-json\/wp\/v2\/posts\/2044\/revisions\/2047"}],"wp:featuredmedia":[{"embeddable":true,"href":"https:\/\/madridsindical.es\/archivo\/wp-json\/wp\/v2\/media\/2046"}],"wp:attachment":[{"href":"https:\/\/madridsindical.es\/archivo\/wp-json\/wp\/v2\/media?parent=2044"}],"wp:term":[{"taxonomy":"category","embeddable":true,"href":"https:\/\/madridsindical.es\/archivo\/wp-json\/wp\/v2\/categories?post=2044"},{"taxonomy":"post_tag","embeddable":true,"href":"https:\/\/madridsindical.es\/archivo\/wp-json\/wp\/v2\/tags?post=2044"}],"curies":[{"name":"wp","href":"https:\/\/api.w.org\/{rel}","templated":true}]}}