{"id":1954,"date":"2020-11-23T16:46:18","date_gmt":"2020-11-23T16:46:18","guid":{"rendered":"https:\/\/madridsindical.es\/archivo\/?p=1954"},"modified":"2025-11-06T12:25:51","modified_gmt":"2025-11-06T12:25:51","slug":"entrevista-esther-ramos-matos-psicologa-especialista-en-atencion-a-mujeres-maltratadas","status":"publish","type":"post","link":"https:\/\/madridsindical.es\/archivo\/2020\/11\/23\/entrevista-esther-ramos-matos-psicologa-especialista-en-atencion-a-mujeres-maltratadas\/","title":{"rendered":"Entrevista: Esther Ramos Matos, psic\u00f3loga especialista en atenci\u00f3n a mujeres maltratadas"},"content":{"rendered":"\t\t<div data-elementor-type=\"wp-post\" data-elementor-id=\"1954\" class=\"elementor elementor-1954\">\n\t\t\t\t\t\t<section class=\"elementor-section elementor-top-section elementor-element elementor-element-0add5d9 elementor-section-boxed elementor-section-height-default elementor-section-height-default\" data-id=\"0add5d9\" data-element_type=\"section\">\n\t\t\t\t\t\t<div class=\"elementor-container elementor-column-gap-default\">\n\t\t\t\t\t<div class=\"elementor-column elementor-col-100 elementor-top-column elementor-element elementor-element-437c8d4\" data-id=\"437c8d4\" data-element_type=\"column\">\n\t\t\t<div class=\"elementor-widget-wrap elementor-element-populated\">\n\t\t\t\t\t\t<div class=\"elementor-element elementor-element-3fa486b elementor-widget elementor-widget-heading\" data-id=\"3fa486b\" data-element_type=\"widget\" data-widget_type=\"heading.default\">\n\t\t\t\t<div class=\"elementor-widget-container\">\n\t\t\t\t\t<h2 class=\"elementor-heading-title elementor-size-default\">\u201cEl machismo encubierto est\u00e1 a la orden del d\u00eda y es muy peligroso\u201d<\/h2>\t\t\t\t<\/div>\n\t\t\t\t<\/div>\n\t\t\t\t\t<\/div>\n\t\t<\/div>\n\t\t\t\t\t<\/div>\n\t\t<\/section>\n\t\t\t\t<section class=\"elementor-section elementor-top-section elementor-element elementor-element-f7b72fd elementor-section-boxed elementor-section-height-default elementor-section-height-default\" data-id=\"f7b72fd\" data-element_type=\"section\">\n\t\t\t\t\t\t<div class=\"elementor-container elementor-column-gap-default\">\n\t\t\t\t\t<div class=\"elementor-column elementor-col-100 elementor-top-column elementor-element elementor-element-5088e33\" data-id=\"5088e33\" data-element_type=\"column\">\n\t\t\t<div class=\"elementor-widget-wrap elementor-element-populated\">\n\t\t\t\t\t\t<div class=\"elementor-element elementor-element-9e0a136 elementor-widget elementor-widget-text-editor\" data-id=\"9e0a136\" data-element_type=\"widget\" data-widget_type=\"text-editor.default\">\n\t\t\t\t<div class=\"elementor-widget-container\">\n\t\t\t\t\t\t\t\t\t<p><b>El patriarcado no est\u00e1 dispuesto a soltar a su presa. El machismo hostil y autoritario ha mutado y coexiste con un sexismo de tono afectivo benevolente<\/b><span style=\"font-weight: 400;\">, <\/span><b>m\u00e1s refinado y sutil, y hay que aprender a identificarlo. Nos va la vida en ello. Madrid Sindical ha entrevistado a una autoridad en la materia, la psic\u00f3loga Esther Ramos Matos, quien lleva desde 1986 atendiendo a mujeres maltratadas y dise\u00f1\u00f3 en Espa\u00f1a los primeros protocolos de detecci\u00f3n y prevenci\u00f3n de violencia machista.\u00a0<\/b><\/p>\t\t\t\t\t\t\t\t<\/div>\n\t\t\t\t<\/div>\n\t\t\t\t\t<\/div>\n\t\t<\/div>\n\t\t\t\t\t<\/div>\n\t\t<\/section>\n\t\t\t\t<section class=\"elementor-section elementor-top-section elementor-element elementor-element-20b5ab8 elementor-section-boxed elementor-section-height-default elementor-section-height-default\" data-id=\"20b5ab8\" data-element_type=\"section\">\n\t\t\t\t\t\t<div class=\"elementor-container elementor-column-gap-default\">\n\t\t\t\t\t<div class=\"elementor-column elementor-col-100 elementor-top-column elementor-element elementor-element-c84fd0e\" data-id=\"c84fd0e\" data-element_type=\"column\">\n\t\t\t<div class=\"elementor-widget-wrap elementor-element-populated\">\n\t\t\t\t\t\t<div class=\"elementor-element elementor-element-4af2db2 elementor-widget elementor-widget-text-editor\" data-id=\"4af2db2\" data-element_type=\"widget\" data-widget_type=\"text-editor.default\">\n\t\t\t\t<div class=\"elementor-widget-container\">\n\t\t\t\t\t\t\t\t\t<p><strong>Texto: Alejandra Acosta; f<\/strong><strong>otos: Fran Lorente; v<\/strong><strong>\u00eddeo: Fran Lorente, Javier Cantizani<\/strong><\/p>\t\t\t\t\t\t\t\t<\/div>\n\t\t\t\t<\/div>\n\t\t\t\t\t<\/div>\n\t\t<\/div>\n\t\t\t\t\t<\/div>\n\t\t<\/section>\n\t\t\t\t<section class=\"elementor-section elementor-top-section elementor-element elementor-element-3fb43b3 elementor-section-boxed elementor-section-height-default elementor-section-height-default\" data-id=\"3fb43b3\" data-element_type=\"section\">\n\t\t\t\t\t\t<div class=\"elementor-container elementor-column-gap-default\">\n\t\t\t\t\t<div class=\"elementor-column elementor-col-100 elementor-top-column elementor-element elementor-element-b215504\" data-id=\"b215504\" data-element_type=\"column\">\n\t\t\t<div class=\"elementor-widget-wrap elementor-element-populated\">\n\t\t\t\t\t\t<div class=\"elementor-element elementor-element-59c063a elementor-widget elementor-widget-text-editor\" data-id=\"59c063a\" data-element_type=\"widget\" data-widget_type=\"text-editor.default\">\n\t\t\t\t<div class=\"elementor-widget-container\">\n\t\t\t\t\t\t\t\t\t<p><span style=\"font-weight: 400;\">Cuando <strong>Esther Ramos Matos<\/strong>, una veintea\u00f1era reci\u00e9n licenciada en psicolog\u00eda, escuch\u00f3 por primera vez que casi un <strong>centenar de mujeres hab\u00edan sido asesinadas<\/strong> en solo un a\u00f1o por sus parejas o ex parejas se qued\u00f3 petrificada. Aunque han pasado siete lustros desde entonces, Esther\u00a0 (Valladolid, 59 a\u00f1os) no olvida el estremecimiento que le invadi\u00f3 aquel d\u00eda del mes de diciembre de 1986, cuando aterriz\u00f3 en la <strong>Asociaci\u00f3n de Mujeres Separadas y Divorciadas<\/strong>, con sede en Madrid, para iniciar una camino profesional que la ha convertido en una\u00a0 autoridad en Espa\u00f1a tanto en la atenci\u00f3n a mujeres v\u00edctimas de violencia machista como en la investigaci\u00f3n, formaci\u00f3n y prevenci\u00f3n de la misma en menores y adolescentes.\u00a0<\/span><\/p><p><span style=\"font-weight: 400;\">En la d\u00e9cada de los ochenta la violencia machista no exist\u00eda como tal en la conciencia colectiva. No hab\u00eda un t\u00e9rmino que la nombrara ni leyes que ampararan a las v\u00edctimas, no hab\u00eda comprensi\u00f3n ni sensibilizaci\u00f3n hacia el enorme sufrimiento de quienes viv\u00edan un infierno cotidiano en el seno de la \u2018sagrada\u2019 instituci\u00f3n matrimonial y no exist\u00edan, por tanto, especialistas, ni polic\u00edas ni juzgados que pudieran ayudarlas ni protegerlas. Tampoco se publicaban cifras oficiales de los asesinatos machistas. Si Esther Ramos tuvo conocimiento de un n\u00famero concreto de v\u00edctimas en 1986 fue porque la Asociaci\u00f3n de Mujeres Separadas y Divorciadas elaboraba sus propias estad\u00edsticas recopilando informaci\u00f3n en los archivos de Polic\u00eda y Guardia Civil, juzgados y en recortes de peri\u00f3dicos en los que estos cr\u00edmenes se tildaban de pasionales y se arrinconaban en la secci\u00f3n de sucesos como algo excepcional.<\/span><\/p>\t\t\t\t\t\t\t\t<\/div>\n\t\t\t\t<\/div>\n\t\t\t\t\t<\/div>\n\t\t<\/div>\n\t\t\t\t\t<\/div>\n\t\t<\/section>\n\t\t\t\t<section class=\"elementor-section elementor-top-section elementor-element elementor-element-269943f elementor-section-boxed elementor-section-height-default elementor-section-height-default\" data-id=\"269943f\" data-element_type=\"section\">\n\t\t\t\t\t\t<div class=\"elementor-container elementor-column-gap-default\">\n\t\t\t\t\t<div class=\"elementor-column elementor-col-100 elementor-top-column elementor-element elementor-element-0af38fe\" data-id=\"0af38fe\" data-element_type=\"column\">\n\t\t\t<div class=\"elementor-widget-wrap elementor-element-populated\">\n\t\t\t\t\t\t<div class=\"elementor-element elementor-element-3844837 elementor-widget elementor-widget-heading\" data-id=\"3844837\" data-element_type=\"widget\" data-widget_type=\"heading.default\">\n\t\t\t\t<div class=\"elementor-widget-container\">\n\t\t\t\t\t<h4 class=\"elementor-heading-title elementor-size-default\">\u201cHay muchos m\u00e1s casos de maltrato que no llegan a los Juzgados de Violencia que denuncias falsas\u201d<\/h4>\t\t\t\t<\/div>\n\t\t\t\t<\/div>\n\t\t\t\t\t<\/div>\n\t\t<\/div>\n\t\t\t\t\t<\/div>\n\t\t<\/section>\n\t\t\t\t<section class=\"elementor-section elementor-top-section elementor-element elementor-element-fddd97a elementor-section-boxed elementor-section-height-default elementor-section-height-default\" data-id=\"fddd97a\" data-element_type=\"section\">\n\t\t\t\t\t\t<div class=\"elementor-container elementor-column-gap-default\">\n\t\t\t\t\t<div class=\"elementor-column elementor-col-100 elementor-top-column elementor-element elementor-element-a116241\" data-id=\"a116241\" data-element_type=\"column\">\n\t\t\t<div class=\"elementor-widget-wrap elementor-element-populated\">\n\t\t\t\t\t\t<div class=\"elementor-element elementor-element-091556a elementor-widget elementor-widget-text-editor\" data-id=\"091556a\" data-element_type=\"widget\" data-widget_type=\"text-editor.default\">\n\t\t\t\t<div class=\"elementor-widget-container\">\n\t\t\t\t\t\t\t\t\t<p><span style=\"font-weight: 400;\">As\u00ed fue hasta 1997. Ese a\u00f1o, el 4 de diciembre, una mujer de Granada, <strong>Ana Orantes<\/strong> narr\u00f3 en un programa de televisi\u00f3n en Canal Sur las atrocidades a las que su marido, Jos\u00e9 Parejo, la somet\u00eda desde hac\u00eda 40 a\u00f1os. Trece d\u00edas despu\u00e9s de su testimonio en televisi\u00f3n el marido <strong>la mat\u00f3<\/strong> roci\u00e1ndola con combustible. El <strong>terrorismo machista<\/strong> dio la cara ante la opini\u00f3n p\u00fablica como nunca antes lo hab\u00eda hecho. Este escalofriante caso, de enorme repercusi\u00f3n, supuso un antes y un despu\u00e9s en la visibilizaci\u00f3n de la violencia machista, que logr\u00f3 hacerse un hueco en el C\u00f3digo Penal. Fue un avance contra la impunidad de los asesinos, pero la batalla por el reconocimiento de la existencia de un tipo de violencia ejercida contra la mujer por el solo hecho de serlo no estaba ganada. <strong>Ni lo est\u00e1<\/strong>. El entonces vicepresidente del Gobierno Francisco \u00c1lvarez Cascos consider\u00f3 el de Ana Orantes un \u201ccaso aislado\u201d. Tendr\u00edan que pasar siete a\u00f1os, y muchos asesinatos m\u00e1s, para que el Parlamento espa\u00f1ol aprobara, en <strong>2004, la Ley Org\u00e1nica de Medidas de Protecci\u00f3n Integral contra la Violencia de G\u00e9nero<\/strong>. \u201cNadie nos ha regalado nada\u201d, subraya Esther Ramos. <\/span><i><span style=\"font-weight: 400;\">\u201c<strong>Las asociaciones de mujeres han peleado mucho<\/strong> para que hubiera leyes de divorcio, para legalizar el aborto, contra la violencia de g\u00e9nero, para avanzar en igualdad\u2026 Y somos las mujeres quienes seguimos batallando\u201d.<\/span><\/i><\/p>\t\t\t\t\t\t\t\t<\/div>\n\t\t\t\t<\/div>\n\t\t\t\t\t<\/div>\n\t\t<\/div>\n\t\t\t\t\t<\/div>\n\t\t<\/section>\n\t\t\t\t<section class=\"elementor-section elementor-top-section elementor-element elementor-element-b71a6a3 elementor-section-boxed elementor-section-height-default elementor-section-height-default\" data-id=\"b71a6a3\" data-element_type=\"section\">\n\t\t\t\t\t\t<div class=\"elementor-container elementor-column-gap-default\">\n\t\t\t\t\t<div class=\"elementor-column elementor-col-100 elementor-top-column elementor-element elementor-element-d17a06d\" data-id=\"d17a06d\" data-element_type=\"column\">\n\t\t\t<div class=\"elementor-widget-wrap elementor-element-populated\">\n\t\t\t\t\t\t<div class=\"elementor-element elementor-element-c870310 elementor-widget elementor-widget-heading\" data-id=\"c870310\" data-element_type=\"widget\" data-widget_type=\"heading.default\">\n\t\t\t\t<div class=\"elementor-widget-container\">\n\t\t\t\t\t<h4 class=\"elementor-heading-title elementor-size-default\">\u201cDe nuevo las chicas se ven presionadas a ejercer una sexualidad al servicio del var\u00f3n\u201d<\/h4>\t\t\t\t<\/div>\n\t\t\t\t<\/div>\n\t\t\t\t\t<\/div>\n\t\t<\/div>\n\t\t\t\t\t<\/div>\n\t\t<\/section>\n\t\t\t\t<section class=\"elementor-section elementor-top-section elementor-element elementor-element-88758cc elementor-section-boxed elementor-section-height-default elementor-section-height-default\" data-id=\"88758cc\" data-element_type=\"section\">\n\t\t\t\t\t\t<div class=\"elementor-container elementor-column-gap-default\">\n\t\t\t\t\t<div class=\"elementor-column elementor-col-100 elementor-top-column elementor-element elementor-element-41de572\" data-id=\"41de572\" data-element_type=\"column\">\n\t\t\t<div class=\"elementor-widget-wrap elementor-element-populated\">\n\t\t\t\t\t\t<div class=\"elementor-element elementor-element-5afee72 elementor-widget elementor-widget-text-editor\" data-id=\"5afee72\" data-element_type=\"widget\" data-widget_type=\"text-editor.default\">\n\t\t\t\t<div class=\"elementor-widget-container\">\n\t\t\t\t\t\t\t\t\t<p><span style=\"font-weight: 400;\">En 1998, Ramos pens\u00f3 que no era suficiente con intervenir cuando el da\u00f1o estaba hecho y empez\u00f3 a interesarse por la prevenci\u00f3n a ra\u00edz de trabajar con ni\u00f1os, ni\u00f1as y adolescentes residentes en el <strong>Centro de Atenci\u00f3n, Recuperaci\u00f3n y Reinserci\u00f3n de Mujeres Maltratadas<\/strong>. De esta experiencia surgieron los primeros programas de prevenci\u00f3n en Espa\u00f1a. En 2000 dirigi\u00f3 una investigaci\u00f3n en la localidad madrile\u00f1a de Tres Cantos que sirvi\u00f3 de base para el <strong>Proyecto Detecta<\/strong>, auspiciado por la <strong>Fundaci\u00f3n Mujeres y la UNED<\/strong>. De aqu\u00ed nacieron la <strong>Escala DSA<\/strong> (Detecci\u00f3n de Sexismo en Adolescentes) y la gu\u00eda \u201c<strong>Prevenir la violencia de g\u00e9nero en la educaci\u00f3n<\/strong>\u201d (Ramos, E.Luz\u00f3n JM 2009). En 2010, realiz\u00f3 una nueva investigaci\u00f3n por encargo de la Junta de Andaluc\u00eda centrada en el impacto en menores expuestos a violencia de g\u00e9nero. Fruto de la misma se dise\u00f1\u00f3 un <strong>protocolo de intervenci\u00f3n<\/strong> espec\u00edfico, que est\u00e1 publicado. Tambi\u00e9n ha sido tutora de pr\u00e1cticas y ha ense\u00f1ado protocolos de intervenci\u00f3n de violencia de g\u00e9nero a varias promociones del M\u00e1ster de Cl\u00ednica en la Facultad de Psicolog\u00eda de la Universidad Aut\u00f3noma (UAM).<\/span><\/p>\t\t\t\t\t\t\t\t<\/div>\n\t\t\t\t<\/div>\n\t\t\t\t\t<\/div>\n\t\t<\/div>\n\t\t\t\t\t<\/div>\n\t\t<\/section>\n\t\t\t\t<section class=\"elementor-section elementor-top-section elementor-element elementor-element-e30649f elementor-section-boxed elementor-section-height-default elementor-section-height-default\" data-id=\"e30649f\" data-element_type=\"section\">\n\t\t\t\t\t\t<div class=\"elementor-container elementor-column-gap-default\">\n\t\t\t\t\t<div class=\"elementor-column elementor-col-100 elementor-top-column elementor-element elementor-element-5e0913c\" data-id=\"5e0913c\" data-element_type=\"column\">\n\t\t\t<div class=\"elementor-widget-wrap elementor-element-populated\">\n\t\t\t\t\t\t<div class=\"elementor-element elementor-element-f557d89 elementor-widget elementor-widget-image\" data-id=\"f557d89\" data-element_type=\"widget\" data-widget_type=\"image.default\">\n\t\t\t\t<div class=\"elementor-widget-container\">\n\t\t\t\t\t\t\t\t\t\t\t\t\t\t\t<img fetchpriority=\"high\" decoding=\"async\" width=\"683\" height=\"1024\" src=\"https:\/\/madridsindical.es\/archivo\/wp-content\/uploads\/2020\/11\/IMG_7538-683x1024.jpg\" class=\"attachment-large size-large wp-image-1956\" alt=\"\" srcset=\"https:\/\/madridsindical.es\/archivo\/wp-content\/uploads\/2020\/11\/IMG_7538-683x1024.jpg 683w, https:\/\/madridsindical.es\/archivo\/wp-content\/uploads\/2020\/11\/IMG_7538-200x300.jpg 200w, https:\/\/madridsindical.es\/archivo\/wp-content\/uploads\/2020\/11\/IMG_7538-768x1152.jpg 768w, https:\/\/madridsindical.es\/archivo\/wp-content\/uploads\/2020\/11\/IMG_7538-1024x1536.jpg 1024w, https:\/\/madridsindical.es\/archivo\/wp-content\/uploads\/2020\/11\/IMG_7538-1365x2048.jpg 1365w, https:\/\/madridsindical.es\/archivo\/wp-content\/uploads\/2020\/11\/IMG_7538-367x550.jpg 367w, https:\/\/madridsindical.es\/archivo\/wp-content\/uploads\/2020\/11\/IMG_7538-333x500.jpg 333w, https:\/\/madridsindical.es\/archivo\/wp-content\/uploads\/2020\/11\/IMG_7538-scaled.jpg 1707w\" sizes=\"(max-width: 683px) 100vw, 683px\" \/>\t\t\t\t\t\t\t\t\t\t\t\t\t\t\t<\/div>\n\t\t\t\t<\/div>\n\t\t\t\t\t<\/div>\n\t\t<\/div>\n\t\t\t\t\t<\/div>\n\t\t<\/section>\n\t\t\t\t<section class=\"elementor-section elementor-top-section elementor-element elementor-element-697db66 elementor-section-boxed elementor-section-height-default elementor-section-height-default\" data-id=\"697db66\" data-element_type=\"section\">\n\t\t\t\t\t\t<div class=\"elementor-container elementor-column-gap-default\">\n\t\t\t\t\t<div class=\"elementor-column elementor-col-100 elementor-top-column elementor-element elementor-element-04fde09\" data-id=\"04fde09\" data-element_type=\"column\">\n\t\t\t<div class=\"elementor-widget-wrap elementor-element-populated\">\n\t\t\t\t\t\t<div class=\"elementor-element elementor-element-3fbaeaa elementor-widget elementor-widget-text-editor\" data-id=\"3fbaeaa\" data-element_type=\"widget\" data-widget_type=\"text-editor.default\">\n\t\t\t\t<div class=\"elementor-widget-container\">\n\t\t\t\t\t\t\t\t\t<p><b>Madrid Sindical (MS).<\/b><span style=\"font-weight: 400;\"> Esther, usted se form\u00f3 como psic\u00f3loga en los a\u00f1os ochenta. \u00bfSe abordaba en la ense\u00f1anza universitaria\u00a0 la violencia contra las mujeres y sus secuelas?<\/span><\/p><p><b>Esther Ramos (ER).<\/b><span style=\"font-weight: 400;\"> No. Ni hab\u00eda cursos. Nada de nada. Yo me forj\u00e9 en la Asociaci\u00f3n de Mujeres Separadas y Divorciadas a base de ensayo-error.<\/span><\/p><p><b>MS.- Imagino que ni las propias mujeres maltratadas se identificaban como v\u00edctimas de violencia machista<\/b><\/p><p>ER.- En aquella \u00e9poca, sin palizas de por medio muchas mujeres no se identificaban como maltratadas, a pesar de que llegaban a la Asociaci\u00f3n con graves secuelas emocionales y psicol\u00f3gicas fruto de las humillaciones, insultos, desprecio, control\u2026<\/p><p><b>MS.- \u00bfQu\u00e9 otras agresiones no se identificaban como tales?<\/b><\/p><p><span style=\"font-weight: 400;\">ER.- Las agresiones sexuales dentro del matrimonio. Aunque el \u2018d\u00e9bito conyugal\u2019 ya no exist\u00eda, todav\u00eda muchas mujeres casadas desconoc\u00edan que no estaban obligadas a mantener relaciones sexuales sin su consentimiento. Y si se daba el caso y tratabas de haceles entender que eso es un delito contra la libertad sexual contestaban sorprendidas \u201c\u00a1pero si es mi marido!\u201d.\u00a0<\/span><\/p><p><b>MS.-La dependencia econ\u00f3mica de las mujer respecto al marido era tambi\u00e9n mucho m\u00e1s habitual hace tres d\u00e9cadas.<\/b><\/p><p><span style=\"font-weight: 400;\">ER.- Sin duda. Era normal depender completamente de los recursos que generaba el marido y cuando las mujeres intentaban trabajar fuera de casa se topaban con su oposici\u00f3n recalcitrante a sabiendas de que la independencia econ\u00f3mica de la mujer le dificultaba atarla en corto. Hoy no es as\u00ed, ha aumentado el porcentaje de mujeres con capacidad para generar sus propios recursos, sin embargo la brecha salarial se refleja en los relatos de las pacientes. \u00a0 Y sigue habiendo resistencia por parte de ellos a incorporarse a las tareas dom\u00e9sticas y de cuidados, con lo cual la mujer realiza una doble jornada que le provoca unos niveles de estr\u00e9s y sobrecarga brutales. Es otra forma de abuso habitual en el perfil de mujer maltratada y hacia el que hay bastante tolerancia social. Por no hablar de que si hay que sacrificar carrera profesional durante la crianza casi siempre le toca hacerlo\u00a0 a la mujer <\/span><\/p>\t\t\t\t\t\t\t\t<\/div>\n\t\t\t\t<\/div>\n\t\t\t\t\t<\/div>\n\t\t<\/div>\n\t\t\t\t\t<\/div>\n\t\t<\/section>\n\t\t\t\t<section class=\"elementor-section elementor-top-section elementor-element elementor-element-c6498ff elementor-section-boxed elementor-section-height-default elementor-section-height-default\" data-id=\"c6498ff\" data-element_type=\"section\">\n\t\t\t\t\t\t<div class=\"elementor-container elementor-column-gap-default\">\n\t\t\t\t\t<div class=\"elementor-column elementor-col-100 elementor-top-column elementor-element elementor-element-e00d08d\" data-id=\"e00d08d\" data-element_type=\"column\">\n\t\t\t<div class=\"elementor-widget-wrap elementor-element-populated\">\n\t\t\t\t\t\t<div class=\"elementor-element elementor-element-21fb53c elementor-position-left elementor-view-default elementor-mobile-position-top elementor-widget elementor-widget-icon-box\" data-id=\"21fb53c\" data-element_type=\"widget\" data-widget_type=\"icon-box.default\">\n\t\t\t\t<div class=\"elementor-widget-container\">\n\t\t\t\t\t\t\t<div class=\"elementor-icon-box-wrapper\">\n\n\t\t\t\t\t\t<div class=\"elementor-icon-box-icon\">\n\t\t\t\t<a href=\"https:\/\/www.youtube.com\/watch?v=87w8d1TWD9s\" class=\"elementor-icon\" tabindex=\"-1\" aria-label=\"En V\u00eddeo\">\n\t\t\t\t<i aria-hidden=\"true\" class=\"fas fa-play-circle\"><\/i>\t\t\t\t<\/a>\n\t\t\t<\/div>\n\t\t\t\n\t\t\t\t\t\t<div class=\"elementor-icon-box-content\">\n\n\t\t\t\t\t\t\t\t\t<h3 class=\"elementor-icon-box-title\">\n\t\t\t\t\t\t<a href=\"https:\/\/www.youtube.com\/watch?v=87w8d1TWD9s\" >\n\t\t\t\t\t\t\tEn V\u00eddeo\t\t\t\t\t\t<\/a>\n\t\t\t\t\t<\/h3>\n\t\t\t\t\n\t\t\t\t\t\t\t\t\t<p class=\"elementor-icon-box-description\">\n\t\t\t\t\t\tEntrevista a Esther Ramos Martos, psic\u00f3loga especialista en atenci\u00f3n a mujeres maltratadas\t\t\t\t\t<\/p>\n\t\t\t\t\n\t\t\t<\/div>\n\t\t\t\n\t\t<\/div>\n\t\t\t\t\t\t<\/div>\n\t\t\t\t<\/div>\n\t\t\t\t\t<\/div>\n\t\t<\/div>\n\t\t\t\t\t<\/div>\n\t\t<\/section>\n\t\t\t\t<section class=\"elementor-section elementor-top-section elementor-element elementor-element-d2f99df elementor-section-boxed elementor-section-height-default elementor-section-height-default\" data-id=\"d2f99df\" data-element_type=\"section\">\n\t\t\t\t\t\t<div class=\"elementor-container elementor-column-gap-default\">\n\t\t\t\t\t<div class=\"elementor-column elementor-col-100 elementor-top-column elementor-element elementor-element-7383886\" data-id=\"7383886\" data-element_type=\"column\">\n\t\t\t<div class=\"elementor-widget-wrap elementor-element-populated\">\n\t\t\t\t\t\t<div class=\"elementor-element elementor-element-4f3347d elementor-widget elementor-widget-video\" data-id=\"4f3347d\" data-element_type=\"widget\" data-settings=\"{&quot;youtube_url&quot;:&quot;https:\\\/\\\/www.youtube.com\\\/watch?v=87w8d1TWD9s&amp;feature=youtu.be&quot;,&quot;video_type&quot;:&quot;youtube&quot;,&quot;controls&quot;:&quot;yes&quot;}\" data-widget_type=\"video.default\">\n\t\t\t\t<div class=\"elementor-widget-container\">\n\t\t\t\t\t\t\t<div class=\"elementor-wrapper elementor-open-inline\">\n\t\t\t<div class=\"elementor-video\"><\/div>\t\t<\/div>\n\t\t\t\t\t\t<\/div>\n\t\t\t\t<\/div>\n\t\t\t\t\t<\/div>\n\t\t<\/div>\n\t\t\t\t\t<\/div>\n\t\t<\/section>\n\t\t\t\t<section class=\"elementor-section elementor-top-section elementor-element elementor-element-e9b2eba elementor-section-boxed elementor-section-height-default elementor-section-height-default\" data-id=\"e9b2eba\" data-element_type=\"section\">\n\t\t\t\t\t\t<div class=\"elementor-container elementor-column-gap-default\">\n\t\t\t\t\t<div class=\"elementor-column elementor-col-100 elementor-top-column elementor-element elementor-element-dca98e1\" data-id=\"dca98e1\" data-element_type=\"column\">\n\t\t\t<div class=\"elementor-widget-wrap elementor-element-populated\">\n\t\t\t\t\t\t<div class=\"elementor-element elementor-element-1f05945 elementor-widget elementor-widget-text-editor\" data-id=\"1f05945\" data-element_type=\"widget\" data-widget_type=\"text-editor.default\">\n\t\t\t\t<div class=\"elementor-widget-container\">\n\t\t\t\t\t\t\t\t\t<p><b>MS.- Cuando una mujer llega a su consulta por problemas con su pareja, \u00bfc\u00f3mo eval\u00faa si es un conflicto entre dos adultos o es violencia sexista?<\/b><\/p><p><span style=\"font-weight: 400;\">ER.- La violencia sexista se caracteriza porque quien la ejerce ha interiorizado un sistema de creencias que legitima la autoridad y superioridad del hombre sobre la mujer. Este sistema es el patriarcado. Por eso es tan frecuente que los hombres que maltratan a sus compa\u00f1eras tengan caracter\u00edsticas de doble fachada, es decir, pueden ser encantadores en otros contextos y en el resto de sus relaciones. En cambio, una relaci\u00f3n de conflicto son dos partes que no se entienden, que se llevan mal, donde las agresiones son bidireccionales y ninguna tiene miedo a la otra. Pero si el hombre intenta establecer una relaci\u00f3n de dominio, de posesi\u00f3n, de ventaja, de privilegio, est\u00e1 claro que hay abuso. Y en este caso, lo primero que eval\u00fao son las estrategias de coacci\u00f3n que utiliza para ejercerlo. Entre ellas, aislar, desvalorizar, amenazar, intimidar, abuso econ\u00f3mico,\u2026 Pero, cuidado, todas estas\u00a0 estrategias tienen versiones sutiles e indirectas, y son muy peligrosas porque la v\u00edctima no las identifica tan f\u00e1cilmente.<\/span><\/p><p><b>MS.- Uf\u2026 D\u00edganos algunas, por favor.<\/b><\/p><p><span style=\"font-weight: 400;\">ER.- Por ejemplo, cuando el maltratador no te proh\u00edbe directamente que salgas o no te dice expresamente que no venga tu familia de visita, pero cuando sales o vienen a verte provoca situaciones tan tensas que ya tu misma te encargas de evitarlo para no pasar el mal rato.\u00a0 Hay una estrategia muy sutil que se da en las primeras fases de noviazgo. Es la de hacerte sentir que relacionarte con los dem\u00e1s es abandonarle a \u00e9l. El discurso es el de \u201ct\u00fa que para m\u00ed eres lo primero, la prioridad, lo que yo m\u00e1s quiero, y sin embargo t\u00fa no me quieres igual\u201d. O que cada vez que te apuntas a una tarde de chicas cuando vuelves \u00e9l te monta un pollo por causas aparentemente ajenas a que te hayas ido con tus amigas. Consiguen, poco a poco,\u00a0 que t\u00fa misma te a\u00edsles.\u00a0<\/span><\/p>\t\t\t\t\t\t\t\t<\/div>\n\t\t\t\t<\/div>\n\t\t\t\t\t<\/div>\n\t\t<\/div>\n\t\t\t\t\t<\/div>\n\t\t<\/section>\n\t\t\t\t<section class=\"elementor-section elementor-top-section elementor-element elementor-element-3575ea3 elementor-section-boxed elementor-section-height-default elementor-section-height-default\" data-id=\"3575ea3\" data-element_type=\"section\">\n\t\t\t\t\t\t<div class=\"elementor-container elementor-column-gap-default\">\n\t\t\t\t\t<div class=\"elementor-column elementor-col-100 elementor-top-column elementor-element elementor-element-9122372\" data-id=\"9122372\" data-element_type=\"column\">\n\t\t\t<div class=\"elementor-widget-wrap elementor-element-populated\">\n\t\t\t\t\t\t<div class=\"elementor-element elementor-element-552ce1d elementor-widget elementor-widget-heading\" data-id=\"552ce1d\" data-element_type=\"widget\" data-widget_type=\"heading.default\">\n\t\t\t\t<div class=\"elementor-widget-container\">\n\t\t\t\t\t<h4 class=\"elementor-heading-title elementor-size-default\">Afirmar que \u201cpara un hombre, una mujer fr\u00e1gil tiene un encanto especial\u201d es sexismo encubierto<\/h4>\t\t\t\t<\/div>\n\t\t\t\t<\/div>\n\t\t\t\t\t<\/div>\n\t\t<\/div>\n\t\t\t\t\t<\/div>\n\t\t<\/section>\n\t\t\t\t<section class=\"elementor-section elementor-top-section elementor-element elementor-element-2154952 elementor-section-boxed elementor-section-height-default elementor-section-height-default\" data-id=\"2154952\" data-element_type=\"section\">\n\t\t\t\t\t\t<div class=\"elementor-container elementor-column-gap-default\">\n\t\t\t\t\t<div class=\"elementor-column elementor-col-100 elementor-top-column elementor-element elementor-element-1dc7be0\" data-id=\"1dc7be0\" data-element_type=\"column\">\n\t\t\t<div class=\"elementor-widget-wrap elementor-element-populated\">\n\t\t\t\t\t\t<div class=\"elementor-element elementor-element-3485e21 elementor-widget elementor-widget-text-editor\" data-id=\"3485e21\" data-element_type=\"widget\" data-widget_type=\"text-editor.default\">\n\t\t\t\t<div class=\"elementor-widget-container\">\n\t\t\t\t\t\t\t\t\t<p><b>MS.- Supongo que cuanto m\u00e1s joven m\u00e1s dif\u00edcil es darse cuenta de que con la excusa del amor te encierran en un laberinto y a ver c\u00f3mo encuentras luego la salida.<\/b><\/p><p><span style=\"font-weight: 400;\">ER.- El machismo autoritario y hostil de toda la vida ha mutado y coexiste con un sexismo encubierto, de tono afectivo benevolente y protector, muy refinado, m\u00e1s dif\u00edcil de identificar y por ello m\u00e1s peligroso. Est\u00e1 a la orden del d\u00eda. La investigaci\u00f3n con j\u00f3venes adolescentes para el Proyecto Detecta revel\u00f3 que el 66,5% de los chicos se muestra de acuerdo con los enunciados sexistas expresados en tono encubierto o ben\u00e9volo, y el porcentaje es aun m\u00e1s alto en el caso de las chicas, que alcanza el 73%.\u00a0<\/span><\/p><p><b>MS.- Para visualizarlo mejor, d\u00edgame un enunciado sexista hostil y otro ben\u00e9volo.<\/b><\/p><p><span style=\"font-weight: 400;\">ER.- Una formulaci\u00f3n hostil es <\/span><i><span style=\"font-weight: 400;\">\u201cLas mujeres son m\u00e1s d\u00e9biles que los hombres\u201d <\/span><\/i><span style=\"font-weight: 400;\">y su versi\u00f3n ben\u00e9vola ser\u00eda <\/span><i><span style=\"font-weight: 400;\">\u201cPara un hombre, una mujer fr\u00e1gil tiene un encanto especial\u201d<\/span><\/i><span style=\"font-weight: 400;\">. Aparentemente, el sexismo encubierto ensalza lo femenino. Es una trampa. Otro enunciado hostil es <\/span><i><span style=\"font-weight: 400;\">\u201cAtender bien la casa es obligaci\u00f3n de la mujer\u201d<\/span><\/i><span style=\"font-weight: 400;\">, que en su versi\u00f3n ben\u00e9vola ser\u00eda <\/span><i><span style=\"font-weight: 400;\">\u201cLa mujer es un tesoro en el hogar\u201d o \u201cNadie como las mujeres sabe criar a sus hijos\u201d.\u00a0<\/span><\/i><\/p>\t\t\t\t\t\t\t\t<\/div>\n\t\t\t\t<\/div>\n\t\t\t\t\t<\/div>\n\t\t<\/div>\n\t\t\t\t\t<\/div>\n\t\t<\/section>\n\t\t\t\t<section class=\"elementor-section elementor-top-section elementor-element elementor-element-b4eaef9 elementor-section-boxed elementor-section-height-default elementor-section-height-default\" data-id=\"b4eaef9\" data-element_type=\"section\">\n\t\t\t\t\t\t<div class=\"elementor-container elementor-column-gap-default\">\n\t\t\t\t\t<div class=\"elementor-column elementor-col-100 elementor-top-column elementor-element elementor-element-b8fa38b\" data-id=\"b8fa38b\" data-element_type=\"column\">\n\t\t\t<div class=\"elementor-widget-wrap elementor-element-populated\">\n\t\t\t\t\t\t<div class=\"elementor-element elementor-element-a885502 elementor-widget elementor-widget-heading\" data-id=\"a885502\" data-element_type=\"widget\" data-widget_type=\"heading.default\">\n\t\t\t\t<div class=\"elementor-widget-container\">\n\t\t\t\t\t<h4 class=\"elementor-heading-title elementor-size-default\">\u201cHay adolescentes que han follado con m\u00e1s t\u00edos que una mujer de mi generaci\u00f3n y no saben qu\u00e9 es un orgasmo\u201d<\/h4>\t\t\t\t<\/div>\n\t\t\t\t<\/div>\n\t\t\t\t\t<\/div>\n\t\t<\/div>\n\t\t\t\t\t<\/div>\n\t\t<\/section>\n\t\t\t\t<section class=\"elementor-section elementor-top-section elementor-element elementor-element-e33cd8b elementor-section-boxed elementor-section-height-default elementor-section-height-default\" data-id=\"e33cd8b\" data-element_type=\"section\">\n\t\t\t\t\t\t<div class=\"elementor-container elementor-column-gap-default\">\n\t\t\t\t\t<div class=\"elementor-column elementor-col-100 elementor-top-column elementor-element elementor-element-bbdadfa\" data-id=\"bbdadfa\" data-element_type=\"column\">\n\t\t\t<div class=\"elementor-widget-wrap elementor-element-populated\">\n\t\t\t\t\t\t<div class=\"elementor-element elementor-element-0edab0a elementor-widget elementor-widget-image\" data-id=\"0edab0a\" data-element_type=\"widget\" data-widget_type=\"image.default\">\n\t\t\t\t<div class=\"elementor-widget-container\">\n\t\t\t\t\t\t\t\t\t\t\t\t\t\t\t<img decoding=\"async\" width=\"1024\" height=\"682\" src=\"https:\/\/madridsindical.es\/archivo\/wp-content\/uploads\/2020\/11\/IMG_7631-1024x682.jpg\" class=\"attachment-large size-large wp-image-1957\" alt=\"\" srcset=\"https:\/\/madridsindical.es\/archivo\/wp-content\/uploads\/2020\/11\/IMG_7631-1024x682.jpg 1024w, https:\/\/madridsindical.es\/archivo\/wp-content\/uploads\/2020\/11\/IMG_7631-300x200.jpg 300w, https:\/\/madridsindical.es\/archivo\/wp-content\/uploads\/2020\/11\/IMG_7631-768x512.jpg 768w, https:\/\/madridsindical.es\/archivo\/wp-content\/uploads\/2020\/11\/IMG_7631-1536x1024.jpg 1536w, https:\/\/madridsindical.es\/archivo\/wp-content\/uploads\/2020\/11\/IMG_7631-465x310.jpg 465w, https:\/\/madridsindical.es\/archivo\/wp-content\/uploads\/2020\/11\/IMG_7631-695x463.jpg 695w, https:\/\/madridsindical.es\/archivo\/wp-content\/uploads\/2020\/11\/IMG_7631.jpg 2000w\" sizes=\"(max-width: 1024px) 100vw, 1024px\" \/>\t\t\t\t\t\t\t\t\t\t\t\t\t\t\t<\/div>\n\t\t\t\t<\/div>\n\t\t\t\t\t<\/div>\n\t\t<\/div>\n\t\t\t\t\t<\/div>\n\t\t<\/section>\n\t\t\t\t<section class=\"elementor-section elementor-top-section elementor-element elementor-element-6370c79 elementor-section-boxed elementor-section-height-default elementor-section-height-default\" data-id=\"6370c79\" data-element_type=\"section\">\n\t\t\t\t\t\t<div class=\"elementor-container elementor-column-gap-default\">\n\t\t\t\t\t<div class=\"elementor-column elementor-col-100 elementor-top-column elementor-element elementor-element-a54d48d\" data-id=\"a54d48d\" data-element_type=\"column\">\n\t\t\t<div class=\"elementor-widget-wrap elementor-element-populated\">\n\t\t\t\t\t\t<div class=\"elementor-element elementor-element-756dd36 elementor-widget elementor-widget-text-editor\" data-id=\"756dd36\" data-element_type=\"widget\" data-widget_type=\"text-editor.default\">\n\t\t\t\t<div class=\"elementor-widget-container\">\n\t\t\t\t\t\t\t\t\t<p><b>MS.- \u00bfEs cierto que hay un perfil de mujer v\u00edctima que repite una y otra vez relaciones con maltratadores?<\/b><\/p><p><span style=\"font-weight: 400;\">ER.- En absoluto. Esto no va de masoquismo. Cuando el tratamiento con la mujer que ha sufrido abusos y maltrato incluye tambi\u00e9n el abordaje, con car\u00e1cter preventivo, de todas las variables de vulnerabilidad que le llevaron a iniciar y mantener una relaci\u00f3n de ese tipo, la mujer no repite jam\u00e1s. Yo trabajo junto a las pacientes factores para que sepan identificar indicadores tempranos de abuso en relaciones futuras, adem\u00e1s de otros m\u00e1s personales, como potenciar su autoestima, la seguridad en s\u00ed mismas o apoyarles en proyectos profesionales. Cuando las mujeres superan todo esto nunca vuelve a desear verse inmersas en una relaci\u00f3n dominante y abusiva.\u00a0<\/span><\/p><p><b>MS.- \u00bfQu\u00e9 opina de la teor\u00eda de las denuncias falsas?<\/b><\/p><p><span style=\"font-weight: 400;\">ER.- A quienes insisten en las denuncias falsas yo les dir\u00eda que si en los Juzgados de Violencia no son todas las que est\u00e1n porque se haya colado alguna denuncia falsa, que sepan que ocurre mucho m\u00e1s lo contrario, es decir, que no est\u00e1n todas las que son. Y de esto nadie habla. Me explico. Hay much\u00edsimos casos de maltrato, sobre todo psicol\u00f3gico, que no llegan a los Juzgados de Violencia. \u00bfPor qu\u00e9? Porque en un Juzgado lo que no se documenta no existe, y as\u00ed debe ser. Pero es que la violencia en la pareja se ejerce la mayor\u00eda de las veces de puertas para adentro, procurando no dejar pruebas, marcas ni se\u00f1ales, por lo que son innumerables los casos que no llegan a los Juzgados de Violencia.\u00a0<\/span><\/p>\t\t\t\t\t\t\t\t<\/div>\n\t\t\t\t<\/div>\n\t\t\t\t\t<\/div>\n\t\t<\/div>\n\t\t\t\t\t<\/div>\n\t\t<\/section>\n\t\t\t\t<section class=\"elementor-section elementor-top-section elementor-element elementor-element-29e961f elementor-section-boxed elementor-section-height-default elementor-section-height-default\" data-id=\"29e961f\" data-element_type=\"section\">\n\t\t\t\t\t\t<div class=\"elementor-container elementor-column-gap-default\">\n\t\t\t\t\t<div class=\"elementor-column elementor-col-100 elementor-top-column elementor-element elementor-element-21edeaf\" data-id=\"21edeaf\" data-element_type=\"column\">\n\t\t\t<div class=\"elementor-widget-wrap elementor-element-populated\">\n\t\t\t\t\t\t<div class=\"elementor-element elementor-element-5162a41 elementor-widget elementor-widget-heading\" data-id=\"5162a41\" data-element_type=\"widget\" data-widget_type=\"heading.default\">\n\t\t\t\t<div class=\"elementor-widget-container\">\n\t\t\t\t\t<h4 class=\"elementor-heading-title elementor-size-default\">\u201cNo hay un perfil de mujer al que le atraigan los maltratadores. Esto no va de masoquismo\"<\/h4>\t\t\t\t<\/div>\n\t\t\t\t<\/div>\n\t\t\t\t\t<\/div>\n\t\t<\/div>\n\t\t\t\t\t<\/div>\n\t\t<\/section>\n\t\t\t\t<section class=\"elementor-section elementor-top-section elementor-element elementor-element-e4bae24 elementor-section-boxed elementor-section-height-default elementor-section-height-default\" data-id=\"e4bae24\" data-element_type=\"section\">\n\t\t\t\t\t\t<div class=\"elementor-container elementor-column-gap-default\">\n\t\t\t\t\t<div class=\"elementor-column elementor-col-100 elementor-top-column elementor-element elementor-element-f6239a1\" data-id=\"f6239a1\" data-element_type=\"column\">\n\t\t\t<div class=\"elementor-widget-wrap elementor-element-populated\">\n\t\t\t\t\t\t<div class=\"elementor-element elementor-element-b922c35 elementor-widget elementor-widget-text-editor\" data-id=\"b922c35\" data-element_type=\"widget\" data-widget_type=\"text-editor.default\">\n\t\t\t\t<div class=\"elementor-widget-container\">\n\t\t\t\t\t\t\t\t\t<p><b>MS.- \u00bfY qu\u00e9 alternativa les queda?<\/b><\/p><p><span style=\"font-weight: 400;\">ER.- Si se inicia un proceso de divorcio y hay hijos e hijas menores en com\u00fan, en los Juzgados de Familia se conceden custodias compartidas o amplios reg\u00edmenes de visitas. En los casos de abuso el riesgo de que el maltratador instrumentalice a los menores para seguir ejerciendo control y acoso hacia la ex pareja est\u00e1 asegurado, con el enorme da\u00f1o, sufrimiento y secuelas que ello les acarrea tanto a la mujer como a los hijos e hijas. Es enorme el sentimiento de indefensi\u00f3n que se genera en la v\u00edctima al ver que el divorcio no es suficiente para poner fin a la relaci\u00f3n de maltrato. Esto es algo que encontramos con mucha frecuencia en las terapias.<\/span><\/p><p><b>MS.- Para terminar, llama la atenci\u00f3n que a pesar de los avances en igualdad ha aumentado la presi\u00f3n sobre la imagen y la exaltaci\u00f3n de la sexualidad femenina como valor social. En las redes sociales se ve n\u00edtidamente la hipersexualizaci\u00f3n de las ni\u00f1as.\u00a0<\/b><\/p><p>ER.- <span style=\"font-weight: 400;\">Algo que observo en mi consulta como para pensar que estamos ante un problema es que de nuevo las chicas se ven presionadas a ejercer una sexualidad al servicio del var\u00f3n. Es decir, la chica m\u00e1s <\/span><i><span style=\"font-weight: 400;\">\u2018cool\u2019<\/span><\/i><span style=\"font-weight: 400;\">, empoderada, la que tiene una sexualidad s\u00faper es aquella que se atreve a hacer todo lo que le pida un chico, aunque no le apetezca y luego se sienta mal. Me encuentro casos de adolescentes de 15 a\u00f1os que han follado con m\u00e1s t\u00edos que una mujer de mi generaci\u00f3n en toda su vida y no saben lo que es un orgasmo. Me llena de asombro y me pregunto en qu\u00e9 momento hemos retrocedido. <\/span><\/p>\t\t\t\t\t\t\t\t<\/div>\n\t\t\t\t<\/div>\n\t\t\t\t\t<\/div>\n\t\t<\/div>\n\t\t\t\t\t<\/div>\n\t\t<\/section>\n\t\t\t\t<\/div>\n\t\t","protected":false},"excerpt":{"rendered":"<p>\u201cEl machismo encubierto est\u00e1 a la orden del d\u00eda y es muy peligroso\u201d El patriarcado no est\u00e1 dispuesto a soltar a su presa. El machismo hostil y autoritario ha mutado y coexiste con un sexismo de tono afectivo benevolente, m\u00e1s refinado y sutil, y hay que aprender a identificarlo. Nos va la vida en ello. Madrid Sindical ha entrevistado a una autoridad en la materia, la psic\u00f3loga Esther Ramos Matos, quien lleva desde 1986 atendiendo<span class=\"more-link\"><a href=\"https:\/\/madridsindical.es\/archivo\/2020\/11\/23\/entrevista-esther-ramos-matos-psicologa-especialista-en-atencion-a-mujeres-maltratadas\/\">Contin\u00faa leyendo<\/a><\/span><\/p>\n","protected":false},"author":1,"featured_media":1955,"comment_status":"closed","ping_status":"closed","sticky":false,"template":"","format":"standard","meta":{"footnotes":""},"categories":[3],"tags":[47],"class_list":["entry","author-madridsindical","post-1954","post","type-post","status-publish","format-standard","has-post-thumbnail","category-entrevistas","tag-archivo"],"aioseo_notices":[],"_links":{"self":[{"href":"https:\/\/madridsindical.es\/archivo\/wp-json\/wp\/v2\/posts\/1954","targetHints":{"allow":["GET"]}}],"collection":[{"href":"https:\/\/madridsindical.es\/archivo\/wp-json\/wp\/v2\/posts"}],"about":[{"href":"https:\/\/madridsindical.es\/archivo\/wp-json\/wp\/v2\/types\/post"}],"author":[{"embeddable":true,"href":"https:\/\/madridsindical.es\/archivo\/wp-json\/wp\/v2\/users\/1"}],"replies":[{"embeddable":true,"href":"https:\/\/madridsindical.es\/archivo\/wp-json\/wp\/v2\/comments?post=1954"}],"version-history":[{"count":13,"href":"https:\/\/madridsindical.es\/archivo\/wp-json\/wp\/v2\/posts\/1954\/revisions"}],"predecessor-version":[{"id":2080,"href":"https:\/\/madridsindical.es\/archivo\/wp-json\/wp\/v2\/posts\/1954\/revisions\/2080"}],"wp:featuredmedia":[{"embeddable":true,"href":"https:\/\/madridsindical.es\/archivo\/wp-json\/wp\/v2\/media\/1955"}],"wp:attachment":[{"href":"https:\/\/madridsindical.es\/archivo\/wp-json\/wp\/v2\/media?parent=1954"}],"wp:term":[{"taxonomy":"category","embeddable":true,"href":"https:\/\/madridsindical.es\/archivo\/wp-json\/wp\/v2\/categories?post=1954"},{"taxonomy":"post_tag","embeddable":true,"href":"https:\/\/madridsindical.es\/archivo\/wp-json\/wp\/v2\/tags?post=1954"}],"curies":[{"name":"wp","href":"https:\/\/api.w.org\/{rel}","templated":true}]}}