{"id":1928,"date":"2020-11-10T09:29:24","date_gmt":"2020-11-10T09:29:24","guid":{"rendered":"https:\/\/madridsindical.es\/archivo\/?p=1928"},"modified":"2025-11-06T12:25:51","modified_gmt":"2025-11-06T12:25:51","slug":"entrevista-raquel-castejon-investigadora-biomedica-en-el-hospital-puerta-de-hierro","status":"publish","type":"post","link":"https:\/\/madridsindical.es\/archivo\/2020\/11\/10\/entrevista-raquel-castejon-investigadora-biomedica-en-el-hospital-puerta-de-hierro\/","title":{"rendered":"Entrevista. Raquel Castej\u00f3n, investigadora biom\u00e9dica en el Hospital Puerta de Hierro"},"content":{"rendered":"\t\t<div data-elementor-type=\"wp-post\" data-elementor-id=\"1928\" class=\"elementor elementor-1928\">\n\t\t\t\t\t\t<section class=\"elementor-section elementor-top-section elementor-element elementor-element-a3ae712 elementor-section-boxed elementor-section-height-default elementor-section-height-default\" data-id=\"a3ae712\" data-element_type=\"section\">\n\t\t\t\t\t\t<div class=\"elementor-container elementor-column-gap-default\">\n\t\t\t\t\t<div class=\"elementor-column elementor-col-100 elementor-top-column elementor-element elementor-element-e189cda\" data-id=\"e189cda\" data-element_type=\"column\">\n\t\t\t<div class=\"elementor-widget-wrap elementor-element-populated\">\n\t\t\t\t\t\t<div class=\"elementor-element elementor-element-3e2a592 elementor-widget elementor-widget-heading\" data-id=\"3e2a592\" data-element_type=\"widget\" data-widget_type=\"heading.default\">\n\t\t\t\t<div class=\"elementor-widget-container\">\n\t\t\t\t\t<h2 class=\"elementor-heading-title elementor-size-default\">\u201cAprenderemos a convivir con el covid como lo hacemos con la gripe\u201d<\/h2>\t\t\t\t<\/div>\n\t\t\t\t<\/div>\n\t\t\t\t\t<\/div>\n\t\t<\/div>\n\t\t\t\t\t<\/div>\n\t\t<\/section>\n\t\t\t\t<section class=\"elementor-section elementor-top-section elementor-element elementor-element-a217b04 elementor-section-boxed elementor-section-height-default elementor-section-height-default\" data-id=\"a217b04\" data-element_type=\"section\">\n\t\t\t\t\t\t<div class=\"elementor-container elementor-column-gap-default\">\n\t\t\t\t\t<div class=\"elementor-column elementor-col-100 elementor-top-column elementor-element elementor-element-390bb34\" data-id=\"390bb34\" data-element_type=\"column\">\n\t\t\t<div class=\"elementor-widget-wrap elementor-element-populated\">\n\t\t\t\t\t\t<div class=\"elementor-element elementor-element-de855e8 elementor-widget elementor-widget-text-editor\" data-id=\"de855e8\" data-element_type=\"widget\" data-widget_type=\"text-editor.default\">\n\t\t\t\t<div class=\"elementor-widget-container\">\n\t\t\t\t\t\t\t\t\t<p><strong>Desde que se declar\u00f3 la pandemia, Raquel Castej\u00f3n, cient\u00edfica, integrante del equipo de investigaci\u00f3n del Hospital Puerta de Hierro y delegada de CCOO, dedica todo su conocimiento y experiencia a desenmascarar al enemigo mundial n\u00famero uno: el covid-19. Admite el desconcierto inicial de la comunidad cient\u00edfica, asegura que ahora estamos m\u00e1s preparados para paliar el da\u00f1o que ocasiona el coronavirus, se muestra muy prudente respecto a la vacuna y vaticina que de esta saldremos. <\/strong><\/p>\t\t\t\t\t\t\t\t<\/div>\n\t\t\t\t<\/div>\n\t\t\t\t\t<\/div>\n\t\t<\/div>\n\t\t\t\t\t<\/div>\n\t\t<\/section>\n\t\t\t\t<section class=\"elementor-section elementor-top-section elementor-element elementor-element-50c0096 elementor-section-boxed elementor-section-height-default elementor-section-height-default\" data-id=\"50c0096\" data-element_type=\"section\">\n\t\t\t\t\t\t<div class=\"elementor-container elementor-column-gap-default\">\n\t\t\t\t\t<div class=\"elementor-column elementor-col-100 elementor-top-column elementor-element elementor-element-bb55226\" data-id=\"bb55226\" data-element_type=\"column\">\n\t\t\t<div class=\"elementor-widget-wrap elementor-element-populated\">\n\t\t\t\t\t\t<div class=\"elementor-element elementor-element-55bde77 elementor-widget elementor-widget-text-editor\" data-id=\"55bde77\" data-element_type=\"widget\" data-widget_type=\"text-editor.default\">\n\t\t\t\t<div class=\"elementor-widget-container\">\n\t\t\t\t\t\t\t\t\t<p><strong>Texto: Alejandra Acosta; f<\/strong><strong>otos: Fran Lorente; v<\/strong><strong>\u00eddeo: Fran Lorente, Javier Cantizani<\/strong><\/p>\t\t\t\t\t\t\t\t<\/div>\n\t\t\t\t<\/div>\n\t\t\t\t\t<\/div>\n\t\t<\/div>\n\t\t\t\t\t<\/div>\n\t\t<\/section>\n\t\t\t\t<section class=\"elementor-section elementor-top-section elementor-element elementor-element-9a49ad7 elementor-section-boxed elementor-section-height-default elementor-section-height-default\" data-id=\"9a49ad7\" data-element_type=\"section\">\n\t\t\t\t\t\t<div class=\"elementor-container elementor-column-gap-default\">\n\t\t\t\t\t<div class=\"elementor-column elementor-col-100 elementor-top-column elementor-element elementor-element-ad2c1c9\" data-id=\"ad2c1c9\" data-element_type=\"column\">\n\t\t\t<div class=\"elementor-widget-wrap elementor-element-populated\">\n\t\t\t\t\t\t<div class=\"elementor-element elementor-element-a2bb312 elementor-widget elementor-widget-image\" data-id=\"a2bb312\" data-element_type=\"widget\" data-widget_type=\"image.default\">\n\t\t\t\t<div class=\"elementor-widget-container\">\n\t\t\t\t\t\t\t\t\t\t\t\t<figure class=\"wp-caption\">\n\t\t\t\t\t\t\t\t\t\t<img fetchpriority=\"high\" decoding=\"async\" width=\"1024\" height=\"682\" src=\"https:\/\/madridsindical.es\/archivo\/wp-content\/uploads\/2020\/11\/002IMG_5565-1024x682.jpg\" class=\"attachment-large size-large wp-image-1929\" alt=\"\" srcset=\"https:\/\/madridsindical.es\/archivo\/wp-content\/uploads\/2020\/11\/002IMG_5565-1024x682.jpg 1024w, https:\/\/madridsindical.es\/archivo\/wp-content\/uploads\/2020\/11\/002IMG_5565-300x200.jpg 300w, https:\/\/madridsindical.es\/archivo\/wp-content\/uploads\/2020\/11\/002IMG_5565-768x512.jpg 768w, https:\/\/madridsindical.es\/archivo\/wp-content\/uploads\/2020\/11\/002IMG_5565-1536x1024.jpg 1536w, https:\/\/madridsindical.es\/archivo\/wp-content\/uploads\/2020\/11\/002IMG_5565-465x310.jpg 465w, https:\/\/madridsindical.es\/archivo\/wp-content\/uploads\/2020\/11\/002IMG_5565-695x463.jpg 695w, https:\/\/madridsindical.es\/archivo\/wp-content\/uploads\/2020\/11\/002IMG_5565.jpg 2000w\" sizes=\"(max-width: 1024px) 100vw, 1024px\" \/>\t\t\t\t\t\t\t\t\t\t\t<figcaption class=\"widget-image-caption wp-caption-text\">Raquel Castej\u00f3n, investigadora biom\u00e9dica en el Hospital Puerta de Hierro<\/figcaption>\n\t\t\t\t\t\t\t\t\t\t<\/figure>\n\t\t\t\t\t\t\t\t\t<\/div>\n\t\t\t\t<\/div>\n\t\t\t\t\t<\/div>\n\t\t<\/div>\n\t\t\t\t\t<\/div>\n\t\t<\/section>\n\t\t\t\t<section class=\"elementor-section elementor-top-section elementor-element elementor-element-0fb3a06 elementor-section-boxed elementor-section-height-default elementor-section-height-default\" data-id=\"0fb3a06\" data-element_type=\"section\">\n\t\t\t\t\t\t<div class=\"elementor-container elementor-column-gap-default\">\n\t\t\t\t\t<div class=\"elementor-column elementor-col-100 elementor-top-column elementor-element elementor-element-870c2c1\" data-id=\"870c2c1\" data-element_type=\"column\">\n\t\t\t<div class=\"elementor-widget-wrap elementor-element-populated\">\n\t\t\t\t\t\t<div class=\"elementor-element elementor-element-a728605 elementor-widget elementor-widget-text-editor\" data-id=\"a728605\" data-element_type=\"widget\" data-widget_type=\"text-editor.default\">\n\t\t\t\t<div class=\"elementor-widget-container\">\n\t\t\t\t\t\t\t\t\t<p><strong>Pregunta.- A la gente de a pie nos est\u00e1 costando asumir los devastadores efectos del covid-19. \u00bfC\u00f3mo viv\u00eds la pandemia quienes trabaj\u00e1is entre virus y bacterias?<\/strong><\/p><p>Respuesta.- En un primer momento el desconcierto fue total tambi\u00e9n entre la comunidad cient\u00edfica. Antes hab\u00edamos tenido noticias de virus similares, pero las zonas de contagio quedaban limitadas a \u00e1reas de oriente, sobre todo de China. Fue cuando el covid-19 lleg\u00f3 a Italia cuando supimos que no ten\u00edamos escapatoria.<\/p><p><strong>P.- \u00bfPrevieron la que se nos ven\u00eda encima?<\/strong><\/p><p>R.- Ten\u00edamos algunas certezas. Sab\u00edamos que no era un virus de elevada mortalidad, pero s\u00ed mucho m\u00e1s contagioso que cualquier otro conocido y que se extend\u00eda a toda velocidad. Eso s\u00ed lo vimos venir. Pero aun as\u00ed, recuerdo que al principio los investigadores trabaj\u00e1bamos sin mascarillas, solo las llevaban los enfermos, y cuando llegaban con s\u00edntomas sospechosos, si no hab\u00edan viajado a China o a zonas en las que se hab\u00edan confirmado contagios se descartaba la infecci\u00f3n por covid y ah\u00ed quedaba todo. Pero las cosas cambiaban a velocidad de v\u00e9rtigo. De un d\u00eda para otro nos dimos de bruces con la saturaci\u00f3n hospitalaria y la falta de equipos EPI, de camas UCI, de respiradores\u2026 y toda aquella situaci\u00f3n tan tremenda que vivimos&#8230;<\/p>\t\t\t\t\t\t\t\t<\/div>\n\t\t\t\t<\/div>\n\t\t\t\t\t<\/div>\n\t\t<\/div>\n\t\t\t\t\t<\/div>\n\t\t<\/section>\n\t\t\t\t<section class=\"elementor-section elementor-top-section elementor-element elementor-element-da6f2e0 elementor-section-boxed elementor-section-height-default elementor-section-height-default\" data-id=\"da6f2e0\" data-element_type=\"section\">\n\t\t\t\t\t\t<div class=\"elementor-container elementor-column-gap-default\">\n\t\t\t\t\t<div class=\"elementor-column elementor-col-100 elementor-top-column elementor-element elementor-element-fc495eb\" data-id=\"fc495eb\" data-element_type=\"column\">\n\t\t\t<div class=\"elementor-widget-wrap elementor-element-populated\">\n\t\t\t\t\t\t<div class=\"elementor-element elementor-element-436c738 elementor-position-left elementor-view-default elementor-mobile-position-top elementor-widget elementor-widget-icon-box\" data-id=\"436c738\" data-element_type=\"widget\" data-widget_type=\"icon-box.default\">\n\t\t\t\t<div class=\"elementor-widget-container\">\n\t\t\t\t\t\t\t<div class=\"elementor-icon-box-wrapper\">\n\n\t\t\t\t\t\t<div class=\"elementor-icon-box-icon\">\n\t\t\t\t<a href=\"https:\/\/www.youtube.com\/watch?v=ypfk7bWg2DQ&#038;feature=youtu.be\" class=\"elementor-icon\" tabindex=\"-1\" aria-label=\"En V\u00eddeo\">\n\t\t\t\t<i aria-hidden=\"true\" class=\"fas fa-play-circle\"><\/i>\t\t\t\t<\/a>\n\t\t\t<\/div>\n\t\t\t\n\t\t\t\t\t\t<div class=\"elementor-icon-box-content\">\n\n\t\t\t\t\t\t\t\t\t<h3 class=\"elementor-icon-box-title\">\n\t\t\t\t\t\t<a href=\"https:\/\/www.youtube.com\/watch?v=ypfk7bWg2DQ&#038;feature=youtu.be\" >\n\t\t\t\t\t\t\tEn V\u00eddeo\t\t\t\t\t\t<\/a>\n\t\t\t\t\t<\/h3>\n\t\t\t\t\n\t\t\t\t\t\t\t\t\t<p class=\"elementor-icon-box-description\">\n\t\t\t\t\t\tEntrevista a Raquel Castej\u00f3n, investigadora biom\u00e9dica en el Hospital Puerta de Hierro\t\t\t\t\t<\/p>\n\t\t\t\t\n\t\t\t<\/div>\n\t\t\t\n\t\t<\/div>\n\t\t\t\t\t\t<\/div>\n\t\t\t\t<\/div>\n\t\t\t\t\t<\/div>\n\t\t<\/div>\n\t\t\t\t\t<\/div>\n\t\t<\/section>\n\t\t\t\t<section class=\"elementor-section elementor-top-section elementor-element elementor-element-5f6b7d9 elementor-section-boxed elementor-section-height-default elementor-section-height-default\" data-id=\"5f6b7d9\" data-element_type=\"section\">\n\t\t\t\t\t\t<div class=\"elementor-container elementor-column-gap-default\">\n\t\t\t\t\t<div class=\"elementor-column elementor-col-100 elementor-top-column elementor-element elementor-element-28c328e\" data-id=\"28c328e\" data-element_type=\"column\">\n\t\t\t<div class=\"elementor-widget-wrap elementor-element-populated\">\n\t\t\t\t\t\t<div class=\"elementor-element elementor-element-2e4e80b elementor-widget elementor-widget-video\" data-id=\"2e4e80b\" data-element_type=\"widget\" data-settings=\"{&quot;youtube_url&quot;:&quot;https:\\\/\\\/www.youtube.com\\\/watch?v=OF2J2VmrwYk&amp;feature=youtu.be&quot;,&quot;video_type&quot;:&quot;youtube&quot;,&quot;controls&quot;:&quot;yes&quot;}\" data-widget_type=\"video.default\">\n\t\t\t\t<div class=\"elementor-widget-container\">\n\t\t\t\t\t\t\t<div class=\"elementor-wrapper elementor-open-inline\">\n\t\t\t<div class=\"elementor-video\"><\/div>\t\t<\/div>\n\t\t\t\t\t\t<\/div>\n\t\t\t\t<\/div>\n\t\t\t\t\t<\/div>\n\t\t<\/div>\n\t\t\t\t\t<\/div>\n\t\t<\/section>\n\t\t\t\t<section class=\"elementor-section elementor-top-section elementor-element elementor-element-0e657af elementor-section-boxed elementor-section-height-default elementor-section-height-default\" data-id=\"0e657af\" data-element_type=\"section\">\n\t\t\t\t\t\t<div class=\"elementor-container elementor-column-gap-default\">\n\t\t\t\t\t<div class=\"elementor-column elementor-col-100 elementor-top-column elementor-element elementor-element-51f372c\" data-id=\"51f372c\" data-element_type=\"column\">\n\t\t\t<div class=\"elementor-widget-wrap elementor-element-populated\">\n\t\t\t\t\t\t<div class=\"elementor-element elementor-element-7ef8019 elementor-widget elementor-widget-heading\" data-id=\"7ef8019\" data-element_type=\"widget\" data-widget_type=\"heading.default\">\n\t\t\t\t<div class=\"elementor-widget-container\">\n\t\t\t\t\t<h4 class=\"elementor-heading-title elementor-size-default\">\u201cM\u00e1s de 800 muertos en un d\u00eda, como ocurri\u00f3 el 31 de marzo, es una burrada\u201d<\/h4>\t\t\t\t<\/div>\n\t\t\t\t<\/div>\n\t\t\t\t\t<\/div>\n\t\t<\/div>\n\t\t\t\t\t<\/div>\n\t\t<\/section>\n\t\t\t\t<section class=\"elementor-section elementor-top-section elementor-element elementor-element-2129217 elementor-section-boxed elementor-section-height-default elementor-section-height-default\" data-id=\"2129217\" data-element_type=\"section\">\n\t\t\t\t\t\t<div class=\"elementor-container elementor-column-gap-default\">\n\t\t\t\t\t<div class=\"elementor-column elementor-col-100 elementor-top-column elementor-element elementor-element-e8c46f6\" data-id=\"e8c46f6\" data-element_type=\"column\">\n\t\t\t<div class=\"elementor-widget-wrap elementor-element-populated\">\n\t\t\t\t\t\t<div class=\"elementor-element elementor-element-bd3ddee elementor-widget elementor-widget-text-editor\" data-id=\"bd3ddee\" data-element_type=\"widget\" data-widget_type=\"text-editor.default\">\n\t\t\t\t<div class=\"elementor-widget-container\">\n\t\t\t\t\t\t\t\t\t<p><strong>P \u00bfNo sab\u00edan entonces los efectos letales que el coronavirus pod\u00eda causar en grupos de poblaci\u00f3n de riesgo?<\/strong><\/p><p>R.- Desconoc\u00edamos por completo su comportamiento, \u00edbamos aprendiendo sobre la marcha.<\/p><p><strong>P- Raquel, para evitar posibles malas interpretaciones. Afirma que no es un virus de elevada mortalidad, pero el covid se cobra muchas vidas. Solo en Espa\u00f1a -con 1.381.218 de contagios diagnosticados hasta hoy (9 de noviembre)- han muerto 39.345 personas a consecuencia del coronavirus, y podr\u00edan ser muchas m\u00e1s cuando se analicen todas las variables. <\/strong><\/p><p>R.- Hablo desde el punto de vista epidemiol\u00f3gico. Lo aclaro con un ejemplo. Si fuera el virus del \u00e9bola, cuya tasa de mortalidad seg\u00fan la OMS es del 50%, con esas mismas cifras de contagio que usted se\u00f1ala estar\u00edamos hablando ahora mismo de m\u00e1s de 600.000 muertos en vez de 39.000. Ser\u00eda una cat\u00e1strofe de dimensiones incalculables. Lo que ocurre con el coronavirus es que hay contagio comunitario. Por muy baja que sea la tasa de mortalidad, el n\u00famero de personas infectadas es muy elevado y, por tanto, el n\u00famero -que no el porcentaje- de muertes, tambi\u00e9n. Y no solo eso. Muchas de ellas, que pertenecen a grupos de riesgo, necesitar\u00e1n atenci\u00f3n hospitalaria e ingreso en una UCI, por lo que tenemos que evitar que el sistema sanitario se desborde. Garantizar la atenci\u00f3n m\u00e9dica a toda la poblaci\u00f3n tambi\u00e9n significa menos mortalidad. Dicho esto, m\u00e1s de 800 muertos en un solo d\u00eda a consecuencia de un virus, como ocurri\u00f3 el 31 de marzo en Espa\u00f1a, es una burrada. Es como si se hubieran ca\u00eddo cuatro aviones de pasajeros al mismo tiempo. Todos debemos concienciarnos de seguir a rajatabla las medidas de prevenci\u00f3n que se establecen en cada momento. La vida de miles de personas est\u00e1 en juego.<\/p><p><strong>P.- Imagino que desde el minuto uno el departamento de investigaci\u00f3n del Puerta de Hierro dedic\u00f3 todos su esfuerzos al covid. \u00bfQu\u00e9 tipo de investigaci\u00f3n realizan? <\/strong><\/p><p>R.- Justo antes del confinamiento, a primeros de marzo, el Departamento de Investigaci\u00f3n del Puerta de Hierro empez\u00f3 a colaborar con los servicios cl\u00ednicos e investigando a la vez. Al inicio de la pandemia, nuestro trabajo se centr\u00f3 en contestar a una pregunta crucial: qu\u00e9 gravedad podr\u00eda llegar a tener un paciente infectado de coronavirus en funci\u00f3n de su nivel de riesgo y de su respuesta a los tratamientos que ensay\u00e1bamos. Nuestro cometido era pronosticar si iba a empeorar al punto de necesitar una cama UCI en un momento en el que \u00e9stas eran muy escasas. Ese era nuestro frente inmediato.<\/p>\t\t\t\t\t\t\t\t<\/div>\n\t\t\t\t<\/div>\n\t\t\t\t\t<\/div>\n\t\t<\/div>\n\t\t\t\t\t<\/div>\n\t\t<\/section>\n\t\t\t\t<section class=\"elementor-section elementor-top-section elementor-element elementor-element-bda621d elementor-section-boxed elementor-section-height-default elementor-section-height-default\" data-id=\"bda621d\" data-element_type=\"section\">\n\t\t\t\t\t\t<div class=\"elementor-container elementor-column-gap-default\">\n\t\t\t\t\t<div class=\"elementor-column elementor-col-100 elementor-top-column elementor-element elementor-element-994e233\" data-id=\"994e233\" data-element_type=\"column\">\n\t\t\t<div class=\"elementor-widget-wrap elementor-element-populated\">\n\t\t\t\t\t\t<div class=\"elementor-element elementor-element-21fd855 elementor-widget elementor-widget-heading\" data-id=\"21fd855\" data-element_type=\"widget\" data-widget_type=\"heading.default\">\n\t\t\t\t<div class=\"elementor-widget-container\">\n\t\t\t\t\t<h4 class=\"elementor-heading-title elementor-size-default\">\u201cNuestro frente inmediato fue pronosticar si un paciente se iba a agravar como para necesitar una UCI\u201d<\/h4>\t\t\t\t<\/div>\n\t\t\t\t<\/div>\n\t\t\t\t\t<\/div>\n\t\t<\/div>\n\t\t\t\t\t<\/div>\n\t\t<\/section>\n\t\t\t\t<section class=\"elementor-section elementor-top-section elementor-element elementor-element-be9a291 elementor-section-boxed elementor-section-height-default elementor-section-height-default\" data-id=\"be9a291\" data-element_type=\"section\">\n\t\t\t\t\t\t<div class=\"elementor-container elementor-column-gap-default\">\n\t\t\t\t\t<div class=\"elementor-column elementor-col-100 elementor-top-column elementor-element elementor-element-a422047\" data-id=\"a422047\" data-element_type=\"column\">\n\t\t\t<div class=\"elementor-widget-wrap elementor-element-populated\">\n\t\t\t\t\t\t<div class=\"elementor-element elementor-element-42252ab elementor-widget elementor-widget-image\" data-id=\"42252ab\" data-element_type=\"widget\" data-widget_type=\"image.default\">\n\t\t\t\t<div class=\"elementor-widget-container\">\n\t\t\t\t\t\t\t\t\t\t\t\t\t\t\t<img decoding=\"async\" width=\"1024\" height=\"682\" src=\"https:\/\/madridsindical.es\/archivo\/wp-content\/uploads\/2020\/11\/001IMG_5681-1024x682.jpg\" class=\"attachment-large size-large wp-image-1930\" alt=\"\" srcset=\"https:\/\/madridsindical.es\/archivo\/wp-content\/uploads\/2020\/11\/001IMG_5681-1024x682.jpg 1024w, https:\/\/madridsindical.es\/archivo\/wp-content\/uploads\/2020\/11\/001IMG_5681-300x200.jpg 300w, https:\/\/madridsindical.es\/archivo\/wp-content\/uploads\/2020\/11\/001IMG_5681-768x512.jpg 768w, https:\/\/madridsindical.es\/archivo\/wp-content\/uploads\/2020\/11\/001IMG_5681-1536x1024.jpg 1536w, https:\/\/madridsindical.es\/archivo\/wp-content\/uploads\/2020\/11\/001IMG_5681-465x310.jpg 465w, https:\/\/madridsindical.es\/archivo\/wp-content\/uploads\/2020\/11\/001IMG_5681-695x463.jpg 695w, https:\/\/madridsindical.es\/archivo\/wp-content\/uploads\/2020\/11\/001IMG_5681.jpg 2000w\" sizes=\"(max-width: 1024px) 100vw, 1024px\" \/>\t\t\t\t\t\t\t\t\t\t\t\t\t\t\t<\/div>\n\t\t\t\t<\/div>\n\t\t\t\t\t<\/div>\n\t\t<\/div>\n\t\t\t\t\t<\/div>\n\t\t<\/section>\n\t\t\t\t<section class=\"elementor-section elementor-top-section elementor-element elementor-element-a9ab13b elementor-section-boxed elementor-section-height-default elementor-section-height-default\" data-id=\"a9ab13b\" data-element_type=\"section\">\n\t\t\t\t\t\t<div class=\"elementor-container elementor-column-gap-default\">\n\t\t\t\t\t<div class=\"elementor-column elementor-col-100 elementor-top-column elementor-element elementor-element-24dc37a\" data-id=\"24dc37a\" data-element_type=\"column\">\n\t\t\t<div class=\"elementor-widget-wrap elementor-element-populated\">\n\t\t\t\t\t\t<div class=\"elementor-element elementor-element-c8cdfa8 elementor-widget elementor-widget-text-editor\" data-id=\"c8cdfa8\" data-element_type=\"widget\" data-widget_type=\"text-editor.default\">\n\t\t\t\t<div class=\"elementor-widget-container\">\n\t\t\t\t\t\t\t\t\t<p><strong>P.- \u00bfDecid\u00edan qui\u00e9nes entraban en la UCI?<\/strong><\/p><p>R.- No, esa decisi\u00f3n corresponde a los cl\u00ednicos y es muy dif\u00edcil de tomar. La investigaci\u00f3n, en ese momento, trataba de ayudar contestando a preguntas sobre pron\u00f3sticos y tratamientos.<\/p><p><strong>P.- \u00bfAvanzamos a buen ritmo en el conocimiento de este escurridizo virus?<\/strong><\/p><p>R.- Ahora sabemos mucho m\u00e1s acerca del comportamiento del covid-19: qu\u00e9 efectos provoca, qu\u00e9 tratamientos son m\u00e1s efectivos para evitar o paliar el da\u00f1o que causa en pacientes con patolog\u00edas de riesgo\u2026 Sin duda, estamos m\u00e1s preparados para adelantarnos al da\u00f1o que puede ocasionar en las personas infectadas y, por tanto, para combatirlo, evitarlo o minimizarlo. Tambi\u00e9n estamos trabajando con personas que han superado la enfermedad. Les hacemos un seguimiento para investigar por qu\u00e9 unas se recuperan del todo mientras otras arrastran secuelas.<\/p>\t\t\t\t\t\t\t\t<\/div>\n\t\t\t\t<\/div>\n\t\t\t\t\t<\/div>\n\t\t<\/div>\n\t\t\t\t\t<\/div>\n\t\t<\/section>\n\t\t\t\t<section class=\"elementor-section elementor-top-section elementor-element elementor-element-c7b1545 elementor-section-boxed elementor-section-height-default elementor-section-height-default\" data-id=\"c7b1545\" data-element_type=\"section\">\n\t\t\t\t\t\t<div class=\"elementor-container elementor-column-gap-default\">\n\t\t\t\t\t<div class=\"elementor-column elementor-col-100 elementor-top-column elementor-element elementor-element-220c205\" data-id=\"220c205\" data-element_type=\"column\">\n\t\t\t<div class=\"elementor-widget-wrap elementor-element-populated\">\n\t\t\t\t\t\t<div class=\"elementor-element elementor-element-abf6aca elementor-widget elementor-widget-heading\" data-id=\"abf6aca\" data-element_type=\"widget\" data-widget_type=\"heading.default\">\n\t\t\t\t<div class=\"elementor-widget-container\">\n\t\t\t\t\t<h4 class=\"elementor-heading-title elementor-size-default\">\u201cInvestigamos por qu\u00e9 unas personas se recuperan del todo y otras arrastran secuelas\u201d<\/h4>\t\t\t\t<\/div>\n\t\t\t\t<\/div>\n\t\t\t\t\t<\/div>\n\t\t<\/div>\n\t\t\t\t\t<\/div>\n\t\t<\/section>\n\t\t\t\t<section class=\"elementor-section elementor-top-section elementor-element elementor-element-923e9fc elementor-section-boxed elementor-section-height-default elementor-section-height-default\" data-id=\"923e9fc\" data-element_type=\"section\">\n\t\t\t\t\t\t<div class=\"elementor-container elementor-column-gap-default\">\n\t\t\t\t\t<div class=\"elementor-column elementor-col-100 elementor-top-column elementor-element elementor-element-b58baf1\" data-id=\"b58baf1\" data-element_type=\"column\">\n\t\t\t<div class=\"elementor-widget-wrap elementor-element-populated\">\n\t\t\t\t\t\t<div class=\"elementor-element elementor-element-e5ab058 elementor-widget elementor-widget-text-editor\" data-id=\"e5ab058\" data-element_type=\"widget\" data-widget_type=\"text-editor.default\">\n\t\t\t\t<div class=\"elementor-widget-container\">\n\t\t\t\t\t\t\t\t\t<p><strong>P.- En esta segunda ola ha habido mucha m\u00e1s gente joven infectada. \u00bfPor qu\u00e9?<\/strong><\/p><p>R.- No creo que haya m\u00e1s contagios entre la gente joven en esta segunda ola. Tambi\u00e9n los hubo en la primera, pero la mayor\u00eda no se enter\u00f3 de que ten\u00eda covid. Seguramente pensaron que era un catarro leve o, en el peor de los casos, una gripe m\u00e1s o menos fuerte. No se hac\u00edan pruebas y a los hospitales llegaban los casos graves, que eran en su mayor\u00eda gente mayor y con patolog\u00edas que agravaban la infecci\u00f3n por covid, como problemas respiratorios, cardiovasculares, obesidad, diabetes\u2026 El perfil de riesgo sigue siendo el mismo.<\/p><p><strong>P.- Todas las esperanzas est\u00e1n puestas en las vacunas. El laboratorio estadounidense Pfizer acabar de anunciar que su vacuna experimental es efectiva en un 90% y que en 2021 podr\u00eda producir 1.300 millones de dosis. Es una gran noticia. \u00a0<\/strong><\/p><p>R.- S\u00ed, pero hay que ser prudentes. Por mucha prioridad que se le d\u00e9 a la obtenci\u00f3n de una vacuna, por muchos recursos econ\u00f3micos, t\u00e9cnicos y humanos que se le dediquen, obtener una lleva su tiempo. Los plazos se van a acortar, eso seguro, porque las empresas farmac\u00e9uticas y los gobiernos de todo el mundo tienen el m\u00e1ximo inter\u00e9s y est\u00e1n impulsando la investigaci\u00f3n, hay mucho en juego, pero indicar un plazo concreto es imposible. No se puede saber. Tampoco se sabe cu\u00e1ndo habr\u00eda disponibilidad de dosis suficiente para vacunar a toda la poblaci\u00f3n. Y tal vez pase como con la vacuna de la gripe, que haya que crear una cada cierto tiempo. Son muchas las inc\u00f3gnitas. Por otra parte, no olvidemos que las vacunas no son efectivas al cien por cien, el mismo laboratorio Pfizer habla del 90%, y que no todo el mundo es capaz de generar la misma inmunidad con la misma vacuna&#8230;<\/p>\t\t\t\t\t\t\t\t<\/div>\n\t\t\t\t<\/div>\n\t\t\t\t\t<\/div>\n\t\t<\/div>\n\t\t\t\t\t<\/div>\n\t\t<\/section>\n\t\t\t\t<section class=\"elementor-section elementor-top-section elementor-element elementor-element-eaf6f89 elementor-section-boxed elementor-section-height-default elementor-section-height-default\" data-id=\"eaf6f89\" data-element_type=\"section\">\n\t\t\t\t\t\t<div class=\"elementor-container elementor-column-gap-default\">\n\t\t\t\t\t<div class=\"elementor-column elementor-col-100 elementor-top-column elementor-element elementor-element-867cfe4\" data-id=\"867cfe4\" data-element_type=\"column\">\n\t\t\t<div class=\"elementor-widget-wrap elementor-element-populated\">\n\t\t\t\t\t\t<div class=\"elementor-element elementor-element-3af616a elementor-widget elementor-widget-heading\" data-id=\"3af616a\" data-element_type=\"widget\" data-widget_type=\"heading.default\">\n\t\t\t\t<div class=\"elementor-widget-container\">\n\t\t\t\t\t<h4 class=\"elementor-heading-title elementor-size-default\">\u201cLos terraplanistas, antivacunas y negacionistas nos ponen la piel de gallina\u201d<\/h4>\t\t\t\t<\/div>\n\t\t\t\t<\/div>\n\t\t\t\t\t<\/div>\n\t\t<\/div>\n\t\t\t\t\t<\/div>\n\t\t<\/section>\n\t\t\t\t<section class=\"elementor-section elementor-top-section elementor-element elementor-element-0fb083b elementor-section-boxed elementor-section-height-default elementor-section-height-default\" data-id=\"0fb083b\" data-element_type=\"section\">\n\t\t\t\t\t\t<div class=\"elementor-container elementor-column-gap-default\">\n\t\t\t\t\t<div class=\"elementor-column elementor-col-100 elementor-top-column elementor-element elementor-element-7682108\" data-id=\"7682108\" data-element_type=\"column\">\n\t\t\t<div class=\"elementor-widget-wrap elementor-element-populated\">\n\t\t\t\t\t\t<div class=\"elementor-element elementor-element-be1a378 elementor-widget elementor-widget-image\" data-id=\"be1a378\" data-element_type=\"widget\" data-widget_type=\"image.default\">\n\t\t\t\t<div class=\"elementor-widget-container\">\n\t\t\t\t\t\t\t\t\t\t\t\t\t\t\t<img decoding=\"async\" width=\"1024\" height=\"682\" src=\"https:\/\/madridsindical.es\/archivo\/wp-content\/uploads\/2020\/11\/003IMG_5498-1024x682.jpg\" class=\"attachment-large size-large wp-image-1931\" alt=\"\" srcset=\"https:\/\/madridsindical.es\/archivo\/wp-content\/uploads\/2020\/11\/003IMG_5498-1024x682.jpg 1024w, https:\/\/madridsindical.es\/archivo\/wp-content\/uploads\/2020\/11\/003IMG_5498-300x200.jpg 300w, https:\/\/madridsindical.es\/archivo\/wp-content\/uploads\/2020\/11\/003IMG_5498-768x512.jpg 768w, https:\/\/madridsindical.es\/archivo\/wp-content\/uploads\/2020\/11\/003IMG_5498-1536x1024.jpg 1536w, https:\/\/madridsindical.es\/archivo\/wp-content\/uploads\/2020\/11\/003IMG_5498-465x310.jpg 465w, https:\/\/madridsindical.es\/archivo\/wp-content\/uploads\/2020\/11\/003IMG_5498-695x463.jpg 695w, https:\/\/madridsindical.es\/archivo\/wp-content\/uploads\/2020\/11\/003IMG_5498.jpg 2000w\" sizes=\"(max-width: 1024px) 100vw, 1024px\" \/>\t\t\t\t\t\t\t\t\t\t\t\t\t\t\t<\/div>\n\t\t\t\t<\/div>\n\t\t\t\t\t<\/div>\n\t\t<\/div>\n\t\t\t\t\t<\/div>\n\t\t<\/section>\n\t\t\t\t<section class=\"elementor-section elementor-top-section elementor-element elementor-element-64801bc elementor-section-boxed elementor-section-height-default elementor-section-height-default\" data-id=\"64801bc\" data-element_type=\"section\">\n\t\t\t\t\t\t<div class=\"elementor-container elementor-column-gap-default\">\n\t\t\t\t\t<div class=\"elementor-column elementor-col-100 elementor-top-column elementor-element elementor-element-7ce2c7e\" data-id=\"7ce2c7e\" data-element_type=\"column\">\n\t\t\t<div class=\"elementor-widget-wrap elementor-element-populated\">\n\t\t\t\t\t\t<div class=\"elementor-element elementor-element-dd0c298 elementor-widget elementor-widget-text-editor\" data-id=\"dd0c298\" data-element_type=\"widget\" data-widget_type=\"text-editor.default\">\n\t\t\t\t<div class=\"elementor-widget-container\">\n\t\t\t\t\t\t\t\t\t<p><strong>P.- En resumen, tenemos coronavirus para rato\u2026 Pero alguna vez desaparecer\u00e1, \u00bfo no?<\/strong><\/p><p>R.- Nadie sabe qu\u00e9 va a pasar con el covid. Ser\u00eda mucho especular. Puede suceder que desaparezca por un conjunto de factores, unos biol\u00f3gicos que modifiquen el virus, otros sociales, como las medidas de protecci\u00f3n, sumados al avance de los tratamientos y los f\u00e1rmacos. Y si no desaparece, aprenderemos a convivir con el coronavirus como hemos aprendido a hacerlo con la gripe, que, no olvidemos, tambi\u00e9n causa muertes cada a\u00f1o. De una u otra forma, saldremos de esta. Seguro.<\/p><p><strong>P.- \u00bfQu\u00e9 opini\u00f3n le merece la gesti\u00f3n de la pandemia en la Comunidad de Madrid?<\/strong><\/p><p>R.- La poblaci\u00f3n necesita tener la seguridad de que quienes toman las decisiones saben lo que se hacen. No se puede salir hoy diciendo una cosa y ma\u00f1ana la contraria. La gesti\u00f3n en Madrid es desastrosa.<\/p><p><strong>P.- El pasado s\u00e1bado se han manifestado en Madrid un millar de personas convocadas por un sindicato minoritario de polic\u00edas negacionistas. No son muchas pero llaman la atenci\u00f3n y tienen su p\u00fablico. Mantienen que el covid no existe. \u00bfC\u00f3mo se toma la comunidad cient\u00edfica el \u00e9xito de grupos como los terraplanistas, los antivacunas, los negacionistas del coronavirus\u2026?<\/strong><\/p><p>R.- Nos ponen la piel de gallina. \u00a1Qu\u00e9 sinraz\u00f3n! Es absolutamente lamentable que tengan tanto eco y que se hayan hecho tan populares en las redes sociales. Hemos llegado a tal extremo que hasta revistas cient\u00edficas de prestigio mundial como Nature y Science han tenido que publicar art\u00edculos rebatiendo los bulos que difunden estos grupos y que confunden y atemorizan a la poblaci\u00f3n. No hay que hacerles ning\u00fan caso.<\/p>\t\t\t\t\t\t\t\t<\/div>\n\t\t\t\t<\/div>\n\t\t\t\t\t<\/div>\n\t\t<\/div>\n\t\t\t\t\t<\/div>\n\t\t<\/section>\n\t\t\t\t<\/div>\n\t\t","protected":false},"excerpt":{"rendered":"<p>\u201cAprenderemos a convivir con el covid como lo hacemos con la gripe\u201d Desde que se declar\u00f3 la pandemia, Raquel Castej\u00f3n, cient\u00edfica, integrante del equipo de investigaci\u00f3n del Hospital Puerta de Hierro y delegada de CCOO, dedica todo su conocimiento y experiencia a desenmascarar al enemigo mundial n\u00famero uno: el covid-19. Admite el desconcierto inicial de la comunidad cient\u00edfica, asegura que ahora estamos m\u00e1s preparados para paliar el da\u00f1o que ocasiona el coronavirus, se muestra muy<span class=\"more-link\"><a href=\"https:\/\/madridsindical.es\/archivo\/2020\/11\/10\/entrevista-raquel-castejon-investigadora-biomedica-en-el-hospital-puerta-de-hierro\/\">Contin\u00faa leyendo<\/a><\/span><\/p>\n","protected":false},"author":1,"featured_media":1929,"comment_status":"closed","ping_status":"closed","sticky":false,"template":"","format":"standard","meta":{"footnotes":""},"categories":[3],"tags":[47],"class_list":["entry","author-madridsindical","post-1928","post","type-post","status-publish","format-standard","has-post-thumbnail","category-entrevistas","tag-archivo"],"aioseo_notices":[],"_links":{"self":[{"href":"https:\/\/madridsindical.es\/archivo\/wp-json\/wp\/v2\/posts\/1928","targetHints":{"allow":["GET"]}}],"collection":[{"href":"https:\/\/madridsindical.es\/archivo\/wp-json\/wp\/v2\/posts"}],"about":[{"href":"https:\/\/madridsindical.es\/archivo\/wp-json\/wp\/v2\/types\/post"}],"author":[{"embeddable":true,"href":"https:\/\/madridsindical.es\/archivo\/wp-json\/wp\/v2\/users\/1"}],"replies":[{"embeddable":true,"href":"https:\/\/madridsindical.es\/archivo\/wp-json\/wp\/v2\/comments?post=1928"}],"version-history":[{"count":11,"href":"https:\/\/madridsindical.es\/archivo\/wp-json\/wp\/v2\/posts\/1928\/revisions"}],"predecessor-version":[{"id":1946,"href":"https:\/\/madridsindical.es\/archivo\/wp-json\/wp\/v2\/posts\/1928\/revisions\/1946"}],"wp:featuredmedia":[{"embeddable":true,"href":"https:\/\/madridsindical.es\/archivo\/wp-json\/wp\/v2\/media\/1929"}],"wp:attachment":[{"href":"https:\/\/madridsindical.es\/archivo\/wp-json\/wp\/v2\/media?parent=1928"}],"wp:term":[{"taxonomy":"category","embeddable":true,"href":"https:\/\/madridsindical.es\/archivo\/wp-json\/wp\/v2\/categories?post=1928"},{"taxonomy":"post_tag","embeddable":true,"href":"https:\/\/madridsindical.es\/archivo\/wp-json\/wp\/v2\/tags?post=1928"}],"curies":[{"name":"wp","href":"https:\/\/api.w.org\/{rel}","templated":true}]}}