{"id":1916,"date":"2020-10-23T07:15:08","date_gmt":"2020-10-23T07:15:08","guid":{"rendered":"https:\/\/madridsindical.es\/archivo\/?p=1916"},"modified":"2025-11-06T12:25:51","modified_gmt":"2025-11-06T12:25:51","slug":"entrevista-a-jose-luis-palancar-medico-de-atencion-primaria","status":"publish","type":"post","link":"https:\/\/madridsindical.es\/archivo\/2020\/10\/23\/entrevista-a-jose-luis-palancar-medico-de-atencion-primaria\/","title":{"rendered":"Entrevista a Jos\u00e9 Luis Palancar, m\u00e9dico de Atenci\u00f3n Primaria"},"content":{"rendered":"\t\t<div data-elementor-type=\"wp-post\" data-elementor-id=\"1916\" class=\"elementor elementor-1916\">\n\t\t\t\t\t\t<section class=\"elementor-section elementor-top-section elementor-element elementor-element-c4db3a4 elementor-section-boxed elementor-section-height-default elementor-section-height-default\" data-id=\"c4db3a4\" data-element_type=\"section\">\n\t\t\t\t\t\t<div class=\"elementor-container elementor-column-gap-default\">\n\t\t\t\t\t<div class=\"elementor-column elementor-col-100 elementor-top-column elementor-element elementor-element-7a6ac13\" data-id=\"7a6ac13\" data-element_type=\"column\">\n\t\t\t<div class=\"elementor-widget-wrap elementor-element-populated\">\n\t\t\t\t\t\t<div class=\"elementor-element elementor-element-b80d4e0 elementor-widget elementor-widget-heading\" data-id=\"b80d4e0\" data-element_type=\"widget\" data-widget_type=\"heading.default\">\n\t\t\t\t<div class=\"elementor-widget-container\">\n\t\t\t\t\t<h2 class=\"elementor-heading-title elementor-size-default\">\u201cEl coronavirus no es el \u00fanico responsable del aumento de la mortalidad\u201d<\/h2>\t\t\t\t<\/div>\n\t\t\t\t<\/div>\n\t\t\t\t\t<\/div>\n\t\t<\/div>\n\t\t\t\t\t<\/div>\n\t\t<\/section>\n\t\t\t\t<section class=\"elementor-section elementor-top-section elementor-element elementor-element-5e4f7ce elementor-section-boxed elementor-section-height-default elementor-section-height-default\" data-id=\"5e4f7ce\" data-element_type=\"section\">\n\t\t\t\t\t\t<div class=\"elementor-container elementor-column-gap-default\">\n\t\t\t\t\t<div class=\"elementor-column elementor-col-100 elementor-top-column elementor-element elementor-element-5fdb7dc\" data-id=\"5fdb7dc\" data-element_type=\"column\">\n\t\t\t<div class=\"elementor-widget-wrap elementor-element-populated\">\n\t\t\t\t\t\t<div class=\"elementor-element elementor-element-3a961e7 elementor-widget elementor-widget-text-editor\" data-id=\"3a961e7\" data-element_type=\"widget\" data-widget_type=\"text-editor.default\">\n\t\t\t\t<div class=\"elementor-widget-container\">\n\t\t\t\t\t\t\t\t\t<p><b>La Atenci\u00f3n Primaria en Madrid, con un recorte presupuestario del 12% en la \u00faltima d\u00e9cada, se encuentra al borde del colapso. Lo acaba de denunciar Amnist\u00eda Internacional en un informe que advierte, adem\u00e1s, que est\u00e1 perdiendo su capacidad para garantizar algo tan fundamental como es el derecho a la salud. De la mano de Jos\u00e9 Luis Palancar, delegado de CCOO y m\u00e9dico del Centro de Salud Doctor Cirajas, ubicado en el distrito de Ciudad Lineal,\u00a0 Madrid Sindical toma el pulso a un dispositivo sanitario maltratado institucionalmente, pero muy querido por la ciudadan\u00eda.<\/b><\/p>\t\t\t\t\t\t\t\t<\/div>\n\t\t\t\t<\/div>\n\t\t\t\t\t<\/div>\n\t\t<\/div>\n\t\t\t\t\t<\/div>\n\t\t<\/section>\n\t\t\t\t<section class=\"elementor-section elementor-top-section elementor-element elementor-element-3039f82 elementor-section-boxed elementor-section-height-default elementor-section-height-default\" data-id=\"3039f82\" data-element_type=\"section\">\n\t\t\t\t\t\t<div class=\"elementor-container elementor-column-gap-default\">\n\t\t\t\t\t<div class=\"elementor-column elementor-col-100 elementor-top-column elementor-element elementor-element-65abf5c\" data-id=\"65abf5c\" data-element_type=\"column\">\n\t\t\t<div class=\"elementor-widget-wrap elementor-element-populated\">\n\t\t\t\t\t\t<div class=\"elementor-element elementor-element-e536076 elementor-widget elementor-widget-text-editor\" data-id=\"e536076\" data-element_type=\"widget\" data-widget_type=\"text-editor.default\">\n\t\t\t\t<div class=\"elementor-widget-container\">\n\t\t\t\t\t\t\t\t\t<p><b>Texto: Alejandra Acosta; f<\/b><b>otos: Fran Lorente; v<\/b><b>\u00eddeo: Fran Lorente, Javier Cantizani<\/b><\/p>\t\t\t\t\t\t\t\t<\/div>\n\t\t\t\t<\/div>\n\t\t\t\t\t<\/div>\n\t\t<\/div>\n\t\t\t\t\t<\/div>\n\t\t<\/section>\n\t\t\t\t<section class=\"elementor-section elementor-top-section elementor-element elementor-element-745ff4c elementor-section-boxed elementor-section-height-default elementor-section-height-default\" data-id=\"745ff4c\" data-element_type=\"section\">\n\t\t\t\t\t\t<div class=\"elementor-container elementor-column-gap-default\">\n\t\t\t\t\t<div class=\"elementor-column elementor-col-100 elementor-top-column elementor-element elementor-element-94dc563\" data-id=\"94dc563\" data-element_type=\"column\">\n\t\t\t<div class=\"elementor-widget-wrap elementor-element-populated\">\n\t\t\t\t\t\t<div class=\"elementor-element elementor-element-3564f5a elementor-widget elementor-widget-image\" data-id=\"3564f5a\" data-element_type=\"widget\" data-widget_type=\"image.default\">\n\t\t\t\t<div class=\"elementor-widget-container\">\n\t\t\t\t\t\t\t\t\t\t\t\t<figure class=\"wp-caption\">\n\t\t\t\t\t\t\t\t\t\t<img fetchpriority=\"high\" decoding=\"async\" width=\"1024\" height=\"682\" src=\"https:\/\/madridsindical.es\/archivo\/wp-content\/uploads\/2020\/10\/001IMG_3968-1024x682.jpg\" class=\"attachment-large size-large wp-image-1917\" alt=\"\" srcset=\"https:\/\/madridsindical.es\/archivo\/wp-content\/uploads\/2020\/10\/001IMG_3968-1024x682.jpg 1024w, https:\/\/madridsindical.es\/archivo\/wp-content\/uploads\/2020\/10\/001IMG_3968-300x200.jpg 300w, https:\/\/madridsindical.es\/archivo\/wp-content\/uploads\/2020\/10\/001IMG_3968-768x512.jpg 768w, https:\/\/madridsindical.es\/archivo\/wp-content\/uploads\/2020\/10\/001IMG_3968-1536x1024.jpg 1536w, https:\/\/madridsindical.es\/archivo\/wp-content\/uploads\/2020\/10\/001IMG_3968-465x310.jpg 465w, https:\/\/madridsindical.es\/archivo\/wp-content\/uploads\/2020\/10\/001IMG_3968-695x463.jpg 695w, https:\/\/madridsindical.es\/archivo\/wp-content\/uploads\/2020\/10\/001IMG_3968.jpg 2000w\" sizes=\"(max-width: 1024px) 100vw, 1024px\" \/>\t\t\t\t\t\t\t\t\t\t\t<figcaption class=\"widget-image-caption wp-caption-text\">Jos\u00e9 Luis Palancar, m\u00e9dico de Atenci\u00f3n Primaria<\/figcaption>\n\t\t\t\t\t\t\t\t\t\t<\/figure>\n\t\t\t\t\t\t\t\t\t<\/div>\n\t\t\t\t<\/div>\n\t\t\t\t\t<\/div>\n\t\t<\/div>\n\t\t\t\t\t<\/div>\n\t\t<\/section>\n\t\t\t\t<section class=\"elementor-section elementor-top-section elementor-element elementor-element-eeee554 elementor-section-boxed elementor-section-height-default elementor-section-height-default\" data-id=\"eeee554\" data-element_type=\"section\">\n\t\t\t\t\t\t<div class=\"elementor-container elementor-column-gap-default\">\n\t\t\t\t\t<div class=\"elementor-column elementor-col-100 elementor-top-column elementor-element elementor-element-2e54a99\" data-id=\"2e54a99\" data-element_type=\"column\">\n\t\t\t<div class=\"elementor-widget-wrap elementor-element-populated\">\n\t\t\t\t\t\t<div class=\"elementor-element elementor-element-3cbfc8e elementor-widget elementor-widget-text-editor\" data-id=\"3cbfc8e\" data-element_type=\"widget\" data-widget_type=\"text-editor.default\">\n\t\t\t\t<div class=\"elementor-widget-container\">\n\t\t\t\t\t\t\t\t\t<p><b>Pregunta.-\u00a0 Busco en Internet \u201cm\u00e9dicos de familia\u201d y el 95% de los resultados se refieren a la serie de televisi\u00f3n que protagoniz\u00f3 Emilio Arag\u00f3n hace a\u00f1os. Les han hecho a ustedes muy poco caso\u2026.<\/b><\/p><p><span style=\"font-weight: 400;\">Respuesta.- As\u00ed es. Yo llevo m\u00e1s de 30 a\u00f1os ejerciendo en los centros de salud y la Atenci\u00f3n Primaria en Madrid ha sido siempre la cenicienta de la sanidad. No hay m\u00e1s que fijarse en los presupuestos. A pesar de que atendemos el 80% de las patolog\u00edas de la poblaci\u00f3n y solo derivamos un 20% a los especialistas nuestro presupuesto apenas alcanza el 25% del total de lo que se destina a sanidad.\u00a0<\/span><\/p><p><b>P.- \u00bfC\u00f3mo se explica ese desajuste?<\/b><\/p><p><span style=\"font-weight: 400;\">R.- Quienes gestionan la sanidad y toman las decisiones no tienen claro c\u00f3mo funciona el sistema y ponen el foco en proyectos que tienen mucho impacto medi\u00e1tico a costa de marginar la Atenci\u00f3n Primaria. Es mucho m\u00e1s vistoso que en un hospital sea posible hacer un doble trasplante de p\u00e1ncreas-h\u00edgado que el hecho de que nosotros atendamos un centenar de insuficiencias card\u00edacas a la semana. Es evidente que los hospitales tienen mucha m\u00e1s capacidad que nosotros de influir en las decisiones de la Consejer\u00eda, incluso del Ministerio. Sin embargo, aunque las instituciones no lo hagan, la ciudadan\u00eda s\u00ed reconoce nuestra labor y as\u00ed lo ponen de manifiesto las encuestas de salud. La relaci\u00f3n que tenemos con nuestros pacientes es \u00fanica.\u00a0<\/span><\/p>\t\t\t\t\t\t\t\t<\/div>\n\t\t\t\t<\/div>\n\t\t\t\t\t<\/div>\n\t\t<\/div>\n\t\t\t\t\t<\/div>\n\t\t<\/section>\n\t\t\t\t<section class=\"elementor-section elementor-top-section elementor-element elementor-element-4d22faa elementor-section-boxed elementor-section-height-default elementor-section-height-default\" data-id=\"4d22faa\" data-element_type=\"section\">\n\t\t\t\t\t\t<div class=\"elementor-container elementor-column-gap-default\">\n\t\t\t\t\t<div class=\"elementor-column elementor-col-100 elementor-top-column elementor-element elementor-element-cbda341\" data-id=\"cbda341\" data-element_type=\"column\">\n\t\t\t<div class=\"elementor-widget-wrap elementor-element-populated\">\n\t\t\t\t\t\t<div class=\"elementor-element elementor-element-2150274 elementor-position-left elementor-view-default elementor-mobile-position-top elementor-widget elementor-widget-icon-box\" data-id=\"2150274\" data-element_type=\"widget\" data-widget_type=\"icon-box.default\">\n\t\t\t\t<div class=\"elementor-widget-container\">\n\t\t\t\t\t\t\t<div class=\"elementor-icon-box-wrapper\">\n\n\t\t\t\t\t\t<div class=\"elementor-icon-box-icon\">\n\t\t\t\t<a href=\"https:\/\/www.youtube.com\/watch?v=ypfk7bWg2DQ&#038;feature=youtu.be\" class=\"elementor-icon\" tabindex=\"-1\" aria-label=\"En V\u00eddeo\">\n\t\t\t\t<i aria-hidden=\"true\" class=\"fas fa-play-circle\"><\/i>\t\t\t\t<\/a>\n\t\t\t<\/div>\n\t\t\t\n\t\t\t\t\t\t<div class=\"elementor-icon-box-content\">\n\n\t\t\t\t\t\t\t\t\t<h3 class=\"elementor-icon-box-title\">\n\t\t\t\t\t\t<a href=\"https:\/\/www.youtube.com\/watch?v=ypfk7bWg2DQ&#038;feature=youtu.be\" >\n\t\t\t\t\t\t\tEn V\u00eddeo\t\t\t\t\t\t<\/a>\n\t\t\t\t\t<\/h3>\n\t\t\t\t\n\t\t\t\t\t\t\t\t\t<p class=\"elementor-icon-box-description\">\n\t\t\t\t\t\tEntrevista a Jos\u00e9 Luis Palancar, m\u00e9dico de Atenci\u00f3n Primaria\t\t\t\t\t<\/p>\n\t\t\t\t\n\t\t\t<\/div>\n\t\t\t\n\t\t<\/div>\n\t\t\t\t\t\t<\/div>\n\t\t\t\t<\/div>\n\t\t\t\t\t<\/div>\n\t\t<\/div>\n\t\t\t\t\t<\/div>\n\t\t<\/section>\n\t\t\t\t<section class=\"elementor-section elementor-top-section elementor-element elementor-element-dcf6cf7 elementor-section-boxed elementor-section-height-default elementor-section-height-default\" data-id=\"dcf6cf7\" data-element_type=\"section\">\n\t\t\t\t\t\t<div class=\"elementor-container elementor-column-gap-default\">\n\t\t\t\t\t<div class=\"elementor-column elementor-col-100 elementor-top-column elementor-element elementor-element-a266fa8\" data-id=\"a266fa8\" data-element_type=\"column\">\n\t\t\t<div class=\"elementor-widget-wrap elementor-element-populated\">\n\t\t\t\t\t\t<div class=\"elementor-element elementor-element-94b735d elementor-widget elementor-widget-video\" data-id=\"94b735d\" data-element_type=\"widget\" data-settings=\"{&quot;youtube_url&quot;:&quot;https:\\\/\\\/youtu.be\\\/ypfk7bWg2DQ&quot;,&quot;video_type&quot;:&quot;youtube&quot;,&quot;controls&quot;:&quot;yes&quot;}\" data-widget_type=\"video.default\">\n\t\t\t\t<div class=\"elementor-widget-container\">\n\t\t\t\t\t\t\t<div class=\"elementor-wrapper elementor-open-inline\">\n\t\t\t<div class=\"elementor-video\"><\/div>\t\t<\/div>\n\t\t\t\t\t\t<\/div>\n\t\t\t\t<\/div>\n\t\t\t\t\t<\/div>\n\t\t<\/div>\n\t\t\t\t\t<\/div>\n\t\t<\/section>\n\t\t\t\t<section class=\"elementor-section elementor-top-section elementor-element elementor-element-348c476 elementor-section-content-middle elementor-section-boxed elementor-section-height-default elementor-section-height-default\" data-id=\"348c476\" data-element_type=\"section\">\n\t\t\t\t\t\t<div class=\"elementor-container elementor-column-gap-no\">\n\t\t\t\t\t<div class=\"elementor-column elementor-col-100 elementor-top-column elementor-element elementor-element-2ca36699\" data-id=\"2ca36699\" data-element_type=\"column\">\n\t\t\t<div class=\"elementor-widget-wrap elementor-element-populated\">\n\t\t\t\t\t\t<div class=\"elementor-element elementor-element-6c5a29f6 elementor-widget elementor-widget-heading\" data-id=\"6c5a29f6\" data-element_type=\"widget\" data-widget_type=\"heading.default\">\n\t\t\t\t<div class=\"elementor-widget-container\">\n\t\t\t\t\t<h4 class=\"elementor-heading-title elementor-size-default\">\u201cEl barco de la Atenci\u00f3n Primaria se ha hundido. Estamos en los botes salvavidas\u201d<\/h4>\t\t\t\t<\/div>\n\t\t\t\t<\/div>\n\t\t\t\t\t<\/div>\n\t\t<\/div>\n\t\t\t\t\t<\/div>\n\t\t<\/section>\n\t\t\t\t<section class=\"elementor-section elementor-top-section elementor-element elementor-element-a8ca396 elementor-section-boxed elementor-section-height-default elementor-section-height-default\" data-id=\"a8ca396\" data-element_type=\"section\">\n\t\t\t\t\t\t<div class=\"elementor-container elementor-column-gap-default\">\n\t\t\t\t\t<div class=\"elementor-column elementor-col-100 elementor-top-column elementor-element elementor-element-55746c9\" data-id=\"55746c9\" data-element_type=\"column\">\n\t\t\t<div class=\"elementor-widget-wrap elementor-element-populated\">\n\t\t\t\t\t\t<div class=\"elementor-element elementor-element-7d61d30 elementor-widget elementor-widget-text-editor\" data-id=\"7d61d30\" data-element_type=\"widget\" data-widget_type=\"text-editor.default\">\n\t\t\t\t<div class=\"elementor-widget-container\">\n\t\t\t\t\t\t\t\t\t<p><b>P.- Una curiosidad, \u00bfpor qu\u00e9 hay que pasar necesariamente por el especialista para que te hagan un TAC o una resonancia magn\u00e9tica, con los tiempos de espera que supone?\u00a0<\/b><\/p><p><span style=\"font-weight: 400;\">R.- Los m\u00e9dicos de Atenci\u00f3n Primaria podemos perfectamente valorar cuando un paciente necesita una prueba diagn\u00f3stica como las que usted menciona. Nos ponen el freno por miedo a que gastemos cuando en realidad ser\u00eda un ahorro porque evitar\u00edamos el tener que derivar a muchos pacientes a una consulta especializada, cuyo coste es siempre mayor que la atenci\u00f3n ambulatoria. Y lo mismo pasa con la enfermer\u00eda. La mayor parte de las curas se realizan desde Atenci\u00f3n Primaria en los centros de salud o en los domicilios, por eso no se entiende que los profesionales de la enfermer\u00eda no tengan capacidad de hacer prescripciones relacionadas con esas curas.<\/span><\/p><p><b>P.- Amnist\u00eda Internacional (AI) advierte que la Atenci\u00f3n Primaria en Madrid est\u00e1 al borde del colapso y que est\u00e1 perdiendo su capacidad para garantizar el derecho a la salud. Es grav\u00edsimo.<\/b><\/p><p><span style=\"font-weight: 400;\">R.- S\u00ed, es muy grave, pero esta situaci\u00f3n no es de ahora ni es culpa de la pandemia. Los recortes en la inversi\u00f3n y el gasto sanitario en la Comunidad de Madrid durante la \u00faltima d\u00e9cada han mermado los recursos de Atenci\u00f3n Primaria de forma brutal, tanto de personal como de medios materiales e infraestructuras. Y el coronavirus nos ha llevado por delante.<\/span><\/p><p><b>P.- Result\u00f3 muy gr\u00e1fica la imagen del Titanic hundi\u00e9ndose que Yolanda Fuentes, ex directora de Salud de la Comunidad de Madrid, public\u00f3 hace menos de un mes en su Twitter. <\/b><span style=\"font-weight: 400;\">\u00a0<\/span><\/p><p><span style=\"font-weight: 400;\">R.- Por lo que respecta a la Atenci\u00f3n Primaria, el barco ya se ha hundido. Ahora estamos en los botes salvavidas intentando rescatar a los n\u00e1ufragos.\u00a0<\/span><\/p>\t\t\t\t\t\t\t\t<\/div>\n\t\t\t\t<\/div>\n\t\t\t\t\t<\/div>\n\t\t<\/div>\n\t\t\t\t\t<\/div>\n\t\t<\/section>\n\t\t\t\t<section class=\"elementor-section elementor-top-section elementor-element elementor-element-f0133b6 elementor-section-boxed elementor-section-height-default elementor-section-height-default\" data-id=\"f0133b6\" data-element_type=\"section\">\n\t\t\t\t\t\t<div class=\"elementor-container elementor-column-gap-default\">\n\t\t\t\t\t<div class=\"elementor-column elementor-col-100 elementor-top-column elementor-element elementor-element-d417df1\" data-id=\"d417df1\" data-element_type=\"column\">\n\t\t\t<div class=\"elementor-widget-wrap elementor-element-populated\">\n\t\t\t\t\t\t<div class=\"elementor-element elementor-element-633f043 elementor-widget elementor-widget-heading\" data-id=\"633f043\" data-element_type=\"widget\" data-widget_type=\"heading.default\">\n\t\t\t\t<div class=\"elementor-widget-container\">\n\t\t\t\t\t<h4 class=\"elementor-heading-title elementor-size-default\">\u201cLas plantillas est\u00e1n mermadas y no est\u00e1n llegando refuerzos, ni van a llegar\u201d<\/h4>\t\t\t\t<\/div>\n\t\t\t\t<\/div>\n\t\t\t\t\t<\/div>\n\t\t<\/div>\n\t\t\t\t\t<\/div>\n\t\t<\/section>\n\t\t\t\t<section class=\"elementor-section elementor-top-section elementor-element elementor-element-e4d8d77 elementor-section-boxed elementor-section-height-default elementor-section-height-default\" data-id=\"e4d8d77\" data-element_type=\"section\">\n\t\t\t\t\t\t<div class=\"elementor-container elementor-column-gap-default\">\n\t\t\t\t\t<div class=\"elementor-column elementor-col-100 elementor-top-column elementor-element elementor-element-55d9391\" data-id=\"55d9391\" data-element_type=\"column\">\n\t\t\t<div class=\"elementor-widget-wrap elementor-element-populated\">\n\t\t\t\t\t\t<div class=\"elementor-element elementor-element-9c6c985 elementor-widget elementor-widget-image\" data-id=\"9c6c985\" data-element_type=\"widget\" data-widget_type=\"image.default\">\n\t\t\t\t<div class=\"elementor-widget-container\">\n\t\t\t\t\t\t\t\t\t\t\t\t<figure class=\"wp-caption\">\n\t\t\t\t\t\t\t\t\t\t<img decoding=\"async\" width=\"1024\" height=\"682\" src=\"https:\/\/madridsindical.es\/archivo\/wp-content\/uploads\/2020\/10\/002IMG_3979-1024x682.jpg\" class=\"attachment-large size-large wp-image-1918\" alt=\"\" srcset=\"https:\/\/madridsindical.es\/archivo\/wp-content\/uploads\/2020\/10\/002IMG_3979-1024x682.jpg 1024w, https:\/\/madridsindical.es\/archivo\/wp-content\/uploads\/2020\/10\/002IMG_3979-300x200.jpg 300w, https:\/\/madridsindical.es\/archivo\/wp-content\/uploads\/2020\/10\/002IMG_3979-768x512.jpg 768w, https:\/\/madridsindical.es\/archivo\/wp-content\/uploads\/2020\/10\/002IMG_3979-1536x1024.jpg 1536w, https:\/\/madridsindical.es\/archivo\/wp-content\/uploads\/2020\/10\/002IMG_3979-465x310.jpg 465w, https:\/\/madridsindical.es\/archivo\/wp-content\/uploads\/2020\/10\/002IMG_3979-695x463.jpg 695w, https:\/\/madridsindical.es\/archivo\/wp-content\/uploads\/2020\/10\/002IMG_3979.jpg 2000w\" sizes=\"(max-width: 1024px) 100vw, 1024px\" \/>\t\t\t\t\t\t\t\t\t\t\t<figcaption class=\"widget-image-caption wp-caption-text\">Jos\u00e9 Luis Palancar, m\u00e9dico de Atenci\u00f3n Primaria<\/figcaption>\n\t\t\t\t\t\t\t\t\t\t<\/figure>\n\t\t\t\t\t\t\t\t\t<\/div>\n\t\t\t\t<\/div>\n\t\t\t\t\t<\/div>\n\t\t<\/div>\n\t\t\t\t\t<\/div>\n\t\t<\/section>\n\t\t\t\t<section class=\"elementor-section elementor-top-section elementor-element elementor-element-581867d elementor-section-boxed elementor-section-height-default elementor-section-height-default\" data-id=\"581867d\" data-element_type=\"section\">\n\t\t\t\t\t\t<div class=\"elementor-container elementor-column-gap-default\">\n\t\t\t\t\t<div class=\"elementor-column elementor-col-100 elementor-top-column elementor-element elementor-element-671d8cb\" data-id=\"671d8cb\" data-element_type=\"column\">\n\t\t\t<div class=\"elementor-widget-wrap elementor-element-populated\">\n\t\t\t\t\t\t<div class=\"elementor-element elementor-element-fffd6f8 elementor-widget elementor-widget-text-editor\" data-id=\"fffd6f8\" data-element_type=\"widget\" data-widget_type=\"text-editor.default\">\n\t\t\t\t<div class=\"elementor-widget-container\">\n\t\t\t\t\t\t\t\t\t<p><b>P.- El informe de AI cifra en casi un 12% el recorte en la inversi\u00f3n en atenci\u00f3n primaria en Madrid, cuatro puntos m\u00e1s que el descenso de la inversi\u00f3n sanitaria p\u00fablica (8%), que ya es decir. Llevan ustedes siempre las de perder.<\/b><\/p><p><span style=\"font-weight: 400;\">R.- Las consecuencias de los recortes en Atenci\u00f3n Primaria saltan a la vista. Las plantillas en los centros de salud est\u00e1n mermadas y no est\u00e1n llegando refuerzos, ni van a llegar, me temo. En mi centro, el de Doctor Cirajas, han enviado un m\u00e9dico y una enfermera de refuerzo, es decir solo dos profesionales para cubrir bajas, vacaciones, libranzas y otras ausencias por distintos motivos en una plantilla ya de por s\u00ed escasa, y encima los tenemos que compartir. Un centro de salud pr\u00f3ximo al nuestro, el de la avenida de Arag\u00f3n, tuvo que cerrar porque la plantilla qued\u00f3 reducida a la mitad a causa de los contagios. La Atenci\u00f3n Primaria es la puerta de entrada al sistema de salud, el primer sitio al que acude la gente cuando se encuentra mal o tiene s\u00edntomas sospechosos de coronavirus, por tanto, nuestro colapso se contagia de inmediato a los hospitales.\u00a0<\/span><\/p><p><b>P.- Eso es indiscutible. El 83% de los pacientes que en los hospitales dan positivo en coronavirus hab\u00edan acudido previamente a la consulta de Atenci\u00f3n Primaria.<\/b><\/p><p><span style=\"font-weight: 400;\">R.- La Atenci\u00f3n Primaria se ten\u00eda que haber contemplado desde el principio como un recurso estrat\u00e9gico en la lucha contra la pandemia. Ni siquiera contamos con una planificaci\u00f3n de actividades. No la hubo en la primera oleada, cuando se pod\u00edan haber adaptado los planes que ya hab\u00eda para la gripe A de 2009 o para el \u00c9bola. Vale, digamos que les pill\u00f3 despistados. Pero no hay excusas para lo que ha ocurrido en esta segunda oleada. No ha habido ninguna preparaci\u00f3n, absolutamente ninguna, cuando ya est\u00e1bamos advertidos de lo que estaba ocurriendo en el hemisferio sur, es decir, que con el buen tiempo el virus sigue infectando. Y no nos estamos preparando tampoco para una tercera oleada. En la Comunidad de Madrid ni siquiera se ponen de acuerdo sobre qu\u00e9 medidas hay que tomar y en qu\u00e9 momento deben tomarse, cuestiones que a estas alturas deber\u00edan estar clar\u00edsimas. Lo que no hay que hacer es utilizar la pandemia como campo de batalla pol\u00edtica. Los pol\u00edticos deben ceder el protagonismo, echarse a un lado y escuchar a t\u00e9cnicos y cient\u00edficos. <\/span><\/p>\t\t\t\t\t\t\t\t<\/div>\n\t\t\t\t<\/div>\n\t\t\t\t\t<\/div>\n\t\t<\/div>\n\t\t\t\t\t<\/div>\n\t\t<\/section>\n\t\t\t\t<section class=\"elementor-section elementor-top-section elementor-element elementor-element-ca9576a elementor-section-boxed elementor-section-height-default elementor-section-height-default\" data-id=\"ca9576a\" data-element_type=\"section\">\n\t\t\t\t\t\t<div class=\"elementor-container elementor-column-gap-default\">\n\t\t\t\t\t<div class=\"elementor-column elementor-col-100 elementor-top-column elementor-element elementor-element-5b650c7\" data-id=\"5b650c7\" data-element_type=\"column\">\n\t\t\t<div class=\"elementor-widget-wrap elementor-element-populated\">\n\t\t\t\t\t\t<div class=\"elementor-element elementor-element-96dc66c elementor-widget elementor-widget-heading\" data-id=\"96dc66c\" data-element_type=\"widget\" data-widget_type=\"heading.default\">\n\t\t\t\t<div class=\"elementor-widget-container\">\n\t\t\t\t\t<h4 class=\"elementor-heading-title elementor-size-default\">\u201cA\u00fan no se ha construido un centro de salud presupuestado en pesetas hace 20 a\u00f1os\u201d<\/h4>\t\t\t\t<\/div>\n\t\t\t\t<\/div>\n\t\t\t\t\t<\/div>\n\t\t<\/div>\n\t\t\t\t\t<\/div>\n\t\t<\/section>\n\t\t\t\t<section class=\"elementor-section elementor-top-section elementor-element elementor-element-e635485 elementor-section-boxed elementor-section-height-default elementor-section-height-default\" data-id=\"e635485\" data-element_type=\"section\">\n\t\t\t\t\t\t<div class=\"elementor-container elementor-column-gap-default\">\n\t\t\t\t\t<div class=\"elementor-column elementor-col-100 elementor-top-column elementor-element elementor-element-a8f19bb\" data-id=\"a8f19bb\" data-element_type=\"column\">\n\t\t\t<div class=\"elementor-widget-wrap elementor-element-populated\">\n\t\t\t\t\t\t<div class=\"elementor-element elementor-element-f240657 elementor-widget elementor-widget-text-editor\" data-id=\"f240657\" data-element_type=\"widget\" data-widget_type=\"text-editor.default\">\n\t\t\t\t<div class=\"elementor-widget-container\">\n\t\t\t\t\t\t\t\t\t<p><b>P.- Desde mayo, le han dimitido a D\u00edaz Ayuso nueve responsables de sanidad, la \u00faltima esta misma semana, Marta S\u00e1nchez-Celaya, gerente de Atenci\u00f3n Primaria.<\/b><\/p><p><span style=\"font-weight: 400;\">R.- Tanta dimisi\u00f3n revela el guirigay que deben tener montado a nivel interno. Son los expertos, con criterios t\u00e9cnicos y cient\u00edficos, los que deben determinar qu\u00e9 medidas son las m\u00e1s id\u00f3neas para mitigar el contacto, y los pol\u00edticos no tendr\u00edan que entrar m\u00e1s que para garantizar la ejecuci\u00f3n de las medidas que se establezcan. Si no se les escucha, los expertos no van a querer implicarse. Fue muy llamativo que Emilio Bouza dimitiera apenas 48 horas despu\u00e9s de haber sido nombrado portavoz oficial del Grupo Covid del gobierno regional.\u00a0<\/span><\/p><p><b>P.- Los centros de salud afrontan estos d\u00edas la vacunaci\u00f3n de la gripe estacional. \u00bfEst\u00e1n preparados?\u00a0<\/b><\/p><p><span style=\"font-weight: 400;\">R.- Aqu\u00ed nos topamos, entre otras dificultades, con la antig\u00fcedad y el deterioro de los centros de salud por la falta de inversiones. La poblaci\u00f3n que se vacuna de la gripe es en su mayor\u00eda de riesgo y en ning\u00fan caso deber\u00eda cruzarse con personas que vienen con s\u00edntomas de coronavirus. En mi centro hemos establecido circuitos distintos. Nos podemos organizar porque tenemos una entrada de garaje, pero otros centros no tienen esta opci\u00f3n y se van a mezclar unos pacientes con otros. Por no hablar de la ventilaci\u00f3n. El centro de la avenida de Arag\u00f3n que cerr\u00f3 por el contagio de la mitad de la plantilla est\u00e1 ubicado en un bajo sin ventilaci\u00f3n. Hab\u00eda un proyecto para construir uno nuevo, pero hace tanto tiempo que se proyect\u00f3 que el presupuesto est\u00e1 en pesetas y todav\u00eda no se ha construido. Es decir, han pasado veinte a\u00f1os sin que se haya construido un centro que hace dos d\u00e9cadas ya era necesario. Este es el panorama en Madrid. <\/span><\/p>\t\t\t\t\t\t\t\t<\/div>\n\t\t\t\t<\/div>\n\t\t\t\t\t<\/div>\n\t\t<\/div>\n\t\t\t\t\t<\/div>\n\t\t<\/section>\n\t\t\t\t<section class=\"elementor-section elementor-top-section elementor-element elementor-element-5613f6f elementor-section-boxed elementor-section-height-default elementor-section-height-default\" data-id=\"5613f6f\" data-element_type=\"section\">\n\t\t\t\t\t\t<div class=\"elementor-container elementor-column-gap-default\">\n\t\t\t\t\t<div class=\"elementor-column elementor-col-100 elementor-top-column elementor-element elementor-element-a1740d4\" data-id=\"a1740d4\" data-element_type=\"column\">\n\t\t\t<div class=\"elementor-widget-wrap elementor-element-populated\">\n\t\t\t\t\t\t<div class=\"elementor-element elementor-element-e3d3c42 elementor-widget elementor-widget-image\" data-id=\"e3d3c42\" data-element_type=\"widget\" data-widget_type=\"image.default\">\n\t\t\t\t<div class=\"elementor-widget-container\">\n\t\t\t\t\t\t\t\t\t\t\t\t<figure class=\"wp-caption\">\n\t\t\t\t\t\t\t\t\t\t<img decoding=\"async\" width=\"1024\" height=\"682\" src=\"https:\/\/madridsindical.es\/archivo\/wp-content\/uploads\/2020\/10\/003IMG_4024-1024x682.jpg\" class=\"attachment-large size-large wp-image-1919\" alt=\"\" srcset=\"https:\/\/madridsindical.es\/archivo\/wp-content\/uploads\/2020\/10\/003IMG_4024-1024x682.jpg 1024w, https:\/\/madridsindical.es\/archivo\/wp-content\/uploads\/2020\/10\/003IMG_4024-300x200.jpg 300w, https:\/\/madridsindical.es\/archivo\/wp-content\/uploads\/2020\/10\/003IMG_4024-768x512.jpg 768w, https:\/\/madridsindical.es\/archivo\/wp-content\/uploads\/2020\/10\/003IMG_4024-1536x1024.jpg 1536w, https:\/\/madridsindical.es\/archivo\/wp-content\/uploads\/2020\/10\/003IMG_4024-465x310.jpg 465w, https:\/\/madridsindical.es\/archivo\/wp-content\/uploads\/2020\/10\/003IMG_4024-695x463.jpg 695w, https:\/\/madridsindical.es\/archivo\/wp-content\/uploads\/2020\/10\/003IMG_4024.jpg 2000w\" sizes=\"(max-width: 1024px) 100vw, 1024px\" \/>\t\t\t\t\t\t\t\t\t\t\t<figcaption class=\"widget-image-caption wp-caption-text\">Jos\u00e9 Luis Palancar, m\u00e9dico de Atenci\u00f3n Primaria<\/figcaption>\n\t\t\t\t\t\t\t\t\t\t<\/figure>\n\t\t\t\t\t\t\t\t\t<\/div>\n\t\t\t\t<\/div>\n\t\t\t\t\t<\/div>\n\t\t<\/div>\n\t\t\t\t\t<\/div>\n\t\t<\/section>\n\t\t\t\t<section class=\"elementor-section elementor-top-section elementor-element elementor-element-2e15a8e elementor-section-boxed elementor-section-height-default elementor-section-height-default\" data-id=\"2e15a8e\" data-element_type=\"section\">\n\t\t\t\t\t\t<div class=\"elementor-container elementor-column-gap-default\">\n\t\t\t\t\t<div class=\"elementor-column elementor-col-100 elementor-top-column elementor-element elementor-element-381057e\" data-id=\"381057e\" data-element_type=\"column\">\n\t\t\t<div class=\"elementor-widget-wrap elementor-element-populated\">\n\t\t\t\t\t\t<div class=\"elementor-element elementor-element-f2ef045 elementor-widget elementor-widget-heading\" data-id=\"f2ef045\" data-element_type=\"widget\" data-widget_type=\"heading.default\">\n\t\t\t\t<div class=\"elementor-widget-container\">\n\t\t\t\t\t<h4 class=\"elementor-heading-title elementor-size-default\">\u201cEl retraso en el diagn\u00f3stico del c\u00e1ncer tiene consecuencias: m\u00e1s complicaciones y riesgo de muerte\u201d\n<\/h4>\t\t\t\t<\/div>\n\t\t\t\t<\/div>\n\t\t\t\t\t<\/div>\n\t\t<\/div>\n\t\t\t\t\t<\/div>\n\t\t<\/section>\n\t\t\t\t<section class=\"elementor-section elementor-top-section elementor-element elementor-element-6d808f4 elementor-section-boxed elementor-section-height-default elementor-section-height-default\" data-id=\"6d808f4\" data-element_type=\"section\">\n\t\t\t\t\t\t<div class=\"elementor-container elementor-column-gap-default\">\n\t\t\t\t\t<div class=\"elementor-column elementor-col-100 elementor-top-column elementor-element elementor-element-f999aec\" data-id=\"f999aec\" data-element_type=\"column\">\n\t\t\t<div class=\"elementor-widget-wrap elementor-element-populated\">\n\t\t\t\t\t\t<div class=\"elementor-element elementor-element-7ed721d elementor-widget elementor-widget-text-editor\" data-id=\"7ed721d\" data-element_type=\"widget\" data-widget_type=\"text-editor.default\">\n\t\t\t\t<div class=\"elementor-widget-container\">\n\t\t\t\t\t\t\t\t\t<p><b>P.- \u00bfA su juicio, cu\u00e1les han sido los grandes fallos de la gesti\u00f3n en Madrid durante esta segunda oleada?<\/b><\/p><p><span style=\"font-weight: 400;\">R.- En Madrid, sin duda, la falta de rastreadores, que han brillado por su ausencia. No se ha creado una estructura capaz de detectar los brotes y controlarlos desde el primer momento. No se ha actuado de forma precoz, dilatando la toma de decisiones para actuar luego deprisa y corriendo. El test y el seguimiento a los convivientes cuando llega un\u00a0 paciente con covid a Atenci\u00f3n Primaria los hacemos nosotros, pero el resto de las relaciones corresponde a los rastreadores. Si no hay rastreadores suficientes, el seguimiento es deficiente y el aumento de los contagios y la circulaci\u00f3n comunitaria del coronavirus, inevitable.\u00a0<\/span><\/p><p><b>P.- Finalmente, crece la preocupaci\u00f3n por casos graves de otras enfermedades que no est\u00e1n siendo atendidas a tiempo. \u00bfQu\u00e9 est\u00e1 pasando?<\/b><\/p><p><span style=\"font-weight: 400;\">R.- El coronavirus no es el \u00fanico responsable del aumento de la mortalidad. Tambi\u00e9n tiene que ver con el retraso en la atenci\u00f3n y en el seguimiento de otras patolog\u00edas graves. En los centros de salud nos ocupamos de pacientes cr\u00f3nicos de EPOC (enfermedad pulmonar obstructiva cr\u00f3nica), hipertensi\u00f3n, diabetes, asma\u2026, personas a las que sometemos a un control exhaustivo en Atenci\u00f3n Primaria precisamente para evitar que tengan que acudir a un hospital. Necesitamos recuperar la atenci\u00f3n presencial y las pruebas de control. Tambi\u00e9n hay retraso en el diagn\u00f3stico precoz del c\u00e1ncer. El hecho de que en la Comunidad de Madrid se hayan ralentizado los dispositivos de protecci\u00f3n contra el c\u00e1ncer de mama y el de colon tiene consecuencias: m\u00e1s complicaciones y mayor riesgo de muerte. <\/span><\/p>\t\t\t\t\t\t\t\t<\/div>\n\t\t\t\t<\/div>\n\t\t\t\t\t<\/div>\n\t\t<\/div>\n\t\t\t\t\t<\/div>\n\t\t<\/section>\n\t\t\t\t<\/div>\n\t\t","protected":false},"excerpt":{"rendered":"<p>\u201cEl coronavirus no es el \u00fanico responsable del aumento de la mortalidad\u201d La Atenci\u00f3n Primaria en Madrid, con un recorte presupuestario del 12% en la \u00faltima d\u00e9cada, se encuentra al borde del colapso. Lo acaba de denunciar Amnist\u00eda Internacional en un informe que advierte, adem\u00e1s, que est\u00e1 perdiendo su capacidad para garantizar algo tan fundamental como es el derecho a la salud. De la mano de Jos\u00e9 Luis Palancar, delegado de CCOO y m\u00e9dico del<span class=\"more-link\"><a href=\"https:\/\/madridsindical.es\/archivo\/2020\/10\/23\/entrevista-a-jose-luis-palancar-medico-de-atencion-primaria\/\">Contin\u00faa leyendo<\/a><\/span><\/p>\n","protected":false},"author":1,"featured_media":1918,"comment_status":"closed","ping_status":"closed","sticky":false,"template":"","format":"standard","meta":{"footnotes":""},"categories":[3],"tags":[47],"class_list":["entry","author-madridsindical","post-1916","post","type-post","status-publish","format-standard","has-post-thumbnail","category-entrevistas","tag-archivo"],"aioseo_notices":[],"_links":{"self":[{"href":"https:\/\/madridsindical.es\/archivo\/wp-json\/wp\/v2\/posts\/1916","targetHints":{"allow":["GET"]}}],"collection":[{"href":"https:\/\/madridsindical.es\/archivo\/wp-json\/wp\/v2\/posts"}],"about":[{"href":"https:\/\/madridsindical.es\/archivo\/wp-json\/wp\/v2\/types\/post"}],"author":[{"embeddable":true,"href":"https:\/\/madridsindical.es\/archivo\/wp-json\/wp\/v2\/users\/1"}],"replies":[{"embeddable":true,"href":"https:\/\/madridsindical.es\/archivo\/wp-json\/wp\/v2\/comments?post=1916"}],"version-history":[{"count":3,"href":"https:\/\/madridsindical.es\/archivo\/wp-json\/wp\/v2\/posts\/1916\/revisions"}],"predecessor-version":[{"id":1926,"href":"https:\/\/madridsindical.es\/archivo\/wp-json\/wp\/v2\/posts\/1916\/revisions\/1926"}],"wp:featuredmedia":[{"embeddable":true,"href":"https:\/\/madridsindical.es\/archivo\/wp-json\/wp\/v2\/media\/1918"}],"wp:attachment":[{"href":"https:\/\/madridsindical.es\/archivo\/wp-json\/wp\/v2\/media?parent=1916"}],"wp:term":[{"taxonomy":"category","embeddable":true,"href":"https:\/\/madridsindical.es\/archivo\/wp-json\/wp\/v2\/categories?post=1916"},{"taxonomy":"post_tag","embeddable":true,"href":"https:\/\/madridsindical.es\/archivo\/wp-json\/wp\/v2\/tags?post=1916"}],"curies":[{"name":"wp","href":"https:\/\/api.w.org\/{rel}","templated":true}]}}