{"id":1895,"date":"2020-10-15T07:36:27","date_gmt":"2020-10-15T07:36:27","guid":{"rendered":"https:\/\/madridsindical.es\/archivo\/?p=1895"},"modified":"2025-11-06T12:25:51","modified_gmt":"2025-11-06T12:25:51","slug":"entrevista-a-angel-vinas-historiador","status":"publish","type":"post","link":"https:\/\/madridsindical.es\/archivo\/2020\/10\/15\/entrevista-a-angel-vinas-historiador\/","title":{"rendered":"Entrevista a \u00c1ngel Vi\u00f1as, historiador"},"content":{"rendered":"\t\t<div data-elementor-type=\"wp-post\" data-elementor-id=\"1895\" class=\"elementor elementor-1895\">\n\t\t\t\t\t\t<section class=\"elementor-section elementor-top-section elementor-element elementor-element-8293690 elementor-section-content-middle elementor-section-boxed elementor-section-height-default elementor-section-height-default\" data-id=\"8293690\" data-element_type=\"section\">\n\t\t\t\t\t\t<div class=\"elementor-container elementor-column-gap-no\">\n\t\t\t\t\t<div class=\"elementor-column elementor-col-100 elementor-top-column elementor-element elementor-element-2a64ce93\" data-id=\"2a64ce93\" data-element_type=\"column\">\n\t\t\t<div class=\"elementor-widget-wrap elementor-element-populated\">\n\t\t\t\t\t\t<div class=\"elementor-element elementor-element-480b370d elementor-widget elementor-widget-heading\" data-id=\"480b370d\" data-element_type=\"widget\" data-widget_type=\"heading.default\">\n\t\t\t\t<div class=\"elementor-widget-container\">\n\t\t\t\t\t<h4 class=\"elementor-heading-title elementor-size-default\">\u201cHay que recoger el guante con el que Vox reta a la Historia y darle con \u00e9l\u201d<\/h4>\t\t\t\t<\/div>\n\t\t\t\t<\/div>\n\t\t\t\t\t<\/div>\n\t\t<\/div>\n\t\t\t\t\t<\/div>\n\t\t<\/section>\n\t\t\t\t<section class=\"elementor-section elementor-top-section elementor-element elementor-element-f82d6aa elementor-section-boxed elementor-section-height-default elementor-section-height-default\" data-id=\"f82d6aa\" data-element_type=\"section\">\n\t\t\t\t\t\t<div class=\"elementor-container elementor-column-gap-default\">\n\t\t\t\t\t<div class=\"elementor-column elementor-col-100 elementor-top-column elementor-element elementor-element-222a655\" data-id=\"222a655\" data-element_type=\"column\">\n\t\t\t<div class=\"elementor-widget-wrap elementor-element-populated\">\n\t\t\t\t\t\t<div class=\"elementor-element elementor-element-16c4879 elementor-widget elementor-widget-text-editor\" data-id=\"16c4879\" data-element_type=\"widget\" data-widget_type=\"text-editor.default\">\n\t\t\t\t<div class=\"elementor-widget-container\">\n\t\t\t\t\t\t\t\t\t<h3><b>Las afirmaciones de Vox que denigran a Largo Caballero e Indalecio Prieto han sido desmontadas una por una, y de forma muy detallada, en un <span style=\"text-decoration: underline;\"><a href=\"https:\/\/www.angelvinas.es\/\" target=\"_blank\" rel=\"noopener\">informe t\u00e9cnico firmado por m\u00e1s de 250 especialistas en Historia Contempor\u00e1nea de universidades espa\u00f1olas y extranjeras <\/a><\/span><\/b><b>. Pero \u00bfqu\u00e9 busca el partido de ultraderecha con sus provocaciones? \u00bfQui\u00e9n est\u00e1 en su punto de mira? \u00bfHay riesgo de que los clich\u00e9s franquistas y pseudohist\u00f3ricos que propaga calen entre la ciudadan\u00eda? De todo ello hemos conversado con el <span style=\"text-decoration: underline;\"><a href=\"https:\/\/www.angelvinas.es\/\" target=\"_blank\" rel=\"noopener\">historiador \u00c1ngel Vi\u00f1as <\/a><\/span><\/b><b>, autor, entre otras obras, de \u201c<\/b><b><i>\u00bfQui\u00e9n quiso la Guerra Civil?<\/i><\/b><b>\u201d<\/b><\/h3>\t\t\t\t\t\t\t\t<\/div>\n\t\t\t\t<\/div>\n\t\t\t\t\t<\/div>\n\t\t<\/div>\n\t\t\t\t\t<\/div>\n\t\t<\/section>\n\t\t\t\t<section class=\"elementor-section elementor-top-section elementor-element elementor-element-720a30d elementor-section-boxed elementor-section-height-default elementor-section-height-default\" data-id=\"720a30d\" data-element_type=\"section\">\n\t\t\t\t\t\t<div class=\"elementor-container elementor-column-gap-default\">\n\t\t\t\t\t<div class=\"elementor-column elementor-col-100 elementor-top-column elementor-element elementor-element-eb62852\" data-id=\"eb62852\" data-element_type=\"column\">\n\t\t\t<div class=\"elementor-widget-wrap elementor-element-populated\">\n\t\t\t\t\t\t<div class=\"elementor-element elementor-element-ac96846 elementor-widget elementor-widget-text-editor\" data-id=\"ac96846\" data-element_type=\"widget\" data-widget_type=\"text-editor.default\">\n\t\t\t\t<div class=\"elementor-widget-container\">\n\t\t\t\t\t\t\t\t\t<p><b>Entrevista: Alejandra Acosta; f<\/b><b>otos: Fran Lorente<\/b><\/p>\t\t\t\t\t\t\t\t<\/div>\n\t\t\t\t<\/div>\n\t\t\t\t\t<\/div>\n\t\t<\/div>\n\t\t\t\t\t<\/div>\n\t\t<\/section>\n\t\t\t\t<section class=\"elementor-section elementor-top-section elementor-element elementor-element-3e8343b elementor-section-boxed elementor-section-height-default elementor-section-height-default\" data-id=\"3e8343b\" data-element_type=\"section\">\n\t\t\t\t\t\t<div class=\"elementor-container elementor-column-gap-default\">\n\t\t\t\t\t<div class=\"elementor-column elementor-col-100 elementor-top-column elementor-element elementor-element-ec0ede4\" data-id=\"ec0ede4\" data-element_type=\"column\">\n\t\t\t<div class=\"elementor-widget-wrap elementor-element-populated\">\n\t\t\t\t\t\t<section class=\"elementor-section elementor-inner-section elementor-element elementor-element-e852667 elementor-section-boxed elementor-section-height-default elementor-section-height-default\" data-id=\"e852667\" data-element_type=\"section\">\n\t\t\t\t\t\t<div class=\"elementor-container elementor-column-gap-default\">\n\t\t\t\t\t<div class=\"elementor-column elementor-col-50 elementor-inner-column elementor-element elementor-element-5a50a4b\" data-id=\"5a50a4b\" data-element_type=\"column\">\n\t\t\t<div class=\"elementor-widget-wrap elementor-element-populated\">\n\t\t\t\t\t\t<div class=\"elementor-element elementor-element-0ce1616 elementor-widget elementor-widget-image\" data-id=\"0ce1616\" data-element_type=\"widget\" data-widget_type=\"image.default\">\n\t\t\t\t<div class=\"elementor-widget-container\">\n\t\t\t\t\t\t\t\t\t\t\t\t<figure class=\"wp-caption\">\n\t\t\t\t\t\t\t\t\t\t<img fetchpriority=\"high\" decoding=\"async\" width=\"682\" height=\"1024\" src=\"https:\/\/madridsindical.es\/archivo\/wp-content\/uploads\/2020\/10\/WhatsApp-Image-2020-10-14-at-14.24.37-682x1024.jpeg\" class=\"attachment-large size-large wp-image-1896\" alt=\"\" srcset=\"https:\/\/madridsindical.es\/archivo\/wp-content\/uploads\/2020\/10\/WhatsApp-Image-2020-10-14-at-14.24.37-682x1024.jpeg 682w, https:\/\/madridsindical.es\/archivo\/wp-content\/uploads\/2020\/10\/WhatsApp-Image-2020-10-14-at-14.24.37-200x300.jpeg 200w, https:\/\/madridsindical.es\/archivo\/wp-content\/uploads\/2020\/10\/WhatsApp-Image-2020-10-14-at-14.24.37-768x1154.jpeg 768w, https:\/\/madridsindical.es\/archivo\/wp-content\/uploads\/2020\/10\/WhatsApp-Image-2020-10-14-at-14.24.37-366x550.jpeg 366w, https:\/\/madridsindical.es\/archivo\/wp-content\/uploads\/2020\/10\/WhatsApp-Image-2020-10-14-at-14.24.37-333x500.jpeg 333w, https:\/\/madridsindical.es\/archivo\/wp-content\/uploads\/2020\/10\/WhatsApp-Image-2020-10-14-at-14.24.37.jpeg 852w\" sizes=\"(max-width: 682px) 100vw, 682px\" \/>\t\t\t\t\t\t\t\t\t\t\t<figcaption class=\"widget-image-caption wp-caption-text\">Escultura de Indalecio Prieto en Madrid<\/figcaption>\n\t\t\t\t\t\t\t\t\t\t<\/figure>\n\t\t\t\t\t\t\t\t\t<\/div>\n\t\t\t\t<\/div>\n\t\t\t\t\t<\/div>\n\t\t<\/div>\n\t\t\t\t<div class=\"elementor-column elementor-col-50 elementor-inner-column elementor-element elementor-element-eae874b\" data-id=\"eae874b\" data-element_type=\"column\">\n\t\t\t<div class=\"elementor-widget-wrap elementor-element-populated\">\n\t\t\t\t\t\t<div class=\"elementor-element elementor-element-a76dc46 elementor-widget elementor-widget-text-editor\" data-id=\"a76dc46\" data-element_type=\"widget\" data-widget_type=\"text-editor.default\">\n\t\t\t\t<div class=\"elementor-widget-container\">\n\t\t\t\t\t\t\t\t\t<p><b>Pregunta.- \u00c1ngel, sostiene usted que el gobierno del Ayuntamiento de Madrid, formado por PP y Ciudadanos, <\/b><b><i>\u201cha pisoteado la historia\u201d<\/i><\/b><b> al apoyar en el Pleno municipal la propuesta de Vox de retirar del callejero madrile\u00f1o los nombres de Largo Caballero e Indalecio Prieto.<\/b><\/p><p><span style=\"font-weight: 400;\">Respuesta.- La ha pisoteado, absolutamente.<\/span><\/p><p><b>P.- \u00bfSuscribe el informe t\u00e9cnico de los historiadores que desmonta por completo las\u00a0 gruesas acusaciones que Vox hace contra los dos hist\u00f3ricos dirigentes socialistas?<\/b><\/p><p><span style=\"font-weight: 400;\">R.- Yo no elabor\u00e9 ese inform\u00e9, pero lo le\u00ed y lo firm\u00e9. Comparto todo lo que en \u00e9l se dice y no creo que sea necesario aportar mucho m\u00e1s.\u00a0<\/span><\/p><p><b>P.- Pero, m\u00e1s all\u00e1 del an\u00e1lisis t\u00e9cnico, \u00bfcu\u00e1l es su valoraci\u00f3n como historiador y como ciudadano de la propuesta de la formaci\u00f3n de ultraderecha?<\/b><\/p><p><span style=\"font-weight: 400;\">R.- Tengo dos adjetivos: alucinante, por absurda, rid\u00edcula y grotesca, y provocadora. Dos elementos que caracterizan las maniobras de agresi\u00f3n hist\u00f3rica que viene cometiendo Vox desde hace tiempo.<\/span><\/p>\t\t\t\t\t\t\t\t<\/div>\n\t\t\t\t<\/div>\n\t\t\t\t<div class=\"elementor-element elementor-element-e5518f1 elementor-widget elementor-widget-heading\" data-id=\"e5518f1\" data-element_type=\"widget\" data-widget_type=\"heading.default\">\n\t\t\t\t<div class=\"elementor-widget-container\">\n\t\t\t\t\t<h4 class=\"elementor-heading-title elementor-size-default\">\u201cAlborotan y provocan para hacerse notar en amplios c\u00edrculos de la sociedad espa\u00f1ola\u201d<\/h4>\t\t\t\t<\/div>\n\t\t\t\t<\/div>\n\t\t\t\t\t<\/div>\n\t\t<\/div>\n\t\t\t\t\t<\/div>\n\t\t<\/section>\n\t\t\t\t\t<\/div>\n\t\t<\/div>\n\t\t\t\t\t<\/div>\n\t\t<\/section>\n\t\t\t\t<section class=\"elementor-section elementor-top-section elementor-element elementor-element-d3aebbf elementor-section-boxed elementor-section-height-default elementor-section-height-default\" data-id=\"d3aebbf\" data-element_type=\"section\">\n\t\t\t\t\t\t<div class=\"elementor-container elementor-column-gap-default\">\n\t\t\t\t\t<div class=\"elementor-column elementor-col-100 elementor-top-column elementor-element elementor-element-42200ee\" data-id=\"42200ee\" data-element_type=\"column\">\n\t\t\t<div class=\"elementor-widget-wrap elementor-element-populated\">\n\t\t\t\t\t\t<div class=\"elementor-element elementor-element-de7de4f elementor-widget elementor-widget-text-editor\" data-id=\"de7de4f\" data-element_type=\"widget\" data-widget_type=\"text-editor.default\">\n\t\t\t\t<div class=\"elementor-widget-container\">\n\t\t\t\t\t\t\t\t\t<p><b>P.- \u00bfQu\u00e9 pretenden conseguir?\u00a0<\/b><\/p><p><span style=\"font-weight: 400;\">R.- Probablemente buscan dos objetivos. El primero, alborotar para promocionarse. Si dices que Prieto estuvo detr\u00e1s del asalto al oro del Banco de Espa\u00f1a o detr\u00e1s de las \u2018sacas\u2019 sabes que vas provocar y hacerte notar en amplios c\u00edrculos de la sociedad espa\u00f1ola que no han podido, no han querido o no han sabido separarse de las concepciones franquistas del pasado. Esencialmente es un combate por conseguir la hegemon\u00eda de la interpretaci\u00f3n del pasado. Y, por otro lado, est\u00e1n tratando de arrojar toda la basura posible y no posible sobre la izquierda.\u00a0<\/span><\/p><p><b>P.- Los historiadores hablan, respecto al asunto de Prieto y Largo Caballero, de \u201cmaquinaciones de la baja pol\u00edtica\u201d. Vox ha logrado contaminar y degradar el ambiente pol\u00edtico en todos los sentidos y en todos los \u00e1mbitos y territorios.<\/b><\/p><p><span style=\"font-weight: 400;\">R.- Vox concibe la pol\u00edtica como un combate entre el bien y el mal. Y contra el mal absoluto que en opini\u00f3n de Vox representa la izquierda no puede haber tregua, no puede haber cesiones.<\/span><\/p>\t\t\t\t\t\t\t\t<\/div>\n\t\t\t\t<\/div>\n\t\t\t\t\t<\/div>\n\t\t<\/div>\n\t\t\t\t\t<\/div>\n\t\t<\/section>\n\t\t\t\t<section class=\"elementor-section elementor-top-section elementor-element elementor-element-879b0a7 elementor-section-boxed elementor-section-height-default elementor-section-height-default\" data-id=\"879b0a7\" data-element_type=\"section\">\n\t\t\t\t\t\t<div class=\"elementor-container elementor-column-gap-default\">\n\t\t\t\t\t<div class=\"elementor-column elementor-col-100 elementor-top-column elementor-element elementor-element-3f336cb\" data-id=\"3f336cb\" data-element_type=\"column\">\n\t\t\t<div class=\"elementor-widget-wrap elementor-element-populated\">\n\t\t\t\t\t\t<div class=\"elementor-element elementor-element-87766e7 elementor-widget elementor-widget-image\" data-id=\"87766e7\" data-element_type=\"widget\" data-widget_type=\"image.default\">\n\t\t\t\t<div class=\"elementor-widget-container\">\n\t\t\t\t\t\t\t\t\t\t\t\t<figure class=\"wp-caption\">\n\t\t\t\t\t\t\t\t\t\t<img decoding=\"async\" width=\"1024\" height=\"649\" src=\"https:\/\/madridsindical.es\/archivo\/wp-content\/uploads\/2020\/10\/IMG_4019-1024x649.jpg\" class=\"attachment-large size-large wp-image-1904\" alt=\"\" srcset=\"https:\/\/madridsindical.es\/archivo\/wp-content\/uploads\/2020\/10\/IMG_4019-1024x649.jpg 1024w, https:\/\/madridsindical.es\/archivo\/wp-content\/uploads\/2020\/10\/IMG_4019-300x190.jpg 300w, https:\/\/madridsindical.es\/archivo\/wp-content\/uploads\/2020\/10\/IMG_4019-768x487.jpg 768w, https:\/\/madridsindical.es\/archivo\/wp-content\/uploads\/2020\/10\/IMG_4019-1536x974.jpg 1536w, https:\/\/madridsindical.es\/archivo\/wp-content\/uploads\/2020\/10\/IMG_4019-465x295.jpg 465w, https:\/\/madridsindical.es\/archivo\/wp-content\/uploads\/2020\/10\/IMG_4019-695x441.jpg 695w, https:\/\/madridsindical.es\/archivo\/wp-content\/uploads\/2020\/10\/IMG_4019.jpg 2000w\" sizes=\"(max-width: 1024px) 100vw, 1024px\" \/>\t\t\t\t\t\t\t\t\t\t\t<figcaption class=\"widget-image-caption wp-caption-text\">\u00c1ngel Vi\u00f1as en la presentaci\u00f3n de su libro \"\u00bfQui\u00e9n quiso la Guerra Civil?\" en CCOO de Madrid (noviembre de 2019)<\/figcaption>\n\t\t\t\t\t\t\t\t\t\t<\/figure>\n\t\t\t\t\t\t\t\t\t<\/div>\n\t\t\t\t<\/div>\n\t\t\t\t\t<\/div>\n\t\t<\/div>\n\t\t\t\t\t<\/div>\n\t\t<\/section>\n\t\t\t\t<section class=\"elementor-section elementor-top-section elementor-element elementor-element-8deeef1 elementor-section-boxed elementor-section-height-default elementor-section-height-default\" data-id=\"8deeef1\" data-element_type=\"section\">\n\t\t\t\t\t\t<div class=\"elementor-container elementor-column-gap-default\">\n\t\t\t\t\t<div class=\"elementor-column elementor-col-100 elementor-top-column elementor-element elementor-element-ddf95af\" data-id=\"ddf95af\" data-element_type=\"column\">\n\t\t\t<div class=\"elementor-widget-wrap elementor-element-populated\">\n\t\t\t\t\t\t<div class=\"elementor-element elementor-element-9bf2c59 elementor-widget elementor-widget-text-editor\" data-id=\"9bf2c59\" data-element_type=\"widget\" data-widget_type=\"text-editor.default\">\n\t\t\t\t<div class=\"elementor-widget-container\">\n\t\t\t\t\t\t\t\t\t<p><b>P.- \u00bfEl mal absoluto para Vox es Unidas Podemos?<\/b><\/p><p><span style=\"font-weight: 400;\">R.- Desde mi punto de vista, la izquierda malvada y terrible para ellos es el PSOE. Unidas Podemos juega un papel secundario, aunque fundamental, muy valioso para Vox, porque representa el elemento comunista. Por eso Vox utiliza siempre el t\u00e9rmino de \u201cgobierno social-comunista\u201d. No es irrelevante esta denominaci\u00f3n, ya que para la historiograf\u00eda franquista el enemigo a batir fueron siempre el comunismo y la Uni\u00f3n Sovi\u00e9tica. La interpretaci\u00f3n de que la Guerra Civil fue una guerra contra el comunismo se inculc\u00f3 durante 40 a\u00f1os de dictadura a los ni\u00f1os, a las ni\u00f1as, a los estudiantes, a los no estudiantes, a la burgues\u00eda, a todo dios\u2026Llamar \u201csocial-comunista\u201d al gobierno permite a Vox apelar a ese tipo de subconsciente que est\u00e1 danzando en algunos sectores de la sociedad espa\u00f1ola a los que dirige su mensaje de \u201c\u00a1ojo!, que estos son los que hicieron la Guerra Civil, aquellos contra los que nosotros nos sublevamos porque nos llevaban al desastre\u2026\u201d. Y est\u00e1 calando, por eso es peligroso.<\/span><\/p>\t\t\t\t\t\t\t\t<\/div>\n\t\t\t\t<\/div>\n\t\t\t\t\t<\/div>\n\t\t<\/div>\n\t\t\t\t\t<\/div>\n\t\t<\/section>\n\t\t\t\t<section class=\"elementor-section elementor-top-section elementor-element elementor-element-2d7e1885 elementor-section-boxed elementor-section-height-default elementor-section-height-default\" data-id=\"2d7e1885\" data-element_type=\"section\">\n\t\t\t\t\t\t<div class=\"elementor-container elementor-column-gap-no\">\n\t\t\t\t\t<div class=\"elementor-column elementor-col-100 elementor-top-column elementor-element elementor-element-671d47be\" data-id=\"671d47be\" data-element_type=\"column\">\n\t\t\t<div class=\"elementor-widget-wrap elementor-element-populated\">\n\t\t\t\t\t\t<div class=\"elementor-element elementor-element-380a200d elementor-widget elementor-widget-heading\" data-id=\"380a200d\" data-element_type=\"widget\" data-widget_type=\"heading.default\">\n\t\t\t\t<div class=\"elementor-widget-container\">\n\t\t\t\t\t<h4 class=\"elementor-heading-title elementor-size-default\">\u201c\u00a1Pues claro que la batalla hay que darla en la escuela! \u00a1Siempre!\u201d<\/h4>\t\t\t\t<\/div>\n\t\t\t\t<\/div>\n\t\t\t\t\t<\/div>\n\t\t<\/div>\n\t\t\t\t\t<\/div>\n\t\t<\/section>\n\t\t\t\t<section class=\"elementor-section elementor-top-section elementor-element elementor-element-3e4f9dc elementor-section-boxed elementor-section-height-default elementor-section-height-default\" data-id=\"3e4f9dc\" data-element_type=\"section\">\n\t\t\t\t\t\t<div class=\"elementor-container elementor-column-gap-default\">\n\t\t\t\t\t<div class=\"elementor-column elementor-col-100 elementor-top-column elementor-element elementor-element-e8d9a50\" data-id=\"e8d9a50\" data-element_type=\"column\">\n\t\t\t<div class=\"elementor-widget-wrap elementor-element-populated\">\n\t\t\t\t\t\t<div class=\"elementor-element elementor-element-091021b elementor-widget elementor-widget-text-editor\" data-id=\"091021b\" data-element_type=\"widget\" data-widget_type=\"text-editor.default\">\n\t\t\t\t<div class=\"elementor-widget-container\">\n\t\t\t\t\t\t\t\t\t<p><b>P.- \u00bfVio las im\u00e1genes de avenidas y calles de ciudades espa\u00f1olas llenas de coches \u00a0 convocados por Vox exhibiendo banderas espa\u00f1olas el pasado 12 de octubre?<\/b><\/p><p><span style=\"font-weight: 400;\">R.- Me resulta irritante esa apropiaci\u00f3n de la bandera por parte de la derecha y la ultraderecha espa\u00f1olas.\u00a0 En Francia, o en B\u00e9lgica, donde vivo, eso no ocurre porque tienen muchos m\u00e1s a\u00f1os detr\u00e1s de debates culturales. La bandera no significa una opci\u00f3n pol\u00edtica o ideol\u00f3gica concreta. En Francia, que Marine Le Pen utilice la bandera tricolor no\u00a0 preocupa a nadie porque todo el mundo sabe que es la extrema derecha, los sucesores del colaboracionismo de Vichy. Pero claro, la sociedad francesa luch\u00f3 durante todo el siglo XIX por la separaci\u00f3n de Estado e Iglesia, y en 1905 estableci\u00f3 una escuela laica con una pretensi\u00f3n: formar ciudadanos y ciudadanas, no de Aquitania, no de Provenza, sino ciudadanos franceses. En cambio, nuestros constituyentes no supieron o no se atrevieron o no quisieron hacerlo\u2026 eso ya no lo s\u00e9.\u00a0<\/span><\/p><p><b>P.- \u00bfQuiere decir que la batalla hay que darla en la escuela?<\/b><\/p><p><span style=\"font-weight: 400;\">R.- \u00a1Pues claro que la batalla hay que darla en la escuela! \u00a1Siempre! Uno de los grandes errores del desarrollo del Estado de las Autonom\u00edas es que el Estado central dejara en manos de las Comunidades Aut\u00f3nomas la interpretaci\u00f3n de la historia que seguro que no era lo que pretend\u00edan, pero es en lo que ha derivado. Yo he sido catedr\u00e1tico de Universidad, no de Instituto, pero tengo amigos profesores de bachillerato que me cuentan que no llegan a estudiar la historia contempor\u00e1nea de Espa\u00f1a. Por favor\u2026 si empiezan por Atapuerca&#8230;, ya me dir\u00e1s qu\u00e9 tiempo van a dedicar a la historia contempor\u00e1nea\u2026 En todo caso, es una batalla larga porque ense\u00f1ar a los j\u00f3venes es una tarea de a\u00f1os. <\/span><\/p>\t\t\t\t\t\t\t\t<\/div>\n\t\t\t\t<\/div>\n\t\t\t\t\t<\/div>\n\t\t<\/div>\n\t\t\t\t\t<\/div>\n\t\t<\/section>\n\t\t\t\t<section class=\"elementor-section elementor-top-section elementor-element elementor-element-5eb4af7 elementor-section-boxed elementor-section-height-default elementor-section-height-default\" data-id=\"5eb4af7\" data-element_type=\"section\">\n\t\t\t\t\t\t<div class=\"elementor-container elementor-column-gap-default\">\n\t\t\t\t\t<div class=\"elementor-column elementor-col-100 elementor-top-column elementor-element elementor-element-a8ec278\" data-id=\"a8ec278\" data-element_type=\"column\">\n\t\t\t<div class=\"elementor-widget-wrap elementor-element-populated\">\n\t\t\t\t\t\t<section class=\"elementor-section elementor-inner-section elementor-element elementor-element-48b741a elementor-section-boxed elementor-section-height-default elementor-section-height-default\" data-id=\"48b741a\" data-element_type=\"section\">\n\t\t\t\t\t\t<div class=\"elementor-container elementor-column-gap-default\">\n\t\t\t\t\t<div class=\"elementor-column elementor-col-50 elementor-inner-column elementor-element elementor-element-6ae16f1\" data-id=\"6ae16f1\" data-element_type=\"column\">\n\t\t\t<div class=\"elementor-widget-wrap elementor-element-populated\">\n\t\t\t\t\t\t<div class=\"elementor-element elementor-element-d45f269 elementor-widget elementor-widget-image\" data-id=\"d45f269\" data-element_type=\"widget\" data-widget_type=\"image.default\">\n\t\t\t\t<div class=\"elementor-widget-container\">\n\t\t\t\t\t\t\t\t\t\t\t\t<figure class=\"wp-caption\">\n\t\t\t\t\t\t\t\t\t\t<img decoding=\"async\" width=\"682\" height=\"1024\" src=\"https:\/\/madridsindical.es\/archivo\/wp-content\/uploads\/2020\/10\/WhatsApp-Image-2020-10-14-at-14.27.07-682x1024.jpeg\" class=\"attachment-large size-large wp-image-1897\" alt=\"\" srcset=\"https:\/\/madridsindical.es\/archivo\/wp-content\/uploads\/2020\/10\/WhatsApp-Image-2020-10-14-at-14.27.07-682x1024.jpeg 682w, https:\/\/madridsindical.es\/archivo\/wp-content\/uploads\/2020\/10\/WhatsApp-Image-2020-10-14-at-14.27.07-200x300.jpeg 200w, https:\/\/madridsindical.es\/archivo\/wp-content\/uploads\/2020\/10\/WhatsApp-Image-2020-10-14-at-14.27.07-768x1154.jpeg 768w, https:\/\/madridsindical.es\/archivo\/wp-content\/uploads\/2020\/10\/WhatsApp-Image-2020-10-14-at-14.27.07-366x550.jpeg 366w, https:\/\/madridsindical.es\/archivo\/wp-content\/uploads\/2020\/10\/WhatsApp-Image-2020-10-14-at-14.27.07-333x500.jpeg 333w, https:\/\/madridsindical.es\/archivo\/wp-content\/uploads\/2020\/10\/WhatsApp-Image-2020-10-14-at-14.27.07.jpeg 852w\" sizes=\"(max-width: 682px) 100vw, 682px\" \/>\t\t\t\t\t\t\t\t\t\t\t<figcaption class=\"widget-image-caption wp-caption-text\">Escultura de Largo Caballero en Madrid<\/figcaption>\n\t\t\t\t\t\t\t\t\t\t<\/figure>\n\t\t\t\t\t\t\t\t\t<\/div>\n\t\t\t\t<\/div>\n\t\t\t\t\t<\/div>\n\t\t<\/div>\n\t\t\t\t<div class=\"elementor-column elementor-col-50 elementor-inner-column elementor-element elementor-element-3bbb06c\" data-id=\"3bbb06c\" data-element_type=\"column\">\n\t\t\t<div class=\"elementor-widget-wrap elementor-element-populated\">\n\t\t\t\t\t\t<div class=\"elementor-element elementor-element-540a8bc elementor-widget elementor-widget-heading\" data-id=\"540a8bc\" data-element_type=\"widget\" data-widget_type=\"heading.default\">\n\t\t\t\t<div class=\"elementor-widget-container\">\n\t\t\t\t\t<h4 class=\"elementor-heading-title elementor-size-default\">\u201cLa manipulaci\u00f3n del pasado es un arma pol\u00edtica para conseguir el poder y da resultado\u201d<\/h4>\t\t\t\t<\/div>\n\t\t\t\t<\/div>\n\t\t\t\t<div class=\"elementor-element elementor-element-33edc91 elementor-widget elementor-widget-text-editor\" data-id=\"33edc91\" data-element_type=\"widget\" data-widget_type=\"text-editor.default\">\n\t\t\t\t<div class=\"elementor-widget-container\">\n\t\t\t\t\t\t\t\t\t<p><b>P.- La ignorancia, por tanto, es el mejor aliado de Vox.<\/b><\/p><p>R.- Vox aprovecha el flanco desarmado del Estado espa\u00f1ol en t\u00e9rminos de lucha cultural. Sabe que tiene la posibilidad de alcanzar el poder porque estamos en un pa\u00eds democr\u00e1tico y para conseguirlo est\u00e1n movilizando a la sociedad espa\u00f1ola de una manera parecida, salvando las distancias, a lo que hizo Hitler en los a\u00f1os 20: aprovechar la pandemia, el desplome de la econom\u00eda, la irritaci\u00f3n ciudadana\u2026\u00a0\u00a0<\/p><p><b>P.- Un cl\u00e1sico, por otra parte, de las estrategias del fascismo.\u00a0<\/b><\/p><p><span style=\"font-weight: 400;\">R.- La manipulaci\u00f3n del pasado, aunque se haga de forma est\u00fapida, es un arma pol\u00edtica para conseguir el poder y da muy buenos resultados. Los dio en la Alemania de Hitler con la rid\u00edcula leyenda de la pu\u00f1alada trapera asestada al pa\u00eds por comunistas, jud\u00edos y socialistas, y los est\u00e1 dando ahora en la Am\u00e9rica de Trump, que est\u00e1 reinterpretando desde la Guerra de Secesi\u00f3n hasta el origen de la esclavitud, y se queda tan pancho porque hay un sector de la sociedad norteamericana ignorante y manipulable que se lo cree.\u00a0<\/span><\/p><p><b>P.- \u00c1ngel, \u00bfqu\u00e9 hacemos?<\/b><\/p><p><span style=\"font-weight: 400;\">R.- Hay que recoger el guante con el que Vox reta a la Historia y darle con \u00e9l.\u00a0<\/span><\/p>\t\t\t\t\t\t\t\t<\/div>\n\t\t\t\t<\/div>\n\t\t\t\t\t<\/div>\n\t\t<\/div>\n\t\t\t\t\t<\/div>\n\t\t<\/section>\n\t\t\t\t\t<\/div>\n\t\t<\/div>\n\t\t\t\t\t<\/div>\n\t\t<\/section>\n\t\t\t\t<\/div>\n\t\t","protected":false},"excerpt":{"rendered":"<p>\u201cHay que recoger el guante con el que Vox reta a la Historia y darle con \u00e9l\u201d Las afirmaciones de Vox que denigran a Largo Caballero e Indalecio Prieto han sido desmontadas una por una, y de forma muy detallada, en un informe t\u00e9cnico firmado por m\u00e1s de 250 especialistas en Historia Contempor\u00e1nea de universidades espa\u00f1olas y extranjeras . Pero \u00bfqu\u00e9 busca el partido de ultraderecha con sus provocaciones? \u00bfQui\u00e9n est\u00e1 en su punto de<span class=\"more-link\"><a href=\"https:\/\/madridsindical.es\/archivo\/2020\/10\/15\/entrevista-a-angel-vinas-historiador\/\">Contin\u00faa leyendo<\/a><\/span><\/p>\n","protected":false},"author":1,"featured_media":1904,"comment_status":"closed","ping_status":"closed","sticky":false,"template":"","format":"standard","meta":{"footnotes":""},"categories":[25,3],"tags":[47],"class_list":["entry","author-madridsindical","post-1895","post","type-post","status-publish","format-standard","has-post-thumbnail","category-actualidad","category-entrevistas","tag-archivo"],"aioseo_notices":[],"_links":{"self":[{"href":"https:\/\/madridsindical.es\/archivo\/wp-json\/wp\/v2\/posts\/1895","targetHints":{"allow":["GET"]}}],"collection":[{"href":"https:\/\/madridsindical.es\/archivo\/wp-json\/wp\/v2\/posts"}],"about":[{"href":"https:\/\/madridsindical.es\/archivo\/wp-json\/wp\/v2\/types\/post"}],"author":[{"embeddable":true,"href":"https:\/\/madridsindical.es\/archivo\/wp-json\/wp\/v2\/users\/1"}],"replies":[{"embeddable":true,"href":"https:\/\/madridsindical.es\/archivo\/wp-json\/wp\/v2\/comments?post=1895"}],"version-history":[{"count":12,"href":"https:\/\/madridsindical.es\/archivo\/wp-json\/wp\/v2\/posts\/1895\/revisions"}],"predecessor-version":[{"id":1947,"href":"https:\/\/madridsindical.es\/archivo\/wp-json\/wp\/v2\/posts\/1895\/revisions\/1947"}],"wp:featuredmedia":[{"embeddable":true,"href":"https:\/\/madridsindical.es\/archivo\/wp-json\/wp\/v2\/media\/1904"}],"wp:attachment":[{"href":"https:\/\/madridsindical.es\/archivo\/wp-json\/wp\/v2\/media?parent=1895"}],"wp:term":[{"taxonomy":"category","embeddable":true,"href":"https:\/\/madridsindical.es\/archivo\/wp-json\/wp\/v2\/categories?post=1895"},{"taxonomy":"post_tag","embeddable":true,"href":"https:\/\/madridsindical.es\/archivo\/wp-json\/wp\/v2\/tags?post=1895"}],"curies":[{"name":"wp","href":"https:\/\/api.w.org\/{rel}","templated":true}]}}