{"id":1845,"date":"2020-07-03T08:58:45","date_gmt":"2020-07-03T08:58:45","guid":{"rendered":"https:\/\/madridsindical.es\/archivo\/?p=1845"},"modified":"2025-11-06T12:25:51","modified_gmt":"2025-11-06T12:25:51","slug":"entrevista-con-jose-antonio-exposito-director-de-la-musas-el-instituto-publico-madrileno-donde-se-forman-los-alumnos-con-las-mejores-notas-en-la-evau","status":"publish","type":"post","link":"https:\/\/madridsindical.es\/archivo\/2020\/07\/03\/entrevista-con-jose-antonio-exposito-director-de-la-musas-el-instituto-publico-madrileno-donde-se-forman-los-alumnos-con-las-mejores-notas-en-la-evau\/","title":{"rendered":"Entrevista con Jos\u00e9 Antonio Exp\u00f3sito, director de La Musas, el instituto p\u00fablico madrile\u00f1o donde se forman los alumnos con las mejores notas en la EVAU"},"content":{"rendered":"\t\t<div data-elementor-type=\"wp-post\" data-elementor-id=\"1845\" class=\"elementor elementor-1845\">\n\t\t\t\t\t\t<section class=\"elementor-section elementor-top-section elementor-element elementor-element-712d597 elementor-section-content-middle elementor-section-boxed elementor-section-height-default elementor-section-height-default\" data-id=\"712d597\" data-element_type=\"section\">\n\t\t\t\t\t\t<div class=\"elementor-container elementor-column-gap-no\">\n\t\t\t\t\t<div class=\"elementor-column elementor-col-100 elementor-top-column elementor-element elementor-element-29b7933f\" data-id=\"29b7933f\" data-element_type=\"column\">\n\t\t\t<div class=\"elementor-widget-wrap elementor-element-populated\">\n\t\t\t\t\t\t<div class=\"elementor-element elementor-element-07be5ea elementor-widget elementor-widget-heading\" data-id=\"07be5ea\" data-element_type=\"widget\" data-widget_type=\"heading.default\">\n\t\t\t\t<div class=\"elementor-widget-container\">\n\t\t\t\t\t<h2 class=\"elementor-heading-title elementor-size-xxl\">La buena educaci\u00f3n: la excelencia est\u00e1 en la p\u00fablica<\/h2>\t\t\t\t<\/div>\n\t\t\t\t<\/div>\n\t\t\t\t<div class=\"elementor-element elementor-element-ca0dd1a elementor-widget elementor-widget-text-editor\" data-id=\"ca0dd1a\" data-element_type=\"widget\" data-widget_type=\"text-editor.default\">\n\t\t\t\t<div class=\"elementor-widget-container\">\n\t\t\t\t\t\t\t\t\t<p><span style=\"color: #000000;\"><b>Entrevista con Jos\u00e9 Antonio Exp\u00f3sito, director de La Musas, el instituto p\u00fablico madrile\u00f1o donde se forman los alumnos con las mejores notas en la EVAU<\/b><\/span><\/p>\t\t\t\t\t\t\t\t<\/div>\n\t\t\t\t<\/div>\n\t\t\t\t<section class=\"elementor-section elementor-inner-section elementor-element elementor-element-776723a4 elementor-section-boxed elementor-section-height-default elementor-section-height-default\" data-id=\"776723a4\" data-element_type=\"section\">\n\t\t\t\t\t\t<div class=\"elementor-container elementor-column-gap-default\">\n\t\t\t\t\t<div class=\"elementor-column elementor-col-50 elementor-inner-column elementor-element elementor-element-4e463dd2\" data-id=\"4e463dd2\" data-element_type=\"column\">\n\t\t\t<div class=\"elementor-widget-wrap elementor-element-populated\">\n\t\t\t\t\t\t<div class=\"elementor-element elementor-element-51468a21 elementor-widget elementor-widget-text-editor\" data-id=\"51468a21\" data-element_type=\"widget\" data-widget_type=\"text-editor.default\">\n\t\t\t\t<div class=\"elementor-widget-container\">\n\t\t\t\t\t\t\t\t\t<p><span style=\"color: #000000;\">El cien por cien del alumnado del IES Las Musas, en el distrito de San Blas, ha aprobado la selectividad durante la \u00faltima d\u00e9cada. Sus resultados acad\u00e9micos lo sit\u00faan en el segundo puesto del ranking de los institutos p\u00fablicos madrile\u00f1os con mejor nota media y en el octavo si se incluyen tambi\u00e9n los privados y concertados, lo que significa medirse con los m\u00e1s de 600 centros de secundaria de la regi\u00f3n.<\/span><\/p>\t\t\t\t\t\t\t\t<\/div>\n\t\t\t\t<\/div>\n\t\t\t\t\t<\/div>\n\t\t<\/div>\n\t\t\t\t<div class=\"elementor-column elementor-col-50 elementor-inner-column elementor-element elementor-element-7980977e\" data-id=\"7980977e\" data-element_type=\"column\">\n\t\t\t<div class=\"elementor-widget-wrap elementor-element-populated\">\n\t\t\t\t\t\t<div class=\"elementor-element elementor-element-480aad20 elementor-widget elementor-widget-text-editor\" data-id=\"480aad20\" data-element_type=\"widget\" data-widget_type=\"text-editor.default\">\n\t\t\t\t<div class=\"elementor-widget-container\">\n\t\t\t\t\t\t\t\t\t<p><span style=\"color: #000000;\">En 2018, el n\u00famero uno en la selectividad de toda la Comunidad se hab\u00eda formado en sus aulas. Este lunes 6 de julio comienza la EVAU en Madrid. Hemos hablado con Jos\u00e9 Antonio Exp\u00f3sito Hern\u00e1ndez, director de Las Musas y art\u00edfice de un proyecto educativo excepcional, basado en programas propios que ha recibido numerosos premios. Considera que la selectividad <i>\u201ces una prueba memor\u00edstica caduca y desfasada\u201d<\/i><\/span><\/p>\t\t\t\t\t\t\t\t<\/div>\n\t\t\t\t<\/div>\n\t\t\t\t\t<\/div>\n\t\t<\/div>\n\t\t\t\t\t<\/div>\n\t\t<\/section>\n\t\t\t\t\t<\/div>\n\t\t<\/div>\n\t\t\t\t\t<\/div>\n\t\t<\/section>\n\t\t\t\t<section class=\"elementor-section elementor-top-section elementor-element elementor-element-a105ff5 elementor-section-boxed elementor-section-height-default elementor-section-height-default\" data-id=\"a105ff5\" data-element_type=\"section\">\n\t\t\t\t\t\t<div class=\"elementor-container elementor-column-gap-default\">\n\t\t\t\t\t<div class=\"elementor-column elementor-col-100 elementor-top-column elementor-element elementor-element-aca854c\" data-id=\"aca854c\" data-element_type=\"column\">\n\t\t\t<div class=\"elementor-widget-wrap elementor-element-populated\">\n\t\t\t\t\t\t<div class=\"elementor-element elementor-element-9094dd3 elementor-widget elementor-widget-text-editor\" data-id=\"9094dd3\" data-element_type=\"widget\" data-widget_type=\"text-editor.default\">\n\t\t\t\t<div class=\"elementor-widget-container\">\n\t\t\t\t\t\t\t\t\t<p><span style=\"color: #000000;\"><strong>Texto:<\/strong> Alejandra Acosta <strong>Fotos:<\/strong> Fran Lorente <strong>V\u00eddeo:<\/strong> Fran Lorente y Javier Cantizani<\/span><\/p>\t\t\t\t\t\t\t\t<\/div>\n\t\t\t\t<\/div>\n\t\t\t\t\t<\/div>\n\t\t<\/div>\n\t\t\t\t\t<\/div>\n\t\t<\/section>\n\t\t\t\t<section class=\"elementor-section elementor-top-section elementor-element elementor-element-68e9303 elementor-section-boxed elementor-section-height-default elementor-section-height-default\" data-id=\"68e9303\" data-element_type=\"section\">\n\t\t\t\t\t\t<div class=\"elementor-container elementor-column-gap-default\">\n\t\t\t\t\t<div class=\"elementor-column elementor-col-100 elementor-top-column elementor-element elementor-element-b11275f\" data-id=\"b11275f\" data-element_type=\"column\">\n\t\t\t<div class=\"elementor-widget-wrap elementor-element-populated\">\n\t\t\t\t\t\t<div class=\"elementor-element elementor-element-54879d1 elementor-widget elementor-widget-image\" data-id=\"54879d1\" data-element_type=\"widget\" data-widget_type=\"image.default\">\n\t\t\t\t<div class=\"elementor-widget-container\">\n\t\t\t\t\t\t\t\t\t\t\t\t<figure class=\"wp-caption\">\n\t\t\t\t\t\t\t\t\t\t<img fetchpriority=\"high\" decoding=\"async\" width=\"1024\" height=\"682\" src=\"https:\/\/madridsindical.es\/archivo\/wp-content\/uploads\/2020\/07\/IMG_4034-1024x682.jpg\" class=\"attachment-large size-large wp-image-1849\" alt=\"\" srcset=\"https:\/\/madridsindical.es\/archivo\/wp-content\/uploads\/2020\/07\/IMG_4034-1024x682.jpg 1024w, https:\/\/madridsindical.es\/archivo\/wp-content\/uploads\/2020\/07\/IMG_4034-300x200.jpg 300w, https:\/\/madridsindical.es\/archivo\/wp-content\/uploads\/2020\/07\/IMG_4034-768x512.jpg 768w, https:\/\/madridsindical.es\/archivo\/wp-content\/uploads\/2020\/07\/IMG_4034-1536x1024.jpg 1536w, https:\/\/madridsindical.es\/archivo\/wp-content\/uploads\/2020\/07\/IMG_4034-465x310.jpg 465w, https:\/\/madridsindical.es\/archivo\/wp-content\/uploads\/2020\/07\/IMG_4034-695x463.jpg 695w, https:\/\/madridsindical.es\/archivo\/wp-content\/uploads\/2020\/07\/IMG_4034.jpg 2000w\" sizes=\"(max-width: 1024px) 100vw, 1024px\" \/>\t\t\t\t\t\t\t\t\t\t\t<figcaption class=\"widget-image-caption wp-caption-text\">Jos\u00e9 Antonio Exp\u00f3sito se\u00f1ala rese\u00f1as de prensa que han citado el instituto<\/figcaption>\n\t\t\t\t\t\t\t\t\t\t<\/figure>\n\t\t\t\t\t\t\t\t\t<\/div>\n\t\t\t\t<\/div>\n\t\t\t\t\t<\/div>\n\t\t<\/div>\n\t\t\t\t\t<\/div>\n\t\t<\/section>\n\t\t\t\t<section class=\"elementor-section elementor-top-section elementor-element elementor-element-bb1aba3 elementor-section-boxed elementor-section-height-default elementor-section-height-default\" data-id=\"bb1aba3\" data-element_type=\"section\">\n\t\t\t\t\t\t<div class=\"elementor-container elementor-column-gap-default\">\n\t\t\t\t\t<div class=\"elementor-column elementor-col-100 elementor-top-column elementor-element elementor-element-5041c4c\" data-id=\"5041c4c\" data-element_type=\"column\">\n\t\t\t<div class=\"elementor-widget-wrap elementor-element-populated\">\n\t\t\t\t\t\t<div class=\"elementor-element elementor-element-119e45f elementor-widget elementor-widget-text-editor\" data-id=\"119e45f\" data-element_type=\"widget\" data-widget_type=\"text-editor.default\">\n\t\t\t\t<div class=\"elementor-widget-container\">\n\t\t\t\t\t\t\t\t\t<p><span style=\"font-weight: 400;\">Las banderas de m\u00e1s de una decena de pa\u00edses ubicadas a la entrada del edificio principal, el amplio mostrador, las paredes de cristal de los despachos, la luz que entra del exterior y lo inunda todo y el sugerente nombre de Las Musas hacen pensar a la reci\u00e9n llegada que m\u00e1s que un instituto de secundaria parece uno de esos hoteles con encanto donde se va a disfrutar. <\/span><i><span style=\"font-weight: 400;\">\u201cLas banderas son las de los pa\u00edses con los que hacemos intercambios\u201d<\/span><\/i><span style=\"font-weight: 400;\">, aclara Jos\u00e9 Antonio Exp\u00f3sito, profesor de literatura, doctor en Filolog\u00eda, investigador y director desde hace un lustro de este centro educativo de titularidad p\u00fablica en el que recal\u00f3 hace m\u00e1s de 15 a\u00f1os.\u00a0<\/span><\/p><p><span style=\"font-weight: 400;\">Lo que se encontr\u00f3 entonces, y reflejan las fotograf\u00edas de la \u00e9poca, fueron unas construcciones l\u00f3bregas, con desconchones en las paredes, la pintura desva\u00edda y un mobiliario que bien podr\u00eda servir de <\/span><i><span style=\"font-weight: 400;\">atrezzo<\/span><\/i><span style=\"font-weight: 400;\"> en la serie \u201cCu\u00e9ntame\u201d. El exterior era todav\u00eda peor. Se hab\u00eda convertido en un vertedero lleno de escombros, latas y utensilios viejos. Por si no bastara, el ambiente era desolador, marcado por la tragedia del asesinato de Susana Ruiz, hija del conserje del instituto y alumna del centro. Recuerda Jos\u00e9 Antonio que en una ocasi\u00f3n pregunt\u00f3 a una ni\u00f1a de 9 a\u00f1os que se hab\u00eda acercado al instituto con su hermana si ella tambi\u00e9n quer\u00eda estudiar all\u00ed y le contest\u00f3 que no porque le daba miedo el lugar.\u00a0<\/span><\/p><p><span style=\"font-weight: 400;\">Pero todo eso es agua pasada. Las Musas, donde en la actualidad se forman casi 1.500 alumnos bajo el buen hacer de 95 profesores, ha recibido numerosos reconocimientos, entre ellos el Premio Nacional de Educaci\u00f3n Vicente Ferrer 2019, el Premio Agente Tutor en favor de la convivencia, que les entreg\u00f3 Manuela Carmena, y acaba de ganar el Concurso Nacional de J\u00f3venes Investigadores en la categor\u00eda de bachillerato por la mejor investigaci\u00f3n en ciencias, realizada por tres de sus alumnas. Y no ser\u00e1 porque la Consejer\u00eda de Educaci\u00f3n se lo haya puesto f\u00e1cil. <\/span><\/p>\t\t\t\t\t\t\t\t<\/div>\n\t\t\t\t<\/div>\n\t\t\t\t\t<\/div>\n\t\t<\/div>\n\t\t\t\t\t<\/div>\n\t\t<\/section>\n\t\t\t\t<section class=\"elementor-section elementor-top-section elementor-element elementor-element-4d953ba elementor-section-boxed elementor-section-height-default elementor-section-height-default\" data-id=\"4d953ba\" data-element_type=\"section\">\n\t\t\t\t\t\t<div class=\"elementor-container elementor-column-gap-default\">\n\t\t\t\t\t<div class=\"elementor-column elementor-col-100 elementor-top-column elementor-element elementor-element-3a1e686\" data-id=\"3a1e686\" data-element_type=\"column\">\n\t\t\t<div class=\"elementor-widget-wrap elementor-element-populated\">\n\t\t\t\t\t\t<div class=\"elementor-element elementor-element-b66c298 elementor-widget elementor-widget-video\" data-id=\"b66c298\" data-element_type=\"widget\" data-settings=\"{&quot;youtube_url&quot;:&quot;https:\\\/\\\/youtu.be\\\/2jowpG1I5tY&quot;,&quot;video_type&quot;:&quot;youtube&quot;,&quot;controls&quot;:&quot;yes&quot;}\" data-widget_type=\"video.default\">\n\t\t\t\t<div class=\"elementor-widget-container\">\n\t\t\t\t\t\t\t<div class=\"elementor-wrapper elementor-open-inline\">\n\t\t\t<div class=\"elementor-video\"><\/div>\t\t<\/div>\n\t\t\t\t\t\t<\/div>\n\t\t\t\t<\/div>\n\t\t\t\t\t<\/div>\n\t\t<\/div>\n\t\t\t\t\t<\/div>\n\t\t<\/section>\n\t\t\t\t<section class=\"elementor-section elementor-top-section elementor-element elementor-element-44fe6bcb elementor-section-content-middle elementor-section-boxed elementor-section-height-default elementor-section-height-default\" data-id=\"44fe6bcb\" data-element_type=\"section\">\n\t\t\t\t\t\t<div class=\"elementor-container elementor-column-gap-no\">\n\t\t\t\t\t<div class=\"elementor-column elementor-col-100 elementor-top-column elementor-element elementor-element-31984465\" data-id=\"31984465\" data-element_type=\"column\">\n\t\t\t<div class=\"elementor-widget-wrap elementor-element-populated\">\n\t\t\t\t\t\t<div class=\"elementor-element elementor-element-64afbd57 elementor-widget elementor-widget-testimonial\" data-id=\"64afbd57\" data-element_type=\"widget\" data-widget_type=\"testimonial.default\">\n\t\t\t\t<div class=\"elementor-widget-container\">\n\t\t\t\t\t\t\t<div class=\"elementor-testimonial-wrapper\">\n\t\t\t\t\t\t\t<div class=\"elementor-testimonial-content\"><i>\"Los resultados de este instituto p\u00fablico de la periferia son mejores que los de centros privados que cuestan m\u00e1s de mil euros al mes\"<\/i><\/div>\n\t\t\t\n\t\t\t\t\t<\/div>\n\t\t\t\t\t\t<\/div>\n\t\t\t\t<\/div>\n\t\t\t\t\t<\/div>\n\t\t<\/div>\n\t\t\t\t\t<\/div>\n\t\t<\/section>\n\t\t\t\t<section class=\"elementor-section elementor-top-section elementor-element elementor-element-0e7ff64 elementor-section-boxed elementor-section-height-default elementor-section-height-default\" data-id=\"0e7ff64\" data-element_type=\"section\">\n\t\t\t\t\t\t<div class=\"elementor-container elementor-column-gap-default\">\n\t\t\t\t\t<div class=\"elementor-column elementor-col-100 elementor-top-column elementor-element elementor-element-3729eb5\" data-id=\"3729eb5\" data-element_type=\"column\">\n\t\t\t<div class=\"elementor-widget-wrap elementor-element-populated\">\n\t\t\t\t\t\t<div class=\"elementor-element elementor-element-fb7dbb8 elementor-widget elementor-widget-text-editor\" data-id=\"fb7dbb8\" data-element_type=\"widget\" data-widget_type=\"text-editor.default\">\n\t\t\t\t<div class=\"elementor-widget-container\">\n\t\t\t\t\t\t\t\t\t<p><b>P.- Jos\u00e9 Antonio, \u00bfc\u00f3mo se consigue una transformaci\u00f3n tan espectacular?<\/b><\/p><p><span style=\"font-weight: 400;\">R.- Antes de asumir la direcci\u00f3n del instituto yo hab\u00eda sido jefe de estudios de bachillerato y esa experiencia fue fundamental a la hora de enfrentarme al reto de transformar el centro desde el punto de vista educativo, por supuesto, pero tambi\u00e9n de la arquitectura y el dise\u00f1o para conseguir el espacio digno que se merece la ense\u00f1anza. El primer paso fue configurar un equipo potente, s\u00f3lido y comprometido porque un cambio de semejante calado nunca es obra de una sola persona, y entre todos pusimos en marcha el proyecto Educaci\u00f3n Transparente. En \u00e9l yo planteaba actuaciones que pod\u00edan sonar extra\u00f1as, como tirar las viejas paredes y levantarlas de cristal para convertir las aulas en espacios transparentes y luminosos. Quer\u00eda dar visibilidad a todo lo que se hac\u00eda en el interior del centro.<\/span><\/p><p><b>P.- \u00bfVisibilidad para qui\u00e9n?<\/b><\/p><p><span style=\"font-weight: 400;\">R.- Sobre todo para las familias. Hay un porcentaje de \u00e9xito en la educaci\u00f3n que se podr\u00eda medir por el n\u00famero de pisadas de los progenitores en el interior del instituto. Pero en secundaria no vienen mucho por aqu\u00ed. No es un reproche. Es nuestra responsabilidad invitarles a colaborar en la formaci\u00f3n de sus hijos e hijas en esta etapa tan importante y para ello es fundamental que sepan lo que hacemos. Los profesores no tenemos ning\u00fan miedo a que se nos vea ense\u00f1ar. Tambi\u00e9n difundimos en la web y en redes sociales lo que hacemos en las aulas y los padres se animaron a seguirnos. Nuestro proyecto les sorprendi\u00f3 much\u00edsimo y el instituto empez\u00f3 a cobrar otra dimensi\u00f3n.\u00a0<\/span><\/p><p><b>P- Las Musas tiene un proyecto educativo propio. Por ejemplo, el bachillerato de investigaci\u00f3n, que no existe en ning\u00fan otro instituto madrile\u00f1o.<\/b><\/p><p><span style=\"font-weight: 400;\">R.- Tenemos un proyecto educativo propio porque la Consejer\u00eda de Educaci\u00f3n ha dicho siempre no a todas nuestras solicitudes. No al bachillerato tecnol\u00f3gico, no a ser un centro biling\u00fce, no a las ense\u00f1anzas STEM (ciencia y tecnolog\u00eda), no al bachillerato de excelencia\u2026 Nunca hemos sido agraciados. Nos quedamos fuera de todo y ten\u00edamos dos opciones, o bajar los brazos o sacar nuestros propios proyectos, y eso hicimos. Creamos el bachillerato de investigaci\u00f3n sin el amparo de la Consejer\u00eda. Es totalmente voluntario y no seleccionamos al alumnado por la nota. Les explicamos que van a tener que dar las clases de otra manera y se apunta el que quiere. Otros proyectos propios que hemos impulsado en estos a\u00f1os son las \u201cAsignaturas cuatrimestrales\u201d, que permite a las profesoras reducir a la mitad el n\u00famero de alumnos que atienden semanalmente, ya que aumentan de 2 a 4 horas la carga lectiva de la asignatura durante un cuatrimestre; el de los \u201cAlumnos mediadores\u201d, cuyo objetivo es que los alumnos resuelvan sus peque\u00f1os conflictos diarios, o el programa de \u201cCooperaci\u00f3n y voluntariado\u201d, gracias el cual nuestros alumnos colaboran con una quincena de ONG. Todos estos proyectos gozan de una gran acogida y reconocimiento por parte de alumnos, familias y medios de comunicaci\u00f3n.<\/span><\/p>\t\t\t\t\t\t\t\t<\/div>\n\t\t\t\t<\/div>\n\t\t\t\t\t<\/div>\n\t\t<\/div>\n\t\t\t\t\t<\/div>\n\t\t<\/section>\n\t\t\t\t<section class=\"elementor-section elementor-top-section elementor-element elementor-element-8c22fe8 elementor-section-boxed elementor-section-height-default elementor-section-height-default\" data-id=\"8c22fe8\" data-element_type=\"section\">\n\t\t\t\t\t\t<div class=\"elementor-container elementor-column-gap-default\">\n\t\t\t\t\t<div class=\"elementor-column elementor-col-100 elementor-top-column elementor-element elementor-element-e0f5312\" data-id=\"e0f5312\" data-element_type=\"column\">\n\t\t\t<div class=\"elementor-widget-wrap elementor-element-populated\">\n\t\t\t\t\t\t<section class=\"elementor-section elementor-inner-section elementor-element elementor-element-b8d5b4f elementor-section-boxed elementor-section-height-default elementor-section-height-default\" data-id=\"b8d5b4f\" data-element_type=\"section\">\n\t\t\t\t\t\t<div class=\"elementor-container elementor-column-gap-default\">\n\t\t\t\t\t<div class=\"elementor-column elementor-col-50 elementor-inner-column elementor-element elementor-element-f0a1f63\" data-id=\"f0a1f63\" data-element_type=\"column\">\n\t\t\t<div class=\"elementor-widget-wrap elementor-element-populated\">\n\t\t\t\t\t\t<div class=\"elementor-element elementor-element-2c11271 elementor-widget elementor-widget-image\" data-id=\"2c11271\" data-element_type=\"widget\" data-widget_type=\"image.default\">\n\t\t\t\t<div class=\"elementor-widget-container\">\n\t\t\t\t\t\t\t\t\t\t\t\t\t\t\t<img decoding=\"async\" width=\"843\" height=\"1024\" src=\"https:\/\/madridsindical.es\/archivo\/wp-content\/uploads\/2020\/07\/IMG_4134-843x1024.jpg\" class=\"attachment-large size-large wp-image-1850\" alt=\"\" srcset=\"https:\/\/madridsindical.es\/archivo\/wp-content\/uploads\/2020\/07\/IMG_4134-843x1024.jpg 843w, https:\/\/madridsindical.es\/archivo\/wp-content\/uploads\/2020\/07\/IMG_4134-247x300.jpg 247w, https:\/\/madridsindical.es\/archivo\/wp-content\/uploads\/2020\/07\/IMG_4134-768x933.jpg 768w, https:\/\/madridsindical.es\/archivo\/wp-content\/uploads\/2020\/07\/IMG_4134-1265x1536.jpg 1265w, https:\/\/madridsindical.es\/archivo\/wp-content\/uploads\/2020\/07\/IMG_4134-1687x2048.jpg 1687w, https:\/\/madridsindical.es\/archivo\/wp-content\/uploads\/2020\/07\/IMG_4134-453x550.jpg 453w, https:\/\/madridsindical.es\/archivo\/wp-content\/uploads\/2020\/07\/IMG_4134-412x500.jpg 412w, https:\/\/madridsindical.es\/archivo\/wp-content\/uploads\/2020\/07\/IMG_4134.jpg 1848w\" sizes=\"(max-width: 843px) 100vw, 843px\" \/>\t\t\t\t\t\t\t\t\t\t\t\t\t\t\t<\/div>\n\t\t\t\t<\/div>\n\t\t\t\t\t<\/div>\n\t\t<\/div>\n\t\t\t\t<div class=\"elementor-column elementor-col-50 elementor-inner-column elementor-element elementor-element-513ade7\" data-id=\"513ade7\" data-element_type=\"column\">\n\t\t\t<div class=\"elementor-widget-wrap elementor-element-populated\">\n\t\t\t\t\t\t<div class=\"elementor-element elementor-element-5d2f5df elementor-widget elementor-widget-testimonial\" data-id=\"5d2f5df\" data-element_type=\"widget\" data-widget_type=\"testimonial.default\">\n\t\t\t\t<div class=\"elementor-widget-container\">\n\t\t\t\t\t\t\t<div class=\"elementor-testimonial-wrapper\">\n\t\t\t\t\t\t\t<div class=\"elementor-testimonial-content\"><i>\u201cCreamos el bachillerato de investigaci\u00f3n sin el amparo de la Consejer\u00eda. Es totalmente voluntario y no seleccionamos al alumnado por la nota\u201d<\/i><\/div>\n\t\t\t\n\t\t\t\t\t<\/div>\n\t\t\t\t\t\t<\/div>\n\t\t\t\t<\/div>\n\t\t\t\t<div class=\"elementor-element elementor-element-ae0506f elementor-widget elementor-widget-text-editor\" data-id=\"ae0506f\" data-element_type=\"widget\" data-widget_type=\"text-editor.default\">\n\t\t\t\t<div class=\"elementor-widget-container\">\n\t\t\t\t\t\t\t\t\t<p>\u21d0\u00a0En la foto, Jos\u00e9 Antonio Exp\u00f3sito, en una de las plantas reformadas, donde prima la luz. En la planta superior el aspecto oscuro de las plantas a\u00fan no reformadas<\/p>\t\t\t\t\t\t\t\t<\/div>\n\t\t\t\t<\/div>\n\t\t\t\t\t<\/div>\n\t\t<\/div>\n\t\t\t\t\t<\/div>\n\t\t<\/section>\n\t\t\t\t\t<\/div>\n\t\t<\/div>\n\t\t\t\t\t<\/div>\n\t\t<\/section>\n\t\t\t\t<section class=\"elementor-section elementor-top-section elementor-element elementor-element-cbf1a07 elementor-section-boxed elementor-section-height-default elementor-section-height-default\" data-id=\"cbf1a07\" data-element_type=\"section\">\n\t\t\t\t\t\t<div class=\"elementor-container elementor-column-gap-default\">\n\t\t\t\t\t<div class=\"elementor-column elementor-col-100 elementor-top-column elementor-element elementor-element-77752e2\" data-id=\"77752e2\" data-element_type=\"column\">\n\t\t\t<div class=\"elementor-widget-wrap elementor-element-populated\">\n\t\t\t\t\t\t<div class=\"elementor-element elementor-element-6bf08fa elementor-widget elementor-widget-text-editor\" data-id=\"6bf08fa\" data-element_type=\"widget\" data-widget_type=\"text-editor.default\">\n\t\t\t\t<div class=\"elementor-widget-container\">\n\t\t\t\t\t\t\t\t\t<p><b>P.- \u00bfY en qu\u00e9 consiste?<\/b><\/p><p>Durante a\u00f1o y medio elaboran un proyecto de investigaci\u00f3n, una especie de mini tesina que luego tienen que defender ante un tribunal formado por tres profesores del centro. Si la calificaci\u00f3n es buena obtienen un incremento en su expediente. Les asignamos un tutor que les orienta y, lo m\u00e1s importante, conectamos al estudiante con un investigador de prestigio que le tutela. Hemos firmado acuerdos con las instituciones m\u00e1s sobresalientes en el campo de la investigaci\u00f3n en Espa\u00f1a, desde el CSIC, CNIO o el Ciemat a la Agencia Aeroespacial, y tambi\u00e9n con hospitales como el de Getafe, con la Universidad de Estambul, la Universidad Complutense o el Instituto Cervantes de Mosc\u00fa, entre muchos otros.\u00a0<\/p><p><b>P.- A todo esto, \u00bfla Consejer\u00eda de Educaci\u00f3n qu\u00e9 dice?<\/b><\/p><p>Hemos recibido numerosas felicitaciones en los \u00faltimos a\u00f1os, tambi\u00e9n de la Consejer\u00eda, pero no se han traducido ni en m\u00e1s presupuesto, ni en m\u00e1s profesores, ni siquiera en m\u00e1s horas. Este tipo de proyectos requieren de un enorme volumen de gesti\u00f3n, desplazamientos, entrevistas y mantener el contacto con todas esas instituciones. Nadie te va abriendo puertas. Pero como no es un programa de la Consejer\u00eda no recibimos ning\u00fan complemento, ni ninguna dotaci\u00f3n adicional de recursos. Lo hacemos entre todo el profesorado sacrificando nuestro tiempo y recursos personales. Los profesores tienen que venir por la tarde y reunirse fuera de su horario. Pero ah\u00ed est\u00e1n los resultados, mucho mejores que los de centros privados que cuestan m\u00e1s de mil euros al mes. Ahora bien, aunque la vocaci\u00f3n y la entrega est\u00e1n en el esp\u00edritu de la educaci\u00f3n, este inmenso esfuerzo de la escuela p\u00fablica por ofrecer una buena formaci\u00f3n a los adolescentes hay que retribuirlo, ya est\u00e1 bien de altruismo.\u00a0<\/p><p><b>P.- \u00bfY todos los profesores est\u00e1n dispuestos a ser tan generosos?<\/b><\/p><p>Al principio se sumaron muy pocos profesores, y no todo el mundo respald\u00f3 esta nueva forma de ense\u00f1ar, pero la evidencia se impuso y en cada curso se han ido sumando m\u00e1s docentes. Actualmente todos los profesores de Las Musas participan en alguno de los muchos proyectos que tenemos en marcha. El profesorado de la p\u00fablica es excepcional, est\u00e1 muy preparado y los buenos proyectos educativos son muy motivadores para los docentes.\u00a0<\/p><p><i><span style=\"font-weight: 400;\">\u201cEste inmenso esfuerzo que hacemos en la p\u00fablica por dar una buena formaci\u00f3n hay que pagarlo, ya est\u00e1 bien de altruismo\u201d<\/span><\/i><\/p><p><b>P.- Las Musas tiene tambi\u00e9n un programa de intercambio internacional de estudiantes muy potente, a pesar de no ser un centro biling\u00fce<\/b><\/p><p><span style=\"font-weight: 400;\">R.- Como se nos deneg\u00f3 el biling\u00fcismo montamos una academia de ingl\u00e9s con clases por la tarde. Tenemos un acuerdo con Cambridge y somos centro examinador. Los t\u00edtulos que obtiene el alumnado est\u00e1n homologados. Adem\u00e1s, impulsamos un programa de intercambio escolar con numerosos pa\u00edses con el fin no solo de potenciar el aprendizaje de idiomas, sino de dar una dimensi\u00f3n universal a la educaci\u00f3n. Conseguimos vuelos muy baratos y como los estudiantes se alojan en domicilios particulares, solo pagan los billetes de avi\u00f3n. Queremos que el intercambio est\u00e9 al alcance de todos.\u00a0<\/span><\/p><p><b>P.- Comentaba usted que vienen impresionados respecto a los medios educativos con los que cuentan en los pa\u00edses que visitan<\/b><\/p><p><span style=\"font-weight: 400;\">R.- Es que el contraste es enorme. Cuando vienen aqu\u00ed estudiantes y profesores de Canad\u00e1, Alemania, EE. UU., Mosc\u00fa o Francia se llevan las manos a la cabeza cuando se encuentran clases de ingl\u00e9s con 36 alumnos. No dan cr\u00e9dito. Ellos disfrutan de unos laboratorios de idiomas avanzad\u00edsimos, con clases muy reducidas. Es como estar en otro planeta. Y lo mismo sucede con las instalaciones. Tienen unos pabellones deportivos tan espectaculares que, en comparaci\u00f3n, nuestro gimnasio parece un almac\u00e9n de colchonetas. Esta es la realidad en nuestro pa\u00eds, y no hablamos de o\u00eddas. Nosotros visitamos esos centros educativos, vemos las aulas, c\u00f3mo funcionan y cu\u00e1les son sus ratios. Estamos a a\u00f1os luz.<\/span><\/p>\t\t\t\t\t\t\t\t<\/div>\n\t\t\t\t<\/div>\n\t\t\t\t\t<\/div>\n\t\t<\/div>\n\t\t\t\t\t<\/div>\n\t\t<\/section>\n\t\t\t\t<section class=\"elementor-section elementor-top-section elementor-element elementor-element-7ab0a8a elementor-section-boxed elementor-section-height-default elementor-section-height-default\" data-id=\"7ab0a8a\" data-element_type=\"section\">\n\t\t\t\t\t\t<div class=\"elementor-container elementor-column-gap-default\">\n\t\t\t\t\t<div class=\"elementor-column elementor-col-100 elementor-top-column elementor-element elementor-element-2ad9dbd\" data-id=\"2ad9dbd\" data-element_type=\"column\">\n\t\t\t<div class=\"elementor-widget-wrap elementor-element-populated\">\n\t\t\t\t\t\t<div class=\"elementor-element elementor-element-ee5e337 elementor-widget elementor-widget-image\" data-id=\"ee5e337\" data-element_type=\"widget\" data-widget_type=\"image.default\">\n\t\t\t\t<div class=\"elementor-widget-container\">\n\t\t\t\t\t\t\t\t\t\t\t\t<figure class=\"wp-caption\">\n\t\t\t\t\t\t\t\t\t\t<img decoding=\"async\" width=\"1024\" height=\"682\" src=\"https:\/\/madridsindical.es\/archivo\/wp-content\/uploads\/2020\/07\/IMG_4377-1024x682.jpg\" class=\"attachment-large size-large wp-image-1846\" alt=\"\" srcset=\"https:\/\/madridsindical.es\/archivo\/wp-content\/uploads\/2020\/07\/IMG_4377-1024x682.jpg 1024w, https:\/\/madridsindical.es\/archivo\/wp-content\/uploads\/2020\/07\/IMG_4377-300x200.jpg 300w, https:\/\/madridsindical.es\/archivo\/wp-content\/uploads\/2020\/07\/IMG_4377-768x512.jpg 768w, https:\/\/madridsindical.es\/archivo\/wp-content\/uploads\/2020\/07\/IMG_4377-1536x1024.jpg 1536w, https:\/\/madridsindical.es\/archivo\/wp-content\/uploads\/2020\/07\/IMG_4377-465x310.jpg 465w, https:\/\/madridsindical.es\/archivo\/wp-content\/uploads\/2020\/07\/IMG_4377-695x463.jpg 695w, https:\/\/madridsindical.es\/archivo\/wp-content\/uploads\/2020\/07\/IMG_4377.jpg 2000w\" sizes=\"(max-width: 1024px) 100vw, 1024px\" \/>\t\t\t\t\t\t\t\t\t\t\t<figcaption class=\"widget-image-caption wp-caption-text\">Jos\u00e9 Antonio Exp\u00f3sito en las gradas donadas por el Atl\u00e9tico de Madrid<\/figcaption>\n\t\t\t\t\t\t\t\t\t\t<\/figure>\n\t\t\t\t\t\t\t\t\t<\/div>\n\t\t\t\t<\/div>\n\t\t\t\t\t<\/div>\n\t\t<\/div>\n\t\t\t\t\t<\/div>\n\t\t<\/section>\n\t\t\t\t<section class=\"elementor-section elementor-top-section elementor-element elementor-element-c1300e8 elementor-section-boxed elementor-section-height-default elementor-section-height-default\" data-id=\"c1300e8\" data-element_type=\"section\">\n\t\t\t\t\t\t<div class=\"elementor-container elementor-column-gap-default\">\n\t\t\t\t\t<div class=\"elementor-column elementor-col-100 elementor-top-column elementor-element elementor-element-332a8e7\" data-id=\"332a8e7\" data-element_type=\"column\">\n\t\t\t<div class=\"elementor-widget-wrap elementor-element-populated\">\n\t\t\t\t\t\t<div class=\"elementor-element elementor-element-b4e9409 elementor-widget elementor-widget-testimonial\" data-id=\"b4e9409\" data-element_type=\"widget\" data-widget_type=\"testimonial.default\">\n\t\t\t\t<div class=\"elementor-widget-container\">\n\t\t\t\t\t\t\t<div class=\"elementor-testimonial-wrapper\">\n\t\t\t\t\t\t\t<div class=\"elementor-testimonial-content\"><i>\"El Atl\u00e9tico de Madrid nos regal\u00f3 400 asientos del Vicente Calder\u00f3n para nuestra pista deportiva\"<\/i><\/div>\n\t\t\t\n\t\t\t\t\t<\/div>\n\t\t\t\t\t\t<\/div>\n\t\t\t\t<\/div>\n\t\t\t\t\t<\/div>\n\t\t<\/div>\n\t\t\t\t\t<\/div>\n\t\t<\/section>\n\t\t\t\t<section class=\"elementor-section elementor-top-section elementor-element elementor-element-63631bc elementor-section-boxed elementor-section-height-default elementor-section-height-default\" data-id=\"63631bc\" data-element_type=\"section\">\n\t\t\t\t\t\t<div class=\"elementor-container elementor-column-gap-default\">\n\t\t\t\t\t<div class=\"elementor-column elementor-col-100 elementor-top-column elementor-element elementor-element-47472f2\" data-id=\"47472f2\" data-element_type=\"column\">\n\t\t\t<div class=\"elementor-widget-wrap elementor-element-populated\">\n\t\t\t\t\t\t<div class=\"elementor-element elementor-element-6007708 elementor-widget elementor-widget-text-editor\" data-id=\"6007708\" data-element_type=\"widget\" data-widget_type=\"text-editor.default\">\n\t\t\t\t<div class=\"elementor-widget-container\">\n\t\t\t\t\t\t\t\t\t<p><b>P.- Al menos, puede presumir de tener 400 asientos del estadio Vicente Calder\u00f3n en la pista polideportiva. \u00bfC\u00f3mo se hizo con ellos?<\/b><\/p><p><span style=\"font-weight: 400;\">R.- (Risas) En cuanto me enter\u00e9 de que \u00edbamos a tener el Wanda Metropolitano en el barrio llam\u00e9 a Enrique Cerezo para solicitarle los asientos del antiguo estadio. Primero me dijo que eran para los socios, pero enseguida accedi\u00f3. Y por fin pudimos renovar las viejas gradas de hormig\u00f3n de la pista deportiva.\u00a0<\/span><\/p><p><b>P.- El pasado a\u00f1o recibisteis el Premio Nacional de Educaci\u00f3n Vicente Ferrer por un proyecto de otro de los programas espec\u00edficos de Las Musas, el de cooperaci\u00f3n y voluntariado<\/b><\/p><p><b>R<\/b><span style=\"font-weight: 400;\">.- S\u00ed, por el de la expedici\u00f3n a la Amazon\u00eda. Lo planteamos primero como un sue\u00f1o y conseguimos hacerlo realidad. Los alumnos viajan al Amazonas y se adentran en la selva hasta un poblado que han levantado mujeres ind\u00edgenas. Se alojan con ellas y les ense\u00f1an c\u00f3mo es la vida all\u00ed, c\u00f3mo se construye una canoa y c\u00f3mo se vive sin luz, sin m\u00f3viles, sin Internet. Es el segundo a\u00f1o que lo organizamos y las solicitudes se han duplicado.\u00a0<\/span><\/p><p><b>P.- Este lunes comienzan en Madrid las pruebas de selectividad, a las que se presentan los alumnos de segundo de bachillerato, que no han podido ir a clases presenciales desde marzo<\/b><\/p><p><span style=\"font-weight: 400;\">R.- La selectividad tiene un formato muy memor\u00edstico y ese tipo de preparaci\u00f3n no la hemos podido completar en la tercera evaluaci\u00f3n por razones evidentes. No es posible realizar ex\u00e1menes memor\u00edsticos con el alumnado en casa porque copiar\u00edan. Y en este momento nos hemos dado cuenta de lo antigua y desfasada que est\u00e1n las pruebas de selectividad. Es un tipo de ex\u00e1menes caduco, que pertenecen al pasado y que no sirve para medir las habilidades que los estudiantes necesitan para un futuro que ya est\u00e1 aqu\u00ed. <\/span><\/p>\t\t\t\t\t\t\t\t<\/div>\n\t\t\t\t<\/div>\n\t\t\t\t\t<\/div>\n\t\t<\/div>\n\t\t\t\t\t<\/div>\n\t\t<\/section>\n\t\t\t\t<section class=\"elementor-section elementor-top-section elementor-element elementor-element-245c194 elementor-section-boxed elementor-section-height-default elementor-section-height-default\" data-id=\"245c194\" data-element_type=\"section\">\n\t\t\t\t\t\t<div class=\"elementor-container elementor-column-gap-default\">\n\t\t\t\t\t<div class=\"elementor-column elementor-col-100 elementor-top-column elementor-element elementor-element-19a44a2\" data-id=\"19a44a2\" data-element_type=\"column\">\n\t\t\t<div class=\"elementor-widget-wrap elementor-element-populated\">\n\t\t\t\t\t\t<div class=\"elementor-element elementor-element-d9207dc elementor-widget elementor-widget-image\" data-id=\"d9207dc\" data-element_type=\"widget\" data-widget_type=\"image.default\">\n\t\t\t\t<div class=\"elementor-widget-container\">\n\t\t\t\t\t\t\t\t\t\t\t\t<figure class=\"wp-caption\">\n\t\t\t\t\t\t\t\t\t\t<img loading=\"lazy\" decoding=\"async\" width=\"1024\" height=\"580\" src=\"https:\/\/madridsindical.es\/archivo\/wp-content\/uploads\/2020\/07\/IMG_3990-1024x580.jpg\" class=\"attachment-large size-large wp-image-1851\" alt=\"\" srcset=\"https:\/\/madridsindical.es\/archivo\/wp-content\/uploads\/2020\/07\/IMG_3990-1024x580.jpg 1024w, https:\/\/madridsindical.es\/archivo\/wp-content\/uploads\/2020\/07\/IMG_3990-300x170.jpg 300w, https:\/\/madridsindical.es\/archivo\/wp-content\/uploads\/2020\/07\/IMG_3990-768x435.jpg 768w, https:\/\/madridsindical.es\/archivo\/wp-content\/uploads\/2020\/07\/IMG_3990-1536x870.jpg 1536w, https:\/\/madridsindical.es\/archivo\/wp-content\/uploads\/2020\/07\/IMG_3990-465x263.jpg 465w, https:\/\/madridsindical.es\/archivo\/wp-content\/uploads\/2020\/07\/IMG_3990-695x394.jpg 695w, https:\/\/madridsindical.es\/archivo\/wp-content\/uploads\/2020\/07\/IMG_3990.jpg 2000w\" sizes=\"(max-width: 1024px) 100vw, 1024px\" \/>\t\t\t\t\t\t\t\t\t\t\t<figcaption class=\"widget-image-caption wp-caption-text\">Alumnado del IES Las Musas<\/figcaption>\n\t\t\t\t\t\t\t\t\t\t<\/figure>\n\t\t\t\t\t\t\t\t\t<\/div>\n\t\t\t\t<\/div>\n\t\t\t\t\t<\/div>\n\t\t<\/div>\n\t\t\t\t\t<\/div>\n\t\t<\/section>\n\t\t\t\t<section class=\"elementor-section elementor-top-section elementor-element elementor-element-d87eaed elementor-section-boxed elementor-section-height-default elementor-section-height-default\" data-id=\"d87eaed\" data-element_type=\"section\">\n\t\t\t\t\t\t<div class=\"elementor-container elementor-column-gap-default\">\n\t\t\t\t\t<div class=\"elementor-column elementor-col-100 elementor-top-column elementor-element elementor-element-e1914a3\" data-id=\"e1914a3\" data-element_type=\"column\">\n\t\t\t<div class=\"elementor-widget-wrap elementor-element-populated\">\n\t\t\t\t\t\t<div class=\"elementor-element elementor-element-5f75b93 elementor-widget elementor-widget-testimonial\" data-id=\"5f75b93\" data-element_type=\"widget\" data-widget_type=\"testimonial.default\">\n\t\t\t\t<div class=\"elementor-widget-container\">\n\t\t\t\t\t\t\t<div class=\"elementor-testimonial-wrapper\">\n\t\t\t\t\t\t\t<div class=\"elementor-testimonial-content\"><i>\"La pandemia ha hecho m\u00e1s visible las dos grandes carencias del sistema educativo: el hacinamiento y la falta de medios tecnol\u00f3gicos\"<\/i><\/div>\n\t\t\t\n\t\t\t\t\t<\/div>\n\t\t\t\t\t\t<\/div>\n\t\t\t\t<\/div>\n\t\t\t\t\t<\/div>\n\t\t<\/div>\n\t\t\t\t\t<\/div>\n\t\t<\/section>\n\t\t\t\t<section class=\"elementor-section elementor-top-section elementor-element elementor-element-ff92ca8 elementor-section-boxed elementor-section-height-default elementor-section-height-default\" data-id=\"ff92ca8\" data-element_type=\"section\">\n\t\t\t\t\t\t<div class=\"elementor-container elementor-column-gap-default\">\n\t\t\t\t\t<div class=\"elementor-column elementor-col-100 elementor-top-column elementor-element elementor-element-d99342f\" data-id=\"d99342f\" data-element_type=\"column\">\n\t\t\t<div class=\"elementor-widget-wrap elementor-element-populated\">\n\t\t\t\t\t\t<div class=\"elementor-element elementor-element-8e37a55 elementor-widget elementor-widget-text-editor\" data-id=\"8e37a55\" data-element_type=\"widget\" data-widget_type=\"text-editor.default\">\n\t\t\t\t<div class=\"elementor-widget-container\">\n\t\t\t\t\t\t\t\t\t<p><b>P.- \u00bfQu\u00e9 tal ha sido la experiencia docente no presencial durante el estado de alarma?<\/b><\/p><p><span style=\"font-weight: 400;\">R.- Durante la pandemia hemos sufrido m\u00e1s que nunca las consecuencias de las dos grandes carencias del sistema educativo en Madrid, el hacinamiento en las aulas y la falta de medios tecnol\u00f3gicos. La plataforma Educa Madrid no ha funcionado, se ca\u00eda continuamente y cada centro educativo ha tenido que buscar por su cuenta una soluci\u00f3n. Necesitamos una plataforma s\u00f3lida. Si lo bancos la tienen, \u00bfpor qu\u00e9 el sistema educativo no? Es una cuesti\u00f3n de inversi\u00f3n. Esta deficiencia provoca desigualdad porque hay centros que no tienen posibilidades y, por tanto, el alumno ya parte de una desventaja. No es l\u00edcito que cada centro se las apa\u00f1e como pueda. En Las Musas cuento con un equipo de profesores muy implicados que cumplen muchas m\u00e1s horas de las recogidas en su horario lectivo para llegar a todo el alumnado, utilizando adem\u00e1s sus propios aparatos tecnol\u00f3gicos, haciendo fotocopias y llev\u00e1ndolas a los domicilios de los alumnos y alumnas que no dispon\u00edan de medios. Hemos hecho todo lo que hemos podido y los resultados han sido extraordinarios teniendo en cuenta lo complicado de la situaci\u00f3n.<\/span><\/p><p><b>P.- \u00bfY si cont\u00e1ramos con los medios tecnol\u00f3gicos suficientes la educaci\u00f3n por v\u00eda telem\u00e1tica alcanzar\u00eda la calidad de las clases presenciales?<\/b><\/p><p><span style=\"font-weight: 400;\">R.- La tecnolog\u00eda nunca podr\u00e1 suplir la labor presencial del profesorado en el aula, y muchos menos cuando se trata de adolescentes. Captar la atenci\u00f3n, el inter\u00e9s, generar empat\u00eda, esa proximidad que establece el profesor con sus alumnos, el di\u00e1logo cara a cara es imposible conseguirlo a trav\u00e9s de Internet. Las clases presenciales son insustituibles. \u00bfQu\u00e9 dir\u00edan de este disparate de clases <\/span><i><span style=\"font-weight: 400;\">online<\/span><\/i><span style=\"font-weight: 400;\"> S\u00f3crates o Plat\u00f3n, que ense\u00f1aban a sus disc\u00edpulos paseando o bajo un olivo?<\/span><\/p>\t\t\t\t\t\t\t\t<\/div>\n\t\t\t\t<\/div>\n\t\t\t\t\t<\/div>\n\t\t<\/div>\n\t\t\t\t\t<\/div>\n\t\t<\/section>\n\t\t\t\t<section class=\"elementor-section elementor-top-section elementor-element elementor-element-c8c3b33 elementor-section-boxed elementor-section-height-default elementor-section-height-default\" data-id=\"c8c3b33\" data-element_type=\"section\">\n\t\t\t\t\t\t<div class=\"elementor-container elementor-column-gap-default\">\n\t\t\t\t\t<div class=\"elementor-column elementor-col-100 elementor-top-column elementor-element elementor-element-5e28163\" data-id=\"5e28163\" data-element_type=\"column\">\n\t\t\t<div class=\"elementor-widget-wrap elementor-element-populated\">\n\t\t\t\t\t\t<div class=\"elementor-element elementor-element-92cdf28 elementor-widget elementor-widget-testimonial\" data-id=\"92cdf28\" data-element_type=\"widget\" data-widget_type=\"testimonial.default\">\n\t\t\t\t<div class=\"elementor-widget-container\">\n\t\t\t\t\t\t\t<div class=\"elementor-testimonial-wrapper\">\n\t\t\t\t\t\t\t<div class=\"elementor-testimonial-content\"><i>\"\u00bfQu\u00e9 dir\u00edan de este disparate de clases online S\u00f3crates o Plat\u00f3n, que ense\u00f1aban a sus disc\u00edpulos paseando bajo un olivo?\"<\/i><\/div>\n\t\t\t\n\t\t\t\t\t<\/div>\n\t\t\t\t\t\t<\/div>\n\t\t\t\t<\/div>\n\t\t\t\t\t<\/div>\n\t\t<\/div>\n\t\t\t\t\t<\/div>\n\t\t<\/section>\n\t\t\t\t<section class=\"elementor-section elementor-top-section elementor-element elementor-element-a1c20ed elementor-section-boxed elementor-section-height-default elementor-section-height-default\" data-id=\"a1c20ed\" data-element_type=\"section\">\n\t\t\t\t\t\t<div class=\"elementor-container elementor-column-gap-default\">\n\t\t\t\t\t<div class=\"elementor-column elementor-col-100 elementor-top-column elementor-element elementor-element-a957d33\" data-id=\"a957d33\" data-element_type=\"column\">\n\t\t\t<div class=\"elementor-widget-wrap elementor-element-populated\">\n\t\t\t\t\t\t<div class=\"elementor-element elementor-element-4e8dfa8 elementor-widget elementor-widget-image\" data-id=\"4e8dfa8\" data-element_type=\"widget\" data-widget_type=\"image.default\">\n\t\t\t\t<div class=\"elementor-widget-container\">\n\t\t\t\t\t\t\t\t\t\t\t\t<figure class=\"wp-caption\">\n\t\t\t\t\t\t\t\t\t\t<img loading=\"lazy\" decoding=\"async\" width=\"1024\" height=\"682\" src=\"https:\/\/madridsindical.es\/archivo\/wp-content\/uploads\/2020\/07\/IMG_4000-1024x682.jpg\" class=\"attachment-large size-large wp-image-1853\" alt=\"\" srcset=\"https:\/\/madridsindical.es\/archivo\/wp-content\/uploads\/2020\/07\/IMG_4000-1024x682.jpg 1024w, https:\/\/madridsindical.es\/archivo\/wp-content\/uploads\/2020\/07\/IMG_4000-300x200.jpg 300w, https:\/\/madridsindical.es\/archivo\/wp-content\/uploads\/2020\/07\/IMG_4000-768x512.jpg 768w, https:\/\/madridsindical.es\/archivo\/wp-content\/uploads\/2020\/07\/IMG_4000-1536x1024.jpg 1536w, https:\/\/madridsindical.es\/archivo\/wp-content\/uploads\/2020\/07\/IMG_4000-465x310.jpg 465w, https:\/\/madridsindical.es\/archivo\/wp-content\/uploads\/2020\/07\/IMG_4000-695x463.jpg 695w, https:\/\/madridsindical.es\/archivo\/wp-content\/uploads\/2020\/07\/IMG_4000.jpg 2000w\" sizes=\"(max-width: 1024px) 100vw, 1024px\" \/>\t\t\t\t\t\t\t\t\t\t\t<figcaption class=\"widget-image-caption wp-caption-text\">Parte del exterior del IES Las Musas, recuperado para el alumnado de ser una escombrera<\/figcaption>\n\t\t\t\t\t\t\t\t\t\t<\/figure>\n\t\t\t\t\t\t\t\t\t<\/div>\n\t\t\t\t<\/div>\n\t\t\t\t\t<\/div>\n\t\t<\/div>\n\t\t\t\t\t<\/div>\n\t\t<\/section>\n\t\t\t\t<section class=\"elementor-section elementor-top-section elementor-element elementor-element-1d11b21 elementor-section-boxed elementor-section-height-default elementor-section-height-default\" data-id=\"1d11b21\" data-element_type=\"section\">\n\t\t\t\t\t\t<div class=\"elementor-container elementor-column-gap-default\">\n\t\t\t\t\t<div class=\"elementor-column elementor-col-100 elementor-top-column elementor-element elementor-element-be32eb2\" data-id=\"be32eb2\" data-element_type=\"column\">\n\t\t\t<div class=\"elementor-widget-wrap elementor-element-populated\">\n\t\t\t\t\t\t<div class=\"elementor-element elementor-element-b678362 elementor-widget elementor-widget-text-editor\" data-id=\"b678362\" data-element_type=\"widget\" data-widget_type=\"text-editor.default\">\n\t\t\t\t<div class=\"elementor-widget-container\">\n\t\t\t\t\t\t\t\t\t<p><b>P.- \u00bfPreparados para el pr\u00f3ximo curso?<\/b><\/p><p><span style=\"font-weight: 400;\">R.- Uno de mis temores es que empecemos el curso como si nada hubiera pasado. Es necesario estar preparados por si volvemos a sufrir un nuevo confinamiento. Hay mucha incertidumbre. En nuestro centro estamos barajando varias opciones, desde instalar c\u00e1maras en las aulas enfocadas exclusivamente al profesor para grabar las clases u organizar turnos para clases presenciales, pero para esta posibilidad necesitar\u00edamos m\u00e1s profesores y no parece que vaya a ser as\u00ed. Ahora es el momento de actuar, de realizar peque\u00f1as obras en los centros, ensanchar algunas aulas, instalar c\u00e1maras en las clases y modernizar la infraestructura tecnol\u00f3gica. En todo caso, la l\u00ednea la deber\u00edan marcar las autoridades educativas y no cada centro por su cuenta.\u00a0<\/span><\/p>\t\t\t\t\t\t\t\t<\/div>\n\t\t\t\t<\/div>\n\t\t\t\t\t<\/div>\n\t\t<\/div>\n\t\t\t\t\t<\/div>\n\t\t<\/section>\n\t\t\t\t<\/div>\n\t\t","protected":false},"excerpt":{"rendered":"<p>La buena educaci\u00f3n: la excelencia est\u00e1 en la p\u00fablica Entrevista con Jos\u00e9 Antonio Exp\u00f3sito, director de La Musas, el instituto p\u00fablico madrile\u00f1o donde se forman los alumnos con las mejores notas en la EVAU El cien por cien del alumnado del IES Las Musas, en el distrito de San Blas, ha aprobado la selectividad durante la \u00faltima d\u00e9cada. Sus resultados acad\u00e9micos lo sit\u00faan en el segundo puesto del ranking de los institutos p\u00fablicos madrile\u00f1os con<span class=\"more-link\"><a href=\"https:\/\/madridsindical.es\/archivo\/2020\/07\/03\/entrevista-con-jose-antonio-exposito-director-de-la-musas-el-instituto-publico-madrileno-donde-se-forman-los-alumnos-con-las-mejores-notas-en-la-evau\/\">Contin\u00faa leyendo<\/a><\/span><\/p>\n","protected":false},"author":1,"featured_media":1852,"comment_status":"closed","ping_status":"closed","sticky":false,"template":"","format":"standard","meta":{"footnotes":""},"categories":[3],"tags":[47],"class_list":["entry","author-madridsindical","post-1845","post","type-post","status-publish","format-standard","has-post-thumbnail","category-entrevistas","tag-archivo"],"aioseo_notices":[],"_links":{"self":[{"href":"https:\/\/madridsindical.es\/archivo\/wp-json\/wp\/v2\/posts\/1845","targetHints":{"allow":["GET"]}}],"collection":[{"href":"https:\/\/madridsindical.es\/archivo\/wp-json\/wp\/v2\/posts"}],"about":[{"href":"https:\/\/madridsindical.es\/archivo\/wp-json\/wp\/v2\/types\/post"}],"author":[{"embeddable":true,"href":"https:\/\/madridsindical.es\/archivo\/wp-json\/wp\/v2\/users\/1"}],"replies":[{"embeddable":true,"href":"https:\/\/madridsindical.es\/archivo\/wp-json\/wp\/v2\/comments?post=1845"}],"version-history":[{"count":12,"href":"https:\/\/madridsindical.es\/archivo\/wp-json\/wp\/v2\/posts\/1845\/revisions"}],"predecessor-version":[{"id":2184,"href":"https:\/\/madridsindical.es\/archivo\/wp-json\/wp\/v2\/posts\/1845\/revisions\/2184"}],"wp:featuredmedia":[{"embeddable":true,"href":"https:\/\/madridsindical.es\/archivo\/wp-json\/wp\/v2\/media\/1852"}],"wp:attachment":[{"href":"https:\/\/madridsindical.es\/archivo\/wp-json\/wp\/v2\/media?parent=1845"}],"wp:term":[{"taxonomy":"category","embeddable":true,"href":"https:\/\/madridsindical.es\/archivo\/wp-json\/wp\/v2\/categories?post=1845"},{"taxonomy":"post_tag","embeddable":true,"href":"https:\/\/madridsindical.es\/archivo\/wp-json\/wp\/v2\/tags?post=1845"}],"curies":[{"name":"wp","href":"https:\/\/api.w.org\/{rel}","templated":true}]}}