{"id":1707,"date":"2020-06-12T09:07:19","date_gmt":"2020-06-12T09:07:19","guid":{"rendered":"https:\/\/madridsindical.es\/archivo\/?p=1707"},"modified":"2025-11-06T12:25:51","modified_gmt":"2025-11-06T12:25:51","slug":"la-pobreza-en-madrid-es-una-bomba-de-relojeria-para-la-convivencia","status":"publish","type":"post","link":"https:\/\/madridsindical.es\/archivo\/2020\/06\/12\/la-pobreza-en-madrid-es-una-bomba-de-relojeria-para-la-convivencia\/","title":{"rendered":"\u201cLa pobreza en Madrid es una bomba de relojer\u00eda para la convivencia\u201d"},"content":{"rendered":"\t\t<div data-elementor-type=\"wp-post\" data-elementor-id=\"1707\" class=\"elementor elementor-1707\">\n\t\t\t\t\t\t<section class=\"elementor-section elementor-top-section elementor-element elementor-element-7fea931 elementor-section-boxed elementor-section-height-default elementor-section-height-default\" data-id=\"7fea931\" data-element_type=\"section\">\n\t\t\t\t\t\t<div class=\"elementor-container elementor-column-gap-default\">\n\t\t\t\t\t<div class=\"elementor-column elementor-col-100 elementor-top-column elementor-element elementor-element-2645953\" data-id=\"2645953\" data-element_type=\"column\">\n\t\t\t<div class=\"elementor-widget-wrap elementor-element-populated\">\n\t\t\t\t\t\t<div class=\"elementor-element elementor-element-f096c75 elementor-widget elementor-widget-heading\" data-id=\"f096c75\" data-element_type=\"widget\" data-widget_type=\"heading.default\">\n\t\t\t\t<div class=\"elementor-widget-container\">\n\t\t\t\t\t<h2 class=\"elementor-heading-title elementor-size-large\">\u201cLa pobreza en Madrid es una bomba de relojer\u00eda para la convivencia\u201d\n<\/h2>\t\t\t\t<\/div>\n\t\t\t\t<\/div>\n\t\t\t\t\t<\/div>\n\t\t<\/div>\n\t\t\t\t\t<\/div>\n\t\t<\/section>\n\t\t\t\t<section class=\"elementor-section elementor-top-section elementor-element elementor-element-97cb5f2 elementor-section-boxed elementor-section-height-default elementor-section-height-default\" data-id=\"97cb5f2\" data-element_type=\"section\">\n\t\t\t\t\t\t<div class=\"elementor-container elementor-column-gap-default\">\n\t\t\t\t\t<div class=\"elementor-column elementor-col-100 elementor-top-column elementor-element elementor-element-eeae045\" data-id=\"eeae045\" data-element_type=\"column\">\n\t\t\t<div class=\"elementor-widget-wrap elementor-element-populated\">\n\t\t\t\t\t\t<div class=\"elementor-element elementor-element-18d64ac elementor-widget elementor-widget-text-editor\" data-id=\"18d64ac\" data-element_type=\"widget\" data-widget_type=\"text-editor.default\">\n\t\t\t\t<div class=\"elementor-widget-container\">\n\t\t\t\t\t\t\t\t\tEntrevista con Ana Gonz\u00e1lez Blanco, Secretaria de Pol\u00edtica Social y Diversidad de CCOO de Madrid\t\t\t\t\t\t\t\t<\/div>\n\t\t\t\t<\/div>\n\t\t\t\t\t<\/div>\n\t\t<\/div>\n\t\t\t\t\t<\/div>\n\t\t<\/section>\n\t\t\t\t<section class=\"elementor-section elementor-top-section elementor-element elementor-element-b748abb elementor-section-content-middle elementor-section-boxed elementor-section-height-default elementor-section-height-default\" data-id=\"b748abb\" data-element_type=\"section\">\n\t\t\t\t\t\t<div class=\"elementor-container elementor-column-gap-no\">\n\t\t\t\t\t<div class=\"elementor-column elementor-col-50 elementor-top-column elementor-element elementor-element-8508229\" data-id=\"8508229\" data-element_type=\"column\">\n\t\t\t<div class=\"elementor-widget-wrap\">\n\t\t\t\t\t\t\t<\/div>\n\t\t<\/div>\n\t\t\t\t<div class=\"elementor-column elementor-col-50 elementor-top-column elementor-element elementor-element-971147b\" data-id=\"971147b\" data-element_type=\"column\">\n\t\t\t<div class=\"elementor-widget-wrap elementor-element-populated\">\n\t\t\t\t\t\t<div class=\"elementor-element elementor-element-9521f59 elementor-view-default elementor-widget elementor-widget-icon\" data-id=\"9521f59\" data-element_type=\"widget\" data-widget_type=\"icon.default\">\n\t\t\t\t<div class=\"elementor-widget-container\">\n\t\t\t\t\t\t\t<div class=\"elementor-icon-wrapper\">\n\t\t\t<div class=\"elementor-icon\">\n\t\t\t\t\t\t\t<i class=\"fa fa-quote-left\" aria-hidden=\"true\"><\/i>\n\t\t\t\t\t\t<\/div>\n\t\t<\/div>\n\t\t\t\t\t\t<\/div>\n\t\t\t\t<\/div>\n\t\t\t\t<div class=\"elementor-element elementor-element-740cd4e elementor-widget elementor-widget-text-editor\" data-id=\"740cd4e\" data-element_type=\"widget\" data-widget_type=\"text-editor.default\">\n\t\t\t\t<div class=\"elementor-widget-container\">\n\t\t\t\t\t\t\t\t\t<p><i><span style=\"font-weight: 400;\">\u201cEn 2008 se rompieron las costuras de la protecci\u00f3n y las recetas que se aplicaron en Madrid se resumen en recortes y m\u00e1s recortes\u201d<\/span><\/i><\/p>\t\t\t\t\t\t\t\t<\/div>\n\t\t\t\t<\/div>\n\t\t\t\t<div class=\"elementor-element elementor-element-e438560 elementor-widget elementor-widget-heading\" data-id=\"e438560\" data-element_type=\"widget\" data-widget_type=\"heading.default\">\n\t\t\t\t<div class=\"elementor-widget-container\">\n\t\t\t\t\t<h2 class=\"elementor-heading-title elementor-size-default\">Ana Gonz\u00e1lez Blanco<\/h2>\t\t\t\t<\/div>\n\t\t\t\t<\/div>\n\t\t\t\t<div class=\"elementor-element elementor-element-355f514 elementor-widget elementor-widget-heading\" data-id=\"355f514\" data-element_type=\"widget\" data-widget_type=\"heading.default\">\n\t\t\t\t<div class=\"elementor-widget-container\">\n\t\t\t\t\t<h2 class=\"elementor-heading-title elementor-size-default\">Secretaria de Pol\u00edtica Social y Diversidad de CCOO de Madrid<\/h2>\t\t\t\t<\/div>\n\t\t\t\t<\/div>\n\t\t\t\t\t<\/div>\n\t\t<\/div>\n\t\t\t\t\t<\/div>\n\t\t<\/section>\n\t\t\t\t<section class=\"elementor-section elementor-top-section elementor-element elementor-element-10ad0bf elementor-section-boxed elementor-section-height-default elementor-section-height-default\" data-id=\"10ad0bf\" data-element_type=\"section\">\n\t\t\t\t\t\t<div class=\"elementor-container elementor-column-gap-default\">\n\t\t\t\t\t<div class=\"elementor-column elementor-col-100 elementor-top-column elementor-element elementor-element-4d53747\" data-id=\"4d53747\" data-element_type=\"column\">\n\t\t\t<div class=\"elementor-widget-wrap elementor-element-populated\">\n\t\t\t\t\t\t<div class=\"elementor-element elementor-element-752885e elementor-widget elementor-widget-text-editor\" data-id=\"752885e\" data-element_type=\"widget\" data-widget_type=\"text-editor.default\">\n\t\t\t\t<div class=\"elementor-widget-container\">\n\t\t\t\t\t\t\t\t\t<p><b>Pregunta.- \u00bfLe sorprende el papel de las redes de apoyo vecinales madrile\u00f1as en la contenci\u00f3n del hambre durante esta pandemia?<\/b><\/p><p><span style=\"font-weight: 400;\">Respuesta.- Las redes vecinales y otros colectivos est\u00e1n cumpliendo un papel esencial de contenci\u00f3n, de respuesta r\u00e1pida e inmediata. Ya lo hicieron en 2008, cuando la crisis financiera. Pero esa inmensa responsabilidad no puede descansar de manera permanente en la iniciativa de car\u00e1cter informal, por muy importante y v\u00e1lida que sea. La deben asumir los servicios sociales p\u00fablicos.\u00a0<\/span><\/p><p><b>P.- \u00bfQu\u00e9 diferencias hay entre esta crisis del coronavirus y la de 2008 en relaci\u00f3n a la vulnerabilidad de las personas afectadas?\u00a0<\/b><\/p><p><span style=\"font-weight: 400;\">R.- En 2008 hab\u00eda dos colchones que se mantuvieron: la econom\u00eda sumergida y los mayores, que con sus pensiones pudieron, a\u00fan con mucha dificultad, mantener a flote a sus familias. Pero en esta ocasi\u00f3n el confinamiento paraliz\u00f3 toda actividad y el coronavirus se ha cebado con los mayores. Fueron dos elementos de contenci\u00f3n que ahora no existen.\u00a0\u00a0<\/span><\/p><p><b>P.- Las colas del hambre siguen creciendo. Las redes vecinales est\u00e1n desbordadas y los servicios sociales no llegan. \u00bfPor qu\u00e9 no son capaces de asumir sus competencias?\u00a0<\/b><\/p><p><span style=\"font-weight: 400;\">R.- Los servicios sociales han sido muy maltratados hist\u00f3ricamente, est\u00e1n profundamente infradotados y no se les ha puesto en valor. Para empezar, no son universales y no se sostienen en principios de derecho, como s\u00ed lo hacen los servicios sanitarios o los de educaci\u00f3n. Hay que situarlos al mismo nivel de estos \u00faltimos. Est\u00e1n en una situaci\u00f3n de debilidad estructural desde su origen, y no hay otro sistema de protecci\u00f3n social m\u00e1s privatizado y externalizado. A este respecto, la Comunidad de Madrid ha sido la avanzadilla.\u00a0 Hay que abordar una profunda transformaci\u00f3n, una revoluci\u00f3n dir\u00eda yo, dotarlos adecuadamente y hacer una gran inversi\u00f3n.<\/span><\/p>\t\t\t\t\t\t\t\t<\/div>\n\t\t\t\t<\/div>\n\t\t\t\t\t<\/div>\n\t\t<\/div>\n\t\t\t\t\t<\/div>\n\t\t<\/section>\n\t\t\t\t<section class=\"elementor-section elementor-top-section elementor-element elementor-element-91db688 elementor-section-content-middle elementor-section-boxed elementor-section-height-default elementor-section-height-default\" data-id=\"91db688\" data-element_type=\"section\">\n\t\t\t\t\t\t<div class=\"elementor-container elementor-column-gap-no\">\n\t\t\t\t\t<div class=\"elementor-column elementor-col-100 elementor-top-column elementor-element elementor-element-4528928\" data-id=\"4528928\" data-element_type=\"column\">\n\t\t\t<div class=\"elementor-widget-wrap elementor-element-populated\">\n\t\t\t\t\t\t<div class=\"elementor-element elementor-element-f47b4a4 elementor-widget elementor-widget-heading\" data-id=\"f47b4a4\" data-element_type=\"widget\" data-widget_type=\"heading.default\">\n\t\t\t\t<div class=\"elementor-widget-container\">\n\t\t\t\t\t<h4 class=\"elementor-heading-title elementor-size-small\"><i>\u201cLa pobreza no solo es estar tirado en la calle. El pobre es nuestra vecina, la panadera, gente que trabaja pero no ingresa lo suficiente\u201d<\/i><\/h4>\t\t\t\t<\/div>\n\t\t\t\t<\/div>\n\t\t\t\t\t<\/div>\n\t\t<\/div>\n\t\t\t\t\t<\/div>\n\t\t<\/section>\n\t\t\t\t<section class=\"elementor-section elementor-top-section elementor-element elementor-element-a799bb3 elementor-section-boxed elementor-section-height-default elementor-section-height-default\" data-id=\"a799bb3\" data-element_type=\"section\">\n\t\t\t\t\t\t<div class=\"elementor-container elementor-column-gap-default\">\n\t\t\t\t\t<div class=\"elementor-column elementor-col-100 elementor-top-column elementor-element elementor-element-b7dd30c\" data-id=\"b7dd30c\" data-element_type=\"column\">\n\t\t\t<div class=\"elementor-widget-wrap elementor-element-populated\">\n\t\t\t\t\t\t<div class=\"elementor-element elementor-element-475baaa elementor-widget elementor-widget-text-editor\" data-id=\"475baaa\" data-element_type=\"widget\" data-widget_type=\"text-editor.default\">\n\t\t\t\t<div class=\"elementor-widget-container\">\n\t\t\t\t\t\t\t\t\t<p><b>P.- Visto lo visto, no hemos aprendido nada de lo que nos ocurri\u00f3 en 2008<\/b><\/p><p><span style=\"font-weight: 400;\">R.- En 2008 se rompieron las costuras de la protecci\u00f3n y es evidente que no aprendimos. Todo lo contrario. Las recetas que se aplicaron despu\u00e9s, sobre todo en la Comunidad de Madrid, se resumen en recortes y m\u00e1s recortes, que afectaron sobre todo a los servicios sociales. Por ejemplo, en 2010 se peg\u00f3 un tijeretazo al sistema de atenci\u00f3n a la Dependencia, y en 2012 se aplicaron nuevos recortes, que no han sido revertidos y se siguen manteniendo. De lo que est\u00e1 sucediendo en esta emergencia deber\u00edamos escarmentar, pero mientras el gobierno central est\u00e1 poniendo en marcha medidas muy importantes para todo el Estado, no parece que el gobierno regional est\u00e9 tomando nota\u00a0 y vaya a reforzar los mecanismos de protecci\u00f3n social auton\u00f3mico. Y deber\u00eda, porque los servicios sociales son competencia absoluta de las comunidades aut\u00f3nomas.\u00a0<\/span><\/p><p><b>P.- No lo parece. Tanto es as\u00ed que la opini\u00f3n p\u00fablica culpa sobre todo a los\u00a0 ayuntamientos<\/b><\/p><p><span style=\"font-weight: 400;\">R.- Porque lo que hemos visto hasta ahora por parte del Gobierno de Isabel D\u00edaz Ayuso es un absoluto abandono y despreocupaci\u00f3n por buscar y reforzar los mecanismos de contenci\u00f3n y de emergencia, primero, y para articular, adem\u00e1s, instrumentos estructurales de lucha contra la pobreza y la exclusi\u00f3n social. Ah\u00ed est\u00e1 el esc\u00e1ndalo de los men\u00fas de pizzas o el del abandono de las residencias de mayores. A diferencia de otras autonom\u00edas, que s\u00ed han puesto en marcha medidas de emergencia, algunas gobernadas por el PP, la Comunidad de Madrid no lo ha hecho. Y son los ayuntamientos, con la escasa capacidad de financiaci\u00f3n de la que disponen, los que intentan de una manera muy precaria responder. D\u00edaz Ayuso ha mirado para otro lado, ha abandonado a las personas con mayores problemas, a las m\u00e1s vulnerables y en riesgo de exclusi\u00f3n social y se est\u00e1 yendo de rositas. Las colas en las puertas de las sedes vecinales son escenas de posguerra intolerables que al gobierno de la Comunidad le deber\u00edan avergonzar.<\/span><\/p><p><b>P.- Hay una creencia generalizada de que los servicios sociales est\u00e1n ah\u00ed solo para la poblaci\u00f3n marginal<\/b><\/p><p><span style=\"font-weight: 400;\">R.- La percepci\u00f3n social de la ciudadan\u00eda es muy negativa respecto a los servicios sociales, La gran transformaci\u00f3n pendiente, como he dicho, es la de incorporar criterios de universalidad sostenidos en derechos de ciudadan\u00eda. Si conseguimos que sean un sistema de protecci\u00f3n social universal, conseguiremos que la sociedad tambi\u00e9n los conciba de otra manera.\u00a0<\/span><\/p>\t\t\t\t\t\t\t\t<\/div>\n\t\t\t\t<\/div>\n\t\t\t\t\t<\/div>\n\t\t<\/div>\n\t\t\t\t\t<\/div>\n\t\t<\/section>\n\t\t\t\t<section class=\"elementor-section elementor-top-section elementor-element elementor-element-ac715be elementor-section-content-middle elementor-section-boxed elementor-section-height-default elementor-section-height-default\" data-id=\"ac715be\" data-element_type=\"section\">\n\t\t\t\t\t\t<div class=\"elementor-container elementor-column-gap-no\">\n\t\t\t\t\t<div class=\"elementor-column elementor-col-100 elementor-top-column elementor-element elementor-element-7e1f6af\" data-id=\"7e1f6af\" data-element_type=\"column\">\n\t\t\t<div class=\"elementor-widget-wrap elementor-element-populated\">\n\t\t\t\t\t\t<div class=\"elementor-element elementor-element-b16176c elementor-widget elementor-widget-heading\" data-id=\"b16176c\" data-element_type=\"widget\" data-widget_type=\"heading.default\">\n\t\t\t\t<div class=\"elementor-widget-container\">\n\t\t\t\t\t<h4 class=\"elementor-heading-title elementor-size-small\"><i>\u201cLa Comunidad de Madrid ha hecho una gesti\u00f3n perversa e ideol\u00f3gica de la Renta M\u00ednima de Inserci\u00f3n\u201d<\/i><\/h4>\t\t\t\t<\/div>\n\t\t\t\t<\/div>\n\t\t\t\t\t<\/div>\n\t\t<\/div>\n\t\t\t\t\t<\/div>\n\t\t<\/section>\n\t\t\t\t<section class=\"elementor-section elementor-top-section elementor-element elementor-element-a0eb6ad elementor-section-boxed elementor-section-height-default elementor-section-height-default\" data-id=\"a0eb6ad\" data-element_type=\"section\">\n\t\t\t\t\t\t<div class=\"elementor-container elementor-column-gap-default\">\n\t\t\t\t\t<div class=\"elementor-column elementor-col-100 elementor-top-column elementor-element elementor-element-82763b2\" data-id=\"82763b2\" data-element_type=\"column\">\n\t\t\t<div class=\"elementor-widget-wrap elementor-element-populated\">\n\t\t\t\t\t\t<div class=\"elementor-element elementor-element-56359ce elementor-widget elementor-widget-text-editor\" data-id=\"56359ce\" data-element_type=\"widget\" data-widget_type=\"text-editor.default\">\n\t\t\t\t<div class=\"elementor-widget-container\">\n\t\t\t\t\t\t\t\t\t<p><b>P.- Llama la atenci\u00f3n que no haya manifestaciones ciudadanas para reclamar la mejora de los Servicios Sociales<\/b><\/p><p><span style=\"font-weight: 400;\">R- Seguramente por esa percepci\u00f3n negativa o limitada que se tiene de ellos. Desde CCOO hacemos un llamamiento a la sociedad para que sea beligerante a la hora de reivindicar los servicios sociales y reforzar su car\u00e1cter p\u00fablico de la misma forma que cuando se aborda una privatizaci\u00f3n de la sanidad salimos a la calle a defenderla. Y junto a esta llamada a la beligerancia hay que hacer una labor pedag\u00f3gica porque hay un gran desconocimiento sobre su funci\u00f3n y su enorme capacidad de intervenci\u00f3n preventiva y comunitaria.<\/span><\/p><p><b>P.- El consejero de Educaci\u00f3n, Enrique Ossorio, declar\u00f3 hace unos meses que \u00e9l cuando pasea por Madrid no ve pobreza<\/b><\/p><p><span style=\"font-weight: 400;\">R.- Es que la pobreza no consiste solo en estar tirado en la calle o durmiendo en un banco. El pobre es nuestra vecina, la panadera, personas con las que nos cruzamos a diario y que incluso trabajando no ingresan suficiente para pagar los suministros de energ\u00eda, el alquiler, comida, que viven en pocos metros cuadrados, en habitaciones compartidas\u2026 Corremos el riesgo\u00a0 de naturalizar la pobreza, de verla como algo normal. No es de recibo que en la comunidad m\u00e1s rica de Espa\u00f1a registremos una pobreza estructural que nunca ha bajado del 16%. Antes del covid, se situaba en el 19%, y m\u00e1s de 300.000 personas viven en pobreza severa. Es una bomba de relojer\u00eda para la convivencia en la regi\u00f3n.\u00a0<\/span><\/p>\t\t\t\t\t\t\t\t<\/div>\n\t\t\t\t<\/div>\n\t\t\t\t\t<\/div>\n\t\t<\/div>\n\t\t\t\t\t<\/div>\n\t\t<\/section>\n\t\t\t\t<section class=\"elementor-section elementor-top-section elementor-element elementor-element-f5408db elementor-section-content-middle elementor-section-boxed elementor-section-height-default elementor-section-height-default\" data-id=\"f5408db\" data-element_type=\"section\">\n\t\t\t\t\t\t<div class=\"elementor-container elementor-column-gap-no\">\n\t\t\t\t\t<div class=\"elementor-column elementor-col-100 elementor-top-column elementor-element elementor-element-4e2f9aa\" data-id=\"4e2f9aa\" data-element_type=\"column\">\n\t\t\t<div class=\"elementor-widget-wrap elementor-element-populated\">\n\t\t\t\t\t\t<div class=\"elementor-element elementor-element-7061bb9 elementor-widget elementor-widget-heading\" data-id=\"7061bb9\" data-element_type=\"widget\" data-widget_type=\"heading.default\">\n\t\t\t\t<div class=\"elementor-widget-container\">\n\t\t\t\t\t<h4 class=\"elementor-heading-title elementor-size-small\"><i>\u201cNos preocupa que el Ingreso M\u00ednimo Vital se utilice en Madrid para liberar presupuesto de la lucha contra la pobreza\u201d<\/i><\/h4>\t\t\t\t<\/div>\n\t\t\t\t<\/div>\n\t\t\t\t\t<\/div>\n\t\t<\/div>\n\t\t\t\t\t<\/div>\n\t\t<\/section>\n\t\t\t\t<section class=\"elementor-section elementor-top-section elementor-element elementor-element-077f3dd elementor-section-boxed elementor-section-height-default elementor-section-height-default\" data-id=\"077f3dd\" data-element_type=\"section\">\n\t\t\t\t\t\t<div class=\"elementor-container elementor-column-gap-default\">\n\t\t\t\t\t<div class=\"elementor-column elementor-col-100 elementor-top-column elementor-element elementor-element-9703dd2\" data-id=\"9703dd2\" data-element_type=\"column\">\n\t\t\t<div class=\"elementor-widget-wrap elementor-element-populated\">\n\t\t\t\t\t\t<section class=\"elementor-section elementor-inner-section elementor-element elementor-element-a377d66 elementor-section-boxed elementor-section-height-default elementor-section-height-default\" data-id=\"a377d66\" data-element_type=\"section\">\n\t\t\t\t\t\t<div class=\"elementor-container elementor-column-gap-default\">\n\t\t\t\t\t<div class=\"elementor-column elementor-col-50 elementor-inner-column elementor-element elementor-element-863ca96\" data-id=\"863ca96\" data-element_type=\"column\">\n\t\t\t<div class=\"elementor-widget-wrap elementor-element-populated\">\n\t\t\t\t\t\t<div class=\"elementor-element elementor-element-a7507ec elementor-widget elementor-widget-text-editor\" data-id=\"a7507ec\" data-element_type=\"widget\" data-widget_type=\"text-editor.default\">\n\t\t\t\t<div class=\"elementor-widget-container\">\n\t\t\t\t\t\t\t\t\t<p><b>P.- Se abre el plazo para solicitar el Ingreso M\u00ednimo Vital (IMV), una reivindicaci\u00f3n hist\u00f3rica del movimiento sindical\u00a0<\/b><\/p><p><span style=\"font-weight: 400;\">R.- Es un gran avance social, sin duda. Ya en la huelga general del 14-D los sindicatos reclam\u00e1bamos pensiones no contributivas y un salario social. No vio la luz en el \u00e1mbito estatal, pero conseguimos llevarlo al marco de la negociaci\u00f3n en las comunidades aut\u00f3nomas. De eso han pasado 30 a\u00f1os y ahora se ha conseguido articular un Ingreso M\u00ednimo Vital que est\u00e1 anclado al sistema de Seguridad Social, lo que supone un logro indiscutible. Nos va a permitir reforzar criterios de igualdad y de cohesi\u00f3n social a nivel del Estado y va ser una herramienta eficaz contra la pobreza y la exclusi\u00f3n, pero tambi\u00e9n tiene importantes lagunas.<\/span><\/p><p><b>P.- \u00bfPor ejemplo?<\/b><\/p><p><span style=\"font-weight: 400;\">R.- Una de ellas es el encaje con las rentas m\u00ednimas auton\u00f3micas, sobre todo en aquellas comunidades menos comprometidas en la lucha contra la pobreza. En el a\u00f1o 90 los sindicatos negociamos con el gobierno de la Comunidad de Madrid, presidido por Joaqu\u00edn Leguina, el Ingreso M\u00ednimo de Integraci\u00f3n, el IMI, que no era un derecho universal, pero ya fue un avance important\u00edsimo. En el a\u00f1o 2000 dimos un paso m\u00e1s con la Renta M\u00ednima de Inserci\u00f3n, el RMI. Se negoci\u00f3 una ley avanzad\u00edsima, pero en estos \u00faltimos 20 a\u00f1os se ha hecho una gesti\u00f3n perversa e ideol\u00f3gica del RMI que nos ha llevado a un nivel de cobertura m\u00ednimo. Actualmente solo lo reciben\u00a0 22.000 familias, que suman cien mil personas, cuando la pobreza severa en la regi\u00f3n madrile\u00f1a afecta a m\u00e1s de 300.000, lo que significa que a 200.000 personas pobres no les llega. Nos preocupa que el Ingreso M\u00ednimo Vital se utilice en Comunidad de Madrid para liberar presupuesto de las actuales pol\u00edticas de lucha contra la pobreza.\u00a0<\/span><\/p>\t\t\t\t\t\t\t\t<\/div>\n\t\t\t\t<\/div>\n\t\t\t\t\t<\/div>\n\t\t<\/div>\n\t\t\t\t<div class=\"elementor-column elementor-col-50 elementor-inner-column elementor-element elementor-element-f8085fb\" data-id=\"f8085fb\" data-element_type=\"column\">\n\t\t\t<div class=\"elementor-widget-wrap elementor-element-populated\">\n\t\t\t\t\t\t<div class=\"elementor-element elementor-element-3056b69 elementor-widget elementor-widget-image\" data-id=\"3056b69\" data-element_type=\"widget\" data-widget_type=\"image.default\">\n\t\t\t\t<div class=\"elementor-widget-container\">\n\t\t\t\t\t\t\t\t\t\t\t\t\t\t\t<img fetchpriority=\"high\" decoding=\"async\" width=\"627\" height=\"1024\" src=\"https:\/\/madridsindical.es\/archivo\/wp-content\/uploads\/2020\/06\/IMG_2793-627x1024.jpg\" class=\"attachment-large size-large wp-image-1709\" alt=\"\" srcset=\"https:\/\/madridsindical.es\/archivo\/wp-content\/uploads\/2020\/06\/IMG_2793-627x1024.jpg 627w, https:\/\/madridsindical.es\/archivo\/wp-content\/uploads\/2020\/06\/IMG_2793-184x300.jpg 184w, https:\/\/madridsindical.es\/archivo\/wp-content\/uploads\/2020\/06\/IMG_2793-768x1255.jpg 768w, https:\/\/madridsindical.es\/archivo\/wp-content\/uploads\/2020\/06\/IMG_2793-940x1536.jpg 940w, https:\/\/madridsindical.es\/archivo\/wp-content\/uploads\/2020\/06\/IMG_2793-1253x2048.jpg 1253w, https:\/\/madridsindical.es\/archivo\/wp-content\/uploads\/2020\/06\/IMG_2793-337x550.jpg 337w, https:\/\/madridsindical.es\/archivo\/wp-content\/uploads\/2020\/06\/IMG_2793-306x500.jpg 306w, https:\/\/madridsindical.es\/archivo\/wp-content\/uploads\/2020\/06\/IMG_2793-scaled.jpg 1566w\" sizes=\"(max-width: 627px) 100vw, 627px\" \/>\t\t\t\t\t\t\t\t\t\t\t\t\t\t\t<\/div>\n\t\t\t\t<\/div>\n\t\t\t\t\t<\/div>\n\t\t<\/div>\n\t\t\t\t\t<\/div>\n\t\t<\/section>\n\t\t\t\t\t<\/div>\n\t\t<\/div>\n\t\t\t\t\t<\/div>\n\t\t<\/section>\n\t\t\t\t<section class=\"elementor-section elementor-top-section elementor-element elementor-element-076f499 elementor-section-boxed elementor-section-height-default elementor-section-height-default\" data-id=\"076f499\" data-element_type=\"section\">\n\t\t\t\t\t\t<div class=\"elementor-container elementor-column-gap-default\">\n\t\t\t\t\t<div class=\"elementor-column elementor-col-100 elementor-top-column elementor-element elementor-element-3d8e193\" data-id=\"3d8e193\" data-element_type=\"column\">\n\t\t\t<div class=\"elementor-widget-wrap elementor-element-populated\">\n\t\t\t\t\t\t<div class=\"elementor-element elementor-element-ad41df2 elementor-widget elementor-widget-text-editor\" data-id=\"ad41df2\" data-element_type=\"widget\" data-widget_type=\"text-editor.default\">\n\t\t\t\t<div class=\"elementor-widget-container\">\n\t\t\t\t\t\t\t\t\t<p><b>P.- \u00bfY qu\u00e9 propone CCOO?\u00a0<\/b><\/p><p><span style=\"font-weight: 400;\">R.- Desde CCOO tenemos que redoblar los esfuerzos para conseguir que la Renta M\u00ednima de Inserci\u00f3n de la Comunidad de Madrid se reoriente, se readapte y se refuerce en su componente subsidiario y complementario del Ingreso M\u00ednimo Vital, y\u00a0 que incorpore\u00a0 todo un cat\u00e1logo de nuevas prestaciones que sean reconocidas como derecho. Es decir, que la alimentaci\u00f3n sea un derecho, que la vivienda sea un derecho, que el acceso a una educaci\u00f3n en igualdad sea un derecho. CCOO ha solicitado ya la convocatoria de la Mesa de Protecci\u00f3n Social del Consejo de Di\u00e1logo de la Comunidad de Madrid precisamente para saber cu\u00e1les son las intenciones del gobierno regional y poner encima de la mesa nuestra propuesta.<\/span><\/p>\t\t\t\t\t\t\t\t<\/div>\n\t\t\t\t<\/div>\n\t\t\t\t\t<\/div>\n\t\t<\/div>\n\t\t\t\t\t<\/div>\n\t\t<\/section>\n\t\t\t\t<section class=\"elementor-section elementor-top-section elementor-element elementor-element-c0026d5 elementor-section-content-middle elementor-section-boxed elementor-section-height-default elementor-section-height-default\" data-id=\"c0026d5\" data-element_type=\"section\">\n\t\t\t\t\t\t<div class=\"elementor-container elementor-column-gap-no\">\n\t\t\t\t\t<div class=\"elementor-column elementor-col-100 elementor-top-column elementor-element elementor-element-98a7e53\" data-id=\"98a7e53\" data-element_type=\"column\">\n\t\t\t<div class=\"elementor-widget-wrap elementor-element-populated\">\n\t\t\t\t\t\t<div class=\"elementor-element elementor-element-7148a85 elementor-widget elementor-widget-heading\" data-id=\"7148a85\" data-element_type=\"widget\" data-widget_type=\"heading.default\">\n\t\t\t\t<div class=\"elementor-widget-container\">\n\t\t\t\t\t<h2 class=\"elementor-heading-title elementor-size-default\">M\u00e1s en el reportaje<\/h2>\t\t\t\t<\/div>\n\t\t\t\t<\/div>\n\t\t\t\t<section class=\"elementor-section elementor-inner-section elementor-element elementor-element-934c3ef elementor-section-boxed elementor-section-height-default elementor-section-height-default\" data-id=\"934c3ef\" data-element_type=\"section\">\n\t\t\t\t\t\t<div class=\"elementor-container elementor-column-gap-default\">\n\t\t\t\t\t<div class=\"elementor-column elementor-col-50 elementor-inner-column elementor-element elementor-element-514a0b6\" data-id=\"514a0b6\" data-element_type=\"column\">\n\t\t\t<div class=\"elementor-widget-wrap elementor-element-populated\">\n\t\t\t\t\t\t<div class=\"elementor-element elementor-element-4b51d4c elementor-position-left elementor-view-default elementor-mobile-position-top elementor-widget elementor-widget-icon-box\" data-id=\"4b51d4c\" data-element_type=\"widget\" data-widget_type=\"icon-box.default\">\n\t\t\t\t<div class=\"elementor-widget-container\">\n\t\t\t\t\t\t\t<div class=\"elementor-icon-box-wrapper\">\n\n\t\t\t\t\t\t<div class=\"elementor-icon-box-icon\">\n\t\t\t\t<a href=\"https:\/\/madridsindical.es\/archivo\/2020\/06\/12\/madrid-las-colas-del-hambre-y-el-apoyo-vecinal\/\" class=\"elementor-icon elementor-animation-grow\" tabindex=\"-1\" aria-label=\"Reportaje: Un recorrido por las colas del hambre de los barrios de Madrid\">\n\t\t\t\t<i aria-hidden=\"true\" class=\"far fa-arrow-alt-circle-right\"><\/i>\t\t\t\t<\/a>\n\t\t\t<\/div>\n\t\t\t\n\t\t\t\t\t\t<div class=\"elementor-icon-box-content\">\n\n\t\t\t\t\t\t\t\t\t<h3 class=\"elementor-icon-box-title\">\n\t\t\t\t\t\t<a href=\"https:\/\/madridsindical.es\/archivo\/2020\/06\/12\/madrid-las-colas-del-hambre-y-el-apoyo-vecinal\/\" >\n\t\t\t\t\t\t\tReportaje: Un recorrido por las colas del hambre de los barrios de Madrid\t\t\t\t\t\t<\/a>\n\t\t\t\t\t<\/h3>\n\t\t\t\t\n\t\t\t\t\n\t\t\t<\/div>\n\t\t\t\n\t\t<\/div>\n\t\t\t\t\t\t<\/div>\n\t\t\t\t<\/div>\n\t\t\t\t\t<\/div>\n\t\t<\/div>\n\t\t\t\t<div class=\"elementor-column elementor-col-50 elementor-inner-column elementor-element elementor-element-ee48a7a\" data-id=\"ee48a7a\" data-element_type=\"column\">\n\t\t\t<div class=\"elementor-widget-wrap elementor-element-populated\">\n\t\t\t\t\t\t<div class=\"elementor-element elementor-element-8f0e121 elementor-position-left elementor-view-default elementor-mobile-position-top elementor-widget elementor-widget-icon-box\" data-id=\"8f0e121\" data-element_type=\"widget\" data-widget_type=\"icon-box.default\">\n\t\t\t\t<div class=\"elementor-widget-container\">\n\t\t\t\t\t\t\t<div class=\"elementor-icon-box-wrapper\">\n\n\t\t\t\t\t\t<div class=\"elementor-icon-box-icon\">\n\t\t\t\t<a href=\"https:\/\/madridsindical.es\/archivo\/2020\/06\/11\/un-recorrido-fotografico-por-las-colas-del-hambre-en-los-barrios-de-madrid\/\" class=\"elementor-icon elementor-animation-grow\" tabindex=\"-1\" aria-label=\"Recorrido fotogr\u00e1fico por las colas del hambre de Madrid\">\n\t\t\t\t<i aria-hidden=\"true\" class=\"fas fa-camera\"><\/i>\t\t\t\t<\/a>\n\t\t\t<\/div>\n\t\t\t\n\t\t\t\t\t\t<div class=\"elementor-icon-box-content\">\n\n\t\t\t\t\t\t\t\t\t<h3 class=\"elementor-icon-box-title\">\n\t\t\t\t\t\t<a href=\"https:\/\/madridsindical.es\/archivo\/2020\/06\/11\/un-recorrido-fotografico-por-las-colas-del-hambre-en-los-barrios-de-madrid\/\" >\n\t\t\t\t\t\t\tRecorrido fotogr\u00e1fico por las colas del hambre de Madrid\t\t\t\t\t\t<\/a>\n\t\t\t\t\t<\/h3>\n\t\t\t\t\n\t\t\t\t\n\t\t\t<\/div>\n\t\t\t\n\t\t<\/div>\n\t\t\t\t\t\t<\/div>\n\t\t\t\t<\/div>\n\t\t\t\t\t<\/div>\n\t\t<\/div>\n\t\t\t\t\t<\/div>\n\t\t<\/section>\n\t\t\t\t<section class=\"elementor-section elementor-inner-section elementor-element elementor-element-3421cea elementor-section-boxed elementor-section-height-default elementor-section-height-default\" data-id=\"3421cea\" data-element_type=\"section\">\n\t\t\t\t\t\t<div class=\"elementor-container elementor-column-gap-default\">\n\t\t\t\t\t<div class=\"elementor-column elementor-col-50 elementor-inner-column elementor-element elementor-element-a164123\" data-id=\"a164123\" data-element_type=\"column\">\n\t\t\t<div class=\"elementor-widget-wrap elementor-element-populated\">\n\t\t\t\t\t\t<div class=\"elementor-element elementor-element-647749e elementor-position-left elementor-view-default elementor-mobile-position-top elementor-widget elementor-widget-icon-box\" data-id=\"647749e\" data-element_type=\"widget\" data-widget_type=\"icon-box.default\">\n\t\t\t\t<div class=\"elementor-widget-container\">\n\t\t\t\t\t\t\t<div class=\"elementor-icon-box-wrapper\">\n\n\t\t\t\t\t\t<div class=\"elementor-icon-box-icon\">\n\t\t\t\t<a href=\"https:\/\/madridsindical.es\/archivo\/2020\/06\/12\/la-fravm-critica-la-falta-de-decision-politica-del-gobierno-de-almeida\/\" class=\"elementor-icon elementor-animation-grow\" tabindex=\"-1\" aria-label=\"Entrevista: Jorge Nacarino\">\n\t\t\t\t<i aria-hidden=\"true\" class=\"fas fa-pen\"><\/i>\t\t\t\t<\/a>\n\t\t\t<\/div>\n\t\t\t\n\t\t\t\t\t\t<div class=\"elementor-icon-box-content\">\n\n\t\t\t\t\t\t\t\t\t<h3 class=\"elementor-icon-box-title\">\n\t\t\t\t\t\t<a href=\"https:\/\/madridsindical.es\/archivo\/2020\/06\/12\/la-fravm-critica-la-falta-de-decision-politica-del-gobierno-de-almeida\/\" >\n\t\t\t\t\t\t\tEntrevista: Jorge Nacarino\t\t\t\t\t\t<\/a>\n\t\t\t\t\t<\/h3>\n\t\t\t\t\n\t\t\t\t\t\t\t\t\t<p class=\"elementor-icon-box-description\">\n\t\t\t\t\t\tPortavoz de la FRAVM\t\t\t\t\t<\/p>\n\t\t\t\t\n\t\t\t<\/div>\n\t\t\t\n\t\t<\/div>\n\t\t\t\t\t\t<\/div>\n\t\t\t\t<\/div>\n\t\t\t\t\t<\/div>\n\t\t<\/div>\n\t\t\t\t<div class=\"elementor-column elementor-col-50 elementor-inner-column elementor-element elementor-element-472c8d0\" data-id=\"472c8d0\" data-element_type=\"column\">\n\t\t\t<div class=\"elementor-widget-wrap elementor-element-populated\">\n\t\t\t\t\t\t<div class=\"elementor-element elementor-element-c33bf9c elementor-position-left elementor-view-default elementor-mobile-position-top elementor-widget elementor-widget-icon-box\" data-id=\"c33bf9c\" data-element_type=\"widget\" data-widget_type=\"icon-box.default\">\n\t\t\t\t<div class=\"elementor-widget-container\">\n\t\t\t\t\t\t\t<div class=\"elementor-icon-box-wrapper\">\n\n\t\t\t\t\t\t<div class=\"elementor-icon-box-icon\">\n\t\t\t\t<a href=\"https:\/\/madridsindical.es\/archivo\/2020\/06\/12\/documental-un-recorrido-por-las-colas-del-hambre-de-los-barrios-de-madrid\/\" class=\"elementor-icon elementor-animation-grow\" tabindex=\"-1\" aria-label=\"Documental: Un recorrido por las colas del hambre de los barrios de Madrid\">\n\t\t\t\t<i aria-hidden=\"true\" class=\"fas fa-film\"><\/i>\t\t\t\t<\/a>\n\t\t\t<\/div>\n\t\t\t\n\t\t\t\t\t\t<div class=\"elementor-icon-box-content\">\n\n\t\t\t\t\t\t\t\t\t<h3 class=\"elementor-icon-box-title\">\n\t\t\t\t\t\t<a href=\"https:\/\/madridsindical.es\/archivo\/2020\/06\/12\/documental-un-recorrido-por-las-colas-del-hambre-de-los-barrios-de-madrid\/\" >\n\t\t\t\t\t\t\tDocumental: Un recorrido por las colas del hambre de los barrios de Madrid\t\t\t\t\t\t<\/a>\n\t\t\t\t\t<\/h3>\n\t\t\t\t\n\t\t\t\t\n\t\t\t<\/div>\n\t\t\t\n\t\t<\/div>\n\t\t\t\t\t\t<\/div>\n\t\t\t\t<\/div>\n\t\t\t\t\t<\/div>\n\t\t<\/div>\n\t\t\t\t\t<\/div>\n\t\t<\/section>\n\t\t\t\t\t<\/div>\n\t\t<\/div>\n\t\t\t\t\t<\/div>\n\t\t<\/section>\n\t\t\t\t<\/div>\n\t\t","protected":false},"excerpt":{"rendered":"<p>\u201cLa pobreza en Madrid es una bomba de relojer\u00eda para la convivencia\u201d Entrevista con Ana Gonz\u00e1lez Blanco, Secretaria de Pol\u00edtica Social y Diversidad de CCOO de Madrid \u201cEn 2008 se rompieron las costuras de la protecci\u00f3n y las recetas que se aplicaron en Madrid se resumen en recortes y m\u00e1s recortes\u201d Ana Gonz\u00e1lez Blanco Secretaria de Pol\u00edtica Social y Diversidad de CCOO de Madrid Pregunta.- \u00bfLe sorprende el papel de las redes de apoyo vecinales<span class=\"more-link\"><a href=\"https:\/\/madridsindical.es\/archivo\/2020\/06\/12\/la-pobreza-en-madrid-es-una-bomba-de-relojeria-para-la-convivencia\/\">Contin\u00faa leyendo<\/a><\/span><\/p>\n","protected":false},"author":1,"featured_media":2188,"comment_status":"closed","ping_status":"closed","sticky":false,"template":"","format":"standard","meta":{"footnotes":""},"categories":[3],"tags":[47],"class_list":["entry","author-madridsindical","post-1707","post","type-post","status-publish","format-standard","has-post-thumbnail","category-entrevistas","tag-archivo"],"aioseo_notices":[],"_links":{"self":[{"href":"https:\/\/madridsindical.es\/archivo\/wp-json\/wp\/v2\/posts\/1707","targetHints":{"allow":["GET"]}}],"collection":[{"href":"https:\/\/madridsindical.es\/archivo\/wp-json\/wp\/v2\/posts"}],"about":[{"href":"https:\/\/madridsindical.es\/archivo\/wp-json\/wp\/v2\/types\/post"}],"author":[{"embeddable":true,"href":"https:\/\/madridsindical.es\/archivo\/wp-json\/wp\/v2\/users\/1"}],"replies":[{"embeddable":true,"href":"https:\/\/madridsindical.es\/archivo\/wp-json\/wp\/v2\/comments?post=1707"}],"version-history":[{"count":13,"href":"https:\/\/madridsindical.es\/archivo\/wp-json\/wp\/v2\/posts\/1707\/revisions"}],"predecessor-version":[{"id":2189,"href":"https:\/\/madridsindical.es\/archivo\/wp-json\/wp\/v2\/posts\/1707\/revisions\/2189"}],"wp:featuredmedia":[{"embeddable":true,"href":"https:\/\/madridsindical.es\/archivo\/wp-json\/wp\/v2\/media\/2188"}],"wp:attachment":[{"href":"https:\/\/madridsindical.es\/archivo\/wp-json\/wp\/v2\/media?parent=1707"}],"wp:term":[{"taxonomy":"category","embeddable":true,"href":"https:\/\/madridsindical.es\/archivo\/wp-json\/wp\/v2\/categories?post=1707"},{"taxonomy":"post_tag","embeddable":true,"href":"https:\/\/madridsindical.es\/archivo\/wp-json\/wp\/v2\/tags?post=1707"}],"curies":[{"name":"wp","href":"https:\/\/api.w.org\/{rel}","templated":true}]}}