{"id":1702,"date":"2020-06-12T09:07:55","date_gmt":"2020-06-12T09:07:55","guid":{"rendered":"https:\/\/madridsindical.es\/archivo\/?p=1702"},"modified":"2025-11-06T12:25:51","modified_gmt":"2025-11-06T12:25:51","slug":"la-fravm-critica-la-falta-de-decision-politica-del-gobierno-de-almeida","status":"publish","type":"post","link":"https:\/\/madridsindical.es\/archivo\/2020\/06\/12\/la-fravm-critica-la-falta-de-decision-politica-del-gobierno-de-almeida\/","title":{"rendered":"La FRAVM critica la falta de \u201cdecisi\u00f3n pol\u00edtica\u201d del gobierno de Almeida"},"content":{"rendered":"\t\t<div data-elementor-type=\"wp-post\" data-elementor-id=\"1702\" class=\"elementor elementor-1702\">\n\t\t\t\t\t\t<section class=\"elementor-section elementor-top-section elementor-element elementor-element-4d61178 elementor-section-boxed elementor-section-height-default elementor-section-height-default\" data-id=\"4d61178\" data-element_type=\"section\">\n\t\t\t\t\t\t<div class=\"elementor-container elementor-column-gap-default\">\n\t\t\t\t\t<div class=\"elementor-column elementor-col-100 elementor-top-column elementor-element elementor-element-7c3c398\" data-id=\"7c3c398\" data-element_type=\"column\">\n\t\t\t<div class=\"elementor-widget-wrap elementor-element-populated\">\n\t\t\t\t\t\t<div class=\"elementor-element elementor-element-9bf33b5 elementor-widget elementor-widget-heading\" data-id=\"9bf33b5\" data-element_type=\"widget\" data-widget_type=\"heading.default\">\n\t\t\t\t<div class=\"elementor-widget-container\">\n\t\t\t\t\t<h2 class=\"elementor-heading-title elementor-size-large\">La FRAVM critica la falta de \u201cdecisi\u00f3n pol\u00edtica\u201d del gobierno de Almeida<\/h2>\t\t\t\t<\/div>\n\t\t\t\t<\/div>\n\t\t\t\t\t<\/div>\n\t\t<\/div>\n\t\t\t\t\t<\/div>\n\t\t<\/section>\n\t\t\t\t<section class=\"elementor-section elementor-top-section elementor-element elementor-element-41c268b6 elementor-section-content-middle elementor-section-boxed elementor-section-height-default elementor-section-height-default\" data-id=\"41c268b6\" data-element_type=\"section\">\n\t\t\t\t\t\t<div class=\"elementor-container elementor-column-gap-no\">\n\t\t\t\t\t<div class=\"elementor-column elementor-col-50 elementor-top-column elementor-element elementor-element-5039053d\" data-id=\"5039053d\" data-element_type=\"column\">\n\t\t\t<div class=\"elementor-widget-wrap elementor-element-populated\">\n\t\t\t\t\t\t<div class=\"elementor-element elementor-element-390dd5fa elementor-widget elementor-widget-image\" data-id=\"390dd5fa\" data-element_type=\"widget\" data-widget_type=\"image.default\">\n\t\t\t\t<div class=\"elementor-widget-container\">\n\t\t\t\t\t\t\t\t\t\t\t\t\t\t\t<img fetchpriority=\"high\" decoding=\"async\" width=\"2000\" height=\"1333\" src=\"https:\/\/madridsindical.es\/archivo\/wp-content\/uploads\/2020\/06\/IMG_2747.jpg\" class=\"attachment-full size-full wp-image-1704\" alt=\"\" srcset=\"https:\/\/madridsindical.es\/archivo\/wp-content\/uploads\/2020\/06\/IMG_2747.jpg 2000w, https:\/\/madridsindical.es\/archivo\/wp-content\/uploads\/2020\/06\/IMG_2747-300x200.jpg 300w, https:\/\/madridsindical.es\/archivo\/wp-content\/uploads\/2020\/06\/IMG_2747-1024x682.jpg 1024w, https:\/\/madridsindical.es\/archivo\/wp-content\/uploads\/2020\/06\/IMG_2747-768x512.jpg 768w, https:\/\/madridsindical.es\/archivo\/wp-content\/uploads\/2020\/06\/IMG_2747-1536x1024.jpg 1536w, https:\/\/madridsindical.es\/archivo\/wp-content\/uploads\/2020\/06\/IMG_2747-465x310.jpg 465w, https:\/\/madridsindical.es\/archivo\/wp-content\/uploads\/2020\/06\/IMG_2747-695x463.jpg 695w\" sizes=\"(max-width: 2000px) 100vw, 2000px\" \/>\t\t\t\t\t\t\t\t\t\t\t\t\t\t\t<\/div>\n\t\t\t\t<\/div>\n\t\t\t\t\t<\/div>\n\t\t<\/div>\n\t\t\t\t<div class=\"elementor-column elementor-col-50 elementor-top-column elementor-element elementor-element-46ec8398\" data-id=\"46ec8398\" data-element_type=\"column\">\n\t\t\t<div class=\"elementor-widget-wrap elementor-element-populated\">\n\t\t\t\t\t\t<div class=\"elementor-element elementor-element-15c29d05 elementor-view-default elementor-widget elementor-widget-icon\" data-id=\"15c29d05\" data-element_type=\"widget\" data-widget_type=\"icon.default\">\n\t\t\t\t<div class=\"elementor-widget-container\">\n\t\t\t\t\t\t\t<div class=\"elementor-icon-wrapper\">\n\t\t\t<div class=\"elementor-icon\">\n\t\t\t\t\t\t\t<i class=\"fa fa-quote-left\" aria-hidden=\"true\"><\/i>\n\t\t\t\t\t\t<\/div>\n\t\t<\/div>\n\t\t\t\t\t\t<\/div>\n\t\t\t\t<\/div>\n\t\t\t\t<div class=\"elementor-element elementor-element-3d116b08 elementor-widget elementor-widget-text-editor\" data-id=\"3d116b08\" data-element_type=\"widget\" data-widget_type=\"text-editor.default\">\n\t\t\t\t<div class=\"elementor-widget-container\">\n\t\t\t\t\t\t\t\t\t<p><i><span style=\"font-weight: 400;\">\u201cNadie se plantear\u00eda en una emergencia que se crearan unos servicios sanitarios paralelos. De la misma forma, la atenci\u00f3n a las personas que se han quedado sin ingresos debe recaer en las administraciones p\u00fablicas, no en el movimiento vecinal\u201d<\/span><\/i><\/p>\t\t\t\t\t\t\t\t<\/div>\n\t\t\t\t<\/div>\n\t\t\t\t<div class=\"elementor-element elementor-element-236ec0b6 elementor-widget elementor-widget-heading\" data-id=\"236ec0b6\" data-element_type=\"widget\" data-widget_type=\"heading.default\">\n\t\t\t\t<div class=\"elementor-widget-container\">\n\t\t\t\t\t<h2 class=\"elementor-heading-title elementor-size-default\">Jorge Nacarino<\/h2>\t\t\t\t<\/div>\n\t\t\t\t<\/div>\n\t\t\t\t<div class=\"elementor-element elementor-element-74dbebd2 elementor-widget elementor-widget-heading\" data-id=\"74dbebd2\" data-element_type=\"widget\" data-widget_type=\"heading.default\">\n\t\t\t\t<div class=\"elementor-widget-container\">\n\t\t\t\t\t<h2 class=\"elementor-heading-title elementor-size-default\">portavoz de la FRAVM<\/h2>\t\t\t\t<\/div>\n\t\t\t\t<\/div>\n\t\t\t\t\t<\/div>\n\t\t<\/div>\n\t\t\t\t\t<\/div>\n\t\t<\/section>\n\t\t\t\t<section class=\"elementor-section elementor-top-section elementor-element elementor-element-21b5968 elementor-section-boxed elementor-section-height-default elementor-section-height-default\" data-id=\"21b5968\" data-element_type=\"section\">\n\t\t\t\t\t\t<div class=\"elementor-container elementor-column-gap-default\">\n\t\t\t\t\t<div class=\"elementor-column elementor-col-100 elementor-top-column elementor-element elementor-element-c61d75e\" data-id=\"c61d75e\" data-element_type=\"column\">\n\t\t\t<div class=\"elementor-widget-wrap elementor-element-populated\">\n\t\t\t\t\t\t<div class=\"elementor-element elementor-element-6a50a31 elementor-widget elementor-widget-text-editor\" data-id=\"6a50a31\" data-element_type=\"widget\" data-widget_type=\"text-editor.default\">\n\t\t\t\t<div class=\"elementor-widget-container\">\n\t\t\t\t\t\t\t\t\t<p><span style=\"font-weight: 400;\"><strong>La Federaci\u00f3n Regional de Asociaciones de Vecinos de Madrid (FRAVM)<\/strong> emplaza al delegado del \u00c1rea de Familias, Igualdad y Bienestar Social del Ayuntamiento de Madrid, <strong>Jos\u00e9 Aniorte<\/strong>, a que asuma su responsabilidad y refuerce los servicios sociales. <\/span><i><span style=\"font-weight: 400;\">\u201cNadie se plantear\u00eda en una emergencia que se crearan unos servicios sanitarios paralelos. De la misma forma, la atenci\u00f3n a las personas que se han quedado sin ingresos debe recaer en las administraciones p\u00fablicas, no en el movimiento vecinal\u201d<\/span><\/i><span style=\"font-weight: 400;\">, expone Jorge Nacarino, portavoz de la FRAVM, quien avisa que, a d\u00eda de hoy, <strong>las peticiones de ayuda siguen aumentando<\/strong>.<\/span><\/p><p><span style=\"font-weight: 400;\"><strong>Nacarino<\/strong> exige al Ayuntamiento que utilice los <strong>5.000 millones de euros que tiene de presupuesto<\/strong> y el <strong>20% que le habilita el Estado del super\u00e1vit<\/strong> para dotar a los <strong>Servicios Sociales<\/strong> de los recursos necesarios para hacer frente a la emergencia social actual. <\/span><i><span style=\"font-weight: 400;\">\u201cEs lo que llevamos reclamando <strong>hace tiempo<\/strong>\u201d<\/span><\/i><span style=\"font-weight: 400;\">, insiste.<\/span><\/p><p><span style=\"font-weight: 400;\"><strong>La FRAVM<\/strong> acord\u00f3 con el delegado Jos\u00e9 Aniorte la constituci\u00f3n de <strong>mesas sociales en los distritos<\/strong> para coordinar, junto con las entidades vecinales y otros colectivos, la cobertura que necesita la poblaci\u00f3n vulnerable e intentar que las administraciones madrile\u00f1as asuman poco a poco su papel. <\/span><i><span style=\"font-weight: 400;\">\u201cAunque inicialmente se comprometi\u00f3 a hacerlo, <strong>las mesas no se est\u00e1n constituyendo y no se van a constituir<\/strong> porque los propios delegados de los distritos se est\u00e1n negando a ello\u201d, <\/span><\/i><span style=\"font-weight: 400;\">revela el portavoz de la Federaci\u00f3n. <\/span><i><span style=\"font-weight: 400;\">\u201cEsto demuestra\u201d, <\/span><\/i><span style=\"font-weight: 400;\">a\u00f1ade<\/span><i><span style=\"font-weight: 400;\">, \u201cla<strong> falta de coordinaci\u00f3n<\/strong> en el seno del gobierno municipal y la<strong> falta de decisi\u00f3n pol\u00edtica<\/strong> para invertir y reforzar estos servicios\u201d<\/span><\/i><span style=\"font-weight: 400;\">.<\/span><\/p><p><span style=\"font-weight: 400;\"><strong>La FRAVM<\/strong> apunta tambi\u00e9n al d\u00e9ficit de personal que los servicios sociales madrile\u00f1os arrastran desde hace mucho tiempo. <\/span><i><span style=\"font-weight: 400;\">\u201cQue sepamos,<strong> el Ayuntamiento no ha realizado ninguna contrataci\u00f3n<\/strong>, no ha recurrido a bolsas de empleo, no se plantea generar contratos con entidades para que puedan lidiar con la labor que est\u00e1n llevando a cabo desde el primer momento de la pandemia. Y los recursos econ\u00f3micos que ha puesto a disposici\u00f3n para alimentar a la poblaci\u00f3n son muy escasos\u201d<\/span><\/i><span style=\"font-weight: 400;\">.<\/span><\/p><p><span style=\"font-weight: 400;\">Qui\u00e9n s\u00ed ha escuchado al movimiento vecinal ha sido <strong>CCOO de Madrid<\/strong>, que el pasado 6 de junio firm\u00f3 un <a href=\"https:\/\/madrid.ccoo.es\/noticia:510971--CCOO_y_las_asociaciones_vecinales_comprometidas_con_la_emergencia_social_y_alimentaria&amp;opc_id=711af56c79ef209f3b5831a8b38f22b1\" target=\"_blank\" rel=\"noopener\"><strong>acuerdo de colaboraci\u00f3n con la FRAVM<\/strong><\/a> para apoyar econ\u00f3micamente las iniciativas de solidaridad que est\u00e1 desarrollando para contener la actual crisis social.<\/span><\/p><p><span style=\"font-weight: 400;\">Respecto al<strong> Ingreso M\u00ednimo Vital<\/strong>, Nacarino comenta que <\/span><i><span style=\"font-weight: 400;\">\u201c<strong>ya era hora<\/strong>\u201d<\/span><\/i><span style=\"font-weight: 400;\">, pero que no se sabe todav\u00eda el peso que va a tener en la mejora de la actual situaci\u00f3n.<\/span><\/p>\t\t\t\t\t\t\t\t<\/div>\n\t\t\t\t<\/div>\n\t\t\t\t\t<\/div>\n\t\t<\/div>\n\t\t\t\t\t<\/div>\n\t\t<\/section>\n\t\t\t\t<section class=\"elementor-section elementor-top-section elementor-element elementor-element-4728d63 elementor-section-content-middle elementor-section-boxed elementor-section-height-default elementor-section-height-default\" data-id=\"4728d63\" data-element_type=\"section\">\n\t\t\t\t\t\t<div class=\"elementor-container elementor-column-gap-no\">\n\t\t\t\t\t<div class=\"elementor-column elementor-col-100 elementor-top-column elementor-element elementor-element-bd9e141\" data-id=\"bd9e141\" data-element_type=\"column\">\n\t\t\t<div class=\"elementor-widget-wrap elementor-element-populated\">\n\t\t\t\t\t\t<div class=\"elementor-element elementor-element-c562007 elementor-widget elementor-widget-heading\" data-id=\"c562007\" data-element_type=\"widget\" data-widget_type=\"heading.default\">\n\t\t\t\t<div class=\"elementor-widget-container\">\n\t\t\t\t\t<h2 class=\"elementor-heading-title elementor-size-default\">M\u00e1s en el reportaje<\/h2>\t\t\t\t<\/div>\n\t\t\t\t<\/div>\n\t\t\t\t<section class=\"elementor-section elementor-inner-section elementor-element elementor-element-3473ba9 elementor-section-boxed elementor-section-height-default elementor-section-height-default\" data-id=\"3473ba9\" data-element_type=\"section\">\n\t\t\t\t\t\t<div class=\"elementor-container elementor-column-gap-default\">\n\t\t\t\t\t<div class=\"elementor-column elementor-col-50 elementor-inner-column elementor-element elementor-element-c87cc07\" data-id=\"c87cc07\" data-element_type=\"column\">\n\t\t\t<div class=\"elementor-widget-wrap elementor-element-populated\">\n\t\t\t\t\t\t<div class=\"elementor-element elementor-element-0dd9fbe elementor-position-left elementor-view-default elementor-mobile-position-top elementor-widget elementor-widget-icon-box\" data-id=\"0dd9fbe\" data-element_type=\"widget\" data-widget_type=\"icon-box.default\">\n\t\t\t\t<div class=\"elementor-widget-container\">\n\t\t\t\t\t\t\t<div class=\"elementor-icon-box-wrapper\">\n\n\t\t\t\t\t\t<div class=\"elementor-icon-box-icon\">\n\t\t\t\t<a href=\"https:\/\/madridsindical.es\/archivo\/2020\/06\/12\/madrid-las-colas-del-hambre-y-el-apoyo-vecinal\/\" class=\"elementor-icon elementor-animation-grow\" tabindex=\"-1\" aria-label=\"Reportaje: Un recorrido por las colas del hambre de los barrios de Madrid\">\n\t\t\t\t<i aria-hidden=\"true\" class=\"far fa-arrow-alt-circle-right\"><\/i>\t\t\t\t<\/a>\n\t\t\t<\/div>\n\t\t\t\n\t\t\t\t\t\t<div class=\"elementor-icon-box-content\">\n\n\t\t\t\t\t\t\t\t\t<h3 class=\"elementor-icon-box-title\">\n\t\t\t\t\t\t<a href=\"https:\/\/madridsindical.es\/archivo\/2020\/06\/12\/madrid-las-colas-del-hambre-y-el-apoyo-vecinal\/\" >\n\t\t\t\t\t\t\tReportaje: Un recorrido por las colas del hambre de los barrios de Madrid\t\t\t\t\t\t<\/a>\n\t\t\t\t\t<\/h3>\n\t\t\t\t\n\t\t\t\t\n\t\t\t<\/div>\n\t\t\t\n\t\t<\/div>\n\t\t\t\t\t\t<\/div>\n\t\t\t\t<\/div>\n\t\t\t\t\t<\/div>\n\t\t<\/div>\n\t\t\t\t<div class=\"elementor-column elementor-col-50 elementor-inner-column elementor-element elementor-element-585f8b3\" data-id=\"585f8b3\" data-element_type=\"column\">\n\t\t\t<div class=\"elementor-widget-wrap elementor-element-populated\">\n\t\t\t\t\t\t<div class=\"elementor-element elementor-element-ef89057 elementor-position-left elementor-view-default elementor-mobile-position-top elementor-widget elementor-widget-icon-box\" data-id=\"ef89057\" data-element_type=\"widget\" data-widget_type=\"icon-box.default\">\n\t\t\t\t<div class=\"elementor-widget-container\">\n\t\t\t\t\t\t\t<div class=\"elementor-icon-box-wrapper\">\n\n\t\t\t\t\t\t<div class=\"elementor-icon-box-icon\">\n\t\t\t\t<a href=\"https:\/\/madridsindical.es\/archivo\/2020\/06\/11\/un-recorrido-fotografico-por-las-colas-del-hambre-en-los-barrios-de-madrid\/\" class=\"elementor-icon elementor-animation-grow\" tabindex=\"-1\" aria-label=\"Recorrido fotogr\u00e1fico por las colas del hambre de Madrid\">\n\t\t\t\t<i aria-hidden=\"true\" class=\"fas fa-camera\"><\/i>\t\t\t\t<\/a>\n\t\t\t<\/div>\n\t\t\t\n\t\t\t\t\t\t<div class=\"elementor-icon-box-content\">\n\n\t\t\t\t\t\t\t\t\t<h3 class=\"elementor-icon-box-title\">\n\t\t\t\t\t\t<a href=\"https:\/\/madridsindical.es\/archivo\/2020\/06\/11\/un-recorrido-fotografico-por-las-colas-del-hambre-en-los-barrios-de-madrid\/\" >\n\t\t\t\t\t\t\tRecorrido fotogr\u00e1fico por las colas del hambre de Madrid\t\t\t\t\t\t<\/a>\n\t\t\t\t\t<\/h3>\n\t\t\t\t\n\t\t\t\t\n\t\t\t<\/div>\n\t\t\t\n\t\t<\/div>\n\t\t\t\t\t\t<\/div>\n\t\t\t\t<\/div>\n\t\t\t\t\t<\/div>\n\t\t<\/div>\n\t\t\t\t\t<\/div>\n\t\t<\/section>\n\t\t\t\t<section class=\"elementor-section elementor-inner-section elementor-element elementor-element-42461fe elementor-section-boxed elementor-section-height-default elementor-section-height-default\" data-id=\"42461fe\" data-element_type=\"section\">\n\t\t\t\t\t\t<div class=\"elementor-container elementor-column-gap-default\">\n\t\t\t\t\t<div class=\"elementor-column elementor-col-50 elementor-inner-column elementor-element elementor-element-e0f5009\" data-id=\"e0f5009\" data-element_type=\"column\">\n\t\t\t<div class=\"elementor-widget-wrap elementor-element-populated\">\n\t\t\t\t\t\t<div class=\"elementor-element elementor-element-c637fb2 elementor-position-left elementor-view-default elementor-mobile-position-top elementor-widget elementor-widget-icon-box\" data-id=\"c637fb2\" data-element_type=\"widget\" data-widget_type=\"icon-box.default\">\n\t\t\t\t<div class=\"elementor-widget-container\">\n\t\t\t\t\t\t\t<div class=\"elementor-icon-box-wrapper\">\n\n\t\t\t\t\t\t<div class=\"elementor-icon-box-icon\">\n\t\t\t\t<a href=\"https:\/\/madridsindical.es\/archivo\/2020\/06\/12\/la-pobreza-en-madrid-es-una-bomba-de-relojeria-para-la-convivencia\/\" class=\"elementor-icon elementor-animation-grow\" tabindex=\"-1\" aria-label=\"Entrevista: Ana Gonz\u00e1lez Blanco\">\n\t\t\t\t<i aria-hidden=\"true\" class=\"fas fa-pen\"><\/i>\t\t\t\t<\/a>\n\t\t\t<\/div>\n\t\t\t\n\t\t\t\t\t\t<div class=\"elementor-icon-box-content\">\n\n\t\t\t\t\t\t\t\t\t<h3 class=\"elementor-icon-box-title\">\n\t\t\t\t\t\t<a href=\"https:\/\/madridsindical.es\/archivo\/2020\/06\/12\/la-pobreza-en-madrid-es-una-bomba-de-relojeria-para-la-convivencia\/\" >\n\t\t\t\t\t\t\tEntrevista: Ana Gonz\u00e1lez Blanco\t\t\t\t\t\t<\/a>\n\t\t\t\t\t<\/h3>\n\t\t\t\t\n\t\t\t\t\t\t\t\t\t<p class=\"elementor-icon-box-description\">\n\t\t\t\t\t\tSecretar\u00eda de Pol\u00edtica Social y Diversidad de CCOO Madrid\t\t\t\t\t<\/p>\n\t\t\t\t\n\t\t\t<\/div>\n\t\t\t\n\t\t<\/div>\n\t\t\t\t\t\t<\/div>\n\t\t\t\t<\/div>\n\t\t\t\t\t<\/div>\n\t\t<\/div>\n\t\t\t\t<div class=\"elementor-column elementor-col-50 elementor-inner-column elementor-element elementor-element-f06ce1d\" data-id=\"f06ce1d\" data-element_type=\"column\">\n\t\t\t<div class=\"elementor-widget-wrap elementor-element-populated\">\n\t\t\t\t\t\t<div class=\"elementor-element elementor-element-a8b39d4 elementor-position-left elementor-view-default elementor-mobile-position-top elementor-widget elementor-widget-icon-box\" data-id=\"a8b39d4\" data-element_type=\"widget\" data-widget_type=\"icon-box.default\">\n\t\t\t\t<div class=\"elementor-widget-container\">\n\t\t\t\t\t\t\t<div class=\"elementor-icon-box-wrapper\">\n\n\t\t\t\t\t\t<div class=\"elementor-icon-box-icon\">\n\t\t\t\t<a href=\"https:\/\/madridsindical.es\/archivo\/2020\/06\/12\/documental-un-recorrido-por-las-colas-del-hambre-de-los-barrios-de-madrid\/\" class=\"elementor-icon elementor-animation-grow\" tabindex=\"-1\" aria-label=\"Documental: Un recorrido por las colas del hambre de los barrios de Madrid\">\n\t\t\t\t<i aria-hidden=\"true\" class=\"fas fa-film\"><\/i>\t\t\t\t<\/a>\n\t\t\t<\/div>\n\t\t\t\n\t\t\t\t\t\t<div class=\"elementor-icon-box-content\">\n\n\t\t\t\t\t\t\t\t\t<h3 class=\"elementor-icon-box-title\">\n\t\t\t\t\t\t<a href=\"https:\/\/madridsindical.es\/archivo\/2020\/06\/12\/documental-un-recorrido-por-las-colas-del-hambre-de-los-barrios-de-madrid\/\" >\n\t\t\t\t\t\t\tDocumental: Un recorrido por las colas del hambre de los barrios de Madrid\t\t\t\t\t\t<\/a>\n\t\t\t\t\t<\/h3>\n\t\t\t\t\n\t\t\t\t\n\t\t\t<\/div>\n\t\t\t\n\t\t<\/div>\n\t\t\t\t\t\t<\/div>\n\t\t\t\t<\/div>\n\t\t\t\t\t<\/div>\n\t\t<\/div>\n\t\t\t\t\t<\/div>\n\t\t<\/section>\n\t\t\t\t\t<\/div>\n\t\t<\/div>\n\t\t\t\t\t<\/div>\n\t\t<\/section>\n\t\t\t\t<\/div>\n\t\t","protected":false},"excerpt":{"rendered":"<p>La FRAVM critica la falta de \u201cdecisi\u00f3n pol\u00edtica\u201d del gobierno de Almeida \u201cNadie se plantear\u00eda en una emergencia que se crearan unos servicios sanitarios paralelos. De la misma forma, la atenci\u00f3n a las personas que se han quedado sin ingresos debe recaer en las administraciones p\u00fablicas, no en el movimiento vecinal\u201d Jorge Nacarino portavoz de la FRAVM La Federaci\u00f3n Regional de Asociaciones de Vecinos de Madrid (FRAVM) emplaza al delegado del \u00c1rea de Familias, Igualdad<span class=\"more-link\"><a href=\"https:\/\/madridsindical.es\/archivo\/2020\/06\/12\/la-fravm-critica-la-falta-de-decision-politica-del-gobierno-de-almeida\/\">Contin\u00faa leyendo<\/a><\/span><\/p>\n","protected":false},"author":1,"featured_media":0,"comment_status":"closed","ping_status":"closed","sticky":false,"template":"","format":"standard","meta":{"footnotes":""},"categories":[1],"tags":[47],"class_list":["entry","author-madridsindical","post-1702","post","type-post","status-publish","format-standard","category-uncategorized","tag-archivo"],"aioseo_notices":[],"_links":{"self":[{"href":"https:\/\/madridsindical.es\/archivo\/wp-json\/wp\/v2\/posts\/1702","targetHints":{"allow":["GET"]}}],"collection":[{"href":"https:\/\/madridsindical.es\/archivo\/wp-json\/wp\/v2\/posts"}],"about":[{"href":"https:\/\/madridsindical.es\/archivo\/wp-json\/wp\/v2\/types\/post"}],"author":[{"embeddable":true,"href":"https:\/\/madridsindical.es\/archivo\/wp-json\/wp\/v2\/users\/1"}],"replies":[{"embeddable":true,"href":"https:\/\/madridsindical.es\/archivo\/wp-json\/wp\/v2\/comments?post=1702"}],"version-history":[{"count":8,"href":"https:\/\/madridsindical.es\/archivo\/wp-json\/wp\/v2\/posts\/1702\/revisions"}],"predecessor-version":[{"id":1826,"href":"https:\/\/madridsindical.es\/archivo\/wp-json\/wp\/v2\/posts\/1702\/revisions\/1826"}],"wp:attachment":[{"href":"https:\/\/madridsindical.es\/archivo\/wp-json\/wp\/v2\/media?parent=1702"}],"wp:term":[{"taxonomy":"category","embeddable":true,"href":"https:\/\/madridsindical.es\/archivo\/wp-json\/wp\/v2\/categories?post=1702"},{"taxonomy":"post_tag","embeddable":true,"href":"https:\/\/madridsindical.es\/archivo\/wp-json\/wp\/v2\/tags?post=1702"}],"curies":[{"name":"wp","href":"https:\/\/api.w.org\/{rel}","templated":true}]}}