{"id":1532,"date":"2020-06-01T10:42:14","date_gmt":"2020-06-01T10:42:14","guid":{"rendered":"https:\/\/madridsindical.es\/archivo\/?p=1532"},"modified":"2025-11-06T12:25:52","modified_gmt":"2025-11-06T12:25:52","slug":"turno-de-palabra-daniel-gismero","status":"publish","type":"post","link":"https:\/\/madridsindical.es\/archivo\/2020\/06\/01\/turno-de-palabra-daniel-gismero\/","title":{"rendered":"Turno de palabra: Daniel Gismero"},"content":{"rendered":"\t\t<div data-elementor-type=\"wp-post\" data-elementor-id=\"1532\" class=\"elementor elementor-1532\">\n\t\t\t\t\t\t<section class=\"elementor-section elementor-top-section elementor-element elementor-element-943b149 elementor-section-boxed elementor-section-height-default elementor-section-height-default\" data-id=\"943b149\" data-element_type=\"section\">\n\t\t\t\t\t\t<div class=\"elementor-container elementor-column-gap-default\">\n\t\t\t\t\t<div class=\"elementor-column elementor-col-100 elementor-top-column elementor-element elementor-element-747bb3d\" data-id=\"747bb3d\" data-element_type=\"column\">\n\t\t\t<div class=\"elementor-widget-wrap elementor-element-populated\">\n\t\t\t\t\t\t<div class=\"elementor-element elementor-element-163967e elementor-widget elementor-widget-heading\" data-id=\"163967e\" data-element_type=\"widget\" data-widget_type=\"heading.default\">\n\t\t\t\t<div class=\"elementor-widget-container\">\n\t\t\t\t\t<h2 class=\"elementor-heading-title elementor-size-xl\">La solidaridad de clase, un arma que remueve conciencias<\/h2>\t\t\t\t<\/div>\n\t\t\t\t<\/div>\n\t\t\t\t\t<\/div>\n\t\t<\/div>\n\t\t\t\t\t<\/div>\n\t\t<\/section>\n\t\t\t\t<section class=\"elementor-section elementor-top-section elementor-element elementor-element-2d10bbc elementor-section-boxed elementor-section-height-default elementor-section-height-default\" data-id=\"2d10bbc\" data-element_type=\"section\">\n\t\t\t\t\t\t<div class=\"elementor-container elementor-column-gap-default\">\n\t\t\t\t\t<div class=\"elementor-column elementor-col-100 elementor-top-column elementor-element elementor-element-fb6a3ca\" data-id=\"fb6a3ca\" data-element_type=\"column\">\n\t\t\t<div class=\"elementor-widget-wrap elementor-element-populated\">\n\t\t\t\t\t\t<div class=\"elementor-element elementor-element-ef450c7 elementor-widget elementor-widget-text-editor\" data-id=\"ef450c7\" data-element_type=\"widget\" data-widget_type=\"text-editor.default\">\n\t\t\t\t<div class=\"elementor-widget-container\">\n\t\t\t\t\t\t\t\t\t<p><span style=\"font-weight: 400;\">Si algo ha dejado en evidencia la crisis del COVID-19 es el valor fundamental que aporta la clase trabajadora para que la sociedad se mueva. De repente, trabajos que hasta la fecha eran muy poco reconocidos y valorados se convert\u00edan en piezas fundamentales para que el conjunto de la ciudadan\u00eda pudiera satisfacer sus necesidades diarias.<\/span><\/p><p><span style=\"font-weight: 400;\">Trabajadores de la sanidad p\u00fablica, cajeras, limpiadoras, cuidadoras de personas dependientes y un largu\u00edsimo etc\u00e9tera de profesionales, de la noche a la ma\u00f1ana salieron de la invisibilidad para ser motivo de reconocimiento y aplausos. Y, de repente, lo que para todas ellas y todos ellos es un hecho cotidiano se convirti\u00f3 en una muestra de valent\u00eda.<\/span><\/p><p><span style=\"font-weight: 400;\">Los trabajadores y trabajadoras de la limpieza p\u00fablica viaria y la recogida de basuras pertenecemos a un sector que fue declarado esencial desde el comienzo de la pandemia. Con un alto grado de responsabilidad y de conciencia del servicio p\u00fablico que prestamos hemos acudido cada d\u00eda a nuestro trabajo, muchas veces emocionados por los mensajes de agradecimiento que el vecindario dejaba pegado en cubos y ventanas.<\/span><\/p>\t\t\t\t\t\t\t\t<\/div>\n\t\t\t\t<\/div>\n\t\t\t\t\t<\/div>\n\t\t<\/div>\n\t\t\t\t\t<\/div>\n\t\t<\/section>\n\t\t\t\t<section class=\"elementor-section elementor-top-section elementor-element elementor-element-e8c0f70 elementor-section-boxed elementor-section-height-default elementor-section-height-default\" data-id=\"e8c0f70\" data-element_type=\"section\">\n\t\t\t\t\t\t<div class=\"elementor-container elementor-column-gap-default\">\n\t\t\t\t\t<div class=\"elementor-column elementor-col-100 elementor-top-column elementor-element elementor-element-3fec45e\" data-id=\"3fec45e\" data-element_type=\"column\">\n\t\t\t<div class=\"elementor-widget-wrap elementor-element-populated\">\n\t\t\t\t\t\t<div class=\"elementor-element elementor-element-06589ba elementor-widget elementor-widget-text-editor\" data-id=\"06589ba\" data-element_type=\"widget\" data-widget_type=\"text-editor.default\">\n\t\t\t\t<div class=\"elementor-widget-container\">\n\t\t\t\t\t\t\t\t\t<blockquote><h2><b>La crisis del COVID-19 ha demostrado el valor fundamental que aporta la clase trabajadora para que la sociedad se mueva<\/b><\/h2><\/blockquote>\t\t\t\t\t\t\t\t<\/div>\n\t\t\t\t<\/div>\n\t\t\t\t\t<\/div>\n\t\t<\/div>\n\t\t\t\t\t<\/div>\n\t\t<\/section>\n\t\t\t\t<section class=\"elementor-section elementor-top-section elementor-element elementor-element-62a448e elementor-section-boxed elementor-section-height-default elementor-section-height-default\" data-id=\"62a448e\" data-element_type=\"section\">\n\t\t\t\t\t\t<div class=\"elementor-container elementor-column-gap-default\">\n\t\t\t\t\t<div class=\"elementor-column elementor-col-100 elementor-top-column elementor-element elementor-element-d28884b\" data-id=\"d28884b\" data-element_type=\"column\">\n\t\t\t<div class=\"elementor-widget-wrap elementor-element-populated\">\n\t\t\t\t\t\t<section class=\"elementor-section elementor-inner-section elementor-element elementor-element-8835ac7 elementor-section-boxed elementor-section-height-default elementor-section-height-default\" data-id=\"8835ac7\" data-element_type=\"section\">\n\t\t\t\t\t\t<div class=\"elementor-container elementor-column-gap-default\">\n\t\t\t\t\t<div class=\"elementor-column elementor-col-50 elementor-inner-column elementor-element elementor-element-6d16626\" data-id=\"6d16626\" data-element_type=\"column\">\n\t\t\t<div class=\"elementor-widget-wrap elementor-element-populated\">\n\t\t\t\t\t\t<div class=\"elementor-element elementor-element-a881323 elementor-widget elementor-widget-image\" data-id=\"a881323\" data-element_type=\"widget\" data-widget_type=\"image.default\">\n\t\t\t\t<div class=\"elementor-widget-container\">\n\t\t\t\t\t\t\t\t\t\t\t\t<figure class=\"wp-caption\">\n\t\t\t\t\t\t\t\t\t\t<img fetchpriority=\"high\" decoding=\"async\" width=\"760\" height=\"1024\" src=\"https:\/\/madridsindical.es\/archivo\/wp-content\/uploads\/2020\/06\/ESMASA-760x1024.jpg\" class=\"attachment-large size-large wp-image-1533\" alt=\"\" srcset=\"https:\/\/madridsindical.es\/archivo\/wp-content\/uploads\/2020\/06\/ESMASA-760x1024.jpg 760w, https:\/\/madridsindical.es\/archivo\/wp-content\/uploads\/2020\/06\/ESMASA-223x300.jpg 223w, https:\/\/madridsindical.es\/archivo\/wp-content\/uploads\/2020\/06\/ESMASA-768x1035.jpg 768w, https:\/\/madridsindical.es\/archivo\/wp-content\/uploads\/2020\/06\/ESMASA-408x550.jpg 408w, https:\/\/madridsindical.es\/archivo\/wp-content\/uploads\/2020\/06\/ESMASA-371x500.jpg 371w, https:\/\/madridsindical.es\/archivo\/wp-content\/uploads\/2020\/06\/ESMASA.jpg 950w\" sizes=\"(max-width: 760px) 100vw, 760px\" \/>\t\t\t\t\t\t\t\t\t\t\t<figcaption class=\"widget-image-caption wp-caption-text\">Donaci\u00f3n a la Cruz Roja de ESMASA<\/figcaption>\n\t\t\t\t\t\t\t\t\t\t<\/figure>\n\t\t\t\t\t\t\t\t\t<\/div>\n\t\t\t\t<\/div>\n\t\t\t\t\t<\/div>\n\t\t<\/div>\n\t\t\t\t<div class=\"elementor-column elementor-col-50 elementor-inner-column elementor-element elementor-element-d8d70a7\" data-id=\"d8d70a7\" data-element_type=\"column\">\n\t\t\t<div class=\"elementor-widget-wrap elementor-element-populated\">\n\t\t\t\t\t\t<div class=\"elementor-element elementor-element-71b8000 elementor-widget elementor-widget-image\" data-id=\"71b8000\" data-element_type=\"widget\" data-widget_type=\"image.default\">\n\t\t\t\t<div class=\"elementor-widget-container\">\n\t\t\t\t\t\t\t\t\t\t\t\t<figure class=\"wp-caption\">\n\t\t\t\t\t\t\t\t\t\t<img decoding=\"async\" width=\"754\" height=\"1024\" src=\"https:\/\/madridsindical.es\/archivo\/wp-content\/uploads\/2020\/06\/ESMASA1-754x1024.jpg\" class=\"attachment-large size-large wp-image-1534\" alt=\"\" srcset=\"https:\/\/madridsindical.es\/archivo\/wp-content\/uploads\/2020\/06\/ESMASA1-754x1024.jpg 754w, https:\/\/madridsindical.es\/archivo\/wp-content\/uploads\/2020\/06\/ESMASA1-221x300.jpg 221w, https:\/\/madridsindical.es\/archivo\/wp-content\/uploads\/2020\/06\/ESMASA1-768x1042.jpg 768w, https:\/\/madridsindical.es\/archivo\/wp-content\/uploads\/2020\/06\/ESMASA1-405x550.jpg 405w, https:\/\/madridsindical.es\/archivo\/wp-content\/uploads\/2020\/06\/ESMASA1-368x500.jpg 368w, https:\/\/madridsindical.es\/archivo\/wp-content\/uploads\/2020\/06\/ESMASA1.jpg 943w\" sizes=\"(max-width: 754px) 100vw, 754px\" \/>\t\t\t\t\t\t\t\t\t\t\t<figcaption class=\"widget-image-caption wp-caption-text\">Donaci\u00f3n de ESMASA a Ayuda al Menor de Alcorc\u00f3n<\/figcaption>\n\t\t\t\t\t\t\t\t\t\t<\/figure>\n\t\t\t\t\t\t\t\t\t<\/div>\n\t\t\t\t<\/div>\n\t\t\t\t\t<\/div>\n\t\t<\/div>\n\t\t\t\t\t<\/div>\n\t\t<\/section>\n\t\t\t\t\t<\/div>\n\t\t<\/div>\n\t\t\t\t\t<\/div>\n\t\t<\/section>\n\t\t\t\t<section class=\"elementor-section elementor-top-section elementor-element elementor-element-5691999 elementor-section-boxed elementor-section-height-default elementor-section-height-default\" data-id=\"5691999\" data-element_type=\"section\">\n\t\t\t\t\t\t<div class=\"elementor-container elementor-column-gap-default\">\n\t\t\t\t\t<div class=\"elementor-column elementor-col-100 elementor-top-column elementor-element elementor-element-9106da5\" data-id=\"9106da5\" data-element_type=\"column\">\n\t\t\t<div class=\"elementor-widget-wrap elementor-element-populated\">\n\t\t\t\t\t\t<div class=\"elementor-element elementor-element-509eb92 elementor-widget elementor-widget-text-editor\" data-id=\"509eb92\" data-element_type=\"widget\" data-widget_type=\"text-editor.default\">\n\t\t\t\t<div class=\"elementor-widget-container\">\n\t\t\t\t\t\t\t\t\t<p><span style=\"font-weight: 400;\">No estamos acostumbrados a ser tan visibles, de hecho estamos m\u00e1s habituados a realizar nuestro trabajo de forma silenciosa, pasando desapercibidos y desapercibidas. Solo se percatan de nuestra ausencia cuando, por la causa que sea, el servicio no se ha podido prestar o cuando por defender y mantener nuestras condiciones laborales nos hemos visto abocados a realizar una huelga.<\/span><\/p><p><span style=\"font-weight: 400;\">En los momentos m\u00e1s duros de la crisis del COVID-19 cientos de sindicalistas del sector han pasado largas horas atendiendo las necesidades del conjunto de la plantilla. Lo han realizado, adem\u00e1s, sin hacer uso del cr\u00e9dito sindical y ante un hecho novedoso para todas las instituciones y colectivos sociales. Hemos tenido que improvisar y dar soluci\u00f3n a multitud de problemas que se han venido dando, principalmente de seguridad y salud, pero tambi\u00e9n de modificaciones en las prestaciones del servicio. Sin duda, durante la pandemia se ha vuelto a poner de manifiesto la utilidad y el papel fundamental de las organizaciones de clase, y podemos aseverar que donde hay sindicato hay garant\u00eda de que al menos el servicio se presta en mejores condiciones.<\/span><\/p><p><span style=\"font-weight: 400;\">Pese a estos d\u00edas arduos de trabajo sindical, la representaci\u00f3n ha encontrado tiempo para devolver un poco de todo el cari\u00f1o recibido. Haciendo suya la m\u00e1xima de que solo el pueblo salva al pueblo se han organizado desde los comit\u00e9s de empresa distintas iniciativas para aportar nuestro granito de arena a aquellas personas que por causas de la pandemia est\u00e1n atravesando momentos de dificultad.<\/span><\/p>\t\t\t\t\t\t\t\t<\/div>\n\t\t\t\t<\/div>\n\t\t\t\t\t<\/div>\n\t\t<\/div>\n\t\t\t\t\t<\/div>\n\t\t<\/section>\n\t\t\t\t<section class=\"elementor-section elementor-top-section elementor-element elementor-element-420866f elementor-section-boxed elementor-section-height-default elementor-section-height-default\" data-id=\"420866f\" data-element_type=\"section\">\n\t\t\t\t\t\t<div class=\"elementor-container elementor-column-gap-default\">\n\t\t\t\t\t<div class=\"elementor-column elementor-col-100 elementor-top-column elementor-element elementor-element-9f1bb64\" data-id=\"9f1bb64\" data-element_type=\"column\">\n\t\t\t<div class=\"elementor-widget-wrap elementor-element-populated\">\n\t\t\t\t\t\t<div class=\"elementor-element elementor-element-bc83a3f elementor-widget elementor-widget-text-editor\" data-id=\"bc83a3f\" data-element_type=\"widget\" data-widget_type=\"text-editor.default\">\n\t\t\t\t<div class=\"elementor-widget-container\">\n\t\t\t\t\t\t\t\t\t<blockquote><h2><b>En los momentos m\u00e1s duros cientos de sindicalistas del sector han pasado largas horas atendiendo las necesidades de la plantilla<\/b><\/h2><\/blockquote>\t\t\t\t\t\t\t\t<\/div>\n\t\t\t\t<\/div>\n\t\t\t\t\t<\/div>\n\t\t<\/div>\n\t\t\t\t\t<\/div>\n\t\t<\/section>\n\t\t\t\t<section class=\"elementor-section elementor-top-section elementor-element elementor-element-5be14b3 elementor-section-boxed elementor-section-height-default elementor-section-height-default\" data-id=\"5be14b3\" data-element_type=\"section\">\n\t\t\t\t\t\t<div class=\"elementor-container elementor-column-gap-default\">\n\t\t\t\t\t<div class=\"elementor-column elementor-col-100 elementor-top-column elementor-element elementor-element-d0cd23b\" data-id=\"d0cd23b\" data-element_type=\"column\">\n\t\t\t<div class=\"elementor-widget-wrap elementor-element-populated\">\n\t\t\t\t\t\t<section class=\"elementor-section elementor-inner-section elementor-element elementor-element-598a9da elementor-section-boxed elementor-section-height-default elementor-section-height-default\" data-id=\"598a9da\" data-element_type=\"section\">\n\t\t\t\t\t\t<div class=\"elementor-container elementor-column-gap-default\">\n\t\t\t\t\t<div class=\"elementor-column elementor-col-50 elementor-inner-column elementor-element elementor-element-b613247\" data-id=\"b613247\" data-element_type=\"column\">\n\t\t\t<div class=\"elementor-widget-wrap elementor-element-populated\">\n\t\t\t\t\t\t<div class=\"elementor-element elementor-element-45d8447 elementor-widget elementor-widget-image\" data-id=\"45d8447\" data-element_type=\"widget\" data-widget_type=\"image.default\">\n\t\t\t\t<div class=\"elementor-widget-container\">\n\t\t\t\t\t\t\t\t\t\t\t\t<figure class=\"wp-caption\">\n\t\t\t\t\t\t\t\t\t\t<img decoding=\"async\" width=\"791\" height=\"1024\" src=\"https:\/\/madridsindical.es\/archivo\/wp-content\/uploads\/2020\/06\/ESMASA2-791x1024.jpg\" class=\"attachment-large size-large wp-image-1535\" alt=\"\" srcset=\"https:\/\/madridsindical.es\/archivo\/wp-content\/uploads\/2020\/06\/ESMASA2-791x1024.jpg 791w, https:\/\/madridsindical.es\/archivo\/wp-content\/uploads\/2020\/06\/ESMASA2-232x300.jpg 232w, https:\/\/madridsindical.es\/archivo\/wp-content\/uploads\/2020\/06\/ESMASA2-768x994.jpg 768w, https:\/\/madridsindical.es\/archivo\/wp-content\/uploads\/2020\/06\/ESMASA2-425x550.jpg 425w, https:\/\/madridsindical.es\/archivo\/wp-content\/uploads\/2020\/06\/ESMASA2-386x500.jpg 386w, https:\/\/madridsindical.es\/archivo\/wp-content\/uploads\/2020\/06\/ESMASA2.jpg 989w\" sizes=\"(max-width: 791px) 100vw, 791px\" \/>\t\t\t\t\t\t\t\t\t\t\t<figcaption class=\"widget-image-caption wp-caption-text\">Donaci\u00f3n de ESMASA a la Red Solidaria Popular de Alcorc\u00f3n<\/figcaption>\n\t\t\t\t\t\t\t\t\t\t<\/figure>\n\t\t\t\t\t\t\t\t\t<\/div>\n\t\t\t\t<\/div>\n\t\t\t\t\t<\/div>\n\t\t<\/div>\n\t\t\t\t<div class=\"elementor-column elementor-col-50 elementor-inner-column elementor-element elementor-element-cb214a4\" data-id=\"cb214a4\" data-element_type=\"column\">\n\t\t\t<div class=\"elementor-widget-wrap elementor-element-populated\">\n\t\t\t\t\t\t<div class=\"elementor-element elementor-element-82a1c41 elementor-widget elementor-widget-image\" data-id=\"82a1c41\" data-element_type=\"widget\" data-widget_type=\"image.default\">\n\t\t\t\t<div class=\"elementor-widget-container\">\n\t\t\t\t\t\t\t\t\t\t\t\t<figure class=\"wp-caption\">\n\t\t\t\t\t\t\t\t\t\t<img loading=\"lazy\" decoding=\"async\" width=\"732\" height=\"1024\" src=\"https:\/\/madridsindical.es\/archivo\/wp-content\/uploads\/2020\/06\/LATINA2-732x1024.jpeg\" class=\"attachment-large size-large wp-image-1536\" alt=\"\" srcset=\"https:\/\/madridsindical.es\/archivo\/wp-content\/uploads\/2020\/06\/LATINA2-732x1024.jpeg 732w, https:\/\/madridsindical.es\/archivo\/wp-content\/uploads\/2020\/06\/LATINA2-214x300.jpeg 214w, https:\/\/madridsindical.es\/archivo\/wp-content\/uploads\/2020\/06\/LATINA2-768x1074.jpeg 768w, https:\/\/madridsindical.es\/archivo\/wp-content\/uploads\/2020\/06\/LATINA2-393x550.jpeg 393w, https:\/\/madridsindical.es\/archivo\/wp-content\/uploads\/2020\/06\/LATINA2-357x500.jpeg 357w, https:\/\/madridsindical.es\/archivo\/wp-content\/uploads\/2020\/06\/LATINA2.jpeg 1080w\" sizes=\"(max-width: 732px) 100vw, 732px\" \/>\t\t\t\t\t\t\t\t\t\t\t<figcaption class=\"widget-image-caption wp-caption-text\">Donaci\u00f3n de ESMASA a la Asociaci\u00f3n de Vecinos de Aluche<\/figcaption>\n\t\t\t\t\t\t\t\t\t\t<\/figure>\n\t\t\t\t\t\t\t\t\t<\/div>\n\t\t\t\t<\/div>\n\t\t\t\t\t<\/div>\n\t\t<\/div>\n\t\t\t\t\t<\/div>\n\t\t<\/section>\n\t\t\t\t\t<\/div>\n\t\t<\/div>\n\t\t\t\t\t<\/div>\n\t\t<\/section>\n\t\t\t\t<section class=\"elementor-section elementor-top-section elementor-element elementor-element-0beebf9 elementor-section-boxed elementor-section-height-default elementor-section-height-default\" data-id=\"0beebf9\" data-element_type=\"section\">\n\t\t\t\t\t\t<div class=\"elementor-container elementor-column-gap-default\">\n\t\t\t\t\t<div class=\"elementor-column elementor-col-100 elementor-top-column elementor-element elementor-element-ed39b0c\" data-id=\"ed39b0c\" data-element_type=\"column\">\n\t\t\t<div class=\"elementor-widget-wrap elementor-element-populated\">\n\t\t\t\t\t\t<div class=\"elementor-element elementor-element-0cbb59d elementor-widget elementor-widget-text-editor\" data-id=\"0cbb59d\" data-element_type=\"widget\" data-widget_type=\"text-editor.default\">\n\t\t\t\t<div class=\"elementor-widget-container\">\n\t\t\t\t\t\t\t\t\t<p><span style=\"font-weight: 400;\">Y es de justicia resaltar el esfuerzo extra que ha llevado la organizaci\u00f3n de estas tareas solidarias que han cosechado importantes \u00e9xitos, como la donaci\u00f3n de 2.000 kilos de alimentos del lote 3 de LPV y Jardiner\u00eda a la Asociaci\u00f3n de Vecinos de Aluche, los 2.700 euros donados por los trabajadores y trabajadoras de la Empresa de Servicios Municipales de Alcorc\u00f3n (ESMASA) a tres entidades vecinales del distrito y la aportaci\u00f3n del lote 1 de RBU de 500 kilos de pl\u00e1tanos al Hospital de La Paz y 600 kilos de naranjas al banco de alimentos, entre otras.<\/span><\/p><p><span style=\"font-weight: 400;\">Muchas veces los y las sindicalistas estamos en el foco de la cr\u00edtica, algunas veces de forma justificada, pero con nuestro mont\u00f3n de errores y con nuestros muchos aciertos deber\u00edamos pararnos y pensar qu\u00e9 ser\u00eda de las relaciones laborales y qu\u00e9 ser\u00eda de este mundo si no fuera por aquellos que desinteresadamente dedican parte de su tiempo a ponerle la vida un poco m\u00e1s f\u00e1cil a los dem\u00e1s.<\/span><\/p><p><span style=\"font-weight: 400;\">Y es en los momentos m\u00e1s dif\u00edciles cuando sale lo mejor de todas aquellas personas que de forma desinteresada se afanan cada d\u00eda por mejorar sus condiciones y las de quienes les rodean, tratando de devolver un poco de todo lo que reciben. La plantilla del sector de saneamiento urbano ha demostrado con creces ir m\u00e1s all\u00e1 de las exigencias teniendo presente que la solidaridad es compartir lo que tienes y no dar lo que te sobra.<\/span><\/p>\t\t\t\t\t\t\t\t<\/div>\n\t\t\t\t<\/div>\n\t\t\t\t\t<\/div>\n\t\t<\/div>\n\t\t\t\t\t<\/div>\n\t\t<\/section>\n\t\t\t\t<section class=\"elementor-section elementor-top-section elementor-element elementor-element-eb1cab9 elementor-section-boxed elementor-section-height-default elementor-section-height-default\" data-id=\"eb1cab9\" data-element_type=\"section\">\n\t\t\t\t\t\t<div class=\"elementor-container elementor-column-gap-default\">\n\t\t\t\t\t<div class=\"elementor-column elementor-col-100 elementor-top-column elementor-element elementor-element-831af7a\" data-id=\"831af7a\" data-element_type=\"column\">\n\t\t\t<div class=\"elementor-widget-wrap elementor-element-populated\">\n\t\t\t\t\t\t<div class=\"elementor-element elementor-element-9c804be elementor-widget elementor-widget-text-editor\" data-id=\"9c804be\" data-element_type=\"widget\" data-widget_type=\"text-editor.default\">\n\t\t\t\t<div class=\"elementor-widget-container\">\n\t\t\t\t\t\t\t\t\t<blockquote><h2><b>La solidaridad es compartir lo que tienes y no dar lo que te sobra<\/b><\/h2><\/blockquote>\t\t\t\t\t\t\t\t<\/div>\n\t\t\t\t<\/div>\n\t\t\t\t\t<\/div>\n\t\t<\/div>\n\t\t\t\t\t<\/div>\n\t\t<\/section>\n\t\t\t\t<section class=\"elementor-section elementor-top-section elementor-element elementor-element-45f7af4 elementor-section-boxed elementor-section-height-default elementor-section-height-default\" data-id=\"45f7af4\" data-element_type=\"section\">\n\t\t\t\t\t\t<div class=\"elementor-container elementor-column-gap-default\">\n\t\t\t\t\t<div class=\"elementor-column elementor-col-100 elementor-top-column elementor-element elementor-element-6d217e4\" data-id=\"6d217e4\" data-element_type=\"column\">\n\t\t\t<div class=\"elementor-widget-wrap elementor-element-populated\">\n\t\t\t\t\t\t<div class=\"elementor-element elementor-element-ae828f5 elementor-widget elementor-widget-image\" data-id=\"ae828f5\" data-element_type=\"widget\" data-widget_type=\"image.default\">\n\t\t\t\t<div class=\"elementor-widget-container\">\n\t\t\t\t\t\t\t\t\t\t\t\t<figure class=\"wp-caption\">\n\t\t\t\t\t\t\t\t\t\t<img loading=\"lazy\" decoding=\"async\" width=\"1024\" height=\"575\" src=\"https:\/\/madridsindical.es\/archivo\/wp-content\/uploads\/2020\/06\/IMG_1439-1024x575.jpg\" class=\"attachment-large size-large wp-image-1537\" alt=\"\" srcset=\"https:\/\/madridsindical.es\/archivo\/wp-content\/uploads\/2020\/06\/IMG_1439-1024x575.jpg 1024w, https:\/\/madridsindical.es\/archivo\/wp-content\/uploads\/2020\/06\/IMG_1439-300x168.jpg 300w, https:\/\/madridsindical.es\/archivo\/wp-content\/uploads\/2020\/06\/IMG_1439-768x431.jpg 768w, https:\/\/madridsindical.es\/archivo\/wp-content\/uploads\/2020\/06\/IMG_1439-1536x862.jpg 1536w, https:\/\/madridsindical.es\/archivo\/wp-content\/uploads\/2020\/06\/IMG_1439-465x261.jpg 465w, https:\/\/madridsindical.es\/archivo\/wp-content\/uploads\/2020\/06\/IMG_1439-695x390.jpg 695w, https:\/\/madridsindical.es\/archivo\/wp-content\/uploads\/2020\/06\/IMG_1439.jpg 2000w\" sizes=\"(max-width: 1024px) 100vw, 1024px\" \/>\t\t\t\t\t\t\t\t\t\t\t<figcaption class=\"widget-image-caption wp-caption-text\">Voluntarios de la Asociaci\u00f3n Vecinal de Aluche el pasado d\u00eda 27 de mayo<\/figcaption>\n\t\t\t\t\t\t\t\t\t\t<\/figure>\n\t\t\t\t\t\t\t\t\t<\/div>\n\t\t\t\t<\/div>\n\t\t\t\t\t<\/div>\n\t\t<\/div>\n\t\t\t\t\t<\/div>\n\t\t<\/section>\n\t\t\t\t<section class=\"elementor-section elementor-top-section elementor-element elementor-element-11d54b7 elementor-section-boxed elementor-section-height-default elementor-section-height-default\" data-id=\"11d54b7\" data-element_type=\"section\">\n\t\t\t\t\t\t<div class=\"elementor-container elementor-column-gap-default\">\n\t\t\t\t\t<div class=\"elementor-column elementor-col-100 elementor-top-column elementor-element elementor-element-9e23be8\" data-id=\"9e23be8\" data-element_type=\"column\">\n\t\t\t<div class=\"elementor-widget-wrap elementor-element-populated\">\n\t\t\t\t\t\t<div class=\"elementor-element elementor-element-34b8bfd elementor-icon-list--layout-traditional elementor-list-item-link-full_width elementor-widget elementor-widget-icon-list\" data-id=\"34b8bfd\" data-element_type=\"widget\" data-widget_type=\"icon-list.default\">\n\t\t\t\t<div class=\"elementor-widget-container\">\n\t\t\t\t\t\t\t<ul class=\"elementor-icon-list-items\">\n\t\t\t\t\t\t\t<li class=\"elementor-icon-list-item\">\n\t\t\t\t\t\t\t\t\t\t\t<a href=\"https:\/\/madridsindical.es\/archivo\/turno-de-palabra\/\">\n\n\t\t\t\t\t\t\t\t\t\t\t\t<span class=\"elementor-icon-list-icon\">\n\t\t\t\t\t\t\t<i aria-hidden=\"true\" class=\"fas fa-chevron-circle-right\"><\/i>\t\t\t\t\t\t<\/span>\n\t\t\t\t\t\t\t\t\t\t<span class=\"elementor-icon-list-text\">Volver a la secci\u00f3n Turno de Palabra<\/span>\n\t\t\t\t\t\t\t\t\t\t\t<\/a>\n\t\t\t\t\t\t\t\t\t<\/li>\n\t\t\t\t\t\t\t\t<li class=\"elementor-icon-list-item\">\n\t\t\t\t\t\t\t\t\t\t\t<a href=\"https:\/\/madridsindical.es\/archivo\/\">\n\n\t\t\t\t\t\t\t\t\t\t\t\t<span class=\"elementor-icon-list-icon\">\n\t\t\t\t\t\t\t<i aria-hidden=\"true\" class=\"fas fa-chevron-circle-right\"><\/i>\t\t\t\t\t\t<\/span>\n\t\t\t\t\t\t\t\t\t\t<span class=\"elementor-icon-list-text\">Portada Madrid Sindical<\/span>\n\t\t\t\t\t\t\t\t\t\t\t<\/a>\n\t\t\t\t\t\t\t\t\t<\/li>\n\t\t\t\t\t\t<\/ul>\n\t\t\t\t\t\t<\/div>\n\t\t\t\t<\/div>\n\t\t\t\t\t<\/div>\n\t\t<\/div>\n\t\t\t\t\t<\/div>\n\t\t<\/section>\n\t\t\t\t<\/div>\n\t\t","protected":false},"excerpt":{"rendered":"<p>La solidaridad de clase, un arma que remueve conciencias Si algo ha dejado en evidencia la crisis del COVID-19 es el valor fundamental que aporta la clase trabajadora para que la sociedad se mueva. De repente, trabajos que hasta la fecha eran muy poco reconocidos y valorados se convert\u00edan en piezas fundamentales para que el conjunto de la ciudadan\u00eda pudiera satisfacer sus necesidades diarias. Trabajadores de la sanidad p\u00fablica, cajeras, limpiadoras, cuidadoras de personas dependientes<span class=\"more-link\"><a href=\"https:\/\/madridsindical.es\/archivo\/2020\/06\/01\/turno-de-palabra-daniel-gismero\/\">Contin\u00faa leyendo<\/a><\/span><\/p>\n","protected":false},"author":1,"featured_media":0,"comment_status":"closed","ping_status":"closed","sticky":false,"template":"","format":"standard","meta":{"footnotes":""},"categories":[37],"tags":[47],"class_list":["entry","author-madridsindical","post-1532","post","type-post","status-publish","format-standard","category-turno-de-palabra","tag-archivo"],"aioseo_notices":[],"_links":{"self":[{"href":"https:\/\/madridsindical.es\/archivo\/wp-json\/wp\/v2\/posts\/1532","targetHints":{"allow":["GET"]}}],"collection":[{"href":"https:\/\/madridsindical.es\/archivo\/wp-json\/wp\/v2\/posts"}],"about":[{"href":"https:\/\/madridsindical.es\/archivo\/wp-json\/wp\/v2\/types\/post"}],"author":[{"embeddable":true,"href":"https:\/\/madridsindical.es\/archivo\/wp-json\/wp\/v2\/users\/1"}],"replies":[{"embeddable":true,"href":"https:\/\/madridsindical.es\/archivo\/wp-json\/wp\/v2\/comments?post=1532"}],"version-history":[{"count":5,"href":"https:\/\/madridsindical.es\/archivo\/wp-json\/wp\/v2\/posts\/1532\/revisions"}],"predecessor-version":[{"id":1543,"href":"https:\/\/madridsindical.es\/archivo\/wp-json\/wp\/v2\/posts\/1532\/revisions\/1543"}],"wp:attachment":[{"href":"https:\/\/madridsindical.es\/archivo\/wp-json\/wp\/v2\/media?parent=1532"}],"wp:term":[{"taxonomy":"category","embeddable":true,"href":"https:\/\/madridsindical.es\/archivo\/wp-json\/wp\/v2\/categories?post=1532"},{"taxonomy":"post_tag","embeddable":true,"href":"https:\/\/madridsindical.es\/archivo\/wp-json\/wp\/v2\/tags?post=1532"}],"curies":[{"name":"wp","href":"https:\/\/api.w.org\/{rel}","templated":true}]}}