{"id":145,"date":"2019-07-15T08:39:31","date_gmt":"2019-07-15T08:39:31","guid":{"rendered":"https:\/\/madridsindical.es\/archivo\/?p=145"},"modified":"2025-11-06T12:26:15","modified_gmt":"2025-11-06T12:26:15","slug":"nadie-es-capaz-de-sentarse-frente-a-maria-martin-mirarle-a-los-ojos-y-decirle-que-no-tiene-derecho-a-exhumar-a-su-madre","status":"publish","type":"post","link":"https:\/\/madridsindical.es\/archivo\/2019\/07\/15\/nadie-es-capaz-de-sentarse-frente-a-maria-martin-mirarle-a-los-ojos-y-decirle-que-no-tiene-derecho-a-exhumar-a-su-madre\/","title":{"rendered":"\u201cNadie es capaz de sentarse frente a Mar\u00eda Mart\u00edn, mirarle a los ojos, y decirle que no tiene derecho a exhumar a su madre\u201d"},"content":{"rendered":"<p style=\"text-align: right;\"><strong>ALMUDENA CARRACEDO \u2013 CINEASTA.<\/strong><\/p>\n<h3><strong>Almudena Carracedo ha codirigido junto a Robert Bahar El silencio de otros, documental galardonado, entre muchos otros, con el premio Goya en su \u00faltima edici\u00f3n. La cinta recoge diferentes casos de familiares que buscan recuperar los restos de sus parientes represaliados y asesinados por el franquismo, y que fueron enterrados en fosas comunes. A partir de la llamada \u201cquerella argentina\u201d contra algunos de los autores y responsables de la represi\u00f3n durante la dictadura, el documental hace un seguimiento de la evoluci\u00f3n del caso, de las esperanzas y desconsuelos, del anhelo por encontrar justicia, verdad y reparaci\u00f3n.<\/strong><\/h3>\n<p>Entrevista: Armando Recio \/\/ Fotos: Fran Lorente<\/p>\n<p><strong>&#8211; \u00bfCree que el hecho de que el documental haya sido tan galardonado puede suponer un impulso, un empuj\u00f3n a la Memoria Hist\u00f3rica en este pa\u00eds?<\/strong><br \/>\nS\u00ed, sin duda. Los premios son un reconocimiento y es bonito cuando trabajas siete a\u00f1os en una pel\u00edcula y que luego se reconozca, pero tambi\u00e9n suponen una visibilidad de estos temas. La prensa siempre ha sido multiplicadora, pod\u00edamos llegar a m\u00e1s gente a trav\u00e9s de los medios que a trav\u00e9s de la que iba a ir a ver la pel\u00edcula. Era un elemento muy importante sacar estos temas, que se tocaran. La misma entrega del Goya la utilizamos para que se visibilizara y sacar a relucir en prime time el tema para miles de espa\u00f1oles. El objetivo que siempre tuvimos con la pel\u00edcula era dar visibilizaci\u00f3n y generar conocimiento, sobre todo en aquellas capas de la sociedad que no saben nada.<\/p>\n<p>Sab\u00edamos que la pel\u00edcula pod\u00eda convertirse en una herramienta para los colectivos de recuperaci\u00f3n de la memoria hist\u00f3rica y para las v\u00edctimas, pero tambi\u00e9n para que sirviera como un elemento catalizador para gente de buen coraz\u00f3n, incluso para los que no fueran militantes. Que la gente no fuera capaz de sentarse delante de Mar\u00eda Mart\u00edn y decirle a los ojos que no tiene derecho a exhumar a su madre, que tiene que olvidar.<\/p>\n<p><strong>&#8211; El documental utiliza la querella argentina de las v\u00edctimas del franquismo como percha para denunciar ese manto de silencio que se produjo tras la muerte del dictador. \u00bfPor qu\u00e9 m\u00e1s de 40 a\u00f1os despu\u00e9s sigue siendo tan dif\u00edcil llegar a un acuerdo sobre la necesidad de hacer justicia con ellas en nuestro pa\u00eds?<\/strong><br \/>\nLa querella argentina nos daba un punto de partida, una estructura, un esqueleto de una historia muy compleja. Estamos hablando de 80 a\u00f1os, miles de personas, temas legales\u2026 La querella es una especie de tren que avanza hacia la oscuridad, que es una de las luchas presentes de las v\u00edctimas del franquismo. Por tanto, era muy importante anclarlo en el presente y eso es lo que nos permit\u00eda la querella, trabajar sobre el legado de esa memoria hist\u00f3rica en el presente. La pel\u00edcula no responde a todo, y la persona que la ve tiene que preguntarse c\u00f3mo es posible que en 2019 todav\u00eda sigamos as\u00ed.<\/p>\n<p>Mi respuesta personal es que fueron 40 a\u00f1os de terror, de miedo, de imposici\u00f3n, de represi\u00f3n, y 40 a\u00f1os de silencio. Son muchas generaciones en las que hay que romper ese silencio y ese miedo que a\u00fan existe en parte de la poblaci\u00f3n. Pero tambi\u00e9n hay un punto de esperanza, y es que hay una nueva generaci\u00f3n de gente joven que entra en la conversaci\u00f3n, que no particip\u00f3 en el conflicto, que no tiene ideas preconcebidas en su mayor\u00eda, y que ya no tiene ese miedo. Siento que estamos en un momento diferente.<\/p>\n<p><strong>&#8211; El terror y el miedo inoculado por el franquismo en la sociedad espa\u00f1ola penetr\u00f3 en varias generaciones. Incluso hoy en muchos pueblos a\u00fan existen recelos para hablar de lo que ocurri\u00f3. \u00bfEs ese el mayor \u00e9xito de la dictadura, haber extendido su influencia incluso despu\u00e9s de m\u00e1s de 40 a\u00f1os de democracia?<\/strong><br \/>\nSin ninguna duda. El franquismo logr\u00f3 silenciar durante 40 a\u00f1os a casi toda una sociedad \u2013el franquismo cay\u00f3 porque la gente sali\u00f3 a la calle, porque hubo padres y madres de la democracia que se dejaron la vida contra la dictadura-. Pero ese silencio se perpet\u00faa en las instituciones y esto es muy importante, porque la Transici\u00f3n espa\u00f1ola es un proceso que se hace por transacci\u00f3n con el r\u00e9gimen anterior, no por revoluci\u00f3n. Fue una negociaci\u00f3n con el r\u00e9gimen que sal\u00eda y que negoci\u00f3 sus condiciones, con lo que se gener\u00f3 una impunidad y una continuidad en las instituciones democr\u00e1ticas (Ej\u00e9rcito, Polic\u00eda, o en la jurisprudencia).<\/p>\n<blockquote><p><strong>El documental ha sido un altavoz para las v\u00edctimas y supervivientes<\/strong><\/p><\/blockquote>\n<p><strong>&#8211; Resulta vergonzoso para Espa\u00f1a que haya tenido que ser otro pa\u00eds el que impulsara esta reclamaci\u00f3n.<\/strong><br \/>\nLo parad\u00f3jico es que Espa\u00f1a fue pionera en la aplicaci\u00f3n de la Justicia Universal cuando el juez Garz\u00f3n orden\u00f3 la detenci\u00f3n de Pinochet o cuando, junto a Carlos Slepoy en el equipo, condenaron a [Adolfo] Scilingo \u2013el primer militar argentino que cumpli\u00f3 condena y lo sigue haciendo en Espa\u00f1a-. Lo vergonzoso es que cuando esto se intenta hacer aqu\u00ed se genera todo el proceso que desemboca en la inhabilitaci\u00f3n de Garz\u00f3n por un caso distinto, pero que se considera como una condena pol\u00edtica, se cierra la puerta de la Justicia en Espa\u00f1a y se abre la puerta de la Justicia Universal.<\/p>\n<p><strong><img fetchpriority=\"high\" decoding=\"async\" class=\"size-full wp-image-160 alignleft\" src=\"https:\/\/madridsindical.es\/archivo\/wp-content\/uploads\/2019\/07\/IMG_9331-1-e1563273697933.jpg\" alt=\"\" width=\"600\" height=\"400\" \/>&#8211; Espa\u00f1a es el segundo pa\u00eds del mundo con m\u00e1s desaparecidos por motivos pol\u00edticos \u2013en torno a 114.000- tras Camboya. Alrededor de 50.000 personas asesinadas tras el final de la guerra. \u00bfC\u00f3mo se aguanta a s\u00ed mismo un pa\u00eds que no es capaz de reconocer el dolor y el sufrimiento de las v\u00edctimas de una dictadura tan feroz y terror\u00edfica?<\/strong><br \/>\nLa respuesta est\u00e1 relacionada con esa continuidad del franquismo. Es una respuesta dif\u00edcil, porque es una combinaci\u00f3n de silencio, de olvido, de un pacto institucional, de un pacto social que para muchos es impuesto. Pero todo esto ha ido cambiando. Es muy dif\u00edcil explicarlo fuera, pero aqu\u00ed hemos normalizado lo que no es normal. Porque no es normal que un Estado democr\u00e1tico que lleva 40 a\u00f1os de democracia siga teniendo 114.000 desaparecidos, seg\u00fan estimaciones de la sociedad civil, y que el Estado no haya hecho ning\u00fan ejercicio de investigaci\u00f3n para saber cu\u00e1ntos desaparecidos hay, esto es brutal. Por eso decimos que el Estado espa\u00f1ol es una anomal\u00eda.<\/p>\n<p><strong>&#8211; En el documental las v\u00edctimas son absolutamente protagonistas junto a los abogados y la jueza Mar\u00eda Servini que puso en marcha este proceso. Pero, \u00bfqu\u00e9 pasa con las voces de aquellos que son responsables en nuestro pa\u00eds de que se d\u00e9 esa justicia, esa reparaci\u00f3n, por ejemplo, privando de efectos la Ley de Amnist\u00eda del 77?<\/strong><br \/>\nCreo que eso ser\u00eda otro documental. Tuvimos mucha tentaci\u00f3n de preguntar. Nos ocurri\u00f3 una cosa, y es que cuando preguntamos a gente que fue parte del debate de la Ley de Amnist\u00eda, a nivel personal nadie nos supo explicar qu\u00e9 es lo que hab\u00eda pasado. Si lees el debate sobre la ley, el Diario de Sesiones del Congreso, parece que est\u00e1n debatiendo sobre una ley diferente. Por tanto, es una investigaci\u00f3n diferente y complicada que debe hacerse y este es buen momento para que alguien lo haga.<\/p>\n<p>Para nosotros era muy importante, ya que hab\u00edamos conocido la Transici\u00f3n desde el punto de vista de los que oficialmente la llevaron a cabo, que este documental fuera un altavoz para aquellas personas a las que no se les hab\u00eda escuchado, para que esas voces pudieran escucharse m\u00e1s alto por el conjunto de la sociedad. Por eso decidimos centrarnos en sus vivencias, en su experiencia.<br \/>\nPero hab\u00eda un objetivo m\u00e1s importante: para llegar a aquellas personas no simpatizantes, que repiten el discurso de que hay que olvidar y no reabrir heridas, era muy importante generar esta conversaci\u00f3n a nivel personal. Y para ello ten\u00edamos que hacer que los espectadores se sintieran en la piel de nuestros personajes. Eso es lo que genera la empat\u00eda para cambiar la conversaci\u00f3n.<\/p>\n<p><strong>&#8211; Hay una imagen muy evocadora en la que aparecen las flores secas y llenas de telara\u00f1as tras la muerte de Mar\u00eda Mart\u00edn, sin haber cumplido con su deseo, sobre la fosa en la que a\u00fan est\u00e1 su madre. \u00bfC\u00f3mo es de importante el hecho de que la Justicia act\u00fae r\u00e1pido en estos casos, antes del fallecimiento de los familiares de las v\u00edctimas?<\/strong><br \/>\nLa carretera y las flores eran una met\u00e1fora muy importante. La sociedad pasa por encima, camina por encima de sus muertos ignorando una realidad de cientos de miles de personas. Es el olvido puro y duro. Sabemos que la justicia es lenta, por eso se generan movimientos sociales que acompa\u00f1an las querellas legales. Pero te contesto con una frase que dec\u00eda Carlos Slepoy: \u201cla justicia es un horizonte, y el camino hacia la justicia es justicia\u201d. La pel\u00edcula es parte de esa justicia, los coloquios, las conversaciones, exhumar unos restos, lo que se genera por las asociaciones de Memoria Hist\u00f3rica, todo eso es justicia. Es verdad que la querella argentina busca una verdad judicial y una Justicia con may\u00fasculas, pero hay justicias con min\u00fascula que tambi\u00e9n lo son.<\/p>\n<p><strong>&#8211; Fueron seis a\u00f1os de rodaje estando d\u00eda a d\u00eda al lado de las v\u00edctimas \u00bfFue dif\u00edcil ganarse su confianza para conseguir estar tan cerca y que en la cinta apenas se note la presencia de la c\u00e1mara?<\/strong><br \/>\nNo fue dif\u00edcil. Para nosotros era muy importante generar un clima de amistad y confianza. Es decir, el objetivo de las v\u00edctimas y supervivientes es tambi\u00e9n mi objetivo, es una misi\u00f3n com\u00fan. Como la c\u00e1mara soy yo, cuando las personas est\u00e1n hablando con la c\u00e1mara est\u00e1n hablando conmigo, es una conversaci\u00f3n que est\u00e1n teniendo conmigo.<\/p>\n<p>Lo que nos encontramos cuando empezamos a documentar todo esto es que hab\u00eda mucha necesidad de hablar. Es verdad que algunas personas, sobre todo los familiares, prefer\u00edan no tocar el tema, pero nos encontramos con que v\u00edctimas y supervivientes quer\u00edan contar su caso con much\u00edsimo dolor. Hay gente que tard\u00f3 tres a\u00f1os en escribir su testimonio para la querella, porque eso supon\u00eda volver a revivirlo todo. Es un proceso interno de v\u00edctimas y supervivientes, de entender su posici\u00f3n. Cuando ellos entienden que sus casos no son aislados, sino sist\u00e9micos, con miles de personas que est\u00e1n sufriendo lo mismo que ellos, eso les ayuda a organizarse.<\/p>\n<p>La pel\u00edcula fue muy dif\u00edcil de montar, con m\u00e1s de 450 horas de grabaci\u00f3n, im\u00e1genes de archivo, etc. Pero empez\u00f3 a funcionar cuando nos dimos cuenta de que los y las personajes de la pel\u00edcula no pod\u00edan por s\u00ed mismos representar toda la lucha colectiva. Entonces introdujimos las entrevistas de fondo negro y entendemos que \u2018Chato\u2019 (uno de los supervivientes que aparece) no est\u00e1 solo, sino que hay muchos m\u00e1s detr\u00e1s.<\/p>\n<p>Nos han vendido que todo esto no interesaba, que estaba cerrado, y nos hemos encontrado con que s\u00ed interesa a miles de personas, no solo en el extranjero sino tambi\u00e9n aqu\u00ed. Nos han vendido esa moto.<\/p>\n<blockquote><p><strong>El trabajo con la juventud es absolutamente crucial para la Memoria Hist\u00f3rica<\/strong><\/p><\/blockquote>\n<p><strong>&#8211; El documental no responde a los formatos m\u00e1s habituales sino que intenta trasladar las emociones y sentimientos de las v\u00edctimas, sus protagonistas. \u00bfDecidieron escoger este g\u00e9nero de documental televisivo para llegar a un p\u00fablico m\u00e1s amplio?<\/strong><br \/>\nPara llegar a amplios p\u00fablicos no pod\u00edamos hacerlo con entrevistas, que es el formato m\u00e1s conocido. Los reportajes y los libros tienen su espacio. Nosotros quer\u00edamos llegar, como dice un lema zapatista, del coraz\u00f3n a la cabeza. Para nosotros fue crucial aplicar esto, es decir, si t\u00fa ves esta pel\u00edcula y no sufres, no vas a poder comprender su sufrimiento. Para poder reflexionar pol\u00edticamente sobre d\u00f3nde estamos, ten\u00edamos primero que comprender y sentir el sufrimiento de estas personas, era una condici\u00f3n sine qua non para poder iniciar esta conversaci\u00f3n eminentemente pol\u00edtica.<br \/>\nPensamos que es un documental eminentemente pol\u00edtico que va a trav\u00e9s de la vida de los personajes para trabajar las emociones y, desde ah\u00ed, llegar al debate intelectual. Era crucial poder llegar de esta manera a todas las personas y que pudieran sentirse en la piel de los personajes, que empatizaran con ellos y abrieran la conversaci\u00f3n desde otro punto de vista.<\/p>\n<p><strong>&#8211; Se ha criticado que el cine espa\u00f1ol ha hecho muchas pel\u00edculas sobre la Guerra Civil pero, a pesar de ello, parece que sigue habiendo una ignorancia enciclop\u00e9dica al respecto. \u00bfC\u00f3mo influye el hecho de que en los colegios no se estudie pr\u00e1cticamente este per\u00edodo de nuestra historia o el revisionismo hist\u00f3rico?<\/strong><br \/>\nYo conoc\u00ed lo que era el fascismo a trav\u00e9s de una pel\u00edcula, El laberinto del fauno. La primera vez que yo, como espectadora y espa\u00f1ola, he entendido lo que era el fascismo en Espa\u00f1a, fue con una escena de esa pel\u00edcula. Se me revolvi\u00f3 el est\u00f3mago y tuve que salir al ba\u00f1o a vomitar.<\/p>\n<p>Hemos trabajado mucho la Guerra Civil pero desde el paradigma de la equidistancia, del hermano contra hermano, etc. Pero tiene que haber pel\u00edculas valientes otra vez, como La voz dormida, que ponga los puntos sobre las \u00edes acerca de lo que ocurri\u00f3. Nuestra pel\u00edcula, en ese sentido, es muy brutal. La madre de Mar\u00eda Mart\u00edn es una civil a la que mataron despu\u00e9s de la guerra.<\/p>\n<p><strong>&#8211; Las v\u00edctimas repiten que no buscan venganza, sino justicia, recuperar los restos de sus familiares para darles un entierro digno. \u00bfPor qu\u00e9 no solo es imposible llevarlo a cabo desde el Estado, sino que se bloquea y se presiona para que no suceda? \u00bfPor qu\u00e9 no ha habido aqu\u00ed una Comisi\u00f3n de la Verdad?<\/strong><br \/>\nLa continuidad supone que hay muchas personas del R\u00e9gimen que est\u00e1n en el poder e insisto, no solo en el poder pol\u00edtico. Hay hijos de, nietos de\u2026 Por eso digo que, en este sentido, el tiempo ayuda.<\/p>\n<p>Para nosotros era muy importante hablar de ese tema de la venganza, pero tambi\u00e9n del perd\u00f3n. Si t\u00fa eres v\u00edctima de un crimen, si a tu hija le hacen algo, t\u00fa querr\u00edas justicia, y eso no es venganza, es justicia. Es una pregunta que se plantea claramente en el documental. El problema de las v\u00edctimas y supervivientes es que se convierten en ciudadanos de segunda cuando no tienen acceso a la justicia igual que otros ciudadanos espa\u00f1oles. Que un ciudadano espa\u00f1ol tenga que irse a otro pa\u00eds para buscar justicia, dice mucho del tipo de justicia que tenemos. Por eso pienso que la siguiente frontera es la Jurisprudencia, es ah\u00ed donde tenemos que empezar a trabajar, \u00bfc\u00f3mo es posible? es la pregunta que hay que responder.<\/p>\n<p><strong><img decoding=\"async\" class=\"alignleft wp-image-153\" src=\"https:\/\/madridsindical.es\/archivo\/wp-content\/uploads\/2019\/07\/w03IMG_9547.jpg\" alt=\"\" width=\"500\" height=\"514\" srcset=\"https:\/\/madridsindical.es\/archivo\/wp-content\/uploads\/2019\/07\/w03IMG_9547.jpg 1167w, https:\/\/madridsindical.es\/archivo\/wp-content\/uploads\/2019\/07\/w03IMG_9547-292x300.jpg 292w, https:\/\/madridsindical.es\/archivo\/wp-content\/uploads\/2019\/07\/w03IMG_9547-768x790.jpg 768w, https:\/\/madridsindical.es\/archivo\/wp-content\/uploads\/2019\/07\/w03IMG_9547-996x1024.jpg 996w, https:\/\/madridsindical.es\/archivo\/wp-content\/uploads\/2019\/07\/w03IMG_9547-465x478.jpg 465w, https:\/\/madridsindical.es\/archivo\/wp-content\/uploads\/2019\/07\/w03IMG_9547-486x500.jpg 486w\" sizes=\"(max-width: 500px) 100vw, 500px\" \/>&#8211; \u201cRecibo de su Excelencia el Jefe del Estado, el General\u00edsimo Franco, la legitimidad surgida el 18 de julio de 1936\u201d. Son las palabras de Juan Carlos de Borb\u00f3n tras ser nombrado sucesor por el dictador. Estos hechos, as\u00ed como los comentarios despectivos de Aznar hablando de \u201cremover tumbas y huesos\u201d, o de Rajoy cuestionando la existencia de todo esto, \u00bfson parte de la respuesta a la pregunta de por qu\u00e9 ha habido esa amnesia voluntaria con respecto a las v\u00edctimas del franquismo?<\/strong><br \/>\nNo son partes del por qu\u00e9, son partes de la amnesia, son las partes generadoras de la amnesia que quieren perpetuar ese sistema, ese status quo, esa falta de justicia, de memoria, ese \u201cdejemos todo atr\u00e1s\u201d. Las palabras del actual rey de Espa\u00f1a que aparecen en el documental sobre no abrir heridas son parte de ese discurso.<\/p>\n<p>Con respecto a la Monarqu\u00eda, era importante que la pel\u00edcula explicara que esa instituci\u00f3n, impuesta durante la dictadura, ha sido continuadora de su discurso. Son elementos que incluimos para entender algo muy concreto. En la pel\u00edcula, cuando intentamos establecer cu\u00e1les son los antagonistas de nuestros protagonistas desde un punto de vista de estructura narrativa, habr\u00eda sido muy sencillo aludir a la Fundaci\u00f3n Francisco Franco, al que levanta el brazo. Pero era mucho m\u00e1s complejo decir que el antagonista es todo el Estado, es toda la sociedad, las instituciones, la monarqu\u00eda perpetuando un discurso del olvido.<\/p>\n<p><strong>&#8211; \u00bfY por qu\u00e9 parte de la izquierda se ha mostrado c\u00f3mplice con ese silencio,por qu\u00e9 cree que durante los primeros 14 a\u00f1os de Gobierno socialista no se intent\u00f3 hacer justicia a las v\u00edctimas? \u00bfEs suficiente una ley como la de Memoria Hist\u00f3rica, que recibe constantemente zancadillas y obst\u00e1culos para su aplicaci\u00f3n?<\/strong><br \/>\nLa izquierda tiene que hacer una autocr\u00edtica de lo que ocurri\u00f3 y de lo que no. No estamos de acuerdo con lo que no se hizo, intentar explicar desde dentro de los partidos de izquierda o centro izquierda el porqu\u00e9 de una situaci\u00f3n. Efectivamente, el PSOE ha gobernado durante 20 a\u00f1os este pa\u00eds y se ha hecho muy poquito, por no decir casi nada. Creo que esta legislatura tiene un talante diferente, estamos con un optimismo cauto, pero estamos poni\u00e9ndonos de acuerdo sobre lo que tiene que hacer. Es importante entender que todo esto se dej\u00f3 atr\u00e1s durante demasiado tiempo.<br \/>\nPor qu\u00e9 han sido los movimientos de v\u00edctimas y supervivientes, sus nietos y familiares, los que han iniciado este trabajo. C\u00f3mo es posible que desde los partidos de izquierdas no se haya procedido a hacer ese trabajo. Esa es la autocr\u00edtica. Entendiendo ese pasado podremos entender el presente. La pel\u00edcula no juzga la Transici\u00f3n, intenta mostrar un aspecto del que no se habla, pero s\u00ed juzga el presente y por qu\u00e9 ocurre esto. Por eso es importante que los y las militantes de los partidos empiecen a cuestionarse esto.<\/p>\n<p><strong>&#8211; Finalmente, \u00bfcree que hay esperanza, que alg\u00fan d\u00eda se har\u00e1 justicia a esos miles de v\u00edctimas y a sus familiares y que podremos contemplar m\u00e1s historias como la de Ascensi\u00f3n?<\/strong><br \/>\nEstoy convencida. Carlos Slepoy, que vivi\u00f3 el proceso en Argentina, lo ten\u00eda muy claro. Y es un proceso similar el que sigue Espa\u00f1a con la diferencia de que all\u00ed fue un periodo m\u00e1s corto. Estoy convencida porque lo estoy viendo. Estamos yendo a coloquios con chavales y su respuesta es absolutamente maravillosa en la tristeza. Consideran con indignaci\u00f3n que les han robado su historia. Ese trabajo con la juventud es absolutamente crucial, por eso ahora nuestra labor son las escuelas. Hemos lanzado una campa\u00f1a llamada \u201cAulas con memoria\u201d para llegar a cientos de institutos en oto\u00f1o. Es nuestro objetivo, el trabajo que estamos haciendo ahora con la pel\u00edcula. Hemos visto a chavales que se traen a sus padres y amigos a verla, y eso a m\u00ed me da esperanza brutal. He visto gente joven que no sab\u00eda nada abrazarse a gente que contaba su experiencia.<\/p>\n","protected":false},"excerpt":{"rendered":"<p>ALMUDENA CARRACEDO \u2013 CINEASTA. Almudena Carracedo ha codirigido junto a Robert Bahar El silencio de otros, documental galardonado, entre muchos otros, con el premio Goya en su \u00faltima edici\u00f3n. La cinta recoge diferentes casos de familiares que buscan recuperar los restos de sus parientes represaliados y asesinados por el franquismo, y que fueron enterrados en fosas comunes. A partir de la llamada \u201cquerella argentina\u201d contra algunos de los autores y responsables de la represi\u00f3n durante<span class=\"more-link\"><a href=\"https:\/\/madridsindical.es\/archivo\/2019\/07\/15\/nadie-es-capaz-de-sentarse-frente-a-maria-martin-mirarle-a-los-ojos-y-decirle-que-no-tiene-derecho-a-exhumar-a-su-madre\/\">Contin\u00faa leyendo<\/a><\/span><\/p>\n","protected":false},"author":1,"featured_media":146,"comment_status":"closed","ping_status":"closed","sticky":false,"template":"","format":"standard","meta":{"footnotes":""},"categories":[3,14],"tags":[12,47],"class_list":["entry","author-madridsindical","post-145","post","type-post","status-publish","format-standard","has-post-thumbnail","category-entrevistas","category-madrid-sindical-no-11","tag-almudena-carracedo","tag-archivo"],"aioseo_notices":[],"_links":{"self":[{"href":"https:\/\/madridsindical.es\/archivo\/wp-json\/wp\/v2\/posts\/145","targetHints":{"allow":["GET"]}}],"collection":[{"href":"https:\/\/madridsindical.es\/archivo\/wp-json\/wp\/v2\/posts"}],"about":[{"href":"https:\/\/madridsindical.es\/archivo\/wp-json\/wp\/v2\/types\/post"}],"author":[{"embeddable":true,"href":"https:\/\/madridsindical.es\/archivo\/wp-json\/wp\/v2\/users\/1"}],"replies":[{"embeddable":true,"href":"https:\/\/madridsindical.es\/archivo\/wp-json\/wp\/v2\/comments?post=145"}],"version-history":[{"count":10,"href":"https:\/\/madridsindical.es\/archivo\/wp-json\/wp\/v2\/posts\/145\/revisions"}],"predecessor-version":[{"id":325,"href":"https:\/\/madridsindical.es\/archivo\/wp-json\/wp\/v2\/posts\/145\/revisions\/325"}],"wp:featuredmedia":[{"embeddable":true,"href":"https:\/\/madridsindical.es\/archivo\/wp-json\/wp\/v2\/media\/146"}],"wp:attachment":[{"href":"https:\/\/madridsindical.es\/archivo\/wp-json\/wp\/v2\/media?parent=145"}],"wp:term":[{"taxonomy":"category","embeddable":true,"href":"https:\/\/madridsindical.es\/archivo\/wp-json\/wp\/v2\/categories?post=145"},{"taxonomy":"post_tag","embeddable":true,"href":"https:\/\/madridsindical.es\/archivo\/wp-json\/wp\/v2\/tags?post=145"}],"curies":[{"name":"wp","href":"https:\/\/api.w.org\/{rel}","templated":true}]}}