{"id":133,"date":"2019-07-15T08:37:07","date_gmt":"2019-07-15T08:37:07","guid":{"rendered":"https:\/\/madridsindical.es\/archivo\/?p=133"},"modified":"2025-11-06T12:26:15","modified_gmt":"2025-11-06T12:26:15","slug":"tuve-que-salir-de-mi-pais-para-salvar-mi-propia-vida","status":"publish","type":"post","link":"https:\/\/madridsindical.es\/archivo\/2019\/07\/15\/tuve-que-salir-de-mi-pais-para-salvar-mi-propia-vida\/","title":{"rendered":"\u201cTuve que salir de mi pa\u00eds para salvar mi propia vida\u201d"},"content":{"rendered":"<p style=\"text-align: right;\"><strong>DANIELLE NICOLE MBOUME<\/strong><br \/>\n<strong>REFUGIADA. TRABAJANDO POR LA CONVIVENCIA Y LA COHESI\u00d3N SOCIAL EN LA <a href=\"http:\/\/cepaim.org\/\" target=\"_blank\" rel=\"noopener noreferrer\">FUNDACI\u00d3N CEPAIM.<\/a><\/strong><\/p>\n<h3><strong>A punto de cumplir 29 a\u00f1os en el mes de septiembre, nueve de ellos viviendo aqu\u00ed, esta mujer camerunesa escap\u00f3 de su pa\u00eds por la persecuci\u00f3n a la que all\u00ed son sometidas las personas homosexuales. Refugiada en Espa\u00f1a, con trabajo, pareja, estudios y con un libro titulado La \u00fanica esperanza, cuenta el terrible camino que tuvo que afrontar, su traves\u00eda por diferentes pa\u00edses africanos, junto con la incomprensi\u00f3n y la desconfianza que sufri\u00f3, aunque ahora solo piense en mirar hacia delante. Y lo hace ayudando a otras personas en su misma circunstancia. Incluso ha creado un equipo de f\u00fatbol con el que participa en un campeonato por la integraci\u00f3n.<\/strong><\/h3>\n<blockquote>\n<p style=\"text-align: right;\"><strong>LA EUROPA FORTALEZA Y SU POL\u00cdTICA DE LA VERG\u00dcENZA<\/strong><br \/>\n<strong>La crisis migratoria en las fronteras de la Uni\u00f3n Europea ha desvelado la cruda realidad de una pol\u00edtica inhumana, ajena al dolor y a la muerte de miles de seres humanos que intentan llegar a Europa en su condici\u00f3n de migrantes o refugiados. El problema, como aclara Danielle, es que en las pateras y barcazas que surcan nuestros mares, las diferencias entre unos y otros se hacen invisibles. Son personas con estatus distintos que acaban muriendo por una pol\u00edtica, por unas leyes incapaces incluso de cumplir con sus propios compromisos. Casos como el del buque Aquarius acaban convirti\u00e9ndose en excepciones en una Europa que ha demostrado su incompetencia, su negligencia y desidia para afrontar este reto humanitario.<\/strong><\/p>\n<\/blockquote>\n<p>Entrevista: Armando Recio \/\/ Fotos: Fran Lorente<\/p>\n<p><strong>&#8211; \u00bfQu\u00e9 ocurri\u00f3 para que te vieras obligada a salir de tu pa\u00eds?<\/strong><\/p>\n<p>En \u00c1frica la homexualidad est\u00e1 reprimida, es rechazada no solamente por la sociedad, sino tambi\u00e9n por la ley. Mi familia se enter\u00f3 cuando ten\u00eda 14 a\u00f1os, pero los vecinos no lo sab\u00edan y mi madre intentaba protegerme y curarme. A los 16 a\u00f1os se enteraron mis vecinos y amigos y tuve problemas. Antes de cumplir los 17 a\u00f1os tuve que salir, ya hab\u00eda aprobado mi bachillerato, pero la persecuci\u00f3n que sufr\u00eda me oblig\u00f3 a irme.<\/p>\n<p><strong>&#8211; \u00bfQu\u00e9 consecuencias tiene ser homosexual en Camer\u00fan?<\/strong><\/p>\n<p>La homosexualidad en Camer\u00fan supone una pena de 6 meses hasta 5 a\u00f1os de c\u00e1rcel. Con o sin pruebas, solo por una denuncia te pueden llevar a la c\u00e1rcel e incluso a la muerte, porque a veces ha habido gente que ha estado en prisi\u00f3n m\u00e1s tiempo incluso. Muchas de las personas que van a la c\u00e1rcel no tienen la suerte de volver a la sociedad, hay tortura y les tratan como criminales. Incluso antes de llegar a la c\u00e1rcel, la sociedad puede llevarte a la muerte<\/p>\n<p><strong>&#8211; \u00bfC\u00f3mo llegaste a Espa\u00f1a, cu\u00e1l fue el recorrido que tuviste que hacer?<\/strong><\/p>\n<p>No me dirig\u00ed directamente a Espa\u00f1a, sal\u00ed solamente para salvar mi propia vida. Iba sin tener nada delante ni detr\u00e1s. Me fui sin despedirme de mi familia, de mi madre que es todo para m\u00ed. Nadie sab\u00eda d\u00f3nde iba, estuve casi seis meses sin hablar con ella. Me fui a la Rep\u00fablica Democr\u00e1tica del Congo, donde sufr\u00ed la misma persecuci\u00f3n por parte de la sociedad. All\u00ed, como en todos los pa\u00edses africanos, la homosexualidad est\u00e1 muy mal vista, no hay libertad de expresi\u00f3n. Estuve en un equipo de f\u00fatbol en el que incluso me acusaron de haber tra\u00eddo la homosexualidad all\u00ed. Despu\u00e9s de encerrarme tres d\u00edas en la c\u00e1rcel, me dieron 72 horas para irme o me devolver\u00edan a mi pa\u00eds. Desde all\u00ed fui a Kinshasa junto a mi mujer y a otros pa\u00edses africanos.<\/p>\n<p>Tambi\u00e9n fui a Sud\u00e1frica, donde tampoco hay libertad de expresi\u00f3n por tu orientaci\u00f3n sexual. Aunque la ley no lo proh\u00edbe, la sociedad no lo acepta. No me encontr\u00e9 segura. Fui a Marruecos y fue una pesadilla peor que la de Camer\u00fan. Luego, cuando llegu\u00e9 a Ceuta, la primera vez que llegu\u00e9 a Europa, vi a polic\u00eda y Guardia Civil que est\u00e1n en el mar y que expulsan a la gente. Yo intent\u00e9 entrar tres veces y no lo consegu\u00ed hasta la cuarta.<\/p>\n<p><strong>&#8211; \u00bfCu\u00e1les fueron las principales dificultades que encontraste para llegar a Espa\u00f1a?<\/strong><\/p>\n<p>La primera dificultad fue el estar entre extra\u00f1os, con traficantes, con mujeres de mucha m\u00e1s edad que te mandan, te exigen hacer lo que no puedes hacer. No dependes de ti, no organizas el viaje, te mandan, te dicen cu\u00e1ndo, d\u00f3nde, c\u00f3mo tiene que ser\u2026 Mi mujer y yo est\u00e1bamos obligadas a escondernos, dec\u00edamos que \u00e9ramos hermanas. Aprendimos a utilizar la mentira, a cambiar de nombre en todos los pa\u00edses, porque no quieres que los traficantes de N\u00edger te puedan encontrar en Argelia.<\/p>\n<p><strong>&#8211; \u00bfC\u00f3mo valoras la pol\u00edtica europea, y la espa\u00f1ola en particular, con respecto a los refugiados?<\/strong><\/p>\n<p>No la veo positiva. Personalmente, yo he podido conseguir el estatuto de refugiada. Y por mi propia lucha he podido sacar mi vida adelante. Cuando llegu\u00e9 me dieron una recepci\u00f3n adecuada, pero no por la pol\u00edtica en general sino por mi entorno, por las personas que estaban a mi alrededor. Pero a la pol\u00edtica general, le tengo que dar un negativo. Cuando intent\u00e9 entrar me esposaron tres veces, no s\u00f3lo la polic\u00eda marroqu\u00ed que me estaba acosando, sino tambi\u00e9n la espa\u00f1ola. Cuando ves gente que est\u00e1 en un barco y no los acoges, sino que los devuelves a otro pa\u00eds en el que no hay derechos humanos, no les est\u00e1s salvando la vida, en realidad los est\u00e1s matando, porque en Marruecos la polic\u00eda nos machacaba, son salvajes.<\/p>\n<p><strong><img fetchpriority=\"high\" decoding=\"async\" class=\"size-full wp-image-134 alignleft\" src=\"https:\/\/madridsindical.es\/archivo\/wp-content\/uploads\/2019\/07\/w0102IMG_1558-e1563264732599.jpg\" alt=\"\" width=\"500\" height=\"750\" \/>&#8211; \u00bfC\u00f3mo fue tu adaptaci\u00f3n a tu nueva vida en Espa\u00f1a, el trabajo, las amistades<\/strong>?<\/p>\n<p>Yo sal\u00ed de mi pa\u00eds por un caso muy concreto y en mi cabeza sab\u00eda que no ten\u00eda nada atr\u00e1s. Hay muchos motivos diferentes por los que la gente quiere llegar a Europa. En mi caso yo no dejaba ninguna vida atr\u00e1s. Mi lucha era por sacar mi vida adelante. Ten\u00eda que hacer todo lo posible para lograr mi propia independencia. Cuando llegu\u00e9 aqu\u00ed encontr\u00e9 que, si t\u00fa quieres, puedes tener tu oportunidad. Tuve la suerte de tener personas que me orientaron. Yo ten\u00eda la idea de estar en un pa\u00eds estable y con libertad. Ten\u00eda que concentrarme, estudiar, paso a paso hasta que consegu\u00ed aqu\u00ed la ESO, mi bachillerato, mi grado superior. Y ahora estoy trabajando.<\/p>\n<p>Me ha costado tambi\u00e9n no s\u00f3lo por el racismo, sino por temas de interculturalidad con mis compa\u00f1eros. Y tambi\u00e9n est\u00e1 el trauma psicol\u00f3gico de estar en un pa\u00eds lejos de tu familia, no sabes c\u00f3mo vas a volver a encontrarles, hablar por tel\u00e9fono no es suficiente, a veces tienes miedo de la gente, desconf\u00edas\u2026<\/p>\n<p><strong>&#8211; \u00bfTe gustar\u00eda poder volver a tu pa\u00eds alg\u00fan d\u00eda, crees que podr\u00e1s hacerlo, que cambiar\u00e1n las circunstancias que te obligaron a dejarlo?<\/strong><\/p>\n<p>No lo s\u00e9. De momento tengo muchos amigos que viven de una determinada forma, que han crecido, que se han casado, alguien habr\u00eda en el barrio. Pero no puedo contestar si s\u00ed o si no. Dicen que en unos a\u00f1os la pena de c\u00e1rcel podr\u00eda desaparecer, pero el rechazo social continuar\u00eda y estar\u00eda mal visto<\/p>\n<p><strong>&#8211; \u00bfQu\u00e9 mensaje trasladar\u00edas a la sociedad espa\u00f1ola para concienciarla de la importancia de acoger a personas en una circunstancia parecida?<\/strong><\/p>\n<p>Que tienen que tener paciencia y que tienen que saber que la interculturalidad no es algo f\u00e1cil, que las personas tienen que acostumbrarse. La mayor\u00eda de las personas migrantes vienen con un trauma psicol\u00f3gico. Tienen que tomar conciencia de los errores que cometen y no generalizar.<\/p>\n<p>La pol\u00edtica europea tiene que tener en cuenta que dentro de una patera que entra hay una persona que necesita asilo, que puede ser un refugiado. Y a los trabajadores sociales, decirles tambi\u00e9n que tienen que hacer una entrevista adecuada, hacer lo posible para que las personas tengan confianza y puedan relajarse para contarles todo.<\/p>\n","protected":false},"excerpt":{"rendered":"<p>DANIELLE NICOLE MBOUME REFUGIADA. TRABAJANDO POR LA CONVIVENCIA Y LA COHESI\u00d3N SOCIAL EN LA FUNDACI\u00d3N CEPAIM. A punto de cumplir 29 a\u00f1os en el mes de septiembre, nueve de ellos viviendo aqu\u00ed, esta mujer camerunesa escap\u00f3 de su pa\u00eds por la persecuci\u00f3n a la que all\u00ed son sometidas las personas homosexuales. Refugiada en Espa\u00f1a, con trabajo, pareja, estudios y con un libro titulado La \u00fanica esperanza, cuenta el terrible camino que tuvo que afrontar, su<span class=\"more-link\"><a href=\"https:\/\/madridsindical.es\/archivo\/2019\/07\/15\/tuve-que-salir-de-mi-pais-para-salvar-mi-propia-vida\/\">Contin\u00faa leyendo<\/a><\/span><\/p>\n","protected":false},"author":1,"featured_media":135,"comment_status":"closed","ping_status":"closed","sticky":false,"template":"","format":"standard","meta":{"footnotes":""},"categories":[3,14],"tags":[47,11],"class_list":["entry","author-madridsindical","post-133","post","type-post","status-publish","format-standard","has-post-thumbnail","category-entrevistas","category-madrid-sindical-no-11","tag-archivo","tag-danielle-nicole"],"aioseo_notices":[],"_links":{"self":[{"href":"https:\/\/madridsindical.es\/archivo\/wp-json\/wp\/v2\/posts\/133","targetHints":{"allow":["GET"]}}],"collection":[{"href":"https:\/\/madridsindical.es\/archivo\/wp-json\/wp\/v2\/posts"}],"about":[{"href":"https:\/\/madridsindical.es\/archivo\/wp-json\/wp\/v2\/types\/post"}],"author":[{"embeddable":true,"href":"https:\/\/madridsindical.es\/archivo\/wp-json\/wp\/v2\/users\/1"}],"replies":[{"embeddable":true,"href":"https:\/\/madridsindical.es\/archivo\/wp-json\/wp\/v2\/comments?post=133"}],"version-history":[{"count":6,"href":"https:\/\/madridsindical.es\/archivo\/wp-json\/wp\/v2\/posts\/133\/revisions"}],"predecessor-version":[{"id":327,"href":"https:\/\/madridsindical.es\/archivo\/wp-json\/wp\/v2\/posts\/133\/revisions\/327"}],"wp:featuredmedia":[{"embeddable":true,"href":"https:\/\/madridsindical.es\/archivo\/wp-json\/wp\/v2\/media\/135"}],"wp:attachment":[{"href":"https:\/\/madridsindical.es\/archivo\/wp-json\/wp\/v2\/media?parent=133"}],"wp:term":[{"taxonomy":"category","embeddable":true,"href":"https:\/\/madridsindical.es\/archivo\/wp-json\/wp\/v2\/categories?post=133"},{"taxonomy":"post_tag","embeddable":true,"href":"https:\/\/madridsindical.es\/archivo\/wp-json\/wp\/v2\/tags?post=133"}],"curies":[{"name":"wp","href":"https:\/\/api.w.org\/{rel}","templated":true}]}}