{"id":1026,"date":"2020-02-11T11:40:22","date_gmt":"2020-02-11T11:40:22","guid":{"rendered":"https:\/\/madridsindical.es\/archivo\/?p=1026"},"modified":"2025-11-06T12:26:14","modified_gmt":"2025-11-06T12:26:14","slug":"la-nina-de-la-guerra-araceli-sanchez-fue-la-primera-ingeniera-que-ejercio-en-espana","status":"publish","type":"post","link":"https:\/\/madridsindical.es\/archivo\/2020\/02\/11\/la-nina-de-la-guerra-araceli-sanchez-fue-la-primera-ingeniera-que-ejercio-en-espana\/","title":{"rendered":"La \u2018ni\u00f1a de la guerra\u2019 Araceli S\u00e1nchez fue la primera ingeniera que ejerci\u00f3 en Espa\u00f1a"},"content":{"rendered":"\t\t<div data-elementor-type=\"wp-post\" data-elementor-id=\"1026\" class=\"elementor elementor-1026\">\n\t\t\t\t\t\t<section class=\"elementor-section elementor-top-section elementor-element elementor-element-2617386 elementor-section-boxed elementor-section-height-default elementor-section-height-default\" data-id=\"2617386\" data-element_type=\"section\">\n\t\t\t\t\t\t<div class=\"elementor-container elementor-column-gap-default\">\n\t\t\t\t\t<div class=\"elementor-column elementor-col-100 elementor-top-column elementor-element elementor-element-c0d36a7\" data-id=\"c0d36a7\" data-element_type=\"column\">\n\t\t\t<div class=\"elementor-widget-wrap elementor-element-populated\">\n\t\t\t\t\t\t<div class=\"elementor-element elementor-element-af36f09 elementor-widget elementor-widget-heading\" data-id=\"af36f09\" data-element_type=\"widget\" data-widget_type=\"heading.default\">\n\t\t\t\t<div class=\"elementor-widget-container\">\n\t\t\t\t\t<h2 class=\"elementor-heading-title elementor-size-xxl\">El \u2018ingeniero\u2019 S\u00e1nchez era mujer<\/h2>\t\t\t\t<\/div>\n\t\t\t\t<\/div>\n\t\t\t\t\t<\/div>\n\t\t<\/div>\n\t\t\t\t\t<\/div>\n\t\t<\/section>\n\t\t\t\t<section class=\"elementor-section elementor-top-section elementor-element elementor-element-0f59f2c elementor-section-boxed elementor-section-height-default elementor-section-height-default\" data-id=\"0f59f2c\" data-element_type=\"section\">\n\t\t\t\t\t\t<div class=\"elementor-container elementor-column-gap-default\">\n\t\t\t\t\t<div class=\"elementor-column elementor-col-100 elementor-top-column elementor-element elementor-element-72a2fba\" data-id=\"72a2fba\" data-element_type=\"column\">\n\t\t\t<div class=\"elementor-widget-wrap elementor-element-populated\">\n\t\t\t\t\t\t<div class=\"elementor-element elementor-element-a2c7ffb elementor-widget elementor-widget-text-editor\" data-id=\"a2c7ffb\" data-element_type=\"widget\" data-widget_type=\"text-editor.default\">\n\t\t\t\t<div class=\"elementor-widget-container\">\n\t\t\t\t\t\t\t\t\t<p><a href=\"https:\/\/twitter.com\/Alexacostabrava\" target=\"_blank\" rel=\"noopener\">Texto: Alejandra Acosta<\/a><\/p><p><span style=\"font-weight: 400;\">En febrero de 1999, hace 21 a\u00f1os, tuve la suerte de conocer y entrevistar a la primera mujer ingeniera de caminos que ejerci\u00f3 en Espa\u00f1a. Se llamaba <strong>Araceli S\u00e1nchez<\/strong>, ten\u00eda entonces 78 a\u00f1os y pertenec\u00eda a la <strong>primera generaci\u00f3n de ni\u00f1os y ni\u00f1as de la guerra que Franco permiti\u00f3 regresar de la URSS<\/strong>. El gobierno sovi\u00e9tico logr\u00f3 que Franco aceptara la validez de los t\u00edtulos de quienes regresaban del exilio.\u00a0<\/span><\/p><p><span style=\"font-weight: 400;\"><strong>Corr\u00eda el a\u00f1o 1956 y Araceli, con 36 a\u00f1os<\/strong>, tra\u00eda un documento de enorme valor que la hac\u00eda \u00fanica en Espa\u00f1a: <strong>un t\u00edtulo de ingeniera y una experiencia laboral de cinco a\u00f1os en Asia central<\/strong> construyendo centrales hidr\u00e1ulicas y como subdirectora del departamento tecnol\u00f3gico de una de las m\u00e1s importantes empresas de l\u00edneas el\u00e9ctricas rusas.\u00a0<\/span><\/p><p><span style=\"font-weight: 400;\">Cuando se enter\u00f3 de que la empresa suiza Isodel Sprecher ofertaba, en 1957, un puesto de ingeniero para su sede en Madrid no dud\u00f3 en presentarse. El d\u00eda de las pruebas de selecci\u00f3n empez\u00f3 mal. El portero de la empresa se negaba a dejarla entrar <strong>convencido de que era la se\u00f1ora de la limpieza<\/strong> y no una de las candidatas. Pero acab\u00f3 bien. Tumb\u00f3 a los otros cuatro aspirantes, todos hombres. Obtuvo 4 puntos por encima del segundo candidato con mejor puntuaci\u00f3n.\u00a0<\/span><\/p><p><span style=\"font-weight: 400;\"><strong>\u201cAl capitalista le importa un bledo la ideolog\u00eda con tal de que no hagas proselitismo en su empresa\u201d<\/strong>, esgrim\u00eda para explicar el respaldo incondicional que recibi\u00f3 de Clemente Cebri\u00e1n, uno de los propietarios de la empresa. La ingeniera se lo compens\u00f3 dise\u00f1ando la tecnolog\u00eda m\u00e1s moderna que se hab\u00eda visto en Espa\u00f1a. A Cebri\u00e1n le divert\u00eda llevar a los ingenieros que visitaban la empresa al despacho de Araceli. La presentaba como<strong> \u201cla ingeniero S\u00e1nchez, mujer y comunista, para que luego digan que en Espa\u00f1a no somos dem\u00f3cratas\u201d. <\/strong><\/span><\/p>\t\t\t\t\t\t\t\t<\/div>\n\t\t\t\t<\/div>\n\t\t\t\t\t<\/div>\n\t\t<\/div>\n\t\t\t\t\t<\/div>\n\t\t<\/section>\n\t\t\t\t<section class=\"elementor-section elementor-top-section elementor-element elementor-element-3be8a77 elementor-section-boxed elementor-section-height-default elementor-section-height-default\" data-id=\"3be8a77\" data-element_type=\"section\">\n\t\t\t\t\t\t<div class=\"elementor-container elementor-column-gap-default\">\n\t\t\t\t\t<div class=\"elementor-column elementor-col-100 elementor-top-column elementor-element elementor-element-1ec9509\" data-id=\"1ec9509\" data-element_type=\"column\">\n\t\t\t<div class=\"elementor-widget-wrap elementor-element-populated\">\n\t\t\t\t\t\t<div class=\"elementor-element elementor-element-73ed34a elementor-widget elementor-widget-image\" data-id=\"73ed34a\" data-element_type=\"widget\" data-widget_type=\"image.default\">\n\t\t\t\t<div class=\"elementor-widget-container\">\n\t\t\t\t\t\t\t\t\t\t\t\t<figure class=\"wp-caption\">\n\t\t\t\t\t\t\t\t\t\t<img fetchpriority=\"high\" decoding=\"async\" width=\"1024\" height=\"577\" src=\"https:\/\/madridsindical.es\/archivo\/wp-content\/uploads\/2020\/02\/ara2-1024x577.jpg\" class=\"attachment-large size-large wp-image-1027\" alt=\"\" srcset=\"https:\/\/madridsindical.es\/archivo\/wp-content\/uploads\/2020\/02\/ara2-1024x577.jpg 1024w, https:\/\/madridsindical.es\/archivo\/wp-content\/uploads\/2020\/02\/ara2-300x169.jpg 300w, https:\/\/madridsindical.es\/archivo\/wp-content\/uploads\/2020\/02\/ara2-768x433.jpg 768w, https:\/\/madridsindical.es\/archivo\/wp-content\/uploads\/2020\/02\/ara2-465x262.jpg 465w, https:\/\/madridsindical.es\/archivo\/wp-content\/uploads\/2020\/02\/ara2-695x391.jpg 695w, https:\/\/madridsindical.es\/archivo\/wp-content\/uploads\/2020\/02\/ara2.jpg 1193w\" sizes=\"(max-width: 1024px) 100vw, 1024px\" \/>\t\t\t\t\t\t\t\t\t\t\t<figcaption class=\"widget-image-caption wp-caption-text\">Araceli S\u00e1nchez, en un fotograma de Camino, J. (2001) Los ni\u00f1os de Rusia. Tibidabo Films<\/figcaption>\n\t\t\t\t\t\t\t\t\t\t<\/figure>\n\t\t\t\t\t\t\t\t\t<\/div>\n\t\t\t\t<\/div>\n\t\t\t\t\t<\/div>\n\t\t<\/div>\n\t\t\t\t\t<\/div>\n\t\t<\/section>\n\t\t\t\t<section class=\"elementor-section elementor-top-section elementor-element elementor-element-ebbff27 elementor-section-boxed elementor-section-height-default elementor-section-height-default\" data-id=\"ebbff27\" data-element_type=\"section\">\n\t\t\t\t\t\t<div class=\"elementor-container elementor-column-gap-default\">\n\t\t\t\t\t<div class=\"elementor-column elementor-col-100 elementor-top-column elementor-element elementor-element-099ad28\" data-id=\"099ad28\" data-element_type=\"column\">\n\t\t\t<div class=\"elementor-widget-wrap elementor-element-populated\">\n\t\t\t\t\t\t<div class=\"elementor-element elementor-element-32e6d7a elementor-widget elementor-widget-text-editor\" data-id=\"32e6d7a\" data-element_type=\"widget\" data-widget_type=\"text-editor.default\">\n\t\t\t\t<div class=\"elementor-widget-container\">\n\t\t\t\t\t\t\t\t\t<p><b>Pulso con sus colegas<\/b><\/p><p><span style=\"font-weight: 400;\">La nombraron responsable del departamento de proyectos, Isolux, y lleg\u00f3 a estar <strong>al mando de 150 profesionales.<\/strong> Su cometido consist\u00eda en adaptar tanto los proyectos espa\u00f1oles como los que llegaban de EEUU para la construcci\u00f3n de centrales hidr\u00e1ulicas, t\u00e9rmicas y nucleares. Trabaj\u00f3 con Ernesto Botella, padre de Ana Botella, que la seleccion\u00f3 para su equipo porque sab\u00eda de su dominio tecnol\u00f3gico. <strong>\u201cLos dos primeros a\u00f1os fueron un pulso continuo con los ingenieros\u201d<\/strong>, recordaba Araceli. \u201cLos planos que dibujaban eran un desastre y yo se los devolv\u00eda con las correspondientes anotaciones\u201d.\u00a0<\/span><\/p><p><span style=\"font-weight: 400;\">A mediados de los a\u00f1os sesenta, la multinacional inglesa Kellogg\u2019s Corporation convoc\u00f3 un concurso para la refiner\u00eda de Repsol en Puertollano (Ciudad Real). Araceli, sin encomendarse a nadie, envi\u00f3 su propuesta a Londres. Y gan\u00f3. Por primera vez Isolux ganaba un concurso internacional.\u00a0<\/span><\/p><p><span style=\"font-weight: 400;\">Cuando se jubil\u00f3, en 1987, Araceli hab\u00eda logrado colocar en su departamento a 14 mujeres delineantes. Form\u00f3 parte, adem\u00e1s, del <strong>Club de Amigos de la UNESCO<\/strong>, fue presidenta de la <strong>Organizaci\u00f3n Social de Mayores de IU<\/strong> y mantuvo una intensa actividad intelectual hasta su muerte, en 2010.<\/span><\/p><p><a href=\"https:\/\/elpais.com\/diario\/1999\/02\/04\/madrid\/918131070_850215.html\" target=\"_blank\" rel=\"noopener\"><b>La entrevista con Araceli S\u00e1nchez se public\u00f3 en El Pa\u00eds en febrero de 1999. <\/b><\/a><\/p>\t\t\t\t\t\t\t\t<\/div>\n\t\t\t\t<\/div>\n\t\t\t\t\t<\/div>\n\t\t<\/div>\n\t\t\t\t\t<\/div>\n\t\t<\/section>\n\t\t\t\t<\/div>\n\t\t","protected":false},"excerpt":{"rendered":"<p>El \u2018ingeniero\u2019 S\u00e1nchez era mujer Texto: Alejandra Acosta En febrero de 1999, hace 21 a\u00f1os, tuve la suerte de conocer y entrevistar a la primera mujer ingeniera de caminos que ejerci\u00f3 en Espa\u00f1a. Se llamaba Araceli S\u00e1nchez, ten\u00eda entonces 78 a\u00f1os y pertenec\u00eda a la primera generaci\u00f3n de ni\u00f1os y ni\u00f1as de la guerra que Franco permiti\u00f3 regresar de la URSS. El gobierno sovi\u00e9tico logr\u00f3 que Franco aceptara la validez de los t\u00edtulos de quienes<span class=\"more-link\"><a href=\"https:\/\/madridsindical.es\/archivo\/2020\/02\/11\/la-nina-de-la-guerra-araceli-sanchez-fue-la-primera-ingeniera-que-ejercio-en-espana\/\">Contin\u00faa leyendo<\/a><\/span><\/p>\n","protected":false},"author":1,"featured_media":0,"comment_status":"closed","ping_status":"closed","sticky":false,"template":"","format":"standard","meta":{"footnotes":""},"categories":[3],"tags":[32,47],"class_list":["entry","author-madridsindical","post-1026","post","type-post","status-publish","format-standard","category-entrevistas","tag-11f-dia-internacional-de-la-mujer-y-la-nina-en-la-ciencia","tag-archivo"],"aioseo_notices":[],"_links":{"self":[{"href":"https:\/\/madridsindical.es\/archivo\/wp-json\/wp\/v2\/posts\/1026","targetHints":{"allow":["GET"]}}],"collection":[{"href":"https:\/\/madridsindical.es\/archivo\/wp-json\/wp\/v2\/posts"}],"about":[{"href":"https:\/\/madridsindical.es\/archivo\/wp-json\/wp\/v2\/types\/post"}],"author":[{"embeddable":true,"href":"https:\/\/madridsindical.es\/archivo\/wp-json\/wp\/v2\/users\/1"}],"replies":[{"embeddable":true,"href":"https:\/\/madridsindical.es\/archivo\/wp-json\/wp\/v2\/comments?post=1026"}],"version-history":[{"count":6,"href":"https:\/\/madridsindical.es\/archivo\/wp-json\/wp\/v2\/posts\/1026\/revisions"}],"predecessor-version":[{"id":1050,"href":"https:\/\/madridsindical.es\/archivo\/wp-json\/wp\/v2\/posts\/1026\/revisions\/1050"}],"wp:attachment":[{"href":"https:\/\/madridsindical.es\/archivo\/wp-json\/wp\/v2\/media?parent=1026"}],"wp:term":[{"taxonomy":"category","embeddable":true,"href":"https:\/\/madridsindical.es\/archivo\/wp-json\/wp\/v2\/categories?post=1026"},{"taxonomy":"post_tag","embeddable":true,"href":"https:\/\/madridsindical.es\/archivo\/wp-json\/wp\/v2\/tags?post=1026"}],"curies":[{"name":"wp","href":"https:\/\/api.w.org\/{rel}","templated":true}]}}