{"id":1013,"date":"2020-02-11T10:21:50","date_gmt":"2020-02-11T10:21:50","guid":{"rendered":"https:\/\/madridsindical.es\/archivo\/?p=1013"},"modified":"2025-11-06T12:26:14","modified_gmt":"2025-11-06T12:26:14","slug":"raquelcastejon","status":"publish","type":"post","link":"https:\/\/madridsindical.es\/archivo\/2020\/02\/11\/raquelcastejon\/","title":{"rendered":"Raquel  Castej\u00f3n, Investigadora biom\u00e9dica en el hospital Puerta de Hierro. Sindicalista"},"content":{"rendered":"\t\t<div data-elementor-type=\"wp-post\" data-elementor-id=\"1013\" class=\"elementor elementor-1013\">\n\t\t\t\t\t\t<section class=\"elementor-section elementor-top-section elementor-element elementor-element-14a258d elementor-section-boxed elementor-section-height-default elementor-section-height-default\" data-id=\"14a258d\" data-element_type=\"section\">\n\t\t\t\t\t\t<div class=\"elementor-container elementor-column-gap-default\">\n\t\t\t\t\t<div class=\"elementor-column elementor-col-100 elementor-top-column elementor-element elementor-element-c52cc07\" data-id=\"c52cc07\" data-element_type=\"column\">\n\t\t\t<div class=\"elementor-widget-wrap elementor-element-populated\">\n\t\t\t\t\t\t<div class=\"elementor-element elementor-element-bb81bcd elementor-widget elementor-widget-heading\" data-id=\"bb81bcd\" data-element_type=\"widget\" data-widget_type=\"heading.default\">\n\t\t\t\t<div class=\"elementor-widget-container\">\n\t\t\t\t\t<h2 class=\"elementor-heading-title elementor-size-xxl\">\u201cEl techo de las cient\u00edficas no es de cristal, es de cemento\u201d<\/h2>\t\t\t\t<\/div>\n\t\t\t\t<\/div>\n\t\t\t\t\t<\/div>\n\t\t<\/div>\n\t\t\t\t\t<\/div>\n\t\t<\/section>\n\t\t\t\t<section class=\"elementor-section elementor-top-section elementor-element elementor-element-23d26eb elementor-section-boxed elementor-section-height-default elementor-section-height-default\" data-id=\"23d26eb\" data-element_type=\"section\">\n\t\t\t\t\t\t<div class=\"elementor-container elementor-column-gap-default\">\n\t\t\t\t\t<div class=\"elementor-column elementor-col-100 elementor-top-column elementor-element elementor-element-5bd2a18\" data-id=\"5bd2a18\" data-element_type=\"column\">\n\t\t\t<div class=\"elementor-widget-wrap elementor-element-populated\">\n\t\t\t\t\t\t<section class=\"elementor-section elementor-inner-section elementor-element elementor-element-cc99ff6 elementor-section-boxed elementor-section-height-default elementor-section-height-default\" data-id=\"cc99ff6\" data-element_type=\"section\">\n\t\t\t\t\t\t<div class=\"elementor-container elementor-column-gap-default\">\n\t\t\t\t\t<div class=\"elementor-column elementor-col-50 elementor-inner-column elementor-element elementor-element-0b4fc73\" data-id=\"0b4fc73\" data-element_type=\"column\">\n\t\t\t<div class=\"elementor-widget-wrap elementor-element-populated\">\n\t\t\t\t\t\t<div class=\"elementor-element elementor-element-2940c7c elementor-widget elementor-widget-heading\" data-id=\"2940c7c\" data-element_type=\"widget\" data-widget_type=\"heading.default\">\n\t\t\t\t<div class=\"elementor-widget-container\">\n\t\t\t\t\t<h2 class=\"elementor-heading-title elementor-size-xl\">\"Mi colega hombre era \u2018doctor\u2019, a m\u00ed me llamaban \u2018se\u00f1orita\u2019\"<\/h2>\t\t\t\t<\/div>\n\t\t\t\t<\/div>\n\t\t\t\t\t<\/div>\n\t\t<\/div>\n\t\t\t\t<div class=\"elementor-column elementor-col-50 elementor-inner-column elementor-element elementor-element-71ed136\" data-id=\"71ed136\" data-element_type=\"column\">\n\t\t\t<div class=\"elementor-widget-wrap elementor-element-populated\">\n\t\t\t\t\t\t<div class=\"elementor-element elementor-element-10232e5 elementor-widget elementor-widget-text-editor\" data-id=\"10232e5\" data-element_type=\"widget\" data-widget_type=\"text-editor.default\">\n\t\t\t\t<div class=\"elementor-widget-container\">\n\t\t\t\t\t\t\t\t\t<p>Entrevista: <a href=\"https:\/\/twitter.com\/Alexacostabrava\" target=\"_blank\" rel=\"noopener\">Alejandra Acosta<\/a> \/Foto:<a href=\"https:\/\/twitter.com\/frlorente\" target=\"_blank\" rel=\"noopener\"> Fran Lorente<\/a><\/p><p><b>P.- \u00bfVeremos alg\u00fan d\u00eda un \u2018big bang\u2019 de las mujeres en la ciencia?<\/b><\/p><p><span style=\"font-weight: 400;\">R.- Espero que s\u00ed. El ministro Pedro Duque acaba de firmar un Real Decreto para garantizar la igualdad de oportunidades. Nuestro trabajo se mide por nuestra producci\u00f3n cient\u00edfica, nuestros inventos, nuestras patentes y para competir en igualdad se debe tener en cuenta que tenemos que bajar el ritmo durante las bajas por maternidad. <\/span><\/p>\t\t\t\t\t\t\t\t<\/div>\n\t\t\t\t<\/div>\n\t\t\t\t\t<\/div>\n\t\t<\/div>\n\t\t\t\t\t<\/div>\n\t\t<\/section>\n\t\t\t\t\t<\/div>\n\t\t<\/div>\n\t\t\t\t\t<\/div>\n\t\t<\/section>\n\t\t\t\t<section class=\"elementor-section elementor-top-section elementor-element elementor-element-a4d157b elementor-section-boxed elementor-section-height-default elementor-section-height-default\" data-id=\"a4d157b\" data-element_type=\"section\">\n\t\t\t\t\t\t<div class=\"elementor-container elementor-column-gap-default\">\n\t\t\t\t\t<div class=\"elementor-column elementor-col-100 elementor-top-column elementor-element elementor-element-53e82b0\" data-id=\"53e82b0\" data-element_type=\"column\">\n\t\t\t<div class=\"elementor-widget-wrap elementor-element-populated\">\n\t\t\t\t\t\t<div class=\"elementor-element elementor-element-1a6277d elementor-widget elementor-widget-text-editor\" data-id=\"1a6277d\" data-element_type=\"widget\" data-widget_type=\"text-editor.default\">\n\t\t\t\t<div class=\"elementor-widget-container\">\n\t\t\t\t\t\t\t\t\t<p><b>P.- Raquel, \u00bfexactamente qu\u00e9 investiga?<\/b><\/p><p><span style=\"font-weight: 400;\">R.- Trabajo en una Unidad de Enfermedades Autoinmunes Sist\u00e9micas e investig\u00f3 el riesgo cardiovascular en pacientes autoinmunes<\/span><\/p><p><b>P.- Los datos de la encuesta del INE son muy elocuentes: en las \u00e1reas de ingenier\u00edas y tecnolog\u00edas todas las catedr\u00e1ticas de la muestra son solteras, y en las de ciencias m\u00e9dicas y de la agricultura las hay casadas, pero no tienen hijos\u2026<\/b><\/p><p><span style=\"font-weight: 400;\">R.- La investigaci\u00f3n exige mucha dedicaci\u00f3n, pero es que tampoco se hab\u00eda abordado nunca el problema de la conciliaci\u00f3n y nuestras condiciones laborales son lamentables. Por eso el techo de las mujeres cient\u00edficas no es que sea de cristal, es de cemento.\u00a0<\/span><\/p><p><b>P.- Tambi\u00e9n es usted una activa sindicalista, presidenta del comit\u00e9 de empresa<\/b><\/p><p><span style=\"font-weight: 400;\">R.- La investigaci\u00f3n no se ve como una profesi\u00f3n, sino como un voluntariado en una ONG. Ni siquiera se nos aplica el Estatuto de los trabajadores y la temporalidad es muy elevada. Pero es una profesi\u00f3n, somos trabajadoras y tenemos que reivindicar nuestros derechos.<\/span><\/p><p><b>P.- \u00bfHa sufrido trato sexista a lo largo de su carrera?\u00a0\u00a0<\/b><\/p><p><span style=\"font-weight: 400;\">R.- Ahora no, pero cuando empec\u00e9, hace 20 a\u00f1os, recuerdo que a mis colegas hombres les trataban de \u2018doctor\u2019 pero se dirig\u00edan a m\u00ed como \u2018se\u00f1orita\u2019. Y algo muy curioso es que cuando voy a reuniones de investigaci\u00f3n y ven aparecer a una investigadora\u00a0 maquillada y con las u\u00f1as pintadas se sorprenden mucho.\u00a0<\/span><\/p><p><b>P.-\u00a0 \u00bfPor qu\u00e9 se sorprenden?\u00a0<\/b><\/p><p><span style=\"font-weight: 400;\">R.- Por esa idea extendida de que las cient\u00edficas viven encerradas en un laboratorio y no hacen nada m\u00e1s en la vida. Y no es cierto, ni antes ni ahora. Por ejemplo, la ingeniera que invent\u00f3 la t\u00e9cnica <\/span><span style=\"font-weight: 400;\">que permiti\u00f3 las comunicaciones inal\u00e1mbricas, precursoras de Internet, tambi\u00e9n triunf\u00f3 en Hollywood: Hedy Lamarr, que no responde ni mucho menos a la encorsetada y gris imagen que se proyecta de las mujeres cient\u00edficas<\/span><\/p>\t\t\t\t\t\t\t\t<\/div>\n\t\t\t\t<\/div>\n\t\t\t\t\t<\/div>\n\t\t<\/div>\n\t\t\t\t\t<\/div>\n\t\t<\/section>\n\t\t\t\t<\/div>\n\t\t","protected":false},"excerpt":{"rendered":"<p>\u201cEl techo de las cient\u00edficas no es de cristal, es de cemento\u201d \u00abMi colega hombre era \u2018doctor\u2019, a m\u00ed me llamaban \u2018se\u00f1orita\u2019\u00bb Entrevista: Alejandra Acosta \/Foto: Fran Lorente P.- \u00bfVeremos alg\u00fan d\u00eda un \u2018big bang\u2019 de las mujeres en la ciencia? R.- Espero que s\u00ed. El ministro Pedro Duque acaba de firmar un Real Decreto para garantizar la igualdad de oportunidades. Nuestro trabajo se mide por nuestra producci\u00f3n cient\u00edfica, nuestros inventos, nuestras patentes y para<span class=\"more-link\"><a href=\"https:\/\/madridsindical.es\/archivo\/2020\/02\/11\/raquelcastejon\/\">Contin\u00faa leyendo<\/a><\/span><\/p>\n","protected":false},"author":1,"featured_media":1015,"comment_status":"closed","ping_status":"closed","sticky":false,"template":"","format":"standard","meta":{"footnotes":""},"categories":[3],"tags":[32,47,10],"class_list":["entry","author-madridsindical","post-1013","post","type-post","status-publish","format-standard","has-post-thumbnail","category-entrevistas","tag-11f-dia-internacional-de-la-mujer-y-la-nina-en-la-ciencia","tag-archivo","tag-igualdad"],"aioseo_notices":[],"_links":{"self":[{"href":"https:\/\/madridsindical.es\/archivo\/wp-json\/wp\/v2\/posts\/1013","targetHints":{"allow":["GET"]}}],"collection":[{"href":"https:\/\/madridsindical.es\/archivo\/wp-json\/wp\/v2\/posts"}],"about":[{"href":"https:\/\/madridsindical.es\/archivo\/wp-json\/wp\/v2\/types\/post"}],"author":[{"embeddable":true,"href":"https:\/\/madridsindical.es\/archivo\/wp-json\/wp\/v2\/users\/1"}],"replies":[{"embeddable":true,"href":"https:\/\/madridsindical.es\/archivo\/wp-json\/wp\/v2\/comments?post=1013"}],"version-history":[{"count":9,"href":"https:\/\/madridsindical.es\/archivo\/wp-json\/wp\/v2\/posts\/1013\/revisions"}],"predecessor-version":[{"id":3200,"href":"https:\/\/madridsindical.es\/archivo\/wp-json\/wp\/v2\/posts\/1013\/revisions\/3200"}],"wp:featuredmedia":[{"embeddable":true,"href":"https:\/\/madridsindical.es\/archivo\/wp-json\/wp\/v2\/media\/1015"}],"wp:attachment":[{"href":"https:\/\/madridsindical.es\/archivo\/wp-json\/wp\/v2\/media?parent=1013"}],"wp:term":[{"taxonomy":"category","embeddable":true,"href":"https:\/\/madridsindical.es\/archivo\/wp-json\/wp\/v2\/categories?post=1013"},{"taxonomy":"post_tag","embeddable":true,"href":"https:\/\/madridsindical.es\/archivo\/wp-json\/wp\/v2\/tags?post=1013"}],"curies":[{"name":"wp","href":"https:\/\/api.w.org\/{rel}","templated":true}]}}